{"id":2840,"date":"2009-03-13T09:21:02","date_gmt":"2009-03-13T08:21:02","guid":{"rendered":""},"modified":"2016-03-10T16:38:22","modified_gmt":"2016-03-10T15:38:22","slug":"linferno-esiste-per-chi-rifiuta-dio","status":"publish","type":"post","link":"https:\/\/www.rassegnastampa-totustuus.it\/cattolica\/linferno-esiste-per-chi-rifiuta-dio\/","title":{"rendered":"&laquo;L&#8217;Inferno esiste per chi rifiuta Dio&raquo;"},"content":{"rendered":"<div style=\"text-align: center;\"><strong><img loading=\"lazy\" decoding=\"async\" class=\"alignleft wp-image-31608\" src=\"https:\/\/www.rassegnastampa-totustuus.it\/cattolica\/wp-content\/uploads\/2009\/03\/inferno.jpg\" alt=\"inferno\" width=\"250\" height=\"187\" \/>Avvenire<\/strong>, 27 marzo 2007<\/div>\n<p style=\"text-align: center;\">di <strong>Matteo Liut<\/strong><\/p>\n<p style=\"text-align: justify;\"><em>Durante la visita alla parrocchia romana di Santa Felicita, domenica Benedetto XVI ha ricordato la necessit\u00e0 di saper accogliere il perdono divino<\/em><\/p>\n<p><!--more--><\/p>\n<div style=\"text-align: justify;\">Se ne parla poco nel nostro tempo eppure l&#8217;Inferno esiste ed \u00e8 eterno \u00abper quanti chiudono il cuore all&#8217;amore di Dio\u00bb. A ricordarlo \u00e8 stato il Papa che domenica ha visitato la parrocchia romana di Santa Felicita e figli martiri nel quartiere Fidene.<\/div>\n<p style=\"text-align: justify;\">Accolto dal vicario di Roma, il cardinale Camillo Ruini, dal vescovo ausiliario di settore monsignor Enzo Dieci, dal superiore dei Vocazionisti Ludovico Caputo e dal parroco don Eusebio Mosca, Benedetto XVI prima di entrare in chiesa si \u00e8 rivolto \u00aba braccio\u00bb ai fedeli presenti: \u00abSaluto tutti voi, il cardinale vicario ma soprattutto voi fedeli: avete questa bella chiesa parrocchiale, segno visibile che Dio abita con noi.<\/p>\n<p style=\"text-align: justify;\">\u00c8 sempre importante costruire la Chiesa viva e voi, con la vostra fede, con il vostro impegno, giorno per giorno costruite la chiesa viva che d\u00e0 poi vita anche all&#8217;edificio\u00bb. Sempre prima della celebrazione il Papa ha ricordato la festa dell&#8217;Annunciazione \u00abche ci ricorda il s\u00ec di Maria che ha aperto i cieli cos\u00ec che Dio \u00e8 diventato uno di noi\u00bb.<\/p>\n<p style=\"text-align: justify;\">Durante l&#8217;omelia, poi, il Pontefice si \u00e8 soffermato sul brano evangelico della liturgia domenicale tratto dal Vangelo di Giovanni sull&#8217;adultera (capitolo 8), al cui centro si colloca la frase di Ges\u00f9 \u00abchi \u00e8 senza peccato scagli la prima pietra\u00bb.<\/p>\n<p style=\"text-align: justify;\">\u00abGes\u00f9 non intavola con i suoi interlocutori una discussione teorica &#8211; ha sottolineato Ratzinger -: il suo obiettivo \u00e8 salvare un&#8217;anima e rivelare che la salvezza si trova solo nell&#8217;amore di Dio\u00bb. \u00c8 questo il significato della sua missione, ha ricordato il Papa: \u00abGes\u00f9 \u00e8 venuto per dirci che ci vuole tutti in Paradiso &#8211; ha aggiunto &#8211; e che l&#8217;inferno, del quale poco si parla in questo nostro tempo, esiste ed \u00e8 eterno per quanti chiudono il cuore al suo amore\u00bb.<\/p>\n<p style=\"text-align: justify;\">Da qui si comprende che \u00abil vero nostro nemico \u00e8 l&#8217;attaccamento al peccato, che pu\u00f2 condurci al fallimento della nostra esistenza\u00bb. In questo brano, ha proseguito il Papa, \u00absi pone in evidenza che solo il perdono divino e il suo amore ricevuto con cuore aperto e sincero ci danno la forza di resistere al male e di &#8220;non peccare pi\u00f9&#8221;. L&#8217;atteggiamento di Ges\u00f9 diviene in tal modo un modello da seguire per ogni comunit\u00e0, chiamata a fare dell&#8217;amore e del perdono il cuore pulsante della sua vita\u00bb.<\/p>\n<p style=\"text-align: justify;\">\u00c8 l&#8217;amore, quindi, la chiave di lettura della pagina evangelica che \u00abci aiuta a capire che solo l&#8217;amore di Dio pu\u00f2 cambiare dal di dentro l&#8217;esistenza dell&#8217;uomo e conseguentemente di ogni societ\u00e0, perch\u00e9 solo il suo amore infinito lo libera dal peccato, che \u00e8 la radice di ogni male. Se \u00e8 vero che Dio \u00e8 giustizia &#8211; ha ricordato Benedetto XVI -, non bisogna dimenticare che egli \u00e8 soprattutto amore: se odia il peccato, \u00e8 perch\u00e9 ama infinitamente ogni persona umana\u00bb.<\/p>\n<p style=\"text-align: justify;\">Dopo l&#8217;Eucaristia il Pontefice ha incontrato il consiglio pastorale parrocchiale, davanti al quale ha ricordato che \u00abuna societ\u00e0 nella quale la coscienza cristiana non vive pi\u00f9, perde la direzione, non sa pi\u00f9 dove andare, finisce nel vuoto, fallisce\u00bb. Il Papa ha quindi spiegato il ruolo del Magistero rispetto alla formazione delle coscienze.<\/p>\n<p style=\"text-align: justify;\">\u00abNon \u00e8 il Magistero che impone &#8211; ha detto &#8211; ma indica elementi di riflessione alla coscienza perch\u00e9 questa stessa possa ascoltare e comprendere Dio; il Magistero \u00e8 solo un aiuto perch\u00e9 la responsabilit\u00e0 personale maturi in una coscienza formata\u00bb. La coscienza cristiana, ha commentato il Papa, \u00e8 necessaria \u00abperch\u00e9 sia presente la giustizia nel mondo di oggi: non c&#8217;\u00e8 solo la globalizzazione &#8211; ha proseguito &#8211; ma anche questa universalit\u00e0 per cui tutti siamo responsabili di tutti\u00bb.<\/p>\n<p style=\"text-align: justify;\">Per Benedetto XVI si tratta della quinta visita a una parrocchia romana, mentre per la comunit\u00e0 di Santa Felicita e figli martiri si tratta del secondo incontro con il Vescovo di Roma: il nuovo edificio, infatti, \u00e8 stato inaugurato il 14 dicembre 2003, ma la parrocchia esiste dal 16 luglio 1958 ed \u00e8 stata visitata nel Natale del 1965 da Paolo VI<\/p>\n<p style=\"text-align: justify;\">.&#8212;&#8212;&#8212;&#8212;&#8212;&#8212;&#8212;&#8211;<\/p>\n<p style=\"text-align: justify;\"><strong>Leggi anche:<\/strong><\/p>\n<p style=\"text-align: justify;\"><a href=\"https:\/\/www.rassegnastampa-totustuus.it\/cattolica\/?p=3419\" target=\"_blank\">Dopo la morte: i cristiani e l&#8217;aldil\u00e0<\/a><\/p>\n","protected":false},"excerpt":{"rendered":"<p>Avvenire, 27 marzo 2007 di Matteo Liut Durante la visita alla parrocchia romana di Santa Felicita, domenica Benedetto XVI ha ricordato la necessit\u00e0 di saper accogliere il perdono divino<\/p><p><a class=\"more-link btn\" href=\"https:\/\/www.rassegnastampa-totustuus.it\/cattolica\/linferno-esiste-per-chi-rifiuta-dio\/\">Continua a leggere<\/a><\/p>\n","protected":false},"author":6,"featured_media":31608,"comment_status":"closed","ping_status":"open","sticky":false,"template":"","format":"standard","meta":{"footnotes":""},"categories":[110,5,42],"tags":[1131],"class_list":["post-2840","post","type-post","status-publish","format-standard","has-post-thumbnail","hentry","category-benedetto-xvi","category-chiesa","category-dottrina-e-morale","tag-inferno","item-wrap"],"yoast_head":"<!-- This site is optimized with the Yoast SEO plugin v27.5 - https:\/\/yoast.com\/product\/yoast-seo-wordpress\/ -->\n<title>&laquo;L&#039;Inferno esiste per chi rifiuta Dio&raquo; - Rassegna Stampa Cattolica<\/title>\n<meta name=\"description\" content=\"Rassegna Stampa Cattolica - Per una cultura che nasce dalla Rivelazione cristiana in conformit\u00e0 alla tradizione e al Magistero della Chiesa in opposizione ad ogni relativismo e totalitarismo\" \/>\n<meta name=\"robots\" content=\"index, follow, max-snippet:-1, max-image-preview:large, max-video-preview:-1\" \/>\n<link rel=\"canonical\" href=\"https:\/\/www.rassegnastampa-totustuus.it\/cattolica\/linferno-esiste-per-chi-rifiuta-dio\/\" \/>\n<meta property=\"og:locale\" content=\"it_IT\" \/>\n<meta property=\"og:type\" content=\"article\" \/>\n<meta property=\"og:title\" content=\"&laquo;L&#039;Inferno esiste per chi rifiuta Dio&raquo; - Rassegna Stampa Cattolica\" \/>\n<meta property=\"og:description\" content=\"Rassegna Stampa Cattolica - Per una cultura che nasce dalla Rivelazione cristiana in conformit\u00e0 alla tradizione e al Magistero della Chiesa in opposizione ad ogni relativismo e totalitarismo\" \/>\n<meta property=\"og:url\" content=\"https:\/\/www.rassegnastampa-totustuus.it\/cattolica\/linferno-esiste-per-chi-rifiuta-dio\/\" \/>\n<meta property=\"og:site_name\" content=\"Rassegna Stampa Cattolica\" \/>\n<meta property=\"article:publisher\" content=\"https:\/\/www.facebook.com\/rassegnastampacattolica\" \/>\n<meta property=\"article:published_time\" content=\"2009-03-13T08:21:02+00:00\" \/>\n<meta property=\"article:modified_time\" content=\"2016-03-10T15:38:22+00:00\" \/>\n<meta property=\"og:image\" content=\"https:\/\/www.rassegnastampa-totustuus.it\/cattolica\/wp-content\/uploads\/2009\/03\/inferno.jpg\" \/>\n\t<meta property=\"og:image:width\" content=\"259\" \/>\n\t<meta property=\"og:image:height\" content=\"194\" \/>\n\t<meta property=\"og:image:type\" content=\"image\/jpeg\" \/>\n<meta name=\"author\" content=\"Redazione\" \/>\n<meta name=\"twitter:card\" content=\"summary_large_image\" \/>\n<meta name=\"twitter:creator\" content=\"@rassegnastampa9\" \/>\n<meta name=\"twitter:site\" content=\"@rassegnastampa9\" \/>\n<meta name=\"twitter:label1\" content=\"Scritto da\" \/>\n\t<meta name=\"twitter:data1\" content=\"Redazione\" \/>\n\t<meta name=\"twitter:label2\" content=\"Tempo di lettura stimato\" \/>\n\t<meta name=\"twitter:data2\" content=\"3 minuti\" \/>\n<script type=\"application\/ld+json\" class=\"yoast-schema-graph\">{\"@context\":\"https:\\\/\\\/schema.org\",\"@graph\":[{\"@type\":\"Article\",\"@id\":\"https:\\\/\\\/www.rassegnastampa-totustuus.it\\\/cattolica\\\/linferno-esiste-per-chi-rifiuta-dio\\\/#article\",\"isPartOf\":{\"@id\":\"https:\\\/\\\/www.rassegnastampa-totustuus.it\\\/cattolica\\\/linferno-esiste-per-chi-rifiuta-dio\\\/\"},\"author\":{\"name\":\"Redazione\",\"@id\":\"https:\\\/\\\/www.rassegnastampa-totustuus.it\\\/cattolica\\\/#\\\/schema\\\/person\\\/08f319d2bd1a0904ad9e2bfb7b15e5c3\"},\"headline\":\"&laquo;L&#8217;Inferno esiste per chi rifiuta Dio&raquo;\",\"datePublished\":\"2009-03-13T08:21:02+00:00\",\"dateModified\":\"2016-03-10T15:38:22+00:00\",\"mainEntityOfPage\":{\"@id\":\"https:\\\/\\\/www.rassegnastampa-totustuus.it\\\/cattolica\\\/linferno-esiste-per-chi-rifiuta-dio\\\/\"},\"wordCount\":686,\"publisher\":{\"@id\":\"https:\\\/\\\/www.rassegnastampa-totustuus.it\\\/cattolica\\\/#organization\"},\"image\":{\"@id\":\"https:\\\/\\\/www.rassegnastampa-totustuus.it\\\/cattolica\\\/linferno-esiste-per-chi-rifiuta-dio\\\/#primaryimage\"},\"thumbnailUrl\":\"https:\\\/\\\/www.rassegnastampa-totustuus.it\\\/cattolica\\\/wp-content\\\/uploads\\\/2009\\\/03\\\/inferno.jpg\",\"keywords\":[\"inferno\"],\"articleSection\":[\"Benedetto XVI\",\"Chiesa\",\"Dottrina e morale\"],\"inLanguage\":\"it-IT\"},{\"@type\":\"WebPage\",\"@id\":\"https:\\\/\\\/www.rassegnastampa-totustuus.it\\\/cattolica\\\/linferno-esiste-per-chi-rifiuta-dio\\\/\",\"url\":\"https:\\\/\\\/www.rassegnastampa-totustuus.it\\\/cattolica\\\/linferno-esiste-per-chi-rifiuta-dio\\\/\",\"name\":\"&laquo;L'Inferno esiste per chi rifiuta Dio&raquo; - Rassegna Stampa Cattolica\",\"isPartOf\":{\"@id\":\"https:\\\/\\\/www.rassegnastampa-totustuus.it\\\/cattolica\\\/#website\"},\"primaryImageOfPage\":{\"@id\":\"https:\\\/\\\/www.rassegnastampa-totustuus.it\\\/cattolica\\\/linferno-esiste-per-chi-rifiuta-dio\\\/#primaryimage\"},\"image\":{\"@id\":\"https:\\\/\\\/www.rassegnastampa-totustuus.it\\\/cattolica\\\/linferno-esiste-per-chi-rifiuta-dio\\\/#primaryimage\"},\"thumbnailUrl\":\"https:\\\/\\\/www.rassegnastampa-totustuus.it\\\/cattolica\\\/wp-content\\\/uploads\\\/2009\\\/03\\\/inferno.jpg\",\"datePublished\":\"2009-03-13T08:21:02+00:00\",\"dateModified\":\"2016-03-10T15:38:22+00:00\",\"description\":\"Rassegna Stampa Cattolica - Per una cultura che nasce dalla Rivelazione cristiana in conformit\u00e0 alla tradizione e al Magistero della Chiesa in opposizione ad ogni relativismo e totalitarismo\",\"breadcrumb\":{\"@id\":\"https:\\\/\\\/www.rassegnastampa-totustuus.it\\\/cattolica\\\/linferno-esiste-per-chi-rifiuta-dio\\\/#breadcrumb\"},\"inLanguage\":\"it-IT\",\"potentialAction\":[{\"@type\":\"ReadAction\",\"target\":[\"https:\\\/\\\/www.rassegnastampa-totustuus.it\\\/cattolica\\\/linferno-esiste-per-chi-rifiuta-dio\\\/\"]}]},{\"@type\":\"ImageObject\",\"inLanguage\":\"it-IT\",\"@id\":\"https:\\\/\\\/www.rassegnastampa-totustuus.it\\\/cattolica\\\/linferno-esiste-per-chi-rifiuta-dio\\\/#primaryimage\",\"url\":\"https:\\\/\\\/www.rassegnastampa-totustuus.it\\\/cattolica\\\/wp-content\\\/uploads\\\/2009\\\/03\\\/inferno.jpg\",\"contentUrl\":\"https:\\\/\\\/www.rassegnastampa-totustuus.it\\\/cattolica\\\/wp-content\\\/uploads\\\/2009\\\/03\\\/inferno.jpg\",\"width\":259,\"height\":194},{\"@type\":\"BreadcrumbList\",\"@id\":\"https:\\\/\\\/www.rassegnastampa-totustuus.it\\\/cattolica\\\/linferno-esiste-per-chi-rifiuta-dio\\\/#breadcrumb\",\"itemListElement\":[{\"@type\":\"ListItem\",\"position\":1,\"name\":\"Home\",\"item\":\"https:\\\/\\\/www.rassegnastampa-totustuus.it\\\/cattolica\\\/\"},{\"@type\":\"ListItem\",\"position\":2,\"name\":\"&laquo;L&#8217;Inferno esiste per chi rifiuta Dio&raquo;\"}]},{\"@type\":\"WebSite\",\"@id\":\"https:\\\/\\\/www.rassegnastampa-totustuus.it\\\/cattolica\\\/#website\",\"url\":\"https:\\\/\\\/www.rassegnastampa-totustuus.it\\\/cattolica\\\/\",\"name\":\"Rassegna Stampa Cattolica\",\"description\":\"Per una cultura che nasce dalla Rivelazione cristiana in conformit\u00e0 alla tradizione e al Magistero della Chiesa in opposizione ad ogni relativismo e totalitarismo\",\"publisher\":{\"@id\":\"https:\\\/\\\/www.rassegnastampa-totustuus.it\\\/cattolica\\\/#organization\"},\"alternateName\":\"Rass. Cattolica\",\"potentialAction\":[{\"@type\":\"SearchAction\",\"target\":{\"@type\":\"EntryPoint\",\"urlTemplate\":\"https:\\\/\\\/www.rassegnastampa-totustuus.it\\\/cattolica\\\/?s={search_term_string}\"},\"query-input\":{\"@type\":\"PropertyValueSpecification\",\"valueRequired\":true,\"valueName\":\"search_term_string\"}}],\"inLanguage\":\"it-IT\"},{\"@type\":\"Organization\",\"@id\":\"https:\\\/\\\/www.rassegnastampa-totustuus.it\\\/cattolica\\\/#organization\",\"name\":\"Rassegna Stampa Cattolica\",\"url\":\"https:\\\/\\\/www.rassegnastampa-totustuus.it\\\/cattolica\\\/\",\"logo\":{\"@type\":\"ImageObject\",\"inLanguage\":\"it-IT\",\"@id\":\"https:\\\/\\\/www.rassegnastampa-totustuus.it\\\/cattolica\\\/#\\\/schema\\\/logo\\\/image\\\/\",\"url\":\"https:\\\/\\\/www.rassegnastampa-totustuus.it\\\/cattolica\\\/wp-content\\\/uploads\\\/2014\\\/04\\\/logo-rassegna1.gif\",\"contentUrl\":\"https:\\\/\\\/www.rassegnastampa-totustuus.it\\\/cattolica\\\/wp-content\\\/uploads\\\/2014\\\/04\\\/logo-rassegna1.gif\",\"width\":600,\"height\":163,\"caption\":\"Rassegna Stampa Cattolica\"},\"image\":{\"@id\":\"https:\\\/\\\/www.rassegnastampa-totustuus.it\\\/cattolica\\\/#\\\/schema\\\/logo\\\/image\\\/\"},\"sameAs\":[\"https:\\\/\\\/www.facebook.com\\\/rassegnastampacattolica\",\"https:\\\/\\\/x.com\\\/rassegnastampa9\"]},{\"@type\":\"Person\",\"@id\":\"https:\\\/\\\/www.rassegnastampa-totustuus.it\\\/cattolica\\\/#\\\/schema\\\/person\\\/08f319d2bd1a0904ad9e2bfb7b15e5c3\",\"name\":\"Redazione\",\"image\":{\"@type\":\"ImageObject\",\"inLanguage\":\"it-IT\",\"@id\":\"https:\\\/\\\/secure.gravatar.com\\\/avatar\\\/2fcdf27c78ea025fbdb44e914cc63c72249ffec9dc8aafd5c82b26240ef3f346?s=96&d=mm&r=g\",\"url\":\"https:\\\/\\\/secure.gravatar.com\\\/avatar\\\/2fcdf27c78ea025fbdb44e914cc63c72249ffec9dc8aafd5c82b26240ef3f346?s=96&d=mm&r=g\",\"contentUrl\":\"https:\\\/\\\/secure.gravatar.com\\\/avatar\\\/2fcdf27c78ea025fbdb44e914cc63c72249ffec9dc8aafd5c82b26240ef3f346?s=96&d=mm&r=g\",\"caption\":\"Redazione\"},\"url\":\"https:\\\/\\\/www.rassegnastampa-totustuus.it\\\/cattolica\\\/author\\\/pietroelle\\\/\"}]}<\/script>\n<!-- \/ Yoast SEO plugin. -->","yoast_head_json":{"title":"&laquo;L'Inferno esiste per chi rifiuta Dio&raquo; - Rassegna Stampa Cattolica","description":"Rassegna Stampa Cattolica - Per una cultura che nasce dalla Rivelazione cristiana in conformit\u00e0 alla tradizione e al Magistero della Chiesa in opposizione ad ogni relativismo e totalitarismo","robots":{"index":"index","follow":"follow","max-snippet":"max-snippet:-1","max-image-preview":"max-image-preview:large","max-video-preview":"max-video-preview:-1"},"canonical":"https:\/\/www.rassegnastampa-totustuus.it\/cattolica\/linferno-esiste-per-chi-rifiuta-dio\/","og_locale":"it_IT","og_type":"article","og_title":"&laquo;L'Inferno esiste per chi rifiuta Dio&raquo; - Rassegna Stampa Cattolica","og_description":"Rassegna Stampa Cattolica - Per una cultura che nasce dalla Rivelazione cristiana in conformit\u00e0 alla tradizione e al Magistero della Chiesa in opposizione ad ogni relativismo e totalitarismo","og_url":"https:\/\/www.rassegnastampa-totustuus.it\/cattolica\/linferno-esiste-per-chi-rifiuta-dio\/","og_site_name":"Rassegna Stampa Cattolica","article_publisher":"https:\/\/www.facebook.com\/rassegnastampacattolica","article_published_time":"2009-03-13T08:21:02+00:00","article_modified_time":"2016-03-10T15:38:22+00:00","og_image":[{"width":259,"height":194,"url":"https:\/\/www.rassegnastampa-totustuus.it\/cattolica\/wp-content\/uploads\/2009\/03\/inferno.jpg","type":"image\/jpeg"}],"author":"Redazione","twitter_card":"summary_large_image","twitter_creator":"@rassegnastampa9","twitter_site":"@rassegnastampa9","twitter_misc":{"Scritto da":"Redazione","Tempo di lettura stimato":"3 minuti"},"schema":{"@context":"https:\/\/schema.org","@graph":[{"@type":"Article","@id":"https:\/\/www.rassegnastampa-totustuus.it\/cattolica\/linferno-esiste-per-chi-rifiuta-dio\/#article","isPartOf":{"@id":"https:\/\/www.rassegnastampa-totustuus.it\/cattolica\/linferno-esiste-per-chi-rifiuta-dio\/"},"author":{"name":"Redazione","@id":"https:\/\/www.rassegnastampa-totustuus.it\/cattolica\/#\/schema\/person\/08f319d2bd1a0904ad9e2bfb7b15e5c3"},"headline":"&laquo;L&#8217;Inferno esiste per chi rifiuta Dio&raquo;","datePublished":"2009-03-13T08:21:02+00:00","dateModified":"2016-03-10T15:38:22+00:00","mainEntityOfPage":{"@id":"https:\/\/www.rassegnastampa-totustuus.it\/cattolica\/linferno-esiste-per-chi-rifiuta-dio\/"},"wordCount":686,"publisher":{"@id":"https:\/\/www.rassegnastampa-totustuus.it\/cattolica\/#organization"},"image":{"@id":"https:\/\/www.rassegnastampa-totustuus.it\/cattolica\/linferno-esiste-per-chi-rifiuta-dio\/#primaryimage"},"thumbnailUrl":"https:\/\/www.rassegnastampa-totustuus.it\/cattolica\/wp-content\/uploads\/2009\/03\/inferno.jpg","keywords":["inferno"],"articleSection":["Benedetto XVI","Chiesa","Dottrina e morale"],"inLanguage":"it-IT"},{"@type":"WebPage","@id":"https:\/\/www.rassegnastampa-totustuus.it\/cattolica\/linferno-esiste-per-chi-rifiuta-dio\/","url":"https:\/\/www.rassegnastampa-totustuus.it\/cattolica\/linferno-esiste-per-chi-rifiuta-dio\/","name":"&laquo;L'Inferno esiste per chi rifiuta Dio&raquo; - Rassegna Stampa Cattolica","isPartOf":{"@id":"https:\/\/www.rassegnastampa-totustuus.it\/cattolica\/#website"},"primaryImageOfPage":{"@id":"https:\/\/www.rassegnastampa-totustuus.it\/cattolica\/linferno-esiste-per-chi-rifiuta-dio\/#primaryimage"},"image":{"@id":"https:\/\/www.rassegnastampa-totustuus.it\/cattolica\/linferno-esiste-per-chi-rifiuta-dio\/#primaryimage"},"thumbnailUrl":"https:\/\/www.rassegnastampa-totustuus.it\/cattolica\/wp-content\/uploads\/2009\/03\/inferno.jpg","datePublished":"2009-03-13T08:21:02+00:00","dateModified":"2016-03-10T15:38:22+00:00","description":"Rassegna Stampa Cattolica - Per una cultura che nasce dalla Rivelazione cristiana in conformit\u00e0 alla tradizione e al Magistero della Chiesa in opposizione ad ogni relativismo e totalitarismo","breadcrumb":{"@id":"https:\/\/www.rassegnastampa-totustuus.it\/cattolica\/linferno-esiste-per-chi-rifiuta-dio\/#breadcrumb"},"inLanguage":"it-IT","potentialAction":[{"@type":"ReadAction","target":["https:\/\/www.rassegnastampa-totustuus.it\/cattolica\/linferno-esiste-per-chi-rifiuta-dio\/"]}]},{"@type":"ImageObject","inLanguage":"it-IT","@id":"https:\/\/www.rassegnastampa-totustuus.it\/cattolica\/linferno-esiste-per-chi-rifiuta-dio\/#primaryimage","url":"https:\/\/www.rassegnastampa-totustuus.it\/cattolica\/wp-content\/uploads\/2009\/03\/inferno.jpg","contentUrl":"https:\/\/www.rassegnastampa-totustuus.it\/cattolica\/wp-content\/uploads\/2009\/03\/inferno.jpg","width":259,"height":194},{"@type":"BreadcrumbList","@id":"https:\/\/www.rassegnastampa-totustuus.it\/cattolica\/linferno-esiste-per-chi-rifiuta-dio\/#breadcrumb","itemListElement":[{"@type":"ListItem","position":1,"name":"Home","item":"https:\/\/www.rassegnastampa-totustuus.it\/cattolica\/"},{"@type":"ListItem","position":2,"name":"&laquo;L&#8217;Inferno esiste per chi rifiuta Dio&raquo;"}]},{"@type":"WebSite","@id":"https:\/\/www.rassegnastampa-totustuus.it\/cattolica\/#website","url":"https:\/\/www.rassegnastampa-totustuus.it\/cattolica\/","name":"Rassegna Stampa Cattolica","description":"Per una cultura che nasce dalla Rivelazione cristiana in conformit\u00e0 alla tradizione e al Magistero della Chiesa in opposizione ad ogni relativismo e totalitarismo","publisher":{"@id":"https:\/\/www.rassegnastampa-totustuus.it\/cattolica\/#organization"},"alternateName":"Rass. Cattolica","potentialAction":[{"@type":"SearchAction","target":{"@type":"EntryPoint","urlTemplate":"https:\/\/www.rassegnastampa-totustuus.it\/cattolica\/?s={search_term_string}"},"query-input":{"@type":"PropertyValueSpecification","valueRequired":true,"valueName":"search_term_string"}}],"inLanguage":"it-IT"},{"@type":"Organization","@id":"https:\/\/www.rassegnastampa-totustuus.it\/cattolica\/#organization","name":"Rassegna Stampa Cattolica","url":"https:\/\/www.rassegnastampa-totustuus.it\/cattolica\/","logo":{"@type":"ImageObject","inLanguage":"it-IT","@id":"https:\/\/www.rassegnastampa-totustuus.it\/cattolica\/#\/schema\/logo\/image\/","url":"https:\/\/www.rassegnastampa-totustuus.it\/cattolica\/wp-content\/uploads\/2014\/04\/logo-rassegna1.gif","contentUrl":"https:\/\/www.rassegnastampa-totustuus.it\/cattolica\/wp-content\/uploads\/2014\/04\/logo-rassegna1.gif","width":600,"height":163,"caption":"Rassegna Stampa Cattolica"},"image":{"@id":"https:\/\/www.rassegnastampa-totustuus.it\/cattolica\/#\/schema\/logo\/image\/"},"sameAs":["https:\/\/www.facebook.com\/rassegnastampacattolica","https:\/\/x.com\/rassegnastampa9"]},{"@type":"Person","@id":"https:\/\/www.rassegnastampa-totustuus.it\/cattolica\/#\/schema\/person\/08f319d2bd1a0904ad9e2bfb7b15e5c3","name":"Redazione","image":{"@type":"ImageObject","inLanguage":"it-IT","@id":"https:\/\/secure.gravatar.com\/avatar\/2fcdf27c78ea025fbdb44e914cc63c72249ffec9dc8aafd5c82b26240ef3f346?s=96&d=mm&r=g","url":"https:\/\/secure.gravatar.com\/avatar\/2fcdf27c78ea025fbdb44e914cc63c72249ffec9dc8aafd5c82b26240ef3f346?s=96&d=mm&r=g","contentUrl":"https:\/\/secure.gravatar.com\/avatar\/2fcdf27c78ea025fbdb44e914cc63c72249ffec9dc8aafd5c82b26240ef3f346?s=96&d=mm&r=g","caption":"Redazione"},"url":"https:\/\/www.rassegnastampa-totustuus.it\/cattolica\/author\/pietroelle\/"}]}},"_links":{"self":[{"href":"https:\/\/www.rassegnastampa-totustuus.it\/cattolica\/wp-json\/wp\/v2\/posts\/2840","targetHints":{"allow":["GET"]}}],"collection":[{"href":"https:\/\/www.rassegnastampa-totustuus.it\/cattolica\/wp-json\/wp\/v2\/posts"}],"about":[{"href":"https:\/\/www.rassegnastampa-totustuus.it\/cattolica\/wp-json\/wp\/v2\/types\/post"}],"author":[{"embeddable":true,"href":"https:\/\/www.rassegnastampa-totustuus.it\/cattolica\/wp-json\/wp\/v2\/users\/6"}],"replies":[{"embeddable":true,"href":"https:\/\/www.rassegnastampa-totustuus.it\/cattolica\/wp-json\/wp\/v2\/comments?post=2840"}],"version-history":[{"count":4,"href":"https:\/\/www.rassegnastampa-totustuus.it\/cattolica\/wp-json\/wp\/v2\/posts\/2840\/revisions"}],"predecessor-version":[{"id":31609,"href":"https:\/\/www.rassegnastampa-totustuus.it\/cattolica\/wp-json\/wp\/v2\/posts\/2840\/revisions\/31609"}],"wp:featuredmedia":[{"embeddable":true,"href":"https:\/\/www.rassegnastampa-totustuus.it\/cattolica\/wp-json\/wp\/v2\/media\/31608"}],"wp:attachment":[{"href":"https:\/\/www.rassegnastampa-totustuus.it\/cattolica\/wp-json\/wp\/v2\/media?parent=2840"}],"wp:term":[{"taxonomy":"category","embeddable":true,"href":"https:\/\/www.rassegnastampa-totustuus.it\/cattolica\/wp-json\/wp\/v2\/categories?post=2840"},{"taxonomy":"post_tag","embeddable":true,"href":"https:\/\/www.rassegnastampa-totustuus.it\/cattolica\/wp-json\/wp\/v2\/tags?post=2840"}],"curies":[{"name":"wp","href":"https:\/\/api.w.org\/{rel}","templated":true}]}}