{"id":2830,"date":"2009-03-12T15:49:32","date_gmt":"2009-03-12T14:49:32","guid":{"rendered":""},"modified":"2015-02-08T14:04:17","modified_gmt":"2015-02-08T13:04:17","slug":"il-progresso-il-medioevo","status":"publish","type":"post","link":"https:\/\/www.rassegnastampa-totustuus.it\/cattolica\/il-progresso-il-medioevo\/","title":{"rendered":"Il progresso? &Egrave; il Medioevo"},"content":{"rendered":"<div style=\"text-align: center;\"><strong><a href=\"https:\/\/www.rassegnastampa-totustuus.it\/cattolica\/wp-content\/uploads\/2009\/03\/medioevo.jpg\"><img loading=\"lazy\" decoding=\"async\" class=\"alignright wp-image-18290\" src=\"https:\/\/www.rassegnastampa-totustuus.it\/cattolica\/wp-content\/uploads\/2009\/03\/medioevo.jpg\" alt=\"medioevo\" width=\"260\" height=\"155\" \/><\/a>Avvenire,<\/strong> 24 ottobre 2007<\/div>\n<p style=\"text-align: justify;\"><em>\u00abPer definire un massacro oggi si parla di &#8216;barbarie da secoli bui&#8217;. Ma quando si esce da un periodo che ha inventato, tra l&#8217;altro, la Shoah, il gulag e i khmer rossi, mi chiedo dove stia la barbarie!\u00bb \u00abIl rifiuto dell&#8217;et\u00e0 di mezzo si muta, in epoca illuminista, in rottura col cristianesimo. Come se prima non ci fosse nulla. Eppure non sono stati i Greci, ma il Vangelo a rendere possibile la democrazia\u00bb<br \/>\n<\/em><\/p>\n<p style=\"text-align: center;\">di <strong>Jean Mercier<\/strong><\/p>\n<p><!--more--><\/p>\n<div style=\"text-align: justify;\">Parla poco e non ama i riflettori. Attraverso gli strumenti della filosofia, che insegna a Paris I (PantheonSorbona) e in Germania, all&#8217;universit\u00e0 Ludwig Maximilian di Monaco, si sforza di pensare la civilt\u00e0 occidentale nel suo legame con la Bibbia, il Medioevo e l&#8217;islam.<\/div>\n<p style=\"text-align: justify;\">Nel 1992 il suo Europa, la via romana rivelava al grande pubblico un non-conformista che decripta gli ancoraggi filosofici dei valori europei e l&#8217;articolazione tra religione e societ\u00e0. Nella sua ultima opera, <em>Au moyen du Moyen Age<\/em> (\u00abIn mezzo al Medioevo\u00bb, ma anche \u00abAl modo del Medioevo\u00bb o \u00abPer mezzo del Medioevo\u00bb), ci invita a guardare con occhi diversi un periodo troppo spesso disprezzato dai nostri contemporanei.<\/p>\n<p style=\"text-align: justify;\">Spiritoso e impassibile, appassionato di letteratura umoristica inglese, Brague ha il gusto della provocazione. Gli piace scovare \u00able derive oscurantiste della modernit\u00e0\u00bb, cos\u00ec come una certa \u00abingenuit\u00e0\u00bb nel dialogo dei cristiani con l&#8217;islam.<\/p>\n<p style=\"text-align: justify;\"><strong>Innanzitutto la vita. Qual \u00e8 il suo percorso?<\/strong><\/p>\n<p style=\"text-align: justify;\">\u00abSono cresciuto nella periferia parigina, ma ho radici nella Ni\u00e8vre, in Borgogna. Non ho mai conosciuto mio padre, ucciso in Indocina. Quanto agli studi, ho esitato a lungo tra filosofia e storia. Alla fine sono entrato all&#8217;Ecole normale sup\u00e9rieure, poi ho insegnato filosofia in un istituto tecnico. Sono stati quattro anni difficili. Ma sono convinto che i docenti universitari che non hanno fatto questo tipo d&#8217;esperienza restano sempre un po&#8217;nel loro mondo. Ho imparato a insegnare davvero, e non solo a stupire la platea con belle frasi&#8230;\u00a0Specialista di filosofia greca, ho discusso la tesi su Aristotele. Ma poich\u00e9 volevo esplorare l&#8217;aspetto biblico, ho imparato l&#8217;ebraico. All&#8217;inizio non ero interessato ai filosofi musulmani, ma all&#8217;ebreo Maimonide. Solo in un secondo momento, lavorando su testi ebraici tradotti dall&#8217;arabo, ho cominciato a studiare quella lingua. E in seguito sono stato chiamato a occupare una cattedra di filosofia araba e medievale\u00bb.<\/p>\n<p style=\"text-align: justify;\"><strong>In Occidente si ha una visione piuttosto negativa del Medioevo, visto come periodo buio della storia\u2026<\/strong><\/p>\n<p style=\"text-align: justify;\">\u00ab\u00c8 vero. Per definire un massacro, ovunque sia accaduto, i giornalisti parlano di &#8216;barbarie da Medioevo&#8217;. Ma quando si esce da un secolo che ha inventato, tra le altre cose, la Shoah, il gulag, la carestia artificiale in Ucraina nel 1932 e i khmer rossi, mi chiedo dove stia la barbarie! Si \u00e8 creato in maniera ideologica un &#8216;Medioevo&#8217;, per contrapporlo ai cosiddetti tempi &#8216;moderni&#8217;. La cosa pi\u00f9 bizzarra \u00e8 che si fanno iniziare questi tempi da una data fissa (come il 1492, scoperta dell&#8217;America) quasi il progresso ci fosse caduto addosso un bel giorno. Il rifiuto del Medioevo traduce, in epoca illuminista, la volont\u00e0 di rottura con il cristianesimo. Il nostro problema \u00e8 credere che prima dei Lumi non ci fosse nulla, nessuna intelligenza. Eppure \u00e8 stato il cristianesimo a rendere possibile la democrazia. Sono stati gli ordini religiosi cristiani a inventarla\u00bb.<\/p>\n<p style=\"text-align: justify;\"><strong>\u2026e non la societ\u00e0 ateniese?<\/strong><\/p>\n<p style=\"text-align: justify;\">\u00abAd Atene si tiravano a sorte gli adulti maschi e liberi. Gli esseri umani non erano tutti uguali. Dire che bisogna dare la stessa scheda elettorale a Einstein e allo scemo del villaggio, dire che hanno lo stesso valore, presuppone una trascendenza, una fonte ultima che fondi tale valore. Questa fonte \u00e8 Dio. Bergson ha ragione a sostenere che &#8216;la democrazia \u00e8, nella sua essenza, evangelica&#8217;. Essa non \u00e8 possibile senza l&#8217;idea di coscienza, ossia senza l&#8217;idea che Dio parla nella coscienza. Rousseau la chiama ancora &#8216;istinto divino&#8217;\u00bb.<\/p>\n<p style=\"text-align: justify;\"><strong>Lei fa parte di quei cristiani fortemente critici della modernit\u00e0?<\/strong><\/p>\n<p style=\"text-align: justify;\">\u00abSolo i cristiani sono rimasti lucidi. La modernit\u00e0 \u00e8 vista come avanzamento perpetuo. I nostri contemporanei, che non credono pi\u00f9 in nulla, come bambini di quattro anni s&#8217;immaginano che esistano dei folletti che, di notte, riparano i danni creati dal nostro sfruttamento sfrenato della natura. E cicogne che ci porteranno i figli che rifiutiamo di mettere al mondo. Si fa quel che si vuole e si pensa che alla fine tutto andr\u00e0 per il meglio. La verit\u00e0 \u00e8 che potrebbe finire malissimo&#8230;\u00bb.<\/p>\n<p style=\"text-align: justify;\"><strong>\u00c8 necessario che il cristianesimo denunci senza sosta questa crisi di valori?<\/strong><\/p>\n<p style=\"text-align: justify;\">\u00abS\u00ec. Dio ha detto al profeta Ezechiele: &#8216;Se le persone muoiono nel peccato senza che tu le abbia avvertite, \u00e8 a te che chieder\u00f2 conto&#8217;. Si vorrebbe mascherare l&#8217;immensa crisi di fiducia dell&#8217;Occidente, evidentissima, con la sola gestione del vivere comune, mentre la nostra sopravvivenza passa attraverso la scoperta di una verit\u00e0 ultima sulla vita, legata alla trascendenza. Facciamo un esempio di questa crisi gravissima: il modo in cui la societ\u00e0 parla del bambino. Ci si rallegra della natalit\u00e0 francese, che \u00e8 un po&#8217;meno catastrofica di quella dei nostri vicini, dicendo che avremo chi ci pagher\u00e0 le pensioni&#8230;\u00bb.<\/p>\n<p style=\"text-align: justify;\"><strong>Il cristianesimo \u00e8 vittima di un&#8217;aggressione? L&#8217;impressione \u00e8 che prevalga l&#8217;indifferenza. A parte Michel Onfray\u2026<\/strong><\/p>\n<p style=\"text-align: justify;\">\u00abVedo soprattutto simpatici becchini, atei benevoli che si rendono conto che i cristiani comprano molti libri e dunque non bisogna essere loro ostili. Cos\u00ec dicono che il cristianesimo ha fatto cose buone, e lo si pu\u00f2 seppellire con incensi e ghirlande. Lusingano il cristiano mostrandogli al tempo stesso che la sua fede non \u00e8 pi\u00f9 attuale\u00bb.<\/p>\n<p style=\"text-align: justify;\"><strong>Lei ha scritto spesso che, tra cristiani e musulmani, \u00e8 difficile dialogare. Perch\u00e9?<\/strong><\/p>\n<p style=\"text-align: justify;\">\u00abMa no! Con i musulmani \u00e8 possibile e necessario dialogare. Semplicemente, bisogna partire dalla ragione che ogni uomo possiede. E non basarsi su elementi religiosi comuni, perch\u00e9 sono falsati. L&#8217;islam si definisce per principio un postcristianesimo che sostiene che ebrei e cristiani hanno alterato i testi sacri. Per i musulmani, gli ebrei sarebbero infedeli a Moussa (Mos\u00e8) e i cristiani a Issa (Ges\u00f9). Di conseguenza ne deducono di essere loro i veri discepoli di Ges\u00f9 e Mos\u00e8. Per loro il cristiano adora tre divinit\u00e0, ha perso il treno quando non ha ricevuto la rivelazione di Maometto.<\/p>\n<p style=\"text-align: justify;\">\u00c8 difficilissimo far capire ai musulmani che essi non conoscono il cristianesimo e l&#8217;ebraismo. Dal punto di vista dell&#8217;islam, il cristiano crede di essere cristiano ma non lo \u00e8 veramente&#8230; Il cristianesimo accetta di essere secondo rispetto all&#8217;ebraismo, mentre l&#8217;islam non si sente secondo rispetto al giudeo-cristianesimo. Da un lato, il cristianesimo include l&#8217;Antica Alleanza, riprendendo la Bibbia ebraica senza tagli. Dall&#8217;altro, l&#8217;islam assorbe e fa scomparire il giudeocristianesimo quasi digerendolo. I cristiani poi tendono ad applicare la loro visione di Dio ad Allah. Hanno difficolt\u00e0 a riconoscere il posto occupato da Maometto nelle societ\u00e0 islamiche.<\/p>\n<p style=\"text-align: justify;\">Secondo l&#8217;islam tradizionale, poich\u00e9 Dio \u00e8 immensamente al di sopra degli esseri umani, \u00e8 meno grave essere blasfemi contro Dio che prendersela con Maometto, poich\u00e9 in tal caso si scalza il fondamento della societ\u00e0 musulmana, il suo legislatore. Altro esempio d&#8217;ignoranza: spesso si sente dire che, di fronte alla violenza, tutte le religioni si equivalgono. Per quanto riguarda il cristianesimo si citano le Crociate e l&#8217;Inquisizione. Ma si rifiuta di vedere che il rapporto con la violenza nell&#8217;islam e nel cristianesimo non \u00e8 identico. Certo, nel Corano si trovano versetti pacifici; ma altri versetti, che richiamano alla guerra, li contraddicono. La regola islamica vuole che questi versetti pi\u00f9 recenti abroghino i pi\u00f9 antichi, e perci\u00f2 talvolta \u00e8 difficile accettare il fatto che l&#8217;islam legittimi la violenza verso gli infedeli\u00bb.<\/p>\n<p style=\"text-align: justify;\">(A.C. Valdera)<\/p>\n","protected":false},"excerpt":{"rendered":"<p>Avvenire, 24 ottobre 2007 \u00abPer definire un massacro oggi si parla di &#8216;barbarie da secoli bui&#8217;. Ma quando si esce da un periodo che ha inventato, tra l&#8217;altro, la Shoah, il gulag e i khmer rossi, mi chiedo dove stia la barbarie!\u00bb \u00abIl rifiuto dell&#8217;et\u00e0 di mezzo si muta, in epoca illuminista, in rottura col &hellip; <\/p>\n<p><a class=\"more-link btn\" href=\"https:\/\/www.rassegnastampa-totustuus.it\/cattolica\/il-progresso-il-medioevo\/\">Continua a leggere<\/a><\/p>\n","protected":false},"author":6,"featured_media":18290,"comment_status":"closed","ping_status":"open","sticky":false,"template":"","format":"standard","meta":{"footnotes":""},"categories":[91,24],"tags":[268],"class_list":["post-2830","post","type-post","status-publish","format-standard","has-post-thumbnail","hentry","category-medioevo","category-storia","tag-medioevo-2","item-wrap"],"yoast_head":"<!-- This site is optimized with the Yoast SEO plugin v27.5 - https:\/\/yoast.com\/product\/yoast-seo-wordpress\/ -->\n<title>Il progresso? &Egrave; il Medioevo - Rassegna Stampa Cattolica<\/title>\n<meta name=\"description\" content=\"Rassegna Stampa Cattolica - Per una cultura che nasce dalla Rivelazione cristiana in conformit\u00e0 alla tradizione e al Magistero della Chiesa in opposizione ad ogni relativismo e totalitarismo\" \/>\n<meta name=\"robots\" content=\"index, follow, max-snippet:-1, max-image-preview:large, max-video-preview:-1\" \/>\n<link rel=\"canonical\" href=\"https:\/\/www.rassegnastampa-totustuus.it\/cattolica\/il-progresso-il-medioevo\/\" \/>\n<meta property=\"og:locale\" content=\"it_IT\" \/>\n<meta property=\"og:type\" content=\"article\" \/>\n<meta property=\"og:title\" content=\"Il progresso? &Egrave; il Medioevo - Rassegna Stampa Cattolica\" \/>\n<meta property=\"og:description\" content=\"Rassegna Stampa Cattolica - Per una cultura che nasce dalla Rivelazione cristiana in conformit\u00e0 alla tradizione e al Magistero della Chiesa in opposizione ad ogni relativismo e totalitarismo\" \/>\n<meta property=\"og:url\" content=\"https:\/\/www.rassegnastampa-totustuus.it\/cattolica\/il-progresso-il-medioevo\/\" \/>\n<meta property=\"og:site_name\" content=\"Rassegna Stampa Cattolica\" \/>\n<meta property=\"article:publisher\" content=\"https:\/\/www.facebook.com\/rassegnastampacattolica\" \/>\n<meta property=\"article:published_time\" content=\"2009-03-12T14:49:32+00:00\" \/>\n<meta property=\"article:modified_time\" content=\"2015-02-08T13:04:17+00:00\" \/>\n<meta property=\"og:image\" content=\"https:\/\/www.rassegnastampa-totustuus.it\/cattolica\/wp-content\/uploads\/2009\/03\/medioevo.jpg\" \/>\n\t<meta property=\"og:image:width\" content=\"291\" \/>\n\t<meta property=\"og:image:height\" content=\"173\" \/>\n\t<meta property=\"og:image:type\" content=\"image\/jpeg\" \/>\n<meta name=\"author\" content=\"Redazione\" \/>\n<meta name=\"twitter:card\" content=\"summary_large_image\" \/>\n<meta name=\"twitter:creator\" content=\"@rassegnastampa9\" \/>\n<meta name=\"twitter:site\" content=\"@rassegnastampa9\" \/>\n<meta name=\"twitter:label1\" content=\"Scritto da\" \/>\n\t<meta name=\"twitter:data1\" content=\"Redazione\" \/>\n\t<meta name=\"twitter:label2\" content=\"Tempo di lettura stimato\" \/>\n\t<meta name=\"twitter:data2\" content=\"6 minuti\" \/>\n<script type=\"application\/ld+json\" class=\"yoast-schema-graph\">{\"@context\":\"https:\\\/\\\/schema.org\",\"@graph\":[{\"@type\":\"Article\",\"@id\":\"https:\\\/\\\/www.rassegnastampa-totustuus.it\\\/cattolica\\\/il-progresso-il-medioevo\\\/#article\",\"isPartOf\":{\"@id\":\"https:\\\/\\\/www.rassegnastampa-totustuus.it\\\/cattolica\\\/il-progresso-il-medioevo\\\/\"},\"author\":{\"name\":\"Redazione\",\"@id\":\"https:\\\/\\\/www.rassegnastampa-totustuus.it\\\/cattolica\\\/#\\\/schema\\\/person\\\/08f319d2bd1a0904ad9e2bfb7b15e5c3\"},\"headline\":\"Il progresso? &Egrave; il Medioevo\",\"datePublished\":\"2009-03-12T14:49:32+00:00\",\"dateModified\":\"2015-02-08T13:04:17+00:00\",\"mainEntityOfPage\":{\"@id\":\"https:\\\/\\\/www.rassegnastampa-totustuus.it\\\/cattolica\\\/il-progresso-il-medioevo\\\/\"},\"wordCount\":1255,\"publisher\":{\"@id\":\"https:\\\/\\\/www.rassegnastampa-totustuus.it\\\/cattolica\\\/#organization\"},\"image\":{\"@id\":\"https:\\\/\\\/www.rassegnastampa-totustuus.it\\\/cattolica\\\/il-progresso-il-medioevo\\\/#primaryimage\"},\"thumbnailUrl\":\"https:\\\/\\\/www.rassegnastampa-totustuus.it\\\/cattolica\\\/wp-content\\\/uploads\\\/2009\\\/03\\\/medioevo.jpg\",\"keywords\":[\"medioevo\"],\"articleSection\":[\"Medioevo\",\"Storia\"],\"inLanguage\":\"it-IT\"},{\"@type\":\"WebPage\",\"@id\":\"https:\\\/\\\/www.rassegnastampa-totustuus.it\\\/cattolica\\\/il-progresso-il-medioevo\\\/\",\"url\":\"https:\\\/\\\/www.rassegnastampa-totustuus.it\\\/cattolica\\\/il-progresso-il-medioevo\\\/\",\"name\":\"Il progresso? &Egrave; il Medioevo - Rassegna Stampa Cattolica\",\"isPartOf\":{\"@id\":\"https:\\\/\\\/www.rassegnastampa-totustuus.it\\\/cattolica\\\/#website\"},\"primaryImageOfPage\":{\"@id\":\"https:\\\/\\\/www.rassegnastampa-totustuus.it\\\/cattolica\\\/il-progresso-il-medioevo\\\/#primaryimage\"},\"image\":{\"@id\":\"https:\\\/\\\/www.rassegnastampa-totustuus.it\\\/cattolica\\\/il-progresso-il-medioevo\\\/#primaryimage\"},\"thumbnailUrl\":\"https:\\\/\\\/www.rassegnastampa-totustuus.it\\\/cattolica\\\/wp-content\\\/uploads\\\/2009\\\/03\\\/medioevo.jpg\",\"datePublished\":\"2009-03-12T14:49:32+00:00\",\"dateModified\":\"2015-02-08T13:04:17+00:00\",\"description\":\"Rassegna Stampa Cattolica - Per una cultura che nasce dalla Rivelazione cristiana in conformit\u00e0 alla tradizione e al Magistero della Chiesa in opposizione ad ogni relativismo e totalitarismo\",\"breadcrumb\":{\"@id\":\"https:\\\/\\\/www.rassegnastampa-totustuus.it\\\/cattolica\\\/il-progresso-il-medioevo\\\/#breadcrumb\"},\"inLanguage\":\"it-IT\",\"potentialAction\":[{\"@type\":\"ReadAction\",\"target\":[\"https:\\\/\\\/www.rassegnastampa-totustuus.it\\\/cattolica\\\/il-progresso-il-medioevo\\\/\"]}]},{\"@type\":\"ImageObject\",\"inLanguage\":\"it-IT\",\"@id\":\"https:\\\/\\\/www.rassegnastampa-totustuus.it\\\/cattolica\\\/il-progresso-il-medioevo\\\/#primaryimage\",\"url\":\"https:\\\/\\\/www.rassegnastampa-totustuus.it\\\/cattolica\\\/wp-content\\\/uploads\\\/2009\\\/03\\\/medioevo.jpg\",\"contentUrl\":\"https:\\\/\\\/www.rassegnastampa-totustuus.it\\\/cattolica\\\/wp-content\\\/uploads\\\/2009\\\/03\\\/medioevo.jpg\",\"width\":291,\"height\":173},{\"@type\":\"BreadcrumbList\",\"@id\":\"https:\\\/\\\/www.rassegnastampa-totustuus.it\\\/cattolica\\\/il-progresso-il-medioevo\\\/#breadcrumb\",\"itemListElement\":[{\"@type\":\"ListItem\",\"position\":1,\"name\":\"Home\",\"item\":\"https:\\\/\\\/www.rassegnastampa-totustuus.it\\\/cattolica\\\/\"},{\"@type\":\"ListItem\",\"position\":2,\"name\":\"Il progresso? &Egrave; il Medioevo\"}]},{\"@type\":\"WebSite\",\"@id\":\"https:\\\/\\\/www.rassegnastampa-totustuus.it\\\/cattolica\\\/#website\",\"url\":\"https:\\\/\\\/www.rassegnastampa-totustuus.it\\\/cattolica\\\/\",\"name\":\"Rassegna Stampa Cattolica\",\"description\":\"Per una cultura che nasce dalla Rivelazione cristiana in conformit\u00e0 alla tradizione e al Magistero della Chiesa in opposizione ad ogni relativismo e totalitarismo\",\"publisher\":{\"@id\":\"https:\\\/\\\/www.rassegnastampa-totustuus.it\\\/cattolica\\\/#organization\"},\"alternateName\":\"Rass. Cattolica\",\"potentialAction\":[{\"@type\":\"SearchAction\",\"target\":{\"@type\":\"EntryPoint\",\"urlTemplate\":\"https:\\\/\\\/www.rassegnastampa-totustuus.it\\\/cattolica\\\/?s={search_term_string}\"},\"query-input\":{\"@type\":\"PropertyValueSpecification\",\"valueRequired\":true,\"valueName\":\"search_term_string\"}}],\"inLanguage\":\"it-IT\"},{\"@type\":\"Organization\",\"@id\":\"https:\\\/\\\/www.rassegnastampa-totustuus.it\\\/cattolica\\\/#organization\",\"name\":\"Rassegna Stampa Cattolica\",\"url\":\"https:\\\/\\\/www.rassegnastampa-totustuus.it\\\/cattolica\\\/\",\"logo\":{\"@type\":\"ImageObject\",\"inLanguage\":\"it-IT\",\"@id\":\"https:\\\/\\\/www.rassegnastampa-totustuus.it\\\/cattolica\\\/#\\\/schema\\\/logo\\\/image\\\/\",\"url\":\"https:\\\/\\\/www.rassegnastampa-totustuus.it\\\/cattolica\\\/wp-content\\\/uploads\\\/2014\\\/04\\\/logo-rassegna1.gif\",\"contentUrl\":\"https:\\\/\\\/www.rassegnastampa-totustuus.it\\\/cattolica\\\/wp-content\\\/uploads\\\/2014\\\/04\\\/logo-rassegna1.gif\",\"width\":600,\"height\":163,\"caption\":\"Rassegna Stampa Cattolica\"},\"image\":{\"@id\":\"https:\\\/\\\/www.rassegnastampa-totustuus.it\\\/cattolica\\\/#\\\/schema\\\/logo\\\/image\\\/\"},\"sameAs\":[\"https:\\\/\\\/www.facebook.com\\\/rassegnastampacattolica\",\"https:\\\/\\\/x.com\\\/rassegnastampa9\"]},{\"@type\":\"Person\",\"@id\":\"https:\\\/\\\/www.rassegnastampa-totustuus.it\\\/cattolica\\\/#\\\/schema\\\/person\\\/08f319d2bd1a0904ad9e2bfb7b15e5c3\",\"name\":\"Redazione\",\"image\":{\"@type\":\"ImageObject\",\"inLanguage\":\"it-IT\",\"@id\":\"https:\\\/\\\/secure.gravatar.com\\\/avatar\\\/2fcdf27c78ea025fbdb44e914cc63c72249ffec9dc8aafd5c82b26240ef3f346?s=96&d=mm&r=g\",\"url\":\"https:\\\/\\\/secure.gravatar.com\\\/avatar\\\/2fcdf27c78ea025fbdb44e914cc63c72249ffec9dc8aafd5c82b26240ef3f346?s=96&d=mm&r=g\",\"contentUrl\":\"https:\\\/\\\/secure.gravatar.com\\\/avatar\\\/2fcdf27c78ea025fbdb44e914cc63c72249ffec9dc8aafd5c82b26240ef3f346?s=96&d=mm&r=g\",\"caption\":\"Redazione\"},\"url\":\"https:\\\/\\\/www.rassegnastampa-totustuus.it\\\/cattolica\\\/author\\\/pietroelle\\\/\"}]}<\/script>\n<!-- \/ Yoast SEO plugin. -->","yoast_head_json":{"title":"Il progresso? &Egrave; il Medioevo - Rassegna Stampa Cattolica","description":"Rassegna Stampa Cattolica - Per una cultura che nasce dalla Rivelazione cristiana in conformit\u00e0 alla tradizione e al Magistero della Chiesa in opposizione ad ogni relativismo e totalitarismo","robots":{"index":"index","follow":"follow","max-snippet":"max-snippet:-1","max-image-preview":"max-image-preview:large","max-video-preview":"max-video-preview:-1"},"canonical":"https:\/\/www.rassegnastampa-totustuus.it\/cattolica\/il-progresso-il-medioevo\/","og_locale":"it_IT","og_type":"article","og_title":"Il progresso? &Egrave; il Medioevo - Rassegna Stampa Cattolica","og_description":"Rassegna Stampa Cattolica - Per una cultura che nasce dalla Rivelazione cristiana in conformit\u00e0 alla tradizione e al Magistero della Chiesa in opposizione ad ogni relativismo e totalitarismo","og_url":"https:\/\/www.rassegnastampa-totustuus.it\/cattolica\/il-progresso-il-medioevo\/","og_site_name":"Rassegna Stampa Cattolica","article_publisher":"https:\/\/www.facebook.com\/rassegnastampacattolica","article_published_time":"2009-03-12T14:49:32+00:00","article_modified_time":"2015-02-08T13:04:17+00:00","og_image":[{"width":291,"height":173,"url":"https:\/\/www.rassegnastampa-totustuus.it\/cattolica\/wp-content\/uploads\/2009\/03\/medioevo.jpg","type":"image\/jpeg"}],"author":"Redazione","twitter_card":"summary_large_image","twitter_creator":"@rassegnastampa9","twitter_site":"@rassegnastampa9","twitter_misc":{"Scritto da":"Redazione","Tempo di lettura stimato":"6 minuti"},"schema":{"@context":"https:\/\/schema.org","@graph":[{"@type":"Article","@id":"https:\/\/www.rassegnastampa-totustuus.it\/cattolica\/il-progresso-il-medioevo\/#article","isPartOf":{"@id":"https:\/\/www.rassegnastampa-totustuus.it\/cattolica\/il-progresso-il-medioevo\/"},"author":{"name":"Redazione","@id":"https:\/\/www.rassegnastampa-totustuus.it\/cattolica\/#\/schema\/person\/08f319d2bd1a0904ad9e2bfb7b15e5c3"},"headline":"Il progresso? &Egrave; il Medioevo","datePublished":"2009-03-12T14:49:32+00:00","dateModified":"2015-02-08T13:04:17+00:00","mainEntityOfPage":{"@id":"https:\/\/www.rassegnastampa-totustuus.it\/cattolica\/il-progresso-il-medioevo\/"},"wordCount":1255,"publisher":{"@id":"https:\/\/www.rassegnastampa-totustuus.it\/cattolica\/#organization"},"image":{"@id":"https:\/\/www.rassegnastampa-totustuus.it\/cattolica\/il-progresso-il-medioevo\/#primaryimage"},"thumbnailUrl":"https:\/\/www.rassegnastampa-totustuus.it\/cattolica\/wp-content\/uploads\/2009\/03\/medioevo.jpg","keywords":["medioevo"],"articleSection":["Medioevo","Storia"],"inLanguage":"it-IT"},{"@type":"WebPage","@id":"https:\/\/www.rassegnastampa-totustuus.it\/cattolica\/il-progresso-il-medioevo\/","url":"https:\/\/www.rassegnastampa-totustuus.it\/cattolica\/il-progresso-il-medioevo\/","name":"Il progresso? &Egrave; il Medioevo - Rassegna Stampa Cattolica","isPartOf":{"@id":"https:\/\/www.rassegnastampa-totustuus.it\/cattolica\/#website"},"primaryImageOfPage":{"@id":"https:\/\/www.rassegnastampa-totustuus.it\/cattolica\/il-progresso-il-medioevo\/#primaryimage"},"image":{"@id":"https:\/\/www.rassegnastampa-totustuus.it\/cattolica\/il-progresso-il-medioevo\/#primaryimage"},"thumbnailUrl":"https:\/\/www.rassegnastampa-totustuus.it\/cattolica\/wp-content\/uploads\/2009\/03\/medioevo.jpg","datePublished":"2009-03-12T14:49:32+00:00","dateModified":"2015-02-08T13:04:17+00:00","description":"Rassegna Stampa Cattolica - Per una cultura che nasce dalla Rivelazione cristiana in conformit\u00e0 alla tradizione e al Magistero della Chiesa in opposizione ad ogni relativismo e totalitarismo","breadcrumb":{"@id":"https:\/\/www.rassegnastampa-totustuus.it\/cattolica\/il-progresso-il-medioevo\/#breadcrumb"},"inLanguage":"it-IT","potentialAction":[{"@type":"ReadAction","target":["https:\/\/www.rassegnastampa-totustuus.it\/cattolica\/il-progresso-il-medioevo\/"]}]},{"@type":"ImageObject","inLanguage":"it-IT","@id":"https:\/\/www.rassegnastampa-totustuus.it\/cattolica\/il-progresso-il-medioevo\/#primaryimage","url":"https:\/\/www.rassegnastampa-totustuus.it\/cattolica\/wp-content\/uploads\/2009\/03\/medioevo.jpg","contentUrl":"https:\/\/www.rassegnastampa-totustuus.it\/cattolica\/wp-content\/uploads\/2009\/03\/medioevo.jpg","width":291,"height":173},{"@type":"BreadcrumbList","@id":"https:\/\/www.rassegnastampa-totustuus.it\/cattolica\/il-progresso-il-medioevo\/#breadcrumb","itemListElement":[{"@type":"ListItem","position":1,"name":"Home","item":"https:\/\/www.rassegnastampa-totustuus.it\/cattolica\/"},{"@type":"ListItem","position":2,"name":"Il progresso? &Egrave; il Medioevo"}]},{"@type":"WebSite","@id":"https:\/\/www.rassegnastampa-totustuus.it\/cattolica\/#website","url":"https:\/\/www.rassegnastampa-totustuus.it\/cattolica\/","name":"Rassegna Stampa Cattolica","description":"Per una cultura che nasce dalla Rivelazione cristiana in conformit\u00e0 alla tradizione e al Magistero della Chiesa in opposizione ad ogni relativismo e totalitarismo","publisher":{"@id":"https:\/\/www.rassegnastampa-totustuus.it\/cattolica\/#organization"},"alternateName":"Rass. Cattolica","potentialAction":[{"@type":"SearchAction","target":{"@type":"EntryPoint","urlTemplate":"https:\/\/www.rassegnastampa-totustuus.it\/cattolica\/?s={search_term_string}"},"query-input":{"@type":"PropertyValueSpecification","valueRequired":true,"valueName":"search_term_string"}}],"inLanguage":"it-IT"},{"@type":"Organization","@id":"https:\/\/www.rassegnastampa-totustuus.it\/cattolica\/#organization","name":"Rassegna Stampa Cattolica","url":"https:\/\/www.rassegnastampa-totustuus.it\/cattolica\/","logo":{"@type":"ImageObject","inLanguage":"it-IT","@id":"https:\/\/www.rassegnastampa-totustuus.it\/cattolica\/#\/schema\/logo\/image\/","url":"https:\/\/www.rassegnastampa-totustuus.it\/cattolica\/wp-content\/uploads\/2014\/04\/logo-rassegna1.gif","contentUrl":"https:\/\/www.rassegnastampa-totustuus.it\/cattolica\/wp-content\/uploads\/2014\/04\/logo-rassegna1.gif","width":600,"height":163,"caption":"Rassegna Stampa Cattolica"},"image":{"@id":"https:\/\/www.rassegnastampa-totustuus.it\/cattolica\/#\/schema\/logo\/image\/"},"sameAs":["https:\/\/www.facebook.com\/rassegnastampacattolica","https:\/\/x.com\/rassegnastampa9"]},{"@type":"Person","@id":"https:\/\/www.rassegnastampa-totustuus.it\/cattolica\/#\/schema\/person\/08f319d2bd1a0904ad9e2bfb7b15e5c3","name":"Redazione","image":{"@type":"ImageObject","inLanguage":"it-IT","@id":"https:\/\/secure.gravatar.com\/avatar\/2fcdf27c78ea025fbdb44e914cc63c72249ffec9dc8aafd5c82b26240ef3f346?s=96&d=mm&r=g","url":"https:\/\/secure.gravatar.com\/avatar\/2fcdf27c78ea025fbdb44e914cc63c72249ffec9dc8aafd5c82b26240ef3f346?s=96&d=mm&r=g","contentUrl":"https:\/\/secure.gravatar.com\/avatar\/2fcdf27c78ea025fbdb44e914cc63c72249ffec9dc8aafd5c82b26240ef3f346?s=96&d=mm&r=g","caption":"Redazione"},"url":"https:\/\/www.rassegnastampa-totustuus.it\/cattolica\/author\/pietroelle\/"}]}},"_links":{"self":[{"href":"https:\/\/www.rassegnastampa-totustuus.it\/cattolica\/wp-json\/wp\/v2\/posts\/2830","targetHints":{"allow":["GET"]}}],"collection":[{"href":"https:\/\/www.rassegnastampa-totustuus.it\/cattolica\/wp-json\/wp\/v2\/posts"}],"about":[{"href":"https:\/\/www.rassegnastampa-totustuus.it\/cattolica\/wp-json\/wp\/v2\/types\/post"}],"author":[{"embeddable":true,"href":"https:\/\/www.rassegnastampa-totustuus.it\/cattolica\/wp-json\/wp\/v2\/users\/6"}],"replies":[{"embeddable":true,"href":"https:\/\/www.rassegnastampa-totustuus.it\/cattolica\/wp-json\/wp\/v2\/comments?post=2830"}],"version-history":[{"count":3,"href":"https:\/\/www.rassegnastampa-totustuus.it\/cattolica\/wp-json\/wp\/v2\/posts\/2830\/revisions"}],"predecessor-version":[{"id":18291,"href":"https:\/\/www.rassegnastampa-totustuus.it\/cattolica\/wp-json\/wp\/v2\/posts\/2830\/revisions\/18291"}],"wp:featuredmedia":[{"embeddable":true,"href":"https:\/\/www.rassegnastampa-totustuus.it\/cattolica\/wp-json\/wp\/v2\/media\/18290"}],"wp:attachment":[{"href":"https:\/\/www.rassegnastampa-totustuus.it\/cattolica\/wp-json\/wp\/v2\/media?parent=2830"}],"wp:term":[{"taxonomy":"category","embeddable":true,"href":"https:\/\/www.rassegnastampa-totustuus.it\/cattolica\/wp-json\/wp\/v2\/categories?post=2830"},{"taxonomy":"post_tag","embeddable":true,"href":"https:\/\/www.rassegnastampa-totustuus.it\/cattolica\/wp-json\/wp\/v2\/tags?post=2830"}],"curies":[{"name":"wp","href":"https:\/\/api.w.org\/{rel}","templated":true}]}}