{"id":2822,"date":"2009-03-12T09:49:24","date_gmt":"2009-03-12T08:49:24","guid":{"rendered":""},"modified":"2015-02-10T12:09:52","modified_gmt":"2015-02-10T11:09:52","slug":"caso-katyn-la-storia-boicottata","status":"publish","type":"post","link":"https:\/\/www.rassegnastampa-totustuus.it\/cattolica\/caso-katyn-la-storia-boicottata\/","title":{"rendered":"Caso &laquo;Katyn&raquo;, la Storia boicottata"},"content":{"rendered":"<div style=\"text-align: center;\"><strong><a href=\"https:\/\/www.rassegnastampa-totustuus.it\/cattolica\/wp-content\/uploads\/2009\/03\/Katyn_locandina.jpg\"><img loading=\"lazy\" decoding=\"async\" class=\"alignleft wp-image-18316\" src=\"https:\/\/www.rassegnastampa-totustuus.it\/cattolica\/wp-content\/uploads\/2009\/03\/Katyn_locandina.jpg\" alt=\"Katyn_locandina\" width=\"151\" height=\"200\" \/><\/a>www.corriere.it\/spettacoli<\/strong> 11 marzo 2009<\/div>\n<p style=\"text-align: justify;\"><em>Il grande regista polacco ha ricostruito la strage stalinista. Wajda: \u00abTriste che il mio film in Italia sia sparito. Ancora pi\u00f9 grave che Putin rinneghi le colpe russe\u00bb<\/em><\/p>\n<p style=\"text-align: center;\">di <strong>Valerio Cappelli<\/strong><\/p>\n<p><!--more--><\/p>\n<div style=\"text-align: justify;\">ROMA &#8211; \u00abMi hanno detto che il mio film in Italia non \u00e8 stato visto quasi da nessuno, che circola in maniera pressoch\u00e9 clandestina. Mi fa paura che in un Paese democratico, che per noi polacchi \u00e8 un simbolo di storia e civilt\u00e0, possa ritornare la censura. \u00c8 una nuova sofferenza per questo lavoro cos\u00ec difficile. Mi dispiace molto\u00bb.<\/div>\n<p style=\"text-align: justify;\">Adesso parla lui, Andrzej Wajda, il grande vecchio del cinema polacco. \u00c8 da giorni che si parla del suo film, <em>Katyn<\/em>, sul crimine rimosso e mai raccontato, l&#8217;eccidio di 4500 ufficiali e civili polacchi voluto da Stalin e negato, spedendo la responsabilit\u00e0 al mittente nazista. Solo nel 1990 Gorbaciov ha ammesso la responsabilit\u00e0: per una volta, Hitler non c&#8217;entrava nulla.<\/p>\n<p style=\"text-align: justify;\">Il quotidiano cattolico Avvenire ha denunciato il caso domenica con un editoriale: \u00abSolo pochi fortunati sono riusciti a vedere il film\u00bb. Le copie ci sono, ma restano in magazzino. Ne circolano 10 in tutta Italia, ne sono disponibili 40. Il presidente dei deputati del Pdl Fabrizio Cicchitto ha parlato di \u00abscandalo\u00bb e pensa a una proiezione straordinaria \u00abper aprire un dibattito\u00bb.<\/p>\n<p style=\"text-align: justify;\">Il distributore italiano Mario Mazzarotto al <em>Corriere<\/em> ha parlato di due boicottaggi: \u00abcommerciale e storico-culturale\u00bb. \u00abAvevo gi\u00e0 faticato per riuscire a portare il film&#8230;\u00bb. Ora aggiunge che c&#8217;\u00e8 la fila nei pochi cinema che lo ospitano. Torna all&#8217;idea della miopia di un mercato strozzato: \u00abLo si ritiene scomodo, gli esercenti pensano che non sia appetibile come un cinepanettone.<\/p>\n<p style=\"text-align: justify;\">Ma, a parte il suo contenuto, \u00e8 anche spettacolare, in Polonia \u00e8 stato visto da 3 milioni e 600 mila spettatori\u00bb. Wajda, classe 1926, accetta di parlare da Varsavia per la prima volta del suo ultimo lavoro divenuto un caso internazionale. Non \u00e8 sorpreso.<\/p>\n<p style=\"text-align: justify;\"><strong>Perch\u00e9 il suo film stenta ad affermarsi?<\/strong><\/p>\n<p style=\"text-align: justify;\">\u00abLa prima colpa \u00e8 la mancanza di una competenza professionale nella distribuzione cinematografica da parte del proprietario dei diritti mondiali della pellicola, e cio\u00e8 la televisione pubblica polacca TVP, che ha venduto il film senza nessuna conoscenza del mercato. Ci sono poi tutte quelle azioni intraprese per rendere pi\u00f9 difficile la distribuzione per il soggetto scomodo, e anche qui la tv polacca non \u00e8 senza colpe. Infine sugli schermi italiani i film stranieri vengono doppiati, la versione con i sottotitoli toglie al mio film la possibilit\u00e0 di una distribuzione pi\u00f9 vasta perch\u00e9 non ci sono i mezzi finanziari adeguati.<\/p>\n<p style=\"text-align: justify;\">Forse non \u00e8 il motivo pi\u00f9 importante, ma \u00e8 sufficiente perch\u00e9 <em>Katyn <\/em>non appaia sugli schermi italiani. Voglio ringraziare il Corriere, l&#8217;articolo di luned\u00ec scorso sul boicottaggio in Italia ha avuto ampia eco sui giornali polacchi, siamo molto sensibili alla parola &#8220;censura&#8221;. In Russia c&#8217;\u00e8 stato un boicottaggio pi\u00f9 grave: politico. Il film viene comprato da chi in realt\u00e0 ha interesse a farlo sparire, sia in Russia che negli Usa. Nel contratto hanno scritto che si poteva fallire per ragioni politiche. Dopo l&#8217;ammissione di Gorbaciov, non \u00e8 un mistero che Putin stia ritrattando il crimine di Stalin, tuttora venerato, al primo posto tra gli eroi nazionali\u00bb.<\/p>\n<p style=\"text-align: justify;\"><strong>Tra gli ufficiali trucidati con un colpo alla nuca nel bosco della Bielorussia c&#8217;era anche suo padre&#8230;<\/strong><\/p>\n<p style=\"text-align: justify;\">\u00abS\u00ec, Jacob Wajda, capitano del 72\u02dareggimento fanteria. Sono stato a Mosca, il procuratore generale mi ha risposto che non esiste una sola carta. In Polonia c&#8217;\u00e8 stato un risveglio di orgoglio nazionale per questa ferita che rimane aperta. Nei tribunali di Mosca stagnano molte cause dei discendenti delle vittime che cercano delle risposte. Mosca o non risponde o dice che non esistono prove. Al centro del mio film non ci sono gli ufficiali assassinati ma le donne che hanno aspettato il loro ritorno: ogni giorno, ogni ora\u00bb.<\/p>\n<p style=\"text-align: justify;\"><strong>L&#8217;Occidente come si \u00e8 comportato?<\/strong><\/p>\n<p style=\"text-align: justify;\">\u00abNon aveva interesse a irritare Mosca, non era interessato a smascherare il crimine di <em>Katyn <\/em>per non alterare gli equilibri internazionali. Non c&#8217;\u00e8 stata possibilit\u00e0 di realizzare questo film fino al 1989, con la caduta del Muro di Berlino. Ma non voglio che quegli ufficiali muoiano per la seconda volta. Nella capitale russa hanno fatto sparire perfino le copie pirata su dvd. Ho capito l&#8217;importanza del mio film nell&#8217;unica proiezione a Mosca, 1000 cittadini russi invitati all&#8217;ambasciata polacca. Alla fine, dopo un lungo silenzio, si sono alzati in piedi e hanno applaudito. Per favore lo scriva, fatelo sapere in Italia. Questo film non \u00e8 uno strumento politico ma un obbligo morale verso i miei genitori\u00bb.<\/p>\n<p style=\"text-align: justify;\">Ma si pu\u00f2 boicottare la Storia?<\/p>\n","protected":false},"excerpt":{"rendered":"<p>www.corriere.it\/spettacoli 11 marzo 2009 Il grande regista polacco ha ricostruito la strage stalinista. Wajda: \u00abTriste che il mio film in Italia sia sparito. Ancora pi\u00f9 grave che Putin rinneghi le colpe russe\u00bb di Valerio Cappelli<\/p><p><a class=\"more-link btn\" href=\"https:\/\/www.rassegnastampa-totustuus.it\/cattolica\/caso-katyn-la-storia-boicottata\/\">Continua a leggere<\/a><\/p>\n","protected":false},"author":6,"featured_media":18316,"comment_status":"closed","ping_status":"open","sticky":false,"template":"","format":"standard","meta":{"footnotes":""},"categories":[122,32,90,24,84],"tags":[888],"class_list":["post-2822","post","type-post","status-publish","format-standard","has-post-thumbnail","hentry","category-al-cinema","category-filosofia-del-comunismo","category-ii-guerra-mondiale","category-storia","category-urss","tag-katyn","item-wrap"],"yoast_head":"<!-- This site is optimized with the Yoast SEO plugin v27.5 - https:\/\/yoast.com\/product\/yoast-seo-wordpress\/ -->\n<title>Caso &laquo;Katyn&raquo;, la Storia boicottata - Rassegna Stampa Cattolica<\/title>\n<meta name=\"description\" content=\"Rassegna Stampa Cattolica - Per una cultura che nasce dalla Rivelazione cristiana in conformit\u00e0 alla tradizione e al Magistero della Chiesa in opposizione ad ogni relativismo e totalitarismo\" \/>\n<meta name=\"robots\" content=\"index, follow, max-snippet:-1, max-image-preview:large, max-video-preview:-1\" \/>\n<link rel=\"canonical\" href=\"https:\/\/www.rassegnastampa-totustuus.it\/cattolica\/caso-katyn-la-storia-boicottata\/\" \/>\n<meta property=\"og:locale\" content=\"it_IT\" \/>\n<meta property=\"og:type\" content=\"article\" \/>\n<meta property=\"og:title\" content=\"Caso &laquo;Katyn&raquo;, la Storia boicottata - Rassegna Stampa Cattolica\" \/>\n<meta property=\"og:description\" content=\"Rassegna Stampa Cattolica - Per una cultura che nasce dalla Rivelazione cristiana in conformit\u00e0 alla tradizione e al Magistero della Chiesa in opposizione ad ogni relativismo e totalitarismo\" \/>\n<meta property=\"og:url\" content=\"https:\/\/www.rassegnastampa-totustuus.it\/cattolica\/caso-katyn-la-storia-boicottata\/\" \/>\n<meta property=\"og:site_name\" content=\"Rassegna Stampa Cattolica\" \/>\n<meta property=\"article:publisher\" content=\"https:\/\/www.facebook.com\/rassegnastampacattolica\" \/>\n<meta property=\"article:published_time\" content=\"2009-03-12T08:49:24+00:00\" \/>\n<meta property=\"article:modified_time\" content=\"2015-02-10T11:09:52+00:00\" \/>\n<meta property=\"og:image\" content=\"https:\/\/www.rassegnastampa-totustuus.it\/cattolica\/wp-content\/uploads\/2009\/03\/Katyn_locandina.jpg\" \/>\n\t<meta property=\"og:image:width\" content=\"195\" \/>\n\t<meta property=\"og:image:height\" content=\"258\" \/>\n\t<meta property=\"og:image:type\" content=\"image\/jpeg\" \/>\n<meta name=\"author\" content=\"Redazione\" \/>\n<meta name=\"twitter:card\" content=\"summary_large_image\" \/>\n<meta name=\"twitter:creator\" content=\"@rassegnastampa9\" \/>\n<meta name=\"twitter:site\" content=\"@rassegnastampa9\" \/>\n<meta name=\"twitter:label1\" content=\"Scritto da\" \/>\n\t<meta name=\"twitter:data1\" content=\"Redazione\" \/>\n\t<meta name=\"twitter:label2\" content=\"Tempo di lettura stimato\" \/>\n\t<meta name=\"twitter:data2\" content=\"4 minuti\" \/>\n<script type=\"application\/ld+json\" class=\"yoast-schema-graph\">{\"@context\":\"https:\\\/\\\/schema.org\",\"@graph\":[{\"@type\":\"Article\",\"@id\":\"https:\\\/\\\/www.rassegnastampa-totustuus.it\\\/cattolica\\\/caso-katyn-la-storia-boicottata\\\/#article\",\"isPartOf\":{\"@id\":\"https:\\\/\\\/www.rassegnastampa-totustuus.it\\\/cattolica\\\/caso-katyn-la-storia-boicottata\\\/\"},\"author\":{\"name\":\"Redazione\",\"@id\":\"https:\\\/\\\/www.rassegnastampa-totustuus.it\\\/cattolica\\\/#\\\/schema\\\/person\\\/08f319d2bd1a0904ad9e2bfb7b15e5c3\"},\"headline\":\"Caso &laquo;Katyn&raquo;, la Storia boicottata\",\"datePublished\":\"2009-03-12T08:49:24+00:00\",\"dateModified\":\"2015-02-10T11:09:52+00:00\",\"mainEntityOfPage\":{\"@id\":\"https:\\\/\\\/www.rassegnastampa-totustuus.it\\\/cattolica\\\/caso-katyn-la-storia-boicottata\\\/\"},\"wordCount\":754,\"publisher\":{\"@id\":\"https:\\\/\\\/www.rassegnastampa-totustuus.it\\\/cattolica\\\/#organization\"},\"image\":{\"@id\":\"https:\\\/\\\/www.rassegnastampa-totustuus.it\\\/cattolica\\\/caso-katyn-la-storia-boicottata\\\/#primaryimage\"},\"thumbnailUrl\":\"https:\\\/\\\/www.rassegnastampa-totustuus.it\\\/cattolica\\\/wp-content\\\/uploads\\\/2009\\\/03\\\/Katyn_locandina.jpg\",\"keywords\":[\"katyn\"],\"articleSection\":[\"Al cinema\",\"Comunismo\",\"II Guerra Mondiale\",\"Storia\",\"URSS\"],\"inLanguage\":\"it-IT\"},{\"@type\":\"WebPage\",\"@id\":\"https:\\\/\\\/www.rassegnastampa-totustuus.it\\\/cattolica\\\/caso-katyn-la-storia-boicottata\\\/\",\"url\":\"https:\\\/\\\/www.rassegnastampa-totustuus.it\\\/cattolica\\\/caso-katyn-la-storia-boicottata\\\/\",\"name\":\"Caso &laquo;Katyn&raquo;, la Storia boicottata - Rassegna Stampa Cattolica\",\"isPartOf\":{\"@id\":\"https:\\\/\\\/www.rassegnastampa-totustuus.it\\\/cattolica\\\/#website\"},\"primaryImageOfPage\":{\"@id\":\"https:\\\/\\\/www.rassegnastampa-totustuus.it\\\/cattolica\\\/caso-katyn-la-storia-boicottata\\\/#primaryimage\"},\"image\":{\"@id\":\"https:\\\/\\\/www.rassegnastampa-totustuus.it\\\/cattolica\\\/caso-katyn-la-storia-boicottata\\\/#primaryimage\"},\"thumbnailUrl\":\"https:\\\/\\\/www.rassegnastampa-totustuus.it\\\/cattolica\\\/wp-content\\\/uploads\\\/2009\\\/03\\\/Katyn_locandina.jpg\",\"datePublished\":\"2009-03-12T08:49:24+00:00\",\"dateModified\":\"2015-02-10T11:09:52+00:00\",\"description\":\"Rassegna Stampa Cattolica - Per una cultura che nasce dalla Rivelazione cristiana in conformit\u00e0 alla tradizione e al Magistero della Chiesa in opposizione ad ogni relativismo e totalitarismo\",\"breadcrumb\":{\"@id\":\"https:\\\/\\\/www.rassegnastampa-totustuus.it\\\/cattolica\\\/caso-katyn-la-storia-boicottata\\\/#breadcrumb\"},\"inLanguage\":\"it-IT\",\"potentialAction\":[{\"@type\":\"ReadAction\",\"target\":[\"https:\\\/\\\/www.rassegnastampa-totustuus.it\\\/cattolica\\\/caso-katyn-la-storia-boicottata\\\/\"]}]},{\"@type\":\"ImageObject\",\"inLanguage\":\"it-IT\",\"@id\":\"https:\\\/\\\/www.rassegnastampa-totustuus.it\\\/cattolica\\\/caso-katyn-la-storia-boicottata\\\/#primaryimage\",\"url\":\"https:\\\/\\\/www.rassegnastampa-totustuus.it\\\/cattolica\\\/wp-content\\\/uploads\\\/2009\\\/03\\\/Katyn_locandina.jpg\",\"contentUrl\":\"https:\\\/\\\/www.rassegnastampa-totustuus.it\\\/cattolica\\\/wp-content\\\/uploads\\\/2009\\\/03\\\/Katyn_locandina.jpg\",\"width\":195,\"height\":258},{\"@type\":\"BreadcrumbList\",\"@id\":\"https:\\\/\\\/www.rassegnastampa-totustuus.it\\\/cattolica\\\/caso-katyn-la-storia-boicottata\\\/#breadcrumb\",\"itemListElement\":[{\"@type\":\"ListItem\",\"position\":1,\"name\":\"Home\",\"item\":\"https:\\\/\\\/www.rassegnastampa-totustuus.it\\\/cattolica\\\/\"},{\"@type\":\"ListItem\",\"position\":2,\"name\":\"Caso &laquo;Katyn&raquo;, la Storia boicottata\"}]},{\"@type\":\"WebSite\",\"@id\":\"https:\\\/\\\/www.rassegnastampa-totustuus.it\\\/cattolica\\\/#website\",\"url\":\"https:\\\/\\\/www.rassegnastampa-totustuus.it\\\/cattolica\\\/\",\"name\":\"Rassegna Stampa Cattolica\",\"description\":\"Per una cultura che nasce dalla Rivelazione cristiana in conformit\u00e0 alla tradizione e al Magistero della Chiesa in opposizione ad ogni relativismo e totalitarismo\",\"publisher\":{\"@id\":\"https:\\\/\\\/www.rassegnastampa-totustuus.it\\\/cattolica\\\/#organization\"},\"alternateName\":\"Rass. Cattolica\",\"potentialAction\":[{\"@type\":\"SearchAction\",\"target\":{\"@type\":\"EntryPoint\",\"urlTemplate\":\"https:\\\/\\\/www.rassegnastampa-totustuus.it\\\/cattolica\\\/?s={search_term_string}\"},\"query-input\":{\"@type\":\"PropertyValueSpecification\",\"valueRequired\":true,\"valueName\":\"search_term_string\"}}],\"inLanguage\":\"it-IT\"},{\"@type\":\"Organization\",\"@id\":\"https:\\\/\\\/www.rassegnastampa-totustuus.it\\\/cattolica\\\/#organization\",\"name\":\"Rassegna Stampa Cattolica\",\"url\":\"https:\\\/\\\/www.rassegnastampa-totustuus.it\\\/cattolica\\\/\",\"logo\":{\"@type\":\"ImageObject\",\"inLanguage\":\"it-IT\",\"@id\":\"https:\\\/\\\/www.rassegnastampa-totustuus.it\\\/cattolica\\\/#\\\/schema\\\/logo\\\/image\\\/\",\"url\":\"https:\\\/\\\/www.rassegnastampa-totustuus.it\\\/cattolica\\\/wp-content\\\/uploads\\\/2014\\\/04\\\/logo-rassegna1.gif\",\"contentUrl\":\"https:\\\/\\\/www.rassegnastampa-totustuus.it\\\/cattolica\\\/wp-content\\\/uploads\\\/2014\\\/04\\\/logo-rassegna1.gif\",\"width\":600,\"height\":163,\"caption\":\"Rassegna Stampa Cattolica\"},\"image\":{\"@id\":\"https:\\\/\\\/www.rassegnastampa-totustuus.it\\\/cattolica\\\/#\\\/schema\\\/logo\\\/image\\\/\"},\"sameAs\":[\"https:\\\/\\\/www.facebook.com\\\/rassegnastampacattolica\",\"https:\\\/\\\/x.com\\\/rassegnastampa9\"]},{\"@type\":\"Person\",\"@id\":\"https:\\\/\\\/www.rassegnastampa-totustuus.it\\\/cattolica\\\/#\\\/schema\\\/person\\\/08f319d2bd1a0904ad9e2bfb7b15e5c3\",\"name\":\"Redazione\",\"image\":{\"@type\":\"ImageObject\",\"inLanguage\":\"it-IT\",\"@id\":\"https:\\\/\\\/secure.gravatar.com\\\/avatar\\\/2fcdf27c78ea025fbdb44e914cc63c72249ffec9dc8aafd5c82b26240ef3f346?s=96&d=mm&r=g\",\"url\":\"https:\\\/\\\/secure.gravatar.com\\\/avatar\\\/2fcdf27c78ea025fbdb44e914cc63c72249ffec9dc8aafd5c82b26240ef3f346?s=96&d=mm&r=g\",\"contentUrl\":\"https:\\\/\\\/secure.gravatar.com\\\/avatar\\\/2fcdf27c78ea025fbdb44e914cc63c72249ffec9dc8aafd5c82b26240ef3f346?s=96&d=mm&r=g\",\"caption\":\"Redazione\"},\"url\":\"https:\\\/\\\/www.rassegnastampa-totustuus.it\\\/cattolica\\\/author\\\/pietroelle\\\/\"}]}<\/script>\n<!-- \/ Yoast SEO plugin. -->","yoast_head_json":{"title":"Caso &laquo;Katyn&raquo;, la Storia boicottata - Rassegna Stampa Cattolica","description":"Rassegna Stampa Cattolica - Per una cultura che nasce dalla Rivelazione cristiana in conformit\u00e0 alla tradizione e al Magistero della Chiesa in opposizione ad ogni relativismo e totalitarismo","robots":{"index":"index","follow":"follow","max-snippet":"max-snippet:-1","max-image-preview":"max-image-preview:large","max-video-preview":"max-video-preview:-1"},"canonical":"https:\/\/www.rassegnastampa-totustuus.it\/cattolica\/caso-katyn-la-storia-boicottata\/","og_locale":"it_IT","og_type":"article","og_title":"Caso &laquo;Katyn&raquo;, la Storia boicottata - Rassegna Stampa Cattolica","og_description":"Rassegna Stampa Cattolica - Per una cultura che nasce dalla Rivelazione cristiana in conformit\u00e0 alla tradizione e al Magistero della Chiesa in opposizione ad ogni relativismo e totalitarismo","og_url":"https:\/\/www.rassegnastampa-totustuus.it\/cattolica\/caso-katyn-la-storia-boicottata\/","og_site_name":"Rassegna Stampa Cattolica","article_publisher":"https:\/\/www.facebook.com\/rassegnastampacattolica","article_published_time":"2009-03-12T08:49:24+00:00","article_modified_time":"2015-02-10T11:09:52+00:00","og_image":[{"width":195,"height":258,"url":"https:\/\/www.rassegnastampa-totustuus.it\/cattolica\/wp-content\/uploads\/2009\/03\/Katyn_locandina.jpg","type":"image\/jpeg"}],"author":"Redazione","twitter_card":"summary_large_image","twitter_creator":"@rassegnastampa9","twitter_site":"@rassegnastampa9","twitter_misc":{"Scritto da":"Redazione","Tempo di lettura stimato":"4 minuti"},"schema":{"@context":"https:\/\/schema.org","@graph":[{"@type":"Article","@id":"https:\/\/www.rassegnastampa-totustuus.it\/cattolica\/caso-katyn-la-storia-boicottata\/#article","isPartOf":{"@id":"https:\/\/www.rassegnastampa-totustuus.it\/cattolica\/caso-katyn-la-storia-boicottata\/"},"author":{"name":"Redazione","@id":"https:\/\/www.rassegnastampa-totustuus.it\/cattolica\/#\/schema\/person\/08f319d2bd1a0904ad9e2bfb7b15e5c3"},"headline":"Caso &laquo;Katyn&raquo;, la Storia boicottata","datePublished":"2009-03-12T08:49:24+00:00","dateModified":"2015-02-10T11:09:52+00:00","mainEntityOfPage":{"@id":"https:\/\/www.rassegnastampa-totustuus.it\/cattolica\/caso-katyn-la-storia-boicottata\/"},"wordCount":754,"publisher":{"@id":"https:\/\/www.rassegnastampa-totustuus.it\/cattolica\/#organization"},"image":{"@id":"https:\/\/www.rassegnastampa-totustuus.it\/cattolica\/caso-katyn-la-storia-boicottata\/#primaryimage"},"thumbnailUrl":"https:\/\/www.rassegnastampa-totustuus.it\/cattolica\/wp-content\/uploads\/2009\/03\/Katyn_locandina.jpg","keywords":["katyn"],"articleSection":["Al cinema","Comunismo","II Guerra Mondiale","Storia","URSS"],"inLanguage":"it-IT"},{"@type":"WebPage","@id":"https:\/\/www.rassegnastampa-totustuus.it\/cattolica\/caso-katyn-la-storia-boicottata\/","url":"https:\/\/www.rassegnastampa-totustuus.it\/cattolica\/caso-katyn-la-storia-boicottata\/","name":"Caso &laquo;Katyn&raquo;, la Storia boicottata - Rassegna Stampa Cattolica","isPartOf":{"@id":"https:\/\/www.rassegnastampa-totustuus.it\/cattolica\/#website"},"primaryImageOfPage":{"@id":"https:\/\/www.rassegnastampa-totustuus.it\/cattolica\/caso-katyn-la-storia-boicottata\/#primaryimage"},"image":{"@id":"https:\/\/www.rassegnastampa-totustuus.it\/cattolica\/caso-katyn-la-storia-boicottata\/#primaryimage"},"thumbnailUrl":"https:\/\/www.rassegnastampa-totustuus.it\/cattolica\/wp-content\/uploads\/2009\/03\/Katyn_locandina.jpg","datePublished":"2009-03-12T08:49:24+00:00","dateModified":"2015-02-10T11:09:52+00:00","description":"Rassegna Stampa Cattolica - Per una cultura che nasce dalla Rivelazione cristiana in conformit\u00e0 alla tradizione e al Magistero della Chiesa in opposizione ad ogni relativismo e totalitarismo","breadcrumb":{"@id":"https:\/\/www.rassegnastampa-totustuus.it\/cattolica\/caso-katyn-la-storia-boicottata\/#breadcrumb"},"inLanguage":"it-IT","potentialAction":[{"@type":"ReadAction","target":["https:\/\/www.rassegnastampa-totustuus.it\/cattolica\/caso-katyn-la-storia-boicottata\/"]}]},{"@type":"ImageObject","inLanguage":"it-IT","@id":"https:\/\/www.rassegnastampa-totustuus.it\/cattolica\/caso-katyn-la-storia-boicottata\/#primaryimage","url":"https:\/\/www.rassegnastampa-totustuus.it\/cattolica\/wp-content\/uploads\/2009\/03\/Katyn_locandina.jpg","contentUrl":"https:\/\/www.rassegnastampa-totustuus.it\/cattolica\/wp-content\/uploads\/2009\/03\/Katyn_locandina.jpg","width":195,"height":258},{"@type":"BreadcrumbList","@id":"https:\/\/www.rassegnastampa-totustuus.it\/cattolica\/caso-katyn-la-storia-boicottata\/#breadcrumb","itemListElement":[{"@type":"ListItem","position":1,"name":"Home","item":"https:\/\/www.rassegnastampa-totustuus.it\/cattolica\/"},{"@type":"ListItem","position":2,"name":"Caso &laquo;Katyn&raquo;, la Storia boicottata"}]},{"@type":"WebSite","@id":"https:\/\/www.rassegnastampa-totustuus.it\/cattolica\/#website","url":"https:\/\/www.rassegnastampa-totustuus.it\/cattolica\/","name":"Rassegna Stampa Cattolica","description":"Per una cultura che nasce dalla Rivelazione cristiana in conformit\u00e0 alla tradizione e al Magistero della Chiesa in opposizione ad ogni relativismo e totalitarismo","publisher":{"@id":"https:\/\/www.rassegnastampa-totustuus.it\/cattolica\/#organization"},"alternateName":"Rass. Cattolica","potentialAction":[{"@type":"SearchAction","target":{"@type":"EntryPoint","urlTemplate":"https:\/\/www.rassegnastampa-totustuus.it\/cattolica\/?s={search_term_string}"},"query-input":{"@type":"PropertyValueSpecification","valueRequired":true,"valueName":"search_term_string"}}],"inLanguage":"it-IT"},{"@type":"Organization","@id":"https:\/\/www.rassegnastampa-totustuus.it\/cattolica\/#organization","name":"Rassegna Stampa Cattolica","url":"https:\/\/www.rassegnastampa-totustuus.it\/cattolica\/","logo":{"@type":"ImageObject","inLanguage":"it-IT","@id":"https:\/\/www.rassegnastampa-totustuus.it\/cattolica\/#\/schema\/logo\/image\/","url":"https:\/\/www.rassegnastampa-totustuus.it\/cattolica\/wp-content\/uploads\/2014\/04\/logo-rassegna1.gif","contentUrl":"https:\/\/www.rassegnastampa-totustuus.it\/cattolica\/wp-content\/uploads\/2014\/04\/logo-rassegna1.gif","width":600,"height":163,"caption":"Rassegna Stampa Cattolica"},"image":{"@id":"https:\/\/www.rassegnastampa-totustuus.it\/cattolica\/#\/schema\/logo\/image\/"},"sameAs":["https:\/\/www.facebook.com\/rassegnastampacattolica","https:\/\/x.com\/rassegnastampa9"]},{"@type":"Person","@id":"https:\/\/www.rassegnastampa-totustuus.it\/cattolica\/#\/schema\/person\/08f319d2bd1a0904ad9e2bfb7b15e5c3","name":"Redazione","image":{"@type":"ImageObject","inLanguage":"it-IT","@id":"https:\/\/secure.gravatar.com\/avatar\/2fcdf27c78ea025fbdb44e914cc63c72249ffec9dc8aafd5c82b26240ef3f346?s=96&d=mm&r=g","url":"https:\/\/secure.gravatar.com\/avatar\/2fcdf27c78ea025fbdb44e914cc63c72249ffec9dc8aafd5c82b26240ef3f346?s=96&d=mm&r=g","contentUrl":"https:\/\/secure.gravatar.com\/avatar\/2fcdf27c78ea025fbdb44e914cc63c72249ffec9dc8aafd5c82b26240ef3f346?s=96&d=mm&r=g","caption":"Redazione"},"url":"https:\/\/www.rassegnastampa-totustuus.it\/cattolica\/author\/pietroelle\/"}]}},"_links":{"self":[{"href":"https:\/\/www.rassegnastampa-totustuus.it\/cattolica\/wp-json\/wp\/v2\/posts\/2822","targetHints":{"allow":["GET"]}}],"collection":[{"href":"https:\/\/www.rassegnastampa-totustuus.it\/cattolica\/wp-json\/wp\/v2\/posts"}],"about":[{"href":"https:\/\/www.rassegnastampa-totustuus.it\/cattolica\/wp-json\/wp\/v2\/types\/post"}],"author":[{"embeddable":true,"href":"https:\/\/www.rassegnastampa-totustuus.it\/cattolica\/wp-json\/wp\/v2\/users\/6"}],"replies":[{"embeddable":true,"href":"https:\/\/www.rassegnastampa-totustuus.it\/cattolica\/wp-json\/wp\/v2\/comments?post=2822"}],"version-history":[{"count":3,"href":"https:\/\/www.rassegnastampa-totustuus.it\/cattolica\/wp-json\/wp\/v2\/posts\/2822\/revisions"}],"predecessor-version":[{"id":18317,"href":"https:\/\/www.rassegnastampa-totustuus.it\/cattolica\/wp-json\/wp\/v2\/posts\/2822\/revisions\/18317"}],"wp:featuredmedia":[{"embeddable":true,"href":"https:\/\/www.rassegnastampa-totustuus.it\/cattolica\/wp-json\/wp\/v2\/media\/18316"}],"wp:attachment":[{"href":"https:\/\/www.rassegnastampa-totustuus.it\/cattolica\/wp-json\/wp\/v2\/media?parent=2822"}],"wp:term":[{"taxonomy":"category","embeddable":true,"href":"https:\/\/www.rassegnastampa-totustuus.it\/cattolica\/wp-json\/wp\/v2\/categories?post=2822"},{"taxonomy":"post_tag","embeddable":true,"href":"https:\/\/www.rassegnastampa-totustuus.it\/cattolica\/wp-json\/wp\/v2\/tags?post=2822"}],"curies":[{"name":"wp","href":"https:\/\/api.w.org\/{rel}","templated":true}]}}