{"id":2810,"date":"2009-03-11T13:36:03","date_gmt":"2009-03-11T12:36:03","guid":{"rendered":""},"modified":"2016-02-07T11:51:24","modified_gmt":"2016-02-07T10:51:24","slug":"dottori-e-quaquaraqu","status":"publish","type":"post","link":"https:\/\/www.rassegnastampa-totustuus.it\/cattolica\/dottori-e-quaquaraqu\/","title":{"rendered":"Dottori e quaquaraqu&agrave;"},"content":{"rendered":"<div style=\"text-align: center;\"><strong><a href=\"https:\/\/www.rassegnastampa-totustuus.it\/cattolica\/wp-content\/uploads\/2009\/03\/libri.jpg\"><img loading=\"lazy\" decoding=\"async\" class=\"alignright wp-image-30459 \" src=\"https:\/\/www.rassegnastampa-totustuus.it\/cattolica\/wp-content\/uploads\/2009\/03\/libri.jpg\" alt=\"libri\" width=\"247\" height=\"164\" \/><\/a>Tempi<\/strong> 27 settembre 2007<\/div>\n<div style=\"text-align: center;\">(articolo in versione integrale, senza i tagli redazionali)<\/div>\n<p style=\"text-align: justify;\"><em>Tutti bravi a fare gli Einstein con le materie degli altri. Ecco perch\u00e9 non c\u2019\u00e8 da fidarsi dei tuttologi. E quando ci sono di mezzo Ogm e clima\u2026 Come si fa a sapere se un esperto \u00e8 affidabile o no? Piccola guida per riconoscere studiosi e fanfaroni<br \/>\n<\/em><\/p>\n<p style=\"text-align: center;\">di <strong>Piero Morandini<br \/>\n<\/strong><em>Ricercatore di biotecnologie vegetali. Universit\u00e0 di Milano<\/em><\/p>\n<p><!--more--><\/p>\n<div style=\"text-align: justify;\">E\u2019 di questi giorni la polemica tra il climatologo Prodi, fratello di Romano Prodi, e Pecoraro Scanio sul riscaldamento globale. A chi credere? Come riconoscere la verit\u00e0 (se esiste) quando sui media sembra regnare la par condicio? Oppure circola un \u201cAppello al mondo della scienza\u201d sul sito \u201cLiberi da OGM\u201d (<a href=\"http:\/\/www.liberidaogm.org\/\">www.liberidaogm.org<\/a>). Che peso possiamo dare ai firmatari?<\/div>\n<p style=\"text-align: justify;\">Come \u00e8 normale, se il lavandino perde, chiamate l\u2019idraulico, se il cane sta male lo portate dal veterinario, ma se state male voi andate dal medico.<\/p>\n<p style=\"text-align: justify;\">A ciascuno il suo mestiere, perch\u00e9 la vita \u00e8 complicata e richiede specializzazioni; rassegnatevi, non si pu\u00f2 sapere o saper fare tutto. E\u2019 cos\u00ec ahim\u00e8 anche per la scienza: un bravo entomologo che ha dedicato la vita alle farfalle del Sudamerica, difficilmente conosce la genetica degli equini. In quel settore \u00e8 un incompetente, in poche parole. Per\u00f2 come facciamo a sapere se uno \u00e8 un ricercatore e se \u00e8 competente in un certo settore? E\u2019 molto o poco autorevole? Le risposte sono abbastanza legate.<\/p>\n<p style=\"text-align: justify;\"><strong>Chi \u00e8 un ricercatore?<\/strong><\/p>\n<p style=\"text-align: justify;\">Risposta semplice: uno che pubblica articoli sulle riviste scientifiche. E quando una rivista \u00e8 definibile come scientifica? Quando usa il sistema della \u201cpeer review\u201d (\u201crevisione dei pari\u201d), vale a dire la verifica anonima da parte di altre persone del campo. In pratica quando un lavoro viene sottomesso ad una rivista per la pubblicazione, l\u2019Editor (colui che ha la responsabilit\u00e0 e decide ultimamente se accettare o meno l\u2019articolo) manda il lavoro ad alcuni esperti del campo (i cosiddetti \u201creferee\u201d, cio\u00e8 gli arbitri), in genere due o tre, e si fa mandare i loro commenti in forma anonima. Sulla base delle loro critiche, che spesso sono dettagliate in diverse pagine, decide se accettare il manoscritto come \u00e8 (molto raramente), richiedere lievi aggiustamenti (raramente) o esperimenti aggiuntivi e di alterare parti rilevanti del testo (spesso) o rigettare completamente il lavoro.<\/p>\n<p style=\"text-align: justify;\">Nel terzo caso gli autori cercano di eseguire gli esperimenti indicati (che pu\u00f2 richiedere molti mesi), fanno le correzioni al testo e\u00a0 rispediscono il lavoro che viene di nuovo vagliato. Se va bene il manoscritto \u00e8 accettato per la pubblicazione, ma la cosa non \u00e8 automatica perch\u00e9 i referee possono fare altre obiezioni. Tra la prima sottomissione di un manoscritto e la sua pubblicazione non \u00e8 infrequente che passi un anno.<\/p>\n<p style=\"text-align: justify;\">Detto altrimenti, pubblicare un lavoro \u00e8&#8230;un lavoraccio, specialmente su una rivista prestigiosa perch\u00e9 si richiedono esperimenti interessanti, dati e tecniche innovative (e spesso costose) con valenza generale e un alto grado di certezza sui risultati. E\u2019 chiaro che un articolo su Tuttoscienze (inserto di divulgazione scientifica de La Stampa) <span style=\"text-decoration: underline;\">non<\/span> conta come pubblicazione scientifica.<\/p>\n<p style=\"text-align: justify;\">Come verifichiamo allora se uno pubblica su riviste scientifiche? Controllando nelle banche dati. Ogni settore (chimica , fisica, geologia\u2026) ha la sua banca dati che in genere \u00e8 liberamente consultabile in internet. Nel caso delle scienze della vita (biologia, biochimica, biotecnologia e buona parte di medicina, veterinaria ed agraria) che sostanzialmente parlano oramai tutte lo stesso linguaggio, quello del DNA e delle proteine, la banca dati pi\u00f9 importante \u00e8 Public Medline (Pubmed), con 17 milioni di lavori scientifici in questo settore.<\/p>\n<p style=\"text-align: justify;\">Potete interrogarla voi stessi all\u2019indirizzo <a href=\"http:\/\/www.pubmed.com\/\" target=\"_blank\">http:\/\/www.pubmed.com\/<\/a>. Basta mettere il nome di un autore o una parola chiave nella casella bianca e la pagina vi restituir\u00e0 autori, titolo e riassunto dei lavori pubblicati da quella persona o su quell\u2019argomento. Provate, ad es. con Veronesi U. (per fare un nome conosciuto), e vi compaiono 386 citazioni, a testimonianza che effettivamente un prof. U. Veronesi pubblica e lo fa nel settore della cura del cancro.<\/p>\n<p style=\"text-align: justify;\">Questo vuol dire che quando parla di cancro \u00e8 molto, ma molto probabile che dica cose giuste. Ovviamente bisogna fare attenzione ai casi di omonimia. O provate con \u201cAmes, B. N.\u201d. Si ricorderanno ancora i lettori dei suoi lavori riassunti tanti Tempi fa? (nota 1)<\/p>\n<p style=\"text-align: justify;\"><strong>Come si riconosce l\u2019autorevolezza?<\/strong><\/p>\n<p style=\"text-align: justify;\">Quali sono i ricercatori pi\u00f9 competenti\/ pi\u00f9 autorevoli in un certo campo? Quanto pi\u00f9 uno pubblica, tanto pi\u00f9 dimostra di essere in grado di far progredire le conoscenze nel settore. Inoltre le varie riviste non sono tutte uguali. Nel settore della biologia\/biotecnologia vegetale, ve ne sono alcune prestigiosissime (Cell, Nature\u2026), altre prestigiose (Plant Cell), molte medie, alcune specialistiche e poco significative, altre di infimo valore.<\/p>\n<p style=\"text-align: justify;\">Un indice approssimativo del prestigio del giornale \u00e8 dato dal cosiddetto Impact factor (IF, Fattore di impatto) che misura il numero medio di citazioni che il giornale ottiene all\u2019anno. Questo indice si basa sull\u2019assunto (sostanzialmente corretto, anche se soggetto ad errori e distorsioni) che quanto pi\u00f9 una rivista pubblica lavori di buon livello e all\u2019avanguardia, tanto pi\u00f9 sar\u00e0 letta dagli altri scienziati e citata nei loro lavori, perch\u00e9 gli altri scienziati usano di quelle conoscenze per spingersi oltre nel terreno della ricerca. Se una rivista pubblica lavori che nessuno cita, allora vuole dire che quei lavori sono irrilevanti (non importa niente a nessuno) e la rivista avr\u00e0 un basso IF.<\/p>\n<p style=\"text-align: justify;\">Attenzione ancora che una rivista con alto IF non \u00e8 una garanzia che tutto quanto esca sulla rivista sia di buona qualit\u00e0, perch\u00e9 l\u2019IF \u00e8 un indice della bont\u00e0 media della rivista, non del singolo articolo. Ci sono stati casi di riviste prestigiose che hanno pubblicato articoli di bassa qualit\u00e0 o falsi.<\/p>\n<p style=\"text-align: justify;\">La qualit\u00e0 del singolo articolo pu\u00f2 essere stimata in modo spesso adeguato dal numero di citazioni che quel lavoro ottiene successivamente alla pubblicazione. Se riceve centinaia di citazioni (in positivo) vuol dire che ha avuto influenza su molti altri scienziati. Esistono banche dati che, a pagamento, danno il numero di citazioni per ogni singolo lavoro e che compilano le statistiche delle riviste per calcolare l\u2019IF sopra descritto.<\/p>\n<p style=\"text-align: justify;\"><strong>Una prima conclusione importante<\/strong><\/p>\n<p style=\"text-align: justify;\">Se quindi uno scienziato pubblica molto, su riviste prestigiose, con una produzione costante e centrata su un particolare settore e i colleghi del settore citano spesso i suoi lavori, allora quel ricercatore sar\u00e0 particolamente affidabile (che non vuol dire infallibile) in quel campo.<\/p>\n<p style=\"text-align: justify;\">Se tutti gli scienziati che lavorano in un certo settore sono concordi nell\u2019affermare qualche cosa, allora quella cos\u00e0 \u00e8 superaffidabile (non necesariamente corretta, ma, al meglio delle conoscenze del momento, gli esperti la credono tale).<\/p>\n<p style=\"text-align: justify;\"><strong>Una seconda conclusione importante<\/strong><\/p>\n<p style=\"text-align: justify;\">Se un ricercatore parla fuori del suo campo, in genere la sua affidabilit\u00e0 non \u00e8 diversa da quella dell\u2019uomo della strada.\u00a0 Se ad esempio Veronesi (non me ne voglia se adesso lo cito in senso negativo) parla di biotecnologia vegetale, egli non pu\u00f2 pretendere alcuna autorevolezza. Se per\u00f2, quando ne parla, egli riporta quanto dice la maggioranza degli scienziati del settore (cio\u00e8 questi non lo smentiscono o correggono), allora prende in qualche modo a prestito la loro autorevolezza e quanto dice \u00e8 affidabile.<\/p>\n<p style=\"text-align: justify;\">Se invece sostiene cose divere da quelle che la comunit\u00e0 scientifica nazionale\/internazionale del settore sostiene, allora non \u00e8 per nulla affidabile. Attenzione che non necessariamente le cose che dice sono sbagliate, ma \u00e8 molto, ma molto pi\u00f9 facile che sia lui a sbagliarsi piuttosto che si sbagli l\u2019intera comunit\u00e0 scientifica competente (quella che studia e fa ricerca da molti anni in quel particolare campo del sapere).<\/p>\n<p style=\"text-align: justify;\">Come conoscere la posizione prevalente degli scienziati competenti su un argomento? A tale scopo ci sono le societ\u00e0 scientifiche, che raggruppano gli scienziati di un settore, e le Accademie delle scienze, che raggruppano tutti gli scienziati pi\u00f9 prestigiosi (e per questo massimamente affidabili), entrambe a livello sia nazionale che internazionale. Per le societ\u00e0 non basta fare domanda (e pagare la quota!) per essere accettati, ma occorre spesso essere presentati da altri soci e venire aprovati dall\u2019assemblea. Per le accademie addirittura non si fa domanda, ma si viene chiamati.<\/p>\n<p style=\"text-align: justify;\"><strong>Polemiche dei giorni nostri<\/strong><\/p>\n<p style=\"text-align: justify;\">Per tornare al problema di partenza sulle piante transgeniche (impropriamente chiamate OGM nel gergo moderno, v. nota 2) o sul riscaldamento globale, cosa dicono gli scienziati, in Italia e nel mondo? La stragrande maggioranza dice che gli OGM in commercio sono sani quanto quelli convenzionali e in alcuni casi sono meglio, per noi e per l\u2019ambiente. Tutte le maggiori societ\u00e0 scientifiche nei settori pertinenti si sono espresse chiaramente, mentre nessuna ha espresso pareri diversi.<\/p>\n<p style=\"text-align: justify;\">Ben 9 accademie delle scienze sono dello stesso parere (nota 3). In Italia in particolare le societ\u00e0 scientifiche nazionali hanno sottoscritto due documenti sulla questione (Box1). Quindi qualsiasi cosa altri sostengano in difformit\u00e0 a quanto in essi contenuto \u00e8 sicuro (nei limiti imposti dalla scienza e dal suo metodo, ovviamente) che si tratti di cialtronerie. Un esempio \u00e8 appunto l\u2019appello di \u201cLiberi da OGM\u201d dove la grande maggioranza dei firmatari non ha alcuna pubblicazione nel campo (essendo filosofi, economisti, psicologi&#8230;), pochi qualche pubblicazione e pochissimi pubblicazioni pertinenti, mentre scienziati autorevoli favorevoli agli OGM hanno centinaia di pubblicazioni pertinenti e citate (trovate esempi per ciascuno nel box2).<\/p>\n<p style=\"text-align: justify;\">La politica farebbe bene a tener conto di queste differenze quando fa leggi su tematiche come gli OGM. Purtroppo non \u00e8 cos\u00ec, quello che importa spesso ai politici \u00e8 ottenere la propria rielezione (e chi \u00e8 che si licenzia spontamente?) e compiacere il proprio elettorato, cosa che spesso non coincide con fare il suo bene.<\/p>\n<p style=\"text-align: justify;\">Usando gli strumenti qui descritti spero riuscirete a distinguere cialtroni e scienziati. Fate dunque pressioni su coloro che emanano norme perch\u00e9 tengano conto dell\u2019evidenza e sugli scienziati perch\u00e8 non vengano meno al loro dovere di perseguire la verit\u00e0, anche quella invisibile al microscopio.<\/p>\n<p style=\"text-align: center;\"><strong>CHI E&#8217; AUTOREVOLE SUGLI OGM?<\/strong><\/p>\n<p style=\"text-align: justify;\"><strong>Scienziati pro\u00a0Ogm(*)<\/strong><\/p>\n<p style=\"text-align: justify;\">Francesco Salamini\u00a0\u00a0\u00a0&#8211;\u00a0 articoli pubb. su Pubmed:<strong>149<\/strong>\u00a0&#8211; anno ultima pubblicazione:\u00a0<strong>2007<br \/>\n<\/strong>Maarten J Chrispeels\u00a0&#8211; articoli pubb. su Pubmed:<strong>176<\/strong>\u00a0&#8211; anno ultima pubblicazione: <strong>2006<\/strong><\/p>\n<p style=\"text-align: justify;\"><strong>Scienziati anti Ogm (**)<\/strong><\/p>\n<p style=\"text-align: justify;\">Gianni Tamino\u00a0\u00a0\u00a0\u00a0\u00a0 &#8211; articoli pubb. su Pubmed: <strong>4\u00a0&#8211; <\/strong>anno ultima pubblicazione:\u00a0<strong>1983<\/strong><br \/>\nGlaudio Malagoli\u00a0\u00a0\u00a0&#8211; articoli pubb. su Pubmed: <strong>0<br \/>\n<\/strong>Vandana Shiva\u00a0\u00a0\u00a0\u00a0\u00a0&#8211; articoli pubb. su Pubmed: <strong>4 &#8211; <\/strong>anno ultima pubblicazione:\u00a0<strong>1992<\/strong><\/p>\n<p style=\"text-align: justify;\">*\u00a0\u00a0<em>le pubblicazioni sono su riviste scientifiche pertinenti alla biologia\/biotecnologia vegetale<\/em><\/p>\n<p style=\"text-align: justify;\">** <em>le pubblicazioni sono su riviste scientifiche NON pertinenti alla biologia\/biotecnologia vegetale<\/em><\/p>\n<p style=\"text-align: center;\"><em><strong>* * *<\/strong> <\/em><\/p>\n<p style=\"text-align: justify;\"><strong>Note<\/strong><\/p>\n<p style=\"text-align: justify;\"><strong>1)<\/strong> Tempi n.16, 26 Aprile 2000\u00a0\u00a0 e n. 26, 5 Luglio 2000<\/p>\n<p style=\"text-align: justify;\"><strong>2)<\/strong> Tempi n.20, 24 Maggio 2000 e n.31, 31 Luglio 2003<\/p>\n<p style=\"text-align: justify;\"><strong>3)<\/strong> Accademie di: USA, Brasile, Cina, India, Germania, Inghilterra, Messico, Francia, Italia, Terzo Mondo, Accademia Pontificia delle Scienze, &#8230;Si veda ad es. <a href=\"http:\/\/www.nap.edu\/html\/transgenic\/\">http:\/\/www.nap.edu\/html\/transgenic\/<\/a><\/p>\n<p style=\"text-align: center;\"><strong>Documenti delle Accademie e delle societ\u00e0 scientifiche italiane sugli OGM<\/strong><\/p>\n<p style=\"text-align: justify;\"><strong><a href=\"http:\/\/www.accademiaxl.it\/documenti_pdf\/Le%20Biotecnologie.pdf\" target=\"_blank\">Documento congiunto dell\u2019Accadmia dei Lincei e delle Scienze<\/a><\/strong><strong>\u00a0(<a href=\"http:\/\/www.accademiaxl.it\/documenti_pdf\/Sintesi%20del%20Rapporto.pdf\">Sintesi del rapporto<\/a>)<\/strong><\/p>\n<p style=\"text-align: justify;\"><strong><a href=\"http:\/\/www.siga.unina.it\/circolari\/Consensus_ITA.pdf\" target=\"_blank\">Consensus document su &#8211; Sicurezza alimentare e OGM<\/a><\/strong><\/p>\n<p style=\"text-align: justify;\"><strong><a href=\"http:\/\/www.aissa.it\/Consensus2006.pdf\" target=\"_blank\">Consensus document &#8211; Coesistenza<\/a><\/strong><\/p>\n","protected":false},"excerpt":{"rendered":"<p>Tempi 27 settembre 2007 (articolo in versione integrale, senza i tagli redazionali) Tutti bravi a fare gli Einstein con le materie degli altri. Ecco perch\u00e9 non c\u2019\u00e8 da fidarsi dei tuttologi. E quando ci sono di mezzo Ogm e clima\u2026 Come si fa a sapere se un esperto \u00e8 affidabile o no? Piccola guida per &hellip; <\/p>\n<p><a class=\"more-link btn\" href=\"https:\/\/www.rassegnastampa-totustuus.it\/cattolica\/dottori-e-quaquaraqu\/\">Continua a leggere<\/a><\/p>\n","protected":false},"author":6,"featured_media":30459,"comment_status":"closed","ping_status":"open","sticky":false,"template":"","format":"standard","meta":{"footnotes":""},"categories":[3],"tags":[274],"class_list":["post-2810","post","type-post","status-publish","format-standard","has-post-thumbnail","hentry","category-ambientalismo","tag-ogm","item-wrap"],"yoast_head":"<!-- This site is optimized with the Yoast SEO plugin v27.5 - https:\/\/yoast.com\/product\/yoast-seo-wordpress\/ -->\n<title>Dottori e quaquaraqu&agrave; - Rassegna Stampa Cattolica<\/title>\n<meta name=\"description\" content=\"Rassegna Stampa Cattolica - Per una cultura che nasce dalla Rivelazione cristiana in conformit\u00e0 alla tradizione e al Magistero della Chiesa in opposizione ad ogni relativismo e totalitarismo\" \/>\n<meta name=\"robots\" content=\"index, follow, max-snippet:-1, max-image-preview:large, max-video-preview:-1\" \/>\n<link rel=\"canonical\" href=\"https:\/\/www.rassegnastampa-totustuus.it\/cattolica\/dottori-e-quaquaraqu\/\" \/>\n<meta property=\"og:locale\" content=\"it_IT\" \/>\n<meta property=\"og:type\" content=\"article\" \/>\n<meta property=\"og:title\" content=\"Dottori e quaquaraqu&agrave; - Rassegna Stampa Cattolica\" \/>\n<meta property=\"og:description\" content=\"Rassegna Stampa Cattolica - Per una cultura che nasce dalla Rivelazione cristiana in conformit\u00e0 alla tradizione e al Magistero della Chiesa in opposizione ad ogni relativismo e totalitarismo\" \/>\n<meta property=\"og:url\" content=\"https:\/\/www.rassegnastampa-totustuus.it\/cattolica\/dottori-e-quaquaraqu\/\" \/>\n<meta property=\"og:site_name\" content=\"Rassegna Stampa Cattolica\" \/>\n<meta property=\"article:publisher\" content=\"https:\/\/www.facebook.com\/rassegnastampacattolica\" \/>\n<meta property=\"article:published_time\" content=\"2009-03-11T12:36:03+00:00\" \/>\n<meta property=\"article:modified_time\" content=\"2016-02-07T10:51:24+00:00\" \/>\n<meta property=\"og:image\" content=\"https:\/\/www.rassegnastampa-totustuus.it\/cattolica\/wp-content\/uploads\/2009\/03\/libri.jpg\" \/>\n\t<meta property=\"og:image:width\" content=\"240\" \/>\n\t<meta property=\"og:image:height\" content=\"159\" \/>\n\t<meta property=\"og:image:type\" content=\"image\/jpeg\" \/>\n<meta name=\"author\" content=\"Redazione\" \/>\n<meta name=\"twitter:card\" content=\"summary_large_image\" \/>\n<meta name=\"twitter:creator\" content=\"@rassegnastampa9\" \/>\n<meta name=\"twitter:site\" content=\"@rassegnastampa9\" \/>\n<meta name=\"twitter:label1\" content=\"Scritto da\" \/>\n\t<meta name=\"twitter:data1\" content=\"Redazione\" \/>\n\t<meta name=\"twitter:label2\" content=\"Tempo di lettura stimato\" \/>\n\t<meta name=\"twitter:data2\" content=\"9 minuti\" \/>\n<script type=\"application\/ld+json\" class=\"yoast-schema-graph\">{\"@context\":\"https:\\\/\\\/schema.org\",\"@graph\":[{\"@type\":\"Article\",\"@id\":\"https:\\\/\\\/www.rassegnastampa-totustuus.it\\\/cattolica\\\/dottori-e-quaquaraqu\\\/#article\",\"isPartOf\":{\"@id\":\"https:\\\/\\\/www.rassegnastampa-totustuus.it\\\/cattolica\\\/dottori-e-quaquaraqu\\\/\"},\"author\":{\"name\":\"Redazione\",\"@id\":\"https:\\\/\\\/www.rassegnastampa-totustuus.it\\\/cattolica\\\/#\\\/schema\\\/person\\\/08f319d2bd1a0904ad9e2bfb7b15e5c3\"},\"headline\":\"Dottori e quaquaraqu&agrave;\",\"datePublished\":\"2009-03-11T12:36:03+00:00\",\"dateModified\":\"2016-02-07T10:51:24+00:00\",\"mainEntityOfPage\":{\"@id\":\"https:\\\/\\\/www.rassegnastampa-totustuus.it\\\/cattolica\\\/dottori-e-quaquaraqu\\\/\"},\"wordCount\":1755,\"publisher\":{\"@id\":\"https:\\\/\\\/www.rassegnastampa-totustuus.it\\\/cattolica\\\/#organization\"},\"image\":{\"@id\":\"https:\\\/\\\/www.rassegnastampa-totustuus.it\\\/cattolica\\\/dottori-e-quaquaraqu\\\/#primaryimage\"},\"thumbnailUrl\":\"https:\\\/\\\/www.rassegnastampa-totustuus.it\\\/cattolica\\\/wp-content\\\/uploads\\\/2009\\\/03\\\/libri.jpg\",\"keywords\":[\"ogm\"],\"articleSection\":[\"Ambientalismo\"],\"inLanguage\":\"it-IT\"},{\"@type\":\"WebPage\",\"@id\":\"https:\\\/\\\/www.rassegnastampa-totustuus.it\\\/cattolica\\\/dottori-e-quaquaraqu\\\/\",\"url\":\"https:\\\/\\\/www.rassegnastampa-totustuus.it\\\/cattolica\\\/dottori-e-quaquaraqu\\\/\",\"name\":\"Dottori e quaquaraqu&agrave; - Rassegna Stampa Cattolica\",\"isPartOf\":{\"@id\":\"https:\\\/\\\/www.rassegnastampa-totustuus.it\\\/cattolica\\\/#website\"},\"primaryImageOfPage\":{\"@id\":\"https:\\\/\\\/www.rassegnastampa-totustuus.it\\\/cattolica\\\/dottori-e-quaquaraqu\\\/#primaryimage\"},\"image\":{\"@id\":\"https:\\\/\\\/www.rassegnastampa-totustuus.it\\\/cattolica\\\/dottori-e-quaquaraqu\\\/#primaryimage\"},\"thumbnailUrl\":\"https:\\\/\\\/www.rassegnastampa-totustuus.it\\\/cattolica\\\/wp-content\\\/uploads\\\/2009\\\/03\\\/libri.jpg\",\"datePublished\":\"2009-03-11T12:36:03+00:00\",\"dateModified\":\"2016-02-07T10:51:24+00:00\",\"description\":\"Rassegna Stampa Cattolica - Per una cultura che nasce dalla Rivelazione cristiana in conformit\u00e0 alla tradizione e al Magistero della Chiesa in opposizione ad ogni relativismo e totalitarismo\",\"breadcrumb\":{\"@id\":\"https:\\\/\\\/www.rassegnastampa-totustuus.it\\\/cattolica\\\/dottori-e-quaquaraqu\\\/#breadcrumb\"},\"inLanguage\":\"it-IT\",\"potentialAction\":[{\"@type\":\"ReadAction\",\"target\":[\"https:\\\/\\\/www.rassegnastampa-totustuus.it\\\/cattolica\\\/dottori-e-quaquaraqu\\\/\"]}]},{\"@type\":\"ImageObject\",\"inLanguage\":\"it-IT\",\"@id\":\"https:\\\/\\\/www.rassegnastampa-totustuus.it\\\/cattolica\\\/dottori-e-quaquaraqu\\\/#primaryimage\",\"url\":\"https:\\\/\\\/www.rassegnastampa-totustuus.it\\\/cattolica\\\/wp-content\\\/uploads\\\/2009\\\/03\\\/libri.jpg\",\"contentUrl\":\"https:\\\/\\\/www.rassegnastampa-totustuus.it\\\/cattolica\\\/wp-content\\\/uploads\\\/2009\\\/03\\\/libri.jpg\",\"width\":240,\"height\":159},{\"@type\":\"BreadcrumbList\",\"@id\":\"https:\\\/\\\/www.rassegnastampa-totustuus.it\\\/cattolica\\\/dottori-e-quaquaraqu\\\/#breadcrumb\",\"itemListElement\":[{\"@type\":\"ListItem\",\"position\":1,\"name\":\"Home\",\"item\":\"https:\\\/\\\/www.rassegnastampa-totustuus.it\\\/cattolica\\\/\"},{\"@type\":\"ListItem\",\"position\":2,\"name\":\"Dottori e quaquaraqu&agrave;\"}]},{\"@type\":\"WebSite\",\"@id\":\"https:\\\/\\\/www.rassegnastampa-totustuus.it\\\/cattolica\\\/#website\",\"url\":\"https:\\\/\\\/www.rassegnastampa-totustuus.it\\\/cattolica\\\/\",\"name\":\"Rassegna Stampa Cattolica\",\"description\":\"Per una cultura che nasce dalla Rivelazione cristiana in conformit\u00e0 alla tradizione e al Magistero della Chiesa in opposizione ad ogni relativismo e totalitarismo\",\"publisher\":{\"@id\":\"https:\\\/\\\/www.rassegnastampa-totustuus.it\\\/cattolica\\\/#organization\"},\"alternateName\":\"Rass. Cattolica\",\"potentialAction\":[{\"@type\":\"SearchAction\",\"target\":{\"@type\":\"EntryPoint\",\"urlTemplate\":\"https:\\\/\\\/www.rassegnastampa-totustuus.it\\\/cattolica\\\/?s={search_term_string}\"},\"query-input\":{\"@type\":\"PropertyValueSpecification\",\"valueRequired\":true,\"valueName\":\"search_term_string\"}}],\"inLanguage\":\"it-IT\"},{\"@type\":\"Organization\",\"@id\":\"https:\\\/\\\/www.rassegnastampa-totustuus.it\\\/cattolica\\\/#organization\",\"name\":\"Rassegna Stampa Cattolica\",\"url\":\"https:\\\/\\\/www.rassegnastampa-totustuus.it\\\/cattolica\\\/\",\"logo\":{\"@type\":\"ImageObject\",\"inLanguage\":\"it-IT\",\"@id\":\"https:\\\/\\\/www.rassegnastampa-totustuus.it\\\/cattolica\\\/#\\\/schema\\\/logo\\\/image\\\/\",\"url\":\"https:\\\/\\\/www.rassegnastampa-totustuus.it\\\/cattolica\\\/wp-content\\\/uploads\\\/2014\\\/04\\\/logo-rassegna1.gif\",\"contentUrl\":\"https:\\\/\\\/www.rassegnastampa-totustuus.it\\\/cattolica\\\/wp-content\\\/uploads\\\/2014\\\/04\\\/logo-rassegna1.gif\",\"width\":600,\"height\":163,\"caption\":\"Rassegna Stampa Cattolica\"},\"image\":{\"@id\":\"https:\\\/\\\/www.rassegnastampa-totustuus.it\\\/cattolica\\\/#\\\/schema\\\/logo\\\/image\\\/\"},\"sameAs\":[\"https:\\\/\\\/www.facebook.com\\\/rassegnastampacattolica\",\"https:\\\/\\\/x.com\\\/rassegnastampa9\"]},{\"@type\":\"Person\",\"@id\":\"https:\\\/\\\/www.rassegnastampa-totustuus.it\\\/cattolica\\\/#\\\/schema\\\/person\\\/08f319d2bd1a0904ad9e2bfb7b15e5c3\",\"name\":\"Redazione\",\"image\":{\"@type\":\"ImageObject\",\"inLanguage\":\"it-IT\",\"@id\":\"https:\\\/\\\/secure.gravatar.com\\\/avatar\\\/2fcdf27c78ea025fbdb44e914cc63c72249ffec9dc8aafd5c82b26240ef3f346?s=96&d=mm&r=g\",\"url\":\"https:\\\/\\\/secure.gravatar.com\\\/avatar\\\/2fcdf27c78ea025fbdb44e914cc63c72249ffec9dc8aafd5c82b26240ef3f346?s=96&d=mm&r=g\",\"contentUrl\":\"https:\\\/\\\/secure.gravatar.com\\\/avatar\\\/2fcdf27c78ea025fbdb44e914cc63c72249ffec9dc8aafd5c82b26240ef3f346?s=96&d=mm&r=g\",\"caption\":\"Redazione\"},\"url\":\"https:\\\/\\\/www.rassegnastampa-totustuus.it\\\/cattolica\\\/author\\\/pietroelle\\\/\"}]}<\/script>\n<!-- \/ Yoast SEO plugin. -->","yoast_head_json":{"title":"Dottori e quaquaraqu&agrave; - Rassegna Stampa Cattolica","description":"Rassegna Stampa Cattolica - Per una cultura che nasce dalla Rivelazione cristiana in conformit\u00e0 alla tradizione e al Magistero della Chiesa in opposizione ad ogni relativismo e totalitarismo","robots":{"index":"index","follow":"follow","max-snippet":"max-snippet:-1","max-image-preview":"max-image-preview:large","max-video-preview":"max-video-preview:-1"},"canonical":"https:\/\/www.rassegnastampa-totustuus.it\/cattolica\/dottori-e-quaquaraqu\/","og_locale":"it_IT","og_type":"article","og_title":"Dottori e quaquaraqu&agrave; - Rassegna Stampa Cattolica","og_description":"Rassegna Stampa Cattolica - Per una cultura che nasce dalla Rivelazione cristiana in conformit\u00e0 alla tradizione e al Magistero della Chiesa in opposizione ad ogni relativismo e totalitarismo","og_url":"https:\/\/www.rassegnastampa-totustuus.it\/cattolica\/dottori-e-quaquaraqu\/","og_site_name":"Rassegna Stampa Cattolica","article_publisher":"https:\/\/www.facebook.com\/rassegnastampacattolica","article_published_time":"2009-03-11T12:36:03+00:00","article_modified_time":"2016-02-07T10:51:24+00:00","og_image":[{"width":240,"height":159,"url":"https:\/\/www.rassegnastampa-totustuus.it\/cattolica\/wp-content\/uploads\/2009\/03\/libri.jpg","type":"image\/jpeg"}],"author":"Redazione","twitter_card":"summary_large_image","twitter_creator":"@rassegnastampa9","twitter_site":"@rassegnastampa9","twitter_misc":{"Scritto da":"Redazione","Tempo di lettura stimato":"9 minuti"},"schema":{"@context":"https:\/\/schema.org","@graph":[{"@type":"Article","@id":"https:\/\/www.rassegnastampa-totustuus.it\/cattolica\/dottori-e-quaquaraqu\/#article","isPartOf":{"@id":"https:\/\/www.rassegnastampa-totustuus.it\/cattolica\/dottori-e-quaquaraqu\/"},"author":{"name":"Redazione","@id":"https:\/\/www.rassegnastampa-totustuus.it\/cattolica\/#\/schema\/person\/08f319d2bd1a0904ad9e2bfb7b15e5c3"},"headline":"Dottori e quaquaraqu&agrave;","datePublished":"2009-03-11T12:36:03+00:00","dateModified":"2016-02-07T10:51:24+00:00","mainEntityOfPage":{"@id":"https:\/\/www.rassegnastampa-totustuus.it\/cattolica\/dottori-e-quaquaraqu\/"},"wordCount":1755,"publisher":{"@id":"https:\/\/www.rassegnastampa-totustuus.it\/cattolica\/#organization"},"image":{"@id":"https:\/\/www.rassegnastampa-totustuus.it\/cattolica\/dottori-e-quaquaraqu\/#primaryimage"},"thumbnailUrl":"https:\/\/www.rassegnastampa-totustuus.it\/cattolica\/wp-content\/uploads\/2009\/03\/libri.jpg","keywords":["ogm"],"articleSection":["Ambientalismo"],"inLanguage":"it-IT"},{"@type":"WebPage","@id":"https:\/\/www.rassegnastampa-totustuus.it\/cattolica\/dottori-e-quaquaraqu\/","url":"https:\/\/www.rassegnastampa-totustuus.it\/cattolica\/dottori-e-quaquaraqu\/","name":"Dottori e quaquaraqu&agrave; - Rassegna Stampa Cattolica","isPartOf":{"@id":"https:\/\/www.rassegnastampa-totustuus.it\/cattolica\/#website"},"primaryImageOfPage":{"@id":"https:\/\/www.rassegnastampa-totustuus.it\/cattolica\/dottori-e-quaquaraqu\/#primaryimage"},"image":{"@id":"https:\/\/www.rassegnastampa-totustuus.it\/cattolica\/dottori-e-quaquaraqu\/#primaryimage"},"thumbnailUrl":"https:\/\/www.rassegnastampa-totustuus.it\/cattolica\/wp-content\/uploads\/2009\/03\/libri.jpg","datePublished":"2009-03-11T12:36:03+00:00","dateModified":"2016-02-07T10:51:24+00:00","description":"Rassegna Stampa Cattolica - Per una cultura che nasce dalla Rivelazione cristiana in conformit\u00e0 alla tradizione e al Magistero della Chiesa in opposizione ad ogni relativismo e totalitarismo","breadcrumb":{"@id":"https:\/\/www.rassegnastampa-totustuus.it\/cattolica\/dottori-e-quaquaraqu\/#breadcrumb"},"inLanguage":"it-IT","potentialAction":[{"@type":"ReadAction","target":["https:\/\/www.rassegnastampa-totustuus.it\/cattolica\/dottori-e-quaquaraqu\/"]}]},{"@type":"ImageObject","inLanguage":"it-IT","@id":"https:\/\/www.rassegnastampa-totustuus.it\/cattolica\/dottori-e-quaquaraqu\/#primaryimage","url":"https:\/\/www.rassegnastampa-totustuus.it\/cattolica\/wp-content\/uploads\/2009\/03\/libri.jpg","contentUrl":"https:\/\/www.rassegnastampa-totustuus.it\/cattolica\/wp-content\/uploads\/2009\/03\/libri.jpg","width":240,"height":159},{"@type":"BreadcrumbList","@id":"https:\/\/www.rassegnastampa-totustuus.it\/cattolica\/dottori-e-quaquaraqu\/#breadcrumb","itemListElement":[{"@type":"ListItem","position":1,"name":"Home","item":"https:\/\/www.rassegnastampa-totustuus.it\/cattolica\/"},{"@type":"ListItem","position":2,"name":"Dottori e quaquaraqu&agrave;"}]},{"@type":"WebSite","@id":"https:\/\/www.rassegnastampa-totustuus.it\/cattolica\/#website","url":"https:\/\/www.rassegnastampa-totustuus.it\/cattolica\/","name":"Rassegna Stampa Cattolica","description":"Per una cultura che nasce dalla Rivelazione cristiana in conformit\u00e0 alla tradizione e al Magistero della Chiesa in opposizione ad ogni relativismo e totalitarismo","publisher":{"@id":"https:\/\/www.rassegnastampa-totustuus.it\/cattolica\/#organization"},"alternateName":"Rass. Cattolica","potentialAction":[{"@type":"SearchAction","target":{"@type":"EntryPoint","urlTemplate":"https:\/\/www.rassegnastampa-totustuus.it\/cattolica\/?s={search_term_string}"},"query-input":{"@type":"PropertyValueSpecification","valueRequired":true,"valueName":"search_term_string"}}],"inLanguage":"it-IT"},{"@type":"Organization","@id":"https:\/\/www.rassegnastampa-totustuus.it\/cattolica\/#organization","name":"Rassegna Stampa Cattolica","url":"https:\/\/www.rassegnastampa-totustuus.it\/cattolica\/","logo":{"@type":"ImageObject","inLanguage":"it-IT","@id":"https:\/\/www.rassegnastampa-totustuus.it\/cattolica\/#\/schema\/logo\/image\/","url":"https:\/\/www.rassegnastampa-totustuus.it\/cattolica\/wp-content\/uploads\/2014\/04\/logo-rassegna1.gif","contentUrl":"https:\/\/www.rassegnastampa-totustuus.it\/cattolica\/wp-content\/uploads\/2014\/04\/logo-rassegna1.gif","width":600,"height":163,"caption":"Rassegna Stampa Cattolica"},"image":{"@id":"https:\/\/www.rassegnastampa-totustuus.it\/cattolica\/#\/schema\/logo\/image\/"},"sameAs":["https:\/\/www.facebook.com\/rassegnastampacattolica","https:\/\/x.com\/rassegnastampa9"]},{"@type":"Person","@id":"https:\/\/www.rassegnastampa-totustuus.it\/cattolica\/#\/schema\/person\/08f319d2bd1a0904ad9e2bfb7b15e5c3","name":"Redazione","image":{"@type":"ImageObject","inLanguage":"it-IT","@id":"https:\/\/secure.gravatar.com\/avatar\/2fcdf27c78ea025fbdb44e914cc63c72249ffec9dc8aafd5c82b26240ef3f346?s=96&d=mm&r=g","url":"https:\/\/secure.gravatar.com\/avatar\/2fcdf27c78ea025fbdb44e914cc63c72249ffec9dc8aafd5c82b26240ef3f346?s=96&d=mm&r=g","contentUrl":"https:\/\/secure.gravatar.com\/avatar\/2fcdf27c78ea025fbdb44e914cc63c72249ffec9dc8aafd5c82b26240ef3f346?s=96&d=mm&r=g","caption":"Redazione"},"url":"https:\/\/www.rassegnastampa-totustuus.it\/cattolica\/author\/pietroelle\/"}]}},"_links":{"self":[{"href":"https:\/\/www.rassegnastampa-totustuus.it\/cattolica\/wp-json\/wp\/v2\/posts\/2810","targetHints":{"allow":["GET"]}}],"collection":[{"href":"https:\/\/www.rassegnastampa-totustuus.it\/cattolica\/wp-json\/wp\/v2\/posts"}],"about":[{"href":"https:\/\/www.rassegnastampa-totustuus.it\/cattolica\/wp-json\/wp\/v2\/types\/post"}],"author":[{"embeddable":true,"href":"https:\/\/www.rassegnastampa-totustuus.it\/cattolica\/wp-json\/wp\/v2\/users\/6"}],"replies":[{"embeddable":true,"href":"https:\/\/www.rassegnastampa-totustuus.it\/cattolica\/wp-json\/wp\/v2\/comments?post=2810"}],"version-history":[{"count":4,"href":"https:\/\/www.rassegnastampa-totustuus.it\/cattolica\/wp-json\/wp\/v2\/posts\/2810\/revisions"}],"predecessor-version":[{"id":30460,"href":"https:\/\/www.rassegnastampa-totustuus.it\/cattolica\/wp-json\/wp\/v2\/posts\/2810\/revisions\/30460"}],"wp:featuredmedia":[{"embeddable":true,"href":"https:\/\/www.rassegnastampa-totustuus.it\/cattolica\/wp-json\/wp\/v2\/media\/30459"}],"wp:attachment":[{"href":"https:\/\/www.rassegnastampa-totustuus.it\/cattolica\/wp-json\/wp\/v2\/media?parent=2810"}],"wp:term":[{"taxonomy":"category","embeddable":true,"href":"https:\/\/www.rassegnastampa-totustuus.it\/cattolica\/wp-json\/wp\/v2\/categories?post=2810"},{"taxonomy":"post_tag","embeddable":true,"href":"https:\/\/www.rassegnastampa-totustuus.it\/cattolica\/wp-json\/wp\/v2\/tags?post=2810"}],"curies":[{"name":"wp","href":"https:\/\/api.w.org\/{rel}","templated":true}]}}