{"id":2803,"date":"2009-03-10T11:59:57","date_gmt":"2009-03-10T10:59:57","guid":{"rendered":""},"modified":"2016-01-24T12:11:11","modified_gmt":"2016-01-24T11:11:11","slug":"testamento-biologico-no-grazie","status":"publish","type":"post","link":"https:\/\/www.rassegnastampa-totustuus.it\/cattolica\/testamento-biologico-no-grazie\/","title":{"rendered":"Testamento biologico? No grazie"},"content":{"rendered":"<div style=\"text-align: center;\"><strong><a href=\"https:\/\/www.rassegnastampa-totustuus.it\/cattolica\/wp-content\/uploads\/2009\/03\/testamento.jpg\"><img loading=\"lazy\" decoding=\"async\" class=\"alignright wp-image-29768\" src=\"https:\/\/www.rassegnastampa-totustuus.it\/cattolica\/wp-content\/uploads\/2009\/03\/testamento.jpg\" alt=\"testamento\" width=\"250\" height=\"198\" \/><\/a>Il Timone<\/strong> n.80 febbraio 2009<\/div>\n<p style=\"text-align: justify;\"><em>Nessuna persona in salute pu\u00f2 prevedere che cosa prova quando si \u00e8 colpiti da una malattia incurabile, n\u00e9 i progressi scientifici e medici nella cura. e potrebbe cambiare idea su come essere trattato, senza per\u00f2 essere in grado di dirlo<\/em><\/p>\n<p style=\"text-align: center;\">\u00a0di <strong>padre Giorgio M. Carbone, OP<\/strong><\/p>\n<p><!--more--><\/p>\n<div style=\"text-align: justify;\">Che cos&#8217;\u00e8 il testamento biologico? Il testamento biologico \u00e8 un documento redatto o un modulo sottoscritto da un qualsiasi cittadino con il quale egli, oggi sano, esprime la sua volont\u00e0 circa i trattamenti sanitari e circa il suo morire, per il tempo in cui non sar\u00e0 in grado di intendere e di volere.<\/div>\n<p style=\"text-align: justify;\">Il testamento biologico &#8211; sostengono alcuni &#8211; sarebbe un ottimo strumento per escludere l&#8217;accanimento diagnostico-terapuetico. Ma l&#8217;accanimento \u00e8 concordemente condannato: il Codice di deontologia medica contempla gi\u00e0 tra i doveri del medico l&#8217;evitare l&#8217;accanimento. Perci\u00f2 sotto questo profilo il testamento biologico \u00e8 perfettamente inutile.<\/p>\n<p style=\"text-align: justify;\"><strong>Testamento biologico e consenso informato<\/strong><\/p>\n<p style=\"text-align: justify;\">II testamento biologico viene salutato come la pi\u00f9 alta espressione della volont\u00e0 del paziente, come il traguardo del consenso informato. Il cittadino, quando dovesse redigere il testamento biologico, sarebbe costretto ad immaginare una situazione futura sconosciuta, dovrebbe rispondere a una domanda simile: se mi trovassi attaccato ad un respiratore o immobilizzato in un reparto di rianimazione, che cosa chiederei al medico? Davanti ad un&#8217;ipotesi simile tutti proviamo paura ed orrore e ci\u00f2 condiziona potentemente l&#8217;espressione della volont\u00e0.<\/p>\n<p style=\"text-align: justify;\">L&#8217;estensore del testamento subirebbe cosi una coartazione della volont\u00e0 ed esprimerebbe le proprie disposizioni senza conoscerne con precisione l&#8217;oggetto. Il testamento biologico non pu\u00f2 essere giustificato sulla base del consenso informato, perch\u00e9 il consenso deve essere espresso quando il medico comunica la diagnosi e propone la terapia e l&#8217;informazione deve riguardare un quadro clinico concreto e non ipotetico.<\/p>\n<p style=\"text-align: justify;\"><strong>Tre obiezioni<\/strong><\/p>\n<p style=\"text-align: justify;\">Inoltre, la prudenza che nasce dall&#8217;esperienza della vita concreta pu\u00f2 fare tre obiezioni.<\/p>\n<p style=\"text-align: justify;\">1) Nessuna persona sana e nel pieno possesso delle facolt\u00e0 mentali pu\u00f2 sapere che cosa si prova quando si \u00e8 colpiti da una i malattia incurabile e si \u00e8 entrati nella fase avanzata di essa. Chi scrive il testamento \u00e8 estraneo al vissuto della malattia. Perci\u00f2 invocare il principio del consenso informato \u00e8 fuorviante.<\/p>\n<p style=\"text-align: justify;\">2) Nessuno pu\u00f2 prevedere con certezza quali saranno i progressi scientifici e medici nella diagnosi e nella cura di una malattia. Terapie oggi penose, domani, grazie ai progressi tecnici, potrebbero essere praticate con minori oneri. Perci\u00f2 il testamento reso oggi per un futuro prossimo o remoto potrebbe diventare impreciso o fuori luogo.<\/p>\n<p style=\"text-align: justify;\">3) Non \u00e8 detto che le volont\u00e0 che io oggi esprimo corrispondano esattamente a ci\u00f2 che io desiderer\u00e0 quando sar\u00f2 colpito da una malattia grave e sar\u00f2 incapace di esprimere i miei desideri. Potrei aver cambiato idea e non aver avuto il tempo di manifestarlo. Posti tutti questi dubbi circa un bene fondamentale, com&#8217;\u00e8 quello della vita, \u00e8 doveroso astenersi da qualsiasi atto che possa pregiudicarla in forza del principio di precauzione.<\/p>\n<p style=\"text-align: justify;\">In altri termini, \u00e8 vero che il medico non pu\u00f2 essere certo che il malato abbia cambiato idea: potrebbe averla cambiata, il che \u00e8 la cosa pi\u00f9 probabile, per\u00f2 pu\u00f2 anche non averla cambiata. Ma se \u00e8 in dubbio sull&#8217;autentica volont\u00e0 attuale del soggetto, non deve correre il rischio di non somministrare delle terapie proporzionate senza le quali il malato muore.<\/p>\n<p style=\"text-align: justify;\"><strong>Testamento biologico e libert\u00e0 del paziente di decidere in autonomia<\/strong><\/p>\n<p style=\"text-align: justify;\">II testamento biologico \u00e8 presentato dai suoi fautori come l&#8217;espressione pi\u00f9 alta dell&#8217;autonomia del paziente: il malato sarebbe finalmente protagonista della propria vita, potrebbe decidere con la massima autonomia senza subire angherie dalla medicina moderna ed iniziative gratuite dal medico. Il modello medico-paziente che sottost\u00e0 al testamento biologico \u00e8 quello contrattualistico che suppone una parit\u00e0 fra medico e paziente.<\/p>\n<p style=\"text-align: justify;\">Tale modello, per\u00f2, altera l&#8217;identit\u00e0 delle due figure. Il medico, da professionista che agisce nell&#8217;interesse ed in vista della salute del paziente, \u00e8 ridotto ad essere un esecutore delle volont\u00e0 del paziente: il medico sar\u00e0 anche abilissimo tecnicamente, ma, una volta introdotto il testamento biologico, non potr\u00e0 pi\u00f9 prendere alcuna decisione e, se le disposizioni del testamento biologico fossero vincolanti, non avrebbe pi\u00f9 la facolt\u00e0 di valutare il quadro clinico ed il carattere proporzionato o meno delle terapie.<\/p>\n<p style=\"text-align: justify;\">Il paziente diventerebbe un puro cliente che potr\u00e0 chiedere tutto al medico. Il testamento riconoscerebbe al paziente anche la capacit\u00e0 di prevedere a tavolino un astratto quadro clinico e fissare dei limiti oltre i quali ci sarebbe accanimento.<\/p>\n<p style=\"text-align: justify;\">In realt\u00e0, la parit\u00e0 tra i due contraenti non esiste, perch\u00e9 il medico \u00absa\u00bb, mentre il paziente, anche quando \u00e8 perfettamente informato sulle sue condizioni e sulle possibilit\u00e0 terapeutiche, non \u00e8 libero di sfuggire alla malattia e spesso \u00e8 incapace di un confronto obiettivo con istanze morali e scientifiche. Il rapporto medico-paziente \u00e8 un rapporto strutturalmente asimmetrico.<\/p>\n<p style=\"text-align: justify;\">Il medico, se non vuole essere ridotto a semplice erogatore di servizi, deve conservare la sua autonomia professionale e la sua dignit\u00e0 etica per cui, avendo di mira il bene e la vita del paziente, valuter\u00e0 sempre se le richieste del paziente o il trattamento terapeutico adottato siano adeguati al caso concreto.<\/p>\n<p style=\"text-align: justify;\">\u00c8 decisivo che il medico si faccia carico dello stato complessivo del paziente suo interlocutore, creando tutte le condizioni perch\u00e9 il paziente, mediante il dialogo, l&#8217;informazione e l&#8217;incoraggiamento, possa orientarsi verso la scelta migliore per la sua persona. Inoltre, il quadro clinico \u00e8 qualcosa di estremamente mutevole e ci\u00f2 incide sulla necessit\u00e0 di valutare in tempo reale e non astrattamente il grado di proporzione tra terapia ed effetti ottenuti o sperabili.<\/p>\n<p style=\"text-align: justify;\">Perci\u00f2, il testamento biologico, mentre sembra esaltare la libera scelta del malato, in realt\u00e0 ne lede gravemente la dignit\u00e0, perch\u00e9 il valore di un individuo umano, per quanto malato, non dipende dalla pi\u00f9 o meno normale vita di relazione, che \u00e8 in grado di vivere. Il testamento biologico carica il futuro paziente di una responsabilit\u00e0 sproporzionata, quella di prendere adesso una decisione immaginando una situazione futura del tutto sconosciuta.<\/p>\n<p style=\"text-align: justify;\"><strong>Testamento biologico e testamento patrimoniale<\/strong><\/p>\n<p style=\"text-align: justify;\">Inoltre, dicono alcuni, come lo Stato riconosce efficacia giuridica al testamento con cui un cittadino dispone dei suoi beni patrimoniali, cos\u00ec \u00e8 necessaria una legge dello Stato che dia efficacia giuridica alla volont\u00e0 del cittadino in ordine alla fase finale della sua vita. In questo j modo il testamento biologico renderebbe disponibile il bene della vita fisica. Ora, le moderne societ\u00e0 civili si fondano sul principio dell&#8217;indisponibilit\u00e0 della vita fisica, cio\u00e8 del mio esistere. La vita fisica \u00e8 indisponibile:<\/p>\n<p style=\"text-align: justify;\">1) perch\u00e9 il mio esistere \u00e8 la condizione! per poter compiere atti e gesti di libert\u00e0. Perci\u00f2 \u00e8 ovvio ricordare che, se disponessi del mio esistere privandomi di esso, mi precluderei qualsiasi esercizio futuro della libert\u00e0;<\/p>\n<p style=\"text-align: justify;\">2) perch\u00e9 io, pur godendo dell&#8217;esistenza, sperimento di non esser venuto all&#8217;esistenza di mia iniziativa, ma piuttosto che l&#8217;ho ricevuta e che mi potrebbe essere tolta in qualsiasi istante, sebbene la volont\u00e0 mia o altrui si opponga.<\/p>\n<p style=\"text-align: justify;\">lo non sono la causa efficiente del mio esserci. Perci\u00f2 devo ammettere di dipendere nell&#8217;essere e che il mio esistere \u00e8 un bene che non mi sono dato. Ora, mentre posso disporre di quei beni alla cui esistenza io concorro come causa efficiente (come ad esempio la propriet\u00e0 di oggetti o le prestazioni professionali), non posso eticamente disporre di quei beni di cui non sono causa. Ed \u00e8 proprio questo il caso del mio esserci.<\/p>\n<p style=\"text-align: justify;\">Sul principio \u00abl&#8217;esistenza fisica umana \u00e8 un bene indisponibile\u00bb si \u00e8 costrutta la civilt\u00e0 umana e la pacifica convivenza. Da esso si \u00e8 sviluppata la convinzione della pari dignit\u00e0 e dell&#8217;uguaglianza tra gli esseri umani, perch\u00e9 dire che l&#8217;esistenza fisica umana \u00e8 un bene indisponibile significa dire che essa non ha un prezzo, non \u00e8 misurabile in termini monetari, ma ha un valore mai riducibile in termini quantitativi, ha appunto una dignit\u00e0 eccelsa.<\/p>\n<p style=\"text-align: justify;\"><strong>Testamento biologico e abbandono del malato<\/strong><\/p>\n<p style=\"text-align: justify;\">Chi redige il testamento si espone &#8211; forse I senza saperlo &#8211; al rischio di morire di fame e di sete rinunciando all&#8217;idratazione ed all&#8217;alimentazione mediante fleboclisi o sondino naso-gastrico. Le motivazioni addotte a favore del testamento biologico giocano su un&#8217;ambiguit\u00e0: per evitare l&#8217;accanimento &#8211; terapeutico si propone il testamento biologico, cio\u00e8 la generica e vaga rinuncia a terapie.<\/p>\n<p style=\"text-align: justify;\">Tuttavia, mentre \u00e8 moralmente lecito, anzi doveroso, sospendere tutti quegli atti diagnostici o\/e terapeutici che si configurano come accanimento ostinato, non \u00e8 mai lecito omettere di idratare e alimentare, perch\u00e9 idratare ed alimentare non sono terapie.<\/p>\n<p style=\"text-align: justify;\">Se lo fossero, allora tutte le volte che ci sediamo a tavola ci sottoporremo a una terapia? Il testamento biologico nella sua genericit\u00e0 legittima l&#8217;abbandono terapeutico di molti malati che grazie alle moderne tecnologie potrebbero continuare a vivere e ad esprimere la loro personalit\u00e0. Attenua la solidariet\u00e0 umana e i! vincolo morale e professionale che lega il medico al bene della persona malata. Spinge verso l&#8217;eutanasia volontaria e preventiva.<\/p>\n<p style=\"text-align: justify;\"><strong>Uno scudo per i medici<\/strong><\/p>\n<p style=\"text-align: justify;\">L&#8217;effetto principale del testamento di vita consiste nel mettere al riparo i medici dal pericolo di azioni giudiziarie in sede civile da parte dei parenti insoddisfatti per un trattamento in fase cronica o terminale. \u00c8 in altre parole una specie di ombrello difensivo per i medici e per tutto il mondo che ruota intorno all&#8217;atto medico e alle responsabilit\u00e0 ad esso collegate. Con questo \u00abtrucco&#8221; legale, infatti, il medico si libera della responsabilit\u00e0 e scarica ogni decisione sulla volont\u00e0 del paziente. Cosi, le assicurazioni degli ospedali e delle aziende sanitarie che tutelano l&#8217;operato dei dici possono stare finalmente pi\u00f9 tranquille.<\/p>\n<p style=\"text-align: justify;\">Per uscire dalla logica del testamento biologico \u00e8 necessario superare il sospetto che il medico non agisca nell&#8217;interesse del paziente e promuovere il modello dell&#8217;alleanza terapeutica (cfr. il mio articolo sul Timone di gennaio) e l&#8217;umanizzazione del rapporto medico-paziente.<\/p>\n<p style=\"text-align: justify;\"><strong>Ricorda<\/strong><\/p>\n<p style=\"text-align: justify;\">II \u00absignor Smith [\u00e8 un] cardiopatico, giunto In ospedale per dolori al petto a cui viene diagnosticato un Infarto. Su richiesta del medico di turno, il paziente mostra una copia del proprio testamento biologico. [&#8230;] \u00e8 un codice DNR (Do Not Resuscitate), un soggetto da non rianimare. [&#8230;] Alle 4 del mattino il sig. Smith si lamenta del dolore sempre pi\u00f9 forte, suda e chiama l&#8217;Infermiera col campanello. Un cardiologo che si trova a passare, accorgendosi dal monitor che il paziente \u00e8 in arresto cardiaco, si precipita nella stanza per tentare di defibrillario, ma viene fermato dall&#8217;Infermiera perch\u00e9 si tratta di un codice DNR. [&#8230;] Alla fine il paziente \u00e8 dichiarato morto. Si tratta di un chiara caso in cui quanto scritto nel testamento biologico era in contraddizione con quanto richiesto nel momento della vera malattia. Quel premere il campanello in cerca di soccorso era una chiara sconfessione di quanto scritto sul testamento biologico [&#8230;]. Probabilmente il sig. Smith non si rendeva conto che sottoscrivendo il testamento biologico stava firmando la propria condanna a morie. Casi come questo non sono una tragica eccezione. [&#8230;] Il testamento biologico pu\u00f2 quindi rappresentare un fattore di rischio per mal <em>malpractice<\/em> clinica. Dopo soltanto 4 mesi un terzo dei pazienti affetti da Aids cambia idea e vuole ricevere la rianimazione in caso d\u00ec arresto cardiaco&#8221;. (Renzo Puccetti, <em>Se il testamento biologico apre alla cattiva pratica medica<\/em>, Newsletter di Scienza &amp; Vita. n\u00b0 18<\/p>\n<p style=\"text-align: justify;\"><strong>Bibliografia<\/strong><\/p>\n<p style=\"text-align: justify;\"><strong>Carlo Valerio Bellieni &#8211; Marco Mattoni<\/strong> (a cura di<em>), La morte dell&#8217;eutanasia. I medici difendono la vita,<\/em> SEF, 2006.<\/p>\n<p style=\"text-align: justify;\"><strong>Alessandro Pertosa,<\/strong> <em>Scelgo di morire? Eutanasia, accanimento terapeutico,<\/em> <em>eubiosia,<\/em> Edizioni Studio Domenicano, 2006,<\/p>\n<p style=\"text-align: justify;\"><strong>Cario Casini<\/strong> &#8211; <strong>Marina Casini<\/strong> &#8211; <strong>Maria Luisa DI Pietro<\/strong>, <em>Testamento biologico<\/em>, SEF, 2007.<\/p>\n","protected":false},"excerpt":{"rendered":"<p>Il Timone n.80 febbraio 2009 Nessuna persona in salute pu\u00f2 prevedere che cosa prova quando si \u00e8 colpiti da una malattia incurabile, n\u00e9 i progressi scientifici e medici nella cura. e potrebbe cambiare idea su come essere trattato, senza per\u00f2 essere in grado di dirlo \u00a0di padre Giorgio M. Carbone, OP<\/p><p><a class=\"more-link btn\" href=\"https:\/\/www.rassegnastampa-totustuus.it\/cattolica\/testamento-biologico-no-grazie\/\">Continua a leggere<\/a><\/p>\n","protected":false},"author":6,"featured_media":29768,"comment_status":"closed","ping_status":"open","sticky":false,"template":"","format":"standard","meta":{"footnotes":""},"categories":[4],"tags":[1558],"class_list":["post-2803","post","type-post","status-publish","format-standard","has-post-thumbnail","hentry","category-bioetica","tag-testamento-biologico","item-wrap"],"yoast_head":"<!-- This site is optimized with the Yoast SEO plugin v27.5 - https:\/\/yoast.com\/product\/yoast-seo-wordpress\/ -->\n<title>Testamento biologico? No grazie - Rassegna Stampa Cattolica<\/title>\n<meta name=\"description\" content=\"Rassegna Stampa Cattolica - Per una cultura che nasce dalla Rivelazione cristiana in conformit\u00e0 alla tradizione e al Magistero della Chiesa in opposizione ad ogni relativismo e totalitarismo\" \/>\n<meta name=\"robots\" content=\"index, follow, max-snippet:-1, max-image-preview:large, max-video-preview:-1\" \/>\n<link rel=\"canonical\" href=\"https:\/\/www.rassegnastampa-totustuus.it\/cattolica\/testamento-biologico-no-grazie\/\" \/>\n<meta property=\"og:locale\" content=\"it_IT\" \/>\n<meta property=\"og:type\" content=\"article\" \/>\n<meta property=\"og:title\" content=\"Testamento biologico? No grazie - Rassegna Stampa Cattolica\" \/>\n<meta property=\"og:description\" content=\"Rassegna Stampa Cattolica - Per una cultura che nasce dalla Rivelazione cristiana in conformit\u00e0 alla tradizione e al Magistero della Chiesa in opposizione ad ogni relativismo e totalitarismo\" \/>\n<meta property=\"og:url\" content=\"https:\/\/www.rassegnastampa-totustuus.it\/cattolica\/testamento-biologico-no-grazie\/\" \/>\n<meta property=\"og:site_name\" content=\"Rassegna Stampa Cattolica\" \/>\n<meta property=\"article:publisher\" content=\"https:\/\/www.facebook.com\/rassegnastampacattolica\" \/>\n<meta property=\"article:published_time\" content=\"2009-03-10T10:59:57+00:00\" \/>\n<meta property=\"article:modified_time\" content=\"2016-01-24T11:11:11+00:00\" \/>\n<meta property=\"og:image\" content=\"https:\/\/www.rassegnastampa-totustuus.it\/cattolica\/wp-content\/uploads\/2009\/03\/testamento.jpg\" \/>\n\t<meta property=\"og:image:width\" content=\"252\" \/>\n\t<meta property=\"og:image:height\" content=\"200\" \/>\n\t<meta property=\"og:image:type\" content=\"image\/jpeg\" \/>\n<meta name=\"author\" content=\"Redazione\" \/>\n<meta name=\"twitter:card\" content=\"summary_large_image\" \/>\n<meta name=\"twitter:creator\" content=\"@rassegnastampa9\" \/>\n<meta name=\"twitter:site\" content=\"@rassegnastampa9\" \/>\n<meta name=\"twitter:label1\" content=\"Scritto da\" \/>\n\t<meta name=\"twitter:data1\" content=\"Redazione\" \/>\n\t<meta name=\"twitter:label2\" content=\"Tempo di lettura stimato\" \/>\n\t<meta name=\"twitter:data2\" content=\"9 minuti\" \/>\n<script type=\"application\/ld+json\" class=\"yoast-schema-graph\">{\"@context\":\"https:\\\/\\\/schema.org\",\"@graph\":[{\"@type\":\"Article\",\"@id\":\"https:\\\/\\\/www.rassegnastampa-totustuus.it\\\/cattolica\\\/testamento-biologico-no-grazie\\\/#article\",\"isPartOf\":{\"@id\":\"https:\\\/\\\/www.rassegnastampa-totustuus.it\\\/cattolica\\\/testamento-biologico-no-grazie\\\/\"},\"author\":{\"name\":\"Redazione\",\"@id\":\"https:\\\/\\\/www.rassegnastampa-totustuus.it\\\/cattolica\\\/#\\\/schema\\\/person\\\/08f319d2bd1a0904ad9e2bfb7b15e5c3\"},\"headline\":\"Testamento biologico? No grazie\",\"datePublished\":\"2009-03-10T10:59:57+00:00\",\"dateModified\":\"2016-01-24T11:11:11+00:00\",\"mainEntityOfPage\":{\"@id\":\"https:\\\/\\\/www.rassegnastampa-totustuus.it\\\/cattolica\\\/testamento-biologico-no-grazie\\\/\"},\"wordCount\":1868,\"publisher\":{\"@id\":\"https:\\\/\\\/www.rassegnastampa-totustuus.it\\\/cattolica\\\/#organization\"},\"image\":{\"@id\":\"https:\\\/\\\/www.rassegnastampa-totustuus.it\\\/cattolica\\\/testamento-biologico-no-grazie\\\/#primaryimage\"},\"thumbnailUrl\":\"https:\\\/\\\/www.rassegnastampa-totustuus.it\\\/cattolica\\\/wp-content\\\/uploads\\\/2009\\\/03\\\/testamento.jpg\",\"keywords\":[\"testamento biologico\"],\"articleSection\":[\"Bioetica\"],\"inLanguage\":\"it-IT\"},{\"@type\":\"WebPage\",\"@id\":\"https:\\\/\\\/www.rassegnastampa-totustuus.it\\\/cattolica\\\/testamento-biologico-no-grazie\\\/\",\"url\":\"https:\\\/\\\/www.rassegnastampa-totustuus.it\\\/cattolica\\\/testamento-biologico-no-grazie\\\/\",\"name\":\"Testamento biologico? No grazie - Rassegna Stampa Cattolica\",\"isPartOf\":{\"@id\":\"https:\\\/\\\/www.rassegnastampa-totustuus.it\\\/cattolica\\\/#website\"},\"primaryImageOfPage\":{\"@id\":\"https:\\\/\\\/www.rassegnastampa-totustuus.it\\\/cattolica\\\/testamento-biologico-no-grazie\\\/#primaryimage\"},\"image\":{\"@id\":\"https:\\\/\\\/www.rassegnastampa-totustuus.it\\\/cattolica\\\/testamento-biologico-no-grazie\\\/#primaryimage\"},\"thumbnailUrl\":\"https:\\\/\\\/www.rassegnastampa-totustuus.it\\\/cattolica\\\/wp-content\\\/uploads\\\/2009\\\/03\\\/testamento.jpg\",\"datePublished\":\"2009-03-10T10:59:57+00:00\",\"dateModified\":\"2016-01-24T11:11:11+00:00\",\"description\":\"Rassegna Stampa Cattolica - Per una cultura che nasce dalla Rivelazione cristiana in conformit\u00e0 alla tradizione e al Magistero della Chiesa in opposizione ad ogni relativismo e totalitarismo\",\"breadcrumb\":{\"@id\":\"https:\\\/\\\/www.rassegnastampa-totustuus.it\\\/cattolica\\\/testamento-biologico-no-grazie\\\/#breadcrumb\"},\"inLanguage\":\"it-IT\",\"potentialAction\":[{\"@type\":\"ReadAction\",\"target\":[\"https:\\\/\\\/www.rassegnastampa-totustuus.it\\\/cattolica\\\/testamento-biologico-no-grazie\\\/\"]}]},{\"@type\":\"ImageObject\",\"inLanguage\":\"it-IT\",\"@id\":\"https:\\\/\\\/www.rassegnastampa-totustuus.it\\\/cattolica\\\/testamento-biologico-no-grazie\\\/#primaryimage\",\"url\":\"https:\\\/\\\/www.rassegnastampa-totustuus.it\\\/cattolica\\\/wp-content\\\/uploads\\\/2009\\\/03\\\/testamento.jpg\",\"contentUrl\":\"https:\\\/\\\/www.rassegnastampa-totustuus.it\\\/cattolica\\\/wp-content\\\/uploads\\\/2009\\\/03\\\/testamento.jpg\",\"width\":252,\"height\":200},{\"@type\":\"BreadcrumbList\",\"@id\":\"https:\\\/\\\/www.rassegnastampa-totustuus.it\\\/cattolica\\\/testamento-biologico-no-grazie\\\/#breadcrumb\",\"itemListElement\":[{\"@type\":\"ListItem\",\"position\":1,\"name\":\"Home\",\"item\":\"https:\\\/\\\/www.rassegnastampa-totustuus.it\\\/cattolica\\\/\"},{\"@type\":\"ListItem\",\"position\":2,\"name\":\"Testamento biologico? No grazie\"}]},{\"@type\":\"WebSite\",\"@id\":\"https:\\\/\\\/www.rassegnastampa-totustuus.it\\\/cattolica\\\/#website\",\"url\":\"https:\\\/\\\/www.rassegnastampa-totustuus.it\\\/cattolica\\\/\",\"name\":\"Rassegna Stampa Cattolica\",\"description\":\"Per una cultura che nasce dalla Rivelazione cristiana in conformit\u00e0 alla tradizione e al Magistero della Chiesa in opposizione ad ogni relativismo e totalitarismo\",\"publisher\":{\"@id\":\"https:\\\/\\\/www.rassegnastampa-totustuus.it\\\/cattolica\\\/#organization\"},\"alternateName\":\"Rass. Cattolica\",\"potentialAction\":[{\"@type\":\"SearchAction\",\"target\":{\"@type\":\"EntryPoint\",\"urlTemplate\":\"https:\\\/\\\/www.rassegnastampa-totustuus.it\\\/cattolica\\\/?s={search_term_string}\"},\"query-input\":{\"@type\":\"PropertyValueSpecification\",\"valueRequired\":true,\"valueName\":\"search_term_string\"}}],\"inLanguage\":\"it-IT\"},{\"@type\":\"Organization\",\"@id\":\"https:\\\/\\\/www.rassegnastampa-totustuus.it\\\/cattolica\\\/#organization\",\"name\":\"Rassegna Stampa Cattolica\",\"url\":\"https:\\\/\\\/www.rassegnastampa-totustuus.it\\\/cattolica\\\/\",\"logo\":{\"@type\":\"ImageObject\",\"inLanguage\":\"it-IT\",\"@id\":\"https:\\\/\\\/www.rassegnastampa-totustuus.it\\\/cattolica\\\/#\\\/schema\\\/logo\\\/image\\\/\",\"url\":\"https:\\\/\\\/www.rassegnastampa-totustuus.it\\\/cattolica\\\/wp-content\\\/uploads\\\/2014\\\/04\\\/logo-rassegna1.gif\",\"contentUrl\":\"https:\\\/\\\/www.rassegnastampa-totustuus.it\\\/cattolica\\\/wp-content\\\/uploads\\\/2014\\\/04\\\/logo-rassegna1.gif\",\"width\":600,\"height\":163,\"caption\":\"Rassegna Stampa Cattolica\"},\"image\":{\"@id\":\"https:\\\/\\\/www.rassegnastampa-totustuus.it\\\/cattolica\\\/#\\\/schema\\\/logo\\\/image\\\/\"},\"sameAs\":[\"https:\\\/\\\/www.facebook.com\\\/rassegnastampacattolica\",\"https:\\\/\\\/x.com\\\/rassegnastampa9\"]},{\"@type\":\"Person\",\"@id\":\"https:\\\/\\\/www.rassegnastampa-totustuus.it\\\/cattolica\\\/#\\\/schema\\\/person\\\/08f319d2bd1a0904ad9e2bfb7b15e5c3\",\"name\":\"Redazione\",\"image\":{\"@type\":\"ImageObject\",\"inLanguage\":\"it-IT\",\"@id\":\"https:\\\/\\\/secure.gravatar.com\\\/avatar\\\/2fcdf27c78ea025fbdb44e914cc63c72249ffec9dc8aafd5c82b26240ef3f346?s=96&d=mm&r=g\",\"url\":\"https:\\\/\\\/secure.gravatar.com\\\/avatar\\\/2fcdf27c78ea025fbdb44e914cc63c72249ffec9dc8aafd5c82b26240ef3f346?s=96&d=mm&r=g\",\"contentUrl\":\"https:\\\/\\\/secure.gravatar.com\\\/avatar\\\/2fcdf27c78ea025fbdb44e914cc63c72249ffec9dc8aafd5c82b26240ef3f346?s=96&d=mm&r=g\",\"caption\":\"Redazione\"},\"url\":\"https:\\\/\\\/www.rassegnastampa-totustuus.it\\\/cattolica\\\/author\\\/pietroelle\\\/\"}]}<\/script>\n<!-- \/ Yoast SEO plugin. -->","yoast_head_json":{"title":"Testamento biologico? No grazie - Rassegna Stampa Cattolica","description":"Rassegna Stampa Cattolica - Per una cultura che nasce dalla Rivelazione cristiana in conformit\u00e0 alla tradizione e al Magistero della Chiesa in opposizione ad ogni relativismo e totalitarismo","robots":{"index":"index","follow":"follow","max-snippet":"max-snippet:-1","max-image-preview":"max-image-preview:large","max-video-preview":"max-video-preview:-1"},"canonical":"https:\/\/www.rassegnastampa-totustuus.it\/cattolica\/testamento-biologico-no-grazie\/","og_locale":"it_IT","og_type":"article","og_title":"Testamento biologico? No grazie - Rassegna Stampa Cattolica","og_description":"Rassegna Stampa Cattolica - Per una cultura che nasce dalla Rivelazione cristiana in conformit\u00e0 alla tradizione e al Magistero della Chiesa in opposizione ad ogni relativismo e totalitarismo","og_url":"https:\/\/www.rassegnastampa-totustuus.it\/cattolica\/testamento-biologico-no-grazie\/","og_site_name":"Rassegna Stampa Cattolica","article_publisher":"https:\/\/www.facebook.com\/rassegnastampacattolica","article_published_time":"2009-03-10T10:59:57+00:00","article_modified_time":"2016-01-24T11:11:11+00:00","og_image":[{"width":252,"height":200,"url":"https:\/\/www.rassegnastampa-totustuus.it\/cattolica\/wp-content\/uploads\/2009\/03\/testamento.jpg","type":"image\/jpeg"}],"author":"Redazione","twitter_card":"summary_large_image","twitter_creator":"@rassegnastampa9","twitter_site":"@rassegnastampa9","twitter_misc":{"Scritto da":"Redazione","Tempo di lettura stimato":"9 minuti"},"schema":{"@context":"https:\/\/schema.org","@graph":[{"@type":"Article","@id":"https:\/\/www.rassegnastampa-totustuus.it\/cattolica\/testamento-biologico-no-grazie\/#article","isPartOf":{"@id":"https:\/\/www.rassegnastampa-totustuus.it\/cattolica\/testamento-biologico-no-grazie\/"},"author":{"name":"Redazione","@id":"https:\/\/www.rassegnastampa-totustuus.it\/cattolica\/#\/schema\/person\/08f319d2bd1a0904ad9e2bfb7b15e5c3"},"headline":"Testamento biologico? No grazie","datePublished":"2009-03-10T10:59:57+00:00","dateModified":"2016-01-24T11:11:11+00:00","mainEntityOfPage":{"@id":"https:\/\/www.rassegnastampa-totustuus.it\/cattolica\/testamento-biologico-no-grazie\/"},"wordCount":1868,"publisher":{"@id":"https:\/\/www.rassegnastampa-totustuus.it\/cattolica\/#organization"},"image":{"@id":"https:\/\/www.rassegnastampa-totustuus.it\/cattolica\/testamento-biologico-no-grazie\/#primaryimage"},"thumbnailUrl":"https:\/\/www.rassegnastampa-totustuus.it\/cattolica\/wp-content\/uploads\/2009\/03\/testamento.jpg","keywords":["testamento biologico"],"articleSection":["Bioetica"],"inLanguage":"it-IT"},{"@type":"WebPage","@id":"https:\/\/www.rassegnastampa-totustuus.it\/cattolica\/testamento-biologico-no-grazie\/","url":"https:\/\/www.rassegnastampa-totustuus.it\/cattolica\/testamento-biologico-no-grazie\/","name":"Testamento biologico? No grazie - Rassegna Stampa Cattolica","isPartOf":{"@id":"https:\/\/www.rassegnastampa-totustuus.it\/cattolica\/#website"},"primaryImageOfPage":{"@id":"https:\/\/www.rassegnastampa-totustuus.it\/cattolica\/testamento-biologico-no-grazie\/#primaryimage"},"image":{"@id":"https:\/\/www.rassegnastampa-totustuus.it\/cattolica\/testamento-biologico-no-grazie\/#primaryimage"},"thumbnailUrl":"https:\/\/www.rassegnastampa-totustuus.it\/cattolica\/wp-content\/uploads\/2009\/03\/testamento.jpg","datePublished":"2009-03-10T10:59:57+00:00","dateModified":"2016-01-24T11:11:11+00:00","description":"Rassegna Stampa Cattolica - Per una cultura che nasce dalla Rivelazione cristiana in conformit\u00e0 alla tradizione e al Magistero della Chiesa in opposizione ad ogni relativismo e totalitarismo","breadcrumb":{"@id":"https:\/\/www.rassegnastampa-totustuus.it\/cattolica\/testamento-biologico-no-grazie\/#breadcrumb"},"inLanguage":"it-IT","potentialAction":[{"@type":"ReadAction","target":["https:\/\/www.rassegnastampa-totustuus.it\/cattolica\/testamento-biologico-no-grazie\/"]}]},{"@type":"ImageObject","inLanguage":"it-IT","@id":"https:\/\/www.rassegnastampa-totustuus.it\/cattolica\/testamento-biologico-no-grazie\/#primaryimage","url":"https:\/\/www.rassegnastampa-totustuus.it\/cattolica\/wp-content\/uploads\/2009\/03\/testamento.jpg","contentUrl":"https:\/\/www.rassegnastampa-totustuus.it\/cattolica\/wp-content\/uploads\/2009\/03\/testamento.jpg","width":252,"height":200},{"@type":"BreadcrumbList","@id":"https:\/\/www.rassegnastampa-totustuus.it\/cattolica\/testamento-biologico-no-grazie\/#breadcrumb","itemListElement":[{"@type":"ListItem","position":1,"name":"Home","item":"https:\/\/www.rassegnastampa-totustuus.it\/cattolica\/"},{"@type":"ListItem","position":2,"name":"Testamento biologico? No grazie"}]},{"@type":"WebSite","@id":"https:\/\/www.rassegnastampa-totustuus.it\/cattolica\/#website","url":"https:\/\/www.rassegnastampa-totustuus.it\/cattolica\/","name":"Rassegna Stampa Cattolica","description":"Per una cultura che nasce dalla Rivelazione cristiana in conformit\u00e0 alla tradizione e al Magistero della Chiesa in opposizione ad ogni relativismo e totalitarismo","publisher":{"@id":"https:\/\/www.rassegnastampa-totustuus.it\/cattolica\/#organization"},"alternateName":"Rass. Cattolica","potentialAction":[{"@type":"SearchAction","target":{"@type":"EntryPoint","urlTemplate":"https:\/\/www.rassegnastampa-totustuus.it\/cattolica\/?s={search_term_string}"},"query-input":{"@type":"PropertyValueSpecification","valueRequired":true,"valueName":"search_term_string"}}],"inLanguage":"it-IT"},{"@type":"Organization","@id":"https:\/\/www.rassegnastampa-totustuus.it\/cattolica\/#organization","name":"Rassegna Stampa Cattolica","url":"https:\/\/www.rassegnastampa-totustuus.it\/cattolica\/","logo":{"@type":"ImageObject","inLanguage":"it-IT","@id":"https:\/\/www.rassegnastampa-totustuus.it\/cattolica\/#\/schema\/logo\/image\/","url":"https:\/\/www.rassegnastampa-totustuus.it\/cattolica\/wp-content\/uploads\/2014\/04\/logo-rassegna1.gif","contentUrl":"https:\/\/www.rassegnastampa-totustuus.it\/cattolica\/wp-content\/uploads\/2014\/04\/logo-rassegna1.gif","width":600,"height":163,"caption":"Rassegna Stampa Cattolica"},"image":{"@id":"https:\/\/www.rassegnastampa-totustuus.it\/cattolica\/#\/schema\/logo\/image\/"},"sameAs":["https:\/\/www.facebook.com\/rassegnastampacattolica","https:\/\/x.com\/rassegnastampa9"]},{"@type":"Person","@id":"https:\/\/www.rassegnastampa-totustuus.it\/cattolica\/#\/schema\/person\/08f319d2bd1a0904ad9e2bfb7b15e5c3","name":"Redazione","image":{"@type":"ImageObject","inLanguage":"it-IT","@id":"https:\/\/secure.gravatar.com\/avatar\/2fcdf27c78ea025fbdb44e914cc63c72249ffec9dc8aafd5c82b26240ef3f346?s=96&d=mm&r=g","url":"https:\/\/secure.gravatar.com\/avatar\/2fcdf27c78ea025fbdb44e914cc63c72249ffec9dc8aafd5c82b26240ef3f346?s=96&d=mm&r=g","contentUrl":"https:\/\/secure.gravatar.com\/avatar\/2fcdf27c78ea025fbdb44e914cc63c72249ffec9dc8aafd5c82b26240ef3f346?s=96&d=mm&r=g","caption":"Redazione"},"url":"https:\/\/www.rassegnastampa-totustuus.it\/cattolica\/author\/pietroelle\/"}]}},"_links":{"self":[{"href":"https:\/\/www.rassegnastampa-totustuus.it\/cattolica\/wp-json\/wp\/v2\/posts\/2803","targetHints":{"allow":["GET"]}}],"collection":[{"href":"https:\/\/www.rassegnastampa-totustuus.it\/cattolica\/wp-json\/wp\/v2\/posts"}],"about":[{"href":"https:\/\/www.rassegnastampa-totustuus.it\/cattolica\/wp-json\/wp\/v2\/types\/post"}],"author":[{"embeddable":true,"href":"https:\/\/www.rassegnastampa-totustuus.it\/cattolica\/wp-json\/wp\/v2\/users\/6"}],"replies":[{"embeddable":true,"href":"https:\/\/www.rassegnastampa-totustuus.it\/cattolica\/wp-json\/wp\/v2\/comments?post=2803"}],"version-history":[{"count":4,"href":"https:\/\/www.rassegnastampa-totustuus.it\/cattolica\/wp-json\/wp\/v2\/posts\/2803\/revisions"}],"predecessor-version":[{"id":29769,"href":"https:\/\/www.rassegnastampa-totustuus.it\/cattolica\/wp-json\/wp\/v2\/posts\/2803\/revisions\/29769"}],"wp:featuredmedia":[{"embeddable":true,"href":"https:\/\/www.rassegnastampa-totustuus.it\/cattolica\/wp-json\/wp\/v2\/media\/29768"}],"wp:attachment":[{"href":"https:\/\/www.rassegnastampa-totustuus.it\/cattolica\/wp-json\/wp\/v2\/media?parent=2803"}],"wp:term":[{"taxonomy":"category","embeddable":true,"href":"https:\/\/www.rassegnastampa-totustuus.it\/cattolica\/wp-json\/wp\/v2\/categories?post=2803"},{"taxonomy":"post_tag","embeddable":true,"href":"https:\/\/www.rassegnastampa-totustuus.it\/cattolica\/wp-json\/wp\/v2\/tags?post=2803"}],"curies":[{"name":"wp","href":"https:\/\/api.w.org\/{rel}","templated":true}]}}