{"id":27954,"date":"2015-11-26T00:00:12","date_gmt":"2015-11-25T23:00:12","guid":{"rendered":"http:\/\/www.rassegnastampa-totustuus.it\/cattolica\/?p=27954"},"modified":"2015-11-20T09:36:39","modified_gmt":"2015-11-20T08:36:39","slug":"elezioni-in-austria-vince-lerede-di-joerg-haider","status":"publish","type":"post","link":"https:\/\/www.rassegnastampa-totustuus.it\/cattolica\/elezioni-in-austria-vince-lerede-di-joerg-haider\/","title":{"rendered":"Elezioni in Austria. Vince l\u2019erede di Joerg Haider"},"content":{"rendered":"<p style=\"text-align: center;\"><strong><a href=\"https:\/\/www.rassegnastampa-totustuus.it\/cattolica\/wp-content\/uploads\/2015\/11\/partito-libert\u00e0_Austria.jpg\"><img loading=\"lazy\" decoding=\"async\" class=\"alignright wp-image-27955\" src=\"https:\/\/www.rassegnastampa-totustuus.it\/cattolica\/wp-content\/uploads\/2015\/11\/partito-libert\u00e0_Austria.jpg\" alt=\"partito libert\u00e0_Austria\" width=\"250\" height=\"165\" \/><\/a>Il Borghese<\/strong> anno XV n. 11 &#8211; Roma novembre 2015 (p. 48)<\/p>\n<p style=\"text-align: center;\">di <strong>Giuseppe Brienza<\/strong><\/p>\n<p style=\"text-align: justify;\">I partiti di destra continuano a mietere consensi in tutta Europa. L\u2019ultima vittoria si \u00e8 avuta in Austria, dove il <em>Partito delle libert\u00e0<\/em> fondato dal compianto leader liberal-nazionale Joerg Haider (1950-2008) \u00e8 divenuto il primo partito del Paese. In caso di prossime elezioni politiche generali, quindi, la coalizione attualmente al governo a Vienna, fra socialdemocratici e popolari, non avrebbe pi\u00f9 la maggioranza.<\/p>\n<p style=\"text-align: justify;\"><!--more--><\/p>\n<p style=\"text-align: justify;\">Il successo dei partiti nazionali ed anti-immigrazione non \u00e8 limitato solo in Austria. Nella vicina Svizzera, infatti, un recente sondaggio ha indicato che lo <em>Swiss People Party<\/em> di Christopher Blocher \u00e8 ormai il primo partito col 28 % dei voti. I risultati delle elezioni federali del 18 ottobre, poi, gli hanno fatto come noto superare di gran lunga quelli ottenuti nel 2011.<\/p>\n<p style=\"text-align: justify;\">Il verdetto delle elezioni austriache di domenica 27 settembre \u00e8 stato chiaro: crollo verticale dei partiti tradizionali, <em>Spoe<\/em> (socialdemocratici) e <em>Oevp<\/em> (popolari) e trionfo dell\u2019<em>Fpoe <\/em>che, grazie al nuovo segretario Heinz Christian Strache, ha superato il 30 per cento dei voti, con un balzo in avanti del 16 per cento. E\u2019\u00a0 la prima volta che il partito nazional-liberale raggiunge una tale percentuale al di fuori dalla Carinzia, da sempre roccaforte storica della destra austriaca.<\/p>\n<p style=\"text-align: justify;\">Nel risultato della recente consultazione amministrativa non \u00e8 mancato naturalmente l\u2019effetto-migranti in Stiria (capitale Graz), la regione austriaca nella quale si \u00e8 votato, nella quale l\u2019<em>Fpoe<\/em> ha triplicato i suoi consensi anche per il suo atteggiamento fermamente contrario al fenomeno degli \u201cscafisti di terra\u201d, cio\u00e8 austriaci di sinistra che si sono organizzati per andare a prendere i rifugiati alla stazione ungherese di Keleti e portarli nella capitale austriaca, a 300 chilometri di distanza da Budapest (cfr. Angela Mayr, <em>Austria. \u201cPortiamo i profughi da Budapest a Vienna\u201d<\/em>, in <em>il manifesto. Quotidiano comunista<\/em>, 4 settembre 2015)<\/p>\n<p style=\"text-align: justify;\">Il movimento <em>Mensch sein in \u00d6sterreich<\/em> \u2013 <em>Essere persone in Austria<\/em>, contro l\u2019orientamento di buona parte del popolo austriaco, ha promosso questa iniziativa per rompere la politica \u201cdelle frontiere blindate\u201d, anche se i convogli hanno costituito un\u2019azione penalmente perseguibile da parte dell\u2019Ungheria. L\u2019<em>Fpoe <\/em>di Hans Christian Strache ha reagito organizzando dei turni di militanti e simpatizzanti del partito per fotografare le targhe austriache di automobili partite per l\u2019Ungheria per accompagnare gli immigrati, sebbene il ministero degli interni austriaco si sia precipitato a rassicurare che il \u201csoccorso alla fuga\u201d senza fini di lucro non sia reato, sebbene possa essere punito con una multa fino a 1000 euro.<\/p>\n<p style=\"text-align: justify;\">Per questo nella campagna elettorale condotta con intelligenza e determinazione dal segretario nazionale dei liberalnazionali Hans-Christian Strache, ovviamente il tema dominante \u00e8 stato \u00ab<em>la gestione dell\u2019invasione dei clandestini, tanto che, come recitava un manifesto dell\u2019Fpoe, \u201c<\/em>i cittadini si sentono stranieri nel loro Land<em>\u201d<\/em>\u00bb (Domenico Bruni, <em>Austria, effetto-migranti e No-Ue fanno volare il partito che fu di Haider<\/em>, in <em>Il Secolo d\u2019Italia<\/em>, 28 settembre 2015).<\/p>\n<p style=\"text-align: justify;\">E la mala gestione dell\u2019Europa sta sempre pi\u00f9 dando una mano all\u2019<em>Fpoe<\/em>, tanto che i quotidiani austriaci, a cominciare dal <em>Kronen Zeitung<\/em>, prevedono un effetto traino per la destra nelle prossime politiche e tempi difficili per la formazione di un governo nel Land, dato che la coalizione Popolari-Verdi non ha pi\u00f9 i numeri per governare.<\/p>\n<p style=\"text-align: justify;\">Il principale candidato dell\u2019<em>Fpoe<\/em> in Stiria, Manfred Heimbuchner, si \u00e8 dichiarato positivamente sorpreso dal risultato delle elezioni, poich\u00e9 alla vigilia aveva detto che il 25 per cento sarebbe stata gi\u00e0 una grande vittoria per il partito. Heimbuchner ha detto quindi che adesso l\u2019<em>Fpoe<\/em> si proietta verso \u00ab<em>delle vere responsabilit\u00e0 di governo e vuole trattare alla pari con tutti<\/em>\u00bb.<\/p>\n<p style=\"text-align: justify;\">Secondo un sondaggio nazionale condotto dal settimanale <em>Profil<\/em>, il 39% degli austriaci sarebbe favorevole ad una partecipazione dell\u2019<em>Fpoe<\/em> a un governo federale, mentre il 53% \u00e8 per il no (cfr. <em>La destra in Austria: il partito che fu di Haider primo nei sondaggi<\/em>, in <em>Il Secolo d\u2019Italia<\/em>, 6 giugno 2015). Quest\u2019ultimo va per\u00f2 interpretato in relazione a quanto accaduto l\u2019ultima volta che l\u2019<em>Fpoe<\/em> entr\u00f2 in un governo a Vienna. Era nel 2000 e, allora, Haider era ancora il leader del partito. A causa del suo euroscetticismo, per\u00f2, la demonizzazione fu tanta che cost\u00f2 all\u2019Austria inedite sanzioni da parte dell\u2019Unione europea (cfr. Annibale Silverio, <em>Il caso J\u00f6rg Haider: nuovo scenario nelle relazione europee?<\/em>, in <em>Rivista della cooperazione giuridica internazionale<\/em>, 2000, fasc. 5, pp. 75-79).<\/p>\n<p style=\"text-align: justify;\">Haider non \u00e8 stato mai ben visto dall\u2019eurocrazia <em>politically correct<\/em> anche per il suo atteggiamento contrario alla dittatura del relativismo. Per esempio nel 2005, quando l\u2019allora ministro della giustizia austriaco Karin Gastinger lanci\u00f2 la proposta di un nuovo \u00abZivilpakt\u00bb, cio\u00e8 un \u201cpatto di solidariet\u00e0 civile\u201d comprendente le convivenze sia etero sia omosessuali da equiparare al matrimonio, il Governo di centro-destra guidato da Wolfgang Schuessel, per ferma convinzione di Haider si dissoci\u00f2 completamente dalla proposta che, allora abort\u00ec completamente (cfr. <em>Austria. Ministro propone i Pacs: unanime il rifiuto<\/em>, in <em>Avvenire<\/em>, 16 settembre 2005).<\/p>\n<p style=\"text-align: justify;\">Ancora oggi, anche se con minore sicumera, l&#8217;UE cerca di imporre l\u2019ideologia del <em>politicamente corretto<\/em> come valore supremo che definisce la \u201cnuova libert\u00e0\u201d. Chi non pratica questo pseudo-valore viene bandito. Il boicottaggio verso l&#8217;Austria di Haider \u00e8 rimasto un passaggio fondamentale in questa deriva, anche se i popoli hanno per\u00f2 come visto la memoria lunga. Non c\u2019\u00e8 che dire, dalla \u201cvecchia\u201d mitteleuropea questo autunno potrebbero forse esserci delle grosse sorprese. Da questa area potrebbe arrivare il colpo di grazia all&#8217;Unione Europea e alle lobby mondialiste che stanno distruggendo le Comunit\u00e0 nazionali e gli Stati sovrani europei, a partire dall&#8217;Italia.<\/p>\n","protected":false},"excerpt":{"rendered":"<p>Il Borghese anno XV n. 11 &#8211; Roma novembre 2015 (p. 48) di Giuseppe Brienza I partiti di destra continuano a mietere consensi in tutta Europa. L\u2019ultima vittoria si \u00e8 avuta in Austria, dove il Partito delle libert\u00e0 fondato dal compianto leader liberal-nazionale Joerg Haider (1950-2008) \u00e8 divenuto il primo partito del Paese. In caso &hellip; <\/p>\n<p><a class=\"more-link btn\" href=\"https:\/\/www.rassegnastampa-totustuus.it\/cattolica\/elezioni-in-austria-vince-lerede-di-joerg-haider\/\">Continua a leggere<\/a><\/p>\n","protected":false},"author":6,"featured_media":27955,"comment_status":"closed","ping_status":"closed","sticky":false,"template":"","format":"standard","meta":{"footnotes":""},"categories":[14,19],"tags":[997],"class_list":["post-27954","post","type-post","status-publish","format-standard","has-post-thumbnail","hentry","category-europa-e-ue","category-politica-internazionale","tag-austria","item-wrap"],"yoast_head":"<!-- This site is optimized with the Yoast SEO plugin v27.5 - https:\/\/yoast.com\/product\/yoast-seo-wordpress\/ -->\n<title>Elezioni in Austria. Vince l\u2019erede di Joerg Haider - Rassegna Stampa Cattolica<\/title>\n<meta name=\"description\" content=\"Rassegna Stampa Cattolica - Per una cultura che nasce dalla Rivelazione cristiana in conformit\u00e0 alla tradizione e al Magistero della Chiesa in opposizione ad ogni relativismo e totalitarismo\" \/>\n<meta name=\"robots\" content=\"index, follow, max-snippet:-1, max-image-preview:large, max-video-preview:-1\" \/>\n<link rel=\"canonical\" href=\"https:\/\/www.rassegnastampa-totustuus.it\/cattolica\/elezioni-in-austria-vince-lerede-di-joerg-haider\/\" \/>\n<meta property=\"og:locale\" content=\"it_IT\" \/>\n<meta property=\"og:type\" content=\"article\" \/>\n<meta property=\"og:title\" content=\"Elezioni in Austria. Vince l\u2019erede di Joerg Haider - Rassegna Stampa Cattolica\" \/>\n<meta property=\"og:description\" content=\"Rassegna Stampa Cattolica - Per una cultura che nasce dalla Rivelazione cristiana in conformit\u00e0 alla tradizione e al Magistero della Chiesa in opposizione ad ogni relativismo e totalitarismo\" \/>\n<meta property=\"og:url\" content=\"https:\/\/www.rassegnastampa-totustuus.it\/cattolica\/elezioni-in-austria-vince-lerede-di-joerg-haider\/\" \/>\n<meta property=\"og:site_name\" content=\"Rassegna Stampa Cattolica\" \/>\n<meta property=\"article:publisher\" content=\"https:\/\/www.facebook.com\/rassegnastampacattolica\" \/>\n<meta property=\"article:published_time\" content=\"2015-11-25T23:00:12+00:00\" \/>\n<meta property=\"og:image\" content=\"https:\/\/www.rassegnastampa-totustuus.it\/cattolica\/wp-content\/uploads\/2015\/11\/partito-libert\u00e0_Austria.jpg\" \/>\n\t<meta property=\"og:image:width\" content=\"276\" \/>\n\t<meta property=\"og:image:height\" content=\"182\" \/>\n\t<meta property=\"og:image:type\" content=\"image\/jpeg\" \/>\n<meta name=\"author\" content=\"Redazione\" \/>\n<meta name=\"twitter:card\" content=\"summary_large_image\" \/>\n<meta name=\"twitter:creator\" content=\"@rassegnastampa9\" \/>\n<meta name=\"twitter:site\" content=\"@rassegnastampa9\" \/>\n<meta name=\"twitter:label1\" content=\"Scritto da\" \/>\n\t<meta name=\"twitter:data1\" content=\"Redazione\" \/>\n\t<meta name=\"twitter:label2\" content=\"Tempo di lettura stimato\" \/>\n\t<meta name=\"twitter:data2\" content=\"4 minuti\" \/>\n<script type=\"application\/ld+json\" class=\"yoast-schema-graph\">{\"@context\":\"https:\\\/\\\/schema.org\",\"@graph\":[{\"@type\":\"Article\",\"@id\":\"https:\\\/\\\/www.rassegnastampa-totustuus.it\\\/cattolica\\\/elezioni-in-austria-vince-lerede-di-joerg-haider\\\/#article\",\"isPartOf\":{\"@id\":\"https:\\\/\\\/www.rassegnastampa-totustuus.it\\\/cattolica\\\/elezioni-in-austria-vince-lerede-di-joerg-haider\\\/\"},\"author\":{\"name\":\"Redazione\",\"@id\":\"https:\\\/\\\/www.rassegnastampa-totustuus.it\\\/cattolica\\\/#\\\/schema\\\/person\\\/08f319d2bd1a0904ad9e2bfb7b15e5c3\"},\"headline\":\"Elezioni in Austria. Vince l\u2019erede di Joerg Haider\",\"datePublished\":\"2015-11-25T23:00:12+00:00\",\"mainEntityOfPage\":{\"@id\":\"https:\\\/\\\/www.rassegnastampa-totustuus.it\\\/cattolica\\\/elezioni-in-austria-vince-lerede-di-joerg-haider\\\/\"},\"wordCount\":904,\"publisher\":{\"@id\":\"https:\\\/\\\/www.rassegnastampa-totustuus.it\\\/cattolica\\\/#organization\"},\"image\":{\"@id\":\"https:\\\/\\\/www.rassegnastampa-totustuus.it\\\/cattolica\\\/elezioni-in-austria-vince-lerede-di-joerg-haider\\\/#primaryimage\"},\"thumbnailUrl\":\"https:\\\/\\\/www.rassegnastampa-totustuus.it\\\/cattolica\\\/wp-content\\\/uploads\\\/2015\\\/11\\\/partito-libert\u00e0_Austria.jpg\",\"keywords\":[\"Austria\"],\"articleSection\":[\"Europa e UE\",\"Politica internazionale\"],\"inLanguage\":\"it-IT\"},{\"@type\":\"WebPage\",\"@id\":\"https:\\\/\\\/www.rassegnastampa-totustuus.it\\\/cattolica\\\/elezioni-in-austria-vince-lerede-di-joerg-haider\\\/\",\"url\":\"https:\\\/\\\/www.rassegnastampa-totustuus.it\\\/cattolica\\\/elezioni-in-austria-vince-lerede-di-joerg-haider\\\/\",\"name\":\"Elezioni in Austria. Vince l\u2019erede di Joerg Haider - Rassegna Stampa Cattolica\",\"isPartOf\":{\"@id\":\"https:\\\/\\\/www.rassegnastampa-totustuus.it\\\/cattolica\\\/#website\"},\"primaryImageOfPage\":{\"@id\":\"https:\\\/\\\/www.rassegnastampa-totustuus.it\\\/cattolica\\\/elezioni-in-austria-vince-lerede-di-joerg-haider\\\/#primaryimage\"},\"image\":{\"@id\":\"https:\\\/\\\/www.rassegnastampa-totustuus.it\\\/cattolica\\\/elezioni-in-austria-vince-lerede-di-joerg-haider\\\/#primaryimage\"},\"thumbnailUrl\":\"https:\\\/\\\/www.rassegnastampa-totustuus.it\\\/cattolica\\\/wp-content\\\/uploads\\\/2015\\\/11\\\/partito-libert\u00e0_Austria.jpg\",\"datePublished\":\"2015-11-25T23:00:12+00:00\",\"description\":\"Rassegna Stampa Cattolica - Per una cultura che nasce dalla Rivelazione cristiana in conformit\u00e0 alla tradizione e al Magistero della Chiesa in opposizione ad ogni relativismo e totalitarismo\",\"breadcrumb\":{\"@id\":\"https:\\\/\\\/www.rassegnastampa-totustuus.it\\\/cattolica\\\/elezioni-in-austria-vince-lerede-di-joerg-haider\\\/#breadcrumb\"},\"inLanguage\":\"it-IT\",\"potentialAction\":[{\"@type\":\"ReadAction\",\"target\":[\"https:\\\/\\\/www.rassegnastampa-totustuus.it\\\/cattolica\\\/elezioni-in-austria-vince-lerede-di-joerg-haider\\\/\"]}]},{\"@type\":\"ImageObject\",\"inLanguage\":\"it-IT\",\"@id\":\"https:\\\/\\\/www.rassegnastampa-totustuus.it\\\/cattolica\\\/elezioni-in-austria-vince-lerede-di-joerg-haider\\\/#primaryimage\",\"url\":\"https:\\\/\\\/www.rassegnastampa-totustuus.it\\\/cattolica\\\/wp-content\\\/uploads\\\/2015\\\/11\\\/partito-libert\u00e0_Austria.jpg\",\"contentUrl\":\"https:\\\/\\\/www.rassegnastampa-totustuus.it\\\/cattolica\\\/wp-content\\\/uploads\\\/2015\\\/11\\\/partito-libert\u00e0_Austria.jpg\",\"width\":276,\"height\":182},{\"@type\":\"BreadcrumbList\",\"@id\":\"https:\\\/\\\/www.rassegnastampa-totustuus.it\\\/cattolica\\\/elezioni-in-austria-vince-lerede-di-joerg-haider\\\/#breadcrumb\",\"itemListElement\":[{\"@type\":\"ListItem\",\"position\":1,\"name\":\"Home\",\"item\":\"https:\\\/\\\/www.rassegnastampa-totustuus.it\\\/cattolica\\\/\"},{\"@type\":\"ListItem\",\"position\":2,\"name\":\"Elezioni in Austria. Vince l\u2019erede di Joerg Haider\"}]},{\"@type\":\"WebSite\",\"@id\":\"https:\\\/\\\/www.rassegnastampa-totustuus.it\\\/cattolica\\\/#website\",\"url\":\"https:\\\/\\\/www.rassegnastampa-totustuus.it\\\/cattolica\\\/\",\"name\":\"Rassegna Stampa Cattolica\",\"description\":\"Per una cultura che nasce dalla Rivelazione cristiana in conformit\u00e0 alla tradizione e al Magistero della Chiesa in opposizione ad ogni relativismo e totalitarismo\",\"publisher\":{\"@id\":\"https:\\\/\\\/www.rassegnastampa-totustuus.it\\\/cattolica\\\/#organization\"},\"alternateName\":\"Rass. Cattolica\",\"potentialAction\":[{\"@type\":\"SearchAction\",\"target\":{\"@type\":\"EntryPoint\",\"urlTemplate\":\"https:\\\/\\\/www.rassegnastampa-totustuus.it\\\/cattolica\\\/?s={search_term_string}\"},\"query-input\":{\"@type\":\"PropertyValueSpecification\",\"valueRequired\":true,\"valueName\":\"search_term_string\"}}],\"inLanguage\":\"it-IT\"},{\"@type\":\"Organization\",\"@id\":\"https:\\\/\\\/www.rassegnastampa-totustuus.it\\\/cattolica\\\/#organization\",\"name\":\"Rassegna Stampa Cattolica\",\"url\":\"https:\\\/\\\/www.rassegnastampa-totustuus.it\\\/cattolica\\\/\",\"logo\":{\"@type\":\"ImageObject\",\"inLanguage\":\"it-IT\",\"@id\":\"https:\\\/\\\/www.rassegnastampa-totustuus.it\\\/cattolica\\\/#\\\/schema\\\/logo\\\/image\\\/\",\"url\":\"https:\\\/\\\/www.rassegnastampa-totustuus.it\\\/cattolica\\\/wp-content\\\/uploads\\\/2014\\\/04\\\/logo-rassegna1.gif\",\"contentUrl\":\"https:\\\/\\\/www.rassegnastampa-totustuus.it\\\/cattolica\\\/wp-content\\\/uploads\\\/2014\\\/04\\\/logo-rassegna1.gif\",\"width\":600,\"height\":163,\"caption\":\"Rassegna Stampa Cattolica\"},\"image\":{\"@id\":\"https:\\\/\\\/www.rassegnastampa-totustuus.it\\\/cattolica\\\/#\\\/schema\\\/logo\\\/image\\\/\"},\"sameAs\":[\"https:\\\/\\\/www.facebook.com\\\/rassegnastampacattolica\",\"https:\\\/\\\/x.com\\\/rassegnastampa9\"]},{\"@type\":\"Person\",\"@id\":\"https:\\\/\\\/www.rassegnastampa-totustuus.it\\\/cattolica\\\/#\\\/schema\\\/person\\\/08f319d2bd1a0904ad9e2bfb7b15e5c3\",\"name\":\"Redazione\",\"image\":{\"@type\":\"ImageObject\",\"inLanguage\":\"it-IT\",\"@id\":\"https:\\\/\\\/secure.gravatar.com\\\/avatar\\\/2fcdf27c78ea025fbdb44e914cc63c72249ffec9dc8aafd5c82b26240ef3f346?s=96&d=mm&r=g\",\"url\":\"https:\\\/\\\/secure.gravatar.com\\\/avatar\\\/2fcdf27c78ea025fbdb44e914cc63c72249ffec9dc8aafd5c82b26240ef3f346?s=96&d=mm&r=g\",\"contentUrl\":\"https:\\\/\\\/secure.gravatar.com\\\/avatar\\\/2fcdf27c78ea025fbdb44e914cc63c72249ffec9dc8aafd5c82b26240ef3f346?s=96&d=mm&r=g\",\"caption\":\"Redazione\"},\"url\":\"https:\\\/\\\/www.rassegnastampa-totustuus.it\\\/cattolica\\\/author\\\/pietroelle\\\/\"}]}<\/script>\n<!-- \/ Yoast SEO plugin. -->","yoast_head_json":{"title":"Elezioni in Austria. Vince l\u2019erede di Joerg Haider - Rassegna Stampa Cattolica","description":"Rassegna Stampa Cattolica - Per una cultura che nasce dalla Rivelazione cristiana in conformit\u00e0 alla tradizione e al Magistero della Chiesa in opposizione ad ogni relativismo e totalitarismo","robots":{"index":"index","follow":"follow","max-snippet":"max-snippet:-1","max-image-preview":"max-image-preview:large","max-video-preview":"max-video-preview:-1"},"canonical":"https:\/\/www.rassegnastampa-totustuus.it\/cattolica\/elezioni-in-austria-vince-lerede-di-joerg-haider\/","og_locale":"it_IT","og_type":"article","og_title":"Elezioni in Austria. Vince l\u2019erede di Joerg Haider - Rassegna Stampa Cattolica","og_description":"Rassegna Stampa Cattolica - Per una cultura che nasce dalla Rivelazione cristiana in conformit\u00e0 alla tradizione e al Magistero della Chiesa in opposizione ad ogni relativismo e totalitarismo","og_url":"https:\/\/www.rassegnastampa-totustuus.it\/cattolica\/elezioni-in-austria-vince-lerede-di-joerg-haider\/","og_site_name":"Rassegna Stampa Cattolica","article_publisher":"https:\/\/www.facebook.com\/rassegnastampacattolica","article_published_time":"2015-11-25T23:00:12+00:00","og_image":[{"width":276,"height":182,"url":"https:\/\/www.rassegnastampa-totustuus.it\/cattolica\/wp-content\/uploads\/2015\/11\/partito-libert\u00e0_Austria.jpg","type":"image\/jpeg"}],"author":"Redazione","twitter_card":"summary_large_image","twitter_creator":"@rassegnastampa9","twitter_site":"@rassegnastampa9","twitter_misc":{"Scritto da":"Redazione","Tempo di lettura stimato":"4 minuti"},"schema":{"@context":"https:\/\/schema.org","@graph":[{"@type":"Article","@id":"https:\/\/www.rassegnastampa-totustuus.it\/cattolica\/elezioni-in-austria-vince-lerede-di-joerg-haider\/#article","isPartOf":{"@id":"https:\/\/www.rassegnastampa-totustuus.it\/cattolica\/elezioni-in-austria-vince-lerede-di-joerg-haider\/"},"author":{"name":"Redazione","@id":"https:\/\/www.rassegnastampa-totustuus.it\/cattolica\/#\/schema\/person\/08f319d2bd1a0904ad9e2bfb7b15e5c3"},"headline":"Elezioni in Austria. Vince l\u2019erede di Joerg Haider","datePublished":"2015-11-25T23:00:12+00:00","mainEntityOfPage":{"@id":"https:\/\/www.rassegnastampa-totustuus.it\/cattolica\/elezioni-in-austria-vince-lerede-di-joerg-haider\/"},"wordCount":904,"publisher":{"@id":"https:\/\/www.rassegnastampa-totustuus.it\/cattolica\/#organization"},"image":{"@id":"https:\/\/www.rassegnastampa-totustuus.it\/cattolica\/elezioni-in-austria-vince-lerede-di-joerg-haider\/#primaryimage"},"thumbnailUrl":"https:\/\/www.rassegnastampa-totustuus.it\/cattolica\/wp-content\/uploads\/2015\/11\/partito-libert\u00e0_Austria.jpg","keywords":["Austria"],"articleSection":["Europa e UE","Politica internazionale"],"inLanguage":"it-IT"},{"@type":"WebPage","@id":"https:\/\/www.rassegnastampa-totustuus.it\/cattolica\/elezioni-in-austria-vince-lerede-di-joerg-haider\/","url":"https:\/\/www.rassegnastampa-totustuus.it\/cattolica\/elezioni-in-austria-vince-lerede-di-joerg-haider\/","name":"Elezioni in Austria. Vince l\u2019erede di Joerg Haider - Rassegna Stampa Cattolica","isPartOf":{"@id":"https:\/\/www.rassegnastampa-totustuus.it\/cattolica\/#website"},"primaryImageOfPage":{"@id":"https:\/\/www.rassegnastampa-totustuus.it\/cattolica\/elezioni-in-austria-vince-lerede-di-joerg-haider\/#primaryimage"},"image":{"@id":"https:\/\/www.rassegnastampa-totustuus.it\/cattolica\/elezioni-in-austria-vince-lerede-di-joerg-haider\/#primaryimage"},"thumbnailUrl":"https:\/\/www.rassegnastampa-totustuus.it\/cattolica\/wp-content\/uploads\/2015\/11\/partito-libert\u00e0_Austria.jpg","datePublished":"2015-11-25T23:00:12+00:00","description":"Rassegna Stampa Cattolica - Per una cultura che nasce dalla Rivelazione cristiana in conformit\u00e0 alla tradizione e al Magistero della Chiesa in opposizione ad ogni relativismo e totalitarismo","breadcrumb":{"@id":"https:\/\/www.rassegnastampa-totustuus.it\/cattolica\/elezioni-in-austria-vince-lerede-di-joerg-haider\/#breadcrumb"},"inLanguage":"it-IT","potentialAction":[{"@type":"ReadAction","target":["https:\/\/www.rassegnastampa-totustuus.it\/cattolica\/elezioni-in-austria-vince-lerede-di-joerg-haider\/"]}]},{"@type":"ImageObject","inLanguage":"it-IT","@id":"https:\/\/www.rassegnastampa-totustuus.it\/cattolica\/elezioni-in-austria-vince-lerede-di-joerg-haider\/#primaryimage","url":"https:\/\/www.rassegnastampa-totustuus.it\/cattolica\/wp-content\/uploads\/2015\/11\/partito-libert\u00e0_Austria.jpg","contentUrl":"https:\/\/www.rassegnastampa-totustuus.it\/cattolica\/wp-content\/uploads\/2015\/11\/partito-libert\u00e0_Austria.jpg","width":276,"height":182},{"@type":"BreadcrumbList","@id":"https:\/\/www.rassegnastampa-totustuus.it\/cattolica\/elezioni-in-austria-vince-lerede-di-joerg-haider\/#breadcrumb","itemListElement":[{"@type":"ListItem","position":1,"name":"Home","item":"https:\/\/www.rassegnastampa-totustuus.it\/cattolica\/"},{"@type":"ListItem","position":2,"name":"Elezioni in Austria. Vince l\u2019erede di Joerg Haider"}]},{"@type":"WebSite","@id":"https:\/\/www.rassegnastampa-totustuus.it\/cattolica\/#website","url":"https:\/\/www.rassegnastampa-totustuus.it\/cattolica\/","name":"Rassegna Stampa Cattolica","description":"Per una cultura che nasce dalla Rivelazione cristiana in conformit\u00e0 alla tradizione e al Magistero della Chiesa in opposizione ad ogni relativismo e totalitarismo","publisher":{"@id":"https:\/\/www.rassegnastampa-totustuus.it\/cattolica\/#organization"},"alternateName":"Rass. Cattolica","potentialAction":[{"@type":"SearchAction","target":{"@type":"EntryPoint","urlTemplate":"https:\/\/www.rassegnastampa-totustuus.it\/cattolica\/?s={search_term_string}"},"query-input":{"@type":"PropertyValueSpecification","valueRequired":true,"valueName":"search_term_string"}}],"inLanguage":"it-IT"},{"@type":"Organization","@id":"https:\/\/www.rassegnastampa-totustuus.it\/cattolica\/#organization","name":"Rassegna Stampa Cattolica","url":"https:\/\/www.rassegnastampa-totustuus.it\/cattolica\/","logo":{"@type":"ImageObject","inLanguage":"it-IT","@id":"https:\/\/www.rassegnastampa-totustuus.it\/cattolica\/#\/schema\/logo\/image\/","url":"https:\/\/www.rassegnastampa-totustuus.it\/cattolica\/wp-content\/uploads\/2014\/04\/logo-rassegna1.gif","contentUrl":"https:\/\/www.rassegnastampa-totustuus.it\/cattolica\/wp-content\/uploads\/2014\/04\/logo-rassegna1.gif","width":600,"height":163,"caption":"Rassegna Stampa Cattolica"},"image":{"@id":"https:\/\/www.rassegnastampa-totustuus.it\/cattolica\/#\/schema\/logo\/image\/"},"sameAs":["https:\/\/www.facebook.com\/rassegnastampacattolica","https:\/\/x.com\/rassegnastampa9"]},{"@type":"Person","@id":"https:\/\/www.rassegnastampa-totustuus.it\/cattolica\/#\/schema\/person\/08f319d2bd1a0904ad9e2bfb7b15e5c3","name":"Redazione","image":{"@type":"ImageObject","inLanguage":"it-IT","@id":"https:\/\/secure.gravatar.com\/avatar\/2fcdf27c78ea025fbdb44e914cc63c72249ffec9dc8aafd5c82b26240ef3f346?s=96&d=mm&r=g","url":"https:\/\/secure.gravatar.com\/avatar\/2fcdf27c78ea025fbdb44e914cc63c72249ffec9dc8aafd5c82b26240ef3f346?s=96&d=mm&r=g","contentUrl":"https:\/\/secure.gravatar.com\/avatar\/2fcdf27c78ea025fbdb44e914cc63c72249ffec9dc8aafd5c82b26240ef3f346?s=96&d=mm&r=g","caption":"Redazione"},"url":"https:\/\/www.rassegnastampa-totustuus.it\/cattolica\/author\/pietroelle\/"}]}},"_links":{"self":[{"href":"https:\/\/www.rassegnastampa-totustuus.it\/cattolica\/wp-json\/wp\/v2\/posts\/27954","targetHints":{"allow":["GET"]}}],"collection":[{"href":"https:\/\/www.rassegnastampa-totustuus.it\/cattolica\/wp-json\/wp\/v2\/posts"}],"about":[{"href":"https:\/\/www.rassegnastampa-totustuus.it\/cattolica\/wp-json\/wp\/v2\/types\/post"}],"author":[{"embeddable":true,"href":"https:\/\/www.rassegnastampa-totustuus.it\/cattolica\/wp-json\/wp\/v2\/users\/6"}],"replies":[{"embeddable":true,"href":"https:\/\/www.rassegnastampa-totustuus.it\/cattolica\/wp-json\/wp\/v2\/comments?post=27954"}],"version-history":[{"count":1,"href":"https:\/\/www.rassegnastampa-totustuus.it\/cattolica\/wp-json\/wp\/v2\/posts\/27954\/revisions"}],"predecessor-version":[{"id":27956,"href":"https:\/\/www.rassegnastampa-totustuus.it\/cattolica\/wp-json\/wp\/v2\/posts\/27954\/revisions\/27956"}],"wp:featuredmedia":[{"embeddable":true,"href":"https:\/\/www.rassegnastampa-totustuus.it\/cattolica\/wp-json\/wp\/v2\/media\/27955"}],"wp:attachment":[{"href":"https:\/\/www.rassegnastampa-totustuus.it\/cattolica\/wp-json\/wp\/v2\/media?parent=27954"}],"wp:term":[{"taxonomy":"category","embeddable":true,"href":"https:\/\/www.rassegnastampa-totustuus.it\/cattolica\/wp-json\/wp\/v2\/categories?post=27954"},{"taxonomy":"post_tag","embeddable":true,"href":"https:\/\/www.rassegnastampa-totustuus.it\/cattolica\/wp-json\/wp\/v2\/tags?post=27954"}],"curies":[{"name":"wp","href":"https:\/\/api.w.org\/{rel}","templated":true}]}}