{"id":2760,"date":"2009-03-09T08:38:13","date_gmt":"2009-03-09T07:38:13","guid":{"rendered":""},"modified":"2016-02-03T10:52:03","modified_gmt":"2016-02-03T09:52:03","slug":"libert-religiosa-le-mille-cautele-con-cui-la-chiesa-osa-finalmente-pron","status":"publish","type":"post","link":"https:\/\/www.rassegnastampa-totustuus.it\/cattolica\/libert-religiosa-le-mille-cautele-con-cui-la-chiesa-osa-finalmente-pron\/","title":{"rendered":"Libert&agrave; religiosa: le mille cautele con cui la Chiesa osa finalmente pronunciarsi"},"content":{"rendered":"<div style=\"text-align: center;\"><strong><a href=\"https:\/\/www.rassegnastampa-totustuus.it\/cattolica\/wp-content\/uploads\/2009\/03\/religione_libert\u00e0.jpg\"><img loading=\"lazy\" decoding=\"async\" class=\"alignleft wp-image-30148\" src=\"https:\/\/www.rassegnastampa-totustuus.it\/cattolica\/wp-content\/uploads\/2009\/03\/religione_libert\u00e0.jpg\" alt=\"religione_libert\u00e0\" width=\"240\" height=\"150\" \/><\/a>Il Foglio,<\/strong> 21 febbraio 2006<\/div>\n<p style=\"text-align: center;\"><em>Le condanne pi\u00f9 dure delle aggressioni vengono dai missionari<\/em><\/p>\n<p style=\"text-align: center;\"><strong>M.C.<\/strong><\/p>\n<p><!--more--><\/p>\n<div style=\"text-align: justify;\">Milano. Una quindicina di morti, tra cui un sacerdote, e quattro chiese bruciate la mattina di sabato a Maiduguri, stato di Borno, nordest della Nigeria. Due chiese saccheggiate nel pomeriggio di domenica a Sukkur, provincia del Sindh, Sud del Pakistan.<\/div>\n<p style=\"text-align: justify;\">Per la Chiesa cattolica lo scorso weekend \u00e8 stato scandito da veri e propri bollettini di guerra. Tanto che in molti si aspettavano che Benedetto XVI avrebbe approfittato dell\u2019Angelus di domenica per tornare sull\u2019argomento della libert\u00e0 religiosa conculcata, o per fare riferimento diretto ai gravi fatti nigeriani. Papa Ratzinger ha preferito non farlo, probabilmente anche per coerenza al suo personale modo di affrontare l\u2019appuntamento domenicale con i fedeli.<\/p>\n<p style=\"text-align: justify;\">A differenza del suo predecessore, che si permetteva spesso incursioni \u201ca braccio\u201d nella cronaca, Benedetto XVI dedica di solito l\u2019Angelus a una breve esegesi delle scritture domenicali. L\u2019assenza di una immediata presa di posizione della Santa Sede ha forse conferito maggiore enfasi all\u2019uscita, sui giornali di ieri, di due interviste a due influenti prelati che pi\u00f9 opposte non avrebbero potuto apparire.<\/p>\n<p style=\"text-align: justify;\">Intervistato dal<em> Corriere della Sera<\/em>, monsignor Rino Fisichella, numero due di Camillo Ruini nella diocesi di Roma e rettore dell\u2019Universit\u00e0 Lateranense, denunciava come \u201cinaccettabile l\u2019attuale silenzio degli stati e degli organismi internazionali\u201d, sulle violenze in corso che non \u201csono solo contro i cristiani, ma contro la libert\u00e0 di tutti\u201d.<\/p>\n<p style=\"text-align: justify;\">Tanto pi\u00f9 in questi giorni \u201cin cui si evidenzia la difficolt\u00e0 che incontrano le societ\u00e0 musulmane ad accettare il principio della libert\u00e0 religiosa, che per noi \u00e8 acquisito\u201d. Sulla Stampa, il cardinale di Genova, Tarcisio Bertone, se ne usciva con parole che suonavano parecchio lontane: \u201cAbbassiamo i toni, abbassiamo i profili, non enfatizziamo\u2026<\/p>\n<p style=\"text-align: justify;\">Questo \u00e8 il momento in cui bisogna pensare, non fare gesti inconsulti\u201d. E ancora: \u201cDobbiamo costruire ponti soprattutto in questo contesto internazionale\u201d. L\u2019impressione che pu\u00f2 sorgere, davanti a dichiarazioni del genere, \u00e8 quella di una Chiesa divisa al suo interno sulla diagnosi e sulle cure richieste dal rapporto sempre pi\u00f9 difficile con l\u2019islam.<\/p>\n<p style=\"text-align: justify;\">La differenza di vedute \u00e8 reale, e difficilmente mascherabile, tanto ai livelli alti della gerachia che nei diversi ambiti ecclesiali, sulle strade da percorrere. Ma sarebbe sbagliato ignorare che dal Vaticano, vengono indicazioni precise. Infatti Benedetto XVI ha scelto la giornata di ieri per intervenire sul tema. Al suo solito, in modo indiretto eppure puntuale, pacato e allo stesso tempo intransigente.<\/p>\n<p style=\"text-align: justify;\">Ricevendo il nuovo ambasciatore del Marocco presso la Santa Sede, il Papa ha detto che \u201cl\u2019intolleranza e la violenza non possono mai giustificarsi come risposte alle offese, perch\u00e9 non sono risposte compatibili con i principi sacri della religione\u201d. Che non fosse un discorso di routine, lo conferma il fatto che l\u2019Osservatore Romano titolasse ieri sera a tutta prima pagina sulle parole del Papa: \u201cNon si possono che deplorare le azioni di coloro che approfittano deliberatamente delle offese causate ai sentimenti religiosi per fomentare azioni violente tanto pi\u00f9 che ci\u00f2 viene fatto a fini estranei alla religione\u201d.<\/p>\n<p style=\"text-align: justify;\">Un passaggio appare particolarmente importante, e inedito: \u201cLa sola via che pu\u00f2 condurre alla pace e alla fraternit\u00e0 \u00e8 quella del rispetto delle convinzioni e delle pratiche religiose altrui, in modo tale che, in modo reciproco in tutte le societ\u00e0, sia possibile assicurare per ciascuno l\u2019esercizio della propria religione liberamente scelta\u201d.<\/p>\n<p style=\"text-align: justify;\">Non \u00e8 consueto che un Papa faccia uso, tanto pi\u00f9 parlando a un diplomatico islamico, del concetto di \u201creciprocit\u00e0\u201d. La diplomazia della Santa Sede ha sempre privilegiato le ragioni di opportunit\u00e0 (la difesa dei cristiani in paesi ostili, in primis). Ma ci sono anche motivi di carattere pi\u00f9 generale.<\/p>\n<p style=\"text-align: justify;\">Monsignor Michael Fitzgerald, fino a qualche giorno fa presidente del Pontificio consiglio per il dialogo interreligioso (e ora destinato come nunzio in Egit to), ripeteva che \u201cun conto \u00e8 chiedere il diritto alla libert\u00e0 di coscienza\u201d, ma che la Santa Sede ha rapporti con tanti stati ma non pone la condizione della libert\u00e0 religiosa\u201d.<\/p>\n<p style=\"text-align: justify;\">Un punto di vista tradizionalmente condiviso, in Italia, anche dai politici cattolici. Interessante in proposito la risposta data a Radio Vaticana il 7 febbraio scorso dal ministro dell\u2019Interno Beppe Pisanu: \u201c Ma debbo anche riconoscere che l\u2019azione dei governi \u00e8 stata spesso troppo debole nel far valere la reciprocit\u00e0 e nel tutelare l\u2019identit\u00e0 culturale e religiosa dell\u2019Europa\u201d.<\/p>\n<p style=\"text-align: justify;\">La prospettiva sta cambiando? Nel posizionare la barra del timone della Chiesa contano vari fattori, non ultimo il parere dei responsabili delle chiese locali, spesso i pi\u00f9 sensibili a mantenere i gi\u00e0 ristretti margini di convivenza per le loro comunit\u00e0. Ma ieri la Chiesa del Pakistan ha condannato ufficialmente i fatti di Sukkur, come una \u201cterribile violazione della legge\u201d, denunciando apertamente l\u2019incapacit\u00e0 del governo di fermare l\u2019abuso della religione verificatosi ieri in Pakistan\u201d.<\/p>\n<p style=\"text-align: justify;\">E non \u00e8 la prima volta che le chiese \u201cmissionarie\u201d trovano il coraggio di uscire allo scoperto in difesa della libert\u00e0 di tutti. Sul ruolo degli stati europei punta invece padre Bernardo Cervellera, direttore di Asianews: \u201cCredo che, se ci fosse vera attenzione ai problemi e alle persecuzioni nei paesi islamici, dovrebbero essere gli stati e i governi dei paesi che si dicono cristiani a intervenire, pi\u00f9 ancora che il Vaticano.<\/p>\n<p style=\"text-align: justify;\">Esattamente come ottengono accordi e rispetto per il loro knowhow tecnologico, i loro interessi economici in questi pae si, ugualmente dovrebbero far di pi\u00f9 per ottenere il rispetto per i loro cittadini e per la religione che rappresentano\u201d. Un tema del resto gi\u00e0 sollevato in passato dal cardinale Giacomo Biffi: \u201cLo stato se \u00e8 davvero interessato a promuovere le libert\u00e0 umane faccia laicamente quello che la Chiesa non pu\u00f2 fare: adottare il \u2018piccolo strumento\u2019 della reciprocit\u00e0 come pressione sull\u2019islam\u201d.<\/p>\n<p style=\"text-align: justify;\">Che il tema non sia un tab\u00f9 nella Chiesa lo dimostra il discorso alla citt\u00e0 che il cardinale Carlo Maria Martini tenne per il Sant\u2019Ambrogio del 1990, quando disse: \u201cNoi auspichiamo rapporti di uguaglianza e fraternit\u00e0 e insistiamo e insisteremo perch\u00e9 a tali rapporti si conformi anche il costume e il diritto vigente nei paesi musulmani riguardo ai cristiani, perch\u00e9 si abbia una giusta reciprocit\u00e0\u201d.<\/p>\n","protected":false},"excerpt":{"rendered":"<p>Il Foglio, 21 febbraio 2006 Le condanne pi\u00f9 dure delle aggressioni vengono dai missionari M.C.<\/p><p><a class=\"more-link btn\" href=\"https:\/\/www.rassegnastampa-totustuus.it\/cattolica\/libert-religiosa-le-mille-cautele-con-cui-la-chiesa-osa-finalmente-pron\/\">Continua a leggere<\/a><\/p>\n","protected":false},"author":6,"featured_media":30148,"comment_status":"closed","ping_status":"open","sticky":false,"template":"","format":"standard","meta":{"footnotes":""},"categories":[5,44],"tags":[1545],"class_list":["post-2760","post","type-post","status-publish","format-standard","has-post-thumbnail","hentry","category-chiesa","category-cristiani-perseguitati","tag-liberta-religiosa","item-wrap"],"yoast_head":"<!-- This site is optimized with the Yoast SEO plugin v27.5 - https:\/\/yoast.com\/product\/yoast-seo-wordpress\/ -->\n<title>Libert&agrave; religiosa: le mille cautele con cui la Chiesa osa finalmente pronunciarsi - Rassegna Stampa Cattolica<\/title>\n<meta name=\"description\" content=\"Rassegna Stampa Cattolica - Per una cultura che nasce dalla Rivelazione cristiana in conformit\u00e0 alla tradizione e al Magistero della Chiesa in opposizione ad ogni relativismo e totalitarismo\" \/>\n<meta name=\"robots\" content=\"index, follow, max-snippet:-1, max-image-preview:large, max-video-preview:-1\" \/>\n<link rel=\"canonical\" href=\"https:\/\/www.rassegnastampa-totustuus.it\/cattolica\/libert-religiosa-le-mille-cautele-con-cui-la-chiesa-osa-finalmente-pron\/\" \/>\n<meta property=\"og:locale\" content=\"it_IT\" \/>\n<meta property=\"og:type\" content=\"article\" \/>\n<meta property=\"og:title\" content=\"Libert&agrave; religiosa: le mille cautele con cui la Chiesa osa finalmente pronunciarsi - Rassegna Stampa Cattolica\" \/>\n<meta property=\"og:description\" content=\"Rassegna Stampa Cattolica - Per una cultura che nasce dalla Rivelazione cristiana in conformit\u00e0 alla tradizione e al Magistero della Chiesa in opposizione ad ogni relativismo e totalitarismo\" \/>\n<meta property=\"og:url\" content=\"https:\/\/www.rassegnastampa-totustuus.it\/cattolica\/libert-religiosa-le-mille-cautele-con-cui-la-chiesa-osa-finalmente-pron\/\" \/>\n<meta property=\"og:site_name\" content=\"Rassegna Stampa Cattolica\" \/>\n<meta property=\"article:publisher\" content=\"https:\/\/www.facebook.com\/rassegnastampacattolica\" \/>\n<meta property=\"article:published_time\" content=\"2009-03-09T07:38:13+00:00\" \/>\n<meta property=\"article:modified_time\" content=\"2016-02-03T09:52:03+00:00\" \/>\n<meta property=\"og:image\" content=\"https:\/\/www.rassegnastampa-totustuus.it\/cattolica\/wp-content\/uploads\/2009\/03\/religione_libert\u00e0.jpg\" \/>\n\t<meta property=\"og:image:width\" content=\"284\" \/>\n\t<meta property=\"og:image:height\" content=\"177\" \/>\n\t<meta property=\"og:image:type\" content=\"image\/jpeg\" \/>\n<meta name=\"author\" content=\"Redazione\" \/>\n<meta name=\"twitter:card\" content=\"summary_large_image\" \/>\n<meta name=\"twitter:creator\" content=\"@rassegnastampa9\" \/>\n<meta name=\"twitter:site\" content=\"@rassegnastampa9\" \/>\n<meta name=\"twitter:label1\" content=\"Scritto da\" \/>\n\t<meta name=\"twitter:data1\" content=\"Redazione\" \/>\n\t<meta name=\"twitter:label2\" content=\"Tempo di lettura stimato\" \/>\n\t<meta name=\"twitter:data2\" content=\"5 minuti\" \/>\n<script type=\"application\/ld+json\" class=\"yoast-schema-graph\">{\"@context\":\"https:\\\/\\\/schema.org\",\"@graph\":[{\"@type\":\"Article\",\"@id\":\"https:\\\/\\\/www.rassegnastampa-totustuus.it\\\/cattolica\\\/libert-religiosa-le-mille-cautele-con-cui-la-chiesa-osa-finalmente-pron\\\/#article\",\"isPartOf\":{\"@id\":\"https:\\\/\\\/www.rassegnastampa-totustuus.it\\\/cattolica\\\/libert-religiosa-le-mille-cautele-con-cui-la-chiesa-osa-finalmente-pron\\\/\"},\"author\":{\"name\":\"Redazione\",\"@id\":\"https:\\\/\\\/www.rassegnastampa-totustuus.it\\\/cattolica\\\/#\\\/schema\\\/person\\\/08f319d2bd1a0904ad9e2bfb7b15e5c3\"},\"headline\":\"Libert&agrave; religiosa: le mille cautele con cui la Chiesa osa finalmente pronunciarsi\",\"datePublished\":\"2009-03-09T07:38:13+00:00\",\"dateModified\":\"2016-02-03T09:52:03+00:00\",\"mainEntityOfPage\":{\"@id\":\"https:\\\/\\\/www.rassegnastampa-totustuus.it\\\/cattolica\\\/libert-religiosa-le-mille-cautele-con-cui-la-chiesa-osa-finalmente-pron\\\/\"},\"wordCount\":1014,\"publisher\":{\"@id\":\"https:\\\/\\\/www.rassegnastampa-totustuus.it\\\/cattolica\\\/#organization\"},\"image\":{\"@id\":\"https:\\\/\\\/www.rassegnastampa-totustuus.it\\\/cattolica\\\/libert-religiosa-le-mille-cautele-con-cui-la-chiesa-osa-finalmente-pron\\\/#primaryimage\"},\"thumbnailUrl\":\"https:\\\/\\\/www.rassegnastampa-totustuus.it\\\/cattolica\\\/wp-content\\\/uploads\\\/2009\\\/03\\\/religione_libert\u00e0.jpg\",\"keywords\":[\"libert\u00e0 religiosa\"],\"articleSection\":[\"Chiesa\",\"Cristiani perseguitati\"],\"inLanguage\":\"it-IT\"},{\"@type\":\"WebPage\",\"@id\":\"https:\\\/\\\/www.rassegnastampa-totustuus.it\\\/cattolica\\\/libert-religiosa-le-mille-cautele-con-cui-la-chiesa-osa-finalmente-pron\\\/\",\"url\":\"https:\\\/\\\/www.rassegnastampa-totustuus.it\\\/cattolica\\\/libert-religiosa-le-mille-cautele-con-cui-la-chiesa-osa-finalmente-pron\\\/\",\"name\":\"Libert&agrave; religiosa: le mille cautele con cui la Chiesa osa finalmente pronunciarsi - Rassegna Stampa Cattolica\",\"isPartOf\":{\"@id\":\"https:\\\/\\\/www.rassegnastampa-totustuus.it\\\/cattolica\\\/#website\"},\"primaryImageOfPage\":{\"@id\":\"https:\\\/\\\/www.rassegnastampa-totustuus.it\\\/cattolica\\\/libert-religiosa-le-mille-cautele-con-cui-la-chiesa-osa-finalmente-pron\\\/#primaryimage\"},\"image\":{\"@id\":\"https:\\\/\\\/www.rassegnastampa-totustuus.it\\\/cattolica\\\/libert-religiosa-le-mille-cautele-con-cui-la-chiesa-osa-finalmente-pron\\\/#primaryimage\"},\"thumbnailUrl\":\"https:\\\/\\\/www.rassegnastampa-totustuus.it\\\/cattolica\\\/wp-content\\\/uploads\\\/2009\\\/03\\\/religione_libert\u00e0.jpg\",\"datePublished\":\"2009-03-09T07:38:13+00:00\",\"dateModified\":\"2016-02-03T09:52:03+00:00\",\"description\":\"Rassegna Stampa Cattolica - Per una cultura che nasce dalla Rivelazione cristiana in conformit\u00e0 alla tradizione e al Magistero della Chiesa in opposizione ad ogni relativismo e totalitarismo\",\"breadcrumb\":{\"@id\":\"https:\\\/\\\/www.rassegnastampa-totustuus.it\\\/cattolica\\\/libert-religiosa-le-mille-cautele-con-cui-la-chiesa-osa-finalmente-pron\\\/#breadcrumb\"},\"inLanguage\":\"it-IT\",\"potentialAction\":[{\"@type\":\"ReadAction\",\"target\":[\"https:\\\/\\\/www.rassegnastampa-totustuus.it\\\/cattolica\\\/libert-religiosa-le-mille-cautele-con-cui-la-chiesa-osa-finalmente-pron\\\/\"]}]},{\"@type\":\"ImageObject\",\"inLanguage\":\"it-IT\",\"@id\":\"https:\\\/\\\/www.rassegnastampa-totustuus.it\\\/cattolica\\\/libert-religiosa-le-mille-cautele-con-cui-la-chiesa-osa-finalmente-pron\\\/#primaryimage\",\"url\":\"https:\\\/\\\/www.rassegnastampa-totustuus.it\\\/cattolica\\\/wp-content\\\/uploads\\\/2009\\\/03\\\/religione_libert\u00e0.jpg\",\"contentUrl\":\"https:\\\/\\\/www.rassegnastampa-totustuus.it\\\/cattolica\\\/wp-content\\\/uploads\\\/2009\\\/03\\\/religione_libert\u00e0.jpg\",\"width\":284,\"height\":177},{\"@type\":\"BreadcrumbList\",\"@id\":\"https:\\\/\\\/www.rassegnastampa-totustuus.it\\\/cattolica\\\/libert-religiosa-le-mille-cautele-con-cui-la-chiesa-osa-finalmente-pron\\\/#breadcrumb\",\"itemListElement\":[{\"@type\":\"ListItem\",\"position\":1,\"name\":\"Home\",\"item\":\"https:\\\/\\\/www.rassegnastampa-totustuus.it\\\/cattolica\\\/\"},{\"@type\":\"ListItem\",\"position\":2,\"name\":\"Libert&agrave; religiosa: le mille cautele con cui la Chiesa osa finalmente pronunciarsi\"}]},{\"@type\":\"WebSite\",\"@id\":\"https:\\\/\\\/www.rassegnastampa-totustuus.it\\\/cattolica\\\/#website\",\"url\":\"https:\\\/\\\/www.rassegnastampa-totustuus.it\\\/cattolica\\\/\",\"name\":\"Rassegna Stampa Cattolica\",\"description\":\"Per una cultura che nasce dalla Rivelazione cristiana in conformit\u00e0 alla tradizione e al Magistero della Chiesa in opposizione ad ogni relativismo e totalitarismo\",\"publisher\":{\"@id\":\"https:\\\/\\\/www.rassegnastampa-totustuus.it\\\/cattolica\\\/#organization\"},\"alternateName\":\"Rass. Cattolica\",\"potentialAction\":[{\"@type\":\"SearchAction\",\"target\":{\"@type\":\"EntryPoint\",\"urlTemplate\":\"https:\\\/\\\/www.rassegnastampa-totustuus.it\\\/cattolica\\\/?s={search_term_string}\"},\"query-input\":{\"@type\":\"PropertyValueSpecification\",\"valueRequired\":true,\"valueName\":\"search_term_string\"}}],\"inLanguage\":\"it-IT\"},{\"@type\":\"Organization\",\"@id\":\"https:\\\/\\\/www.rassegnastampa-totustuus.it\\\/cattolica\\\/#organization\",\"name\":\"Rassegna Stampa Cattolica\",\"url\":\"https:\\\/\\\/www.rassegnastampa-totustuus.it\\\/cattolica\\\/\",\"logo\":{\"@type\":\"ImageObject\",\"inLanguage\":\"it-IT\",\"@id\":\"https:\\\/\\\/www.rassegnastampa-totustuus.it\\\/cattolica\\\/#\\\/schema\\\/logo\\\/image\\\/\",\"url\":\"https:\\\/\\\/www.rassegnastampa-totustuus.it\\\/cattolica\\\/wp-content\\\/uploads\\\/2014\\\/04\\\/logo-rassegna1.gif\",\"contentUrl\":\"https:\\\/\\\/www.rassegnastampa-totustuus.it\\\/cattolica\\\/wp-content\\\/uploads\\\/2014\\\/04\\\/logo-rassegna1.gif\",\"width\":600,\"height\":163,\"caption\":\"Rassegna Stampa Cattolica\"},\"image\":{\"@id\":\"https:\\\/\\\/www.rassegnastampa-totustuus.it\\\/cattolica\\\/#\\\/schema\\\/logo\\\/image\\\/\"},\"sameAs\":[\"https:\\\/\\\/www.facebook.com\\\/rassegnastampacattolica\",\"https:\\\/\\\/x.com\\\/rassegnastampa9\"]},{\"@type\":\"Person\",\"@id\":\"https:\\\/\\\/www.rassegnastampa-totustuus.it\\\/cattolica\\\/#\\\/schema\\\/person\\\/08f319d2bd1a0904ad9e2bfb7b15e5c3\",\"name\":\"Redazione\",\"image\":{\"@type\":\"ImageObject\",\"inLanguage\":\"it-IT\",\"@id\":\"https:\\\/\\\/secure.gravatar.com\\\/avatar\\\/2fcdf27c78ea025fbdb44e914cc63c72249ffec9dc8aafd5c82b26240ef3f346?s=96&d=mm&r=g\",\"url\":\"https:\\\/\\\/secure.gravatar.com\\\/avatar\\\/2fcdf27c78ea025fbdb44e914cc63c72249ffec9dc8aafd5c82b26240ef3f346?s=96&d=mm&r=g\",\"contentUrl\":\"https:\\\/\\\/secure.gravatar.com\\\/avatar\\\/2fcdf27c78ea025fbdb44e914cc63c72249ffec9dc8aafd5c82b26240ef3f346?s=96&d=mm&r=g\",\"caption\":\"Redazione\"},\"url\":\"https:\\\/\\\/www.rassegnastampa-totustuus.it\\\/cattolica\\\/author\\\/pietroelle\\\/\"}]}<\/script>\n<!-- \/ Yoast SEO plugin. -->","yoast_head_json":{"title":"Libert&agrave; religiosa: le mille cautele con cui la Chiesa osa finalmente pronunciarsi - Rassegna Stampa Cattolica","description":"Rassegna Stampa Cattolica - Per una cultura che nasce dalla Rivelazione cristiana in conformit\u00e0 alla tradizione e al Magistero della Chiesa in opposizione ad ogni relativismo e totalitarismo","robots":{"index":"index","follow":"follow","max-snippet":"max-snippet:-1","max-image-preview":"max-image-preview:large","max-video-preview":"max-video-preview:-1"},"canonical":"https:\/\/www.rassegnastampa-totustuus.it\/cattolica\/libert-religiosa-le-mille-cautele-con-cui-la-chiesa-osa-finalmente-pron\/","og_locale":"it_IT","og_type":"article","og_title":"Libert&agrave; religiosa: le mille cautele con cui la Chiesa osa finalmente pronunciarsi - Rassegna Stampa Cattolica","og_description":"Rassegna Stampa Cattolica - Per una cultura che nasce dalla Rivelazione cristiana in conformit\u00e0 alla tradizione e al Magistero della Chiesa in opposizione ad ogni relativismo e totalitarismo","og_url":"https:\/\/www.rassegnastampa-totustuus.it\/cattolica\/libert-religiosa-le-mille-cautele-con-cui-la-chiesa-osa-finalmente-pron\/","og_site_name":"Rassegna Stampa Cattolica","article_publisher":"https:\/\/www.facebook.com\/rassegnastampacattolica","article_published_time":"2009-03-09T07:38:13+00:00","article_modified_time":"2016-02-03T09:52:03+00:00","og_image":[{"width":284,"height":177,"url":"https:\/\/www.rassegnastampa-totustuus.it\/cattolica\/wp-content\/uploads\/2009\/03\/religione_libert\u00e0.jpg","type":"image\/jpeg"}],"author":"Redazione","twitter_card":"summary_large_image","twitter_creator":"@rassegnastampa9","twitter_site":"@rassegnastampa9","twitter_misc":{"Scritto da":"Redazione","Tempo di lettura stimato":"5 minuti"},"schema":{"@context":"https:\/\/schema.org","@graph":[{"@type":"Article","@id":"https:\/\/www.rassegnastampa-totustuus.it\/cattolica\/libert-religiosa-le-mille-cautele-con-cui-la-chiesa-osa-finalmente-pron\/#article","isPartOf":{"@id":"https:\/\/www.rassegnastampa-totustuus.it\/cattolica\/libert-religiosa-le-mille-cautele-con-cui-la-chiesa-osa-finalmente-pron\/"},"author":{"name":"Redazione","@id":"https:\/\/www.rassegnastampa-totustuus.it\/cattolica\/#\/schema\/person\/08f319d2bd1a0904ad9e2bfb7b15e5c3"},"headline":"Libert&agrave; religiosa: le mille cautele con cui la Chiesa osa finalmente pronunciarsi","datePublished":"2009-03-09T07:38:13+00:00","dateModified":"2016-02-03T09:52:03+00:00","mainEntityOfPage":{"@id":"https:\/\/www.rassegnastampa-totustuus.it\/cattolica\/libert-religiosa-le-mille-cautele-con-cui-la-chiesa-osa-finalmente-pron\/"},"wordCount":1014,"publisher":{"@id":"https:\/\/www.rassegnastampa-totustuus.it\/cattolica\/#organization"},"image":{"@id":"https:\/\/www.rassegnastampa-totustuus.it\/cattolica\/libert-religiosa-le-mille-cautele-con-cui-la-chiesa-osa-finalmente-pron\/#primaryimage"},"thumbnailUrl":"https:\/\/www.rassegnastampa-totustuus.it\/cattolica\/wp-content\/uploads\/2009\/03\/religione_libert\u00e0.jpg","keywords":["libert\u00e0 religiosa"],"articleSection":["Chiesa","Cristiani perseguitati"],"inLanguage":"it-IT"},{"@type":"WebPage","@id":"https:\/\/www.rassegnastampa-totustuus.it\/cattolica\/libert-religiosa-le-mille-cautele-con-cui-la-chiesa-osa-finalmente-pron\/","url":"https:\/\/www.rassegnastampa-totustuus.it\/cattolica\/libert-religiosa-le-mille-cautele-con-cui-la-chiesa-osa-finalmente-pron\/","name":"Libert&agrave; religiosa: le mille cautele con cui la Chiesa osa finalmente pronunciarsi - Rassegna Stampa Cattolica","isPartOf":{"@id":"https:\/\/www.rassegnastampa-totustuus.it\/cattolica\/#website"},"primaryImageOfPage":{"@id":"https:\/\/www.rassegnastampa-totustuus.it\/cattolica\/libert-religiosa-le-mille-cautele-con-cui-la-chiesa-osa-finalmente-pron\/#primaryimage"},"image":{"@id":"https:\/\/www.rassegnastampa-totustuus.it\/cattolica\/libert-religiosa-le-mille-cautele-con-cui-la-chiesa-osa-finalmente-pron\/#primaryimage"},"thumbnailUrl":"https:\/\/www.rassegnastampa-totustuus.it\/cattolica\/wp-content\/uploads\/2009\/03\/religione_libert\u00e0.jpg","datePublished":"2009-03-09T07:38:13+00:00","dateModified":"2016-02-03T09:52:03+00:00","description":"Rassegna Stampa Cattolica - Per una cultura che nasce dalla Rivelazione cristiana in conformit\u00e0 alla tradizione e al Magistero della Chiesa in opposizione ad ogni relativismo e totalitarismo","breadcrumb":{"@id":"https:\/\/www.rassegnastampa-totustuus.it\/cattolica\/libert-religiosa-le-mille-cautele-con-cui-la-chiesa-osa-finalmente-pron\/#breadcrumb"},"inLanguage":"it-IT","potentialAction":[{"@type":"ReadAction","target":["https:\/\/www.rassegnastampa-totustuus.it\/cattolica\/libert-religiosa-le-mille-cautele-con-cui-la-chiesa-osa-finalmente-pron\/"]}]},{"@type":"ImageObject","inLanguage":"it-IT","@id":"https:\/\/www.rassegnastampa-totustuus.it\/cattolica\/libert-religiosa-le-mille-cautele-con-cui-la-chiesa-osa-finalmente-pron\/#primaryimage","url":"https:\/\/www.rassegnastampa-totustuus.it\/cattolica\/wp-content\/uploads\/2009\/03\/religione_libert\u00e0.jpg","contentUrl":"https:\/\/www.rassegnastampa-totustuus.it\/cattolica\/wp-content\/uploads\/2009\/03\/religione_libert\u00e0.jpg","width":284,"height":177},{"@type":"BreadcrumbList","@id":"https:\/\/www.rassegnastampa-totustuus.it\/cattolica\/libert-religiosa-le-mille-cautele-con-cui-la-chiesa-osa-finalmente-pron\/#breadcrumb","itemListElement":[{"@type":"ListItem","position":1,"name":"Home","item":"https:\/\/www.rassegnastampa-totustuus.it\/cattolica\/"},{"@type":"ListItem","position":2,"name":"Libert&agrave; religiosa: le mille cautele con cui la Chiesa osa finalmente pronunciarsi"}]},{"@type":"WebSite","@id":"https:\/\/www.rassegnastampa-totustuus.it\/cattolica\/#website","url":"https:\/\/www.rassegnastampa-totustuus.it\/cattolica\/","name":"Rassegna Stampa Cattolica","description":"Per una cultura che nasce dalla Rivelazione cristiana in conformit\u00e0 alla tradizione e al Magistero della Chiesa in opposizione ad ogni relativismo e totalitarismo","publisher":{"@id":"https:\/\/www.rassegnastampa-totustuus.it\/cattolica\/#organization"},"alternateName":"Rass. Cattolica","potentialAction":[{"@type":"SearchAction","target":{"@type":"EntryPoint","urlTemplate":"https:\/\/www.rassegnastampa-totustuus.it\/cattolica\/?s={search_term_string}"},"query-input":{"@type":"PropertyValueSpecification","valueRequired":true,"valueName":"search_term_string"}}],"inLanguage":"it-IT"},{"@type":"Organization","@id":"https:\/\/www.rassegnastampa-totustuus.it\/cattolica\/#organization","name":"Rassegna Stampa Cattolica","url":"https:\/\/www.rassegnastampa-totustuus.it\/cattolica\/","logo":{"@type":"ImageObject","inLanguage":"it-IT","@id":"https:\/\/www.rassegnastampa-totustuus.it\/cattolica\/#\/schema\/logo\/image\/","url":"https:\/\/www.rassegnastampa-totustuus.it\/cattolica\/wp-content\/uploads\/2014\/04\/logo-rassegna1.gif","contentUrl":"https:\/\/www.rassegnastampa-totustuus.it\/cattolica\/wp-content\/uploads\/2014\/04\/logo-rassegna1.gif","width":600,"height":163,"caption":"Rassegna Stampa Cattolica"},"image":{"@id":"https:\/\/www.rassegnastampa-totustuus.it\/cattolica\/#\/schema\/logo\/image\/"},"sameAs":["https:\/\/www.facebook.com\/rassegnastampacattolica","https:\/\/x.com\/rassegnastampa9"]},{"@type":"Person","@id":"https:\/\/www.rassegnastampa-totustuus.it\/cattolica\/#\/schema\/person\/08f319d2bd1a0904ad9e2bfb7b15e5c3","name":"Redazione","image":{"@type":"ImageObject","inLanguage":"it-IT","@id":"https:\/\/secure.gravatar.com\/avatar\/2fcdf27c78ea025fbdb44e914cc63c72249ffec9dc8aafd5c82b26240ef3f346?s=96&d=mm&r=g","url":"https:\/\/secure.gravatar.com\/avatar\/2fcdf27c78ea025fbdb44e914cc63c72249ffec9dc8aafd5c82b26240ef3f346?s=96&d=mm&r=g","contentUrl":"https:\/\/secure.gravatar.com\/avatar\/2fcdf27c78ea025fbdb44e914cc63c72249ffec9dc8aafd5c82b26240ef3f346?s=96&d=mm&r=g","caption":"Redazione"},"url":"https:\/\/www.rassegnastampa-totustuus.it\/cattolica\/author\/pietroelle\/"}]}},"_links":{"self":[{"href":"https:\/\/www.rassegnastampa-totustuus.it\/cattolica\/wp-json\/wp\/v2\/posts\/2760","targetHints":{"allow":["GET"]}}],"collection":[{"href":"https:\/\/www.rassegnastampa-totustuus.it\/cattolica\/wp-json\/wp\/v2\/posts"}],"about":[{"href":"https:\/\/www.rassegnastampa-totustuus.it\/cattolica\/wp-json\/wp\/v2\/types\/post"}],"author":[{"embeddable":true,"href":"https:\/\/www.rassegnastampa-totustuus.it\/cattolica\/wp-json\/wp\/v2\/users\/6"}],"replies":[{"embeddable":true,"href":"https:\/\/www.rassegnastampa-totustuus.it\/cattolica\/wp-json\/wp\/v2\/comments?post=2760"}],"version-history":[{"count":4,"href":"https:\/\/www.rassegnastampa-totustuus.it\/cattolica\/wp-json\/wp\/v2\/posts\/2760\/revisions"}],"predecessor-version":[{"id":30149,"href":"https:\/\/www.rassegnastampa-totustuus.it\/cattolica\/wp-json\/wp\/v2\/posts\/2760\/revisions\/30149"}],"wp:featuredmedia":[{"embeddable":true,"href":"https:\/\/www.rassegnastampa-totustuus.it\/cattolica\/wp-json\/wp\/v2\/media\/30148"}],"wp:attachment":[{"href":"https:\/\/www.rassegnastampa-totustuus.it\/cattolica\/wp-json\/wp\/v2\/media?parent=2760"}],"wp:term":[{"taxonomy":"category","embeddable":true,"href":"https:\/\/www.rassegnastampa-totustuus.it\/cattolica\/wp-json\/wp\/v2\/categories?post=2760"},{"taxonomy":"post_tag","embeddable":true,"href":"https:\/\/www.rassegnastampa-totustuus.it\/cattolica\/wp-json\/wp\/v2\/tags?post=2760"}],"curies":[{"name":"wp","href":"https:\/\/api.w.org\/{rel}","templated":true}]}}