{"id":2747,"date":"2009-03-06T10:16:13","date_gmt":"2009-03-06T09:16:13","guid":{"rendered":""},"modified":"2016-04-28T10:13:34","modified_gmt":"2016-04-28T08:13:34","slug":"stalin-a-togliatti-colpire-i-cattolici","status":"publish","type":"post","link":"https:\/\/www.rassegnastampa-totustuus.it\/cattolica\/stalin-a-togliatti-colpire-i-cattolici\/","title":{"rendered":"Stalin a Togliatti: colpire i cattolici"},"content":{"rendered":"<div style=\"text-align: center;\"><strong><img loading=\"lazy\" decoding=\"async\" class=\"alignleft wp-image-33647\" src=\"https:\/\/www.rassegnastampa-totustuus.it\/cattolica\/wp-content\/uploads\/2009\/03\/Togliatti_chiesa.jpg\" alt=\"Togliatti_chiesa\" width=\"250\" height=\"150\" \/>Avvenire,<\/strong> 31 ottobre 2007<\/div>\n<p style=\"text-align: justify;\"><em>Dagli archivi emergono i resoconti degli incontri. Nel 1949 il leader sovietico confid\u00f2 al segretario del Pci: in Italia \u00e8 la Chiesa la forza pi\u00f9 pericolosa per noi<\/em><\/p>\n<p style=\"text-align: center;\">di <strong>Elena Aga-Rossi<\/strong>\u00a0\u00a0e <strong>Victor Zaslavsky<\/strong><\/p>\n<p><!--more--><\/p>\n<div style=\"text-align: justify;\">Nel dicembre 1949, duran\u00adte le celebrazioni del set\u00adtantesimo anniversario di Stalin, si radunarono a Mosca tutti i dirigenti dei paesi del blocco sovietico e del movimen\u00adto comunista internazionale. Stalin ebbe incontri personali con i pi\u00f9 importanti tra loro, e tra questi il 26 dicembre ricevet\u00adte Togliatti.<\/div>\n<p style=\"text-align: justify;\">Il verbale di questo incontro non si trova negli archivi di Mosca, perch\u00e9 esso si svolse in russo, e non richiedeva quindi la presen\u00adza di un traduttore, che ne a\u00advrebbe trascritto il verbale. Il contenuto dell\u2019incontro ci \u00e8 noto per la sintesi fattane da Togliatti, il cui testo si trova nelle carte di Togliatti, presso la fondazione dell\u2019Istituto Gramsci. Il docu\u00admento \u00e8 stato ampiamente cita\u00adto in un saggio del 1992 da Silvio Pons, che per\u00f2 in quel periodo non poteva essere certo dell\u2019i\u00addentit\u00e0 dell\u2019interlocutore di To\u00adgliatti, indicato soltanto con la lettera S2.<\/p>\n<p style=\"text-align: justify;\">L\u2019importanza del documento \u00e8 data dal fatto che questo fu il pri\u00admo incontro tra Togliatti e Stalin dopo quello avvenuto prima del\u00adla partenza di Togliatti da Mosca nel marzo 1944. I due leader di\u00adscussero sia la situazione interna italiana che quella internaziona\u00adle. Anche se i contenuti del collo\u00adquio sono riportati da Togliatti in modo sommario, e nonostante l\u2019andamento altalenante del di\u00adscorso che passa pi\u00f9 volte dalla situazione interna del Pci e del\u00ad\u00adl\u2019Italia a quella internazionale, sono chiari i temi dominanti.<\/p>\n<p style=\"text-align: justify;\">Nel caso italiano, la conversazio\u00adne verte sulla questione dei rap\u00adporti di forza all\u2019interno del pae\u00adse e sulle prospettive di una par\u00adtecipazione comunista al gover\u00adno e di un\u2019eventuale presa del potere. Di fronte all\u2019eterna alter\u00adnativa tra un\u2019azione insurrezio\u00adnale e la crescita graduale del consenso popolare attraverso metodi legali, \u00e8 Togliatti a porre la domanda cruciale: \u00abSi pu\u00f2 for\u00adzare?\u00bb, per mostrare la sua di\u00adsponibilit\u00e0 di fronte alla costante pressione dell\u2019ala estremista del partito rappresentata da Secchia; ed \u00e8 Stalin a indicare, invece, l\u2019o\u00adbiettivo di un \u00abgoverno borghese con partecipazione comunista\u00bb come \u00abprimo passo\u00bb, e aggiunge: \u00abUn vero governo democratico si pu\u00f2 avere solo con azione extra\u00adparlamentare &#8211; oggi non realiz\u00adzabile\u00bb.<\/p>\n<p style=\"text-align: justify;\">Entrambi sono concordi nella strategia di puntare sulla parola d\u2019ordine di un \u00abgoverno di unit\u00e0 nazionale\u00bb, cio\u00e8 di tornare alla situazione esistente prima del\u00adl\u2019estromissione delle sinistre dal governo nel 1947. Secondo Sta\u00adlin, la forza politica pi\u00f9 pericolo\u00adsa per i comunisti \u00e8 la Chiesa cattolica, e per colpire questo te\u00admibile \u00abavversario\u00bb suggerisce di \u00abnon attaccare\u00bb direttamente la religione, ma le sue organizza\u00adzioni.<\/p>\n<p style=\"text-align: justify;\">Il tono ottimista dell\u2019incontro si spiega con il cambiamento della \u00abcorrelazione delle forze\u00bb a favo\u00adre del blocco sovietico, avvenuto proprio nei mesi precedenti con l\u2019acquisizione della bomba ato\u00admica da parte dell\u2019Urss e la vittoria comunista in Cina.<\/p>\n<p style=\"text-align: justify;\">Il secondo documento rappre\u00adsenta una parte del telegramma del ministro degli Esteri sovietico Andrei Vyshinsky all\u2019ambasciato\u00adre sovietico in Italia Mikhail Ko\u00adstylev che contiene la lettera del Politburo a Togliatti del 21 giugno 1952. Il Politburo, in seguito alla richiesta di Nenni di essere ricevuto da Stalin, chiede a To\u00adgliatti di chiarire le vere intenzio\u00adni del leader socialista.<\/p>\n<p style=\"text-align: justify;\">Da tem\u00adpo Togliatti, con grande abilit\u00e0, &#8216;curava&#8217; i rapporti tra Mosca e il Psi: forniva dettagliate informa\u00adzioni sulla situazione all\u2019interno del Partito socialista, suggerendo come rafforzare la posizione di Nenni nella Direzione e consi\u00adgliando come meglio sfruttare la nota &#8216;vanit\u00e0&#8217; del leader sociali\u00adsta.<\/p>\n<p style=\"text-align: justify;\">La decisione sovietica nel 1952 di insignire Nenni del pre\u00admio Stalin fu discussa con To\u00adgliatti, ricevendo la sua piena ap\u00adprovazione.<\/p>\n<p style=\"text-align: justify;\">Ogni autonoma mossa del leader socialista non concordata con Togliatti diventava nota a Mosca, provocando immediatamente sospetti. Cos\u00ec fu quando Nenni, nel marzo 1952, incontr\u00f2 De Ga\u00adsperi senza informare Togliatti sul contenuto dell\u2019incontro. La successiva richiesta di Nenni di essere ricevuto da Stalin a Mosca dopo la cerimonia del conferi\u00admento del premio diede luogo alla decisione del Politburo di mandare, attraverso l\u2019ambascia\u00adtore Kostylev, questa lettera a To\u00adgliatti per ricevere da lui chiari\u00admenti su scopi e contenuti del\u00adl\u2019incontro di Nenni con De Ga\u00adsperi. Mosca indic\u00f2 a Togliatti che qualsiasi apertura del Psi verso il governo sarebbe stata ac\u00adcettata da Mosca soltanto \u00aba condizione che le basi america\u00adne sul territorio italiano vengano liquidate\u00bb.<\/p>\n<p style=\"text-align: justify;\">Il Politburo chiedeva a Togliatti di assicurare che Nen\u00adni avrebbe condiviso questa im\u00adpostazione e non l\u2019avrebbe rin\u00adnegata nel corso delle trattative con De Gasperi. Solo dopo le ras\u00adsicurazioni di Togliatti a Nenni venne concesso l\u2019incontro con Stalin. Nenni fu cos\u00ec l\u2019ultimo po\u00adlitico occidentale ad incontrare il dittatore sovietico al Cremlino e ad avere con lui un lungo collo\u00adquio.<\/p>\n<p style=\"text-align: justify;\">Il resoconto stenografico del col\u00adloquio non \u00e8 stato ancora rinve\u00adnuto negli archivi di Mosca, ma Nenni nei suoi <em>Diari<\/em> ne ricostru\u00ec il contenuto. La visita del luglio si svolse in un\u2019atmosfera di gran\u00adde cordialit\u00e0 e di unit\u00e0 di vedute. \u00abUn segno tangibile dell\u2019apprez\u00adzamento di Stalin fu la decisione del Politburo del 29 luglio 1952 di concedere al Psi nuovi finan\u00adziamenti in aggiunta a quelli gi\u00e0 stanziati per il 1952\u00bb.<\/p>\n<p style=\"text-align: justify;\">La lettera dal vertice sovietico a Togliatti getta luce sul rapporto tra Stalin, Togliatti e Nenni, con\u00adfermando, tra l\u2019altro, la diffiden\u00adza che la leadership del Cremlino continuava a nutrire verso il lea\u00adder del Psi, malgrado tante di\u00admostrazioni della sua affidabilit\u00e0 nel mantenere l\u2019unit\u00e0 d\u2019azione con il Pci e nel seguire la linea della politica estera staliniana.<\/p>\n","protected":false},"excerpt":{"rendered":"<p>Avvenire, 31 ottobre 2007 Dagli archivi emergono i resoconti degli incontri. Nel 1949 il leader sovietico confid\u00f2 al segretario del Pci: in Italia \u00e8 la Chiesa la forza pi\u00f9 pericolosa per noi di Elena Aga-Rossi\u00a0\u00a0e Victor Zaslavsky<\/p><p><a class=\"more-link btn\" href=\"https:\/\/www.rassegnastampa-totustuus.it\/cattolica\/stalin-a-togliatti-colpire-i-cattolici\/\">Continua a leggere<\/a><\/p>\n","protected":false},"author":6,"featured_media":33647,"comment_status":"closed","ping_status":"open","sticky":false,"template":"","format":"standard","meta":{"footnotes":""},"categories":[5,32,82,84],"tags":[1547],"class_list":["post-2747","post","type-post","status-publish","format-standard","has-post-thumbnail","hentry","category-chiesa","category-filosofia-del-comunismo","category-comunismo-in-italia","category-urss","tag-stalin-palmiro-togliatti","item-wrap"],"yoast_head":"<!-- This site is optimized with the Yoast SEO plugin v27.5 - https:\/\/yoast.com\/product\/yoast-seo-wordpress\/ -->\n<title>Stalin a Togliatti: colpire i cattolici - Rassegna Stampa Cattolica<\/title>\n<meta name=\"description\" content=\"Rassegna Stampa Cattolica - Per una cultura che nasce dalla Rivelazione cristiana in conformit\u00e0 alla tradizione e al Magistero della Chiesa in opposizione ad ogni relativismo e totalitarismo\" \/>\n<meta name=\"robots\" content=\"index, follow, max-snippet:-1, max-image-preview:large, max-video-preview:-1\" \/>\n<link rel=\"canonical\" href=\"https:\/\/www.rassegnastampa-totustuus.it\/cattolica\/stalin-a-togliatti-colpire-i-cattolici\/\" \/>\n<meta property=\"og:locale\" content=\"it_IT\" \/>\n<meta property=\"og:type\" content=\"article\" \/>\n<meta property=\"og:title\" content=\"Stalin a Togliatti: colpire i cattolici - Rassegna Stampa Cattolica\" \/>\n<meta property=\"og:description\" content=\"Rassegna Stampa Cattolica - Per una cultura che nasce dalla Rivelazione cristiana in conformit\u00e0 alla tradizione e al Magistero della Chiesa in opposizione ad ogni relativismo e totalitarismo\" \/>\n<meta property=\"og:url\" content=\"https:\/\/www.rassegnastampa-totustuus.it\/cattolica\/stalin-a-togliatti-colpire-i-cattolici\/\" \/>\n<meta property=\"og:site_name\" content=\"Rassegna Stampa Cattolica\" \/>\n<meta property=\"article:publisher\" content=\"https:\/\/www.facebook.com\/rassegnastampacattolica\" \/>\n<meta property=\"article:published_time\" content=\"2009-03-06T09:16:13+00:00\" \/>\n<meta property=\"article:modified_time\" content=\"2016-04-28T08:13:34+00:00\" \/>\n<meta property=\"og:image\" content=\"https:\/\/www.rassegnastampa-totustuus.it\/cattolica\/wp-content\/uploads\/2009\/03\/Togliatti_chiesa.jpg\" \/>\n\t<meta property=\"og:image:width\" content=\"290\" \/>\n\t<meta property=\"og:image:height\" content=\"174\" \/>\n\t<meta property=\"og:image:type\" content=\"image\/jpeg\" \/>\n<meta name=\"author\" content=\"Redazione\" \/>\n<meta name=\"twitter:card\" content=\"summary_large_image\" \/>\n<meta name=\"twitter:creator\" content=\"@rassegnastampa9\" \/>\n<meta name=\"twitter:site\" content=\"@rassegnastampa9\" \/>\n<meta name=\"twitter:label1\" content=\"Scritto da\" \/>\n\t<meta name=\"twitter:data1\" content=\"Redazione\" \/>\n\t<meta name=\"twitter:label2\" content=\"Tempo di lettura stimato\" \/>\n\t<meta name=\"twitter:data2\" content=\"5 minuti\" \/>\n<script type=\"application\/ld+json\" class=\"yoast-schema-graph\">{\"@context\":\"https:\\\/\\\/schema.org\",\"@graph\":[{\"@type\":\"Article\",\"@id\":\"https:\\\/\\\/www.rassegnastampa-totustuus.it\\\/cattolica\\\/stalin-a-togliatti-colpire-i-cattolici\\\/#article\",\"isPartOf\":{\"@id\":\"https:\\\/\\\/www.rassegnastampa-totustuus.it\\\/cattolica\\\/stalin-a-togliatti-colpire-i-cattolici\\\/\"},\"author\":{\"name\":\"Redazione\",\"@id\":\"https:\\\/\\\/www.rassegnastampa-totustuus.it\\\/cattolica\\\/#\\\/schema\\\/person\\\/08f319d2bd1a0904ad9e2bfb7b15e5c3\"},\"headline\":\"Stalin a Togliatti: colpire i cattolici\",\"datePublished\":\"2009-03-06T09:16:13+00:00\",\"dateModified\":\"2016-04-28T08:13:34+00:00\",\"mainEntityOfPage\":{\"@id\":\"https:\\\/\\\/www.rassegnastampa-totustuus.it\\\/cattolica\\\/stalin-a-togliatti-colpire-i-cattolici\\\/\"},\"wordCount\":962,\"publisher\":{\"@id\":\"https:\\\/\\\/www.rassegnastampa-totustuus.it\\\/cattolica\\\/#organization\"},\"image\":{\"@id\":\"https:\\\/\\\/www.rassegnastampa-totustuus.it\\\/cattolica\\\/stalin-a-togliatti-colpire-i-cattolici\\\/#primaryimage\"},\"thumbnailUrl\":\"https:\\\/\\\/www.rassegnastampa-totustuus.it\\\/cattolica\\\/wp-content\\\/uploads\\\/2009\\\/03\\\/Togliatti_chiesa.jpg\",\"keywords\":[\"Stalin. Palmiro Togliatti\"],\"articleSection\":[\"Chiesa\",\"Comunismo\",\"Comunismo in Italia\",\"URSS\"],\"inLanguage\":\"it-IT\"},{\"@type\":\"WebPage\",\"@id\":\"https:\\\/\\\/www.rassegnastampa-totustuus.it\\\/cattolica\\\/stalin-a-togliatti-colpire-i-cattolici\\\/\",\"url\":\"https:\\\/\\\/www.rassegnastampa-totustuus.it\\\/cattolica\\\/stalin-a-togliatti-colpire-i-cattolici\\\/\",\"name\":\"Stalin a Togliatti: colpire i cattolici - Rassegna Stampa Cattolica\",\"isPartOf\":{\"@id\":\"https:\\\/\\\/www.rassegnastampa-totustuus.it\\\/cattolica\\\/#website\"},\"primaryImageOfPage\":{\"@id\":\"https:\\\/\\\/www.rassegnastampa-totustuus.it\\\/cattolica\\\/stalin-a-togliatti-colpire-i-cattolici\\\/#primaryimage\"},\"image\":{\"@id\":\"https:\\\/\\\/www.rassegnastampa-totustuus.it\\\/cattolica\\\/stalin-a-togliatti-colpire-i-cattolici\\\/#primaryimage\"},\"thumbnailUrl\":\"https:\\\/\\\/www.rassegnastampa-totustuus.it\\\/cattolica\\\/wp-content\\\/uploads\\\/2009\\\/03\\\/Togliatti_chiesa.jpg\",\"datePublished\":\"2009-03-06T09:16:13+00:00\",\"dateModified\":\"2016-04-28T08:13:34+00:00\",\"description\":\"Rassegna Stampa Cattolica - Per una cultura che nasce dalla Rivelazione cristiana in conformit\u00e0 alla tradizione e al Magistero della Chiesa in opposizione ad ogni relativismo e totalitarismo\",\"breadcrumb\":{\"@id\":\"https:\\\/\\\/www.rassegnastampa-totustuus.it\\\/cattolica\\\/stalin-a-togliatti-colpire-i-cattolici\\\/#breadcrumb\"},\"inLanguage\":\"it-IT\",\"potentialAction\":[{\"@type\":\"ReadAction\",\"target\":[\"https:\\\/\\\/www.rassegnastampa-totustuus.it\\\/cattolica\\\/stalin-a-togliatti-colpire-i-cattolici\\\/\"]}]},{\"@type\":\"ImageObject\",\"inLanguage\":\"it-IT\",\"@id\":\"https:\\\/\\\/www.rassegnastampa-totustuus.it\\\/cattolica\\\/stalin-a-togliatti-colpire-i-cattolici\\\/#primaryimage\",\"url\":\"https:\\\/\\\/www.rassegnastampa-totustuus.it\\\/cattolica\\\/wp-content\\\/uploads\\\/2009\\\/03\\\/Togliatti_chiesa.jpg\",\"contentUrl\":\"https:\\\/\\\/www.rassegnastampa-totustuus.it\\\/cattolica\\\/wp-content\\\/uploads\\\/2009\\\/03\\\/Togliatti_chiesa.jpg\",\"width\":290,\"height\":174},{\"@type\":\"BreadcrumbList\",\"@id\":\"https:\\\/\\\/www.rassegnastampa-totustuus.it\\\/cattolica\\\/stalin-a-togliatti-colpire-i-cattolici\\\/#breadcrumb\",\"itemListElement\":[{\"@type\":\"ListItem\",\"position\":1,\"name\":\"Home\",\"item\":\"https:\\\/\\\/www.rassegnastampa-totustuus.it\\\/cattolica\\\/\"},{\"@type\":\"ListItem\",\"position\":2,\"name\":\"Stalin a Togliatti: colpire i cattolici\"}]},{\"@type\":\"WebSite\",\"@id\":\"https:\\\/\\\/www.rassegnastampa-totustuus.it\\\/cattolica\\\/#website\",\"url\":\"https:\\\/\\\/www.rassegnastampa-totustuus.it\\\/cattolica\\\/\",\"name\":\"Rassegna Stampa Cattolica\",\"description\":\"Per una cultura che nasce dalla Rivelazione cristiana in conformit\u00e0 alla tradizione e al Magistero della Chiesa in opposizione ad ogni relativismo e totalitarismo\",\"publisher\":{\"@id\":\"https:\\\/\\\/www.rassegnastampa-totustuus.it\\\/cattolica\\\/#organization\"},\"alternateName\":\"Rass. Cattolica\",\"potentialAction\":[{\"@type\":\"SearchAction\",\"target\":{\"@type\":\"EntryPoint\",\"urlTemplate\":\"https:\\\/\\\/www.rassegnastampa-totustuus.it\\\/cattolica\\\/?s={search_term_string}\"},\"query-input\":{\"@type\":\"PropertyValueSpecification\",\"valueRequired\":true,\"valueName\":\"search_term_string\"}}],\"inLanguage\":\"it-IT\"},{\"@type\":\"Organization\",\"@id\":\"https:\\\/\\\/www.rassegnastampa-totustuus.it\\\/cattolica\\\/#organization\",\"name\":\"Rassegna Stampa Cattolica\",\"url\":\"https:\\\/\\\/www.rassegnastampa-totustuus.it\\\/cattolica\\\/\",\"logo\":{\"@type\":\"ImageObject\",\"inLanguage\":\"it-IT\",\"@id\":\"https:\\\/\\\/www.rassegnastampa-totustuus.it\\\/cattolica\\\/#\\\/schema\\\/logo\\\/image\\\/\",\"url\":\"https:\\\/\\\/www.rassegnastampa-totustuus.it\\\/cattolica\\\/wp-content\\\/uploads\\\/2014\\\/04\\\/logo-rassegna1.gif\",\"contentUrl\":\"https:\\\/\\\/www.rassegnastampa-totustuus.it\\\/cattolica\\\/wp-content\\\/uploads\\\/2014\\\/04\\\/logo-rassegna1.gif\",\"width\":600,\"height\":163,\"caption\":\"Rassegna Stampa Cattolica\"},\"image\":{\"@id\":\"https:\\\/\\\/www.rassegnastampa-totustuus.it\\\/cattolica\\\/#\\\/schema\\\/logo\\\/image\\\/\"},\"sameAs\":[\"https:\\\/\\\/www.facebook.com\\\/rassegnastampacattolica\",\"https:\\\/\\\/x.com\\\/rassegnastampa9\"]},{\"@type\":\"Person\",\"@id\":\"https:\\\/\\\/www.rassegnastampa-totustuus.it\\\/cattolica\\\/#\\\/schema\\\/person\\\/08f319d2bd1a0904ad9e2bfb7b15e5c3\",\"name\":\"Redazione\",\"image\":{\"@type\":\"ImageObject\",\"inLanguage\":\"it-IT\",\"@id\":\"https:\\\/\\\/secure.gravatar.com\\\/avatar\\\/2fcdf27c78ea025fbdb44e914cc63c72249ffec9dc8aafd5c82b26240ef3f346?s=96&d=mm&r=g\",\"url\":\"https:\\\/\\\/secure.gravatar.com\\\/avatar\\\/2fcdf27c78ea025fbdb44e914cc63c72249ffec9dc8aafd5c82b26240ef3f346?s=96&d=mm&r=g\",\"contentUrl\":\"https:\\\/\\\/secure.gravatar.com\\\/avatar\\\/2fcdf27c78ea025fbdb44e914cc63c72249ffec9dc8aafd5c82b26240ef3f346?s=96&d=mm&r=g\",\"caption\":\"Redazione\"},\"url\":\"https:\\\/\\\/www.rassegnastampa-totustuus.it\\\/cattolica\\\/author\\\/pietroelle\\\/\"}]}<\/script>\n<!-- \/ Yoast SEO plugin. -->","yoast_head_json":{"title":"Stalin a Togliatti: colpire i cattolici - Rassegna Stampa Cattolica","description":"Rassegna Stampa Cattolica - Per una cultura che nasce dalla Rivelazione cristiana in conformit\u00e0 alla tradizione e al Magistero della Chiesa in opposizione ad ogni relativismo e totalitarismo","robots":{"index":"index","follow":"follow","max-snippet":"max-snippet:-1","max-image-preview":"max-image-preview:large","max-video-preview":"max-video-preview:-1"},"canonical":"https:\/\/www.rassegnastampa-totustuus.it\/cattolica\/stalin-a-togliatti-colpire-i-cattolici\/","og_locale":"it_IT","og_type":"article","og_title":"Stalin a Togliatti: colpire i cattolici - Rassegna Stampa Cattolica","og_description":"Rassegna Stampa Cattolica - Per una cultura che nasce dalla Rivelazione cristiana in conformit\u00e0 alla tradizione e al Magistero della Chiesa in opposizione ad ogni relativismo e totalitarismo","og_url":"https:\/\/www.rassegnastampa-totustuus.it\/cattolica\/stalin-a-togliatti-colpire-i-cattolici\/","og_site_name":"Rassegna Stampa Cattolica","article_publisher":"https:\/\/www.facebook.com\/rassegnastampacattolica","article_published_time":"2009-03-06T09:16:13+00:00","article_modified_time":"2016-04-28T08:13:34+00:00","og_image":[{"width":290,"height":174,"url":"https:\/\/www.rassegnastampa-totustuus.it\/cattolica\/wp-content\/uploads\/2009\/03\/Togliatti_chiesa.jpg","type":"image\/jpeg"}],"author":"Redazione","twitter_card":"summary_large_image","twitter_creator":"@rassegnastampa9","twitter_site":"@rassegnastampa9","twitter_misc":{"Scritto da":"Redazione","Tempo di lettura stimato":"5 minuti"},"schema":{"@context":"https:\/\/schema.org","@graph":[{"@type":"Article","@id":"https:\/\/www.rassegnastampa-totustuus.it\/cattolica\/stalin-a-togliatti-colpire-i-cattolici\/#article","isPartOf":{"@id":"https:\/\/www.rassegnastampa-totustuus.it\/cattolica\/stalin-a-togliatti-colpire-i-cattolici\/"},"author":{"name":"Redazione","@id":"https:\/\/www.rassegnastampa-totustuus.it\/cattolica\/#\/schema\/person\/08f319d2bd1a0904ad9e2bfb7b15e5c3"},"headline":"Stalin a Togliatti: colpire i cattolici","datePublished":"2009-03-06T09:16:13+00:00","dateModified":"2016-04-28T08:13:34+00:00","mainEntityOfPage":{"@id":"https:\/\/www.rassegnastampa-totustuus.it\/cattolica\/stalin-a-togliatti-colpire-i-cattolici\/"},"wordCount":962,"publisher":{"@id":"https:\/\/www.rassegnastampa-totustuus.it\/cattolica\/#organization"},"image":{"@id":"https:\/\/www.rassegnastampa-totustuus.it\/cattolica\/stalin-a-togliatti-colpire-i-cattolici\/#primaryimage"},"thumbnailUrl":"https:\/\/www.rassegnastampa-totustuus.it\/cattolica\/wp-content\/uploads\/2009\/03\/Togliatti_chiesa.jpg","keywords":["Stalin. Palmiro Togliatti"],"articleSection":["Chiesa","Comunismo","Comunismo in Italia","URSS"],"inLanguage":"it-IT"},{"@type":"WebPage","@id":"https:\/\/www.rassegnastampa-totustuus.it\/cattolica\/stalin-a-togliatti-colpire-i-cattolici\/","url":"https:\/\/www.rassegnastampa-totustuus.it\/cattolica\/stalin-a-togliatti-colpire-i-cattolici\/","name":"Stalin a Togliatti: colpire i cattolici - Rassegna Stampa Cattolica","isPartOf":{"@id":"https:\/\/www.rassegnastampa-totustuus.it\/cattolica\/#website"},"primaryImageOfPage":{"@id":"https:\/\/www.rassegnastampa-totustuus.it\/cattolica\/stalin-a-togliatti-colpire-i-cattolici\/#primaryimage"},"image":{"@id":"https:\/\/www.rassegnastampa-totustuus.it\/cattolica\/stalin-a-togliatti-colpire-i-cattolici\/#primaryimage"},"thumbnailUrl":"https:\/\/www.rassegnastampa-totustuus.it\/cattolica\/wp-content\/uploads\/2009\/03\/Togliatti_chiesa.jpg","datePublished":"2009-03-06T09:16:13+00:00","dateModified":"2016-04-28T08:13:34+00:00","description":"Rassegna Stampa Cattolica - Per una cultura che nasce dalla Rivelazione cristiana in conformit\u00e0 alla tradizione e al Magistero della Chiesa in opposizione ad ogni relativismo e totalitarismo","breadcrumb":{"@id":"https:\/\/www.rassegnastampa-totustuus.it\/cattolica\/stalin-a-togliatti-colpire-i-cattolici\/#breadcrumb"},"inLanguage":"it-IT","potentialAction":[{"@type":"ReadAction","target":["https:\/\/www.rassegnastampa-totustuus.it\/cattolica\/stalin-a-togliatti-colpire-i-cattolici\/"]}]},{"@type":"ImageObject","inLanguage":"it-IT","@id":"https:\/\/www.rassegnastampa-totustuus.it\/cattolica\/stalin-a-togliatti-colpire-i-cattolici\/#primaryimage","url":"https:\/\/www.rassegnastampa-totustuus.it\/cattolica\/wp-content\/uploads\/2009\/03\/Togliatti_chiesa.jpg","contentUrl":"https:\/\/www.rassegnastampa-totustuus.it\/cattolica\/wp-content\/uploads\/2009\/03\/Togliatti_chiesa.jpg","width":290,"height":174},{"@type":"BreadcrumbList","@id":"https:\/\/www.rassegnastampa-totustuus.it\/cattolica\/stalin-a-togliatti-colpire-i-cattolici\/#breadcrumb","itemListElement":[{"@type":"ListItem","position":1,"name":"Home","item":"https:\/\/www.rassegnastampa-totustuus.it\/cattolica\/"},{"@type":"ListItem","position":2,"name":"Stalin a Togliatti: colpire i cattolici"}]},{"@type":"WebSite","@id":"https:\/\/www.rassegnastampa-totustuus.it\/cattolica\/#website","url":"https:\/\/www.rassegnastampa-totustuus.it\/cattolica\/","name":"Rassegna Stampa Cattolica","description":"Per una cultura che nasce dalla Rivelazione cristiana in conformit\u00e0 alla tradizione e al Magistero della Chiesa in opposizione ad ogni relativismo e totalitarismo","publisher":{"@id":"https:\/\/www.rassegnastampa-totustuus.it\/cattolica\/#organization"},"alternateName":"Rass. Cattolica","potentialAction":[{"@type":"SearchAction","target":{"@type":"EntryPoint","urlTemplate":"https:\/\/www.rassegnastampa-totustuus.it\/cattolica\/?s={search_term_string}"},"query-input":{"@type":"PropertyValueSpecification","valueRequired":true,"valueName":"search_term_string"}}],"inLanguage":"it-IT"},{"@type":"Organization","@id":"https:\/\/www.rassegnastampa-totustuus.it\/cattolica\/#organization","name":"Rassegna Stampa Cattolica","url":"https:\/\/www.rassegnastampa-totustuus.it\/cattolica\/","logo":{"@type":"ImageObject","inLanguage":"it-IT","@id":"https:\/\/www.rassegnastampa-totustuus.it\/cattolica\/#\/schema\/logo\/image\/","url":"https:\/\/www.rassegnastampa-totustuus.it\/cattolica\/wp-content\/uploads\/2014\/04\/logo-rassegna1.gif","contentUrl":"https:\/\/www.rassegnastampa-totustuus.it\/cattolica\/wp-content\/uploads\/2014\/04\/logo-rassegna1.gif","width":600,"height":163,"caption":"Rassegna Stampa Cattolica"},"image":{"@id":"https:\/\/www.rassegnastampa-totustuus.it\/cattolica\/#\/schema\/logo\/image\/"},"sameAs":["https:\/\/www.facebook.com\/rassegnastampacattolica","https:\/\/x.com\/rassegnastampa9"]},{"@type":"Person","@id":"https:\/\/www.rassegnastampa-totustuus.it\/cattolica\/#\/schema\/person\/08f319d2bd1a0904ad9e2bfb7b15e5c3","name":"Redazione","image":{"@type":"ImageObject","inLanguage":"it-IT","@id":"https:\/\/secure.gravatar.com\/avatar\/2fcdf27c78ea025fbdb44e914cc63c72249ffec9dc8aafd5c82b26240ef3f346?s=96&d=mm&r=g","url":"https:\/\/secure.gravatar.com\/avatar\/2fcdf27c78ea025fbdb44e914cc63c72249ffec9dc8aafd5c82b26240ef3f346?s=96&d=mm&r=g","contentUrl":"https:\/\/secure.gravatar.com\/avatar\/2fcdf27c78ea025fbdb44e914cc63c72249ffec9dc8aafd5c82b26240ef3f346?s=96&d=mm&r=g","caption":"Redazione"},"url":"https:\/\/www.rassegnastampa-totustuus.it\/cattolica\/author\/pietroelle\/"}]}},"_links":{"self":[{"href":"https:\/\/www.rassegnastampa-totustuus.it\/cattolica\/wp-json\/wp\/v2\/posts\/2747","targetHints":{"allow":["GET"]}}],"collection":[{"href":"https:\/\/www.rassegnastampa-totustuus.it\/cattolica\/wp-json\/wp\/v2\/posts"}],"about":[{"href":"https:\/\/www.rassegnastampa-totustuus.it\/cattolica\/wp-json\/wp\/v2\/types\/post"}],"author":[{"embeddable":true,"href":"https:\/\/www.rassegnastampa-totustuus.it\/cattolica\/wp-json\/wp\/v2\/users\/6"}],"replies":[{"embeddable":true,"href":"https:\/\/www.rassegnastampa-totustuus.it\/cattolica\/wp-json\/wp\/v2\/comments?post=2747"}],"version-history":[{"count":4,"href":"https:\/\/www.rassegnastampa-totustuus.it\/cattolica\/wp-json\/wp\/v2\/posts\/2747\/revisions"}],"predecessor-version":[{"id":33648,"href":"https:\/\/www.rassegnastampa-totustuus.it\/cattolica\/wp-json\/wp\/v2\/posts\/2747\/revisions\/33648"}],"wp:featuredmedia":[{"embeddable":true,"href":"https:\/\/www.rassegnastampa-totustuus.it\/cattolica\/wp-json\/wp\/v2\/media\/33647"}],"wp:attachment":[{"href":"https:\/\/www.rassegnastampa-totustuus.it\/cattolica\/wp-json\/wp\/v2\/media?parent=2747"}],"wp:term":[{"taxonomy":"category","embeddable":true,"href":"https:\/\/www.rassegnastampa-totustuus.it\/cattolica\/wp-json\/wp\/v2\/categories?post=2747"},{"taxonomy":"post_tag","embeddable":true,"href":"https:\/\/www.rassegnastampa-totustuus.it\/cattolica\/wp-json\/wp\/v2\/tags?post=2747"}],"curies":[{"name":"wp","href":"https:\/\/api.w.org\/{rel}","templated":true}]}}