{"id":2730,"date":"2009-03-04T14:31:32","date_gmt":"2009-03-04T13:31:32","guid":{"rendered":""},"modified":"2015-01-29T14:55:20","modified_gmt":"2015-01-29T13:55:20","slug":"larciduchessa-gentile","status":"publish","type":"post","link":"https:\/\/www.rassegnastampa-totustuus.it\/cattolica\/larciduchessa-gentile\/","title":{"rendered":"L\u2019arciduchessa gentile"},"content":{"rendered":"<div style=\"text-align: center;\"><strong><a href=\"https:\/\/www.rassegnastampa-totustuus.it\/cattolica\/wp-content\/uploads\/2009\/03\/Caterina-Asburgo.jpg\"><img loading=\"lazy\" decoding=\"async\" class=\"alignleft wp-image-18038\" src=\"https:\/\/www.rassegnastampa-totustuus.it\/cattolica\/wp-content\/uploads\/2009\/03\/Caterina-Asburgo.jpg\" alt=\"Caterina-Asburgo\" width=\"133\" height=\"200\" \/><\/a>Madre <\/strong>il mensile della famiglia n.5 maggio 2008<\/div>\n<p style=\"text-align: justify;\"><em>Ritratto di un&#8217;arciduchessa molto speciale: Caterina d&#8217;Austria, nipote del beato <a href=\"https:\/\/www.rassegnastampa-totustuus.it\/cattolica\/?p=1352\" target=\"_blank\">Carlo d&#8217;Asburgo<\/a>, l&#8217;ultimo imperatore cattolico.<br \/>\n<\/em><\/p>\n<p style=\"text-align: center;\">\u00a0di <strong>Carlotta Luc\u00e0<\/strong><\/p>\n<p style=\"text-align: justify;\">Un\u2019esistenza apparentemente da favola, quella delle arciduchesse. Ma non \u00e8 sempre stato cos\u00ec per Caterina d&#8217;Asburgo, giovane principessa orfana di patria (la sua famiglia era stata esiliata all&#8217;indomani della fine della I guerra mondiale) che da bambina veniva presa in giro dai compagni di scuola per non avere n\u00e9 corona n\u00e9 carrozza.<\/p>\n<p style=\"text-align: justify;\">Il lieto fine \u00e8 arrivato poi: l&#8217;adolescenza in Belgio, l&#8217;esperienza americana, l&#8217;Erasmus a Madrid e, l\u00ec, il fortunato incontro con Massimiliano Secco Gnutti d&#8217;Aragona, suo marito, con cui vive, insieme ai due figli, a Brescia. La vita di arciduchessa che Caterina d&#8217;Austria ha scelto per s\u00e9 trascorre all&#8217;insegna <em>dell\u2019understatement, <\/em>lontano dai clamori che un&#8217;eredit\u00e0 nobiliare tanto prestigiosa potrebbe suscitare e vicina invece agli affetti familiari e al suo lavoro di storica e scrittrice.<\/p>\n<p style=\"text-align: justify;\"><!--more--><\/p>\n<p><strong>Come avete vissuto l&#8217;esilio dall&#8217;Austria?<\/strong><\/p>\n<p style=\"text-align: justify;\">Sicuramente il mio passaporto che, fino al 1987, dichiarava nel contempo la mia nazionalit\u00e0 austriaca e l&#8217;impossibilit\u00e0 di entrare nel Paese, non faceva un grande effetto alle dogane. Sono nata in Germania ma ho vissuto in Belgio fino a 22 anni, quando, al termine degli studi di Giurisprudenza, sono andata a Madrid, dove pensavo di trascorrere il resto della mia esistenza. E invece cos&#8217;\u00e8 successo? Un bel giorno, nel corso di una festa di matrimonio alla quale ero stata invitata, ho incontrato Massimiliano. \u00c8 stato un colpo di fulmine.<\/p>\n<p style=\"text-align: justify;\"><strong>Come nella migliore delle fiabe&#8230;<\/strong><\/p>\n<p style=\"text-align: justify;\">S\u00ec, ci siamo sposati dopo un paio di anni e io mi sono trasferita con lui prima a Lugano, poi a Brescia.<\/p>\n<p style=\"text-align: justify;\"><strong>La sua storia familiare \u00e8 una storia importante, impegnativa. Per lei \u00e8 stato un peso?<\/strong><\/p>\n<p style=\"text-align: justify;\">Io trovo che sia solo un regalo. Mia nonna diceva sempre: \u00abSapete che voi avete solo doveri, responsabilit\u00e0 verso gli altri e non avete nessun piacere\u00bb, ma evidentemente il mondo \u00e8 cambiato. Per me \u00e8 sempre stato un grande orgoglio poter portare un nome cos\u00ec importante, senza che mai cambiasse qualcosa nella mia vita. Ho potuto fare le scelte che desideravo, ho avuto la fortuna di conoscere un uomo che amo, che ho potuto sposare senza andare contro alcuna legge di famiglia.<\/p>\n<p style=\"text-align: justify;\"><strong>Ha condotto un&#8217;esistenza molto moderna e movimentata, come una semplice ragazza&#8230;<\/strong><\/p>\n<p style=\"text-align: justify;\">Esatto, per\u00f2 ho avuto la fortuna di avere degli esempi sotto gli occhi che mi hanno segnato per tutta la vita.<\/p>\n<p style=\"text-align: justify;\"><strong>A proposito di esempi, pensa di aver in qualche modo tenuto vivi gli insegnamenti che hanno portato alla beatificazione di suo nonno, <a href=\"https:\/\/www.rassegnastampa-totustuus.it\/cattolica\/?p=1352\" target=\"_blank\">l&#8217;imperatore Carlo D&#8217;Asburgo<\/a>?<\/strong><\/p>\n<p style=\"text-align: justify;\">Chiaramente io non l&#8217;ho conosciuto: \u00e8 morto nel 1922, aveva 34 anni, e mio pap\u00e0, oggi ultraottantenne, all&#8217;epoca ne aveva solo 3. Per\u00f2 ho conosciuto benissimo mia nonna che, ogni anno, viveva un mese e mezzo in casa nostra, in Belgio. \u00c8 lei che mi ha fatto il catechismo e mi ha dato un&#8217;educazione religiosa insieme ai miei genitori, e questa sicuramente rappresenta la grande eredit\u00e0 lasciata da mio nonno. Pur essendo uno degli uomini pi\u00f9 importanti del mondo, all&#8217;epoca della I guerra mondiale, per lui la cosa pi\u00f9 importante era stare con i suoi figli e seguirli nella crescita, soprattutto religiosa.<\/p>\n<p style=\"text-align: justify;\"><strong>Perci\u00f2 anche sua nonna \u00e8 stata un grande esempio.<\/strong><\/p>\n<p style=\"text-align: justify;\">Senza dubbio. Era di una semplicit\u00e0 impressionante e portava sempre gli stessi vestiti perch\u00e9, quando mio nonno mor\u00ec, lei fece il voto di non vestirsi pi\u00f9 in colore. Erano innamorati in un&#8217;epoca in cui non ci si sposava per amore. Lei lo ha profondamente sostenuto in tutti i momenti della sua vita, fino all&#8217;ultimo respiro. \u00c8 quest&#8217;esempio di coppia che mi colpisce tanto nella vita quotidiana, perch\u00e9 non \u00e8 affatto semplice restare tanto uniti quanto lo erano loro, che hanno attraversato momenti ben peggiori di quelli che potremmo sperimentare abitualmente ai giorni nostri.<\/p>\n<p style=\"text-align: justify;\"><strong>Oltre alla famiglia, che lei mette al primo posto, c&#8217;\u00e8 il suo lavoro di storica e scrittrice. Un modo per restare legata alle sue origini?<\/strong><\/p>\n<p style=\"text-align: justify;\">S\u00ec, il lavoro per me \u00e8 molto importante&#8230;<\/p>\n<p style=\"text-align: justify;\"><strong>Detto da un&#8217;aristocratica fa un certo effetto.<\/strong><\/p>\n<p style=\"text-align: justify;\">Mia nonna ci ha trasmesso il grande valore e l&#8217;importanza del lavoro. Mio padre, insieme ai miei zii, fa parte della prima generazione che si \u00e8 guadagnata da vivere lavorando. Essendo in esilio non avevano nulla, eppure tutti hanno portato a termine i loro studi e fatto delle bellissime carriere.<\/p>\n<p style=\"text-align: justify;\"><strong>Tornando ai suoi libri&#8230;<\/strong><\/p>\n<p style=\"text-align: justify;\">Ho la possibilit\u00e0 di accedere all&#8217;archivio di famiglia, che si trova in Germania presso un mio zio, e disporre di preziose fonti inedite. \u00c8 un&#8217;attivit\u00e0 che mi appassiona e m&#8217;interessa, visto che si tratta della mia casata. Il primo libro parla di Francisco Franco, anche se non \u00e8 stato mai pubblicato, mentre il secondo scritto, <em>Las Austrias, <\/em>racconta di nove regine asburgiche che hanno regnato in Spagna dal 1500 al 1800. Poi mi sono dedicata alla biografia di Maria Antonietta, regina di Francia, e ora sto ultimando la storia di un&#8217;altra imperatrice d&#8217;Austria piuttosto conosciuta.<\/p>\n<p style=\"text-align: justify;\"><strong>Sa dirmi se c&#8217;\u00e8 un aspetto di suo nonno che l&#8217;ha colpita particolarmente attraverso i racconti di sua nonna Zita?<\/strong><\/p>\n<p style=\"text-align: justify;\">Mi ha sempre colpito quell\u2019 \u00abalone di &#8220;sfortuna&#8221;\u00bb da cui sembrava circondato. Era diventato imperatore suo malgrado, in seguito all&#8217;assassinio dell&#8217;arciduca Francesco Ferdinando, e negli anni successivi il suo regno era stato un susseguirsi altalenante di episodi sventurati. Fino a qualche tempo fa interpretavo quasi come un succedersi di fallimenti la vita di mio nonno. Ma, approfondendo, ho potuto riconoscere la sua \u00abvirt\u00f9 eroica\u00bb: accettava la sua sofferenza senza odi e per il bene del suo popolo. Un po&#8217; come aveva fatto Ges\u00f9.<\/p>\n","protected":false},"excerpt":{"rendered":"<p>Madre il mensile della famiglia n.5 maggio 2008 Ritratto di un&#8217;arciduchessa molto speciale: Caterina d&#8217;Austria, nipote del beato Carlo d&#8217;Asburgo, l&#8217;ultimo imperatore cattolico. \u00a0di Carlotta Luc\u00e0 Un\u2019esistenza apparentemente da favola, quella delle arciduchesse. Ma non \u00e8 sempre stato cos\u00ec per Caterina d&#8217;Asburgo, giovane principessa orfana di patria (la sua famiglia era stata esiliata all&#8217;indomani della &hellip; <\/p>\n<p><a class=\"more-link btn\" href=\"https:\/\/www.rassegnastampa-totustuus.it\/cattolica\/larciduchessa-gentile\/\">Continua a leggere<\/a><\/p>\n","protected":false},"author":6,"featured_media":18038,"comment_status":"closed","ping_status":"open","sticky":false,"template":"","format":"standard","meta":{"footnotes":""},"categories":[18],"tags":[1537,1536],"class_list":["post-2730","post","type-post","status-publish","format-standard","has-post-thumbnail","hentry","category-personaggi","tag-asburgo","tag-caterina-daustria","item-wrap"],"yoast_head":"<!-- This site is optimized with the Yoast SEO plugin v27.4 - https:\/\/yoast.com\/product\/yoast-seo-wordpress\/ -->\n<title>L\u2019arciduchessa gentile - Rassegna Stampa Cattolica<\/title>\n<meta name=\"description\" content=\"Rassegna Stampa Cattolica - Per una cultura che nasce dalla Rivelazione cristiana in conformit\u00e0 alla tradizione e al Magistero della Chiesa in opposizione ad ogni relativismo e totalitarismo\" \/>\n<meta name=\"robots\" content=\"index, follow, max-snippet:-1, max-image-preview:large, max-video-preview:-1\" \/>\n<link rel=\"canonical\" href=\"https:\/\/www.rassegnastampa-totustuus.it\/cattolica\/larciduchessa-gentile\/\" \/>\n<meta property=\"og:locale\" content=\"it_IT\" \/>\n<meta property=\"og:type\" content=\"article\" \/>\n<meta property=\"og:title\" content=\"L\u2019arciduchessa gentile - Rassegna Stampa Cattolica\" \/>\n<meta property=\"og:description\" content=\"Rassegna Stampa Cattolica - Per una cultura che nasce dalla Rivelazione cristiana in conformit\u00e0 alla tradizione e al Magistero della Chiesa in opposizione ad ogni relativismo e totalitarismo\" \/>\n<meta property=\"og:url\" content=\"https:\/\/www.rassegnastampa-totustuus.it\/cattolica\/larciduchessa-gentile\/\" \/>\n<meta property=\"og:site_name\" content=\"Rassegna Stampa Cattolica\" \/>\n<meta property=\"article:publisher\" content=\"https:\/\/www.facebook.com\/rassegnastampacattolica\" \/>\n<meta property=\"article:published_time\" content=\"2009-03-04T13:31:32+00:00\" \/>\n<meta property=\"article:modified_time\" content=\"2015-01-29T13:55:20+00:00\" \/>\n<meta property=\"og:image\" content=\"https:\/\/www.rassegnastampa-totustuus.it\/cattolica\/wp-content\/uploads\/2009\/03\/Caterina-Asburgo.jpg\" \/>\n\t<meta property=\"og:image:width\" content=\"183\" \/>\n\t<meta property=\"og:image:height\" content=\"275\" \/>\n\t<meta property=\"og:image:type\" content=\"image\/jpeg\" \/>\n<meta name=\"author\" content=\"Redazione\" \/>\n<meta name=\"twitter:card\" content=\"summary_large_image\" \/>\n<meta name=\"twitter:creator\" content=\"@rassegnastampa9\" \/>\n<meta name=\"twitter:site\" content=\"@rassegnastampa9\" \/>\n<meta name=\"twitter:label1\" content=\"Scritto da\" \/>\n\t<meta name=\"twitter:data1\" content=\"Redazione\" \/>\n\t<meta name=\"twitter:label2\" content=\"Tempo di lettura stimato\" \/>\n\t<meta name=\"twitter:data2\" content=\"5 minuti\" \/>\n<script type=\"application\/ld+json\" class=\"yoast-schema-graph\">{\"@context\":\"https:\\\/\\\/schema.org\",\"@graph\":[{\"@type\":\"Article\",\"@id\":\"https:\\\/\\\/www.rassegnastampa-totustuus.it\\\/cattolica\\\/larciduchessa-gentile\\\/#article\",\"isPartOf\":{\"@id\":\"https:\\\/\\\/www.rassegnastampa-totustuus.it\\\/cattolica\\\/larciduchessa-gentile\\\/\"},\"author\":{\"name\":\"Redazione\",\"@id\":\"https:\\\/\\\/www.rassegnastampa-totustuus.it\\\/cattolica\\\/#\\\/schema\\\/person\\\/08f319d2bd1a0904ad9e2bfb7b15e5c3\"},\"headline\":\"L\u2019arciduchessa gentile\",\"datePublished\":\"2009-03-04T13:31:32+00:00\",\"dateModified\":\"2015-01-29T13:55:20+00:00\",\"mainEntityOfPage\":{\"@id\":\"https:\\\/\\\/www.rassegnastampa-totustuus.it\\\/cattolica\\\/larciduchessa-gentile\\\/\"},\"wordCount\":939,\"publisher\":{\"@id\":\"https:\\\/\\\/www.rassegnastampa-totustuus.it\\\/cattolica\\\/#organization\"},\"image\":{\"@id\":\"https:\\\/\\\/www.rassegnastampa-totustuus.it\\\/cattolica\\\/larciduchessa-gentile\\\/#primaryimage\"},\"thumbnailUrl\":\"https:\\\/\\\/www.rassegnastampa-totustuus.it\\\/cattolica\\\/wp-content\\\/uploads\\\/2009\\\/03\\\/Caterina-Asburgo.jpg\",\"keywords\":[\"Asburgo\",\"Caterina d'Austria\"],\"articleSection\":[\"Personaggi\"],\"inLanguage\":\"it-IT\"},{\"@type\":\"WebPage\",\"@id\":\"https:\\\/\\\/www.rassegnastampa-totustuus.it\\\/cattolica\\\/larciduchessa-gentile\\\/\",\"url\":\"https:\\\/\\\/www.rassegnastampa-totustuus.it\\\/cattolica\\\/larciduchessa-gentile\\\/\",\"name\":\"L\u2019arciduchessa gentile - Rassegna Stampa Cattolica\",\"isPartOf\":{\"@id\":\"https:\\\/\\\/www.rassegnastampa-totustuus.it\\\/cattolica\\\/#website\"},\"primaryImageOfPage\":{\"@id\":\"https:\\\/\\\/www.rassegnastampa-totustuus.it\\\/cattolica\\\/larciduchessa-gentile\\\/#primaryimage\"},\"image\":{\"@id\":\"https:\\\/\\\/www.rassegnastampa-totustuus.it\\\/cattolica\\\/larciduchessa-gentile\\\/#primaryimage\"},\"thumbnailUrl\":\"https:\\\/\\\/www.rassegnastampa-totustuus.it\\\/cattolica\\\/wp-content\\\/uploads\\\/2009\\\/03\\\/Caterina-Asburgo.jpg\",\"datePublished\":\"2009-03-04T13:31:32+00:00\",\"dateModified\":\"2015-01-29T13:55:20+00:00\",\"description\":\"Rassegna Stampa Cattolica - Per una cultura che nasce dalla Rivelazione cristiana in conformit\u00e0 alla tradizione e al Magistero della Chiesa in opposizione ad ogni relativismo e totalitarismo\",\"breadcrumb\":{\"@id\":\"https:\\\/\\\/www.rassegnastampa-totustuus.it\\\/cattolica\\\/larciduchessa-gentile\\\/#breadcrumb\"},\"inLanguage\":\"it-IT\",\"potentialAction\":[{\"@type\":\"ReadAction\",\"target\":[\"https:\\\/\\\/www.rassegnastampa-totustuus.it\\\/cattolica\\\/larciduchessa-gentile\\\/\"]}]},{\"@type\":\"ImageObject\",\"inLanguage\":\"it-IT\",\"@id\":\"https:\\\/\\\/www.rassegnastampa-totustuus.it\\\/cattolica\\\/larciduchessa-gentile\\\/#primaryimage\",\"url\":\"https:\\\/\\\/www.rassegnastampa-totustuus.it\\\/cattolica\\\/wp-content\\\/uploads\\\/2009\\\/03\\\/Caterina-Asburgo.jpg\",\"contentUrl\":\"https:\\\/\\\/www.rassegnastampa-totustuus.it\\\/cattolica\\\/wp-content\\\/uploads\\\/2009\\\/03\\\/Caterina-Asburgo.jpg\",\"width\":183,\"height\":275},{\"@type\":\"BreadcrumbList\",\"@id\":\"https:\\\/\\\/www.rassegnastampa-totustuus.it\\\/cattolica\\\/larciduchessa-gentile\\\/#breadcrumb\",\"itemListElement\":[{\"@type\":\"ListItem\",\"position\":1,\"name\":\"Home\",\"item\":\"https:\\\/\\\/www.rassegnastampa-totustuus.it\\\/cattolica\\\/\"},{\"@type\":\"ListItem\",\"position\":2,\"name\":\"L\u2019arciduchessa gentile\"}]},{\"@type\":\"WebSite\",\"@id\":\"https:\\\/\\\/www.rassegnastampa-totustuus.it\\\/cattolica\\\/#website\",\"url\":\"https:\\\/\\\/www.rassegnastampa-totustuus.it\\\/cattolica\\\/\",\"name\":\"Rassegna Stampa Cattolica\",\"description\":\"Per una cultura che nasce dalla Rivelazione cristiana in conformit\u00e0 alla tradizione e al Magistero della Chiesa in opposizione ad ogni relativismo e totalitarismo\",\"publisher\":{\"@id\":\"https:\\\/\\\/www.rassegnastampa-totustuus.it\\\/cattolica\\\/#organization\"},\"alternateName\":\"Rass. Cattolica\",\"potentialAction\":[{\"@type\":\"SearchAction\",\"target\":{\"@type\":\"EntryPoint\",\"urlTemplate\":\"https:\\\/\\\/www.rassegnastampa-totustuus.it\\\/cattolica\\\/?s={search_term_string}\"},\"query-input\":{\"@type\":\"PropertyValueSpecification\",\"valueRequired\":true,\"valueName\":\"search_term_string\"}}],\"inLanguage\":\"it-IT\"},{\"@type\":\"Organization\",\"@id\":\"https:\\\/\\\/www.rassegnastampa-totustuus.it\\\/cattolica\\\/#organization\",\"name\":\"Rassegna Stampa Cattolica\",\"url\":\"https:\\\/\\\/www.rassegnastampa-totustuus.it\\\/cattolica\\\/\",\"logo\":{\"@type\":\"ImageObject\",\"inLanguage\":\"it-IT\",\"@id\":\"https:\\\/\\\/www.rassegnastampa-totustuus.it\\\/cattolica\\\/#\\\/schema\\\/logo\\\/image\\\/\",\"url\":\"https:\\\/\\\/www.rassegnastampa-totustuus.it\\\/cattolica\\\/wp-content\\\/uploads\\\/2014\\\/04\\\/logo-rassegna1.gif\",\"contentUrl\":\"https:\\\/\\\/www.rassegnastampa-totustuus.it\\\/cattolica\\\/wp-content\\\/uploads\\\/2014\\\/04\\\/logo-rassegna1.gif\",\"width\":600,\"height\":163,\"caption\":\"Rassegna Stampa Cattolica\"},\"image\":{\"@id\":\"https:\\\/\\\/www.rassegnastampa-totustuus.it\\\/cattolica\\\/#\\\/schema\\\/logo\\\/image\\\/\"},\"sameAs\":[\"https:\\\/\\\/www.facebook.com\\\/rassegnastampacattolica\",\"https:\\\/\\\/x.com\\\/rassegnastampa9\"]},{\"@type\":\"Person\",\"@id\":\"https:\\\/\\\/www.rassegnastampa-totustuus.it\\\/cattolica\\\/#\\\/schema\\\/person\\\/08f319d2bd1a0904ad9e2bfb7b15e5c3\",\"name\":\"Redazione\",\"image\":{\"@type\":\"ImageObject\",\"inLanguage\":\"it-IT\",\"@id\":\"https:\\\/\\\/secure.gravatar.com\\\/avatar\\\/2fcdf27c78ea025fbdb44e914cc63c72249ffec9dc8aafd5c82b26240ef3f346?s=96&d=mm&r=g\",\"url\":\"https:\\\/\\\/secure.gravatar.com\\\/avatar\\\/2fcdf27c78ea025fbdb44e914cc63c72249ffec9dc8aafd5c82b26240ef3f346?s=96&d=mm&r=g\",\"contentUrl\":\"https:\\\/\\\/secure.gravatar.com\\\/avatar\\\/2fcdf27c78ea025fbdb44e914cc63c72249ffec9dc8aafd5c82b26240ef3f346?s=96&d=mm&r=g\",\"caption\":\"Redazione\"},\"url\":\"https:\\\/\\\/www.rassegnastampa-totustuus.it\\\/cattolica\\\/author\\\/pietroelle\\\/\"}]}<\/script>\n<!-- \/ Yoast SEO plugin. -->","yoast_head_json":{"title":"L\u2019arciduchessa gentile - Rassegna Stampa Cattolica","description":"Rassegna Stampa Cattolica - Per una cultura che nasce dalla Rivelazione cristiana in conformit\u00e0 alla tradizione e al Magistero della Chiesa in opposizione ad ogni relativismo e totalitarismo","robots":{"index":"index","follow":"follow","max-snippet":"max-snippet:-1","max-image-preview":"max-image-preview:large","max-video-preview":"max-video-preview:-1"},"canonical":"https:\/\/www.rassegnastampa-totustuus.it\/cattolica\/larciduchessa-gentile\/","og_locale":"it_IT","og_type":"article","og_title":"L\u2019arciduchessa gentile - Rassegna Stampa Cattolica","og_description":"Rassegna Stampa Cattolica - Per una cultura che nasce dalla Rivelazione cristiana in conformit\u00e0 alla tradizione e al Magistero della Chiesa in opposizione ad ogni relativismo e totalitarismo","og_url":"https:\/\/www.rassegnastampa-totustuus.it\/cattolica\/larciduchessa-gentile\/","og_site_name":"Rassegna Stampa Cattolica","article_publisher":"https:\/\/www.facebook.com\/rassegnastampacattolica","article_published_time":"2009-03-04T13:31:32+00:00","article_modified_time":"2015-01-29T13:55:20+00:00","og_image":[{"width":183,"height":275,"url":"https:\/\/www.rassegnastampa-totustuus.it\/cattolica\/wp-content\/uploads\/2009\/03\/Caterina-Asburgo.jpg","type":"image\/jpeg"}],"author":"Redazione","twitter_card":"summary_large_image","twitter_creator":"@rassegnastampa9","twitter_site":"@rassegnastampa9","twitter_misc":{"Scritto da":"Redazione","Tempo di lettura stimato":"5 minuti"},"schema":{"@context":"https:\/\/schema.org","@graph":[{"@type":"Article","@id":"https:\/\/www.rassegnastampa-totustuus.it\/cattolica\/larciduchessa-gentile\/#article","isPartOf":{"@id":"https:\/\/www.rassegnastampa-totustuus.it\/cattolica\/larciduchessa-gentile\/"},"author":{"name":"Redazione","@id":"https:\/\/www.rassegnastampa-totustuus.it\/cattolica\/#\/schema\/person\/08f319d2bd1a0904ad9e2bfb7b15e5c3"},"headline":"L\u2019arciduchessa gentile","datePublished":"2009-03-04T13:31:32+00:00","dateModified":"2015-01-29T13:55:20+00:00","mainEntityOfPage":{"@id":"https:\/\/www.rassegnastampa-totustuus.it\/cattolica\/larciduchessa-gentile\/"},"wordCount":939,"publisher":{"@id":"https:\/\/www.rassegnastampa-totustuus.it\/cattolica\/#organization"},"image":{"@id":"https:\/\/www.rassegnastampa-totustuus.it\/cattolica\/larciduchessa-gentile\/#primaryimage"},"thumbnailUrl":"https:\/\/www.rassegnastampa-totustuus.it\/cattolica\/wp-content\/uploads\/2009\/03\/Caterina-Asburgo.jpg","keywords":["Asburgo","Caterina d'Austria"],"articleSection":["Personaggi"],"inLanguage":"it-IT"},{"@type":"WebPage","@id":"https:\/\/www.rassegnastampa-totustuus.it\/cattolica\/larciduchessa-gentile\/","url":"https:\/\/www.rassegnastampa-totustuus.it\/cattolica\/larciduchessa-gentile\/","name":"L\u2019arciduchessa gentile - Rassegna Stampa Cattolica","isPartOf":{"@id":"https:\/\/www.rassegnastampa-totustuus.it\/cattolica\/#website"},"primaryImageOfPage":{"@id":"https:\/\/www.rassegnastampa-totustuus.it\/cattolica\/larciduchessa-gentile\/#primaryimage"},"image":{"@id":"https:\/\/www.rassegnastampa-totustuus.it\/cattolica\/larciduchessa-gentile\/#primaryimage"},"thumbnailUrl":"https:\/\/www.rassegnastampa-totustuus.it\/cattolica\/wp-content\/uploads\/2009\/03\/Caterina-Asburgo.jpg","datePublished":"2009-03-04T13:31:32+00:00","dateModified":"2015-01-29T13:55:20+00:00","description":"Rassegna Stampa Cattolica - Per una cultura che nasce dalla Rivelazione cristiana in conformit\u00e0 alla tradizione e al Magistero della Chiesa in opposizione ad ogni relativismo e totalitarismo","breadcrumb":{"@id":"https:\/\/www.rassegnastampa-totustuus.it\/cattolica\/larciduchessa-gentile\/#breadcrumb"},"inLanguage":"it-IT","potentialAction":[{"@type":"ReadAction","target":["https:\/\/www.rassegnastampa-totustuus.it\/cattolica\/larciduchessa-gentile\/"]}]},{"@type":"ImageObject","inLanguage":"it-IT","@id":"https:\/\/www.rassegnastampa-totustuus.it\/cattolica\/larciduchessa-gentile\/#primaryimage","url":"https:\/\/www.rassegnastampa-totustuus.it\/cattolica\/wp-content\/uploads\/2009\/03\/Caterina-Asburgo.jpg","contentUrl":"https:\/\/www.rassegnastampa-totustuus.it\/cattolica\/wp-content\/uploads\/2009\/03\/Caterina-Asburgo.jpg","width":183,"height":275},{"@type":"BreadcrumbList","@id":"https:\/\/www.rassegnastampa-totustuus.it\/cattolica\/larciduchessa-gentile\/#breadcrumb","itemListElement":[{"@type":"ListItem","position":1,"name":"Home","item":"https:\/\/www.rassegnastampa-totustuus.it\/cattolica\/"},{"@type":"ListItem","position":2,"name":"L\u2019arciduchessa gentile"}]},{"@type":"WebSite","@id":"https:\/\/www.rassegnastampa-totustuus.it\/cattolica\/#website","url":"https:\/\/www.rassegnastampa-totustuus.it\/cattolica\/","name":"Rassegna Stampa Cattolica","description":"Per una cultura che nasce dalla Rivelazione cristiana in conformit\u00e0 alla tradizione e al Magistero della Chiesa in opposizione ad ogni relativismo e totalitarismo","publisher":{"@id":"https:\/\/www.rassegnastampa-totustuus.it\/cattolica\/#organization"},"alternateName":"Rass. Cattolica","potentialAction":[{"@type":"SearchAction","target":{"@type":"EntryPoint","urlTemplate":"https:\/\/www.rassegnastampa-totustuus.it\/cattolica\/?s={search_term_string}"},"query-input":{"@type":"PropertyValueSpecification","valueRequired":true,"valueName":"search_term_string"}}],"inLanguage":"it-IT"},{"@type":"Organization","@id":"https:\/\/www.rassegnastampa-totustuus.it\/cattolica\/#organization","name":"Rassegna Stampa Cattolica","url":"https:\/\/www.rassegnastampa-totustuus.it\/cattolica\/","logo":{"@type":"ImageObject","inLanguage":"it-IT","@id":"https:\/\/www.rassegnastampa-totustuus.it\/cattolica\/#\/schema\/logo\/image\/","url":"https:\/\/www.rassegnastampa-totustuus.it\/cattolica\/wp-content\/uploads\/2014\/04\/logo-rassegna1.gif","contentUrl":"https:\/\/www.rassegnastampa-totustuus.it\/cattolica\/wp-content\/uploads\/2014\/04\/logo-rassegna1.gif","width":600,"height":163,"caption":"Rassegna Stampa Cattolica"},"image":{"@id":"https:\/\/www.rassegnastampa-totustuus.it\/cattolica\/#\/schema\/logo\/image\/"},"sameAs":["https:\/\/www.facebook.com\/rassegnastampacattolica","https:\/\/x.com\/rassegnastampa9"]},{"@type":"Person","@id":"https:\/\/www.rassegnastampa-totustuus.it\/cattolica\/#\/schema\/person\/08f319d2bd1a0904ad9e2bfb7b15e5c3","name":"Redazione","image":{"@type":"ImageObject","inLanguage":"it-IT","@id":"https:\/\/secure.gravatar.com\/avatar\/2fcdf27c78ea025fbdb44e914cc63c72249ffec9dc8aafd5c82b26240ef3f346?s=96&d=mm&r=g","url":"https:\/\/secure.gravatar.com\/avatar\/2fcdf27c78ea025fbdb44e914cc63c72249ffec9dc8aafd5c82b26240ef3f346?s=96&d=mm&r=g","contentUrl":"https:\/\/secure.gravatar.com\/avatar\/2fcdf27c78ea025fbdb44e914cc63c72249ffec9dc8aafd5c82b26240ef3f346?s=96&d=mm&r=g","caption":"Redazione"},"url":"https:\/\/www.rassegnastampa-totustuus.it\/cattolica\/author\/pietroelle\/"}]}},"_links":{"self":[{"href":"https:\/\/www.rassegnastampa-totustuus.it\/cattolica\/wp-json\/wp\/v2\/posts\/2730","targetHints":{"allow":["GET"]}}],"collection":[{"href":"https:\/\/www.rassegnastampa-totustuus.it\/cattolica\/wp-json\/wp\/v2\/posts"}],"about":[{"href":"https:\/\/www.rassegnastampa-totustuus.it\/cattolica\/wp-json\/wp\/v2\/types\/post"}],"author":[{"embeddable":true,"href":"https:\/\/www.rassegnastampa-totustuus.it\/cattolica\/wp-json\/wp\/v2\/users\/6"}],"replies":[{"embeddable":true,"href":"https:\/\/www.rassegnastampa-totustuus.it\/cattolica\/wp-json\/wp\/v2\/comments?post=2730"}],"version-history":[{"count":3,"href":"https:\/\/www.rassegnastampa-totustuus.it\/cattolica\/wp-json\/wp\/v2\/posts\/2730\/revisions"}],"predecessor-version":[{"id":18039,"href":"https:\/\/www.rassegnastampa-totustuus.it\/cattolica\/wp-json\/wp\/v2\/posts\/2730\/revisions\/18039"}],"wp:featuredmedia":[{"embeddable":true,"href":"https:\/\/www.rassegnastampa-totustuus.it\/cattolica\/wp-json\/wp\/v2\/media\/18038"}],"wp:attachment":[{"href":"https:\/\/www.rassegnastampa-totustuus.it\/cattolica\/wp-json\/wp\/v2\/media?parent=2730"}],"wp:term":[{"taxonomy":"category","embeddable":true,"href":"https:\/\/www.rassegnastampa-totustuus.it\/cattolica\/wp-json\/wp\/v2\/categories?post=2730"},{"taxonomy":"post_tag","embeddable":true,"href":"https:\/\/www.rassegnastampa-totustuus.it\/cattolica\/wp-json\/wp\/v2\/tags?post=2730"}],"curies":[{"name":"wp","href":"https:\/\/api.w.org\/{rel}","templated":true}]}}