{"id":2720,"date":"2009-03-04T11:56:34","date_gmt":"2009-03-04T10:56:34","guid":{"rendered":""},"modified":"2016-04-26T11:09:29","modified_gmt":"2016-04-26T09:09:29","slug":"scomparso-lo-scrittore-chinghiz-ajtmatov","status":"publish","type":"post","link":"https:\/\/www.rassegnastampa-totustuus.it\/cattolica\/scomparso-lo-scrittore-chinghiz-ajtmatov\/","title":{"rendered":"Scomparso lo scrittore Chinghiz Ajtmatov"},"content":{"rendered":"<div style=\"text-align: center;\">\n<div id=\"attachment_33426\" style=\"width: 200px\" class=\"wp-caption alignleft\"><img loading=\"lazy\" decoding=\"async\" aria-describedby=\"caption-attachment-33426\" class=\"wp-image-33426\" src=\"https:\/\/www.rassegnastampa-totustuus.it\/cattolica\/wp-content\/uploads\/2009\/03\/Chinghiz-Ajtmatov.jpg\" alt=\"Chinghiz Ajtmatov\" width=\"200\" height=\"200\" srcset=\"https:\/\/www.rassegnastampa-totustuus.it\/cattolica\/wp-content\/uploads\/2009\/03\/Chinghiz-Ajtmatov.jpg 225w, https:\/\/www.rassegnastampa-totustuus.it\/cattolica\/wp-content\/uploads\/2009\/03\/Chinghiz-Ajtmatov-150x150.jpg 150w\" sizes=\"auto, (max-width: 200px) 100vw, 200px\" \/><p id=\"caption-attachment-33426\" class=\"wp-caption-text\">Chinghiz Ajtmatov<\/p><\/div>\n<p><strong>Il Sole 24 Ore.com<\/strong> 12 giugno 2008<\/div>\n<p style=\"text-align: center;\">di <strong>Piero Sinatti<\/strong>I<\/p>\n<p style=\"text-align: justify;\">I rappresentanti ufficiali della cultura dei paesi di lingua turca l&#8217;avevano proposto, un mese fa , per il Nobel della letteratura, ma giunto alla soglia dei suoi ottant&#8217;anni, il grande scrittore kyrgyzo Chingiz Ajtmatov non ce l&#8217;ha fatta ad attendere il riconoscimento che la sua opera di narratore, quasi cinquantennale, meritava. Per complicazioni a una grave malattia che curava in una clinica di Norinberga, il 10 giugno scorso \u00e8 scomparso.<\/p>\n<p><!--more--><\/p>\n<div style=\"text-align: justify;\"><strong>Un destino singolare <\/strong><\/div>\n<p style=\"text-align: justify;\">Nato nel 1928 nello sperduto &#8220;kishlak&#8221; (villaggio) kyrgyzo di Seker, il padre fucilato durante le Grandi Purghe staliniane, dopo essersi diplomato a Frunze (ora Bishkek) in agraria e veterinaria, a met\u00e0 degli anni Cinquanta del XX secolo era ammesso all&#8217;Istituto superiore di letteratura di Mosca e si affermava nei tre decenni successivi come uno dei massimi narratori sovietici, tradotto in oltre 100 lingue: tra cui l&#8217;italiano per merito, soprattutto, dell&#8217;editore milanese Mursia e del russista Eridano Bazzarelli. Assieme ad altri (grandi) scrittori di lui meno noti \u2013 tra cui l&#8217;abkhazo Fazil Iskander &#8211; Ajtamatov ha rappresentato il multiculturalismo e bilinguismo tipici della letteratura sovietica, rapidamente scomparsi con la fine dell&#8217;Urss.<\/p>\n<p style=\"text-align: justify;\">Nonostante i numerosissimi alti riconoscimenti e le altissime tirature, in patria come all&#8217;estero, scrittore perfettamente bilingue (in russo e kyrgyzo), Ajtmatov \u00e8 stato lasciato fuori dal fondamentale dizionario &#8220;Scrittori russi del XX secolo&#8221; (edito nel 2000). Brutto segno di tempi dominati da angusti nazionalismi.<\/p>\n<p style=\"text-align: justify;\">Ajtmatov apparteneva legittimamente alla grande tradizione letteraria russa (per le influenze che su di lui esercitarono Leskov, Tolstoj Cechov, Privshin). Eppure, alla sua morte, la Russia ha riservato poca attenzione (a parte i messaggi di cordoglio di Medvedev e Putin). Mentre ha ignorato l&#8217;evento l&#8217;Occidente. Non cos\u00ec, per fortuna, \u00e8 stato nei paesi di lingua turanica, specie in Turchia, dove Ajtmatov \u00e8 considerato alla stregua di uno scrittore turco.<\/p>\n<p style=\"text-align: justify;\"><strong>La &#8220;terza via&#8221; di Ajtmatov <\/strong><\/p>\n<p style=\"text-align: justify;\">Il kyrgyzo Ajtmatov aveva arricchito la lingua e la letteratura russe di voci, nomi, leggende del folklore e della ricca letteratura kyrgyza (restata orale fino all&#8217;era sovietica). Con frequenti incursioni nell&#8217;affine Kazakhstan.<\/p>\n<p style=\"text-align: justify;\">I suoi numerosi racconti e romanzi, a cominciare dal primo, &#8220;Dzamilja&#8221;, pubblicato nel 1959, sono ambientati nelle steppe e nelle montagne centroasiatiche tra Kyrgyzstan e Kazakhstan. Per il loro contenuto e stile sono fuori dal realismo socialista, con cui per\u00f2 hanno convissuto, subendo anche critiche e conflitti. Tuttavia, non appartengono neppure alla letteratura russa &#8220;del dissenso&#8221;, cos\u00ec schierata nel suo antisovietismo e anticomunismo militanti.<\/p>\n<p style=\"text-align: justify;\">Ajtmatov, come notava tanti anni fa Gigliola Venturi, appartiene a una sorta di &#8220;terza via&#8221; letteraria, tollerata e pubblicata e anche premiata in Urss. Si veda, ad esempio, la corrente dei cosiddetti scrittori &#8220;campagnoli&#8221; russi come Rasputin, Mozhaev e altri).<\/p>\n<p style=\"text-align: justify;\">Tuttavia, questa &#8220;terza via&#8221; in Occidente \u00e8 restata oscurata (specie sotto il profilo politico mediatico), dal prevalere della letteratura del dissenso, finendo con il restarne schiacciata. Ingiustamente.<\/p>\n<p style=\"text-align: justify;\">All&#8217;Ovest e tra i dissidenti Ajtmatov fu considerato &#8220;opposizione di Sua Maest\u00e0&#8221;, anche per la sua partecipazione a importanti istituzioni ufficiali.<\/p>\n<p style=\"text-align: justify;\"><strong>L&#8217;opera di Ajtmatov<\/strong><\/p>\n<p style=\"text-align: justify;\">Si tratta di un giudizio ingiusto. Ajtmatov \u00e8 un grande scrittore, che ha reso universali vicende, luoghi e personaggi del suo Kyrgyzstan, grazie non solo a una scrittura di rara intensit\u00e0 lirica, ma anche alla straordinaria capacit\u00e0 di creare metafore e simboli significativi e di riflettere profondamente su una serie di temi che, se furono cruciali per l&#8217;Urss, lo sono anche per i nostri anni. Ha rappresentato, infatti, il conflitto tra bene e male.<\/p>\n<p style=\"text-align: justify;\">Tra natura da una parte e civilizzazione e progresso tecnologico dall&#8217;altra. Tra disperato ancoraggio alla tradizione e ineluttabile senso di sradicamento e spaesamento.<\/p>\n<p style=\"text-align: justify;\">Nei suoi principali &#8220;povesti&#8221;, o racconti lunghi, da &#8220;Addio, Gul&#8217;sary&#8221; (1966) a &#8220;Il battello bianco&#8221; (1970), e nei suoi due maggiori romanzi, da &#8220;Il giorno che dur\u00f2 pi\u00f9 di un secolo&#8221; (1980) a &#8220;Il patibolo&#8221; (1988), emerge una visione del mondo ben lontana dall'&#8221;ottimismo real-socialista&#8221;, dalla fiducia nel &#8220;futuro radioso&#8221; promesso dal socialismo reale.<\/p>\n<p style=\"text-align: justify;\">Ajtmatov condivide, come alcuni suoi umili-grandi personaggi (tra cui spicca il vecchio ferroviere Edigej de &#8220;il giorno che dur\u00f2 pi\u00f9 di un secolo&#8221;), l&#8217;etica del lavoro onesto, del dovere, del rispetto nei confronti dell&#8217;uomo e della natura, della solidariet\u00e0 e dell&#8217;uguaglianza. Tutti valori che avrebbero dovuto permeare la societ\u00e0 socialista, ma che sono ben lontani dal realizzarsi.<\/p>\n<p style=\"text-align: justify;\">Il bene soccombe di fronte al male e alla sopraffazione, la generosit\u00e0 di fronte all&#8217;umana cupidigia e grettezza. La natura, che egli rappresenta con grande intensit\u00e0 poetica, ritraendola soprattutto negli animali co-protagonisti dei suoi racconti e romanzi, cede di fronte agli assalti implacabili della civilizzazione che sradica e aliena. Mentre la fantasia, l&#8217;immaginazione, il mito, la fiaba sono sconfitte davanti alla trivialit\u00e0 dell&#8217;esistenza quotidiana.<\/p>\n<p style=\"text-align: justify;\">Gli oppressi, gli umili, i buoni (il vecchio pastore Mamun e il nipote che si getta, affogando, nel torrente per andare incontro come pesce alle acque del lago Issyk Kul e al suo mitico battello bianco) sono vittime dei pi\u00f9 forti, dei senza scrupoli, dei burocrati ottusi.<\/p>\n<p style=\"text-align: justify;\">Questi temi dominano nella narrativa di Ajtmatov, assieme a quello della catastrofe ecologica, descritta soprattutto ne &#8220;Il patibolo&#8221;, in cui lo scrittore affronta il tema, allora proibito, della droga (l'&#8221;anasha&#8221; delle steppe centro-asiatiche). Non solo, ma lo scrittore avverte un nuovo e pi\u00f9 grave pericolo che incombe sull&#8217;umanit\u00e0: la nascita di un uomo nuovo, il &#8220;mankurt&#8221;, termine presto divenuto proverbiale, con cui egli designa l&#8217;uomo privato della memoria e della coscienza, ridotto schiavo e passivo esecutore della volont\u00e0 altrui, sradicato dalla sua tradizione, dalle sue radici (&#8220;Il giorno che dur\u00f2 pi\u00f9 di un secolo&#8221;). Ajtmatov ci appare ora scrittore pi\u00f9 attuale di quanto non lo fosse ieri, ben oltre l&#8217;Urss e la sua settantennale esistenza storica.<\/p>\n<p style=\"text-align: justify;\">Crollata l&#8217;Urss, purtroppo, \u00e8 declinata anche la sua vena creativa. Ajtmatov \u00e8 stato come inaridito dai compiti politici e diplomatici che il suo Kyrgyzstan gli ha affidato, fino a un anno fa. La sua opera, per fortuna, resta viva e molto pu\u00f2 dire al nostro cuore e alla nostra mente. E pu\u00f2 ancora insegnarci molto.<\/p>\n","protected":false},"excerpt":{"rendered":"<p>Il Sole 24 Ore.com 12 giugno 2008 di Piero SinattiI I rappresentanti ufficiali della cultura dei paesi di lingua turca l&#8217;avevano proposto, un mese fa , per il Nobel della letteratura, ma giunto alla soglia dei suoi ottant&#8217;anni, il grande scrittore kyrgyzo Chingiz Ajtmatov non ce l&#8217;ha fatta ad attendere il riconoscimento che la sua &hellip; <\/p>\n<p><a class=\"more-link btn\" href=\"https:\/\/www.rassegnastampa-totustuus.it\/cattolica\/scomparso-lo-scrittore-chinghiz-ajtmatov\/\">Continua a leggere<\/a><\/p>\n","protected":false},"author":6,"featured_media":33426,"comment_status":"closed","ping_status":"open","sticky":false,"template":"","format":"standard","meta":{"footnotes":""},"categories":[18,116],"tags":[1542],"class_list":["post-2720","post","type-post","status-publish","format-standard","has-post-thumbnail","hentry","category-personaggi","category-russia","tag-chinghiz-ajtmatov","item-wrap"],"yoast_head":"<!-- This site is optimized with the Yoast SEO plugin v27.4 - https:\/\/yoast.com\/product\/yoast-seo-wordpress\/ -->\n<title>Scomparso lo scrittore Chinghiz Ajtmatov - Rassegna Stampa Cattolica<\/title>\n<meta name=\"description\" content=\"Rassegna Stampa Cattolica - Per una cultura che nasce dalla Rivelazione cristiana in conformit\u00e0 alla tradizione e al Magistero della Chiesa in opposizione ad ogni relativismo e totalitarismo\" \/>\n<meta name=\"robots\" content=\"index, follow, max-snippet:-1, max-image-preview:large, max-video-preview:-1\" \/>\n<link rel=\"canonical\" href=\"https:\/\/www.rassegnastampa-totustuus.it\/cattolica\/scomparso-lo-scrittore-chinghiz-ajtmatov\/\" \/>\n<meta property=\"og:locale\" content=\"it_IT\" \/>\n<meta property=\"og:type\" content=\"article\" \/>\n<meta property=\"og:title\" content=\"Scomparso lo scrittore Chinghiz Ajtmatov - Rassegna Stampa Cattolica\" \/>\n<meta property=\"og:description\" content=\"Rassegna Stampa Cattolica - Per una cultura che nasce dalla Rivelazione cristiana in conformit\u00e0 alla tradizione e al Magistero della Chiesa in opposizione ad ogni relativismo e totalitarismo\" \/>\n<meta property=\"og:url\" content=\"https:\/\/www.rassegnastampa-totustuus.it\/cattolica\/scomparso-lo-scrittore-chinghiz-ajtmatov\/\" \/>\n<meta property=\"og:site_name\" content=\"Rassegna Stampa Cattolica\" \/>\n<meta property=\"article:publisher\" content=\"https:\/\/www.facebook.com\/rassegnastampacattolica\" \/>\n<meta property=\"article:published_time\" content=\"2009-03-04T10:56:34+00:00\" \/>\n<meta property=\"article:modified_time\" content=\"2016-04-26T09:09:29+00:00\" \/>\n<meta property=\"og:image\" content=\"https:\/\/www.rassegnastampa-totustuus.it\/cattolica\/wp-content\/uploads\/2009\/03\/Chinghiz-Ajtmatov.jpg\" \/>\n\t<meta property=\"og:image:width\" content=\"225\" \/>\n\t<meta property=\"og:image:height\" content=\"225\" \/>\n\t<meta property=\"og:image:type\" content=\"image\/jpeg\" \/>\n<meta name=\"author\" content=\"Redazione\" \/>\n<meta name=\"twitter:card\" content=\"summary_large_image\" \/>\n<meta name=\"twitter:creator\" content=\"@rassegnastampa9\" \/>\n<meta name=\"twitter:site\" content=\"@rassegnastampa9\" \/>\n<meta name=\"twitter:label1\" content=\"Scritto da\" \/>\n\t<meta name=\"twitter:data1\" content=\"Redazione\" \/>\n\t<meta name=\"twitter:label2\" content=\"Tempo di lettura stimato\" \/>\n\t<meta name=\"twitter:data2\" content=\"5 minuti\" \/>\n<script type=\"application\/ld+json\" class=\"yoast-schema-graph\">{\"@context\":\"https:\\\/\\\/schema.org\",\"@graph\":[{\"@type\":\"Article\",\"@id\":\"https:\\\/\\\/www.rassegnastampa-totustuus.it\\\/cattolica\\\/scomparso-lo-scrittore-chinghiz-ajtmatov\\\/#article\",\"isPartOf\":{\"@id\":\"https:\\\/\\\/www.rassegnastampa-totustuus.it\\\/cattolica\\\/scomparso-lo-scrittore-chinghiz-ajtmatov\\\/\"},\"author\":{\"name\":\"Redazione\",\"@id\":\"https:\\\/\\\/www.rassegnastampa-totustuus.it\\\/cattolica\\\/#\\\/schema\\\/person\\\/08f319d2bd1a0904ad9e2bfb7b15e5c3\"},\"headline\":\"Scomparso lo scrittore Chinghiz Ajtmatov\",\"datePublished\":\"2009-03-04T10:56:34+00:00\",\"dateModified\":\"2016-04-26T09:09:29+00:00\",\"mainEntityOfPage\":{\"@id\":\"https:\\\/\\\/www.rassegnastampa-totustuus.it\\\/cattolica\\\/scomparso-lo-scrittore-chinghiz-ajtmatov\\\/\"},\"wordCount\":1011,\"publisher\":{\"@id\":\"https:\\\/\\\/www.rassegnastampa-totustuus.it\\\/cattolica\\\/#organization\"},\"image\":{\"@id\":\"https:\\\/\\\/www.rassegnastampa-totustuus.it\\\/cattolica\\\/scomparso-lo-scrittore-chinghiz-ajtmatov\\\/#primaryimage\"},\"thumbnailUrl\":\"https:\\\/\\\/www.rassegnastampa-totustuus.it\\\/cattolica\\\/wp-content\\\/uploads\\\/2009\\\/03\\\/Chinghiz-Ajtmatov.jpg\",\"keywords\":[\"Chinghiz Ajtmatov\"],\"articleSection\":[\"Personaggi\",\"Russia\"],\"inLanguage\":\"it-IT\"},{\"@type\":\"WebPage\",\"@id\":\"https:\\\/\\\/www.rassegnastampa-totustuus.it\\\/cattolica\\\/scomparso-lo-scrittore-chinghiz-ajtmatov\\\/\",\"url\":\"https:\\\/\\\/www.rassegnastampa-totustuus.it\\\/cattolica\\\/scomparso-lo-scrittore-chinghiz-ajtmatov\\\/\",\"name\":\"Scomparso lo scrittore Chinghiz Ajtmatov - Rassegna Stampa Cattolica\",\"isPartOf\":{\"@id\":\"https:\\\/\\\/www.rassegnastampa-totustuus.it\\\/cattolica\\\/#website\"},\"primaryImageOfPage\":{\"@id\":\"https:\\\/\\\/www.rassegnastampa-totustuus.it\\\/cattolica\\\/scomparso-lo-scrittore-chinghiz-ajtmatov\\\/#primaryimage\"},\"image\":{\"@id\":\"https:\\\/\\\/www.rassegnastampa-totustuus.it\\\/cattolica\\\/scomparso-lo-scrittore-chinghiz-ajtmatov\\\/#primaryimage\"},\"thumbnailUrl\":\"https:\\\/\\\/www.rassegnastampa-totustuus.it\\\/cattolica\\\/wp-content\\\/uploads\\\/2009\\\/03\\\/Chinghiz-Ajtmatov.jpg\",\"datePublished\":\"2009-03-04T10:56:34+00:00\",\"dateModified\":\"2016-04-26T09:09:29+00:00\",\"description\":\"Rassegna Stampa Cattolica - Per una cultura che nasce dalla Rivelazione cristiana in conformit\u00e0 alla tradizione e al Magistero della Chiesa in opposizione ad ogni relativismo e totalitarismo\",\"breadcrumb\":{\"@id\":\"https:\\\/\\\/www.rassegnastampa-totustuus.it\\\/cattolica\\\/scomparso-lo-scrittore-chinghiz-ajtmatov\\\/#breadcrumb\"},\"inLanguage\":\"it-IT\",\"potentialAction\":[{\"@type\":\"ReadAction\",\"target\":[\"https:\\\/\\\/www.rassegnastampa-totustuus.it\\\/cattolica\\\/scomparso-lo-scrittore-chinghiz-ajtmatov\\\/\"]}]},{\"@type\":\"ImageObject\",\"inLanguage\":\"it-IT\",\"@id\":\"https:\\\/\\\/www.rassegnastampa-totustuus.it\\\/cattolica\\\/scomparso-lo-scrittore-chinghiz-ajtmatov\\\/#primaryimage\",\"url\":\"https:\\\/\\\/www.rassegnastampa-totustuus.it\\\/cattolica\\\/wp-content\\\/uploads\\\/2009\\\/03\\\/Chinghiz-Ajtmatov.jpg\",\"contentUrl\":\"https:\\\/\\\/www.rassegnastampa-totustuus.it\\\/cattolica\\\/wp-content\\\/uploads\\\/2009\\\/03\\\/Chinghiz-Ajtmatov.jpg\",\"width\":225,\"height\":225},{\"@type\":\"BreadcrumbList\",\"@id\":\"https:\\\/\\\/www.rassegnastampa-totustuus.it\\\/cattolica\\\/scomparso-lo-scrittore-chinghiz-ajtmatov\\\/#breadcrumb\",\"itemListElement\":[{\"@type\":\"ListItem\",\"position\":1,\"name\":\"Home\",\"item\":\"https:\\\/\\\/www.rassegnastampa-totustuus.it\\\/cattolica\\\/\"},{\"@type\":\"ListItem\",\"position\":2,\"name\":\"Scomparso lo scrittore Chinghiz Ajtmatov\"}]},{\"@type\":\"WebSite\",\"@id\":\"https:\\\/\\\/www.rassegnastampa-totustuus.it\\\/cattolica\\\/#website\",\"url\":\"https:\\\/\\\/www.rassegnastampa-totustuus.it\\\/cattolica\\\/\",\"name\":\"Rassegna Stampa Cattolica\",\"description\":\"Per una cultura che nasce dalla Rivelazione cristiana in conformit\u00e0 alla tradizione e al Magistero della Chiesa in opposizione ad ogni relativismo e totalitarismo\",\"publisher\":{\"@id\":\"https:\\\/\\\/www.rassegnastampa-totustuus.it\\\/cattolica\\\/#organization\"},\"alternateName\":\"Rass. Cattolica\",\"potentialAction\":[{\"@type\":\"SearchAction\",\"target\":{\"@type\":\"EntryPoint\",\"urlTemplate\":\"https:\\\/\\\/www.rassegnastampa-totustuus.it\\\/cattolica\\\/?s={search_term_string}\"},\"query-input\":{\"@type\":\"PropertyValueSpecification\",\"valueRequired\":true,\"valueName\":\"search_term_string\"}}],\"inLanguage\":\"it-IT\"},{\"@type\":\"Organization\",\"@id\":\"https:\\\/\\\/www.rassegnastampa-totustuus.it\\\/cattolica\\\/#organization\",\"name\":\"Rassegna Stampa Cattolica\",\"url\":\"https:\\\/\\\/www.rassegnastampa-totustuus.it\\\/cattolica\\\/\",\"logo\":{\"@type\":\"ImageObject\",\"inLanguage\":\"it-IT\",\"@id\":\"https:\\\/\\\/www.rassegnastampa-totustuus.it\\\/cattolica\\\/#\\\/schema\\\/logo\\\/image\\\/\",\"url\":\"https:\\\/\\\/www.rassegnastampa-totustuus.it\\\/cattolica\\\/wp-content\\\/uploads\\\/2014\\\/04\\\/logo-rassegna1.gif\",\"contentUrl\":\"https:\\\/\\\/www.rassegnastampa-totustuus.it\\\/cattolica\\\/wp-content\\\/uploads\\\/2014\\\/04\\\/logo-rassegna1.gif\",\"width\":600,\"height\":163,\"caption\":\"Rassegna Stampa Cattolica\"},\"image\":{\"@id\":\"https:\\\/\\\/www.rassegnastampa-totustuus.it\\\/cattolica\\\/#\\\/schema\\\/logo\\\/image\\\/\"},\"sameAs\":[\"https:\\\/\\\/www.facebook.com\\\/rassegnastampacattolica\",\"https:\\\/\\\/x.com\\\/rassegnastampa9\"]},{\"@type\":\"Person\",\"@id\":\"https:\\\/\\\/www.rassegnastampa-totustuus.it\\\/cattolica\\\/#\\\/schema\\\/person\\\/08f319d2bd1a0904ad9e2bfb7b15e5c3\",\"name\":\"Redazione\",\"image\":{\"@type\":\"ImageObject\",\"inLanguage\":\"it-IT\",\"@id\":\"https:\\\/\\\/secure.gravatar.com\\\/avatar\\\/2fcdf27c78ea025fbdb44e914cc63c72249ffec9dc8aafd5c82b26240ef3f346?s=96&d=mm&r=g\",\"url\":\"https:\\\/\\\/secure.gravatar.com\\\/avatar\\\/2fcdf27c78ea025fbdb44e914cc63c72249ffec9dc8aafd5c82b26240ef3f346?s=96&d=mm&r=g\",\"contentUrl\":\"https:\\\/\\\/secure.gravatar.com\\\/avatar\\\/2fcdf27c78ea025fbdb44e914cc63c72249ffec9dc8aafd5c82b26240ef3f346?s=96&d=mm&r=g\",\"caption\":\"Redazione\"},\"url\":\"https:\\\/\\\/www.rassegnastampa-totustuus.it\\\/cattolica\\\/author\\\/pietroelle\\\/\"}]}<\/script>\n<!-- \/ Yoast SEO plugin. -->","yoast_head_json":{"title":"Scomparso lo scrittore Chinghiz Ajtmatov - Rassegna Stampa Cattolica","description":"Rassegna Stampa Cattolica - Per una cultura che nasce dalla Rivelazione cristiana in conformit\u00e0 alla tradizione e al Magistero della Chiesa in opposizione ad ogni relativismo e totalitarismo","robots":{"index":"index","follow":"follow","max-snippet":"max-snippet:-1","max-image-preview":"max-image-preview:large","max-video-preview":"max-video-preview:-1"},"canonical":"https:\/\/www.rassegnastampa-totustuus.it\/cattolica\/scomparso-lo-scrittore-chinghiz-ajtmatov\/","og_locale":"it_IT","og_type":"article","og_title":"Scomparso lo scrittore Chinghiz Ajtmatov - Rassegna Stampa Cattolica","og_description":"Rassegna Stampa Cattolica - Per una cultura che nasce dalla Rivelazione cristiana in conformit\u00e0 alla tradizione e al Magistero della Chiesa in opposizione ad ogni relativismo e totalitarismo","og_url":"https:\/\/www.rassegnastampa-totustuus.it\/cattolica\/scomparso-lo-scrittore-chinghiz-ajtmatov\/","og_site_name":"Rassegna Stampa Cattolica","article_publisher":"https:\/\/www.facebook.com\/rassegnastampacattolica","article_published_time":"2009-03-04T10:56:34+00:00","article_modified_time":"2016-04-26T09:09:29+00:00","og_image":[{"width":225,"height":225,"url":"https:\/\/www.rassegnastampa-totustuus.it\/cattolica\/wp-content\/uploads\/2009\/03\/Chinghiz-Ajtmatov.jpg","type":"image\/jpeg"}],"author":"Redazione","twitter_card":"summary_large_image","twitter_creator":"@rassegnastampa9","twitter_site":"@rassegnastampa9","twitter_misc":{"Scritto da":"Redazione","Tempo di lettura stimato":"5 minuti"},"schema":{"@context":"https:\/\/schema.org","@graph":[{"@type":"Article","@id":"https:\/\/www.rassegnastampa-totustuus.it\/cattolica\/scomparso-lo-scrittore-chinghiz-ajtmatov\/#article","isPartOf":{"@id":"https:\/\/www.rassegnastampa-totustuus.it\/cattolica\/scomparso-lo-scrittore-chinghiz-ajtmatov\/"},"author":{"name":"Redazione","@id":"https:\/\/www.rassegnastampa-totustuus.it\/cattolica\/#\/schema\/person\/08f319d2bd1a0904ad9e2bfb7b15e5c3"},"headline":"Scomparso lo scrittore Chinghiz Ajtmatov","datePublished":"2009-03-04T10:56:34+00:00","dateModified":"2016-04-26T09:09:29+00:00","mainEntityOfPage":{"@id":"https:\/\/www.rassegnastampa-totustuus.it\/cattolica\/scomparso-lo-scrittore-chinghiz-ajtmatov\/"},"wordCount":1011,"publisher":{"@id":"https:\/\/www.rassegnastampa-totustuus.it\/cattolica\/#organization"},"image":{"@id":"https:\/\/www.rassegnastampa-totustuus.it\/cattolica\/scomparso-lo-scrittore-chinghiz-ajtmatov\/#primaryimage"},"thumbnailUrl":"https:\/\/www.rassegnastampa-totustuus.it\/cattolica\/wp-content\/uploads\/2009\/03\/Chinghiz-Ajtmatov.jpg","keywords":["Chinghiz Ajtmatov"],"articleSection":["Personaggi","Russia"],"inLanguage":"it-IT"},{"@type":"WebPage","@id":"https:\/\/www.rassegnastampa-totustuus.it\/cattolica\/scomparso-lo-scrittore-chinghiz-ajtmatov\/","url":"https:\/\/www.rassegnastampa-totustuus.it\/cattolica\/scomparso-lo-scrittore-chinghiz-ajtmatov\/","name":"Scomparso lo scrittore Chinghiz Ajtmatov - Rassegna Stampa Cattolica","isPartOf":{"@id":"https:\/\/www.rassegnastampa-totustuus.it\/cattolica\/#website"},"primaryImageOfPage":{"@id":"https:\/\/www.rassegnastampa-totustuus.it\/cattolica\/scomparso-lo-scrittore-chinghiz-ajtmatov\/#primaryimage"},"image":{"@id":"https:\/\/www.rassegnastampa-totustuus.it\/cattolica\/scomparso-lo-scrittore-chinghiz-ajtmatov\/#primaryimage"},"thumbnailUrl":"https:\/\/www.rassegnastampa-totustuus.it\/cattolica\/wp-content\/uploads\/2009\/03\/Chinghiz-Ajtmatov.jpg","datePublished":"2009-03-04T10:56:34+00:00","dateModified":"2016-04-26T09:09:29+00:00","description":"Rassegna Stampa Cattolica - Per una cultura che nasce dalla Rivelazione cristiana in conformit\u00e0 alla tradizione e al Magistero della Chiesa in opposizione ad ogni relativismo e totalitarismo","breadcrumb":{"@id":"https:\/\/www.rassegnastampa-totustuus.it\/cattolica\/scomparso-lo-scrittore-chinghiz-ajtmatov\/#breadcrumb"},"inLanguage":"it-IT","potentialAction":[{"@type":"ReadAction","target":["https:\/\/www.rassegnastampa-totustuus.it\/cattolica\/scomparso-lo-scrittore-chinghiz-ajtmatov\/"]}]},{"@type":"ImageObject","inLanguage":"it-IT","@id":"https:\/\/www.rassegnastampa-totustuus.it\/cattolica\/scomparso-lo-scrittore-chinghiz-ajtmatov\/#primaryimage","url":"https:\/\/www.rassegnastampa-totustuus.it\/cattolica\/wp-content\/uploads\/2009\/03\/Chinghiz-Ajtmatov.jpg","contentUrl":"https:\/\/www.rassegnastampa-totustuus.it\/cattolica\/wp-content\/uploads\/2009\/03\/Chinghiz-Ajtmatov.jpg","width":225,"height":225},{"@type":"BreadcrumbList","@id":"https:\/\/www.rassegnastampa-totustuus.it\/cattolica\/scomparso-lo-scrittore-chinghiz-ajtmatov\/#breadcrumb","itemListElement":[{"@type":"ListItem","position":1,"name":"Home","item":"https:\/\/www.rassegnastampa-totustuus.it\/cattolica\/"},{"@type":"ListItem","position":2,"name":"Scomparso lo scrittore Chinghiz Ajtmatov"}]},{"@type":"WebSite","@id":"https:\/\/www.rassegnastampa-totustuus.it\/cattolica\/#website","url":"https:\/\/www.rassegnastampa-totustuus.it\/cattolica\/","name":"Rassegna Stampa Cattolica","description":"Per una cultura che nasce dalla Rivelazione cristiana in conformit\u00e0 alla tradizione e al Magistero della Chiesa in opposizione ad ogni relativismo e totalitarismo","publisher":{"@id":"https:\/\/www.rassegnastampa-totustuus.it\/cattolica\/#organization"},"alternateName":"Rass. Cattolica","potentialAction":[{"@type":"SearchAction","target":{"@type":"EntryPoint","urlTemplate":"https:\/\/www.rassegnastampa-totustuus.it\/cattolica\/?s={search_term_string}"},"query-input":{"@type":"PropertyValueSpecification","valueRequired":true,"valueName":"search_term_string"}}],"inLanguage":"it-IT"},{"@type":"Organization","@id":"https:\/\/www.rassegnastampa-totustuus.it\/cattolica\/#organization","name":"Rassegna Stampa Cattolica","url":"https:\/\/www.rassegnastampa-totustuus.it\/cattolica\/","logo":{"@type":"ImageObject","inLanguage":"it-IT","@id":"https:\/\/www.rassegnastampa-totustuus.it\/cattolica\/#\/schema\/logo\/image\/","url":"https:\/\/www.rassegnastampa-totustuus.it\/cattolica\/wp-content\/uploads\/2014\/04\/logo-rassegna1.gif","contentUrl":"https:\/\/www.rassegnastampa-totustuus.it\/cattolica\/wp-content\/uploads\/2014\/04\/logo-rassegna1.gif","width":600,"height":163,"caption":"Rassegna Stampa Cattolica"},"image":{"@id":"https:\/\/www.rassegnastampa-totustuus.it\/cattolica\/#\/schema\/logo\/image\/"},"sameAs":["https:\/\/www.facebook.com\/rassegnastampacattolica","https:\/\/x.com\/rassegnastampa9"]},{"@type":"Person","@id":"https:\/\/www.rassegnastampa-totustuus.it\/cattolica\/#\/schema\/person\/08f319d2bd1a0904ad9e2bfb7b15e5c3","name":"Redazione","image":{"@type":"ImageObject","inLanguage":"it-IT","@id":"https:\/\/secure.gravatar.com\/avatar\/2fcdf27c78ea025fbdb44e914cc63c72249ffec9dc8aafd5c82b26240ef3f346?s=96&d=mm&r=g","url":"https:\/\/secure.gravatar.com\/avatar\/2fcdf27c78ea025fbdb44e914cc63c72249ffec9dc8aafd5c82b26240ef3f346?s=96&d=mm&r=g","contentUrl":"https:\/\/secure.gravatar.com\/avatar\/2fcdf27c78ea025fbdb44e914cc63c72249ffec9dc8aafd5c82b26240ef3f346?s=96&d=mm&r=g","caption":"Redazione"},"url":"https:\/\/www.rassegnastampa-totustuus.it\/cattolica\/author\/pietroelle\/"}]}},"_links":{"self":[{"href":"https:\/\/www.rassegnastampa-totustuus.it\/cattolica\/wp-json\/wp\/v2\/posts\/2720","targetHints":{"allow":["GET"]}}],"collection":[{"href":"https:\/\/www.rassegnastampa-totustuus.it\/cattolica\/wp-json\/wp\/v2\/posts"}],"about":[{"href":"https:\/\/www.rassegnastampa-totustuus.it\/cattolica\/wp-json\/wp\/v2\/types\/post"}],"author":[{"embeddable":true,"href":"https:\/\/www.rassegnastampa-totustuus.it\/cattolica\/wp-json\/wp\/v2\/users\/6"}],"replies":[{"embeddable":true,"href":"https:\/\/www.rassegnastampa-totustuus.it\/cattolica\/wp-json\/wp\/v2\/comments?post=2720"}],"version-history":[{"count":4,"href":"https:\/\/www.rassegnastampa-totustuus.it\/cattolica\/wp-json\/wp\/v2\/posts\/2720\/revisions"}],"predecessor-version":[{"id":33427,"href":"https:\/\/www.rassegnastampa-totustuus.it\/cattolica\/wp-json\/wp\/v2\/posts\/2720\/revisions\/33427"}],"wp:featuredmedia":[{"embeddable":true,"href":"https:\/\/www.rassegnastampa-totustuus.it\/cattolica\/wp-json\/wp\/v2\/media\/33426"}],"wp:attachment":[{"href":"https:\/\/www.rassegnastampa-totustuus.it\/cattolica\/wp-json\/wp\/v2\/media?parent=2720"}],"wp:term":[{"taxonomy":"category","embeddable":true,"href":"https:\/\/www.rassegnastampa-totustuus.it\/cattolica\/wp-json\/wp\/v2\/categories?post=2720"},{"taxonomy":"post_tag","embeddable":true,"href":"https:\/\/www.rassegnastampa-totustuus.it\/cattolica\/wp-json\/wp\/v2\/tags?post=2720"}],"curies":[{"name":"wp","href":"https:\/\/api.w.org\/{rel}","templated":true}]}}