{"id":2719,"date":"2009-03-04T11:49:21","date_gmt":"2009-03-04T10:49:21","guid":{"rendered":""},"modified":"2015-12-01T12:15:25","modified_gmt":"2015-12-01T11:15:25","slug":"russia-175-morti-in-tre-tragedie-lutto-nazionale","status":"publish","type":"post","link":"https:\/\/www.rassegnastampa-totustuus.it\/cattolica\/russia-175-morti-in-tre-tragedie-lutto-nazionale\/","title":{"rendered":"Russia, 175 morti in tre tragedie: lutto nazionale"},"content":{"rendered":"<div style=\"text-align: center;\"><strong><a href=\"https:\/\/www.rassegnastampa-totustuus.it\/cattolica\/wp-content\/uploads\/2009\/03\/Russia_miniera.jpg\"><img loading=\"lazy\" decoding=\"async\" class=\"alignright wp-image-28356\" src=\"https:\/\/www.rassegnastampa-totustuus.it\/cattolica\/wp-content\/uploads\/2009\/03\/Russia_miniera.jpg\" alt=\"Russia_miniera\" width=\"250\" height=\"187\" \/><\/a>Il Sole 24 Ore <\/strong>21 marzo 2007<\/div>\n<p style=\"text-align: center;\">di <strong>Piero Sinatti<\/strong><\/p>\n<p style=\"text-align: justify;\">Un giorno di lutto nazionale per tre tragedie consecutive, un record terribile. Centosettantacinque morti tra un sabato e un marted\u00ec di marzo in tre angoli di Russia. Sei, sabato scorso, nell\u2019incidente aereo di Samara, per il distacco di un\u2019ala di un Tupolev in fase di atterraggio all\u2019aeroporto di Samara, Russia centrale, uno dei principali centri petrolchimici russi.<\/p>\n<p><!--more--><\/p>\n<div style=\"text-align: justify;\">Luned\u00ec si verifica una tremenda esplosione di gas nella miniera \u201cUljanovskaja\u201d, regione di Kemerovo &#8211; centro del maggior bacino minerario del Paese, il leggendario Kuzbass (Siberia). Muoiono centosette persone, tra cui i quadri dirigenti, in visita di monitoraggio sulla produzione con un esperto britannico, scomparso anche lui. Marted\u00ec prende fuoco in un paese del territorio meridionale di Krasnodar\u2019 un ospizio di vecchi ed invalidi. Sessantadue morti.<\/div>\n<p style=\"text-align: justify;\">Il Presidente. Vladimir Putin ha proclamato un giorno di lutto nazionale nel Paese. Ha mandato telegrammi di condoglianza. Ha osservato un minuto di silenzio durante una seduta ristretta di governo. Ha chiesto l\u2019apertura di inchieste al massimo livello. Ma non \u00e8 andato sul luogo della catastrofe, a portarvi il senso immediato del lutto e della solidariet\u00e0 sua e del Paese. Era gi\u00e0 successo dopo la tragedia del sommergibile nucleare \u201cKursk\u201d e quella di Beslan. Un segno di debolezza, che poco si addice a un leader che fa dell\u2019energia, dell\u2019onnipresenza e della comunicazione permanente uno strumento di popolarit\u00e0 e di potere. Oppure, di cattiva coscienza.<\/p>\n<p style=\"text-align: justify;\"><strong>Perch\u00e9 tanti morti in quarantott\u2019ore?<\/strong> Se lo chiede \u201cKomsomolskaja Pravda\u201d, il popolarissimo e diffuso quotidiano russo. Il \u201cfattore umano\u201d \u2013 risponde. Che individua nella \u201cnegligenza\u201d, \u201cindolenza\u201d (khalatnost\u2019 , la classica parola russa impiegata immancabilmente in queste circostanze). Mancato rispetto delle norme. Imprudenza. Impianti e strutture non a norma. A volte, ubriachezza. Non bastano queste spiegazioni.<\/p>\n<p style=\"text-align: justify;\">Per le sciagure dell\u2019aria, che meritano un discorso a s\u00e9, si pu\u00f2 parlare anche di invecchiamento e usura degli aeromobili. Di investimenti insufficienti e di carenza di manutenzione. Di mancati controlli a terra. Di logoramento del personale, che ha stipendi assolutamente inadeguati al compito da svolgere. Ma anche di privatizzazioni che hanno frammentato dai primi anni Novanta l\u2019intero settore.<\/p>\n<p style=\"text-align: justify;\"><strong>Case di riposo e dintorni.<\/strong> Il quadro che pubblichiamo in margine parla da s\u00e9. Si muore, in Russia, di incendi nei luoghi della debolezza e dell\u2019emarginazione. Dei salari minimi che non garantiscono al personale &#8211; direttori, medici, assistenti &#8211; una vita e un lavoro decenti: 3-4000 rubli mensili, poco pi\u00f9 di cento dollari al mese. Ancor meno per infermieri, inservienti, addetti alla pulizie. Personale frustrato e demotivato. Non sono assicurate n\u00e9 la manutenzione dei locali, degli impianti elettrici e quelli antincendio, n\u00e9 tutte le misure di sicurezza.<\/p>\n<p style=\"text-align: justify;\">La TV russa \u201ccopre\u201d ampiamente queste sciagure, in epoca sovietica erano occultate. Mostra un\u2019umanit\u00e0 abbandonata e dolente, mal messa. Edifici, impianti e arredi marcescenti. Con il riscaldamento che d\u2019inverno o non funziona o non ripara dal freddo russo. Gli incendi divampano quasi sempre d\u2019inverno. Una stufetta o un fornello vetusti lasciati accesi. Malati mentali lasciati a se stessi la notte. Finestre con sbarre per i tossici.<\/p>\n<p style=\"text-align: justify;\">E\u2019 in parte un\u2019eredit\u00e0 del passato, quello sovietico. Il capitalismo selvaggio ha fatto il resto. Dopo i tagli (se non l\u2019abbandono) della spesa sociale degli anni Novanta, solo nel 2004-2005 Putin vi ha destinato importanti investimenti, specie nella sanit\u00e0. Ma il lavoro di ricostruzione \u00e8 enorme, a differenza delle capacit\u00e0 e volont\u00e0 di realizzarlo, specie ai livelli regionali e locali, della cultura del Paese sotto questo aspetto. E i fondi stanziati o non bastano o non arrivano a destinazione. E\u2019 questo il reale contesto del rogo di marted\u00ec a Ejsk, territorio di Krasnodar\u2019. Il resto \u00e8 cronaca. \u00abAccidente\u00bb.<\/p>\n<p style=\"text-align: justify;\"><strong>Miniere e carbone<\/strong>. La Russia \u00e8 tra i primi paesi al mondo nell\u2019export di carbone. E per quantit\u00e0 di vittime di sciagure minerarie del settore. La regione di Kemerovo ne ha il primato in Russia. Nel periodo 2001-2005 gli incidenti registrati nelle sue miniere sono stati duecentodue. Ma i media nazionali parlano solo di quelli di grandi proporzioni, come quello di luned\u00ec. Quest\u2019anno, per esempio, da gennaio a marzo , nella miniere di Kemerovo, prima della tragedia della \u201cUljanovskaja\u201d, gli incidenti mortali sono stati quattro, con un morto ciascuno. Ne hanno parlato solo i media locali.<\/p>\n<p style=\"text-align: justify;\">Ha detto testualmente il senatore ed ex-governatore della regione Rokhetskij : \u201cIn epoca sovietica, tragedie di queste dimensioni erano molto meno. C\u2019era un severo sistema di controllo sulle norme di lavorazione. Oggi, i controlli si sono allentati, da quando la maggior parte delle miniere della regione sono passate in mani private\u201d.<\/p>\n<p style=\"text-align: justify;\">Dice il vero Rokhetskij. Negli anni Duemila un gran numero di miniere di carbone (e ferro) sono state acquistate dalle grandi holding della siderurgia e metallurgia. Come il gruppo Severstal\u2019, il grande complesso di Aleksej Mordashov. Come Suek (Compagnia siberiana energetica del carbone) leader in Russia del settore. Come Evraz-Group, la grande holding di acciaio e carbone, cui fa capo una sua sussidiaria , la societ\u00e0 \u201cJuzhkuzbassugol\u201d (JuKU: Carbone del Kuzbass meridionale): quella che possiede e gestisce la \u201cUljanovskaja\u201d, che a sua volta assicura a JuKU il 15% della sua produzione complessiva di carbone.<\/p>\n<p style=\"text-align: justify;\">Una parte cospicua di azioni (47%) di Evraz, uno dei massimi produttori di acciaio e carbone russi , fu ceduta nel maggio 2006 dal suo maggior azionista, l\u2019oligarca Aleksandr Abramov, a Millhouse Corp. la grande holding che fa capo a un altro ben pi\u00f9 noto oligarca, Roman Abramovich, oligarca per ora prot\u00e9g\u00e9 di Putin. Evraz ha tra le sue partecipate l\u2019italiana Palini e Bertoli (laminati d\u2019acciaio), oltre che partecipazioni in Sud Africa, Repubblica ceca ed USA.<\/p>\n<p style=\"text-align: justify;\"><strong>Rilancio del carbone. <\/strong>Il carbone dopo una lunga crisi \u00e8 tornato ad essere un protagonista del mercato energetico russo e mondiale. La domanda \u00e8 cresciuta. La Russia ne \u00e8 tra le maggiori esportatori mondiali. Addirittura il monopolio del gas Gazprom cerca di entrare nel settore. Il suo piano, appoggiato &#8211; sembra &#8211; da Putin, \u00e8 quello di riservare all\u2019export una quota ancora maggiore di gas. Assicura maggiori utili (ed entrate per lo Stato). Una quota pi\u00f9 alta di carbone, perci\u00f2, dovrebbe sostituire l\u2019oro azzurro nella bilancia energetica del Paese.<\/p>\n<p style=\"text-align: justify;\"><strong>Evraz e \u201cUljanovskaja\u201d.<\/strong> Gli incidenti cos\u00ec frequenti nel settore minerario sono attribuibili a impianti, strutture e tecnologie invecchiate \u2013 sia produttive, che di sicurezza. Risalgono all\u2019epoca sovietica. Gli investimenti sono stati inadeguati a modernizzarlo. Non \u00e8 il caso della \u201cUljanovskaja\u201d. E\u2019 nuova. E\u2019 stata inaugurata nel 2002, con dedica a Putin per il suo compleanno da parte del locale governatore Aman Tuleev. E\u2019 dotata di impianti e sistemi di sicurezza ultimo grido, questi ultimi forniti da una nota ditta britannica. E\u2019 all\u2019avanguardia in Russia.<\/p>\n<p style=\"text-align: justify;\">Cause di ordine naturale (o assestamenti della roccia con formazioni di sacche di gas) e\/o \u201cerrori umani\u201d (\u201cnegligenza\u201d etc) avrebbero provocato la tragedia. Lo sostengono in molti, tra cui lo stesso Tuleev, ex minatore, ex PC russo, ora ferreo putiniano. Ci sono per\u00f2 altre spiegazioni, di minatori sopravvissuti, di sindacalisti, di tecnici del settore, di politici. E\u2019 vero &#8211; dicono &#8211; la miniera \u00e8 modernissima. Ma alcuni strumenti di segnalazione di gas non hanno mai funzionato bene, n\u00e9 tutte le strutture di compartimentazione sono adeguate a isolare esplosioni e incendi.<\/p>\n<p style=\"text-align: justify;\">Tuttavia, la causa pi\u00f9 profonda \u00e8 un\u2019altra. La Direzione di \u201cUljanovskaja\u201d, come del resto avviene in tutto il settore, chiede sempre maggiori volumi di estrazione. All\u2019aumento della produttivit\u00e0 sono legati premi di produzione che rimpinguano il salario che si aggira mediamente attorno a 8-9 mila rubli (circa trecento dollari, pi\u00f9 o meno). Proprio nel gruppo Evraz, nella regione di Kemerovo, ci sono state anche di recente frequenti agitazioni e proteste per le inadempienze salariali.<\/p>\n<p style=\"text-align: justify;\">Ma chi ne ha parlato? Per avere il \u201cpremio\u201d, si cerca di realizzare e superare i piani di produzione. Anche a scapito della sicurezza. E\u2019 stato portato un esempio: gli scavatori, durante l\u2019estrazione dal filone fanno in modo che i rilevatori diano valori di concentrazione di gas pi\u00f9 bassi di quelli reali, pi\u00f9 alti e rischiosi, che potrebbero provocare fermate automatiche di lavoro per il tempo necessario a riportare la concentrazione a norma. fuori pericolo.<\/p>\n<p style=\"text-align: justify;\"><strong>Una conclusione, per ora. <\/strong>Hanno commentano le \u201cIzvestija\u201d: \u201cLa tragedia di \u201cUljanovskaja\u201d pu\u00f2 essere il risultato del costante aumento dell\u2019estrazione, di quello sfrenato \u2018Dai il carbone !\u2019 dei tempi di Stakhanov (il celebre minatore \u201cd\u2019assalto\u201d che ha dato il nome al fenomeno della superproduzione o stakhanovismo negli staliniani anni Trenta, p.s.).<\/p>\n<p style=\"text-align: justify;\">Cos\u00ec, i ritmi di lavoro fanno dimenticare la sicurezza\u201d. Nel 2004 \u2013 ha detto il senatore Roketskij, ex governatore di Kemerovo \u2013 \u00abquesta regione \u00e8 stata la prima a vedere privatizzato tutto il settore carbonifero. Se da una parte il fatto ha lati positivi in termini di responsabilizzazione e di produzione, dall\u2019altra la diminuzione del livello di sicurezza delle miniere \u00e8 legato alla corsa sfrenata al profitto e all\u2019incremento dei volumi di produzione\u00bb.<\/p>\n","protected":false},"excerpt":{"rendered":"<p>Il Sole 24 Ore 21 marzo 2007 di Piero Sinatti Un giorno di lutto nazionale per tre tragedie consecutive, un record terribile. Centosettantacinque morti tra un sabato e un marted\u00ec di marzo in tre angoli di Russia. Sei, sabato scorso, nell\u2019incidente aereo di Samara, per il distacco di un\u2019ala di un Tupolev in fase di &hellip; <\/p>\n<p><a class=\"more-link btn\" href=\"https:\/\/www.rassegnastampa-totustuus.it\/cattolica\/russia-175-morti-in-tre-tragedie-lutto-nazionale\/\">Continua a leggere<\/a><\/p>\n","protected":false},"author":6,"featured_media":28356,"comment_status":"closed","ping_status":"open","sticky":false,"template":"","format":"standard","meta":{"footnotes":""},"categories":[108,116],"tags":[2409],"class_list":["post-2719","post","type-post","status-publish","format-standard","has-post-thumbnail","hentry","category-paesi-e-continenti","category-russia","tag-russia","item-wrap"],"yoast_head":"<!-- This site is optimized with the Yoast SEO plugin v27.4 - https:\/\/yoast.com\/product\/yoast-seo-wordpress\/ -->\n<title>Russia, 175 morti in tre tragedie: lutto nazionale - Rassegna Stampa Cattolica<\/title>\n<meta name=\"description\" content=\"Rassegna Stampa Cattolica - Per una cultura che nasce dalla Rivelazione cristiana in conformit\u00e0 alla tradizione e al Magistero della Chiesa in opposizione ad ogni relativismo e totalitarismo\" \/>\n<meta name=\"robots\" content=\"index, follow, max-snippet:-1, max-image-preview:large, max-video-preview:-1\" \/>\n<link rel=\"canonical\" href=\"https:\/\/www.rassegnastampa-totustuus.it\/cattolica\/russia-175-morti-in-tre-tragedie-lutto-nazionale\/\" \/>\n<meta property=\"og:locale\" content=\"it_IT\" \/>\n<meta property=\"og:type\" content=\"article\" \/>\n<meta property=\"og:title\" content=\"Russia, 175 morti in tre tragedie: lutto nazionale - Rassegna Stampa Cattolica\" \/>\n<meta property=\"og:description\" content=\"Rassegna Stampa Cattolica - Per una cultura che nasce dalla Rivelazione cristiana in conformit\u00e0 alla tradizione e al Magistero della Chiesa in opposizione ad ogni relativismo e totalitarismo\" \/>\n<meta property=\"og:url\" content=\"https:\/\/www.rassegnastampa-totustuus.it\/cattolica\/russia-175-morti-in-tre-tragedie-lutto-nazionale\/\" \/>\n<meta property=\"og:site_name\" content=\"Rassegna Stampa Cattolica\" \/>\n<meta property=\"article:publisher\" content=\"https:\/\/www.facebook.com\/rassegnastampacattolica\" \/>\n<meta property=\"article:published_time\" content=\"2009-03-04T10:49:21+00:00\" \/>\n<meta property=\"article:modified_time\" content=\"2015-12-01T11:15:25+00:00\" \/>\n<meta property=\"og:image\" content=\"https:\/\/www.rassegnastampa-totustuus.it\/cattolica\/wp-content\/uploads\/2009\/03\/Russia_miniera.jpg\" \/>\n\t<meta property=\"og:image:width\" content=\"259\" \/>\n\t<meta property=\"og:image:height\" content=\"194\" \/>\n\t<meta property=\"og:image:type\" content=\"image\/jpeg\" \/>\n<meta name=\"author\" content=\"Redazione\" \/>\n<meta name=\"twitter:card\" content=\"summary_large_image\" \/>\n<meta name=\"twitter:creator\" content=\"@rassegnastampa9\" \/>\n<meta name=\"twitter:site\" content=\"@rassegnastampa9\" \/>\n<meta name=\"twitter:label1\" content=\"Scritto da\" \/>\n\t<meta name=\"twitter:data1\" content=\"Redazione\" \/>\n\t<meta name=\"twitter:label2\" content=\"Tempo di lettura stimato\" \/>\n\t<meta name=\"twitter:data2\" content=\"7 minuti\" \/>\n<script type=\"application\/ld+json\" class=\"yoast-schema-graph\">{\"@context\":\"https:\\\/\\\/schema.org\",\"@graph\":[{\"@type\":\"Article\",\"@id\":\"https:\\\/\\\/www.rassegnastampa-totustuus.it\\\/cattolica\\\/russia-175-morti-in-tre-tragedie-lutto-nazionale\\\/#article\",\"isPartOf\":{\"@id\":\"https:\\\/\\\/www.rassegnastampa-totustuus.it\\\/cattolica\\\/russia-175-morti-in-tre-tragedie-lutto-nazionale\\\/\"},\"author\":{\"name\":\"Redazione\",\"@id\":\"https:\\\/\\\/www.rassegnastampa-totustuus.it\\\/cattolica\\\/#\\\/schema\\\/person\\\/08f319d2bd1a0904ad9e2bfb7b15e5c3\"},\"headline\":\"Russia, 175 morti in tre tragedie: lutto nazionale\",\"datePublished\":\"2009-03-04T10:49:21+00:00\",\"dateModified\":\"2015-12-01T11:15:25+00:00\",\"mainEntityOfPage\":{\"@id\":\"https:\\\/\\\/www.rassegnastampa-totustuus.it\\\/cattolica\\\/russia-175-morti-in-tre-tragedie-lutto-nazionale\\\/\"},\"wordCount\":1466,\"publisher\":{\"@id\":\"https:\\\/\\\/www.rassegnastampa-totustuus.it\\\/cattolica\\\/#organization\"},\"image\":{\"@id\":\"https:\\\/\\\/www.rassegnastampa-totustuus.it\\\/cattolica\\\/russia-175-morti-in-tre-tragedie-lutto-nazionale\\\/#primaryimage\"},\"thumbnailUrl\":\"https:\\\/\\\/www.rassegnastampa-totustuus.it\\\/cattolica\\\/wp-content\\\/uploads\\\/2009\\\/03\\\/Russia_miniera.jpg\",\"keywords\":[\"Russia\"],\"articleSection\":[\"Paesi e continenti\",\"Russia\"],\"inLanguage\":\"it-IT\"},{\"@type\":\"WebPage\",\"@id\":\"https:\\\/\\\/www.rassegnastampa-totustuus.it\\\/cattolica\\\/russia-175-morti-in-tre-tragedie-lutto-nazionale\\\/\",\"url\":\"https:\\\/\\\/www.rassegnastampa-totustuus.it\\\/cattolica\\\/russia-175-morti-in-tre-tragedie-lutto-nazionale\\\/\",\"name\":\"Russia, 175 morti in tre tragedie: lutto nazionale - Rassegna Stampa Cattolica\",\"isPartOf\":{\"@id\":\"https:\\\/\\\/www.rassegnastampa-totustuus.it\\\/cattolica\\\/#website\"},\"primaryImageOfPage\":{\"@id\":\"https:\\\/\\\/www.rassegnastampa-totustuus.it\\\/cattolica\\\/russia-175-morti-in-tre-tragedie-lutto-nazionale\\\/#primaryimage\"},\"image\":{\"@id\":\"https:\\\/\\\/www.rassegnastampa-totustuus.it\\\/cattolica\\\/russia-175-morti-in-tre-tragedie-lutto-nazionale\\\/#primaryimage\"},\"thumbnailUrl\":\"https:\\\/\\\/www.rassegnastampa-totustuus.it\\\/cattolica\\\/wp-content\\\/uploads\\\/2009\\\/03\\\/Russia_miniera.jpg\",\"datePublished\":\"2009-03-04T10:49:21+00:00\",\"dateModified\":\"2015-12-01T11:15:25+00:00\",\"description\":\"Rassegna Stampa Cattolica - Per una cultura che nasce dalla Rivelazione cristiana in conformit\u00e0 alla tradizione e al Magistero della Chiesa in opposizione ad ogni relativismo e totalitarismo\",\"breadcrumb\":{\"@id\":\"https:\\\/\\\/www.rassegnastampa-totustuus.it\\\/cattolica\\\/russia-175-morti-in-tre-tragedie-lutto-nazionale\\\/#breadcrumb\"},\"inLanguage\":\"it-IT\",\"potentialAction\":[{\"@type\":\"ReadAction\",\"target\":[\"https:\\\/\\\/www.rassegnastampa-totustuus.it\\\/cattolica\\\/russia-175-morti-in-tre-tragedie-lutto-nazionale\\\/\"]}]},{\"@type\":\"ImageObject\",\"inLanguage\":\"it-IT\",\"@id\":\"https:\\\/\\\/www.rassegnastampa-totustuus.it\\\/cattolica\\\/russia-175-morti-in-tre-tragedie-lutto-nazionale\\\/#primaryimage\",\"url\":\"https:\\\/\\\/www.rassegnastampa-totustuus.it\\\/cattolica\\\/wp-content\\\/uploads\\\/2009\\\/03\\\/Russia_miniera.jpg\",\"contentUrl\":\"https:\\\/\\\/www.rassegnastampa-totustuus.it\\\/cattolica\\\/wp-content\\\/uploads\\\/2009\\\/03\\\/Russia_miniera.jpg\",\"width\":259,\"height\":194},{\"@type\":\"BreadcrumbList\",\"@id\":\"https:\\\/\\\/www.rassegnastampa-totustuus.it\\\/cattolica\\\/russia-175-morti-in-tre-tragedie-lutto-nazionale\\\/#breadcrumb\",\"itemListElement\":[{\"@type\":\"ListItem\",\"position\":1,\"name\":\"Home\",\"item\":\"https:\\\/\\\/www.rassegnastampa-totustuus.it\\\/cattolica\\\/\"},{\"@type\":\"ListItem\",\"position\":2,\"name\":\"Russia, 175 morti in tre tragedie: lutto nazionale\"}]},{\"@type\":\"WebSite\",\"@id\":\"https:\\\/\\\/www.rassegnastampa-totustuus.it\\\/cattolica\\\/#website\",\"url\":\"https:\\\/\\\/www.rassegnastampa-totustuus.it\\\/cattolica\\\/\",\"name\":\"Rassegna Stampa Cattolica\",\"description\":\"Per una cultura che nasce dalla Rivelazione cristiana in conformit\u00e0 alla tradizione e al Magistero della Chiesa in opposizione ad ogni relativismo e totalitarismo\",\"publisher\":{\"@id\":\"https:\\\/\\\/www.rassegnastampa-totustuus.it\\\/cattolica\\\/#organization\"},\"alternateName\":\"Rass. Cattolica\",\"potentialAction\":[{\"@type\":\"SearchAction\",\"target\":{\"@type\":\"EntryPoint\",\"urlTemplate\":\"https:\\\/\\\/www.rassegnastampa-totustuus.it\\\/cattolica\\\/?s={search_term_string}\"},\"query-input\":{\"@type\":\"PropertyValueSpecification\",\"valueRequired\":true,\"valueName\":\"search_term_string\"}}],\"inLanguage\":\"it-IT\"},{\"@type\":\"Organization\",\"@id\":\"https:\\\/\\\/www.rassegnastampa-totustuus.it\\\/cattolica\\\/#organization\",\"name\":\"Rassegna Stampa Cattolica\",\"url\":\"https:\\\/\\\/www.rassegnastampa-totustuus.it\\\/cattolica\\\/\",\"logo\":{\"@type\":\"ImageObject\",\"inLanguage\":\"it-IT\",\"@id\":\"https:\\\/\\\/www.rassegnastampa-totustuus.it\\\/cattolica\\\/#\\\/schema\\\/logo\\\/image\\\/\",\"url\":\"https:\\\/\\\/www.rassegnastampa-totustuus.it\\\/cattolica\\\/wp-content\\\/uploads\\\/2014\\\/04\\\/logo-rassegna1.gif\",\"contentUrl\":\"https:\\\/\\\/www.rassegnastampa-totustuus.it\\\/cattolica\\\/wp-content\\\/uploads\\\/2014\\\/04\\\/logo-rassegna1.gif\",\"width\":600,\"height\":163,\"caption\":\"Rassegna Stampa Cattolica\"},\"image\":{\"@id\":\"https:\\\/\\\/www.rassegnastampa-totustuus.it\\\/cattolica\\\/#\\\/schema\\\/logo\\\/image\\\/\"},\"sameAs\":[\"https:\\\/\\\/www.facebook.com\\\/rassegnastampacattolica\",\"https:\\\/\\\/x.com\\\/rassegnastampa9\"]},{\"@type\":\"Person\",\"@id\":\"https:\\\/\\\/www.rassegnastampa-totustuus.it\\\/cattolica\\\/#\\\/schema\\\/person\\\/08f319d2bd1a0904ad9e2bfb7b15e5c3\",\"name\":\"Redazione\",\"image\":{\"@type\":\"ImageObject\",\"inLanguage\":\"it-IT\",\"@id\":\"https:\\\/\\\/secure.gravatar.com\\\/avatar\\\/2fcdf27c78ea025fbdb44e914cc63c72249ffec9dc8aafd5c82b26240ef3f346?s=96&d=mm&r=g\",\"url\":\"https:\\\/\\\/secure.gravatar.com\\\/avatar\\\/2fcdf27c78ea025fbdb44e914cc63c72249ffec9dc8aafd5c82b26240ef3f346?s=96&d=mm&r=g\",\"contentUrl\":\"https:\\\/\\\/secure.gravatar.com\\\/avatar\\\/2fcdf27c78ea025fbdb44e914cc63c72249ffec9dc8aafd5c82b26240ef3f346?s=96&d=mm&r=g\",\"caption\":\"Redazione\"},\"url\":\"https:\\\/\\\/www.rassegnastampa-totustuus.it\\\/cattolica\\\/author\\\/pietroelle\\\/\"}]}<\/script>\n<!-- \/ Yoast SEO plugin. -->","yoast_head_json":{"title":"Russia, 175 morti in tre tragedie: lutto nazionale - Rassegna Stampa Cattolica","description":"Rassegna Stampa Cattolica - Per una cultura che nasce dalla Rivelazione cristiana in conformit\u00e0 alla tradizione e al Magistero della Chiesa in opposizione ad ogni relativismo e totalitarismo","robots":{"index":"index","follow":"follow","max-snippet":"max-snippet:-1","max-image-preview":"max-image-preview:large","max-video-preview":"max-video-preview:-1"},"canonical":"https:\/\/www.rassegnastampa-totustuus.it\/cattolica\/russia-175-morti-in-tre-tragedie-lutto-nazionale\/","og_locale":"it_IT","og_type":"article","og_title":"Russia, 175 morti in tre tragedie: lutto nazionale - Rassegna Stampa Cattolica","og_description":"Rassegna Stampa Cattolica - Per una cultura che nasce dalla Rivelazione cristiana in conformit\u00e0 alla tradizione e al Magistero della Chiesa in opposizione ad ogni relativismo e totalitarismo","og_url":"https:\/\/www.rassegnastampa-totustuus.it\/cattolica\/russia-175-morti-in-tre-tragedie-lutto-nazionale\/","og_site_name":"Rassegna Stampa Cattolica","article_publisher":"https:\/\/www.facebook.com\/rassegnastampacattolica","article_published_time":"2009-03-04T10:49:21+00:00","article_modified_time":"2015-12-01T11:15:25+00:00","og_image":[{"width":259,"height":194,"url":"https:\/\/www.rassegnastampa-totustuus.it\/cattolica\/wp-content\/uploads\/2009\/03\/Russia_miniera.jpg","type":"image\/jpeg"}],"author":"Redazione","twitter_card":"summary_large_image","twitter_creator":"@rassegnastampa9","twitter_site":"@rassegnastampa9","twitter_misc":{"Scritto da":"Redazione","Tempo di lettura stimato":"7 minuti"},"schema":{"@context":"https:\/\/schema.org","@graph":[{"@type":"Article","@id":"https:\/\/www.rassegnastampa-totustuus.it\/cattolica\/russia-175-morti-in-tre-tragedie-lutto-nazionale\/#article","isPartOf":{"@id":"https:\/\/www.rassegnastampa-totustuus.it\/cattolica\/russia-175-morti-in-tre-tragedie-lutto-nazionale\/"},"author":{"name":"Redazione","@id":"https:\/\/www.rassegnastampa-totustuus.it\/cattolica\/#\/schema\/person\/08f319d2bd1a0904ad9e2bfb7b15e5c3"},"headline":"Russia, 175 morti in tre tragedie: lutto nazionale","datePublished":"2009-03-04T10:49:21+00:00","dateModified":"2015-12-01T11:15:25+00:00","mainEntityOfPage":{"@id":"https:\/\/www.rassegnastampa-totustuus.it\/cattolica\/russia-175-morti-in-tre-tragedie-lutto-nazionale\/"},"wordCount":1466,"publisher":{"@id":"https:\/\/www.rassegnastampa-totustuus.it\/cattolica\/#organization"},"image":{"@id":"https:\/\/www.rassegnastampa-totustuus.it\/cattolica\/russia-175-morti-in-tre-tragedie-lutto-nazionale\/#primaryimage"},"thumbnailUrl":"https:\/\/www.rassegnastampa-totustuus.it\/cattolica\/wp-content\/uploads\/2009\/03\/Russia_miniera.jpg","keywords":["Russia"],"articleSection":["Paesi e continenti","Russia"],"inLanguage":"it-IT"},{"@type":"WebPage","@id":"https:\/\/www.rassegnastampa-totustuus.it\/cattolica\/russia-175-morti-in-tre-tragedie-lutto-nazionale\/","url":"https:\/\/www.rassegnastampa-totustuus.it\/cattolica\/russia-175-morti-in-tre-tragedie-lutto-nazionale\/","name":"Russia, 175 morti in tre tragedie: lutto nazionale - Rassegna Stampa Cattolica","isPartOf":{"@id":"https:\/\/www.rassegnastampa-totustuus.it\/cattolica\/#website"},"primaryImageOfPage":{"@id":"https:\/\/www.rassegnastampa-totustuus.it\/cattolica\/russia-175-morti-in-tre-tragedie-lutto-nazionale\/#primaryimage"},"image":{"@id":"https:\/\/www.rassegnastampa-totustuus.it\/cattolica\/russia-175-morti-in-tre-tragedie-lutto-nazionale\/#primaryimage"},"thumbnailUrl":"https:\/\/www.rassegnastampa-totustuus.it\/cattolica\/wp-content\/uploads\/2009\/03\/Russia_miniera.jpg","datePublished":"2009-03-04T10:49:21+00:00","dateModified":"2015-12-01T11:15:25+00:00","description":"Rassegna Stampa Cattolica - Per una cultura che nasce dalla Rivelazione cristiana in conformit\u00e0 alla tradizione e al Magistero della Chiesa in opposizione ad ogni relativismo e totalitarismo","breadcrumb":{"@id":"https:\/\/www.rassegnastampa-totustuus.it\/cattolica\/russia-175-morti-in-tre-tragedie-lutto-nazionale\/#breadcrumb"},"inLanguage":"it-IT","potentialAction":[{"@type":"ReadAction","target":["https:\/\/www.rassegnastampa-totustuus.it\/cattolica\/russia-175-morti-in-tre-tragedie-lutto-nazionale\/"]}]},{"@type":"ImageObject","inLanguage":"it-IT","@id":"https:\/\/www.rassegnastampa-totustuus.it\/cattolica\/russia-175-morti-in-tre-tragedie-lutto-nazionale\/#primaryimage","url":"https:\/\/www.rassegnastampa-totustuus.it\/cattolica\/wp-content\/uploads\/2009\/03\/Russia_miniera.jpg","contentUrl":"https:\/\/www.rassegnastampa-totustuus.it\/cattolica\/wp-content\/uploads\/2009\/03\/Russia_miniera.jpg","width":259,"height":194},{"@type":"BreadcrumbList","@id":"https:\/\/www.rassegnastampa-totustuus.it\/cattolica\/russia-175-morti-in-tre-tragedie-lutto-nazionale\/#breadcrumb","itemListElement":[{"@type":"ListItem","position":1,"name":"Home","item":"https:\/\/www.rassegnastampa-totustuus.it\/cattolica\/"},{"@type":"ListItem","position":2,"name":"Russia, 175 morti in tre tragedie: lutto nazionale"}]},{"@type":"WebSite","@id":"https:\/\/www.rassegnastampa-totustuus.it\/cattolica\/#website","url":"https:\/\/www.rassegnastampa-totustuus.it\/cattolica\/","name":"Rassegna Stampa Cattolica","description":"Per una cultura che nasce dalla Rivelazione cristiana in conformit\u00e0 alla tradizione e al Magistero della Chiesa in opposizione ad ogni relativismo e totalitarismo","publisher":{"@id":"https:\/\/www.rassegnastampa-totustuus.it\/cattolica\/#organization"},"alternateName":"Rass. Cattolica","potentialAction":[{"@type":"SearchAction","target":{"@type":"EntryPoint","urlTemplate":"https:\/\/www.rassegnastampa-totustuus.it\/cattolica\/?s={search_term_string}"},"query-input":{"@type":"PropertyValueSpecification","valueRequired":true,"valueName":"search_term_string"}}],"inLanguage":"it-IT"},{"@type":"Organization","@id":"https:\/\/www.rassegnastampa-totustuus.it\/cattolica\/#organization","name":"Rassegna Stampa Cattolica","url":"https:\/\/www.rassegnastampa-totustuus.it\/cattolica\/","logo":{"@type":"ImageObject","inLanguage":"it-IT","@id":"https:\/\/www.rassegnastampa-totustuus.it\/cattolica\/#\/schema\/logo\/image\/","url":"https:\/\/www.rassegnastampa-totustuus.it\/cattolica\/wp-content\/uploads\/2014\/04\/logo-rassegna1.gif","contentUrl":"https:\/\/www.rassegnastampa-totustuus.it\/cattolica\/wp-content\/uploads\/2014\/04\/logo-rassegna1.gif","width":600,"height":163,"caption":"Rassegna Stampa Cattolica"},"image":{"@id":"https:\/\/www.rassegnastampa-totustuus.it\/cattolica\/#\/schema\/logo\/image\/"},"sameAs":["https:\/\/www.facebook.com\/rassegnastampacattolica","https:\/\/x.com\/rassegnastampa9"]},{"@type":"Person","@id":"https:\/\/www.rassegnastampa-totustuus.it\/cattolica\/#\/schema\/person\/08f319d2bd1a0904ad9e2bfb7b15e5c3","name":"Redazione","image":{"@type":"ImageObject","inLanguage":"it-IT","@id":"https:\/\/secure.gravatar.com\/avatar\/2fcdf27c78ea025fbdb44e914cc63c72249ffec9dc8aafd5c82b26240ef3f346?s=96&d=mm&r=g","url":"https:\/\/secure.gravatar.com\/avatar\/2fcdf27c78ea025fbdb44e914cc63c72249ffec9dc8aafd5c82b26240ef3f346?s=96&d=mm&r=g","contentUrl":"https:\/\/secure.gravatar.com\/avatar\/2fcdf27c78ea025fbdb44e914cc63c72249ffec9dc8aafd5c82b26240ef3f346?s=96&d=mm&r=g","caption":"Redazione"},"url":"https:\/\/www.rassegnastampa-totustuus.it\/cattolica\/author\/pietroelle\/"}]}},"_links":{"self":[{"href":"https:\/\/www.rassegnastampa-totustuus.it\/cattolica\/wp-json\/wp\/v2\/posts\/2719","targetHints":{"allow":["GET"]}}],"collection":[{"href":"https:\/\/www.rassegnastampa-totustuus.it\/cattolica\/wp-json\/wp\/v2\/posts"}],"about":[{"href":"https:\/\/www.rassegnastampa-totustuus.it\/cattolica\/wp-json\/wp\/v2\/types\/post"}],"author":[{"embeddable":true,"href":"https:\/\/www.rassegnastampa-totustuus.it\/cattolica\/wp-json\/wp\/v2\/users\/6"}],"replies":[{"embeddable":true,"href":"https:\/\/www.rassegnastampa-totustuus.it\/cattolica\/wp-json\/wp\/v2\/comments?post=2719"}],"version-history":[{"count":4,"href":"https:\/\/www.rassegnastampa-totustuus.it\/cattolica\/wp-json\/wp\/v2\/posts\/2719\/revisions"}],"predecessor-version":[{"id":28357,"href":"https:\/\/www.rassegnastampa-totustuus.it\/cattolica\/wp-json\/wp\/v2\/posts\/2719\/revisions\/28357"}],"wp:featuredmedia":[{"embeddable":true,"href":"https:\/\/www.rassegnastampa-totustuus.it\/cattolica\/wp-json\/wp\/v2\/media\/28356"}],"wp:attachment":[{"href":"https:\/\/www.rassegnastampa-totustuus.it\/cattolica\/wp-json\/wp\/v2\/media?parent=2719"}],"wp:term":[{"taxonomy":"category","embeddable":true,"href":"https:\/\/www.rassegnastampa-totustuus.it\/cattolica\/wp-json\/wp\/v2\/categories?post=2719"},{"taxonomy":"post_tag","embeddable":true,"href":"https:\/\/www.rassegnastampa-totustuus.it\/cattolica\/wp-json\/wp\/v2\/tags?post=2719"}],"curies":[{"name":"wp","href":"https:\/\/api.w.org\/{rel}","templated":true}]}}