{"id":2718,"date":"2009-03-04T11:04:44","date_gmt":"2009-03-04T10:04:44","guid":{"rendered":""},"modified":"2016-04-26T11:14:26","modified_gmt":"2016-04-26T09:14:26","slug":"russia-la-guerra-della-memoria","status":"publish","type":"post","link":"https:\/\/www.rassegnastampa-totustuus.it\/cattolica\/russia-la-guerra-della-memoria\/","title":{"rendered":"Russia, la guerra della memoria"},"content":{"rendered":"<div style=\"text-align: center;\"><strong><img loading=\"lazy\" decoding=\"async\" class=\"alignleft wp-image-33428\" src=\"https:\/\/www.rassegnastampa-totustuus.it\/cattolica\/wp-content\/uploads\/2009\/03\/Memorial_Russia.jpg\" alt=\"Memorial_Russia\" width=\"250\" height=\"161\" \/>Avvenire,<\/strong> 5 giugno 2008<\/div>\n<p style=\"text-align: center;\"><em>Tra la Russia e i paesi dell\u2019ex Urss \u00e8 in corso una strana guerra.<\/em><\/p>\n<p style=\"text-align: center;\">da Mosca <strong>Fabrizio Rossi<\/strong><\/p>\n<p><!--more--><\/p>\n<div style=\"text-align: justify;\">Senza armi da fuoco, bombe o eserciti. Una guerra combattuta a colpi di interpretazioni del passato, una &#8216;guerra delle memorie&#8217;. A lanciare l\u2019allarme \u00e8 un appello firmato dall\u2019associazione russa &#8216;Memorial&#8217; (da vent\u2019anni impegnata nel promuovere la memoria storica, in particolare del periodo sovietico), recentemente pubblicato in Russia e ora ospitato nel nuovo numero della rivista La Nuova Europa.<\/div>\n<p style=\"text-align: justify;\">Ricordando e interpretando a modo proprio la storia del secolo scorso, che (tra rivoluzioni, colpi di Stato, guerre mondiali, totalitarismi e stermini di massa) ha lasciato \u00abferite profonde e mai rimarginate nella memoria di tutti i paesi dell\u2019Europa Orientale e Centrale\u00bb, ogni popolo &#8211; denuncia l\u2019appello &#8211; si \u00e8 costruito un suo XX secolo. Il dibattito sulla storia si \u00e8 cos\u00ec trasformato in un \u00abconflitto delle memorie\u00bb, che non coinvolge solo studiosi o addetti ai lavori ma anche politici in cerca di facili strumentalizzazioni.<\/p>\n<p style=\"text-align: justify;\">Basti pensare a Katyn\u2019, appena presentato a Cannes dal regista Andrzej Wajda, che sta suscitando numerose polemiche in Russia; il film prende il nome da uno dei luoghi in cui, nella primavera del 1940, la polizia segreta di Stalin fucil\u00f2 oltre 20.000 soldati polacchi. Una pagina tragica della seconda guerra mondiale, sempre negata dall\u2019Urss (fino agli anni \u201990 ne addossava la colpa ai nazisti), che oggi potrebbe costare caro alla Russia: il 5 giugno il tribunale &#8216;Chamovniki&#8217; di Mosca stabilir\u00e0 se riabilitare i polacchi trucidati, consentendo cos\u00ec ai parenti di richiedere un risarcimento (che, secondo alcune indiscrezioni, potrebbe raggiungere anche un milione di dollari per ogni vittima).<\/p>\n<p style=\"text-align: justify;\">Gli incidenti scoppiati a Tallinn nella primavera 2007, per la decisione di rimuovere dal centro il monumento al soldato sovietico, sono un altro caso esemplare di memorie in conflitto: ci\u00f2 che per i russi rappresenta la liberazione, nel 1944, dei Paesi Baltici dai nazisti, agli estoni ricorda invece la riannessione del loro paese all\u2019Urss e una nuova occupazione. Hanno diritto alla memoria i soldati dell\u2019Armata Rossa che hanno sparso il sangue combattendo contro il nazismo?<\/p>\n<p style=\"text-align: justify;\">Nessuno pu\u00f2 negarlo. Allo stesso modo, per\u00f2, hanno diritto a una propria memoria anche i lituani, lettoni ed estoni che furono mandati in lager o fucilati dai &#8216;liberatori&#8217; sovietici. Entrambe le memorie sono ugualmente valide, di qui lo scontro.<\/p>\n<p style=\"text-align: justify;\">In altri casi, sembrano valere due pesi e due misure. Per esempio, mentre appena un anno fa la Russia accusava le autorit\u00e0 di Tallinn di violare i resti dei caduti trasferendo il monumento, oggi \u00e8 pi\u00f9 pronta a chiudere un occhio se le ossa di altri \u00abmiliti ignoti\u00bb dell\u2019Armata Rossa si trovano sul tracciato di un suo gasdotto come il Nord Stream (che collegher\u00e0 Russia e Germania passando per il fondale del Mar Baltico).<\/p>\n<p style=\"text-align: justify;\">Qui e, in particolare, nel Golfo di Finlandia nel 1941 la flotta sovietica si \u00e8 scontrata pi\u00f9 volte con quella nazista, tanto che queste acque sono state definite da alcuni storici \u00abil pi\u00f9 grande cimitero navale del mondo\u00bb.<\/p>\n<p style=\"text-align: justify;\">Ciononostante gli interessi sono interessi e i lavori si faranno ugualmente, alla faccia del tributo della memoria ai caduti.<\/p>\n<p style=\"text-align: justify;\">Cos\u00ec, mentre i paesi dell\u2019ex Urss s\u2019illudono di chiudere i conti col passato semplicemente additando tutte le pro\u00adprie sofferenze all\u2019attuale Russia, quest\u2019ultima &#8211; osserva l\u2019appello di &#8216;Memorial&#8217; &#8211; non ha trovato niente di meglio che alimentare \u00abil mito patriottico-imperialista sovietico\u00bb (come si \u00e8 visto nella parata in pompa magna dello scorso 9 maggio), rivisitando la propria storia come \u00abuna serie di gloriose ed e\u00adroiche conquiste\u00bb.<\/p>\n<p style=\"text-align: justify;\">Non \u00e8 un caso che Putin, alla vigilia del passaggio di testimone, abbia disposto la pubblicazione di una monumentale Storia della se\u00adconda guerra mondiale (commissionata, guarda un po\u2019, all\u2019attuale ministro della Difesa Anatolij Serdjukov), n\u00e9 che Medvedev abbia da subito dedicato tanta attenzione proprio ai veterani della guerra, promettendo l\u2019alloggio gratuito.<\/p>\n<p style=\"text-align: justify;\">Il potere pensa che solo cos\u00ec potr\u00e0 compattare una societ\u00e0 sempre pi\u00f9 ignorante rispetto al proprio passato (come denuncia anche un recente sondaggio del Centro russo Vciom); dal canto suo, con maggior senso critico &#8216;Memorial&#8217; mette in guardia: \u00abNon le grandi conquiste o le grandi catastrofi in quanto tali, ma proprio la responsabilit\u00e0 civile per la propria storia rende un popolo una nazione\u00bb.<\/p>\n<p style=\"text-align: justify;\">Anzi\u00adch\u00e9 limitarsi alla ricerca dei colpevoli, quindi, &#8216;Memorial&#8217; invita a \u00abuna seria presa di coscienza del passato\u00bb, an\u00adnunciando la nascita di un Forum sto\u00adrico internazionale: \u00abuna sorta di piat\u00adtaforma di discussione\u00bb (aperta a orga\u00adnizzazioni sociali, centri di ricerca, enti culturali e singoli studiosi) per pro\u00admuovere \u00abun permanente scambio di opinioni intorno agli avvenimenti sto\u00adrici conflittuali del XX secolo\u00bb.<\/p>\n<p style=\"text-align: justify;\">Non si tratta di cedere al relativismo, rinun\u00adciando alla propria memoria. Ma di comprendere la verit\u00e0 altrui \u00abper com\u00adpletare e arricchire la propria visione del passato\u00bb, senza puntare il dito.<\/p>\n","protected":false},"excerpt":{"rendered":"<p>Avvenire, 5 giugno 2008 Tra la Russia e i paesi dell\u2019ex Urss \u00e8 in corso una strana guerra. da Mosca Fabrizio Rossi<\/p><p><a class=\"more-link btn\" href=\"https:\/\/www.rassegnastampa-totustuus.it\/cattolica\/russia-la-guerra-della-memoria\/\">Continua a leggere<\/a><\/p>\n","protected":false},"author":6,"featured_media":33428,"comment_status":"closed","ping_status":"open","sticky":false,"template":"","format":"standard","meta":{"footnotes":""},"categories":[108,116],"tags":[2409],"class_list":["post-2718","post","type-post","status-publish","format-standard","has-post-thumbnail","hentry","category-paesi-e-continenti","category-russia","tag-russia","item-wrap"],"yoast_head":"<!-- This site is optimized with the Yoast SEO plugin v27.4 - https:\/\/yoast.com\/product\/yoast-seo-wordpress\/ -->\n<title>Russia, la guerra della memoria - Rassegna Stampa Cattolica<\/title>\n<meta name=\"description\" content=\"Rassegna Stampa Cattolica - Per una cultura che nasce dalla Rivelazione cristiana in conformit\u00e0 alla tradizione e al Magistero della Chiesa in opposizione ad ogni relativismo e totalitarismo\" \/>\n<meta name=\"robots\" content=\"index, follow, max-snippet:-1, max-image-preview:large, max-video-preview:-1\" \/>\n<link rel=\"canonical\" href=\"https:\/\/www.rassegnastampa-totustuus.it\/cattolica\/russia-la-guerra-della-memoria\/\" \/>\n<meta property=\"og:locale\" content=\"it_IT\" \/>\n<meta property=\"og:type\" content=\"article\" \/>\n<meta property=\"og:title\" content=\"Russia, la guerra della memoria - Rassegna Stampa Cattolica\" \/>\n<meta property=\"og:description\" content=\"Rassegna Stampa Cattolica - Per una cultura che nasce dalla Rivelazione cristiana in conformit\u00e0 alla tradizione e al Magistero della Chiesa in opposizione ad ogni relativismo e totalitarismo\" \/>\n<meta property=\"og:url\" content=\"https:\/\/www.rassegnastampa-totustuus.it\/cattolica\/russia-la-guerra-della-memoria\/\" \/>\n<meta property=\"og:site_name\" content=\"Rassegna Stampa Cattolica\" \/>\n<meta property=\"article:publisher\" content=\"https:\/\/www.facebook.com\/rassegnastampacattolica\" \/>\n<meta property=\"article:published_time\" content=\"2009-03-04T10:04:44+00:00\" \/>\n<meta property=\"article:modified_time\" content=\"2016-04-26T09:14:26+00:00\" \/>\n<meta property=\"og:image\" content=\"https:\/\/www.rassegnastampa-totustuus.it\/cattolica\/wp-content\/uploads\/2009\/03\/Memorial_Russia.jpg\" \/>\n\t<meta property=\"og:image:width\" content=\"280\" \/>\n\t<meta property=\"og:image:height\" content=\"180\" \/>\n\t<meta property=\"og:image:type\" content=\"image\/jpeg\" \/>\n<meta name=\"author\" content=\"Redazione\" \/>\n<meta name=\"twitter:card\" content=\"summary_large_image\" \/>\n<meta name=\"twitter:creator\" content=\"@rassegnastampa9\" \/>\n<meta name=\"twitter:site\" content=\"@rassegnastampa9\" \/>\n<meta name=\"twitter:label1\" content=\"Scritto da\" \/>\n\t<meta name=\"twitter:data1\" content=\"Redazione\" \/>\n\t<meta name=\"twitter:label2\" content=\"Tempo di lettura stimato\" \/>\n\t<meta name=\"twitter:data2\" content=\"4 minuti\" \/>\n<script type=\"application\/ld+json\" class=\"yoast-schema-graph\">{\"@context\":\"https:\\\/\\\/schema.org\",\"@graph\":[{\"@type\":\"Article\",\"@id\":\"https:\\\/\\\/www.rassegnastampa-totustuus.it\\\/cattolica\\\/russia-la-guerra-della-memoria\\\/#article\",\"isPartOf\":{\"@id\":\"https:\\\/\\\/www.rassegnastampa-totustuus.it\\\/cattolica\\\/russia-la-guerra-della-memoria\\\/\"},\"author\":{\"name\":\"Redazione\",\"@id\":\"https:\\\/\\\/www.rassegnastampa-totustuus.it\\\/cattolica\\\/#\\\/schema\\\/person\\\/08f319d2bd1a0904ad9e2bfb7b15e5c3\"},\"headline\":\"Russia, la guerra della memoria\",\"datePublished\":\"2009-03-04T10:04:44+00:00\",\"dateModified\":\"2016-04-26T09:14:26+00:00\",\"mainEntityOfPage\":{\"@id\":\"https:\\\/\\\/www.rassegnastampa-totustuus.it\\\/cattolica\\\/russia-la-guerra-della-memoria\\\/\"},\"wordCount\":799,\"publisher\":{\"@id\":\"https:\\\/\\\/www.rassegnastampa-totustuus.it\\\/cattolica\\\/#organization\"},\"image\":{\"@id\":\"https:\\\/\\\/www.rassegnastampa-totustuus.it\\\/cattolica\\\/russia-la-guerra-della-memoria\\\/#primaryimage\"},\"thumbnailUrl\":\"https:\\\/\\\/www.rassegnastampa-totustuus.it\\\/cattolica\\\/wp-content\\\/uploads\\\/2009\\\/03\\\/Memorial_Russia.jpg\",\"keywords\":[\"Russia\"],\"articleSection\":[\"Paesi e continenti\",\"Russia\"],\"inLanguage\":\"it-IT\"},{\"@type\":\"WebPage\",\"@id\":\"https:\\\/\\\/www.rassegnastampa-totustuus.it\\\/cattolica\\\/russia-la-guerra-della-memoria\\\/\",\"url\":\"https:\\\/\\\/www.rassegnastampa-totustuus.it\\\/cattolica\\\/russia-la-guerra-della-memoria\\\/\",\"name\":\"Russia, la guerra della memoria - Rassegna Stampa Cattolica\",\"isPartOf\":{\"@id\":\"https:\\\/\\\/www.rassegnastampa-totustuus.it\\\/cattolica\\\/#website\"},\"primaryImageOfPage\":{\"@id\":\"https:\\\/\\\/www.rassegnastampa-totustuus.it\\\/cattolica\\\/russia-la-guerra-della-memoria\\\/#primaryimage\"},\"image\":{\"@id\":\"https:\\\/\\\/www.rassegnastampa-totustuus.it\\\/cattolica\\\/russia-la-guerra-della-memoria\\\/#primaryimage\"},\"thumbnailUrl\":\"https:\\\/\\\/www.rassegnastampa-totustuus.it\\\/cattolica\\\/wp-content\\\/uploads\\\/2009\\\/03\\\/Memorial_Russia.jpg\",\"datePublished\":\"2009-03-04T10:04:44+00:00\",\"dateModified\":\"2016-04-26T09:14:26+00:00\",\"description\":\"Rassegna Stampa Cattolica - Per una cultura che nasce dalla Rivelazione cristiana in conformit\u00e0 alla tradizione e al Magistero della Chiesa in opposizione ad ogni relativismo e totalitarismo\",\"breadcrumb\":{\"@id\":\"https:\\\/\\\/www.rassegnastampa-totustuus.it\\\/cattolica\\\/russia-la-guerra-della-memoria\\\/#breadcrumb\"},\"inLanguage\":\"it-IT\",\"potentialAction\":[{\"@type\":\"ReadAction\",\"target\":[\"https:\\\/\\\/www.rassegnastampa-totustuus.it\\\/cattolica\\\/russia-la-guerra-della-memoria\\\/\"]}]},{\"@type\":\"ImageObject\",\"inLanguage\":\"it-IT\",\"@id\":\"https:\\\/\\\/www.rassegnastampa-totustuus.it\\\/cattolica\\\/russia-la-guerra-della-memoria\\\/#primaryimage\",\"url\":\"https:\\\/\\\/www.rassegnastampa-totustuus.it\\\/cattolica\\\/wp-content\\\/uploads\\\/2009\\\/03\\\/Memorial_Russia.jpg\",\"contentUrl\":\"https:\\\/\\\/www.rassegnastampa-totustuus.it\\\/cattolica\\\/wp-content\\\/uploads\\\/2009\\\/03\\\/Memorial_Russia.jpg\",\"width\":280,\"height\":180},{\"@type\":\"BreadcrumbList\",\"@id\":\"https:\\\/\\\/www.rassegnastampa-totustuus.it\\\/cattolica\\\/russia-la-guerra-della-memoria\\\/#breadcrumb\",\"itemListElement\":[{\"@type\":\"ListItem\",\"position\":1,\"name\":\"Home\",\"item\":\"https:\\\/\\\/www.rassegnastampa-totustuus.it\\\/cattolica\\\/\"},{\"@type\":\"ListItem\",\"position\":2,\"name\":\"Russia, la guerra della memoria\"}]},{\"@type\":\"WebSite\",\"@id\":\"https:\\\/\\\/www.rassegnastampa-totustuus.it\\\/cattolica\\\/#website\",\"url\":\"https:\\\/\\\/www.rassegnastampa-totustuus.it\\\/cattolica\\\/\",\"name\":\"Rassegna Stampa Cattolica\",\"description\":\"Per una cultura che nasce dalla Rivelazione cristiana in conformit\u00e0 alla tradizione e al Magistero della Chiesa in opposizione ad ogni relativismo e totalitarismo\",\"publisher\":{\"@id\":\"https:\\\/\\\/www.rassegnastampa-totustuus.it\\\/cattolica\\\/#organization\"},\"alternateName\":\"Rass. Cattolica\",\"potentialAction\":[{\"@type\":\"SearchAction\",\"target\":{\"@type\":\"EntryPoint\",\"urlTemplate\":\"https:\\\/\\\/www.rassegnastampa-totustuus.it\\\/cattolica\\\/?s={search_term_string}\"},\"query-input\":{\"@type\":\"PropertyValueSpecification\",\"valueRequired\":true,\"valueName\":\"search_term_string\"}}],\"inLanguage\":\"it-IT\"},{\"@type\":\"Organization\",\"@id\":\"https:\\\/\\\/www.rassegnastampa-totustuus.it\\\/cattolica\\\/#organization\",\"name\":\"Rassegna Stampa Cattolica\",\"url\":\"https:\\\/\\\/www.rassegnastampa-totustuus.it\\\/cattolica\\\/\",\"logo\":{\"@type\":\"ImageObject\",\"inLanguage\":\"it-IT\",\"@id\":\"https:\\\/\\\/www.rassegnastampa-totustuus.it\\\/cattolica\\\/#\\\/schema\\\/logo\\\/image\\\/\",\"url\":\"https:\\\/\\\/www.rassegnastampa-totustuus.it\\\/cattolica\\\/wp-content\\\/uploads\\\/2014\\\/04\\\/logo-rassegna1.gif\",\"contentUrl\":\"https:\\\/\\\/www.rassegnastampa-totustuus.it\\\/cattolica\\\/wp-content\\\/uploads\\\/2014\\\/04\\\/logo-rassegna1.gif\",\"width\":600,\"height\":163,\"caption\":\"Rassegna Stampa Cattolica\"},\"image\":{\"@id\":\"https:\\\/\\\/www.rassegnastampa-totustuus.it\\\/cattolica\\\/#\\\/schema\\\/logo\\\/image\\\/\"},\"sameAs\":[\"https:\\\/\\\/www.facebook.com\\\/rassegnastampacattolica\",\"https:\\\/\\\/x.com\\\/rassegnastampa9\"]},{\"@type\":\"Person\",\"@id\":\"https:\\\/\\\/www.rassegnastampa-totustuus.it\\\/cattolica\\\/#\\\/schema\\\/person\\\/08f319d2bd1a0904ad9e2bfb7b15e5c3\",\"name\":\"Redazione\",\"image\":{\"@type\":\"ImageObject\",\"inLanguage\":\"it-IT\",\"@id\":\"https:\\\/\\\/secure.gravatar.com\\\/avatar\\\/2fcdf27c78ea025fbdb44e914cc63c72249ffec9dc8aafd5c82b26240ef3f346?s=96&d=mm&r=g\",\"url\":\"https:\\\/\\\/secure.gravatar.com\\\/avatar\\\/2fcdf27c78ea025fbdb44e914cc63c72249ffec9dc8aafd5c82b26240ef3f346?s=96&d=mm&r=g\",\"contentUrl\":\"https:\\\/\\\/secure.gravatar.com\\\/avatar\\\/2fcdf27c78ea025fbdb44e914cc63c72249ffec9dc8aafd5c82b26240ef3f346?s=96&d=mm&r=g\",\"caption\":\"Redazione\"},\"url\":\"https:\\\/\\\/www.rassegnastampa-totustuus.it\\\/cattolica\\\/author\\\/pietroelle\\\/\"}]}<\/script>\n<!-- \/ Yoast SEO plugin. -->","yoast_head_json":{"title":"Russia, la guerra della memoria - Rassegna Stampa Cattolica","description":"Rassegna Stampa Cattolica - Per una cultura che nasce dalla Rivelazione cristiana in conformit\u00e0 alla tradizione e al Magistero della Chiesa in opposizione ad ogni relativismo e totalitarismo","robots":{"index":"index","follow":"follow","max-snippet":"max-snippet:-1","max-image-preview":"max-image-preview:large","max-video-preview":"max-video-preview:-1"},"canonical":"https:\/\/www.rassegnastampa-totustuus.it\/cattolica\/russia-la-guerra-della-memoria\/","og_locale":"it_IT","og_type":"article","og_title":"Russia, la guerra della memoria - Rassegna Stampa Cattolica","og_description":"Rassegna Stampa Cattolica - Per una cultura che nasce dalla Rivelazione cristiana in conformit\u00e0 alla tradizione e al Magistero della Chiesa in opposizione ad ogni relativismo e totalitarismo","og_url":"https:\/\/www.rassegnastampa-totustuus.it\/cattolica\/russia-la-guerra-della-memoria\/","og_site_name":"Rassegna Stampa Cattolica","article_publisher":"https:\/\/www.facebook.com\/rassegnastampacattolica","article_published_time":"2009-03-04T10:04:44+00:00","article_modified_time":"2016-04-26T09:14:26+00:00","og_image":[{"width":280,"height":180,"url":"https:\/\/www.rassegnastampa-totustuus.it\/cattolica\/wp-content\/uploads\/2009\/03\/Memorial_Russia.jpg","type":"image\/jpeg"}],"author":"Redazione","twitter_card":"summary_large_image","twitter_creator":"@rassegnastampa9","twitter_site":"@rassegnastampa9","twitter_misc":{"Scritto da":"Redazione","Tempo di lettura stimato":"4 minuti"},"schema":{"@context":"https:\/\/schema.org","@graph":[{"@type":"Article","@id":"https:\/\/www.rassegnastampa-totustuus.it\/cattolica\/russia-la-guerra-della-memoria\/#article","isPartOf":{"@id":"https:\/\/www.rassegnastampa-totustuus.it\/cattolica\/russia-la-guerra-della-memoria\/"},"author":{"name":"Redazione","@id":"https:\/\/www.rassegnastampa-totustuus.it\/cattolica\/#\/schema\/person\/08f319d2bd1a0904ad9e2bfb7b15e5c3"},"headline":"Russia, la guerra della memoria","datePublished":"2009-03-04T10:04:44+00:00","dateModified":"2016-04-26T09:14:26+00:00","mainEntityOfPage":{"@id":"https:\/\/www.rassegnastampa-totustuus.it\/cattolica\/russia-la-guerra-della-memoria\/"},"wordCount":799,"publisher":{"@id":"https:\/\/www.rassegnastampa-totustuus.it\/cattolica\/#organization"},"image":{"@id":"https:\/\/www.rassegnastampa-totustuus.it\/cattolica\/russia-la-guerra-della-memoria\/#primaryimage"},"thumbnailUrl":"https:\/\/www.rassegnastampa-totustuus.it\/cattolica\/wp-content\/uploads\/2009\/03\/Memorial_Russia.jpg","keywords":["Russia"],"articleSection":["Paesi e continenti","Russia"],"inLanguage":"it-IT"},{"@type":"WebPage","@id":"https:\/\/www.rassegnastampa-totustuus.it\/cattolica\/russia-la-guerra-della-memoria\/","url":"https:\/\/www.rassegnastampa-totustuus.it\/cattolica\/russia-la-guerra-della-memoria\/","name":"Russia, la guerra della memoria - Rassegna Stampa Cattolica","isPartOf":{"@id":"https:\/\/www.rassegnastampa-totustuus.it\/cattolica\/#website"},"primaryImageOfPage":{"@id":"https:\/\/www.rassegnastampa-totustuus.it\/cattolica\/russia-la-guerra-della-memoria\/#primaryimage"},"image":{"@id":"https:\/\/www.rassegnastampa-totustuus.it\/cattolica\/russia-la-guerra-della-memoria\/#primaryimage"},"thumbnailUrl":"https:\/\/www.rassegnastampa-totustuus.it\/cattolica\/wp-content\/uploads\/2009\/03\/Memorial_Russia.jpg","datePublished":"2009-03-04T10:04:44+00:00","dateModified":"2016-04-26T09:14:26+00:00","description":"Rassegna Stampa Cattolica - Per una cultura che nasce dalla Rivelazione cristiana in conformit\u00e0 alla tradizione e al Magistero della Chiesa in opposizione ad ogni relativismo e totalitarismo","breadcrumb":{"@id":"https:\/\/www.rassegnastampa-totustuus.it\/cattolica\/russia-la-guerra-della-memoria\/#breadcrumb"},"inLanguage":"it-IT","potentialAction":[{"@type":"ReadAction","target":["https:\/\/www.rassegnastampa-totustuus.it\/cattolica\/russia-la-guerra-della-memoria\/"]}]},{"@type":"ImageObject","inLanguage":"it-IT","@id":"https:\/\/www.rassegnastampa-totustuus.it\/cattolica\/russia-la-guerra-della-memoria\/#primaryimage","url":"https:\/\/www.rassegnastampa-totustuus.it\/cattolica\/wp-content\/uploads\/2009\/03\/Memorial_Russia.jpg","contentUrl":"https:\/\/www.rassegnastampa-totustuus.it\/cattolica\/wp-content\/uploads\/2009\/03\/Memorial_Russia.jpg","width":280,"height":180},{"@type":"BreadcrumbList","@id":"https:\/\/www.rassegnastampa-totustuus.it\/cattolica\/russia-la-guerra-della-memoria\/#breadcrumb","itemListElement":[{"@type":"ListItem","position":1,"name":"Home","item":"https:\/\/www.rassegnastampa-totustuus.it\/cattolica\/"},{"@type":"ListItem","position":2,"name":"Russia, la guerra della memoria"}]},{"@type":"WebSite","@id":"https:\/\/www.rassegnastampa-totustuus.it\/cattolica\/#website","url":"https:\/\/www.rassegnastampa-totustuus.it\/cattolica\/","name":"Rassegna Stampa Cattolica","description":"Per una cultura che nasce dalla Rivelazione cristiana in conformit\u00e0 alla tradizione e al Magistero della Chiesa in opposizione ad ogni relativismo e totalitarismo","publisher":{"@id":"https:\/\/www.rassegnastampa-totustuus.it\/cattolica\/#organization"},"alternateName":"Rass. Cattolica","potentialAction":[{"@type":"SearchAction","target":{"@type":"EntryPoint","urlTemplate":"https:\/\/www.rassegnastampa-totustuus.it\/cattolica\/?s={search_term_string}"},"query-input":{"@type":"PropertyValueSpecification","valueRequired":true,"valueName":"search_term_string"}}],"inLanguage":"it-IT"},{"@type":"Organization","@id":"https:\/\/www.rassegnastampa-totustuus.it\/cattolica\/#organization","name":"Rassegna Stampa Cattolica","url":"https:\/\/www.rassegnastampa-totustuus.it\/cattolica\/","logo":{"@type":"ImageObject","inLanguage":"it-IT","@id":"https:\/\/www.rassegnastampa-totustuus.it\/cattolica\/#\/schema\/logo\/image\/","url":"https:\/\/www.rassegnastampa-totustuus.it\/cattolica\/wp-content\/uploads\/2014\/04\/logo-rassegna1.gif","contentUrl":"https:\/\/www.rassegnastampa-totustuus.it\/cattolica\/wp-content\/uploads\/2014\/04\/logo-rassegna1.gif","width":600,"height":163,"caption":"Rassegna Stampa Cattolica"},"image":{"@id":"https:\/\/www.rassegnastampa-totustuus.it\/cattolica\/#\/schema\/logo\/image\/"},"sameAs":["https:\/\/www.facebook.com\/rassegnastampacattolica","https:\/\/x.com\/rassegnastampa9"]},{"@type":"Person","@id":"https:\/\/www.rassegnastampa-totustuus.it\/cattolica\/#\/schema\/person\/08f319d2bd1a0904ad9e2bfb7b15e5c3","name":"Redazione","image":{"@type":"ImageObject","inLanguage":"it-IT","@id":"https:\/\/secure.gravatar.com\/avatar\/2fcdf27c78ea025fbdb44e914cc63c72249ffec9dc8aafd5c82b26240ef3f346?s=96&d=mm&r=g","url":"https:\/\/secure.gravatar.com\/avatar\/2fcdf27c78ea025fbdb44e914cc63c72249ffec9dc8aafd5c82b26240ef3f346?s=96&d=mm&r=g","contentUrl":"https:\/\/secure.gravatar.com\/avatar\/2fcdf27c78ea025fbdb44e914cc63c72249ffec9dc8aafd5c82b26240ef3f346?s=96&d=mm&r=g","caption":"Redazione"},"url":"https:\/\/www.rassegnastampa-totustuus.it\/cattolica\/author\/pietroelle\/"}]}},"_links":{"self":[{"href":"https:\/\/www.rassegnastampa-totustuus.it\/cattolica\/wp-json\/wp\/v2\/posts\/2718","targetHints":{"allow":["GET"]}}],"collection":[{"href":"https:\/\/www.rassegnastampa-totustuus.it\/cattolica\/wp-json\/wp\/v2\/posts"}],"about":[{"href":"https:\/\/www.rassegnastampa-totustuus.it\/cattolica\/wp-json\/wp\/v2\/types\/post"}],"author":[{"embeddable":true,"href":"https:\/\/www.rassegnastampa-totustuus.it\/cattolica\/wp-json\/wp\/v2\/users\/6"}],"replies":[{"embeddable":true,"href":"https:\/\/www.rassegnastampa-totustuus.it\/cattolica\/wp-json\/wp\/v2\/comments?post=2718"}],"version-history":[{"count":4,"href":"https:\/\/www.rassegnastampa-totustuus.it\/cattolica\/wp-json\/wp\/v2\/posts\/2718\/revisions"}],"predecessor-version":[{"id":33429,"href":"https:\/\/www.rassegnastampa-totustuus.it\/cattolica\/wp-json\/wp\/v2\/posts\/2718\/revisions\/33429"}],"wp:featuredmedia":[{"embeddable":true,"href":"https:\/\/www.rassegnastampa-totustuus.it\/cattolica\/wp-json\/wp\/v2\/media\/33428"}],"wp:attachment":[{"href":"https:\/\/www.rassegnastampa-totustuus.it\/cattolica\/wp-json\/wp\/v2\/media?parent=2718"}],"wp:term":[{"taxonomy":"category","embeddable":true,"href":"https:\/\/www.rassegnastampa-totustuus.it\/cattolica\/wp-json\/wp\/v2\/categories?post=2718"},{"taxonomy":"post_tag","embeddable":true,"href":"https:\/\/www.rassegnastampa-totustuus.it\/cattolica\/wp-json\/wp\/v2\/tags?post=2718"}],"curies":[{"name":"wp","href":"https:\/\/api.w.org\/{rel}","templated":true}]}}