{"id":2717,"date":"2009-03-04T10:57:05","date_gmt":"2009-03-04T09:57:05","guid":{"rendered":""},"modified":"2016-06-20T10:47:13","modified_gmt":"2016-06-20T08:47:13","slug":"i-super-ricchi-ducraina-industriali-appoggiati-dalla-politica","status":"publish","type":"post","link":"https:\/\/www.rassegnastampa-totustuus.it\/cattolica\/i-super-ricchi-ducraina-industriali-appoggiati-dalla-politica\/","title":{"rendered":"I super-ricchi d&#8217;Ucraina, industriali appoggiati dalla politica"},"content":{"rendered":"<div style=\"text-align: center;\"><strong><img loading=\"lazy\" decoding=\"async\" class=\"size-full wp-image-35121 alignleft\" src=\"https:\/\/www.rassegnastampa-totustuus.it\/cattolica\/wp-content\/uploads\/2009\/03\/ricchi_Ucraina.jpg\" alt=\"ricchi_Ucraina\" width=\"275\" height=\"183\" \/>Il Sole 24 Ore.com <\/strong>17 giugno 2008<\/div>\n<p style=\"text-align: center;\">di<strong> Piero Sinatti<\/strong><\/p>\n<p style=\"text-align: justify;\">Sulla rivista di Kiev &#8220;Korrespondent&#8221; \u00e8 apparsa in questi giorni la lista aggiornata dei primi cinquanta pi\u00f9 ricchi ucraini, miliardari in dollari, non solo in grivny, la moneta di Kiev.<\/p>\n<p><!--more--><\/p>\n<div style=\"text-align: justify;\">La lista (ripresa dall&#8217;informatissimo sito russo www.strana.ru) \u00e8 guidata, come negli scorsi anni, da Rinat Akhmetov, il maggior azionista del maggior conglomerato ucraino, il &#8220;System Capital Management&#8221;, un vero impero minerario-industriale. Ad esso fanno capo le pi\u00f9 importanti societ\u00e0 ucraine dei settori della metallurgia, del carbone e dell&#8217;energia, oltre un vero impero mediatico che comprende un canale Tv a diffusione nazionale come il suo quotidiano Segodnya (Oggi), oltre ad altre pubblicazione a diffusione regionale.<\/div>\n<p style=\"text-align: justify;\">E&#8217; curioso notare che tra le miniere di carbone di Akhmetov (spesso, anche di recente, colpite da gravi incidenti mortali causati dalle inadeguate strutture di sicurezza e dai tempi stretti di estrazione e relativi premi di produzione) si annovera una miniera, a lui intitolata, in cui lavor\u00f2 il celebre &#8220;lavoratore d&#8217;assalto&#8221; ed &#8220;eroe del lavoro&#8221; dell&#8217;epoca staliniana Stakhanov.<\/p>\n<p style=\"text-align: justify;\">Il patrimonio di Akhmetov \u00e8 calcolato da &#8220;Korrespondent&#8221; a 31,1 miliardi di dollari. Questo vuol dire che l&#8217;oligarca ucraino, 42 anni, originario della grande regione russofona del Donbass (in Ucraina orientale: \u00e8 uno dei maggiori bacini carboniferi dell&#8217;ex-Urss), figlio di un minatore tartaro crimeano, diplomato in economia, si colloca al secondo posto tra i magnati dell&#8217;intera area post sovietica, subito dopo l&#8217;oligarca russo Oleg Deripaska (il re dell&#8217;alluminio, 40 miliardi di dollari).<\/p>\n<p style=\"text-align: justify;\">Addirittura, Akhmetov sembrerebbe pi\u00f9 ricco dell&#8217;arcinoto oligarca russo Roman Abramovich, il cui patrimonio \u00e8 stato di recente valutato a 23 miliardi di dollari, secondo posto tra i magnati russi.<\/p>\n<p style=\"text-align: justify;\"><strong>Akhmetov e i suoi legami politici<\/strong><\/p>\n<p style=\"text-align: justify;\">Con Abramovich, presidente del club londinese \u201cChelsea\u201d, Akhmetov condivide la passione per il calcio: \u00e8 il proprietario della squadra pi\u00f9 volte campione di Ucraina Shakhtar-Donetsk. Inoltre per pi\u00f9 legislature Akhmetov \u00e8 stato membro del parlamento ucraino (Rada) e lo \u00e8 tuttora, eletto nelle file del filorusso \u201cPartito delle regioni\u201d di cui \u00e8 finanziatore, oltre che legato personalmente al suo leader, gi\u00e0 governatore della\u00a0 regione di Donetsk, gi\u00e0 premier e ora capo dell\u2019opposizione Viktor Janukovich.<\/p>\n<p style=\"text-align: justify;\">Tuttavia, Akhmetov \u00e8 ora in buoni rapporti anche con il presidente ucraino Viktor Jushchenko, dopo che quest\u2019ultimo \u00e8 entrato in conflitto con la premier Julija Timoshenko. La cosiddetta \u201cpasionaria\u201d arancione aveva ordinato tre anni fa l\u2019annullamento della privatizzazione della maggior azienda metallurgica del paese, la Kryvoryzhtal (acciaio) in cui sarebbe stato favorito grazie a procedure scorrette\u00a0 Akhmetov, assieme all\u2019altro oligarca ucraino Viktor Pinchuk. Kryvoryzhtal, sottratta ad Akhmetov e Pinchuk, \u00e8 stata acquisita in un\u2019asta successiva dal gruppo del magnate indiano dell\u2019acciaio Mittal, \u201cMittal Steel\u201d, con un certo guadagno per le casse dello stato.<\/p>\n<p style=\"text-align: justify;\">Akhmetov ha inizia la sua attivit\u00e0 imprenditoriale come banchiere, alla met\u00e0 degli anni Novanta, e in breve \u00e8 diventato il leader del cosiddetto \u201cclan di Donetsk\u201d (che comprendeva imprenditori, banchieri, ma anche \u201cavtoritety\u201d del mondo criminale di quella citt\u00e0, oltre che personalit\u00e0 e societ\u00e0 sportive), succedendo al potente Akhat\u2019 Bragin, fatto saltare in aria da una bomba nello stadio dello Shakhtar, di cui questi era presidente.<\/p>\n<p style=\"text-align: justify;\">Nei secondi anni Novanta Akhmetov ha concentrato nelle sue mani un vero impero industriale ed ha creato uno schema estremamente redditizio che lega i diversi momenti della produzione dei metalli.<\/p>\n<p style=\"text-align: justify;\">Alle fortune di Akhmetov ha sicuramente contribuito, oltre le sue capacit\u00e0 personali, lo stretto legame che ha avuto con il secondo presidente (per circa un decennio) ucraino Leonid Kuchma.<\/p>\n<p style=\"text-align: justify;\"><strong>Viktor Pinchuk<\/strong><\/p>\n<p style=\"text-align: justify;\">Personalmente legato, anche per stretti rapporti d\u2019affari, ad Akhmetov e genero dell\u2019ex-presidente Kuchma, \u00e8 il tycoon che occupa nella classifica di \u201cKorrespondent\u201d il secondo posto, con un patrimonio calcolato in 8,8 miliardi di dollari. Di origini ebraiche, Pinchuk \u00e8 stato legato a un altro clan finanziario e imprenditoriale, quello di Dnepropetrovsk il maggior azionista del conglomerato \u201cInterpipe\u201d, che comprende due grandi impianti produttori di tubi e di laminati d\u2019acciaio, oltre che fonderie, aziende petrolchimiche, imprese di costruzioni.<\/p>\n<p style=\"text-align: justify;\">Il miliardario, originario di Dnepropetrovsk (Ucraina orientale), di formazione ingegnere, \u00e8 considerato il re dei media Tv (possiede tre canali e un quotidiano nazionale, \u201cFatti\u201d ). Non solo: si occupa di numerose attivit\u00e0 benefiche a favore di istituzioni ebraiche, reparti ospedalieri neo-natali, \u00e8 amico e finanziatore del regista e produttore americano Steven Spielberg, gode della fama, da lui sapientemente creata, di grande mecenate dell\u2019Europa orientale: ha fondato a Kiev un grande centro di arte contemporanea, il Pinchuk Art Centre.<\/p>\n<p style=\"text-align: justify;\">Legato, come Akhmetov, a Viktor Janukovich \u00e8 stato pi\u00f9 volte deputato della Rada. Anche la fortuna di Pinchuk \u00e8 stata messa in relazione al secondo presidente Kuchma, suo suocero.<\/p>\n<p style=\"text-align: justify;\">Nei secondi anni Novanta, Pinchuk fece parte del \u201cclan di Dnepropetrovsk\u201d, allora dominato dall\u2019ex governatore dell\u2019omonima regione e successivamente premier\u00a0 Pavlo Lazarenko, nel 2000 a fuggire negli Stati Uniti, inseguito da mandato d\u2019arresto per reati finanziari. Un tribunale californiano lo condann\u00f2 a una pesante pena detentiva per riciclaggio.<\/p>\n<p style=\"text-align: justify;\"><strong>Altri oligarchi ucraini<\/strong><\/p>\n<p style=\"text-align: justify;\">Seguono, ampiamente distanziati, gli oligarchi Igor\u2019 Kolomojskij (6,6 miliardi di dollari) e Gennadij Bogoljubov (6,2). Sono a capo di una sorta di conglomerato-ombra chiamato informalmente \u201cGruppa Privat\u201d.<\/p>\n<p style=\"text-align: justify;\">Si tratta di due personaggi \u201copachi\u201d. Poche le notizie biografiche, nessuna apparizione in pubblico, n\u00e9 alcuna intervista sui giornali o in TV. Non hanno mai partecipato in prima persona alla vita politica. I loro settori sono legati alla produzione di leghe ferrose, derivati da petrolio e raffinerie, attivit\u00e0 finanziarie. Sono considerati vicini al presidente Jushchenko.<\/p>\n<p style=\"text-align: justify;\">Alla premier Timoshenko, invece, \u00e8 legato il quinto miliardario ucraino, Konstantin Zhevago, 34 anni, patrimonio di 5,4 miliardi di dollari, grazie agli attivi di cui dispone nel settore metallurgico e in quello finanziario.<\/p>\n<p style=\"text-align: justify;\">Infine, seguono di poco Zhevago, i magnati dell\u2019energia Viktor Nusenkis e Leonid Bajsarov, con attivi soprattutto nel settore dell\u2019energia (holding \u201cEnergija\u201d).<\/p>\n<p style=\"text-align: justify;\">Tra i miliardari si annoverano proprietari di imprese di costruzioni (Nikolaj Tolmacev e Lev Partskhaladze) e di grandi reti commerciali.<\/p>\n<p style=\"text-align: justify;\"><strong>Altri elementi di valutazione<\/strong><\/p>\n<p style=\"text-align: justify;\">Il giornale che ha pubblicato la classifica dei 50 miliardari dell\u2019Ucraina &#8211; un paese che si appresta ad entrare nella NATO, con circa il 30% di persone al di sotto della soglia di povert\u00e0 e in cui il salario medio supera di poco i 100-200 dollari mensili, mentre le pensioni si aggirano sui 100 dollari e anche meno &#8211; fa notare che in tutto i \u201ctop-50\u201d possiedono patrimoni per complessivi 112,7 miliardi di dollari, pari a circa due budget annuali del governo di Kiev.<\/p>\n<p style=\"text-align: justify;\">La maggior parte dei miliardari vive a Kiev (16) \u2013 cos\u00ec come a Mosca si concentra il pi\u00f9 alto numero di miliardari russi \u2013 ma non sono pochi quelli che, come Akhmetov, vivono a Donetsk (11) e Dnepropetrovsk (6).<\/p>\n<p style=\"text-align: justify;\">Concludendo, la differenza tra i tycoon ucraini e quelli russi \u00e8 che i secondi, oltre ad essere molto pi\u00f9 numerosi, sono soprattutto legati ai settori della materie prime, mentre i primi ai settori industriali (metallurgia) e al carbone, di cui l\u2019Ucraina \u00e8 uno dei maggiori esportatori mondiali .<\/p>\n<p style=\"text-align: justify;\">Quanto ai legami con la politica, la presidenza Putin ha cercato di distanziarsi dagli oligarchi. Non altrettanto hanno fatto i leader ucraini, sia quelli dell\u2019ala anti-russa e pro-occidentale, gli arancioni, sia quelli (predominanti numericamente) dell\u2019ala filo russa di Janukovich, come gli oligarchi dei grandi centri industriali di Dnepropetrovsk e Donetsk.<\/p>\n","protected":false},"excerpt":{"rendered":"<p>Il Sole 24 Ore.com 17 giugno 2008 di Piero Sinatti Sulla rivista di Kiev &#8220;Korrespondent&#8221; \u00e8 apparsa in questi giorni la lista aggiornata dei primi cinquanta pi\u00f9 ricchi ucraini, miliardari in dollari, non solo in grivny, la moneta di Kiev.<\/p><p><a class=\"more-link btn\" href=\"https:\/\/www.rassegnastampa-totustuus.it\/cattolica\/i-super-ricchi-ducraina-industriali-appoggiati-dalla-politica\/\">Continua a leggere<\/a><\/p>\n","protected":false},"author":6,"featured_media":35121,"comment_status":"closed","ping_status":"open","sticky":false,"template":"","format":"standard","meta":{"footnotes":""},"categories":[108],"tags":[147],"class_list":["post-2717","post","type-post","status-publish","format-standard","has-post-thumbnail","hentry","category-paesi-e-continenti","tag-ucraina","item-wrap"],"yoast_head":"<!-- This site is optimized with the Yoast SEO plugin v27.4 - https:\/\/yoast.com\/product\/yoast-seo-wordpress\/ -->\n<title>I super-ricchi d&#039;Ucraina, industriali appoggiati dalla politica - Rassegna Stampa Cattolica<\/title>\n<meta name=\"description\" content=\"Rassegna Stampa Cattolica - Per una cultura che nasce dalla Rivelazione cristiana in conformit\u00e0 alla tradizione e al Magistero della Chiesa in opposizione ad ogni relativismo e totalitarismo\" \/>\n<meta name=\"robots\" content=\"index, follow, max-snippet:-1, max-image-preview:large, max-video-preview:-1\" \/>\n<link rel=\"canonical\" href=\"https:\/\/www.rassegnastampa-totustuus.it\/cattolica\/i-super-ricchi-ducraina-industriali-appoggiati-dalla-politica\/\" \/>\n<meta property=\"og:locale\" content=\"it_IT\" \/>\n<meta property=\"og:type\" content=\"article\" \/>\n<meta property=\"og:title\" content=\"I super-ricchi d&#039;Ucraina, industriali appoggiati dalla politica - Rassegna Stampa Cattolica\" \/>\n<meta property=\"og:description\" content=\"Rassegna Stampa Cattolica - Per una cultura che nasce dalla Rivelazione cristiana in conformit\u00e0 alla tradizione e al Magistero della Chiesa in opposizione ad ogni relativismo e totalitarismo\" \/>\n<meta property=\"og:url\" content=\"https:\/\/www.rassegnastampa-totustuus.it\/cattolica\/i-super-ricchi-ducraina-industriali-appoggiati-dalla-politica\/\" \/>\n<meta property=\"og:site_name\" content=\"Rassegna Stampa Cattolica\" \/>\n<meta property=\"article:publisher\" content=\"https:\/\/www.facebook.com\/rassegnastampacattolica\" \/>\n<meta property=\"article:published_time\" content=\"2009-03-04T09:57:05+00:00\" \/>\n<meta property=\"article:modified_time\" content=\"2016-06-20T08:47:13+00:00\" \/>\n<meta property=\"og:image\" content=\"https:\/\/www.rassegnastampa-totustuus.it\/cattolica\/wp-content\/uploads\/2009\/03\/ricchi_Ucraina.jpg\" \/>\n\t<meta property=\"og:image:width\" content=\"275\" \/>\n\t<meta property=\"og:image:height\" content=\"183\" \/>\n\t<meta property=\"og:image:type\" content=\"image\/jpeg\" \/>\n<meta name=\"author\" content=\"Redazione\" \/>\n<meta name=\"twitter:card\" content=\"summary_large_image\" \/>\n<meta name=\"twitter:creator\" content=\"@rassegnastampa9\" \/>\n<meta name=\"twitter:site\" content=\"@rassegnastampa9\" \/>\n<meta name=\"twitter:label1\" content=\"Scritto da\" \/>\n\t<meta name=\"twitter:data1\" content=\"Redazione\" \/>\n\t<meta name=\"twitter:label2\" content=\"Tempo di lettura stimato\" \/>\n\t<meta name=\"twitter:data2\" content=\"6 minuti\" \/>\n<script type=\"application\/ld+json\" class=\"yoast-schema-graph\">{\"@context\":\"https:\\\/\\\/schema.org\",\"@graph\":[{\"@type\":\"Article\",\"@id\":\"https:\\\/\\\/www.rassegnastampa-totustuus.it\\\/cattolica\\\/i-super-ricchi-ducraina-industriali-appoggiati-dalla-politica\\\/#article\",\"isPartOf\":{\"@id\":\"https:\\\/\\\/www.rassegnastampa-totustuus.it\\\/cattolica\\\/i-super-ricchi-ducraina-industriali-appoggiati-dalla-politica\\\/\"},\"author\":{\"name\":\"Redazione\",\"@id\":\"https:\\\/\\\/www.rassegnastampa-totustuus.it\\\/cattolica\\\/#\\\/schema\\\/person\\\/08f319d2bd1a0904ad9e2bfb7b15e5c3\"},\"headline\":\"I super-ricchi d&#8217;Ucraina, industriali appoggiati dalla politica\",\"datePublished\":\"2009-03-04T09:57:05+00:00\",\"dateModified\":\"2016-06-20T08:47:13+00:00\",\"mainEntityOfPage\":{\"@id\":\"https:\\\/\\\/www.rassegnastampa-totustuus.it\\\/cattolica\\\/i-super-ricchi-ducraina-industriali-appoggiati-dalla-politica\\\/\"},\"wordCount\":1184,\"publisher\":{\"@id\":\"https:\\\/\\\/www.rassegnastampa-totustuus.it\\\/cattolica\\\/#organization\"},\"image\":{\"@id\":\"https:\\\/\\\/www.rassegnastampa-totustuus.it\\\/cattolica\\\/i-super-ricchi-ducraina-industriali-appoggiati-dalla-politica\\\/#primaryimage\"},\"thumbnailUrl\":\"https:\\\/\\\/www.rassegnastampa-totustuus.it\\\/cattolica\\\/wp-content\\\/uploads\\\/2009\\\/03\\\/ricchi_Ucraina.jpg\",\"keywords\":[\"Ucraina\"],\"articleSection\":[\"Paesi e continenti\"],\"inLanguage\":\"it-IT\"},{\"@type\":\"WebPage\",\"@id\":\"https:\\\/\\\/www.rassegnastampa-totustuus.it\\\/cattolica\\\/i-super-ricchi-ducraina-industriali-appoggiati-dalla-politica\\\/\",\"url\":\"https:\\\/\\\/www.rassegnastampa-totustuus.it\\\/cattolica\\\/i-super-ricchi-ducraina-industriali-appoggiati-dalla-politica\\\/\",\"name\":\"I super-ricchi d'Ucraina, industriali appoggiati dalla politica - Rassegna Stampa Cattolica\",\"isPartOf\":{\"@id\":\"https:\\\/\\\/www.rassegnastampa-totustuus.it\\\/cattolica\\\/#website\"},\"primaryImageOfPage\":{\"@id\":\"https:\\\/\\\/www.rassegnastampa-totustuus.it\\\/cattolica\\\/i-super-ricchi-ducraina-industriali-appoggiati-dalla-politica\\\/#primaryimage\"},\"image\":{\"@id\":\"https:\\\/\\\/www.rassegnastampa-totustuus.it\\\/cattolica\\\/i-super-ricchi-ducraina-industriali-appoggiati-dalla-politica\\\/#primaryimage\"},\"thumbnailUrl\":\"https:\\\/\\\/www.rassegnastampa-totustuus.it\\\/cattolica\\\/wp-content\\\/uploads\\\/2009\\\/03\\\/ricchi_Ucraina.jpg\",\"datePublished\":\"2009-03-04T09:57:05+00:00\",\"dateModified\":\"2016-06-20T08:47:13+00:00\",\"description\":\"Rassegna Stampa Cattolica - Per una cultura che nasce dalla Rivelazione cristiana in conformit\u00e0 alla tradizione e al Magistero della Chiesa in opposizione ad ogni relativismo e totalitarismo\",\"breadcrumb\":{\"@id\":\"https:\\\/\\\/www.rassegnastampa-totustuus.it\\\/cattolica\\\/i-super-ricchi-ducraina-industriali-appoggiati-dalla-politica\\\/#breadcrumb\"},\"inLanguage\":\"it-IT\",\"potentialAction\":[{\"@type\":\"ReadAction\",\"target\":[\"https:\\\/\\\/www.rassegnastampa-totustuus.it\\\/cattolica\\\/i-super-ricchi-ducraina-industriali-appoggiati-dalla-politica\\\/\"]}]},{\"@type\":\"ImageObject\",\"inLanguage\":\"it-IT\",\"@id\":\"https:\\\/\\\/www.rassegnastampa-totustuus.it\\\/cattolica\\\/i-super-ricchi-ducraina-industriali-appoggiati-dalla-politica\\\/#primaryimage\",\"url\":\"https:\\\/\\\/www.rassegnastampa-totustuus.it\\\/cattolica\\\/wp-content\\\/uploads\\\/2009\\\/03\\\/ricchi_Ucraina.jpg\",\"contentUrl\":\"https:\\\/\\\/www.rassegnastampa-totustuus.it\\\/cattolica\\\/wp-content\\\/uploads\\\/2009\\\/03\\\/ricchi_Ucraina.jpg\",\"width\":275,\"height\":183},{\"@type\":\"BreadcrumbList\",\"@id\":\"https:\\\/\\\/www.rassegnastampa-totustuus.it\\\/cattolica\\\/i-super-ricchi-ducraina-industriali-appoggiati-dalla-politica\\\/#breadcrumb\",\"itemListElement\":[{\"@type\":\"ListItem\",\"position\":1,\"name\":\"Home\",\"item\":\"https:\\\/\\\/www.rassegnastampa-totustuus.it\\\/cattolica\\\/\"},{\"@type\":\"ListItem\",\"position\":2,\"name\":\"I super-ricchi d&#8217;Ucraina, industriali appoggiati dalla politica\"}]},{\"@type\":\"WebSite\",\"@id\":\"https:\\\/\\\/www.rassegnastampa-totustuus.it\\\/cattolica\\\/#website\",\"url\":\"https:\\\/\\\/www.rassegnastampa-totustuus.it\\\/cattolica\\\/\",\"name\":\"Rassegna Stampa Cattolica\",\"description\":\"Per una cultura che nasce dalla Rivelazione cristiana in conformit\u00e0 alla tradizione e al Magistero della Chiesa in opposizione ad ogni relativismo e totalitarismo\",\"publisher\":{\"@id\":\"https:\\\/\\\/www.rassegnastampa-totustuus.it\\\/cattolica\\\/#organization\"},\"alternateName\":\"Rass. Cattolica\",\"potentialAction\":[{\"@type\":\"SearchAction\",\"target\":{\"@type\":\"EntryPoint\",\"urlTemplate\":\"https:\\\/\\\/www.rassegnastampa-totustuus.it\\\/cattolica\\\/?s={search_term_string}\"},\"query-input\":{\"@type\":\"PropertyValueSpecification\",\"valueRequired\":true,\"valueName\":\"search_term_string\"}}],\"inLanguage\":\"it-IT\"},{\"@type\":\"Organization\",\"@id\":\"https:\\\/\\\/www.rassegnastampa-totustuus.it\\\/cattolica\\\/#organization\",\"name\":\"Rassegna Stampa Cattolica\",\"url\":\"https:\\\/\\\/www.rassegnastampa-totustuus.it\\\/cattolica\\\/\",\"logo\":{\"@type\":\"ImageObject\",\"inLanguage\":\"it-IT\",\"@id\":\"https:\\\/\\\/www.rassegnastampa-totustuus.it\\\/cattolica\\\/#\\\/schema\\\/logo\\\/image\\\/\",\"url\":\"https:\\\/\\\/www.rassegnastampa-totustuus.it\\\/cattolica\\\/wp-content\\\/uploads\\\/2014\\\/04\\\/logo-rassegna1.gif\",\"contentUrl\":\"https:\\\/\\\/www.rassegnastampa-totustuus.it\\\/cattolica\\\/wp-content\\\/uploads\\\/2014\\\/04\\\/logo-rassegna1.gif\",\"width\":600,\"height\":163,\"caption\":\"Rassegna Stampa Cattolica\"},\"image\":{\"@id\":\"https:\\\/\\\/www.rassegnastampa-totustuus.it\\\/cattolica\\\/#\\\/schema\\\/logo\\\/image\\\/\"},\"sameAs\":[\"https:\\\/\\\/www.facebook.com\\\/rassegnastampacattolica\",\"https:\\\/\\\/x.com\\\/rassegnastampa9\"]},{\"@type\":\"Person\",\"@id\":\"https:\\\/\\\/www.rassegnastampa-totustuus.it\\\/cattolica\\\/#\\\/schema\\\/person\\\/08f319d2bd1a0904ad9e2bfb7b15e5c3\",\"name\":\"Redazione\",\"image\":{\"@type\":\"ImageObject\",\"inLanguage\":\"it-IT\",\"@id\":\"https:\\\/\\\/secure.gravatar.com\\\/avatar\\\/2fcdf27c78ea025fbdb44e914cc63c72249ffec9dc8aafd5c82b26240ef3f346?s=96&d=mm&r=g\",\"url\":\"https:\\\/\\\/secure.gravatar.com\\\/avatar\\\/2fcdf27c78ea025fbdb44e914cc63c72249ffec9dc8aafd5c82b26240ef3f346?s=96&d=mm&r=g\",\"contentUrl\":\"https:\\\/\\\/secure.gravatar.com\\\/avatar\\\/2fcdf27c78ea025fbdb44e914cc63c72249ffec9dc8aafd5c82b26240ef3f346?s=96&d=mm&r=g\",\"caption\":\"Redazione\"},\"url\":\"https:\\\/\\\/www.rassegnastampa-totustuus.it\\\/cattolica\\\/author\\\/pietroelle\\\/\"}]}<\/script>\n<!-- \/ Yoast SEO plugin. -->","yoast_head_json":{"title":"I super-ricchi d'Ucraina, industriali appoggiati dalla politica - Rassegna Stampa Cattolica","description":"Rassegna Stampa Cattolica - Per una cultura che nasce dalla Rivelazione cristiana in conformit\u00e0 alla tradizione e al Magistero della Chiesa in opposizione ad ogni relativismo e totalitarismo","robots":{"index":"index","follow":"follow","max-snippet":"max-snippet:-1","max-image-preview":"max-image-preview:large","max-video-preview":"max-video-preview:-1"},"canonical":"https:\/\/www.rassegnastampa-totustuus.it\/cattolica\/i-super-ricchi-ducraina-industriali-appoggiati-dalla-politica\/","og_locale":"it_IT","og_type":"article","og_title":"I super-ricchi d'Ucraina, industriali appoggiati dalla politica - Rassegna Stampa Cattolica","og_description":"Rassegna Stampa Cattolica - Per una cultura che nasce dalla Rivelazione cristiana in conformit\u00e0 alla tradizione e al Magistero della Chiesa in opposizione ad ogni relativismo e totalitarismo","og_url":"https:\/\/www.rassegnastampa-totustuus.it\/cattolica\/i-super-ricchi-ducraina-industriali-appoggiati-dalla-politica\/","og_site_name":"Rassegna Stampa Cattolica","article_publisher":"https:\/\/www.facebook.com\/rassegnastampacattolica","article_published_time":"2009-03-04T09:57:05+00:00","article_modified_time":"2016-06-20T08:47:13+00:00","og_image":[{"width":275,"height":183,"url":"https:\/\/www.rassegnastampa-totustuus.it\/cattolica\/wp-content\/uploads\/2009\/03\/ricchi_Ucraina.jpg","type":"image\/jpeg"}],"author":"Redazione","twitter_card":"summary_large_image","twitter_creator":"@rassegnastampa9","twitter_site":"@rassegnastampa9","twitter_misc":{"Scritto da":"Redazione","Tempo di lettura stimato":"6 minuti"},"schema":{"@context":"https:\/\/schema.org","@graph":[{"@type":"Article","@id":"https:\/\/www.rassegnastampa-totustuus.it\/cattolica\/i-super-ricchi-ducraina-industriali-appoggiati-dalla-politica\/#article","isPartOf":{"@id":"https:\/\/www.rassegnastampa-totustuus.it\/cattolica\/i-super-ricchi-ducraina-industriali-appoggiati-dalla-politica\/"},"author":{"name":"Redazione","@id":"https:\/\/www.rassegnastampa-totustuus.it\/cattolica\/#\/schema\/person\/08f319d2bd1a0904ad9e2bfb7b15e5c3"},"headline":"I super-ricchi d&#8217;Ucraina, industriali appoggiati dalla politica","datePublished":"2009-03-04T09:57:05+00:00","dateModified":"2016-06-20T08:47:13+00:00","mainEntityOfPage":{"@id":"https:\/\/www.rassegnastampa-totustuus.it\/cattolica\/i-super-ricchi-ducraina-industriali-appoggiati-dalla-politica\/"},"wordCount":1184,"publisher":{"@id":"https:\/\/www.rassegnastampa-totustuus.it\/cattolica\/#organization"},"image":{"@id":"https:\/\/www.rassegnastampa-totustuus.it\/cattolica\/i-super-ricchi-ducraina-industriali-appoggiati-dalla-politica\/#primaryimage"},"thumbnailUrl":"https:\/\/www.rassegnastampa-totustuus.it\/cattolica\/wp-content\/uploads\/2009\/03\/ricchi_Ucraina.jpg","keywords":["Ucraina"],"articleSection":["Paesi e continenti"],"inLanguage":"it-IT"},{"@type":"WebPage","@id":"https:\/\/www.rassegnastampa-totustuus.it\/cattolica\/i-super-ricchi-ducraina-industriali-appoggiati-dalla-politica\/","url":"https:\/\/www.rassegnastampa-totustuus.it\/cattolica\/i-super-ricchi-ducraina-industriali-appoggiati-dalla-politica\/","name":"I super-ricchi d'Ucraina, industriali appoggiati dalla politica - Rassegna Stampa Cattolica","isPartOf":{"@id":"https:\/\/www.rassegnastampa-totustuus.it\/cattolica\/#website"},"primaryImageOfPage":{"@id":"https:\/\/www.rassegnastampa-totustuus.it\/cattolica\/i-super-ricchi-ducraina-industriali-appoggiati-dalla-politica\/#primaryimage"},"image":{"@id":"https:\/\/www.rassegnastampa-totustuus.it\/cattolica\/i-super-ricchi-ducraina-industriali-appoggiati-dalla-politica\/#primaryimage"},"thumbnailUrl":"https:\/\/www.rassegnastampa-totustuus.it\/cattolica\/wp-content\/uploads\/2009\/03\/ricchi_Ucraina.jpg","datePublished":"2009-03-04T09:57:05+00:00","dateModified":"2016-06-20T08:47:13+00:00","description":"Rassegna Stampa Cattolica - Per una cultura che nasce dalla Rivelazione cristiana in conformit\u00e0 alla tradizione e al Magistero della Chiesa in opposizione ad ogni relativismo e totalitarismo","breadcrumb":{"@id":"https:\/\/www.rassegnastampa-totustuus.it\/cattolica\/i-super-ricchi-ducraina-industriali-appoggiati-dalla-politica\/#breadcrumb"},"inLanguage":"it-IT","potentialAction":[{"@type":"ReadAction","target":["https:\/\/www.rassegnastampa-totustuus.it\/cattolica\/i-super-ricchi-ducraina-industriali-appoggiati-dalla-politica\/"]}]},{"@type":"ImageObject","inLanguage":"it-IT","@id":"https:\/\/www.rassegnastampa-totustuus.it\/cattolica\/i-super-ricchi-ducraina-industriali-appoggiati-dalla-politica\/#primaryimage","url":"https:\/\/www.rassegnastampa-totustuus.it\/cattolica\/wp-content\/uploads\/2009\/03\/ricchi_Ucraina.jpg","contentUrl":"https:\/\/www.rassegnastampa-totustuus.it\/cattolica\/wp-content\/uploads\/2009\/03\/ricchi_Ucraina.jpg","width":275,"height":183},{"@type":"BreadcrumbList","@id":"https:\/\/www.rassegnastampa-totustuus.it\/cattolica\/i-super-ricchi-ducraina-industriali-appoggiati-dalla-politica\/#breadcrumb","itemListElement":[{"@type":"ListItem","position":1,"name":"Home","item":"https:\/\/www.rassegnastampa-totustuus.it\/cattolica\/"},{"@type":"ListItem","position":2,"name":"I super-ricchi d&#8217;Ucraina, industriali appoggiati dalla politica"}]},{"@type":"WebSite","@id":"https:\/\/www.rassegnastampa-totustuus.it\/cattolica\/#website","url":"https:\/\/www.rassegnastampa-totustuus.it\/cattolica\/","name":"Rassegna Stampa Cattolica","description":"Per una cultura che nasce dalla Rivelazione cristiana in conformit\u00e0 alla tradizione e al Magistero della Chiesa in opposizione ad ogni relativismo e totalitarismo","publisher":{"@id":"https:\/\/www.rassegnastampa-totustuus.it\/cattolica\/#organization"},"alternateName":"Rass. Cattolica","potentialAction":[{"@type":"SearchAction","target":{"@type":"EntryPoint","urlTemplate":"https:\/\/www.rassegnastampa-totustuus.it\/cattolica\/?s={search_term_string}"},"query-input":{"@type":"PropertyValueSpecification","valueRequired":true,"valueName":"search_term_string"}}],"inLanguage":"it-IT"},{"@type":"Organization","@id":"https:\/\/www.rassegnastampa-totustuus.it\/cattolica\/#organization","name":"Rassegna Stampa Cattolica","url":"https:\/\/www.rassegnastampa-totustuus.it\/cattolica\/","logo":{"@type":"ImageObject","inLanguage":"it-IT","@id":"https:\/\/www.rassegnastampa-totustuus.it\/cattolica\/#\/schema\/logo\/image\/","url":"https:\/\/www.rassegnastampa-totustuus.it\/cattolica\/wp-content\/uploads\/2014\/04\/logo-rassegna1.gif","contentUrl":"https:\/\/www.rassegnastampa-totustuus.it\/cattolica\/wp-content\/uploads\/2014\/04\/logo-rassegna1.gif","width":600,"height":163,"caption":"Rassegna Stampa Cattolica"},"image":{"@id":"https:\/\/www.rassegnastampa-totustuus.it\/cattolica\/#\/schema\/logo\/image\/"},"sameAs":["https:\/\/www.facebook.com\/rassegnastampacattolica","https:\/\/x.com\/rassegnastampa9"]},{"@type":"Person","@id":"https:\/\/www.rassegnastampa-totustuus.it\/cattolica\/#\/schema\/person\/08f319d2bd1a0904ad9e2bfb7b15e5c3","name":"Redazione","image":{"@type":"ImageObject","inLanguage":"it-IT","@id":"https:\/\/secure.gravatar.com\/avatar\/2fcdf27c78ea025fbdb44e914cc63c72249ffec9dc8aafd5c82b26240ef3f346?s=96&d=mm&r=g","url":"https:\/\/secure.gravatar.com\/avatar\/2fcdf27c78ea025fbdb44e914cc63c72249ffec9dc8aafd5c82b26240ef3f346?s=96&d=mm&r=g","contentUrl":"https:\/\/secure.gravatar.com\/avatar\/2fcdf27c78ea025fbdb44e914cc63c72249ffec9dc8aafd5c82b26240ef3f346?s=96&d=mm&r=g","caption":"Redazione"},"url":"https:\/\/www.rassegnastampa-totustuus.it\/cattolica\/author\/pietroelle\/"}]}},"_links":{"self":[{"href":"https:\/\/www.rassegnastampa-totustuus.it\/cattolica\/wp-json\/wp\/v2\/posts\/2717","targetHints":{"allow":["GET"]}}],"collection":[{"href":"https:\/\/www.rassegnastampa-totustuus.it\/cattolica\/wp-json\/wp\/v2\/posts"}],"about":[{"href":"https:\/\/www.rassegnastampa-totustuus.it\/cattolica\/wp-json\/wp\/v2\/types\/post"}],"author":[{"embeddable":true,"href":"https:\/\/www.rassegnastampa-totustuus.it\/cattolica\/wp-json\/wp\/v2\/users\/6"}],"replies":[{"embeddable":true,"href":"https:\/\/www.rassegnastampa-totustuus.it\/cattolica\/wp-json\/wp\/v2\/comments?post=2717"}],"version-history":[{"count":4,"href":"https:\/\/www.rassegnastampa-totustuus.it\/cattolica\/wp-json\/wp\/v2\/posts\/2717\/revisions"}],"predecessor-version":[{"id":35122,"href":"https:\/\/www.rassegnastampa-totustuus.it\/cattolica\/wp-json\/wp\/v2\/posts\/2717\/revisions\/35122"}],"wp:featuredmedia":[{"embeddable":true,"href":"https:\/\/www.rassegnastampa-totustuus.it\/cattolica\/wp-json\/wp\/v2\/media\/35121"}],"wp:attachment":[{"href":"https:\/\/www.rassegnastampa-totustuus.it\/cattolica\/wp-json\/wp\/v2\/media?parent=2717"}],"wp:term":[{"taxonomy":"category","embeddable":true,"href":"https:\/\/www.rassegnastampa-totustuus.it\/cattolica\/wp-json\/wp\/v2\/categories?post=2717"},{"taxonomy":"post_tag","embeddable":true,"href":"https:\/\/www.rassegnastampa-totustuus.it\/cattolica\/wp-json\/wp\/v2\/tags?post=2717"}],"curies":[{"name":"wp","href":"https:\/\/api.w.org\/{rel}","templated":true}]}}