{"id":27074,"date":"2015-10-29T00:00:48","date_gmt":"2015-10-28T23:00:48","guid":{"rendered":"http:\/\/www.rassegnastampa-totustuus.it\/cattolica\/?p=27074"},"modified":"2015-11-10T10:31:32","modified_gmt":"2015-11-10T09:31:32","slug":"un-esempio-di-fermezza-pastorale-lo-scioglimento-dellopera-dei-congressi-e-dei-comitati-cattolici","status":"publish","type":"post","link":"https:\/\/www.rassegnastampa-totustuus.it\/cattolica\/un-esempio-di-fermezza-pastorale-lo-scioglimento-dellopera-dei-congressi-e-dei-comitati-cattolici\/","title":{"rendered":"Un esempio di fermezza pastorale: lo scioglimento dell&#8217;Opera dei Congressi e dei Comitati cattolici"},"content":{"rendered":"<p style=\"text-align: center;\"><strong><a href=\"https:\/\/www.rassegnastampa-totustuus.it\/cattolica\/wp-content\/uploads\/2015\/10\/Opera-Congressi.jpg\"><img loading=\"lazy\" decoding=\"async\" class=\"alignright wp-image-27075\" src=\"https:\/\/www.rassegnastampa-totustuus.it\/cattolica\/wp-content\/uploads\/2015\/10\/Opera-Congressi.jpg\" alt=\"Opera Congressi\" width=\"138\" height=\"200\" \/><\/a>Tradizione Famiglia Propriet\u00e0<\/strong> n. 62 Ottobre 2014<\/p>\n<p style=\"text-align: justify;\"><em>Il 28 luglio 1904, s. Pio X sciolse l&#8217;Opera dei Congressi e dei Comitati cattolici. Rimase aperto solo il Gruppo di studio per l&#8217;azione popolare e sociale facente capo al conte Stanislao Medolago Albani, di Bergamo, grande amico a collaboratore del santo Pontefice<\/em><\/p>\n<p style=\"text-align: center;\">di <strong>Julio Loredo<\/strong><\/p>\n<p style=\"text-align: center;\"><!--more--><\/p>\n<p style=\"text-align: justify;\">San Pio X \u00e8 universalmente ricordato come colui che condann\u00f2 il Modernismo teologico, &#8220;istigatore di gran parte della contestazione religiosa che oggi esplode in seno alla Chiesa&#8221;, come ben ricordava nel 1972 il teologo domenicano francese Albert-Marie Besnard.<\/p>\n<p style=\"text-align: justify;\">Altrettanto importante, e da un certo punto di vista forse ancor di pi\u00f9, fu la sua condanna del nascente cattolicesimo democratico. Per quanto fosse rilevante a livello teologico, il Modernismo rest\u00f2 sempre un fenomeno di \u00e9lite intellettuali, con scarsa presa sulla massa dei fedeli. Perfino Ernesto Buonaiuti, capofila del modernismo italiano, si lamentava: &#8220;Io stesso sono rimasto pi\u00f9 volte vagamente sorpreso dalla disarmonia esistente fra le finalit\u00e0 del movimento modernistico, finalit\u00e0 cos\u00ec radicalmente rinnovatrici, e la natura della sua propaganda, cos\u00ec aristocraticamente intellettualistica. (&#8230;) Quel largo consenso popolare, che dovrebbe essere la principale preoccupazione di un movimento religioso, saturo di entusiasmo messianico, \u00e8 fino ad oggi costantemente mancato&#8221;.<\/p>\n<p style=\"text-align: justify;\">Le tendenze e le dottrine rivoluzionarie si diffondevano tra i fedeli piuttosto attraverso le deviazioni nel movimento cattolico sociale, sorto nella seconda met\u00e0 del Dicianovesimo secolo.<\/p>\n<p style=\"text-align: justify;\"><strong>Deriva a sinistra<\/strong><\/p>\n<div id=\"attachment_27076\" style=\"width: 200px\" class=\"wp-caption alignright\"><a href=\"https:\/\/www.rassegnastampa-totustuus.it\/cattolica\/wp-content\/uploads\/2015\/10\/Pio-X.jpg\"><img loading=\"lazy\" decoding=\"async\" aria-describedby=\"caption-attachment-27076\" class=\"wp-image-27076 size-full\" src=\"https:\/\/www.rassegnastampa-totustuus.it\/cattolica\/wp-content\/uploads\/2015\/10\/Pio-X.jpg\" alt=\"Pio X\" width=\"200\" height=\"200\" srcset=\"https:\/\/www.rassegnastampa-totustuus.it\/cattolica\/wp-content\/uploads\/2015\/10\/Pio-X.jpg 200w, https:\/\/www.rassegnastampa-totustuus.it\/cattolica\/wp-content\/uploads\/2015\/10\/Pio-X-150x150.jpg 150w\" sizes=\"auto, (max-width: 200px) 100vw, 200px\" \/><\/a><p id=\"caption-attachment-27076\" class=\"wp-caption-text\">Melchiorre Sarto, Pio X<\/p><\/div>\n<p style=\"text-align: justify;\">Dando corpo al crescente movimento sociale cattolico, il 29 giugno 1867 si costitu\u00ec la Societ\u00e0 della giovent\u00f9 cattolica italiana. Ne assunse la presidenza Giovanni Acquaderni, affiancato da Mario Fani Ciotti. Nel 1868 Pio IX approvava, con il breve pontificio <em>Dum f\u00eclii Belial<\/em>, la costituzione della nuova associazione. Di solido orientamento &#8220;papalino&#8221;, la Societ\u00e0 fece della difesa di Pio IX e della sua politica antiliberale il cardine della propria azione.<\/p>\n<p style=\"text-align: justify;\">Nel giugno 1874 si tenne a Venezia un primo congresso cattolico nazionale. Sotto la presidenza di Acquaderni, i cinquecento delegati convennero nella missione di salvaguardare le tradizioni religiose italiane di fronte alla societ\u00e0 liberale. Nei discorsi si attacc\u00f2 fortemente &#8220;la Rivoluzione, questo serpente che avvelena, questa tigre che sbrana, questa lupa che divora, quest&#8217;arpia immonda&#8221;. Un secondo congresso, tenutosi a Firenze nel 1875, cre\u00f2 l&#8217;Opera dei congressi e dei Comitati cattolici, che annoverava numerosi circoli locali. La presidenza fu affidata allo stesso Acquaderni.<\/p>\n<p style=\"text-align: justify;\">Purtroppo, alla stregua di quanto stava accadendo in altri paesi, infiltrate da tendenze liberali e socialiste, frange del cattolicesimo sociale italiano caddero preda di un processo di trasbordo ideologico che le fece scivolare a sinistra. Presto si palesarono due anime, in contrasto fra di loro. I settori pi\u00f9 a destra venivano presi di mira da una propaganda negativa che cercava di annichilirli. &#8220;<em>La Giovent\u00f9 cattolica passa ore abbastanza tristi<\/em> &#8211; scrive Giacomo de Antonellis &#8211; <em>Acquaderni \u00e8 figura moralmente elevata ma non sembra in grado di reagire al<\/em> <em>turbinio scatenato da pi\u00f9 sponde<\/em>&#8220;. Il 17 maggio 1878, Acquaderni fu costretto a rassegnare le proprie dimissioni.<\/p>\n<p style=\"text-align: justify;\">Nel contempo si faceva largo all&#8217;interno dell&#8217;Opera la corrente &#8220;operaista&#8221;, di orientamento sinistrorso. Se tra i cattolici tradizionali si continuava a ritenere che la questione sociale si potesse risolvere con un&#8217;intesa fra le classi, i nuovi gruppi operaisti erano assertori del principio che i lavoratori dovessero adottare il criterio della resistenza nei conflitti con il padronato; in altre parole partecipare alla lotta di classe, entrando oggettivamente in convergenza con i socialisti. Inizialmente minoritari, i settori socialisti crebbero d&#8217;importanza, sino a controllare ampi settori del cattolicesimo sociale. Le correnti progressiste &#8211; che avevano assunto il nome generico di &#8220;democrazia cristiana&#8221;, in un contesto in cui &#8220;democratico&#8221; era sinonimo di sinistra &#8211; prendevano il sopravvento, sostituendosi alla vecchia guardia.<\/p>\n<p style=\"text-align: justify;\"><strong>Don Romolo Murri<\/strong><\/p>\n<p style=\"text-align: justify;\">La deriva a sinistra nel cattolicesimo sociale italiano \u00e8 inscindibilmente legata alla figura del sacerdote marchigiano don Romolo Murri. Dallo studioso marxista Antonio Labriola, suo professore alla Facolt\u00e0 di Lettere a Roma, Murri trasse, come egli stesso ricorda, &#8220;<em>il senso della storia ossia dello svolgimento e, insieme, l&#8217;idea del proletariato. Sorb\u00ec anche intimamente l&#8217;interesse e la simpatia per la cultura e il mondo moderno<\/em>&#8220;. Secondo il capofila della corrente democratica cristiana, il marxismo di Labriola era &#8220;<em>un eccellente strumento allo scopo di rendersi conto delle cose del tempo e di correggere le gravi manchevolezze nella mentalit\u00e0 dominante negli ambienti cattolic<\/em>i&#8221;. Escluso l&#8217;ateismo, don Murri utilizzava dunque il marxismo come strumento di analisi della realt\u00e0 sociale e politica.<\/p>\n<p style=\"text-align: justify;\">Nel 1891, Murri ispir\u00f2 la formazione dei Fasci democratici cristiani. Nel 1894 fond\u00f2 il Circolo universitario cattolico. L&#8217;anno successivo lanci\u00f2 il giornale &#8220;La Vita Nuova&#8221; che divent\u00f2 l&#8217;organo dei circoli universitari, raccoltisi nel 1896 nella Federazione universitaria cattolica italiana, Fuci.<\/p>\n<p style=\"text-align: justify;\"><strong>La condanna<\/strong><\/p>\n<div id=\"attachment_27077\" style=\"width: 149px\" class=\"wp-caption alignleft\"><a href=\"https:\/\/www.rassegnastampa-totustuus.it\/cattolica\/wp-content\/uploads\/2015\/10\/Romolo-Murri.jpg\"><img loading=\"lazy\" decoding=\"async\" aria-describedby=\"caption-attachment-27077\" class=\"wp-image-27077\" src=\"https:\/\/www.rassegnastampa-totustuus.it\/cattolica\/wp-content\/uploads\/2015\/10\/Romolo-Murri.jpg\" alt=\"Romolo Murri\" width=\"149\" height=\"200\" \/><\/a><p id=\"caption-attachment-27077\" class=\"wp-caption-text\">Romolo Murri<\/p><\/div>\n<p style=\"text-align: justify;\">Insensibili alle ammonizioni di Leone XIII, i democratici cristiani continuarono imperterriti la loro contestazione rivoluzionaria. Al Congresso nazionale dell&#8217;Opera a Bologna, nel novembre 1903, regnante gi\u00e0 s. Pio X, lo scontro fra le due anime del cattolicesimo sociale italiano degener\u00f2 in guerra aperta. &#8220;<em>La spaccatura tra le due mentalit\u00e0 divenne inconciliabile<\/em> &#8211; commenta Giacomo de Antonellis &#8211; [toccando] <em>il rapporto gerarchia-laicato, l&#8217;azione politica e l&#8217;azione religiosa, i modi di obbedienza e di fedelt\u00e0 al Papato<\/em>&#8220;. Incalzati dalla fortissima con\u00adtestazione dei democratici cristiani, i leader dell&#8217;Opera abbandonarono l&#8217;aula.<\/p>\n<p style=\"text-align: justify;\">Papa Sarto, che aveva seguito con attenzione lo sviluppo dei dibattiti, non grad\u00ec l&#8217;esito del congresso e invi\u00f2 all&#8217;arcivescovo di Bologna, cardinale Domenico Svampa, una lettera in cui puntualizzava: &#8220;<em>Non le nascondo le mie preoccupazioni: 1) pel dissidio sorto nell&#8217;assemblea; 2) per la poca avvedutezza onde fu costituita la presidenza; 3) per le clamorose e replicate manifestazioni in favore del reverendo don Murri<\/em>&#8220;. \u00c8 sintomatico che il congresso di Bologna si chiuse senza la tradizionale colletta per l&#8217;Obolo di S. Pietro in favore del Papa.<\/p>\n<p style=\"text-align: justify;\">Preoccupato per l&#8217;ascesa del movimento democratico cristiano, e volendo stroncare ogni manipolazione ermeneutica dei documenti del suo predecessore, nel dicembre 1903 s. Pio X pubblic\u00f2 il <em>motu proprio Fin Dalla Prima<\/em>. Si tratta di un documento assai conciso contenente un &#8220;Ordinamento fondamentale dell&#8217;azione popolare cristiana&#8221;.<\/p>\n<p style=\"text-align: justify;\">Una circolare del nuovo presidente dell&#8217;Opera Giovanni Grosoli, chiaramente contrastante con le direttive pontificie, fu sconfessata dalla Santa Sede. Giunta a tal segno, la fortissima penetrazione delle tendenze democratiche cristiane nel cattolicesimo sociale non lasci\u00f2 a Papa Sarto altra scelta che sciogliere l&#8217;Opera dei congressi, fatto che avvenne il 28 luglio 1904. Rimase aperto solo il Gruppo di studio per l&#8217;azione popolare e sociale facente capo al conte Stanislao Medolago Albani, di Bergamo.<\/p>\n<p style=\"text-align: justify;\">Con inaudita insolenza, i democratici cristiani sfidarono il Pontefice fondando a Bologna la Lega democratica nazionale, di aperta ispirazione socialista. Nell&#8217;enciclica <em>Pieni l&#8217;Animo,<\/em> del 28 luglio 1906, s. Pio X proib\u00ec &#8220;<em>sotto pena per i chierici di inabilit\u00e0 agli ordini sacri e ai sacerdoti di sospensione ipso facto a divinis, di ascriversi alla Lega democratica nazionale<\/em>&#8220;. Ormai senza ritegno, Romolo Murri fu sospeso a divinis nel 1907 e scomunicato due anni dopo. Nel 1912 si spos\u00f2 ed ebbe un figlio. Seguace del primo fascismo, presto se ne allontan\u00f2, criticando i Patti Lateranensi del 1929.<\/p>\n<p style=\"text-align: justify;\">Pochi anni dopo, nel 1910, con la lettera apostolica <em>Notre charge apostolique,<\/em> s. Pio X fu costretto ad adottare identico procedimento nei confronti del cattolicesimo sociale francese, raccoltosi nel movimento Sillon sotto l&#8217;egida di Marc Sangnier.<\/p>\n<p style=\"text-align: justify;\">Questi decisi interventi di Papa Sarto, uniti a un solido orientamento dottrinale espresso in innumerevoli documenti, impedirono in pratica che gli errori rivoluzionari si diffondessero tra il laicato, ponendo le basi per il grande risveglio che, negli anni Venti del secolo scorso, diede vita all&#8217;Azione Cattolica.<\/p>\n","protected":false},"excerpt":{"rendered":"<p>Tradizione Famiglia Propriet\u00e0 n. 62 Ottobre 2014 Il 28 luglio 1904, s. Pio X sciolse l&#8217;Opera dei Congressi e dei Comitati cattolici. Rimase aperto solo il Gruppo di studio per l&#8217;azione popolare e sociale facente capo al conte Stanislao Medolago Albani, di Bergamo, grande amico a collaboratore del santo Pontefice di Julio Loredo<\/p><p><a class=\"more-link btn\" href=\"https:\/\/www.rassegnastampa-totustuus.it\/cattolica\/un-esempio-di-fermezza-pastorale-lo-scioglimento-dellopera-dei-congressi-e-dei-comitati-cattolici\/\">Continua a leggere<\/a><\/p>\n","protected":false},"author":6,"featured_media":27075,"comment_status":"closed","ping_status":"closed","sticky":false,"template":"","format":"standard","meta":{"footnotes":""},"categories":[106,43,45],"tags":[2283,2282,809],"class_list":["post-27074","post","type-post","status-publish","format-standard","has-post-thumbnail","hentry","category-cattolicesimo-democratico","category-movimento-cattolico-in-italia","category-progressismo-cattolico","tag-comitati-cattolici","tag-opera-dei-congressi","tag-romolo-murri","item-wrap"],"yoast_head":"<!-- This site is optimized with the Yoast SEO plugin v27.5 - https:\/\/yoast.com\/product\/yoast-seo-wordpress\/ -->\n<title>Un esempio di fermezza pastorale: lo scioglimento dell&#039;Opera dei Congressi e dei Comitati cattolici - Rassegna Stampa Cattolica<\/title>\n<meta name=\"description\" content=\"Rassegna Stampa Cattolica - Per una cultura che nasce dalla Rivelazione cristiana in conformit\u00e0 alla tradizione e al Magistero della Chiesa in opposizione ad ogni relativismo e totalitarismo\" \/>\n<meta name=\"robots\" content=\"index, follow, max-snippet:-1, max-image-preview:large, max-video-preview:-1\" \/>\n<link rel=\"canonical\" href=\"https:\/\/www.rassegnastampa-totustuus.it\/cattolica\/un-esempio-di-fermezza-pastorale-lo-scioglimento-dellopera-dei-congressi-e-dei-comitati-cattolici\/\" \/>\n<meta property=\"og:locale\" content=\"it_IT\" \/>\n<meta property=\"og:type\" content=\"article\" \/>\n<meta property=\"og:title\" content=\"Un esempio di fermezza pastorale: lo scioglimento dell&#039;Opera dei Congressi e dei Comitati cattolici - Rassegna Stampa Cattolica\" \/>\n<meta property=\"og:description\" content=\"Rassegna Stampa Cattolica - Per una cultura che nasce dalla Rivelazione cristiana in conformit\u00e0 alla tradizione e al Magistero della Chiesa in opposizione ad ogni relativismo e totalitarismo\" \/>\n<meta property=\"og:url\" content=\"https:\/\/www.rassegnastampa-totustuus.it\/cattolica\/un-esempio-di-fermezza-pastorale-lo-scioglimento-dellopera-dei-congressi-e-dei-comitati-cattolici\/\" \/>\n<meta property=\"og:site_name\" content=\"Rassegna Stampa Cattolica\" \/>\n<meta property=\"article:publisher\" content=\"https:\/\/www.facebook.com\/rassegnastampacattolica\" \/>\n<meta property=\"article:published_time\" content=\"2015-10-28T23:00:48+00:00\" \/>\n<meta property=\"article:modified_time\" content=\"2015-11-10T09:31:32+00:00\" \/>\n<meta property=\"og:image\" content=\"https:\/\/www.rassegnastampa-totustuus.it\/cattolica\/wp-content\/uploads\/2015\/10\/Opera-Congressi.jpg\" \/>\n\t<meta property=\"og:image:width\" content=\"176\" \/>\n\t<meta property=\"og:image:height\" content=\"256\" \/>\n\t<meta property=\"og:image:type\" content=\"image\/jpeg\" \/>\n<meta name=\"author\" content=\"Redazione\" \/>\n<meta name=\"twitter:card\" content=\"summary_large_image\" \/>\n<meta name=\"twitter:creator\" content=\"@rassegnastampa9\" \/>\n<meta name=\"twitter:site\" content=\"@rassegnastampa9\" \/>\n<meta name=\"twitter:label1\" content=\"Scritto da\" \/>\n\t<meta name=\"twitter:data1\" content=\"Redazione\" \/>\n\t<meta name=\"twitter:label2\" content=\"Tempo di lettura stimato\" \/>\n\t<meta name=\"twitter:data2\" content=\"6 minuti\" \/>\n<script type=\"application\/ld+json\" class=\"yoast-schema-graph\">{\"@context\":\"https:\\\/\\\/schema.org\",\"@graph\":[{\"@type\":\"Article\",\"@id\":\"https:\\\/\\\/www.rassegnastampa-totustuus.it\\\/cattolica\\\/un-esempio-di-fermezza-pastorale-lo-scioglimento-dellopera-dei-congressi-e-dei-comitati-cattolici\\\/#article\",\"isPartOf\":{\"@id\":\"https:\\\/\\\/www.rassegnastampa-totustuus.it\\\/cattolica\\\/un-esempio-di-fermezza-pastorale-lo-scioglimento-dellopera-dei-congressi-e-dei-comitati-cattolici\\\/\"},\"author\":{\"name\":\"Redazione\",\"@id\":\"https:\\\/\\\/www.rassegnastampa-totustuus.it\\\/cattolica\\\/#\\\/schema\\\/person\\\/08f319d2bd1a0904ad9e2bfb7b15e5c3\"},\"headline\":\"Un esempio di fermezza pastorale: lo scioglimento dell&#8217;Opera dei Congressi e dei Comitati cattolici\",\"datePublished\":\"2015-10-28T23:00:48+00:00\",\"dateModified\":\"2015-11-10T09:31:32+00:00\",\"mainEntityOfPage\":{\"@id\":\"https:\\\/\\\/www.rassegnastampa-totustuus.it\\\/cattolica\\\/un-esempio-di-fermezza-pastorale-lo-scioglimento-dellopera-dei-congressi-e-dei-comitati-cattolici\\\/\"},\"wordCount\":1264,\"publisher\":{\"@id\":\"https:\\\/\\\/www.rassegnastampa-totustuus.it\\\/cattolica\\\/#organization\"},\"image\":{\"@id\":\"https:\\\/\\\/www.rassegnastampa-totustuus.it\\\/cattolica\\\/un-esempio-di-fermezza-pastorale-lo-scioglimento-dellopera-dei-congressi-e-dei-comitati-cattolici\\\/#primaryimage\"},\"thumbnailUrl\":\"https:\\\/\\\/www.rassegnastampa-totustuus.it\\\/cattolica\\\/wp-content\\\/uploads\\\/2015\\\/10\\\/Opera-Congressi.jpg\",\"keywords\":[\"Comitati cattolici\",\"Opera dei Congressi\",\"Romolo Murri\"],\"articleSection\":[\"Cattolicesimo dem.\",\"Movimento cattolico\",\"Progressismo\"],\"inLanguage\":\"it-IT\"},{\"@type\":\"WebPage\",\"@id\":\"https:\\\/\\\/www.rassegnastampa-totustuus.it\\\/cattolica\\\/un-esempio-di-fermezza-pastorale-lo-scioglimento-dellopera-dei-congressi-e-dei-comitati-cattolici\\\/\",\"url\":\"https:\\\/\\\/www.rassegnastampa-totustuus.it\\\/cattolica\\\/un-esempio-di-fermezza-pastorale-lo-scioglimento-dellopera-dei-congressi-e-dei-comitati-cattolici\\\/\",\"name\":\"Un esempio di fermezza pastorale: lo scioglimento dell'Opera dei Congressi e dei Comitati cattolici - Rassegna Stampa Cattolica\",\"isPartOf\":{\"@id\":\"https:\\\/\\\/www.rassegnastampa-totustuus.it\\\/cattolica\\\/#website\"},\"primaryImageOfPage\":{\"@id\":\"https:\\\/\\\/www.rassegnastampa-totustuus.it\\\/cattolica\\\/un-esempio-di-fermezza-pastorale-lo-scioglimento-dellopera-dei-congressi-e-dei-comitati-cattolici\\\/#primaryimage\"},\"image\":{\"@id\":\"https:\\\/\\\/www.rassegnastampa-totustuus.it\\\/cattolica\\\/un-esempio-di-fermezza-pastorale-lo-scioglimento-dellopera-dei-congressi-e-dei-comitati-cattolici\\\/#primaryimage\"},\"thumbnailUrl\":\"https:\\\/\\\/www.rassegnastampa-totustuus.it\\\/cattolica\\\/wp-content\\\/uploads\\\/2015\\\/10\\\/Opera-Congressi.jpg\",\"datePublished\":\"2015-10-28T23:00:48+00:00\",\"dateModified\":\"2015-11-10T09:31:32+00:00\",\"description\":\"Rassegna Stampa Cattolica - Per una cultura che nasce dalla Rivelazione cristiana in conformit\u00e0 alla tradizione e al Magistero della Chiesa in opposizione ad ogni relativismo e totalitarismo\",\"breadcrumb\":{\"@id\":\"https:\\\/\\\/www.rassegnastampa-totustuus.it\\\/cattolica\\\/un-esempio-di-fermezza-pastorale-lo-scioglimento-dellopera-dei-congressi-e-dei-comitati-cattolici\\\/#breadcrumb\"},\"inLanguage\":\"it-IT\",\"potentialAction\":[{\"@type\":\"ReadAction\",\"target\":[\"https:\\\/\\\/www.rassegnastampa-totustuus.it\\\/cattolica\\\/un-esempio-di-fermezza-pastorale-lo-scioglimento-dellopera-dei-congressi-e-dei-comitati-cattolici\\\/\"]}]},{\"@type\":\"ImageObject\",\"inLanguage\":\"it-IT\",\"@id\":\"https:\\\/\\\/www.rassegnastampa-totustuus.it\\\/cattolica\\\/un-esempio-di-fermezza-pastorale-lo-scioglimento-dellopera-dei-congressi-e-dei-comitati-cattolici\\\/#primaryimage\",\"url\":\"https:\\\/\\\/www.rassegnastampa-totustuus.it\\\/cattolica\\\/wp-content\\\/uploads\\\/2015\\\/10\\\/Opera-Congressi.jpg\",\"contentUrl\":\"https:\\\/\\\/www.rassegnastampa-totustuus.it\\\/cattolica\\\/wp-content\\\/uploads\\\/2015\\\/10\\\/Opera-Congressi.jpg\",\"width\":176,\"height\":256},{\"@type\":\"BreadcrumbList\",\"@id\":\"https:\\\/\\\/www.rassegnastampa-totustuus.it\\\/cattolica\\\/un-esempio-di-fermezza-pastorale-lo-scioglimento-dellopera-dei-congressi-e-dei-comitati-cattolici\\\/#breadcrumb\",\"itemListElement\":[{\"@type\":\"ListItem\",\"position\":1,\"name\":\"Home\",\"item\":\"https:\\\/\\\/www.rassegnastampa-totustuus.it\\\/cattolica\\\/\"},{\"@type\":\"ListItem\",\"position\":2,\"name\":\"Un esempio di fermezza pastorale: lo scioglimento dell&#8217;Opera dei Congressi e dei Comitati cattolici\"}]},{\"@type\":\"WebSite\",\"@id\":\"https:\\\/\\\/www.rassegnastampa-totustuus.it\\\/cattolica\\\/#website\",\"url\":\"https:\\\/\\\/www.rassegnastampa-totustuus.it\\\/cattolica\\\/\",\"name\":\"Rassegna Stampa Cattolica\",\"description\":\"Per una cultura che nasce dalla Rivelazione cristiana in conformit\u00e0 alla tradizione e al Magistero della Chiesa in opposizione ad ogni relativismo e totalitarismo\",\"publisher\":{\"@id\":\"https:\\\/\\\/www.rassegnastampa-totustuus.it\\\/cattolica\\\/#organization\"},\"alternateName\":\"Rass. Cattolica\",\"potentialAction\":[{\"@type\":\"SearchAction\",\"target\":{\"@type\":\"EntryPoint\",\"urlTemplate\":\"https:\\\/\\\/www.rassegnastampa-totustuus.it\\\/cattolica\\\/?s={search_term_string}\"},\"query-input\":{\"@type\":\"PropertyValueSpecification\",\"valueRequired\":true,\"valueName\":\"search_term_string\"}}],\"inLanguage\":\"it-IT\"},{\"@type\":\"Organization\",\"@id\":\"https:\\\/\\\/www.rassegnastampa-totustuus.it\\\/cattolica\\\/#organization\",\"name\":\"Rassegna Stampa Cattolica\",\"url\":\"https:\\\/\\\/www.rassegnastampa-totustuus.it\\\/cattolica\\\/\",\"logo\":{\"@type\":\"ImageObject\",\"inLanguage\":\"it-IT\",\"@id\":\"https:\\\/\\\/www.rassegnastampa-totustuus.it\\\/cattolica\\\/#\\\/schema\\\/logo\\\/image\\\/\",\"url\":\"https:\\\/\\\/www.rassegnastampa-totustuus.it\\\/cattolica\\\/wp-content\\\/uploads\\\/2014\\\/04\\\/logo-rassegna1.gif\",\"contentUrl\":\"https:\\\/\\\/www.rassegnastampa-totustuus.it\\\/cattolica\\\/wp-content\\\/uploads\\\/2014\\\/04\\\/logo-rassegna1.gif\",\"width\":600,\"height\":163,\"caption\":\"Rassegna Stampa Cattolica\"},\"image\":{\"@id\":\"https:\\\/\\\/www.rassegnastampa-totustuus.it\\\/cattolica\\\/#\\\/schema\\\/logo\\\/image\\\/\"},\"sameAs\":[\"https:\\\/\\\/www.facebook.com\\\/rassegnastampacattolica\",\"https:\\\/\\\/x.com\\\/rassegnastampa9\"]},{\"@type\":\"Person\",\"@id\":\"https:\\\/\\\/www.rassegnastampa-totustuus.it\\\/cattolica\\\/#\\\/schema\\\/person\\\/08f319d2bd1a0904ad9e2bfb7b15e5c3\",\"name\":\"Redazione\",\"image\":{\"@type\":\"ImageObject\",\"inLanguage\":\"it-IT\",\"@id\":\"https:\\\/\\\/secure.gravatar.com\\\/avatar\\\/2fcdf27c78ea025fbdb44e914cc63c72249ffec9dc8aafd5c82b26240ef3f346?s=96&d=mm&r=g\",\"url\":\"https:\\\/\\\/secure.gravatar.com\\\/avatar\\\/2fcdf27c78ea025fbdb44e914cc63c72249ffec9dc8aafd5c82b26240ef3f346?s=96&d=mm&r=g\",\"contentUrl\":\"https:\\\/\\\/secure.gravatar.com\\\/avatar\\\/2fcdf27c78ea025fbdb44e914cc63c72249ffec9dc8aafd5c82b26240ef3f346?s=96&d=mm&r=g\",\"caption\":\"Redazione\"},\"url\":\"https:\\\/\\\/www.rassegnastampa-totustuus.it\\\/cattolica\\\/author\\\/pietroelle\\\/\"}]}<\/script>\n<!-- \/ Yoast SEO plugin. -->","yoast_head_json":{"title":"Un esempio di fermezza pastorale: lo scioglimento dell'Opera dei Congressi e dei Comitati cattolici - Rassegna Stampa Cattolica","description":"Rassegna Stampa Cattolica - Per una cultura che nasce dalla Rivelazione cristiana in conformit\u00e0 alla tradizione e al Magistero della Chiesa in opposizione ad ogni relativismo e totalitarismo","robots":{"index":"index","follow":"follow","max-snippet":"max-snippet:-1","max-image-preview":"max-image-preview:large","max-video-preview":"max-video-preview:-1"},"canonical":"https:\/\/www.rassegnastampa-totustuus.it\/cattolica\/un-esempio-di-fermezza-pastorale-lo-scioglimento-dellopera-dei-congressi-e-dei-comitati-cattolici\/","og_locale":"it_IT","og_type":"article","og_title":"Un esempio di fermezza pastorale: lo scioglimento dell'Opera dei Congressi e dei Comitati cattolici - Rassegna Stampa Cattolica","og_description":"Rassegna Stampa Cattolica - Per una cultura che nasce dalla Rivelazione cristiana in conformit\u00e0 alla tradizione e al Magistero della Chiesa in opposizione ad ogni relativismo e totalitarismo","og_url":"https:\/\/www.rassegnastampa-totustuus.it\/cattolica\/un-esempio-di-fermezza-pastorale-lo-scioglimento-dellopera-dei-congressi-e-dei-comitati-cattolici\/","og_site_name":"Rassegna Stampa Cattolica","article_publisher":"https:\/\/www.facebook.com\/rassegnastampacattolica","article_published_time":"2015-10-28T23:00:48+00:00","article_modified_time":"2015-11-10T09:31:32+00:00","og_image":[{"width":176,"height":256,"url":"https:\/\/www.rassegnastampa-totustuus.it\/cattolica\/wp-content\/uploads\/2015\/10\/Opera-Congressi.jpg","type":"image\/jpeg"}],"author":"Redazione","twitter_card":"summary_large_image","twitter_creator":"@rassegnastampa9","twitter_site":"@rassegnastampa9","twitter_misc":{"Scritto da":"Redazione","Tempo di lettura stimato":"6 minuti"},"schema":{"@context":"https:\/\/schema.org","@graph":[{"@type":"Article","@id":"https:\/\/www.rassegnastampa-totustuus.it\/cattolica\/un-esempio-di-fermezza-pastorale-lo-scioglimento-dellopera-dei-congressi-e-dei-comitati-cattolici\/#article","isPartOf":{"@id":"https:\/\/www.rassegnastampa-totustuus.it\/cattolica\/un-esempio-di-fermezza-pastorale-lo-scioglimento-dellopera-dei-congressi-e-dei-comitati-cattolici\/"},"author":{"name":"Redazione","@id":"https:\/\/www.rassegnastampa-totustuus.it\/cattolica\/#\/schema\/person\/08f319d2bd1a0904ad9e2bfb7b15e5c3"},"headline":"Un esempio di fermezza pastorale: lo scioglimento dell&#8217;Opera dei Congressi e dei Comitati cattolici","datePublished":"2015-10-28T23:00:48+00:00","dateModified":"2015-11-10T09:31:32+00:00","mainEntityOfPage":{"@id":"https:\/\/www.rassegnastampa-totustuus.it\/cattolica\/un-esempio-di-fermezza-pastorale-lo-scioglimento-dellopera-dei-congressi-e-dei-comitati-cattolici\/"},"wordCount":1264,"publisher":{"@id":"https:\/\/www.rassegnastampa-totustuus.it\/cattolica\/#organization"},"image":{"@id":"https:\/\/www.rassegnastampa-totustuus.it\/cattolica\/un-esempio-di-fermezza-pastorale-lo-scioglimento-dellopera-dei-congressi-e-dei-comitati-cattolici\/#primaryimage"},"thumbnailUrl":"https:\/\/www.rassegnastampa-totustuus.it\/cattolica\/wp-content\/uploads\/2015\/10\/Opera-Congressi.jpg","keywords":["Comitati cattolici","Opera dei Congressi","Romolo Murri"],"articleSection":["Cattolicesimo dem.","Movimento cattolico","Progressismo"],"inLanguage":"it-IT"},{"@type":"WebPage","@id":"https:\/\/www.rassegnastampa-totustuus.it\/cattolica\/un-esempio-di-fermezza-pastorale-lo-scioglimento-dellopera-dei-congressi-e-dei-comitati-cattolici\/","url":"https:\/\/www.rassegnastampa-totustuus.it\/cattolica\/un-esempio-di-fermezza-pastorale-lo-scioglimento-dellopera-dei-congressi-e-dei-comitati-cattolici\/","name":"Un esempio di fermezza pastorale: lo scioglimento dell'Opera dei Congressi e dei Comitati cattolici - Rassegna Stampa Cattolica","isPartOf":{"@id":"https:\/\/www.rassegnastampa-totustuus.it\/cattolica\/#website"},"primaryImageOfPage":{"@id":"https:\/\/www.rassegnastampa-totustuus.it\/cattolica\/un-esempio-di-fermezza-pastorale-lo-scioglimento-dellopera-dei-congressi-e-dei-comitati-cattolici\/#primaryimage"},"image":{"@id":"https:\/\/www.rassegnastampa-totustuus.it\/cattolica\/un-esempio-di-fermezza-pastorale-lo-scioglimento-dellopera-dei-congressi-e-dei-comitati-cattolici\/#primaryimage"},"thumbnailUrl":"https:\/\/www.rassegnastampa-totustuus.it\/cattolica\/wp-content\/uploads\/2015\/10\/Opera-Congressi.jpg","datePublished":"2015-10-28T23:00:48+00:00","dateModified":"2015-11-10T09:31:32+00:00","description":"Rassegna Stampa Cattolica - Per una cultura che nasce dalla Rivelazione cristiana in conformit\u00e0 alla tradizione e al Magistero della Chiesa in opposizione ad ogni relativismo e totalitarismo","breadcrumb":{"@id":"https:\/\/www.rassegnastampa-totustuus.it\/cattolica\/un-esempio-di-fermezza-pastorale-lo-scioglimento-dellopera-dei-congressi-e-dei-comitati-cattolici\/#breadcrumb"},"inLanguage":"it-IT","potentialAction":[{"@type":"ReadAction","target":["https:\/\/www.rassegnastampa-totustuus.it\/cattolica\/un-esempio-di-fermezza-pastorale-lo-scioglimento-dellopera-dei-congressi-e-dei-comitati-cattolici\/"]}]},{"@type":"ImageObject","inLanguage":"it-IT","@id":"https:\/\/www.rassegnastampa-totustuus.it\/cattolica\/un-esempio-di-fermezza-pastorale-lo-scioglimento-dellopera-dei-congressi-e-dei-comitati-cattolici\/#primaryimage","url":"https:\/\/www.rassegnastampa-totustuus.it\/cattolica\/wp-content\/uploads\/2015\/10\/Opera-Congressi.jpg","contentUrl":"https:\/\/www.rassegnastampa-totustuus.it\/cattolica\/wp-content\/uploads\/2015\/10\/Opera-Congressi.jpg","width":176,"height":256},{"@type":"BreadcrumbList","@id":"https:\/\/www.rassegnastampa-totustuus.it\/cattolica\/un-esempio-di-fermezza-pastorale-lo-scioglimento-dellopera-dei-congressi-e-dei-comitati-cattolici\/#breadcrumb","itemListElement":[{"@type":"ListItem","position":1,"name":"Home","item":"https:\/\/www.rassegnastampa-totustuus.it\/cattolica\/"},{"@type":"ListItem","position":2,"name":"Un esempio di fermezza pastorale: lo scioglimento dell&#8217;Opera dei Congressi e dei Comitati cattolici"}]},{"@type":"WebSite","@id":"https:\/\/www.rassegnastampa-totustuus.it\/cattolica\/#website","url":"https:\/\/www.rassegnastampa-totustuus.it\/cattolica\/","name":"Rassegna Stampa Cattolica","description":"Per una cultura che nasce dalla Rivelazione cristiana in conformit\u00e0 alla tradizione e al Magistero della Chiesa in opposizione ad ogni relativismo e totalitarismo","publisher":{"@id":"https:\/\/www.rassegnastampa-totustuus.it\/cattolica\/#organization"},"alternateName":"Rass. Cattolica","potentialAction":[{"@type":"SearchAction","target":{"@type":"EntryPoint","urlTemplate":"https:\/\/www.rassegnastampa-totustuus.it\/cattolica\/?s={search_term_string}"},"query-input":{"@type":"PropertyValueSpecification","valueRequired":true,"valueName":"search_term_string"}}],"inLanguage":"it-IT"},{"@type":"Organization","@id":"https:\/\/www.rassegnastampa-totustuus.it\/cattolica\/#organization","name":"Rassegna Stampa Cattolica","url":"https:\/\/www.rassegnastampa-totustuus.it\/cattolica\/","logo":{"@type":"ImageObject","inLanguage":"it-IT","@id":"https:\/\/www.rassegnastampa-totustuus.it\/cattolica\/#\/schema\/logo\/image\/","url":"https:\/\/www.rassegnastampa-totustuus.it\/cattolica\/wp-content\/uploads\/2014\/04\/logo-rassegna1.gif","contentUrl":"https:\/\/www.rassegnastampa-totustuus.it\/cattolica\/wp-content\/uploads\/2014\/04\/logo-rassegna1.gif","width":600,"height":163,"caption":"Rassegna Stampa Cattolica"},"image":{"@id":"https:\/\/www.rassegnastampa-totustuus.it\/cattolica\/#\/schema\/logo\/image\/"},"sameAs":["https:\/\/www.facebook.com\/rassegnastampacattolica","https:\/\/x.com\/rassegnastampa9"]},{"@type":"Person","@id":"https:\/\/www.rassegnastampa-totustuus.it\/cattolica\/#\/schema\/person\/08f319d2bd1a0904ad9e2bfb7b15e5c3","name":"Redazione","image":{"@type":"ImageObject","inLanguage":"it-IT","@id":"https:\/\/secure.gravatar.com\/avatar\/2fcdf27c78ea025fbdb44e914cc63c72249ffec9dc8aafd5c82b26240ef3f346?s=96&d=mm&r=g","url":"https:\/\/secure.gravatar.com\/avatar\/2fcdf27c78ea025fbdb44e914cc63c72249ffec9dc8aafd5c82b26240ef3f346?s=96&d=mm&r=g","contentUrl":"https:\/\/secure.gravatar.com\/avatar\/2fcdf27c78ea025fbdb44e914cc63c72249ffec9dc8aafd5c82b26240ef3f346?s=96&d=mm&r=g","caption":"Redazione"},"url":"https:\/\/www.rassegnastampa-totustuus.it\/cattolica\/author\/pietroelle\/"}]}},"_links":{"self":[{"href":"https:\/\/www.rassegnastampa-totustuus.it\/cattolica\/wp-json\/wp\/v2\/posts\/27074","targetHints":{"allow":["GET"]}}],"collection":[{"href":"https:\/\/www.rassegnastampa-totustuus.it\/cattolica\/wp-json\/wp\/v2\/posts"}],"about":[{"href":"https:\/\/www.rassegnastampa-totustuus.it\/cattolica\/wp-json\/wp\/v2\/types\/post"}],"author":[{"embeddable":true,"href":"https:\/\/www.rassegnastampa-totustuus.it\/cattolica\/wp-json\/wp\/v2\/users\/6"}],"replies":[{"embeddable":true,"href":"https:\/\/www.rassegnastampa-totustuus.it\/cattolica\/wp-json\/wp\/v2\/comments?post=27074"}],"version-history":[{"count":2,"href":"https:\/\/www.rassegnastampa-totustuus.it\/cattolica\/wp-json\/wp\/v2\/posts\/27074\/revisions"}],"predecessor-version":[{"id":27283,"href":"https:\/\/www.rassegnastampa-totustuus.it\/cattolica\/wp-json\/wp\/v2\/posts\/27074\/revisions\/27283"}],"wp:featuredmedia":[{"embeddable":true,"href":"https:\/\/www.rassegnastampa-totustuus.it\/cattolica\/wp-json\/wp\/v2\/media\/27075"}],"wp:attachment":[{"href":"https:\/\/www.rassegnastampa-totustuus.it\/cattolica\/wp-json\/wp\/v2\/media?parent=27074"}],"wp:term":[{"taxonomy":"category","embeddable":true,"href":"https:\/\/www.rassegnastampa-totustuus.it\/cattolica\/wp-json\/wp\/v2\/categories?post=27074"},{"taxonomy":"post_tag","embeddable":true,"href":"https:\/\/www.rassegnastampa-totustuus.it\/cattolica\/wp-json\/wp\/v2\/tags?post=27074"}],"curies":[{"name":"wp","href":"https:\/\/api.w.org\/{rel}","templated":true}]}}