{"id":27019,"date":"2015-10-22T00:00:56","date_gmt":"2015-10-21T22:00:56","guid":{"rendered":"http:\/\/www.rassegnastampa-totustuus.it\/cattolica\/?p=27019"},"modified":"2015-10-16T10:51:50","modified_gmt":"2015-10-16T08:51:50","slug":"lenigma-maria-valtorta","status":"publish","type":"post","link":"https:\/\/www.rassegnastampa-totustuus.it\/cattolica\/lenigma-maria-valtorta\/","title":{"rendered":"L&#8217;enigma Maria Valtorta"},"content":{"rendered":"<p style=\"text-align: center;\"><strong><a href=\"https:\/\/www.rassegnastampa-totustuus.it\/cattolica\/wp-content\/uploads\/2015\/10\/Valtorta.jpg\"><img loading=\"lazy\" decoding=\"async\" class=\"alignleft wp-image-27020 size-full\" src=\"https:\/\/www.rassegnastampa-totustuus.it\/cattolica\/wp-content\/uploads\/2015\/10\/Valtorta.jpg\" alt=\"Valtorta\" width=\"247\" height=\"160\" \/><\/a>La Roccia, <\/strong>settembre-ottobre 2015<\/p>\n<p style=\"text-align: center;\"><strong>\u00a0<\/strong>don<strong> Ernesto Zucchini<\/strong><\/p>\n<p style=\"text-align: center;\"><em>Presidente della<\/em> <em>Fondazione Maria Valtorta<\/em><\/p>\n<p style=\"text-align: justify;\">Molti certamente conoscono gli scritti di Maria Valtorta. Dire il vecchio nome di quei dieci volumi che raccontano la vita di Ges\u00f9: \u201cIl Poema dell\u2019Uomo Dio\u201d, \u00e8 come far scattare una molla in tensione nella mente di tanti. Il nome di questa serie di libri \u00e8 cambiato. Ora \u00e8 \u00abL\u2019Evangelo come mi \u00e8 stato rivelato\u00bb. Ma il contenuto \u00e8 pressoch\u00e9 identico.<\/p>\n<p style=\"text-align: justify;\"><!--more--><\/p>\n<p style=\"text-align: justify;\">Maria Valtorta (marzo 1897 &#8211; ottobre 1961) \u00e8 la mistica viareggina che ha scritto 13.193 pagine di quaderno in circa cinque anni (1943-1947) senza mai correggersi. Considerata da tutti una bravissima scrittrice per le sue capacit\u00e0 inventive che i suoi testi mostrano, \u00e8 stata accusata anche dall\u2019Osservatore Romano nel gennaio 1960 d\u2019aver scritto una \u201cvita malamente romanzata di Ges\u00f9\u201d con chiss\u00e0 quali svarioni storici, ambientali e letterari. E all\u2019incirca cos\u00ec \u00e8 stato pensato da molti fino al marzo del 2012. Come dire: bel romanzo, peccato che sia tutto inventato e privo di coerenza. Certamente suscita anche forti emozioni spirituali, ma niente \u00e8 vero, pura fantasia.<\/p>\n<p style=\"text-align: justify;\">Poi, d\u2019un tratto, nel marzo 2012, tutto \u00e8 cambiato. Un ingegnere francese, da poco in pensione, pubblica in Francia \u201cL\u2019Enigma Valtorta\u201d, con un sottotitolo provocatorio: \u201cUne vie de J\u00e9sus Romanc\u00e9e?\u201d. E quello che moltissimi avevano intuito, ma che erano altres\u00ec incapaci di provare, finalmente aveva visto la luce. Cos\u2019\u00e8 successo? La moglie di\u00a0Jean-Fran\u00e7ois Lav\u00e9re\u00a0quasi costringe il marito ad ascoltarla intanto che a letto legge a voce alta la versione francese dell\u2019Evangelo di Maria Valtorta.<\/p>\n<p style=\"text-align: justify;\">Sulle prime si mostra un po\u2019 tra l\u2019annoiato e l\u2019infastidito, ma poi \u00e8 attratto da alcuni particolari apparentemente secondari: il nome dei luoghi, i fiori e le piante, la posizione del sole, della luna ecc., che l\u2019autrice testardamente continua a citare senza neppure rendersene tanto conto. A un certo punto decide di verificare la validit\u00e0 storica, geografica e astronomica di questi dati. Sono coerenti o sono messi a casaccio, senza logica e quasi casuali?<\/p>\n<p style=\"text-align: justify;\">Intanto scopre che un altro francese, Jean Auligner, seguendo gli scritti di Maria Valtorta e verificando le sue indicazioni astronomiche, \u00e8 riuscito a descrivere giorno per giorno la vita di Ges\u00f9, senza mai cadere in errore. L\u2019ing. Lav\u00e9re comincia le sue analisi. Cos\u00ec scopre e fa scoprire ai suoi lettori, qualcosa di sorprendente e assolutamente inaspettato.<\/p>\n<p style=\"text-align: justify;\">Maria Valtorta non sbaglia mai i nomi di luoghi, dati geografici e astronomici, coltivazioni, perfino circa 200 sui 705 nomi delle persone citate sono rintracciabili storicamente. In altre parole, come il fotografo \u201cSecondo Giuseppe Felice Pia\u201d\u00a0che scatt\u00f2 la prima foto alla Sindone di Torino, scopr\u00ec che il negativo dava la visione precisa e dettagliata del corpo su cui era stata avvolta, cos\u00ec gli scritti valtortiani indicano dati sorprendenti e coerenti in tutto. Maria Valtorta descrive il mondo vero della Palestina prima della distruzione di Gerusalemme del 70 dopo Cristo. Strade, fontane, scalinate, persone, ville, rituali liturgici e quant\u2019altro, sembrano risorge.<\/p>\n<p style=\"text-align: justify;\">Quello che gli esegeti biblici con grande fatica hanno scoperto dopo il 1950, Maria Valtorta lo mostra senza dubbi o errori. Vista la dimensione dell\u2019opera valtortiana stampata ci si deve domandare come ha fatto. L\u2019avesse scritto un Biblista del Pontificio Istituto Biblico, saremmo ora colpiti dall\u2019erudizione, dalle citazioni precise, dettagliate \u2013 fotografate \u2013 del suo dottissimo autore. Ma qui la situazione \u00e8 totalmente diversa.<\/p>\n<p style=\"text-align: justify;\">Maria Valtorta scrive \u201cL\u2019Evangelo come mi \u00e8 stato rivelato\u201d dotata solo di una cultura media. Scrive tra il gennaio 1944 e l\u2019aprile del 1947 a Viareggio (LU) intanto che sulla sua cittadina scorre la terribile Linea Gotica. La guerra si ferma l\u00ec per quasi un anno con ogni sorta di bombardamenti. Ad aprile \u00e8 dato anche l\u2019ordine di sfollare a tutti i Viareggini e anche lei, gi\u00e0 invalida e bloccata in un letto dal 1934, deve obbedire. Viene cos\u00ec trasportata in un primo piano di una piccola e disagiata casetta a Sant\u2019Andrea di Compito nella collina viareggina.<\/p>\n<p style=\"text-align: justify;\">Strazio incredibile cui si aggiunge, nel primo mese di permanenza, una notte oscura spirituale. Nonostante disagi e malattie di ogni tipo, Maria Valtorta scrive. E ancor pi\u00f9 sorprendentemente tra il gennaio e l\u2019agosto di quel terribile 1944, scrive i vari episodi (saranno 652 i capitoli finali) a \u201cincastro\u201d cio\u00e8 passa da un punto all\u2019altro della vita di Ges\u00f9 senza mai sbagliare nulla.<\/p>\n<p style=\"text-align: justify;\">Nessuna indicazione \u00e8 sbagliata o fuori luogo o non coincidente. I risultati sono a dir poco straordinari se non miracolosi. Nel 2014 un professore italiano del CNR, Liberato De Caro, riprende in mano l\u2019Evangelo e verifica anche lui la validit\u00e0 dei dati astronomici. I risultati sono perfettamente in linea con quelli di Auligner e Lav\u00e9re. Maria Valtorta non sbaglia mai. In un secondo volume che prosegue il lavoro del primo, Lav\u00e9re giunge a questa conclusione: elaborando i dati della cronologia astronomica scritti nell\u2019Evangelo, e applicando ad essi un modello matematico, si scopre che la probabilit\u00e0 che Maria Valtorta non sbagliasse nulla era una su miliardi di miliardi (per l&#8217;esattezza, 10 alla 84a, cio\u00e8 1 seguito da 84 zeri)!<\/p>\n<p style=\"text-align: justify;\">Dunque bassissima, eppure lei non sbaglia mai! Mai! Certo, incredibile. S\u00ec, ma anche verissimo! Da questi fatti oggettivi l\u2019invito a riprendere in mano il caso Maria Valtorta per farle quella giustizia che le \u00e8 dovuta.<\/p>\n<p style=\"text-align: justify;\">__________________________<\/p>\n<p style=\"text-align: justify;\"><strong>Leggi anche:<\/strong><\/p>\n<p style=\"text-align: justify;\"><a title=\"PermaLink a Maria Valtorta e il Vangelo rivelato\" href=\"https:\/\/www.rassegnastampa-totustuus.it\/cattolica\/?p=5252\" target=\"_blank\" rel=\"bookmark\">Maria Valtorta e il Vangelo rivelato<\/a><\/p>\n<p style=\"text-align: justify;\"><a title=\"PermaLink a &quot;L\u2019Evangelo come mi \u00e8 stato rivelato&quot; di Maria Valtorta\" href=\"https:\/\/www.rassegnastampa-totustuus.it\/cattolica\/?p=4995\" target=\"_blank\" rel=\"bookmark\">&#8220;L\u2019Evangelo come mi \u00e8 stato rivelato&#8221; di Maria Valtorta<\/a><\/p>\n<p style=\"text-align: justify;\"><a title=\"PermaLink a Maria Valtorta, profetessa della \u201cestrema evangelizzazione\u201d\" href=\"https:\/\/www.rassegnastampa-totustuus.it\/cattolica\/?p=4199\" rel=\"bookmark\">Maria Valtorta, profetessa della \u201cestrema evangelizzazione\u201d<\/a><\/p>\n","protected":false},"excerpt":{"rendered":"<p>La Roccia, settembre-ottobre 2015 \u00a0don Ernesto Zucchini Presidente della Fondazione Maria Valtorta Molti certamente conoscono gli scritti di Maria Valtorta. Dire il vecchio nome di quei dieci volumi che raccontano la vita di Ges\u00f9: \u201cIl Poema dell\u2019Uomo Dio\u201d, \u00e8 come far scattare una molla in tensione nella mente di tanti. Il nome di questa serie &hellip; <\/p>\n<p><a class=\"more-link btn\" href=\"https:\/\/www.rassegnastampa-totustuus.it\/cattolica\/lenigma-maria-valtorta\/\">Continua a leggere<\/a><\/p>\n","protected":false},"author":6,"featured_media":27020,"comment_status":"closed","ping_status":"closed","sticky":false,"template":"","format":"standard","meta":{"footnotes":""},"categories":[5],"tags":[1862],"class_list":["post-27019","post","type-post","status-publish","format-standard","has-post-thumbnail","hentry","category-chiesa","tag-maria-valtorta","item-wrap"],"yoast_head":"<!-- This site is optimized with the Yoast SEO plugin v27.5 - https:\/\/yoast.com\/product\/yoast-seo-wordpress\/ -->\n<title>L&#039;enigma Maria Valtorta - Rassegna Stampa Cattolica<\/title>\n<meta name=\"description\" content=\"Rassegna Stampa Cattolica - Per una cultura che nasce dalla Rivelazione cristiana in conformit\u00e0 alla tradizione e al Magistero della Chiesa in opposizione ad ogni relativismo e totalitarismo\" \/>\n<meta name=\"robots\" content=\"index, follow, max-snippet:-1, max-image-preview:large, max-video-preview:-1\" \/>\n<link rel=\"canonical\" href=\"https:\/\/www.rassegnastampa-totustuus.it\/cattolica\/lenigma-maria-valtorta\/\" \/>\n<meta property=\"og:locale\" content=\"it_IT\" \/>\n<meta property=\"og:type\" content=\"article\" \/>\n<meta property=\"og:title\" content=\"L&#039;enigma Maria Valtorta - Rassegna Stampa Cattolica\" \/>\n<meta property=\"og:description\" content=\"Rassegna Stampa Cattolica - Per una cultura che nasce dalla Rivelazione cristiana in conformit\u00e0 alla tradizione e al Magistero della Chiesa in opposizione ad ogni relativismo e totalitarismo\" \/>\n<meta property=\"og:url\" content=\"https:\/\/www.rassegnastampa-totustuus.it\/cattolica\/lenigma-maria-valtorta\/\" \/>\n<meta property=\"og:site_name\" content=\"Rassegna Stampa Cattolica\" \/>\n<meta property=\"article:publisher\" content=\"https:\/\/www.facebook.com\/rassegnastampacattolica\" \/>\n<meta property=\"article:published_time\" content=\"2015-10-21T22:00:56+00:00\" \/>\n<meta property=\"og:image\" content=\"https:\/\/www.rassegnastampa-totustuus.it\/cattolica\/wp-content\/uploads\/2015\/10\/Valtorta.jpg\" \/>\n\t<meta property=\"og:image:width\" content=\"247\" \/>\n\t<meta property=\"og:image:height\" content=\"160\" \/>\n\t<meta property=\"og:image:type\" content=\"image\/jpeg\" \/>\n<meta name=\"author\" content=\"Redazione\" \/>\n<meta name=\"twitter:card\" content=\"summary_large_image\" \/>\n<meta name=\"twitter:creator\" content=\"@rassegnastampa9\" \/>\n<meta name=\"twitter:site\" content=\"@rassegnastampa9\" \/>\n<meta name=\"twitter:label1\" content=\"Scritto da\" \/>\n\t<meta name=\"twitter:data1\" content=\"Redazione\" \/>\n\t<meta name=\"twitter:label2\" content=\"Tempo di lettura stimato\" \/>\n\t<meta name=\"twitter:data2\" content=\"4 minuti\" \/>\n<script type=\"application\/ld+json\" class=\"yoast-schema-graph\">{\"@context\":\"https:\\\/\\\/schema.org\",\"@graph\":[{\"@type\":\"Article\",\"@id\":\"https:\\\/\\\/www.rassegnastampa-totustuus.it\\\/cattolica\\\/lenigma-maria-valtorta\\\/#article\",\"isPartOf\":{\"@id\":\"https:\\\/\\\/www.rassegnastampa-totustuus.it\\\/cattolica\\\/lenigma-maria-valtorta\\\/\"},\"author\":{\"name\":\"Redazione\",\"@id\":\"https:\\\/\\\/www.rassegnastampa-totustuus.it\\\/cattolica\\\/#\\\/schema\\\/person\\\/08f319d2bd1a0904ad9e2bfb7b15e5c3\"},\"headline\":\"L&#8217;enigma Maria Valtorta\",\"datePublished\":\"2015-10-21T22:00:56+00:00\",\"mainEntityOfPage\":{\"@id\":\"https:\\\/\\\/www.rassegnastampa-totustuus.it\\\/cattolica\\\/lenigma-maria-valtorta\\\/\"},\"wordCount\":882,\"publisher\":{\"@id\":\"https:\\\/\\\/www.rassegnastampa-totustuus.it\\\/cattolica\\\/#organization\"},\"image\":{\"@id\":\"https:\\\/\\\/www.rassegnastampa-totustuus.it\\\/cattolica\\\/lenigma-maria-valtorta\\\/#primaryimage\"},\"thumbnailUrl\":\"https:\\\/\\\/www.rassegnastampa-totustuus.it\\\/cattolica\\\/wp-content\\\/uploads\\\/2015\\\/10\\\/Valtorta.jpg\",\"keywords\":[\"Maria Valtorta\"],\"articleSection\":[\"Chiesa\"],\"inLanguage\":\"it-IT\"},{\"@type\":\"WebPage\",\"@id\":\"https:\\\/\\\/www.rassegnastampa-totustuus.it\\\/cattolica\\\/lenigma-maria-valtorta\\\/\",\"url\":\"https:\\\/\\\/www.rassegnastampa-totustuus.it\\\/cattolica\\\/lenigma-maria-valtorta\\\/\",\"name\":\"L'enigma Maria Valtorta - Rassegna Stampa Cattolica\",\"isPartOf\":{\"@id\":\"https:\\\/\\\/www.rassegnastampa-totustuus.it\\\/cattolica\\\/#website\"},\"primaryImageOfPage\":{\"@id\":\"https:\\\/\\\/www.rassegnastampa-totustuus.it\\\/cattolica\\\/lenigma-maria-valtorta\\\/#primaryimage\"},\"image\":{\"@id\":\"https:\\\/\\\/www.rassegnastampa-totustuus.it\\\/cattolica\\\/lenigma-maria-valtorta\\\/#primaryimage\"},\"thumbnailUrl\":\"https:\\\/\\\/www.rassegnastampa-totustuus.it\\\/cattolica\\\/wp-content\\\/uploads\\\/2015\\\/10\\\/Valtorta.jpg\",\"datePublished\":\"2015-10-21T22:00:56+00:00\",\"description\":\"Rassegna Stampa Cattolica - Per una cultura che nasce dalla Rivelazione cristiana in conformit\u00e0 alla tradizione e al Magistero della Chiesa in opposizione ad ogni relativismo e totalitarismo\",\"breadcrumb\":{\"@id\":\"https:\\\/\\\/www.rassegnastampa-totustuus.it\\\/cattolica\\\/lenigma-maria-valtorta\\\/#breadcrumb\"},\"inLanguage\":\"it-IT\",\"potentialAction\":[{\"@type\":\"ReadAction\",\"target\":[\"https:\\\/\\\/www.rassegnastampa-totustuus.it\\\/cattolica\\\/lenigma-maria-valtorta\\\/\"]}]},{\"@type\":\"ImageObject\",\"inLanguage\":\"it-IT\",\"@id\":\"https:\\\/\\\/www.rassegnastampa-totustuus.it\\\/cattolica\\\/lenigma-maria-valtorta\\\/#primaryimage\",\"url\":\"https:\\\/\\\/www.rassegnastampa-totustuus.it\\\/cattolica\\\/wp-content\\\/uploads\\\/2015\\\/10\\\/Valtorta.jpg\",\"contentUrl\":\"https:\\\/\\\/www.rassegnastampa-totustuus.it\\\/cattolica\\\/wp-content\\\/uploads\\\/2015\\\/10\\\/Valtorta.jpg\",\"width\":247,\"height\":160},{\"@type\":\"BreadcrumbList\",\"@id\":\"https:\\\/\\\/www.rassegnastampa-totustuus.it\\\/cattolica\\\/lenigma-maria-valtorta\\\/#breadcrumb\",\"itemListElement\":[{\"@type\":\"ListItem\",\"position\":1,\"name\":\"Home\",\"item\":\"https:\\\/\\\/www.rassegnastampa-totustuus.it\\\/cattolica\\\/\"},{\"@type\":\"ListItem\",\"position\":2,\"name\":\"L&#8217;enigma Maria Valtorta\"}]},{\"@type\":\"WebSite\",\"@id\":\"https:\\\/\\\/www.rassegnastampa-totustuus.it\\\/cattolica\\\/#website\",\"url\":\"https:\\\/\\\/www.rassegnastampa-totustuus.it\\\/cattolica\\\/\",\"name\":\"Rassegna Stampa Cattolica\",\"description\":\"Per una cultura che nasce dalla Rivelazione cristiana in conformit\u00e0 alla tradizione e al Magistero della Chiesa in opposizione ad ogni relativismo e totalitarismo\",\"publisher\":{\"@id\":\"https:\\\/\\\/www.rassegnastampa-totustuus.it\\\/cattolica\\\/#organization\"},\"alternateName\":\"Rass. Cattolica\",\"potentialAction\":[{\"@type\":\"SearchAction\",\"target\":{\"@type\":\"EntryPoint\",\"urlTemplate\":\"https:\\\/\\\/www.rassegnastampa-totustuus.it\\\/cattolica\\\/?s={search_term_string}\"},\"query-input\":{\"@type\":\"PropertyValueSpecification\",\"valueRequired\":true,\"valueName\":\"search_term_string\"}}],\"inLanguage\":\"it-IT\"},{\"@type\":\"Organization\",\"@id\":\"https:\\\/\\\/www.rassegnastampa-totustuus.it\\\/cattolica\\\/#organization\",\"name\":\"Rassegna Stampa Cattolica\",\"url\":\"https:\\\/\\\/www.rassegnastampa-totustuus.it\\\/cattolica\\\/\",\"logo\":{\"@type\":\"ImageObject\",\"inLanguage\":\"it-IT\",\"@id\":\"https:\\\/\\\/www.rassegnastampa-totustuus.it\\\/cattolica\\\/#\\\/schema\\\/logo\\\/image\\\/\",\"url\":\"https:\\\/\\\/www.rassegnastampa-totustuus.it\\\/cattolica\\\/wp-content\\\/uploads\\\/2014\\\/04\\\/logo-rassegna1.gif\",\"contentUrl\":\"https:\\\/\\\/www.rassegnastampa-totustuus.it\\\/cattolica\\\/wp-content\\\/uploads\\\/2014\\\/04\\\/logo-rassegna1.gif\",\"width\":600,\"height\":163,\"caption\":\"Rassegna Stampa Cattolica\"},\"image\":{\"@id\":\"https:\\\/\\\/www.rassegnastampa-totustuus.it\\\/cattolica\\\/#\\\/schema\\\/logo\\\/image\\\/\"},\"sameAs\":[\"https:\\\/\\\/www.facebook.com\\\/rassegnastampacattolica\",\"https:\\\/\\\/x.com\\\/rassegnastampa9\"]},{\"@type\":\"Person\",\"@id\":\"https:\\\/\\\/www.rassegnastampa-totustuus.it\\\/cattolica\\\/#\\\/schema\\\/person\\\/08f319d2bd1a0904ad9e2bfb7b15e5c3\",\"name\":\"Redazione\",\"image\":{\"@type\":\"ImageObject\",\"inLanguage\":\"it-IT\",\"@id\":\"https:\\\/\\\/secure.gravatar.com\\\/avatar\\\/2fcdf27c78ea025fbdb44e914cc63c72249ffec9dc8aafd5c82b26240ef3f346?s=96&d=mm&r=g\",\"url\":\"https:\\\/\\\/secure.gravatar.com\\\/avatar\\\/2fcdf27c78ea025fbdb44e914cc63c72249ffec9dc8aafd5c82b26240ef3f346?s=96&d=mm&r=g\",\"contentUrl\":\"https:\\\/\\\/secure.gravatar.com\\\/avatar\\\/2fcdf27c78ea025fbdb44e914cc63c72249ffec9dc8aafd5c82b26240ef3f346?s=96&d=mm&r=g\",\"caption\":\"Redazione\"},\"url\":\"https:\\\/\\\/www.rassegnastampa-totustuus.it\\\/cattolica\\\/author\\\/pietroelle\\\/\"}]}<\/script>\n<!-- \/ Yoast SEO plugin. -->","yoast_head_json":{"title":"L'enigma Maria Valtorta - Rassegna Stampa Cattolica","description":"Rassegna Stampa Cattolica - Per una cultura che nasce dalla Rivelazione cristiana in conformit\u00e0 alla tradizione e al Magistero della Chiesa in opposizione ad ogni relativismo e totalitarismo","robots":{"index":"index","follow":"follow","max-snippet":"max-snippet:-1","max-image-preview":"max-image-preview:large","max-video-preview":"max-video-preview:-1"},"canonical":"https:\/\/www.rassegnastampa-totustuus.it\/cattolica\/lenigma-maria-valtorta\/","og_locale":"it_IT","og_type":"article","og_title":"L'enigma Maria Valtorta - Rassegna Stampa Cattolica","og_description":"Rassegna Stampa Cattolica - Per una cultura che nasce dalla Rivelazione cristiana in conformit\u00e0 alla tradizione e al Magistero della Chiesa in opposizione ad ogni relativismo e totalitarismo","og_url":"https:\/\/www.rassegnastampa-totustuus.it\/cattolica\/lenigma-maria-valtorta\/","og_site_name":"Rassegna Stampa Cattolica","article_publisher":"https:\/\/www.facebook.com\/rassegnastampacattolica","article_published_time":"2015-10-21T22:00:56+00:00","og_image":[{"width":247,"height":160,"url":"https:\/\/www.rassegnastampa-totustuus.it\/cattolica\/wp-content\/uploads\/2015\/10\/Valtorta.jpg","type":"image\/jpeg"}],"author":"Redazione","twitter_card":"summary_large_image","twitter_creator":"@rassegnastampa9","twitter_site":"@rassegnastampa9","twitter_misc":{"Scritto da":"Redazione","Tempo di lettura stimato":"4 minuti"},"schema":{"@context":"https:\/\/schema.org","@graph":[{"@type":"Article","@id":"https:\/\/www.rassegnastampa-totustuus.it\/cattolica\/lenigma-maria-valtorta\/#article","isPartOf":{"@id":"https:\/\/www.rassegnastampa-totustuus.it\/cattolica\/lenigma-maria-valtorta\/"},"author":{"name":"Redazione","@id":"https:\/\/www.rassegnastampa-totustuus.it\/cattolica\/#\/schema\/person\/08f319d2bd1a0904ad9e2bfb7b15e5c3"},"headline":"L&#8217;enigma Maria Valtorta","datePublished":"2015-10-21T22:00:56+00:00","mainEntityOfPage":{"@id":"https:\/\/www.rassegnastampa-totustuus.it\/cattolica\/lenigma-maria-valtorta\/"},"wordCount":882,"publisher":{"@id":"https:\/\/www.rassegnastampa-totustuus.it\/cattolica\/#organization"},"image":{"@id":"https:\/\/www.rassegnastampa-totustuus.it\/cattolica\/lenigma-maria-valtorta\/#primaryimage"},"thumbnailUrl":"https:\/\/www.rassegnastampa-totustuus.it\/cattolica\/wp-content\/uploads\/2015\/10\/Valtorta.jpg","keywords":["Maria Valtorta"],"articleSection":["Chiesa"],"inLanguage":"it-IT"},{"@type":"WebPage","@id":"https:\/\/www.rassegnastampa-totustuus.it\/cattolica\/lenigma-maria-valtorta\/","url":"https:\/\/www.rassegnastampa-totustuus.it\/cattolica\/lenigma-maria-valtorta\/","name":"L'enigma Maria Valtorta - Rassegna Stampa Cattolica","isPartOf":{"@id":"https:\/\/www.rassegnastampa-totustuus.it\/cattolica\/#website"},"primaryImageOfPage":{"@id":"https:\/\/www.rassegnastampa-totustuus.it\/cattolica\/lenigma-maria-valtorta\/#primaryimage"},"image":{"@id":"https:\/\/www.rassegnastampa-totustuus.it\/cattolica\/lenigma-maria-valtorta\/#primaryimage"},"thumbnailUrl":"https:\/\/www.rassegnastampa-totustuus.it\/cattolica\/wp-content\/uploads\/2015\/10\/Valtorta.jpg","datePublished":"2015-10-21T22:00:56+00:00","description":"Rassegna Stampa Cattolica - Per una cultura che nasce dalla Rivelazione cristiana in conformit\u00e0 alla tradizione e al Magistero della Chiesa in opposizione ad ogni relativismo e totalitarismo","breadcrumb":{"@id":"https:\/\/www.rassegnastampa-totustuus.it\/cattolica\/lenigma-maria-valtorta\/#breadcrumb"},"inLanguage":"it-IT","potentialAction":[{"@type":"ReadAction","target":["https:\/\/www.rassegnastampa-totustuus.it\/cattolica\/lenigma-maria-valtorta\/"]}]},{"@type":"ImageObject","inLanguage":"it-IT","@id":"https:\/\/www.rassegnastampa-totustuus.it\/cattolica\/lenigma-maria-valtorta\/#primaryimage","url":"https:\/\/www.rassegnastampa-totustuus.it\/cattolica\/wp-content\/uploads\/2015\/10\/Valtorta.jpg","contentUrl":"https:\/\/www.rassegnastampa-totustuus.it\/cattolica\/wp-content\/uploads\/2015\/10\/Valtorta.jpg","width":247,"height":160},{"@type":"BreadcrumbList","@id":"https:\/\/www.rassegnastampa-totustuus.it\/cattolica\/lenigma-maria-valtorta\/#breadcrumb","itemListElement":[{"@type":"ListItem","position":1,"name":"Home","item":"https:\/\/www.rassegnastampa-totustuus.it\/cattolica\/"},{"@type":"ListItem","position":2,"name":"L&#8217;enigma Maria Valtorta"}]},{"@type":"WebSite","@id":"https:\/\/www.rassegnastampa-totustuus.it\/cattolica\/#website","url":"https:\/\/www.rassegnastampa-totustuus.it\/cattolica\/","name":"Rassegna Stampa Cattolica","description":"Per una cultura che nasce dalla Rivelazione cristiana in conformit\u00e0 alla tradizione e al Magistero della Chiesa in opposizione ad ogni relativismo e totalitarismo","publisher":{"@id":"https:\/\/www.rassegnastampa-totustuus.it\/cattolica\/#organization"},"alternateName":"Rass. Cattolica","potentialAction":[{"@type":"SearchAction","target":{"@type":"EntryPoint","urlTemplate":"https:\/\/www.rassegnastampa-totustuus.it\/cattolica\/?s={search_term_string}"},"query-input":{"@type":"PropertyValueSpecification","valueRequired":true,"valueName":"search_term_string"}}],"inLanguage":"it-IT"},{"@type":"Organization","@id":"https:\/\/www.rassegnastampa-totustuus.it\/cattolica\/#organization","name":"Rassegna Stampa Cattolica","url":"https:\/\/www.rassegnastampa-totustuus.it\/cattolica\/","logo":{"@type":"ImageObject","inLanguage":"it-IT","@id":"https:\/\/www.rassegnastampa-totustuus.it\/cattolica\/#\/schema\/logo\/image\/","url":"https:\/\/www.rassegnastampa-totustuus.it\/cattolica\/wp-content\/uploads\/2014\/04\/logo-rassegna1.gif","contentUrl":"https:\/\/www.rassegnastampa-totustuus.it\/cattolica\/wp-content\/uploads\/2014\/04\/logo-rassegna1.gif","width":600,"height":163,"caption":"Rassegna Stampa Cattolica"},"image":{"@id":"https:\/\/www.rassegnastampa-totustuus.it\/cattolica\/#\/schema\/logo\/image\/"},"sameAs":["https:\/\/www.facebook.com\/rassegnastampacattolica","https:\/\/x.com\/rassegnastampa9"]},{"@type":"Person","@id":"https:\/\/www.rassegnastampa-totustuus.it\/cattolica\/#\/schema\/person\/08f319d2bd1a0904ad9e2bfb7b15e5c3","name":"Redazione","image":{"@type":"ImageObject","inLanguage":"it-IT","@id":"https:\/\/secure.gravatar.com\/avatar\/2fcdf27c78ea025fbdb44e914cc63c72249ffec9dc8aafd5c82b26240ef3f346?s=96&d=mm&r=g","url":"https:\/\/secure.gravatar.com\/avatar\/2fcdf27c78ea025fbdb44e914cc63c72249ffec9dc8aafd5c82b26240ef3f346?s=96&d=mm&r=g","contentUrl":"https:\/\/secure.gravatar.com\/avatar\/2fcdf27c78ea025fbdb44e914cc63c72249ffec9dc8aafd5c82b26240ef3f346?s=96&d=mm&r=g","caption":"Redazione"},"url":"https:\/\/www.rassegnastampa-totustuus.it\/cattolica\/author\/pietroelle\/"}]}},"_links":{"self":[{"href":"https:\/\/www.rassegnastampa-totustuus.it\/cattolica\/wp-json\/wp\/v2\/posts\/27019","targetHints":{"allow":["GET"]}}],"collection":[{"href":"https:\/\/www.rassegnastampa-totustuus.it\/cattolica\/wp-json\/wp\/v2\/posts"}],"about":[{"href":"https:\/\/www.rassegnastampa-totustuus.it\/cattolica\/wp-json\/wp\/v2\/types\/post"}],"author":[{"embeddable":true,"href":"https:\/\/www.rassegnastampa-totustuus.it\/cattolica\/wp-json\/wp\/v2\/users\/6"}],"replies":[{"embeddable":true,"href":"https:\/\/www.rassegnastampa-totustuus.it\/cattolica\/wp-json\/wp\/v2\/comments?post=27019"}],"version-history":[{"count":1,"href":"https:\/\/www.rassegnastampa-totustuus.it\/cattolica\/wp-json\/wp\/v2\/posts\/27019\/revisions"}],"predecessor-version":[{"id":27023,"href":"https:\/\/www.rassegnastampa-totustuus.it\/cattolica\/wp-json\/wp\/v2\/posts\/27019\/revisions\/27023"}],"wp:featuredmedia":[{"embeddable":true,"href":"https:\/\/www.rassegnastampa-totustuus.it\/cattolica\/wp-json\/wp\/v2\/media\/27020"}],"wp:attachment":[{"href":"https:\/\/www.rassegnastampa-totustuus.it\/cattolica\/wp-json\/wp\/v2\/media?parent=27019"}],"wp:term":[{"taxonomy":"category","embeddable":true,"href":"https:\/\/www.rassegnastampa-totustuus.it\/cattolica\/wp-json\/wp\/v2\/categories?post=27019"},{"taxonomy":"post_tag","embeddable":true,"href":"https:\/\/www.rassegnastampa-totustuus.it\/cattolica\/wp-json\/wp\/v2\/tags?post=27019"}],"curies":[{"name":"wp","href":"https:\/\/api.w.org\/{rel}","templated":true}]}}