{"id":27004,"date":"2015-10-15T00:00:02","date_gmt":"2015-10-14T22:00:02","guid":{"rendered":"http:\/\/www.rassegnastampa-totustuus.it\/cattolica\/?p=27004"},"modified":"2018-10-05T10:30:18","modified_gmt":"2018-10-05T08:30:18","slug":"cosi-le-simil-nozze-portano-ad-adozione-e-utero-in-affitto","status":"publish","type":"post","link":"https:\/\/www.rassegnastampa-totustuus.it\/cattolica\/cosi-le-simil-nozze-portano-ad-adozione-e-utero-in-affitto\/","title":{"rendered":"Cos\u00ec le simil-nozze portano ad adozione e utero in affitto"},"content":{"rendered":"<p style=\"text-align: center;\"><strong><a href=\"https:\/\/www.rassegnastampa-totustuus.it\/cattolica\/wp-content\/uploads\/2015\/10\/adozioni-gay1.jpg\"><img loading=\"lazy\" decoding=\"async\" class=\"alignright wp-image-27005\" src=\"https:\/\/www.rassegnastampa-totustuus.it\/cattolica\/wp-content\/uploads\/2015\/10\/adozioni-gay1.jpg\" alt=\"adozioni gay\" width=\"250\" height=\"167\" \/><\/a>Avvenire<\/strong> 9 ottobre 2015 \u2013 lettere al direttore<\/p>\n<p style=\"text-align: justify;\"><em>I divieti previsti diventerebbero subito discriminazioni che le Corti europee cancellerebbero<\/em><\/p>\n<p style=\"text-align: justify;\"><!--more--><\/p>\n<p>Caro direttore,<\/p>\n<p style=\"text-align: justify;\">i precedenti non mancano. Il pi\u00f9 emblematico \u00e8 quello della legge 194\/1978 sulla \u00abinterruzione volontaria della gravidanza\u00bb; il comma 1 del suo art. 1 recita testualmente che \u00ablo Stalo (&#8230;) riconosce il valore sociale della maternit\u00e0 e tutela la vita umana dal suo inizio\u00bb. Peccato che poi il resto della legge disciplini l&#8217;aborto su richiesta, quindi neghi \u00abla vita umana dal suo inizio\u00bb, e vada in senso contrario al \u00abvalore sociale della maternit\u00e0\u00bb, permettendo di sopprimere \u00ablegalmente\u00bb colui\/colei che rende madre una donna.<\/p>\n<p style=\"text-align: justify;\">Con la nuova &#8211; si fa per dire &#8211; ipotesi di testo sulle unioni civili la scena rischia di ripetersi: l&#8217;art. 1, recependo l&#8217;emendamento di un gruppo di senatori del Pd, qualifica l&#8217;unione fra persone dello stesso sesso come \u00abspecifica formazione sociale\u00bb per di\u00adstinguerla dalla famiglia fondata sul matrimonio; ma poi il testo individua un regime in larghissima parte sovrapponibile a quello del matrimonio e pone le condizioni perch\u00e9 in breve tempo l&#8217;assimilazione sia integrale.<\/p>\n<p style=\"text-align: justify;\">Cos\u00ec, infatti, quello che oggi manca sar\u00e0 completato da chi arriver\u00e0 per prima fra le due Corti europee: esse finora hanno sempre scritto che &#8211; salvi i diritti essenziali &#8211; ciascuno Stato ha piena autonomia nel normare i conviventi e i coniugi in modo distinto o eguale; se per\u00f2 un ordinamento di fatto pari fica la disciplina delle convivenze a quelle delle coppie sposate, diventa discriminatorio escludere per le prime ci\u00f2 che si prevede per le seconde.<\/p>\n<p style=\"text-align: justify;\">Non sappiamo ancora quale sar\u00e0 il testo su cui si esprimer\u00e0 il Senato. Ma sappiamo che nel testo, cos\u00ec com&#8217;\u00e8, la prima applicazione concreta riguarderebbe i figli: oggi infatti il ddl sulle unioni civili rilancia la stepchild adtption, cio\u00e8 la possibilit\u00e0 per il convivente dello stesso sesso di diventare genitore adottivo del figlio biologico del partner. Se si aprir\u00e0 davvero questa strada, domani sar\u00e0 necessario rimuovere la &#8220;discriminazione&#8221;: finora la stepchild adoption, nelle rare sentenze di tribunali italiani che l&#8217;hanno riconosciuta, ha riguardato l&#8217;unione civile costituita da due donne; ma perch\u00e9 mai non dovrebbe interessare anche due uomini conviventi? E come realizzarla?<\/p>\n<p style=\"text-align: justify;\">Legittimando la coppia dello stesso sesso alla domanda di adozione di figli estranei alla coppia; ovvero &#8211; ma non in alternativa &#8211; permettendo di &#8220;commissionare&#8221; i figli a una donna destinataria del seme di uno dei due o di entrambi. L&#8217;utero in affitto sarebbe lo sviluppo coerente del ddl; chi &#8211; fra i sostenitori del testo &#8211; nega sdegnosamente questa prospettiva e chiama in causa il divieto gi\u00e0 contenuto nella legge sulla fecondazione artificiale non considera che pi\u00f9 d&#8217;un giudice &#8211; da ultimo, il Gip di Napoli &#8211; ha scritto in sentenza che quella preclusione \u00e8 aggirabile &#8220;legalmente&#8221; se l&#8217;utero \u00e8 stato &#8220;affittato&#8221; fuori dai confini nazionali.<\/p>\n<p style=\"text-align: justify;\">Un gruppo di senatori di Area Popolare e di Forza Italia hanno proposto una riscrittura &#8220;rinforzata&#8221; del divieto: in Commissione \u00e8 stata bocciata, a conferma che i promotori delle unioni civili negano l&#8217;utero in affitto a parole, ma non lo respingono nei fatti. Arrivare nell&#8217;aula del Senato imponendo un testo che contiene perfino qualcosa di pi\u00f9 rispetto a quanto finora discusso &#8211; per esempio la riconoscibilit\u00e0 dei matrimoni gay contratti all&#8217;estero &#8211; avrebbe il significato dell&#8217;arroganza ideologica.<\/p>\n<p style=\"text-align: justify;\">Se la preoccupazione fosse di mettere in chiaro, uno dietro l&#8217;altro, i numerosi diritti riconosciuti ai componenti di una convivenza, a prescindere dal sesso, si iscriverebbe all&#8217;ordine del giorno il testo unico Sacconi-Pagano, che fa emergere tutto quel che gi\u00e0 esiste nell&#8217;ordinamento: costituirebbe un punto di arrivo rassicurante e non incontrerebbe opposizione da parte di nessuna persona ragionevole.<\/p>\n<p style=\"text-align: justify;\"><strong>Alfredo Mantovano<\/strong><\/p>\n<p><em>vicepresidente del Centro studi Levatino<\/em><\/p>\n<p><strong>Massimo Introvigne<\/strong><\/p>\n<p><em>presidente del Comitato S\u00ec alla famiglia<\/em><\/p>\n<p>&nbsp;<\/p>\n","protected":false},"excerpt":{"rendered":"<p>Avvenire 9 ottobre 2015 \u2013 lettere al direttore I divieti previsti diventerebbero subito discriminazioni che le Corti europee cancellerebbero<\/p><p><a class=\"more-link btn\" href=\"https:\/\/www.rassegnastampa-totustuus.it\/cattolica\/cosi-le-simil-nozze-portano-ad-adozione-e-utero-in-affitto\/\">Continua a leggere<\/a><\/p>\n","protected":false},"author":6,"featured_media":27005,"comment_status":"closed","ping_status":"closed","sticky":false,"template":"","format":"standard","meta":{"footnotes":""},"categories":[10,15,48,2697],"tags":[602,2357],"class_list":["post-27004","post","type-post","status-publish","format-standard","has-post-thumbnail","hentry","category-diritto","category-famiglia","category-omosessualit","category-utero-in-affitto","tag-adozioni-gay","tag-maternita-surrogata","item-wrap"],"yoast_head":"<!-- This site is optimized with the Yoast SEO plugin v27.5 - https:\/\/yoast.com\/product\/yoast-seo-wordpress\/ -->\n<title>Cos\u00ec le simil-nozze portano ad adozione e utero in affitto - Rassegna Stampa Cattolica<\/title>\n<meta name=\"description\" content=\"Rassegna Stampa Cattolica - Per una cultura che nasce dalla Rivelazione cristiana in conformit\u00e0 alla tradizione e al Magistero della Chiesa in opposizione ad ogni relativismo e totalitarismo\" \/>\n<meta name=\"robots\" content=\"index, follow, max-snippet:-1, max-image-preview:large, max-video-preview:-1\" \/>\n<link rel=\"canonical\" href=\"https:\/\/www.rassegnastampa-totustuus.it\/cattolica\/cosi-le-simil-nozze-portano-ad-adozione-e-utero-in-affitto\/\" \/>\n<meta property=\"og:locale\" content=\"it_IT\" \/>\n<meta property=\"og:type\" content=\"article\" \/>\n<meta property=\"og:title\" content=\"Cos\u00ec le simil-nozze portano ad adozione e utero in affitto - Rassegna Stampa Cattolica\" \/>\n<meta property=\"og:description\" content=\"Rassegna Stampa Cattolica - Per una cultura che nasce dalla Rivelazione cristiana in conformit\u00e0 alla tradizione e al Magistero della Chiesa in opposizione ad ogni relativismo e totalitarismo\" \/>\n<meta property=\"og:url\" content=\"https:\/\/www.rassegnastampa-totustuus.it\/cattolica\/cosi-le-simil-nozze-portano-ad-adozione-e-utero-in-affitto\/\" \/>\n<meta property=\"og:site_name\" content=\"Rassegna Stampa Cattolica\" \/>\n<meta property=\"article:publisher\" content=\"https:\/\/www.facebook.com\/rassegnastampacattolica\" \/>\n<meta property=\"article:published_time\" content=\"2015-10-14T22:00:02+00:00\" \/>\n<meta property=\"article:modified_time\" content=\"2018-10-05T08:30:18+00:00\" \/>\n<meta property=\"og:image\" content=\"https:\/\/www.rassegnastampa-totustuus.it\/cattolica\/wp-content\/uploads\/2015\/10\/adozioni-gay1.jpg\" \/>\n\t<meta property=\"og:image:width\" content=\"275\" \/>\n\t<meta property=\"og:image:height\" content=\"184\" \/>\n\t<meta property=\"og:image:type\" content=\"image\/jpeg\" \/>\n<meta name=\"author\" content=\"Redazione\" \/>\n<meta name=\"twitter:card\" content=\"summary_large_image\" \/>\n<meta name=\"twitter:creator\" content=\"@rassegnastampa9\" \/>\n<meta name=\"twitter:site\" content=\"@rassegnastampa9\" \/>\n<meta name=\"twitter:label1\" content=\"Scritto da\" \/>\n\t<meta name=\"twitter:data1\" content=\"Redazione\" \/>\n\t<meta name=\"twitter:label2\" content=\"Tempo di lettura stimato\" \/>\n\t<meta name=\"twitter:data2\" content=\"3 minuti\" \/>\n<script type=\"application\/ld+json\" class=\"yoast-schema-graph\">{\"@context\":\"https:\\\/\\\/schema.org\",\"@graph\":[{\"@type\":\"Article\",\"@id\":\"https:\\\/\\\/www.rassegnastampa-totustuus.it\\\/cattolica\\\/cosi-le-simil-nozze-portano-ad-adozione-e-utero-in-affitto\\\/#article\",\"isPartOf\":{\"@id\":\"https:\\\/\\\/www.rassegnastampa-totustuus.it\\\/cattolica\\\/cosi-le-simil-nozze-portano-ad-adozione-e-utero-in-affitto\\\/\"},\"author\":{\"name\":\"Redazione\",\"@id\":\"https:\\\/\\\/www.rassegnastampa-totustuus.it\\\/cattolica\\\/#\\\/schema\\\/person\\\/08f319d2bd1a0904ad9e2bfb7b15e5c3\"},\"headline\":\"Cos\u00ec le simil-nozze portano ad adozione e utero in affitto\",\"datePublished\":\"2015-10-14T22:00:02+00:00\",\"dateModified\":\"2018-10-05T08:30:18+00:00\",\"mainEntityOfPage\":{\"@id\":\"https:\\\/\\\/www.rassegnastampa-totustuus.it\\\/cattolica\\\/cosi-le-simil-nozze-portano-ad-adozione-e-utero-in-affitto\\\/\"},\"wordCount\":633,\"publisher\":{\"@id\":\"https:\\\/\\\/www.rassegnastampa-totustuus.it\\\/cattolica\\\/#organization\"},\"image\":{\"@id\":\"https:\\\/\\\/www.rassegnastampa-totustuus.it\\\/cattolica\\\/cosi-le-simil-nozze-portano-ad-adozione-e-utero-in-affitto\\\/#primaryimage\"},\"thumbnailUrl\":\"https:\\\/\\\/www.rassegnastampa-totustuus.it\\\/cattolica\\\/wp-content\\\/uploads\\\/2015\\\/10\\\/adozioni-gay1.jpg\",\"keywords\":[\"adozioni gay\",\"maternit\u00e0 surrogata\"],\"articleSection\":[\"Diritto\",\"Famiglia\",\"Omosessualit&agrave;\",\"Utero in affitto\"],\"inLanguage\":\"it-IT\"},{\"@type\":\"WebPage\",\"@id\":\"https:\\\/\\\/www.rassegnastampa-totustuus.it\\\/cattolica\\\/cosi-le-simil-nozze-portano-ad-adozione-e-utero-in-affitto\\\/\",\"url\":\"https:\\\/\\\/www.rassegnastampa-totustuus.it\\\/cattolica\\\/cosi-le-simil-nozze-portano-ad-adozione-e-utero-in-affitto\\\/\",\"name\":\"Cos\u00ec le simil-nozze portano ad adozione e utero in affitto - Rassegna Stampa Cattolica\",\"isPartOf\":{\"@id\":\"https:\\\/\\\/www.rassegnastampa-totustuus.it\\\/cattolica\\\/#website\"},\"primaryImageOfPage\":{\"@id\":\"https:\\\/\\\/www.rassegnastampa-totustuus.it\\\/cattolica\\\/cosi-le-simil-nozze-portano-ad-adozione-e-utero-in-affitto\\\/#primaryimage\"},\"image\":{\"@id\":\"https:\\\/\\\/www.rassegnastampa-totustuus.it\\\/cattolica\\\/cosi-le-simil-nozze-portano-ad-adozione-e-utero-in-affitto\\\/#primaryimage\"},\"thumbnailUrl\":\"https:\\\/\\\/www.rassegnastampa-totustuus.it\\\/cattolica\\\/wp-content\\\/uploads\\\/2015\\\/10\\\/adozioni-gay1.jpg\",\"datePublished\":\"2015-10-14T22:00:02+00:00\",\"dateModified\":\"2018-10-05T08:30:18+00:00\",\"description\":\"Rassegna Stampa Cattolica - Per una cultura che nasce dalla Rivelazione cristiana in conformit\u00e0 alla tradizione e al Magistero della Chiesa in opposizione ad ogni relativismo e totalitarismo\",\"breadcrumb\":{\"@id\":\"https:\\\/\\\/www.rassegnastampa-totustuus.it\\\/cattolica\\\/cosi-le-simil-nozze-portano-ad-adozione-e-utero-in-affitto\\\/#breadcrumb\"},\"inLanguage\":\"it-IT\",\"potentialAction\":[{\"@type\":\"ReadAction\",\"target\":[\"https:\\\/\\\/www.rassegnastampa-totustuus.it\\\/cattolica\\\/cosi-le-simil-nozze-portano-ad-adozione-e-utero-in-affitto\\\/\"]}]},{\"@type\":\"ImageObject\",\"inLanguage\":\"it-IT\",\"@id\":\"https:\\\/\\\/www.rassegnastampa-totustuus.it\\\/cattolica\\\/cosi-le-simil-nozze-portano-ad-adozione-e-utero-in-affitto\\\/#primaryimage\",\"url\":\"https:\\\/\\\/www.rassegnastampa-totustuus.it\\\/cattolica\\\/wp-content\\\/uploads\\\/2015\\\/10\\\/adozioni-gay1.jpg\",\"contentUrl\":\"https:\\\/\\\/www.rassegnastampa-totustuus.it\\\/cattolica\\\/wp-content\\\/uploads\\\/2015\\\/10\\\/adozioni-gay1.jpg\",\"width\":275,\"height\":184},{\"@type\":\"BreadcrumbList\",\"@id\":\"https:\\\/\\\/www.rassegnastampa-totustuus.it\\\/cattolica\\\/cosi-le-simil-nozze-portano-ad-adozione-e-utero-in-affitto\\\/#breadcrumb\",\"itemListElement\":[{\"@type\":\"ListItem\",\"position\":1,\"name\":\"Home\",\"item\":\"https:\\\/\\\/www.rassegnastampa-totustuus.it\\\/cattolica\\\/\"},{\"@type\":\"ListItem\",\"position\":2,\"name\":\"Cos\u00ec le simil-nozze portano ad adozione e utero in affitto\"}]},{\"@type\":\"WebSite\",\"@id\":\"https:\\\/\\\/www.rassegnastampa-totustuus.it\\\/cattolica\\\/#website\",\"url\":\"https:\\\/\\\/www.rassegnastampa-totustuus.it\\\/cattolica\\\/\",\"name\":\"Rassegna Stampa Cattolica\",\"description\":\"Per una cultura che nasce dalla Rivelazione cristiana in conformit\u00e0 alla tradizione e al Magistero della Chiesa in opposizione ad ogni relativismo e totalitarismo\",\"publisher\":{\"@id\":\"https:\\\/\\\/www.rassegnastampa-totustuus.it\\\/cattolica\\\/#organization\"},\"alternateName\":\"Rass. Cattolica\",\"potentialAction\":[{\"@type\":\"SearchAction\",\"target\":{\"@type\":\"EntryPoint\",\"urlTemplate\":\"https:\\\/\\\/www.rassegnastampa-totustuus.it\\\/cattolica\\\/?s={search_term_string}\"},\"query-input\":{\"@type\":\"PropertyValueSpecification\",\"valueRequired\":true,\"valueName\":\"search_term_string\"}}],\"inLanguage\":\"it-IT\"},{\"@type\":\"Organization\",\"@id\":\"https:\\\/\\\/www.rassegnastampa-totustuus.it\\\/cattolica\\\/#organization\",\"name\":\"Rassegna Stampa Cattolica\",\"url\":\"https:\\\/\\\/www.rassegnastampa-totustuus.it\\\/cattolica\\\/\",\"logo\":{\"@type\":\"ImageObject\",\"inLanguage\":\"it-IT\",\"@id\":\"https:\\\/\\\/www.rassegnastampa-totustuus.it\\\/cattolica\\\/#\\\/schema\\\/logo\\\/image\\\/\",\"url\":\"https:\\\/\\\/www.rassegnastampa-totustuus.it\\\/cattolica\\\/wp-content\\\/uploads\\\/2014\\\/04\\\/logo-rassegna1.gif\",\"contentUrl\":\"https:\\\/\\\/www.rassegnastampa-totustuus.it\\\/cattolica\\\/wp-content\\\/uploads\\\/2014\\\/04\\\/logo-rassegna1.gif\",\"width\":600,\"height\":163,\"caption\":\"Rassegna Stampa Cattolica\"},\"image\":{\"@id\":\"https:\\\/\\\/www.rassegnastampa-totustuus.it\\\/cattolica\\\/#\\\/schema\\\/logo\\\/image\\\/\"},\"sameAs\":[\"https:\\\/\\\/www.facebook.com\\\/rassegnastampacattolica\",\"https:\\\/\\\/x.com\\\/rassegnastampa9\"]},{\"@type\":\"Person\",\"@id\":\"https:\\\/\\\/www.rassegnastampa-totustuus.it\\\/cattolica\\\/#\\\/schema\\\/person\\\/08f319d2bd1a0904ad9e2bfb7b15e5c3\",\"name\":\"Redazione\",\"image\":{\"@type\":\"ImageObject\",\"inLanguage\":\"it-IT\",\"@id\":\"https:\\\/\\\/secure.gravatar.com\\\/avatar\\\/2fcdf27c78ea025fbdb44e914cc63c72249ffec9dc8aafd5c82b26240ef3f346?s=96&d=mm&r=g\",\"url\":\"https:\\\/\\\/secure.gravatar.com\\\/avatar\\\/2fcdf27c78ea025fbdb44e914cc63c72249ffec9dc8aafd5c82b26240ef3f346?s=96&d=mm&r=g\",\"contentUrl\":\"https:\\\/\\\/secure.gravatar.com\\\/avatar\\\/2fcdf27c78ea025fbdb44e914cc63c72249ffec9dc8aafd5c82b26240ef3f346?s=96&d=mm&r=g\",\"caption\":\"Redazione\"},\"url\":\"https:\\\/\\\/www.rassegnastampa-totustuus.it\\\/cattolica\\\/author\\\/pietroelle\\\/\"}]}<\/script>\n<!-- \/ Yoast SEO plugin. -->","yoast_head_json":{"title":"Cos\u00ec le simil-nozze portano ad adozione e utero in affitto - Rassegna Stampa Cattolica","description":"Rassegna Stampa Cattolica - Per una cultura che nasce dalla Rivelazione cristiana in conformit\u00e0 alla tradizione e al Magistero della Chiesa in opposizione ad ogni relativismo e totalitarismo","robots":{"index":"index","follow":"follow","max-snippet":"max-snippet:-1","max-image-preview":"max-image-preview:large","max-video-preview":"max-video-preview:-1"},"canonical":"https:\/\/www.rassegnastampa-totustuus.it\/cattolica\/cosi-le-simil-nozze-portano-ad-adozione-e-utero-in-affitto\/","og_locale":"it_IT","og_type":"article","og_title":"Cos\u00ec le simil-nozze portano ad adozione e utero in affitto - Rassegna Stampa Cattolica","og_description":"Rassegna Stampa Cattolica - Per una cultura che nasce dalla Rivelazione cristiana in conformit\u00e0 alla tradizione e al Magistero della Chiesa in opposizione ad ogni relativismo e totalitarismo","og_url":"https:\/\/www.rassegnastampa-totustuus.it\/cattolica\/cosi-le-simil-nozze-portano-ad-adozione-e-utero-in-affitto\/","og_site_name":"Rassegna Stampa Cattolica","article_publisher":"https:\/\/www.facebook.com\/rassegnastampacattolica","article_published_time":"2015-10-14T22:00:02+00:00","article_modified_time":"2018-10-05T08:30:18+00:00","og_image":[{"width":275,"height":184,"url":"https:\/\/www.rassegnastampa-totustuus.it\/cattolica\/wp-content\/uploads\/2015\/10\/adozioni-gay1.jpg","type":"image\/jpeg"}],"author":"Redazione","twitter_card":"summary_large_image","twitter_creator":"@rassegnastampa9","twitter_site":"@rassegnastampa9","twitter_misc":{"Scritto da":"Redazione","Tempo di lettura stimato":"3 minuti"},"schema":{"@context":"https:\/\/schema.org","@graph":[{"@type":"Article","@id":"https:\/\/www.rassegnastampa-totustuus.it\/cattolica\/cosi-le-simil-nozze-portano-ad-adozione-e-utero-in-affitto\/#article","isPartOf":{"@id":"https:\/\/www.rassegnastampa-totustuus.it\/cattolica\/cosi-le-simil-nozze-portano-ad-adozione-e-utero-in-affitto\/"},"author":{"name":"Redazione","@id":"https:\/\/www.rassegnastampa-totustuus.it\/cattolica\/#\/schema\/person\/08f319d2bd1a0904ad9e2bfb7b15e5c3"},"headline":"Cos\u00ec le simil-nozze portano ad adozione e utero in affitto","datePublished":"2015-10-14T22:00:02+00:00","dateModified":"2018-10-05T08:30:18+00:00","mainEntityOfPage":{"@id":"https:\/\/www.rassegnastampa-totustuus.it\/cattolica\/cosi-le-simil-nozze-portano-ad-adozione-e-utero-in-affitto\/"},"wordCount":633,"publisher":{"@id":"https:\/\/www.rassegnastampa-totustuus.it\/cattolica\/#organization"},"image":{"@id":"https:\/\/www.rassegnastampa-totustuus.it\/cattolica\/cosi-le-simil-nozze-portano-ad-adozione-e-utero-in-affitto\/#primaryimage"},"thumbnailUrl":"https:\/\/www.rassegnastampa-totustuus.it\/cattolica\/wp-content\/uploads\/2015\/10\/adozioni-gay1.jpg","keywords":["adozioni gay","maternit\u00e0 surrogata"],"articleSection":["Diritto","Famiglia","Omosessualit&agrave;","Utero in affitto"],"inLanguage":"it-IT"},{"@type":"WebPage","@id":"https:\/\/www.rassegnastampa-totustuus.it\/cattolica\/cosi-le-simil-nozze-portano-ad-adozione-e-utero-in-affitto\/","url":"https:\/\/www.rassegnastampa-totustuus.it\/cattolica\/cosi-le-simil-nozze-portano-ad-adozione-e-utero-in-affitto\/","name":"Cos\u00ec le simil-nozze portano ad adozione e utero in affitto - Rassegna Stampa Cattolica","isPartOf":{"@id":"https:\/\/www.rassegnastampa-totustuus.it\/cattolica\/#website"},"primaryImageOfPage":{"@id":"https:\/\/www.rassegnastampa-totustuus.it\/cattolica\/cosi-le-simil-nozze-portano-ad-adozione-e-utero-in-affitto\/#primaryimage"},"image":{"@id":"https:\/\/www.rassegnastampa-totustuus.it\/cattolica\/cosi-le-simil-nozze-portano-ad-adozione-e-utero-in-affitto\/#primaryimage"},"thumbnailUrl":"https:\/\/www.rassegnastampa-totustuus.it\/cattolica\/wp-content\/uploads\/2015\/10\/adozioni-gay1.jpg","datePublished":"2015-10-14T22:00:02+00:00","dateModified":"2018-10-05T08:30:18+00:00","description":"Rassegna Stampa Cattolica - Per una cultura che nasce dalla Rivelazione cristiana in conformit\u00e0 alla tradizione e al Magistero della Chiesa in opposizione ad ogni relativismo e totalitarismo","breadcrumb":{"@id":"https:\/\/www.rassegnastampa-totustuus.it\/cattolica\/cosi-le-simil-nozze-portano-ad-adozione-e-utero-in-affitto\/#breadcrumb"},"inLanguage":"it-IT","potentialAction":[{"@type":"ReadAction","target":["https:\/\/www.rassegnastampa-totustuus.it\/cattolica\/cosi-le-simil-nozze-portano-ad-adozione-e-utero-in-affitto\/"]}]},{"@type":"ImageObject","inLanguage":"it-IT","@id":"https:\/\/www.rassegnastampa-totustuus.it\/cattolica\/cosi-le-simil-nozze-portano-ad-adozione-e-utero-in-affitto\/#primaryimage","url":"https:\/\/www.rassegnastampa-totustuus.it\/cattolica\/wp-content\/uploads\/2015\/10\/adozioni-gay1.jpg","contentUrl":"https:\/\/www.rassegnastampa-totustuus.it\/cattolica\/wp-content\/uploads\/2015\/10\/adozioni-gay1.jpg","width":275,"height":184},{"@type":"BreadcrumbList","@id":"https:\/\/www.rassegnastampa-totustuus.it\/cattolica\/cosi-le-simil-nozze-portano-ad-adozione-e-utero-in-affitto\/#breadcrumb","itemListElement":[{"@type":"ListItem","position":1,"name":"Home","item":"https:\/\/www.rassegnastampa-totustuus.it\/cattolica\/"},{"@type":"ListItem","position":2,"name":"Cos\u00ec le simil-nozze portano ad adozione e utero in affitto"}]},{"@type":"WebSite","@id":"https:\/\/www.rassegnastampa-totustuus.it\/cattolica\/#website","url":"https:\/\/www.rassegnastampa-totustuus.it\/cattolica\/","name":"Rassegna Stampa Cattolica","description":"Per una cultura che nasce dalla Rivelazione cristiana in conformit\u00e0 alla tradizione e al Magistero della Chiesa in opposizione ad ogni relativismo e totalitarismo","publisher":{"@id":"https:\/\/www.rassegnastampa-totustuus.it\/cattolica\/#organization"},"alternateName":"Rass. Cattolica","potentialAction":[{"@type":"SearchAction","target":{"@type":"EntryPoint","urlTemplate":"https:\/\/www.rassegnastampa-totustuus.it\/cattolica\/?s={search_term_string}"},"query-input":{"@type":"PropertyValueSpecification","valueRequired":true,"valueName":"search_term_string"}}],"inLanguage":"it-IT"},{"@type":"Organization","@id":"https:\/\/www.rassegnastampa-totustuus.it\/cattolica\/#organization","name":"Rassegna Stampa Cattolica","url":"https:\/\/www.rassegnastampa-totustuus.it\/cattolica\/","logo":{"@type":"ImageObject","inLanguage":"it-IT","@id":"https:\/\/www.rassegnastampa-totustuus.it\/cattolica\/#\/schema\/logo\/image\/","url":"https:\/\/www.rassegnastampa-totustuus.it\/cattolica\/wp-content\/uploads\/2014\/04\/logo-rassegna1.gif","contentUrl":"https:\/\/www.rassegnastampa-totustuus.it\/cattolica\/wp-content\/uploads\/2014\/04\/logo-rassegna1.gif","width":600,"height":163,"caption":"Rassegna Stampa Cattolica"},"image":{"@id":"https:\/\/www.rassegnastampa-totustuus.it\/cattolica\/#\/schema\/logo\/image\/"},"sameAs":["https:\/\/www.facebook.com\/rassegnastampacattolica","https:\/\/x.com\/rassegnastampa9"]},{"@type":"Person","@id":"https:\/\/www.rassegnastampa-totustuus.it\/cattolica\/#\/schema\/person\/08f319d2bd1a0904ad9e2bfb7b15e5c3","name":"Redazione","image":{"@type":"ImageObject","inLanguage":"it-IT","@id":"https:\/\/secure.gravatar.com\/avatar\/2fcdf27c78ea025fbdb44e914cc63c72249ffec9dc8aafd5c82b26240ef3f346?s=96&d=mm&r=g","url":"https:\/\/secure.gravatar.com\/avatar\/2fcdf27c78ea025fbdb44e914cc63c72249ffec9dc8aafd5c82b26240ef3f346?s=96&d=mm&r=g","contentUrl":"https:\/\/secure.gravatar.com\/avatar\/2fcdf27c78ea025fbdb44e914cc63c72249ffec9dc8aafd5c82b26240ef3f346?s=96&d=mm&r=g","caption":"Redazione"},"url":"https:\/\/www.rassegnastampa-totustuus.it\/cattolica\/author\/pietroelle\/"}]}},"_links":{"self":[{"href":"https:\/\/www.rassegnastampa-totustuus.it\/cattolica\/wp-json\/wp\/v2\/posts\/27004","targetHints":{"allow":["GET"]}}],"collection":[{"href":"https:\/\/www.rassegnastampa-totustuus.it\/cattolica\/wp-json\/wp\/v2\/posts"}],"about":[{"href":"https:\/\/www.rassegnastampa-totustuus.it\/cattolica\/wp-json\/wp\/v2\/types\/post"}],"author":[{"embeddable":true,"href":"https:\/\/www.rassegnastampa-totustuus.it\/cattolica\/wp-json\/wp\/v2\/users\/6"}],"replies":[{"embeddable":true,"href":"https:\/\/www.rassegnastampa-totustuus.it\/cattolica\/wp-json\/wp\/v2\/comments?post=27004"}],"version-history":[{"count":1,"href":"https:\/\/www.rassegnastampa-totustuus.it\/cattolica\/wp-json\/wp\/v2\/posts\/27004\/revisions"}],"predecessor-version":[{"id":27006,"href":"https:\/\/www.rassegnastampa-totustuus.it\/cattolica\/wp-json\/wp\/v2\/posts\/27004\/revisions\/27006"}],"wp:featuredmedia":[{"embeddable":true,"href":"https:\/\/www.rassegnastampa-totustuus.it\/cattolica\/wp-json\/wp\/v2\/media\/27005"}],"wp:attachment":[{"href":"https:\/\/www.rassegnastampa-totustuus.it\/cattolica\/wp-json\/wp\/v2\/media?parent=27004"}],"wp:term":[{"taxonomy":"category","embeddable":true,"href":"https:\/\/www.rassegnastampa-totustuus.it\/cattolica\/wp-json\/wp\/v2\/categories?post=27004"},{"taxonomy":"post_tag","embeddable":true,"href":"https:\/\/www.rassegnastampa-totustuus.it\/cattolica\/wp-json\/wp\/v2\/tags?post=27004"}],"curies":[{"name":"wp","href":"https:\/\/api.w.org\/{rel}","templated":true}]}}