{"id":27001,"date":"2015-10-15T00:00:21","date_gmt":"2015-10-14T22:00:21","guid":{"rendered":"http:\/\/www.rassegnastampa-totustuus.it\/cattolica\/?p=27001"},"modified":"2015-10-12T08:51:28","modified_gmt":"2015-10-12T06:51:28","slug":"laffido-gay-nuovo-trucco-verso-ladozione","status":"publish","type":"post","link":"https:\/\/www.rassegnastampa-totustuus.it\/cattolica\/laffido-gay-nuovo-trucco-verso-ladozione\/","title":{"rendered":"L&#8217;affido gay? Nuovo trucco verso l&#8217;adozione"},"content":{"rendered":"<p style=\"text-align: center;\"><strong><a href=\"https:\/\/www.rassegnastampa-totustuus.it\/cattolica\/wp-content\/uploads\/2015\/10\/adozioni-gay.jpg\"><img loading=\"lazy\" decoding=\"async\" class=\"alignleft wp-image-27002\" src=\"https:\/\/www.rassegnastampa-totustuus.it\/cattolica\/wp-content\/uploads\/2015\/10\/adozioni-gay.jpg\" alt=\"adozioni gay\" width=\"200\" height=\"163\" \/><\/a>La Nuova Bussola quotidiana<\/strong> 10 ottobre 2015<\/p>\n<p style=\"text-align: center;\">di <strong>Alfredo Mantovano<\/strong><\/p>\n<p style=\"text-align: justify;\">Due cose imbarazzano in queste ore chi nel Pd \u00e8 consapevole del danno che al nostro ordinamento causer\u00e0 il ddl Cirinn\u00e0. La prima \u00e8 l\u2019ansia con la quale si sta tentando di portarla in Aula al Senato il prima possibile: senza concludere l\u2019esame in Commissione Giustizia, senza relatore, senza affrontare nella sede tecnica pi\u00f9 adeguata nodi delicati e complessi, che la confusione dell\u2019Aula impedisce di valutare con attenzione. La seconda \u00e8 la certezza che l\u2019inserimento della <em>stepchild adoption<\/em> sia nell\u2019articolato originario sia nella sua riscrittura conduce in breve tempo all\u2019adozione gay. La prima \u00e8 una forzatura di metodo, la seconda di merito.<\/p>\n<p style=\"text-align: justify;\"><!--more--><\/p>\n<p style=\"text-align: justify;\"><strong>L\u2019imbarazzo sul primo fronte \u00e8 accentuato dalla scelta del senatore<\/strong> Giovanardi, e dei pochi altri che in Commissione avevano presentato migliaia di emendamenti, di ridurre le proposte di modifica a poche decine: \u00e8 una scelta che pone i sostenitori della legge con le spalle al muro. Non si potr\u00e0 continuare a spingere per l\u2019incardinamento in Aula col pretesto che in Commissione gli emendamenti sono tanti e impediscono di andare avanti: adesso la loro quantit\u00e0 \u00e8 fisiologica, simile a quella cui va incontro qualsiasi disegno di legge impegnativo. Continuare a battere i pugni per non attendere la chiusura dell\u2019esame in Commissione rende evidente che l\u2019obiettivo \u00e8 piantare la bandiera ideologica il prima possibile e nonostante tutto.<\/p>\n<p style=\"text-align: justify;\"><strong>L\u2019imbarazzo sul secondo fronte ha fatto avanzare al senatore Lepri &#8211; qualche settimana fa coautore <\/strong>dell\u2019emendamento che qualifica l\u2019unione civile \u201cspecifica formazione sociale\u201d &#8211; la proposta di sostituire la<em>stepchild adoption<\/em> con l\u2019affido. Cos\u00ec spiega l\u2019esponente del Pd nell\u2019intervista ad Avvenire di ieri, 9 ottobre: \u00abin una unione civile omosessuale dove una delle due parti ha un bambino, l\u2019altro pu\u00f2 diventare genitore affidatario\u00bb; ci\u00f2 in vista del \u00abpubblico riconoscimento da parte del tribunale e della societ\u00e0 di una piena potest\u00e0 genitoriale\u00bb.<\/p>\n<p style=\"text-align: justify;\"><strong>La soluzione \u00e8 soddisfacente? Per rispondere, giova ricordare che da quando esistono gli istituti <\/strong>dell\u2019affid<strong>o<\/strong> e dell\u2019adozione, essi hanno risposto a logiche completamente diverse e hanno perseguito obiettivi non sovrapponibili: l\u2019affido ha la struttura e il carattere della provvisoriet\u00e0, e in tal senso fa mantenere i rapporti con la famiglia di origine, punta al rientro in essa, non cambia il legame giuridico del minore con i genitori, che restano tali a tutti gli effetti. L\u2019adozione conduce invece all\u2019interruzione dei rapporti con la famiglia originale, tanto che il minore acquisisce il cognome dei genitori adottivi, e per questo presuppone requisiti pi\u00f9 rigorosi rispetto a quelli previsti per gli affidatari.<\/p>\n<p style=\"text-align: justify;\"><strong>Ci\u00f2 accade perch\u00e9 l\u2019affido mira a far superare al minore una situazione di temporaneo disagio rispetto<\/strong> alla propria famiglia, mentre l\u2019adozione rende definitivo l\u2019ingresso nella nuova famiglia. In entrambi i casi il punto di riferimento della costruzione normativa \u00e8 l\u2019interesse del minore, che varia e conosce risposte differenti a seconda della situazione di partenza. In particolare, nell\u2019affido la generosit\u00e0 della famiglia che accoglie \u00e8 ancora pi\u00f9 esaltata: ci si trova di fronte a un aiuto e a un sostegno tesi a garantire al minore &#8211; in una fase di particolare disagio suo e della famiglia di origine &#8211; il diritto a vivere in un ambiente che soddisfi le sue esigenze educative e affettive, nella prospettiva di oltrepassare la condizione difficile, senza poter vantare alcuna pretesa in ordine alla permanenza a tempo indefinito nel nucleo familiare che sta provvedendo a lui.<\/p>\n<p style=\"text-align: justify;\"><strong>Nella mediazione che il senatore Lepri propone allo scopo di approvare all\u2019unanimit\u00e0 il ddl Cirinn\u00e0, <\/strong>l\u2019affido cambia natura e obiettivo: diventa una adozione <em>light<\/em>, rispetto alla quale il decorso del tempo &#8211; quasi il minore fosse un oggetto da usucapire &#8211; pu\u00f2 far giungere a una sistemazione definitiva nella famiglia di destinazione. In linea con i principi affermati dalla Consulta nella sentenza sulla fecondazione eterologa della primavera 2014, il \u00abdiritto all\u2019autodeterminazione in ordine al figlio\u00bb troverebbe cos\u00ec concretizzazione anche per le coppie dello stesso sesso.<\/p>\n<p style=\"text-align: justify;\"><strong>Il prezzo \u00e8 di considerare il bambino o l\u2019adolescente come un oggetto, e non un soggetto da tutelare;<\/strong> come qualcosa che soddisfa il desiderio del figlio di una coppia <em>same sex<\/em> e non come una persona la cui situazione esige aiuto. \u00c9 una mediazione in linea con l\u2019assetto dell\u2019intero ddl Cirinn\u00e0: come in essa si parla di unione civile ma lo sostanza \u00e8 quella del matrimonio gay, cos\u00ec si dice affido ma la sostanza \u00e8 l\u2019adozione. La si pu\u00f2 anche qualificare mediazione: essendo consapevoli che, oltre a non sfiorare l\u2019aspetto pi\u00f9 critico del ddl, avrebbe come effetto di snaturare senza rimedio l\u2019istituto dell\u2019affido. La via della distruzione della famiglia \u00e8 lunga e variegata.<\/p>\n","protected":false},"excerpt":{"rendered":"<p>La Nuova Bussola quotidiana 10 ottobre 2015 di Alfredo Mantovano Due cose imbarazzano in queste ore chi nel Pd \u00e8 consapevole del danno che al nostro ordinamento causer\u00e0 il ddl Cirinn\u00e0. La prima \u00e8 l\u2019ansia con la quale si sta tentando di portarla in Aula al Senato il prima possibile: senza concludere l\u2019esame in Commissione &hellip; <\/p>\n<p><a class=\"more-link btn\" href=\"https:\/\/www.rassegnastampa-totustuus.it\/cattolica\/laffido-gay-nuovo-trucco-verso-ladozione\/\">Continua a leggere<\/a><\/p>\n","protected":false},"author":6,"featured_media":27002,"comment_status":"closed","ping_status":"closed","sticky":false,"template":"","format":"standard","meta":{"footnotes":""},"categories":[10,15,48],"tags":[602,2232],"class_list":["post-27001","post","type-post","status-publish","format-standard","has-post-thumbnail","hentry","category-diritto","category-famiglia","category-omosessualit","tag-adozioni-gay","tag-ddl-cirinna","item-wrap"],"yoast_head":"<!-- This site is optimized with the Yoast SEO plugin v27.5 - https:\/\/yoast.com\/product\/yoast-seo-wordpress\/ -->\n<title>L&#039;affido gay? Nuovo trucco verso l&#039;adozione - Rassegna Stampa Cattolica<\/title>\n<meta name=\"description\" content=\"Rassegna Stampa Cattolica - Per una cultura che nasce dalla Rivelazione cristiana in conformit\u00e0 alla tradizione e al Magistero della Chiesa in opposizione ad ogni relativismo e totalitarismo\" \/>\n<meta name=\"robots\" content=\"index, follow, max-snippet:-1, max-image-preview:large, max-video-preview:-1\" \/>\n<link rel=\"canonical\" href=\"https:\/\/www.rassegnastampa-totustuus.it\/cattolica\/laffido-gay-nuovo-trucco-verso-ladozione\/\" \/>\n<meta property=\"og:locale\" content=\"it_IT\" \/>\n<meta property=\"og:type\" content=\"article\" \/>\n<meta property=\"og:title\" content=\"L&#039;affido gay? Nuovo trucco verso l&#039;adozione - Rassegna Stampa Cattolica\" \/>\n<meta property=\"og:description\" content=\"Rassegna Stampa Cattolica - Per una cultura che nasce dalla Rivelazione cristiana in conformit\u00e0 alla tradizione e al Magistero della Chiesa in opposizione ad ogni relativismo e totalitarismo\" \/>\n<meta property=\"og:url\" content=\"https:\/\/www.rassegnastampa-totustuus.it\/cattolica\/laffido-gay-nuovo-trucco-verso-ladozione\/\" \/>\n<meta property=\"og:site_name\" content=\"Rassegna Stampa Cattolica\" \/>\n<meta property=\"article:publisher\" content=\"https:\/\/www.facebook.com\/rassegnastampacattolica\" \/>\n<meta property=\"article:published_time\" content=\"2015-10-14T22:00:21+00:00\" \/>\n<meta property=\"og:image\" content=\"https:\/\/www.rassegnastampa-totustuus.it\/cattolica\/wp-content\/uploads\/2015\/10\/adozioni-gay.jpg\" \/>\n\t<meta property=\"og:image:width\" content=\"240\" \/>\n\t<meta property=\"og:image:height\" content=\"196\" \/>\n\t<meta property=\"og:image:type\" content=\"image\/jpeg\" \/>\n<meta name=\"author\" content=\"Redazione\" \/>\n<meta name=\"twitter:card\" content=\"summary_large_image\" \/>\n<meta name=\"twitter:creator\" content=\"@rassegnastampa9\" \/>\n<meta name=\"twitter:site\" content=\"@rassegnastampa9\" \/>\n<meta name=\"twitter:label1\" content=\"Scritto da\" \/>\n\t<meta name=\"twitter:data1\" content=\"Redazione\" \/>\n\t<meta name=\"twitter:label2\" content=\"Tempo di lettura stimato\" \/>\n\t<meta name=\"twitter:data2\" content=\"4 minuti\" \/>\n<script type=\"application\/ld+json\" class=\"yoast-schema-graph\">{\"@context\":\"https:\\\/\\\/schema.org\",\"@graph\":[{\"@type\":\"Article\",\"@id\":\"https:\\\/\\\/www.rassegnastampa-totustuus.it\\\/cattolica\\\/laffido-gay-nuovo-trucco-verso-ladozione\\\/#article\",\"isPartOf\":{\"@id\":\"https:\\\/\\\/www.rassegnastampa-totustuus.it\\\/cattolica\\\/laffido-gay-nuovo-trucco-verso-ladozione\\\/\"},\"author\":{\"name\":\"Redazione\",\"@id\":\"https:\\\/\\\/www.rassegnastampa-totustuus.it\\\/cattolica\\\/#\\\/schema\\\/person\\\/08f319d2bd1a0904ad9e2bfb7b15e5c3\"},\"headline\":\"L&#8217;affido gay? Nuovo trucco verso l&#8217;adozione\",\"datePublished\":\"2015-10-14T22:00:21+00:00\",\"mainEntityOfPage\":{\"@id\":\"https:\\\/\\\/www.rassegnastampa-totustuus.it\\\/cattolica\\\/laffido-gay-nuovo-trucco-verso-ladozione\\\/\"},\"wordCount\":778,\"publisher\":{\"@id\":\"https:\\\/\\\/www.rassegnastampa-totustuus.it\\\/cattolica\\\/#organization\"},\"image\":{\"@id\":\"https:\\\/\\\/www.rassegnastampa-totustuus.it\\\/cattolica\\\/laffido-gay-nuovo-trucco-verso-ladozione\\\/#primaryimage\"},\"thumbnailUrl\":\"https:\\\/\\\/www.rassegnastampa-totustuus.it\\\/cattolica\\\/wp-content\\\/uploads\\\/2015\\\/10\\\/adozioni-gay.jpg\",\"keywords\":[\"adozioni gay\",\"ddl Cirinn\u00e0\"],\"articleSection\":[\"Diritto\",\"Famiglia\",\"Omosessualit&agrave;\"],\"inLanguage\":\"it-IT\"},{\"@type\":\"WebPage\",\"@id\":\"https:\\\/\\\/www.rassegnastampa-totustuus.it\\\/cattolica\\\/laffido-gay-nuovo-trucco-verso-ladozione\\\/\",\"url\":\"https:\\\/\\\/www.rassegnastampa-totustuus.it\\\/cattolica\\\/laffido-gay-nuovo-trucco-verso-ladozione\\\/\",\"name\":\"L'affido gay? Nuovo trucco verso l'adozione - Rassegna Stampa Cattolica\",\"isPartOf\":{\"@id\":\"https:\\\/\\\/www.rassegnastampa-totustuus.it\\\/cattolica\\\/#website\"},\"primaryImageOfPage\":{\"@id\":\"https:\\\/\\\/www.rassegnastampa-totustuus.it\\\/cattolica\\\/laffido-gay-nuovo-trucco-verso-ladozione\\\/#primaryimage\"},\"image\":{\"@id\":\"https:\\\/\\\/www.rassegnastampa-totustuus.it\\\/cattolica\\\/laffido-gay-nuovo-trucco-verso-ladozione\\\/#primaryimage\"},\"thumbnailUrl\":\"https:\\\/\\\/www.rassegnastampa-totustuus.it\\\/cattolica\\\/wp-content\\\/uploads\\\/2015\\\/10\\\/adozioni-gay.jpg\",\"datePublished\":\"2015-10-14T22:00:21+00:00\",\"description\":\"Rassegna Stampa Cattolica - Per una cultura che nasce dalla Rivelazione cristiana in conformit\u00e0 alla tradizione e al Magistero della Chiesa in opposizione ad ogni relativismo e totalitarismo\",\"breadcrumb\":{\"@id\":\"https:\\\/\\\/www.rassegnastampa-totustuus.it\\\/cattolica\\\/laffido-gay-nuovo-trucco-verso-ladozione\\\/#breadcrumb\"},\"inLanguage\":\"it-IT\",\"potentialAction\":[{\"@type\":\"ReadAction\",\"target\":[\"https:\\\/\\\/www.rassegnastampa-totustuus.it\\\/cattolica\\\/laffido-gay-nuovo-trucco-verso-ladozione\\\/\"]}]},{\"@type\":\"ImageObject\",\"inLanguage\":\"it-IT\",\"@id\":\"https:\\\/\\\/www.rassegnastampa-totustuus.it\\\/cattolica\\\/laffido-gay-nuovo-trucco-verso-ladozione\\\/#primaryimage\",\"url\":\"https:\\\/\\\/www.rassegnastampa-totustuus.it\\\/cattolica\\\/wp-content\\\/uploads\\\/2015\\\/10\\\/adozioni-gay.jpg\",\"contentUrl\":\"https:\\\/\\\/www.rassegnastampa-totustuus.it\\\/cattolica\\\/wp-content\\\/uploads\\\/2015\\\/10\\\/adozioni-gay.jpg\",\"width\":240,\"height\":196},{\"@type\":\"BreadcrumbList\",\"@id\":\"https:\\\/\\\/www.rassegnastampa-totustuus.it\\\/cattolica\\\/laffido-gay-nuovo-trucco-verso-ladozione\\\/#breadcrumb\",\"itemListElement\":[{\"@type\":\"ListItem\",\"position\":1,\"name\":\"Home\",\"item\":\"https:\\\/\\\/www.rassegnastampa-totustuus.it\\\/cattolica\\\/\"},{\"@type\":\"ListItem\",\"position\":2,\"name\":\"L&#8217;affido gay? Nuovo trucco verso l&#8217;adozione\"}]},{\"@type\":\"WebSite\",\"@id\":\"https:\\\/\\\/www.rassegnastampa-totustuus.it\\\/cattolica\\\/#website\",\"url\":\"https:\\\/\\\/www.rassegnastampa-totustuus.it\\\/cattolica\\\/\",\"name\":\"Rassegna Stampa Cattolica\",\"description\":\"Per una cultura che nasce dalla Rivelazione cristiana in conformit\u00e0 alla tradizione e al Magistero della Chiesa in opposizione ad ogni relativismo e totalitarismo\",\"publisher\":{\"@id\":\"https:\\\/\\\/www.rassegnastampa-totustuus.it\\\/cattolica\\\/#organization\"},\"alternateName\":\"Rass. Cattolica\",\"potentialAction\":[{\"@type\":\"SearchAction\",\"target\":{\"@type\":\"EntryPoint\",\"urlTemplate\":\"https:\\\/\\\/www.rassegnastampa-totustuus.it\\\/cattolica\\\/?s={search_term_string}\"},\"query-input\":{\"@type\":\"PropertyValueSpecification\",\"valueRequired\":true,\"valueName\":\"search_term_string\"}}],\"inLanguage\":\"it-IT\"},{\"@type\":\"Organization\",\"@id\":\"https:\\\/\\\/www.rassegnastampa-totustuus.it\\\/cattolica\\\/#organization\",\"name\":\"Rassegna Stampa Cattolica\",\"url\":\"https:\\\/\\\/www.rassegnastampa-totustuus.it\\\/cattolica\\\/\",\"logo\":{\"@type\":\"ImageObject\",\"inLanguage\":\"it-IT\",\"@id\":\"https:\\\/\\\/www.rassegnastampa-totustuus.it\\\/cattolica\\\/#\\\/schema\\\/logo\\\/image\\\/\",\"url\":\"https:\\\/\\\/www.rassegnastampa-totustuus.it\\\/cattolica\\\/wp-content\\\/uploads\\\/2014\\\/04\\\/logo-rassegna1.gif\",\"contentUrl\":\"https:\\\/\\\/www.rassegnastampa-totustuus.it\\\/cattolica\\\/wp-content\\\/uploads\\\/2014\\\/04\\\/logo-rassegna1.gif\",\"width\":600,\"height\":163,\"caption\":\"Rassegna Stampa Cattolica\"},\"image\":{\"@id\":\"https:\\\/\\\/www.rassegnastampa-totustuus.it\\\/cattolica\\\/#\\\/schema\\\/logo\\\/image\\\/\"},\"sameAs\":[\"https:\\\/\\\/www.facebook.com\\\/rassegnastampacattolica\",\"https:\\\/\\\/x.com\\\/rassegnastampa9\"]},{\"@type\":\"Person\",\"@id\":\"https:\\\/\\\/www.rassegnastampa-totustuus.it\\\/cattolica\\\/#\\\/schema\\\/person\\\/08f319d2bd1a0904ad9e2bfb7b15e5c3\",\"name\":\"Redazione\",\"image\":{\"@type\":\"ImageObject\",\"inLanguage\":\"it-IT\",\"@id\":\"https:\\\/\\\/secure.gravatar.com\\\/avatar\\\/2fcdf27c78ea025fbdb44e914cc63c72249ffec9dc8aafd5c82b26240ef3f346?s=96&d=mm&r=g\",\"url\":\"https:\\\/\\\/secure.gravatar.com\\\/avatar\\\/2fcdf27c78ea025fbdb44e914cc63c72249ffec9dc8aafd5c82b26240ef3f346?s=96&d=mm&r=g\",\"contentUrl\":\"https:\\\/\\\/secure.gravatar.com\\\/avatar\\\/2fcdf27c78ea025fbdb44e914cc63c72249ffec9dc8aafd5c82b26240ef3f346?s=96&d=mm&r=g\",\"caption\":\"Redazione\"},\"url\":\"https:\\\/\\\/www.rassegnastampa-totustuus.it\\\/cattolica\\\/author\\\/pietroelle\\\/\"}]}<\/script>\n<!-- \/ Yoast SEO plugin. -->","yoast_head_json":{"title":"L'affido gay? Nuovo trucco verso l'adozione - Rassegna Stampa Cattolica","description":"Rassegna Stampa Cattolica - Per una cultura che nasce dalla Rivelazione cristiana in conformit\u00e0 alla tradizione e al Magistero della Chiesa in opposizione ad ogni relativismo e totalitarismo","robots":{"index":"index","follow":"follow","max-snippet":"max-snippet:-1","max-image-preview":"max-image-preview:large","max-video-preview":"max-video-preview:-1"},"canonical":"https:\/\/www.rassegnastampa-totustuus.it\/cattolica\/laffido-gay-nuovo-trucco-verso-ladozione\/","og_locale":"it_IT","og_type":"article","og_title":"L'affido gay? Nuovo trucco verso l'adozione - Rassegna Stampa Cattolica","og_description":"Rassegna Stampa Cattolica - Per una cultura che nasce dalla Rivelazione cristiana in conformit\u00e0 alla tradizione e al Magistero della Chiesa in opposizione ad ogni relativismo e totalitarismo","og_url":"https:\/\/www.rassegnastampa-totustuus.it\/cattolica\/laffido-gay-nuovo-trucco-verso-ladozione\/","og_site_name":"Rassegna Stampa Cattolica","article_publisher":"https:\/\/www.facebook.com\/rassegnastampacattolica","article_published_time":"2015-10-14T22:00:21+00:00","og_image":[{"width":240,"height":196,"url":"https:\/\/www.rassegnastampa-totustuus.it\/cattolica\/wp-content\/uploads\/2015\/10\/adozioni-gay.jpg","type":"image\/jpeg"}],"author":"Redazione","twitter_card":"summary_large_image","twitter_creator":"@rassegnastampa9","twitter_site":"@rassegnastampa9","twitter_misc":{"Scritto da":"Redazione","Tempo di lettura stimato":"4 minuti"},"schema":{"@context":"https:\/\/schema.org","@graph":[{"@type":"Article","@id":"https:\/\/www.rassegnastampa-totustuus.it\/cattolica\/laffido-gay-nuovo-trucco-verso-ladozione\/#article","isPartOf":{"@id":"https:\/\/www.rassegnastampa-totustuus.it\/cattolica\/laffido-gay-nuovo-trucco-verso-ladozione\/"},"author":{"name":"Redazione","@id":"https:\/\/www.rassegnastampa-totustuus.it\/cattolica\/#\/schema\/person\/08f319d2bd1a0904ad9e2bfb7b15e5c3"},"headline":"L&#8217;affido gay? Nuovo trucco verso l&#8217;adozione","datePublished":"2015-10-14T22:00:21+00:00","mainEntityOfPage":{"@id":"https:\/\/www.rassegnastampa-totustuus.it\/cattolica\/laffido-gay-nuovo-trucco-verso-ladozione\/"},"wordCount":778,"publisher":{"@id":"https:\/\/www.rassegnastampa-totustuus.it\/cattolica\/#organization"},"image":{"@id":"https:\/\/www.rassegnastampa-totustuus.it\/cattolica\/laffido-gay-nuovo-trucco-verso-ladozione\/#primaryimage"},"thumbnailUrl":"https:\/\/www.rassegnastampa-totustuus.it\/cattolica\/wp-content\/uploads\/2015\/10\/adozioni-gay.jpg","keywords":["adozioni gay","ddl Cirinn\u00e0"],"articleSection":["Diritto","Famiglia","Omosessualit&agrave;"],"inLanguage":"it-IT"},{"@type":"WebPage","@id":"https:\/\/www.rassegnastampa-totustuus.it\/cattolica\/laffido-gay-nuovo-trucco-verso-ladozione\/","url":"https:\/\/www.rassegnastampa-totustuus.it\/cattolica\/laffido-gay-nuovo-trucco-verso-ladozione\/","name":"L'affido gay? Nuovo trucco verso l'adozione - Rassegna Stampa Cattolica","isPartOf":{"@id":"https:\/\/www.rassegnastampa-totustuus.it\/cattolica\/#website"},"primaryImageOfPage":{"@id":"https:\/\/www.rassegnastampa-totustuus.it\/cattolica\/laffido-gay-nuovo-trucco-verso-ladozione\/#primaryimage"},"image":{"@id":"https:\/\/www.rassegnastampa-totustuus.it\/cattolica\/laffido-gay-nuovo-trucco-verso-ladozione\/#primaryimage"},"thumbnailUrl":"https:\/\/www.rassegnastampa-totustuus.it\/cattolica\/wp-content\/uploads\/2015\/10\/adozioni-gay.jpg","datePublished":"2015-10-14T22:00:21+00:00","description":"Rassegna Stampa Cattolica - Per una cultura che nasce dalla Rivelazione cristiana in conformit\u00e0 alla tradizione e al Magistero della Chiesa in opposizione ad ogni relativismo e totalitarismo","breadcrumb":{"@id":"https:\/\/www.rassegnastampa-totustuus.it\/cattolica\/laffido-gay-nuovo-trucco-verso-ladozione\/#breadcrumb"},"inLanguage":"it-IT","potentialAction":[{"@type":"ReadAction","target":["https:\/\/www.rassegnastampa-totustuus.it\/cattolica\/laffido-gay-nuovo-trucco-verso-ladozione\/"]}]},{"@type":"ImageObject","inLanguage":"it-IT","@id":"https:\/\/www.rassegnastampa-totustuus.it\/cattolica\/laffido-gay-nuovo-trucco-verso-ladozione\/#primaryimage","url":"https:\/\/www.rassegnastampa-totustuus.it\/cattolica\/wp-content\/uploads\/2015\/10\/adozioni-gay.jpg","contentUrl":"https:\/\/www.rassegnastampa-totustuus.it\/cattolica\/wp-content\/uploads\/2015\/10\/adozioni-gay.jpg","width":240,"height":196},{"@type":"BreadcrumbList","@id":"https:\/\/www.rassegnastampa-totustuus.it\/cattolica\/laffido-gay-nuovo-trucco-verso-ladozione\/#breadcrumb","itemListElement":[{"@type":"ListItem","position":1,"name":"Home","item":"https:\/\/www.rassegnastampa-totustuus.it\/cattolica\/"},{"@type":"ListItem","position":2,"name":"L&#8217;affido gay? Nuovo trucco verso l&#8217;adozione"}]},{"@type":"WebSite","@id":"https:\/\/www.rassegnastampa-totustuus.it\/cattolica\/#website","url":"https:\/\/www.rassegnastampa-totustuus.it\/cattolica\/","name":"Rassegna Stampa Cattolica","description":"Per una cultura che nasce dalla Rivelazione cristiana in conformit\u00e0 alla tradizione e al Magistero della Chiesa in opposizione ad ogni relativismo e totalitarismo","publisher":{"@id":"https:\/\/www.rassegnastampa-totustuus.it\/cattolica\/#organization"},"alternateName":"Rass. Cattolica","potentialAction":[{"@type":"SearchAction","target":{"@type":"EntryPoint","urlTemplate":"https:\/\/www.rassegnastampa-totustuus.it\/cattolica\/?s={search_term_string}"},"query-input":{"@type":"PropertyValueSpecification","valueRequired":true,"valueName":"search_term_string"}}],"inLanguage":"it-IT"},{"@type":"Organization","@id":"https:\/\/www.rassegnastampa-totustuus.it\/cattolica\/#organization","name":"Rassegna Stampa Cattolica","url":"https:\/\/www.rassegnastampa-totustuus.it\/cattolica\/","logo":{"@type":"ImageObject","inLanguage":"it-IT","@id":"https:\/\/www.rassegnastampa-totustuus.it\/cattolica\/#\/schema\/logo\/image\/","url":"https:\/\/www.rassegnastampa-totustuus.it\/cattolica\/wp-content\/uploads\/2014\/04\/logo-rassegna1.gif","contentUrl":"https:\/\/www.rassegnastampa-totustuus.it\/cattolica\/wp-content\/uploads\/2014\/04\/logo-rassegna1.gif","width":600,"height":163,"caption":"Rassegna Stampa Cattolica"},"image":{"@id":"https:\/\/www.rassegnastampa-totustuus.it\/cattolica\/#\/schema\/logo\/image\/"},"sameAs":["https:\/\/www.facebook.com\/rassegnastampacattolica","https:\/\/x.com\/rassegnastampa9"]},{"@type":"Person","@id":"https:\/\/www.rassegnastampa-totustuus.it\/cattolica\/#\/schema\/person\/08f319d2bd1a0904ad9e2bfb7b15e5c3","name":"Redazione","image":{"@type":"ImageObject","inLanguage":"it-IT","@id":"https:\/\/secure.gravatar.com\/avatar\/2fcdf27c78ea025fbdb44e914cc63c72249ffec9dc8aafd5c82b26240ef3f346?s=96&d=mm&r=g","url":"https:\/\/secure.gravatar.com\/avatar\/2fcdf27c78ea025fbdb44e914cc63c72249ffec9dc8aafd5c82b26240ef3f346?s=96&d=mm&r=g","contentUrl":"https:\/\/secure.gravatar.com\/avatar\/2fcdf27c78ea025fbdb44e914cc63c72249ffec9dc8aafd5c82b26240ef3f346?s=96&d=mm&r=g","caption":"Redazione"},"url":"https:\/\/www.rassegnastampa-totustuus.it\/cattolica\/author\/pietroelle\/"}]}},"_links":{"self":[{"href":"https:\/\/www.rassegnastampa-totustuus.it\/cattolica\/wp-json\/wp\/v2\/posts\/27001","targetHints":{"allow":["GET"]}}],"collection":[{"href":"https:\/\/www.rassegnastampa-totustuus.it\/cattolica\/wp-json\/wp\/v2\/posts"}],"about":[{"href":"https:\/\/www.rassegnastampa-totustuus.it\/cattolica\/wp-json\/wp\/v2\/types\/post"}],"author":[{"embeddable":true,"href":"https:\/\/www.rassegnastampa-totustuus.it\/cattolica\/wp-json\/wp\/v2\/users\/6"}],"replies":[{"embeddable":true,"href":"https:\/\/www.rassegnastampa-totustuus.it\/cattolica\/wp-json\/wp\/v2\/comments?post=27001"}],"version-history":[{"count":1,"href":"https:\/\/www.rassegnastampa-totustuus.it\/cattolica\/wp-json\/wp\/v2\/posts\/27001\/revisions"}],"predecessor-version":[{"id":27003,"href":"https:\/\/www.rassegnastampa-totustuus.it\/cattolica\/wp-json\/wp\/v2\/posts\/27001\/revisions\/27003"}],"wp:featuredmedia":[{"embeddable":true,"href":"https:\/\/www.rassegnastampa-totustuus.it\/cattolica\/wp-json\/wp\/v2\/media\/27002"}],"wp:attachment":[{"href":"https:\/\/www.rassegnastampa-totustuus.it\/cattolica\/wp-json\/wp\/v2\/media?parent=27001"}],"wp:term":[{"taxonomy":"category","embeddable":true,"href":"https:\/\/www.rassegnastampa-totustuus.it\/cattolica\/wp-json\/wp\/v2\/categories?post=27001"},{"taxonomy":"post_tag","embeddable":true,"href":"https:\/\/www.rassegnastampa-totustuus.it\/cattolica\/wp-json\/wp\/v2\/tags?post=27001"}],"curies":[{"name":"wp","href":"https:\/\/api.w.org\/{rel}","templated":true}]}}