{"id":2697,"date":"2009-03-02T13:46:08","date_gmt":"2009-03-02T12:46:08","guid":{"rendered":""},"modified":"2016-03-23T09:20:52","modified_gmt":"2016-03-23T08:20:52","slug":"gli-anni-del-desiderio-e-del-piombo","status":"publish","type":"post","link":"https:\/\/www.rassegnastampa-totustuus.it\/cattolica\/gli-anni-del-desiderio-e-del-piombo\/","title":{"rendered":"Gli anni del desiderio e del piombo"},"content":{"rendered":"<div style=\"text-align: center;\"><strong><img loading=\"lazy\" decoding=\"async\" class=\"alignleft wp-image-32055\" src=\"https:\/\/www.rassegnastampa-totustuus.it\/cattolica\/wp-content\/uploads\/2009\/03\/sessantotto.jpg\" alt=\"sessantotto\" width=\"250\" height=\"172\" \/>Il Timone<\/strong> n.69 gennaio 2008<\/div>\n<p style=\"text-align: justify;\"><em>Una rivoluzione culturale. Un esito nichilistico. Una generazioni &#8220;ferita&#8221; e una speranza ritrovata nelle radici cristiane del popolo italiano. Il significato pi\u00f9 profondo del Sessantotto<\/em><\/p>\n<p style=\"text-align: center;\">di <strong>Enzo Peserico<\/strong><\/p>\n<p style=\"text-align: center;\"><!--more--><\/p>\n<p style=\"text-align: justify;\"><strong>Una Rivoluzione culturale.<\/strong><\/p>\n<p style=\"text-align: justify;\">\u00abAvevo vent&#8217;anni e non permetter\u00f2 a nessuno di dire che questa \u00e8 l&#8217;et\u00e0 pi\u00f9 bella della vita\u00bb: \u00e8 l&#8217;epitaffio &#8211; una frase di Paul Nizan &#8211; che Marco Riva, ventunenne redattore del <em>Quotidiano dei lavoratori<\/em>, chiede per s\u00e9 nella lettera scritta ai familiari prima di suicidarsi all&#8217;interno della propria auto, l&#8217;8 gennaio 1971.<\/p>\n<p style=\"text-align: justify;\">Il tragico gesto di Marco Riva si sarebbe drammaticamente riprodotto e diffuso negli anni seguenti, insieme al crescere esponenziale dei morti per eroina: ma, nel 1971, rappresentava in Italia una funesta anticipazione della drammatica conclusione dell&#8217;utopia perseguita da una generazione, simbolicamente datata 1977.<\/p>\n<p style=\"text-align: justify;\">Gli storici che pi\u00f9 attentamente hanno analizzato il fenomeno del Sessantotto in Occidente lo hanno definito una Rivoluzione culturale, che inizia nella seconda met\u00e0 degli anni 1950 del XX secolo, ha nel 1968 la sua esplosione e si stabilizza negli anni seguenti, consolidando un rapido cambiamento nei valori di riferimento, nei modi di vivere e quindi nelle leggi.<\/p>\n<p style=\"text-align: justify;\"><strong>Rivoluzione inferiore e rivoluzione politica<\/strong><\/p>\n<p style=\"text-align: justify;\">Osservando il corso della contestazione giovanile in Italia, come si articola lungo un decennio caratterizzato dall&#8217;uso sempre pi\u00f9 radicale della violenza, si constatano due tendenze di fondo. La prima tendenza si esprime nella rivoluzione <em>in interiore homine<\/em>, come mostra il volto della Rivoluzione a livello microsociale; il tipo antropologico che l&#8217;incarna \u00e8 il <em>rivoluzionario d&#8217;elezione<\/em>: \u00abla mia vita come rivoluzione\u00bb; egli opera la Rivoluzione rovesciando lo stile di vita dell&#8217;uomo naturale e cristiano e portando alle estreme conseguenze lo <em>slogan<\/em> \u00abil personale \u00e8 politico\u00bb.<\/p>\n<p style=\"text-align: justify;\">La seconda tendenza si manifesta nella rivoluzione politica, che mostra il volto della Rivoluzione a livello macrosociale; il tipo antropologico che l&#8217;incarna \u00e8 il rivoluzionario di professione: \u00abla mia vita per la Rivoluzione\u00bb; egli realizza il suo progetto attraverso due linee: la lotta politica (anche) violenta e la lotta politica armata, cio\u00e8 il terrorismo.<\/p>\n<p style=\"text-align: justify;\">La tendenza che si manifesta nella ribellione politica ha assunto in Italia un ruolo preponderante. Il momento \u00e8 favorevole: il desiderio di costruire il mondo nuovo e perfetto, liberato dalla ingiustizia e dalle disuguaglianze, trova nella teoria rivoluzionaria di Marx e di Lenin sia il modello utopico del futuro che la &#8220;tecnica&#8221;, cio\u00e8 l&#8217;azione politica, per costruirlo infallibilmente. L&#8217;ideologia si arricchisce nel contempo di miti che, sapientemente propagandati, rafforzano la &#8220;fede&#8221; nella vittoria della Rivoluzione: la Resistenza, i vietcong, la guerriglia del &#8220;Che&#8221; Guevara e di Carlos Marighella, la Cina di Mao.<\/p>\n<p style=\"text-align: justify;\">In questo clima culturale nasce e si moltiplica il &#8220;rivoluzionario di professione&#8221;: nelle scuole e nelle fabbriche si aggregano e si disgregano in continuazione gruppuscoli di rivoluzionari. Si tratta di un dinamismo artificiale, perch\u00e9 produce esso stesso le affermazioni inverificabili e gli slogan che muovono all&#8217;azione gli attivisti; cos\u00ec lo descrive Marco Barbone, ex terrorista pentito, in una intervista-confessione raccolta da <em>Avvenire<\/em>. \u00ab[&#8230;] noi esistevamo e ci rapportavamo in base a discussioni politiche. Era il nostro universo, il microcosmo (cosa che verr\u00e0 drammaticamente accentuata nelle organizzazioni combattenti), l&#8217;orizzonte dell&#8217;esistenza\u00bb.<\/p>\n<p style=\"text-align: justify;\">Identificando etica e politica, il &#8220;rivoluzionario di professione&#8221; ha l&#8217;obbligo morale di fare trionfare i postulati dell&#8217;ideologia con qualsiasi mezzo. La mitologia della Resistenza fornisce gli esempi dell&#8217;\u00abantifascismo militante\u00bb e cos\u00ec, tra la teorizzazione dell&#8217;annientamento fisico dell&#8217;avversario, l&#8217;atto di violenza e, in seguito, l&#8217;azione terroristica, non vi \u00e8 soluzione di continuit\u00e0: l&#8217;ideologia giustifica ogni comportamento e lo eleva ad atto morale.<\/p>\n<p style=\"text-align: justify;\"><strong>Il 1977<\/strong><\/p>\n<p style=\"text-align: justify;\">Intanto gli anni passano e lo slancio utopico dei primi fermenti della contestazione svanisce. La primavera del 1977 vede un&#8217;improvvisa fiammata contestatrice, con raduni e scontri violenti di piazza, e sancisce contemporaneamente l&#8217;agonia del movimento del Sessantotto, che cede definitivamente la parola alle armi. Ma il rivoluzionario di professione del 1977 ha mutato aspetto: l&#8217;utopia della Rivoluzione culturale, cio\u00e8 il mito dell&#8217;uomo nuovo, \u00e8 sempre pi\u00f9 intrisa di disperazione. I morti per droga e i suicidi sono all&#8217;ordine del giorno.<\/p>\n<p style=\"text-align: justify;\">I miti del marxismo stanno per crollare, anche se pochi sembrano accorgersene, sotto le evidenze del \u00absocialismo reale\u00bb. L&#8217;ansia messianica si regge ormai quasi esclusivamente sul polo negativo, cio\u00e8 sulla distruzione del sistema malvagio, e il mezzo utilizzabile allo scopo sembra essere soltanto uno, cio\u00e8 la violenza armata.<\/p>\n<p style=\"text-align: justify;\"><strong>Il suicidio del Sessantotto<\/strong><\/p>\n<p style=\"text-align: justify;\">Si pu\u00f2 fare un bilancio del 1968 nel 2008?<\/p>\n<p style=\"text-align: justify;\">Sotto il profilo politico, la classe dirigente che ha militato nei movimenti messianico-rivoluzionari nati con il 1968 si \u00e8 installata al potere &#8211; culturale, politico e mediatico &#8211; fondando il proprio programma politico-culturale su una forma aggressiva di relativismo e d\u00ec laicismo. Incapace di uscire dalle categorie dialettiche della modernit\u00e0, progresso contro reazione, opposte a quelle ritenute per sempre superate, in quanto &#8220;metafisiche&#8221;, vero e falso, giusto e ingiusto, questa casta padrona ha tenuto sul proprio naso gli occhiali ideologici anche dopo aver smesso di credere alle ideologie di cui si era nutrita.<\/p>\n<p style=\"text-align: justify;\">Ne \u00e8 derivato un esercizio del potere che si spogliava di una ideologia frantumata dalla storia e indossava l&#8217;abito relativista e laicista, da &#8220;partito radicale di massa&#8221;: cos\u00ec, dello slogan del Maggio francese, l&#8217;immaginazione al potere, i Sessantottini si sono impadroniti di un potere senza immaginazione, funzionale all&#8217;appiattimento tecnocratico del vecchio illuminismo antispirituale. Mentre la rivoluzione politica si trasformava con le Brigate Rosse in progetto insurrezionale, che viene sconfitto nel 1978 quando con l&#8217;omicidio di Aldo Moro perde l&#8217;appoggio popolare diffuso nelle fabbriche, quella comportamentale, ossia delle tendenze, diventa modello di massa, che si istituzionalizza con la legge sul divorzio nel 1970 e con la proclamazione del diritto di aborto nel 1978. Ma il suo esito \u00e8 stato il suicidio del desiderio.<\/p>\n<p style=\"text-align: justify;\">Scambiato il desiderio originale di felicit\u00e0 con la sua malattia soggettivista, ossia il primato del piacere individuale, la Rivoluzione culturale in Italia ha fatto della morte del padre e del vietato vietare la conquista senza ritorno, bruciando alle proprie spalle i ponti della tradizione. Si \u00e8 trovata cos\u00ec ad attraversare le frontiere del nulla, svelando il suo itinerario verso la cultura della morte: il terrorismo, la libert\u00e0 di drogarsi, di abortire, di darsi la morte con l&#8217;eutanasia, la pretesa di annullare la sessualit\u00e0 negando le differenze di genere, costituiscono la moneta con la quale \u00e8 stato ripagato il desiderio di una vita buona.<\/p>\n<p style=\"text-align: justify;\">Scriveva il giovane Marco Riva nel suo lucido e disperato commiato: \u00abAvrei tanto voluto vivere, amare, essere amato. Non \u00e8 stato il rifiuto della vita, ma l&#8217;impossibilit\u00e0 di vivere, di vivere la mia vita, la mia realt\u00e0, a farmi scegliere la morte\u00bb. Sono i pi\u00f9 sensibili a togliersi la vita, i pi\u00f9 deboli a morire di droga, i pi\u00f9 coerenti a sparare, i pi\u00f9 scaltri a riciclarsi nelle stanze del potere. Per tutti una constatazione amara: il Sessantotto, che diceva di contestare l&#8217;imperialismo e di voler abbattere il capitalismo, abbatte ci\u00f2 che rimane di religioso, di trascendente, in nome di una ideologia marxista a forte coloratura messianico-rivoluzionaria. Crollata l&#8217;ideologia, il sessantottino passa dall&#8217;utopia alla prassi e diventa il cane da guardia della tecnocrazia.<\/p>\n<p style=\"text-align: justify;\">Cos\u00ec, le tendenze libertarie emerse negli anni Sessanta ed esplose con il Sessantotto continuano l&#8217;opera della secolarizzazione che attraversa il Novecento, producendo frutti avvelenati: lo svuotamento interno del principio di autorit\u00e0, sostituito con un vuoto e occhiuto autoritarismo; la sostituzione dell&#8221;&#8216;abito&#8221; e della &#8220;divisa&#8221; con un modo di vestire uniformante e &#8220;casual&#8221;; l&#8217;oscuramento del valore della sessualit\u00e0, insidiato dalla sessuofobia del rigorismo protestante e rapidamente trasbordato al libertinismo attraverso la diffusione della contraccezione e dei modelli trasgressivi veicolati dai mass-media.<\/p>\n<p style=\"text-align: justify;\"><strong>La speranza ritrovata<\/strong><\/p>\n<p style=\"text-align: justify;\">La riflessione, compiuta senza occhiali ideologici, sugli &#8220;anni del desiderio e del piombo&#8221;, ci aiuta anche a verificare in Italia la sorprendente continuazione di quella che Giovanni Cantoni defin\u00ec, commentando la resistenza del popolo italiano all&#8217;egemonia socialcomunista degli anni Settanta del XX Secolo, la \u00ablezione italiana\u00bb.<\/p>\n<p style=\"text-align: justify;\">Da un lato il Sessantotto, compiuta la Rivoluzione culturale in nome della negazione dell&#8217;autorit\u00e0, falsifica il desiderio di giustizia e di felicit\u00e0 delle giovani generazioni e si suicida negli esiti della cultura della morte, con il terrorismo, il diritto all&#8217;aborto, l&#8217;annientamento attraverso l&#8217;eutanasia e la libert\u00e0 di droga.<\/p>\n<p style=\"text-align: justify;\">Dall&#8217;altro, dopo la caduta del Muro di Berlino (1989), la fine dell&#8217;Unione Sovietica (1991) e l&#8217;attacco terroristico agli Usa l&#8217;11 settembre 2001, l&#8217;Italia riscopre ancora una volta l&#8217;esistenza di un popolo, di un Paese reale non rappresentato da chi occupa i poteri politici, finanziari e massmediatici. Un popolo certamente aggredito in profondit\u00e0 dal processo di secolarizzazione accelerato dal Sessantotto, ma ancora radicato nella propria eredit\u00e0 cristiana, che se risvegliato e sollecitato dalle autorit\u00e0 sociali riconosciute e da minoranze attive e coese, \u00e8 capace di rispondere vigorosamente alle sfide nichiliste del laicismo e dello scientismo tecnocratico e a i quelle aggressive ed egemoniche del fondamentalismo islamico.<\/p>\n<p style=\"text-align: justify;\">II &#8220;ritorno di Dio&#8221; anche tra i giovani, l&#8217;omaggio di popolo reso alle vittime di Nassirya nel 2004, l&#8217;astensione attiva nel 2005 contro il referendum sulla legge 40, la risposta di oltre un milione di persone, nel Family day del maggio 2007, alle aggressioni legislative all&#8217;istituto familiare, manifestano la formazione e la diffusione di un&#8217;atmosfera di idee e di sentimenti che ritrova la speranza partendo dai valori permanenti della vita, della famiglia e delle libert\u00e0 concrete delle persone e delle comunit\u00e0.<\/p>\n<p style=\"text-align: justify;\">Una \u00ablezione italiana\u00bb per l&#8217;Europa, che costituisce una concreta via alternativa al laicismo e al fondamentalismo, fondata su una vera laicit\u00e0 e sul ritorno della speranza. Come ha scritto il card. Camillo Ruini illustrando il progetto culturale della Chiesa italiana nel 2002, anche il trauma provocato dal terrorismo islamico ha stimolato \u00abun risveglio religioso identitario nelle nazioni di matrice storica e cultura le cristiana\u00bb anche in Italia, sia a livello di popolo sia in una parte significativa della cultura &#8220;laica&#8221;.<\/p>\n<p style=\"text-align: justify;\">Da qui la possibilit\u00e0 della cultura cattolica di \u00abrispondere positivamente alle richieste, implicite nel risveglio identitario, che la fede cristiana possa alimentare, in un&#8217;ottica non confessionale, ossia pienamente rispettosa della libert\u00e0 religiosa e della distinzione tra Chiesa e Stato, una visione della vita e di alcuni fondamentali valori etici che forniscono la base dell&#8217;identit\u00e0 delle nostre nazioni: si ha cos\u00ec, tendenzialmente, il superamento della fase storica del laicismo e del secolarismo\u00bb (prolusione al IV Forum del Progetto culturale, Roma 3 dicembre 2002, in Camillo Ruini, <em>Nuovi segni dei tempi<\/em>, Mondadori, 2005).<\/p>\n<p style=\"text-align: justify;\"><strong>Impossibile?<\/strong><\/p>\n<p style=\"text-align: justify;\">Nel Sessantotto si scriveva sui muri: siate realisti: esigete l&#8217;impossibile. Ma proprio questa \u00e8 la lotta che dobbiamo intraprendere, persuasi \u00abche l&#8217;impossibile (ci\u00f2 che il mondo ritiene tale) \u00e8 la sola cosa necessaria\u00bb (S. Teresa D&#8217;Avila).<\/p>\n<p style=\"text-align: justify;\">_________________<\/p>\n<p style=\"text-align: justify;\"><strong>Enzo Peserico<\/strong> Gli <em>anni del desiderio e del piombo. Sessantotto, terrorismo e Rivoluzione.<\/em> Sugarco, pp 246<\/p>\n<p style=\"text-align: center;\"><strong><a href=\"http:\/\/www.theseuslibri.it\/product.asp?Id=1618\" target=\"_blank\">ACQUISTA<\/a><\/strong><\/p>\n","protected":false},"excerpt":{"rendered":"<p>Il Timone n.69 gennaio 2008 Una rivoluzione culturale. Un esito nichilistico. Una generazioni &#8220;ferita&#8221; e una speranza ritrovata nelle radici cristiane del popolo italiano. Il significato pi\u00f9 profondo del Sessantotto di Enzo Peserico<\/p><p><a class=\"more-link btn\" href=\"https:\/\/www.rassegnastampa-totustuus.it\/cattolica\/gli-anni-del-desiderio-e-del-piombo\/\">Continua a leggere<\/a><\/p>\n","protected":false},"author":6,"featured_media":32055,"comment_status":"closed","ping_status":"open","sticky":false,"template":"","format":"standard","meta":{"footnotes":""},"categories":[98,17,96],"tags":[1141,1496],"class_list":["post-2697","post","type-post","status-publish","format-standard","has-post-thumbnail","hentry","category-il-68","category-libri","category-storia-italiana","tag-anni-di-piombo","tag-il-68-2","item-wrap"],"yoast_head":"<!-- This site is optimized with the Yoast SEO plugin v27.4 - https:\/\/yoast.com\/product\/yoast-seo-wordpress\/ -->\n<title>Gli anni del desiderio e del piombo - Rassegna Stampa Cattolica<\/title>\n<meta name=\"description\" content=\"Rassegna Stampa Cattolica - Per una cultura che nasce dalla Rivelazione cristiana in conformit\u00e0 alla tradizione e al Magistero della Chiesa in opposizione ad ogni relativismo e totalitarismo\" \/>\n<meta name=\"robots\" content=\"index, follow, max-snippet:-1, max-image-preview:large, max-video-preview:-1\" \/>\n<link rel=\"canonical\" href=\"https:\/\/www.rassegnastampa-totustuus.it\/cattolica\/gli-anni-del-desiderio-e-del-piombo\/\" \/>\n<meta property=\"og:locale\" content=\"it_IT\" \/>\n<meta property=\"og:type\" content=\"article\" \/>\n<meta property=\"og:title\" content=\"Gli anni del desiderio e del piombo - Rassegna Stampa Cattolica\" \/>\n<meta property=\"og:description\" content=\"Rassegna Stampa Cattolica - Per una cultura che nasce dalla Rivelazione cristiana in conformit\u00e0 alla tradizione e al Magistero della Chiesa in opposizione ad ogni relativismo e totalitarismo\" \/>\n<meta property=\"og:url\" content=\"https:\/\/www.rassegnastampa-totustuus.it\/cattolica\/gli-anni-del-desiderio-e-del-piombo\/\" \/>\n<meta property=\"og:site_name\" content=\"Rassegna Stampa Cattolica\" \/>\n<meta property=\"article:publisher\" content=\"https:\/\/www.facebook.com\/rassegnastampacattolica\" \/>\n<meta property=\"article:published_time\" content=\"2009-03-02T12:46:08+00:00\" \/>\n<meta property=\"article:modified_time\" content=\"2016-03-23T08:20:52+00:00\" \/>\n<meta property=\"og:image\" content=\"https:\/\/www.rassegnastampa-totustuus.it\/cattolica\/wp-content\/uploads\/2009\/03\/sessantotto.jpg\" \/>\n\t<meta property=\"og:image:width\" content=\"271\" \/>\n\t<meta property=\"og:image:height\" content=\"186\" \/>\n\t<meta property=\"og:image:type\" content=\"image\/jpeg\" \/>\n<meta name=\"author\" content=\"Redazione\" \/>\n<meta name=\"twitter:card\" content=\"summary_large_image\" \/>\n<meta name=\"twitter:creator\" content=\"@rassegnastampa9\" \/>\n<meta name=\"twitter:site\" content=\"@rassegnastampa9\" \/>\n<meta name=\"twitter:label1\" content=\"Scritto da\" \/>\n\t<meta name=\"twitter:data1\" content=\"Redazione\" \/>\n\t<meta name=\"twitter:label2\" content=\"Tempo di lettura stimato\" \/>\n\t<meta name=\"twitter:data2\" content=\"9 minuti\" \/>\n<script type=\"application\/ld+json\" class=\"yoast-schema-graph\">{\"@context\":\"https:\\\/\\\/schema.org\",\"@graph\":[{\"@type\":\"Article\",\"@id\":\"https:\\\/\\\/www.rassegnastampa-totustuus.it\\\/cattolica\\\/gli-anni-del-desiderio-e-del-piombo\\\/#article\",\"isPartOf\":{\"@id\":\"https:\\\/\\\/www.rassegnastampa-totustuus.it\\\/cattolica\\\/gli-anni-del-desiderio-e-del-piombo\\\/\"},\"author\":{\"name\":\"Redazione\",\"@id\":\"https:\\\/\\\/www.rassegnastampa-totustuus.it\\\/cattolica\\\/#\\\/schema\\\/person\\\/08f319d2bd1a0904ad9e2bfb7b15e5c3\"},\"headline\":\"Gli anni del desiderio e del piombo\",\"datePublished\":\"2009-03-02T12:46:08+00:00\",\"dateModified\":\"2016-03-23T08:20:52+00:00\",\"mainEntityOfPage\":{\"@id\":\"https:\\\/\\\/www.rassegnastampa-totustuus.it\\\/cattolica\\\/gli-anni-del-desiderio-e-del-piombo\\\/\"},\"wordCount\":1771,\"publisher\":{\"@id\":\"https:\\\/\\\/www.rassegnastampa-totustuus.it\\\/cattolica\\\/#organization\"},\"image\":{\"@id\":\"https:\\\/\\\/www.rassegnastampa-totustuus.it\\\/cattolica\\\/gli-anni-del-desiderio-e-del-piombo\\\/#primaryimage\"},\"thumbnailUrl\":\"https:\\\/\\\/www.rassegnastampa-totustuus.it\\\/cattolica\\\/wp-content\\\/uploads\\\/2009\\\/03\\\/sessantotto.jpg\",\"keywords\":[\"anni di piombo\",\"il 68\"],\"articleSection\":[\"Il 68\",\"Libri\",\"Storia italiana\"],\"inLanguage\":\"it-IT\"},{\"@type\":\"WebPage\",\"@id\":\"https:\\\/\\\/www.rassegnastampa-totustuus.it\\\/cattolica\\\/gli-anni-del-desiderio-e-del-piombo\\\/\",\"url\":\"https:\\\/\\\/www.rassegnastampa-totustuus.it\\\/cattolica\\\/gli-anni-del-desiderio-e-del-piombo\\\/\",\"name\":\"Gli anni del desiderio e del piombo - Rassegna Stampa Cattolica\",\"isPartOf\":{\"@id\":\"https:\\\/\\\/www.rassegnastampa-totustuus.it\\\/cattolica\\\/#website\"},\"primaryImageOfPage\":{\"@id\":\"https:\\\/\\\/www.rassegnastampa-totustuus.it\\\/cattolica\\\/gli-anni-del-desiderio-e-del-piombo\\\/#primaryimage\"},\"image\":{\"@id\":\"https:\\\/\\\/www.rassegnastampa-totustuus.it\\\/cattolica\\\/gli-anni-del-desiderio-e-del-piombo\\\/#primaryimage\"},\"thumbnailUrl\":\"https:\\\/\\\/www.rassegnastampa-totustuus.it\\\/cattolica\\\/wp-content\\\/uploads\\\/2009\\\/03\\\/sessantotto.jpg\",\"datePublished\":\"2009-03-02T12:46:08+00:00\",\"dateModified\":\"2016-03-23T08:20:52+00:00\",\"description\":\"Rassegna Stampa Cattolica - Per una cultura che nasce dalla Rivelazione cristiana in conformit\u00e0 alla tradizione e al Magistero della Chiesa in opposizione ad ogni relativismo e totalitarismo\",\"breadcrumb\":{\"@id\":\"https:\\\/\\\/www.rassegnastampa-totustuus.it\\\/cattolica\\\/gli-anni-del-desiderio-e-del-piombo\\\/#breadcrumb\"},\"inLanguage\":\"it-IT\",\"potentialAction\":[{\"@type\":\"ReadAction\",\"target\":[\"https:\\\/\\\/www.rassegnastampa-totustuus.it\\\/cattolica\\\/gli-anni-del-desiderio-e-del-piombo\\\/\"]}]},{\"@type\":\"ImageObject\",\"inLanguage\":\"it-IT\",\"@id\":\"https:\\\/\\\/www.rassegnastampa-totustuus.it\\\/cattolica\\\/gli-anni-del-desiderio-e-del-piombo\\\/#primaryimage\",\"url\":\"https:\\\/\\\/www.rassegnastampa-totustuus.it\\\/cattolica\\\/wp-content\\\/uploads\\\/2009\\\/03\\\/sessantotto.jpg\",\"contentUrl\":\"https:\\\/\\\/www.rassegnastampa-totustuus.it\\\/cattolica\\\/wp-content\\\/uploads\\\/2009\\\/03\\\/sessantotto.jpg\",\"width\":271,\"height\":186},{\"@type\":\"BreadcrumbList\",\"@id\":\"https:\\\/\\\/www.rassegnastampa-totustuus.it\\\/cattolica\\\/gli-anni-del-desiderio-e-del-piombo\\\/#breadcrumb\",\"itemListElement\":[{\"@type\":\"ListItem\",\"position\":1,\"name\":\"Home\",\"item\":\"https:\\\/\\\/www.rassegnastampa-totustuus.it\\\/cattolica\\\/\"},{\"@type\":\"ListItem\",\"position\":2,\"name\":\"Gli anni del desiderio e del piombo\"}]},{\"@type\":\"WebSite\",\"@id\":\"https:\\\/\\\/www.rassegnastampa-totustuus.it\\\/cattolica\\\/#website\",\"url\":\"https:\\\/\\\/www.rassegnastampa-totustuus.it\\\/cattolica\\\/\",\"name\":\"Rassegna Stampa Cattolica\",\"description\":\"Per una cultura che nasce dalla Rivelazione cristiana in conformit\u00e0 alla tradizione e al Magistero della Chiesa in opposizione ad ogni relativismo e totalitarismo\",\"publisher\":{\"@id\":\"https:\\\/\\\/www.rassegnastampa-totustuus.it\\\/cattolica\\\/#organization\"},\"alternateName\":\"Rass. Cattolica\",\"potentialAction\":[{\"@type\":\"SearchAction\",\"target\":{\"@type\":\"EntryPoint\",\"urlTemplate\":\"https:\\\/\\\/www.rassegnastampa-totustuus.it\\\/cattolica\\\/?s={search_term_string}\"},\"query-input\":{\"@type\":\"PropertyValueSpecification\",\"valueRequired\":true,\"valueName\":\"search_term_string\"}}],\"inLanguage\":\"it-IT\"},{\"@type\":\"Organization\",\"@id\":\"https:\\\/\\\/www.rassegnastampa-totustuus.it\\\/cattolica\\\/#organization\",\"name\":\"Rassegna Stampa Cattolica\",\"url\":\"https:\\\/\\\/www.rassegnastampa-totustuus.it\\\/cattolica\\\/\",\"logo\":{\"@type\":\"ImageObject\",\"inLanguage\":\"it-IT\",\"@id\":\"https:\\\/\\\/www.rassegnastampa-totustuus.it\\\/cattolica\\\/#\\\/schema\\\/logo\\\/image\\\/\",\"url\":\"https:\\\/\\\/www.rassegnastampa-totustuus.it\\\/cattolica\\\/wp-content\\\/uploads\\\/2014\\\/04\\\/logo-rassegna1.gif\",\"contentUrl\":\"https:\\\/\\\/www.rassegnastampa-totustuus.it\\\/cattolica\\\/wp-content\\\/uploads\\\/2014\\\/04\\\/logo-rassegna1.gif\",\"width\":600,\"height\":163,\"caption\":\"Rassegna Stampa Cattolica\"},\"image\":{\"@id\":\"https:\\\/\\\/www.rassegnastampa-totustuus.it\\\/cattolica\\\/#\\\/schema\\\/logo\\\/image\\\/\"},\"sameAs\":[\"https:\\\/\\\/www.facebook.com\\\/rassegnastampacattolica\",\"https:\\\/\\\/x.com\\\/rassegnastampa9\"]},{\"@type\":\"Person\",\"@id\":\"https:\\\/\\\/www.rassegnastampa-totustuus.it\\\/cattolica\\\/#\\\/schema\\\/person\\\/08f319d2bd1a0904ad9e2bfb7b15e5c3\",\"name\":\"Redazione\",\"image\":{\"@type\":\"ImageObject\",\"inLanguage\":\"it-IT\",\"@id\":\"https:\\\/\\\/secure.gravatar.com\\\/avatar\\\/2fcdf27c78ea025fbdb44e914cc63c72249ffec9dc8aafd5c82b26240ef3f346?s=96&d=mm&r=g\",\"url\":\"https:\\\/\\\/secure.gravatar.com\\\/avatar\\\/2fcdf27c78ea025fbdb44e914cc63c72249ffec9dc8aafd5c82b26240ef3f346?s=96&d=mm&r=g\",\"contentUrl\":\"https:\\\/\\\/secure.gravatar.com\\\/avatar\\\/2fcdf27c78ea025fbdb44e914cc63c72249ffec9dc8aafd5c82b26240ef3f346?s=96&d=mm&r=g\",\"caption\":\"Redazione\"},\"url\":\"https:\\\/\\\/www.rassegnastampa-totustuus.it\\\/cattolica\\\/author\\\/pietroelle\\\/\"}]}<\/script>\n<!-- \/ Yoast SEO plugin. -->","yoast_head_json":{"title":"Gli anni del desiderio e del piombo - Rassegna Stampa Cattolica","description":"Rassegna Stampa Cattolica - Per una cultura che nasce dalla Rivelazione cristiana in conformit\u00e0 alla tradizione e al Magistero della Chiesa in opposizione ad ogni relativismo e totalitarismo","robots":{"index":"index","follow":"follow","max-snippet":"max-snippet:-1","max-image-preview":"max-image-preview:large","max-video-preview":"max-video-preview:-1"},"canonical":"https:\/\/www.rassegnastampa-totustuus.it\/cattolica\/gli-anni-del-desiderio-e-del-piombo\/","og_locale":"it_IT","og_type":"article","og_title":"Gli anni del desiderio e del piombo - Rassegna Stampa Cattolica","og_description":"Rassegna Stampa Cattolica - Per una cultura che nasce dalla Rivelazione cristiana in conformit\u00e0 alla tradizione e al Magistero della Chiesa in opposizione ad ogni relativismo e totalitarismo","og_url":"https:\/\/www.rassegnastampa-totustuus.it\/cattolica\/gli-anni-del-desiderio-e-del-piombo\/","og_site_name":"Rassegna Stampa Cattolica","article_publisher":"https:\/\/www.facebook.com\/rassegnastampacattolica","article_published_time":"2009-03-02T12:46:08+00:00","article_modified_time":"2016-03-23T08:20:52+00:00","og_image":[{"width":271,"height":186,"url":"https:\/\/www.rassegnastampa-totustuus.it\/cattolica\/wp-content\/uploads\/2009\/03\/sessantotto.jpg","type":"image\/jpeg"}],"author":"Redazione","twitter_card":"summary_large_image","twitter_creator":"@rassegnastampa9","twitter_site":"@rassegnastampa9","twitter_misc":{"Scritto da":"Redazione","Tempo di lettura stimato":"9 minuti"},"schema":{"@context":"https:\/\/schema.org","@graph":[{"@type":"Article","@id":"https:\/\/www.rassegnastampa-totustuus.it\/cattolica\/gli-anni-del-desiderio-e-del-piombo\/#article","isPartOf":{"@id":"https:\/\/www.rassegnastampa-totustuus.it\/cattolica\/gli-anni-del-desiderio-e-del-piombo\/"},"author":{"name":"Redazione","@id":"https:\/\/www.rassegnastampa-totustuus.it\/cattolica\/#\/schema\/person\/08f319d2bd1a0904ad9e2bfb7b15e5c3"},"headline":"Gli anni del desiderio e del piombo","datePublished":"2009-03-02T12:46:08+00:00","dateModified":"2016-03-23T08:20:52+00:00","mainEntityOfPage":{"@id":"https:\/\/www.rassegnastampa-totustuus.it\/cattolica\/gli-anni-del-desiderio-e-del-piombo\/"},"wordCount":1771,"publisher":{"@id":"https:\/\/www.rassegnastampa-totustuus.it\/cattolica\/#organization"},"image":{"@id":"https:\/\/www.rassegnastampa-totustuus.it\/cattolica\/gli-anni-del-desiderio-e-del-piombo\/#primaryimage"},"thumbnailUrl":"https:\/\/www.rassegnastampa-totustuus.it\/cattolica\/wp-content\/uploads\/2009\/03\/sessantotto.jpg","keywords":["anni di piombo","il 68"],"articleSection":["Il 68","Libri","Storia italiana"],"inLanguage":"it-IT"},{"@type":"WebPage","@id":"https:\/\/www.rassegnastampa-totustuus.it\/cattolica\/gli-anni-del-desiderio-e-del-piombo\/","url":"https:\/\/www.rassegnastampa-totustuus.it\/cattolica\/gli-anni-del-desiderio-e-del-piombo\/","name":"Gli anni del desiderio e del piombo - Rassegna Stampa Cattolica","isPartOf":{"@id":"https:\/\/www.rassegnastampa-totustuus.it\/cattolica\/#website"},"primaryImageOfPage":{"@id":"https:\/\/www.rassegnastampa-totustuus.it\/cattolica\/gli-anni-del-desiderio-e-del-piombo\/#primaryimage"},"image":{"@id":"https:\/\/www.rassegnastampa-totustuus.it\/cattolica\/gli-anni-del-desiderio-e-del-piombo\/#primaryimage"},"thumbnailUrl":"https:\/\/www.rassegnastampa-totustuus.it\/cattolica\/wp-content\/uploads\/2009\/03\/sessantotto.jpg","datePublished":"2009-03-02T12:46:08+00:00","dateModified":"2016-03-23T08:20:52+00:00","description":"Rassegna Stampa Cattolica - Per una cultura che nasce dalla Rivelazione cristiana in conformit\u00e0 alla tradizione e al Magistero della Chiesa in opposizione ad ogni relativismo e totalitarismo","breadcrumb":{"@id":"https:\/\/www.rassegnastampa-totustuus.it\/cattolica\/gli-anni-del-desiderio-e-del-piombo\/#breadcrumb"},"inLanguage":"it-IT","potentialAction":[{"@type":"ReadAction","target":["https:\/\/www.rassegnastampa-totustuus.it\/cattolica\/gli-anni-del-desiderio-e-del-piombo\/"]}]},{"@type":"ImageObject","inLanguage":"it-IT","@id":"https:\/\/www.rassegnastampa-totustuus.it\/cattolica\/gli-anni-del-desiderio-e-del-piombo\/#primaryimage","url":"https:\/\/www.rassegnastampa-totustuus.it\/cattolica\/wp-content\/uploads\/2009\/03\/sessantotto.jpg","contentUrl":"https:\/\/www.rassegnastampa-totustuus.it\/cattolica\/wp-content\/uploads\/2009\/03\/sessantotto.jpg","width":271,"height":186},{"@type":"BreadcrumbList","@id":"https:\/\/www.rassegnastampa-totustuus.it\/cattolica\/gli-anni-del-desiderio-e-del-piombo\/#breadcrumb","itemListElement":[{"@type":"ListItem","position":1,"name":"Home","item":"https:\/\/www.rassegnastampa-totustuus.it\/cattolica\/"},{"@type":"ListItem","position":2,"name":"Gli anni del desiderio e del piombo"}]},{"@type":"WebSite","@id":"https:\/\/www.rassegnastampa-totustuus.it\/cattolica\/#website","url":"https:\/\/www.rassegnastampa-totustuus.it\/cattolica\/","name":"Rassegna Stampa Cattolica","description":"Per una cultura che nasce dalla Rivelazione cristiana in conformit\u00e0 alla tradizione e al Magistero della Chiesa in opposizione ad ogni relativismo e totalitarismo","publisher":{"@id":"https:\/\/www.rassegnastampa-totustuus.it\/cattolica\/#organization"},"alternateName":"Rass. Cattolica","potentialAction":[{"@type":"SearchAction","target":{"@type":"EntryPoint","urlTemplate":"https:\/\/www.rassegnastampa-totustuus.it\/cattolica\/?s={search_term_string}"},"query-input":{"@type":"PropertyValueSpecification","valueRequired":true,"valueName":"search_term_string"}}],"inLanguage":"it-IT"},{"@type":"Organization","@id":"https:\/\/www.rassegnastampa-totustuus.it\/cattolica\/#organization","name":"Rassegna Stampa Cattolica","url":"https:\/\/www.rassegnastampa-totustuus.it\/cattolica\/","logo":{"@type":"ImageObject","inLanguage":"it-IT","@id":"https:\/\/www.rassegnastampa-totustuus.it\/cattolica\/#\/schema\/logo\/image\/","url":"https:\/\/www.rassegnastampa-totustuus.it\/cattolica\/wp-content\/uploads\/2014\/04\/logo-rassegna1.gif","contentUrl":"https:\/\/www.rassegnastampa-totustuus.it\/cattolica\/wp-content\/uploads\/2014\/04\/logo-rassegna1.gif","width":600,"height":163,"caption":"Rassegna Stampa Cattolica"},"image":{"@id":"https:\/\/www.rassegnastampa-totustuus.it\/cattolica\/#\/schema\/logo\/image\/"},"sameAs":["https:\/\/www.facebook.com\/rassegnastampacattolica","https:\/\/x.com\/rassegnastampa9"]},{"@type":"Person","@id":"https:\/\/www.rassegnastampa-totustuus.it\/cattolica\/#\/schema\/person\/08f319d2bd1a0904ad9e2bfb7b15e5c3","name":"Redazione","image":{"@type":"ImageObject","inLanguage":"it-IT","@id":"https:\/\/secure.gravatar.com\/avatar\/2fcdf27c78ea025fbdb44e914cc63c72249ffec9dc8aafd5c82b26240ef3f346?s=96&d=mm&r=g","url":"https:\/\/secure.gravatar.com\/avatar\/2fcdf27c78ea025fbdb44e914cc63c72249ffec9dc8aafd5c82b26240ef3f346?s=96&d=mm&r=g","contentUrl":"https:\/\/secure.gravatar.com\/avatar\/2fcdf27c78ea025fbdb44e914cc63c72249ffec9dc8aafd5c82b26240ef3f346?s=96&d=mm&r=g","caption":"Redazione"},"url":"https:\/\/www.rassegnastampa-totustuus.it\/cattolica\/author\/pietroelle\/"}]}},"_links":{"self":[{"href":"https:\/\/www.rassegnastampa-totustuus.it\/cattolica\/wp-json\/wp\/v2\/posts\/2697","targetHints":{"allow":["GET"]}}],"collection":[{"href":"https:\/\/www.rassegnastampa-totustuus.it\/cattolica\/wp-json\/wp\/v2\/posts"}],"about":[{"href":"https:\/\/www.rassegnastampa-totustuus.it\/cattolica\/wp-json\/wp\/v2\/types\/post"}],"author":[{"embeddable":true,"href":"https:\/\/www.rassegnastampa-totustuus.it\/cattolica\/wp-json\/wp\/v2\/users\/6"}],"replies":[{"embeddable":true,"href":"https:\/\/www.rassegnastampa-totustuus.it\/cattolica\/wp-json\/wp\/v2\/comments?post=2697"}],"version-history":[{"count":4,"href":"https:\/\/www.rassegnastampa-totustuus.it\/cattolica\/wp-json\/wp\/v2\/posts\/2697\/revisions"}],"predecessor-version":[{"id":32056,"href":"https:\/\/www.rassegnastampa-totustuus.it\/cattolica\/wp-json\/wp\/v2\/posts\/2697\/revisions\/32056"}],"wp:featuredmedia":[{"embeddable":true,"href":"https:\/\/www.rassegnastampa-totustuus.it\/cattolica\/wp-json\/wp\/v2\/media\/32055"}],"wp:attachment":[{"href":"https:\/\/www.rassegnastampa-totustuus.it\/cattolica\/wp-json\/wp\/v2\/media?parent=2697"}],"wp:term":[{"taxonomy":"category","embeddable":true,"href":"https:\/\/www.rassegnastampa-totustuus.it\/cattolica\/wp-json\/wp\/v2\/categories?post=2697"},{"taxonomy":"post_tag","embeddable":true,"href":"https:\/\/www.rassegnastampa-totustuus.it\/cattolica\/wp-json\/wp\/v2\/tags?post=2697"}],"curies":[{"name":"wp","href":"https:\/\/api.w.org\/{rel}","templated":true}]}}