{"id":26951,"date":"2015-10-08T00:00:46","date_gmt":"2015-10-07T22:00:46","guid":{"rendered":"http:\/\/www.rassegnastampa-totustuus.it\/cattolica\/?p=26951"},"modified":"2015-10-01T10:30:12","modified_gmt":"2015-10-01T08:30:12","slug":"se-non-nascono-piu-figli-litalia-verso-il-suicidio-demografico","status":"publish","type":"post","link":"https:\/\/www.rassegnastampa-totustuus.it\/cattolica\/se-non-nascono-piu-figli-litalia-verso-il-suicidio-demografico\/","title":{"rendered":"Se non nascono pi\u00f9 figli&#8230; L\u2019Italia verso il suicidio demografico"},"content":{"rendered":"<p style=\"text-align: center;\"><strong><a href=\"https:\/\/www.rassegnastampa-totustuus.it\/cattolica\/wp-content\/uploads\/2015\/10\/Gotti_Tedeschi.jpg\"><img loading=\"lazy\" decoding=\"async\" class=\"alignright wp-image-26952\" src=\"https:\/\/www.rassegnastampa-totustuus.it\/cattolica\/wp-content\/uploads\/2015\/10\/Gotti_Tedeschi.jpg\" alt=\"Gotti_Tedeschi\" width=\"250\" height=\"166\" \/><\/a>La Roccia<\/strong> n. 5 settembre-ottobre 2015<\/p>\n<p style=\"text-align: justify;\"><em>Ettore Gotti Tedeschi, economista, presidente in Italia di una banca internazionale, gi\u00e0 presidente dello lor, l&#8217;Istituto per le opere di religione. \u00c8 soprattutto conosciuto per avere contribuito in modo importante a diffondere l&#8217;idea che l&#8217;inverno demografico, cio\u00e8 il fatto che in Italia dagli anni &#8217;70 nascano sempre meno bambini, non sia una delle tante problematiche che affliggono il Bel Paese, ma sia la questione che ha originato la crisi economica che stiamo vivendo e dalla quale non si riesce a uscire, volendo negarne le vere origini. Gli abbiamo chiesto qualche indicazione per comprendere la crisi economica che sembra attanagliare l&#8217;Europa.<\/em><\/p>\n<p style=\"text-align: center;\">a cura di<strong> Marco Invernizzi<\/strong><\/p>\n<p style=\"text-align: center;\"><!--more--><\/p>\n<p style=\"text-align: justify;\"><strong>Una causa morale e culturale, dunque, all&#8217;origine della crisi economica&#8230; Ci spieghi come \u00e8 pervenuto a questa convinzione.<\/strong><\/p>\n<p style=\"text-align: justify;\">Mi misi a studiare le tendenze dell&#8217;impatto economico e finanziario sulla crisi demografica. Erano gli anni 70 del secolo scorso e la crisi demografica in Occidente, almeno in Italia, non era ancora visibile, n\u00e9 era percepita. Eppure, un modello culturale neomalthusiano cominci\u00f2 a circolare e a diventare di moda nella cultura italiana e occidentale. Mi resi conto, progressivamente, che questo impatto sarebbe stato epocale, cio\u00e8 cominciai a percepire che la crisi scaturita dal crollo della natalit\u00e0 in Occidente avrebbe provocato dei cambiamenti radicali nella vita pubblica ed economica delle nazioni.<\/p>\n<p style=\"text-align: justify;\">Chi si opponeva a questa visione del mondo emergente veniva escluso dagli ambienti importanti e trattato come un retrogrado. Fu il caso di Colin Clark (1905-1989), lo studioso anglo-australiano che entr\u00f2 in conflitto con la Fao, l&#8217;organizzazione delle Nazioni Unite per l&#8217;alimentazione e l&#8217;agricoltura, spiegando, attraverso i suoi studi di statistica, che la sovrappopolazione era un mito infondato da un punto di vista scientifico. La tesi contro cui combatt\u00e9 Clark era sostanzialmente contenuta nel mito della sovrappopolazione, lo cominciai a studiare soprattutto l&#8217;impatto finanziario e sui risparmi di questa tesi, che avrebbe creato problemi monetari creditizi per il sistema bancario (e perci\u00f2 con gravi ripercussioni sugli investimenti e sullo sviluppo).<\/p>\n<p style=\"text-align: justify;\">Chi alimenta la base monetaria del sistema bancario, che poi permette di aiutare le famiglie e le imprese con l&#8217;elargizione del credito, \u00e8 il flusso di liquidit\u00e0 generato dalle imprese e dalle famiglie, a sua volta generato dalla crescita reale del prodotto interno lordo (pil) di una nazione. Ma il pil aumenta realmente soltanto se cresce la popolazione, mentre decresce con la diminuzione della popolazione. Le eccezioni riguardano la crescita di esportazioni o una maggiore produttivit\u00e0, esattamente il caso opposto di ci\u00f2 che avvenne.<\/p>\n<p style=\"text-align: justify;\">Ancora negli anni 70 la popolazione italiana risparmiava il 25% circa dei guadagni, mentre oggi questa quota si \u00e8 ridotta al 5%. Un popolo di risparmiatori si \u00e8 trasformato in un popolo di consumatori, perch\u00e9 il centro della societ\u00e0 \u00e8 diventato l&#8217;individuo al posto della famiglia. Il fenomeno di trasformazione dell&#8217;Occidente intero (Usa ed Europa, anche se in contesti differenti) in un&#8217;area di consumatori sempre meno produttori e invece dei Paesi asiatici (dove si trasferirono le produzioni) in Paesi produttori e non ancora consumatori, \u00e8 l&#8217;origine di questo nuovo ordine economico mondiale, di cui sembra non vogliamo renderci conto appieno.<\/p>\n<p style=\"text-align: justify;\">Un sistema economico basato sui consumi, di fronte alla diminuzione del pil, ha bisogno di far crescere i consumi e per fare questo deve trasferire i risparmi in consumi. Questo \u00e8 precisamente quello che \u00e8 avvenuto in questi trent&#8217;anni: una progressiva eccitazione dei consumi individuali attraverso una pubblicit\u00e0 sempre pi\u00f9 sofisticata, favorita dal fatto che il <em>single<\/em>, per definizione, \u00e8 un consumatore rispetto alla famiglia che, invece, tende a risparmiare.<\/p>\n<p style=\"text-align: justify;\"><strong>Ma la crisi non si \u00e8 fermata&#8230;<\/strong><\/p>\n<p style=\"text-align: justify;\">E infatti le banche sono state costrette a inventarsi i prodotti derivati per fare fronte a questa crisi, cio\u00e8 per trovare uno strumento finanziario che permettesse di creare &#8220;artificialmente&#8221; quei flussi di liquidit\u00e0 necessari a finanziare la crescita necessaria dei consumi, indispensabile a sostenere la crescita del pil in mancanza di crescita della popolazione.<\/p>\n<p style=\"text-align: justify;\"><strong>Ma in che cosa consistono questi prodotti derivati e in che modo hanno avuto un ruolo importante nella crisi del 2008?<\/strong><\/p>\n<p style=\"text-align: justify;\">Il derivato \u00e8 un valore finanziario che dipende da un altro valore sottostante, che normalmente \u00e8 un valore reale. Tecnicamente sono prodotti legati a previsioni di andamento dei mercati, opzioni di acquisto o vendita, compensazioni fra operazioni, ecc. In parole meno tecniche sono modelli (di per s\u00e9 corretti) per creare redditivit\u00e0, liquidit\u00e0, ecc. In parole semplicissime, soprattutto quando questi prodotti sono lasciati alla libert\u00e0 della creativit\u00e0 dei banchieri, i derivati equivalgono alla &#8220;moltiplicazione dei pani e dei pesci&#8221; senza un vero miracolo.<\/p>\n<p style=\"text-align: justify;\">I pani e pesci moltiplicati sono la finanza necessaria, soprattutto quando questa \u00e8 inferiore alle necessit\u00e0 di un sistema che sostiene con il debito una struttura economica insostenibile.<\/p>\n<p style=\"text-align: justify;\">Per fare fronte alla crisi si \u00e8 spostata la produzione industriale nei paesi in via di sviluppo, in particolare in Asia, dove il costo della manodopera \u00e8 molto pi\u00f9 basso<\/p>\n<p style=\"text-align: justify;\">Si tratta del fenomeno della delocalizzazione, che per\u00f2 ha di fatto portato alla deindustrializzazione dei Paesi occidentali, che hanno spostato la loro produzione all\u2019estero. E contemporaneamente ha creato uno sviluppo economico troppo accelerato in Paesi in via di sviluppo. E questo ha creato altri problemi di squilibrio socioeconomico e ambientali, quelli che papa Francesco rileva in <em>Laudato s\u00ec<\/em>. Se si volesse fare un&#8217;analisi opportuna sullo squilibrio ambientale che si \u00e8 prodotto negli ultimi decenni potremmo scoprire che anch&#8217;esso \u00e8 dovuto al crollo, per ragioni egoistiche, della popolazione nel mondo occidentale e non invece alla crescita della stessa nel resto del mondo. Ma i consiglieri del Papa nella stesura dell&#8217;enciclica si son ben guardati dallo spiegarglielo\u2026<\/p>\n<p style=\"text-align: justify;\"><strong>Nel frattempo la popolazione occidentale \u00e8 invecchiata.<\/strong><\/p>\n<p style=\"text-align: justify;\">Crescita zero della popolazione significa che il numero di abitanti resta magari anche uguale, ma cambia la struttura della popolazione, cambia la sua composizione, diminuisce proporzionatamente il numero dei giovani che producono, diminuisce il numero di famiglie che si formano, crescono invece esponenzialmente i vecchi che vanno in pensione e rappresentano un onere sociale sempre pi\u00f9 alto per un contributo sempre pi\u00f9 basso. Per fare fronte a questo problema, gli Stati, in particolare quello italiano, hanno ritenuto di aumentare di molto l&#8217;imposizione fiscale, che oltretutto \u00e8 andata a gravare sulle famiglie, favorendo invece i <em>single<\/em>.<\/p>\n<p style=\"text-align: justify;\">Anche questa \u00e8 una conseguenza diretta della scelta culturale di privilegiare l&#8217;individuo come base portante del corpo sociale rispetto alla famiglia. Tuttavia la crescita della imposizione fiscale (quasi raddoppiata in Italia tra il 1975 e il 2005) non ha soltanto ridotto il reddito delle famiglie, ma anche quello delle imprese, che conseguentemente hanno ridotto sempre pi\u00f9 gli investimenti. Delocalizzazione da una parte e riduzione degli investimenti produttivi dall&#8217;altra spiegano perch\u00e9 oggi abbiamo un 35% di disoccupazione giovanile&#8230; Ma non \u00e8 finita qui. Per compensare questi fenomeni si \u00e8 incoraggiato il consumismo a debito delle famiglie, che da risparmiatrici che erano sono diventate indebitate e sempre meno indipendenti&#8230;<\/p>\n<p style=\"text-align: justify;\"><strong>Che cosa potrebbe fare uno Stato per aiutare la soluzione della crisi demografica, per esempio in Italia?<\/strong><\/p>\n<p style=\"text-align: justify;\">Dovrebbe anzitutto prendere atto che la crisi \u00e8 antropologica, prima che economica e finanziaria. E di conseguenza cercare dei modelli che possano ispirare una soluzione, non tanto tecnica, ma appunto culturale. Da questo punto di vista la Chiesa ha fatto il suo dovere, con il suo Magistero sociale che, dalla <em>Rerum novarum<\/em> (1891) in poi, racconta agli Stati come provare a uscire dalla crisi: in particolare nella prima enciclica di papa Francesco, la <em>Lumen fidei<\/em> (2013), si possono trovare molti spunti importanti.<\/p>\n<p style=\"text-align: justify;\">Chiaramente la Chiesa non fornisce soluzioni tecniche, ma nel suo insegnamento c&#8217;\u00e8 una saggezza che potrebbe ispirare soluzioni adeguate e soprattutto la convinzione che non si esce dalla crisi cambiando gli strumenti, ma mutando i criteri di giudizio dell&#8217;uomo, in sintesi la sua cultura, quella che spiega il senso della vita&#8230; La Chiesa ha fatto il suo dovere, ha parlato con il suo Magistero, ma non \u00e8 stata ascoltata, neppure da molti preti. L&#8217;uomo contemporaneo, che ha perso il senso della vita e quindi il senso delle proprie azioni, in quel Magistero potrebbe trovare quel punto di riferimento che cerca disperatamente, anche se magari in modo inconscio.<\/p>\n<p style=\"text-align: justify;\"><strong>Un&#8217;ultima domanda, di estrema attualit\u00e0: che cosa \u00e8 successo in Grecia e quali conseguenze potrebbero derivare da questa crisi che sembra intaccare l&#8217;Unione Europea?<\/strong><\/p>\n<p style=\"text-align: justify;\">Una spiegazione sostenibile non \u00e8 semplice in poche righe. Potrei rispondere che la Grecia entra nella globalizzazione accelerata con un ruolo minimo, entra nell&#8217;euro essendo molto debole, senza strategie economiche industriali e produttive, con un debito gi\u00e0 alto e altri fattori di debolezza. Nel 2008, quando la crisi fa boom negli Usa e questi devono nazionalizzare il debito delle famiglie americane (utilizzato per dieci anni per drogare la crescita del pil) al fine di salvare dal fallimento le banche, il debito Usa incrementato viene collocato in gran parte su Paesi che sottoscrivevano il debito greco (e anche quello italiano&#8230;).<\/p>\n<p style=\"text-align: justify;\">Il debito greco comincia a costare pi\u00f9 caro (a causa degli spread generati dagli apprezzamenti delle agenzie di rating americane). La Grecia, gi\u00e0 debole e senza strategia politica ed economica, non regge. L&#8217;Europa fa finta di non capire ci\u00f2 che sta suc\u00adcedendo, e cos\u00ec siamo arrivati a oggi. Questo spiega perch\u00e9 alla fine Tsipras si \u00e8 rivolto a Obama e quest&#8217;ultimo \u00e8 intervenuto dimostrando che il problema della Grecia non \u00e8 unicamente europeo.<\/p>\n","protected":false},"excerpt":{"rendered":"<p>La Roccia n. 5 settembre-ottobre 2015 Ettore Gotti Tedeschi, economista, presidente in Italia di una banca internazionale, gi\u00e0 presidente dello lor, l&#8217;Istituto per le opere di religione. \u00c8 soprattutto conosciuto per avere contribuito in modo importante a diffondere l&#8217;idea che l&#8217;inverno demografico, cio\u00e8 il fatto che in Italia dagli anni &#8217;70 nascano sempre meno bambini, &hellip; <\/p>\n<p><a class=\"more-link btn\" href=\"https:\/\/www.rassegnastampa-totustuus.it\/cattolica\/se-non-nascono-piu-figli-litalia-verso-il-suicidio-demografico\/\">Continua a leggere<\/a><\/p>\n","protected":false},"author":6,"featured_media":26952,"comment_status":"closed","ping_status":"closed","sticky":false,"template":"","format":"standard","meta":{"footnotes":""},"categories":[9,13],"tags":[1212,342,1281],"class_list":["post-26951","post","type-post","status-publish","format-standard","has-post-thumbnail","hentry","category-demografia","category-economia","tag-crisi-demografica","tag-crisi-economica","tag-decrescita","item-wrap"],"yoast_head":"<!-- This site is optimized with the Yoast SEO plugin v27.5 - https:\/\/yoast.com\/product\/yoast-seo-wordpress\/ -->\n<title>Se non nascono pi\u00f9 figli... L\u2019Italia verso il suicidio demografico - Rassegna Stampa Cattolica<\/title>\n<meta name=\"description\" content=\"Rassegna Stampa Cattolica - Per una cultura che nasce dalla Rivelazione cristiana in conformit\u00e0 alla tradizione e al Magistero della Chiesa in opposizione ad ogni relativismo e totalitarismo\" \/>\n<meta name=\"robots\" content=\"index, follow, max-snippet:-1, max-image-preview:large, max-video-preview:-1\" \/>\n<link rel=\"canonical\" href=\"https:\/\/www.rassegnastampa-totustuus.it\/cattolica\/se-non-nascono-piu-figli-litalia-verso-il-suicidio-demografico\/\" \/>\n<meta property=\"og:locale\" content=\"it_IT\" \/>\n<meta property=\"og:type\" content=\"article\" \/>\n<meta property=\"og:title\" content=\"Se non nascono pi\u00f9 figli... L\u2019Italia verso il suicidio demografico - Rassegna Stampa Cattolica\" \/>\n<meta property=\"og:description\" content=\"Rassegna Stampa Cattolica - Per una cultura che nasce dalla Rivelazione cristiana in conformit\u00e0 alla tradizione e al Magistero della Chiesa in opposizione ad ogni relativismo e totalitarismo\" \/>\n<meta property=\"og:url\" content=\"https:\/\/www.rassegnastampa-totustuus.it\/cattolica\/se-non-nascono-piu-figli-litalia-verso-il-suicidio-demografico\/\" \/>\n<meta property=\"og:site_name\" content=\"Rassegna Stampa Cattolica\" \/>\n<meta property=\"article:publisher\" content=\"https:\/\/www.facebook.com\/rassegnastampacattolica\" \/>\n<meta property=\"article:published_time\" content=\"2015-10-07T22:00:46+00:00\" \/>\n<meta property=\"og:image\" content=\"https:\/\/www.rassegnastampa-totustuus.it\/cattolica\/wp-content\/uploads\/2015\/10\/Gotti_Tedeschi.jpg\" \/>\n\t<meta property=\"og:image:width\" content=\"275\" \/>\n\t<meta property=\"og:image:height\" content=\"183\" \/>\n\t<meta property=\"og:image:type\" content=\"image\/jpeg\" \/>\n<meta name=\"author\" content=\"Redazione\" \/>\n<meta name=\"twitter:card\" content=\"summary_large_image\" \/>\n<meta name=\"twitter:creator\" content=\"@rassegnastampa9\" \/>\n<meta name=\"twitter:site\" content=\"@rassegnastampa9\" \/>\n<meta name=\"twitter:label1\" content=\"Scritto da\" \/>\n\t<meta name=\"twitter:data1\" content=\"Redazione\" \/>\n\t<meta name=\"twitter:label2\" content=\"Tempo di lettura stimato\" \/>\n\t<meta name=\"twitter:data2\" content=\"7 minuti\" \/>\n<script type=\"application\/ld+json\" class=\"yoast-schema-graph\">{\"@context\":\"https:\\\/\\\/schema.org\",\"@graph\":[{\"@type\":\"Article\",\"@id\":\"https:\\\/\\\/www.rassegnastampa-totustuus.it\\\/cattolica\\\/se-non-nascono-piu-figli-litalia-verso-il-suicidio-demografico\\\/#article\",\"isPartOf\":{\"@id\":\"https:\\\/\\\/www.rassegnastampa-totustuus.it\\\/cattolica\\\/se-non-nascono-piu-figli-litalia-verso-il-suicidio-demografico\\\/\"},\"author\":{\"name\":\"Redazione\",\"@id\":\"https:\\\/\\\/www.rassegnastampa-totustuus.it\\\/cattolica\\\/#\\\/schema\\\/person\\\/08f319d2bd1a0904ad9e2bfb7b15e5c3\"},\"headline\":\"Se non nascono pi\u00f9 figli&#8230; L\u2019Italia verso il suicidio demografico\",\"datePublished\":\"2015-10-07T22:00:46+00:00\",\"mainEntityOfPage\":{\"@id\":\"https:\\\/\\\/www.rassegnastampa-totustuus.it\\\/cattolica\\\/se-non-nascono-piu-figli-litalia-verso-il-suicidio-demografico\\\/\"},\"wordCount\":1529,\"publisher\":{\"@id\":\"https:\\\/\\\/www.rassegnastampa-totustuus.it\\\/cattolica\\\/#organization\"},\"image\":{\"@id\":\"https:\\\/\\\/www.rassegnastampa-totustuus.it\\\/cattolica\\\/se-non-nascono-piu-figli-litalia-verso-il-suicidio-demografico\\\/#primaryimage\"},\"thumbnailUrl\":\"https:\\\/\\\/www.rassegnastampa-totustuus.it\\\/cattolica\\\/wp-content\\\/uploads\\\/2015\\\/10\\\/Gotti_Tedeschi.jpg\",\"keywords\":[\"crisi demografica\",\"crisi economica\",\"decrescita\"],\"articleSection\":[\"Demografia\",\"Economia\"],\"inLanguage\":\"it-IT\"},{\"@type\":\"WebPage\",\"@id\":\"https:\\\/\\\/www.rassegnastampa-totustuus.it\\\/cattolica\\\/se-non-nascono-piu-figli-litalia-verso-il-suicidio-demografico\\\/\",\"url\":\"https:\\\/\\\/www.rassegnastampa-totustuus.it\\\/cattolica\\\/se-non-nascono-piu-figli-litalia-verso-il-suicidio-demografico\\\/\",\"name\":\"Se non nascono pi\u00f9 figli... L\u2019Italia verso il suicidio demografico - Rassegna Stampa Cattolica\",\"isPartOf\":{\"@id\":\"https:\\\/\\\/www.rassegnastampa-totustuus.it\\\/cattolica\\\/#website\"},\"primaryImageOfPage\":{\"@id\":\"https:\\\/\\\/www.rassegnastampa-totustuus.it\\\/cattolica\\\/se-non-nascono-piu-figli-litalia-verso-il-suicidio-demografico\\\/#primaryimage\"},\"image\":{\"@id\":\"https:\\\/\\\/www.rassegnastampa-totustuus.it\\\/cattolica\\\/se-non-nascono-piu-figli-litalia-verso-il-suicidio-demografico\\\/#primaryimage\"},\"thumbnailUrl\":\"https:\\\/\\\/www.rassegnastampa-totustuus.it\\\/cattolica\\\/wp-content\\\/uploads\\\/2015\\\/10\\\/Gotti_Tedeschi.jpg\",\"datePublished\":\"2015-10-07T22:00:46+00:00\",\"description\":\"Rassegna Stampa Cattolica - Per una cultura che nasce dalla Rivelazione cristiana in conformit\u00e0 alla tradizione e al Magistero della Chiesa in opposizione ad ogni relativismo e totalitarismo\",\"breadcrumb\":{\"@id\":\"https:\\\/\\\/www.rassegnastampa-totustuus.it\\\/cattolica\\\/se-non-nascono-piu-figli-litalia-verso-il-suicidio-demografico\\\/#breadcrumb\"},\"inLanguage\":\"it-IT\",\"potentialAction\":[{\"@type\":\"ReadAction\",\"target\":[\"https:\\\/\\\/www.rassegnastampa-totustuus.it\\\/cattolica\\\/se-non-nascono-piu-figli-litalia-verso-il-suicidio-demografico\\\/\"]}]},{\"@type\":\"ImageObject\",\"inLanguage\":\"it-IT\",\"@id\":\"https:\\\/\\\/www.rassegnastampa-totustuus.it\\\/cattolica\\\/se-non-nascono-piu-figli-litalia-verso-il-suicidio-demografico\\\/#primaryimage\",\"url\":\"https:\\\/\\\/www.rassegnastampa-totustuus.it\\\/cattolica\\\/wp-content\\\/uploads\\\/2015\\\/10\\\/Gotti_Tedeschi.jpg\",\"contentUrl\":\"https:\\\/\\\/www.rassegnastampa-totustuus.it\\\/cattolica\\\/wp-content\\\/uploads\\\/2015\\\/10\\\/Gotti_Tedeschi.jpg\",\"width\":275,\"height\":183},{\"@type\":\"BreadcrumbList\",\"@id\":\"https:\\\/\\\/www.rassegnastampa-totustuus.it\\\/cattolica\\\/se-non-nascono-piu-figli-litalia-verso-il-suicidio-demografico\\\/#breadcrumb\",\"itemListElement\":[{\"@type\":\"ListItem\",\"position\":1,\"name\":\"Home\",\"item\":\"https:\\\/\\\/www.rassegnastampa-totustuus.it\\\/cattolica\\\/\"},{\"@type\":\"ListItem\",\"position\":2,\"name\":\"Se non nascono pi\u00f9 figli&#8230; L\u2019Italia verso il suicidio demografico\"}]},{\"@type\":\"WebSite\",\"@id\":\"https:\\\/\\\/www.rassegnastampa-totustuus.it\\\/cattolica\\\/#website\",\"url\":\"https:\\\/\\\/www.rassegnastampa-totustuus.it\\\/cattolica\\\/\",\"name\":\"Rassegna Stampa Cattolica\",\"description\":\"Per una cultura che nasce dalla Rivelazione cristiana in conformit\u00e0 alla tradizione e al Magistero della Chiesa in opposizione ad ogni relativismo e totalitarismo\",\"publisher\":{\"@id\":\"https:\\\/\\\/www.rassegnastampa-totustuus.it\\\/cattolica\\\/#organization\"},\"alternateName\":\"Rass. Cattolica\",\"potentialAction\":[{\"@type\":\"SearchAction\",\"target\":{\"@type\":\"EntryPoint\",\"urlTemplate\":\"https:\\\/\\\/www.rassegnastampa-totustuus.it\\\/cattolica\\\/?s={search_term_string}\"},\"query-input\":{\"@type\":\"PropertyValueSpecification\",\"valueRequired\":true,\"valueName\":\"search_term_string\"}}],\"inLanguage\":\"it-IT\"},{\"@type\":\"Organization\",\"@id\":\"https:\\\/\\\/www.rassegnastampa-totustuus.it\\\/cattolica\\\/#organization\",\"name\":\"Rassegna Stampa Cattolica\",\"url\":\"https:\\\/\\\/www.rassegnastampa-totustuus.it\\\/cattolica\\\/\",\"logo\":{\"@type\":\"ImageObject\",\"inLanguage\":\"it-IT\",\"@id\":\"https:\\\/\\\/www.rassegnastampa-totustuus.it\\\/cattolica\\\/#\\\/schema\\\/logo\\\/image\\\/\",\"url\":\"https:\\\/\\\/www.rassegnastampa-totustuus.it\\\/cattolica\\\/wp-content\\\/uploads\\\/2014\\\/04\\\/logo-rassegna1.gif\",\"contentUrl\":\"https:\\\/\\\/www.rassegnastampa-totustuus.it\\\/cattolica\\\/wp-content\\\/uploads\\\/2014\\\/04\\\/logo-rassegna1.gif\",\"width\":600,\"height\":163,\"caption\":\"Rassegna Stampa Cattolica\"},\"image\":{\"@id\":\"https:\\\/\\\/www.rassegnastampa-totustuus.it\\\/cattolica\\\/#\\\/schema\\\/logo\\\/image\\\/\"},\"sameAs\":[\"https:\\\/\\\/www.facebook.com\\\/rassegnastampacattolica\",\"https:\\\/\\\/x.com\\\/rassegnastampa9\"]},{\"@type\":\"Person\",\"@id\":\"https:\\\/\\\/www.rassegnastampa-totustuus.it\\\/cattolica\\\/#\\\/schema\\\/person\\\/08f319d2bd1a0904ad9e2bfb7b15e5c3\",\"name\":\"Redazione\",\"image\":{\"@type\":\"ImageObject\",\"inLanguage\":\"it-IT\",\"@id\":\"https:\\\/\\\/secure.gravatar.com\\\/avatar\\\/2fcdf27c78ea025fbdb44e914cc63c72249ffec9dc8aafd5c82b26240ef3f346?s=96&d=mm&r=g\",\"url\":\"https:\\\/\\\/secure.gravatar.com\\\/avatar\\\/2fcdf27c78ea025fbdb44e914cc63c72249ffec9dc8aafd5c82b26240ef3f346?s=96&d=mm&r=g\",\"contentUrl\":\"https:\\\/\\\/secure.gravatar.com\\\/avatar\\\/2fcdf27c78ea025fbdb44e914cc63c72249ffec9dc8aafd5c82b26240ef3f346?s=96&d=mm&r=g\",\"caption\":\"Redazione\"},\"url\":\"https:\\\/\\\/www.rassegnastampa-totustuus.it\\\/cattolica\\\/author\\\/pietroelle\\\/\"}]}<\/script>\n<!-- \/ Yoast SEO plugin. -->","yoast_head_json":{"title":"Se non nascono pi\u00f9 figli... L\u2019Italia verso il suicidio demografico - Rassegna Stampa Cattolica","description":"Rassegna Stampa Cattolica - Per una cultura che nasce dalla Rivelazione cristiana in conformit\u00e0 alla tradizione e al Magistero della Chiesa in opposizione ad ogni relativismo e totalitarismo","robots":{"index":"index","follow":"follow","max-snippet":"max-snippet:-1","max-image-preview":"max-image-preview:large","max-video-preview":"max-video-preview:-1"},"canonical":"https:\/\/www.rassegnastampa-totustuus.it\/cattolica\/se-non-nascono-piu-figli-litalia-verso-il-suicidio-demografico\/","og_locale":"it_IT","og_type":"article","og_title":"Se non nascono pi\u00f9 figli... L\u2019Italia verso il suicidio demografico - Rassegna Stampa Cattolica","og_description":"Rassegna Stampa Cattolica - Per una cultura che nasce dalla Rivelazione cristiana in conformit\u00e0 alla tradizione e al Magistero della Chiesa in opposizione ad ogni relativismo e totalitarismo","og_url":"https:\/\/www.rassegnastampa-totustuus.it\/cattolica\/se-non-nascono-piu-figli-litalia-verso-il-suicidio-demografico\/","og_site_name":"Rassegna Stampa Cattolica","article_publisher":"https:\/\/www.facebook.com\/rassegnastampacattolica","article_published_time":"2015-10-07T22:00:46+00:00","og_image":[{"width":275,"height":183,"url":"https:\/\/www.rassegnastampa-totustuus.it\/cattolica\/wp-content\/uploads\/2015\/10\/Gotti_Tedeschi.jpg","type":"image\/jpeg"}],"author":"Redazione","twitter_card":"summary_large_image","twitter_creator":"@rassegnastampa9","twitter_site":"@rassegnastampa9","twitter_misc":{"Scritto da":"Redazione","Tempo di lettura stimato":"7 minuti"},"schema":{"@context":"https:\/\/schema.org","@graph":[{"@type":"Article","@id":"https:\/\/www.rassegnastampa-totustuus.it\/cattolica\/se-non-nascono-piu-figli-litalia-verso-il-suicidio-demografico\/#article","isPartOf":{"@id":"https:\/\/www.rassegnastampa-totustuus.it\/cattolica\/se-non-nascono-piu-figli-litalia-verso-il-suicidio-demografico\/"},"author":{"name":"Redazione","@id":"https:\/\/www.rassegnastampa-totustuus.it\/cattolica\/#\/schema\/person\/08f319d2bd1a0904ad9e2bfb7b15e5c3"},"headline":"Se non nascono pi\u00f9 figli&#8230; L\u2019Italia verso il suicidio demografico","datePublished":"2015-10-07T22:00:46+00:00","mainEntityOfPage":{"@id":"https:\/\/www.rassegnastampa-totustuus.it\/cattolica\/se-non-nascono-piu-figli-litalia-verso-il-suicidio-demografico\/"},"wordCount":1529,"publisher":{"@id":"https:\/\/www.rassegnastampa-totustuus.it\/cattolica\/#organization"},"image":{"@id":"https:\/\/www.rassegnastampa-totustuus.it\/cattolica\/se-non-nascono-piu-figli-litalia-verso-il-suicidio-demografico\/#primaryimage"},"thumbnailUrl":"https:\/\/www.rassegnastampa-totustuus.it\/cattolica\/wp-content\/uploads\/2015\/10\/Gotti_Tedeschi.jpg","keywords":["crisi demografica","crisi economica","decrescita"],"articleSection":["Demografia","Economia"],"inLanguage":"it-IT"},{"@type":"WebPage","@id":"https:\/\/www.rassegnastampa-totustuus.it\/cattolica\/se-non-nascono-piu-figli-litalia-verso-il-suicidio-demografico\/","url":"https:\/\/www.rassegnastampa-totustuus.it\/cattolica\/se-non-nascono-piu-figli-litalia-verso-il-suicidio-demografico\/","name":"Se non nascono pi\u00f9 figli... L\u2019Italia verso il suicidio demografico - Rassegna Stampa Cattolica","isPartOf":{"@id":"https:\/\/www.rassegnastampa-totustuus.it\/cattolica\/#website"},"primaryImageOfPage":{"@id":"https:\/\/www.rassegnastampa-totustuus.it\/cattolica\/se-non-nascono-piu-figli-litalia-verso-il-suicidio-demografico\/#primaryimage"},"image":{"@id":"https:\/\/www.rassegnastampa-totustuus.it\/cattolica\/se-non-nascono-piu-figli-litalia-verso-il-suicidio-demografico\/#primaryimage"},"thumbnailUrl":"https:\/\/www.rassegnastampa-totustuus.it\/cattolica\/wp-content\/uploads\/2015\/10\/Gotti_Tedeschi.jpg","datePublished":"2015-10-07T22:00:46+00:00","description":"Rassegna Stampa Cattolica - Per una cultura che nasce dalla Rivelazione cristiana in conformit\u00e0 alla tradizione e al Magistero della Chiesa in opposizione ad ogni relativismo e totalitarismo","breadcrumb":{"@id":"https:\/\/www.rassegnastampa-totustuus.it\/cattolica\/se-non-nascono-piu-figli-litalia-verso-il-suicidio-demografico\/#breadcrumb"},"inLanguage":"it-IT","potentialAction":[{"@type":"ReadAction","target":["https:\/\/www.rassegnastampa-totustuus.it\/cattolica\/se-non-nascono-piu-figli-litalia-verso-il-suicidio-demografico\/"]}]},{"@type":"ImageObject","inLanguage":"it-IT","@id":"https:\/\/www.rassegnastampa-totustuus.it\/cattolica\/se-non-nascono-piu-figli-litalia-verso-il-suicidio-demografico\/#primaryimage","url":"https:\/\/www.rassegnastampa-totustuus.it\/cattolica\/wp-content\/uploads\/2015\/10\/Gotti_Tedeschi.jpg","contentUrl":"https:\/\/www.rassegnastampa-totustuus.it\/cattolica\/wp-content\/uploads\/2015\/10\/Gotti_Tedeschi.jpg","width":275,"height":183},{"@type":"BreadcrumbList","@id":"https:\/\/www.rassegnastampa-totustuus.it\/cattolica\/se-non-nascono-piu-figli-litalia-verso-il-suicidio-demografico\/#breadcrumb","itemListElement":[{"@type":"ListItem","position":1,"name":"Home","item":"https:\/\/www.rassegnastampa-totustuus.it\/cattolica\/"},{"@type":"ListItem","position":2,"name":"Se non nascono pi\u00f9 figli&#8230; L\u2019Italia verso il suicidio demografico"}]},{"@type":"WebSite","@id":"https:\/\/www.rassegnastampa-totustuus.it\/cattolica\/#website","url":"https:\/\/www.rassegnastampa-totustuus.it\/cattolica\/","name":"Rassegna Stampa Cattolica","description":"Per una cultura che nasce dalla Rivelazione cristiana in conformit\u00e0 alla tradizione e al Magistero della Chiesa in opposizione ad ogni relativismo e totalitarismo","publisher":{"@id":"https:\/\/www.rassegnastampa-totustuus.it\/cattolica\/#organization"},"alternateName":"Rass. Cattolica","potentialAction":[{"@type":"SearchAction","target":{"@type":"EntryPoint","urlTemplate":"https:\/\/www.rassegnastampa-totustuus.it\/cattolica\/?s={search_term_string}"},"query-input":{"@type":"PropertyValueSpecification","valueRequired":true,"valueName":"search_term_string"}}],"inLanguage":"it-IT"},{"@type":"Organization","@id":"https:\/\/www.rassegnastampa-totustuus.it\/cattolica\/#organization","name":"Rassegna Stampa Cattolica","url":"https:\/\/www.rassegnastampa-totustuus.it\/cattolica\/","logo":{"@type":"ImageObject","inLanguage":"it-IT","@id":"https:\/\/www.rassegnastampa-totustuus.it\/cattolica\/#\/schema\/logo\/image\/","url":"https:\/\/www.rassegnastampa-totustuus.it\/cattolica\/wp-content\/uploads\/2014\/04\/logo-rassegna1.gif","contentUrl":"https:\/\/www.rassegnastampa-totustuus.it\/cattolica\/wp-content\/uploads\/2014\/04\/logo-rassegna1.gif","width":600,"height":163,"caption":"Rassegna Stampa Cattolica"},"image":{"@id":"https:\/\/www.rassegnastampa-totustuus.it\/cattolica\/#\/schema\/logo\/image\/"},"sameAs":["https:\/\/www.facebook.com\/rassegnastampacattolica","https:\/\/x.com\/rassegnastampa9"]},{"@type":"Person","@id":"https:\/\/www.rassegnastampa-totustuus.it\/cattolica\/#\/schema\/person\/08f319d2bd1a0904ad9e2bfb7b15e5c3","name":"Redazione","image":{"@type":"ImageObject","inLanguage":"it-IT","@id":"https:\/\/secure.gravatar.com\/avatar\/2fcdf27c78ea025fbdb44e914cc63c72249ffec9dc8aafd5c82b26240ef3f346?s=96&d=mm&r=g","url":"https:\/\/secure.gravatar.com\/avatar\/2fcdf27c78ea025fbdb44e914cc63c72249ffec9dc8aafd5c82b26240ef3f346?s=96&d=mm&r=g","contentUrl":"https:\/\/secure.gravatar.com\/avatar\/2fcdf27c78ea025fbdb44e914cc63c72249ffec9dc8aafd5c82b26240ef3f346?s=96&d=mm&r=g","caption":"Redazione"},"url":"https:\/\/www.rassegnastampa-totustuus.it\/cattolica\/author\/pietroelle\/"}]}},"_links":{"self":[{"href":"https:\/\/www.rassegnastampa-totustuus.it\/cattolica\/wp-json\/wp\/v2\/posts\/26951","targetHints":{"allow":["GET"]}}],"collection":[{"href":"https:\/\/www.rassegnastampa-totustuus.it\/cattolica\/wp-json\/wp\/v2\/posts"}],"about":[{"href":"https:\/\/www.rassegnastampa-totustuus.it\/cattolica\/wp-json\/wp\/v2\/types\/post"}],"author":[{"embeddable":true,"href":"https:\/\/www.rassegnastampa-totustuus.it\/cattolica\/wp-json\/wp\/v2\/users\/6"}],"replies":[{"embeddable":true,"href":"https:\/\/www.rassegnastampa-totustuus.it\/cattolica\/wp-json\/wp\/v2\/comments?post=26951"}],"version-history":[{"count":1,"href":"https:\/\/www.rassegnastampa-totustuus.it\/cattolica\/wp-json\/wp\/v2\/posts\/26951\/revisions"}],"predecessor-version":[{"id":26953,"href":"https:\/\/www.rassegnastampa-totustuus.it\/cattolica\/wp-json\/wp\/v2\/posts\/26951\/revisions\/26953"}],"wp:featuredmedia":[{"embeddable":true,"href":"https:\/\/www.rassegnastampa-totustuus.it\/cattolica\/wp-json\/wp\/v2\/media\/26952"}],"wp:attachment":[{"href":"https:\/\/www.rassegnastampa-totustuus.it\/cattolica\/wp-json\/wp\/v2\/media?parent=26951"}],"wp:term":[{"taxonomy":"category","embeddable":true,"href":"https:\/\/www.rassegnastampa-totustuus.it\/cattolica\/wp-json\/wp\/v2\/categories?post=26951"},{"taxonomy":"post_tag","embeddable":true,"href":"https:\/\/www.rassegnastampa-totustuus.it\/cattolica\/wp-json\/wp\/v2\/tags?post=26951"}],"curies":[{"name":"wp","href":"https:\/\/api.w.org\/{rel}","templated":true}]}}