{"id":26943,"date":"2015-10-01T00:00:24","date_gmt":"2015-09-30T22:00:24","guid":{"rendered":"http:\/\/www.rassegnastampa-totustuus.it\/cattolica\/?p=26943"},"modified":"2015-09-30T09:32:02","modified_gmt":"2015-09-30T07:32:02","slug":"il-documento-finale-ccee-di-gerusalemme-una-prova-di-coraggio-e-realismo-cristiano-passata-sotto-silenzio","status":"publish","type":"post","link":"https:\/\/www.rassegnastampa-totustuus.it\/cattolica\/il-documento-finale-ccee-di-gerusalemme-una-prova-di-coraggio-e-realismo-cristiano-passata-sotto-silenzio\/","title":{"rendered":"Il Documento finale CCEE di Gerusalemme: una prova di coraggio e realismo cristiano passata sotto silenzio"},"content":{"rendered":"<p style=\"text-align: center;\"><strong><a href=\"https:\/\/www.rassegnastampa-totustuus.it\/cattolica\/wp-content\/uploads\/2015\/09\/vescovi-EU-a-Gerusalemme.jpg\"><img loading=\"lazy\" decoding=\"async\" class=\"alignleft wp-image-26944\" src=\"https:\/\/www.rassegnastampa-totustuus.it\/cattolica\/wp-content\/uploads\/2015\/09\/vescovi-EU-a-Gerusalemme.jpg\" alt=\"vescovi EU a Gerusalemme\" width=\"250\" height=\"187\" \/><\/a>Osservatorio Internazionale Cardinale Van Thu\u00e2n<\/strong> Newsletter n.622 29 settembre 2015<\/p>\n<p style=\"text-align: center;\">di <strong>Stefano Fontana<\/strong><\/p>\n<p style=\"text-align: justify;\">Mi sembra che sia passato sotto silenzio il documento finale che ha concluso l\u2019Assemblea del Consiglio delle Conferenze Episcopali d\u2019Europa (CCEE) tenutosi a Gerusalemme dal 11 al 16 settembre scorsi. Per l\u2019Italia erano presenti, tra gli altri, il cardinale Angelo Bagnasco, che presiede il CCEE, e l\u2019Arcivescovo Giampaolo Crepaldi, che ne presiede la Commissione\u00a0<em>Caritas in veritate<\/em>. E\u2019 per\u00f2 un peccato perch\u00e9, in modo semplice e chiaro, sobrio nella forma e forte nel contenuto, in questa occasione i Vescovi hanno dato prova di saggio (e quindi coraggioso) realismo cristiano.<\/p>\n<p style=\"text-align: justify;\"><!--more--><\/p>\n<p style=\"text-align: justify;\">Tre sono stati i punti toccati dal messaggio.<\/p>\n<p style=\"text-align: justify;\">Prima di tutto le migrazioni. Dismesso ogni linguaggio sentimentale e retorico che colpisce i cuori ma offende la ragione, i Vescovi europei hanno riaffermato il dovere degli Stati di \u201crispondere tempestivamente alle necessit\u00e0 di aiuto immediato e di accoglienza di persone disperate\u201d, ma non hanno lasciato questa affermazione da sola, come spesso accade, suscitando le reazioni della politica.<\/p>\n<p style=\"text-align: justify;\">Hanno infatti aggiunto che gli Stati \u201cdevono mantenere l\u2019ordine pubblico\u201d, quindi nessuna apertura scriteriata, devono \u201cgarantire la giustizia per tutti\u201d e quindi anche per i cittadini ospitanti, devono fornire disponibilit\u00e0 \u201cper chi ha veramente bisogno\u201d come a dire che forse non tutti coloro che la chiedono ne hanno bisogno, e che devono agire in vista di una \u201cintegrazione rispettosa e collaborativa\u201d, ossia che i migranti hanno dei diritti ma anche dei doveri da rispettare.<\/p>\n<p style=\"text-align: justify;\">I Vescovi ricordano anche che gli Stati \u201csono i primi responsabili della vita sociale ed economica dei loro popoli\u201d e mentre aiutano chi \u00e8 nel bisogno devono anche pensare che questo non pu\u00f2 essere fatto a tutti i costi ma devono essere soppesate le conseguenze per la vita dei popoli ospitanti. E\u2019 abbastanza raro che degli ecclesiastici si esprimano con questa concretezza e non si limitino a fare grandi annunci di una carit\u00e0 astratta.<\/p>\n<p style=\"text-align: justify;\">Anche sulle cause delle migrazioni, i vescovi della CCEE sono stati coraggiosi nell\u2019evidenziare che \u00e8 almeno contraddittorio destabilizzare zone dell\u2019Africa e del MedioOriente e poi lamentare che da quei luoghi abbandonati a caotiche violenze la gente pensi di scappare. Ecco perch\u00e9 essi invitato ad \u201cadottare misure adeguate per fermare la violenza e costruire la pace e lo sviluppo di tutti i popoli\u2026 la pace in Medio Oriente e nel Nord Africa \u00e8 vitale per l\u2019Europa\u201d.<\/p>\n<p style=\"text-align: justify;\">Originali anche i contenuti che riguardano i riferimenti alla libert\u00e0 religiosa, che spesso si pensa messa in pericolo solo fuori dall\u2019Europa. I vescovi della CCEE, invece, sanno bene (e lo dicono) che le guerre di religione sono spesso guerre alla religione e queste avvengono non solo da parte dei Califfati ma anche in occidente: \u201cla secolarizzazione in atto nei Paesi europei tende a confinare la religione nella sfera privata e ai confini della societ\u00e0.<\/p>\n<p style=\"text-align: justify;\">Rientra in questo ambito il diritto fondamentale dei genitori ad educare i propri figli secondo le loro convinzioni. Perch\u00e9 questa libert\u00e0 sia possibile \u00e8 necessario che le scuole cattoliche possano svolgere il loro compito educativo a favore di tutta la societ\u00e0 con ogni opportuno sostegno\u201d.<\/p>\n<p style=\"text-align: justify;\">Infine i Vescovi a Gerusalemme hanno parlato della famiglia. Il loro messaggio a questo proposito va anche letto in vista del Sinodo di prossima apertura. Nessun tentennamento, concessione o ambiguit\u00e0 nelle loro parole. \u201cLa bellezza umana e cristiana\u201d della famiglia \u00e8 detta una \u201cuniversale realt\u00e0: pap\u00e0, mamma, figli\u201d e non qualcosa in relazione con le costruzioni sociali.<\/p>\n<p style=\"text-align: justify;\">E se cos\u00ec non bastasse ecco il rincaro: \u201cLa Chiesa crede fermamente nella famiglia fondata sul matrimonio tra un uomo e una donna: essa \u00e8 la cellula basilare della societ\u00e0 e della stessa comunit\u00e0 cristiana. Non si vede perch\u00e9 realt\u00e0 diverse di convivenza debbano essere trattate nello stesso modo\u201d. Altro che unioni di civili e cose di questo genere. \u201cParticolare preoccupazione &#8211; dichiarano infine i Vescovi &#8211; desta il tentativo di applicare la \u201cteoria del gender\u201d. Per loro le cose sono chiare: \u201cLa Chiesa non accetta la \u201cteoria del gender\u201d perch\u00e9 essa \u00e8 espressione di una antropologia contraria alla vera e autentica valorizzazione della persona umana\u201d. \u201cLa Chiesa non accetta la teoria del genere\u201d: chiaro?<\/p>\n<p style=\"text-align: justify;\">Documenti come questo danno conforto. Qui i Pastori si comportano come tali. I vescovi della CCEE, infatti, concludono con una affermazione da cui un Pastore della Chiesa cattolica non dovrebbe mai prescindere: \u201cconsapevoli che solamente in Ges\u00f9 Cristo trovano risposta le domande profonde del cuore e si compie in pieno l\u2019umanesimo europeo.<\/p>\n","protected":false},"excerpt":{"rendered":"<p>Osservatorio Internazionale Cardinale Van Thu\u00e2n Newsletter n.622 29 settembre 2015 di Stefano Fontana Mi sembra che sia passato sotto silenzio il documento finale che ha concluso l\u2019Assemblea del Consiglio delle Conferenze Episcopali d\u2019Europa (CCEE) tenutosi a Gerusalemme dal 11 al 16 settembre scorsi. Per l\u2019Italia erano presenti, tra gli altri, il cardinale Angelo Bagnasco, che &hellip; <\/p>\n<p><a class=\"more-link btn\" href=\"https:\/\/www.rassegnastampa-totustuus.it\/cattolica\/il-documento-finale-ccee-di-gerusalemme-una-prova-di-coraggio-e-realismo-cristiano-passata-sotto-silenzio\/\">Continua a leggere<\/a><\/p>\n","protected":false},"author":6,"featured_media":26944,"comment_status":"closed","ping_status":"closed","sticky":false,"template":"","format":"standard","meta":{"footnotes":""},"categories":[5,15,125,38],"tags":[234],"class_list":["post-26943","post","type-post","status-publish","format-standard","has-post-thumbnail","hentry","category-chiesa","category-famiglia","category-ideologia-del-gender","category-immigrazione","tag-educazione","item-wrap"],"yoast_head":"<!-- This site is optimized with the Yoast SEO plugin v27.5 - https:\/\/yoast.com\/product\/yoast-seo-wordpress\/ -->\n<title>Il Documento finale CCEE di Gerusalemme: una prova di coraggio e realismo cristiano passata sotto silenzio  - Rassegna Stampa Cattolica<\/title>\n<meta name=\"description\" content=\"Rassegna Stampa Cattolica - Per una cultura che nasce dalla Rivelazione cristiana in conformit\u00e0 alla tradizione e al Magistero della Chiesa in opposizione ad ogni relativismo e totalitarismo\" \/>\n<meta name=\"robots\" content=\"index, follow, max-snippet:-1, max-image-preview:large, max-video-preview:-1\" \/>\n<link rel=\"canonical\" href=\"https:\/\/www.rassegnastampa-totustuus.it\/cattolica\/il-documento-finale-ccee-di-gerusalemme-una-prova-di-coraggio-e-realismo-cristiano-passata-sotto-silenzio\/\" \/>\n<meta property=\"og:locale\" content=\"it_IT\" \/>\n<meta property=\"og:type\" content=\"article\" \/>\n<meta property=\"og:title\" content=\"Il Documento finale CCEE di Gerusalemme: una prova di coraggio e realismo cristiano passata sotto silenzio  - Rassegna Stampa Cattolica\" \/>\n<meta property=\"og:description\" content=\"Rassegna Stampa Cattolica - Per una cultura che nasce dalla Rivelazione cristiana in conformit\u00e0 alla tradizione e al Magistero della Chiesa in opposizione ad ogni relativismo e totalitarismo\" \/>\n<meta property=\"og:url\" content=\"https:\/\/www.rassegnastampa-totustuus.it\/cattolica\/il-documento-finale-ccee-di-gerusalemme-una-prova-di-coraggio-e-realismo-cristiano-passata-sotto-silenzio\/\" \/>\n<meta property=\"og:site_name\" content=\"Rassegna Stampa Cattolica\" \/>\n<meta property=\"article:publisher\" content=\"https:\/\/www.facebook.com\/rassegnastampacattolica\" \/>\n<meta property=\"article:published_time\" content=\"2015-09-30T22:00:24+00:00\" \/>\n<meta property=\"og:image\" content=\"https:\/\/www.rassegnastampa-totustuus.it\/cattolica\/wp-content\/uploads\/2015\/09\/vescovi-EU-a-Gerusalemme.jpg\" \/>\n\t<meta property=\"og:image:width\" content=\"259\" \/>\n\t<meta property=\"og:image:height\" content=\"194\" \/>\n\t<meta property=\"og:image:type\" content=\"image\/jpeg\" \/>\n<meta name=\"author\" content=\"Redazione\" \/>\n<meta name=\"twitter:card\" content=\"summary_large_image\" \/>\n<meta name=\"twitter:creator\" content=\"@rassegnastampa9\" \/>\n<meta name=\"twitter:site\" content=\"@rassegnastampa9\" \/>\n<meta name=\"twitter:label1\" content=\"Scritto da\" \/>\n\t<meta name=\"twitter:data1\" content=\"Redazione\" \/>\n\t<meta name=\"twitter:label2\" content=\"Tempo di lettura stimato\" \/>\n\t<meta name=\"twitter:data2\" content=\"4 minuti\" \/>\n<script type=\"application\/ld+json\" class=\"yoast-schema-graph\">{\"@context\":\"https:\\\/\\\/schema.org\",\"@graph\":[{\"@type\":\"Article\",\"@id\":\"https:\\\/\\\/www.rassegnastampa-totustuus.it\\\/cattolica\\\/il-documento-finale-ccee-di-gerusalemme-una-prova-di-coraggio-e-realismo-cristiano-passata-sotto-silenzio\\\/#article\",\"isPartOf\":{\"@id\":\"https:\\\/\\\/www.rassegnastampa-totustuus.it\\\/cattolica\\\/il-documento-finale-ccee-di-gerusalemme-una-prova-di-coraggio-e-realismo-cristiano-passata-sotto-silenzio\\\/\"},\"author\":{\"name\":\"Redazione\",\"@id\":\"https:\\\/\\\/www.rassegnastampa-totustuus.it\\\/cattolica\\\/#\\\/schema\\\/person\\\/08f319d2bd1a0904ad9e2bfb7b15e5c3\"},\"headline\":\"Il Documento finale CCEE di Gerusalemme: una prova di coraggio e realismo cristiano passata sotto silenzio\",\"datePublished\":\"2015-09-30T22:00:24+00:00\",\"mainEntityOfPage\":{\"@id\":\"https:\\\/\\\/www.rassegnastampa-totustuus.it\\\/cattolica\\\/il-documento-finale-ccee-di-gerusalemme-una-prova-di-coraggio-e-realismo-cristiano-passata-sotto-silenzio\\\/\"},\"wordCount\":750,\"publisher\":{\"@id\":\"https:\\\/\\\/www.rassegnastampa-totustuus.it\\\/cattolica\\\/#organization\"},\"image\":{\"@id\":\"https:\\\/\\\/www.rassegnastampa-totustuus.it\\\/cattolica\\\/il-documento-finale-ccee-di-gerusalemme-una-prova-di-coraggio-e-realismo-cristiano-passata-sotto-silenzio\\\/#primaryimage\"},\"thumbnailUrl\":\"https:\\\/\\\/www.rassegnastampa-totustuus.it\\\/cattolica\\\/wp-content\\\/uploads\\\/2015\\\/09\\\/vescovi-EU-a-Gerusalemme.jpg\",\"keywords\":[\"educazione\"],\"articleSection\":[\"Chiesa\",\"Famiglia\",\"Ideologia del gender\",\"Immigrazione\"],\"inLanguage\":\"it-IT\"},{\"@type\":\"WebPage\",\"@id\":\"https:\\\/\\\/www.rassegnastampa-totustuus.it\\\/cattolica\\\/il-documento-finale-ccee-di-gerusalemme-una-prova-di-coraggio-e-realismo-cristiano-passata-sotto-silenzio\\\/\",\"url\":\"https:\\\/\\\/www.rassegnastampa-totustuus.it\\\/cattolica\\\/il-documento-finale-ccee-di-gerusalemme-una-prova-di-coraggio-e-realismo-cristiano-passata-sotto-silenzio\\\/\",\"name\":\"Il Documento finale CCEE di Gerusalemme: una prova di coraggio e realismo cristiano passata sotto silenzio - Rassegna Stampa Cattolica\",\"isPartOf\":{\"@id\":\"https:\\\/\\\/www.rassegnastampa-totustuus.it\\\/cattolica\\\/#website\"},\"primaryImageOfPage\":{\"@id\":\"https:\\\/\\\/www.rassegnastampa-totustuus.it\\\/cattolica\\\/il-documento-finale-ccee-di-gerusalemme-una-prova-di-coraggio-e-realismo-cristiano-passata-sotto-silenzio\\\/#primaryimage\"},\"image\":{\"@id\":\"https:\\\/\\\/www.rassegnastampa-totustuus.it\\\/cattolica\\\/il-documento-finale-ccee-di-gerusalemme-una-prova-di-coraggio-e-realismo-cristiano-passata-sotto-silenzio\\\/#primaryimage\"},\"thumbnailUrl\":\"https:\\\/\\\/www.rassegnastampa-totustuus.it\\\/cattolica\\\/wp-content\\\/uploads\\\/2015\\\/09\\\/vescovi-EU-a-Gerusalemme.jpg\",\"datePublished\":\"2015-09-30T22:00:24+00:00\",\"description\":\"Rassegna Stampa Cattolica - Per una cultura che nasce dalla Rivelazione cristiana in conformit\u00e0 alla tradizione e al Magistero della Chiesa in opposizione ad ogni relativismo e totalitarismo\",\"breadcrumb\":{\"@id\":\"https:\\\/\\\/www.rassegnastampa-totustuus.it\\\/cattolica\\\/il-documento-finale-ccee-di-gerusalemme-una-prova-di-coraggio-e-realismo-cristiano-passata-sotto-silenzio\\\/#breadcrumb\"},\"inLanguage\":\"it-IT\",\"potentialAction\":[{\"@type\":\"ReadAction\",\"target\":[\"https:\\\/\\\/www.rassegnastampa-totustuus.it\\\/cattolica\\\/il-documento-finale-ccee-di-gerusalemme-una-prova-di-coraggio-e-realismo-cristiano-passata-sotto-silenzio\\\/\"]}]},{\"@type\":\"ImageObject\",\"inLanguage\":\"it-IT\",\"@id\":\"https:\\\/\\\/www.rassegnastampa-totustuus.it\\\/cattolica\\\/il-documento-finale-ccee-di-gerusalemme-una-prova-di-coraggio-e-realismo-cristiano-passata-sotto-silenzio\\\/#primaryimage\",\"url\":\"https:\\\/\\\/www.rassegnastampa-totustuus.it\\\/cattolica\\\/wp-content\\\/uploads\\\/2015\\\/09\\\/vescovi-EU-a-Gerusalemme.jpg\",\"contentUrl\":\"https:\\\/\\\/www.rassegnastampa-totustuus.it\\\/cattolica\\\/wp-content\\\/uploads\\\/2015\\\/09\\\/vescovi-EU-a-Gerusalemme.jpg\",\"width\":259,\"height\":194},{\"@type\":\"BreadcrumbList\",\"@id\":\"https:\\\/\\\/www.rassegnastampa-totustuus.it\\\/cattolica\\\/il-documento-finale-ccee-di-gerusalemme-una-prova-di-coraggio-e-realismo-cristiano-passata-sotto-silenzio\\\/#breadcrumb\",\"itemListElement\":[{\"@type\":\"ListItem\",\"position\":1,\"name\":\"Home\",\"item\":\"https:\\\/\\\/www.rassegnastampa-totustuus.it\\\/cattolica\\\/\"},{\"@type\":\"ListItem\",\"position\":2,\"name\":\"Il Documento finale CCEE di Gerusalemme: una prova di coraggio e realismo cristiano passata sotto silenzio\"}]},{\"@type\":\"WebSite\",\"@id\":\"https:\\\/\\\/www.rassegnastampa-totustuus.it\\\/cattolica\\\/#website\",\"url\":\"https:\\\/\\\/www.rassegnastampa-totustuus.it\\\/cattolica\\\/\",\"name\":\"Rassegna Stampa Cattolica\",\"description\":\"Per una cultura che nasce dalla Rivelazione cristiana in conformit\u00e0 alla tradizione e al Magistero della Chiesa in opposizione ad ogni relativismo e totalitarismo\",\"publisher\":{\"@id\":\"https:\\\/\\\/www.rassegnastampa-totustuus.it\\\/cattolica\\\/#organization\"},\"alternateName\":\"Rass. Cattolica\",\"potentialAction\":[{\"@type\":\"SearchAction\",\"target\":{\"@type\":\"EntryPoint\",\"urlTemplate\":\"https:\\\/\\\/www.rassegnastampa-totustuus.it\\\/cattolica\\\/?s={search_term_string}\"},\"query-input\":{\"@type\":\"PropertyValueSpecification\",\"valueRequired\":true,\"valueName\":\"search_term_string\"}}],\"inLanguage\":\"it-IT\"},{\"@type\":\"Organization\",\"@id\":\"https:\\\/\\\/www.rassegnastampa-totustuus.it\\\/cattolica\\\/#organization\",\"name\":\"Rassegna Stampa Cattolica\",\"url\":\"https:\\\/\\\/www.rassegnastampa-totustuus.it\\\/cattolica\\\/\",\"logo\":{\"@type\":\"ImageObject\",\"inLanguage\":\"it-IT\",\"@id\":\"https:\\\/\\\/www.rassegnastampa-totustuus.it\\\/cattolica\\\/#\\\/schema\\\/logo\\\/image\\\/\",\"url\":\"https:\\\/\\\/www.rassegnastampa-totustuus.it\\\/cattolica\\\/wp-content\\\/uploads\\\/2014\\\/04\\\/logo-rassegna1.gif\",\"contentUrl\":\"https:\\\/\\\/www.rassegnastampa-totustuus.it\\\/cattolica\\\/wp-content\\\/uploads\\\/2014\\\/04\\\/logo-rassegna1.gif\",\"width\":600,\"height\":163,\"caption\":\"Rassegna Stampa Cattolica\"},\"image\":{\"@id\":\"https:\\\/\\\/www.rassegnastampa-totustuus.it\\\/cattolica\\\/#\\\/schema\\\/logo\\\/image\\\/\"},\"sameAs\":[\"https:\\\/\\\/www.facebook.com\\\/rassegnastampacattolica\",\"https:\\\/\\\/x.com\\\/rassegnastampa9\"]},{\"@type\":\"Person\",\"@id\":\"https:\\\/\\\/www.rassegnastampa-totustuus.it\\\/cattolica\\\/#\\\/schema\\\/person\\\/08f319d2bd1a0904ad9e2bfb7b15e5c3\",\"name\":\"Redazione\",\"image\":{\"@type\":\"ImageObject\",\"inLanguage\":\"it-IT\",\"@id\":\"https:\\\/\\\/secure.gravatar.com\\\/avatar\\\/2fcdf27c78ea025fbdb44e914cc63c72249ffec9dc8aafd5c82b26240ef3f346?s=96&d=mm&r=g\",\"url\":\"https:\\\/\\\/secure.gravatar.com\\\/avatar\\\/2fcdf27c78ea025fbdb44e914cc63c72249ffec9dc8aafd5c82b26240ef3f346?s=96&d=mm&r=g\",\"contentUrl\":\"https:\\\/\\\/secure.gravatar.com\\\/avatar\\\/2fcdf27c78ea025fbdb44e914cc63c72249ffec9dc8aafd5c82b26240ef3f346?s=96&d=mm&r=g\",\"caption\":\"Redazione\"},\"url\":\"https:\\\/\\\/www.rassegnastampa-totustuus.it\\\/cattolica\\\/author\\\/pietroelle\\\/\"}]}<\/script>\n<!-- \/ Yoast SEO plugin. -->","yoast_head_json":{"title":"Il Documento finale CCEE di Gerusalemme: una prova di coraggio e realismo cristiano passata sotto silenzio  - Rassegna Stampa Cattolica","description":"Rassegna Stampa Cattolica - Per una cultura che nasce dalla Rivelazione cristiana in conformit\u00e0 alla tradizione e al Magistero della Chiesa in opposizione ad ogni relativismo e totalitarismo","robots":{"index":"index","follow":"follow","max-snippet":"max-snippet:-1","max-image-preview":"max-image-preview:large","max-video-preview":"max-video-preview:-1"},"canonical":"https:\/\/www.rassegnastampa-totustuus.it\/cattolica\/il-documento-finale-ccee-di-gerusalemme-una-prova-di-coraggio-e-realismo-cristiano-passata-sotto-silenzio\/","og_locale":"it_IT","og_type":"article","og_title":"Il Documento finale CCEE di Gerusalemme: una prova di coraggio e realismo cristiano passata sotto silenzio  - Rassegna Stampa Cattolica","og_description":"Rassegna Stampa Cattolica - Per una cultura che nasce dalla Rivelazione cristiana in conformit\u00e0 alla tradizione e al Magistero della Chiesa in opposizione ad ogni relativismo e totalitarismo","og_url":"https:\/\/www.rassegnastampa-totustuus.it\/cattolica\/il-documento-finale-ccee-di-gerusalemme-una-prova-di-coraggio-e-realismo-cristiano-passata-sotto-silenzio\/","og_site_name":"Rassegna Stampa Cattolica","article_publisher":"https:\/\/www.facebook.com\/rassegnastampacattolica","article_published_time":"2015-09-30T22:00:24+00:00","og_image":[{"width":259,"height":194,"url":"https:\/\/www.rassegnastampa-totustuus.it\/cattolica\/wp-content\/uploads\/2015\/09\/vescovi-EU-a-Gerusalemme.jpg","type":"image\/jpeg"}],"author":"Redazione","twitter_card":"summary_large_image","twitter_creator":"@rassegnastampa9","twitter_site":"@rassegnastampa9","twitter_misc":{"Scritto da":"Redazione","Tempo di lettura stimato":"4 minuti"},"schema":{"@context":"https:\/\/schema.org","@graph":[{"@type":"Article","@id":"https:\/\/www.rassegnastampa-totustuus.it\/cattolica\/il-documento-finale-ccee-di-gerusalemme-una-prova-di-coraggio-e-realismo-cristiano-passata-sotto-silenzio\/#article","isPartOf":{"@id":"https:\/\/www.rassegnastampa-totustuus.it\/cattolica\/il-documento-finale-ccee-di-gerusalemme-una-prova-di-coraggio-e-realismo-cristiano-passata-sotto-silenzio\/"},"author":{"name":"Redazione","@id":"https:\/\/www.rassegnastampa-totustuus.it\/cattolica\/#\/schema\/person\/08f319d2bd1a0904ad9e2bfb7b15e5c3"},"headline":"Il Documento finale CCEE di Gerusalemme: una prova di coraggio e realismo cristiano passata sotto silenzio","datePublished":"2015-09-30T22:00:24+00:00","mainEntityOfPage":{"@id":"https:\/\/www.rassegnastampa-totustuus.it\/cattolica\/il-documento-finale-ccee-di-gerusalemme-una-prova-di-coraggio-e-realismo-cristiano-passata-sotto-silenzio\/"},"wordCount":750,"publisher":{"@id":"https:\/\/www.rassegnastampa-totustuus.it\/cattolica\/#organization"},"image":{"@id":"https:\/\/www.rassegnastampa-totustuus.it\/cattolica\/il-documento-finale-ccee-di-gerusalemme-una-prova-di-coraggio-e-realismo-cristiano-passata-sotto-silenzio\/#primaryimage"},"thumbnailUrl":"https:\/\/www.rassegnastampa-totustuus.it\/cattolica\/wp-content\/uploads\/2015\/09\/vescovi-EU-a-Gerusalemme.jpg","keywords":["educazione"],"articleSection":["Chiesa","Famiglia","Ideologia del gender","Immigrazione"],"inLanguage":"it-IT"},{"@type":"WebPage","@id":"https:\/\/www.rassegnastampa-totustuus.it\/cattolica\/il-documento-finale-ccee-di-gerusalemme-una-prova-di-coraggio-e-realismo-cristiano-passata-sotto-silenzio\/","url":"https:\/\/www.rassegnastampa-totustuus.it\/cattolica\/il-documento-finale-ccee-di-gerusalemme-una-prova-di-coraggio-e-realismo-cristiano-passata-sotto-silenzio\/","name":"Il Documento finale CCEE di Gerusalemme: una prova di coraggio e realismo cristiano passata sotto silenzio - Rassegna Stampa Cattolica","isPartOf":{"@id":"https:\/\/www.rassegnastampa-totustuus.it\/cattolica\/#website"},"primaryImageOfPage":{"@id":"https:\/\/www.rassegnastampa-totustuus.it\/cattolica\/il-documento-finale-ccee-di-gerusalemme-una-prova-di-coraggio-e-realismo-cristiano-passata-sotto-silenzio\/#primaryimage"},"image":{"@id":"https:\/\/www.rassegnastampa-totustuus.it\/cattolica\/il-documento-finale-ccee-di-gerusalemme-una-prova-di-coraggio-e-realismo-cristiano-passata-sotto-silenzio\/#primaryimage"},"thumbnailUrl":"https:\/\/www.rassegnastampa-totustuus.it\/cattolica\/wp-content\/uploads\/2015\/09\/vescovi-EU-a-Gerusalemme.jpg","datePublished":"2015-09-30T22:00:24+00:00","description":"Rassegna Stampa Cattolica - Per una cultura che nasce dalla Rivelazione cristiana in conformit\u00e0 alla tradizione e al Magistero della Chiesa in opposizione ad ogni relativismo e totalitarismo","breadcrumb":{"@id":"https:\/\/www.rassegnastampa-totustuus.it\/cattolica\/il-documento-finale-ccee-di-gerusalemme-una-prova-di-coraggio-e-realismo-cristiano-passata-sotto-silenzio\/#breadcrumb"},"inLanguage":"it-IT","potentialAction":[{"@type":"ReadAction","target":["https:\/\/www.rassegnastampa-totustuus.it\/cattolica\/il-documento-finale-ccee-di-gerusalemme-una-prova-di-coraggio-e-realismo-cristiano-passata-sotto-silenzio\/"]}]},{"@type":"ImageObject","inLanguage":"it-IT","@id":"https:\/\/www.rassegnastampa-totustuus.it\/cattolica\/il-documento-finale-ccee-di-gerusalemme-una-prova-di-coraggio-e-realismo-cristiano-passata-sotto-silenzio\/#primaryimage","url":"https:\/\/www.rassegnastampa-totustuus.it\/cattolica\/wp-content\/uploads\/2015\/09\/vescovi-EU-a-Gerusalemme.jpg","contentUrl":"https:\/\/www.rassegnastampa-totustuus.it\/cattolica\/wp-content\/uploads\/2015\/09\/vescovi-EU-a-Gerusalemme.jpg","width":259,"height":194},{"@type":"BreadcrumbList","@id":"https:\/\/www.rassegnastampa-totustuus.it\/cattolica\/il-documento-finale-ccee-di-gerusalemme-una-prova-di-coraggio-e-realismo-cristiano-passata-sotto-silenzio\/#breadcrumb","itemListElement":[{"@type":"ListItem","position":1,"name":"Home","item":"https:\/\/www.rassegnastampa-totustuus.it\/cattolica\/"},{"@type":"ListItem","position":2,"name":"Il Documento finale CCEE di Gerusalemme: una prova di coraggio e realismo cristiano passata sotto silenzio"}]},{"@type":"WebSite","@id":"https:\/\/www.rassegnastampa-totustuus.it\/cattolica\/#website","url":"https:\/\/www.rassegnastampa-totustuus.it\/cattolica\/","name":"Rassegna Stampa Cattolica","description":"Per una cultura che nasce dalla Rivelazione cristiana in conformit\u00e0 alla tradizione e al Magistero della Chiesa in opposizione ad ogni relativismo e totalitarismo","publisher":{"@id":"https:\/\/www.rassegnastampa-totustuus.it\/cattolica\/#organization"},"alternateName":"Rass. Cattolica","potentialAction":[{"@type":"SearchAction","target":{"@type":"EntryPoint","urlTemplate":"https:\/\/www.rassegnastampa-totustuus.it\/cattolica\/?s={search_term_string}"},"query-input":{"@type":"PropertyValueSpecification","valueRequired":true,"valueName":"search_term_string"}}],"inLanguage":"it-IT"},{"@type":"Organization","@id":"https:\/\/www.rassegnastampa-totustuus.it\/cattolica\/#organization","name":"Rassegna Stampa Cattolica","url":"https:\/\/www.rassegnastampa-totustuus.it\/cattolica\/","logo":{"@type":"ImageObject","inLanguage":"it-IT","@id":"https:\/\/www.rassegnastampa-totustuus.it\/cattolica\/#\/schema\/logo\/image\/","url":"https:\/\/www.rassegnastampa-totustuus.it\/cattolica\/wp-content\/uploads\/2014\/04\/logo-rassegna1.gif","contentUrl":"https:\/\/www.rassegnastampa-totustuus.it\/cattolica\/wp-content\/uploads\/2014\/04\/logo-rassegna1.gif","width":600,"height":163,"caption":"Rassegna Stampa Cattolica"},"image":{"@id":"https:\/\/www.rassegnastampa-totustuus.it\/cattolica\/#\/schema\/logo\/image\/"},"sameAs":["https:\/\/www.facebook.com\/rassegnastampacattolica","https:\/\/x.com\/rassegnastampa9"]},{"@type":"Person","@id":"https:\/\/www.rassegnastampa-totustuus.it\/cattolica\/#\/schema\/person\/08f319d2bd1a0904ad9e2bfb7b15e5c3","name":"Redazione","image":{"@type":"ImageObject","inLanguage":"it-IT","@id":"https:\/\/secure.gravatar.com\/avatar\/2fcdf27c78ea025fbdb44e914cc63c72249ffec9dc8aafd5c82b26240ef3f346?s=96&d=mm&r=g","url":"https:\/\/secure.gravatar.com\/avatar\/2fcdf27c78ea025fbdb44e914cc63c72249ffec9dc8aafd5c82b26240ef3f346?s=96&d=mm&r=g","contentUrl":"https:\/\/secure.gravatar.com\/avatar\/2fcdf27c78ea025fbdb44e914cc63c72249ffec9dc8aafd5c82b26240ef3f346?s=96&d=mm&r=g","caption":"Redazione"},"url":"https:\/\/www.rassegnastampa-totustuus.it\/cattolica\/author\/pietroelle\/"}]}},"_links":{"self":[{"href":"https:\/\/www.rassegnastampa-totustuus.it\/cattolica\/wp-json\/wp\/v2\/posts\/26943","targetHints":{"allow":["GET"]}}],"collection":[{"href":"https:\/\/www.rassegnastampa-totustuus.it\/cattolica\/wp-json\/wp\/v2\/posts"}],"about":[{"href":"https:\/\/www.rassegnastampa-totustuus.it\/cattolica\/wp-json\/wp\/v2\/types\/post"}],"author":[{"embeddable":true,"href":"https:\/\/www.rassegnastampa-totustuus.it\/cattolica\/wp-json\/wp\/v2\/users\/6"}],"replies":[{"embeddable":true,"href":"https:\/\/www.rassegnastampa-totustuus.it\/cattolica\/wp-json\/wp\/v2\/comments?post=26943"}],"version-history":[{"count":1,"href":"https:\/\/www.rassegnastampa-totustuus.it\/cattolica\/wp-json\/wp\/v2\/posts\/26943\/revisions"}],"predecessor-version":[{"id":26945,"href":"https:\/\/www.rassegnastampa-totustuus.it\/cattolica\/wp-json\/wp\/v2\/posts\/26943\/revisions\/26945"}],"wp:featuredmedia":[{"embeddable":true,"href":"https:\/\/www.rassegnastampa-totustuus.it\/cattolica\/wp-json\/wp\/v2\/media\/26944"}],"wp:attachment":[{"href":"https:\/\/www.rassegnastampa-totustuus.it\/cattolica\/wp-json\/wp\/v2\/media?parent=26943"}],"wp:term":[{"taxonomy":"category","embeddable":true,"href":"https:\/\/www.rassegnastampa-totustuus.it\/cattolica\/wp-json\/wp\/v2\/categories?post=26943"},{"taxonomy":"post_tag","embeddable":true,"href":"https:\/\/www.rassegnastampa-totustuus.it\/cattolica\/wp-json\/wp\/v2\/tags?post=26943"}],"curies":[{"name":"wp","href":"https:\/\/api.w.org\/{rel}","templated":true}]}}