{"id":2694,"date":"2009-03-02T13:18:22","date_gmt":"2009-03-02T12:18:22","guid":{"rendered":""},"modified":"2015-12-01T12:20:08","modified_gmt":"2015-12-01T11:20:08","slug":"1848-una-tragedia-nazionale","status":"publish","type":"post","link":"https:\/\/www.rassegnastampa-totustuus.it\/cattolica\/1848-una-tragedia-nazionale\/","title":{"rendered":"1848: una tragedia nazionale"},"content":{"rendered":"<div style=\"text-align: center;\"><strong><a href=\"https:\/\/www.rassegnastampa-totustuus.it\/cattolica\/wp-content\/uploads\/2009\/03\/moti-1848.jpg\"><img loading=\"lazy\" decoding=\"async\" class=\"alignleft wp-image-28358\" src=\"https:\/\/www.rassegnastampa-totustuus.it\/cattolica\/wp-content\/uploads\/2009\/03\/moti-1848.jpg\" alt=\"moti 1848\" width=\"250\" height=\"185\" \/><\/a>Il Timone<\/strong> n.69 gennaio 2008<\/div>\n<p style=\"text-align: justify;\"><em>Il fallimento del progetto neoguelfo, che voleva raggiungere l\u2019unit\u00e0 d\u2019Italia in collaborazione con il Papa. L\u2019uinificazione italiana diventa cos\u00ec anticattolica e centralista. Una ferita che incide e rimane nel corpo della nazione<\/em><\/p>\n<p style=\"text-align: center;\">di <strong>Francesco Maria Agnoli<\/strong><\/p>\n<p><!--more--><\/p>\n<div style=\"text-align: justify;\">Le celebrazioni del bicentenario di Garibaldi hanno avuto un tono minore rispetto ai propositi, in particolare per partecipazione popolare, segno evidente del benefico affievolirsi di un mito in gran parte artificioso anche se per molti decenni penetrato a fondo nel comune sentire.<\/div>\n<p style=\"text-align: justify;\">Tuttavia, il bicentenario rappresenta un&#8217;occasione per interrogarsi sul processo che port\u00f2 all&#8217;unificazione italiana e, soprattutto, per chiedersi se quella via a lungo presentata come l&#8217;unica possibile per conseguirla lo fosse veramente e, in caso contrario, se quella scelta non sia stata causa di molti dei mali odierni, per colpa dei quali l&#8217;Italia in ambito europeo si colloca quasi sempre come fanalino di coda in molteplici situazioni e in tutti i settori nei quali la presenza dello Stato svolge un ruolo determinante.<\/p>\n<p style=\"text-align: justify;\">Una domanda, quindi, di interesse non esclusivamente storico, ma di viva attualit\u00e0, che si ripresenta con particolare evidenza nei momenti di crisi, quando diviene inevitabile chiedersi se questi non siano, e in quale misura, collegati a quello che un libro che avrebbe meritato maggior fortuna (<em>Un popolo diviso<\/em> di Giuseppe Orlandi e Antonio Achille) definisce nel sottotitolo \u00ab<em>il paradosso di un&#8217;unit\u00e0 che disun\u00ec<\/em>\u00bb.<\/p>\n<p style=\"text-align: justify;\">Nel 1929, la <em>Civilt\u00e0 Cattolica<\/em> cos\u00ec scriveva \u00abCominciando da Pio IX, fino al pi\u00f9 semplice prete del contado, l&#8217;unit\u00e0 italiana non era avversata da nessuno. Si potrebbe anche dimostrare perentoriamente che all&#8217;invito di Pio IX, nel 1848, per una lega nazionale italiana, chi si oppose fu il solo ministero piemontese. Il clero italiano, e ci\u00f2 \u00e8 da porsi fuori di ogni dubbio per chi non voglia negare la luce meridiana, non si oppose all&#8217;unit\u00e0, ma la voleva in modo diverso quanto all&#8217;esecuzione. Questa era l&#8217;idea di Pio IX, dell&#8217;alta gerarchia, dei cardinali e dello stesso antico partito conservatore piemontese\u00bb (La Civilt\u00e0 Cattolica, 16 marzo 1929).<\/p>\n<p style=\"text-align: justify;\">Incredibile a dirsi per la storiografia laica e giacobinizzante, non l&#8217;avversavano nemmeno, nonostante le polemiche con l&#8217;abate Vincenzo Gioberti (1801-1852) e l&#8217;avversione di alcuni di loro, come il padre Carlo Maria Curci (1809-1891), per il neo-guelfismo, i gesuiti, bestia nera del liberalismo piemontese e di tutto il rivoluzionarismo italico ed europeo.<\/p>\n<p style=\"text-align: justify;\">Uno dei loro maggiori rappresentanti all&#8217;epoca, Luigi Taparelli d&#8217;Azeglio (1793-1862), nella sua corrispondenza con il superiore generale Joannes Philippe Roothaan (1783-1853) si dichiarava favorevole a un \u00abliberalismo senza empiet\u00e0\u00bb (lettera del 7 febbraio 1847 riportata nei <em>Carteggi di padre Taparelli <\/em>curati da Pietro Pirri sj, Torino 1932) e, trovandosi a Palermo, al momento dell&#8217;insurrezione della Sicilia contro il governo napoletano, dichiar\u00f2 il regime costituzionale migliore del vecchio regalismo borbonico ed espresse l&#8217;augurio che la libert\u00e0 siciliana fosse come quella degli Stati Uniti, dove \u00abogni religione \u00e8 civilmente rispettata, niuna politicamente regnante\u00bb sicch\u00e9 il cattolicesimo vi \u00e8 \u00abpi\u00f9 lieto e libero e attuoso che in certi regni cristianissimi, fedelissimi, apostolicissimi\u00bb (L. Taparelli d&#8217;Azeglio, <em>Sulla libert\u00e0 di associazione<\/em>, cit. in Gabriele De Rosa, <em>I gesuiti in Sicilia e la rivoluzione del &#8217;48<\/em>, Roma 1963, p. 217).<\/p>\n<p style=\"text-align: justify;\">Ma, opinione dei singoli a parte (comunque a fianco del padre Taparelli va ricordato almeno un altro gesuita, Giuseppe Romano), fino al 1848 era opinione comune, in Italia e in Europa, soprattutto dopo il disastroso fallimento dei moti mazziniani del 1843-44, che l&#8217;unit\u00e0 politica italiana fosse realizzabile (e auspicabile) unicamente in forma confederale, un&#8217;opinione condivisa non solo dai cattolici, ma dalla maggioranza dei laici, e che, dopo una gestazione letteraria, assunse concreta forma politica col neo-guelfismo.<\/p>\n<p style=\"text-align: justify;\">Si trattava di unire in una Lega guidata dal Papa (in sostanza una confederazione) tutti gli Stati italiani secondo le linee tracciate da Gioberti nel <em>Primato morale e civile degli Italiani.<\/em> Questo libro, per il successo ottenuto e le adesioni raccolte, divenne il manifesto del neo-guelfismo, ma aveva radici fin nel <em>Du Pape<\/em> di Joseph de Maistre (1753-1821), che gi\u00e0 traeva conseguenze politiche dal primato della Chiesa cattolica, e precedenti nel <em>Dell&#8217;Italia<\/em> d\u00ec Nicolo Tommaseo (1802-1874), pubblicato nel 1835, e nelle <em>Cinque piaghe della Chiesa<\/em> di Antonio Rosmini (1797-1855), che, pur pubblicato solo nel 1848, era stato scritto nel 1833.<\/p>\n<p style=\"text-align: justify;\">Indubbiamente il progetto neo-guelfo di una confederazione, che avrebbe dovuto riprendere, perfezionandolo, il modello germanico, incontrava l&#8217;ostacolo di un Lombardo-Veneto governato dall&#8217;Austria (il problema, trascurato da Gioberti, venne affrontato da Cesare Balbo (1789-1853), proponendone la liberazione dall&#8217;Austria), e in alcuni ambienti destava perplessit\u00e0 l&#8217;idea di affidarne al Papa la guida, nonostante si trattasse pi\u00f9 che altro, come maggioranza degli italiani chiaramente comprendeva, di un titolo d&#8217;onore e della garanzia che la Lega avrebbe conservato il principio ispiratore da cui era nata: la consapevolezza che la rinascita, sociale, culturale e politica dell&#8217;Italia era indissolubilmente legata alla storia della Chiesa, che aveva garantito attraverso i secoli l&#8217;italianit\u00e0. Da questo punto di vista la politica di Massimo d&#8217;Azeglio (1798-1866) che, fatta l&#8217;Italia, voleva \u00abfare gli italiani\u00bb era priva di senso, perch\u00e9 gli italiani erano fatti da secoli.<\/p>\n<p style=\"text-align: justify;\">Le vicende della Repubblica romana del 1849 con il suo feroce anti-cattolicesimo e la politica del nuovo governo piemontese dei d&#8217;Azeglio e dei Cavour misero in crisi il progetto neo-guelfo e in particolare l&#8217;idea della supremazia del Papato, ma non completamente e non subito quello confederativo come strada maestra per l&#8217;unificazione politica. Questa prospettiva continuava a godere di un vasto consenso nazionale e internazionale e su quest&#8217;ultimo lo stesso conte di Cavour faceva tanto conto che nel 1858, per assicurarne l&#8217;appoggio alle mire espansionistiche del Piemonte, a Plombi\u00e8rs ne propose a Napoleone III (1808-1873) (e poco rileva la probabile, o certa, esistenza, di una riserva mentale) una riedizione ovviamente innestandola sulla nuova situazione politica destinata ad uscire dalla guerra contro l&#8217;Austria.<\/p>\n<p style=\"text-align: justify;\">Gli accordi prevedevano, difatti, accanto al Regno delle Due Sicilie, immutato nei suoi antichi confini, un Regno settentrionale, comprendente anche le Legazioni e i Ducati padani, sotto Casa Savoia, un Regno centrale, costituite da gran parte delle ex-province pontificie con sovrano Gerolamo Napoleone (1784-1860), uno Stato della Chiesa ristretto al solo Lazio. Questi quattro Stati si sarebbero confederati.<\/p>\n<p style=\"text-align: justify;\">L&#8217;idea era talmente forte in Europa che, venuta meno la possibilit\u00e0 di attuare gli accordi di Plombi\u00e8rs a seguito dell&#8217;armistizio di Villafranca, la conseguente pace di Zurigo (novembre 1859), che assegnava la Lombardia al Piemonte ma lasciava all&#8217;Austria il Veneto, prevedeva una Confederazione fra il Regno sardo, accresciuto della Lombardia, le Due Sicilie, lo Stato della Chiesa, i Ducati di Parma e Modena e il Veneto.Veniva cos\u00ec, se non rimosso, grandemente attenuato il principale inciampo incontrato dal progetto neo-guelfo: il Lombardo-Veneto austriaco.<\/p>\n<p style=\"text-align: justify;\">La Lombardia, difatti, era stata sottratta agli Asburgo e unita al Piemonte, ed era espressamente previsto che i deputati del Veneto, pur rimasto asburgico, partecipassero a pieno titolo all&#8217;atto fondativo della Confederazione e alla formulazione del patto confederale.<\/p>\n<p style=\"text-align: justify;\">A parte gli accordi di Plombi\u00e8res e le clausole della pace di Zurigo, che almeno uno dei contraenti non intendeva rispettare nel momento stesso in cui li sottoscriveva e che gli altri non avevano il desiderio o la forza di fare osservare, resta il problema del fallimento del progetto neoguelfo nonostante le grandi speranze suscitate e i volonterosi tentativi di metterlo in atto.<\/p>\n<p style=\"text-align: justify;\">Difatti, ai primi di aprile del 1849 (Milano aveva appena vissuto le Cinque Giornate e il Regno sardo dichiarato la guerra all&#8217;Austria), Pio IX (1846-1878) diede nuovo impulso alle iniziative del novembre 1847 per la realizzazione di una Lega doganale (la stessa strada intrapresa nel 1834 con la Zollverein da 38 Stati della Confederazione tedesca), inviando un Legato straordinario a Carlo Alberto (1798-1849), che per\u00f2, pur informato dell&#8217;adesione della Toscana e delle Due Sicilie, si trincer\u00f2 dietro la guerra in corso per rinviare ogni decisione.<\/p>\n<p style=\"text-align: justify;\">Nonostante il sospetto che il Piemonte, inorgoglito dai primi successi militari, meditasse di sostituire al progetto dell&#8217;indipendenza italiana quello dell&#8217;allargamento dei domini di Casa Savoia secondo l&#8217;antica ambizione sabauda di mangiarsi la penisola foglia a foglia come un carciofo, nell&#8217;autunno di quello stesso anno il nuovo governo pontificio, presieduto da Pellegrino Rossi (1787-1848), rinnov\u00f2 la proposta.<\/p>\n<p style=\"text-align: justify;\">Questa volta il Piemonte, in difficolt\u00e0 sul piano militare, diede risposta positiva, ma a condizione che gli venissero assicurati il Lombardo-Veneto e i Ducati emiliani, cos\u00ec trasformando in certezza il dubbio sulla sua intenzione di utilizzare l&#8217;aspirazione all&#8217;unificazione come grimaldello per ingrandire se stesso a spese dell&#8217;Italia per poi un giorno dominarla.<\/p>\n<p style=\"text-align: justify;\">Gli anni successivi avrebbero reso chiaro a tutti che appunto questa era la ragione del rifiuto e dell&#8217;accantonamento del progetto confederale e cattolico a favore di un centralismo monarchico-giacobino da realizzare attraverso l&#8217;alleanza, solo in apparenza contraddittoria dal momento che i nuovi governanti piemontesi, pur conservatori in economia, ne condividevano l&#8217;ideologia rivoluzionaria, con l&#8217;ala estrema del movimento unitario, che del resto assicurava alle loro ambizioni, in nome dell&#8217;odio al &#8220;papismo&#8221;, l&#8217;appoggio inglese e, di conseguenza, della massoneria internazionale.<\/p>\n<p style=\"text-align: justify;\">In questo modo si pass\u00f2 da una unificazione politica fondata sul riconoscimento dell&#8217;indissolubile legame fra la rinascita dell&#8217;Italia e la storia della Chiesa cattolica, all&#8217;opposto di uno Stato costruito, caso unico in Europa, contro la religione praticata dalla quasi totalit\u00e0 dei cittadini.<\/p>\n<p style=\"text-align: justify;\">Uno Stato nel quale il Bollettino della massoneria (ripreso da <em>La Civilt\u00e0 Cattolica<\/em> del 5 dicembre 1881) definiva \u00abstolto e cieco chi non vedeva e non sentiva la terribile e peculiare missione della razza italiana esser di liberar le nazioni dal giogo di Roma cattolica\u00bb e il giornale ufficioso <em>Il Diritto<\/em> (11 agosto 1863) proporre questa missione come conseguenza e giustificazione dell&#8217;unit\u00e0, perch\u00e9 \u00abnazionalit\u00e0, unit\u00e0, libert\u00e0 politica sono mezzi a quel fine; mezzi che eventualmente sono grandi e solenni benefici per noi, ma che pure sono, rispetto all&#8217;umanit\u00e0, null&#8217;altro che mezzi per conseguire quel fine, che a lei sta sommamente a cuore, della totale distruzione del medioevo nell&#8217;ultima sua forma, il cattolicesimo\u00bb.<\/p>\n<p style=\"text-align: justify;\"><strong>Bibliografia<\/strong><\/p>\n<p style=\"text-align: justify;\"><strong>Gabriele de Rosa<\/strong>, <em>Il movimento cattolico in Italia<\/em>, Laterza 1988<\/p>\n<p style=\"text-align: justify;\"><strong>Giuseppe Orlandi<\/strong> &#8211; <strong>Antonio Achille<\/strong>, <em>Un popolo diviso<\/em>, La parola 1988.<\/p>\n<p style=\"text-align: justify;\"><strong>Renato Girelli<\/strong>, <em>La questione romana. Il compimento dell\u2019unificazione che ha diviso l\u2019Italia<\/em>, Mimep-Docete, 1997<\/p>\n","protected":false},"excerpt":{"rendered":"<p>Il Timone n.69 gennaio 2008 Il fallimento del progetto neoguelfo, che voleva raggiungere l\u2019unit\u00e0 d\u2019Italia in collaborazione con il Papa. L\u2019uinificazione italiana diventa cos\u00ec anticattolica e centralista. Una ferita che incide e rimane nel corpo della nazione di Francesco Maria Agnoli<\/p><p><a class=\"more-link btn\" href=\"https:\/\/www.rassegnastampa-totustuus.it\/cattolica\/1848-una-tragedia-nazionale\/\">Continua a leggere<\/a><\/p>\n","protected":false},"author":6,"featured_media":28358,"comment_status":"closed","ping_status":"open","sticky":false,"template":"","format":"standard","meta":{"footnotes":""},"categories":[101,96],"tags":[737],"class_list":["post-2694","post","type-post","status-publish","format-standard","has-post-thumbnail","hentry","category-risorgimento","category-storia-italiana","tag-federalismo","item-wrap"],"yoast_head":"<!-- This site is optimized with the Yoast SEO plugin v27.5 - https:\/\/yoast.com\/product\/yoast-seo-wordpress\/ -->\n<title>1848: una tragedia nazionale - Rassegna Stampa Cattolica<\/title>\n<meta name=\"description\" content=\"Rassegna Stampa Cattolica - Per una cultura che nasce dalla Rivelazione cristiana in conformit\u00e0 alla tradizione e al Magistero della Chiesa in opposizione ad ogni relativismo e totalitarismo\" \/>\n<meta name=\"robots\" content=\"index, follow, max-snippet:-1, max-image-preview:large, max-video-preview:-1\" \/>\n<link rel=\"canonical\" href=\"https:\/\/www.rassegnastampa-totustuus.it\/cattolica\/1848-una-tragedia-nazionale\/\" \/>\n<meta property=\"og:locale\" content=\"it_IT\" \/>\n<meta property=\"og:type\" content=\"article\" \/>\n<meta property=\"og:title\" content=\"1848: una tragedia nazionale - Rassegna Stampa Cattolica\" \/>\n<meta property=\"og:description\" content=\"Rassegna Stampa Cattolica - Per una cultura che nasce dalla Rivelazione cristiana in conformit\u00e0 alla tradizione e al Magistero della Chiesa in opposizione ad ogni relativismo e totalitarismo\" \/>\n<meta property=\"og:url\" content=\"https:\/\/www.rassegnastampa-totustuus.it\/cattolica\/1848-una-tragedia-nazionale\/\" \/>\n<meta property=\"og:site_name\" content=\"Rassegna Stampa Cattolica\" \/>\n<meta property=\"article:publisher\" content=\"https:\/\/www.facebook.com\/rassegnastampacattolica\" \/>\n<meta property=\"article:published_time\" content=\"2009-03-02T12:18:22+00:00\" \/>\n<meta property=\"article:modified_time\" content=\"2015-12-01T11:20:08+00:00\" \/>\n<meta property=\"og:image\" content=\"https:\/\/www.rassegnastampa-totustuus.it\/cattolica\/wp-content\/uploads\/2009\/03\/moti-1848.jpg\" \/>\n\t<meta property=\"og:image:width\" content=\"261\" \/>\n\t<meta property=\"og:image:height\" content=\"193\" \/>\n\t<meta property=\"og:image:type\" content=\"image\/jpeg\" \/>\n<meta name=\"author\" content=\"Redazione\" \/>\n<meta name=\"twitter:card\" content=\"summary_large_image\" \/>\n<meta name=\"twitter:creator\" content=\"@rassegnastampa9\" \/>\n<meta name=\"twitter:site\" content=\"@rassegnastampa9\" \/>\n<meta name=\"twitter:label1\" content=\"Scritto da\" \/>\n\t<meta name=\"twitter:data1\" content=\"Redazione\" \/>\n\t<meta name=\"twitter:label2\" content=\"Tempo di lettura stimato\" \/>\n\t<meta name=\"twitter:data2\" content=\"8 minuti\" \/>\n<script type=\"application\/ld+json\" class=\"yoast-schema-graph\">{\"@context\":\"https:\\\/\\\/schema.org\",\"@graph\":[{\"@type\":\"Article\",\"@id\":\"https:\\\/\\\/www.rassegnastampa-totustuus.it\\\/cattolica\\\/1848-una-tragedia-nazionale\\\/#article\",\"isPartOf\":{\"@id\":\"https:\\\/\\\/www.rassegnastampa-totustuus.it\\\/cattolica\\\/1848-una-tragedia-nazionale\\\/\"},\"author\":{\"name\":\"Redazione\",\"@id\":\"https:\\\/\\\/www.rassegnastampa-totustuus.it\\\/cattolica\\\/#\\\/schema\\\/person\\\/08f319d2bd1a0904ad9e2bfb7b15e5c3\"},\"headline\":\"1848: una tragedia nazionale\",\"datePublished\":\"2009-03-02T12:18:22+00:00\",\"dateModified\":\"2015-12-01T11:20:08+00:00\",\"mainEntityOfPage\":{\"@id\":\"https:\\\/\\\/www.rassegnastampa-totustuus.it\\\/cattolica\\\/1848-una-tragedia-nazionale\\\/\"},\"wordCount\":1693,\"publisher\":{\"@id\":\"https:\\\/\\\/www.rassegnastampa-totustuus.it\\\/cattolica\\\/#organization\"},\"image\":{\"@id\":\"https:\\\/\\\/www.rassegnastampa-totustuus.it\\\/cattolica\\\/1848-una-tragedia-nazionale\\\/#primaryimage\"},\"thumbnailUrl\":\"https:\\\/\\\/www.rassegnastampa-totustuus.it\\\/cattolica\\\/wp-content\\\/uploads\\\/2009\\\/03\\\/moti-1848.jpg\",\"keywords\":[\"federalismo\"],\"articleSection\":[\"Risorgimento\",\"Storia italiana\"],\"inLanguage\":\"it-IT\"},{\"@type\":\"WebPage\",\"@id\":\"https:\\\/\\\/www.rassegnastampa-totustuus.it\\\/cattolica\\\/1848-una-tragedia-nazionale\\\/\",\"url\":\"https:\\\/\\\/www.rassegnastampa-totustuus.it\\\/cattolica\\\/1848-una-tragedia-nazionale\\\/\",\"name\":\"1848: una tragedia nazionale - Rassegna Stampa Cattolica\",\"isPartOf\":{\"@id\":\"https:\\\/\\\/www.rassegnastampa-totustuus.it\\\/cattolica\\\/#website\"},\"primaryImageOfPage\":{\"@id\":\"https:\\\/\\\/www.rassegnastampa-totustuus.it\\\/cattolica\\\/1848-una-tragedia-nazionale\\\/#primaryimage\"},\"image\":{\"@id\":\"https:\\\/\\\/www.rassegnastampa-totustuus.it\\\/cattolica\\\/1848-una-tragedia-nazionale\\\/#primaryimage\"},\"thumbnailUrl\":\"https:\\\/\\\/www.rassegnastampa-totustuus.it\\\/cattolica\\\/wp-content\\\/uploads\\\/2009\\\/03\\\/moti-1848.jpg\",\"datePublished\":\"2009-03-02T12:18:22+00:00\",\"dateModified\":\"2015-12-01T11:20:08+00:00\",\"description\":\"Rassegna Stampa Cattolica - Per una cultura che nasce dalla Rivelazione cristiana in conformit\u00e0 alla tradizione e al Magistero della Chiesa in opposizione ad ogni relativismo e totalitarismo\",\"breadcrumb\":{\"@id\":\"https:\\\/\\\/www.rassegnastampa-totustuus.it\\\/cattolica\\\/1848-una-tragedia-nazionale\\\/#breadcrumb\"},\"inLanguage\":\"it-IT\",\"potentialAction\":[{\"@type\":\"ReadAction\",\"target\":[\"https:\\\/\\\/www.rassegnastampa-totustuus.it\\\/cattolica\\\/1848-una-tragedia-nazionale\\\/\"]}]},{\"@type\":\"ImageObject\",\"inLanguage\":\"it-IT\",\"@id\":\"https:\\\/\\\/www.rassegnastampa-totustuus.it\\\/cattolica\\\/1848-una-tragedia-nazionale\\\/#primaryimage\",\"url\":\"https:\\\/\\\/www.rassegnastampa-totustuus.it\\\/cattolica\\\/wp-content\\\/uploads\\\/2009\\\/03\\\/moti-1848.jpg\",\"contentUrl\":\"https:\\\/\\\/www.rassegnastampa-totustuus.it\\\/cattolica\\\/wp-content\\\/uploads\\\/2009\\\/03\\\/moti-1848.jpg\",\"width\":261,\"height\":193},{\"@type\":\"BreadcrumbList\",\"@id\":\"https:\\\/\\\/www.rassegnastampa-totustuus.it\\\/cattolica\\\/1848-una-tragedia-nazionale\\\/#breadcrumb\",\"itemListElement\":[{\"@type\":\"ListItem\",\"position\":1,\"name\":\"Home\",\"item\":\"https:\\\/\\\/www.rassegnastampa-totustuus.it\\\/cattolica\\\/\"},{\"@type\":\"ListItem\",\"position\":2,\"name\":\"1848: una tragedia nazionale\"}]},{\"@type\":\"WebSite\",\"@id\":\"https:\\\/\\\/www.rassegnastampa-totustuus.it\\\/cattolica\\\/#website\",\"url\":\"https:\\\/\\\/www.rassegnastampa-totustuus.it\\\/cattolica\\\/\",\"name\":\"Rassegna Stampa Cattolica\",\"description\":\"Per una cultura che nasce dalla Rivelazione cristiana in conformit\u00e0 alla tradizione e al Magistero della Chiesa in opposizione ad ogni relativismo e totalitarismo\",\"publisher\":{\"@id\":\"https:\\\/\\\/www.rassegnastampa-totustuus.it\\\/cattolica\\\/#organization\"},\"alternateName\":\"Rass. Cattolica\",\"potentialAction\":[{\"@type\":\"SearchAction\",\"target\":{\"@type\":\"EntryPoint\",\"urlTemplate\":\"https:\\\/\\\/www.rassegnastampa-totustuus.it\\\/cattolica\\\/?s={search_term_string}\"},\"query-input\":{\"@type\":\"PropertyValueSpecification\",\"valueRequired\":true,\"valueName\":\"search_term_string\"}}],\"inLanguage\":\"it-IT\"},{\"@type\":\"Organization\",\"@id\":\"https:\\\/\\\/www.rassegnastampa-totustuus.it\\\/cattolica\\\/#organization\",\"name\":\"Rassegna Stampa Cattolica\",\"url\":\"https:\\\/\\\/www.rassegnastampa-totustuus.it\\\/cattolica\\\/\",\"logo\":{\"@type\":\"ImageObject\",\"inLanguage\":\"it-IT\",\"@id\":\"https:\\\/\\\/www.rassegnastampa-totustuus.it\\\/cattolica\\\/#\\\/schema\\\/logo\\\/image\\\/\",\"url\":\"https:\\\/\\\/www.rassegnastampa-totustuus.it\\\/cattolica\\\/wp-content\\\/uploads\\\/2014\\\/04\\\/logo-rassegna1.gif\",\"contentUrl\":\"https:\\\/\\\/www.rassegnastampa-totustuus.it\\\/cattolica\\\/wp-content\\\/uploads\\\/2014\\\/04\\\/logo-rassegna1.gif\",\"width\":600,\"height\":163,\"caption\":\"Rassegna Stampa Cattolica\"},\"image\":{\"@id\":\"https:\\\/\\\/www.rassegnastampa-totustuus.it\\\/cattolica\\\/#\\\/schema\\\/logo\\\/image\\\/\"},\"sameAs\":[\"https:\\\/\\\/www.facebook.com\\\/rassegnastampacattolica\",\"https:\\\/\\\/x.com\\\/rassegnastampa9\"]},{\"@type\":\"Person\",\"@id\":\"https:\\\/\\\/www.rassegnastampa-totustuus.it\\\/cattolica\\\/#\\\/schema\\\/person\\\/08f319d2bd1a0904ad9e2bfb7b15e5c3\",\"name\":\"Redazione\",\"image\":{\"@type\":\"ImageObject\",\"inLanguage\":\"it-IT\",\"@id\":\"https:\\\/\\\/secure.gravatar.com\\\/avatar\\\/2fcdf27c78ea025fbdb44e914cc63c72249ffec9dc8aafd5c82b26240ef3f346?s=96&d=mm&r=g\",\"url\":\"https:\\\/\\\/secure.gravatar.com\\\/avatar\\\/2fcdf27c78ea025fbdb44e914cc63c72249ffec9dc8aafd5c82b26240ef3f346?s=96&d=mm&r=g\",\"contentUrl\":\"https:\\\/\\\/secure.gravatar.com\\\/avatar\\\/2fcdf27c78ea025fbdb44e914cc63c72249ffec9dc8aafd5c82b26240ef3f346?s=96&d=mm&r=g\",\"caption\":\"Redazione\"},\"url\":\"https:\\\/\\\/www.rassegnastampa-totustuus.it\\\/cattolica\\\/author\\\/pietroelle\\\/\"}]}<\/script>\n<!-- \/ Yoast SEO plugin. -->","yoast_head_json":{"title":"1848: una tragedia nazionale - Rassegna Stampa Cattolica","description":"Rassegna Stampa Cattolica - Per una cultura che nasce dalla Rivelazione cristiana in conformit\u00e0 alla tradizione e al Magistero della Chiesa in opposizione ad ogni relativismo e totalitarismo","robots":{"index":"index","follow":"follow","max-snippet":"max-snippet:-1","max-image-preview":"max-image-preview:large","max-video-preview":"max-video-preview:-1"},"canonical":"https:\/\/www.rassegnastampa-totustuus.it\/cattolica\/1848-una-tragedia-nazionale\/","og_locale":"it_IT","og_type":"article","og_title":"1848: una tragedia nazionale - Rassegna Stampa Cattolica","og_description":"Rassegna Stampa Cattolica - Per una cultura che nasce dalla Rivelazione cristiana in conformit\u00e0 alla tradizione e al Magistero della Chiesa in opposizione ad ogni relativismo e totalitarismo","og_url":"https:\/\/www.rassegnastampa-totustuus.it\/cattolica\/1848-una-tragedia-nazionale\/","og_site_name":"Rassegna Stampa Cattolica","article_publisher":"https:\/\/www.facebook.com\/rassegnastampacattolica","article_published_time":"2009-03-02T12:18:22+00:00","article_modified_time":"2015-12-01T11:20:08+00:00","og_image":[{"width":261,"height":193,"url":"https:\/\/www.rassegnastampa-totustuus.it\/cattolica\/wp-content\/uploads\/2009\/03\/moti-1848.jpg","type":"image\/jpeg"}],"author":"Redazione","twitter_card":"summary_large_image","twitter_creator":"@rassegnastampa9","twitter_site":"@rassegnastampa9","twitter_misc":{"Scritto da":"Redazione","Tempo di lettura stimato":"8 minuti"},"schema":{"@context":"https:\/\/schema.org","@graph":[{"@type":"Article","@id":"https:\/\/www.rassegnastampa-totustuus.it\/cattolica\/1848-una-tragedia-nazionale\/#article","isPartOf":{"@id":"https:\/\/www.rassegnastampa-totustuus.it\/cattolica\/1848-una-tragedia-nazionale\/"},"author":{"name":"Redazione","@id":"https:\/\/www.rassegnastampa-totustuus.it\/cattolica\/#\/schema\/person\/08f319d2bd1a0904ad9e2bfb7b15e5c3"},"headline":"1848: una tragedia nazionale","datePublished":"2009-03-02T12:18:22+00:00","dateModified":"2015-12-01T11:20:08+00:00","mainEntityOfPage":{"@id":"https:\/\/www.rassegnastampa-totustuus.it\/cattolica\/1848-una-tragedia-nazionale\/"},"wordCount":1693,"publisher":{"@id":"https:\/\/www.rassegnastampa-totustuus.it\/cattolica\/#organization"},"image":{"@id":"https:\/\/www.rassegnastampa-totustuus.it\/cattolica\/1848-una-tragedia-nazionale\/#primaryimage"},"thumbnailUrl":"https:\/\/www.rassegnastampa-totustuus.it\/cattolica\/wp-content\/uploads\/2009\/03\/moti-1848.jpg","keywords":["federalismo"],"articleSection":["Risorgimento","Storia italiana"],"inLanguage":"it-IT"},{"@type":"WebPage","@id":"https:\/\/www.rassegnastampa-totustuus.it\/cattolica\/1848-una-tragedia-nazionale\/","url":"https:\/\/www.rassegnastampa-totustuus.it\/cattolica\/1848-una-tragedia-nazionale\/","name":"1848: una tragedia nazionale - Rassegna Stampa Cattolica","isPartOf":{"@id":"https:\/\/www.rassegnastampa-totustuus.it\/cattolica\/#website"},"primaryImageOfPage":{"@id":"https:\/\/www.rassegnastampa-totustuus.it\/cattolica\/1848-una-tragedia-nazionale\/#primaryimage"},"image":{"@id":"https:\/\/www.rassegnastampa-totustuus.it\/cattolica\/1848-una-tragedia-nazionale\/#primaryimage"},"thumbnailUrl":"https:\/\/www.rassegnastampa-totustuus.it\/cattolica\/wp-content\/uploads\/2009\/03\/moti-1848.jpg","datePublished":"2009-03-02T12:18:22+00:00","dateModified":"2015-12-01T11:20:08+00:00","description":"Rassegna Stampa Cattolica - Per una cultura che nasce dalla Rivelazione cristiana in conformit\u00e0 alla tradizione e al Magistero della Chiesa in opposizione ad ogni relativismo e totalitarismo","breadcrumb":{"@id":"https:\/\/www.rassegnastampa-totustuus.it\/cattolica\/1848-una-tragedia-nazionale\/#breadcrumb"},"inLanguage":"it-IT","potentialAction":[{"@type":"ReadAction","target":["https:\/\/www.rassegnastampa-totustuus.it\/cattolica\/1848-una-tragedia-nazionale\/"]}]},{"@type":"ImageObject","inLanguage":"it-IT","@id":"https:\/\/www.rassegnastampa-totustuus.it\/cattolica\/1848-una-tragedia-nazionale\/#primaryimage","url":"https:\/\/www.rassegnastampa-totustuus.it\/cattolica\/wp-content\/uploads\/2009\/03\/moti-1848.jpg","contentUrl":"https:\/\/www.rassegnastampa-totustuus.it\/cattolica\/wp-content\/uploads\/2009\/03\/moti-1848.jpg","width":261,"height":193},{"@type":"BreadcrumbList","@id":"https:\/\/www.rassegnastampa-totustuus.it\/cattolica\/1848-una-tragedia-nazionale\/#breadcrumb","itemListElement":[{"@type":"ListItem","position":1,"name":"Home","item":"https:\/\/www.rassegnastampa-totustuus.it\/cattolica\/"},{"@type":"ListItem","position":2,"name":"1848: una tragedia nazionale"}]},{"@type":"WebSite","@id":"https:\/\/www.rassegnastampa-totustuus.it\/cattolica\/#website","url":"https:\/\/www.rassegnastampa-totustuus.it\/cattolica\/","name":"Rassegna Stampa Cattolica","description":"Per una cultura che nasce dalla Rivelazione cristiana in conformit\u00e0 alla tradizione e al Magistero della Chiesa in opposizione ad ogni relativismo e totalitarismo","publisher":{"@id":"https:\/\/www.rassegnastampa-totustuus.it\/cattolica\/#organization"},"alternateName":"Rass. Cattolica","potentialAction":[{"@type":"SearchAction","target":{"@type":"EntryPoint","urlTemplate":"https:\/\/www.rassegnastampa-totustuus.it\/cattolica\/?s={search_term_string}"},"query-input":{"@type":"PropertyValueSpecification","valueRequired":true,"valueName":"search_term_string"}}],"inLanguage":"it-IT"},{"@type":"Organization","@id":"https:\/\/www.rassegnastampa-totustuus.it\/cattolica\/#organization","name":"Rassegna Stampa Cattolica","url":"https:\/\/www.rassegnastampa-totustuus.it\/cattolica\/","logo":{"@type":"ImageObject","inLanguage":"it-IT","@id":"https:\/\/www.rassegnastampa-totustuus.it\/cattolica\/#\/schema\/logo\/image\/","url":"https:\/\/www.rassegnastampa-totustuus.it\/cattolica\/wp-content\/uploads\/2014\/04\/logo-rassegna1.gif","contentUrl":"https:\/\/www.rassegnastampa-totustuus.it\/cattolica\/wp-content\/uploads\/2014\/04\/logo-rassegna1.gif","width":600,"height":163,"caption":"Rassegna Stampa Cattolica"},"image":{"@id":"https:\/\/www.rassegnastampa-totustuus.it\/cattolica\/#\/schema\/logo\/image\/"},"sameAs":["https:\/\/www.facebook.com\/rassegnastampacattolica","https:\/\/x.com\/rassegnastampa9"]},{"@type":"Person","@id":"https:\/\/www.rassegnastampa-totustuus.it\/cattolica\/#\/schema\/person\/08f319d2bd1a0904ad9e2bfb7b15e5c3","name":"Redazione","image":{"@type":"ImageObject","inLanguage":"it-IT","@id":"https:\/\/secure.gravatar.com\/avatar\/2fcdf27c78ea025fbdb44e914cc63c72249ffec9dc8aafd5c82b26240ef3f346?s=96&d=mm&r=g","url":"https:\/\/secure.gravatar.com\/avatar\/2fcdf27c78ea025fbdb44e914cc63c72249ffec9dc8aafd5c82b26240ef3f346?s=96&d=mm&r=g","contentUrl":"https:\/\/secure.gravatar.com\/avatar\/2fcdf27c78ea025fbdb44e914cc63c72249ffec9dc8aafd5c82b26240ef3f346?s=96&d=mm&r=g","caption":"Redazione"},"url":"https:\/\/www.rassegnastampa-totustuus.it\/cattolica\/author\/pietroelle\/"}]}},"_links":{"self":[{"href":"https:\/\/www.rassegnastampa-totustuus.it\/cattolica\/wp-json\/wp\/v2\/posts\/2694","targetHints":{"allow":["GET"]}}],"collection":[{"href":"https:\/\/www.rassegnastampa-totustuus.it\/cattolica\/wp-json\/wp\/v2\/posts"}],"about":[{"href":"https:\/\/www.rassegnastampa-totustuus.it\/cattolica\/wp-json\/wp\/v2\/types\/post"}],"author":[{"embeddable":true,"href":"https:\/\/www.rassegnastampa-totustuus.it\/cattolica\/wp-json\/wp\/v2\/users\/6"}],"replies":[{"embeddable":true,"href":"https:\/\/www.rassegnastampa-totustuus.it\/cattolica\/wp-json\/wp\/v2\/comments?post=2694"}],"version-history":[{"count":4,"href":"https:\/\/www.rassegnastampa-totustuus.it\/cattolica\/wp-json\/wp\/v2\/posts\/2694\/revisions"}],"predecessor-version":[{"id":28359,"href":"https:\/\/www.rassegnastampa-totustuus.it\/cattolica\/wp-json\/wp\/v2\/posts\/2694\/revisions\/28359"}],"wp:featuredmedia":[{"embeddable":true,"href":"https:\/\/www.rassegnastampa-totustuus.it\/cattolica\/wp-json\/wp\/v2\/media\/28358"}],"wp:attachment":[{"href":"https:\/\/www.rassegnastampa-totustuus.it\/cattolica\/wp-json\/wp\/v2\/media?parent=2694"}],"wp:term":[{"taxonomy":"category","embeddable":true,"href":"https:\/\/www.rassegnastampa-totustuus.it\/cattolica\/wp-json\/wp\/v2\/categories?post=2694"},{"taxonomy":"post_tag","embeddable":true,"href":"https:\/\/www.rassegnastampa-totustuus.it\/cattolica\/wp-json\/wp\/v2\/tags?post=2694"}],"curies":[{"name":"wp","href":"https:\/\/api.w.org\/{rel}","templated":true}]}}