{"id":26924,"date":"2015-10-01T00:00:14","date_gmt":"2015-09-30T22:00:14","guid":{"rendered":"http:\/\/www.rassegnastampa-totustuus.it\/cattolica\/?p=26924"},"modified":"2015-09-29T11:41:25","modified_gmt":"2015-09-29T09:41:25","slug":"tanti-auguri-al-professor-sermonti","status":"publish","type":"post","link":"https:\/\/www.rassegnastampa-totustuus.it\/cattolica\/tanti-auguri-al-professor-sermonti\/","title":{"rendered":"Tanti auguri al professor Sermonti"},"content":{"rendered":"<p style=\"text-align: center;\"><strong><a href=\"https:\/\/www.rassegnastampa-totustuus.it\/cattolica\/wp-content\/uploads\/2015\/09\/Giuseppe_Sermonti.jpg\"><img loading=\"lazy\" decoding=\"async\" class=\"alignright wp-image-26925 size-full\" src=\"https:\/\/www.rassegnastampa-totustuus.it\/cattolica\/wp-content\/uploads\/2015\/09\/Giuseppe_Sermonti.jpg\" alt=\"Giuseppe_Sermonti\" width=\"204\" height=\"247\" \/><\/a>Il Corriere del Sud<\/strong> venerd\u00ec 20 settembre 2015<\/p>\n<p style=\"text-align: center;\">di <strong>Andrea Bartelloni<\/strong><\/p>\n<p style=\"text-align: justify;\">L\u2019editore Lindau nel 2010 ha riproposto una scelta degli editoriali che il prof. Giuseppe Sermonti aveva scritto per la\u00a0<em>Rivista di Biologia-Biology Forum<\/em>\u00a0da lui diretta dal 1979 al 2009. Editoriali attraverso i quali \u00e8 possibile ripercorrere la storia della biologia in un periodo particolarmente importante e ricco di novit\u00e0.<\/p>\n<p style=\"text-align: justify;\">Ma la preziosa pubblicazione \u00e8 arricchita da un\u2019introduzione, scritta per l\u2019occasione, che \u00e8 un\u2019autobiografia del professore romano e che assume una particolare importanza ora che sta per compiere 90 anni. Il suo compleanno cadr\u00e0 infatti il 4 ottobre e rivivere la sua storia \u00e8 ripercorre le tappe della vita di un grande scienziato e di un grande perseguitato dall\u2019establishment della scienza italiana. Fosse vissuto in Unione Sovietica sarebbe finito, probabilmente, come Nicolai Vavilov, il grande biogeografo di scuola mendeliana, imprigionato e morto nel Gulag (1943) per le sue idee sulla genetica.<\/p>\n<p style=\"text-align: justify;\"><!--more--><\/p>\n<p style=\"text-align: justify;\">Sermonti, che si laurea a Pisa in Agraria e poi in Biologia prende una strada completamente diversa inventando la Genetica dei Miscorganismi Industriali. A trent\u2019anni vince una borsa di studio che lo porta all\u2019Universit\u00e0 di Yale, ma l\u2019esperienza americana non risulta positiva anche se, qualche anno dopo, a 35 anni, vince la cattedra di Genetica a Palermo. Comincia, in questo periodo, a maturare la sua critica alla Scienza come ideologia che descrive ampiamente ne <em>Il crepuscolo dello scientismo<\/em> (Rusconi, 1971) e iniziano i primi attacchi e i processi in stile maoista.<\/p>\n<p style=\"text-align: justify;\">La Sapienza di Roma ne \u00e8 protagonista \u201cprocessando\u201d il volume senza l\u2019autore e senza repliche, da quel momento tutte le porte cominciano a chiudersi. Gli editori gli voltano le spalle a cominciare da Zanichelli col quale aveva pubblicato nel 1972 un libro per ragazzi (<em>Vita Coniugale dei Batteri<\/em>), anche Mondadori, dopo aver pubblicato una raccolta di fiabe legate alla scienza (<em>Il Ragno, il Filo e la Vespa<\/em>) lo ritira rapidamente dalla circolazione. Solo Rusconi rimane fedele allo scienziato romano.<\/p>\n<p style=\"text-align: justify;\">Ma torniamo al Sermonti genetista. Nel 1968 e fino al 1986 presiede un gruppo internazionale: Genetics of Industrial Microorganism che tiene congressi in molte parti d\u2019Europa. Gli viene proposta la direzione del neonato reparto di Genetica all\u2019Istituto Superiore di Sanit\u00e0 di Roma, ma arriva subito un veto che lo riporta alla sua Universit\u00e0 di Palermo e poi di Perugia (1974).<\/p>\n<p style=\"text-align: justify;\">Nello stupore generale viene nominato vice-presidente del XIV Congresso Internazionale di Genetica che si svolge a Mosca (1980) e che sancisce il ritorno dell\u2019Urss nella genetica occidentale dopo l\u2019ubriacatura lysenkoiana. Lo stupore \u00e8 generale e il boicottaggio nazionale consueto: la Rai commenta dicendo che nessun italiano \u00e8 stato invitato! Un fantasma per la scienza italiana, un appestato che ovviamente la Sapienza di Roma rifiuter\u00e0 di accogliere nonostante avesse pi\u00f9 titoli del collega che prende il suo posto.<\/p>\n<p style=\"text-align: justify;\">Il 1980 \u00e8 l\u2019anno di\u00a0<em>Dopo Darwin<\/em>\u00a0(con Roberto Fondi che scrive la parte paleontologica) sempre per l\u2019ospitale Rusconi, quasi un best seller con le sue cinque edizioni in due anni col quale si distacca dal darwinismo fazioso e da quei darwinisti che W. H. Thompson descrive cos\u00ec: \u00ab Si riuniscono a difesa di una dottrina che non sono capaci di definire scientificamente e ancor meno di dimostrare, tentando di mantenere il suo credito col pubblico attraverso la soppressione della critica e l\u2019eliminazione delle difficolt\u00e0\u00bb.<\/p>\n<p style=\"text-align: justify;\">\u00abLa rappresentazione dell\u2019origine dell\u2019uomo \u2013 dice Sermonti \u2013 con un piccolo corteo iniziato da un peloso e chino scimpanz\u00e9 e coronato da un umano eretto e roseo tiene ancora campo, bench\u00e9 smentita da decenni di osservazioni e misure\u00bb. Considerazioni ancora molto attuali.<\/p>\n<p style=\"text-align: justify;\">Il suo itinerario all\u2019interno del mondo della fiaba, iniziato con le fiabe legate alla scienza, lo porta anche a fare un ragionamento inverso: \u00abscovare leggi naturali nel fondo delle fiabe: leggi astronomiche, chimiche o botaniche\u00bb scrivendo tre volumi (Rusconi editore), sulla luna, l\u2019alchimia e i fiori. Quello sull\u2019\u00a0<em>Alchimia della fiaba<\/em>, che gli \u00e8 particolarmente caro, \u00e8 stato ripubblicato da Lindau (2009).<\/p>\n<p style=\"text-align: justify;\">Sermonti rende anche omaggio alla vita di alcuni scienziati come lui ostracizzati, dimenticati o fraintesi dagli ambienti accademici ufficiali. Nascono cos\u00ec alcune \u201ccommedie da tavolo\u201d, brevi operette (Di Rienzo editore) con le quali descrive i drammi di Gregor Mendel con la riscoperta postuma e il tentativo di Hugo De Vries di appropriarsi delle sue scoperte, William Harvey e la disputa sulla circolazione sanguigna, Ignazio Filippo Semmelweis incompreso scopritore delle cause delle infezioni puerperali che si dar\u00e0 la morte per dimostrare la ragione delle sue teorie, Paul Kammerer, suicida a causa della sconfessione delle sue teorie sull\u2019eredit\u00e0 dei caratteri acquisiti, J. Robert Oppenheimer, protagonista del Progetto Manhattan col quale la fisica si rende conto che pu\u00f2 distruggere il mondo, Pavel Florenskij, Pope, filosofo e matematico internato nelle isole Solovski dove muore fucilato, e infine Charles Darwin distorto, emendato, usato dai neo-darwinisti tanto che lo stesso naturalista inglese non si riconosce pi\u00f9.<\/p>\n<p style=\"text-align: justify;\">Drammi veri e propri che insegnano che le grandi scoperte \u00abnascono spesso tra errori, contese, sconfessioni, che talvolta provocano la prematura scomparsa del protagonista, prima che la sua idea si sia affermata\u00bb.<\/p>\n<p style=\"text-align: justify;\">Nel 1999 accetta l\u2019invito di Rusconi a tornare a scrivere su Darwin e lo fa in stile propositivo piuttosto che critico con\u00a0<em>Dimenticare Darwin<\/em>, che presenta a Roma alla Sapienza tra contestazioni dei \u201ccollettivi\u201d annunciate ma che comunque non impediscono la presentazione.<\/p>\n<p style=\"text-align: justify;\">Sermonti non cessa di chiedersi cosa abbia scatenato le ire dei suoi detrattori e cos\u00ec si risponde: \u00abNon la mia critica al darwinismo (\u2026). Neppure lo stesso <em>Crepuscolo<\/em> (\u2026). Fu proprio<em>Genetics of Antibiotics<\/em>, con il quale ero uscito dall\u2019uovo come il brutto anatroccolo di Andersen, senza avere chiarito prima a quale specie appartenessi. (\u2026) Sono stato osteggiato per idee che non mi hanno mai appartenuto, mentre l\u2019unica colpa di cui sono confesso \u00e8 la vaga percezione di qualcosa di costante nell\u2019universo, che non oso chiamare \u201cdio\u201d\u00bb.<\/p>\n<p style=\"text-align: justify;\">La sterminata produzione di Sermonti \u00e8 anche ricca di articoli comparsi su molti quotidiani, il Tempo, Roma, Il Giornale, il Foglio con i quali entrava nell\u2019attualit\u00e0, ma sempre col suo sguardo verso i grandi orizzonti.<\/p>\n<p style=\"text-align: justify;\">Caro prof. Sermonti, grazie e tanti cari auguri.<\/p>\n<p style=\"text-align: justify;\">___________________________<\/p>\n<p style=\"text-align: justify;\"><em><strong>Articoli del prof. Sermonti presenti in\u00a0questo sito:<\/strong><\/em><\/p>\n<p style=\"text-align: justify;\"><a href=\"https:\/\/www.rassegnastampa-totustuus.it\/cattolica\/?p=135\" target=\"_blank\">Sermonti: \u00e8 un\u2019 operazione moralmente ignobile<\/a><\/p>\n<p style=\"text-align: justify;\"><a href=\"https:\/\/www.rassegnastampa-totustuus.it\/cattolica\/?p=3783\" target=\"_blank\">Il darwinismo \u00e8 un credo che non tollera obiettori di coscienza o eretici<\/a><\/p>\n<p style=\"text-align: justify;\"><a href=\"https:\/\/www.rassegnastampa-totustuus.it\/cattolica\/?p=3392\" target=\"_blank\">L\u2019origine dell\u2019Origine<\/a><\/p>\n<p style=\"text-align: justify;\"><a href=\"https:\/\/www.rassegnastampa-totustuus.it\/cattolica\/?p=1532\" target=\"_blank\">Quando la scienza si cristallizza in dottrina.<\/a><\/p>\n<p style=\"text-align: justify;\"><a href=\"https:\/\/www.rassegnastampa-totustuus.it\/cattolica\/?p=1484\" target=\"_blank\">Chi critica Darwin non \u00e8 un bigotto, a differenza di certi darwinisti<\/a><\/p>\n<p style=\"text-align: justify;\"><a href=\"https:\/\/www.rassegnastampa-totustuus.it\/cattolica\/?p=584\" target=\"_blank\">L\u2019uomo in rivolta ed il mito dell\u2019evoluzionismo<\/a><\/p>\n<p style=\"text-align: justify;\"><a href=\"https:\/\/www.rassegnastampa-totustuus.it\/cattolica\/?p=581\" target=\"_blank\">L\u2019evoluzionismo \u00e8 un inganno utile a restare nell\u2019ignoranza<\/a><\/p>\n<p style=\"text-align: justify;\"><a href=\"https:\/\/www.rassegnastampa-totustuus.it\/cattolica\/?p=579\" target=\"_blank\">Ma c\u2019\u00e8 anche un darwinismo che non piace a sinistra<\/a><\/p>\n<p style=\"text-align: justify;\"><a href=\"https:\/\/www.rassegnastampa-totustuus.it\/cattolica\/?p=144\" target=\"_blank\">Perch\u00e9 la mosca non \u00e8 un cavallo<\/a><\/p>\n","protected":false},"excerpt":{"rendered":"<p>Il Corriere del Sud venerd\u00ec 20 settembre 2015 di Andrea Bartelloni L\u2019editore Lindau nel 2010 ha riproposto una scelta degli editoriali che il prof. Giuseppe Sermonti aveva scritto per la\u00a0Rivista di Biologia-Biology Forum\u00a0da lui diretta dal 1979 al 2009. Editoriali attraverso i quali \u00e8 possibile ripercorrere la storia della biologia in un periodo particolarmente importante &hellip; <\/p>\n<p><a class=\"more-link btn\" href=\"https:\/\/www.rassegnastampa-totustuus.it\/cattolica\/tanti-auguri-al-professor-sermonti\/\">Continua a leggere<\/a><\/p>\n","protected":false},"author":6,"featured_media":26925,"comment_status":"closed","ping_status":"closed","sticky":false,"template":"","format":"standard","meta":{"footnotes":""},"categories":[51,18],"tags":[2273],"class_list":["post-26924","post","type-post","status-publish","format-standard","has-post-thumbnail","hentry","category-evoluzionismo","category-personaggi","tag-giuseppe-sermonti","item-wrap"],"yoast_head":"<!-- This site is optimized with the Yoast SEO plugin v27.5 - https:\/\/yoast.com\/product\/yoast-seo-wordpress\/ -->\n<title>Tanti auguri al professor Sermonti - Rassegna Stampa Cattolica<\/title>\n<meta name=\"description\" content=\"Rassegna Stampa Cattolica - Per una cultura che nasce dalla Rivelazione cristiana in conformit\u00e0 alla tradizione e al Magistero della Chiesa in opposizione ad ogni relativismo e totalitarismo\" \/>\n<meta name=\"robots\" content=\"index, follow, max-snippet:-1, max-image-preview:large, max-video-preview:-1\" \/>\n<link rel=\"canonical\" href=\"https:\/\/www.rassegnastampa-totustuus.it\/cattolica\/tanti-auguri-al-professor-sermonti\/\" \/>\n<meta property=\"og:locale\" content=\"it_IT\" \/>\n<meta property=\"og:type\" content=\"article\" \/>\n<meta property=\"og:title\" content=\"Tanti auguri al professor Sermonti - Rassegna Stampa Cattolica\" \/>\n<meta property=\"og:description\" content=\"Rassegna Stampa Cattolica - Per una cultura che nasce dalla Rivelazione cristiana in conformit\u00e0 alla tradizione e al Magistero della Chiesa in opposizione ad ogni relativismo e totalitarismo\" \/>\n<meta property=\"og:url\" content=\"https:\/\/www.rassegnastampa-totustuus.it\/cattolica\/tanti-auguri-al-professor-sermonti\/\" \/>\n<meta property=\"og:site_name\" content=\"Rassegna Stampa Cattolica\" \/>\n<meta property=\"article:publisher\" content=\"https:\/\/www.facebook.com\/rassegnastampacattolica\" \/>\n<meta property=\"article:published_time\" content=\"2015-09-30T22:00:14+00:00\" \/>\n<meta property=\"og:image\" content=\"https:\/\/www.rassegnastampa-totustuus.it\/cattolica\/wp-content\/uploads\/2015\/09\/Giuseppe_Sermonti.jpg\" \/>\n\t<meta property=\"og:image:width\" content=\"204\" \/>\n\t<meta property=\"og:image:height\" content=\"247\" \/>\n\t<meta property=\"og:image:type\" content=\"image\/jpeg\" \/>\n<meta name=\"author\" content=\"Redazione\" \/>\n<meta name=\"twitter:card\" content=\"summary_large_image\" \/>\n<meta name=\"twitter:creator\" content=\"@rassegnastampa9\" \/>\n<meta name=\"twitter:site\" content=\"@rassegnastampa9\" \/>\n<meta name=\"twitter:label1\" content=\"Scritto da\" \/>\n\t<meta name=\"twitter:data1\" content=\"Redazione\" \/>\n\t<meta name=\"twitter:label2\" content=\"Tempo di lettura stimato\" \/>\n\t<meta name=\"twitter:data2\" content=\"5 minuti\" \/>\n<script type=\"application\/ld+json\" class=\"yoast-schema-graph\">{\"@context\":\"https:\\\/\\\/schema.org\",\"@graph\":[{\"@type\":\"Article\",\"@id\":\"https:\\\/\\\/www.rassegnastampa-totustuus.it\\\/cattolica\\\/tanti-auguri-al-professor-sermonti\\\/#article\",\"isPartOf\":{\"@id\":\"https:\\\/\\\/www.rassegnastampa-totustuus.it\\\/cattolica\\\/tanti-auguri-al-professor-sermonti\\\/\"},\"author\":{\"name\":\"Redazione\",\"@id\":\"https:\\\/\\\/www.rassegnastampa-totustuus.it\\\/cattolica\\\/#\\\/schema\\\/person\\\/08f319d2bd1a0904ad9e2bfb7b15e5c3\"},\"headline\":\"Tanti auguri al professor Sermonti\",\"datePublished\":\"2015-09-30T22:00:14+00:00\",\"mainEntityOfPage\":{\"@id\":\"https:\\\/\\\/www.rassegnastampa-totustuus.it\\\/cattolica\\\/tanti-auguri-al-professor-sermonti\\\/\"},\"wordCount\":1077,\"publisher\":{\"@id\":\"https:\\\/\\\/www.rassegnastampa-totustuus.it\\\/cattolica\\\/#organization\"},\"image\":{\"@id\":\"https:\\\/\\\/www.rassegnastampa-totustuus.it\\\/cattolica\\\/tanti-auguri-al-professor-sermonti\\\/#primaryimage\"},\"thumbnailUrl\":\"https:\\\/\\\/www.rassegnastampa-totustuus.it\\\/cattolica\\\/wp-content\\\/uploads\\\/2015\\\/09\\\/Giuseppe_Sermonti.jpg\",\"keywords\":[\"Giuseppe Sermonti\"],\"articleSection\":[\"Evoluzionismo\",\"Personaggi\"],\"inLanguage\":\"it-IT\"},{\"@type\":\"WebPage\",\"@id\":\"https:\\\/\\\/www.rassegnastampa-totustuus.it\\\/cattolica\\\/tanti-auguri-al-professor-sermonti\\\/\",\"url\":\"https:\\\/\\\/www.rassegnastampa-totustuus.it\\\/cattolica\\\/tanti-auguri-al-professor-sermonti\\\/\",\"name\":\"Tanti auguri al professor Sermonti - Rassegna Stampa Cattolica\",\"isPartOf\":{\"@id\":\"https:\\\/\\\/www.rassegnastampa-totustuus.it\\\/cattolica\\\/#website\"},\"primaryImageOfPage\":{\"@id\":\"https:\\\/\\\/www.rassegnastampa-totustuus.it\\\/cattolica\\\/tanti-auguri-al-professor-sermonti\\\/#primaryimage\"},\"image\":{\"@id\":\"https:\\\/\\\/www.rassegnastampa-totustuus.it\\\/cattolica\\\/tanti-auguri-al-professor-sermonti\\\/#primaryimage\"},\"thumbnailUrl\":\"https:\\\/\\\/www.rassegnastampa-totustuus.it\\\/cattolica\\\/wp-content\\\/uploads\\\/2015\\\/09\\\/Giuseppe_Sermonti.jpg\",\"datePublished\":\"2015-09-30T22:00:14+00:00\",\"description\":\"Rassegna Stampa Cattolica - Per una cultura che nasce dalla Rivelazione cristiana in conformit\u00e0 alla tradizione e al Magistero della Chiesa in opposizione ad ogni relativismo e totalitarismo\",\"breadcrumb\":{\"@id\":\"https:\\\/\\\/www.rassegnastampa-totustuus.it\\\/cattolica\\\/tanti-auguri-al-professor-sermonti\\\/#breadcrumb\"},\"inLanguage\":\"it-IT\",\"potentialAction\":[{\"@type\":\"ReadAction\",\"target\":[\"https:\\\/\\\/www.rassegnastampa-totustuus.it\\\/cattolica\\\/tanti-auguri-al-professor-sermonti\\\/\"]}]},{\"@type\":\"ImageObject\",\"inLanguage\":\"it-IT\",\"@id\":\"https:\\\/\\\/www.rassegnastampa-totustuus.it\\\/cattolica\\\/tanti-auguri-al-professor-sermonti\\\/#primaryimage\",\"url\":\"https:\\\/\\\/www.rassegnastampa-totustuus.it\\\/cattolica\\\/wp-content\\\/uploads\\\/2015\\\/09\\\/Giuseppe_Sermonti.jpg\",\"contentUrl\":\"https:\\\/\\\/www.rassegnastampa-totustuus.it\\\/cattolica\\\/wp-content\\\/uploads\\\/2015\\\/09\\\/Giuseppe_Sermonti.jpg\",\"width\":204,\"height\":247},{\"@type\":\"BreadcrumbList\",\"@id\":\"https:\\\/\\\/www.rassegnastampa-totustuus.it\\\/cattolica\\\/tanti-auguri-al-professor-sermonti\\\/#breadcrumb\",\"itemListElement\":[{\"@type\":\"ListItem\",\"position\":1,\"name\":\"Home\",\"item\":\"https:\\\/\\\/www.rassegnastampa-totustuus.it\\\/cattolica\\\/\"},{\"@type\":\"ListItem\",\"position\":2,\"name\":\"Tanti auguri al professor Sermonti\"}]},{\"@type\":\"WebSite\",\"@id\":\"https:\\\/\\\/www.rassegnastampa-totustuus.it\\\/cattolica\\\/#website\",\"url\":\"https:\\\/\\\/www.rassegnastampa-totustuus.it\\\/cattolica\\\/\",\"name\":\"Rassegna Stampa Cattolica\",\"description\":\"Per una cultura che nasce dalla Rivelazione cristiana in conformit\u00e0 alla tradizione e al Magistero della Chiesa in opposizione ad ogni relativismo e totalitarismo\",\"publisher\":{\"@id\":\"https:\\\/\\\/www.rassegnastampa-totustuus.it\\\/cattolica\\\/#organization\"},\"alternateName\":\"Rass. Cattolica\",\"potentialAction\":[{\"@type\":\"SearchAction\",\"target\":{\"@type\":\"EntryPoint\",\"urlTemplate\":\"https:\\\/\\\/www.rassegnastampa-totustuus.it\\\/cattolica\\\/?s={search_term_string}\"},\"query-input\":{\"@type\":\"PropertyValueSpecification\",\"valueRequired\":true,\"valueName\":\"search_term_string\"}}],\"inLanguage\":\"it-IT\"},{\"@type\":\"Organization\",\"@id\":\"https:\\\/\\\/www.rassegnastampa-totustuus.it\\\/cattolica\\\/#organization\",\"name\":\"Rassegna Stampa Cattolica\",\"url\":\"https:\\\/\\\/www.rassegnastampa-totustuus.it\\\/cattolica\\\/\",\"logo\":{\"@type\":\"ImageObject\",\"inLanguage\":\"it-IT\",\"@id\":\"https:\\\/\\\/www.rassegnastampa-totustuus.it\\\/cattolica\\\/#\\\/schema\\\/logo\\\/image\\\/\",\"url\":\"https:\\\/\\\/www.rassegnastampa-totustuus.it\\\/cattolica\\\/wp-content\\\/uploads\\\/2014\\\/04\\\/logo-rassegna1.gif\",\"contentUrl\":\"https:\\\/\\\/www.rassegnastampa-totustuus.it\\\/cattolica\\\/wp-content\\\/uploads\\\/2014\\\/04\\\/logo-rassegna1.gif\",\"width\":600,\"height\":163,\"caption\":\"Rassegna Stampa Cattolica\"},\"image\":{\"@id\":\"https:\\\/\\\/www.rassegnastampa-totustuus.it\\\/cattolica\\\/#\\\/schema\\\/logo\\\/image\\\/\"},\"sameAs\":[\"https:\\\/\\\/www.facebook.com\\\/rassegnastampacattolica\",\"https:\\\/\\\/x.com\\\/rassegnastampa9\"]},{\"@type\":\"Person\",\"@id\":\"https:\\\/\\\/www.rassegnastampa-totustuus.it\\\/cattolica\\\/#\\\/schema\\\/person\\\/08f319d2bd1a0904ad9e2bfb7b15e5c3\",\"name\":\"Redazione\",\"image\":{\"@type\":\"ImageObject\",\"inLanguage\":\"it-IT\",\"@id\":\"https:\\\/\\\/secure.gravatar.com\\\/avatar\\\/2fcdf27c78ea025fbdb44e914cc63c72249ffec9dc8aafd5c82b26240ef3f346?s=96&d=mm&r=g\",\"url\":\"https:\\\/\\\/secure.gravatar.com\\\/avatar\\\/2fcdf27c78ea025fbdb44e914cc63c72249ffec9dc8aafd5c82b26240ef3f346?s=96&d=mm&r=g\",\"contentUrl\":\"https:\\\/\\\/secure.gravatar.com\\\/avatar\\\/2fcdf27c78ea025fbdb44e914cc63c72249ffec9dc8aafd5c82b26240ef3f346?s=96&d=mm&r=g\",\"caption\":\"Redazione\"},\"url\":\"https:\\\/\\\/www.rassegnastampa-totustuus.it\\\/cattolica\\\/author\\\/pietroelle\\\/\"}]}<\/script>\n<!-- \/ Yoast SEO plugin. -->","yoast_head_json":{"title":"Tanti auguri al professor Sermonti - Rassegna Stampa Cattolica","description":"Rassegna Stampa Cattolica - Per una cultura che nasce dalla Rivelazione cristiana in conformit\u00e0 alla tradizione e al Magistero della Chiesa in opposizione ad ogni relativismo e totalitarismo","robots":{"index":"index","follow":"follow","max-snippet":"max-snippet:-1","max-image-preview":"max-image-preview:large","max-video-preview":"max-video-preview:-1"},"canonical":"https:\/\/www.rassegnastampa-totustuus.it\/cattolica\/tanti-auguri-al-professor-sermonti\/","og_locale":"it_IT","og_type":"article","og_title":"Tanti auguri al professor Sermonti - Rassegna Stampa Cattolica","og_description":"Rassegna Stampa Cattolica - Per una cultura che nasce dalla Rivelazione cristiana in conformit\u00e0 alla tradizione e al Magistero della Chiesa in opposizione ad ogni relativismo e totalitarismo","og_url":"https:\/\/www.rassegnastampa-totustuus.it\/cattolica\/tanti-auguri-al-professor-sermonti\/","og_site_name":"Rassegna Stampa Cattolica","article_publisher":"https:\/\/www.facebook.com\/rassegnastampacattolica","article_published_time":"2015-09-30T22:00:14+00:00","og_image":[{"width":204,"height":247,"url":"https:\/\/www.rassegnastampa-totustuus.it\/cattolica\/wp-content\/uploads\/2015\/09\/Giuseppe_Sermonti.jpg","type":"image\/jpeg"}],"author":"Redazione","twitter_card":"summary_large_image","twitter_creator":"@rassegnastampa9","twitter_site":"@rassegnastampa9","twitter_misc":{"Scritto da":"Redazione","Tempo di lettura stimato":"5 minuti"},"schema":{"@context":"https:\/\/schema.org","@graph":[{"@type":"Article","@id":"https:\/\/www.rassegnastampa-totustuus.it\/cattolica\/tanti-auguri-al-professor-sermonti\/#article","isPartOf":{"@id":"https:\/\/www.rassegnastampa-totustuus.it\/cattolica\/tanti-auguri-al-professor-sermonti\/"},"author":{"name":"Redazione","@id":"https:\/\/www.rassegnastampa-totustuus.it\/cattolica\/#\/schema\/person\/08f319d2bd1a0904ad9e2bfb7b15e5c3"},"headline":"Tanti auguri al professor Sermonti","datePublished":"2015-09-30T22:00:14+00:00","mainEntityOfPage":{"@id":"https:\/\/www.rassegnastampa-totustuus.it\/cattolica\/tanti-auguri-al-professor-sermonti\/"},"wordCount":1077,"publisher":{"@id":"https:\/\/www.rassegnastampa-totustuus.it\/cattolica\/#organization"},"image":{"@id":"https:\/\/www.rassegnastampa-totustuus.it\/cattolica\/tanti-auguri-al-professor-sermonti\/#primaryimage"},"thumbnailUrl":"https:\/\/www.rassegnastampa-totustuus.it\/cattolica\/wp-content\/uploads\/2015\/09\/Giuseppe_Sermonti.jpg","keywords":["Giuseppe Sermonti"],"articleSection":["Evoluzionismo","Personaggi"],"inLanguage":"it-IT"},{"@type":"WebPage","@id":"https:\/\/www.rassegnastampa-totustuus.it\/cattolica\/tanti-auguri-al-professor-sermonti\/","url":"https:\/\/www.rassegnastampa-totustuus.it\/cattolica\/tanti-auguri-al-professor-sermonti\/","name":"Tanti auguri al professor Sermonti - Rassegna Stampa Cattolica","isPartOf":{"@id":"https:\/\/www.rassegnastampa-totustuus.it\/cattolica\/#website"},"primaryImageOfPage":{"@id":"https:\/\/www.rassegnastampa-totustuus.it\/cattolica\/tanti-auguri-al-professor-sermonti\/#primaryimage"},"image":{"@id":"https:\/\/www.rassegnastampa-totustuus.it\/cattolica\/tanti-auguri-al-professor-sermonti\/#primaryimage"},"thumbnailUrl":"https:\/\/www.rassegnastampa-totustuus.it\/cattolica\/wp-content\/uploads\/2015\/09\/Giuseppe_Sermonti.jpg","datePublished":"2015-09-30T22:00:14+00:00","description":"Rassegna Stampa Cattolica - Per una cultura che nasce dalla Rivelazione cristiana in conformit\u00e0 alla tradizione e al Magistero della Chiesa in opposizione ad ogni relativismo e totalitarismo","breadcrumb":{"@id":"https:\/\/www.rassegnastampa-totustuus.it\/cattolica\/tanti-auguri-al-professor-sermonti\/#breadcrumb"},"inLanguage":"it-IT","potentialAction":[{"@type":"ReadAction","target":["https:\/\/www.rassegnastampa-totustuus.it\/cattolica\/tanti-auguri-al-professor-sermonti\/"]}]},{"@type":"ImageObject","inLanguage":"it-IT","@id":"https:\/\/www.rassegnastampa-totustuus.it\/cattolica\/tanti-auguri-al-professor-sermonti\/#primaryimage","url":"https:\/\/www.rassegnastampa-totustuus.it\/cattolica\/wp-content\/uploads\/2015\/09\/Giuseppe_Sermonti.jpg","contentUrl":"https:\/\/www.rassegnastampa-totustuus.it\/cattolica\/wp-content\/uploads\/2015\/09\/Giuseppe_Sermonti.jpg","width":204,"height":247},{"@type":"BreadcrumbList","@id":"https:\/\/www.rassegnastampa-totustuus.it\/cattolica\/tanti-auguri-al-professor-sermonti\/#breadcrumb","itemListElement":[{"@type":"ListItem","position":1,"name":"Home","item":"https:\/\/www.rassegnastampa-totustuus.it\/cattolica\/"},{"@type":"ListItem","position":2,"name":"Tanti auguri al professor Sermonti"}]},{"@type":"WebSite","@id":"https:\/\/www.rassegnastampa-totustuus.it\/cattolica\/#website","url":"https:\/\/www.rassegnastampa-totustuus.it\/cattolica\/","name":"Rassegna Stampa Cattolica","description":"Per una cultura che nasce dalla Rivelazione cristiana in conformit\u00e0 alla tradizione e al Magistero della Chiesa in opposizione ad ogni relativismo e totalitarismo","publisher":{"@id":"https:\/\/www.rassegnastampa-totustuus.it\/cattolica\/#organization"},"alternateName":"Rass. Cattolica","potentialAction":[{"@type":"SearchAction","target":{"@type":"EntryPoint","urlTemplate":"https:\/\/www.rassegnastampa-totustuus.it\/cattolica\/?s={search_term_string}"},"query-input":{"@type":"PropertyValueSpecification","valueRequired":true,"valueName":"search_term_string"}}],"inLanguage":"it-IT"},{"@type":"Organization","@id":"https:\/\/www.rassegnastampa-totustuus.it\/cattolica\/#organization","name":"Rassegna Stampa Cattolica","url":"https:\/\/www.rassegnastampa-totustuus.it\/cattolica\/","logo":{"@type":"ImageObject","inLanguage":"it-IT","@id":"https:\/\/www.rassegnastampa-totustuus.it\/cattolica\/#\/schema\/logo\/image\/","url":"https:\/\/www.rassegnastampa-totustuus.it\/cattolica\/wp-content\/uploads\/2014\/04\/logo-rassegna1.gif","contentUrl":"https:\/\/www.rassegnastampa-totustuus.it\/cattolica\/wp-content\/uploads\/2014\/04\/logo-rassegna1.gif","width":600,"height":163,"caption":"Rassegna Stampa Cattolica"},"image":{"@id":"https:\/\/www.rassegnastampa-totustuus.it\/cattolica\/#\/schema\/logo\/image\/"},"sameAs":["https:\/\/www.facebook.com\/rassegnastampacattolica","https:\/\/x.com\/rassegnastampa9"]},{"@type":"Person","@id":"https:\/\/www.rassegnastampa-totustuus.it\/cattolica\/#\/schema\/person\/08f319d2bd1a0904ad9e2bfb7b15e5c3","name":"Redazione","image":{"@type":"ImageObject","inLanguage":"it-IT","@id":"https:\/\/secure.gravatar.com\/avatar\/2fcdf27c78ea025fbdb44e914cc63c72249ffec9dc8aafd5c82b26240ef3f346?s=96&d=mm&r=g","url":"https:\/\/secure.gravatar.com\/avatar\/2fcdf27c78ea025fbdb44e914cc63c72249ffec9dc8aafd5c82b26240ef3f346?s=96&d=mm&r=g","contentUrl":"https:\/\/secure.gravatar.com\/avatar\/2fcdf27c78ea025fbdb44e914cc63c72249ffec9dc8aafd5c82b26240ef3f346?s=96&d=mm&r=g","caption":"Redazione"},"url":"https:\/\/www.rassegnastampa-totustuus.it\/cattolica\/author\/pietroelle\/"}]}},"_links":{"self":[{"href":"https:\/\/www.rassegnastampa-totustuus.it\/cattolica\/wp-json\/wp\/v2\/posts\/26924","targetHints":{"allow":["GET"]}}],"collection":[{"href":"https:\/\/www.rassegnastampa-totustuus.it\/cattolica\/wp-json\/wp\/v2\/posts"}],"about":[{"href":"https:\/\/www.rassegnastampa-totustuus.it\/cattolica\/wp-json\/wp\/v2\/types\/post"}],"author":[{"embeddable":true,"href":"https:\/\/www.rassegnastampa-totustuus.it\/cattolica\/wp-json\/wp\/v2\/users\/6"}],"replies":[{"embeddable":true,"href":"https:\/\/www.rassegnastampa-totustuus.it\/cattolica\/wp-json\/wp\/v2\/comments?post=26924"}],"version-history":[{"count":1,"href":"https:\/\/www.rassegnastampa-totustuus.it\/cattolica\/wp-json\/wp\/v2\/posts\/26924\/revisions"}],"predecessor-version":[{"id":26926,"href":"https:\/\/www.rassegnastampa-totustuus.it\/cattolica\/wp-json\/wp\/v2\/posts\/26924\/revisions\/26926"}],"wp:featuredmedia":[{"embeddable":true,"href":"https:\/\/www.rassegnastampa-totustuus.it\/cattolica\/wp-json\/wp\/v2\/media\/26925"}],"wp:attachment":[{"href":"https:\/\/www.rassegnastampa-totustuus.it\/cattolica\/wp-json\/wp\/v2\/media?parent=26924"}],"wp:term":[{"taxonomy":"category","embeddable":true,"href":"https:\/\/www.rassegnastampa-totustuus.it\/cattolica\/wp-json\/wp\/v2\/categories?post=26924"},{"taxonomy":"post_tag","embeddable":true,"href":"https:\/\/www.rassegnastampa-totustuus.it\/cattolica\/wp-json\/wp\/v2\/tags?post=26924"}],"curies":[{"name":"wp","href":"https:\/\/api.w.org\/{rel}","templated":true}]}}