{"id":26912,"date":"2015-10-01T00:00:04","date_gmt":"2015-09-30T22:00:04","guid":{"rendered":"http:\/\/www.rassegnastampa-totustuus.it\/cattolica\/?p=26912"},"modified":"2015-09-28T10:02:32","modified_gmt":"2015-09-28T08:02:32","slug":"se-muore-la-famiglia-individui-in-mano-al-potere","status":"publish","type":"post","link":"https:\/\/www.rassegnastampa-totustuus.it\/cattolica\/se-muore-la-famiglia-individui-in-mano-al-potere\/","title":{"rendered":"\u00abSe muore la famiglia, individui in mano al potere\u00bb"},"content":{"rendered":"<p style=\"text-align: center;\"><strong><a href=\"https:\/\/www.rassegnastampa-totustuus.it\/cattolica\/wp-content\/uploads\/2015\/09\/famiglia_Cuba.jpg\"><img loading=\"lazy\" decoding=\"async\" class=\"alignleft wp-image-26913\" src=\"https:\/\/www.rassegnastampa-totustuus.it\/cattolica\/wp-content\/uploads\/2015\/09\/famiglia_Cuba.jpg\" alt=\"famiglia_Cuba\" width=\"250\" height=\"155\" \/><\/a>La Nuova Bussola quotidiana<\/strong><\/p>\n<p style=\"text-align: center;\">23 settembre 2015<\/p>\n<p style=\"text-align: center;\">di <strong>Massimo Introvigne<\/strong><\/p>\n<p style=\"text-align: justify;\">Il 22 settembre 2015 Papa Francesco, portandosi la mano sul cuore, ha salutato Cuba all\u2019aeroporto di L\u2019Avana ed \u00e8 volato negli Stati Uniti, dove arriver\u00e0 nella tarda serata di marted\u00ec alla Andrews Air Force Base di Washington. La sua ultima giornata cubana \u00e8 stata dedicata alla devozione mariana, che \u2013 ha detto \u2013 ha salvato la fede a Cuba in anni drammatici, e alla difesa della famiglia, che i poteri forti di questo mondo attaccano perch\u00e9 gli individui isolati, senza famiglia, sono pi\u00f9 \u00abfacili da manipolare\u00bb.<\/p>\n<p style=\"text-align: justify;\"><!--more--><\/p>\n<p style=\"text-align: justify;\"><strong>Gli ultimi due incontri cubani del Papa sono stati a Santiago<\/strong>, dove si trova il Santuario della Madonna della Carit\u00e0 del Cobre, patrona di Cuba, e dove Francesco ha celebrato la Messa e ha incontrato le famiglie. Nell\u2019omelia il Papa \u00e8 partito dal Vangelo, che presentava la visita di Maria a Santa Elisabetta. Una pagina che Francesco ama molto, perch\u00e9 \u00abci mette di fronte alla dinamica che il Signore genera ogni volta che ci visita: ci fa uscire da casa. Sono immagini che pi\u00f9 volte siamo invitati a contemplare. La presenza di Dio nella nostra vita non ci lascia mai tranquilli, ci spinge sempre a muoverci. Quando Dio ci visita, sempre ci tira fuori di casa. Visitati per visitare, incontrati per incontrare, amati per amare\u00bb.<\/p>\n<p style=\"text-align: justify;\"><strong>Maria \u00e8 una ragazza \u00abtra i 15 e i 17 anni,<\/strong> che in un villaggio della Palestina \u00e8 stata visitata dal Signore che le annunciava che sarebbe diventata la madre del Salvatore. Lungi dal credersi chiss\u00e0 chi e dal pensare che tutti sarebbero venuti ad assisterla o servirla, lei esce di casa e va a servire\u00bb Elisabetta. Non \u00e8 una curiosit\u00e0, \u00e8 una lezione fondamentale su cui Francesco torna spesso. \u00abLa gioia che scaturisce dal sapere che Dio \u00e8 con noi, con la nostra gente, risveglia il cuore, mette in movimento le nostre gambe, \u201cci tira fuori\u201d, ci porta a condividere la gioia ricevuta\u00bb. Il Vangelo precisa che \u00abMaria usc\u00ec in fretta, passo lento ma costante, passi che sanno dove andare; passi che non corrono per \u201carrivare\u201d troppo rapidamente o vanno troppo lenti come per non \u201carrivare\u201d mai\u00bb. Senza essere \u00abn\u00e9 agitata n\u00e9 addormentata, Maria va di fretta\u00bb. Visitata da Dio, va a visitare la cugina Elisabetta, che \u00e8 incinta. E da allora non si \u00e8 pi\u00f9 fermata. \u00abHa saputo visitare e accompagnare nelle drammatiche gestazioni di molti dei nostri popoli; ha protetto la lotta di tutti coloro che hanno sofferto per difendere i diritti dei loro figli\u00bb. E continua a farlo ancora oggi.<\/p>\n<p style=\"text-align: justify;\"><strong>Anche Cuba \u00e8 stata visitata da Maria.<\/strong> \u00abLa patria cubana \u00e8 nata e cresciuta nel calore della devozione alla Vergine della Carit\u00e0\u00bb. Cento anni fa, ha ricordato Francesco, nel 1915, i cubani scrissero a Benedetto XV chiedendo di proclamare la Vergine della Carit\u00e0 del Cobre Patrona di Cuba. Si rivolsero al Papa di allora con queste parole: \u00abN\u00e9 le disgrazie e n\u00e9 le privazioni riuscirono a \u2018spegnere\u2019 la fede e l\u2019amore che il nostro popolo cattolico professa a questa Vergine, ma anzi, nelle pi\u00f9 grandi vicissitudini della vita, quando era pi\u00f9 vicina la morte o prossima la disperazione, sempre \u00e8 sorta come luce che dissipa ogni pericolo, come rugiada consolatrice &#8230; la visione di questa Vergine benedetta, cubana per eccellenza \u2026 perch\u00e9 cos\u00ec l\u2019hanno amata le nostre indimenticabili madri, cos\u00ec la benedicono le nostre spose\u00bb.<\/p>\n<p style=\"text-align: justify;\"><strong>Parole, ha detto Papa Francesco, che sembrano scritte per i nostri giorni.<\/strong> Dal santuario del Cobre, Maria \u00abcustodisce le nostre radici, la nostra identit\u00e0, perch\u00e9 non ci perdiamo su vie di disperazione\u00bb. I drammi di Cuba \u00abnon sono riusciti a spegnere la fede; quella fede che si \u00e8 mantenuta viva grazie a tante nonne che hanno continuato a render possibile, nella quotidianit\u00e0 domestica, la presenza viva di Dio\u00bb: \u00abnonne, madri, e tanti altri\u00bb che \u00abhanno tenuto aperta una fessura, piccola come un granello di senape, attraverso la quale lo Spirito Santo ha continuato ad accompagnare il palpitare di questo popolo\u00bb.<\/p>\n<p style=\"text-align: justify;\"><strong>Ora Cuba, ha detto il Papa, ha bisogno di una rivoluzione:<\/strong> ma \u00e8 \u00abla rivoluzione della tenerezza\u00bb, la rivoluzione di Maria. \u00abLa nostra rivoluzione passa attraverso la tenerezza, attraverso la gioia che diventa sempre prossimit\u00e0, che si fa sempre compassione \u2013 che non \u00e8 pietismo, \u00e8 patire-con, per liberare \u2013 e ci porta a coinvolgerci, per servire, nella vita degli altri. La nostra fede ci fa uscire di casa e andare incontro agli altri per condividere gioie e dolori, speranze e frustrazioni. La nostra fede ci porta fuori di casa per visitare il malato, il prigioniero, chi piange e sa anche ridere con chi ride, gioire con le gioie dei vicini\u00bb. Francesco vuole una Chiesa \u00abche esce di casa, che esce dai suoi templi, dalle sue sacrestie, per accompagnare la vita, sostenere la speranza, essere segno di unit\u00e0 di un popolo nobile e dignitoso\u00bb.<\/p>\n<p style=\"text-align: justify;\"><strong>Maria, ha detto il Papa nel successivo incontro con le famiglie,<\/strong> ha difeso Cuba difendendo la famiglia. Dove la famiglia \u00e8 minacciata, come \u00abaccade in molte culture al giorno d\u2019oggi\u00bb, l\u00ec \u00abtutto tende a separarsi, isolarsi\u00bb, nella \u00abdivisione e massificazione\u00bb. Perch\u00e9 i padroni di questo mondo attaccano la famiglia? Perch\u00e9, ha spiegato Francesco, dove viene meno la famiglia \u00able persone si trasformano in individui isolati, e dunque &#8211; spiega &#8211; facili da manipolare e governare\u00bb.<\/p>\n<p style=\"text-align: justify;\"><strong>In famiglia, invece, \u00abnon c\u2019\u00e8 posto per le maschere,<\/strong> siamo quello che siamo e siamo chiamati a cercare il meglio per gli altri\u00bb. \u00abQuando viviamo bene in famiglia, gli egoismi diventano piccoli: esistono, perch\u00e9 tutti noi abbiamo qualcosa di egoistico\u2026 Per\u00f2 quando non si vive una vita di famiglia, si vanno ingrandendo queste personalit\u00e0 che possiamo chiamare cosi: \u201cIo, me, con me, per me\u201d. Totalmente centrati in se stessi, che non conoscono la solidariet\u00e0, la fraternit\u00e0, il lavoro insieme, l\u2019amore, la discussione\u00bb.<\/p>\n<p style=\"text-align: justify;\"><strong>Il futuro del mondo, ha ribadito il Pontefice, passa per le famiglie.<\/strong> \u00abIn una casa vuota non di persone ma vuota di relazioni, vuota di contatti umani non si sa aspettare, non si sa chiedere permesso, non si sa chiedere scusa, non si sa dire grazie\u00bb. Le famiglie vanno dunque difese come \u00abveri spazi di libert\u00e0\u00bb, senza i quali \u00absi perdono le relazioni che ci costituiscono come persone, che ci insegnano ad essere persone\u00bb.<\/p>\n<p style=\"text-align: justify;\"><strong>Qualcuno potrebbe obiettare che oggi in tante famiglie la vita non \u00e8 idilliaca.<\/strong>\u00a0Il Papa risponde che \u00ab\u00e8 in casa che sperimentiamo il perdono\u00bb. In ogni famiglia \u00abpu\u00f2 capitare di assistere a qualche discussione, a qualche litigata tra il marito e la moglie\u00bb: \u00abnon bisogna averne paura\u00bb, e Francesco confida di avere \u00abpi\u00f9 paura di alcuni matrimoni in cui mi dicono che mai, mai hanno avuto una discussione\u2026\u00bb. Forse questi sposi non discutono perch\u00e9 non si parlano pi\u00f9.<\/p>\n<p style=\"text-align: justify;\"><strong>Alle famiglie in difficolt\u00e0, Francesco propone l\u2019Eucarestia,<\/strong>\u00a0\u00abla cena della famiglia di Ges\u00f9\u00bb. Ges\u00f9 \u2013 \u00e8 il pensiero che il Papa lascia alle famiglie, invitandole a pregare per l\u2019Incontro mondiale di Filadelfia e per il Sinodo &#8211; \u00abvuole essere sempre presente nutrendoci con il suo amore, sostenendoci con la sua fede, aiutandoci a camminare con la sua speranza\u00bb.<\/p>\n","protected":false},"excerpt":{"rendered":"<p>La Nuova Bussola quotidiana 23 settembre 2015 di Massimo Introvigne Il 22 settembre 2015 Papa Francesco, portandosi la mano sul cuore, ha salutato Cuba all\u2019aeroporto di L\u2019Avana ed \u00e8 volato negli Stati Uniti, dove arriver\u00e0 nella tarda serata di marted\u00ec alla Andrews Air Force Base di Washington. La sua ultima giornata cubana \u00e8 stata dedicata &hellip; <\/p>\n<p><a class=\"more-link btn\" href=\"https:\/\/www.rassegnastampa-totustuus.it\/cattolica\/se-muore-la-famiglia-individui-in-mano-al-potere\/\">Continua a leggere<\/a><\/p>\n","protected":false},"author":6,"featured_media":26913,"comment_status":"closed","ping_status":"closed","sticky":false,"template":"","format":"standard","meta":{"footnotes":""},"categories":[5,15,123],"tags":[156],"class_list":["post-26912","post","type-post","status-publish","format-standard","has-post-thumbnail","hentry","category-chiesa","category-famiglia","category-ss-francesco","tag-famiglia-2","item-wrap"],"yoast_head":"<!-- This site is optimized with the Yoast SEO plugin v27.5 - https:\/\/yoast.com\/product\/yoast-seo-wordpress\/ -->\n<title>\u00abSe muore la famiglia, individui in mano al potere\u00bb - Rassegna Stampa Cattolica<\/title>\n<meta name=\"description\" content=\"Rassegna Stampa Cattolica - Per una cultura che nasce dalla Rivelazione cristiana in conformit\u00e0 alla tradizione e al Magistero della Chiesa in opposizione ad ogni relativismo e totalitarismo\" \/>\n<meta name=\"robots\" content=\"index, follow, max-snippet:-1, max-image-preview:large, max-video-preview:-1\" \/>\n<link rel=\"canonical\" href=\"https:\/\/www.rassegnastampa-totustuus.it\/cattolica\/se-muore-la-famiglia-individui-in-mano-al-potere\/\" \/>\n<meta property=\"og:locale\" content=\"it_IT\" \/>\n<meta property=\"og:type\" content=\"article\" \/>\n<meta property=\"og:title\" content=\"\u00abSe muore la famiglia, individui in mano al potere\u00bb - Rassegna Stampa Cattolica\" \/>\n<meta property=\"og:description\" content=\"Rassegna Stampa Cattolica - Per una cultura che nasce dalla Rivelazione cristiana in conformit\u00e0 alla tradizione e al Magistero della Chiesa in opposizione ad ogni relativismo e totalitarismo\" \/>\n<meta property=\"og:url\" content=\"https:\/\/www.rassegnastampa-totustuus.it\/cattolica\/se-muore-la-famiglia-individui-in-mano-al-potere\/\" \/>\n<meta property=\"og:site_name\" content=\"Rassegna Stampa Cattolica\" \/>\n<meta property=\"article:publisher\" content=\"https:\/\/www.facebook.com\/rassegnastampacattolica\" \/>\n<meta property=\"article:published_time\" content=\"2015-09-30T22:00:04+00:00\" \/>\n<meta property=\"og:image\" content=\"https:\/\/www.rassegnastampa-totustuus.it\/cattolica\/wp-content\/uploads\/2015\/09\/famiglia_Cuba.jpg\" \/>\n\t<meta property=\"og:image:width\" content=\"286\" \/>\n\t<meta property=\"og:image:height\" content=\"177\" \/>\n\t<meta property=\"og:image:type\" content=\"image\/jpeg\" \/>\n<meta name=\"author\" content=\"Redazione\" \/>\n<meta name=\"twitter:card\" content=\"summary_large_image\" \/>\n<meta name=\"twitter:creator\" content=\"@rassegnastampa9\" \/>\n<meta name=\"twitter:site\" content=\"@rassegnastampa9\" \/>\n<meta name=\"twitter:label1\" content=\"Scritto da\" \/>\n\t<meta name=\"twitter:data1\" content=\"Redazione\" \/>\n\t<meta name=\"twitter:label2\" content=\"Tempo di lettura stimato\" \/>\n\t<meta name=\"twitter:data2\" content=\"6 minuti\" \/>\n<script type=\"application\/ld+json\" class=\"yoast-schema-graph\">{\"@context\":\"https:\\\/\\\/schema.org\",\"@graph\":[{\"@type\":\"Article\",\"@id\":\"https:\\\/\\\/www.rassegnastampa-totustuus.it\\\/cattolica\\\/se-muore-la-famiglia-individui-in-mano-al-potere\\\/#article\",\"isPartOf\":{\"@id\":\"https:\\\/\\\/www.rassegnastampa-totustuus.it\\\/cattolica\\\/se-muore-la-famiglia-individui-in-mano-al-potere\\\/\"},\"author\":{\"name\":\"Redazione\",\"@id\":\"https:\\\/\\\/www.rassegnastampa-totustuus.it\\\/cattolica\\\/#\\\/schema\\\/person\\\/08f319d2bd1a0904ad9e2bfb7b15e5c3\"},\"headline\":\"\u00abSe muore la famiglia, individui in mano al potere\u00bb\",\"datePublished\":\"2015-09-30T22:00:04+00:00\",\"mainEntityOfPage\":{\"@id\":\"https:\\\/\\\/www.rassegnastampa-totustuus.it\\\/cattolica\\\/se-muore-la-famiglia-individui-in-mano-al-potere\\\/\"},\"wordCount\":1154,\"publisher\":{\"@id\":\"https:\\\/\\\/www.rassegnastampa-totustuus.it\\\/cattolica\\\/#organization\"},\"image\":{\"@id\":\"https:\\\/\\\/www.rassegnastampa-totustuus.it\\\/cattolica\\\/se-muore-la-famiglia-individui-in-mano-al-potere\\\/#primaryimage\"},\"thumbnailUrl\":\"https:\\\/\\\/www.rassegnastampa-totustuus.it\\\/cattolica\\\/wp-content\\\/uploads\\\/2015\\\/09\\\/famiglia_Cuba.jpg\",\"keywords\":[\"famiglia\"],\"articleSection\":[\"Chiesa\",\"Famiglia\",\"SS Francesco\"],\"inLanguage\":\"it-IT\"},{\"@type\":\"WebPage\",\"@id\":\"https:\\\/\\\/www.rassegnastampa-totustuus.it\\\/cattolica\\\/se-muore-la-famiglia-individui-in-mano-al-potere\\\/\",\"url\":\"https:\\\/\\\/www.rassegnastampa-totustuus.it\\\/cattolica\\\/se-muore-la-famiglia-individui-in-mano-al-potere\\\/\",\"name\":\"\u00abSe muore la famiglia, individui in mano al potere\u00bb - Rassegna Stampa Cattolica\",\"isPartOf\":{\"@id\":\"https:\\\/\\\/www.rassegnastampa-totustuus.it\\\/cattolica\\\/#website\"},\"primaryImageOfPage\":{\"@id\":\"https:\\\/\\\/www.rassegnastampa-totustuus.it\\\/cattolica\\\/se-muore-la-famiglia-individui-in-mano-al-potere\\\/#primaryimage\"},\"image\":{\"@id\":\"https:\\\/\\\/www.rassegnastampa-totustuus.it\\\/cattolica\\\/se-muore-la-famiglia-individui-in-mano-al-potere\\\/#primaryimage\"},\"thumbnailUrl\":\"https:\\\/\\\/www.rassegnastampa-totustuus.it\\\/cattolica\\\/wp-content\\\/uploads\\\/2015\\\/09\\\/famiglia_Cuba.jpg\",\"datePublished\":\"2015-09-30T22:00:04+00:00\",\"description\":\"Rassegna Stampa Cattolica - Per una cultura che nasce dalla Rivelazione cristiana in conformit\u00e0 alla tradizione e al Magistero della Chiesa in opposizione ad ogni relativismo e totalitarismo\",\"breadcrumb\":{\"@id\":\"https:\\\/\\\/www.rassegnastampa-totustuus.it\\\/cattolica\\\/se-muore-la-famiglia-individui-in-mano-al-potere\\\/#breadcrumb\"},\"inLanguage\":\"it-IT\",\"potentialAction\":[{\"@type\":\"ReadAction\",\"target\":[\"https:\\\/\\\/www.rassegnastampa-totustuus.it\\\/cattolica\\\/se-muore-la-famiglia-individui-in-mano-al-potere\\\/\"]}]},{\"@type\":\"ImageObject\",\"inLanguage\":\"it-IT\",\"@id\":\"https:\\\/\\\/www.rassegnastampa-totustuus.it\\\/cattolica\\\/se-muore-la-famiglia-individui-in-mano-al-potere\\\/#primaryimage\",\"url\":\"https:\\\/\\\/www.rassegnastampa-totustuus.it\\\/cattolica\\\/wp-content\\\/uploads\\\/2015\\\/09\\\/famiglia_Cuba.jpg\",\"contentUrl\":\"https:\\\/\\\/www.rassegnastampa-totustuus.it\\\/cattolica\\\/wp-content\\\/uploads\\\/2015\\\/09\\\/famiglia_Cuba.jpg\",\"width\":286,\"height\":177},{\"@type\":\"BreadcrumbList\",\"@id\":\"https:\\\/\\\/www.rassegnastampa-totustuus.it\\\/cattolica\\\/se-muore-la-famiglia-individui-in-mano-al-potere\\\/#breadcrumb\",\"itemListElement\":[{\"@type\":\"ListItem\",\"position\":1,\"name\":\"Home\",\"item\":\"https:\\\/\\\/www.rassegnastampa-totustuus.it\\\/cattolica\\\/\"},{\"@type\":\"ListItem\",\"position\":2,\"name\":\"\u00abSe muore la famiglia, individui in mano al potere\u00bb\"}]},{\"@type\":\"WebSite\",\"@id\":\"https:\\\/\\\/www.rassegnastampa-totustuus.it\\\/cattolica\\\/#website\",\"url\":\"https:\\\/\\\/www.rassegnastampa-totustuus.it\\\/cattolica\\\/\",\"name\":\"Rassegna Stampa Cattolica\",\"description\":\"Per una cultura che nasce dalla Rivelazione cristiana in conformit\u00e0 alla tradizione e al Magistero della Chiesa in opposizione ad ogni relativismo e totalitarismo\",\"publisher\":{\"@id\":\"https:\\\/\\\/www.rassegnastampa-totustuus.it\\\/cattolica\\\/#organization\"},\"alternateName\":\"Rass. Cattolica\",\"potentialAction\":[{\"@type\":\"SearchAction\",\"target\":{\"@type\":\"EntryPoint\",\"urlTemplate\":\"https:\\\/\\\/www.rassegnastampa-totustuus.it\\\/cattolica\\\/?s={search_term_string}\"},\"query-input\":{\"@type\":\"PropertyValueSpecification\",\"valueRequired\":true,\"valueName\":\"search_term_string\"}}],\"inLanguage\":\"it-IT\"},{\"@type\":\"Organization\",\"@id\":\"https:\\\/\\\/www.rassegnastampa-totustuus.it\\\/cattolica\\\/#organization\",\"name\":\"Rassegna Stampa Cattolica\",\"url\":\"https:\\\/\\\/www.rassegnastampa-totustuus.it\\\/cattolica\\\/\",\"logo\":{\"@type\":\"ImageObject\",\"inLanguage\":\"it-IT\",\"@id\":\"https:\\\/\\\/www.rassegnastampa-totustuus.it\\\/cattolica\\\/#\\\/schema\\\/logo\\\/image\\\/\",\"url\":\"https:\\\/\\\/www.rassegnastampa-totustuus.it\\\/cattolica\\\/wp-content\\\/uploads\\\/2014\\\/04\\\/logo-rassegna1.gif\",\"contentUrl\":\"https:\\\/\\\/www.rassegnastampa-totustuus.it\\\/cattolica\\\/wp-content\\\/uploads\\\/2014\\\/04\\\/logo-rassegna1.gif\",\"width\":600,\"height\":163,\"caption\":\"Rassegna Stampa Cattolica\"},\"image\":{\"@id\":\"https:\\\/\\\/www.rassegnastampa-totustuus.it\\\/cattolica\\\/#\\\/schema\\\/logo\\\/image\\\/\"},\"sameAs\":[\"https:\\\/\\\/www.facebook.com\\\/rassegnastampacattolica\",\"https:\\\/\\\/x.com\\\/rassegnastampa9\"]},{\"@type\":\"Person\",\"@id\":\"https:\\\/\\\/www.rassegnastampa-totustuus.it\\\/cattolica\\\/#\\\/schema\\\/person\\\/08f319d2bd1a0904ad9e2bfb7b15e5c3\",\"name\":\"Redazione\",\"image\":{\"@type\":\"ImageObject\",\"inLanguage\":\"it-IT\",\"@id\":\"https:\\\/\\\/secure.gravatar.com\\\/avatar\\\/2fcdf27c78ea025fbdb44e914cc63c72249ffec9dc8aafd5c82b26240ef3f346?s=96&d=mm&r=g\",\"url\":\"https:\\\/\\\/secure.gravatar.com\\\/avatar\\\/2fcdf27c78ea025fbdb44e914cc63c72249ffec9dc8aafd5c82b26240ef3f346?s=96&d=mm&r=g\",\"contentUrl\":\"https:\\\/\\\/secure.gravatar.com\\\/avatar\\\/2fcdf27c78ea025fbdb44e914cc63c72249ffec9dc8aafd5c82b26240ef3f346?s=96&d=mm&r=g\",\"caption\":\"Redazione\"},\"url\":\"https:\\\/\\\/www.rassegnastampa-totustuus.it\\\/cattolica\\\/author\\\/pietroelle\\\/\"}]}<\/script>\n<!-- \/ Yoast SEO plugin. -->","yoast_head_json":{"title":"\u00abSe muore la famiglia, individui in mano al potere\u00bb - Rassegna Stampa Cattolica","description":"Rassegna Stampa Cattolica - Per una cultura che nasce dalla Rivelazione cristiana in conformit\u00e0 alla tradizione e al Magistero della Chiesa in opposizione ad ogni relativismo e totalitarismo","robots":{"index":"index","follow":"follow","max-snippet":"max-snippet:-1","max-image-preview":"max-image-preview:large","max-video-preview":"max-video-preview:-1"},"canonical":"https:\/\/www.rassegnastampa-totustuus.it\/cattolica\/se-muore-la-famiglia-individui-in-mano-al-potere\/","og_locale":"it_IT","og_type":"article","og_title":"\u00abSe muore la famiglia, individui in mano al potere\u00bb - Rassegna Stampa Cattolica","og_description":"Rassegna Stampa Cattolica - Per una cultura che nasce dalla Rivelazione cristiana in conformit\u00e0 alla tradizione e al Magistero della Chiesa in opposizione ad ogni relativismo e totalitarismo","og_url":"https:\/\/www.rassegnastampa-totustuus.it\/cattolica\/se-muore-la-famiglia-individui-in-mano-al-potere\/","og_site_name":"Rassegna Stampa Cattolica","article_publisher":"https:\/\/www.facebook.com\/rassegnastampacattolica","article_published_time":"2015-09-30T22:00:04+00:00","og_image":[{"width":286,"height":177,"url":"https:\/\/www.rassegnastampa-totustuus.it\/cattolica\/wp-content\/uploads\/2015\/09\/famiglia_Cuba.jpg","type":"image\/jpeg"}],"author":"Redazione","twitter_card":"summary_large_image","twitter_creator":"@rassegnastampa9","twitter_site":"@rassegnastampa9","twitter_misc":{"Scritto da":"Redazione","Tempo di lettura stimato":"6 minuti"},"schema":{"@context":"https:\/\/schema.org","@graph":[{"@type":"Article","@id":"https:\/\/www.rassegnastampa-totustuus.it\/cattolica\/se-muore-la-famiglia-individui-in-mano-al-potere\/#article","isPartOf":{"@id":"https:\/\/www.rassegnastampa-totustuus.it\/cattolica\/se-muore-la-famiglia-individui-in-mano-al-potere\/"},"author":{"name":"Redazione","@id":"https:\/\/www.rassegnastampa-totustuus.it\/cattolica\/#\/schema\/person\/08f319d2bd1a0904ad9e2bfb7b15e5c3"},"headline":"\u00abSe muore la famiglia, individui in mano al potere\u00bb","datePublished":"2015-09-30T22:00:04+00:00","mainEntityOfPage":{"@id":"https:\/\/www.rassegnastampa-totustuus.it\/cattolica\/se-muore-la-famiglia-individui-in-mano-al-potere\/"},"wordCount":1154,"publisher":{"@id":"https:\/\/www.rassegnastampa-totustuus.it\/cattolica\/#organization"},"image":{"@id":"https:\/\/www.rassegnastampa-totustuus.it\/cattolica\/se-muore-la-famiglia-individui-in-mano-al-potere\/#primaryimage"},"thumbnailUrl":"https:\/\/www.rassegnastampa-totustuus.it\/cattolica\/wp-content\/uploads\/2015\/09\/famiglia_Cuba.jpg","keywords":["famiglia"],"articleSection":["Chiesa","Famiglia","SS Francesco"],"inLanguage":"it-IT"},{"@type":"WebPage","@id":"https:\/\/www.rassegnastampa-totustuus.it\/cattolica\/se-muore-la-famiglia-individui-in-mano-al-potere\/","url":"https:\/\/www.rassegnastampa-totustuus.it\/cattolica\/se-muore-la-famiglia-individui-in-mano-al-potere\/","name":"\u00abSe muore la famiglia, individui in mano al potere\u00bb - Rassegna Stampa Cattolica","isPartOf":{"@id":"https:\/\/www.rassegnastampa-totustuus.it\/cattolica\/#website"},"primaryImageOfPage":{"@id":"https:\/\/www.rassegnastampa-totustuus.it\/cattolica\/se-muore-la-famiglia-individui-in-mano-al-potere\/#primaryimage"},"image":{"@id":"https:\/\/www.rassegnastampa-totustuus.it\/cattolica\/se-muore-la-famiglia-individui-in-mano-al-potere\/#primaryimage"},"thumbnailUrl":"https:\/\/www.rassegnastampa-totustuus.it\/cattolica\/wp-content\/uploads\/2015\/09\/famiglia_Cuba.jpg","datePublished":"2015-09-30T22:00:04+00:00","description":"Rassegna Stampa Cattolica - Per una cultura che nasce dalla Rivelazione cristiana in conformit\u00e0 alla tradizione e al Magistero della Chiesa in opposizione ad ogni relativismo e totalitarismo","breadcrumb":{"@id":"https:\/\/www.rassegnastampa-totustuus.it\/cattolica\/se-muore-la-famiglia-individui-in-mano-al-potere\/#breadcrumb"},"inLanguage":"it-IT","potentialAction":[{"@type":"ReadAction","target":["https:\/\/www.rassegnastampa-totustuus.it\/cattolica\/se-muore-la-famiglia-individui-in-mano-al-potere\/"]}]},{"@type":"ImageObject","inLanguage":"it-IT","@id":"https:\/\/www.rassegnastampa-totustuus.it\/cattolica\/se-muore-la-famiglia-individui-in-mano-al-potere\/#primaryimage","url":"https:\/\/www.rassegnastampa-totustuus.it\/cattolica\/wp-content\/uploads\/2015\/09\/famiglia_Cuba.jpg","contentUrl":"https:\/\/www.rassegnastampa-totustuus.it\/cattolica\/wp-content\/uploads\/2015\/09\/famiglia_Cuba.jpg","width":286,"height":177},{"@type":"BreadcrumbList","@id":"https:\/\/www.rassegnastampa-totustuus.it\/cattolica\/se-muore-la-famiglia-individui-in-mano-al-potere\/#breadcrumb","itemListElement":[{"@type":"ListItem","position":1,"name":"Home","item":"https:\/\/www.rassegnastampa-totustuus.it\/cattolica\/"},{"@type":"ListItem","position":2,"name":"\u00abSe muore la famiglia, individui in mano al potere\u00bb"}]},{"@type":"WebSite","@id":"https:\/\/www.rassegnastampa-totustuus.it\/cattolica\/#website","url":"https:\/\/www.rassegnastampa-totustuus.it\/cattolica\/","name":"Rassegna Stampa Cattolica","description":"Per una cultura che nasce dalla Rivelazione cristiana in conformit\u00e0 alla tradizione e al Magistero della Chiesa in opposizione ad ogni relativismo e totalitarismo","publisher":{"@id":"https:\/\/www.rassegnastampa-totustuus.it\/cattolica\/#organization"},"alternateName":"Rass. Cattolica","potentialAction":[{"@type":"SearchAction","target":{"@type":"EntryPoint","urlTemplate":"https:\/\/www.rassegnastampa-totustuus.it\/cattolica\/?s={search_term_string}"},"query-input":{"@type":"PropertyValueSpecification","valueRequired":true,"valueName":"search_term_string"}}],"inLanguage":"it-IT"},{"@type":"Organization","@id":"https:\/\/www.rassegnastampa-totustuus.it\/cattolica\/#organization","name":"Rassegna Stampa Cattolica","url":"https:\/\/www.rassegnastampa-totustuus.it\/cattolica\/","logo":{"@type":"ImageObject","inLanguage":"it-IT","@id":"https:\/\/www.rassegnastampa-totustuus.it\/cattolica\/#\/schema\/logo\/image\/","url":"https:\/\/www.rassegnastampa-totustuus.it\/cattolica\/wp-content\/uploads\/2014\/04\/logo-rassegna1.gif","contentUrl":"https:\/\/www.rassegnastampa-totustuus.it\/cattolica\/wp-content\/uploads\/2014\/04\/logo-rassegna1.gif","width":600,"height":163,"caption":"Rassegna Stampa Cattolica"},"image":{"@id":"https:\/\/www.rassegnastampa-totustuus.it\/cattolica\/#\/schema\/logo\/image\/"},"sameAs":["https:\/\/www.facebook.com\/rassegnastampacattolica","https:\/\/x.com\/rassegnastampa9"]},{"@type":"Person","@id":"https:\/\/www.rassegnastampa-totustuus.it\/cattolica\/#\/schema\/person\/08f319d2bd1a0904ad9e2bfb7b15e5c3","name":"Redazione","image":{"@type":"ImageObject","inLanguage":"it-IT","@id":"https:\/\/secure.gravatar.com\/avatar\/2fcdf27c78ea025fbdb44e914cc63c72249ffec9dc8aafd5c82b26240ef3f346?s=96&d=mm&r=g","url":"https:\/\/secure.gravatar.com\/avatar\/2fcdf27c78ea025fbdb44e914cc63c72249ffec9dc8aafd5c82b26240ef3f346?s=96&d=mm&r=g","contentUrl":"https:\/\/secure.gravatar.com\/avatar\/2fcdf27c78ea025fbdb44e914cc63c72249ffec9dc8aafd5c82b26240ef3f346?s=96&d=mm&r=g","caption":"Redazione"},"url":"https:\/\/www.rassegnastampa-totustuus.it\/cattolica\/author\/pietroelle\/"}]}},"_links":{"self":[{"href":"https:\/\/www.rassegnastampa-totustuus.it\/cattolica\/wp-json\/wp\/v2\/posts\/26912","targetHints":{"allow":["GET"]}}],"collection":[{"href":"https:\/\/www.rassegnastampa-totustuus.it\/cattolica\/wp-json\/wp\/v2\/posts"}],"about":[{"href":"https:\/\/www.rassegnastampa-totustuus.it\/cattolica\/wp-json\/wp\/v2\/types\/post"}],"author":[{"embeddable":true,"href":"https:\/\/www.rassegnastampa-totustuus.it\/cattolica\/wp-json\/wp\/v2\/users\/6"}],"replies":[{"embeddable":true,"href":"https:\/\/www.rassegnastampa-totustuus.it\/cattolica\/wp-json\/wp\/v2\/comments?post=26912"}],"version-history":[{"count":1,"href":"https:\/\/www.rassegnastampa-totustuus.it\/cattolica\/wp-json\/wp\/v2\/posts\/26912\/revisions"}],"predecessor-version":[{"id":26914,"href":"https:\/\/www.rassegnastampa-totustuus.it\/cattolica\/wp-json\/wp\/v2\/posts\/26912\/revisions\/26914"}],"wp:featuredmedia":[{"embeddable":true,"href":"https:\/\/www.rassegnastampa-totustuus.it\/cattolica\/wp-json\/wp\/v2\/media\/26913"}],"wp:attachment":[{"href":"https:\/\/www.rassegnastampa-totustuus.it\/cattolica\/wp-json\/wp\/v2\/media?parent=26912"}],"wp:term":[{"taxonomy":"category","embeddable":true,"href":"https:\/\/www.rassegnastampa-totustuus.it\/cattolica\/wp-json\/wp\/v2\/categories?post=26912"},{"taxonomy":"post_tag","embeddable":true,"href":"https:\/\/www.rassegnastampa-totustuus.it\/cattolica\/wp-json\/wp\/v2\/tags?post=26912"}],"curies":[{"name":"wp","href":"https:\/\/api.w.org\/{rel}","templated":true}]}}