{"id":26905,"date":"2015-10-01T00:00:18","date_gmt":"2015-09-30T22:00:18","guid":{"rendered":"http:\/\/www.rassegnastampa-totustuus.it\/cattolica\/?p=26905"},"modified":"2018-10-05T10:31:31","modified_gmt":"2018-10-05T08:31:31","slug":"utero-in-affitto-e-bambini-in-vendita-a-milano","status":"publish","type":"post","link":"https:\/\/www.rassegnastampa-totustuus.it\/cattolica\/utero-in-affitto-e-bambini-in-vendita-a-milano\/","title":{"rendered":"Utero in affitto e bambini in vendita a Milano"},"content":{"rendered":"<p style=\"text-align: center;\"><em><a href=\"https:\/\/www.rassegnastampa-totustuus.it\/cattolica\/wp-content\/uploads\/2015\/09\/bimbi-in-vendita.jpg\"><img loading=\"lazy\" decoding=\"async\" class=\"alignright wp-image-26906\" src=\"https:\/\/www.rassegnastampa-totustuus.it\/cattolica\/wp-content\/uploads\/2015\/09\/bimbi-in-vendita.jpg\" alt=\"bimbi in vendita\" width=\"175\" height=\"250\" \/><\/a>dal sito<\/em><em><strong> <a href=\"http:\/\/www.notizieprovita.it\/\" target=\"_blank\" rel=\"noopener\">ProVita<\/a><\/strong> settembre 2015<\/em><\/p>\n<p style=\"text-align: justify;\"><em>ProVita ha le prove che in Italia, al centro di Milano, si pratica di fatto e contro la legge penale, il commercio di bambini e la riduzione in schiavit\u00f9 delle donne: la ignobile pratica dell\u2019utero in affitto.<\/em> <em>Ecco il resoconto che i nostri inviati speciali, X e Y, ci hanno fatto.<\/em><\/p>\n<p style=\"text-align: justify;\"><!--more--><\/p>\n<p style=\"text-align: justify;\">Il giorno 23 settembre il dottor Daneshmand \u00e8 passato a Milano per un periodo di circa 24 ore. Sfruttando tale occasione l\u2019associazione \u201cPrepara\u201d ha organizzato un incontro esclusivo nel centro di Milano per parlare di GPA (Gravidanza per altri), il nome politicamente corretto dell\u2019utero in affitto.<\/p>\n<p style=\"text-align: justify;\">Il dottor Daneshmand \u00e8 il fondatore della Fertility Clinic una clinica basata negli Stati Uniti che si occupa di gravidanze surrogate (cio\u00e8 di affittare donne e vendere bambini) servendo clienti provenienti da tutto il mondo. L\u2019associazione Prepara \u00e8 un ente che si occupa proprio di pubblicizzare i servizi della Fertility Clinic e di trovare clienti europei da presentare al dottore.<\/p>\n<p style=\"text-align: justify;\">X e Y sono due amici che hanno finto di essere una coppia gay. Venuti a conoscenza dell\u2019incontro che si sarebbe svolto il 23, scrivendo direttamente all\u2019associazione Prepara, sono riusciti a farsi invitare ricevendo via mail la comunicazione del luogo ed ora esatti dell\u2019incontro.<\/p>\n<p style=\"text-align: justify;\">Al luogo dell\u2019appuntamento vengono fatti accomodare in un salone affittato per eventi privati dove sono gi\u00e0 presenti diverse coppie, sia etero che di soli uomini. C\u2019\u00e8 anche un single. Sono tutti l\u00ec per capire come fare per avere un figlio nonostante ci\u00f2 sia impossibile in modo naturale.<\/p>\n<p style=\"text-align: justify;\">Impossibile alla natura ma non al denaro.<\/p>\n<p style=\"text-align: justify;\">Come a voler confermare questa affermazione, il primo tema che viene trattato sono i costi per poter comprare un bambino appena partorito da una donna che rinuncia a qualsiasi diritto sul neonato.<\/p>\n<p style=\"text-align: justify;\">Tutti sanno all\u2019incirca quanto costa quindi il dottore si focalizza sui risparmi che la sua clinica pu\u00f2 permettere a chi decidesse di rivolgersi a lui e volesse lasciargli in mano l\u2019intero processo: a partire dal prelievo dei \u201cgameti femminili\u201d (gli ovuli, che al 50% determinano i caratteri fisici del nascituro), alla selezione della \u201cgestante\u201d (o surrogata, colei che porter\u00e0 il bambino in grembo per 9 mesi, comunemente chiamata madre che letteralmente dovrebbe chiamarsi \u201csurrogante\u201d, non surrogata), fino alle analisi di salute sugli embrioni (per eliminare bambini potenzialmente affetti da malattie cromosomiche o ereditarie, quelli imperfetti, insomma, e quelli del sesso non gradito).<\/p>\n<p style=\"text-align: justify;\">Le cifre sono:<\/p>\n<p style=\"text-align: justify;\">5-10.000$ per gli ovuli<\/p>\n<p style=\"text-align: justify;\">15-30.000$ per la madre surrogata<\/p>\n<p style=\"text-align: justify;\">10.000$ per un esame dell\u2019embrione<\/p>\n<p style=\"text-align: justify;\">2-5.000$ per un esame del feto alla decima settimana (se questo test andasse male potr\u00e0 essere abortito)<\/p>\n<p style=\"text-align: justify;\">Pi\u00f9 vari altri costi per analisi sui \u201cgenitori\u201d, sui gameti, le provvigioni di agenzie intermediarie ed avvocati. In totale si va dai 75.000$ ai 120.000$, senza considerare possibili sorprese, problemi o complicazioni.<\/p>\n<p style=\"text-align: justify;\">Non serve neanche spiegare perch\u00e9 la \u201cgestante\u201d non pu\u00f2 essere anche venditrice degli ovuli: si vuole limitare al minimo qualsiasi legame tra la donna che deve partorire ed il bambino (9 mesi di gravidanza\u2026 che legame volete che sia\u2026), ma soprattutto ci\u00f2 su cui si insiste di pi\u00f9 \u00e8 chiarire che sia la venditrice degli ovuli sia la \u201csurrogata\u201d vengono selezionate secondo criteri molto restrittivi, perch\u00e9 qualsiasi problema o complicazione durante la gravidanza o il parto farebbe lievitare i costi per i \u201ccommittenti\u201d (coloro che hanno messo il seme o comunque coloro che fin dal principio di tutto il processo sono titolari della paternit\u00e0 sul \u201cfeto su ordinazione\u201d).<\/p>\n<p style=\"text-align: justify;\">Tutto procede con molta naturalezza, col dottore che presenta nei dettagli tutto il processo e le diverse opzioni tra cui i futuri \u201cgenitori\u201d dovranno scegliere, c\u2019\u00e8 anche spazio per le battute: \u201cAl momento della selezione dell\u2019ovulo possiamo scegliere secondo i nostri canoni di preferenza giusto? Magari una bella bionda con gli occhi azzurri alta 1.80\u201d. Questa battuta fa rabbrividire X e Y: queste persone si ritengono gi\u00e0 \u201cgenitori\u201d dal momento in cui ci sar\u00e0 un embrione che loro hanno deciso di far impiantare in una \u201csurrogata\u201d: questa ricerca dell\u2019aspetto e della razza perfetta stride dolorosamente con la bellezza del desiderio di paternit\u00e0 e maternit\u00e0 naturalmente insito nell\u2019uomo.<\/p>\n<p style=\"text-align: justify;\">Si chiude con le domande pi\u00f9 particolari e specifiche dei potenziali clienti e si approfondiscono le opportunit\u00e0 di scegliere \u201cgestanti\u201d nei diversi paesi, negli Stati Uniti o del Canada, scelta da fare anche in base agli strumenti legali ed assicurativi che ciascuna legislazione mette a disposizione dei \u201cgenitori\u201d. Ovviamente la Fertility Clinic mette a disposizione i propri avvocati o i contatti di avvocati esterni che seguano i propri clienti fin dalla stesura dei primi contratti con la venditrice degli ovuli e con la \u201cgestante\u201d, fino al momento di rimpatriare il bambino.<\/p>\n<p style=\"text-align: justify;\">Quest\u2019ultimo punto sorprende notevolmente X e Y: il rimpatrio sembra una vera e propria formalit\u00e0: \u201cBasta rientrare in Europa facendo scalo in un altro paese prima dell\u2019Italia\u201d, una volta atterrati in Europa ed aver ufficializzato presso le autorit\u00e0 europee che si sta rientrando con il proprio \u201cfiglio\u201d di pochi giorni o poche settimane, il successivo passaggio da uno stato dell\u2019unione all\u2019Italia non dar\u00e0 nessun problema. Una coppia lo conferma: \u201cMolti nostri amici gay hanno diversi bambini e non hanno avuto nessun problema\u201d.<\/p>\n<p style=\"text-align: justify;\">Successivamente X e Y si fermano a chiacchierare e tra le lamentele sulla legge italiana qualcuno afferma che di fatto in Italia tutto \u00e8 illegale e anche questo incontro. X e Y fingono di essere sorpresi ma sanno benissimo che la legge italiana (la legge 40) recita: \u201cChiunque, in qualsiasi forma, realizza, organizza o pubblicizza la commercializzazione di gameti o di embrioni o la surrogazione di maternit\u00e0 \u00e8 punito con la reclusione da tre mesi a due anni e con la multa da 600.000 a un milione di euro\u201d.<\/p>\n<p style=\"text-align: justify;\">_____________________<\/p>\n<p style=\"text-align: justify;\">Redazione: <em>NON VOGLIAMO CHE TUTTO QUESTO<\/em> DIVENTI UNA PRATICA LEGALE E DIFFUSA, DIFENDIAMO I BAMBINI E LA FAMIGLIA DALLA LEGGE CIRINNA\u2019<\/p>\n","protected":false},"excerpt":{"rendered":"<p>dal sito ProVita settembre 2015 ProVita ha le prove che in Italia, al centro di Milano, si pratica di fatto e contro la legge penale, il commercio di bambini e la riduzione in schiavit\u00f9 delle donne: la ignobile pratica dell\u2019utero in affitto. Ecco il resoconto che i nostri inviati speciali, X e Y, ci hanno &hellip; <\/p>\n<p><a class=\"more-link btn\" href=\"https:\/\/www.rassegnastampa-totustuus.it\/cattolica\/utero-in-affitto-e-bambini-in-vendita-a-milano\/\">Continua a leggere<\/a><\/p>\n","protected":false},"author":6,"featured_media":26906,"comment_status":"closed","ping_status":"closed","sticky":false,"template":"","format":"standard","meta":{"footnotes":""},"categories":[4,2697],"tags":[2357,415],"class_list":["post-26905","post","type-post","status-publish","format-standard","has-post-thumbnail","hentry","category-bioetica","category-utero-in-affitto","tag-maternita-surrogata","tag-matrimonio-gay","item-wrap"],"yoast_head":"<!-- This site is optimized with the Yoast SEO plugin v27.5 - https:\/\/yoast.com\/product\/yoast-seo-wordpress\/ -->\n<title>Utero in affitto e bambini in vendita a Milano - Rassegna Stampa Cattolica<\/title>\n<meta name=\"description\" content=\"Rassegna Stampa Cattolica - Per una cultura che nasce dalla Rivelazione cristiana in conformit\u00e0 alla tradizione e al Magistero della Chiesa in opposizione ad ogni relativismo e totalitarismo\" \/>\n<meta name=\"robots\" content=\"index, follow, max-snippet:-1, max-image-preview:large, max-video-preview:-1\" \/>\n<link rel=\"canonical\" href=\"https:\/\/www.rassegnastampa-totustuus.it\/cattolica\/utero-in-affitto-e-bambini-in-vendita-a-milano\/\" \/>\n<meta property=\"og:locale\" content=\"it_IT\" \/>\n<meta property=\"og:type\" content=\"article\" \/>\n<meta property=\"og:title\" content=\"Utero in affitto e bambini in vendita a Milano - Rassegna Stampa Cattolica\" \/>\n<meta property=\"og:description\" content=\"Rassegna Stampa Cattolica - Per una cultura che nasce dalla Rivelazione cristiana in conformit\u00e0 alla tradizione e al Magistero della Chiesa in opposizione ad ogni relativismo e totalitarismo\" \/>\n<meta property=\"og:url\" content=\"https:\/\/www.rassegnastampa-totustuus.it\/cattolica\/utero-in-affitto-e-bambini-in-vendita-a-milano\/\" \/>\n<meta property=\"og:site_name\" content=\"Rassegna Stampa Cattolica\" \/>\n<meta property=\"article:publisher\" content=\"https:\/\/www.facebook.com\/rassegnastampacattolica\" \/>\n<meta property=\"article:published_time\" content=\"2015-09-30T22:00:18+00:00\" \/>\n<meta property=\"article:modified_time\" content=\"2018-10-05T08:31:31+00:00\" \/>\n<meta property=\"og:image\" content=\"https:\/\/www.rassegnastampa-totustuus.it\/cattolica\/wp-content\/uploads\/2015\/09\/bimbi-in-vendita.jpg\" \/>\n\t<meta property=\"og:image:width\" content=\"188\" \/>\n\t<meta property=\"og:image:height\" content=\"269\" \/>\n\t<meta property=\"og:image:type\" content=\"image\/jpeg\" \/>\n<meta name=\"author\" content=\"Redazione\" \/>\n<meta name=\"twitter:card\" content=\"summary_large_image\" \/>\n<meta name=\"twitter:creator\" content=\"@rassegnastampa9\" \/>\n<meta name=\"twitter:site\" content=\"@rassegnastampa9\" \/>\n<meta name=\"twitter:label1\" content=\"Scritto da\" \/>\n\t<meta name=\"twitter:data1\" content=\"Redazione\" \/>\n\t<meta name=\"twitter:label2\" content=\"Tempo di lettura stimato\" \/>\n\t<meta name=\"twitter:data2\" content=\"5 minuti\" \/>\n<script type=\"application\/ld+json\" class=\"yoast-schema-graph\">{\"@context\":\"https:\\\/\\\/schema.org\",\"@graph\":[{\"@type\":\"Article\",\"@id\":\"https:\\\/\\\/www.rassegnastampa-totustuus.it\\\/cattolica\\\/utero-in-affitto-e-bambini-in-vendita-a-milano\\\/#article\",\"isPartOf\":{\"@id\":\"https:\\\/\\\/www.rassegnastampa-totustuus.it\\\/cattolica\\\/utero-in-affitto-e-bambini-in-vendita-a-milano\\\/\"},\"author\":{\"name\":\"Redazione\",\"@id\":\"https:\\\/\\\/www.rassegnastampa-totustuus.it\\\/cattolica\\\/#\\\/schema\\\/person\\\/08f319d2bd1a0904ad9e2bfb7b15e5c3\"},\"headline\":\"Utero in affitto e bambini in vendita a Milano\",\"datePublished\":\"2015-09-30T22:00:18+00:00\",\"dateModified\":\"2018-10-05T08:31:31+00:00\",\"mainEntityOfPage\":{\"@id\":\"https:\\\/\\\/www.rassegnastampa-totustuus.it\\\/cattolica\\\/utero-in-affitto-e-bambini-in-vendita-a-milano\\\/\"},\"wordCount\":966,\"publisher\":{\"@id\":\"https:\\\/\\\/www.rassegnastampa-totustuus.it\\\/cattolica\\\/#organization\"},\"image\":{\"@id\":\"https:\\\/\\\/www.rassegnastampa-totustuus.it\\\/cattolica\\\/utero-in-affitto-e-bambini-in-vendita-a-milano\\\/#primaryimage\"},\"thumbnailUrl\":\"https:\\\/\\\/www.rassegnastampa-totustuus.it\\\/cattolica\\\/wp-content\\\/uploads\\\/2015\\\/09\\\/bimbi-in-vendita.jpg\",\"keywords\":[\"maternit\u00e0 surrogata\",\"matrimonio gay\"],\"articleSection\":[\"Bioetica\",\"Utero in affitto\"],\"inLanguage\":\"it-IT\"},{\"@type\":\"WebPage\",\"@id\":\"https:\\\/\\\/www.rassegnastampa-totustuus.it\\\/cattolica\\\/utero-in-affitto-e-bambini-in-vendita-a-milano\\\/\",\"url\":\"https:\\\/\\\/www.rassegnastampa-totustuus.it\\\/cattolica\\\/utero-in-affitto-e-bambini-in-vendita-a-milano\\\/\",\"name\":\"Utero in affitto e bambini in vendita a Milano - Rassegna Stampa Cattolica\",\"isPartOf\":{\"@id\":\"https:\\\/\\\/www.rassegnastampa-totustuus.it\\\/cattolica\\\/#website\"},\"primaryImageOfPage\":{\"@id\":\"https:\\\/\\\/www.rassegnastampa-totustuus.it\\\/cattolica\\\/utero-in-affitto-e-bambini-in-vendita-a-milano\\\/#primaryimage\"},\"image\":{\"@id\":\"https:\\\/\\\/www.rassegnastampa-totustuus.it\\\/cattolica\\\/utero-in-affitto-e-bambini-in-vendita-a-milano\\\/#primaryimage\"},\"thumbnailUrl\":\"https:\\\/\\\/www.rassegnastampa-totustuus.it\\\/cattolica\\\/wp-content\\\/uploads\\\/2015\\\/09\\\/bimbi-in-vendita.jpg\",\"datePublished\":\"2015-09-30T22:00:18+00:00\",\"dateModified\":\"2018-10-05T08:31:31+00:00\",\"description\":\"Rassegna Stampa Cattolica - Per una cultura che nasce dalla Rivelazione cristiana in conformit\u00e0 alla tradizione e al Magistero della Chiesa in opposizione ad ogni relativismo e totalitarismo\",\"breadcrumb\":{\"@id\":\"https:\\\/\\\/www.rassegnastampa-totustuus.it\\\/cattolica\\\/utero-in-affitto-e-bambini-in-vendita-a-milano\\\/#breadcrumb\"},\"inLanguage\":\"it-IT\",\"potentialAction\":[{\"@type\":\"ReadAction\",\"target\":[\"https:\\\/\\\/www.rassegnastampa-totustuus.it\\\/cattolica\\\/utero-in-affitto-e-bambini-in-vendita-a-milano\\\/\"]}]},{\"@type\":\"ImageObject\",\"inLanguage\":\"it-IT\",\"@id\":\"https:\\\/\\\/www.rassegnastampa-totustuus.it\\\/cattolica\\\/utero-in-affitto-e-bambini-in-vendita-a-milano\\\/#primaryimage\",\"url\":\"https:\\\/\\\/www.rassegnastampa-totustuus.it\\\/cattolica\\\/wp-content\\\/uploads\\\/2015\\\/09\\\/bimbi-in-vendita.jpg\",\"contentUrl\":\"https:\\\/\\\/www.rassegnastampa-totustuus.it\\\/cattolica\\\/wp-content\\\/uploads\\\/2015\\\/09\\\/bimbi-in-vendita.jpg\",\"width\":188,\"height\":269},{\"@type\":\"BreadcrumbList\",\"@id\":\"https:\\\/\\\/www.rassegnastampa-totustuus.it\\\/cattolica\\\/utero-in-affitto-e-bambini-in-vendita-a-milano\\\/#breadcrumb\",\"itemListElement\":[{\"@type\":\"ListItem\",\"position\":1,\"name\":\"Home\",\"item\":\"https:\\\/\\\/www.rassegnastampa-totustuus.it\\\/cattolica\\\/\"},{\"@type\":\"ListItem\",\"position\":2,\"name\":\"Utero in affitto e bambini in vendita a Milano\"}]},{\"@type\":\"WebSite\",\"@id\":\"https:\\\/\\\/www.rassegnastampa-totustuus.it\\\/cattolica\\\/#website\",\"url\":\"https:\\\/\\\/www.rassegnastampa-totustuus.it\\\/cattolica\\\/\",\"name\":\"Rassegna Stampa Cattolica\",\"description\":\"Per una cultura che nasce dalla Rivelazione cristiana in conformit\u00e0 alla tradizione e al Magistero della Chiesa in opposizione ad ogni relativismo e totalitarismo\",\"publisher\":{\"@id\":\"https:\\\/\\\/www.rassegnastampa-totustuus.it\\\/cattolica\\\/#organization\"},\"alternateName\":\"Rass. Cattolica\",\"potentialAction\":[{\"@type\":\"SearchAction\",\"target\":{\"@type\":\"EntryPoint\",\"urlTemplate\":\"https:\\\/\\\/www.rassegnastampa-totustuus.it\\\/cattolica\\\/?s={search_term_string}\"},\"query-input\":{\"@type\":\"PropertyValueSpecification\",\"valueRequired\":true,\"valueName\":\"search_term_string\"}}],\"inLanguage\":\"it-IT\"},{\"@type\":\"Organization\",\"@id\":\"https:\\\/\\\/www.rassegnastampa-totustuus.it\\\/cattolica\\\/#organization\",\"name\":\"Rassegna Stampa Cattolica\",\"url\":\"https:\\\/\\\/www.rassegnastampa-totustuus.it\\\/cattolica\\\/\",\"logo\":{\"@type\":\"ImageObject\",\"inLanguage\":\"it-IT\",\"@id\":\"https:\\\/\\\/www.rassegnastampa-totustuus.it\\\/cattolica\\\/#\\\/schema\\\/logo\\\/image\\\/\",\"url\":\"https:\\\/\\\/www.rassegnastampa-totustuus.it\\\/cattolica\\\/wp-content\\\/uploads\\\/2014\\\/04\\\/logo-rassegna1.gif\",\"contentUrl\":\"https:\\\/\\\/www.rassegnastampa-totustuus.it\\\/cattolica\\\/wp-content\\\/uploads\\\/2014\\\/04\\\/logo-rassegna1.gif\",\"width\":600,\"height\":163,\"caption\":\"Rassegna Stampa Cattolica\"},\"image\":{\"@id\":\"https:\\\/\\\/www.rassegnastampa-totustuus.it\\\/cattolica\\\/#\\\/schema\\\/logo\\\/image\\\/\"},\"sameAs\":[\"https:\\\/\\\/www.facebook.com\\\/rassegnastampacattolica\",\"https:\\\/\\\/x.com\\\/rassegnastampa9\"]},{\"@type\":\"Person\",\"@id\":\"https:\\\/\\\/www.rassegnastampa-totustuus.it\\\/cattolica\\\/#\\\/schema\\\/person\\\/08f319d2bd1a0904ad9e2bfb7b15e5c3\",\"name\":\"Redazione\",\"image\":{\"@type\":\"ImageObject\",\"inLanguage\":\"it-IT\",\"@id\":\"https:\\\/\\\/secure.gravatar.com\\\/avatar\\\/2fcdf27c78ea025fbdb44e914cc63c72249ffec9dc8aafd5c82b26240ef3f346?s=96&d=mm&r=g\",\"url\":\"https:\\\/\\\/secure.gravatar.com\\\/avatar\\\/2fcdf27c78ea025fbdb44e914cc63c72249ffec9dc8aafd5c82b26240ef3f346?s=96&d=mm&r=g\",\"contentUrl\":\"https:\\\/\\\/secure.gravatar.com\\\/avatar\\\/2fcdf27c78ea025fbdb44e914cc63c72249ffec9dc8aafd5c82b26240ef3f346?s=96&d=mm&r=g\",\"caption\":\"Redazione\"},\"url\":\"https:\\\/\\\/www.rassegnastampa-totustuus.it\\\/cattolica\\\/author\\\/pietroelle\\\/\"}]}<\/script>\n<!-- \/ Yoast SEO plugin. -->","yoast_head_json":{"title":"Utero in affitto e bambini in vendita a Milano - Rassegna Stampa Cattolica","description":"Rassegna Stampa Cattolica - Per una cultura che nasce dalla Rivelazione cristiana in conformit\u00e0 alla tradizione e al Magistero della Chiesa in opposizione ad ogni relativismo e totalitarismo","robots":{"index":"index","follow":"follow","max-snippet":"max-snippet:-1","max-image-preview":"max-image-preview:large","max-video-preview":"max-video-preview:-1"},"canonical":"https:\/\/www.rassegnastampa-totustuus.it\/cattolica\/utero-in-affitto-e-bambini-in-vendita-a-milano\/","og_locale":"it_IT","og_type":"article","og_title":"Utero in affitto e bambini in vendita a Milano - Rassegna Stampa Cattolica","og_description":"Rassegna Stampa Cattolica - Per una cultura che nasce dalla Rivelazione cristiana in conformit\u00e0 alla tradizione e al Magistero della Chiesa in opposizione ad ogni relativismo e totalitarismo","og_url":"https:\/\/www.rassegnastampa-totustuus.it\/cattolica\/utero-in-affitto-e-bambini-in-vendita-a-milano\/","og_site_name":"Rassegna Stampa Cattolica","article_publisher":"https:\/\/www.facebook.com\/rassegnastampacattolica","article_published_time":"2015-09-30T22:00:18+00:00","article_modified_time":"2018-10-05T08:31:31+00:00","og_image":[{"width":188,"height":269,"url":"https:\/\/www.rassegnastampa-totustuus.it\/cattolica\/wp-content\/uploads\/2015\/09\/bimbi-in-vendita.jpg","type":"image\/jpeg"}],"author":"Redazione","twitter_card":"summary_large_image","twitter_creator":"@rassegnastampa9","twitter_site":"@rassegnastampa9","twitter_misc":{"Scritto da":"Redazione","Tempo di lettura stimato":"5 minuti"},"schema":{"@context":"https:\/\/schema.org","@graph":[{"@type":"Article","@id":"https:\/\/www.rassegnastampa-totustuus.it\/cattolica\/utero-in-affitto-e-bambini-in-vendita-a-milano\/#article","isPartOf":{"@id":"https:\/\/www.rassegnastampa-totustuus.it\/cattolica\/utero-in-affitto-e-bambini-in-vendita-a-milano\/"},"author":{"name":"Redazione","@id":"https:\/\/www.rassegnastampa-totustuus.it\/cattolica\/#\/schema\/person\/08f319d2bd1a0904ad9e2bfb7b15e5c3"},"headline":"Utero in affitto e bambini in vendita a Milano","datePublished":"2015-09-30T22:00:18+00:00","dateModified":"2018-10-05T08:31:31+00:00","mainEntityOfPage":{"@id":"https:\/\/www.rassegnastampa-totustuus.it\/cattolica\/utero-in-affitto-e-bambini-in-vendita-a-milano\/"},"wordCount":966,"publisher":{"@id":"https:\/\/www.rassegnastampa-totustuus.it\/cattolica\/#organization"},"image":{"@id":"https:\/\/www.rassegnastampa-totustuus.it\/cattolica\/utero-in-affitto-e-bambini-in-vendita-a-milano\/#primaryimage"},"thumbnailUrl":"https:\/\/www.rassegnastampa-totustuus.it\/cattolica\/wp-content\/uploads\/2015\/09\/bimbi-in-vendita.jpg","keywords":["maternit\u00e0 surrogata","matrimonio gay"],"articleSection":["Bioetica","Utero in affitto"],"inLanguage":"it-IT"},{"@type":"WebPage","@id":"https:\/\/www.rassegnastampa-totustuus.it\/cattolica\/utero-in-affitto-e-bambini-in-vendita-a-milano\/","url":"https:\/\/www.rassegnastampa-totustuus.it\/cattolica\/utero-in-affitto-e-bambini-in-vendita-a-milano\/","name":"Utero in affitto e bambini in vendita a Milano - Rassegna Stampa Cattolica","isPartOf":{"@id":"https:\/\/www.rassegnastampa-totustuus.it\/cattolica\/#website"},"primaryImageOfPage":{"@id":"https:\/\/www.rassegnastampa-totustuus.it\/cattolica\/utero-in-affitto-e-bambini-in-vendita-a-milano\/#primaryimage"},"image":{"@id":"https:\/\/www.rassegnastampa-totustuus.it\/cattolica\/utero-in-affitto-e-bambini-in-vendita-a-milano\/#primaryimage"},"thumbnailUrl":"https:\/\/www.rassegnastampa-totustuus.it\/cattolica\/wp-content\/uploads\/2015\/09\/bimbi-in-vendita.jpg","datePublished":"2015-09-30T22:00:18+00:00","dateModified":"2018-10-05T08:31:31+00:00","description":"Rassegna Stampa Cattolica - Per una cultura che nasce dalla Rivelazione cristiana in conformit\u00e0 alla tradizione e al Magistero della Chiesa in opposizione ad ogni relativismo e totalitarismo","breadcrumb":{"@id":"https:\/\/www.rassegnastampa-totustuus.it\/cattolica\/utero-in-affitto-e-bambini-in-vendita-a-milano\/#breadcrumb"},"inLanguage":"it-IT","potentialAction":[{"@type":"ReadAction","target":["https:\/\/www.rassegnastampa-totustuus.it\/cattolica\/utero-in-affitto-e-bambini-in-vendita-a-milano\/"]}]},{"@type":"ImageObject","inLanguage":"it-IT","@id":"https:\/\/www.rassegnastampa-totustuus.it\/cattolica\/utero-in-affitto-e-bambini-in-vendita-a-milano\/#primaryimage","url":"https:\/\/www.rassegnastampa-totustuus.it\/cattolica\/wp-content\/uploads\/2015\/09\/bimbi-in-vendita.jpg","contentUrl":"https:\/\/www.rassegnastampa-totustuus.it\/cattolica\/wp-content\/uploads\/2015\/09\/bimbi-in-vendita.jpg","width":188,"height":269},{"@type":"BreadcrumbList","@id":"https:\/\/www.rassegnastampa-totustuus.it\/cattolica\/utero-in-affitto-e-bambini-in-vendita-a-milano\/#breadcrumb","itemListElement":[{"@type":"ListItem","position":1,"name":"Home","item":"https:\/\/www.rassegnastampa-totustuus.it\/cattolica\/"},{"@type":"ListItem","position":2,"name":"Utero in affitto e bambini in vendita a Milano"}]},{"@type":"WebSite","@id":"https:\/\/www.rassegnastampa-totustuus.it\/cattolica\/#website","url":"https:\/\/www.rassegnastampa-totustuus.it\/cattolica\/","name":"Rassegna Stampa Cattolica","description":"Per una cultura che nasce dalla Rivelazione cristiana in conformit\u00e0 alla tradizione e al Magistero della Chiesa in opposizione ad ogni relativismo e totalitarismo","publisher":{"@id":"https:\/\/www.rassegnastampa-totustuus.it\/cattolica\/#organization"},"alternateName":"Rass. Cattolica","potentialAction":[{"@type":"SearchAction","target":{"@type":"EntryPoint","urlTemplate":"https:\/\/www.rassegnastampa-totustuus.it\/cattolica\/?s={search_term_string}"},"query-input":{"@type":"PropertyValueSpecification","valueRequired":true,"valueName":"search_term_string"}}],"inLanguage":"it-IT"},{"@type":"Organization","@id":"https:\/\/www.rassegnastampa-totustuus.it\/cattolica\/#organization","name":"Rassegna Stampa Cattolica","url":"https:\/\/www.rassegnastampa-totustuus.it\/cattolica\/","logo":{"@type":"ImageObject","inLanguage":"it-IT","@id":"https:\/\/www.rassegnastampa-totustuus.it\/cattolica\/#\/schema\/logo\/image\/","url":"https:\/\/www.rassegnastampa-totustuus.it\/cattolica\/wp-content\/uploads\/2014\/04\/logo-rassegna1.gif","contentUrl":"https:\/\/www.rassegnastampa-totustuus.it\/cattolica\/wp-content\/uploads\/2014\/04\/logo-rassegna1.gif","width":600,"height":163,"caption":"Rassegna Stampa Cattolica"},"image":{"@id":"https:\/\/www.rassegnastampa-totustuus.it\/cattolica\/#\/schema\/logo\/image\/"},"sameAs":["https:\/\/www.facebook.com\/rassegnastampacattolica","https:\/\/x.com\/rassegnastampa9"]},{"@type":"Person","@id":"https:\/\/www.rassegnastampa-totustuus.it\/cattolica\/#\/schema\/person\/08f319d2bd1a0904ad9e2bfb7b15e5c3","name":"Redazione","image":{"@type":"ImageObject","inLanguage":"it-IT","@id":"https:\/\/secure.gravatar.com\/avatar\/2fcdf27c78ea025fbdb44e914cc63c72249ffec9dc8aafd5c82b26240ef3f346?s=96&d=mm&r=g","url":"https:\/\/secure.gravatar.com\/avatar\/2fcdf27c78ea025fbdb44e914cc63c72249ffec9dc8aafd5c82b26240ef3f346?s=96&d=mm&r=g","contentUrl":"https:\/\/secure.gravatar.com\/avatar\/2fcdf27c78ea025fbdb44e914cc63c72249ffec9dc8aafd5c82b26240ef3f346?s=96&d=mm&r=g","caption":"Redazione"},"url":"https:\/\/www.rassegnastampa-totustuus.it\/cattolica\/author\/pietroelle\/"}]}},"_links":{"self":[{"href":"https:\/\/www.rassegnastampa-totustuus.it\/cattolica\/wp-json\/wp\/v2\/posts\/26905","targetHints":{"allow":["GET"]}}],"collection":[{"href":"https:\/\/www.rassegnastampa-totustuus.it\/cattolica\/wp-json\/wp\/v2\/posts"}],"about":[{"href":"https:\/\/www.rassegnastampa-totustuus.it\/cattolica\/wp-json\/wp\/v2\/types\/post"}],"author":[{"embeddable":true,"href":"https:\/\/www.rassegnastampa-totustuus.it\/cattolica\/wp-json\/wp\/v2\/users\/6"}],"replies":[{"embeddable":true,"href":"https:\/\/www.rassegnastampa-totustuus.it\/cattolica\/wp-json\/wp\/v2\/comments?post=26905"}],"version-history":[{"count":2,"href":"https:\/\/www.rassegnastampa-totustuus.it\/cattolica\/wp-json\/wp\/v2\/posts\/26905\/revisions"}],"predecessor-version":[{"id":41260,"href":"https:\/\/www.rassegnastampa-totustuus.it\/cattolica\/wp-json\/wp\/v2\/posts\/26905\/revisions\/41260"}],"wp:featuredmedia":[{"embeddable":true,"href":"https:\/\/www.rassegnastampa-totustuus.it\/cattolica\/wp-json\/wp\/v2\/media\/26906"}],"wp:attachment":[{"href":"https:\/\/www.rassegnastampa-totustuus.it\/cattolica\/wp-json\/wp\/v2\/media?parent=26905"}],"wp:term":[{"taxonomy":"category","embeddable":true,"href":"https:\/\/www.rassegnastampa-totustuus.it\/cattolica\/wp-json\/wp\/v2\/categories?post=26905"},{"taxonomy":"post_tag","embeddable":true,"href":"https:\/\/www.rassegnastampa-totustuus.it\/cattolica\/wp-json\/wp\/v2\/tags?post=26905"}],"curies":[{"name":"wp","href":"https:\/\/api.w.org\/{rel}","templated":true}]}}