{"id":2690,"date":"2009-03-02T11:22:52","date_gmt":"2009-03-02T10:22:52","guid":{"rendered":""},"modified":"2015-01-27T13:23:33","modified_gmt":"2015-01-27T12:23:33","slug":"pio-ix","status":"publish","type":"post","link":"https:\/\/www.rassegnastampa-totustuus.it\/cattolica\/pio-ix\/","title":{"rendered":"Pio IX"},"content":{"rendered":"<div style=\"text-align: center;\"><strong><a href=\"https:\/\/www.rassegnastampa-totustuus.it\/cattolica\/wp-content\/uploads\/2009\/03\/Pio-IX_2.jpg\"><img loading=\"lazy\" decoding=\"async\" class=\"alignleft wp-image-17826\" src=\"https:\/\/www.rassegnastampa-totustuus.it\/cattolica\/wp-content\/uploads\/2009\/03\/Pio-IX_2.jpg\" alt=\"Pio IX_2\" width=\"200\" height=\"150\" \/><\/a>Il Timone<\/strong> n.76 settembre-ottobre 2008<\/div>\n<p style=\"text-align: justify;\"><em>L\u2019iter di canonizzazione del Pontefice al tempo del Risorgimento ha incontrato resistenze, anche fra i cattolici. Finalmente riconosciuto \u201cbeato\u201d, aspetta le preghiere dei fedeli per l\u2019ultimo traguardo, la canonizzazione. Non cos\u00ec per Garibaldi, celebrato subito come eroe e padre della patria<br \/>\n<\/em><\/p>\n<p style=\"text-align: center;\">di <strong>Roberto de Mattei<\/strong><\/p>\n<p><!--more--><\/p>\n<div style=\"text-align: justify;\">La contrapposizione tra Garibaldi (1807-1882) e Pio IX (1792-1887) non cess\u00f2 dopo la morte dei due protagonisti del Risorgimento. La Chiesa avvi\u00f2 il processo di canonizzazione di Papa Mastai, mentre la massoneria risorgimentale beatific\u00f2, fin da subito, Giuseppe Garibaldi. Dino Mengozzi, in un libro appena uscito (<em>Garibaldi taumaturgo. Reliquie laiche e politica nell\u2019Ottocento<\/em>, Piero Lacaita, Mandria, 2008) ha raccontato la storia del culto rivoluzionario a Garibaldi. Da parte mia, mi soffermer\u00f2 sulla storia del processo di beatificazione di Pio IX, attingendo a uno studio, non ancora pubblicato, di Fabrizio cannone.<\/div>\n<p style=\"text-align: justify;\"><strong>L\u2019inizio della causa di Pio IX<br \/>\n<\/strong><\/p>\n<p style=\"text-align: justify;\">Non fu papa Leone XIII (1878-1903), ma san Pio X (1903-1914) che avvi\u00f2 la causa di santit\u00e0 di Pio IX (1846-1878). Papa Sarto aveva abolito il &#8220;<em>non expedit<\/em>&#8221; piano (il divieto rivolto ai cattolici dalla Santa Sede durante il pontificato di Pio IX di non partecipare alle elezioni politiche), a cui si era attenuto anche Leone XIII, ma la sua linea di governo, per la chiara impostazione &#8220;religiosa&#8221;, ben diversa da quella &#8220;diplomatica&#8221; del predecessore, esprimeva una forte continuit\u00e0 con il pontificato di Pio IX.<\/p>\n<p style=\"text-align: justify;\">Il processo romano, detto ordinario, iniziato nel 1907, dur\u00f2 sino al 1922, mentre accanto ad esso furono istruiti i processi regionali, detti rogatoriali, nei luoghi dove Pio IX visse e oper\u00f2: Senigallia, Spoleto, Imola, Napoli. L&#8217;enorme materiale raccolto conflu\u00ec quindi nei dodici poderosi volumi della prima<em>Positio<\/em>.<\/p>\n<p style=\"text-align: justify;\">L&#8217;impulso dato da Pio X alla Causa di papa Mastai si attenu\u00f2 sotto i suoi successori Benedetto XV e Pio XI. Non era in discussione la santit\u00e0 di Pio IX, ma l&#8217;opportunit\u00e0 politica di un gesto pubblico e solenne quale era e rimane la beatificazione di un Servo di Dio che abbia svolto un ruolo pubblico. Pio IX, pur italianissimo, era il Papa dell'&#8221;antirisorgimento&#8221;, mentre il Fascismo si presentava come una &#8220;Rivoluzione nazionale&#8221; che proprio nel Risorgimento gettava le sue radici.<\/p>\n<p style=\"text-align: justify;\">La beatificazione di Pio IX sarebbe apparsa un atto pubblico che avrebbe nuociuto al nuovo clima di collaborazione tra la Santa Sede e il regime fascista. Fu sotto il pontificato di Pio XII, dopo la guerra, che la causa riprese slancio, con la pubblicazione di nuove <em>Positiones<\/em> e del Decreto di introduzione della Causa, emanato il 7 dicembre 1954, a firma del cardinale Amleto Cicognani<\/p>\n<p style=\"text-align: justify;\">Giovanni XXIII sembr\u00f2 manifestare interesse per la prosecuzione del processo di canonizzazione, che per\u00f2 conobbe un nuovo rallentamento e sembr\u00f2 arenarsi sotto il pontificato di papa Montini. Nel primo centenario della morte di Papa Mastai, Paolo VI commemor\u00f2 il suo predecessore con una Messa solenne celebrata in San Pietro il 5 marzo 1978. In questa occasione Paolo VI afferm\u00f2 che i problemi che si erano posti nel corso del pontificato di Pio IX rendevano necessario \u00ab<em>un ulteriore periodo di decantazione<\/em>\u00bb per comprendere meglio gli avvenimenti e le loro motivazioni pi\u00f9 profonde.<\/p>\n<p style=\"text-align: justify;\">Altrettanto riduttiva fu la posizione dell&#8217;avvocato della Causa, lo svizzero Carlo Snider, secondo cui, per portare avanti con successo il processo di Pio IX, era necessario ammettere gli &#8220;errori&#8221; del Pontefice, anche se questi errori non avrebbero invalidato n\u00e9 il suo magistero n\u00e9 la sua ricerca di santit\u00e0. Si trattava della nuova linea &#8220;post-conciliare&#8221;, che cercava di evitare ogni occasione di &#8220;scontro&#8221; tra Chiesa e mondo. La difesa di Pio IX si deve soprattutto ai postulatori di quegli anni, mons. Alberto Canestri (1882-1970) e mons. Antonio Piolanti (1911-2001), che ne raccolse l&#8217;eredit\u00e0.<\/p>\n<p style=\"text-align: justify;\">Mons. Canestri pubblic\u00f2 dal 1954 fino alla morte il bollettino <em>La Voce di Pio IX<\/em>, in cui, contro le interpretazioni &#8220;minimaliste&#8221; che si facevano strada, non esitava a rivendicare la dimensione, anche pubblica, della figura di Pio IX. A mons. Piolanti si deve la creazione, nel 1972, della rivista quadrimestrale <em>Pio IX, Studi e ricerche sulla vita\u00a0<\/em><em>del<\/em><em>la Chiesa dal Settecento ad oggi,<\/em> che si afferm\u00f2 come una pubblicazione di alto livello culturale, poi continuata dal suo successore, e attuale postulatore, mons. Brunero Gherardini.<\/p>\n<p style=\"text-align: justify;\"><strong>L&#8217;eroicit\u00e0 delle virt\u00f9<\/strong><\/p>\n<p style=\"text-align: justify;\">Con la morte di Paolo VI, nel 1978, cambi\u00f2 il clima culturale e la causa di beatificazione riprese il suo corso. Il 6 luglio 1985 Giovanni Paolo II decretava l&#8217;eroicit\u00e0 delle virt\u00f9 di Giovanni Maria Mastai Ferretti, riconoscendogli il titolo di Venerabile. Il 15 gennaio 1986 la Consulta medica della Congregazione per le cause dei Santi attest\u00f2 l&#8217;inspiegabilit\u00e0 naturale della guarigione di Sr. Marie-Th\u00e9r\u00e8se de St-Paul, carmelitana di Nantes, miracolosamente guarita da grave malattia ossea.<\/p>\n<p style=\"text-align: justify;\">Nel 1987, un ultimo scrupolo port\u00f2 alla costituzione di una speciale commissione di 7 membri, presieduta dal cardinale Alfonso Maria Stickler, che avrebbero dovuto pronunziarsi sull&#8217;opportunit\u00e0 della beatificazione. Manc\u00f2 l&#8217;unanimit\u00e0 per un solo voto negativo, quello dello storico gesuita Giacomo Martina; bast\u00f2 questo per bloccare di nuovo la conclusione dell&#8217; iter.<\/p>\n<p style=\"text-align: justify;\"><strong>Dopo tanta attesa &#8230;finalmente beato<\/strong><\/p>\n<p style=\"text-align: justify;\">Finalmente, il 21 dicembre 1999 Giovanni Paolo II promulg\u00f2 il decreto sul miracolo e il 3 settembre 2000 iscrisse solennemente Pio IX nell&#8217;albo dei beati, assieme a Giovanni XXIII, all&#8217;arcivescovo Tommaso Reggio, al prete Guillaume-Joseph Chaminade e al monaco Colomba Marmion. Si accesero a questo punto aspre polemiche. Per alcuni settori del cattolicesimo progressista la beatificazione di Pio IX si poneva in discontinuit\u00e0 con il Concilio Vaticano II, da essi considerato come &#8220;evento fondatore&#8221; di una nuova ecclesiologia.<\/p>\n<p style=\"text-align: justify;\">La beatificazione del Papa del Sillabo e della infallibilit\u00e0 pontificia appariva come un inaccettabile &#8220;ritorno&#8221; a quella tradizione che si pretendeva definitivamente abbandonata. Eppure, per giustificare le &#8220;novit\u00e0&#8221; del Concilio e vincere le resistenze conservatrici, questi stessi settori, negli anni precedenti, avevano invocato la tesi della dialettica continuit\u00e0 del Concilio con la tradizione precedente.<\/p>\n<p style=\"text-align: justify;\">I \u00abminimalisti\u00bb, da parte loro, tentarono di ridurre la portata del pontificato di Pio IX, presentandolo come santo sul piano personale ma politicamente sprovveduto sul piano pubblico. In realt\u00e0, Pio IX \u00e8 stato beatificato per la virt\u00f9 eroica dimostrata come Pontefice della Chiesa universale tra il 1846 e il 1878. La sua beatificazione non ha riguardato solo uno spicchio della personalit\u00e0 del Pontefice, ma tutto l&#8217;uomo, nella vita, negli scritti, nelle opere, passate al vaglio di una minuziosa e severa inchiesta canonica.<\/p>\n<p style=\"text-align: justify;\">La beatificazione del 3 settembre 2000 ha illuminato di nuova luce non solo gli atti culminanti del suo pontificato, come la proclamazione del dogma dell&#8217;Immacolata e l&#8217;indizione del Concilio Vaticano I, ma tutti i suoi gesti privati e pubblici: le riforme politiche, sociali e amministrative e il Sillabo, lo straordinario impulso missionario che impresse alla Chiesa e la rinascita culturale e morale del cattolicesimo nell&#8217;Ottocento.<\/p>\n<p style=\"text-align: justify;\"><strong>A ciascuno i suoi santi<\/strong><\/p>\n<p style=\"text-align: justify;\">La differenza di fondo tra i &#8220;santi della Rivoluzione&#8221;, come Garibaldi, e quelli beatificati dalla Chiesa come Pio IX, sta proprio in questo. La Chiesa, che ha nella santit\u00e0 una delle sue principali note, riconosce come santi coloro che esercitano eroicamente le virt\u00f9 cristiane, in pubblico e in privato, tra difficolt\u00e0 e gravi impedimenti. Essa esamina rigorosamente ogni parola, scritto ed azione del candidato agli Altari, ed esige, per la promulgazione finale, il suggello soprannaturale del miracolo.<\/p>\n<p style=\"text-align: justify;\">La Rivoluzione canonizza in modo spiccio briganti, avventurieri, terroristi, non curandosi della loro vita personale, spesso dissoluta e sregolata. La promulgazione delle &#8220;virt\u00f9&#8221; avviene attraverso la diffusione di leggende e mitologie, prive di alcuna verit\u00e0 storica, costruite nei laboratori ideologici e propagandistici delle s\u00e8tte. I santi della Chiesa sono modelli che sfidano i secoli e conducono i loro imitatori alla felicit\u00e0 eterna. I santi della Rivoluzione sono presto inghiottiti dalla storia e offrono ai loro seguaci un esempio di vita iniqua e infelice sulla terra e nell&#8217;eternit\u00e0.<\/p>\n<p style=\"text-align: justify;\"><strong>Bibliografia<\/strong><\/p>\n<p style=\"text-align: justify;\"><strong>Patrick Keyes O&#8217;Clery<\/strong>, <em>La Rivoluzione italiana. Come fu fatta l&#8217;unit\u00e0 della nazione<\/em>, Ares, 2000.<\/p>\n<p style=\"text-align: justify;\"><strong>Roberto Martucci,<\/strong> <em>L&#8217;invenzione dell&#8217;Italia unita 1855-1864<\/em>, Sansoni, 1999.<\/p>\n<p style=\"text-align: justify;\"><strong>Gigi Di Fiore<\/strong>, <em>Controstoria dell&#8217;Unit\u00e0 d&#8217;Italia. Fatti e misfatti del Risorgimento<\/em>, Rizzoli, 2007.<\/p>\n<p style=\"text-align: justify;\"><strong>Massimo Viglione<\/strong>, <em>L&#8217;identit\u00e0 ferita. Il Risorgimento come Rivoluzione &amp; la Guerra Civile Italiana. Contributo per una ripresentazione della storia nazionale<\/em> Ares, 2006.<\/p>\n<p style=\"text-align: justify;\"><strong>M. Viglione,<\/strong> <em>&#8220;Libera Chiesa in libero Stato&#8221;? Il Risorgimento e i cattolici: uno scontro epocale<\/em>, Citt\u00e0 Nuova, 2005.<\/p>\n<p style=\"text-align: justify;\"><strong>M. Viglione<\/strong>, <em>La rivoluzione italiana. Storia critica del Risorgimento<\/em>, II Minotauro, 2001<\/p>\n<p style=\"text-align: justify;\"><strong>Angela Pellicciari<\/strong>, <em>Risorgimento da riscrivere. Liberali &amp; massoni contro la Chiesa,<\/em> Ares, 1998.<\/p>\n<p style=\"text-align: justify;\"><strong>A. Pellicciari<\/strong>, <em>L&#8217;altro Risorgimento. Una guerra di religione dimenticata<\/em>, Piemme, 2000.<\/p>\n<p style=\"text-align: justify;\"><strong>A. Pellicciari<\/strong>, <em>Risorgimento anticattolico. La persecuzione della Chiesa nelle Memorie di Giacomo Margotti<\/em>, Piemme, 2004.<\/p>\n<p style=\"text-align: justify;\"><strong>A. Pellicciari<\/strong>, <em>I panni sporchi dei Mille<\/em>, liberal edizioni, 2003.<\/p>\n<p style=\"text-align: justify;\"><strong>Francesco Pappalardo<\/strong>, <em>Il mito di Garibaldi. Vita, morte e miracoli dell&#8217;uomo che conquist\u00f2 l&#8217;Italia<\/em>, Piemme, 2002.<\/p>\n<p style=\"text-align: justify;\"><strong>F. Pappalardo<\/strong>, <em>II brigantaggio postunitario. Il Mezzogiorno fra resistenza e reazione, D&#8217;Ettoris<\/em>, 2004.<\/p>\n<p style=\"text-align: justify;\"><strong>Roberto de Mattei<\/strong>, <em>Pio IX<\/em>, Piemme, 2000.<\/p>\n<p style=\"text-align: justify;\"><strong>Luigi Negri<\/strong>, <em>Pio IX<\/em>. <em>Attualit\u00e0 &amp; Profezia<\/em>, Ares 2006.<\/p>\n<p style=\"text-align: justify;\"><strong>Francesco M. Agnoli<\/strong>, <em>Dossier brigantaggio. Viaggio tra i ribelli al borghesismo e alla modernit\u00e0<\/em>, Controcorrente, 2003.<\/p>\n<p style=\"text-align: justify;\"><strong>Renato Girelli<\/strong>, <em>La Questione Romana. Il compimento dell&#8217;unificazione che ha diviso l&#8217;Italia<\/em>, Mimep-Docete, 1997.<\/p>\n<p style=\"text-align: justify;\"><strong>Cecilia Gatto Trocchi<\/strong>,\u00a0 <em>Il Risorgimento esoterico<\/em>, Oscar Mondadori, 1996.<\/p>\n<p style=\"text-align: justify;\"><strong>Fulvio Izzo<\/strong>, <em>I lager dei Savoia. Storia infame del Risorgimento nei campi di concentramento per meridionali<\/em>, Controcorrente, 1999.<\/p>\n<p style=\"text-align: justify;\"><strong>Bruno Lima<\/strong>, <em>Due Sicilie. 1860. L&#8217;invasione<\/em>, Fede &amp; Cultura, 2008.<\/p>\n<p style=\"text-align: justify;\"><strong>Antonio Socci<\/strong>, <em>La dittatura anticattolica. Il caso don Bosco e l&#8217;altra faccia del Risorgimento<\/em>, Sugarco, 2004.<\/p>\n<p style=\"text-align: justify;\"><strong>Paolo Gulisano<\/strong>, <em>O Roma o morte! Pio IX e il Risorgimento<\/em>, II Cerchio, 2000.<\/p>\n<p style=\"text-align: justify;\"><strong>Antonio Nicoletta<\/strong>, <em>&#8220;E furon detti briganti&#8230;&#8221;. Mito e realt\u00e0 della conquista del Sud,<\/em> II Cerchio, 2001.<\/p>\n<p style=\"text-align: justify;\"><strong><a href=\"https:\/\/www.rassegnastampa-totustuus.it\/cattolica\/wp-content\/uploads\/2014\/08\/Pio-IX.jpg\"><img loading=\"lazy\" decoding=\"async\" class=\"alignnone size-full wp-image-9446\" src=\"https:\/\/www.rassegnastampa-totustuus.it\/cattolica\/wp-content\/uploads\/2014\/08\/Pio-IX.jpg\" alt=\"Pio IX\" width=\"190\" height=\"266\" \/><\/a>Nunzio Langiulli,<\/strong> <em>Venti di unit\u00e0<\/em>, II Grillo editore, 2006.<\/p>\n","protected":false},"excerpt":{"rendered":"<p>Il Timone n.76 settembre-ottobre 2008 L\u2019iter di canonizzazione del Pontefice al tempo del Risorgimento ha incontrato resistenze, anche fra i cattolici. Finalmente riconosciuto \u201cbeato\u201d, aspetta le preghiere dei fedeli per l\u2019ultimo traguardo, la canonizzazione. Non cos\u00ec per Garibaldi, celebrato subito come eroe e padre della patria di Roberto de Mattei<\/p><p><a class=\"more-link btn\" href=\"https:\/\/www.rassegnastampa-totustuus.it\/cattolica\/pio-ix\/\">Continua a leggere<\/a><\/p>\n","protected":false},"author":6,"featured_media":17826,"comment_status":"closed","ping_status":"open","sticky":false,"template":"","format":"standard","meta":{"footnotes":""},"categories":[5],"tags":[403,1136],"class_list":["post-2690","post","type-post","status-publish","format-standard","has-post-thumbnail","hentry","category-chiesa","tag-pio-ix","tag-storia-della-chiesa","item-wrap"],"yoast_head":"<!-- This site is optimized with the Yoast SEO plugin v27.5 - https:\/\/yoast.com\/product\/yoast-seo-wordpress\/ -->\n<title>Pio IX - Rassegna Stampa Cattolica<\/title>\n<meta name=\"description\" content=\"Rassegna Stampa Cattolica - Per una cultura che nasce dalla Rivelazione cristiana in conformit\u00e0 alla tradizione e al Magistero della Chiesa in opposizione ad ogni relativismo e totalitarismo\" \/>\n<meta name=\"robots\" content=\"index, follow, max-snippet:-1, max-image-preview:large, max-video-preview:-1\" \/>\n<link rel=\"canonical\" href=\"https:\/\/www.rassegnastampa-totustuus.it\/cattolica\/pio-ix\/\" \/>\n<meta property=\"og:locale\" content=\"it_IT\" \/>\n<meta property=\"og:type\" content=\"article\" \/>\n<meta property=\"og:title\" content=\"Pio IX - Rassegna Stampa Cattolica\" \/>\n<meta property=\"og:description\" content=\"Rassegna Stampa Cattolica - Per una cultura che nasce dalla Rivelazione cristiana in conformit\u00e0 alla tradizione e al Magistero della Chiesa in opposizione ad ogni relativismo e totalitarismo\" \/>\n<meta property=\"og:url\" content=\"https:\/\/www.rassegnastampa-totustuus.it\/cattolica\/pio-ix\/\" \/>\n<meta property=\"og:site_name\" content=\"Rassegna Stampa Cattolica\" \/>\n<meta property=\"article:publisher\" content=\"https:\/\/www.facebook.com\/rassegnastampacattolica\" \/>\n<meta property=\"article:published_time\" content=\"2009-03-02T10:22:52+00:00\" \/>\n<meta property=\"article:modified_time\" content=\"2015-01-27T12:23:33+00:00\" \/>\n<meta property=\"og:image\" content=\"https:\/\/www.rassegnastampa-totustuus.it\/cattolica\/wp-content\/uploads\/2009\/03\/Pio-IX_2.jpg\" \/>\n\t<meta property=\"og:image:width\" content=\"259\" \/>\n\t<meta property=\"og:image:height\" content=\"194\" \/>\n\t<meta property=\"og:image:type\" content=\"image\/jpeg\" \/>\n<meta name=\"author\" content=\"Redazione\" \/>\n<meta name=\"twitter:card\" content=\"summary_large_image\" \/>\n<meta name=\"twitter:creator\" content=\"@rassegnastampa9\" \/>\n<meta name=\"twitter:site\" content=\"@rassegnastampa9\" \/>\n<meta name=\"twitter:label1\" content=\"Scritto da\" \/>\n\t<meta name=\"twitter:data1\" content=\"Redazione\" \/>\n\t<meta name=\"twitter:label2\" content=\"Tempo di lettura stimato\" \/>\n\t<meta name=\"twitter:data2\" content=\"8 minuti\" \/>\n<script type=\"application\/ld+json\" class=\"yoast-schema-graph\">{\"@context\":\"https:\\\/\\\/schema.org\",\"@graph\":[{\"@type\":\"Article\",\"@id\":\"https:\\\/\\\/www.rassegnastampa-totustuus.it\\\/cattolica\\\/pio-ix\\\/#article\",\"isPartOf\":{\"@id\":\"https:\\\/\\\/www.rassegnastampa-totustuus.it\\\/cattolica\\\/pio-ix\\\/\"},\"author\":{\"name\":\"Redazione\",\"@id\":\"https:\\\/\\\/www.rassegnastampa-totustuus.it\\\/cattolica\\\/#\\\/schema\\\/person\\\/08f319d2bd1a0904ad9e2bfb7b15e5c3\"},\"headline\":\"Pio IX\",\"datePublished\":\"2009-03-02T10:22:52+00:00\",\"dateModified\":\"2015-01-27T12:23:33+00:00\",\"mainEntityOfPage\":{\"@id\":\"https:\\\/\\\/www.rassegnastampa-totustuus.it\\\/cattolica\\\/pio-ix\\\/\"},\"wordCount\":1569,\"publisher\":{\"@id\":\"https:\\\/\\\/www.rassegnastampa-totustuus.it\\\/cattolica\\\/#organization\"},\"image\":{\"@id\":\"https:\\\/\\\/www.rassegnastampa-totustuus.it\\\/cattolica\\\/pio-ix\\\/#primaryimage\"},\"thumbnailUrl\":\"https:\\\/\\\/www.rassegnastampa-totustuus.it\\\/cattolica\\\/wp-content\\\/uploads\\\/2009\\\/03\\\/Pio-IX_2.jpg\",\"keywords\":[\"Pio IX\",\"storia della chiesa\"],\"articleSection\":[\"Chiesa\"],\"inLanguage\":\"it-IT\"},{\"@type\":\"WebPage\",\"@id\":\"https:\\\/\\\/www.rassegnastampa-totustuus.it\\\/cattolica\\\/pio-ix\\\/\",\"url\":\"https:\\\/\\\/www.rassegnastampa-totustuus.it\\\/cattolica\\\/pio-ix\\\/\",\"name\":\"Pio IX - Rassegna Stampa Cattolica\",\"isPartOf\":{\"@id\":\"https:\\\/\\\/www.rassegnastampa-totustuus.it\\\/cattolica\\\/#website\"},\"primaryImageOfPage\":{\"@id\":\"https:\\\/\\\/www.rassegnastampa-totustuus.it\\\/cattolica\\\/pio-ix\\\/#primaryimage\"},\"image\":{\"@id\":\"https:\\\/\\\/www.rassegnastampa-totustuus.it\\\/cattolica\\\/pio-ix\\\/#primaryimage\"},\"thumbnailUrl\":\"https:\\\/\\\/www.rassegnastampa-totustuus.it\\\/cattolica\\\/wp-content\\\/uploads\\\/2009\\\/03\\\/Pio-IX_2.jpg\",\"datePublished\":\"2009-03-02T10:22:52+00:00\",\"dateModified\":\"2015-01-27T12:23:33+00:00\",\"description\":\"Rassegna Stampa Cattolica - Per una cultura che nasce dalla Rivelazione cristiana in conformit\u00e0 alla tradizione e al Magistero della Chiesa in opposizione ad ogni relativismo e totalitarismo\",\"breadcrumb\":{\"@id\":\"https:\\\/\\\/www.rassegnastampa-totustuus.it\\\/cattolica\\\/pio-ix\\\/#breadcrumb\"},\"inLanguage\":\"it-IT\",\"potentialAction\":[{\"@type\":\"ReadAction\",\"target\":[\"https:\\\/\\\/www.rassegnastampa-totustuus.it\\\/cattolica\\\/pio-ix\\\/\"]}]},{\"@type\":\"ImageObject\",\"inLanguage\":\"it-IT\",\"@id\":\"https:\\\/\\\/www.rassegnastampa-totustuus.it\\\/cattolica\\\/pio-ix\\\/#primaryimage\",\"url\":\"https:\\\/\\\/www.rassegnastampa-totustuus.it\\\/cattolica\\\/wp-content\\\/uploads\\\/2009\\\/03\\\/Pio-IX_2.jpg\",\"contentUrl\":\"https:\\\/\\\/www.rassegnastampa-totustuus.it\\\/cattolica\\\/wp-content\\\/uploads\\\/2009\\\/03\\\/Pio-IX_2.jpg\",\"width\":259,\"height\":194},{\"@type\":\"BreadcrumbList\",\"@id\":\"https:\\\/\\\/www.rassegnastampa-totustuus.it\\\/cattolica\\\/pio-ix\\\/#breadcrumb\",\"itemListElement\":[{\"@type\":\"ListItem\",\"position\":1,\"name\":\"Home\",\"item\":\"https:\\\/\\\/www.rassegnastampa-totustuus.it\\\/cattolica\\\/\"},{\"@type\":\"ListItem\",\"position\":2,\"name\":\"Pio IX\"}]},{\"@type\":\"WebSite\",\"@id\":\"https:\\\/\\\/www.rassegnastampa-totustuus.it\\\/cattolica\\\/#website\",\"url\":\"https:\\\/\\\/www.rassegnastampa-totustuus.it\\\/cattolica\\\/\",\"name\":\"Rassegna Stampa Cattolica\",\"description\":\"Per una cultura che nasce dalla Rivelazione cristiana in conformit\u00e0 alla tradizione e al Magistero della Chiesa in opposizione ad ogni relativismo e totalitarismo\",\"publisher\":{\"@id\":\"https:\\\/\\\/www.rassegnastampa-totustuus.it\\\/cattolica\\\/#organization\"},\"alternateName\":\"Rass. Cattolica\",\"potentialAction\":[{\"@type\":\"SearchAction\",\"target\":{\"@type\":\"EntryPoint\",\"urlTemplate\":\"https:\\\/\\\/www.rassegnastampa-totustuus.it\\\/cattolica\\\/?s={search_term_string}\"},\"query-input\":{\"@type\":\"PropertyValueSpecification\",\"valueRequired\":true,\"valueName\":\"search_term_string\"}}],\"inLanguage\":\"it-IT\"},{\"@type\":\"Organization\",\"@id\":\"https:\\\/\\\/www.rassegnastampa-totustuus.it\\\/cattolica\\\/#organization\",\"name\":\"Rassegna Stampa Cattolica\",\"url\":\"https:\\\/\\\/www.rassegnastampa-totustuus.it\\\/cattolica\\\/\",\"logo\":{\"@type\":\"ImageObject\",\"inLanguage\":\"it-IT\",\"@id\":\"https:\\\/\\\/www.rassegnastampa-totustuus.it\\\/cattolica\\\/#\\\/schema\\\/logo\\\/image\\\/\",\"url\":\"https:\\\/\\\/www.rassegnastampa-totustuus.it\\\/cattolica\\\/wp-content\\\/uploads\\\/2014\\\/04\\\/logo-rassegna1.gif\",\"contentUrl\":\"https:\\\/\\\/www.rassegnastampa-totustuus.it\\\/cattolica\\\/wp-content\\\/uploads\\\/2014\\\/04\\\/logo-rassegna1.gif\",\"width\":600,\"height\":163,\"caption\":\"Rassegna Stampa Cattolica\"},\"image\":{\"@id\":\"https:\\\/\\\/www.rassegnastampa-totustuus.it\\\/cattolica\\\/#\\\/schema\\\/logo\\\/image\\\/\"},\"sameAs\":[\"https:\\\/\\\/www.facebook.com\\\/rassegnastampacattolica\",\"https:\\\/\\\/x.com\\\/rassegnastampa9\"]},{\"@type\":\"Person\",\"@id\":\"https:\\\/\\\/www.rassegnastampa-totustuus.it\\\/cattolica\\\/#\\\/schema\\\/person\\\/08f319d2bd1a0904ad9e2bfb7b15e5c3\",\"name\":\"Redazione\",\"image\":{\"@type\":\"ImageObject\",\"inLanguage\":\"it-IT\",\"@id\":\"https:\\\/\\\/secure.gravatar.com\\\/avatar\\\/2fcdf27c78ea025fbdb44e914cc63c72249ffec9dc8aafd5c82b26240ef3f346?s=96&d=mm&r=g\",\"url\":\"https:\\\/\\\/secure.gravatar.com\\\/avatar\\\/2fcdf27c78ea025fbdb44e914cc63c72249ffec9dc8aafd5c82b26240ef3f346?s=96&d=mm&r=g\",\"contentUrl\":\"https:\\\/\\\/secure.gravatar.com\\\/avatar\\\/2fcdf27c78ea025fbdb44e914cc63c72249ffec9dc8aafd5c82b26240ef3f346?s=96&d=mm&r=g\",\"caption\":\"Redazione\"},\"url\":\"https:\\\/\\\/www.rassegnastampa-totustuus.it\\\/cattolica\\\/author\\\/pietroelle\\\/\"}]}<\/script>\n<!-- \/ Yoast SEO plugin. -->","yoast_head_json":{"title":"Pio IX - Rassegna Stampa Cattolica","description":"Rassegna Stampa Cattolica - Per una cultura che nasce dalla Rivelazione cristiana in conformit\u00e0 alla tradizione e al Magistero della Chiesa in opposizione ad ogni relativismo e totalitarismo","robots":{"index":"index","follow":"follow","max-snippet":"max-snippet:-1","max-image-preview":"max-image-preview:large","max-video-preview":"max-video-preview:-1"},"canonical":"https:\/\/www.rassegnastampa-totustuus.it\/cattolica\/pio-ix\/","og_locale":"it_IT","og_type":"article","og_title":"Pio IX - Rassegna Stampa Cattolica","og_description":"Rassegna Stampa Cattolica - Per una cultura che nasce dalla Rivelazione cristiana in conformit\u00e0 alla tradizione e al Magistero della Chiesa in opposizione ad ogni relativismo e totalitarismo","og_url":"https:\/\/www.rassegnastampa-totustuus.it\/cattolica\/pio-ix\/","og_site_name":"Rassegna Stampa Cattolica","article_publisher":"https:\/\/www.facebook.com\/rassegnastampacattolica","article_published_time":"2009-03-02T10:22:52+00:00","article_modified_time":"2015-01-27T12:23:33+00:00","og_image":[{"width":259,"height":194,"url":"https:\/\/www.rassegnastampa-totustuus.it\/cattolica\/wp-content\/uploads\/2009\/03\/Pio-IX_2.jpg","type":"image\/jpeg"}],"author":"Redazione","twitter_card":"summary_large_image","twitter_creator":"@rassegnastampa9","twitter_site":"@rassegnastampa9","twitter_misc":{"Scritto da":"Redazione","Tempo di lettura stimato":"8 minuti"},"schema":{"@context":"https:\/\/schema.org","@graph":[{"@type":"Article","@id":"https:\/\/www.rassegnastampa-totustuus.it\/cattolica\/pio-ix\/#article","isPartOf":{"@id":"https:\/\/www.rassegnastampa-totustuus.it\/cattolica\/pio-ix\/"},"author":{"name":"Redazione","@id":"https:\/\/www.rassegnastampa-totustuus.it\/cattolica\/#\/schema\/person\/08f319d2bd1a0904ad9e2bfb7b15e5c3"},"headline":"Pio IX","datePublished":"2009-03-02T10:22:52+00:00","dateModified":"2015-01-27T12:23:33+00:00","mainEntityOfPage":{"@id":"https:\/\/www.rassegnastampa-totustuus.it\/cattolica\/pio-ix\/"},"wordCount":1569,"publisher":{"@id":"https:\/\/www.rassegnastampa-totustuus.it\/cattolica\/#organization"},"image":{"@id":"https:\/\/www.rassegnastampa-totustuus.it\/cattolica\/pio-ix\/#primaryimage"},"thumbnailUrl":"https:\/\/www.rassegnastampa-totustuus.it\/cattolica\/wp-content\/uploads\/2009\/03\/Pio-IX_2.jpg","keywords":["Pio IX","storia della chiesa"],"articleSection":["Chiesa"],"inLanguage":"it-IT"},{"@type":"WebPage","@id":"https:\/\/www.rassegnastampa-totustuus.it\/cattolica\/pio-ix\/","url":"https:\/\/www.rassegnastampa-totustuus.it\/cattolica\/pio-ix\/","name":"Pio IX - Rassegna Stampa Cattolica","isPartOf":{"@id":"https:\/\/www.rassegnastampa-totustuus.it\/cattolica\/#website"},"primaryImageOfPage":{"@id":"https:\/\/www.rassegnastampa-totustuus.it\/cattolica\/pio-ix\/#primaryimage"},"image":{"@id":"https:\/\/www.rassegnastampa-totustuus.it\/cattolica\/pio-ix\/#primaryimage"},"thumbnailUrl":"https:\/\/www.rassegnastampa-totustuus.it\/cattolica\/wp-content\/uploads\/2009\/03\/Pio-IX_2.jpg","datePublished":"2009-03-02T10:22:52+00:00","dateModified":"2015-01-27T12:23:33+00:00","description":"Rassegna Stampa Cattolica - Per una cultura che nasce dalla Rivelazione cristiana in conformit\u00e0 alla tradizione e al Magistero della Chiesa in opposizione ad ogni relativismo e totalitarismo","breadcrumb":{"@id":"https:\/\/www.rassegnastampa-totustuus.it\/cattolica\/pio-ix\/#breadcrumb"},"inLanguage":"it-IT","potentialAction":[{"@type":"ReadAction","target":["https:\/\/www.rassegnastampa-totustuus.it\/cattolica\/pio-ix\/"]}]},{"@type":"ImageObject","inLanguage":"it-IT","@id":"https:\/\/www.rassegnastampa-totustuus.it\/cattolica\/pio-ix\/#primaryimage","url":"https:\/\/www.rassegnastampa-totustuus.it\/cattolica\/wp-content\/uploads\/2009\/03\/Pio-IX_2.jpg","contentUrl":"https:\/\/www.rassegnastampa-totustuus.it\/cattolica\/wp-content\/uploads\/2009\/03\/Pio-IX_2.jpg","width":259,"height":194},{"@type":"BreadcrumbList","@id":"https:\/\/www.rassegnastampa-totustuus.it\/cattolica\/pio-ix\/#breadcrumb","itemListElement":[{"@type":"ListItem","position":1,"name":"Home","item":"https:\/\/www.rassegnastampa-totustuus.it\/cattolica\/"},{"@type":"ListItem","position":2,"name":"Pio IX"}]},{"@type":"WebSite","@id":"https:\/\/www.rassegnastampa-totustuus.it\/cattolica\/#website","url":"https:\/\/www.rassegnastampa-totustuus.it\/cattolica\/","name":"Rassegna Stampa Cattolica","description":"Per una cultura che nasce dalla Rivelazione cristiana in conformit\u00e0 alla tradizione e al Magistero della Chiesa in opposizione ad ogni relativismo e totalitarismo","publisher":{"@id":"https:\/\/www.rassegnastampa-totustuus.it\/cattolica\/#organization"},"alternateName":"Rass. Cattolica","potentialAction":[{"@type":"SearchAction","target":{"@type":"EntryPoint","urlTemplate":"https:\/\/www.rassegnastampa-totustuus.it\/cattolica\/?s={search_term_string}"},"query-input":{"@type":"PropertyValueSpecification","valueRequired":true,"valueName":"search_term_string"}}],"inLanguage":"it-IT"},{"@type":"Organization","@id":"https:\/\/www.rassegnastampa-totustuus.it\/cattolica\/#organization","name":"Rassegna Stampa Cattolica","url":"https:\/\/www.rassegnastampa-totustuus.it\/cattolica\/","logo":{"@type":"ImageObject","inLanguage":"it-IT","@id":"https:\/\/www.rassegnastampa-totustuus.it\/cattolica\/#\/schema\/logo\/image\/","url":"https:\/\/www.rassegnastampa-totustuus.it\/cattolica\/wp-content\/uploads\/2014\/04\/logo-rassegna1.gif","contentUrl":"https:\/\/www.rassegnastampa-totustuus.it\/cattolica\/wp-content\/uploads\/2014\/04\/logo-rassegna1.gif","width":600,"height":163,"caption":"Rassegna Stampa Cattolica"},"image":{"@id":"https:\/\/www.rassegnastampa-totustuus.it\/cattolica\/#\/schema\/logo\/image\/"},"sameAs":["https:\/\/www.facebook.com\/rassegnastampacattolica","https:\/\/x.com\/rassegnastampa9"]},{"@type":"Person","@id":"https:\/\/www.rassegnastampa-totustuus.it\/cattolica\/#\/schema\/person\/08f319d2bd1a0904ad9e2bfb7b15e5c3","name":"Redazione","image":{"@type":"ImageObject","inLanguage":"it-IT","@id":"https:\/\/secure.gravatar.com\/avatar\/2fcdf27c78ea025fbdb44e914cc63c72249ffec9dc8aafd5c82b26240ef3f346?s=96&d=mm&r=g","url":"https:\/\/secure.gravatar.com\/avatar\/2fcdf27c78ea025fbdb44e914cc63c72249ffec9dc8aafd5c82b26240ef3f346?s=96&d=mm&r=g","contentUrl":"https:\/\/secure.gravatar.com\/avatar\/2fcdf27c78ea025fbdb44e914cc63c72249ffec9dc8aafd5c82b26240ef3f346?s=96&d=mm&r=g","caption":"Redazione"},"url":"https:\/\/www.rassegnastampa-totustuus.it\/cattolica\/author\/pietroelle\/"}]}},"_links":{"self":[{"href":"https:\/\/www.rassegnastampa-totustuus.it\/cattolica\/wp-json\/wp\/v2\/posts\/2690","targetHints":{"allow":["GET"]}}],"collection":[{"href":"https:\/\/www.rassegnastampa-totustuus.it\/cattolica\/wp-json\/wp\/v2\/posts"}],"about":[{"href":"https:\/\/www.rassegnastampa-totustuus.it\/cattolica\/wp-json\/wp\/v2\/types\/post"}],"author":[{"embeddable":true,"href":"https:\/\/www.rassegnastampa-totustuus.it\/cattolica\/wp-json\/wp\/v2\/users\/6"}],"replies":[{"embeddable":true,"href":"https:\/\/www.rassegnastampa-totustuus.it\/cattolica\/wp-json\/wp\/v2\/comments?post=2690"}],"version-history":[{"count":2,"href":"https:\/\/www.rassegnastampa-totustuus.it\/cattolica\/wp-json\/wp\/v2\/posts\/2690\/revisions"}],"predecessor-version":[{"id":17827,"href":"https:\/\/www.rassegnastampa-totustuus.it\/cattolica\/wp-json\/wp\/v2\/posts\/2690\/revisions\/17827"}],"wp:featuredmedia":[{"embeddable":true,"href":"https:\/\/www.rassegnastampa-totustuus.it\/cattolica\/wp-json\/wp\/v2\/media\/17826"}],"wp:attachment":[{"href":"https:\/\/www.rassegnastampa-totustuus.it\/cattolica\/wp-json\/wp\/v2\/media?parent=2690"}],"wp:term":[{"taxonomy":"category","embeddable":true,"href":"https:\/\/www.rassegnastampa-totustuus.it\/cattolica\/wp-json\/wp\/v2\/categories?post=2690"},{"taxonomy":"post_tag","embeddable":true,"href":"https:\/\/www.rassegnastampa-totustuus.it\/cattolica\/wp-json\/wp\/v2\/tags?post=2690"}],"curies":[{"name":"wp","href":"https:\/\/api.w.org\/{rel}","templated":true}]}}