{"id":2685,"date":"2009-03-02T10:45:04","date_gmt":"2009-03-02T09:45:04","guid":{"rendered":""},"modified":"2015-01-27T14:16:23","modified_gmt":"2015-01-27T13:16:23","slug":"cecoslovacchia-1948-i-comunisti-al-potere","status":"publish","type":"post","link":"https:\/\/www.rassegnastampa-totustuus.it\/cattolica\/cecoslovacchia-1948-i-comunisti-al-potere\/","title":{"rendered":"Cecoslovacchia 1948 i comunisti al potere"},"content":{"rendered":"<div style=\"text-align: center;\"><strong><a href=\"https:\/\/www.rassegnastampa-totustuus.it\/cattolica\/wp-content\/uploads\/2009\/03\/slovacchia_48.jpg\"><img loading=\"lazy\" decoding=\"async\" class=\"alignleft wp-image-17845\" src=\"https:\/\/www.rassegnastampa-totustuus.it\/cattolica\/wp-content\/uploads\/2009\/03\/slovacchia_48.jpg\" alt=\"slovacchia_48\" width=\"250\" height=\"166\" \/><\/a>Il Timone<\/strong> n.71 marzo 2008<\/div>\n<p style=\"text-align: justify;\"><em>Sessant\u2019anni fa i colpi di Stato comunisti nei Paesi dell\u2019Europa orientale. Il caso cecoslovacco. Una storia poco raccontata e meno ancora compresa<\/em><\/p>\n<p style=\"text-align: center;\">di <strong>Angelo Bonaguro<\/strong><\/p>\n<p><!--more--><\/p>\n<div style=\"text-align: justify;\">Nel 1945 in Cecoslovacchia arriv\u00f2 la liberazione, ma non la libert\u00e0 &#8211; scriveva il teologo ceco Josef Zverina (1913-1990) -. Il trionfalismo del Partito comunista (PC) fu mostruoso e sfacciato\u00bb. I comunisti, non essendo mai stati al governo prima della guerra, si presentarono all&#8217;opinione pubblica come i &#8220;puri&#8221; che non avevano alcuna responsabilit\u00e0 per i patti di Monaco del 1938 (cui era seguita l&#8217;occupazione nazista del Paese), e si misero al fianco dell&#8217;Armata Rossa che aveva liberato parte del paese.<\/div>\n<p style=\"text-align: justify;\">Alle prime elezioni libere (1946) il PC prese molti voti e nel governo ebbe le funzioni del premier (Klement Gottwald, 1896-1953) e di altri ministeri importanti. Il 25 febbraio 1948 ci fu il colpo di Stato con cui la leadership comunista costrinse il presidente Edvard Benes (1884-1948) a nominare un nuovo governo che spos\u00f2 la linea filosovietica del premier Gottwald.<\/p>\n<p style=\"text-align: justify;\">Ricorda l&#8217;ex-presidente Havel: \u00abII febbraio 1948 gett\u00f2 il paese nella sciagura. Il putsch comunista priv\u00f2 i cittadini delle libert\u00e0, fu causa di innumerevoli disgrazie e di tragedie personali, per un&#8217;intera epoca signific\u00f2 la fine della speranza nello sviluppo democratico della repubblica, fu l&#8217;inizio della rovina generale e della devastazione economica del nostro Stato\u00bb.<\/p>\n<p style=\"text-align: justify;\">II Paese entr\u00f2 cos\u00ec nell&#8217;orbita sovietica. Vennero istituiti i campi di lavoro coatto, fu approvato il primo Piano quinquennale che prevedeva l&#8217;economia pianificata, la statalizzazione delle industrie, lo sviluppo dell&#8217;industria pesante e la collettivizzazione dell&#8217;agricoltura. In ambito religioso, lo Stato cerc\u00f2 di sottomettere la Chiesa e di scalzarla dalla vita pubblica, di creare spaccature al suo interno istituendo associazioni filogovernative nella speranza di arrivare al distacco dal &#8220;nemico&#8221; vaticano.<\/p>\n<p style=\"text-align: justify;\">Nell&#8217;ottobre 1949 fu istituito l&#8217;Ufficio per gli affari religiosi per controllare l&#8217;attivit\u00e0 delle Chiese, e fu stabilito il sussidio statale per i sacerdoti che in questo modo diventavano &#8220;dipendenti&#8221; che necessitavano del permesso per officiare. Nei mesi successivi si ebbe una recrudescenza antireligiosa che port\u00f2 (azioni &#8220;K&#8221; e &#8220;P&#8221;, aprile 1950) alla chiusura di tutti i conventi, all&#8217;abolizione degli ordini religiosi, alla liquidazione della Chiesa greco-cattolica, e culmin\u00f2 con la serie di processi-farsa contro semplici fedeli ed autorit\u00e0 ecclesiastiche, condannati a pene esemplari.<\/p>\n<p style=\"text-align: justify;\">I beni immobili della Chiesa furono espropriati, e solo oggi, dopo 50 anni, si sta arrivando a un accordo sulla loro restituzione. Fu internato l&#8217;arcivescovo di Praga, l\u2019 \u201cintransigente&#8221; Josef Beran (1888-1969). Ricorda Havel: \u00abNegli anni &#8217;50 nel nostro paese c&#8217;erano enormi campi di concentramento in cui si trovavano decine di migliaia di uomini innocenti. I cantieri per\u00f2 pullulavano di decine di migliaia di giovani entusiasti della nuova fede, che cantavano inni al lavoro. Si torturava e si giustiziava, si fuggiva avventurosamente all&#8217;estero, si cospirava, e contemporaneamente si scrivevano poesie celebrative al dittatore\u00bb.<\/p>\n<p style=\"text-align: justify;\">Dalla seconda met\u00e0 degli anni &#8217;50 il regime, guidato da Antonin Novotny (1904-1975), allent\u00f2 la pressione grazie alla mutata situazione internazionale [nel 1953 vi fu la morte di Stalin, e nel 1956, al XX Congresso del PC sovietico, il segretario Nikita Chruscev (1894-1971) avvi\u00f2 la &#8220;destalinizzazione&#8221;] e a una relativa stabilit\u00e0 economico-politica, pur pagata a caro prezzo. Gli avversari politici erano stati eliminati o messi a tacere, una nuova generazione si andava adeguando ai ritmi del socialismo, e nel mondo della cultura emergevano le prime spinte non conformiste.<\/p>\n<p style=\"text-align: justify;\">Sul piano dei rapporti Stato-Chiesa, il fatto principale fu l&#8217;esilio forzato a Roma dell&#8217;arcivescovo Beran, mentre le autorit\u00e0 accettarono la nomina di Frantisek Tom\u00e0sek (1899-1992) ad amministratore apostolico di Praga, senza sospettare i guai che avrebbe provocato loro questo &#8220;contadino moravo paracadutato in una regione sconosciuta&#8221;.<\/p>\n<p style=\"text-align: justify;\">Verso gli anni &#8217;70 il regime comunista piano piano si indebol\u00ec: oltre agli insuccessi economici, emerse il problema della Slovacchia, stanca di sottostare alle politiche centralistiche di Praga. L&#8217;atteggiamento provocatorio di Novotny, che nell&#8217;estate del 1967 defin\u00ec gli slovacchi &#8220;nazionalisti e separatisti&#8221;, cre\u00f2 al plenum di ottobre una situazione di conflittualit\u00e0 tra l&#8217;ala conservatrice (Novotny) e i &#8220;riformisti&#8221; del primo segretario slovacco Alexander Dubcek (1921-1992). Nemmeno la visita del segretario del partito comunista sovietico Leonid Ilic Breznev (1906-1982) sblocc\u00f2 la situazione: il 5 gennaio 1968 Dubcek sostitu\u00ec Novotny alla carica di primo segretario. Iniziava la &#8220;Primavera di Praga&#8221;, l&#8217;utopia del &#8220;socialismo dal volto umano&#8221;, con i suoi timidi spazi di libert\u00e0.<\/p>\n<p style=\"text-align: justify;\">Ricorda Havel: \u00abII carattere utopico di questo tentativo non stava tanto nella fiducia che si potesse costruire una situazione democratica sotto il potere moscovita, quanto piuttosto nella fiducia che il Cremlino avrebbe compreso e approvato. Agli inviti alla ragione si reag\u00ec con l&#8217;invio dei carri armati&#8230; L&#8217;intero movimento sociale, il cui culmine fu il 1968, non arriv\u00f2 che alla riforma, alla differenziazione o al ricambio di strutture solo subalterne dal punto di vista del potere reale, e non tocc\u00f2 il nocciolo della struttura di potere del sistema post-totalitario, cio\u00e8 il suo modello politico in quanto tale, i principi fondamentali dell&#8217;ordinamento sociale globale e neppure il modello economico plasmato su di essi\u00bb.<\/p>\n<p style=\"text-align: justify;\">Anche la Chiesa benefici\u00f2 degli spiragli di libert\u00e0: il Movimento dei preti per la pace (creato dal regime) fu sostituito dall&#8217;opera di rinnovamento conciliare, si emend\u00f2 la legislazione in materia religiosa, la stampa religiosa rifior\u00ec. Ma il risveglio della societ\u00e0 |ebbe di nuovo fine con l&#8217;invasione delle truppe del Patto di Varsavia, il 21 agosto 1968. Gustav Husak (1913-1991), gi\u00e0 primo segretario del PC slovacco, dopo pochi mesi scalz\u00f2 Dubcek, messo a riposo, e avvi\u00f2 il processo di &#8220;normalizzazione&#8221; imposto da Mosca. Cominci\u00f2 \u00abl&#8217;epoca di una rassegnata apatia e di una estesa demoralizzazione, l&#8217;epoca di una grigia quotidianit\u00e0 totalitario-consumistica.<\/p>\n<p style=\"text-align: justify;\">La societ\u00e0 era atomizzata, i piccoli centri focali di resistenza vennero annientati, la comunit\u00e0 ingannata e stanca faceva finta di non saper niente di essi, il pensiero indipendente e la creazione si rifugiarono nelle trincee della parte pi\u00f9 intima della vita privata\u00bb (Havel). Il sacrificio di Jan Palach (1948-1969), la repressione dell&#8217;agosto 1969, quando ad intervenire a Praga contro i manifestanti non furono pi\u00f9 le truppe straniere ma la polizia cecoslovacca, gettarono la societ\u00e0 nello sconforto generale e spazzarono via la fiducia nella riformabilit\u00e0 del socialismo.<\/p>\n<p style=\"text-align: justify;\">Da parte sua la Chiesa \u00absi trasform\u00f2 in Chiesa della compassione: compassione per i delusi, per chi cerca, per chi lotta. Alla calda estate subentr\u00f2 un freddo autunno e poi il lungo inverno della normalizzazione\u00bb (Zverina). Nei primi anni &#8217;70 le iniziative isolate di alcuni coraggiosi non impensierirono il regime, che nel &#8217;75 sottoscrisse sfacciatamente gli accordi di Helsinki sui diritti umani! Esistevano per\u00f2 circoli di economisti, sociologi, storici, di varie tendenze, che iniziarono a diffondere il loro pensiero alternativo nell&#8217;editoria clandestina. Un ruolo importante in questa &#8220;societ\u00e0 parallela&#8221; era svolto dal mondo della musica: fu proprio il processo contro il gruppo rock dei Plastic People (settembre 1976) a far scoccare la scintilla.<\/p>\n<p style=\"text-align: justify;\">Cos\u00ec lo ricorda Havel: \u00abEra un attacco del sistema totalitario contro la vita stessa, contro la stessa libert\u00e0 e integrit\u00e0 dell&#8217;uomo&#8230; Involontariamente il potere svelava le sue intenzioni pi\u00f9 recondite: appiattire totalmente la vita, eliminando tutto ci\u00f2 che \u00e8 minimamente diverso, autonomo, originale, indipendenti e non inquadrabile&#8230; Il pubblico raccolto in tribunale era una prefigurazione di Charta 77\u00bb. Cos\u00ec il 6 gennaio 1977 fu diffuso in modo rocambolesci il documento n. 1 di &#8220;Charta 77&#8221;, \u00abcomunit\u00e0 libera informale ed aperta uomini di diverse convinzioni, diverse religioni e diverse professioni, legati dalla volont\u00e0 di operare individualmente e insieme per il rispetto dei diritti umani\u00bb.<\/p>\n<p style=\"text-align: justify;\">Ricorda lo storico V. Vasko: \u00abLa grandezza di Charta 77 sta nell&#8217;aver permesso a centinaia di persone di trovare il coraggio di ergersi in di fesa dei diritti umani. Anche in questo la missione della Charta \u00e8 in sintonia con gli insegnamenti della Chiesa, perch\u00e9 la carit\u00e0 e la responsabilit\u00e0 verso se stessi e verso il prossimo si realizzano in un tempo e in uno spazio concreti\u00bb.<\/p>\n<p style=\"text-align: justify;\">L&#8217;elezione a Papa di Giovanni Paolo II nel 1978 contribu\u00ec a rinvigorire anche la Chiesa locale. Scrive J. Stribrny, vicepresidente dell&#8217;Accademia cristiana ceca: \u00abSi giunse a una differenziazione all&#8217;interno della Chiesa ufficiale, dove singoli sacerdoti, sostenuti dall&#8217;atteggiamento sempre pi\u00f9 risoluto del cardinal Tomasek, iniziarono a comportarsi con maggior coraggio, mentre il clero collaborazionista si ritrov\u00f2 sempre pi\u00f9 isolato. Dalla fine degli anni &#8217;70 la Chiesa non ufficiale moltiplic\u00f2 decisamente \u00e0mbiti e forme della propria attivit\u00e0, ampliando man mano la portata della sua azione\u00bb.<\/p>\n<p style=\"text-align: justify;\">Inizi\u00f2 in questo modo un&#8217;avventura che coinvolse il dissenso cecoslovacco &#8211; laico e religioso &#8211; fino alla Rivoluzione di velluto del novembre 1989, quando a scendere in piazza pacificamente contro il regime comunista fu tutto il paese. \u00abCos\u00ec l&#8217;eternit\u00e0 &#8211; comment\u00f2 padre Zverina &#8211; con dolce violenza e tenera forza irrompe nei continui cambiamenti delle circostanze, toccando le nostre anime di credenti e non credenti\u00bb.<\/p>\n<p style=\"text-align: justify;\"><strong>ALCUNI DATI<\/strong><\/p>\n<p style=\"text-align: justify;\"><strong>Vittime del comunismo dal 1948 al 1989 (su circa 13 milioni di ab.)<\/strong><\/p>\n<p style=\"text-align: justify;\">205.486 condanne;<\/p>\n<p style=\"text-align: justify;\">248 condannati a morte (il pi\u00f9 anziano, J. Dvorak, di 73 anni; il pi\u00f9 giovaneV. Tipel di 20 anni);<\/p>\n<p style=\"text-align: justify;\">4.500 morti in carcere;<\/p>\n<p style=\"text-align: justify;\">282 morti nel tentativo di oltrepassare i confini;<\/p>\n<p style=\"text-align: justify;\">170.938 emigrati politici.<\/p>\n<p style=\"text-align: justify;\">Campi di lavoro coatto 1948-1954 45 campi attivi<\/p>\n<p>21.440 cittadini costretti ai lavori forzati (fonte: Ministero degli interni Rep. Ceca)<\/p>\n<div align=\"center\">\n<p>&nbsp;<\/p>\n<p><strong>Jan Palach<\/strong><\/p>\n<p style=\"text-align: justify;\">II 16 gennaio 1969 in piazza San Venceslao, a Praga, Jan Palach, studente alla facolt\u00e0 di giurisprudenza, dopo essersi cosparso di combustibile, si da fuoco e dopo tre giorni muore. I funerali si trasformano in un silenzioso gesto di protesta popolare. \u00abLa tragica morte di Palach fu un gesto di sacrificio volontario&#8230; Non si tolse la vita per non vivere pi\u00f9, ma perch\u00e9 vivessero gli altri&#8230; Il sacrificio del &#8217;69 fu l&#8217;inizio&#8230; Il sangue innocente, la sofferenza dei senza potere hanno portato alla vittoria\u00bb (Zverina). Il suo gesto sar\u00e0 ripetuto da Jan Zajic il 25 febbraio e il 9 aprile da Evzen Plocek. \u00abOgnuno capiva benissimo la disperata necessit\u00e0 di fare qualcosa di disperatamente estremo, quando tutto era inutile, ognuno aveva in s\u00e9 un pezzetto di quella necessit\u00e0\u00bb (V\u00e0clav Havel).<\/p>\n<p style=\"text-align: justify;\"><strong>Bibliografia<\/strong><\/p>\n<p style=\"text-align: justify;\"><strong>Josef Zverina<\/strong>, <em>La gioia di essere Chiesa<\/em>, Cseo, 1990.<\/p>\n<p style=\"text-align: justify;\"><strong>V\u00e0clav Havel<\/strong>, <em>Un uomo al Castello<\/em>, Santi Quaranta, 2007.<\/p>\n<\/div>\n<p><strong>V\u00e0clav Havel<\/strong>, <em>II potere dei senza potere<\/em>, Garzanti, 1991.<\/p>\n<p><strong>A. Bonaguro<\/strong>, <em>Charta 77.30 anni dopo<\/em>, in <em>La Nuova\u00a0 Europa<\/em>, n. 3\/2007.<\/p>\n<p><strong>V\u00e0clav Vasko<\/strong>, <em>Dum na skale<\/em>, I.-II., Kostelni Vydri 2004-2007. <em>Sccuritas Imperii<\/em>, n. 11, Praga 2005.<\/p>\n","protected":false},"excerpt":{"rendered":"<p>Il Timone n.71 marzo 2008 Sessant\u2019anni fa i colpi di Stato comunisti nei Paesi dell\u2019Europa orientale. Il caso cecoslovacco. Una storia poco raccontata e meno ancora compresa di Angelo Bonaguro<\/p><p><a class=\"more-link btn\" href=\"https:\/\/www.rassegnastampa-totustuus.it\/cattolica\/cecoslovacchia-1948-i-comunisti-al-potere\/\">Continua a leggere<\/a><\/p>\n","protected":false},"author":6,"featured_media":17845,"comment_status":"closed","ping_status":"open","sticky":false,"template":"","format":"standard","meta":{"footnotes":""},"categories":[32,108,24],"tags":[1513],"class_list":["post-2685","post","type-post","status-publish","format-standard","has-post-thumbnail","hentry","category-filosofia-del-comunismo","category-paesi-e-continenti","category-storia","tag-cecoslovacchia","item-wrap"],"yoast_head":"<!-- This site is optimized with the Yoast SEO plugin v27.5 - https:\/\/yoast.com\/product\/yoast-seo-wordpress\/ -->\n<title>Cecoslovacchia 1948 i comunisti al potere - Rassegna Stampa Cattolica<\/title>\n<meta name=\"description\" content=\"Rassegna Stampa Cattolica - Per una cultura che nasce dalla Rivelazione cristiana in conformit\u00e0 alla tradizione e al Magistero della Chiesa in opposizione ad ogni relativismo e totalitarismo\" \/>\n<meta name=\"robots\" content=\"index, follow, max-snippet:-1, max-image-preview:large, max-video-preview:-1\" \/>\n<link rel=\"canonical\" href=\"https:\/\/www.rassegnastampa-totustuus.it\/cattolica\/cecoslovacchia-1948-i-comunisti-al-potere\/\" \/>\n<meta property=\"og:locale\" content=\"it_IT\" \/>\n<meta property=\"og:type\" content=\"article\" \/>\n<meta property=\"og:title\" content=\"Cecoslovacchia 1948 i comunisti al potere - Rassegna Stampa Cattolica\" \/>\n<meta property=\"og:description\" content=\"Rassegna Stampa Cattolica - Per una cultura che nasce dalla Rivelazione cristiana in conformit\u00e0 alla tradizione e al Magistero della Chiesa in opposizione ad ogni relativismo e totalitarismo\" \/>\n<meta property=\"og:url\" content=\"https:\/\/www.rassegnastampa-totustuus.it\/cattolica\/cecoslovacchia-1948-i-comunisti-al-potere\/\" \/>\n<meta property=\"og:site_name\" content=\"Rassegna Stampa Cattolica\" \/>\n<meta property=\"article:publisher\" content=\"https:\/\/www.facebook.com\/rassegnastampacattolica\" \/>\n<meta property=\"article:published_time\" content=\"2009-03-02T09:45:04+00:00\" \/>\n<meta property=\"article:modified_time\" content=\"2015-01-27T13:16:23+00:00\" \/>\n<meta property=\"og:image\" content=\"https:\/\/www.rassegnastampa-totustuus.it\/cattolica\/wp-content\/uploads\/2009\/03\/slovacchia_48.jpg\" \/>\n\t<meta property=\"og:image:width\" content=\"275\" \/>\n\t<meta property=\"og:image:height\" content=\"183\" \/>\n\t<meta property=\"og:image:type\" content=\"image\/jpeg\" \/>\n<meta name=\"author\" content=\"Redazione\" \/>\n<meta name=\"twitter:card\" content=\"summary_large_image\" \/>\n<meta name=\"twitter:creator\" content=\"@rassegnastampa9\" \/>\n<meta name=\"twitter:site\" content=\"@rassegnastampa9\" \/>\n<meta name=\"twitter:label1\" content=\"Scritto da\" \/>\n\t<meta name=\"twitter:data1\" content=\"Redazione\" \/>\n\t<meta name=\"twitter:label2\" content=\"Tempo di lettura stimato\" \/>\n\t<meta name=\"twitter:data2\" content=\"8 minuti\" \/>\n<script type=\"application\/ld+json\" class=\"yoast-schema-graph\">{\"@context\":\"https:\\\/\\\/schema.org\",\"@graph\":[{\"@type\":\"Article\",\"@id\":\"https:\\\/\\\/www.rassegnastampa-totustuus.it\\\/cattolica\\\/cecoslovacchia-1948-i-comunisti-al-potere\\\/#article\",\"isPartOf\":{\"@id\":\"https:\\\/\\\/www.rassegnastampa-totustuus.it\\\/cattolica\\\/cecoslovacchia-1948-i-comunisti-al-potere\\\/\"},\"author\":{\"name\":\"Redazione\",\"@id\":\"https:\\\/\\\/www.rassegnastampa-totustuus.it\\\/cattolica\\\/#\\\/schema\\\/person\\\/08f319d2bd1a0904ad9e2bfb7b15e5c3\"},\"headline\":\"Cecoslovacchia 1948 i comunisti al potere\",\"datePublished\":\"2009-03-02T09:45:04+00:00\",\"dateModified\":\"2015-01-27T13:16:23+00:00\",\"mainEntityOfPage\":{\"@id\":\"https:\\\/\\\/www.rassegnastampa-totustuus.it\\\/cattolica\\\/cecoslovacchia-1948-i-comunisti-al-potere\\\/\"},\"wordCount\":1693,\"publisher\":{\"@id\":\"https:\\\/\\\/www.rassegnastampa-totustuus.it\\\/cattolica\\\/#organization\"},\"image\":{\"@id\":\"https:\\\/\\\/www.rassegnastampa-totustuus.it\\\/cattolica\\\/cecoslovacchia-1948-i-comunisti-al-potere\\\/#primaryimage\"},\"thumbnailUrl\":\"https:\\\/\\\/www.rassegnastampa-totustuus.it\\\/cattolica\\\/wp-content\\\/uploads\\\/2009\\\/03\\\/slovacchia_48.jpg\",\"keywords\":[\"Cecoslovacchia\"],\"articleSection\":[\"Comunismo\",\"Paesi e continenti\",\"Storia\"],\"inLanguage\":\"it-IT\"},{\"@type\":\"WebPage\",\"@id\":\"https:\\\/\\\/www.rassegnastampa-totustuus.it\\\/cattolica\\\/cecoslovacchia-1948-i-comunisti-al-potere\\\/\",\"url\":\"https:\\\/\\\/www.rassegnastampa-totustuus.it\\\/cattolica\\\/cecoslovacchia-1948-i-comunisti-al-potere\\\/\",\"name\":\"Cecoslovacchia 1948 i comunisti al potere - Rassegna Stampa Cattolica\",\"isPartOf\":{\"@id\":\"https:\\\/\\\/www.rassegnastampa-totustuus.it\\\/cattolica\\\/#website\"},\"primaryImageOfPage\":{\"@id\":\"https:\\\/\\\/www.rassegnastampa-totustuus.it\\\/cattolica\\\/cecoslovacchia-1948-i-comunisti-al-potere\\\/#primaryimage\"},\"image\":{\"@id\":\"https:\\\/\\\/www.rassegnastampa-totustuus.it\\\/cattolica\\\/cecoslovacchia-1948-i-comunisti-al-potere\\\/#primaryimage\"},\"thumbnailUrl\":\"https:\\\/\\\/www.rassegnastampa-totustuus.it\\\/cattolica\\\/wp-content\\\/uploads\\\/2009\\\/03\\\/slovacchia_48.jpg\",\"datePublished\":\"2009-03-02T09:45:04+00:00\",\"dateModified\":\"2015-01-27T13:16:23+00:00\",\"description\":\"Rassegna Stampa Cattolica - Per una cultura che nasce dalla Rivelazione cristiana in conformit\u00e0 alla tradizione e al Magistero della Chiesa in opposizione ad ogni relativismo e totalitarismo\",\"breadcrumb\":{\"@id\":\"https:\\\/\\\/www.rassegnastampa-totustuus.it\\\/cattolica\\\/cecoslovacchia-1948-i-comunisti-al-potere\\\/#breadcrumb\"},\"inLanguage\":\"it-IT\",\"potentialAction\":[{\"@type\":\"ReadAction\",\"target\":[\"https:\\\/\\\/www.rassegnastampa-totustuus.it\\\/cattolica\\\/cecoslovacchia-1948-i-comunisti-al-potere\\\/\"]}]},{\"@type\":\"ImageObject\",\"inLanguage\":\"it-IT\",\"@id\":\"https:\\\/\\\/www.rassegnastampa-totustuus.it\\\/cattolica\\\/cecoslovacchia-1948-i-comunisti-al-potere\\\/#primaryimage\",\"url\":\"https:\\\/\\\/www.rassegnastampa-totustuus.it\\\/cattolica\\\/wp-content\\\/uploads\\\/2009\\\/03\\\/slovacchia_48.jpg\",\"contentUrl\":\"https:\\\/\\\/www.rassegnastampa-totustuus.it\\\/cattolica\\\/wp-content\\\/uploads\\\/2009\\\/03\\\/slovacchia_48.jpg\",\"width\":275,\"height\":183},{\"@type\":\"BreadcrumbList\",\"@id\":\"https:\\\/\\\/www.rassegnastampa-totustuus.it\\\/cattolica\\\/cecoslovacchia-1948-i-comunisti-al-potere\\\/#breadcrumb\",\"itemListElement\":[{\"@type\":\"ListItem\",\"position\":1,\"name\":\"Home\",\"item\":\"https:\\\/\\\/www.rassegnastampa-totustuus.it\\\/cattolica\\\/\"},{\"@type\":\"ListItem\",\"position\":2,\"name\":\"Cecoslovacchia 1948 i comunisti al potere\"}]},{\"@type\":\"WebSite\",\"@id\":\"https:\\\/\\\/www.rassegnastampa-totustuus.it\\\/cattolica\\\/#website\",\"url\":\"https:\\\/\\\/www.rassegnastampa-totustuus.it\\\/cattolica\\\/\",\"name\":\"Rassegna Stampa Cattolica\",\"description\":\"Per una cultura che nasce dalla Rivelazione cristiana in conformit\u00e0 alla tradizione e al Magistero della Chiesa in opposizione ad ogni relativismo e totalitarismo\",\"publisher\":{\"@id\":\"https:\\\/\\\/www.rassegnastampa-totustuus.it\\\/cattolica\\\/#organization\"},\"alternateName\":\"Rass. Cattolica\",\"potentialAction\":[{\"@type\":\"SearchAction\",\"target\":{\"@type\":\"EntryPoint\",\"urlTemplate\":\"https:\\\/\\\/www.rassegnastampa-totustuus.it\\\/cattolica\\\/?s={search_term_string}\"},\"query-input\":{\"@type\":\"PropertyValueSpecification\",\"valueRequired\":true,\"valueName\":\"search_term_string\"}}],\"inLanguage\":\"it-IT\"},{\"@type\":\"Organization\",\"@id\":\"https:\\\/\\\/www.rassegnastampa-totustuus.it\\\/cattolica\\\/#organization\",\"name\":\"Rassegna Stampa Cattolica\",\"url\":\"https:\\\/\\\/www.rassegnastampa-totustuus.it\\\/cattolica\\\/\",\"logo\":{\"@type\":\"ImageObject\",\"inLanguage\":\"it-IT\",\"@id\":\"https:\\\/\\\/www.rassegnastampa-totustuus.it\\\/cattolica\\\/#\\\/schema\\\/logo\\\/image\\\/\",\"url\":\"https:\\\/\\\/www.rassegnastampa-totustuus.it\\\/cattolica\\\/wp-content\\\/uploads\\\/2014\\\/04\\\/logo-rassegna1.gif\",\"contentUrl\":\"https:\\\/\\\/www.rassegnastampa-totustuus.it\\\/cattolica\\\/wp-content\\\/uploads\\\/2014\\\/04\\\/logo-rassegna1.gif\",\"width\":600,\"height\":163,\"caption\":\"Rassegna Stampa Cattolica\"},\"image\":{\"@id\":\"https:\\\/\\\/www.rassegnastampa-totustuus.it\\\/cattolica\\\/#\\\/schema\\\/logo\\\/image\\\/\"},\"sameAs\":[\"https:\\\/\\\/www.facebook.com\\\/rassegnastampacattolica\",\"https:\\\/\\\/x.com\\\/rassegnastampa9\"]},{\"@type\":\"Person\",\"@id\":\"https:\\\/\\\/www.rassegnastampa-totustuus.it\\\/cattolica\\\/#\\\/schema\\\/person\\\/08f319d2bd1a0904ad9e2bfb7b15e5c3\",\"name\":\"Redazione\",\"image\":{\"@type\":\"ImageObject\",\"inLanguage\":\"it-IT\",\"@id\":\"https:\\\/\\\/secure.gravatar.com\\\/avatar\\\/2fcdf27c78ea025fbdb44e914cc63c72249ffec9dc8aafd5c82b26240ef3f346?s=96&d=mm&r=g\",\"url\":\"https:\\\/\\\/secure.gravatar.com\\\/avatar\\\/2fcdf27c78ea025fbdb44e914cc63c72249ffec9dc8aafd5c82b26240ef3f346?s=96&d=mm&r=g\",\"contentUrl\":\"https:\\\/\\\/secure.gravatar.com\\\/avatar\\\/2fcdf27c78ea025fbdb44e914cc63c72249ffec9dc8aafd5c82b26240ef3f346?s=96&d=mm&r=g\",\"caption\":\"Redazione\"},\"url\":\"https:\\\/\\\/www.rassegnastampa-totustuus.it\\\/cattolica\\\/author\\\/pietroelle\\\/\"}]}<\/script>\n<!-- \/ Yoast SEO plugin. -->","yoast_head_json":{"title":"Cecoslovacchia 1948 i comunisti al potere - Rassegna Stampa Cattolica","description":"Rassegna Stampa Cattolica - Per una cultura che nasce dalla Rivelazione cristiana in conformit\u00e0 alla tradizione e al Magistero della Chiesa in opposizione ad ogni relativismo e totalitarismo","robots":{"index":"index","follow":"follow","max-snippet":"max-snippet:-1","max-image-preview":"max-image-preview:large","max-video-preview":"max-video-preview:-1"},"canonical":"https:\/\/www.rassegnastampa-totustuus.it\/cattolica\/cecoslovacchia-1948-i-comunisti-al-potere\/","og_locale":"it_IT","og_type":"article","og_title":"Cecoslovacchia 1948 i comunisti al potere - Rassegna Stampa Cattolica","og_description":"Rassegna Stampa Cattolica - Per una cultura che nasce dalla Rivelazione cristiana in conformit\u00e0 alla tradizione e al Magistero della Chiesa in opposizione ad ogni relativismo e totalitarismo","og_url":"https:\/\/www.rassegnastampa-totustuus.it\/cattolica\/cecoslovacchia-1948-i-comunisti-al-potere\/","og_site_name":"Rassegna Stampa Cattolica","article_publisher":"https:\/\/www.facebook.com\/rassegnastampacattolica","article_published_time":"2009-03-02T09:45:04+00:00","article_modified_time":"2015-01-27T13:16:23+00:00","og_image":[{"width":275,"height":183,"url":"https:\/\/www.rassegnastampa-totustuus.it\/cattolica\/wp-content\/uploads\/2009\/03\/slovacchia_48.jpg","type":"image\/jpeg"}],"author":"Redazione","twitter_card":"summary_large_image","twitter_creator":"@rassegnastampa9","twitter_site":"@rassegnastampa9","twitter_misc":{"Scritto da":"Redazione","Tempo di lettura stimato":"8 minuti"},"schema":{"@context":"https:\/\/schema.org","@graph":[{"@type":"Article","@id":"https:\/\/www.rassegnastampa-totustuus.it\/cattolica\/cecoslovacchia-1948-i-comunisti-al-potere\/#article","isPartOf":{"@id":"https:\/\/www.rassegnastampa-totustuus.it\/cattolica\/cecoslovacchia-1948-i-comunisti-al-potere\/"},"author":{"name":"Redazione","@id":"https:\/\/www.rassegnastampa-totustuus.it\/cattolica\/#\/schema\/person\/08f319d2bd1a0904ad9e2bfb7b15e5c3"},"headline":"Cecoslovacchia 1948 i comunisti al potere","datePublished":"2009-03-02T09:45:04+00:00","dateModified":"2015-01-27T13:16:23+00:00","mainEntityOfPage":{"@id":"https:\/\/www.rassegnastampa-totustuus.it\/cattolica\/cecoslovacchia-1948-i-comunisti-al-potere\/"},"wordCount":1693,"publisher":{"@id":"https:\/\/www.rassegnastampa-totustuus.it\/cattolica\/#organization"},"image":{"@id":"https:\/\/www.rassegnastampa-totustuus.it\/cattolica\/cecoslovacchia-1948-i-comunisti-al-potere\/#primaryimage"},"thumbnailUrl":"https:\/\/www.rassegnastampa-totustuus.it\/cattolica\/wp-content\/uploads\/2009\/03\/slovacchia_48.jpg","keywords":["Cecoslovacchia"],"articleSection":["Comunismo","Paesi e continenti","Storia"],"inLanguage":"it-IT"},{"@type":"WebPage","@id":"https:\/\/www.rassegnastampa-totustuus.it\/cattolica\/cecoslovacchia-1948-i-comunisti-al-potere\/","url":"https:\/\/www.rassegnastampa-totustuus.it\/cattolica\/cecoslovacchia-1948-i-comunisti-al-potere\/","name":"Cecoslovacchia 1948 i comunisti al potere - Rassegna Stampa Cattolica","isPartOf":{"@id":"https:\/\/www.rassegnastampa-totustuus.it\/cattolica\/#website"},"primaryImageOfPage":{"@id":"https:\/\/www.rassegnastampa-totustuus.it\/cattolica\/cecoslovacchia-1948-i-comunisti-al-potere\/#primaryimage"},"image":{"@id":"https:\/\/www.rassegnastampa-totustuus.it\/cattolica\/cecoslovacchia-1948-i-comunisti-al-potere\/#primaryimage"},"thumbnailUrl":"https:\/\/www.rassegnastampa-totustuus.it\/cattolica\/wp-content\/uploads\/2009\/03\/slovacchia_48.jpg","datePublished":"2009-03-02T09:45:04+00:00","dateModified":"2015-01-27T13:16:23+00:00","description":"Rassegna Stampa Cattolica - Per una cultura che nasce dalla Rivelazione cristiana in conformit\u00e0 alla tradizione e al Magistero della Chiesa in opposizione ad ogni relativismo e totalitarismo","breadcrumb":{"@id":"https:\/\/www.rassegnastampa-totustuus.it\/cattolica\/cecoslovacchia-1948-i-comunisti-al-potere\/#breadcrumb"},"inLanguage":"it-IT","potentialAction":[{"@type":"ReadAction","target":["https:\/\/www.rassegnastampa-totustuus.it\/cattolica\/cecoslovacchia-1948-i-comunisti-al-potere\/"]}]},{"@type":"ImageObject","inLanguage":"it-IT","@id":"https:\/\/www.rassegnastampa-totustuus.it\/cattolica\/cecoslovacchia-1948-i-comunisti-al-potere\/#primaryimage","url":"https:\/\/www.rassegnastampa-totustuus.it\/cattolica\/wp-content\/uploads\/2009\/03\/slovacchia_48.jpg","contentUrl":"https:\/\/www.rassegnastampa-totustuus.it\/cattolica\/wp-content\/uploads\/2009\/03\/slovacchia_48.jpg","width":275,"height":183},{"@type":"BreadcrumbList","@id":"https:\/\/www.rassegnastampa-totustuus.it\/cattolica\/cecoslovacchia-1948-i-comunisti-al-potere\/#breadcrumb","itemListElement":[{"@type":"ListItem","position":1,"name":"Home","item":"https:\/\/www.rassegnastampa-totustuus.it\/cattolica\/"},{"@type":"ListItem","position":2,"name":"Cecoslovacchia 1948 i comunisti al potere"}]},{"@type":"WebSite","@id":"https:\/\/www.rassegnastampa-totustuus.it\/cattolica\/#website","url":"https:\/\/www.rassegnastampa-totustuus.it\/cattolica\/","name":"Rassegna Stampa Cattolica","description":"Per una cultura che nasce dalla Rivelazione cristiana in conformit\u00e0 alla tradizione e al Magistero della Chiesa in opposizione ad ogni relativismo e totalitarismo","publisher":{"@id":"https:\/\/www.rassegnastampa-totustuus.it\/cattolica\/#organization"},"alternateName":"Rass. Cattolica","potentialAction":[{"@type":"SearchAction","target":{"@type":"EntryPoint","urlTemplate":"https:\/\/www.rassegnastampa-totustuus.it\/cattolica\/?s={search_term_string}"},"query-input":{"@type":"PropertyValueSpecification","valueRequired":true,"valueName":"search_term_string"}}],"inLanguage":"it-IT"},{"@type":"Organization","@id":"https:\/\/www.rassegnastampa-totustuus.it\/cattolica\/#organization","name":"Rassegna Stampa Cattolica","url":"https:\/\/www.rassegnastampa-totustuus.it\/cattolica\/","logo":{"@type":"ImageObject","inLanguage":"it-IT","@id":"https:\/\/www.rassegnastampa-totustuus.it\/cattolica\/#\/schema\/logo\/image\/","url":"https:\/\/www.rassegnastampa-totustuus.it\/cattolica\/wp-content\/uploads\/2014\/04\/logo-rassegna1.gif","contentUrl":"https:\/\/www.rassegnastampa-totustuus.it\/cattolica\/wp-content\/uploads\/2014\/04\/logo-rassegna1.gif","width":600,"height":163,"caption":"Rassegna Stampa Cattolica"},"image":{"@id":"https:\/\/www.rassegnastampa-totustuus.it\/cattolica\/#\/schema\/logo\/image\/"},"sameAs":["https:\/\/www.facebook.com\/rassegnastampacattolica","https:\/\/x.com\/rassegnastampa9"]},{"@type":"Person","@id":"https:\/\/www.rassegnastampa-totustuus.it\/cattolica\/#\/schema\/person\/08f319d2bd1a0904ad9e2bfb7b15e5c3","name":"Redazione","image":{"@type":"ImageObject","inLanguage":"it-IT","@id":"https:\/\/secure.gravatar.com\/avatar\/2fcdf27c78ea025fbdb44e914cc63c72249ffec9dc8aafd5c82b26240ef3f346?s=96&d=mm&r=g","url":"https:\/\/secure.gravatar.com\/avatar\/2fcdf27c78ea025fbdb44e914cc63c72249ffec9dc8aafd5c82b26240ef3f346?s=96&d=mm&r=g","contentUrl":"https:\/\/secure.gravatar.com\/avatar\/2fcdf27c78ea025fbdb44e914cc63c72249ffec9dc8aafd5c82b26240ef3f346?s=96&d=mm&r=g","caption":"Redazione"},"url":"https:\/\/www.rassegnastampa-totustuus.it\/cattolica\/author\/pietroelle\/"}]}},"_links":{"self":[{"href":"https:\/\/www.rassegnastampa-totustuus.it\/cattolica\/wp-json\/wp\/v2\/posts\/2685","targetHints":{"allow":["GET"]}}],"collection":[{"href":"https:\/\/www.rassegnastampa-totustuus.it\/cattolica\/wp-json\/wp\/v2\/posts"}],"about":[{"href":"https:\/\/www.rassegnastampa-totustuus.it\/cattolica\/wp-json\/wp\/v2\/types\/post"}],"author":[{"embeddable":true,"href":"https:\/\/www.rassegnastampa-totustuus.it\/cattolica\/wp-json\/wp\/v2\/users\/6"}],"replies":[{"embeddable":true,"href":"https:\/\/www.rassegnastampa-totustuus.it\/cattolica\/wp-json\/wp\/v2\/comments?post=2685"}],"version-history":[{"count":3,"href":"https:\/\/www.rassegnastampa-totustuus.it\/cattolica\/wp-json\/wp\/v2\/posts\/2685\/revisions"}],"predecessor-version":[{"id":17846,"href":"https:\/\/www.rassegnastampa-totustuus.it\/cattolica\/wp-json\/wp\/v2\/posts\/2685\/revisions\/17846"}],"wp:featuredmedia":[{"embeddable":true,"href":"https:\/\/www.rassegnastampa-totustuus.it\/cattolica\/wp-json\/wp\/v2\/media\/17845"}],"wp:attachment":[{"href":"https:\/\/www.rassegnastampa-totustuus.it\/cattolica\/wp-json\/wp\/v2\/media?parent=2685"}],"wp:term":[{"taxonomy":"category","embeddable":true,"href":"https:\/\/www.rassegnastampa-totustuus.it\/cattolica\/wp-json\/wp\/v2\/categories?post=2685"},{"taxonomy":"post_tag","embeddable":true,"href":"https:\/\/www.rassegnastampa-totustuus.it\/cattolica\/wp-json\/wp\/v2\/tags?post=2685"}],"curies":[{"name":"wp","href":"https:\/\/api.w.org\/{rel}","templated":true}]}}