{"id":268,"date":"2005-01-13T10:44:50","date_gmt":"2005-01-13T09:44:50","guid":{"rendered":""},"modified":"2025-07-05T17:45:19","modified_gmt":"2025-07-05T15:45:19","slug":"lhijab-e-lislam-sveliamo-un-segreto","status":"publish","type":"post","link":"https:\/\/www.rassegnastampa-totustuus.it\/cattolica\/lhijab-e-lislam-sveliamo-un-segreto\/","title":{"rendered":"L&#8217;hijab e l&#8217;islam: sveliamo un segreto"},"content":{"rendered":"\n<p class=\"has-text-align-center\">Pubblicato su <strong>Il Domenicale<\/strong> del 25 dicembre 2004<\/p>\n\n\n\n<p><em>Velo s\u00ec, velo no: problema plurisecolare nel mondo islamico che s\u2019interroga con insistenza sull\u2019abbigliamento femminile pi\u00f9 consono alla natura propria della donna e al rispetto delle indicazioni coraniche al riguardo<\/em><\/p>\n\n\n\n<p class=\"has-text-align-center\">di <strong>Silvia Scaranari<\/strong><\/p>\n\n\n<div class=\"wp-block-image\">\n<figure class=\"aligncenter size-full is-resized\"><a href=\"https:\/\/www.rassegnastampa-totustuus.it\/cattolica\/wp-content\/uploads\/2005\/01\/hijab.jpg\"><img loading=\"lazy\" decoding=\"async\" width=\"259\" height=\"194\" src=\"https:\/\/www.rassegnastampa-totustuus.it\/cattolica\/wp-content\/uploads\/2005\/01\/hijab.jpg\" alt=\"\" class=\"wp-image-34275\" style=\"width:347px;height:auto\"\/><\/a><\/figure><\/div>\n\n\n<!--more-->\n\n\n\n<p>Velo s\u00ec, velo no: problema plurisecolare nel mondo islamico che s\u2019interroga con insistenza sull\u2019abbigliamento femminile pi\u00f9 consono alla natura propria della donna e al rispetto delle indicazioni coraniche al riguardo. Oggi il dibattito ha assunto valenze diverse: non \u00e8 pi\u00f9 solo il pudore femminile a dover essere difeso ma spesso, in certi ambienti, \u00e8 l\u2019identit\u00e0 stessa della donna islamica a riconoscersi in un pezzo di stoffa posto sul capo a copertura di quei capelli ove, secondo un detto del Profeta, risiede un terzo della bellezza femminile.<\/p>\n\n\n\n<p>Il dibattito, che prosegue da secoli, non \u00e8 peraltro destinato a esaurirsi a breve giacch\u00e9 origina proprio nella poca chiarezza con cui il problema viene affrontato nel Corano stesso.<\/p>\n\n\n\n<p>In epoca preislamica l\u2019uso del velo \u00e8 incerto, e nel Corano \u00e8 richiamato solo sette volte: poche per un elemento che avr\u00e0 tanto significato nei secoli futuri. Durante la vita di Muhammad non vi \u00e8 nulla che testimoni un simile uso da parte delle sue numerose mogli. In genere si fa per\u00f2 risalire la rivelazione circa il velo al versetto 53 della sura 33: a Medina, nell\u2019anno 5 dell\u2019Egira, dopo aver sposato la cugina Zaynab, Muhammad non riesce ad allontanare i numerosi ospiti presenti nella propria casa e cos\u00ec, a un certo momento, decide di tirare una cortina (sitr) che divida la stanza in una parte destinata a tre ospiti particolarmente invadenti e un\u2019altra riservata alle attenzioni di Zaynab verso il marito.<\/p>\n\n\n\n<p>Fu l\u00ec che scese la rivelazione dell\u2019 hijab, il velo: \u201cQuando chiedete ad esse (le mogli del Profeta) un qualche oggetto, chiedetelo da dietro una cortina: ci\u00f2 \u00e8 pi\u00f9 puro per i vostri cuori e per i loro\u201d. \u00c8 quindi una circostanza particolare che rende necessaria la separazione fra gli estranei alla casa di Muhammad e le donne, in questo caso esplicitamente solo le sue. Inoltre, il termine hijab viene usato pi\u00f9 volte con significati del tutto diversi: come barriera che impedisce al credente di vedere Allah durante la rivelazione (Corano, XLII, 51); come velo con cui Maria, la madre di Ges\u00f9, si ripar\u00f2 dagli sguardi indiscreti della propria gente (XIX, 17); come barriera che separa i dannati dai beati nel giorno del Giudizio (VII, 46).<\/p>\n\n\n\n<p>Esiste poi l\u2019espressione \u201cdarabat al-hijab\u201d cio\u00e8 \u201cella mise il velo\u201d, a significare \u201cspos\u00f2 il Profeta\u201d; solo le mogli di Muhammad potevano infatti portare il velo (XXXIII, 59), e questo perch\u00e9 le si distinguesse dalle altre donne, in particolare dalle concubine, e perch\u00e9 fossero particolarmente rispettate dai fedeli, a cui peraltro il Corano faceva espresso divieto di sposarle in caso di ripudio o di morte del loro marito. In senso ancora pi\u00f9 generale, l\u2019espressione indica il \u201cvelo\u201d della notte che avvolge il sole al tramonto (XXXVIII, 32), o ancora, e in senso mistico, \u00e8 il buio che ottenebra il cuore e i sensi degli empi (XLI, 5).<\/p>\n\n\n\n<h4 class=\"wp-block-heading has-text-align-center\"><strong>Quattro diversi modi d\u2019intendere il velo<\/strong><\/h4>\n\n\n\n<p>Tuttavia nell\u2019islam classico e contemporaneo, l\u2019hijab ha acquisito significati diversi, seguendo almeno quattro percorsi fra loro anche molto lontani.<\/p>\n\n\n\n<p>Il velo, inizialmente imposto solo alle mogli di Muhammad, \u00e8 stato esteso a tutte le donne musulmane libere. Indica il passaggio dall\u2019infanzia alla pubert\u00e0 e serve a coprire tutto il corpo femminile tranne il viso e le mani. Secondo molti interpreti, questa usanza segna la netta separazione, anzi segregazione, della donna dalla societ\u00e0 civile, ma nella prospettiva islamica indica soprattutto il rispetto dovuto alla donna che cos\u00ec viene salvaguardata dagli sguardi impuri degli uomini.<\/p>\n\n\n\n<p>Secondo Alessandro Aruffo, \u201cnel corso della storia, l\u2019islam ha proposto molteplici varianti del velo in rapporto ai popoli e alle culture con cui \u00e8 venuto in contatto e con l\u2019acquisizione di molteplici significati simbolici\u201d (Donne e islam, Datanews, Roma 2000, p. 49) ed infatti si \u00e8 parlato di volta in volta di litham, khin\u00e2\u2018 e burkhu\u2018 . Quest\u2019ultimo, il famoso burqa, \u00e8 forse l\u2019espressione pi\u00f9 rigida della presunta prescrizione coranica, giacch\u00e9 non lascia trapelare nulla del viso e copre persino le mani con dei guanti neri.<\/p>\n\n\n\n<p>\u00c8 tuttavia attestato che, durante la vita del Profeta, non tutte le sue mogli obbedivano alla prescrizione coranica e certamente non sempre. Se \u2018A\u2019isha, la preferita, usava indossare il velo del matrimonio, altre non lo facevano affatto. Famoso \u00e8 l\u2019episodio di Umm Omara, che durante la battaglia di Uhd combatt\u00e9 vicino al marito e fu da questi elogiata per come usava la spada, la stessa donna che nel 634, sempre in combattimento, perse un braccio.<\/p>\n\n\n\n<p>L\u2019uso generalizzato del velo fu certamente un\u2019influenza bizantina e romana, dove l\u2019abitudine a coprirsi il capo era tipica delle donne aristocratiche. \u00c8 infatti noto che anche presso i musulmani l\u2019uso del velo non venne per lungo tempo adottato nelle campagne dove le donne, dovendo lavorare la terra, preferivano abbigliamenti che consentissero maggiore libert\u00e0 di movimento. Solo lentamente il velo si \u00e8 imposto come uso comune, divenendo anzi gradatamente segno di distinzione e di appartenenza delle donne alla fede rivelata da Allah. Alla fine del XIX secolo, in Egitto prima e poi in Medio Oriente, part\u00ec un movimento a favore della abolizione del velo che trov\u00f2 nello scrittore egiziano Kh\u00e2sim Am\u00een il vero teorico della \u201cemancipazione\u201d femminile.<\/p>\n\n\n\n<p>Nel 1873, dopo l\u2019apertura dei primi collegi femminili, alcune iniziarono a chiedere l\u2019abolizione del velo e nel 1926 sar\u00e0 Huda Sha\u2018r\u00e2wi Pasha la prima a presentarsi in pubblico a capo scoperto. Oggi, al contrario, sono proprio le studentesse a chiedere e a indossare ostinatamente il velo in segno della loro appartenenza alla comunit\u00e0 islamica, talora in aperta sfida alle leggi statali come \u00e8 recentemente accaduto in Francia.<\/p>\n\n\n\n<h4 class=\"wp-block-heading has-text-align-center\"><strong>Spirito e magia<\/strong><\/h4>\n\n\n\n<p>Sempre il termine hijab (accanto a quello di sitr e di sitara) \u00e8 usato per indicare la cortina di seta, o talora di legno pregiato, dietro la quale si cela il califfo o il re onde sottrarsi agli sguardi dei familiari. L\u2019usanza, sconosciuta nei primi decenni dell\u2019islam, pare sia stata introdotta dagli Omayyadi e sia stata poi ulteriormente complicata in Andalusia e in Egitto sotto i Fatimidi da un articolato rituale mirante ad aumentare il prestigio e l\u2019aura sacrale del sovrano.<\/p>\n\n\n\n<p>Nel mondo sufi, il termine hijab indica invece ci\u00f2 che rende l\u2019uomo impermeabile alla verit\u00e0 divina. Sono materialit\u00e0, sensualit\u00e0 e superficialit\u00e0 che separano dalla verit\u00e0 divina la quale vorrebbe rivelarsi all\u2019uomo e penetrarne il cuore, ma ne \u00e8 impedita dalla bassezza delle passioni terrene. In ultimo, lo hijab \u00e8 un oggetto semimagico usato in alcune pratiche popolari. Garantisce l\u2019invulnerabilit\u00e0 a chi lo porta, assicurandogli il successo dei suoi propositi.<\/p>\n\n\n\n<p>Si tratta di un piccolo foglio di carta sul quale lo shaikh (o il faqir) traccia segni cabalistici o versetti coranici e che viene conservato a contatto con la pelle onde ottenere ci\u00f2 che si desidera: una maternit\u00e0, l\u2019amore, il successo, una guarigione. Insomma, pi\u00f9 un\u2019usanza che un dogma scritturale.<\/p>\n","protected":false},"excerpt":{"rendered":"<p>Pubblicato su Il Domenicale del 25 dicembre 2004 Velo s\u00ec, velo no: problema plurisecolare nel mondo islamico che s\u2019interroga con insistenza sull\u2019abbigliamento femminile pi\u00f9 consono alla natura propria della donna e al rispetto delle indicazioni coraniche al riguardo di Silvia Scaranari<\/p><p><a class=\"more-link btn\" href=\"https:\/\/www.rassegnastampa-totustuus.it\/cattolica\/lhijab-e-lislam-sveliamo-un-segreto\/\">Continua a leggere<\/a><\/p>\n","protected":false},"author":6,"featured_media":34275,"comment_status":"closed","ping_status":"open","sticky":false,"template":"","format":"standard","meta":{"footnotes":""},"categories":[16],"tags":[2646,256,1692,3188],"class_list":["post-268","post","type-post","status-publish","format-standard","has-post-thumbnail","hentry","category-islam","tag-abbigliamento","tag-donne","tag-donne-islamiche","tag-hijab","item-wrap"],"yoast_head":"<!-- This site is optimized with the Yoast SEO plugin v27.5 - https:\/\/yoast.com\/product\/yoast-seo-wordpress\/ -->\n<title>L&#039;hijab e l&#039;islam: sveliamo un segreto - Rassegna Stampa Cattolica<\/title>\n<meta name=\"description\" content=\"L&#039;hijab e l&#039;islam: sveliamo un segreto. Velo s\u00ec, velo no: problema plurisecolare nel mondo islamico he s\u2019interroga con insistenza\" \/>\n<meta name=\"robots\" content=\"index, follow, max-snippet:-1, max-image-preview:large, max-video-preview:-1\" \/>\n<link rel=\"canonical\" href=\"https:\/\/www.rassegnastampa-totustuus.it\/cattolica\/lhijab-e-lislam-sveliamo-un-segreto\/\" \/>\n<meta property=\"og:locale\" content=\"it_IT\" \/>\n<meta property=\"og:type\" content=\"article\" \/>\n<meta property=\"og:title\" content=\"L&#039;hijab e l&#039;islam: sveliamo un segreto - Rassegna Stampa Cattolica\" \/>\n<meta property=\"og:description\" content=\"L&#039;hijab e l&#039;islam: sveliamo un segreto. Velo s\u00ec, velo no: problema plurisecolare nel mondo islamico he s\u2019interroga con insistenza\" \/>\n<meta property=\"og:url\" content=\"https:\/\/www.rassegnastampa-totustuus.it\/cattolica\/lhijab-e-lislam-sveliamo-un-segreto\/\" \/>\n<meta property=\"og:site_name\" content=\"Rassegna Stampa Cattolica\" \/>\n<meta property=\"article:publisher\" content=\"https:\/\/www.facebook.com\/rassegnastampacattolica\" \/>\n<meta property=\"article:published_time\" content=\"2005-01-13T09:44:50+00:00\" \/>\n<meta property=\"article:modified_time\" content=\"2025-07-05T15:45:19+00:00\" \/>\n<meta property=\"og:image\" content=\"https:\/\/www.rassegnastampa-totustuus.it\/cattolica\/wp-content\/uploads\/2005\/01\/hijab.jpg\" \/>\n\t<meta property=\"og:image:width\" content=\"259\" \/>\n\t<meta property=\"og:image:height\" content=\"194\" \/>\n\t<meta property=\"og:image:type\" content=\"image\/jpeg\" \/>\n<meta name=\"author\" content=\"Redazione\" \/>\n<meta name=\"twitter:card\" content=\"summary_large_image\" \/>\n<meta name=\"twitter:creator\" content=\"@rassegnastampa9\" \/>\n<meta name=\"twitter:site\" content=\"@rassegnastampa9\" \/>\n<meta name=\"twitter:label1\" content=\"Scritto da\" \/>\n\t<meta name=\"twitter:data1\" content=\"Redazione\" \/>\n\t<meta name=\"twitter:label2\" content=\"Tempo di lettura stimato\" \/>\n\t<meta name=\"twitter:data2\" content=\"7 minuti\" \/>\n<script type=\"application\/ld+json\" class=\"yoast-schema-graph\">{\"@context\":\"https:\\\/\\\/schema.org\",\"@graph\":[{\"@type\":\"Article\",\"@id\":\"https:\\\/\\\/www.rassegnastampa-totustuus.it\\\/cattolica\\\/lhijab-e-lislam-sveliamo-un-segreto\\\/#article\",\"isPartOf\":{\"@id\":\"https:\\\/\\\/www.rassegnastampa-totustuus.it\\\/cattolica\\\/lhijab-e-lislam-sveliamo-un-segreto\\\/\"},\"author\":{\"name\":\"Redazione\",\"@id\":\"https:\\\/\\\/www.rassegnastampa-totustuus.it\\\/cattolica\\\/#\\\/schema\\\/person\\\/08f319d2bd1a0904ad9e2bfb7b15e5c3\"},\"headline\":\"L&#8217;hijab e l&#8217;islam: sveliamo un segreto\",\"datePublished\":\"2005-01-13T09:44:50+00:00\",\"dateModified\":\"2025-07-05T15:45:19+00:00\",\"mainEntityOfPage\":{\"@id\":\"https:\\\/\\\/www.rassegnastampa-totustuus.it\\\/cattolica\\\/lhijab-e-lislam-sveliamo-un-segreto\\\/\"},\"wordCount\":1165,\"publisher\":{\"@id\":\"https:\\\/\\\/www.rassegnastampa-totustuus.it\\\/cattolica\\\/#organization\"},\"image\":{\"@id\":\"https:\\\/\\\/www.rassegnastampa-totustuus.it\\\/cattolica\\\/lhijab-e-lislam-sveliamo-un-segreto\\\/#primaryimage\"},\"thumbnailUrl\":\"https:\\\/\\\/www.rassegnastampa-totustuus.it\\\/cattolica\\\/wp-content\\\/uploads\\\/2005\\\/01\\\/hijab.jpg\",\"keywords\":[\"abbigliamento\",\"donne\",\"donne islamiche\",\"hijab\"],\"articleSection\":[\"Islam\"],\"inLanguage\":\"it-IT\"},{\"@type\":\"WebPage\",\"@id\":\"https:\\\/\\\/www.rassegnastampa-totustuus.it\\\/cattolica\\\/lhijab-e-lislam-sveliamo-un-segreto\\\/\",\"url\":\"https:\\\/\\\/www.rassegnastampa-totustuus.it\\\/cattolica\\\/lhijab-e-lislam-sveliamo-un-segreto\\\/\",\"name\":\"L'hijab e l'islam: sveliamo un segreto - Rassegna Stampa Cattolica\",\"isPartOf\":{\"@id\":\"https:\\\/\\\/www.rassegnastampa-totustuus.it\\\/cattolica\\\/#website\"},\"primaryImageOfPage\":{\"@id\":\"https:\\\/\\\/www.rassegnastampa-totustuus.it\\\/cattolica\\\/lhijab-e-lislam-sveliamo-un-segreto\\\/#primaryimage\"},\"image\":{\"@id\":\"https:\\\/\\\/www.rassegnastampa-totustuus.it\\\/cattolica\\\/lhijab-e-lislam-sveliamo-un-segreto\\\/#primaryimage\"},\"thumbnailUrl\":\"https:\\\/\\\/www.rassegnastampa-totustuus.it\\\/cattolica\\\/wp-content\\\/uploads\\\/2005\\\/01\\\/hijab.jpg\",\"datePublished\":\"2005-01-13T09:44:50+00:00\",\"dateModified\":\"2025-07-05T15:45:19+00:00\",\"description\":\"L'hijab e l'islam: sveliamo un segreto. Velo s\u00ec, velo no: problema plurisecolare nel mondo islamico he s\u2019interroga con insistenza\",\"breadcrumb\":{\"@id\":\"https:\\\/\\\/www.rassegnastampa-totustuus.it\\\/cattolica\\\/lhijab-e-lislam-sveliamo-un-segreto\\\/#breadcrumb\"},\"inLanguage\":\"it-IT\",\"potentialAction\":[{\"@type\":\"ReadAction\",\"target\":[\"https:\\\/\\\/www.rassegnastampa-totustuus.it\\\/cattolica\\\/lhijab-e-lislam-sveliamo-un-segreto\\\/\"]}]},{\"@type\":\"ImageObject\",\"inLanguage\":\"it-IT\",\"@id\":\"https:\\\/\\\/www.rassegnastampa-totustuus.it\\\/cattolica\\\/lhijab-e-lislam-sveliamo-un-segreto\\\/#primaryimage\",\"url\":\"https:\\\/\\\/www.rassegnastampa-totustuus.it\\\/cattolica\\\/wp-content\\\/uploads\\\/2005\\\/01\\\/hijab.jpg\",\"contentUrl\":\"https:\\\/\\\/www.rassegnastampa-totustuus.it\\\/cattolica\\\/wp-content\\\/uploads\\\/2005\\\/01\\\/hijab.jpg\",\"width\":259,\"height\":194},{\"@type\":\"BreadcrumbList\",\"@id\":\"https:\\\/\\\/www.rassegnastampa-totustuus.it\\\/cattolica\\\/lhijab-e-lislam-sveliamo-un-segreto\\\/#breadcrumb\",\"itemListElement\":[{\"@type\":\"ListItem\",\"position\":1,\"name\":\"Home\",\"item\":\"https:\\\/\\\/www.rassegnastampa-totustuus.it\\\/cattolica\\\/\"},{\"@type\":\"ListItem\",\"position\":2,\"name\":\"L&#8217;hijab e l&#8217;islam: sveliamo un segreto\"}]},{\"@type\":\"WebSite\",\"@id\":\"https:\\\/\\\/www.rassegnastampa-totustuus.it\\\/cattolica\\\/#website\",\"url\":\"https:\\\/\\\/www.rassegnastampa-totustuus.it\\\/cattolica\\\/\",\"name\":\"Rassegna Stampa Cattolica\",\"description\":\"Per una cultura che nasce dalla Rivelazione cristiana in conformit\u00e0 alla tradizione e al Magistero della Chiesa in opposizione ad ogni relativismo e totalitarismo\",\"publisher\":{\"@id\":\"https:\\\/\\\/www.rassegnastampa-totustuus.it\\\/cattolica\\\/#organization\"},\"alternateName\":\"Rass. Cattolica\",\"potentialAction\":[{\"@type\":\"SearchAction\",\"target\":{\"@type\":\"EntryPoint\",\"urlTemplate\":\"https:\\\/\\\/www.rassegnastampa-totustuus.it\\\/cattolica\\\/?s={search_term_string}\"},\"query-input\":{\"@type\":\"PropertyValueSpecification\",\"valueRequired\":true,\"valueName\":\"search_term_string\"}}],\"inLanguage\":\"it-IT\"},{\"@type\":\"Organization\",\"@id\":\"https:\\\/\\\/www.rassegnastampa-totustuus.it\\\/cattolica\\\/#organization\",\"name\":\"Rassegna Stampa Cattolica\",\"url\":\"https:\\\/\\\/www.rassegnastampa-totustuus.it\\\/cattolica\\\/\",\"logo\":{\"@type\":\"ImageObject\",\"inLanguage\":\"it-IT\",\"@id\":\"https:\\\/\\\/www.rassegnastampa-totustuus.it\\\/cattolica\\\/#\\\/schema\\\/logo\\\/image\\\/\",\"url\":\"https:\\\/\\\/www.rassegnastampa-totustuus.it\\\/cattolica\\\/wp-content\\\/uploads\\\/2014\\\/04\\\/logo-rassegna1.gif\",\"contentUrl\":\"https:\\\/\\\/www.rassegnastampa-totustuus.it\\\/cattolica\\\/wp-content\\\/uploads\\\/2014\\\/04\\\/logo-rassegna1.gif\",\"width\":600,\"height\":163,\"caption\":\"Rassegna Stampa Cattolica\"},\"image\":{\"@id\":\"https:\\\/\\\/www.rassegnastampa-totustuus.it\\\/cattolica\\\/#\\\/schema\\\/logo\\\/image\\\/\"},\"sameAs\":[\"https:\\\/\\\/www.facebook.com\\\/rassegnastampacattolica\",\"https:\\\/\\\/x.com\\\/rassegnastampa9\"]},{\"@type\":\"Person\",\"@id\":\"https:\\\/\\\/www.rassegnastampa-totustuus.it\\\/cattolica\\\/#\\\/schema\\\/person\\\/08f319d2bd1a0904ad9e2bfb7b15e5c3\",\"name\":\"Redazione\",\"image\":{\"@type\":\"ImageObject\",\"inLanguage\":\"it-IT\",\"@id\":\"https:\\\/\\\/secure.gravatar.com\\\/avatar\\\/2fcdf27c78ea025fbdb44e914cc63c72249ffec9dc8aafd5c82b26240ef3f346?s=96&d=mm&r=g\",\"url\":\"https:\\\/\\\/secure.gravatar.com\\\/avatar\\\/2fcdf27c78ea025fbdb44e914cc63c72249ffec9dc8aafd5c82b26240ef3f346?s=96&d=mm&r=g\",\"contentUrl\":\"https:\\\/\\\/secure.gravatar.com\\\/avatar\\\/2fcdf27c78ea025fbdb44e914cc63c72249ffec9dc8aafd5c82b26240ef3f346?s=96&d=mm&r=g\",\"caption\":\"Redazione\"},\"url\":\"https:\\\/\\\/www.rassegnastampa-totustuus.it\\\/cattolica\\\/author\\\/pietroelle\\\/\"}]}<\/script>\n<!-- \/ Yoast SEO plugin. -->","yoast_head_json":{"title":"L'hijab e l'islam: sveliamo un segreto - Rassegna Stampa Cattolica","description":"L'hijab e l'islam: sveliamo un segreto. Velo s\u00ec, velo no: problema plurisecolare nel mondo islamico he s\u2019interroga con insistenza","robots":{"index":"index","follow":"follow","max-snippet":"max-snippet:-1","max-image-preview":"max-image-preview:large","max-video-preview":"max-video-preview:-1"},"canonical":"https:\/\/www.rassegnastampa-totustuus.it\/cattolica\/lhijab-e-lislam-sveliamo-un-segreto\/","og_locale":"it_IT","og_type":"article","og_title":"L'hijab e l'islam: sveliamo un segreto - Rassegna Stampa Cattolica","og_description":"L'hijab e l'islam: sveliamo un segreto. Velo s\u00ec, velo no: problema plurisecolare nel mondo islamico he s\u2019interroga con insistenza","og_url":"https:\/\/www.rassegnastampa-totustuus.it\/cattolica\/lhijab-e-lislam-sveliamo-un-segreto\/","og_site_name":"Rassegna Stampa Cattolica","article_publisher":"https:\/\/www.facebook.com\/rassegnastampacattolica","article_published_time":"2005-01-13T09:44:50+00:00","article_modified_time":"2025-07-05T15:45:19+00:00","og_image":[{"width":259,"height":194,"url":"https:\/\/www.rassegnastampa-totustuus.it\/cattolica\/wp-content\/uploads\/2005\/01\/hijab.jpg","type":"image\/jpeg"}],"author":"Redazione","twitter_card":"summary_large_image","twitter_creator":"@rassegnastampa9","twitter_site":"@rassegnastampa9","twitter_misc":{"Scritto da":"Redazione","Tempo di lettura stimato":"7 minuti"},"schema":{"@context":"https:\/\/schema.org","@graph":[{"@type":"Article","@id":"https:\/\/www.rassegnastampa-totustuus.it\/cattolica\/lhijab-e-lislam-sveliamo-un-segreto\/#article","isPartOf":{"@id":"https:\/\/www.rassegnastampa-totustuus.it\/cattolica\/lhijab-e-lislam-sveliamo-un-segreto\/"},"author":{"name":"Redazione","@id":"https:\/\/www.rassegnastampa-totustuus.it\/cattolica\/#\/schema\/person\/08f319d2bd1a0904ad9e2bfb7b15e5c3"},"headline":"L&#8217;hijab e l&#8217;islam: sveliamo un segreto","datePublished":"2005-01-13T09:44:50+00:00","dateModified":"2025-07-05T15:45:19+00:00","mainEntityOfPage":{"@id":"https:\/\/www.rassegnastampa-totustuus.it\/cattolica\/lhijab-e-lislam-sveliamo-un-segreto\/"},"wordCount":1165,"publisher":{"@id":"https:\/\/www.rassegnastampa-totustuus.it\/cattolica\/#organization"},"image":{"@id":"https:\/\/www.rassegnastampa-totustuus.it\/cattolica\/lhijab-e-lislam-sveliamo-un-segreto\/#primaryimage"},"thumbnailUrl":"https:\/\/www.rassegnastampa-totustuus.it\/cattolica\/wp-content\/uploads\/2005\/01\/hijab.jpg","keywords":["abbigliamento","donne","donne islamiche","hijab"],"articleSection":["Islam"],"inLanguage":"it-IT"},{"@type":"WebPage","@id":"https:\/\/www.rassegnastampa-totustuus.it\/cattolica\/lhijab-e-lislam-sveliamo-un-segreto\/","url":"https:\/\/www.rassegnastampa-totustuus.it\/cattolica\/lhijab-e-lislam-sveliamo-un-segreto\/","name":"L'hijab e l'islam: sveliamo un segreto - Rassegna Stampa Cattolica","isPartOf":{"@id":"https:\/\/www.rassegnastampa-totustuus.it\/cattolica\/#website"},"primaryImageOfPage":{"@id":"https:\/\/www.rassegnastampa-totustuus.it\/cattolica\/lhijab-e-lislam-sveliamo-un-segreto\/#primaryimage"},"image":{"@id":"https:\/\/www.rassegnastampa-totustuus.it\/cattolica\/lhijab-e-lislam-sveliamo-un-segreto\/#primaryimage"},"thumbnailUrl":"https:\/\/www.rassegnastampa-totustuus.it\/cattolica\/wp-content\/uploads\/2005\/01\/hijab.jpg","datePublished":"2005-01-13T09:44:50+00:00","dateModified":"2025-07-05T15:45:19+00:00","description":"L'hijab e l'islam: sveliamo un segreto. Velo s\u00ec, velo no: problema plurisecolare nel mondo islamico he s\u2019interroga con insistenza","breadcrumb":{"@id":"https:\/\/www.rassegnastampa-totustuus.it\/cattolica\/lhijab-e-lislam-sveliamo-un-segreto\/#breadcrumb"},"inLanguage":"it-IT","potentialAction":[{"@type":"ReadAction","target":["https:\/\/www.rassegnastampa-totustuus.it\/cattolica\/lhijab-e-lislam-sveliamo-un-segreto\/"]}]},{"@type":"ImageObject","inLanguage":"it-IT","@id":"https:\/\/www.rassegnastampa-totustuus.it\/cattolica\/lhijab-e-lislam-sveliamo-un-segreto\/#primaryimage","url":"https:\/\/www.rassegnastampa-totustuus.it\/cattolica\/wp-content\/uploads\/2005\/01\/hijab.jpg","contentUrl":"https:\/\/www.rassegnastampa-totustuus.it\/cattolica\/wp-content\/uploads\/2005\/01\/hijab.jpg","width":259,"height":194},{"@type":"BreadcrumbList","@id":"https:\/\/www.rassegnastampa-totustuus.it\/cattolica\/lhijab-e-lislam-sveliamo-un-segreto\/#breadcrumb","itemListElement":[{"@type":"ListItem","position":1,"name":"Home","item":"https:\/\/www.rassegnastampa-totustuus.it\/cattolica\/"},{"@type":"ListItem","position":2,"name":"L&#8217;hijab e l&#8217;islam: sveliamo un segreto"}]},{"@type":"WebSite","@id":"https:\/\/www.rassegnastampa-totustuus.it\/cattolica\/#website","url":"https:\/\/www.rassegnastampa-totustuus.it\/cattolica\/","name":"Rassegna Stampa Cattolica","description":"Per una cultura che nasce dalla Rivelazione cristiana in conformit\u00e0 alla tradizione e al Magistero della Chiesa in opposizione ad ogni relativismo e totalitarismo","publisher":{"@id":"https:\/\/www.rassegnastampa-totustuus.it\/cattolica\/#organization"},"alternateName":"Rass. Cattolica","potentialAction":[{"@type":"SearchAction","target":{"@type":"EntryPoint","urlTemplate":"https:\/\/www.rassegnastampa-totustuus.it\/cattolica\/?s={search_term_string}"},"query-input":{"@type":"PropertyValueSpecification","valueRequired":true,"valueName":"search_term_string"}}],"inLanguage":"it-IT"},{"@type":"Organization","@id":"https:\/\/www.rassegnastampa-totustuus.it\/cattolica\/#organization","name":"Rassegna Stampa Cattolica","url":"https:\/\/www.rassegnastampa-totustuus.it\/cattolica\/","logo":{"@type":"ImageObject","inLanguage":"it-IT","@id":"https:\/\/www.rassegnastampa-totustuus.it\/cattolica\/#\/schema\/logo\/image\/","url":"https:\/\/www.rassegnastampa-totustuus.it\/cattolica\/wp-content\/uploads\/2014\/04\/logo-rassegna1.gif","contentUrl":"https:\/\/www.rassegnastampa-totustuus.it\/cattolica\/wp-content\/uploads\/2014\/04\/logo-rassegna1.gif","width":600,"height":163,"caption":"Rassegna Stampa Cattolica"},"image":{"@id":"https:\/\/www.rassegnastampa-totustuus.it\/cattolica\/#\/schema\/logo\/image\/"},"sameAs":["https:\/\/www.facebook.com\/rassegnastampacattolica","https:\/\/x.com\/rassegnastampa9"]},{"@type":"Person","@id":"https:\/\/www.rassegnastampa-totustuus.it\/cattolica\/#\/schema\/person\/08f319d2bd1a0904ad9e2bfb7b15e5c3","name":"Redazione","image":{"@type":"ImageObject","inLanguage":"it-IT","@id":"https:\/\/secure.gravatar.com\/avatar\/2fcdf27c78ea025fbdb44e914cc63c72249ffec9dc8aafd5c82b26240ef3f346?s=96&d=mm&r=g","url":"https:\/\/secure.gravatar.com\/avatar\/2fcdf27c78ea025fbdb44e914cc63c72249ffec9dc8aafd5c82b26240ef3f346?s=96&d=mm&r=g","contentUrl":"https:\/\/secure.gravatar.com\/avatar\/2fcdf27c78ea025fbdb44e914cc63c72249ffec9dc8aafd5c82b26240ef3f346?s=96&d=mm&r=g","caption":"Redazione"},"url":"https:\/\/www.rassegnastampa-totustuus.it\/cattolica\/author\/pietroelle\/"}]}},"_links":{"self":[{"href":"https:\/\/www.rassegnastampa-totustuus.it\/cattolica\/wp-json\/wp\/v2\/posts\/268","targetHints":{"allow":["GET"]}}],"collection":[{"href":"https:\/\/www.rassegnastampa-totustuus.it\/cattolica\/wp-json\/wp\/v2\/posts"}],"about":[{"href":"https:\/\/www.rassegnastampa-totustuus.it\/cattolica\/wp-json\/wp\/v2\/types\/post"}],"author":[{"embeddable":true,"href":"https:\/\/www.rassegnastampa-totustuus.it\/cattolica\/wp-json\/wp\/v2\/users\/6"}],"replies":[{"embeddable":true,"href":"https:\/\/www.rassegnastampa-totustuus.it\/cattolica\/wp-json\/wp\/v2\/comments?post=268"}],"version-history":[{"count":4,"href":"https:\/\/www.rassegnastampa-totustuus.it\/cattolica\/wp-json\/wp\/v2\/posts\/268\/revisions"}],"predecessor-version":[{"id":62937,"href":"https:\/\/www.rassegnastampa-totustuus.it\/cattolica\/wp-json\/wp\/v2\/posts\/268\/revisions\/62937"}],"wp:featuredmedia":[{"embeddable":true,"href":"https:\/\/www.rassegnastampa-totustuus.it\/cattolica\/wp-json\/wp\/v2\/media\/34275"}],"wp:attachment":[{"href":"https:\/\/www.rassegnastampa-totustuus.it\/cattolica\/wp-json\/wp\/v2\/media?parent=268"}],"wp:term":[{"taxonomy":"category","embeddable":true,"href":"https:\/\/www.rassegnastampa-totustuus.it\/cattolica\/wp-json\/wp\/v2\/categories?post=268"},{"taxonomy":"post_tag","embeddable":true,"href":"https:\/\/www.rassegnastampa-totustuus.it\/cattolica\/wp-json\/wp\/v2\/tags?post=268"}],"curies":[{"name":"wp","href":"https:\/\/api.w.org\/{rel}","templated":true}]}}