{"id":2673,"date":"2009-02-27T12:20:18","date_gmt":"2009-02-27T11:20:18","guid":{"rendered":""},"modified":"2015-01-27T17:22:57","modified_gmt":"2015-01-27T16:22:57","slug":"quei-tedeschi-che-non-volevano-hitler","status":"publish","type":"post","link":"https:\/\/www.rassegnastampa-totustuus.it\/cattolica\/quei-tedeschi-che-non-volevano-hitler\/","title":{"rendered":"Quei tedeschi che non volevano Hitler"},"content":{"rendered":"<div style=\"text-align: center;\"><strong> <a href=\"https:\/\/www.rassegnastampa-totustuus.it\/cattolica\/wp-content\/uploads\/2009\/02\/rosa-bianca.jpg\"><img loading=\"lazy\" decoding=\"async\" class=\"alignleft wp-image-17880 size-thumbnail\" src=\"https:\/\/www.rassegnastampa-totustuus.it\/cattolica\/wp-content\/uploads\/2009\/02\/rosa-bianca-150x150.jpg\" alt=\"rosa bianca\" width=\"150\" height=\"150\" \/><\/a>Il Timone <\/strong>n.76 settembre-ottobre 2008<\/div>\n<p style=\"text-align: justify;\"><em>Non tutta la Germania parteggi\u00f2 per Hitler. Fra chi si schier\u00f2 contro ci furono ufficiali dell&#8217;esercito che organizzarono un attentato per eliminare il tiranno. Che per\u00f2 fall\u00ec e provoc\u00f2 una sanguinosa repressione<br \/>\n<\/em><\/p>\n<p style=\"text-align: center;\">di <strong>Luciano Garibaldi<\/strong><\/p>\n<p><!--more--><\/p>\n<div style=\"text-align: justify;\">Molti ricordano il film, trasmesso anche dalla nostra televisione, <em>La rosa bianca<\/em>, che il regista tedesco Mare Rothemund volle dedicare alla vicenda dei fratelli Hans e Sophie Scholl, studenti dell&#8217;Universit\u00e0 di Monaco di Baviera, decapitati perch\u00e9 avevano osato distribuire volantini di dura critica a Hitler. La commovente vicenda della <em>Weisse Rose <\/em>(la rosa bianca), il movimento cui i fratelli Scholl avevano dato vita, va inquadrata nell&#8217;ambito della resistenza cattolica al nazionalsocialismo.<\/div>\n<p style=\"text-align: justify;\">Come morirono i fratelli Scholl? Nel febbraio 1943, il Gauleiter della Baviera, Paul Gieser, al quale erano state consegnate alcune lettere della <em>Weisse Rose<\/em> duplicate con il ciclostile e inviate a migliaia di tedeschi con la denuncia dell&#8217;empiet\u00e0 e dei crimini del regime, a cominciare dalla persecuzione antiebraica, decise di affrontare i \u00abribelli\u00bb nel loro \u00abcovo\u00bb. Tenne un discorso all&#8217;Universit\u00e0, un discorso volutamente volgare, contenente l&#8217;invito agli studenti ad andare a combattere \u00abanzich\u00e9 perdere il loro tempo sui libri\u00bb, e alle studentesse \u00aba rendersi utili, magari regalando un figlio all&#8217;anno al Terzo Reich\u00bb.<\/p>\n<p style=\"text-align: justify;\">\u00abNon dubito minimamente\u00bb, prosegu\u00ec, \u00abche le pi\u00f9 carine troveranno un uomo con cui accoppiarsi. Per le racchie, offro la mia scorta di SS\u00bb. Era davvero troppo. Il Gauleiter fu coperto di fischi e le SS scaraventate a calci fuori dall&#8217;aula magna. Quel pomeriggio, diversi cortei di studenti percorsero le vie del centro, aggredendo le SS e la polizia. In serata due divisioni corazzate ristabilirono l&#8217;ordine a raffiche di mitraglia. I fratelli Scholl (lui venticinquenne, studente di medicina, lei ventunenne, iscritta a biologia), riconosciuti quali capi dell&#8217;insurrezione, furono arrestati e decapitati con una mannaia.<\/p>\n<p style=\"text-align: justify;\">Li segu\u00ec sulla forca l&#8217;ispiratore del gruppo, il professor Kurt Huber (1893-1943), titolare di filosofia teoretica e profondamente cattolico. Nella sua ultima lettera scrisse: \u00abLa morte \u00e8 la bella copia della mia vita\u00bb. Da oltre sessant&#8217;anni i tedeschi sono dipinti come un gregge che segu\u00ec ineluttabilmente il suo Fuhrer, chiudendo gli occhi. Non fu cos\u00ec. Il partito nazista conquist\u00f2 il potere, nelle elezioni del marzo 1933, con il 44% dei voti.<\/p>\n<p style=\"text-align: justify;\">Se confrontiamo questo dato con quello delle elezioni politiche italiane del 1924, notiamo come la maggioranza ottenuta dal fascismo sia stata ben pi\u00f9 schiacciante. Si pu\u00f2 dunque affermare che gli italiani vollero il fascismo in una misura assai maggiore di quanto non sia avvenuto per i tedeschi nei confronti del nazismo. Che rest\u00f2 al potere soprattutto grazie al terrore, com&#8217;\u00e8 tipico di una forza politica collettivistica e di sinistra, quale esso fu, secondo la famosa analisi di Hannah Arendt (1906-1975) in particolare nell&#8217;opera <em>Le radici del totalitarismo<\/em> (1951).<\/p>\n<p style=\"text-align: justify;\"><strong>La resistenza cattolica&#8230;<\/strong><\/p>\n<p style=\"text-align: justify;\">Dopo l&#8217;istituzione della dittatura (23 marzo 1933, con l\u2019&#8217;\u00ab<em>Ermaechti-gungsgesetz<\/em>\u00bb, la legge sui pieni poteri), nonostante il regime di terrore e di violenza, si svilupp\u00f2, nei vari strati della popolazione, una opposizione che andava dal non allineamento fino al segreto aiuto prestato agli ebrei perseguitati; dalla critica fino al complotto attivo. Schierata in primo piano contro il regime troviamo la Chiesa cattolica. L&#8217;enciclica <em>Mit brennender Sorge<\/em> di papa Pio XI, del 18 marzo 1937, suon\u00f2 chiara ed inequivocabile condanna del nazismo, bollato come ideologia pagana e razzista.<\/p>\n<p style=\"text-align: justify;\">Subito dopo, per ordine di Hitler, le associazioni cattoliche furono sciolte, i direttori delle loro riviste arrestati e sovente condannati a morte, decine di ecclesiastici sottoposti a persecuzioni grottesche (processi-farsa per frodi valutarie o atti di immoralit\u00e0 furono imbastiti contro vescovi e semplici parroci), conventi e beni ecclesiastici confiscati, secondo un canovaccio direttamente mutuato dai giacobini della Rivoluzione francese e fatto proprio anche dai regimi comunisti. Ciononostante, il vescovo di Munster, conte Clemens August von Galen (1878-1946), trov\u00f2 il coraggio, nel 1941, di pronunciare un&#8217;omelia \u00abcontro le persecuzioni razziali, la folle eutanasia, gli arresti indiscriminati, la violazione dei pi\u00f9 elementari diritti umani\u00bb.<\/p>\n<p style=\"text-align: justify;\">Intanto, gesuiti celebri come padre Alfred Delp e padre Augustin Roesch, provinciale della Compagnia di Ges\u00f9 in Baviera, divennero le guide spirituali del Circolo di Kreisau, da dove uscir\u00e0 il colonnello Klaus von Stauffenberg, l&#8217;attentatore del 20 luglio 1944.<\/p>\n<p style=\"text-align: justify;\"><strong>&#8230; e quella protestante<\/strong><\/p>\n<p style=\"text-align: justify;\">Diversa la vicenda della Comunit\u00e0 protestante, una parte della quale si era schierata fin dall&#8217;inizio con il nazismo. Nel luglio 1934 si arriv\u00f2 all&#8217;inevitabile scissione. Si form\u00f2 la Chiesa nazionale dei Deutsche Christen, che elesse il \u00abReichsbischof\u00bb, il \u00abvescovo del Reich\u00bb, nella persona del pastore Ludwig Mueller. I pastori di stirpe non ariana furono cacciati. L&#8217;\u00abArierparagraph\u00bb proclam\u00f2 la guerra incondizionata contro gli ebrei e la \u00absanta alleanza tra la Croce uncinata e la Croce di Cristo\u00bb.<\/p>\n<p style=\"text-align: justify;\">\u00abNoi siamo &#8211; scrisse il \u00abvescovo del Reich\u00bb &#8211; le SS di Ges\u00f9 nella lotta per la distruzione dei mali fisici, sociali e spirituali della nazione\u00bb. I dissidenti e gli espulsi reagirono a quelle sciocchezze con un Sinodo tenuto a Barmen. Fu costituita la Bekennende Kirche, i cui capi spirituali divennero il teologo Hans Barth e i pastori Martin Niemoeller, Hans Asmussen e Dietrich Bonhoeffer. Pagheranno tutti con la vita, assieme ai preti e ai vescovi cattolici.<\/p>\n<p style=\"text-align: justify;\"><strong>Il complotto per uccidere Hitler<\/strong><\/p>\n<p style=\"text-align: justify;\">Nessun esponente dell&#8217;estrema sinistra entr\u00f2 nell&#8217;azione del 20 luglio 1944 per eliminare Hitler, ma non per una scelta determinata. Il colonnello Claus Von Stauffenberg, vero capo della congiura e poi autore materiale dell&#8217;attentato, dopo qualche esitazione, aveva infatti acconsentito a che due dei suoi pi\u00f9 stretti collaboratori, il sindacalista Julius Leber e il socialista Adolf Reichwein, prendessero contatto con Franz Jacob e Anton Saefkov, superstiti della Rote Kapelle (il gruppo sgominato due anni prima) e capi del movimento comunista clandestino. L&#8217;incontro avvenne a Berlino il 23 giugno 1944.<\/p>\n<p style=\"text-align: justify;\">Disgraziatamente, i comunisti avevano portato con loro un \u00abuomo di fiducia\u00bb, un certo Ranbow, il quale era in realt\u00e0 una spia della Gestapo. Due giorni dopo, i partecipanti furono tutti arrestati, insieme con centinaia di comunisti. Leber e Reichwein, e tutti i comunisti arrestati, non parlarono nemmeno sotto tortura, e la congiura ebbe cos\u00ec ancora qualche settimana di respiro.<\/p>\n<p style=\"text-align: justify;\">Accanto ai militari della vecchia nobilt\u00e0 prussiana, ma anche eroi di guerra come il feldmaresciallo Erwin Rommel (1891-1944), agirono per farla finita col nazismo gli esponenti di punta che avrebbero dovuto dar vita alla nuova Costituzione e formare il nuovo governo: uomini come Cari Goerdeler, che nel 1937, inascoltata Cassandra, aveva dato inizio a una serie di pellegrinaggi attraverso l&#8217;Europa e l&#8217;America nel vano tentativo di mettere in guardia le democrazie occidentali sul pericolo rappresentato dal nazismo, o come Herbert von Bismarck, gi\u00e0 sottosegretario agli Interni, e Ulrich von Hassel, ex ambasciatore a Roma.<\/p>\n<p style=\"text-align: justify;\">Determinante, per l&#8217;elaborazione dei programmi del futuro governo, e per la sua funzione di collegamento con i vari gruppi di opposizione, si rivel\u00f2 il Circolo di Kreisau, dal nome della propriet\u00e0, in Slesia, del conte Helmuth von Moltke (1907-1945). Qui si riunivano, durantegli anni della dittatura, giovani intellettuali, tra cui Peter York von Wartenburg, Adam von Trott zu Solz, lo stesso Von Stauffenberg, che di York era cugino primo. Furono essi a gettare il seme che poi germoglier\u00e0 nelle file della Resistenza.<\/p>\n<p style=\"text-align: justify;\">\u00abIl nostro problema\u00bb, scriveva Von Moltke nei suoi Pensieri, \u00ab\u00e8 quello di ricostruire un uomo europeo\u00bb. E in una lettera all&#8217;amico americano Lionel Curtis: \u00abOggi, per una parte del popolo tedesco, incomincia ad apparire chiara non che essi sono stati fuorviati, non che la guerra pu\u00f2 finire con una sconfitta, ma che \u00e8 peccato quel che sta accadendo, e che personalmente sono responsabili per ogni orribile azione che sia stata commessa, naturalmente non in senso terreno, ma come cristiani\u00bb.<\/p>\n<p style=\"text-align: justify;\">Non a caso, nel mettere a punto il programma del futuro governo, Goerdeler parlava di \u00abdemocrazia dei Dieci Comandamenti\u00bb. E Von Moltke aggiungeva: \u00abUn solo pensiero: quello del cristianesimo come unica ancora di salvezza nel caos\u00bb. Bisognava &#8211; secondo l&#8217;appello che Goerdeler avrebbe rivolto al popolo dalla radio &#8211; \u00abpurificare il nome tedesco pi\u00f9 volte disonorato. Solo noi tedeschi possiamo farlo.<\/p>\n<p style=\"text-align: justify;\">E lo faremo\u00bb. Perci\u00f2, tribunali tedeschi avrebbero giudicato \u00abcoloro che hanno screditato la nostra patria facendone la caricatura di uno Stato\u00bb, mentre i pi\u00f9 gravi \u00abdelitti internazionali\u00bb (come la persecuzione antiebraica) sarebbero stati giudicati dalla Corte di Giustizia dell&#8217;Aia, composta da sei giudici: tre appartenenti ai Paesi vincitori, due neutrali e un tedesco. Una Norimberga molto serena ed accettabile di quella poi realizzatasi ad opera dei vincitori. Invece, fallito l&#8217;attentato, Hitler far\u00e0 mettere a morte settemila persone, tra cui tutti i capi della Resistenza, nessuno dei quali volle riparare all&#8217;estero.<\/p>\n<p style=\"text-align: justify;\"><strong>Von Stauffenberg e il mistero della confessione<\/strong><\/p>\n<p style=\"text-align: justify;\">Ho cercato di portare luce su uno degli enigmi che, ormai da pi\u00f9 di 60 anni, gravano sulla vicenda: se cio\u00e8 la Chiesa fosse al corrente dell&#8217;attentato e ne avesse dato un implicito assenso. Il primo a parlarne fu Constantine Fitz Gibbon, storico irlandese, uno dei massimi studiosi del 20 Luglio. Nel suo libro <em>Shirt of Nessus<\/em> (Londra, 1956), sostenne che Von Stauffenberg si confess\u00f2 dall&#8217;arcivescovo di Berlino, cardinale conte Konrad von Preysing (1880-1950), senza tuttavia ricevere l&#8217;assoluzione. L&#8217;arcivescovo gli avrebbe per\u00f2 detto che \u00abnon si considerava autorizzato a trattenerlo in base a motivi ideologici\u00bb (p. 159).<\/p>\n<p style=\"text-align: justify;\">Una decina d&#8217;anni dopo, da me intervistato a Berlino durante l&#8217;inchiesta giornalistica che condussi sull&#8217;attentato, padre Harald P\u00f2lchau, il cappellano del carcere di Tegel che aveva assistito, in punto di morte, i massimi esponenti del complotto, tra cui Von Moltke, Alfred Delp, Julius Leber, York von Wartenburg, Von Hase e Von Witzleben, mi disse di avere appreso da quei condannati, senza ombra di dubbio, che Von Stauffenberg si era confessato, aveva ricevuto l&#8217;assoluzione e si era anche comunicato.<\/p>\n<p style=\"text-align: justify;\">Nel 1963 fu inaugurata a Berlino, nel quartiere operaio di Siemensstadt, la chiesa cattolica Regina Martyrum, edificata in memoria dei religiosi impiccati in seguito ai fatti del 20 Luglio 1944. All&#8217;inaugurazione era presente il cardinale Julius D\u00f2pfner, attorniato dai vescovi della Germania. Tutti dissero che, avendo fatto costruire quel tempio, la Chiesa di Roma implicitamente aveva ammesso la liceit\u00e0 del tirannicidio. Appare in ogni caso assai verosimile che l&#8217;arcivescovo Von Preysing (il quale sar\u00e0 nominato cardinale da Pio XII nel marzo 1946 assieme al vescovo, gi\u00e0 perseguitato dai nazisti, conte Clemens August von Galen) abbia prontamente e doverosamente comunicato alle gerarchie superiori ci\u00f2 che aveva appreso da Stauffenberg<\/p>\n<p style=\"text-align: justify;\"><strong>Bibliografia<\/strong><\/p>\n<p style=\"text-align: justify;\"><strong>L. Garibaldi<\/strong>, <em>Operazione Walkiria. Hitler deve morire<\/em>, Ares, 2008.<\/p>\n<p style=\"text-align: justify;\"><strong>Oscar Sanguinetti<\/strong>, voce <em>Alfred Delp S.J<\/em>. (1907-1945), in Voci per un Dizionario del Pensiero Forte,(www. alleanzacattolica.org), con bibliografia.<\/p>\n","protected":false},"excerpt":{"rendered":"<p>Il Timone n.76 settembre-ottobre 2008 Non tutta la Germania parteggi\u00f2 per Hitler. Fra chi si schier\u00f2 contro ci furono ufficiali dell&#8217;esercito che organizzarono un attentato per eliminare il tiranno. Che per\u00f2 fall\u00ec e provoc\u00f2 una sanguinosa repressione di Luciano Garibaldi<\/p><p><a class=\"more-link btn\" href=\"https:\/\/www.rassegnastampa-totustuus.it\/cattolica\/quei-tedeschi-che-non-volevano-hitler\/\">Continua a leggere<\/a><\/p>\n","protected":false},"author":6,"featured_media":17880,"comment_status":"closed","ping_status":"open","sticky":false,"template":"","format":"standard","meta":{"footnotes":""},"categories":[94,24],"tags":[1522],"class_list":["post-2673","post","type-post","status-publish","format-standard","has-post-thumbnail","hentry","category-nazionalsocialismo","category-storia","tag-opposizione-a-hitler","item-wrap"],"yoast_head":"<!-- This site is optimized with the Yoast SEO plugin v27.5 - https:\/\/yoast.com\/product\/yoast-seo-wordpress\/ -->\n<title>Quei tedeschi che non volevano Hitler - Rassegna Stampa Cattolica<\/title>\n<meta name=\"description\" content=\"Rassegna Stampa Cattolica - Per una cultura che nasce dalla Rivelazione cristiana in conformit\u00e0 alla tradizione e al Magistero della Chiesa in opposizione ad ogni relativismo e totalitarismo\" \/>\n<meta name=\"robots\" content=\"index, follow, max-snippet:-1, max-image-preview:large, max-video-preview:-1\" \/>\n<link rel=\"canonical\" href=\"https:\/\/www.rassegnastampa-totustuus.it\/cattolica\/quei-tedeschi-che-non-volevano-hitler\/\" \/>\n<meta property=\"og:locale\" content=\"it_IT\" \/>\n<meta property=\"og:type\" content=\"article\" \/>\n<meta property=\"og:title\" content=\"Quei tedeschi che non volevano Hitler - Rassegna Stampa Cattolica\" \/>\n<meta property=\"og:description\" content=\"Rassegna Stampa Cattolica - Per una cultura che nasce dalla Rivelazione cristiana in conformit\u00e0 alla tradizione e al Magistero della Chiesa in opposizione ad ogni relativismo e totalitarismo\" \/>\n<meta property=\"og:url\" content=\"https:\/\/www.rassegnastampa-totustuus.it\/cattolica\/quei-tedeschi-che-non-volevano-hitler\/\" \/>\n<meta property=\"og:site_name\" content=\"Rassegna Stampa Cattolica\" \/>\n<meta property=\"article:publisher\" content=\"https:\/\/www.facebook.com\/rassegnastampacattolica\" \/>\n<meta property=\"article:published_time\" content=\"2009-02-27T11:20:18+00:00\" \/>\n<meta property=\"article:modified_time\" content=\"2015-01-27T16:22:57+00:00\" \/>\n<meta property=\"og:image\" content=\"https:\/\/www.rassegnastampa-totustuus.it\/cattolica\/wp-content\/uploads\/2009\/02\/rosa-bianca.jpg\" \/>\n\t<meta property=\"og:image:width\" content=\"192\" \/>\n\t<meta property=\"og:image:height\" content=\"262\" \/>\n\t<meta property=\"og:image:type\" content=\"image\/jpeg\" \/>\n<meta name=\"author\" content=\"Redazione\" \/>\n<meta name=\"twitter:card\" content=\"summary_large_image\" \/>\n<meta name=\"twitter:creator\" content=\"@rassegnastampa9\" \/>\n<meta name=\"twitter:site\" content=\"@rassegnastampa9\" \/>\n<meta name=\"twitter:label1\" content=\"Scritto da\" \/>\n\t<meta name=\"twitter:data1\" content=\"Redazione\" \/>\n\t<meta name=\"twitter:label2\" content=\"Tempo di lettura stimato\" \/>\n\t<meta name=\"twitter:data2\" content=\"8 minuti\" \/>\n<script type=\"application\/ld+json\" class=\"yoast-schema-graph\">{\"@context\":\"https:\\\/\\\/schema.org\",\"@graph\":[{\"@type\":\"Article\",\"@id\":\"https:\\\/\\\/www.rassegnastampa-totustuus.it\\\/cattolica\\\/quei-tedeschi-che-non-volevano-hitler\\\/#article\",\"isPartOf\":{\"@id\":\"https:\\\/\\\/www.rassegnastampa-totustuus.it\\\/cattolica\\\/quei-tedeschi-che-non-volevano-hitler\\\/\"},\"author\":{\"name\":\"Redazione\",\"@id\":\"https:\\\/\\\/www.rassegnastampa-totustuus.it\\\/cattolica\\\/#\\\/schema\\\/person\\\/08f319d2bd1a0904ad9e2bfb7b15e5c3\"},\"headline\":\"Quei tedeschi che non volevano Hitler\",\"datePublished\":\"2009-02-27T11:20:18+00:00\",\"dateModified\":\"2015-01-27T16:22:57+00:00\",\"mainEntityOfPage\":{\"@id\":\"https:\\\/\\\/www.rassegnastampa-totustuus.it\\\/cattolica\\\/quei-tedeschi-che-non-volevano-hitler\\\/\"},\"wordCount\":1741,\"publisher\":{\"@id\":\"https:\\\/\\\/www.rassegnastampa-totustuus.it\\\/cattolica\\\/#organization\"},\"image\":{\"@id\":\"https:\\\/\\\/www.rassegnastampa-totustuus.it\\\/cattolica\\\/quei-tedeschi-che-non-volevano-hitler\\\/#primaryimage\"},\"thumbnailUrl\":\"https:\\\/\\\/www.rassegnastampa-totustuus.it\\\/cattolica\\\/wp-content\\\/uploads\\\/2009\\\/02\\\/rosa-bianca.jpg\",\"keywords\":[\"opposizione a Hitler\"],\"articleSection\":[\"Nazionalsocialismo\",\"Storia\"],\"inLanguage\":\"it-IT\"},{\"@type\":\"WebPage\",\"@id\":\"https:\\\/\\\/www.rassegnastampa-totustuus.it\\\/cattolica\\\/quei-tedeschi-che-non-volevano-hitler\\\/\",\"url\":\"https:\\\/\\\/www.rassegnastampa-totustuus.it\\\/cattolica\\\/quei-tedeschi-che-non-volevano-hitler\\\/\",\"name\":\"Quei tedeschi che non volevano Hitler - Rassegna Stampa Cattolica\",\"isPartOf\":{\"@id\":\"https:\\\/\\\/www.rassegnastampa-totustuus.it\\\/cattolica\\\/#website\"},\"primaryImageOfPage\":{\"@id\":\"https:\\\/\\\/www.rassegnastampa-totustuus.it\\\/cattolica\\\/quei-tedeschi-che-non-volevano-hitler\\\/#primaryimage\"},\"image\":{\"@id\":\"https:\\\/\\\/www.rassegnastampa-totustuus.it\\\/cattolica\\\/quei-tedeschi-che-non-volevano-hitler\\\/#primaryimage\"},\"thumbnailUrl\":\"https:\\\/\\\/www.rassegnastampa-totustuus.it\\\/cattolica\\\/wp-content\\\/uploads\\\/2009\\\/02\\\/rosa-bianca.jpg\",\"datePublished\":\"2009-02-27T11:20:18+00:00\",\"dateModified\":\"2015-01-27T16:22:57+00:00\",\"description\":\"Rassegna Stampa Cattolica - Per una cultura che nasce dalla Rivelazione cristiana in conformit\u00e0 alla tradizione e al Magistero della Chiesa in opposizione ad ogni relativismo e totalitarismo\",\"breadcrumb\":{\"@id\":\"https:\\\/\\\/www.rassegnastampa-totustuus.it\\\/cattolica\\\/quei-tedeschi-che-non-volevano-hitler\\\/#breadcrumb\"},\"inLanguage\":\"it-IT\",\"potentialAction\":[{\"@type\":\"ReadAction\",\"target\":[\"https:\\\/\\\/www.rassegnastampa-totustuus.it\\\/cattolica\\\/quei-tedeschi-che-non-volevano-hitler\\\/\"]}]},{\"@type\":\"ImageObject\",\"inLanguage\":\"it-IT\",\"@id\":\"https:\\\/\\\/www.rassegnastampa-totustuus.it\\\/cattolica\\\/quei-tedeschi-che-non-volevano-hitler\\\/#primaryimage\",\"url\":\"https:\\\/\\\/www.rassegnastampa-totustuus.it\\\/cattolica\\\/wp-content\\\/uploads\\\/2009\\\/02\\\/rosa-bianca.jpg\",\"contentUrl\":\"https:\\\/\\\/www.rassegnastampa-totustuus.it\\\/cattolica\\\/wp-content\\\/uploads\\\/2009\\\/02\\\/rosa-bianca.jpg\",\"width\":192,\"height\":262},{\"@type\":\"BreadcrumbList\",\"@id\":\"https:\\\/\\\/www.rassegnastampa-totustuus.it\\\/cattolica\\\/quei-tedeschi-che-non-volevano-hitler\\\/#breadcrumb\",\"itemListElement\":[{\"@type\":\"ListItem\",\"position\":1,\"name\":\"Home\",\"item\":\"https:\\\/\\\/www.rassegnastampa-totustuus.it\\\/cattolica\\\/\"},{\"@type\":\"ListItem\",\"position\":2,\"name\":\"Quei tedeschi che non volevano Hitler\"}]},{\"@type\":\"WebSite\",\"@id\":\"https:\\\/\\\/www.rassegnastampa-totustuus.it\\\/cattolica\\\/#website\",\"url\":\"https:\\\/\\\/www.rassegnastampa-totustuus.it\\\/cattolica\\\/\",\"name\":\"Rassegna Stampa Cattolica\",\"description\":\"Per una cultura che nasce dalla Rivelazione cristiana in conformit\u00e0 alla tradizione e al Magistero della Chiesa in opposizione ad ogni relativismo e totalitarismo\",\"publisher\":{\"@id\":\"https:\\\/\\\/www.rassegnastampa-totustuus.it\\\/cattolica\\\/#organization\"},\"alternateName\":\"Rass. Cattolica\",\"potentialAction\":[{\"@type\":\"SearchAction\",\"target\":{\"@type\":\"EntryPoint\",\"urlTemplate\":\"https:\\\/\\\/www.rassegnastampa-totustuus.it\\\/cattolica\\\/?s={search_term_string}\"},\"query-input\":{\"@type\":\"PropertyValueSpecification\",\"valueRequired\":true,\"valueName\":\"search_term_string\"}}],\"inLanguage\":\"it-IT\"},{\"@type\":\"Organization\",\"@id\":\"https:\\\/\\\/www.rassegnastampa-totustuus.it\\\/cattolica\\\/#organization\",\"name\":\"Rassegna Stampa Cattolica\",\"url\":\"https:\\\/\\\/www.rassegnastampa-totustuus.it\\\/cattolica\\\/\",\"logo\":{\"@type\":\"ImageObject\",\"inLanguage\":\"it-IT\",\"@id\":\"https:\\\/\\\/www.rassegnastampa-totustuus.it\\\/cattolica\\\/#\\\/schema\\\/logo\\\/image\\\/\",\"url\":\"https:\\\/\\\/www.rassegnastampa-totustuus.it\\\/cattolica\\\/wp-content\\\/uploads\\\/2014\\\/04\\\/logo-rassegna1.gif\",\"contentUrl\":\"https:\\\/\\\/www.rassegnastampa-totustuus.it\\\/cattolica\\\/wp-content\\\/uploads\\\/2014\\\/04\\\/logo-rassegna1.gif\",\"width\":600,\"height\":163,\"caption\":\"Rassegna Stampa Cattolica\"},\"image\":{\"@id\":\"https:\\\/\\\/www.rassegnastampa-totustuus.it\\\/cattolica\\\/#\\\/schema\\\/logo\\\/image\\\/\"},\"sameAs\":[\"https:\\\/\\\/www.facebook.com\\\/rassegnastampacattolica\",\"https:\\\/\\\/x.com\\\/rassegnastampa9\"]},{\"@type\":\"Person\",\"@id\":\"https:\\\/\\\/www.rassegnastampa-totustuus.it\\\/cattolica\\\/#\\\/schema\\\/person\\\/08f319d2bd1a0904ad9e2bfb7b15e5c3\",\"name\":\"Redazione\",\"image\":{\"@type\":\"ImageObject\",\"inLanguage\":\"it-IT\",\"@id\":\"https:\\\/\\\/secure.gravatar.com\\\/avatar\\\/2fcdf27c78ea025fbdb44e914cc63c72249ffec9dc8aafd5c82b26240ef3f346?s=96&d=mm&r=g\",\"url\":\"https:\\\/\\\/secure.gravatar.com\\\/avatar\\\/2fcdf27c78ea025fbdb44e914cc63c72249ffec9dc8aafd5c82b26240ef3f346?s=96&d=mm&r=g\",\"contentUrl\":\"https:\\\/\\\/secure.gravatar.com\\\/avatar\\\/2fcdf27c78ea025fbdb44e914cc63c72249ffec9dc8aafd5c82b26240ef3f346?s=96&d=mm&r=g\",\"caption\":\"Redazione\"},\"url\":\"https:\\\/\\\/www.rassegnastampa-totustuus.it\\\/cattolica\\\/author\\\/pietroelle\\\/\"}]}<\/script>\n<!-- \/ Yoast SEO plugin. -->","yoast_head_json":{"title":"Quei tedeschi che non volevano Hitler - Rassegna Stampa Cattolica","description":"Rassegna Stampa Cattolica - Per una cultura che nasce dalla Rivelazione cristiana in conformit\u00e0 alla tradizione e al Magistero della Chiesa in opposizione ad ogni relativismo e totalitarismo","robots":{"index":"index","follow":"follow","max-snippet":"max-snippet:-1","max-image-preview":"max-image-preview:large","max-video-preview":"max-video-preview:-1"},"canonical":"https:\/\/www.rassegnastampa-totustuus.it\/cattolica\/quei-tedeschi-che-non-volevano-hitler\/","og_locale":"it_IT","og_type":"article","og_title":"Quei tedeschi che non volevano Hitler - Rassegna Stampa Cattolica","og_description":"Rassegna Stampa Cattolica - Per una cultura che nasce dalla Rivelazione cristiana in conformit\u00e0 alla tradizione e al Magistero della Chiesa in opposizione ad ogni relativismo e totalitarismo","og_url":"https:\/\/www.rassegnastampa-totustuus.it\/cattolica\/quei-tedeschi-che-non-volevano-hitler\/","og_site_name":"Rassegna Stampa Cattolica","article_publisher":"https:\/\/www.facebook.com\/rassegnastampacattolica","article_published_time":"2009-02-27T11:20:18+00:00","article_modified_time":"2015-01-27T16:22:57+00:00","og_image":[{"width":192,"height":262,"url":"https:\/\/www.rassegnastampa-totustuus.it\/cattolica\/wp-content\/uploads\/2009\/02\/rosa-bianca.jpg","type":"image\/jpeg"}],"author":"Redazione","twitter_card":"summary_large_image","twitter_creator":"@rassegnastampa9","twitter_site":"@rassegnastampa9","twitter_misc":{"Scritto da":"Redazione","Tempo di lettura stimato":"8 minuti"},"schema":{"@context":"https:\/\/schema.org","@graph":[{"@type":"Article","@id":"https:\/\/www.rassegnastampa-totustuus.it\/cattolica\/quei-tedeschi-che-non-volevano-hitler\/#article","isPartOf":{"@id":"https:\/\/www.rassegnastampa-totustuus.it\/cattolica\/quei-tedeschi-che-non-volevano-hitler\/"},"author":{"name":"Redazione","@id":"https:\/\/www.rassegnastampa-totustuus.it\/cattolica\/#\/schema\/person\/08f319d2bd1a0904ad9e2bfb7b15e5c3"},"headline":"Quei tedeschi che non volevano Hitler","datePublished":"2009-02-27T11:20:18+00:00","dateModified":"2015-01-27T16:22:57+00:00","mainEntityOfPage":{"@id":"https:\/\/www.rassegnastampa-totustuus.it\/cattolica\/quei-tedeschi-che-non-volevano-hitler\/"},"wordCount":1741,"publisher":{"@id":"https:\/\/www.rassegnastampa-totustuus.it\/cattolica\/#organization"},"image":{"@id":"https:\/\/www.rassegnastampa-totustuus.it\/cattolica\/quei-tedeschi-che-non-volevano-hitler\/#primaryimage"},"thumbnailUrl":"https:\/\/www.rassegnastampa-totustuus.it\/cattolica\/wp-content\/uploads\/2009\/02\/rosa-bianca.jpg","keywords":["opposizione a Hitler"],"articleSection":["Nazionalsocialismo","Storia"],"inLanguage":"it-IT"},{"@type":"WebPage","@id":"https:\/\/www.rassegnastampa-totustuus.it\/cattolica\/quei-tedeschi-che-non-volevano-hitler\/","url":"https:\/\/www.rassegnastampa-totustuus.it\/cattolica\/quei-tedeschi-che-non-volevano-hitler\/","name":"Quei tedeschi che non volevano Hitler - Rassegna Stampa Cattolica","isPartOf":{"@id":"https:\/\/www.rassegnastampa-totustuus.it\/cattolica\/#website"},"primaryImageOfPage":{"@id":"https:\/\/www.rassegnastampa-totustuus.it\/cattolica\/quei-tedeschi-che-non-volevano-hitler\/#primaryimage"},"image":{"@id":"https:\/\/www.rassegnastampa-totustuus.it\/cattolica\/quei-tedeschi-che-non-volevano-hitler\/#primaryimage"},"thumbnailUrl":"https:\/\/www.rassegnastampa-totustuus.it\/cattolica\/wp-content\/uploads\/2009\/02\/rosa-bianca.jpg","datePublished":"2009-02-27T11:20:18+00:00","dateModified":"2015-01-27T16:22:57+00:00","description":"Rassegna Stampa Cattolica - Per una cultura che nasce dalla Rivelazione cristiana in conformit\u00e0 alla tradizione e al Magistero della Chiesa in opposizione ad ogni relativismo e totalitarismo","breadcrumb":{"@id":"https:\/\/www.rassegnastampa-totustuus.it\/cattolica\/quei-tedeschi-che-non-volevano-hitler\/#breadcrumb"},"inLanguage":"it-IT","potentialAction":[{"@type":"ReadAction","target":["https:\/\/www.rassegnastampa-totustuus.it\/cattolica\/quei-tedeschi-che-non-volevano-hitler\/"]}]},{"@type":"ImageObject","inLanguage":"it-IT","@id":"https:\/\/www.rassegnastampa-totustuus.it\/cattolica\/quei-tedeschi-che-non-volevano-hitler\/#primaryimage","url":"https:\/\/www.rassegnastampa-totustuus.it\/cattolica\/wp-content\/uploads\/2009\/02\/rosa-bianca.jpg","contentUrl":"https:\/\/www.rassegnastampa-totustuus.it\/cattolica\/wp-content\/uploads\/2009\/02\/rosa-bianca.jpg","width":192,"height":262},{"@type":"BreadcrumbList","@id":"https:\/\/www.rassegnastampa-totustuus.it\/cattolica\/quei-tedeschi-che-non-volevano-hitler\/#breadcrumb","itemListElement":[{"@type":"ListItem","position":1,"name":"Home","item":"https:\/\/www.rassegnastampa-totustuus.it\/cattolica\/"},{"@type":"ListItem","position":2,"name":"Quei tedeschi che non volevano Hitler"}]},{"@type":"WebSite","@id":"https:\/\/www.rassegnastampa-totustuus.it\/cattolica\/#website","url":"https:\/\/www.rassegnastampa-totustuus.it\/cattolica\/","name":"Rassegna Stampa Cattolica","description":"Per una cultura che nasce dalla Rivelazione cristiana in conformit\u00e0 alla tradizione e al Magistero della Chiesa in opposizione ad ogni relativismo e totalitarismo","publisher":{"@id":"https:\/\/www.rassegnastampa-totustuus.it\/cattolica\/#organization"},"alternateName":"Rass. Cattolica","potentialAction":[{"@type":"SearchAction","target":{"@type":"EntryPoint","urlTemplate":"https:\/\/www.rassegnastampa-totustuus.it\/cattolica\/?s={search_term_string}"},"query-input":{"@type":"PropertyValueSpecification","valueRequired":true,"valueName":"search_term_string"}}],"inLanguage":"it-IT"},{"@type":"Organization","@id":"https:\/\/www.rassegnastampa-totustuus.it\/cattolica\/#organization","name":"Rassegna Stampa Cattolica","url":"https:\/\/www.rassegnastampa-totustuus.it\/cattolica\/","logo":{"@type":"ImageObject","inLanguage":"it-IT","@id":"https:\/\/www.rassegnastampa-totustuus.it\/cattolica\/#\/schema\/logo\/image\/","url":"https:\/\/www.rassegnastampa-totustuus.it\/cattolica\/wp-content\/uploads\/2014\/04\/logo-rassegna1.gif","contentUrl":"https:\/\/www.rassegnastampa-totustuus.it\/cattolica\/wp-content\/uploads\/2014\/04\/logo-rassegna1.gif","width":600,"height":163,"caption":"Rassegna Stampa Cattolica"},"image":{"@id":"https:\/\/www.rassegnastampa-totustuus.it\/cattolica\/#\/schema\/logo\/image\/"},"sameAs":["https:\/\/www.facebook.com\/rassegnastampacattolica","https:\/\/x.com\/rassegnastampa9"]},{"@type":"Person","@id":"https:\/\/www.rassegnastampa-totustuus.it\/cattolica\/#\/schema\/person\/08f319d2bd1a0904ad9e2bfb7b15e5c3","name":"Redazione","image":{"@type":"ImageObject","inLanguage":"it-IT","@id":"https:\/\/secure.gravatar.com\/avatar\/2fcdf27c78ea025fbdb44e914cc63c72249ffec9dc8aafd5c82b26240ef3f346?s=96&d=mm&r=g","url":"https:\/\/secure.gravatar.com\/avatar\/2fcdf27c78ea025fbdb44e914cc63c72249ffec9dc8aafd5c82b26240ef3f346?s=96&d=mm&r=g","contentUrl":"https:\/\/secure.gravatar.com\/avatar\/2fcdf27c78ea025fbdb44e914cc63c72249ffec9dc8aafd5c82b26240ef3f346?s=96&d=mm&r=g","caption":"Redazione"},"url":"https:\/\/www.rassegnastampa-totustuus.it\/cattolica\/author\/pietroelle\/"}]}},"_links":{"self":[{"href":"https:\/\/www.rassegnastampa-totustuus.it\/cattolica\/wp-json\/wp\/v2\/posts\/2673","targetHints":{"allow":["GET"]}}],"collection":[{"href":"https:\/\/www.rassegnastampa-totustuus.it\/cattolica\/wp-json\/wp\/v2\/posts"}],"about":[{"href":"https:\/\/www.rassegnastampa-totustuus.it\/cattolica\/wp-json\/wp\/v2\/types\/post"}],"author":[{"embeddable":true,"href":"https:\/\/www.rassegnastampa-totustuus.it\/cattolica\/wp-json\/wp\/v2\/users\/6"}],"replies":[{"embeddable":true,"href":"https:\/\/www.rassegnastampa-totustuus.it\/cattolica\/wp-json\/wp\/v2\/comments?post=2673"}],"version-history":[{"count":3,"href":"https:\/\/www.rassegnastampa-totustuus.it\/cattolica\/wp-json\/wp\/v2\/posts\/2673\/revisions"}],"predecessor-version":[{"id":17881,"href":"https:\/\/www.rassegnastampa-totustuus.it\/cattolica\/wp-json\/wp\/v2\/posts\/2673\/revisions\/17881"}],"wp:featuredmedia":[{"embeddable":true,"href":"https:\/\/www.rassegnastampa-totustuus.it\/cattolica\/wp-json\/wp\/v2\/media\/17880"}],"wp:attachment":[{"href":"https:\/\/www.rassegnastampa-totustuus.it\/cattolica\/wp-json\/wp\/v2\/media?parent=2673"}],"wp:term":[{"taxonomy":"category","embeddable":true,"href":"https:\/\/www.rassegnastampa-totustuus.it\/cattolica\/wp-json\/wp\/v2\/categories?post=2673"},{"taxonomy":"post_tag","embeddable":true,"href":"https:\/\/www.rassegnastampa-totustuus.it\/cattolica\/wp-json\/wp\/v2\/tags?post=2673"}],"curies":[{"name":"wp","href":"https:\/\/api.w.org\/{rel}","templated":true}]}}