{"id":26724,"date":"2015-09-02T15:57:21","date_gmt":"2015-09-02T13:57:21","guid":{"rendered":"http:\/\/www.rassegnastampa-totustuus.it\/cattolica\/?p=26724"},"modified":"2015-09-02T15:57:21","modified_gmt":"2015-09-02T13:57:21","slug":"limbecille-giovanile","status":"publish","type":"post","link":"https:\/\/www.rassegnastampa-totustuus.it\/cattolica\/limbecille-giovanile\/","title":{"rendered":"L&#8217;imbecille giovanile"},"content":{"rendered":"<p style=\"text-align: center;\"><em><strong><a href=\"https:\/\/www.rassegnastampa-totustuus.it\/cattolica\/wp-content\/uploads\/2015\/09\/giovani.jpg\"><img loading=\"lazy\" decoding=\"async\" class=\"alignleft wp-image-26725\" src=\"https:\/\/www.rassegnastampa-totustuus.it\/cattolica\/wp-content\/uploads\/2015\/09\/giovani.jpg\" alt=\"giovani\" width=\"250\" height=\"166\" \/><\/a>Jornal da Tarde<\/strong><\/em><em>,<\/em> San Paolo, 3 aprile 1998<\/p>\n<p style=\"text-align: center;\">\u00a0<strong>Olavo de Carvalho<\/strong><strong>\u00a0<\/strong><\/p>\n<p style=\"text-align: justify;\">Ho creduto gi\u00e0 in molte menzogne, ma ce ne \u00e8 una alla quale sempre sono stato immune: quella che celebra la giovent\u00f9 come una epoca di ribellione, di indipendenza, di amore alla libert\u00e0. Non ho dato credito a tale scemenza neppure quando, io stesso giovane, essa mi lusingava. Al contrario, presto mi impressionarono profondamente, nella condotta dei miei compagni di generazione, lo spirito del gregge, la paura dell&#8217;isolamento, l&#8217;asservimento alla voce corrente, l&#8217;ansia di sentirsi uguali e accettati dalla maggioranza cinica e autoritaria, la disposizione a cedere tutto, a prostituire tutto in cambio di un posticino da neofita nel gruppo dei tipi &#8220;giusti&#8221;.<\/p>\n<p style=\"text-align: justify;\"><!--more--><\/p>\n<p style=\"text-align: justify;\">Il giovane, \u00e8 vero, si ribella molte volte contro genitori e professori, ma \u00e8 perch\u00e8 sa che in fondo stanno dalla sua parte e mai restituiranno le sue aggressioni con forza totale. La lotta contro i genitori \u00e8 un teatrino, un gioco di carte truccate, nel quale uno dei contendenti lotta per vincere e l&#8217;altro per aiutarlo a vincere.<\/p>\n<p style=\"text-align: justify;\">Molto diversa \u00e8 la situazione del giovane davanti a quelli della sua generazione, che non hanno con lui le stesse compiacenze del paternalismo. Invece di proteggerlo, questa massa confusionaria e cinica riceve il novizio con disprezzo e ostilit\u00e0 che gli mostrano, da subito, la necessit\u00e0 di obbedire per non soccombere. E\u2019 proprio dai suoi compagni di generazione che ottiene la prima esperienza di un confronto con il <em>potere<\/em>, senza la mediazione di quella differenza di et\u00e0 che d\u00e0 diritto a sconti e attenuanti. E\u2019 il regno del pi\u00f9 forte, dei pi\u00f9 sfacciati che si afferma con tutta la sua crudezza sulla fragilit\u00e0 dell&#8217;ultimo arrivato, imponendogli prove ed esigenze prima di accettarlo come membro dell&#8217;orda. A quanti riti, a quanti protocolli, a quante umiliazioni non si sottomette il postulante per sfuggire alla prospettiva terrorizzante del rifiuto, dell&#8217;isolamento&#8230; Per non essere restituito, impotente e umiliato, alle braccia della mamma, egli deve superare un esame che esige da lui flessibilit\u00e0 piuttosto che coraggio, capacit\u00e0 di modellarsi ai capricci della maggioranza \u00be la soppressione, insomma, della personalit\u00e0.<\/p>\n<p style=\"text-align: justify;\">E\u2019 vero che egli si sottomette a tutto ci\u00f2 con piacere, con l&#8217;ansia dell&#8217;innamorato che far\u00e1 di tutto in cambio di un sorriso compiacente. La massa dei compagni di generazione rappresenta, in fondo, il mondo, il mondo grande in cui l&#8217;adolescente, emergendo dal piccolo mondo domestico, chiede di entrare. E l&#8217;ingresso costa caro. Il candidato deve, da subito, imparare tutto un vocabolario di parole, di gesti, di sguardi, tutto un codice di parole d&#8217;ordine e simboli: il minimo errore espone al ridicolo, e la regola del gioco \u00e8 in generale implicita, dovendo essere indovinata pi\u00f9 che conosciuta, scimmiottata pi\u00f9 che indovinata. Il modo di apprendimento \u00e8 sempre l&#8217;imitazione \u00be letterale, servile e senza domande. L&#8217;ingresso nel mondo giovanile spara a tutta velocit\u00e0 il motore di tutti gli sviamenti umani: il <em>desiderio mimetico<\/em> del quale parla Ren\u00e8 Girard, dove l&#8217;oggetto non attrae per le sue qualit\u00e0 intrinseche ma per essere desiderato simultaneamente per un altro, che Girard chiama il <em>mediatore<\/em>.<\/p>\n<p style=\"text-align: justify;\">Non deve meravigliare che il rito di ingresso nel gruppo, costando un cos\u00ec alto investimento psicologico, termini col portare il giovane alla completa esasperazione impedendogli per\u00f2, al contempo, di spargere il suo risentimento sul gruppo stesso, oggetto dell&#8217;amore che si desidera, e che ha pertanto il dono di trasfigurare ogni impulso di rancore in un nuovo investimento amoroso.<\/p>\n<p style=\"text-align: justify;\">Dove, quindi, si volger\u00e0 il rancore, se non verso la direzione meno pericolosa? La famiglia appare come il capro espiatorio provvidenziale di tutti i fallimenti del giovane nel suo rito di passaggio. Se egli non riesce ad essere accettato nel gruppo, l&#8217;ultima cosa che gli verr\u00e0 in mente sar\u00e0 quella di attribuire la colpa alla sua situazione, alla fatuit\u00e0 e al cinismo di chi lo rigetta. In una inversione crudele, la colpa delle sue umiliazioni non sar\u00e0 data a chi si rifiuta di accettarlo come uomo, ma a coloro che lo accettano come bambino. La famiglia, che tutto gli ha dato, pagher\u00e0 per le malvagit\u00e0 dell&#8217;orda che tutto gli esige. Ecco a cosa si riduce la famosa ribellione dell&#8217;adolescente: amore al pi\u00f9 forte che lo disprezza, disprezzo per il pi\u00f9 debole che lo ama.<\/p>\n<p style=\"text-align: justify;\">Tutti i cambiamenti si danno nella penombra, nella zona indistinta tra l&#8217;essere e il non essere: il giovane in transito tra ci\u00f2 che non \u00e8 e ci\u00f2 che non \u00e8 ancora, \u00e8, per fatalit\u00e0, incosciente di s\u00e9, della sua situazione, delle paternit\u00e0 e delle colpe di quanto si passa dentro e intorno a lui. I suoi giudizi sono quasi sempre una inversione completa della realt\u00e0. Ecco il motivo per il quale la giovent\u00f9, da quando la codardia degli adulti ha dato loro autorit\u00e0 per fare il bello e il cattivo tempo, \u00e8 stata sempre all&#8217;avanguardia di tutti gli errori e le perversit\u00e0 del secolo: nazismo, fascismo, comunismo, sette pseudo-religiose, consumo di droga. Sono sempre i giovani che stanno un passo avanti nella direzione del peggio.<\/p>\n<p style=\"text-align: justify;\">Un mondo che affida il suo futuro al discernimento dei giovani \u00e8 un mondo vecchio e stanco, che gi\u00e0 non ha pi\u00f9 nessun futuro<\/p>\n","protected":false},"excerpt":{"rendered":"<p>Jornal da Tarde, San Paolo, 3 aprile 1998 \u00a0Olavo de Carvalho\u00a0 Ho creduto gi\u00e0 in molte menzogne, ma ce ne \u00e8 una alla quale sempre sono stato immune: quella che celebra la giovent\u00f9 come una epoca di ribellione, di indipendenza, di amore alla libert\u00e0. Non ho dato credito a tale scemenza neppure quando, io stesso &hellip; <\/p>\n<p><a class=\"more-link btn\" href=\"https:\/\/www.rassegnastampa-totustuus.it\/cattolica\/limbecille-giovanile\/\">Continua a leggere<\/a><\/p>\n","protected":false},"author":6,"featured_media":26725,"comment_status":"closed","ping_status":"closed","sticky":false,"template":"","format":"standard","meta":{"footnotes":""},"categories":[7,25],"tags":[573,2259],"class_list":["post-26724","post","type-post","status-publish","format-standard","has-post-thumbnail","hentry","category-costume","category-sguardo-sul-nostro-tempo","tag-giovani","tag-giovanilismo","item-wrap"],"yoast_head":"<!-- This site is optimized with the Yoast SEO plugin v27.5 - https:\/\/yoast.com\/product\/yoast-seo-wordpress\/ -->\n<title>L&#039;imbecille giovanile - Rassegna Stampa Cattolica<\/title>\n<meta name=\"description\" content=\"Rassegna Stampa Cattolica - Per una cultura che nasce dalla Rivelazione cristiana in conformit\u00e0 alla tradizione e al Magistero della Chiesa in opposizione ad ogni relativismo e totalitarismo\" \/>\n<meta name=\"robots\" content=\"index, follow, max-snippet:-1, max-image-preview:large, max-video-preview:-1\" \/>\n<link rel=\"canonical\" href=\"https:\/\/www.rassegnastampa-totustuus.it\/cattolica\/limbecille-giovanile\/\" \/>\n<meta property=\"og:locale\" content=\"it_IT\" \/>\n<meta property=\"og:type\" content=\"article\" \/>\n<meta property=\"og:title\" content=\"L&#039;imbecille giovanile - Rassegna Stampa Cattolica\" \/>\n<meta property=\"og:description\" content=\"Rassegna Stampa Cattolica - Per una cultura che nasce dalla Rivelazione cristiana in conformit\u00e0 alla tradizione e al Magistero della Chiesa in opposizione ad ogni relativismo e totalitarismo\" \/>\n<meta property=\"og:url\" content=\"https:\/\/www.rassegnastampa-totustuus.it\/cattolica\/limbecille-giovanile\/\" \/>\n<meta property=\"og:site_name\" content=\"Rassegna Stampa Cattolica\" \/>\n<meta property=\"article:publisher\" content=\"https:\/\/www.facebook.com\/rassegnastampacattolica\" \/>\n<meta property=\"article:published_time\" content=\"2015-09-02T13:57:21+00:00\" \/>\n<meta property=\"og:image\" content=\"https:\/\/www.rassegnastampa-totustuus.it\/cattolica\/wp-content\/uploads\/2015\/09\/giovani.jpg\" \/>\n\t<meta property=\"og:image:width\" content=\"275\" \/>\n\t<meta property=\"og:image:height\" content=\"183\" \/>\n\t<meta property=\"og:image:type\" content=\"image\/jpeg\" \/>\n<meta name=\"author\" content=\"Redazione\" \/>\n<meta name=\"twitter:card\" content=\"summary_large_image\" \/>\n<meta name=\"twitter:creator\" content=\"@rassegnastampa9\" \/>\n<meta name=\"twitter:site\" content=\"@rassegnastampa9\" \/>\n<meta name=\"twitter:label1\" content=\"Scritto da\" \/>\n\t<meta name=\"twitter:data1\" content=\"Redazione\" \/>\n\t<meta name=\"twitter:label2\" content=\"Tempo di lettura stimato\" \/>\n\t<meta name=\"twitter:data2\" content=\"4 minuti\" \/>\n<script type=\"application\/ld+json\" class=\"yoast-schema-graph\">{\"@context\":\"https:\\\/\\\/schema.org\",\"@graph\":[{\"@type\":\"Article\",\"@id\":\"https:\\\/\\\/www.rassegnastampa-totustuus.it\\\/cattolica\\\/limbecille-giovanile\\\/#article\",\"isPartOf\":{\"@id\":\"https:\\\/\\\/www.rassegnastampa-totustuus.it\\\/cattolica\\\/limbecille-giovanile\\\/\"},\"author\":{\"name\":\"Redazione\",\"@id\":\"https:\\\/\\\/www.rassegnastampa-totustuus.it\\\/cattolica\\\/#\\\/schema\\\/person\\\/08f319d2bd1a0904ad9e2bfb7b15e5c3\"},\"headline\":\"L&#8217;imbecille giovanile\",\"datePublished\":\"2015-09-02T13:57:21+00:00\",\"mainEntityOfPage\":{\"@id\":\"https:\\\/\\\/www.rassegnastampa-totustuus.it\\\/cattolica\\\/limbecille-giovanile\\\/\"},\"wordCount\":854,\"publisher\":{\"@id\":\"https:\\\/\\\/www.rassegnastampa-totustuus.it\\\/cattolica\\\/#organization\"},\"image\":{\"@id\":\"https:\\\/\\\/www.rassegnastampa-totustuus.it\\\/cattolica\\\/limbecille-giovanile\\\/#primaryimage\"},\"thumbnailUrl\":\"https:\\\/\\\/www.rassegnastampa-totustuus.it\\\/cattolica\\\/wp-content\\\/uploads\\\/2015\\\/09\\\/giovani.jpg\",\"keywords\":[\"giovani\",\"giovanilismo\"],\"articleSection\":[\"Costume\",\"Sguardo sul nostro tempo\"],\"inLanguage\":\"it-IT\"},{\"@type\":\"WebPage\",\"@id\":\"https:\\\/\\\/www.rassegnastampa-totustuus.it\\\/cattolica\\\/limbecille-giovanile\\\/\",\"url\":\"https:\\\/\\\/www.rassegnastampa-totustuus.it\\\/cattolica\\\/limbecille-giovanile\\\/\",\"name\":\"L'imbecille giovanile - Rassegna Stampa Cattolica\",\"isPartOf\":{\"@id\":\"https:\\\/\\\/www.rassegnastampa-totustuus.it\\\/cattolica\\\/#website\"},\"primaryImageOfPage\":{\"@id\":\"https:\\\/\\\/www.rassegnastampa-totustuus.it\\\/cattolica\\\/limbecille-giovanile\\\/#primaryimage\"},\"image\":{\"@id\":\"https:\\\/\\\/www.rassegnastampa-totustuus.it\\\/cattolica\\\/limbecille-giovanile\\\/#primaryimage\"},\"thumbnailUrl\":\"https:\\\/\\\/www.rassegnastampa-totustuus.it\\\/cattolica\\\/wp-content\\\/uploads\\\/2015\\\/09\\\/giovani.jpg\",\"datePublished\":\"2015-09-02T13:57:21+00:00\",\"description\":\"Rassegna Stampa Cattolica - Per una cultura che nasce dalla Rivelazione cristiana in conformit\u00e0 alla tradizione e al Magistero della Chiesa in opposizione ad ogni relativismo e totalitarismo\",\"breadcrumb\":{\"@id\":\"https:\\\/\\\/www.rassegnastampa-totustuus.it\\\/cattolica\\\/limbecille-giovanile\\\/#breadcrumb\"},\"inLanguage\":\"it-IT\",\"potentialAction\":[{\"@type\":\"ReadAction\",\"target\":[\"https:\\\/\\\/www.rassegnastampa-totustuus.it\\\/cattolica\\\/limbecille-giovanile\\\/\"]}]},{\"@type\":\"ImageObject\",\"inLanguage\":\"it-IT\",\"@id\":\"https:\\\/\\\/www.rassegnastampa-totustuus.it\\\/cattolica\\\/limbecille-giovanile\\\/#primaryimage\",\"url\":\"https:\\\/\\\/www.rassegnastampa-totustuus.it\\\/cattolica\\\/wp-content\\\/uploads\\\/2015\\\/09\\\/giovani.jpg\",\"contentUrl\":\"https:\\\/\\\/www.rassegnastampa-totustuus.it\\\/cattolica\\\/wp-content\\\/uploads\\\/2015\\\/09\\\/giovani.jpg\",\"width\":275,\"height\":183},{\"@type\":\"BreadcrumbList\",\"@id\":\"https:\\\/\\\/www.rassegnastampa-totustuus.it\\\/cattolica\\\/limbecille-giovanile\\\/#breadcrumb\",\"itemListElement\":[{\"@type\":\"ListItem\",\"position\":1,\"name\":\"Home\",\"item\":\"https:\\\/\\\/www.rassegnastampa-totustuus.it\\\/cattolica\\\/\"},{\"@type\":\"ListItem\",\"position\":2,\"name\":\"L&#8217;imbecille giovanile\"}]},{\"@type\":\"WebSite\",\"@id\":\"https:\\\/\\\/www.rassegnastampa-totustuus.it\\\/cattolica\\\/#website\",\"url\":\"https:\\\/\\\/www.rassegnastampa-totustuus.it\\\/cattolica\\\/\",\"name\":\"Rassegna Stampa Cattolica\",\"description\":\"Per una cultura che nasce dalla Rivelazione cristiana in conformit\u00e0 alla tradizione e al Magistero della Chiesa in opposizione ad ogni relativismo e totalitarismo\",\"publisher\":{\"@id\":\"https:\\\/\\\/www.rassegnastampa-totustuus.it\\\/cattolica\\\/#organization\"},\"alternateName\":\"Rass. Cattolica\",\"potentialAction\":[{\"@type\":\"SearchAction\",\"target\":{\"@type\":\"EntryPoint\",\"urlTemplate\":\"https:\\\/\\\/www.rassegnastampa-totustuus.it\\\/cattolica\\\/?s={search_term_string}\"},\"query-input\":{\"@type\":\"PropertyValueSpecification\",\"valueRequired\":true,\"valueName\":\"search_term_string\"}}],\"inLanguage\":\"it-IT\"},{\"@type\":\"Organization\",\"@id\":\"https:\\\/\\\/www.rassegnastampa-totustuus.it\\\/cattolica\\\/#organization\",\"name\":\"Rassegna Stampa Cattolica\",\"url\":\"https:\\\/\\\/www.rassegnastampa-totustuus.it\\\/cattolica\\\/\",\"logo\":{\"@type\":\"ImageObject\",\"inLanguage\":\"it-IT\",\"@id\":\"https:\\\/\\\/www.rassegnastampa-totustuus.it\\\/cattolica\\\/#\\\/schema\\\/logo\\\/image\\\/\",\"url\":\"https:\\\/\\\/www.rassegnastampa-totustuus.it\\\/cattolica\\\/wp-content\\\/uploads\\\/2014\\\/04\\\/logo-rassegna1.gif\",\"contentUrl\":\"https:\\\/\\\/www.rassegnastampa-totustuus.it\\\/cattolica\\\/wp-content\\\/uploads\\\/2014\\\/04\\\/logo-rassegna1.gif\",\"width\":600,\"height\":163,\"caption\":\"Rassegna Stampa Cattolica\"},\"image\":{\"@id\":\"https:\\\/\\\/www.rassegnastampa-totustuus.it\\\/cattolica\\\/#\\\/schema\\\/logo\\\/image\\\/\"},\"sameAs\":[\"https:\\\/\\\/www.facebook.com\\\/rassegnastampacattolica\",\"https:\\\/\\\/x.com\\\/rassegnastampa9\"]},{\"@type\":\"Person\",\"@id\":\"https:\\\/\\\/www.rassegnastampa-totustuus.it\\\/cattolica\\\/#\\\/schema\\\/person\\\/08f319d2bd1a0904ad9e2bfb7b15e5c3\",\"name\":\"Redazione\",\"image\":{\"@type\":\"ImageObject\",\"inLanguage\":\"it-IT\",\"@id\":\"https:\\\/\\\/secure.gravatar.com\\\/avatar\\\/2fcdf27c78ea025fbdb44e914cc63c72249ffec9dc8aafd5c82b26240ef3f346?s=96&d=mm&r=g\",\"url\":\"https:\\\/\\\/secure.gravatar.com\\\/avatar\\\/2fcdf27c78ea025fbdb44e914cc63c72249ffec9dc8aafd5c82b26240ef3f346?s=96&d=mm&r=g\",\"contentUrl\":\"https:\\\/\\\/secure.gravatar.com\\\/avatar\\\/2fcdf27c78ea025fbdb44e914cc63c72249ffec9dc8aafd5c82b26240ef3f346?s=96&d=mm&r=g\",\"caption\":\"Redazione\"},\"url\":\"https:\\\/\\\/www.rassegnastampa-totustuus.it\\\/cattolica\\\/author\\\/pietroelle\\\/\"}]}<\/script>\n<!-- \/ Yoast SEO plugin. -->","yoast_head_json":{"title":"L'imbecille giovanile - Rassegna Stampa Cattolica","description":"Rassegna Stampa Cattolica - Per una cultura che nasce dalla Rivelazione cristiana in conformit\u00e0 alla tradizione e al Magistero della Chiesa in opposizione ad ogni relativismo e totalitarismo","robots":{"index":"index","follow":"follow","max-snippet":"max-snippet:-1","max-image-preview":"max-image-preview:large","max-video-preview":"max-video-preview:-1"},"canonical":"https:\/\/www.rassegnastampa-totustuus.it\/cattolica\/limbecille-giovanile\/","og_locale":"it_IT","og_type":"article","og_title":"L'imbecille giovanile - Rassegna Stampa Cattolica","og_description":"Rassegna Stampa Cattolica - Per una cultura che nasce dalla Rivelazione cristiana in conformit\u00e0 alla tradizione e al Magistero della Chiesa in opposizione ad ogni relativismo e totalitarismo","og_url":"https:\/\/www.rassegnastampa-totustuus.it\/cattolica\/limbecille-giovanile\/","og_site_name":"Rassegna Stampa Cattolica","article_publisher":"https:\/\/www.facebook.com\/rassegnastampacattolica","article_published_time":"2015-09-02T13:57:21+00:00","og_image":[{"width":275,"height":183,"url":"https:\/\/www.rassegnastampa-totustuus.it\/cattolica\/wp-content\/uploads\/2015\/09\/giovani.jpg","type":"image\/jpeg"}],"author":"Redazione","twitter_card":"summary_large_image","twitter_creator":"@rassegnastampa9","twitter_site":"@rassegnastampa9","twitter_misc":{"Scritto da":"Redazione","Tempo di lettura stimato":"4 minuti"},"schema":{"@context":"https:\/\/schema.org","@graph":[{"@type":"Article","@id":"https:\/\/www.rassegnastampa-totustuus.it\/cattolica\/limbecille-giovanile\/#article","isPartOf":{"@id":"https:\/\/www.rassegnastampa-totustuus.it\/cattolica\/limbecille-giovanile\/"},"author":{"name":"Redazione","@id":"https:\/\/www.rassegnastampa-totustuus.it\/cattolica\/#\/schema\/person\/08f319d2bd1a0904ad9e2bfb7b15e5c3"},"headline":"L&#8217;imbecille giovanile","datePublished":"2015-09-02T13:57:21+00:00","mainEntityOfPage":{"@id":"https:\/\/www.rassegnastampa-totustuus.it\/cattolica\/limbecille-giovanile\/"},"wordCount":854,"publisher":{"@id":"https:\/\/www.rassegnastampa-totustuus.it\/cattolica\/#organization"},"image":{"@id":"https:\/\/www.rassegnastampa-totustuus.it\/cattolica\/limbecille-giovanile\/#primaryimage"},"thumbnailUrl":"https:\/\/www.rassegnastampa-totustuus.it\/cattolica\/wp-content\/uploads\/2015\/09\/giovani.jpg","keywords":["giovani","giovanilismo"],"articleSection":["Costume","Sguardo sul nostro tempo"],"inLanguage":"it-IT"},{"@type":"WebPage","@id":"https:\/\/www.rassegnastampa-totustuus.it\/cattolica\/limbecille-giovanile\/","url":"https:\/\/www.rassegnastampa-totustuus.it\/cattolica\/limbecille-giovanile\/","name":"L'imbecille giovanile - Rassegna Stampa Cattolica","isPartOf":{"@id":"https:\/\/www.rassegnastampa-totustuus.it\/cattolica\/#website"},"primaryImageOfPage":{"@id":"https:\/\/www.rassegnastampa-totustuus.it\/cattolica\/limbecille-giovanile\/#primaryimage"},"image":{"@id":"https:\/\/www.rassegnastampa-totustuus.it\/cattolica\/limbecille-giovanile\/#primaryimage"},"thumbnailUrl":"https:\/\/www.rassegnastampa-totustuus.it\/cattolica\/wp-content\/uploads\/2015\/09\/giovani.jpg","datePublished":"2015-09-02T13:57:21+00:00","description":"Rassegna Stampa Cattolica - Per una cultura che nasce dalla Rivelazione cristiana in conformit\u00e0 alla tradizione e al Magistero della Chiesa in opposizione ad ogni relativismo e totalitarismo","breadcrumb":{"@id":"https:\/\/www.rassegnastampa-totustuus.it\/cattolica\/limbecille-giovanile\/#breadcrumb"},"inLanguage":"it-IT","potentialAction":[{"@type":"ReadAction","target":["https:\/\/www.rassegnastampa-totustuus.it\/cattolica\/limbecille-giovanile\/"]}]},{"@type":"ImageObject","inLanguage":"it-IT","@id":"https:\/\/www.rassegnastampa-totustuus.it\/cattolica\/limbecille-giovanile\/#primaryimage","url":"https:\/\/www.rassegnastampa-totustuus.it\/cattolica\/wp-content\/uploads\/2015\/09\/giovani.jpg","contentUrl":"https:\/\/www.rassegnastampa-totustuus.it\/cattolica\/wp-content\/uploads\/2015\/09\/giovani.jpg","width":275,"height":183},{"@type":"BreadcrumbList","@id":"https:\/\/www.rassegnastampa-totustuus.it\/cattolica\/limbecille-giovanile\/#breadcrumb","itemListElement":[{"@type":"ListItem","position":1,"name":"Home","item":"https:\/\/www.rassegnastampa-totustuus.it\/cattolica\/"},{"@type":"ListItem","position":2,"name":"L&#8217;imbecille giovanile"}]},{"@type":"WebSite","@id":"https:\/\/www.rassegnastampa-totustuus.it\/cattolica\/#website","url":"https:\/\/www.rassegnastampa-totustuus.it\/cattolica\/","name":"Rassegna Stampa Cattolica","description":"Per una cultura che nasce dalla Rivelazione cristiana in conformit\u00e0 alla tradizione e al Magistero della Chiesa in opposizione ad ogni relativismo e totalitarismo","publisher":{"@id":"https:\/\/www.rassegnastampa-totustuus.it\/cattolica\/#organization"},"alternateName":"Rass. Cattolica","potentialAction":[{"@type":"SearchAction","target":{"@type":"EntryPoint","urlTemplate":"https:\/\/www.rassegnastampa-totustuus.it\/cattolica\/?s={search_term_string}"},"query-input":{"@type":"PropertyValueSpecification","valueRequired":true,"valueName":"search_term_string"}}],"inLanguage":"it-IT"},{"@type":"Organization","@id":"https:\/\/www.rassegnastampa-totustuus.it\/cattolica\/#organization","name":"Rassegna Stampa Cattolica","url":"https:\/\/www.rassegnastampa-totustuus.it\/cattolica\/","logo":{"@type":"ImageObject","inLanguage":"it-IT","@id":"https:\/\/www.rassegnastampa-totustuus.it\/cattolica\/#\/schema\/logo\/image\/","url":"https:\/\/www.rassegnastampa-totustuus.it\/cattolica\/wp-content\/uploads\/2014\/04\/logo-rassegna1.gif","contentUrl":"https:\/\/www.rassegnastampa-totustuus.it\/cattolica\/wp-content\/uploads\/2014\/04\/logo-rassegna1.gif","width":600,"height":163,"caption":"Rassegna Stampa Cattolica"},"image":{"@id":"https:\/\/www.rassegnastampa-totustuus.it\/cattolica\/#\/schema\/logo\/image\/"},"sameAs":["https:\/\/www.facebook.com\/rassegnastampacattolica","https:\/\/x.com\/rassegnastampa9"]},{"@type":"Person","@id":"https:\/\/www.rassegnastampa-totustuus.it\/cattolica\/#\/schema\/person\/08f319d2bd1a0904ad9e2bfb7b15e5c3","name":"Redazione","image":{"@type":"ImageObject","inLanguage":"it-IT","@id":"https:\/\/secure.gravatar.com\/avatar\/2fcdf27c78ea025fbdb44e914cc63c72249ffec9dc8aafd5c82b26240ef3f346?s=96&d=mm&r=g","url":"https:\/\/secure.gravatar.com\/avatar\/2fcdf27c78ea025fbdb44e914cc63c72249ffec9dc8aafd5c82b26240ef3f346?s=96&d=mm&r=g","contentUrl":"https:\/\/secure.gravatar.com\/avatar\/2fcdf27c78ea025fbdb44e914cc63c72249ffec9dc8aafd5c82b26240ef3f346?s=96&d=mm&r=g","caption":"Redazione"},"url":"https:\/\/www.rassegnastampa-totustuus.it\/cattolica\/author\/pietroelle\/"}]}},"_links":{"self":[{"href":"https:\/\/www.rassegnastampa-totustuus.it\/cattolica\/wp-json\/wp\/v2\/posts\/26724","targetHints":{"allow":["GET"]}}],"collection":[{"href":"https:\/\/www.rassegnastampa-totustuus.it\/cattolica\/wp-json\/wp\/v2\/posts"}],"about":[{"href":"https:\/\/www.rassegnastampa-totustuus.it\/cattolica\/wp-json\/wp\/v2\/types\/post"}],"author":[{"embeddable":true,"href":"https:\/\/www.rassegnastampa-totustuus.it\/cattolica\/wp-json\/wp\/v2\/users\/6"}],"replies":[{"embeddable":true,"href":"https:\/\/www.rassegnastampa-totustuus.it\/cattolica\/wp-json\/wp\/v2\/comments?post=26724"}],"version-history":[{"count":1,"href":"https:\/\/www.rassegnastampa-totustuus.it\/cattolica\/wp-json\/wp\/v2\/posts\/26724\/revisions"}],"predecessor-version":[{"id":26726,"href":"https:\/\/www.rassegnastampa-totustuus.it\/cattolica\/wp-json\/wp\/v2\/posts\/26724\/revisions\/26726"}],"wp:featuredmedia":[{"embeddable":true,"href":"https:\/\/www.rassegnastampa-totustuus.it\/cattolica\/wp-json\/wp\/v2\/media\/26725"}],"wp:attachment":[{"href":"https:\/\/www.rassegnastampa-totustuus.it\/cattolica\/wp-json\/wp\/v2\/media?parent=26724"}],"wp:term":[{"taxonomy":"category","embeddable":true,"href":"https:\/\/www.rassegnastampa-totustuus.it\/cattolica\/wp-json\/wp\/v2\/categories?post=26724"},{"taxonomy":"post_tag","embeddable":true,"href":"https:\/\/www.rassegnastampa-totustuus.it\/cattolica\/wp-json\/wp\/v2\/tags?post=26724"}],"curies":[{"name":"wp","href":"https:\/\/api.w.org\/{rel}","templated":true}]}}