{"id":2672,"date":"2009-02-27T11:57:25","date_gmt":"2009-02-27T10:57:25","guid":{"rendered":""},"modified":"2015-01-27T10:22:11","modified_gmt":"2015-01-27T09:22:11","slug":"chierichette-una-pratica-da-scoraggiare","status":"publish","type":"post","link":"https:\/\/www.rassegnastampa-totustuus.it\/cattolica\/chierichette-una-pratica-da-scoraggiare\/","title":{"rendered":"Chierichette? Una pratica da scoraggiare"},"content":{"rendered":"<div style=\"text-align: center;\"><strong><a href=\"https:\/\/www.rassegnastampa-totustuus.it\/cattolica\/wp-content\/uploads\/2009\/02\/chierichette.jpg\"><img loading=\"lazy\" decoding=\"async\" class=\"alignright wp-image-17798\" src=\"https:\/\/www.rassegnastampa-totustuus.it\/cattolica\/wp-content\/uploads\/2009\/02\/chierichette.jpg\" alt=\"chierichette\" width=\"250\" height=\"166\" \/><\/a>Il Timone<\/strong> n.76 settembre-ottobre 2008<\/div>\n<p style=\"text-align: justify;\"><em>L&#8217;innovazione controproducente delle <\/em><em>&#8220;ministranti femmine&#8221;, ministri straordinari dell&#8217;Eucaristia fuori controllo, I sacerdoti &#8220;attori&#8221;: Monsignor Malcolm Ranjith, segretario della Congregazione del Culto Divino, fotografa alcune diffuse derive <\/em><em>liturgiche.<\/em><\/p>\n<p style=\"text-align: center;\">di <strong>Andrea Galli<\/strong><\/p>\n<p><!--more--><\/p>\n<div style=\"text-align: justify;\">\u00abIn molti luoghi non si celebrava in modo fedele alle prescrizioni del nuovo Messale, ma esso addirittura veniva inteso come un&#8217;autorizzazione o perfino come un obbligo alla creativit\u00e0, la quale port\u00f2 spesso a deformazioni della Liturgia al limite del sopportabile\u00bb. Cos\u00ec Benedetto XVI descriveva, nella lettera di accompagnamento al motu proprio <em>Summorum Pontificum<\/em>, il clima che accompagn\u00f2 in molte chiese locali la riforma liturgica. Un clima che &#8211; ne parliamo con monsignor Malcolm Raniljith, numero due della Congregazione che si o occupa di liturgia e disciplina dei sacramenti &#8211; \u00e8 lungi dall&#8217;essere scomparso.<\/div>\n<p style=\"text-align: justify;\"><strong>Eccellenza, qual \u00e8 la posizione della Chiesa riguardo alle ministranti femmine, alle chierichette, che nel giro di pochi anni si sono diffuse a macchia d&#8217;olio in tutte le 14 diocesi italiane?<\/strong><\/p>\n<p style=\"text-align: justify;\">\u00abSi tratta di una prassi diffusasi in diversi Paesi, nata nell&#8217;atmosfera di una rivendicazione di pari diritti tra uomo e donna, un movimento di opinione che accanto a punti condivisibili ne presenta altri che possono essere problematici. La Congregazione ha pubblicato nella sua rivista Notitiae, nel numero di gennaio-febbraio 2002, una lettera inviata ad un vescovo in cui non si opponeva a tale prassi, ma ne parlava con toni cauti. Voleva che il vescovo, esercitando il suo ruolo di moderatore della liturgia nella sua diocesi, giudicasse bene la situazione locale, la sensibilit\u00e0 dei fedeli e le ragioni per introdurre le chierichette.<\/p>\n<p style=\"text-align: justify;\">Nei Paesi in cui questa abitudine si \u00e8 radicata si \u00e8 infatti notato negli anni un aumento delle femmine fra i ministranti e una corrispondente diminuzione dei maschi. Questo probabilmente perch\u00e9 durante l&#8217;infanzia e la prima adolescenza molti maschi non si sentono a loro agio nello svolgere il servizio all&#8217;altare insieme alle coetanee femmine. Ma se si pensa che il servizio all&#8217;altare \u00e8 sempre stato un momento molto importante per la nascita di vocazioni &#8211; \u00e8 l\u00ec che un bambino percepisce, spesso in modo molto profondo, l&#8217;importanza dell&#8217;Eucaristia e il mistero della liturgia &#8211; si pu\u00f2 capire quale sia l&#8217;effetto negativo di questo allontanamento dei maschi dall&#8217;altare.<\/p>\n<p style=\"text-align: justify;\">Difatti nella lettera sopra citata la Congregazione, alludendo ad una sua precedente lettera circolare sull&#8217;argomento, ricordava \u00abl&#8217;obbligo di promuovere gruppi di fanciulli ministranti, non da ultimo, per il ben noto aiuto che, da tempo immemorabile, tali iniziative hanno assicurato nell&#8217;incoraggiamento di future vocazioni sacerdotali\u00bb (Litterae Congregationis, Prot. N. 2451\/00\/L del 27 luglio 2001, in Notitiae 38 [2002] 48).<\/p>\n<p style=\"text-align: justify;\">Essa raccomandava di consultare la Conferenza Episcopale, anche se il parere di quest&#8217;ultima non doveva togliere \u00abla necessaria libert\u00e0 di azione del singolo vescovo diocesano\u00bb (Ibid. p. 47). Inoltre, non si pu\u00f2 dire che il maggior protagonismo delle bambine incrementi le vocazioni femminili alla vita consacrata: al contrario, l&#8217;esperienza insegna che dove si \u00e8 diffusa questa pratica le vocazioni femminili sono calate ancor pi\u00f9 della norma. In sostanza, anche solo per una ragione di prudenza o lungimiranza pastorale, direi che questa prassi \u00e8 da scoraggiare\u00bb.<\/p>\n<p style=\"text-align: justify;\"><strong>Accanto alla &#8220;novit\u00e0&#8221; delle chierichette, si nota sempre pi\u00f9 spesso una sciatteria nel servizio all&#8217;altare dei chierichetti in generale.<\/strong><\/p>\n<p style=\"text-align: justify;\">\u00abQuesto \u00e8 un riflesso della crisi del senso della liturgia fra il clero, che \u00e8 il vero problema. Non sono ovviamente i ministranti a decidere come devono vestirsi, come devono atteggiarsi, cosa devono fare. Il servizio del ministrante, quando io ero un ministrante, era curato con grande scrupolo dai sacerdoti. Si organizzavano dei ritiri appositi, c&#8217;erano prove rigorose prima delle cerimonie, ecc. Se un sacerdote ama il proprio sacerdozio si impegner\u00e0 nel curare la liturgia in tutti i suoi aspetti, compresa la formazione dei ministranti. Se non ama il proprio sacerdozio, che \u00e8 incentrato sull&#8217;evento eucaristico, avr\u00e0 un atteggiamento superficiale e approssimativo per quanto riguarda la liturgia. E ci\u00f2 \u00e8 una vera disgrazia per la Chiesa\u00bb.<\/p>\n<p style=\"text-align: justify;\"><strong>Un&#8217;abitudine che si \u00e8 diffusa tra i sacerdoti che celebrano con il <em>Novus Ordo <\/em>\u00e8 quella di intercalare con propri commenti o battute qualsiasi momento della Messa.<\/strong><\/p>\n<p style=\"text-align: justify;\">\u00abQui c&#8217;\u00e8 un problema che va al di l\u00e0 del protagonismo o del carattere estroso del singolo sacerdote: l&#8217;essere rivolto verso il popolo fa s\u00ec che il sacerdote si senta e sia percepito come il protagonista principale della Messa. \u00c8 un po&#8217; come se salisse su un palcoscenico e si mettesse di fronte al pubblico: l&#8217;esigenza di soddisfare la platea diventa spontanea, \u00e8 una dinamica psicologica. A questo punto, per\u00f2, l&#8217;assemblea rischia di trasformarsi in un raduno puramente umano, dove l&#8217;elemento divino passa in secondo o terzo piano.<\/p>\n<p style=\"text-align: justify;\">D&#8217;altronde quella di celebrare rivolti verso il popolo non \u00e8 stata un&#8217;indicazione del Concilio e si pu\u00f2 dire, dopo ormai molti anni, che ha causato diversi problemi per la liturgia. Penso che bisogner\u00e0 fare qualcosa a questo riguardo. Ci possono essere certamente delle parti della Messa in cui il sacerdote si rivolge al popolo, come le letture o l&#8217;omelia, ma bisogna recuperare quell&#8217;orientamento al Signore che il Santo Padre ci sta indicando con la reintroduzione del crocifisso sopra l&#8217;altare. Nell&#8217;essere rivolto al Signore insieme all&#8217;assemblea, il sacerdote smette di essere l&#8217;attore principale sul palcoscenico e diventa un umile servo di fronte a Dio.<\/p>\n<p style=\"text-align: justify;\">Se non si fa questo cambiamento, il problema del celebrante che cerca di accattivarsi la simpatia dei fedeli e che improvvisa, insomma il problema di una liturgia &#8220;do it yourself&#8221; (fai da te) continuer\u00e0. Allo stesso tempo, mi permetta una sottolineatura, \u00e8 necessario tornare ad insegnare anche ai fedeli cos&#8217;\u00e8 la liturgia, \u00e8 necessario spiegare loro perch\u00e9 il sacerdote attore o presentatore, che va di qua e di l\u00e0 durante la Messa con la chitarra al collo o il microfono in mano, e che magari a loro piace, \u00e8 una figura che non ha nulla a che fare con la liturgia cattolica. Il protagonista principale di ogni atto liturgico non \u00e8 nessun altro che Cristo, perch\u00e9, come definisce la Sacrosanctum Concilium, la costituzione liturgica del Concilio Vaticano II, la liturgia \u00e8 &#8220;Actio Christi Sacerdotis&#8221; (SC 7)\u00bb.<\/p>\n<p style=\"text-align: justify;\"><strong>Pu\u00f2 dirci qualcosa sugli avvisi dopo la Messa, che sembrano diventati a tutti gli effetti una parte della liturgia romana?<\/strong><\/p>\n<p style=\"text-align: justify;\">\u00abQui va seguito il buon senso. Direi che la cosa migliore \u00e8 verificare se questi avvisi possono essere fatti appena prima dell&#8217;inizio della Messa, magari da un laico, oppure attraverso l&#8217;uso di notiziari o bollettini parrocchiali. Se non si possono adottare queste soluzioni, nel leggere gli avvisi dopo la comunione bisogner\u00e0 usare sobriet\u00e0 e poche parole\u00bb.<\/p>\n<p style=\"text-align: justify;\"><strong>In molte parrocchie si nota un uso regolare dei ministri straordinari dell&#8217;Eucaristia nel distribuire la comunione durante la Messa. Non si tratta di un abuso?<\/strong><\/p>\n<p style=\"text-align: justify;\">\u00abLe norme emanate dalla Congregazione nel gennaio 1973, Immensae Caritatis, sono chiarissime: il ministro ordinario della comunione \u00e8 il vescovo, a seguire il sacerdote e il diacono, (C\/C 910 \u00a71). Ministro straordinario pu\u00f2 essere un accolito o un lettore, un seminarista, un religioso o una religiosa. Il catechista o un fedele, uomo o donna, lo possono diventare solo dopo un&#8217;apposita formazione e uno speciale permesso\/mandato del vescovo. Ma, una volta che lo sono diventati, devono attenersi al loro ruolo, che \u00e8 appunto straordinario.<\/p>\n<p style=\"text-align: justify;\">Intanto devono presentarsi all&#8217;altare vestiti in modo decoroso, ma soprattutto non devono distribuire la Comunione l\u00e0 dove non ce ne sia strettamente bisogno. Come dice il documento sopra citato, tale ministero viene esercitato solo se manchino il presbitero, il diacono o l&#8217;accolito, se non possono distribuire la Santa Comunione perch\u00e9 impediti da un altro ministero pastorale, o perch\u00e9 vecchi o malati, e se i fedeli desiderosi di comunicarsi sono talmente tanti da far prolungare in modo eccessivo la Messa.<\/p>\n<p style=\"text-align: justify;\">Devo dire che a questo riguardo spesso non si vede molta seriet\u00e0. Capita di assistere a Messe con 50 parrocchiani e 4 o 5 ministri straordinari dell&#8217;Eucaristia che corrono all&#8217;altare al momento della distribuzione della Comunione, con il sacerdote che magari delega a loro il compito: una prassi completamente erronea. I ministri straordinari, lo dice il nome, devono essere impiegati in occasioni davvero eccezionali. E non tutti insieme\u00bb.<\/p>\n<p style=\"text-align: justify;\"><strong>Ci pu\u00f2 ricordare quali sono i modi opportuni per comunicarsi?<\/strong><\/p>\n<p style=\"text-align: justify;\">\u00abQuando ci si comunica stando in piedi, le norme stabiliscono che prima di ricevere il sacramento si faccia un atto di reverenza (Institutio Generate Missalis Romani, 160), per esempio un inchino o una genuflessione: perch\u00e9 non si sta andando a prendere un pezzo di pane, ma a ricevere Cristo in persona. La prassi pi\u00f9 opportuna resta comunque quella di ricevere la comunione in bocca e preferibilmente in ginocchio, come il Santo Padre ci sta mostrando nelle liturgie che presiede.<\/p>\n<p style=\"text-align: justify;\">Quando un thailandese va dal suo re deve andarci in ginocchio, anche se \u00e8 il primo ministro del Paese. Cos\u00ec se un giapponese viene ricevuto dall&#8217;imperatore, gli si avvicina con un alto senso di riverenza, dopo aver fatto inchini su inchini. Ges\u00f9 Cristo \u00e8 il Re dei re, il Signore Onnipotente. Ci si domanda: non si merita lui pi\u00f9 di tutti un gesto di amore e riverenza?\u00bb.<\/p>\n","protected":false},"excerpt":{"rendered":"<p>Il Timone n.76 settembre-ottobre 2008 L&#8217;innovazione controproducente delle &#8220;ministranti femmine&#8221;, ministri straordinari dell&#8217;Eucaristia fuori controllo, I sacerdoti &#8220;attori&#8221;: Monsignor Malcolm Ranjith, segretario della Congregazione del Culto Divino, fotografa alcune diffuse derive liturgiche. di Andrea Galli<\/p><p><a class=\"more-link btn\" href=\"https:\/\/www.rassegnastampa-totustuus.it\/cattolica\/chierichette-una-pratica-da-scoraggiare\/\">Continua a leggere<\/a><\/p>\n","protected":false},"author":6,"featured_media":17798,"comment_status":"closed","ping_status":"open","sticky":false,"template":"","format":"standard","meta":{"footnotes":""},"categories":[5,115],"tags":[1504],"class_list":["post-2672","post","type-post","status-publish","format-standard","has-post-thumbnail","hentry","category-chiesa","category-liturgia","tag-chierichette","item-wrap"],"yoast_head":"<!-- This site is optimized with the Yoast SEO plugin v27.5 - https:\/\/yoast.com\/product\/yoast-seo-wordpress\/ -->\n<title>Chierichette? Una pratica da scoraggiare - Rassegna Stampa Cattolica<\/title>\n<meta name=\"description\" content=\"Rassegna Stampa Cattolica - Per una cultura che nasce dalla Rivelazione cristiana in conformit\u00e0 alla tradizione e al Magistero della Chiesa in opposizione ad ogni relativismo e totalitarismo\" \/>\n<meta name=\"robots\" content=\"index, follow, max-snippet:-1, max-image-preview:large, max-video-preview:-1\" \/>\n<link rel=\"canonical\" href=\"https:\/\/www.rassegnastampa-totustuus.it\/cattolica\/chierichette-una-pratica-da-scoraggiare\/\" \/>\n<meta property=\"og:locale\" content=\"it_IT\" \/>\n<meta property=\"og:type\" content=\"article\" \/>\n<meta property=\"og:title\" content=\"Chierichette? Una pratica da scoraggiare - Rassegna Stampa Cattolica\" \/>\n<meta property=\"og:description\" content=\"Rassegna Stampa Cattolica - Per una cultura che nasce dalla Rivelazione cristiana in conformit\u00e0 alla tradizione e al Magistero della Chiesa in opposizione ad ogni relativismo e totalitarismo\" \/>\n<meta property=\"og:url\" content=\"https:\/\/www.rassegnastampa-totustuus.it\/cattolica\/chierichette-una-pratica-da-scoraggiare\/\" \/>\n<meta property=\"og:site_name\" content=\"Rassegna Stampa Cattolica\" \/>\n<meta property=\"article:publisher\" content=\"https:\/\/www.facebook.com\/rassegnastampacattolica\" \/>\n<meta property=\"article:published_time\" content=\"2009-02-27T10:57:25+00:00\" \/>\n<meta property=\"article:modified_time\" content=\"2015-01-27T09:22:11+00:00\" \/>\n<meta property=\"og:image\" content=\"https:\/\/www.rassegnastampa-totustuus.it\/cattolica\/wp-content\/uploads\/2009\/02\/chierichette.jpg\" \/>\n\t<meta property=\"og:image:width\" content=\"275\" \/>\n\t<meta property=\"og:image:height\" content=\"183\" \/>\n\t<meta property=\"og:image:type\" content=\"image\/jpeg\" \/>\n<meta name=\"author\" content=\"Redazione\" \/>\n<meta name=\"twitter:card\" content=\"summary_large_image\" \/>\n<meta name=\"twitter:creator\" content=\"@rassegnastampa9\" \/>\n<meta name=\"twitter:site\" content=\"@rassegnastampa9\" \/>\n<meta name=\"twitter:label1\" content=\"Scritto da\" \/>\n\t<meta name=\"twitter:data1\" content=\"Redazione\" \/>\n\t<meta name=\"twitter:label2\" content=\"Tempo di lettura stimato\" \/>\n\t<meta name=\"twitter:data2\" content=\"7 minuti\" \/>\n<script type=\"application\/ld+json\" class=\"yoast-schema-graph\">{\"@context\":\"https:\\\/\\\/schema.org\",\"@graph\":[{\"@type\":\"Article\",\"@id\":\"https:\\\/\\\/www.rassegnastampa-totustuus.it\\\/cattolica\\\/chierichette-una-pratica-da-scoraggiare\\\/#article\",\"isPartOf\":{\"@id\":\"https:\\\/\\\/www.rassegnastampa-totustuus.it\\\/cattolica\\\/chierichette-una-pratica-da-scoraggiare\\\/\"},\"author\":{\"name\":\"Redazione\",\"@id\":\"https:\\\/\\\/www.rassegnastampa-totustuus.it\\\/cattolica\\\/#\\\/schema\\\/person\\\/08f319d2bd1a0904ad9e2bfb7b15e5c3\"},\"headline\":\"Chierichette? Una pratica da scoraggiare\",\"datePublished\":\"2009-02-27T10:57:25+00:00\",\"dateModified\":\"2015-01-27T09:22:11+00:00\",\"mainEntityOfPage\":{\"@id\":\"https:\\\/\\\/www.rassegnastampa-totustuus.it\\\/cattolica\\\/chierichette-una-pratica-da-scoraggiare\\\/\"},\"wordCount\":1492,\"publisher\":{\"@id\":\"https:\\\/\\\/www.rassegnastampa-totustuus.it\\\/cattolica\\\/#organization\"},\"image\":{\"@id\":\"https:\\\/\\\/www.rassegnastampa-totustuus.it\\\/cattolica\\\/chierichette-una-pratica-da-scoraggiare\\\/#primaryimage\"},\"thumbnailUrl\":\"https:\\\/\\\/www.rassegnastampa-totustuus.it\\\/cattolica\\\/wp-content\\\/uploads\\\/2009\\\/02\\\/chierichette.jpg\",\"keywords\":[\"chierichette\"],\"articleSection\":[\"Chiesa\",\"Liturgia\"],\"inLanguage\":\"it-IT\"},{\"@type\":\"WebPage\",\"@id\":\"https:\\\/\\\/www.rassegnastampa-totustuus.it\\\/cattolica\\\/chierichette-una-pratica-da-scoraggiare\\\/\",\"url\":\"https:\\\/\\\/www.rassegnastampa-totustuus.it\\\/cattolica\\\/chierichette-una-pratica-da-scoraggiare\\\/\",\"name\":\"Chierichette? Una pratica da scoraggiare - Rassegna Stampa Cattolica\",\"isPartOf\":{\"@id\":\"https:\\\/\\\/www.rassegnastampa-totustuus.it\\\/cattolica\\\/#website\"},\"primaryImageOfPage\":{\"@id\":\"https:\\\/\\\/www.rassegnastampa-totustuus.it\\\/cattolica\\\/chierichette-una-pratica-da-scoraggiare\\\/#primaryimage\"},\"image\":{\"@id\":\"https:\\\/\\\/www.rassegnastampa-totustuus.it\\\/cattolica\\\/chierichette-una-pratica-da-scoraggiare\\\/#primaryimage\"},\"thumbnailUrl\":\"https:\\\/\\\/www.rassegnastampa-totustuus.it\\\/cattolica\\\/wp-content\\\/uploads\\\/2009\\\/02\\\/chierichette.jpg\",\"datePublished\":\"2009-02-27T10:57:25+00:00\",\"dateModified\":\"2015-01-27T09:22:11+00:00\",\"description\":\"Rassegna Stampa Cattolica - Per una cultura che nasce dalla Rivelazione cristiana in conformit\u00e0 alla tradizione e al Magistero della Chiesa in opposizione ad ogni relativismo e totalitarismo\",\"breadcrumb\":{\"@id\":\"https:\\\/\\\/www.rassegnastampa-totustuus.it\\\/cattolica\\\/chierichette-una-pratica-da-scoraggiare\\\/#breadcrumb\"},\"inLanguage\":\"it-IT\",\"potentialAction\":[{\"@type\":\"ReadAction\",\"target\":[\"https:\\\/\\\/www.rassegnastampa-totustuus.it\\\/cattolica\\\/chierichette-una-pratica-da-scoraggiare\\\/\"]}]},{\"@type\":\"ImageObject\",\"inLanguage\":\"it-IT\",\"@id\":\"https:\\\/\\\/www.rassegnastampa-totustuus.it\\\/cattolica\\\/chierichette-una-pratica-da-scoraggiare\\\/#primaryimage\",\"url\":\"https:\\\/\\\/www.rassegnastampa-totustuus.it\\\/cattolica\\\/wp-content\\\/uploads\\\/2009\\\/02\\\/chierichette.jpg\",\"contentUrl\":\"https:\\\/\\\/www.rassegnastampa-totustuus.it\\\/cattolica\\\/wp-content\\\/uploads\\\/2009\\\/02\\\/chierichette.jpg\",\"width\":275,\"height\":183},{\"@type\":\"BreadcrumbList\",\"@id\":\"https:\\\/\\\/www.rassegnastampa-totustuus.it\\\/cattolica\\\/chierichette-una-pratica-da-scoraggiare\\\/#breadcrumb\",\"itemListElement\":[{\"@type\":\"ListItem\",\"position\":1,\"name\":\"Home\",\"item\":\"https:\\\/\\\/www.rassegnastampa-totustuus.it\\\/cattolica\\\/\"},{\"@type\":\"ListItem\",\"position\":2,\"name\":\"Chierichette? Una pratica da scoraggiare\"}]},{\"@type\":\"WebSite\",\"@id\":\"https:\\\/\\\/www.rassegnastampa-totustuus.it\\\/cattolica\\\/#website\",\"url\":\"https:\\\/\\\/www.rassegnastampa-totustuus.it\\\/cattolica\\\/\",\"name\":\"Rassegna Stampa Cattolica\",\"description\":\"Per una cultura che nasce dalla Rivelazione cristiana in conformit\u00e0 alla tradizione e al Magistero della Chiesa in opposizione ad ogni relativismo e totalitarismo\",\"publisher\":{\"@id\":\"https:\\\/\\\/www.rassegnastampa-totustuus.it\\\/cattolica\\\/#organization\"},\"alternateName\":\"Rass. Cattolica\",\"potentialAction\":[{\"@type\":\"SearchAction\",\"target\":{\"@type\":\"EntryPoint\",\"urlTemplate\":\"https:\\\/\\\/www.rassegnastampa-totustuus.it\\\/cattolica\\\/?s={search_term_string}\"},\"query-input\":{\"@type\":\"PropertyValueSpecification\",\"valueRequired\":true,\"valueName\":\"search_term_string\"}}],\"inLanguage\":\"it-IT\"},{\"@type\":\"Organization\",\"@id\":\"https:\\\/\\\/www.rassegnastampa-totustuus.it\\\/cattolica\\\/#organization\",\"name\":\"Rassegna Stampa Cattolica\",\"url\":\"https:\\\/\\\/www.rassegnastampa-totustuus.it\\\/cattolica\\\/\",\"logo\":{\"@type\":\"ImageObject\",\"inLanguage\":\"it-IT\",\"@id\":\"https:\\\/\\\/www.rassegnastampa-totustuus.it\\\/cattolica\\\/#\\\/schema\\\/logo\\\/image\\\/\",\"url\":\"https:\\\/\\\/www.rassegnastampa-totustuus.it\\\/cattolica\\\/wp-content\\\/uploads\\\/2014\\\/04\\\/logo-rassegna1.gif\",\"contentUrl\":\"https:\\\/\\\/www.rassegnastampa-totustuus.it\\\/cattolica\\\/wp-content\\\/uploads\\\/2014\\\/04\\\/logo-rassegna1.gif\",\"width\":600,\"height\":163,\"caption\":\"Rassegna Stampa Cattolica\"},\"image\":{\"@id\":\"https:\\\/\\\/www.rassegnastampa-totustuus.it\\\/cattolica\\\/#\\\/schema\\\/logo\\\/image\\\/\"},\"sameAs\":[\"https:\\\/\\\/www.facebook.com\\\/rassegnastampacattolica\",\"https:\\\/\\\/x.com\\\/rassegnastampa9\"]},{\"@type\":\"Person\",\"@id\":\"https:\\\/\\\/www.rassegnastampa-totustuus.it\\\/cattolica\\\/#\\\/schema\\\/person\\\/08f319d2bd1a0904ad9e2bfb7b15e5c3\",\"name\":\"Redazione\",\"image\":{\"@type\":\"ImageObject\",\"inLanguage\":\"it-IT\",\"@id\":\"https:\\\/\\\/secure.gravatar.com\\\/avatar\\\/2fcdf27c78ea025fbdb44e914cc63c72249ffec9dc8aafd5c82b26240ef3f346?s=96&d=mm&r=g\",\"url\":\"https:\\\/\\\/secure.gravatar.com\\\/avatar\\\/2fcdf27c78ea025fbdb44e914cc63c72249ffec9dc8aafd5c82b26240ef3f346?s=96&d=mm&r=g\",\"contentUrl\":\"https:\\\/\\\/secure.gravatar.com\\\/avatar\\\/2fcdf27c78ea025fbdb44e914cc63c72249ffec9dc8aafd5c82b26240ef3f346?s=96&d=mm&r=g\",\"caption\":\"Redazione\"},\"url\":\"https:\\\/\\\/www.rassegnastampa-totustuus.it\\\/cattolica\\\/author\\\/pietroelle\\\/\"}]}<\/script>\n<!-- \/ Yoast SEO plugin. -->","yoast_head_json":{"title":"Chierichette? Una pratica da scoraggiare - Rassegna Stampa Cattolica","description":"Rassegna Stampa Cattolica - Per una cultura che nasce dalla Rivelazione cristiana in conformit\u00e0 alla tradizione e al Magistero della Chiesa in opposizione ad ogni relativismo e totalitarismo","robots":{"index":"index","follow":"follow","max-snippet":"max-snippet:-1","max-image-preview":"max-image-preview:large","max-video-preview":"max-video-preview:-1"},"canonical":"https:\/\/www.rassegnastampa-totustuus.it\/cattolica\/chierichette-una-pratica-da-scoraggiare\/","og_locale":"it_IT","og_type":"article","og_title":"Chierichette? Una pratica da scoraggiare - Rassegna Stampa Cattolica","og_description":"Rassegna Stampa Cattolica - Per una cultura che nasce dalla Rivelazione cristiana in conformit\u00e0 alla tradizione e al Magistero della Chiesa in opposizione ad ogni relativismo e totalitarismo","og_url":"https:\/\/www.rassegnastampa-totustuus.it\/cattolica\/chierichette-una-pratica-da-scoraggiare\/","og_site_name":"Rassegna Stampa Cattolica","article_publisher":"https:\/\/www.facebook.com\/rassegnastampacattolica","article_published_time":"2009-02-27T10:57:25+00:00","article_modified_time":"2015-01-27T09:22:11+00:00","og_image":[{"width":275,"height":183,"url":"https:\/\/www.rassegnastampa-totustuus.it\/cattolica\/wp-content\/uploads\/2009\/02\/chierichette.jpg","type":"image\/jpeg"}],"author":"Redazione","twitter_card":"summary_large_image","twitter_creator":"@rassegnastampa9","twitter_site":"@rassegnastampa9","twitter_misc":{"Scritto da":"Redazione","Tempo di lettura stimato":"7 minuti"},"schema":{"@context":"https:\/\/schema.org","@graph":[{"@type":"Article","@id":"https:\/\/www.rassegnastampa-totustuus.it\/cattolica\/chierichette-una-pratica-da-scoraggiare\/#article","isPartOf":{"@id":"https:\/\/www.rassegnastampa-totustuus.it\/cattolica\/chierichette-una-pratica-da-scoraggiare\/"},"author":{"name":"Redazione","@id":"https:\/\/www.rassegnastampa-totustuus.it\/cattolica\/#\/schema\/person\/08f319d2bd1a0904ad9e2bfb7b15e5c3"},"headline":"Chierichette? Una pratica da scoraggiare","datePublished":"2009-02-27T10:57:25+00:00","dateModified":"2015-01-27T09:22:11+00:00","mainEntityOfPage":{"@id":"https:\/\/www.rassegnastampa-totustuus.it\/cattolica\/chierichette-una-pratica-da-scoraggiare\/"},"wordCount":1492,"publisher":{"@id":"https:\/\/www.rassegnastampa-totustuus.it\/cattolica\/#organization"},"image":{"@id":"https:\/\/www.rassegnastampa-totustuus.it\/cattolica\/chierichette-una-pratica-da-scoraggiare\/#primaryimage"},"thumbnailUrl":"https:\/\/www.rassegnastampa-totustuus.it\/cattolica\/wp-content\/uploads\/2009\/02\/chierichette.jpg","keywords":["chierichette"],"articleSection":["Chiesa","Liturgia"],"inLanguage":"it-IT"},{"@type":"WebPage","@id":"https:\/\/www.rassegnastampa-totustuus.it\/cattolica\/chierichette-una-pratica-da-scoraggiare\/","url":"https:\/\/www.rassegnastampa-totustuus.it\/cattolica\/chierichette-una-pratica-da-scoraggiare\/","name":"Chierichette? Una pratica da scoraggiare - Rassegna Stampa Cattolica","isPartOf":{"@id":"https:\/\/www.rassegnastampa-totustuus.it\/cattolica\/#website"},"primaryImageOfPage":{"@id":"https:\/\/www.rassegnastampa-totustuus.it\/cattolica\/chierichette-una-pratica-da-scoraggiare\/#primaryimage"},"image":{"@id":"https:\/\/www.rassegnastampa-totustuus.it\/cattolica\/chierichette-una-pratica-da-scoraggiare\/#primaryimage"},"thumbnailUrl":"https:\/\/www.rassegnastampa-totustuus.it\/cattolica\/wp-content\/uploads\/2009\/02\/chierichette.jpg","datePublished":"2009-02-27T10:57:25+00:00","dateModified":"2015-01-27T09:22:11+00:00","description":"Rassegna Stampa Cattolica - Per una cultura che nasce dalla Rivelazione cristiana in conformit\u00e0 alla tradizione e al Magistero della Chiesa in opposizione ad ogni relativismo e totalitarismo","breadcrumb":{"@id":"https:\/\/www.rassegnastampa-totustuus.it\/cattolica\/chierichette-una-pratica-da-scoraggiare\/#breadcrumb"},"inLanguage":"it-IT","potentialAction":[{"@type":"ReadAction","target":["https:\/\/www.rassegnastampa-totustuus.it\/cattolica\/chierichette-una-pratica-da-scoraggiare\/"]}]},{"@type":"ImageObject","inLanguage":"it-IT","@id":"https:\/\/www.rassegnastampa-totustuus.it\/cattolica\/chierichette-una-pratica-da-scoraggiare\/#primaryimage","url":"https:\/\/www.rassegnastampa-totustuus.it\/cattolica\/wp-content\/uploads\/2009\/02\/chierichette.jpg","contentUrl":"https:\/\/www.rassegnastampa-totustuus.it\/cattolica\/wp-content\/uploads\/2009\/02\/chierichette.jpg","width":275,"height":183},{"@type":"BreadcrumbList","@id":"https:\/\/www.rassegnastampa-totustuus.it\/cattolica\/chierichette-una-pratica-da-scoraggiare\/#breadcrumb","itemListElement":[{"@type":"ListItem","position":1,"name":"Home","item":"https:\/\/www.rassegnastampa-totustuus.it\/cattolica\/"},{"@type":"ListItem","position":2,"name":"Chierichette? Una pratica da scoraggiare"}]},{"@type":"WebSite","@id":"https:\/\/www.rassegnastampa-totustuus.it\/cattolica\/#website","url":"https:\/\/www.rassegnastampa-totustuus.it\/cattolica\/","name":"Rassegna Stampa Cattolica","description":"Per una cultura che nasce dalla Rivelazione cristiana in conformit\u00e0 alla tradizione e al Magistero della Chiesa in opposizione ad ogni relativismo e totalitarismo","publisher":{"@id":"https:\/\/www.rassegnastampa-totustuus.it\/cattolica\/#organization"},"alternateName":"Rass. Cattolica","potentialAction":[{"@type":"SearchAction","target":{"@type":"EntryPoint","urlTemplate":"https:\/\/www.rassegnastampa-totustuus.it\/cattolica\/?s={search_term_string}"},"query-input":{"@type":"PropertyValueSpecification","valueRequired":true,"valueName":"search_term_string"}}],"inLanguage":"it-IT"},{"@type":"Organization","@id":"https:\/\/www.rassegnastampa-totustuus.it\/cattolica\/#organization","name":"Rassegna Stampa Cattolica","url":"https:\/\/www.rassegnastampa-totustuus.it\/cattolica\/","logo":{"@type":"ImageObject","inLanguage":"it-IT","@id":"https:\/\/www.rassegnastampa-totustuus.it\/cattolica\/#\/schema\/logo\/image\/","url":"https:\/\/www.rassegnastampa-totustuus.it\/cattolica\/wp-content\/uploads\/2014\/04\/logo-rassegna1.gif","contentUrl":"https:\/\/www.rassegnastampa-totustuus.it\/cattolica\/wp-content\/uploads\/2014\/04\/logo-rassegna1.gif","width":600,"height":163,"caption":"Rassegna Stampa Cattolica"},"image":{"@id":"https:\/\/www.rassegnastampa-totustuus.it\/cattolica\/#\/schema\/logo\/image\/"},"sameAs":["https:\/\/www.facebook.com\/rassegnastampacattolica","https:\/\/x.com\/rassegnastampa9"]},{"@type":"Person","@id":"https:\/\/www.rassegnastampa-totustuus.it\/cattolica\/#\/schema\/person\/08f319d2bd1a0904ad9e2bfb7b15e5c3","name":"Redazione","image":{"@type":"ImageObject","inLanguage":"it-IT","@id":"https:\/\/secure.gravatar.com\/avatar\/2fcdf27c78ea025fbdb44e914cc63c72249ffec9dc8aafd5c82b26240ef3f346?s=96&d=mm&r=g","url":"https:\/\/secure.gravatar.com\/avatar\/2fcdf27c78ea025fbdb44e914cc63c72249ffec9dc8aafd5c82b26240ef3f346?s=96&d=mm&r=g","contentUrl":"https:\/\/secure.gravatar.com\/avatar\/2fcdf27c78ea025fbdb44e914cc63c72249ffec9dc8aafd5c82b26240ef3f346?s=96&d=mm&r=g","caption":"Redazione"},"url":"https:\/\/www.rassegnastampa-totustuus.it\/cattolica\/author\/pietroelle\/"}]}},"_links":{"self":[{"href":"https:\/\/www.rassegnastampa-totustuus.it\/cattolica\/wp-json\/wp\/v2\/posts\/2672","targetHints":{"allow":["GET"]}}],"collection":[{"href":"https:\/\/www.rassegnastampa-totustuus.it\/cattolica\/wp-json\/wp\/v2\/posts"}],"about":[{"href":"https:\/\/www.rassegnastampa-totustuus.it\/cattolica\/wp-json\/wp\/v2\/types\/post"}],"author":[{"embeddable":true,"href":"https:\/\/www.rassegnastampa-totustuus.it\/cattolica\/wp-json\/wp\/v2\/users\/6"}],"replies":[{"embeddable":true,"href":"https:\/\/www.rassegnastampa-totustuus.it\/cattolica\/wp-json\/wp\/v2\/comments?post=2672"}],"version-history":[{"count":4,"href":"https:\/\/www.rassegnastampa-totustuus.it\/cattolica\/wp-json\/wp\/v2\/posts\/2672\/revisions"}],"predecessor-version":[{"id":17800,"href":"https:\/\/www.rassegnastampa-totustuus.it\/cattolica\/wp-json\/wp\/v2\/posts\/2672\/revisions\/17800"}],"wp:featuredmedia":[{"embeddable":true,"href":"https:\/\/www.rassegnastampa-totustuus.it\/cattolica\/wp-json\/wp\/v2\/media\/17798"}],"wp:attachment":[{"href":"https:\/\/www.rassegnastampa-totustuus.it\/cattolica\/wp-json\/wp\/v2\/media?parent=2672"}],"wp:term":[{"taxonomy":"category","embeddable":true,"href":"https:\/\/www.rassegnastampa-totustuus.it\/cattolica\/wp-json\/wp\/v2\/categories?post=2672"},{"taxonomy":"post_tag","embeddable":true,"href":"https:\/\/www.rassegnastampa-totustuus.it\/cattolica\/wp-json\/wp\/v2\/tags?post=2672"}],"curies":[{"name":"wp","href":"https:\/\/api.w.org\/{rel}","templated":true}]}}