{"id":26701,"date":"2015-09-03T00:00:04","date_gmt":"2015-09-02T22:00:04","guid":{"rendered":"http:\/\/www.rassegnastampa-totustuus.it\/cattolica\/?p=26701"},"modified":"2019-03-29T12:16:45","modified_gmt":"2019-03-29T11:16:45","slug":"la-lotta-contro-le-leggi-ingiuste","status":"publish","type":"post","link":"https:\/\/www.rassegnastampa-totustuus.it\/cattolica\/la-lotta-contro-le-leggi-ingiuste\/","title":{"rendered":"La lotta contro le leggi ingiuste."},"content":{"rendered":"<p style=\"text-align: center;\"><strong><a href=\"https:\/\/www.rassegnastampa-totustuus.it\/cattolica\/wp-content\/uploads\/2015\/08\/referendum.jpg\"><img loading=\"lazy\" decoding=\"async\" class=\"alignleft wp-image-26702\" src=\"https:\/\/www.rassegnastampa-totustuus.it\/cattolica\/wp-content\/uploads\/2015\/08\/referendum.jpg\" alt=\"referendum\" width=\"250\" height=\"168\" \/><\/a>Osservatorio Internazionale Cardinale Van Thu\u00e2n<\/strong> Newsletter n.613<\/p>\n<p style=\"text-align: center;\">del 28 agosto 2015<\/p>\n<p style=\"text-align: center;\"><em>\u00a0Una legge e&#8217; ingiusta anche per un solo articolo?<\/em><\/p>\n<p style=\"text-align: center;\">di <strong>Stefano Fontana<\/strong><\/p>\n<p style=\"text-align: center;\"><!--more--><\/p>\n<p style=\"text-align: justify;\">\u00a0<em>Si ha notizia di iniziative di raccolta di firme per chiedere un referendum abrogativo della legge sulla scuola voluta dal governo Renzi e approvata dal Parlamento. Tra coloro che aderiscono ci sono anche molti cattolici, contrari all\u2019articolo 16 di quella legge che introdurrebbe l\u2019educazione al gender nella scuola italiana. Altri cattolici, invece, sostengono che a) non \u00e8 corretto bocciare un\u2019intera legge a causa di un solo articolo; b) la legge in questione \u00e8 complessa, tocca molti argomenti ed \u00e8 riduttivamente ideologico assumerla e bocciarla in blocco. Senza entrare nel merito dell\u2019opportunit\u00e0 del referendum in questione, dato che l\u2019argomento dell\u2019opposizione alla legge ingiusta tocca aspetti importanti della presenza pubblica dei cattolici, esponiamo alcune considerazioni. <\/em><\/p>\n<p style=\"text-align: justify;\"><a href=\"https:\/\/www.rassegnastampa-totustuus.it\/cattolica\/wp-content\/uploads\/2013\/10\/legge-194.jpg\"><img loading=\"lazy\" decoding=\"async\" class=\"size-full wp-image-25936 alignleft\" src=\"https:\/\/www.rassegnastampa-totustuus.it\/cattolica\/wp-content\/uploads\/2013\/10\/legge-194.jpg\" alt=\"\" width=\"269\" height=\"187\" \/><\/a>Quando un articolo di un testo legislativo contraddice i cosiddetti \u201cprincipi non negoziabili\u201d, si pone in contrasto con il diritto alla vita, con la centralit\u00e0 della famiglia e con la libert\u00e0 di educazione, non pu\u00f2 venire accettato dai cattolici e da nessuna persona che cerca la verit\u00e0 con buona volont\u00e0. Il problema \u00e8 piuttosto se un solo articolo di legge inquini a tal punto quella legge da meritarle una condanna completa. A questo proposito si possono fare le seguenti osservazioni.<\/p>\n<p style=\"text-align: justify;\">Una legge non pu\u00f2 essere considerata una legge giusta se anche un solo suo punto contrasta con i principi fondamentali della legge morale naturale e divina.<\/p>\n<p style=\"text-align: justify;\">In una legge, che ha sempre un articolato complesso, ci possono essere elementi in s\u00e9 positivi. Questo vale per ogni realt\u00e0 umana talch\u00e9 San Tommaso diceva che anche nell\u2019opinione pi\u00f9 sbagliata c\u2019\u00e8 sempre un briciolo di verit\u00e0. Gli eventuali aspetti positivi di una legge ingiusta sono per\u00f2 annullati da quelli negativi se questi ultimi contraddicono i principi fondamentali della legge naturale e divina. Infatti non \u00e8 lecito perseguire il bene mediante il male, ossia non \u00e8 lecito accettare una legge per i suoi aspetti positivi mediante l\u2019accettazione dei suoi aspetti intrinsecamente negativi.<\/p>\n<p style=\"text-align: justify;\"><a href=\"https:\/\/www.rassegnastampa-totustuus.it\/cattolica\/wp-content\/uploads\/2015\/04\/principi-non-negoziabili.jpg\"><img loading=\"lazy\" decoding=\"async\" class=\"size-medium wp-image-23816 alignright\" src=\"https:\/\/www.rassegnastampa-totustuus.it\/cattolica\/wp-content\/uploads\/2015\/04\/principi-non-negoziabili-300x150.jpg\" alt=\"\" width=\"300\" height=\"150\" srcset=\"https:\/\/www.rassegnastampa-totustuus.it\/cattolica\/wp-content\/uploads\/2015\/04\/principi-non-negoziabili-300x150.jpg 300w, https:\/\/www.rassegnastampa-totustuus.it\/cattolica\/wp-content\/uploads\/2015\/04\/principi-non-negoziabili.jpg 318w\" sizes=\"auto, (max-width: 300px) 100vw, 300px\" \/><\/a>I principi non negoziabili con cui contrasta l\u2019articolo in questione non sono solo dei valori ma dei principi. Essi illuminano l\u2019intero campo che la legge vuole disciplinare. Ne consegue che anche un articolo che li violasse non limiterebbe la propria azione a quel solo articolo ma farebbe riverberare la propria negativit\u00e0 sull\u2019intera legge. In altri termini: anche in altri punti della legge sarebbe possibile riscontrare elementi ingiusti, conseguenza della ratio che anima quel singolo articolo ingiusto<\/p>\n<p style=\"text-align: justify;\">Possiamo trovare nel comportamento della Santa Sede nei consessi internazionali moltissimi precedenti di bocciature di atti legislativi di varia natura a causa di articoli od espressione errate o solo ambigue presenti in essi. In molti casi, i Nunzi apostolici e gli Osservatori della Santa Sede presso gli organismi internazionali hanno negato l\u2019assenso della Santa Sede a dichiarazioni, accordi e progetti che avevano in s\u00e9 molti elementi positivi ma che contraddicevano in qualche punto con la legge morale naturale e divina.<\/p>\n<p style=\"text-align: justify;\">Del resto, \u00e8 ormai noto a tutti che gli avversari della legge naturale e divina procedono accortamente cos\u00ec: introducono qualche elemento contrario ai principi non negoziabili all\u2019interno di una proposta composita che contiene anche elementi accettabili. Marguerite Peeters ha spiegato nel dettaglio come, dopo le conferenze del Cairo e di Pechino, i cosiddetti \u201cdiritti sessuali e riproduttivi\u201d \u2013 che, come noto comprendono anche contraccezione chimica, sterilizzazione forzata, aborto, fecondazione artificiale e gender \u2013 siano <a href=\"https:\/\/www.rassegnastampa-totustuus.it\/cattolica\/wp-content\/uploads\/2015\/11\/gender.jpg\"><img loading=\"lazy\" decoding=\"async\" class=\"size-full wp-image-27962 alignleft\" src=\"https:\/\/www.rassegnastampa-totustuus.it\/cattolica\/wp-content\/uploads\/2015\/11\/gender.jpg\" alt=\"\" width=\"225\" height=\"225\" srcset=\"https:\/\/www.rassegnastampa-totustuus.it\/cattolica\/wp-content\/uploads\/2015\/11\/gender.jpg 225w, https:\/\/www.rassegnastampa-totustuus.it\/cattolica\/wp-content\/uploads\/2015\/11\/gender-150x150.jpg 150w\" sizes=\"auto, (max-width: 225px) 100vw, 225px\" \/><\/a>sempre stati presentati in pacchetti di politiche familiari o per le donne dei Paesi poveri insieme con interventi auspicabili quali l\u2019ampliamento dell\u2019allattamento al seno o la riduzione della mortalit\u00e0 da parto. Poich\u00e9 la tattica \u00e8 questa, se si aspettasse che una intera legge fosse da condannare in tutti i suoi aspetti non si farebbe nessuna lotta contro le leggi ingiuste.<\/p>\n<p style=\"text-align: justify;\">L\u2019idea che non sia lecito rifiutare una legge perch\u00e9 solo alcuni suoi aspetti sono inaccettabili impedisce di contrastare il male e inibisce addirittura di poterlo giudicare tale. Apre quindi la strada a coloro che il male lo inseriscono dentro un pacchetto di proposte anche positive, per ampliarlo e radicalizzarlo poi nel tempo.<\/p>\n<p style=\"text-align: justify;\">E\u2019 bene per\u00f2 osservare che la dichiarazione dell\u2019impossibilit\u00e0 di giudicare in modo decisivo una legge \u00e8 oggi sostenuta da gran parte dello stesso mondo cattolico con alcune motivazioni teologiche, proprie del rahnerismo e della teologia progressista. Se la rivelazione di Dio avviene nell\u2019esperienza, se noi siamo dentro questa esperienza, se l\u2019esperienza \u00e8 per sua natura complessa e articolata\u2026 allora non \u00e8 mai possibile dare un giudizio definitivo ed assoluto sulla liceit\u00e0 o illiceit\u00e0 di qualcosa. Il giudizio finale sar\u00e0 solo soggettivo.<\/p>\n<p style=\"text-align: justify;\"><a href=\"https:\/\/www.rassegnastampa-totustuus.it\/cattolica\/wp-content\/uploads\/2010\/02\/Bonino_aborto.jpg\"><img loading=\"lazy\" decoding=\"async\" class=\"alignright wp-image-20578\" src=\"https:\/\/www.rassegnastampa-totustuus.it\/cattolica\/wp-content\/uploads\/2010\/02\/Bonino_aborto.jpg\" alt=\"\" width=\"250\" height=\"154\" \/><\/a>Quando lo Stato ha scelto di non definire in quali casi lo stato di disagio della donna permette per legge l\u2019aborto e quando no, ha di fatto delegato la cosa ad una scelta soggettiva, sacrificando l\u2019oggettivit\u00e0 del diritto alla soggettivit\u00e0 dell\u2019opinione o dell\u2019emozione. Quando alcuni teologi cattolici affermano che lo stato dei divorziati risposati non \u00e8 giudicabile oggettivamente o quando dicono che non possono esistere principi morali intrinsecamente sbagliati (<em>intrinsece mala<\/em>), cattivi unicamente per la loro materia, viene applicato appunto il principio che abbiamo evidenziato sopra: la complessit\u00e0 dell\u2019esperienza, e quindi anche la complessit\u00e0 di una legge, non meritano mai un giudizio di condanna assoluta e, quindi, di lotta.<\/p>\n<p style=\"text-align: justify;\">Come si vede, nel giudizio a cui sottoporre la legge sulla scuola si incontra una problematica molto pi\u00f9 complessa che attiene alla capacit\u00e0 della fede cattolica, e della cultura cattolica che ne consegue, di essere ancora capaci di una valutazione completa, di esprimere un giudizio complessivo e quindi orientativo dell\u2019agire morale su una determinata questione.<\/p>\n<p style=\"text-align: justify;\">Qui il tema si allarga ulteriormente. Se il cattolico pu\u00f2 collaborare con una legge che contiene aspetti positivi ma anche aspetti in netto contrasto con la legge morale naturale e cristiana, egli potr\u00e0 allora collaborare anche con un organismo di solidariet\u00e0 internazionale che faccia delle cose positive ma anche degli interventi appunto contrari alla legge morale naturale e divina.<\/p>\n<p style=\"text-align: justify;\"><a href=\"https:\/\/www.rassegnastampa-totustuus.it\/cattolica\/wp-content\/uploads\/2009\/05\/amnesty.png\"><img loading=\"lazy\" decoding=\"async\" class=\"alignleft wp-image-33965\" src=\"https:\/\/www.rassegnastampa-totustuus.it\/cattolica\/wp-content\/uploads\/2009\/05\/amnesty.png\" alt=\"\" width=\"200\" height=\"200\" srcset=\"https:\/\/www.rassegnastampa-totustuus.it\/cattolica\/wp-content\/uploads\/2009\/05\/amnesty.png 225w, https:\/\/www.rassegnastampa-totustuus.it\/cattolica\/wp-content\/uploads\/2009\/05\/amnesty-150x150.png 150w\" sizes=\"auto, (max-width: 200px) 100vw, 200px\" \/><\/a>Pu\u00f2 il cattolico, per esempio, collaborare con <em>Amnesty International<\/em> che conduce campagne positive per la liberazione di persone detenute ingiustamente ma che appoggia esplicitamente le campagne per l\u2019aborto? Una direttiva di qualche anno fa della Congregazione per la dottrina della Fede lo aveva esplicitamente escluso. La <em>Rerum novarum<\/em>, di Leone XIII, indicava ai cattolici prima di tutto di dar vita a proprie associazioni ed, eventualmente, di collaborare con quelle degli altri dopo per\u00f2 averne verificato l\u2019attendibilit\u00e0 morale e religiosa.<\/p>\n<p style=\"text-align: justify;\">In altre parole, ci sono ancora delle esigenze di coerenza e di completezza per una valutazione cattolica dei problemi e delle sfide che si stanno davanti e per il conseguente impegno?<\/p>\n","protected":false},"excerpt":{"rendered":"<p>Osservatorio Internazionale Cardinale Van Thu\u00e2n Newsletter n.613 del 28 agosto 2015 \u00a0Una legge e&#8217; ingiusta anche per un solo articolo? di Stefano Fontana<\/p><p><a class=\"more-link btn\" href=\"https:\/\/www.rassegnastampa-totustuus.it\/cattolica\/la-lotta-contro-le-leggi-ingiuste\/\">Continua a leggere<\/a><\/p>\n","protected":false},"author":6,"featured_media":26702,"comment_status":"closed","ping_status":"closed","sticky":false,"template":"","format":"standard","meta":{"footnotes":""},"categories":[10,11,53],"tags":[2257,2258,789],"class_list":["post-26701","post","type-post","status-publish","format-standard","has-post-thumbnail","hentry","category-diritto","category-dottrina-sociale","category-politica","tag-leggi","tag-legislazione","tag-progressismo-cattolico-2","item-wrap"],"yoast_head":"<!-- This site is optimized with the Yoast SEO plugin v27.5 - https:\/\/yoast.com\/product\/yoast-seo-wordpress\/ -->\n<title>La lotta contro le leggi ingiuste. - Rassegna Stampa Cattolica<\/title>\n<meta name=\"description\" content=\"Rassegna Stampa Cattolica - Per una cultura che nasce dalla Rivelazione cristiana in conformit\u00e0 alla tradizione e al Magistero della Chiesa in opposizione ad ogni relativismo e totalitarismo\" \/>\n<meta name=\"robots\" content=\"index, follow, max-snippet:-1, max-image-preview:large, max-video-preview:-1\" \/>\n<link rel=\"canonical\" href=\"https:\/\/www.rassegnastampa-totustuus.it\/cattolica\/la-lotta-contro-le-leggi-ingiuste\/\" \/>\n<meta property=\"og:locale\" content=\"it_IT\" \/>\n<meta property=\"og:type\" content=\"article\" \/>\n<meta property=\"og:title\" content=\"La lotta contro le leggi ingiuste. - Rassegna Stampa Cattolica\" \/>\n<meta property=\"og:description\" content=\"Rassegna Stampa Cattolica - Per una cultura che nasce dalla Rivelazione cristiana in conformit\u00e0 alla tradizione e al Magistero della Chiesa in opposizione ad ogni relativismo e totalitarismo\" \/>\n<meta property=\"og:url\" content=\"https:\/\/www.rassegnastampa-totustuus.it\/cattolica\/la-lotta-contro-le-leggi-ingiuste\/\" \/>\n<meta property=\"og:site_name\" content=\"Rassegna Stampa Cattolica\" \/>\n<meta property=\"article:publisher\" content=\"https:\/\/www.facebook.com\/rassegnastampacattolica\" \/>\n<meta property=\"article:published_time\" content=\"2015-09-02T22:00:04+00:00\" \/>\n<meta property=\"article:modified_time\" content=\"2019-03-29T11:16:45+00:00\" \/>\n<meta property=\"og:image\" content=\"https:\/\/www.rassegnastampa-totustuus.it\/cattolica\/wp-content\/uploads\/2015\/08\/referendum.jpg\" \/>\n\t<meta property=\"og:image:width\" content=\"274\" \/>\n\t<meta property=\"og:image:height\" content=\"184\" \/>\n\t<meta property=\"og:image:type\" content=\"image\/jpeg\" \/>\n<meta name=\"author\" content=\"Redazione\" \/>\n<meta name=\"twitter:card\" content=\"summary_large_image\" \/>\n<meta name=\"twitter:creator\" content=\"@rassegnastampa9\" \/>\n<meta name=\"twitter:site\" content=\"@rassegnastampa9\" \/>\n<meta name=\"twitter:label1\" content=\"Scritto da\" \/>\n\t<meta name=\"twitter:data1\" content=\"Redazione\" \/>\n\t<meta name=\"twitter:label2\" content=\"Tempo di lettura stimato\" \/>\n\t<meta name=\"twitter:data2\" content=\"6 minuti\" \/>\n<script type=\"application\/ld+json\" class=\"yoast-schema-graph\">{\"@context\":\"https:\\\/\\\/schema.org\",\"@graph\":[{\"@type\":\"Article\",\"@id\":\"https:\\\/\\\/www.rassegnastampa-totustuus.it\\\/cattolica\\\/la-lotta-contro-le-leggi-ingiuste\\\/#article\",\"isPartOf\":{\"@id\":\"https:\\\/\\\/www.rassegnastampa-totustuus.it\\\/cattolica\\\/la-lotta-contro-le-leggi-ingiuste\\\/\"},\"author\":{\"name\":\"Redazione\",\"@id\":\"https:\\\/\\\/www.rassegnastampa-totustuus.it\\\/cattolica\\\/#\\\/schema\\\/person\\\/08f319d2bd1a0904ad9e2bfb7b15e5c3\"},\"headline\":\"La lotta contro le leggi ingiuste.\",\"datePublished\":\"2015-09-02T22:00:04+00:00\",\"dateModified\":\"2019-03-29T11:16:45+00:00\",\"mainEntityOfPage\":{\"@id\":\"https:\\\/\\\/www.rassegnastampa-totustuus.it\\\/cattolica\\\/la-lotta-contro-le-leggi-ingiuste\\\/\"},\"wordCount\":1107,\"publisher\":{\"@id\":\"https:\\\/\\\/www.rassegnastampa-totustuus.it\\\/cattolica\\\/#organization\"},\"image\":{\"@id\":\"https:\\\/\\\/www.rassegnastampa-totustuus.it\\\/cattolica\\\/la-lotta-contro-le-leggi-ingiuste\\\/#primaryimage\"},\"thumbnailUrl\":\"https:\\\/\\\/www.rassegnastampa-totustuus.it\\\/cattolica\\\/wp-content\\\/uploads\\\/2015\\\/08\\\/referendum.jpg\",\"keywords\":[\"leggi\",\"legislazione\",\"progressismo cattolico\"],\"articleSection\":[\"Diritto\",\"Dottrina sociale\",\"Politica\"],\"inLanguage\":\"it-IT\"},{\"@type\":\"WebPage\",\"@id\":\"https:\\\/\\\/www.rassegnastampa-totustuus.it\\\/cattolica\\\/la-lotta-contro-le-leggi-ingiuste\\\/\",\"url\":\"https:\\\/\\\/www.rassegnastampa-totustuus.it\\\/cattolica\\\/la-lotta-contro-le-leggi-ingiuste\\\/\",\"name\":\"La lotta contro le leggi ingiuste. - Rassegna Stampa Cattolica\",\"isPartOf\":{\"@id\":\"https:\\\/\\\/www.rassegnastampa-totustuus.it\\\/cattolica\\\/#website\"},\"primaryImageOfPage\":{\"@id\":\"https:\\\/\\\/www.rassegnastampa-totustuus.it\\\/cattolica\\\/la-lotta-contro-le-leggi-ingiuste\\\/#primaryimage\"},\"image\":{\"@id\":\"https:\\\/\\\/www.rassegnastampa-totustuus.it\\\/cattolica\\\/la-lotta-contro-le-leggi-ingiuste\\\/#primaryimage\"},\"thumbnailUrl\":\"https:\\\/\\\/www.rassegnastampa-totustuus.it\\\/cattolica\\\/wp-content\\\/uploads\\\/2015\\\/08\\\/referendum.jpg\",\"datePublished\":\"2015-09-02T22:00:04+00:00\",\"dateModified\":\"2019-03-29T11:16:45+00:00\",\"description\":\"Rassegna Stampa Cattolica - Per una cultura che nasce dalla Rivelazione cristiana in conformit\u00e0 alla tradizione e al Magistero della Chiesa in opposizione ad ogni relativismo e totalitarismo\",\"breadcrumb\":{\"@id\":\"https:\\\/\\\/www.rassegnastampa-totustuus.it\\\/cattolica\\\/la-lotta-contro-le-leggi-ingiuste\\\/#breadcrumb\"},\"inLanguage\":\"it-IT\",\"potentialAction\":[{\"@type\":\"ReadAction\",\"target\":[\"https:\\\/\\\/www.rassegnastampa-totustuus.it\\\/cattolica\\\/la-lotta-contro-le-leggi-ingiuste\\\/\"]}]},{\"@type\":\"ImageObject\",\"inLanguage\":\"it-IT\",\"@id\":\"https:\\\/\\\/www.rassegnastampa-totustuus.it\\\/cattolica\\\/la-lotta-contro-le-leggi-ingiuste\\\/#primaryimage\",\"url\":\"https:\\\/\\\/www.rassegnastampa-totustuus.it\\\/cattolica\\\/wp-content\\\/uploads\\\/2015\\\/08\\\/referendum.jpg\",\"contentUrl\":\"https:\\\/\\\/www.rassegnastampa-totustuus.it\\\/cattolica\\\/wp-content\\\/uploads\\\/2015\\\/08\\\/referendum.jpg\",\"width\":274,\"height\":184},{\"@type\":\"BreadcrumbList\",\"@id\":\"https:\\\/\\\/www.rassegnastampa-totustuus.it\\\/cattolica\\\/la-lotta-contro-le-leggi-ingiuste\\\/#breadcrumb\",\"itemListElement\":[{\"@type\":\"ListItem\",\"position\":1,\"name\":\"Home\",\"item\":\"https:\\\/\\\/www.rassegnastampa-totustuus.it\\\/cattolica\\\/\"},{\"@type\":\"ListItem\",\"position\":2,\"name\":\"La lotta contro le leggi ingiuste.\"}]},{\"@type\":\"WebSite\",\"@id\":\"https:\\\/\\\/www.rassegnastampa-totustuus.it\\\/cattolica\\\/#website\",\"url\":\"https:\\\/\\\/www.rassegnastampa-totustuus.it\\\/cattolica\\\/\",\"name\":\"Rassegna Stampa Cattolica\",\"description\":\"Per una cultura che nasce dalla Rivelazione cristiana in conformit\u00e0 alla tradizione e al Magistero della Chiesa in opposizione ad ogni relativismo e totalitarismo\",\"publisher\":{\"@id\":\"https:\\\/\\\/www.rassegnastampa-totustuus.it\\\/cattolica\\\/#organization\"},\"alternateName\":\"Rass. Cattolica\",\"potentialAction\":[{\"@type\":\"SearchAction\",\"target\":{\"@type\":\"EntryPoint\",\"urlTemplate\":\"https:\\\/\\\/www.rassegnastampa-totustuus.it\\\/cattolica\\\/?s={search_term_string}\"},\"query-input\":{\"@type\":\"PropertyValueSpecification\",\"valueRequired\":true,\"valueName\":\"search_term_string\"}}],\"inLanguage\":\"it-IT\"},{\"@type\":\"Organization\",\"@id\":\"https:\\\/\\\/www.rassegnastampa-totustuus.it\\\/cattolica\\\/#organization\",\"name\":\"Rassegna Stampa Cattolica\",\"url\":\"https:\\\/\\\/www.rassegnastampa-totustuus.it\\\/cattolica\\\/\",\"logo\":{\"@type\":\"ImageObject\",\"inLanguage\":\"it-IT\",\"@id\":\"https:\\\/\\\/www.rassegnastampa-totustuus.it\\\/cattolica\\\/#\\\/schema\\\/logo\\\/image\\\/\",\"url\":\"https:\\\/\\\/www.rassegnastampa-totustuus.it\\\/cattolica\\\/wp-content\\\/uploads\\\/2014\\\/04\\\/logo-rassegna1.gif\",\"contentUrl\":\"https:\\\/\\\/www.rassegnastampa-totustuus.it\\\/cattolica\\\/wp-content\\\/uploads\\\/2014\\\/04\\\/logo-rassegna1.gif\",\"width\":600,\"height\":163,\"caption\":\"Rassegna Stampa Cattolica\"},\"image\":{\"@id\":\"https:\\\/\\\/www.rassegnastampa-totustuus.it\\\/cattolica\\\/#\\\/schema\\\/logo\\\/image\\\/\"},\"sameAs\":[\"https:\\\/\\\/www.facebook.com\\\/rassegnastampacattolica\",\"https:\\\/\\\/x.com\\\/rassegnastampa9\"]},{\"@type\":\"Person\",\"@id\":\"https:\\\/\\\/www.rassegnastampa-totustuus.it\\\/cattolica\\\/#\\\/schema\\\/person\\\/08f319d2bd1a0904ad9e2bfb7b15e5c3\",\"name\":\"Redazione\",\"image\":{\"@type\":\"ImageObject\",\"inLanguage\":\"it-IT\",\"@id\":\"https:\\\/\\\/secure.gravatar.com\\\/avatar\\\/2fcdf27c78ea025fbdb44e914cc63c72249ffec9dc8aafd5c82b26240ef3f346?s=96&d=mm&r=g\",\"url\":\"https:\\\/\\\/secure.gravatar.com\\\/avatar\\\/2fcdf27c78ea025fbdb44e914cc63c72249ffec9dc8aafd5c82b26240ef3f346?s=96&d=mm&r=g\",\"contentUrl\":\"https:\\\/\\\/secure.gravatar.com\\\/avatar\\\/2fcdf27c78ea025fbdb44e914cc63c72249ffec9dc8aafd5c82b26240ef3f346?s=96&d=mm&r=g\",\"caption\":\"Redazione\"},\"url\":\"https:\\\/\\\/www.rassegnastampa-totustuus.it\\\/cattolica\\\/author\\\/pietroelle\\\/\"}]}<\/script>\n<!-- \/ Yoast SEO plugin. -->","yoast_head_json":{"title":"La lotta contro le leggi ingiuste. - Rassegna Stampa Cattolica","description":"Rassegna Stampa Cattolica - Per una cultura che nasce dalla Rivelazione cristiana in conformit\u00e0 alla tradizione e al Magistero della Chiesa in opposizione ad ogni relativismo e totalitarismo","robots":{"index":"index","follow":"follow","max-snippet":"max-snippet:-1","max-image-preview":"max-image-preview:large","max-video-preview":"max-video-preview:-1"},"canonical":"https:\/\/www.rassegnastampa-totustuus.it\/cattolica\/la-lotta-contro-le-leggi-ingiuste\/","og_locale":"it_IT","og_type":"article","og_title":"La lotta contro le leggi ingiuste. - Rassegna Stampa Cattolica","og_description":"Rassegna Stampa Cattolica - Per una cultura che nasce dalla Rivelazione cristiana in conformit\u00e0 alla tradizione e al Magistero della Chiesa in opposizione ad ogni relativismo e totalitarismo","og_url":"https:\/\/www.rassegnastampa-totustuus.it\/cattolica\/la-lotta-contro-le-leggi-ingiuste\/","og_site_name":"Rassegna Stampa Cattolica","article_publisher":"https:\/\/www.facebook.com\/rassegnastampacattolica","article_published_time":"2015-09-02T22:00:04+00:00","article_modified_time":"2019-03-29T11:16:45+00:00","og_image":[{"width":274,"height":184,"url":"https:\/\/www.rassegnastampa-totustuus.it\/cattolica\/wp-content\/uploads\/2015\/08\/referendum.jpg","type":"image\/jpeg"}],"author":"Redazione","twitter_card":"summary_large_image","twitter_creator":"@rassegnastampa9","twitter_site":"@rassegnastampa9","twitter_misc":{"Scritto da":"Redazione","Tempo di lettura stimato":"6 minuti"},"schema":{"@context":"https:\/\/schema.org","@graph":[{"@type":"Article","@id":"https:\/\/www.rassegnastampa-totustuus.it\/cattolica\/la-lotta-contro-le-leggi-ingiuste\/#article","isPartOf":{"@id":"https:\/\/www.rassegnastampa-totustuus.it\/cattolica\/la-lotta-contro-le-leggi-ingiuste\/"},"author":{"name":"Redazione","@id":"https:\/\/www.rassegnastampa-totustuus.it\/cattolica\/#\/schema\/person\/08f319d2bd1a0904ad9e2bfb7b15e5c3"},"headline":"La lotta contro le leggi ingiuste.","datePublished":"2015-09-02T22:00:04+00:00","dateModified":"2019-03-29T11:16:45+00:00","mainEntityOfPage":{"@id":"https:\/\/www.rassegnastampa-totustuus.it\/cattolica\/la-lotta-contro-le-leggi-ingiuste\/"},"wordCount":1107,"publisher":{"@id":"https:\/\/www.rassegnastampa-totustuus.it\/cattolica\/#organization"},"image":{"@id":"https:\/\/www.rassegnastampa-totustuus.it\/cattolica\/la-lotta-contro-le-leggi-ingiuste\/#primaryimage"},"thumbnailUrl":"https:\/\/www.rassegnastampa-totustuus.it\/cattolica\/wp-content\/uploads\/2015\/08\/referendum.jpg","keywords":["leggi","legislazione","progressismo cattolico"],"articleSection":["Diritto","Dottrina sociale","Politica"],"inLanguage":"it-IT"},{"@type":"WebPage","@id":"https:\/\/www.rassegnastampa-totustuus.it\/cattolica\/la-lotta-contro-le-leggi-ingiuste\/","url":"https:\/\/www.rassegnastampa-totustuus.it\/cattolica\/la-lotta-contro-le-leggi-ingiuste\/","name":"La lotta contro le leggi ingiuste. - Rassegna Stampa Cattolica","isPartOf":{"@id":"https:\/\/www.rassegnastampa-totustuus.it\/cattolica\/#website"},"primaryImageOfPage":{"@id":"https:\/\/www.rassegnastampa-totustuus.it\/cattolica\/la-lotta-contro-le-leggi-ingiuste\/#primaryimage"},"image":{"@id":"https:\/\/www.rassegnastampa-totustuus.it\/cattolica\/la-lotta-contro-le-leggi-ingiuste\/#primaryimage"},"thumbnailUrl":"https:\/\/www.rassegnastampa-totustuus.it\/cattolica\/wp-content\/uploads\/2015\/08\/referendum.jpg","datePublished":"2015-09-02T22:00:04+00:00","dateModified":"2019-03-29T11:16:45+00:00","description":"Rassegna Stampa Cattolica - Per una cultura che nasce dalla Rivelazione cristiana in conformit\u00e0 alla tradizione e al Magistero della Chiesa in opposizione ad ogni relativismo e totalitarismo","breadcrumb":{"@id":"https:\/\/www.rassegnastampa-totustuus.it\/cattolica\/la-lotta-contro-le-leggi-ingiuste\/#breadcrumb"},"inLanguage":"it-IT","potentialAction":[{"@type":"ReadAction","target":["https:\/\/www.rassegnastampa-totustuus.it\/cattolica\/la-lotta-contro-le-leggi-ingiuste\/"]}]},{"@type":"ImageObject","inLanguage":"it-IT","@id":"https:\/\/www.rassegnastampa-totustuus.it\/cattolica\/la-lotta-contro-le-leggi-ingiuste\/#primaryimage","url":"https:\/\/www.rassegnastampa-totustuus.it\/cattolica\/wp-content\/uploads\/2015\/08\/referendum.jpg","contentUrl":"https:\/\/www.rassegnastampa-totustuus.it\/cattolica\/wp-content\/uploads\/2015\/08\/referendum.jpg","width":274,"height":184},{"@type":"BreadcrumbList","@id":"https:\/\/www.rassegnastampa-totustuus.it\/cattolica\/la-lotta-contro-le-leggi-ingiuste\/#breadcrumb","itemListElement":[{"@type":"ListItem","position":1,"name":"Home","item":"https:\/\/www.rassegnastampa-totustuus.it\/cattolica\/"},{"@type":"ListItem","position":2,"name":"La lotta contro le leggi ingiuste."}]},{"@type":"WebSite","@id":"https:\/\/www.rassegnastampa-totustuus.it\/cattolica\/#website","url":"https:\/\/www.rassegnastampa-totustuus.it\/cattolica\/","name":"Rassegna Stampa Cattolica","description":"Per una cultura che nasce dalla Rivelazione cristiana in conformit\u00e0 alla tradizione e al Magistero della Chiesa in opposizione ad ogni relativismo e totalitarismo","publisher":{"@id":"https:\/\/www.rassegnastampa-totustuus.it\/cattolica\/#organization"},"alternateName":"Rass. Cattolica","potentialAction":[{"@type":"SearchAction","target":{"@type":"EntryPoint","urlTemplate":"https:\/\/www.rassegnastampa-totustuus.it\/cattolica\/?s={search_term_string}"},"query-input":{"@type":"PropertyValueSpecification","valueRequired":true,"valueName":"search_term_string"}}],"inLanguage":"it-IT"},{"@type":"Organization","@id":"https:\/\/www.rassegnastampa-totustuus.it\/cattolica\/#organization","name":"Rassegna Stampa Cattolica","url":"https:\/\/www.rassegnastampa-totustuus.it\/cattolica\/","logo":{"@type":"ImageObject","inLanguage":"it-IT","@id":"https:\/\/www.rassegnastampa-totustuus.it\/cattolica\/#\/schema\/logo\/image\/","url":"https:\/\/www.rassegnastampa-totustuus.it\/cattolica\/wp-content\/uploads\/2014\/04\/logo-rassegna1.gif","contentUrl":"https:\/\/www.rassegnastampa-totustuus.it\/cattolica\/wp-content\/uploads\/2014\/04\/logo-rassegna1.gif","width":600,"height":163,"caption":"Rassegna Stampa Cattolica"},"image":{"@id":"https:\/\/www.rassegnastampa-totustuus.it\/cattolica\/#\/schema\/logo\/image\/"},"sameAs":["https:\/\/www.facebook.com\/rassegnastampacattolica","https:\/\/x.com\/rassegnastampa9"]},{"@type":"Person","@id":"https:\/\/www.rassegnastampa-totustuus.it\/cattolica\/#\/schema\/person\/08f319d2bd1a0904ad9e2bfb7b15e5c3","name":"Redazione","image":{"@type":"ImageObject","inLanguage":"it-IT","@id":"https:\/\/secure.gravatar.com\/avatar\/2fcdf27c78ea025fbdb44e914cc63c72249ffec9dc8aafd5c82b26240ef3f346?s=96&d=mm&r=g","url":"https:\/\/secure.gravatar.com\/avatar\/2fcdf27c78ea025fbdb44e914cc63c72249ffec9dc8aafd5c82b26240ef3f346?s=96&d=mm&r=g","contentUrl":"https:\/\/secure.gravatar.com\/avatar\/2fcdf27c78ea025fbdb44e914cc63c72249ffec9dc8aafd5c82b26240ef3f346?s=96&d=mm&r=g","caption":"Redazione"},"url":"https:\/\/www.rassegnastampa-totustuus.it\/cattolica\/author\/pietroelle\/"}]}},"_links":{"self":[{"href":"https:\/\/www.rassegnastampa-totustuus.it\/cattolica\/wp-json\/wp\/v2\/posts\/26701","targetHints":{"allow":["GET"]}}],"collection":[{"href":"https:\/\/www.rassegnastampa-totustuus.it\/cattolica\/wp-json\/wp\/v2\/posts"}],"about":[{"href":"https:\/\/www.rassegnastampa-totustuus.it\/cattolica\/wp-json\/wp\/v2\/types\/post"}],"author":[{"embeddable":true,"href":"https:\/\/www.rassegnastampa-totustuus.it\/cattolica\/wp-json\/wp\/v2\/users\/6"}],"replies":[{"embeddable":true,"href":"https:\/\/www.rassegnastampa-totustuus.it\/cattolica\/wp-json\/wp\/v2\/comments?post=26701"}],"version-history":[{"count":2,"href":"https:\/\/www.rassegnastampa-totustuus.it\/cattolica\/wp-json\/wp\/v2\/posts\/26701\/revisions"}],"predecessor-version":[{"id":42612,"href":"https:\/\/www.rassegnastampa-totustuus.it\/cattolica\/wp-json\/wp\/v2\/posts\/26701\/revisions\/42612"}],"wp:featuredmedia":[{"embeddable":true,"href":"https:\/\/www.rassegnastampa-totustuus.it\/cattolica\/wp-json\/wp\/v2\/media\/26702"}],"wp:attachment":[{"href":"https:\/\/www.rassegnastampa-totustuus.it\/cattolica\/wp-json\/wp\/v2\/media?parent=26701"}],"wp:term":[{"taxonomy":"category","embeddable":true,"href":"https:\/\/www.rassegnastampa-totustuus.it\/cattolica\/wp-json\/wp\/v2\/categories?post=26701"},{"taxonomy":"post_tag","embeddable":true,"href":"https:\/\/www.rassegnastampa-totustuus.it\/cattolica\/wp-json\/wp\/v2\/tags?post=26701"}],"curies":[{"name":"wp","href":"https:\/\/api.w.org\/{rel}","templated":true}]}}