{"id":2659,"date":"2009-02-26T13:25:18","date_gmt":"2009-02-26T12:25:18","guid":{"rendered":""},"modified":"2016-02-26T14:03:32","modified_gmt":"2016-02-26T13:03:32","slug":"lequivoco-del-consumismo","status":"publish","type":"post","link":"https:\/\/www.rassegnastampa-totustuus.it\/cattolica\/lequivoco-del-consumismo\/","title":{"rendered":"L\u2019equivoco del consumismo"},"content":{"rendered":"<div style=\"text-align: center;\"><strong><a href=\"https:\/\/www.rassegnastampa-totustuus.it\/cattolica\/wp-content\/uploads\/2009\/02\/consumismo.jpg\"><img loading=\"lazy\" decoding=\"async\" class=\"alignleft wp-image-31081\" src=\"https:\/\/www.rassegnastampa-totustuus.it\/cattolica\/wp-content\/uploads\/2009\/02\/consumismo.jpg\" alt=\"consumismo\" width=\"250\" height=\"195\" \/><\/a>Studi Cattolici<\/strong> n.565 marzo 2008<\/div>\n<p style=\"text-align: center;\">di <strong>Aldo Spranzi<br \/>\n<\/strong><\/p>\n<p style=\"text-align: justify;\">II consumismo \u00e8 sul banco degli imputati, accusato di un vero e proprio crimine contro l&#8217;umanit\u00e0, di attentato ai valori pi\u00f9 alti dell&#8217;uomo e della societ\u00e0 che renderebbe schiavi di un pericoloso impoverimento spirituale, del materialismo. La Chiesa \u00e8 in prima fila tra gli accusatori, ma non \u00e8 sola; si pu\u00f2 anzi parlare di unanimit\u00e0 della condanna: non si trova qualcuno che dissenta, o anche solo che prospetti delle attenuanti.<\/p>\n<p><!--more--><\/p>\n<div style=\"text-align: justify;\">Un paradosso domina la questione: il consumismo, unanimemente additato al pubblico ludibrio, da tutti condannato, privo di difensori, anche di difensori d&#8217;ufficio, prospera e domina la vita degli uomini: significativo che non ne siano indenni nemmeno le fasce di reddito pi\u00f9 basse, i \u00abpoveri\u00bb delle societ\u00e0 opulente. Ipocrisia? Non proprio; dell&#8217;ipocrisia il consumismo sembra non aver bisogno: convive alla luce del sole con tutte le ideologie che lo negano, difeso proprio dall&#8217;unanimit\u00e0 di una sprezzante condanna che non lo sfiora nemmeno.<\/div>\n<p style=\"text-align: justify;\">C&#8217;\u00e8 sotto, evidentemente, qualcosa da scoprire e su cui vai la pena di meditare. La spiegazione ufficiale, da tutti condivisa, \u00e8 che il consumismo dilagante sia frutto di una violenza subdola, cui l&#8217;uomo moderno viene sottoposto e alla quale non \u00e8 in grado di sottrarsi.<\/p>\n<p style=\"text-align: justify;\">L&#8217;ossessione del consumo sarebbe il risultato di una violenza di massa architettata e <em>realizzata <\/em>dal mercato capitalistico, dal sistema delle imprese che, per la massimizzazione del profitto, plagiano con raffinate tecniche scientifiche i consumatori e fanno sorgere in essi bisogni superflui o fasulli, spingendoli (costringendoli) ad appagarli: facendone veri e propri robot al servizio del profitto e dello sviluppo economico.<\/p>\n<p style=\"text-align: justify;\">La <em>ricchezza <\/em>delle moderne societ\u00e0 farebbe precipitare l&#8217;umanit\u00e0 in una schiavit\u00f9 diversa ma altrettanto, se non pi\u00f9, degradante di quella prodotta dalla miseria delle societ\u00e0 pre-industriali. Collocato nella comoda posizione di vittima, l\u2019uomo-consumatore \u00e8 tranquillo, continua a consumare, a lavorare per consumare, partecipando ogniqualvolta si presenti l&#8217;occasione alla condanna del consumismo.<\/p>\n<p style=\"text-align: justify;\"><strong>Non \u00e8 colpa del marketing<\/strong><\/p>\n<p style=\"text-align: justify;\">\u00c8 cos\u00ec? Precisiamo anzitutto che cos&#8217;\u00e8 il consumismo. Consiste essenzialmente nell&#8217;attribuzione all&#8217;atto del consumo &#8211; cio\u00e8 dell&#8217;appagamento dei bisogni materiali consentito da un crescente potere d&#8217;acquisto &#8211; di un valore che tende a essere egemone, che porta il pi\u00f9 delle volte all&#8217;indebolimento, se non al soffocamento, dei valori spirituali. La spiritualit\u00e0 lascia il posto all&#8217;assillo di appagare i bisogni materiali; non solo: poich\u00e9 il consumo dipende dal potere d&#8217;acquisto, l&#8217;individuo da alla sua vita l&#8217;obiettivo strategico di aumentare il potere d&#8217;acquisto per poter massimizzare i consumi. Una continua rincorsa. Quando smette di lavorare, si riposa consumando. La felicit\u00e0 umana s&#8217;identifica con la realizzazione del consumo.<\/p>\n<p style=\"text-align: justify;\">Veniamo ora al punto della questione: la supposta violenza. La tesi del plagio non regge; \u00e8 smentita, fra l&#8217;altro, dalle seguenti circostanze: in primo luogo la concorrenza tra le offerte di consumo neutralizza la capacit\u00e0 del marketing di imporre al consumatore determinati consumi: \u00e8 il consumatore che sceglie, razionalmente, tra le sempre pi\u00f9 numerose alternative; una razionalit\u00e0 accentuata dalla crescente povert\u00e0 relativa, che caratterizza ogni fascia di reddito.<\/p>\n<p style=\"text-align: justify;\">Crescente povert\u00e0 relativa perch\u00e9 il potere d&#8217;acquisto aumenta s\u00ec incessantemente, ma crescono pi\u00f9 che proporzionalmente i bisogni da appagare. In secondo luogo non ha senso nelle moderne societ\u00e0 parlare di bisogni superflui: la vecchia distinzione tra bisogni primari e secondari non esiste pi\u00f9 e tutti i bisogni tendono a diventare primari: spetta al consumatore decidere, liberamente, il ruolo gerarchico dei bisogni.<\/p>\n<p style=\"text-align: justify;\">Infine, come ben sanno coloro che si occupano di vendite, il successo di ogni operazione di marketing presuppone l&#8217;assenza di barriere frapposte da valori interiori del consumatore ostili a quelle proposte: il marketing pu\u00f2 solo sfondare porte aperte. Non vale quindi nemmeno obiettare che la violenza \u00e8 globale, esercitata dall&#8217;insieme delle politiche di marketing dell&#8217;industria, perch\u00e9 determinante \u00e8 il sistema di valori dell&#8217;individuo: solo se i suoi valori sono in sintonia con i valori del consumo, la strada \u00e8 aperta al consumismo.<\/p>\n<p style=\"text-align: justify;\">I valori dello spirito non sono dunque coartati da una violenza che impone i valori del consumo, del materialismo: se il consumismo dilaga \u00e8 perch\u00e9 i valori dello spirito sono gracili o non esistono. Siamo di fronte a una libera scelta dell&#8217;individuo, che per\u00f2 vuoi apparire \u2014 a s\u00e9 stesso prima che agli altri \u2014 vittima di una violenza che non esiste. Inveire contro il consumismo \u00e8 un alibi, una moda.<\/p>\n<p style=\"text-align: justify;\"><strong>E\u2019 lo spirito che \u00e8 debole <\/strong><\/p>\n<p style=\"text-align: justify;\">II consumismo esprime nient&#8217;altro che la libert\u00e0 dell&#8217;uomo il quale, uscito finalmente dalla schiavit\u00f9 della miseria e dotato delle alternative offertegli dalla ricchezza, mostra nell&#8217;uso di questa libert\u00e0 i valori che ha dentro di s\u00e9, valori che sono alla base delle scelte di consumo. Il consumismo consente cos\u00ec di guardare dentro l&#8217;uomo, oltre il velo dell&#8217;ipocrisia, di contemplarne il paesaggio spirituale: \u00e8 il momento della verit\u00e0, che nelle situazioni di miseria non poteva manifestarsi. Quel che risulta \u00e8 sotto gli occhi di tutti: non \u00e8 un bello spettacolo!<\/p>\n<p style=\"text-align: justify;\">Se questa diagnosi \u00e8 valida, la discussione si sposta su due fondamentali interrogativi: perch\u00e9 i valori dello spirito sono cos\u00ec deboli, se non inesistenti come mostra il dominio incontrastato del consumismo? E soprattutto: che cosa occorre fare per rivitalizzare la spiritualit\u00e0 dell&#8217;uomo, non solo del popolo cristiano ma dell&#8217;intera umanit\u00e0?<\/p>\n<p style=\"text-align: justify;\">Interrogativi ai quali \u00e8 arduo dare una risposta, ma che pretendono di averla. Proprio il consumismo si offre di fare da guida: pu\u00f2 aiutarci a evitare la genericit\u00e0 se non l&#8217;indeterminatezza che avvolgono il fenomeno della spiritualit\u00e0 dell&#8217;uomo che vive nel contesto delle societ\u00e0 moderne. Un&#8217;agenda di riflessione, incompleta ma significativa, \u00e8 la seguente.<\/p>\n<p style=\"text-align: justify;\">Ci\u00f2 che prima di tutto urge fare \u00e8 dare al concetto di spiritualit\u00e0 un contenuto definito, uscendo da una indeterminatezza intollerabile, che si manifesta quando si abbandona una concezione confessionale, restrittiva, della spiritualit\u00e0, limitata alla vita religiosa dei credenti; tenendo presente che la nostra \u00e8 ormai una societ\u00e0 post-cristiana, come autorevoli fonti ecclesiastiche hanno affermato.<\/p>\n<p style=\"text-align: justify;\">Dobbiamo smettere di evocare in continuazione la spiritualit\u00e0, di farne l&#8217;apologi\u00e0, lasciandone nel vago la sostanza e le concrete modalit\u00e0 di realizzazione. Quanto alle fonti della spiritualit\u00e0, la prima \u00e8 certamente l&#8217;educazione religiosa, alla quale spetta un ruolo fondamentale nel far nascere e nell&#8217;irrobustire i valori dello spirito (non solo nei credenti), quei valori che se esistenti sbarrerebbero la strada al consumismo.<\/p>\n<p style=\"text-align: justify;\">Com&#8217;\u00e8 la situazione? A noi pare che l&#8217;educazione religiosa sia gravemente carente; usando il gergo economico diremmo che il marketing della carit\u00e0, della cristiana carit\u00e0, \u00e8 debole, mal realizzato, sbagliato, perci\u00f2 incapace di competere con il marketing del materialismo: lo dimostra il consumismo imperante. Perch\u00e9 non si sente l&#8217;urgenza di discutere su questo punto?<\/p>\n<p style=\"text-align: justify;\"><strong>L\u2019arte come recupero spirituale <\/strong><\/p>\n<p style=\"text-align: justify;\">L&#8217;altro &#8211; forse il solo altro &#8211; meccanismo produttore di spiritualit\u00e0, al servizio di credenti e non credenti, potenzialmente privo di barriere quindi accessibile da tutti, \u00e8 l&#8217;arte, l&#8217;esperienza estetica: si pu\u00f2 dimostrare che la vita estetica dell&#8217;individuo, quando esiste veramente, lo immerge in un bagno di spiritualit\u00e0. Un&#8217;affermazione la nostra che susciter\u00e0 certamente stupore e un certo disagio: che c&#8217;entrano le amenit\u00e0 artistiche, la \u00abbellezza\u00bb di cui tanto, genericamente e a sproposito, si parla, con i valori dello spirito?<\/p>\n<p style=\"text-align: justify;\">Il turismo artistico, nel quale confluisce buona parte dell&#8217;attivit\u00e0 estetica della gente, non fa forse parte del consumismo? Senza contare che la vita estetica della gente \u00e8 praticamente inesistente. Questa \u00e8 in effetti la situazione attuale; ma potrebbe essere tutto diverso se la nostra cultura artistica non c&#8217;impedisse l&#8217;accesso all&#8217;arte: uno scandalo con il quale \u00e8 arrivato il momento di fare i conti.<\/p>\n<p style=\"text-align: justify;\">L&#8217;arte pu\u00f2 diventare un formidabile strumento di massa di promozione della spiritualit\u00e0, perci\u00f2 il rapporto della gente con l&#8217;arte va rivoluzionato. Come? Quando? Da chi? Ne parleremo in una rubrica di <em>Studi cattolici <\/em>di prossima attivazione, intitolata <em>Noi e l&#8217;arte, <\/em>dedicata proprio a questi temi.<\/p>\n","protected":false},"excerpt":{"rendered":"<p>Studi Cattolici n.565 marzo 2008 di Aldo Spranzi II consumismo \u00e8 sul banco degli imputati, accusato di un vero e proprio crimine contro l&#8217;umanit\u00e0, di attentato ai valori pi\u00f9 alti dell&#8217;uomo e della societ\u00e0 che renderebbe schiavi di un pericoloso impoverimento spirituale, del materialismo. La Chiesa \u00e8 in prima fila tra gli accusatori, ma non &hellip; <\/p>\n<p><a class=\"more-link btn\" href=\"https:\/\/www.rassegnastampa-totustuus.it\/cattolica\/lequivoco-del-consumismo\/\">Continua a leggere<\/a><\/p>\n","protected":false},"author":6,"featured_media":31081,"comment_status":"closed","ping_status":"open","sticky":false,"template":"","format":"standard","meta":{"footnotes":""},"categories":[7],"tags":[1501],"class_list":["post-2659","post","type-post","status-publish","format-standard","has-post-thumbnail","hentry","category-costume","tag-consumismo","item-wrap"],"yoast_head":"<!-- This site is optimized with the Yoast SEO plugin v27.5 - https:\/\/yoast.com\/product\/yoast-seo-wordpress\/ -->\n<title>L\u2019equivoco del consumismo - Rassegna Stampa Cattolica<\/title>\n<meta name=\"description\" content=\"Rassegna Stampa Cattolica - Per una cultura che nasce dalla Rivelazione cristiana in conformit\u00e0 alla tradizione e al Magistero della Chiesa in opposizione ad ogni relativismo e totalitarismo\" \/>\n<meta name=\"robots\" content=\"index, follow, max-snippet:-1, max-image-preview:large, max-video-preview:-1\" \/>\n<link rel=\"canonical\" href=\"https:\/\/www.rassegnastampa-totustuus.it\/cattolica\/lequivoco-del-consumismo\/\" \/>\n<meta property=\"og:locale\" content=\"it_IT\" \/>\n<meta property=\"og:type\" content=\"article\" \/>\n<meta property=\"og:title\" content=\"L\u2019equivoco del consumismo - Rassegna Stampa Cattolica\" \/>\n<meta property=\"og:description\" content=\"Rassegna Stampa Cattolica - Per una cultura che nasce dalla Rivelazione cristiana in conformit\u00e0 alla tradizione e al Magistero della Chiesa in opposizione ad ogni relativismo e totalitarismo\" \/>\n<meta property=\"og:url\" content=\"https:\/\/www.rassegnastampa-totustuus.it\/cattolica\/lequivoco-del-consumismo\/\" \/>\n<meta property=\"og:site_name\" content=\"Rassegna Stampa Cattolica\" \/>\n<meta property=\"article:publisher\" content=\"https:\/\/www.facebook.com\/rassegnastampacattolica\" \/>\n<meta property=\"article:published_time\" content=\"2009-02-26T12:25:18+00:00\" \/>\n<meta property=\"article:modified_time\" content=\"2016-02-26T13:03:32+00:00\" \/>\n<meta property=\"og:image\" content=\"https:\/\/www.rassegnastampa-totustuus.it\/cattolica\/wp-content\/uploads\/2009\/02\/consumismo.jpg\" \/>\n\t<meta property=\"og:image:width\" content=\"254\" \/>\n\t<meta property=\"og:image:height\" content=\"198\" \/>\n\t<meta property=\"og:image:type\" content=\"image\/jpeg\" \/>\n<meta name=\"author\" content=\"Redazione\" \/>\n<meta name=\"twitter:card\" content=\"summary_large_image\" \/>\n<meta name=\"twitter:creator\" content=\"@rassegnastampa9\" \/>\n<meta name=\"twitter:site\" content=\"@rassegnastampa9\" \/>\n<meta name=\"twitter:label1\" content=\"Scritto da\" \/>\n\t<meta name=\"twitter:data1\" content=\"Redazione\" \/>\n\t<meta name=\"twitter:label2\" content=\"Tempo di lettura stimato\" \/>\n\t<meta name=\"twitter:data2\" content=\"6 minuti\" \/>\n<script type=\"application\/ld+json\" class=\"yoast-schema-graph\">{\"@context\":\"https:\\\/\\\/schema.org\",\"@graph\":[{\"@type\":\"Article\",\"@id\":\"https:\\\/\\\/www.rassegnastampa-totustuus.it\\\/cattolica\\\/lequivoco-del-consumismo\\\/#article\",\"isPartOf\":{\"@id\":\"https:\\\/\\\/www.rassegnastampa-totustuus.it\\\/cattolica\\\/lequivoco-del-consumismo\\\/\"},\"author\":{\"name\":\"Redazione\",\"@id\":\"https:\\\/\\\/www.rassegnastampa-totustuus.it\\\/cattolica\\\/#\\\/schema\\\/person\\\/08f319d2bd1a0904ad9e2bfb7b15e5c3\"},\"headline\":\"L\u2019equivoco del consumismo\",\"datePublished\":\"2009-02-26T12:25:18+00:00\",\"dateModified\":\"2016-02-26T13:03:32+00:00\",\"mainEntityOfPage\":{\"@id\":\"https:\\\/\\\/www.rassegnastampa-totustuus.it\\\/cattolica\\\/lequivoco-del-consumismo\\\/\"},\"wordCount\":1296,\"publisher\":{\"@id\":\"https:\\\/\\\/www.rassegnastampa-totustuus.it\\\/cattolica\\\/#organization\"},\"image\":{\"@id\":\"https:\\\/\\\/www.rassegnastampa-totustuus.it\\\/cattolica\\\/lequivoco-del-consumismo\\\/#primaryimage\"},\"thumbnailUrl\":\"https:\\\/\\\/www.rassegnastampa-totustuus.it\\\/cattolica\\\/wp-content\\\/uploads\\\/2009\\\/02\\\/consumismo.jpg\",\"keywords\":[\"consumismo\"],\"articleSection\":[\"Costume\"],\"inLanguage\":\"it-IT\"},{\"@type\":\"WebPage\",\"@id\":\"https:\\\/\\\/www.rassegnastampa-totustuus.it\\\/cattolica\\\/lequivoco-del-consumismo\\\/\",\"url\":\"https:\\\/\\\/www.rassegnastampa-totustuus.it\\\/cattolica\\\/lequivoco-del-consumismo\\\/\",\"name\":\"L\u2019equivoco del consumismo - Rassegna Stampa Cattolica\",\"isPartOf\":{\"@id\":\"https:\\\/\\\/www.rassegnastampa-totustuus.it\\\/cattolica\\\/#website\"},\"primaryImageOfPage\":{\"@id\":\"https:\\\/\\\/www.rassegnastampa-totustuus.it\\\/cattolica\\\/lequivoco-del-consumismo\\\/#primaryimage\"},\"image\":{\"@id\":\"https:\\\/\\\/www.rassegnastampa-totustuus.it\\\/cattolica\\\/lequivoco-del-consumismo\\\/#primaryimage\"},\"thumbnailUrl\":\"https:\\\/\\\/www.rassegnastampa-totustuus.it\\\/cattolica\\\/wp-content\\\/uploads\\\/2009\\\/02\\\/consumismo.jpg\",\"datePublished\":\"2009-02-26T12:25:18+00:00\",\"dateModified\":\"2016-02-26T13:03:32+00:00\",\"description\":\"Rassegna Stampa Cattolica - Per una cultura che nasce dalla Rivelazione cristiana in conformit\u00e0 alla tradizione e al Magistero della Chiesa in opposizione ad ogni relativismo e totalitarismo\",\"breadcrumb\":{\"@id\":\"https:\\\/\\\/www.rassegnastampa-totustuus.it\\\/cattolica\\\/lequivoco-del-consumismo\\\/#breadcrumb\"},\"inLanguage\":\"it-IT\",\"potentialAction\":[{\"@type\":\"ReadAction\",\"target\":[\"https:\\\/\\\/www.rassegnastampa-totustuus.it\\\/cattolica\\\/lequivoco-del-consumismo\\\/\"]}]},{\"@type\":\"ImageObject\",\"inLanguage\":\"it-IT\",\"@id\":\"https:\\\/\\\/www.rassegnastampa-totustuus.it\\\/cattolica\\\/lequivoco-del-consumismo\\\/#primaryimage\",\"url\":\"https:\\\/\\\/www.rassegnastampa-totustuus.it\\\/cattolica\\\/wp-content\\\/uploads\\\/2009\\\/02\\\/consumismo.jpg\",\"contentUrl\":\"https:\\\/\\\/www.rassegnastampa-totustuus.it\\\/cattolica\\\/wp-content\\\/uploads\\\/2009\\\/02\\\/consumismo.jpg\",\"width\":254,\"height\":198},{\"@type\":\"BreadcrumbList\",\"@id\":\"https:\\\/\\\/www.rassegnastampa-totustuus.it\\\/cattolica\\\/lequivoco-del-consumismo\\\/#breadcrumb\",\"itemListElement\":[{\"@type\":\"ListItem\",\"position\":1,\"name\":\"Home\",\"item\":\"https:\\\/\\\/www.rassegnastampa-totustuus.it\\\/cattolica\\\/\"},{\"@type\":\"ListItem\",\"position\":2,\"name\":\"L\u2019equivoco del consumismo\"}]},{\"@type\":\"WebSite\",\"@id\":\"https:\\\/\\\/www.rassegnastampa-totustuus.it\\\/cattolica\\\/#website\",\"url\":\"https:\\\/\\\/www.rassegnastampa-totustuus.it\\\/cattolica\\\/\",\"name\":\"Rassegna Stampa Cattolica\",\"description\":\"Per una cultura che nasce dalla Rivelazione cristiana in conformit\u00e0 alla tradizione e al Magistero della Chiesa in opposizione ad ogni relativismo e totalitarismo\",\"publisher\":{\"@id\":\"https:\\\/\\\/www.rassegnastampa-totustuus.it\\\/cattolica\\\/#organization\"},\"alternateName\":\"Rass. Cattolica\",\"potentialAction\":[{\"@type\":\"SearchAction\",\"target\":{\"@type\":\"EntryPoint\",\"urlTemplate\":\"https:\\\/\\\/www.rassegnastampa-totustuus.it\\\/cattolica\\\/?s={search_term_string}\"},\"query-input\":{\"@type\":\"PropertyValueSpecification\",\"valueRequired\":true,\"valueName\":\"search_term_string\"}}],\"inLanguage\":\"it-IT\"},{\"@type\":\"Organization\",\"@id\":\"https:\\\/\\\/www.rassegnastampa-totustuus.it\\\/cattolica\\\/#organization\",\"name\":\"Rassegna Stampa Cattolica\",\"url\":\"https:\\\/\\\/www.rassegnastampa-totustuus.it\\\/cattolica\\\/\",\"logo\":{\"@type\":\"ImageObject\",\"inLanguage\":\"it-IT\",\"@id\":\"https:\\\/\\\/www.rassegnastampa-totustuus.it\\\/cattolica\\\/#\\\/schema\\\/logo\\\/image\\\/\",\"url\":\"https:\\\/\\\/www.rassegnastampa-totustuus.it\\\/cattolica\\\/wp-content\\\/uploads\\\/2014\\\/04\\\/logo-rassegna1.gif\",\"contentUrl\":\"https:\\\/\\\/www.rassegnastampa-totustuus.it\\\/cattolica\\\/wp-content\\\/uploads\\\/2014\\\/04\\\/logo-rassegna1.gif\",\"width\":600,\"height\":163,\"caption\":\"Rassegna Stampa Cattolica\"},\"image\":{\"@id\":\"https:\\\/\\\/www.rassegnastampa-totustuus.it\\\/cattolica\\\/#\\\/schema\\\/logo\\\/image\\\/\"},\"sameAs\":[\"https:\\\/\\\/www.facebook.com\\\/rassegnastampacattolica\",\"https:\\\/\\\/x.com\\\/rassegnastampa9\"]},{\"@type\":\"Person\",\"@id\":\"https:\\\/\\\/www.rassegnastampa-totustuus.it\\\/cattolica\\\/#\\\/schema\\\/person\\\/08f319d2bd1a0904ad9e2bfb7b15e5c3\",\"name\":\"Redazione\",\"image\":{\"@type\":\"ImageObject\",\"inLanguage\":\"it-IT\",\"@id\":\"https:\\\/\\\/secure.gravatar.com\\\/avatar\\\/2fcdf27c78ea025fbdb44e914cc63c72249ffec9dc8aafd5c82b26240ef3f346?s=96&d=mm&r=g\",\"url\":\"https:\\\/\\\/secure.gravatar.com\\\/avatar\\\/2fcdf27c78ea025fbdb44e914cc63c72249ffec9dc8aafd5c82b26240ef3f346?s=96&d=mm&r=g\",\"contentUrl\":\"https:\\\/\\\/secure.gravatar.com\\\/avatar\\\/2fcdf27c78ea025fbdb44e914cc63c72249ffec9dc8aafd5c82b26240ef3f346?s=96&d=mm&r=g\",\"caption\":\"Redazione\"},\"url\":\"https:\\\/\\\/www.rassegnastampa-totustuus.it\\\/cattolica\\\/author\\\/pietroelle\\\/\"}]}<\/script>\n<!-- \/ Yoast SEO plugin. -->","yoast_head_json":{"title":"L\u2019equivoco del consumismo - Rassegna Stampa Cattolica","description":"Rassegna Stampa Cattolica - Per una cultura che nasce dalla Rivelazione cristiana in conformit\u00e0 alla tradizione e al Magistero della Chiesa in opposizione ad ogni relativismo e totalitarismo","robots":{"index":"index","follow":"follow","max-snippet":"max-snippet:-1","max-image-preview":"max-image-preview:large","max-video-preview":"max-video-preview:-1"},"canonical":"https:\/\/www.rassegnastampa-totustuus.it\/cattolica\/lequivoco-del-consumismo\/","og_locale":"it_IT","og_type":"article","og_title":"L\u2019equivoco del consumismo - Rassegna Stampa Cattolica","og_description":"Rassegna Stampa Cattolica - Per una cultura che nasce dalla Rivelazione cristiana in conformit\u00e0 alla tradizione e al Magistero della Chiesa in opposizione ad ogni relativismo e totalitarismo","og_url":"https:\/\/www.rassegnastampa-totustuus.it\/cattolica\/lequivoco-del-consumismo\/","og_site_name":"Rassegna Stampa Cattolica","article_publisher":"https:\/\/www.facebook.com\/rassegnastampacattolica","article_published_time":"2009-02-26T12:25:18+00:00","article_modified_time":"2016-02-26T13:03:32+00:00","og_image":[{"width":254,"height":198,"url":"https:\/\/www.rassegnastampa-totustuus.it\/cattolica\/wp-content\/uploads\/2009\/02\/consumismo.jpg","type":"image\/jpeg"}],"author":"Redazione","twitter_card":"summary_large_image","twitter_creator":"@rassegnastampa9","twitter_site":"@rassegnastampa9","twitter_misc":{"Scritto da":"Redazione","Tempo di lettura stimato":"6 minuti"},"schema":{"@context":"https:\/\/schema.org","@graph":[{"@type":"Article","@id":"https:\/\/www.rassegnastampa-totustuus.it\/cattolica\/lequivoco-del-consumismo\/#article","isPartOf":{"@id":"https:\/\/www.rassegnastampa-totustuus.it\/cattolica\/lequivoco-del-consumismo\/"},"author":{"name":"Redazione","@id":"https:\/\/www.rassegnastampa-totustuus.it\/cattolica\/#\/schema\/person\/08f319d2bd1a0904ad9e2bfb7b15e5c3"},"headline":"L\u2019equivoco del consumismo","datePublished":"2009-02-26T12:25:18+00:00","dateModified":"2016-02-26T13:03:32+00:00","mainEntityOfPage":{"@id":"https:\/\/www.rassegnastampa-totustuus.it\/cattolica\/lequivoco-del-consumismo\/"},"wordCount":1296,"publisher":{"@id":"https:\/\/www.rassegnastampa-totustuus.it\/cattolica\/#organization"},"image":{"@id":"https:\/\/www.rassegnastampa-totustuus.it\/cattolica\/lequivoco-del-consumismo\/#primaryimage"},"thumbnailUrl":"https:\/\/www.rassegnastampa-totustuus.it\/cattolica\/wp-content\/uploads\/2009\/02\/consumismo.jpg","keywords":["consumismo"],"articleSection":["Costume"],"inLanguage":"it-IT"},{"@type":"WebPage","@id":"https:\/\/www.rassegnastampa-totustuus.it\/cattolica\/lequivoco-del-consumismo\/","url":"https:\/\/www.rassegnastampa-totustuus.it\/cattolica\/lequivoco-del-consumismo\/","name":"L\u2019equivoco del consumismo - Rassegna Stampa Cattolica","isPartOf":{"@id":"https:\/\/www.rassegnastampa-totustuus.it\/cattolica\/#website"},"primaryImageOfPage":{"@id":"https:\/\/www.rassegnastampa-totustuus.it\/cattolica\/lequivoco-del-consumismo\/#primaryimage"},"image":{"@id":"https:\/\/www.rassegnastampa-totustuus.it\/cattolica\/lequivoco-del-consumismo\/#primaryimage"},"thumbnailUrl":"https:\/\/www.rassegnastampa-totustuus.it\/cattolica\/wp-content\/uploads\/2009\/02\/consumismo.jpg","datePublished":"2009-02-26T12:25:18+00:00","dateModified":"2016-02-26T13:03:32+00:00","description":"Rassegna Stampa Cattolica - Per una cultura che nasce dalla Rivelazione cristiana in conformit\u00e0 alla tradizione e al Magistero della Chiesa in opposizione ad ogni relativismo e totalitarismo","breadcrumb":{"@id":"https:\/\/www.rassegnastampa-totustuus.it\/cattolica\/lequivoco-del-consumismo\/#breadcrumb"},"inLanguage":"it-IT","potentialAction":[{"@type":"ReadAction","target":["https:\/\/www.rassegnastampa-totustuus.it\/cattolica\/lequivoco-del-consumismo\/"]}]},{"@type":"ImageObject","inLanguage":"it-IT","@id":"https:\/\/www.rassegnastampa-totustuus.it\/cattolica\/lequivoco-del-consumismo\/#primaryimage","url":"https:\/\/www.rassegnastampa-totustuus.it\/cattolica\/wp-content\/uploads\/2009\/02\/consumismo.jpg","contentUrl":"https:\/\/www.rassegnastampa-totustuus.it\/cattolica\/wp-content\/uploads\/2009\/02\/consumismo.jpg","width":254,"height":198},{"@type":"BreadcrumbList","@id":"https:\/\/www.rassegnastampa-totustuus.it\/cattolica\/lequivoco-del-consumismo\/#breadcrumb","itemListElement":[{"@type":"ListItem","position":1,"name":"Home","item":"https:\/\/www.rassegnastampa-totustuus.it\/cattolica\/"},{"@type":"ListItem","position":2,"name":"L\u2019equivoco del consumismo"}]},{"@type":"WebSite","@id":"https:\/\/www.rassegnastampa-totustuus.it\/cattolica\/#website","url":"https:\/\/www.rassegnastampa-totustuus.it\/cattolica\/","name":"Rassegna Stampa Cattolica","description":"Per una cultura che nasce dalla Rivelazione cristiana in conformit\u00e0 alla tradizione e al Magistero della Chiesa in opposizione ad ogni relativismo e totalitarismo","publisher":{"@id":"https:\/\/www.rassegnastampa-totustuus.it\/cattolica\/#organization"},"alternateName":"Rass. Cattolica","potentialAction":[{"@type":"SearchAction","target":{"@type":"EntryPoint","urlTemplate":"https:\/\/www.rassegnastampa-totustuus.it\/cattolica\/?s={search_term_string}"},"query-input":{"@type":"PropertyValueSpecification","valueRequired":true,"valueName":"search_term_string"}}],"inLanguage":"it-IT"},{"@type":"Organization","@id":"https:\/\/www.rassegnastampa-totustuus.it\/cattolica\/#organization","name":"Rassegna Stampa Cattolica","url":"https:\/\/www.rassegnastampa-totustuus.it\/cattolica\/","logo":{"@type":"ImageObject","inLanguage":"it-IT","@id":"https:\/\/www.rassegnastampa-totustuus.it\/cattolica\/#\/schema\/logo\/image\/","url":"https:\/\/www.rassegnastampa-totustuus.it\/cattolica\/wp-content\/uploads\/2014\/04\/logo-rassegna1.gif","contentUrl":"https:\/\/www.rassegnastampa-totustuus.it\/cattolica\/wp-content\/uploads\/2014\/04\/logo-rassegna1.gif","width":600,"height":163,"caption":"Rassegna Stampa Cattolica"},"image":{"@id":"https:\/\/www.rassegnastampa-totustuus.it\/cattolica\/#\/schema\/logo\/image\/"},"sameAs":["https:\/\/www.facebook.com\/rassegnastampacattolica","https:\/\/x.com\/rassegnastampa9"]},{"@type":"Person","@id":"https:\/\/www.rassegnastampa-totustuus.it\/cattolica\/#\/schema\/person\/08f319d2bd1a0904ad9e2bfb7b15e5c3","name":"Redazione","image":{"@type":"ImageObject","inLanguage":"it-IT","@id":"https:\/\/secure.gravatar.com\/avatar\/2fcdf27c78ea025fbdb44e914cc63c72249ffec9dc8aafd5c82b26240ef3f346?s=96&d=mm&r=g","url":"https:\/\/secure.gravatar.com\/avatar\/2fcdf27c78ea025fbdb44e914cc63c72249ffec9dc8aafd5c82b26240ef3f346?s=96&d=mm&r=g","contentUrl":"https:\/\/secure.gravatar.com\/avatar\/2fcdf27c78ea025fbdb44e914cc63c72249ffec9dc8aafd5c82b26240ef3f346?s=96&d=mm&r=g","caption":"Redazione"},"url":"https:\/\/www.rassegnastampa-totustuus.it\/cattolica\/author\/pietroelle\/"}]}},"_links":{"self":[{"href":"https:\/\/www.rassegnastampa-totustuus.it\/cattolica\/wp-json\/wp\/v2\/posts\/2659","targetHints":{"allow":["GET"]}}],"collection":[{"href":"https:\/\/www.rassegnastampa-totustuus.it\/cattolica\/wp-json\/wp\/v2\/posts"}],"about":[{"href":"https:\/\/www.rassegnastampa-totustuus.it\/cattolica\/wp-json\/wp\/v2\/types\/post"}],"author":[{"embeddable":true,"href":"https:\/\/www.rassegnastampa-totustuus.it\/cattolica\/wp-json\/wp\/v2\/users\/6"}],"replies":[{"embeddable":true,"href":"https:\/\/www.rassegnastampa-totustuus.it\/cattolica\/wp-json\/wp\/v2\/comments?post=2659"}],"version-history":[{"count":4,"href":"https:\/\/www.rassegnastampa-totustuus.it\/cattolica\/wp-json\/wp\/v2\/posts\/2659\/revisions"}],"predecessor-version":[{"id":31082,"href":"https:\/\/www.rassegnastampa-totustuus.it\/cattolica\/wp-json\/wp\/v2\/posts\/2659\/revisions\/31082"}],"wp:featuredmedia":[{"embeddable":true,"href":"https:\/\/www.rassegnastampa-totustuus.it\/cattolica\/wp-json\/wp\/v2\/media\/31081"}],"wp:attachment":[{"href":"https:\/\/www.rassegnastampa-totustuus.it\/cattolica\/wp-json\/wp\/v2\/media?parent=2659"}],"wp:term":[{"taxonomy":"category","embeddable":true,"href":"https:\/\/www.rassegnastampa-totustuus.it\/cattolica\/wp-json\/wp\/v2\/categories?post=2659"},{"taxonomy":"post_tag","embeddable":true,"href":"https:\/\/www.rassegnastampa-totustuus.it\/cattolica\/wp-json\/wp\/v2\/tags?post=2659"}],"curies":[{"name":"wp","href":"https:\/\/api.w.org\/{rel}","templated":true}]}}