{"id":2656,"date":"2009-02-26T12:39:49","date_gmt":"2009-02-26T11:39:49","guid":{"rendered":""},"modified":"2015-01-27T11:57:21","modified_gmt":"2015-01-27T10:57:21","slug":"leutanasia-lultima-cena","status":"publish","type":"post","link":"https:\/\/www.rassegnastampa-totustuus.it\/cattolica\/leutanasia-lultima-cena\/","title":{"rendered":"L\u2019eutanasia &amp; l\u2019&laquo;Ultima Cena&raquo;"},"content":{"rendered":"<div style=\"text-align: center;\"><strong>Studi Cattolici<\/strong> n.557 luglio-agosto 2007<\/div>\n<p style=\"text-align: center;\">di <strong>Tommaso Scandroglio<\/strong><\/p>\n<p style=\"text-align: justify;\">\u00ab<em>Corruptissima respublica plurimae leges<\/em>\u00bb. Cos\u00ec lo storico Tacito ricorda ai suoi contemporanei negli <em>Annales <\/em>e cos\u00ec pare rammentare a noi: quando l&#8217;autorit\u00e0 pubblica \u00e8 sommamente corrotta, innumerevoli sono le leggi.<\/p>\n<p style=\"text-align: justify;\">Il diluvio legislativo da cui da decenni siamo travolti \u00e8 frutto della cancellazione progressiva ed efficace di una sola legge che conta: la legge della retta coscienza. O per tradurre tale espressione in altri termini: la legge naturale.<\/p>\n<p><!--more--><\/p>\n<div style=\"text-align: justify;\">Questa non \u00e8 altro che una serie di princ\u00ecpi universali e oggettivi che sono\u00a0scolpiti nel cuore di ogni uomo da sempre. Una legge che, se validamente seguita in coscienza, permette di sapere che cosa e come fare in ogni circostanza. Una sorta di navigatore etico che per le difficili strade del viver quotidiano ti conduce alla meta prestabilita.<\/div>\n<p style=\"text-align: justify;\">Tolta tale legge &#8211; operazione propria di chi \u00e8 appunto corrotto nell&#8217;animo \u2014 occorre a essa sostituire una leggina per ogni nostro atto, un decreto per ogni circostanza in cui dobbiamo prendere una decisione. Uno sforzo anche inutile, se vogliamo, dato che questo scopo era stato raggiunto con un certo grado di successo dalla cosiddetta \u00abconsuetudine\u00bb almeno fino al giorno in cui Voltaire pronunci\u00f2 la famigerata e incandescente frase: \u00abVolete avere delle buone leggi? Bruciate quelle che avete, e fatene di nuove\u00bb.<\/p>\n<p style=\"text-align: justify;\">Il problema per\u00f2 \u00e8 anche un altro. Eliminata questa norma a carattere morale l&#8217;uomo svilisce la sua dignit\u00e0 di persona e diventa bestia. E agli animali &#8211; si sa &#8211; occorre mettere il guinzaglio, le redini, bisogna imbrigliarli e percuoterli a nerbate perch\u00e9 ubbidiscano e da esseri bizzosi si convertano in placidi e mansueti cittadini.<\/p>\n<p style=\"text-align: justify;\">Insomma una <em>lex<\/em> che sia regola per la condotta dei consociati, utile per il controllo sociale, come avrebbe detto Kelsen, per instradare comportamenti inquieti in questa bellicosa esistenza postmoderna, in questa \u00abaiuola che ci fa tanto feroci\u00bb, come invece scrisse il sommo Dante. Il risultato finale \u00e8 sotto gli occhi di tutti: un oceano di leggi, norme e regolamenti la cui profondit\u00e0 \u00e8 quasi insondabile. Un reticolo inestricabile pensato e voluto da un lato perch\u00e9 ogni desiderio diventi diritto, condannando il soggetto a trasformarsi in oggetto delle sue stesse pulsioni, e dall&#8217;altro affinch\u00e8 la nostra esistenza sia perfettamente e con minuzia controllabile da chi sta sui Colli romani.<\/p>\n<p style=\"text-align: justify;\">E perci\u00f2 dato che la voce della coscienza \u00e8 diventata afona e incapace di dirti quali comportamenti nel concreto devi assumere, a questa \u00e8 subentrata la norma giuridica. Ma non per tentare di mimare la voce suddetta, bens\u00ec per consegnarti nuovi stili di vita. Per\u00f2 a volte dalla proposizione di nuovi \u00abdiritti\u00bb si passa, con garbo ed eleganza, all&#8217;imposizione di questi.<\/p>\n<p style=\"text-align: justify;\"><strong>Il \u00abtestamento biologico\u00bb<\/strong><\/p>\n<p style=\"text-align: justify;\">E ci\u00f2 che \u00e8 accaduto con il disegno di legge del senatore Marino riguardante le cosiddette \u00abdichiarazioni di volont\u00e0 anticipate\u00bb (conosciute anche come \u00abtestamento biologico\u00bb) e che in questi giorni compie un anno di vita.<\/p>\n<p style=\"text-align: justify;\">Tale disegno di legge tra tutti quelli presentati in Parlamento \u00e8 quello che ha pi\u00f9 possibilit\u00e0 di passare, nel caso assai infelice che si decidesse di legiferare in materia. Le dichiarazioni di volont\u00e0 anticipate non sono altro che una disposizione di volont\u00e0 scritte in merito a trattamenti sanitari qualora il soggetto versi in stato di incapacit\u00e0 decisionale, o, detto in altri termini, quando non sia pi\u00f9 cosciente.<\/p>\n<p style=\"text-align: justify;\">Sorvoliamo sull&#8217;inefficacia di tale strumento: l&#8217;inattualit\u00e0 del consenso per cui oggi da sano decido che cosa fare della mia vita quando un giorno sar\u00f2 malato; la probabile interpretazione erronea da parte del fiduciario, figura incaricata di dare attuazione al testamento biologico; la quasi impossibile previsione della patologia e dei relativi trattamenti sanitari a cui il futuro paziente andr\u00e0 incontro, <em>et similia<\/em>.<\/p>\n<p style=\"text-align: justify;\">Sorvoliamo pure sul fatto che questo documento \u00e8 lo stratagemma per introdurre l&#8217;eutanasia nel nostro Paese. Sorvoliamo sulle affermazioni, un po&#8217; logore, che fanno da contorno a questo disegno di legge secondo cui, dato che c&#8217;\u00e8 l&#8217;eutanasia clandestina, occorre renderla lecita (a quando la legittimazione degli omicidi, furti, rapine, stupri, sequestri, anch&#8217;essi, da quanto ci risulta, clandestini?). Sorvoliamo su tutto ci\u00f2 e invece fermiamoci su un punto di questo DdL. All&#8217;art. 10 si legge \u00abi cittadini sono tenuti a rendere la dichiarazione anticipata di trattamento\u00bb. Il principio su cui la cultura progressista e radicaloide continua a battere per far passare il testamento biologico \u00e8 quello dell&#8217;autodeterminazione. La vita \u00e8 mia e ci faccio quello che voglio.<\/p>\n<p style=\"text-align: justify;\">Se soffro e voglio farla finita, mi deve essere riconosciuto il diritto di morire. Sono quindi io che determino in tutto e per tutto la mia esistenza. Ma \u2014 e qui sta l&#8217;obiezione &#8211; se mi \u00e8 permesso che sia io a decidere in <em>toto <\/em>su ogni aspetto attinente al mio corpo, alla mia salute, perch\u00e9 devo essere costretto a redigere il testamento biologico cos\u00ec come vuole il professor Marino?<\/p>\n<p style=\"text-align: justify;\">Non contrasta proprio con il principio dell&#8217;autodeterminazione il fatto che ci sia un obbligo in tal senso? La mia libert\u00e0 di decidere che cosa fare della mia vita non significa anche che possa decidere di non sottoscrivere un tale documento? La domanda \u00e8 ovviamente retorica.<\/p>\n<p style=\"text-align: justify;\"><strong>Quale autodeterminazione?<\/strong><\/p>\n<p style=\"text-align: justify;\">Ma c&#8217;\u00e8 un secondo punto da mettere in luce seppur brevemente: quali limiti assegnare al principio di autodeterminazione? Vi sono beni che il diritto, e il buon senso, chiama disponibili e altri che invece definisce come indisponibili. La demarcazione tra questi due generi di beni non \u00e8 netta. Nonostante ci\u00f2 possiamo individuare alcuni beni dei quali per il loro valore (economico, affettivo, morale) si pu\u00f2 disporre liberamente.<\/p>\n<p style=\"text-align: justify;\">Un&#8217;auto \u00e8 un bene disponibile. Potr\u00f2 comprarla, venderla, regalarla, smontarla: posso farci quasi quello che voglio (il \u00abquasi\u00bb \u00e8 d&#8217;obbligo: non mi \u00e8 permesso per esempio investire un pedone con la mia macchina). E poi ci sono i beni indisponibili. Perch\u00e9 vi sono alcuni beni che il diritto \u2014 e prima di esso la morale \u2014 non mi permette di usare come voglio? Perch\u00e9 tali beni sono cos\u00ec preziosi, hanno un valore intrinseco cos\u00ec alto che sfuggono al dominio assoluto della mia libert\u00e0.<\/p>\n<p style=\"text-align: justify;\">La vita per esempio \u00e8 un bene indisponibile. Posso s\u00ec \u00abusare\u00bb di essa: posso scegliere di sposarmi oppure no, posso decidere di studiare oppure no, posso decidere di condurre una vita sedentaria oppure no, ecc. Posso quindi compiere una serie quasi infinita di scelte attinenti alla mia vita, ma non posso scegliere di togliermela.<\/p>\n<p style=\"text-align: justify;\">Il potere di autodeterminazione che legittimamente ho sulla mia vita incontra il limite del divieto di suicidio. Il diritto di autodeterminazione non \u00e8 assoluto, ma relativo, cio\u00e8 si deve mettere in relazione con il diritto intangibile alla vita. Questo accade proprio perch\u00e9 la vita \u00e8 un bene cos\u00ec prezioso che esorbita dalla sfera della capacit\u00e0 decisionale. In tal senso il legame che c&#8217;\u00e8 tra me e la mia vita non attiene al concetto di propriet\u00e0: io non possiedo la mia vita. Bens\u00ec il nesso che lega me alla mia esistenza \u00e8 quello proprio della tutela: io devo tutelare la mia vita.<\/p>\n<p style=\"text-align: justify;\">Non diritto di propriet\u00e0 ma dovere di tutela. Nel concetto di tutela rientra s\u00ec la liceit\u00e0 di interpretare la propria esistenza cos\u00ec come uno vuole (sempre comunque nel rispetto delle norme morali), ma non rientra la possibilit\u00e0 di distruggere il bene \u00abvita\u00bb.<\/p>\n<p style=\"text-align: justify;\">Per esemplificare: <em>l&#8217;Ultima Cena<\/em> di Leonardo \u00e8 un dipinto che appartiene alla Comunit\u00e0 dei domenicani. Il fatto che sia di loro propriet\u00e0 non pu\u00f2 permettere che questi decidano, per esempio, di applicare una finestra nel centro di esso, di tinteggiare il muro dove \u00e8 stato dipinto, o peggio di buttare gi\u00f9 tutta la parete.. Se decidessero di farlo, non solo la sovrintendenza ai beni culturali, ma tutto il mondo artistico, culturale e politico interverrebbe subito gridando giustamente allo scandalo: \u00abL&#8217;Ultima Cena \u00e8 un bene di tutti!\u00bb.<\/p>\n<p style=\"text-align: justify;\"><strong>Un bene vincolato<\/strong><\/p>\n<p style=\"text-align: justify;\">II Cenacolo vinciano \u00e8 loro, ma non possono fare quello che vogliono. \u00c8 un bene vincolato, ed \u00e8 tale perch\u00e9 il pregio artistico \u00e8 di incommensurabile valore. Un valore cos\u00ec alto che ti consente s\u00ec di intervenire sull&#8217;opera d&#8217;arte, ma solo al fine di migliorarla o di preservarne la bellezza. Nessuno sull&#8217;<em>Ultima Cena <\/em>si permetterebbe di dire: \u00abOrmai non si vede quasi pi\u00f9 nulla. \u00c8 tutta danneggiata.<\/p>\n<p style=\"text-align: justify;\">L&#8217;opera \u00e8 talmente compromessa che \u00e8 inutile sforzarsi a prezzo di ingenti spese per tenerla &#8220;in vita&#8221;. Un dipinto cos\u00ec &#8220;malato&#8221; non ha senso recuperarlo, n\u00e9 tantomeno vale la pena permettere l&#8217;accesso ai turisti adottando tante e tali cautele come il numero limitato di visitatori, il divieto di uso dei flash, l&#8217;analisi continua dei livelli di temperatura e umidit\u00e0, ecc. Meglio distruggerla\u00bb.<\/p>\n<p style=\"text-align: justify;\">Se lo dicesse verrebbe preso per pazzo. Invece simile ragionamento viene spesso fatto per i malati gravi: quelli in stato vegetativo permanente, i disabili come Piergiorgio Welby, i malati di tumore ma con buone prospettive di vita, e altri ancora. Ognuno di costoro vale ben pi\u00f9 che <em>un&#8217;Ultima Cena: <\/em>le persone valgono pi\u00f9 delle cose. Ognuno di essi vive una condizione di salute grave, disperata: \u00e8 profondamente \u00abdanneggiato\u00bb nel fisico e nello spirito come il Cenacolo di Leonardo. Eppure per essi si propone l&#8217;eutanasia.<\/p>\n<p style=\"text-align: justify;\">Essi, chiss\u00e0 perch\u00e9, non sono un bene di tutti. Ragionevole quindi l&#8217;intervento del Gip Renato Laviola che vuole contestare al dottor Riccio l&#8217;imputazione di \u00abomicidio del consenziente\u00bb dato che ha staccato il respiratore a Welby decretandone la morte. Ragionevole perch\u00e9 lo stesso Gip ha affermato che il diritto alla vita \u00e8 di rango superiore rispetto al diritto del rifiuto alle cure, cio\u00e8 rispetto al diritto di autodeterminazione. Ragionevole perch\u00e9, infine, lo sguardo che si posa sul volto del malato grave e moribondo dovrebbe riconoscere in esso un&#8217; <em>Ul<\/em><em>tima Cena <\/em>vivente, dipinta da un artista dalle capacit\u00e0 divine.<\/p>\n","protected":false},"excerpt":{"rendered":"<p>Studi Cattolici n.557 luglio-agosto 2007 di Tommaso Scandroglio \u00abCorruptissima respublica plurimae leges\u00bb. Cos\u00ec lo storico Tacito ricorda ai suoi contemporanei negli Annales e cos\u00ec pare rammentare a noi: quando l&#8217;autorit\u00e0 pubblica \u00e8 sommamente corrotta, innumerevoli sono le leggi. Il diluvio legislativo da cui da decenni siamo travolti \u00e8 frutto della cancellazione progressiva ed efficace di &hellip; <\/p>\n<p><a class=\"more-link btn\" href=\"https:\/\/www.rassegnastampa-totustuus.it\/cattolica\/leutanasia-lultima-cena\/\">Continua a leggere<\/a><\/p>\n","protected":false},"author":6,"featured_media":31519,"comment_status":"closed","ping_status":"open","sticky":false,"template":"","format":"standard","meta":{"footnotes":""},"categories":[4,10],"tags":[484],"class_list":["post-2656","post","type-post","status-publish","format-standard","has-post-thumbnail","hentry","category-bioetica","category-diritto","tag-diritto-naturale","item-wrap"],"yoast_head":"<!-- This site is optimized with the Yoast SEO plugin v27.5 - https:\/\/yoast.com\/product\/yoast-seo-wordpress\/ -->\n<title>L\u2019eutanasia &amp; l\u2019&laquo;Ultima Cena&raquo; - Rassegna Stampa Cattolica<\/title>\n<meta name=\"description\" content=\"Rassegna Stampa Cattolica - Per una cultura che nasce dalla Rivelazione cristiana in conformit\u00e0 alla tradizione e al Magistero della Chiesa in opposizione ad ogni relativismo e totalitarismo\" \/>\n<meta name=\"robots\" content=\"index, follow, max-snippet:-1, max-image-preview:large, max-video-preview:-1\" \/>\n<link rel=\"canonical\" href=\"https:\/\/www.rassegnastampa-totustuus.it\/cattolica\/leutanasia-lultima-cena\/\" \/>\n<meta property=\"og:locale\" content=\"it_IT\" \/>\n<meta property=\"og:type\" content=\"article\" \/>\n<meta property=\"og:title\" content=\"L\u2019eutanasia &amp; l\u2019&laquo;Ultima Cena&raquo; - Rassegna Stampa Cattolica\" \/>\n<meta property=\"og:description\" content=\"Rassegna Stampa Cattolica - Per una cultura che nasce dalla Rivelazione cristiana in conformit\u00e0 alla tradizione e al Magistero della Chiesa in opposizione ad ogni relativismo e totalitarismo\" \/>\n<meta property=\"og:url\" content=\"https:\/\/www.rassegnastampa-totustuus.it\/cattolica\/leutanasia-lultima-cena\/\" \/>\n<meta property=\"og:site_name\" content=\"Rassegna Stampa Cattolica\" \/>\n<meta property=\"article:publisher\" content=\"https:\/\/www.facebook.com\/rassegnastampacattolica\" \/>\n<meta property=\"article:published_time\" content=\"2009-02-26T11:39:49+00:00\" \/>\n<meta property=\"article:modified_time\" content=\"2015-01-27T10:57:21+00:00\" \/>\n<meta property=\"og:image\" content=\"https:\/\/www.rassegnastampa-totustuus.it\/cattolica\/wp-content\/uploads\/2009\/02\/Tacito.jpg\" \/>\n\t<meta property=\"og:image:width\" content=\"259\" \/>\n\t<meta property=\"og:image:height\" content=\"194\" \/>\n\t<meta property=\"og:image:type\" content=\"image\/jpeg\" \/>\n<meta name=\"author\" content=\"Redazione\" \/>\n<meta name=\"twitter:card\" content=\"summary_large_image\" \/>\n<meta name=\"twitter:creator\" content=\"@rassegnastampa9\" \/>\n<meta name=\"twitter:site\" content=\"@rassegnastampa9\" \/>\n<meta name=\"twitter:label1\" content=\"Scritto da\" \/>\n\t<meta name=\"twitter:data1\" content=\"Redazione\" \/>\n\t<meta name=\"twitter:label2\" content=\"Tempo di lettura stimato\" \/>\n\t<meta name=\"twitter:data2\" content=\"8 minuti\" \/>\n<script type=\"application\/ld+json\" class=\"yoast-schema-graph\">{\"@context\":\"https:\\\/\\\/schema.org\",\"@graph\":[{\"@type\":\"Article\",\"@id\":\"https:\\\/\\\/www.rassegnastampa-totustuus.it\\\/cattolica\\\/leutanasia-lultima-cena\\\/#article\",\"isPartOf\":{\"@id\":\"https:\\\/\\\/www.rassegnastampa-totustuus.it\\\/cattolica\\\/leutanasia-lultima-cena\\\/\"},\"author\":{\"name\":\"Redazione\",\"@id\":\"https:\\\/\\\/www.rassegnastampa-totustuus.it\\\/cattolica\\\/#\\\/schema\\\/person\\\/08f319d2bd1a0904ad9e2bfb7b15e5c3\"},\"headline\":\"L\u2019eutanasia &amp; l\u2019&laquo;Ultima Cena&raquo;\",\"datePublished\":\"2009-02-26T11:39:49+00:00\",\"dateModified\":\"2015-01-27T10:57:21+00:00\",\"mainEntityOfPage\":{\"@id\":\"https:\\\/\\\/www.rassegnastampa-totustuus.it\\\/cattolica\\\/leutanasia-lultima-cena\\\/\"},\"wordCount\":1582,\"publisher\":{\"@id\":\"https:\\\/\\\/www.rassegnastampa-totustuus.it\\\/cattolica\\\/#organization\"},\"image\":{\"@id\":\"https:\\\/\\\/www.rassegnastampa-totustuus.it\\\/cattolica\\\/leutanasia-lultima-cena\\\/#primaryimage\"},\"thumbnailUrl\":\"https:\\\/\\\/www.rassegnastampa-totustuus.it\\\/cattolica\\\/wp-content\\\/uploads\\\/2009\\\/02\\\/Tacito.jpg\",\"keywords\":[\"diritto naturale\"],\"articleSection\":[\"Bioetica\",\"Diritto\"],\"inLanguage\":\"it-IT\"},{\"@type\":\"WebPage\",\"@id\":\"https:\\\/\\\/www.rassegnastampa-totustuus.it\\\/cattolica\\\/leutanasia-lultima-cena\\\/\",\"url\":\"https:\\\/\\\/www.rassegnastampa-totustuus.it\\\/cattolica\\\/leutanasia-lultima-cena\\\/\",\"name\":\"L\u2019eutanasia &amp; l\u2019&laquo;Ultima Cena&raquo; - Rassegna Stampa Cattolica\",\"isPartOf\":{\"@id\":\"https:\\\/\\\/www.rassegnastampa-totustuus.it\\\/cattolica\\\/#website\"},\"primaryImageOfPage\":{\"@id\":\"https:\\\/\\\/www.rassegnastampa-totustuus.it\\\/cattolica\\\/leutanasia-lultima-cena\\\/#primaryimage\"},\"image\":{\"@id\":\"https:\\\/\\\/www.rassegnastampa-totustuus.it\\\/cattolica\\\/leutanasia-lultima-cena\\\/#primaryimage\"},\"thumbnailUrl\":\"https:\\\/\\\/www.rassegnastampa-totustuus.it\\\/cattolica\\\/wp-content\\\/uploads\\\/2009\\\/02\\\/Tacito.jpg\",\"datePublished\":\"2009-02-26T11:39:49+00:00\",\"dateModified\":\"2015-01-27T10:57:21+00:00\",\"description\":\"Rassegna Stampa Cattolica - Per una cultura che nasce dalla Rivelazione cristiana in conformit\u00e0 alla tradizione e al Magistero della Chiesa in opposizione ad ogni relativismo e totalitarismo\",\"breadcrumb\":{\"@id\":\"https:\\\/\\\/www.rassegnastampa-totustuus.it\\\/cattolica\\\/leutanasia-lultima-cena\\\/#breadcrumb\"},\"inLanguage\":\"it-IT\",\"potentialAction\":[{\"@type\":\"ReadAction\",\"target\":[\"https:\\\/\\\/www.rassegnastampa-totustuus.it\\\/cattolica\\\/leutanasia-lultima-cena\\\/\"]}]},{\"@type\":\"ImageObject\",\"inLanguage\":\"it-IT\",\"@id\":\"https:\\\/\\\/www.rassegnastampa-totustuus.it\\\/cattolica\\\/leutanasia-lultima-cena\\\/#primaryimage\",\"url\":\"https:\\\/\\\/www.rassegnastampa-totustuus.it\\\/cattolica\\\/wp-content\\\/uploads\\\/2009\\\/02\\\/Tacito.jpg\",\"contentUrl\":\"https:\\\/\\\/www.rassegnastampa-totustuus.it\\\/cattolica\\\/wp-content\\\/uploads\\\/2009\\\/02\\\/Tacito.jpg\",\"width\":259,\"height\":194},{\"@type\":\"BreadcrumbList\",\"@id\":\"https:\\\/\\\/www.rassegnastampa-totustuus.it\\\/cattolica\\\/leutanasia-lultima-cena\\\/#breadcrumb\",\"itemListElement\":[{\"@type\":\"ListItem\",\"position\":1,\"name\":\"Home\",\"item\":\"https:\\\/\\\/www.rassegnastampa-totustuus.it\\\/cattolica\\\/\"},{\"@type\":\"ListItem\",\"position\":2,\"name\":\"L\u2019eutanasia &amp; l\u2019&laquo;Ultima Cena&raquo;\"}]},{\"@type\":\"WebSite\",\"@id\":\"https:\\\/\\\/www.rassegnastampa-totustuus.it\\\/cattolica\\\/#website\",\"url\":\"https:\\\/\\\/www.rassegnastampa-totustuus.it\\\/cattolica\\\/\",\"name\":\"Rassegna Stampa Cattolica\",\"description\":\"Per una cultura che nasce dalla Rivelazione cristiana in conformit\u00e0 alla tradizione e al Magistero della Chiesa in opposizione ad ogni relativismo e totalitarismo\",\"publisher\":{\"@id\":\"https:\\\/\\\/www.rassegnastampa-totustuus.it\\\/cattolica\\\/#organization\"},\"alternateName\":\"Rass. Cattolica\",\"potentialAction\":[{\"@type\":\"SearchAction\",\"target\":{\"@type\":\"EntryPoint\",\"urlTemplate\":\"https:\\\/\\\/www.rassegnastampa-totustuus.it\\\/cattolica\\\/?s={search_term_string}\"},\"query-input\":{\"@type\":\"PropertyValueSpecification\",\"valueRequired\":true,\"valueName\":\"search_term_string\"}}],\"inLanguage\":\"it-IT\"},{\"@type\":\"Organization\",\"@id\":\"https:\\\/\\\/www.rassegnastampa-totustuus.it\\\/cattolica\\\/#organization\",\"name\":\"Rassegna Stampa Cattolica\",\"url\":\"https:\\\/\\\/www.rassegnastampa-totustuus.it\\\/cattolica\\\/\",\"logo\":{\"@type\":\"ImageObject\",\"inLanguage\":\"it-IT\",\"@id\":\"https:\\\/\\\/www.rassegnastampa-totustuus.it\\\/cattolica\\\/#\\\/schema\\\/logo\\\/image\\\/\",\"url\":\"https:\\\/\\\/www.rassegnastampa-totustuus.it\\\/cattolica\\\/wp-content\\\/uploads\\\/2014\\\/04\\\/logo-rassegna1.gif\",\"contentUrl\":\"https:\\\/\\\/www.rassegnastampa-totustuus.it\\\/cattolica\\\/wp-content\\\/uploads\\\/2014\\\/04\\\/logo-rassegna1.gif\",\"width\":600,\"height\":163,\"caption\":\"Rassegna Stampa Cattolica\"},\"image\":{\"@id\":\"https:\\\/\\\/www.rassegnastampa-totustuus.it\\\/cattolica\\\/#\\\/schema\\\/logo\\\/image\\\/\"},\"sameAs\":[\"https:\\\/\\\/www.facebook.com\\\/rassegnastampacattolica\",\"https:\\\/\\\/x.com\\\/rassegnastampa9\"]},{\"@type\":\"Person\",\"@id\":\"https:\\\/\\\/www.rassegnastampa-totustuus.it\\\/cattolica\\\/#\\\/schema\\\/person\\\/08f319d2bd1a0904ad9e2bfb7b15e5c3\",\"name\":\"Redazione\",\"image\":{\"@type\":\"ImageObject\",\"inLanguage\":\"it-IT\",\"@id\":\"https:\\\/\\\/secure.gravatar.com\\\/avatar\\\/2fcdf27c78ea025fbdb44e914cc63c72249ffec9dc8aafd5c82b26240ef3f346?s=96&d=mm&r=g\",\"url\":\"https:\\\/\\\/secure.gravatar.com\\\/avatar\\\/2fcdf27c78ea025fbdb44e914cc63c72249ffec9dc8aafd5c82b26240ef3f346?s=96&d=mm&r=g\",\"contentUrl\":\"https:\\\/\\\/secure.gravatar.com\\\/avatar\\\/2fcdf27c78ea025fbdb44e914cc63c72249ffec9dc8aafd5c82b26240ef3f346?s=96&d=mm&r=g\",\"caption\":\"Redazione\"},\"url\":\"https:\\\/\\\/www.rassegnastampa-totustuus.it\\\/cattolica\\\/author\\\/pietroelle\\\/\"}]}<\/script>\n<!-- \/ Yoast SEO plugin. -->","yoast_head_json":{"title":"L\u2019eutanasia &amp; l\u2019&laquo;Ultima Cena&raquo; - Rassegna Stampa Cattolica","description":"Rassegna Stampa Cattolica - Per una cultura che nasce dalla Rivelazione cristiana in conformit\u00e0 alla tradizione e al Magistero della Chiesa in opposizione ad ogni relativismo e totalitarismo","robots":{"index":"index","follow":"follow","max-snippet":"max-snippet:-1","max-image-preview":"max-image-preview:large","max-video-preview":"max-video-preview:-1"},"canonical":"https:\/\/www.rassegnastampa-totustuus.it\/cattolica\/leutanasia-lultima-cena\/","og_locale":"it_IT","og_type":"article","og_title":"L\u2019eutanasia &amp; l\u2019&laquo;Ultima Cena&raquo; - Rassegna Stampa Cattolica","og_description":"Rassegna Stampa Cattolica - Per una cultura che nasce dalla Rivelazione cristiana in conformit\u00e0 alla tradizione e al Magistero della Chiesa in opposizione ad ogni relativismo e totalitarismo","og_url":"https:\/\/www.rassegnastampa-totustuus.it\/cattolica\/leutanasia-lultima-cena\/","og_site_name":"Rassegna Stampa Cattolica","article_publisher":"https:\/\/www.facebook.com\/rassegnastampacattolica","article_published_time":"2009-02-26T11:39:49+00:00","article_modified_time":"2015-01-27T10:57:21+00:00","og_image":[{"width":259,"height":194,"url":"https:\/\/www.rassegnastampa-totustuus.it\/cattolica\/wp-content\/uploads\/2009\/02\/Tacito.jpg","type":"image\/jpeg"}],"author":"Redazione","twitter_card":"summary_large_image","twitter_creator":"@rassegnastampa9","twitter_site":"@rassegnastampa9","twitter_misc":{"Scritto da":"Redazione","Tempo di lettura stimato":"8 minuti"},"schema":{"@context":"https:\/\/schema.org","@graph":[{"@type":"Article","@id":"https:\/\/www.rassegnastampa-totustuus.it\/cattolica\/leutanasia-lultima-cena\/#article","isPartOf":{"@id":"https:\/\/www.rassegnastampa-totustuus.it\/cattolica\/leutanasia-lultima-cena\/"},"author":{"name":"Redazione","@id":"https:\/\/www.rassegnastampa-totustuus.it\/cattolica\/#\/schema\/person\/08f319d2bd1a0904ad9e2bfb7b15e5c3"},"headline":"L\u2019eutanasia &amp; l\u2019&laquo;Ultima Cena&raquo;","datePublished":"2009-02-26T11:39:49+00:00","dateModified":"2015-01-27T10:57:21+00:00","mainEntityOfPage":{"@id":"https:\/\/www.rassegnastampa-totustuus.it\/cattolica\/leutanasia-lultima-cena\/"},"wordCount":1582,"publisher":{"@id":"https:\/\/www.rassegnastampa-totustuus.it\/cattolica\/#organization"},"image":{"@id":"https:\/\/www.rassegnastampa-totustuus.it\/cattolica\/leutanasia-lultima-cena\/#primaryimage"},"thumbnailUrl":"https:\/\/www.rassegnastampa-totustuus.it\/cattolica\/wp-content\/uploads\/2009\/02\/Tacito.jpg","keywords":["diritto naturale"],"articleSection":["Bioetica","Diritto"],"inLanguage":"it-IT"},{"@type":"WebPage","@id":"https:\/\/www.rassegnastampa-totustuus.it\/cattolica\/leutanasia-lultima-cena\/","url":"https:\/\/www.rassegnastampa-totustuus.it\/cattolica\/leutanasia-lultima-cena\/","name":"L\u2019eutanasia &amp; l\u2019&laquo;Ultima Cena&raquo; - Rassegna Stampa Cattolica","isPartOf":{"@id":"https:\/\/www.rassegnastampa-totustuus.it\/cattolica\/#website"},"primaryImageOfPage":{"@id":"https:\/\/www.rassegnastampa-totustuus.it\/cattolica\/leutanasia-lultima-cena\/#primaryimage"},"image":{"@id":"https:\/\/www.rassegnastampa-totustuus.it\/cattolica\/leutanasia-lultima-cena\/#primaryimage"},"thumbnailUrl":"https:\/\/www.rassegnastampa-totustuus.it\/cattolica\/wp-content\/uploads\/2009\/02\/Tacito.jpg","datePublished":"2009-02-26T11:39:49+00:00","dateModified":"2015-01-27T10:57:21+00:00","description":"Rassegna Stampa Cattolica - Per una cultura che nasce dalla Rivelazione cristiana in conformit\u00e0 alla tradizione e al Magistero della Chiesa in opposizione ad ogni relativismo e totalitarismo","breadcrumb":{"@id":"https:\/\/www.rassegnastampa-totustuus.it\/cattolica\/leutanasia-lultima-cena\/#breadcrumb"},"inLanguage":"it-IT","potentialAction":[{"@type":"ReadAction","target":["https:\/\/www.rassegnastampa-totustuus.it\/cattolica\/leutanasia-lultima-cena\/"]}]},{"@type":"ImageObject","inLanguage":"it-IT","@id":"https:\/\/www.rassegnastampa-totustuus.it\/cattolica\/leutanasia-lultima-cena\/#primaryimage","url":"https:\/\/www.rassegnastampa-totustuus.it\/cattolica\/wp-content\/uploads\/2009\/02\/Tacito.jpg","contentUrl":"https:\/\/www.rassegnastampa-totustuus.it\/cattolica\/wp-content\/uploads\/2009\/02\/Tacito.jpg","width":259,"height":194},{"@type":"BreadcrumbList","@id":"https:\/\/www.rassegnastampa-totustuus.it\/cattolica\/leutanasia-lultima-cena\/#breadcrumb","itemListElement":[{"@type":"ListItem","position":1,"name":"Home","item":"https:\/\/www.rassegnastampa-totustuus.it\/cattolica\/"},{"@type":"ListItem","position":2,"name":"L\u2019eutanasia &amp; l\u2019&laquo;Ultima Cena&raquo;"}]},{"@type":"WebSite","@id":"https:\/\/www.rassegnastampa-totustuus.it\/cattolica\/#website","url":"https:\/\/www.rassegnastampa-totustuus.it\/cattolica\/","name":"Rassegna Stampa Cattolica","description":"Per una cultura che nasce dalla Rivelazione cristiana in conformit\u00e0 alla tradizione e al Magistero della Chiesa in opposizione ad ogni relativismo e totalitarismo","publisher":{"@id":"https:\/\/www.rassegnastampa-totustuus.it\/cattolica\/#organization"},"alternateName":"Rass. Cattolica","potentialAction":[{"@type":"SearchAction","target":{"@type":"EntryPoint","urlTemplate":"https:\/\/www.rassegnastampa-totustuus.it\/cattolica\/?s={search_term_string}"},"query-input":{"@type":"PropertyValueSpecification","valueRequired":true,"valueName":"search_term_string"}}],"inLanguage":"it-IT"},{"@type":"Organization","@id":"https:\/\/www.rassegnastampa-totustuus.it\/cattolica\/#organization","name":"Rassegna Stampa Cattolica","url":"https:\/\/www.rassegnastampa-totustuus.it\/cattolica\/","logo":{"@type":"ImageObject","inLanguage":"it-IT","@id":"https:\/\/www.rassegnastampa-totustuus.it\/cattolica\/#\/schema\/logo\/image\/","url":"https:\/\/www.rassegnastampa-totustuus.it\/cattolica\/wp-content\/uploads\/2014\/04\/logo-rassegna1.gif","contentUrl":"https:\/\/www.rassegnastampa-totustuus.it\/cattolica\/wp-content\/uploads\/2014\/04\/logo-rassegna1.gif","width":600,"height":163,"caption":"Rassegna Stampa Cattolica"},"image":{"@id":"https:\/\/www.rassegnastampa-totustuus.it\/cattolica\/#\/schema\/logo\/image\/"},"sameAs":["https:\/\/www.facebook.com\/rassegnastampacattolica","https:\/\/x.com\/rassegnastampa9"]},{"@type":"Person","@id":"https:\/\/www.rassegnastampa-totustuus.it\/cattolica\/#\/schema\/person\/08f319d2bd1a0904ad9e2bfb7b15e5c3","name":"Redazione","image":{"@type":"ImageObject","inLanguage":"it-IT","@id":"https:\/\/secure.gravatar.com\/avatar\/2fcdf27c78ea025fbdb44e914cc63c72249ffec9dc8aafd5c82b26240ef3f346?s=96&d=mm&r=g","url":"https:\/\/secure.gravatar.com\/avatar\/2fcdf27c78ea025fbdb44e914cc63c72249ffec9dc8aafd5c82b26240ef3f346?s=96&d=mm&r=g","contentUrl":"https:\/\/secure.gravatar.com\/avatar\/2fcdf27c78ea025fbdb44e914cc63c72249ffec9dc8aafd5c82b26240ef3f346?s=96&d=mm&r=g","caption":"Redazione"},"url":"https:\/\/www.rassegnastampa-totustuus.it\/cattolica\/author\/pietroelle\/"}]}},"_links":{"self":[{"href":"https:\/\/www.rassegnastampa-totustuus.it\/cattolica\/wp-json\/wp\/v2\/posts\/2656","targetHints":{"allow":["GET"]}}],"collection":[{"href":"https:\/\/www.rassegnastampa-totustuus.it\/cattolica\/wp-json\/wp\/v2\/posts"}],"about":[{"href":"https:\/\/www.rassegnastampa-totustuus.it\/cattolica\/wp-json\/wp\/v2\/types\/post"}],"author":[{"embeddable":true,"href":"https:\/\/www.rassegnastampa-totustuus.it\/cattolica\/wp-json\/wp\/v2\/users\/6"}],"replies":[{"embeddable":true,"href":"https:\/\/www.rassegnastampa-totustuus.it\/cattolica\/wp-json\/wp\/v2\/comments?post=2656"}],"version-history":[{"count":3,"href":"https:\/\/www.rassegnastampa-totustuus.it\/cattolica\/wp-json\/wp\/v2\/posts\/2656\/revisions"}],"predecessor-version":[{"id":17805,"href":"https:\/\/www.rassegnastampa-totustuus.it\/cattolica\/wp-json\/wp\/v2\/posts\/2656\/revisions\/17805"}],"wp:featuredmedia":[{"embeddable":true,"href":"https:\/\/www.rassegnastampa-totustuus.it\/cattolica\/wp-json\/wp\/v2\/media\/31519"}],"wp:attachment":[{"href":"https:\/\/www.rassegnastampa-totustuus.it\/cattolica\/wp-json\/wp\/v2\/media?parent=2656"}],"wp:term":[{"taxonomy":"category","embeddable":true,"href":"https:\/\/www.rassegnastampa-totustuus.it\/cattolica\/wp-json\/wp\/v2\/categories?post=2656"},{"taxonomy":"post_tag","embeddable":true,"href":"https:\/\/www.rassegnastampa-totustuus.it\/cattolica\/wp-json\/wp\/v2\/tags?post=2656"}],"curies":[{"name":"wp","href":"https:\/\/api.w.org\/{rel}","templated":true}]}}