{"id":26558,"date":"2015-07-30T00:00:34","date_gmt":"2015-07-29T22:00:34","guid":{"rendered":"http:\/\/www.rassegnastampa-totustuus.it\/cattolica\/?p=26558"},"modified":"2015-07-22T09:18:12","modified_gmt":"2015-07-22T07:18:12","slug":"quando-la-teologia-e-lesegesi-vengono-piegate-a-presunte-esigenze-pastorali","status":"publish","type":"post","link":"https:\/\/www.rassegnastampa-totustuus.it\/cattolica\/quando-la-teologia-e-lesegesi-vengono-piegate-a-presunte-esigenze-pastorali\/","title":{"rendered":"Quando la teologia e l&#8217;esegesi vengono piegate a presunte esigenze pastorali."},"content":{"rendered":"<p style=\"text-align: center;\"><a href=\"https:\/\/www.rassegnastampa-totustuus.it\/cattolica\/wp-content\/uploads\/2015\/07\/Innocenzo-Gargano.jpg\"><img loading=\"lazy\" decoding=\"async\" class=\"alignright wp-image-26477\" src=\"https:\/\/www.rassegnastampa-totustuus.it\/cattolica\/wp-content\/uploads\/2015\/07\/Innocenzo-Gargano.jpg\" alt=\"Innocenzo Gargano\" width=\"250\" height=\"187\" \/><\/a>Osservatorio Internazionale Cardinale Van Thu\u00e2n <strong>Newsletter <\/strong>n.608 21 luglio 2015<\/p>\n<p style=\"text-align: center;\"><strong>\u00a0<\/strong><em>Silvio Brachetta contesta su Settimo Cielo la strana posizione di Padre Gargano<\/em><\/p>\n<p style=\"text-align: center;\"><strong>Stefano Fontana<\/strong><\/p>\n<p style=\"text-align: justify;\">Silvio Brachetta, giornalista e collaboratore del nostro Osservatorio, studioso di San Bonaventura da Bagnoregio ma non meno preparato sui Padri della Chiesa e sulla teologia in genere, \u00e8 intervenuto in un dibattito a livello nazionale e i suoi scritti polemici sono stati pubblicati nel noto blog di Sandro Magister<em>Settimo Cielo<\/em>. La disputa riguardava alcuni scritti del teologo camaldolese padre Guido Innocenzo Gargano. Su di essi Brachetta ha fatto da apripista, altri teologi sono in seguito intervenuti da varie parti del mondo per contestare la dubbia visione del padre camaldolese.<\/p>\n<p style=\"text-align: justify;\"><!--more--><\/p>\n<p style=\"text-align: justify;\"><strong>La tesi di padre Gargano<\/strong><\/p>\n<p style=\"text-align: justify;\">Riepiloghiamo brevemente. Fra Gargano in un saggio pubblicato sull\u2019<em>Urbanian University Journal<\/em>, poi ripreso su\u00a0<em>Settimo Cielo,<\/em>sosteneva che Ges\u00f9 Cristo, pur avendo insegnato l\u2019indissolubilit\u00e0 del matrimonio, non avrebbe tuttavia rigettato completamente la \u201clegge vecchia\u201d di Mos\u00e8 che permetteva il divorzio. Mos\u00e8 lo aveva fatto \u2013 cos\u00ec disse Ges\u00f9 \u2013 per la \u201cdurezza del loro cuore\u201d, ma questa durezza del cuore \u2013 sostiene Gargano \u2013 c\u2019\u00e8 anche oggi nei coniugi che si sono separati e che hanno costituito una nuova coppia. Nei loro confronti Ges\u00f9 avrebbe usato misericordia ancor pi\u00f9 di Mos\u00e8, perch\u00e9 la sua \u201clegge nuova\u201d, enunciata nel discorso delle beatitudini, toglie l\u2019asprezza e il legalismo della legge vecchia.<\/p>\n<p style=\"text-align: justify;\">Dato l\u2019attuale dibattito sulla comunione ai divorziati risposati, si capisce bene dove la tesi di Gargano vuole andare a parare. Si tratterebbe di ammettere un \u201cdivorzio cattolico\u201d.<\/p>\n<p style=\"text-align: justify;\">Gargano basava la sua tesi, tra l\u2019altro, su una particolare lettura di Matteo 5, 19: \u00abChi dunque trasgredir\u00e0 uno solo di questi precetti, anche minimi, e insegner\u00e0 agli uomini a fare altrettanto, sar\u00e0 considerato minimo nel regno dei cieli. Chi invece li osserver\u00e0 e li insegner\u00e0 agli uomini, sar\u00e0 considerato grande nel regno dei cieli\u00bb. Ci sarebbe, insomma, un salvezza minima e una salvezza massima. Ci sarebbe un minimo per entrare nel regno dei Cieli. L\u2019atto di ripudio, che la legge mosaica permetteva, sarebbe un \u201cprecetto minimo\u201d e colui che la attuasse entrerebbe &#8211; come minimo &#8211; nel regno dei Cieli. Gargano, poi, collega tutto questo con il discorso della montagna ove Ges\u00f9, secondo lui, avrebbe sostituito alla legge la misericordia.<\/p>\n<p style=\"text-align: justify;\"><strong>La contestazione di Brachetta<\/strong><\/p>\n<p style=\"text-align: justify;\">E\u2019 a questo punto che Brachetta pubblica la sua contestazione, dimostrando &#8211; Sant\u2019Agostino, San Giovanni Crisostomo, San Cassiano e San Tommaso d\u2019Acquino alla mano &#8211; che essa \u00e8 sbagliata. Nessun Padre della Chiesa e nessun Dottore ha mai avvalorato una interpretazione come quella di Gargano, nonostante costui pretenda il contrario. L\u2019hanno invece esclusa.<\/p>\n<p style=\"text-align: justify;\">Quanto alle parole di Ges\u00f9 &#8211; \u00abPer la durezza del vostro cuore Mos\u00e8 vi ha permesso di ripudiare le vostre mogli, ma da principio non fu cos\u00ec. Perci\u00f2 io vi dico: Chiunque ripudia la propria moglie, se non in caso di concubinato, e ne sposa un\u2019altra commette adulterio\u00bb &#8211; non possono essere interpretate, nella loro chiarezza inoppugnabile, come una sorta di presa d\u2019atto da parte di Ges\u00f9 della \u201cdurezza di cuore\u201d. Ges\u00f9 revoca la liceit\u00e0 di dare l\u2019atto di ripudio e conferma la condizione di adulterio per eventuali seconde nozze.<\/p>\n<p style=\"text-align: justify;\">Inoltre il Discorso della montagna, che potrebbe essere visto come un ammorbidimento del Decalogo tramite la misericordia, invece \u00e8 un suo inasprimento.<\/p>\n<p style=\"text-align: justify;\">Quindi egli pu\u00f2 concludere: \u00abIn realt\u00e0 pare del tutto ambigua una sorta di liberazione dalla \u201c<em>littera<\/em>\u201d legalistica, come auspica Gargano, almeno per quanto riguarda il Decalogo. La strada della misericordia \u00e8 invece indicata con chiarezza dalla Chiesa: pentimento del delitto contro la \u201c<em>littera<\/em>\u201d dei santi precetti e conseguente perdono da parte di Dio\u00bb.<\/p>\n<p style=\"text-align: justify;\"><strong>La disputa continua\u2026<\/strong><\/p>\n<p style=\"text-align: justify;\">Alla replica di padre Gargano, che ripeteva con parole diverse i medesimi concetti del saggio precedente, e che spiegava la diversit\u00e0 delle due posizioni attribuendola alla diversit\u00e0 dei metodi di approccio al testo evangelico, Brachetta ribadiva le sue tesi:<\/p>\n<p style=\"text-align: justify;\">1) non \u00e8 vero, come sostiene Gargano, che Ges\u00f9 abbia compiuto la Legge antica nel senso di Mos\u00e8, cio\u00e8 nel senso di una Legge \u201cpi\u00f9 accondiscendente\u201d;<\/p>\n<p style=\"text-align: justify;\">2) ma anzi, e solo nell\u2019ambito del Decalogo, Ges\u00f9 ha inasprito il precetto, come si evince dal Discorso della montagna;<\/p>\n<p style=\"text-align: justify;\">3) \u00e8 vero che la Legge nuova del Cristo \u00e8 diretta verso la misericordia, ma non depotenziando il Decalogo &#8211; dove il Decalogo \u00e8 solo la prima met\u00e0 della Legge &#8211; ma annullando l\u2019applicazione della pena (\u201cocchio per occhio\u201d), che viene assunta dal Crocifisso, al posto dei peccatori (si evince sempre, ad esempio, dal Discorso della montagna).<\/p>\n<p style=\"text-align: justify;\">\u00abSono intervenuto &#8211; scrive Brachetta nel suo secondo scritto su <em>Settimo Cielo<\/em> &#8211; nel tentativo di bloccare un\u2019operazione non molto chiara nel metodo, ma chiarissima nel traguardo: sdoganare la liceit\u00e0 dell\u2019atto di ripudio, rendere lecito il secondo matrimonio dopo il divorzio e indurre il Sinodo sulla famiglia ad ammettere ai sacramenti i divorziati risposati\u00bb.<\/p>\n<p style=\"text-align: center;\">__________________________________________<\/p>\n<p style=\"text-align: center;\"><strong>L\u2019equivoco farisaico di separare dottrina e prassi<\/strong><\/p>\n<p style=\"text-align: center;\"><em>Intervista a Silvio Brachetta<\/em><\/p>\n<p style=\"text-align: justify;\"><strong>Caro Brachetta, intanto complimenti per la competenza e il coraggio intellettuale con cui \u00e8 intervenuto in questo dibattito. In questa fase \u201csinodale\u201d sono nate varie tesi teologiche spinte, che vorrebbero fare da supporto a radicali revisioni della dottrina e della prassi. Come mai secondo lei?<\/strong><\/p>\n<p style=\"text-align: justify;\">Perch\u00e9 gran parte dei teologi non fa pi\u00f9 \u00abteologia in ginocchio\u00bb, rievocata da Joseph Ratzinger durante il suo pontificato. Ratzinger attingeva al teologo Hans Urs von Balthasar, che la contrapponeva alla \u00abteologia a tavolino\u00bb, sterile e presuntuosa. L\u2019espressione per\u00f2 risale almeno a sette secoli prima, a San Francesco d\u2019Assisi, che concedeva ai suoi frati lo studio teologico solo sulla via dell\u2019umilt\u00e0, nell\u2019obbedienza. Non \u00e8 dunque teologo in ginocchio chi non fonda le proprie tesi sull\u2019obbedienza alla dottrina di Cristo. E nemmeno chi adotta novit\u00e0 tali da contraddire i Padri e i Dottori della Chiesa. Ancor meno chi cerca di adattare il Testo sacro alle proprie opinioni. Viceversa, il teologo in ginocchio adatta le proprie opinioni alle Sacre Scritture e alla Tradizione apostolica.<\/p>\n<p style=\"text-align: justify;\"><strong>Il lavoro del teologo, non dovrebbe essere &#8211; come diceva l\u2019istruzione <em>Donum veritatis (1990)<\/em> del cardinale Ratzinger &#8211; di natura \u201cecclesiale\u201d, ossia a servizio della Chiesa?<\/strong><\/p>\n<p style=\"text-align: justify;\">Certamente, nel senso di un servizio \u00abpratico\u00bb. Mi spiego. Per San Bonaventura, ad esempio, era inconcepibile il \u00abmomento speculativo\u00bb teologico senza il successivo \u00abmomento pratico\u00bb, cio\u00e8 la conoscenza che si traduce in azione salvifica reale, come da procedura tutta francescana. Ratzinger, in <em>Donum veritatis<\/em>, rispetta il primato bonaventuriano della Fede, che dev\u2019essere poi affidata alla ragione, affinch\u00e9 \u00abdivenga comunicabile\u00bb, trasmissibile ad altri esseri umani ragionevoli. Il teologo, allora, \u00e8 chiamato innanzi tutto da Dio a servire la Verit\u00e0, indagandone le profondit\u00e0, realizzandola nell\u2019azione e &#8211; nel momento successivo &#8211; a servire la Chiesa, con le opere di apostolato e di evangelizzazione.<\/p>\n<p style=\"text-align: justify;\"><strong>Gli innovatori della prassi cattolica su matrimonio e sacramenti dicono di voler cambiare solo la prassi e non la dottrina. Per\u00f2, come nel caso di Gargano da lei contestato, cambiano la dottrina, a cominciare dal senso delle parole di Ges\u00f9. Si tratta quindi di un trucco?<\/strong><\/p>\n<p style=\"text-align: justify;\">L\u2019equivoco sta proprio nella separazione di dottrina e prassi. Aristotele concepiva l\u2019ambito teoretico separato da quello pratico. Con il cristianesimo &#8211; e in particolare con il francescanesimo &#8211; questo non \u00e8 pi\u00f9 possibile: la dottrina serve alla prassi e, se il processo di comprensione della Fede \u00e8 un \u201ccapire la Verit\u00e0\u201d, non per questo non sono necessarie anche le opere, che sono un \u201cfare la Verit\u00e0\u201d. Sulle questioni legate alla Fede, \u201ccapire\u201d e \u201cfare\u201d sono inseparabili, proprio perch\u00e9 coinvolgono le capacit\u00e0 umane soggettive (ragione e volont\u00e0), che assentono alla Verit\u00e0 oggettiva, a Dio. Il trucco \u00e8 separare ragione e volont\u00e0 le quali, come sostiene San Bonaventura, non sono sostanze, ma capacit\u00e0 dell\u2019unica essenza psichica.<\/p>\n<p style=\"text-align: justify;\"><strong>Secondo lei nel popolo cristiano quanta consapevolezza c\u2019\u00e8 della posta in gioco al prossimo Sinodo sulla famiglia?<\/strong><\/p>\n<p style=\"text-align: justify;\">Direi molto poca. Molto pi\u00f9 oggi che in passato, nel laicato cattolico serpeggia il fariseismo, che separa il dire dal fare. Al peccato c\u2019\u00e8 rimedio, ma all\u2019ipocrisia farisaica di rimedio ce n\u2019\u00e8 ben poco, specialmente senza una guida spirituale ferma ed autorevole. Circa il fariseismo, inoltre, \u00e8 in voga un errore molto diffuso tra i fedeli: sembrerebbe che il fariseo fosse colui che ama le regole, la legge. No. Il fariseo segue le regole e le attua a modo suo, o non le attua. Cio\u00e8 dice e non fa, che \u00e8, appunto, l\u2019improvvida separazione di certi teologi tra dottrina e prassi. Chi invece ama la legge e la mette in pratica, si salva. Spesso chi ama la legge \u00e8 additato come rigorista. Eppure, chi non ama la legge come pu\u00f2 metterla in pratica?<\/p>\n<p style=\"text-align: right;\"><strong>(<\/strong>A cura di <strong>Stefano Fontana)<\/strong><\/p>\n","protected":false},"excerpt":{"rendered":"<p>Osservatorio Internazionale Cardinale Van Thu\u00e2n Newsletter n.608 21 luglio 2015 \u00a0Silvio Brachetta contesta su Settimo Cielo la strana posizione di Padre Gargano Stefano Fontana Silvio Brachetta, giornalista e collaboratore del nostro Osservatorio, studioso di San Bonaventura da Bagnoregio ma non meno preparato sui Padri della Chiesa e sulla teologia in genere, \u00e8 intervenuto in un &hellip; <\/p>\n<p><a class=\"more-link btn\" href=\"https:\/\/www.rassegnastampa-totustuus.it\/cattolica\/quando-la-teologia-e-lesegesi-vengono-piegate-a-presunte-esigenze-pastorali\/\">Continua a leggere<\/a><\/p>\n","protected":false},"author":6,"featured_media":26477,"comment_status":"closed","ping_status":"closed","sticky":false,"template":"","format":"standard","meta":{"footnotes":""},"categories":[5,15],"tags":[1847],"class_list":["post-26558","post","type-post","status-publish","format-standard","has-post-thumbnail","hentry","category-chiesa","category-famiglia","tag-teologia","item-wrap"],"yoast_head":"<!-- This site is optimized with the Yoast SEO plugin v27.5 - https:\/\/yoast.com\/product\/yoast-seo-wordpress\/ -->\n<title>Quando la teologia e l&#039;esegesi vengono piegate a presunte esigenze pastorali. - Rassegna Stampa Cattolica<\/title>\n<meta name=\"description\" content=\"Rassegna Stampa Cattolica - Per una cultura che nasce dalla Rivelazione cristiana in conformit\u00e0 alla tradizione e al Magistero della Chiesa in opposizione ad ogni relativismo e totalitarismo\" \/>\n<meta name=\"robots\" content=\"index, follow, max-snippet:-1, max-image-preview:large, max-video-preview:-1\" \/>\n<link rel=\"canonical\" href=\"https:\/\/www.rassegnastampa-totustuus.it\/cattolica\/quando-la-teologia-e-lesegesi-vengono-piegate-a-presunte-esigenze-pastorali\/\" \/>\n<meta property=\"og:locale\" content=\"it_IT\" \/>\n<meta property=\"og:type\" content=\"article\" \/>\n<meta property=\"og:title\" content=\"Quando la teologia e l&#039;esegesi vengono piegate a presunte esigenze pastorali. - Rassegna Stampa Cattolica\" \/>\n<meta property=\"og:description\" content=\"Rassegna Stampa Cattolica - Per una cultura che nasce dalla Rivelazione cristiana in conformit\u00e0 alla tradizione e al Magistero della Chiesa in opposizione ad ogni relativismo e totalitarismo\" \/>\n<meta property=\"og:url\" content=\"https:\/\/www.rassegnastampa-totustuus.it\/cattolica\/quando-la-teologia-e-lesegesi-vengono-piegate-a-presunte-esigenze-pastorali\/\" \/>\n<meta property=\"og:site_name\" content=\"Rassegna Stampa Cattolica\" \/>\n<meta property=\"article:publisher\" content=\"https:\/\/www.facebook.com\/rassegnastampacattolica\" \/>\n<meta property=\"article:published_time\" content=\"2015-07-29T22:00:34+00:00\" \/>\n<meta property=\"og:image\" content=\"https:\/\/www.rassegnastampa-totustuus.it\/cattolica\/wp-content\/uploads\/2015\/07\/Innocenzo-Gargano.jpg\" \/>\n\t<meta property=\"og:image:width\" content=\"259\" \/>\n\t<meta property=\"og:image:height\" content=\"194\" \/>\n\t<meta property=\"og:image:type\" content=\"image\/jpeg\" \/>\n<meta name=\"author\" content=\"Redazione\" \/>\n<meta name=\"twitter:card\" content=\"summary_large_image\" \/>\n<meta name=\"twitter:creator\" content=\"@rassegnastampa9\" \/>\n<meta name=\"twitter:site\" content=\"@rassegnastampa9\" \/>\n<meta name=\"twitter:label1\" content=\"Scritto da\" \/>\n\t<meta name=\"twitter:data1\" content=\"Redazione\" \/>\n\t<meta name=\"twitter:label2\" content=\"Tempo di lettura stimato\" \/>\n\t<meta name=\"twitter:data2\" content=\"7 minuti\" \/>\n<script type=\"application\/ld+json\" class=\"yoast-schema-graph\">{\"@context\":\"https:\\\/\\\/schema.org\",\"@graph\":[{\"@type\":\"Article\",\"@id\":\"https:\\\/\\\/www.rassegnastampa-totustuus.it\\\/cattolica\\\/quando-la-teologia-e-lesegesi-vengono-piegate-a-presunte-esigenze-pastorali\\\/#article\",\"isPartOf\":{\"@id\":\"https:\\\/\\\/www.rassegnastampa-totustuus.it\\\/cattolica\\\/quando-la-teologia-e-lesegesi-vengono-piegate-a-presunte-esigenze-pastorali\\\/\"},\"author\":{\"name\":\"Redazione\",\"@id\":\"https:\\\/\\\/www.rassegnastampa-totustuus.it\\\/cattolica\\\/#\\\/schema\\\/person\\\/08f319d2bd1a0904ad9e2bfb7b15e5c3\"},\"headline\":\"Quando la teologia e l&#8217;esegesi vengono piegate a presunte esigenze pastorali.\",\"datePublished\":\"2015-07-29T22:00:34+00:00\",\"mainEntityOfPage\":{\"@id\":\"https:\\\/\\\/www.rassegnastampa-totustuus.it\\\/cattolica\\\/quando-la-teologia-e-lesegesi-vengono-piegate-a-presunte-esigenze-pastorali\\\/\"},\"wordCount\":1430,\"publisher\":{\"@id\":\"https:\\\/\\\/www.rassegnastampa-totustuus.it\\\/cattolica\\\/#organization\"},\"image\":{\"@id\":\"https:\\\/\\\/www.rassegnastampa-totustuus.it\\\/cattolica\\\/quando-la-teologia-e-lesegesi-vengono-piegate-a-presunte-esigenze-pastorali\\\/#primaryimage\"},\"thumbnailUrl\":\"https:\\\/\\\/www.rassegnastampa-totustuus.it\\\/cattolica\\\/wp-content\\\/uploads\\\/2015\\\/07\\\/Innocenzo-Gargano.jpg\",\"keywords\":[\"teologia\"],\"articleSection\":[\"Chiesa\",\"Famiglia\"],\"inLanguage\":\"it-IT\"},{\"@type\":\"WebPage\",\"@id\":\"https:\\\/\\\/www.rassegnastampa-totustuus.it\\\/cattolica\\\/quando-la-teologia-e-lesegesi-vengono-piegate-a-presunte-esigenze-pastorali\\\/\",\"url\":\"https:\\\/\\\/www.rassegnastampa-totustuus.it\\\/cattolica\\\/quando-la-teologia-e-lesegesi-vengono-piegate-a-presunte-esigenze-pastorali\\\/\",\"name\":\"Quando la teologia e l'esegesi vengono piegate a presunte esigenze pastorali. - Rassegna Stampa Cattolica\",\"isPartOf\":{\"@id\":\"https:\\\/\\\/www.rassegnastampa-totustuus.it\\\/cattolica\\\/#website\"},\"primaryImageOfPage\":{\"@id\":\"https:\\\/\\\/www.rassegnastampa-totustuus.it\\\/cattolica\\\/quando-la-teologia-e-lesegesi-vengono-piegate-a-presunte-esigenze-pastorali\\\/#primaryimage\"},\"image\":{\"@id\":\"https:\\\/\\\/www.rassegnastampa-totustuus.it\\\/cattolica\\\/quando-la-teologia-e-lesegesi-vengono-piegate-a-presunte-esigenze-pastorali\\\/#primaryimage\"},\"thumbnailUrl\":\"https:\\\/\\\/www.rassegnastampa-totustuus.it\\\/cattolica\\\/wp-content\\\/uploads\\\/2015\\\/07\\\/Innocenzo-Gargano.jpg\",\"datePublished\":\"2015-07-29T22:00:34+00:00\",\"description\":\"Rassegna Stampa Cattolica - Per una cultura che nasce dalla Rivelazione cristiana in conformit\u00e0 alla tradizione e al Magistero della Chiesa in opposizione ad ogni relativismo e totalitarismo\",\"breadcrumb\":{\"@id\":\"https:\\\/\\\/www.rassegnastampa-totustuus.it\\\/cattolica\\\/quando-la-teologia-e-lesegesi-vengono-piegate-a-presunte-esigenze-pastorali\\\/#breadcrumb\"},\"inLanguage\":\"it-IT\",\"potentialAction\":[{\"@type\":\"ReadAction\",\"target\":[\"https:\\\/\\\/www.rassegnastampa-totustuus.it\\\/cattolica\\\/quando-la-teologia-e-lesegesi-vengono-piegate-a-presunte-esigenze-pastorali\\\/\"]}]},{\"@type\":\"ImageObject\",\"inLanguage\":\"it-IT\",\"@id\":\"https:\\\/\\\/www.rassegnastampa-totustuus.it\\\/cattolica\\\/quando-la-teologia-e-lesegesi-vengono-piegate-a-presunte-esigenze-pastorali\\\/#primaryimage\",\"url\":\"https:\\\/\\\/www.rassegnastampa-totustuus.it\\\/cattolica\\\/wp-content\\\/uploads\\\/2015\\\/07\\\/Innocenzo-Gargano.jpg\",\"contentUrl\":\"https:\\\/\\\/www.rassegnastampa-totustuus.it\\\/cattolica\\\/wp-content\\\/uploads\\\/2015\\\/07\\\/Innocenzo-Gargano.jpg\",\"width\":259,\"height\":194},{\"@type\":\"BreadcrumbList\",\"@id\":\"https:\\\/\\\/www.rassegnastampa-totustuus.it\\\/cattolica\\\/quando-la-teologia-e-lesegesi-vengono-piegate-a-presunte-esigenze-pastorali\\\/#breadcrumb\",\"itemListElement\":[{\"@type\":\"ListItem\",\"position\":1,\"name\":\"Home\",\"item\":\"https:\\\/\\\/www.rassegnastampa-totustuus.it\\\/cattolica\\\/\"},{\"@type\":\"ListItem\",\"position\":2,\"name\":\"Quando la teologia e l&#8217;esegesi vengono piegate a presunte esigenze pastorali.\"}]},{\"@type\":\"WebSite\",\"@id\":\"https:\\\/\\\/www.rassegnastampa-totustuus.it\\\/cattolica\\\/#website\",\"url\":\"https:\\\/\\\/www.rassegnastampa-totustuus.it\\\/cattolica\\\/\",\"name\":\"Rassegna Stampa Cattolica\",\"description\":\"Per una cultura che nasce dalla Rivelazione cristiana in conformit\u00e0 alla tradizione e al Magistero della Chiesa in opposizione ad ogni relativismo e totalitarismo\",\"publisher\":{\"@id\":\"https:\\\/\\\/www.rassegnastampa-totustuus.it\\\/cattolica\\\/#organization\"},\"alternateName\":\"Rass. Cattolica\",\"potentialAction\":[{\"@type\":\"SearchAction\",\"target\":{\"@type\":\"EntryPoint\",\"urlTemplate\":\"https:\\\/\\\/www.rassegnastampa-totustuus.it\\\/cattolica\\\/?s={search_term_string}\"},\"query-input\":{\"@type\":\"PropertyValueSpecification\",\"valueRequired\":true,\"valueName\":\"search_term_string\"}}],\"inLanguage\":\"it-IT\"},{\"@type\":\"Organization\",\"@id\":\"https:\\\/\\\/www.rassegnastampa-totustuus.it\\\/cattolica\\\/#organization\",\"name\":\"Rassegna Stampa Cattolica\",\"url\":\"https:\\\/\\\/www.rassegnastampa-totustuus.it\\\/cattolica\\\/\",\"logo\":{\"@type\":\"ImageObject\",\"inLanguage\":\"it-IT\",\"@id\":\"https:\\\/\\\/www.rassegnastampa-totustuus.it\\\/cattolica\\\/#\\\/schema\\\/logo\\\/image\\\/\",\"url\":\"https:\\\/\\\/www.rassegnastampa-totustuus.it\\\/cattolica\\\/wp-content\\\/uploads\\\/2014\\\/04\\\/logo-rassegna1.gif\",\"contentUrl\":\"https:\\\/\\\/www.rassegnastampa-totustuus.it\\\/cattolica\\\/wp-content\\\/uploads\\\/2014\\\/04\\\/logo-rassegna1.gif\",\"width\":600,\"height\":163,\"caption\":\"Rassegna Stampa Cattolica\"},\"image\":{\"@id\":\"https:\\\/\\\/www.rassegnastampa-totustuus.it\\\/cattolica\\\/#\\\/schema\\\/logo\\\/image\\\/\"},\"sameAs\":[\"https:\\\/\\\/www.facebook.com\\\/rassegnastampacattolica\",\"https:\\\/\\\/x.com\\\/rassegnastampa9\"]},{\"@type\":\"Person\",\"@id\":\"https:\\\/\\\/www.rassegnastampa-totustuus.it\\\/cattolica\\\/#\\\/schema\\\/person\\\/08f319d2bd1a0904ad9e2bfb7b15e5c3\",\"name\":\"Redazione\",\"image\":{\"@type\":\"ImageObject\",\"inLanguage\":\"it-IT\",\"@id\":\"https:\\\/\\\/secure.gravatar.com\\\/avatar\\\/2fcdf27c78ea025fbdb44e914cc63c72249ffec9dc8aafd5c82b26240ef3f346?s=96&d=mm&r=g\",\"url\":\"https:\\\/\\\/secure.gravatar.com\\\/avatar\\\/2fcdf27c78ea025fbdb44e914cc63c72249ffec9dc8aafd5c82b26240ef3f346?s=96&d=mm&r=g\",\"contentUrl\":\"https:\\\/\\\/secure.gravatar.com\\\/avatar\\\/2fcdf27c78ea025fbdb44e914cc63c72249ffec9dc8aafd5c82b26240ef3f346?s=96&d=mm&r=g\",\"caption\":\"Redazione\"},\"url\":\"https:\\\/\\\/www.rassegnastampa-totustuus.it\\\/cattolica\\\/author\\\/pietroelle\\\/\"}]}<\/script>\n<!-- \/ Yoast SEO plugin. -->","yoast_head_json":{"title":"Quando la teologia e l'esegesi vengono piegate a presunte esigenze pastorali. - Rassegna Stampa Cattolica","description":"Rassegna Stampa Cattolica - Per una cultura che nasce dalla Rivelazione cristiana in conformit\u00e0 alla tradizione e al Magistero della Chiesa in opposizione ad ogni relativismo e totalitarismo","robots":{"index":"index","follow":"follow","max-snippet":"max-snippet:-1","max-image-preview":"max-image-preview:large","max-video-preview":"max-video-preview:-1"},"canonical":"https:\/\/www.rassegnastampa-totustuus.it\/cattolica\/quando-la-teologia-e-lesegesi-vengono-piegate-a-presunte-esigenze-pastorali\/","og_locale":"it_IT","og_type":"article","og_title":"Quando la teologia e l'esegesi vengono piegate a presunte esigenze pastorali. - Rassegna Stampa Cattolica","og_description":"Rassegna Stampa Cattolica - Per una cultura che nasce dalla Rivelazione cristiana in conformit\u00e0 alla tradizione e al Magistero della Chiesa in opposizione ad ogni relativismo e totalitarismo","og_url":"https:\/\/www.rassegnastampa-totustuus.it\/cattolica\/quando-la-teologia-e-lesegesi-vengono-piegate-a-presunte-esigenze-pastorali\/","og_site_name":"Rassegna Stampa Cattolica","article_publisher":"https:\/\/www.facebook.com\/rassegnastampacattolica","article_published_time":"2015-07-29T22:00:34+00:00","og_image":[{"width":259,"height":194,"url":"https:\/\/www.rassegnastampa-totustuus.it\/cattolica\/wp-content\/uploads\/2015\/07\/Innocenzo-Gargano.jpg","type":"image\/jpeg"}],"author":"Redazione","twitter_card":"summary_large_image","twitter_creator":"@rassegnastampa9","twitter_site":"@rassegnastampa9","twitter_misc":{"Scritto da":"Redazione","Tempo di lettura stimato":"7 minuti"},"schema":{"@context":"https:\/\/schema.org","@graph":[{"@type":"Article","@id":"https:\/\/www.rassegnastampa-totustuus.it\/cattolica\/quando-la-teologia-e-lesegesi-vengono-piegate-a-presunte-esigenze-pastorali\/#article","isPartOf":{"@id":"https:\/\/www.rassegnastampa-totustuus.it\/cattolica\/quando-la-teologia-e-lesegesi-vengono-piegate-a-presunte-esigenze-pastorali\/"},"author":{"name":"Redazione","@id":"https:\/\/www.rassegnastampa-totustuus.it\/cattolica\/#\/schema\/person\/08f319d2bd1a0904ad9e2bfb7b15e5c3"},"headline":"Quando la teologia e l&#8217;esegesi vengono piegate a presunte esigenze pastorali.","datePublished":"2015-07-29T22:00:34+00:00","mainEntityOfPage":{"@id":"https:\/\/www.rassegnastampa-totustuus.it\/cattolica\/quando-la-teologia-e-lesegesi-vengono-piegate-a-presunte-esigenze-pastorali\/"},"wordCount":1430,"publisher":{"@id":"https:\/\/www.rassegnastampa-totustuus.it\/cattolica\/#organization"},"image":{"@id":"https:\/\/www.rassegnastampa-totustuus.it\/cattolica\/quando-la-teologia-e-lesegesi-vengono-piegate-a-presunte-esigenze-pastorali\/#primaryimage"},"thumbnailUrl":"https:\/\/www.rassegnastampa-totustuus.it\/cattolica\/wp-content\/uploads\/2015\/07\/Innocenzo-Gargano.jpg","keywords":["teologia"],"articleSection":["Chiesa","Famiglia"],"inLanguage":"it-IT"},{"@type":"WebPage","@id":"https:\/\/www.rassegnastampa-totustuus.it\/cattolica\/quando-la-teologia-e-lesegesi-vengono-piegate-a-presunte-esigenze-pastorali\/","url":"https:\/\/www.rassegnastampa-totustuus.it\/cattolica\/quando-la-teologia-e-lesegesi-vengono-piegate-a-presunte-esigenze-pastorali\/","name":"Quando la teologia e l'esegesi vengono piegate a presunte esigenze pastorali. - Rassegna Stampa Cattolica","isPartOf":{"@id":"https:\/\/www.rassegnastampa-totustuus.it\/cattolica\/#website"},"primaryImageOfPage":{"@id":"https:\/\/www.rassegnastampa-totustuus.it\/cattolica\/quando-la-teologia-e-lesegesi-vengono-piegate-a-presunte-esigenze-pastorali\/#primaryimage"},"image":{"@id":"https:\/\/www.rassegnastampa-totustuus.it\/cattolica\/quando-la-teologia-e-lesegesi-vengono-piegate-a-presunte-esigenze-pastorali\/#primaryimage"},"thumbnailUrl":"https:\/\/www.rassegnastampa-totustuus.it\/cattolica\/wp-content\/uploads\/2015\/07\/Innocenzo-Gargano.jpg","datePublished":"2015-07-29T22:00:34+00:00","description":"Rassegna Stampa Cattolica - Per una cultura che nasce dalla Rivelazione cristiana in conformit\u00e0 alla tradizione e al Magistero della Chiesa in opposizione ad ogni relativismo e totalitarismo","breadcrumb":{"@id":"https:\/\/www.rassegnastampa-totustuus.it\/cattolica\/quando-la-teologia-e-lesegesi-vengono-piegate-a-presunte-esigenze-pastorali\/#breadcrumb"},"inLanguage":"it-IT","potentialAction":[{"@type":"ReadAction","target":["https:\/\/www.rassegnastampa-totustuus.it\/cattolica\/quando-la-teologia-e-lesegesi-vengono-piegate-a-presunte-esigenze-pastorali\/"]}]},{"@type":"ImageObject","inLanguage":"it-IT","@id":"https:\/\/www.rassegnastampa-totustuus.it\/cattolica\/quando-la-teologia-e-lesegesi-vengono-piegate-a-presunte-esigenze-pastorali\/#primaryimage","url":"https:\/\/www.rassegnastampa-totustuus.it\/cattolica\/wp-content\/uploads\/2015\/07\/Innocenzo-Gargano.jpg","contentUrl":"https:\/\/www.rassegnastampa-totustuus.it\/cattolica\/wp-content\/uploads\/2015\/07\/Innocenzo-Gargano.jpg","width":259,"height":194},{"@type":"BreadcrumbList","@id":"https:\/\/www.rassegnastampa-totustuus.it\/cattolica\/quando-la-teologia-e-lesegesi-vengono-piegate-a-presunte-esigenze-pastorali\/#breadcrumb","itemListElement":[{"@type":"ListItem","position":1,"name":"Home","item":"https:\/\/www.rassegnastampa-totustuus.it\/cattolica\/"},{"@type":"ListItem","position":2,"name":"Quando la teologia e l&#8217;esegesi vengono piegate a presunte esigenze pastorali."}]},{"@type":"WebSite","@id":"https:\/\/www.rassegnastampa-totustuus.it\/cattolica\/#website","url":"https:\/\/www.rassegnastampa-totustuus.it\/cattolica\/","name":"Rassegna Stampa Cattolica","description":"Per una cultura che nasce dalla Rivelazione cristiana in conformit\u00e0 alla tradizione e al Magistero della Chiesa in opposizione ad ogni relativismo e totalitarismo","publisher":{"@id":"https:\/\/www.rassegnastampa-totustuus.it\/cattolica\/#organization"},"alternateName":"Rass. Cattolica","potentialAction":[{"@type":"SearchAction","target":{"@type":"EntryPoint","urlTemplate":"https:\/\/www.rassegnastampa-totustuus.it\/cattolica\/?s={search_term_string}"},"query-input":{"@type":"PropertyValueSpecification","valueRequired":true,"valueName":"search_term_string"}}],"inLanguage":"it-IT"},{"@type":"Organization","@id":"https:\/\/www.rassegnastampa-totustuus.it\/cattolica\/#organization","name":"Rassegna Stampa Cattolica","url":"https:\/\/www.rassegnastampa-totustuus.it\/cattolica\/","logo":{"@type":"ImageObject","inLanguage":"it-IT","@id":"https:\/\/www.rassegnastampa-totustuus.it\/cattolica\/#\/schema\/logo\/image\/","url":"https:\/\/www.rassegnastampa-totustuus.it\/cattolica\/wp-content\/uploads\/2014\/04\/logo-rassegna1.gif","contentUrl":"https:\/\/www.rassegnastampa-totustuus.it\/cattolica\/wp-content\/uploads\/2014\/04\/logo-rassegna1.gif","width":600,"height":163,"caption":"Rassegna Stampa Cattolica"},"image":{"@id":"https:\/\/www.rassegnastampa-totustuus.it\/cattolica\/#\/schema\/logo\/image\/"},"sameAs":["https:\/\/www.facebook.com\/rassegnastampacattolica","https:\/\/x.com\/rassegnastampa9"]},{"@type":"Person","@id":"https:\/\/www.rassegnastampa-totustuus.it\/cattolica\/#\/schema\/person\/08f319d2bd1a0904ad9e2bfb7b15e5c3","name":"Redazione","image":{"@type":"ImageObject","inLanguage":"it-IT","@id":"https:\/\/secure.gravatar.com\/avatar\/2fcdf27c78ea025fbdb44e914cc63c72249ffec9dc8aafd5c82b26240ef3f346?s=96&d=mm&r=g","url":"https:\/\/secure.gravatar.com\/avatar\/2fcdf27c78ea025fbdb44e914cc63c72249ffec9dc8aafd5c82b26240ef3f346?s=96&d=mm&r=g","contentUrl":"https:\/\/secure.gravatar.com\/avatar\/2fcdf27c78ea025fbdb44e914cc63c72249ffec9dc8aafd5c82b26240ef3f346?s=96&d=mm&r=g","caption":"Redazione"},"url":"https:\/\/www.rassegnastampa-totustuus.it\/cattolica\/author\/pietroelle\/"}]}},"_links":{"self":[{"href":"https:\/\/www.rassegnastampa-totustuus.it\/cattolica\/wp-json\/wp\/v2\/posts\/26558","targetHints":{"allow":["GET"]}}],"collection":[{"href":"https:\/\/www.rassegnastampa-totustuus.it\/cattolica\/wp-json\/wp\/v2\/posts"}],"about":[{"href":"https:\/\/www.rassegnastampa-totustuus.it\/cattolica\/wp-json\/wp\/v2\/types\/post"}],"author":[{"embeddable":true,"href":"https:\/\/www.rassegnastampa-totustuus.it\/cattolica\/wp-json\/wp\/v2\/users\/6"}],"replies":[{"embeddable":true,"href":"https:\/\/www.rassegnastampa-totustuus.it\/cattolica\/wp-json\/wp\/v2\/comments?post=26558"}],"version-history":[{"count":1,"href":"https:\/\/www.rassegnastampa-totustuus.it\/cattolica\/wp-json\/wp\/v2\/posts\/26558\/revisions"}],"predecessor-version":[{"id":26559,"href":"https:\/\/www.rassegnastampa-totustuus.it\/cattolica\/wp-json\/wp\/v2\/posts\/26558\/revisions\/26559"}],"wp:featuredmedia":[{"embeddable":true,"href":"https:\/\/www.rassegnastampa-totustuus.it\/cattolica\/wp-json\/wp\/v2\/media\/26477"}],"wp:attachment":[{"href":"https:\/\/www.rassegnastampa-totustuus.it\/cattolica\/wp-json\/wp\/v2\/media?parent=26558"}],"wp:term":[{"taxonomy":"category","embeddable":true,"href":"https:\/\/www.rassegnastampa-totustuus.it\/cattolica\/wp-json\/wp\/v2\/categories?post=26558"},{"taxonomy":"post_tag","embeddable":true,"href":"https:\/\/www.rassegnastampa-totustuus.it\/cattolica\/wp-json\/wp\/v2\/tags?post=26558"}],"curies":[{"name":"wp","href":"https:\/\/api.w.org\/{rel}","templated":true}]}}