{"id":264,"date":"2004-12-22T10:52:39","date_gmt":"2004-12-22T09:52:39","guid":{"rendered":""},"modified":"2025-07-06T15:27:43","modified_gmt":"2025-07-06T13:27:43","slug":"lafrica-chiede-lavoro-non-compassione","status":"publish","type":"post","link":"https:\/\/www.rassegnastampa-totustuus.it\/cattolica\/lafrica-chiede-lavoro-non-compassione\/","title":{"rendered":"L&#8217;Africa chiede lavoro, non compassione"},"content":{"rendered":"\n<p class=\"has-text-align-center\"><strong><a href=\"https:\/\/www.tempi.it\/\" target=\"_blank\" rel=\"noreferrer noopener\">Tempi<\/a><\/strong> n\u00b0 51\u00a0 16 Dicembre 2004<\/p>\n\n\n\n<p><em>&#8220;Non piangete sulle immagini delle donne sudanesi, prendetevela con i loro governi corrotti. Invece di riempirli di soldi, chiedeteci questo&#8221;. June Arunga \u00e8 nata in Kenya, ha girato un documentario, \u201cThe devil\u2019s footpath\u201d (\u201cIl sentiero del diavolo\u201d), un viaggio per tutto il continente nero. Lavora in una fondazione, l\u2019Inter Region Economic Network, che insegna agli studenti e ai lavoratori in Kenya a cambiare mentalit\u00e0. E l\u2019Africa nei suoi occhi di ventenne, per quanto diabolica di miseria, \u00e8 pi\u00f9 viva che nelle cartoline stupide delle nostre Ong.<\/em><\/p>\n\n\n\n<p class=\"has-text-align-center\">di<strong> Pasolo Bracalini<\/strong><\/p>\n\n\n<div class=\"wp-block-image\">\n<figure class=\"aligncenter size-full is-resized\"><a href=\"https:\/\/www.rassegnastampa-totustuus.it\/cattolica\/wp-content\/uploads\/2004\/12\/June-Arunga.jpg\"><img loading=\"lazy\" decoding=\"async\" width=\"275\" height=\"183\" src=\"https:\/\/www.rassegnastampa-totustuus.it\/cattolica\/wp-content\/uploads\/2004\/12\/June-Arunga.jpg\" alt=\"\" class=\"wp-image-30391\" style=\"width:329px;height:auto\"\/><\/a><figcaption class=\"wp-element-caption\"><em>June Arunga<\/em><\/figcaption><\/figure><\/div>\n\n\n<!--more-->\n\n\n\n<p>Fa quasi venire i nervi. Vieni qui in Europa dal Kenya, studi a Londra, e poi non vuoi nemmeno un po\u2019 di fondi Ue? Dici che gli africani vanno rispettati, non elemosinati. Dici che preferisci un corso di economia d\u2019impresa ai <em>foreign aid<\/em>. \u00abD\u2019accordo, servono anche quelli. Ma non chiedeteci se abbiamo fame, chiedeteci se abbiamo delle fattorie, una casa, chiedeteci chi ce le ha tolte. Non piangete sulle immagini delle donne sudanesi, prendetevela con i loro governi corrotti. Invece di riempirli di soldi, chiedeteci questo\u00bb.<\/p>\n\n\n\n<p>June Arunga \u00e8 nata in Kenya, ha girato un documentario, \u201cThe devil\u2019s footpath\u201d (\u201cIl sentiero del diavolo\u201d), un viaggio per tutto il continente nero, presentato gioved\u00ec scorso a Milano dall\u2019Istituto Bruno Leoni. Lavora in una fondazione, l\u2019Inter Region Economic Network, che insegna agli studenti e ai lavoratori in Kenya a cambiare mentalit\u00e0. E l\u2019Africa nei suoi occhi di ventenne, per quanto diabolica di miseria, \u00e8 pi\u00f9 viva che nelle cartoline stupide delle nostre Ong.<\/p>\n\n\n\n<h4 class=\"wp-block-heading\"><strong>June, ma \u00e8 vero che la troupe Bbc progressista era scandalizzata dal suo atteggiamento anti-terzomondista?<\/strong><\/h4>\n\n\n\n<p>Volevano toccare le corde del pietismo, che al pubblico europeo piace moltissimo. La loro idea era: facciamo vedere che gli africani stanno male cos\u00ec gli europei mandano sempre pi\u00f9 soldi. Quindi cercavano immagini di quel tipo. In Sudan, mentre stavo commentando le riprese descrivendo la povert\u00e0 e la miseria come il frutto della mancanza di un principio fondamentale, quello della propriet\u00e0 privata, del rispetto per ci\u00f2 che \u00e8 mio, mi hanno fermato come se avessi detto una bestemmia: \u00abDevi dire che \u00e8 colpa degli europei che dimenticano l\u2019Africa\u00bb.<\/p>\n\n\n\n<h4 class=\"wp-block-heading\"><strong>Invece di chi \u00e8 la colpa?<\/strong><\/h4>\n\n\n\n<p>Dei nostri governi corrotti, e pi\u00f9 soldi gli mandate peggio \u00e8. Gli aiuti internazionali sono un ostacolo per la democrazia in Africa. Perch\u00e9 se il mio governo non ha bisogno dei miei soldi, perch\u00e9 ne riceve gi\u00e0 a sufficienza da voi, io non posso pretendere niente dal mio governo, divento un suddito.<\/p>\n\n\n\n<h4 class=\"wp-block-heading\"><strong>E\u2019 vero che gli operai della Chevron in Sudafrica sono contentissimi di lavorare in una multinazionale?<\/strong><\/h4>\n\n\n\n<p>Certo, sono orgogliosi di lavorare per una multinazionale che gli d\u00e0 un lavoro e uno stipendio onorevole. Con i soldi riescono ad aiutare le loro famiglie. Per loro sono incomprensibili tutte le vostre battaglie contro le multinazionali che \u201csfruttano\u201d l\u2019Africa. Vada a vedere la fila di gente quando apre una nuova fabbrica.<\/p>\n\n\n\n<h4 class=\"wp-block-heading\"><strong>E lei lo vada a raccontare ai nostri No global.<\/strong><\/h4>\n\n\n\n<p>La visione politicamente corretta dell\u2019Africa \u00e8 totalmente distorta. Non \u00e8 vero che l\u2019Africa \u00e8 vittima dell\u2019Occidente. Noi siamo responsabili dei governi che abbiamo. Ma noi stessi dobbiamo essere la soluzione al nostro problema, non possiamo aspettare che arrivi da altri.<\/p>\n\n\n\n<h4 class=\"wp-block-heading\"><strong>E il commercio equo e solidale?<\/strong><\/h4>\n\n\n\n<p>Una balla. Se gli artigiani in Kenya o in Uganda fanno borse o scarpe brutte, con materiali peggiori o con una lavorazione di bassa qualit\u00e0, perch\u00e9 stupirsi se il mercato preferisce le altre? L\u2019Africa potr\u00e0 fare davvero concorrenza ai prodotti occidentali quando offrir\u00e0 prodotti competitivi. Ma per questo ci servono conoscenze tecniche. La globalizzazione ci sta aiutando moltissimo in questo.<\/p>\n\n\n\n<h4 class=\"wp-block-heading\"><strong>Cosa si aspetta dall\u2019Europa?<\/strong><\/h4>\n\n\n\n<p>Che la smettiate di compatirci, e che veniate qui a portare nuove industrie, nuove fabbriche, che significano lavoro per noi. Non solo, ci insegnano competenze e professionalit\u00e0, a confrontarci con il mondo. Ben vengano le multinazionali americane, quindi, vogliamo lavoro e sviluppo, non compassione.<\/p>\n\n\n\n<p><\/p>\n","protected":false},"excerpt":{"rendered":"<p>Tempi n\u00b0 51\u00a0 16 Dicembre 2004 &#8220;Non piangete sulle immagini delle donne sudanesi, prendetevela con i loro governi corrotti. Invece di riempirli di soldi, chiedeteci questo&#8221;. June Arunga \u00e8 nata in Kenya, ha girato un documentario, \u201cThe devil\u2019s footpath\u201d (\u201cIl sentiero del diavolo\u201d), un viaggio per tutto il continente nero. Lavora in una fondazione, l\u2019Inter &hellip; <\/p>\n<p><a class=\"more-link btn\" href=\"https:\/\/www.rassegnastampa-totustuus.it\/cattolica\/lafrica-chiede-lavoro-non-compassione\/\">Continua a leggere<\/a><\/p>\n","protected":false},"author":6,"featured_media":30391,"comment_status":"closed","ping_status":"open","sticky":false,"template":"","format":"standard","meta":{"footnotes":""},"categories":[39,108,112],"tags":[3189,1866],"class_list":["post-264","post","type-post","status-publish","format-standard","has-post-thumbnail","hentry","category-africa","category-paesi-e-continenti","category-terzomondialismo","tag-june-arunga","tag-sottosviluppo","item-wrap"],"yoast_head":"<!-- This site is optimized with the Yoast SEO plugin v27.5 - https:\/\/yoast.com\/product\/yoast-seo-wordpress\/ -->\n<title>L&#039;Africa chiede lavoro, non compassione - Rassegna Stampa Cattolica<\/title>\n<meta name=\"description\" content=\"L&#039;Africa chiede lavoro, non compassione. Non piangete sulle immagini delle donne sudanesi, prendetevela con i loro governi corrotti.\" \/>\n<meta name=\"robots\" content=\"index, follow, max-snippet:-1, max-image-preview:large, max-video-preview:-1\" \/>\n<link rel=\"canonical\" href=\"https:\/\/www.rassegnastampa-totustuus.it\/cattolica\/lafrica-chiede-lavoro-non-compassione\/\" \/>\n<meta property=\"og:locale\" content=\"it_IT\" \/>\n<meta property=\"og:type\" content=\"article\" \/>\n<meta property=\"og:title\" content=\"L&#039;Africa chiede lavoro, non compassione - Rassegna Stampa Cattolica\" \/>\n<meta property=\"og:description\" content=\"L&#039;Africa chiede lavoro, non compassione. Non piangete sulle immagini delle donne sudanesi, prendetevela con i loro governi corrotti.\" \/>\n<meta property=\"og:url\" content=\"https:\/\/www.rassegnastampa-totustuus.it\/cattolica\/lafrica-chiede-lavoro-non-compassione\/\" \/>\n<meta property=\"og:site_name\" content=\"Rassegna Stampa Cattolica\" \/>\n<meta property=\"article:publisher\" content=\"https:\/\/www.facebook.com\/rassegnastampacattolica\" \/>\n<meta property=\"article:published_time\" content=\"2004-12-22T09:52:39+00:00\" \/>\n<meta property=\"article:modified_time\" content=\"2025-07-06T13:27:43+00:00\" \/>\n<meta property=\"og:image\" content=\"https:\/\/www.rassegnastampa-totustuus.it\/cattolica\/wp-content\/uploads\/2004\/12\/June-Arunga.jpg\" \/>\n\t<meta property=\"og:image:width\" content=\"275\" \/>\n\t<meta property=\"og:image:height\" content=\"183\" \/>\n\t<meta property=\"og:image:type\" content=\"image\/jpeg\" \/>\n<meta name=\"author\" content=\"Redazione\" \/>\n<meta name=\"twitter:card\" content=\"summary_large_image\" \/>\n<meta name=\"twitter:creator\" content=\"@rassegnastampa9\" \/>\n<meta name=\"twitter:site\" content=\"@rassegnastampa9\" \/>\n<meta name=\"twitter:label1\" content=\"Scritto da\" \/>\n\t<meta name=\"twitter:data1\" content=\"Redazione\" \/>\n\t<meta name=\"twitter:label2\" content=\"Tempo di lettura stimato\" \/>\n\t<meta name=\"twitter:data2\" content=\"4 minuti\" \/>\n<script type=\"application\/ld+json\" class=\"yoast-schema-graph\">{\"@context\":\"https:\\\/\\\/schema.org\",\"@graph\":[{\"@type\":\"Article\",\"@id\":\"https:\\\/\\\/www.rassegnastampa-totustuus.it\\\/cattolica\\\/lafrica-chiede-lavoro-non-compassione\\\/#article\",\"isPartOf\":{\"@id\":\"https:\\\/\\\/www.rassegnastampa-totustuus.it\\\/cattolica\\\/lafrica-chiede-lavoro-non-compassione\\\/\"},\"author\":{\"name\":\"Redazione\",\"@id\":\"https:\\\/\\\/www.rassegnastampa-totustuus.it\\\/cattolica\\\/#\\\/schema\\\/person\\\/08f319d2bd1a0904ad9e2bfb7b15e5c3\"},\"headline\":\"L&#8217;Africa chiede lavoro, non compassione\",\"datePublished\":\"2004-12-22T09:52:39+00:00\",\"dateModified\":\"2025-07-06T13:27:43+00:00\",\"mainEntityOfPage\":{\"@id\":\"https:\\\/\\\/www.rassegnastampa-totustuus.it\\\/cattolica\\\/lafrica-chiede-lavoro-non-compassione\\\/\"},\"wordCount\":657,\"publisher\":{\"@id\":\"https:\\\/\\\/www.rassegnastampa-totustuus.it\\\/cattolica\\\/#organization\"},\"image\":{\"@id\":\"https:\\\/\\\/www.rassegnastampa-totustuus.it\\\/cattolica\\\/lafrica-chiede-lavoro-non-compassione\\\/#primaryimage\"},\"thumbnailUrl\":\"https:\\\/\\\/www.rassegnastampa-totustuus.it\\\/cattolica\\\/wp-content\\\/uploads\\\/2004\\\/12\\\/June-Arunga.jpg\",\"keywords\":[\"June Arunga\",\"sottosviluppo\"],\"articleSection\":[\"Africa\",\"Paesi e continenti\",\"Terzomondialismo\"],\"inLanguage\":\"it-IT\"},{\"@type\":\"WebPage\",\"@id\":\"https:\\\/\\\/www.rassegnastampa-totustuus.it\\\/cattolica\\\/lafrica-chiede-lavoro-non-compassione\\\/\",\"url\":\"https:\\\/\\\/www.rassegnastampa-totustuus.it\\\/cattolica\\\/lafrica-chiede-lavoro-non-compassione\\\/\",\"name\":\"L'Africa chiede lavoro, non compassione - Rassegna Stampa Cattolica\",\"isPartOf\":{\"@id\":\"https:\\\/\\\/www.rassegnastampa-totustuus.it\\\/cattolica\\\/#website\"},\"primaryImageOfPage\":{\"@id\":\"https:\\\/\\\/www.rassegnastampa-totustuus.it\\\/cattolica\\\/lafrica-chiede-lavoro-non-compassione\\\/#primaryimage\"},\"image\":{\"@id\":\"https:\\\/\\\/www.rassegnastampa-totustuus.it\\\/cattolica\\\/lafrica-chiede-lavoro-non-compassione\\\/#primaryimage\"},\"thumbnailUrl\":\"https:\\\/\\\/www.rassegnastampa-totustuus.it\\\/cattolica\\\/wp-content\\\/uploads\\\/2004\\\/12\\\/June-Arunga.jpg\",\"datePublished\":\"2004-12-22T09:52:39+00:00\",\"dateModified\":\"2025-07-06T13:27:43+00:00\",\"description\":\"L'Africa chiede lavoro, non compassione. Non piangete sulle immagini delle donne sudanesi, prendetevela con i loro governi corrotti.\",\"breadcrumb\":{\"@id\":\"https:\\\/\\\/www.rassegnastampa-totustuus.it\\\/cattolica\\\/lafrica-chiede-lavoro-non-compassione\\\/#breadcrumb\"},\"inLanguage\":\"it-IT\",\"potentialAction\":[{\"@type\":\"ReadAction\",\"target\":[\"https:\\\/\\\/www.rassegnastampa-totustuus.it\\\/cattolica\\\/lafrica-chiede-lavoro-non-compassione\\\/\"]}]},{\"@type\":\"ImageObject\",\"inLanguage\":\"it-IT\",\"@id\":\"https:\\\/\\\/www.rassegnastampa-totustuus.it\\\/cattolica\\\/lafrica-chiede-lavoro-non-compassione\\\/#primaryimage\",\"url\":\"https:\\\/\\\/www.rassegnastampa-totustuus.it\\\/cattolica\\\/wp-content\\\/uploads\\\/2004\\\/12\\\/June-Arunga.jpg\",\"contentUrl\":\"https:\\\/\\\/www.rassegnastampa-totustuus.it\\\/cattolica\\\/wp-content\\\/uploads\\\/2004\\\/12\\\/June-Arunga.jpg\",\"width\":275,\"height\":183},{\"@type\":\"BreadcrumbList\",\"@id\":\"https:\\\/\\\/www.rassegnastampa-totustuus.it\\\/cattolica\\\/lafrica-chiede-lavoro-non-compassione\\\/#breadcrumb\",\"itemListElement\":[{\"@type\":\"ListItem\",\"position\":1,\"name\":\"Home\",\"item\":\"https:\\\/\\\/www.rassegnastampa-totustuus.it\\\/cattolica\\\/\"},{\"@type\":\"ListItem\",\"position\":2,\"name\":\"L&#8217;Africa chiede lavoro, non compassione\"}]},{\"@type\":\"WebSite\",\"@id\":\"https:\\\/\\\/www.rassegnastampa-totustuus.it\\\/cattolica\\\/#website\",\"url\":\"https:\\\/\\\/www.rassegnastampa-totustuus.it\\\/cattolica\\\/\",\"name\":\"Rassegna Stampa Cattolica\",\"description\":\"Per una cultura che nasce dalla Rivelazione cristiana in conformit\u00e0 alla tradizione e al Magistero della Chiesa in opposizione ad ogni relativismo e totalitarismo\",\"publisher\":{\"@id\":\"https:\\\/\\\/www.rassegnastampa-totustuus.it\\\/cattolica\\\/#organization\"},\"alternateName\":\"Rass. Cattolica\",\"potentialAction\":[{\"@type\":\"SearchAction\",\"target\":{\"@type\":\"EntryPoint\",\"urlTemplate\":\"https:\\\/\\\/www.rassegnastampa-totustuus.it\\\/cattolica\\\/?s={search_term_string}\"},\"query-input\":{\"@type\":\"PropertyValueSpecification\",\"valueRequired\":true,\"valueName\":\"search_term_string\"}}],\"inLanguage\":\"it-IT\"},{\"@type\":\"Organization\",\"@id\":\"https:\\\/\\\/www.rassegnastampa-totustuus.it\\\/cattolica\\\/#organization\",\"name\":\"Rassegna Stampa Cattolica\",\"url\":\"https:\\\/\\\/www.rassegnastampa-totustuus.it\\\/cattolica\\\/\",\"logo\":{\"@type\":\"ImageObject\",\"inLanguage\":\"it-IT\",\"@id\":\"https:\\\/\\\/www.rassegnastampa-totustuus.it\\\/cattolica\\\/#\\\/schema\\\/logo\\\/image\\\/\",\"url\":\"https:\\\/\\\/www.rassegnastampa-totustuus.it\\\/cattolica\\\/wp-content\\\/uploads\\\/2014\\\/04\\\/logo-rassegna1.gif\",\"contentUrl\":\"https:\\\/\\\/www.rassegnastampa-totustuus.it\\\/cattolica\\\/wp-content\\\/uploads\\\/2014\\\/04\\\/logo-rassegna1.gif\",\"width\":600,\"height\":163,\"caption\":\"Rassegna Stampa Cattolica\"},\"image\":{\"@id\":\"https:\\\/\\\/www.rassegnastampa-totustuus.it\\\/cattolica\\\/#\\\/schema\\\/logo\\\/image\\\/\"},\"sameAs\":[\"https:\\\/\\\/www.facebook.com\\\/rassegnastampacattolica\",\"https:\\\/\\\/x.com\\\/rassegnastampa9\"]},{\"@type\":\"Person\",\"@id\":\"https:\\\/\\\/www.rassegnastampa-totustuus.it\\\/cattolica\\\/#\\\/schema\\\/person\\\/08f319d2bd1a0904ad9e2bfb7b15e5c3\",\"name\":\"Redazione\",\"image\":{\"@type\":\"ImageObject\",\"inLanguage\":\"it-IT\",\"@id\":\"https:\\\/\\\/secure.gravatar.com\\\/avatar\\\/2fcdf27c78ea025fbdb44e914cc63c72249ffec9dc8aafd5c82b26240ef3f346?s=96&d=mm&r=g\",\"url\":\"https:\\\/\\\/secure.gravatar.com\\\/avatar\\\/2fcdf27c78ea025fbdb44e914cc63c72249ffec9dc8aafd5c82b26240ef3f346?s=96&d=mm&r=g\",\"contentUrl\":\"https:\\\/\\\/secure.gravatar.com\\\/avatar\\\/2fcdf27c78ea025fbdb44e914cc63c72249ffec9dc8aafd5c82b26240ef3f346?s=96&d=mm&r=g\",\"caption\":\"Redazione\"},\"url\":\"https:\\\/\\\/www.rassegnastampa-totustuus.it\\\/cattolica\\\/author\\\/pietroelle\\\/\"}]}<\/script>\n<!-- \/ Yoast SEO plugin. -->","yoast_head_json":{"title":"L'Africa chiede lavoro, non compassione - Rassegna Stampa Cattolica","description":"L'Africa chiede lavoro, non compassione. Non piangete sulle immagini delle donne sudanesi, prendetevela con i loro governi corrotti.","robots":{"index":"index","follow":"follow","max-snippet":"max-snippet:-1","max-image-preview":"max-image-preview:large","max-video-preview":"max-video-preview:-1"},"canonical":"https:\/\/www.rassegnastampa-totustuus.it\/cattolica\/lafrica-chiede-lavoro-non-compassione\/","og_locale":"it_IT","og_type":"article","og_title":"L'Africa chiede lavoro, non compassione - Rassegna Stampa Cattolica","og_description":"L'Africa chiede lavoro, non compassione. Non piangete sulle immagini delle donne sudanesi, prendetevela con i loro governi corrotti.","og_url":"https:\/\/www.rassegnastampa-totustuus.it\/cattolica\/lafrica-chiede-lavoro-non-compassione\/","og_site_name":"Rassegna Stampa Cattolica","article_publisher":"https:\/\/www.facebook.com\/rassegnastampacattolica","article_published_time":"2004-12-22T09:52:39+00:00","article_modified_time":"2025-07-06T13:27:43+00:00","og_image":[{"width":275,"height":183,"url":"https:\/\/www.rassegnastampa-totustuus.it\/cattolica\/wp-content\/uploads\/2004\/12\/June-Arunga.jpg","type":"image\/jpeg"}],"author":"Redazione","twitter_card":"summary_large_image","twitter_creator":"@rassegnastampa9","twitter_site":"@rassegnastampa9","twitter_misc":{"Scritto da":"Redazione","Tempo di lettura stimato":"4 minuti"},"schema":{"@context":"https:\/\/schema.org","@graph":[{"@type":"Article","@id":"https:\/\/www.rassegnastampa-totustuus.it\/cattolica\/lafrica-chiede-lavoro-non-compassione\/#article","isPartOf":{"@id":"https:\/\/www.rassegnastampa-totustuus.it\/cattolica\/lafrica-chiede-lavoro-non-compassione\/"},"author":{"name":"Redazione","@id":"https:\/\/www.rassegnastampa-totustuus.it\/cattolica\/#\/schema\/person\/08f319d2bd1a0904ad9e2bfb7b15e5c3"},"headline":"L&#8217;Africa chiede lavoro, non compassione","datePublished":"2004-12-22T09:52:39+00:00","dateModified":"2025-07-06T13:27:43+00:00","mainEntityOfPage":{"@id":"https:\/\/www.rassegnastampa-totustuus.it\/cattolica\/lafrica-chiede-lavoro-non-compassione\/"},"wordCount":657,"publisher":{"@id":"https:\/\/www.rassegnastampa-totustuus.it\/cattolica\/#organization"},"image":{"@id":"https:\/\/www.rassegnastampa-totustuus.it\/cattolica\/lafrica-chiede-lavoro-non-compassione\/#primaryimage"},"thumbnailUrl":"https:\/\/www.rassegnastampa-totustuus.it\/cattolica\/wp-content\/uploads\/2004\/12\/June-Arunga.jpg","keywords":["June Arunga","sottosviluppo"],"articleSection":["Africa","Paesi e continenti","Terzomondialismo"],"inLanguage":"it-IT"},{"@type":"WebPage","@id":"https:\/\/www.rassegnastampa-totustuus.it\/cattolica\/lafrica-chiede-lavoro-non-compassione\/","url":"https:\/\/www.rassegnastampa-totustuus.it\/cattolica\/lafrica-chiede-lavoro-non-compassione\/","name":"L'Africa chiede lavoro, non compassione - Rassegna Stampa Cattolica","isPartOf":{"@id":"https:\/\/www.rassegnastampa-totustuus.it\/cattolica\/#website"},"primaryImageOfPage":{"@id":"https:\/\/www.rassegnastampa-totustuus.it\/cattolica\/lafrica-chiede-lavoro-non-compassione\/#primaryimage"},"image":{"@id":"https:\/\/www.rassegnastampa-totustuus.it\/cattolica\/lafrica-chiede-lavoro-non-compassione\/#primaryimage"},"thumbnailUrl":"https:\/\/www.rassegnastampa-totustuus.it\/cattolica\/wp-content\/uploads\/2004\/12\/June-Arunga.jpg","datePublished":"2004-12-22T09:52:39+00:00","dateModified":"2025-07-06T13:27:43+00:00","description":"L'Africa chiede lavoro, non compassione. Non piangete sulle immagini delle donne sudanesi, prendetevela con i loro governi corrotti.","breadcrumb":{"@id":"https:\/\/www.rassegnastampa-totustuus.it\/cattolica\/lafrica-chiede-lavoro-non-compassione\/#breadcrumb"},"inLanguage":"it-IT","potentialAction":[{"@type":"ReadAction","target":["https:\/\/www.rassegnastampa-totustuus.it\/cattolica\/lafrica-chiede-lavoro-non-compassione\/"]}]},{"@type":"ImageObject","inLanguage":"it-IT","@id":"https:\/\/www.rassegnastampa-totustuus.it\/cattolica\/lafrica-chiede-lavoro-non-compassione\/#primaryimage","url":"https:\/\/www.rassegnastampa-totustuus.it\/cattolica\/wp-content\/uploads\/2004\/12\/June-Arunga.jpg","contentUrl":"https:\/\/www.rassegnastampa-totustuus.it\/cattolica\/wp-content\/uploads\/2004\/12\/June-Arunga.jpg","width":275,"height":183},{"@type":"BreadcrumbList","@id":"https:\/\/www.rassegnastampa-totustuus.it\/cattolica\/lafrica-chiede-lavoro-non-compassione\/#breadcrumb","itemListElement":[{"@type":"ListItem","position":1,"name":"Home","item":"https:\/\/www.rassegnastampa-totustuus.it\/cattolica\/"},{"@type":"ListItem","position":2,"name":"L&#8217;Africa chiede lavoro, non compassione"}]},{"@type":"WebSite","@id":"https:\/\/www.rassegnastampa-totustuus.it\/cattolica\/#website","url":"https:\/\/www.rassegnastampa-totustuus.it\/cattolica\/","name":"Rassegna Stampa Cattolica","description":"Per una cultura che nasce dalla Rivelazione cristiana in conformit\u00e0 alla tradizione e al Magistero della Chiesa in opposizione ad ogni relativismo e totalitarismo","publisher":{"@id":"https:\/\/www.rassegnastampa-totustuus.it\/cattolica\/#organization"},"alternateName":"Rass. Cattolica","potentialAction":[{"@type":"SearchAction","target":{"@type":"EntryPoint","urlTemplate":"https:\/\/www.rassegnastampa-totustuus.it\/cattolica\/?s={search_term_string}"},"query-input":{"@type":"PropertyValueSpecification","valueRequired":true,"valueName":"search_term_string"}}],"inLanguage":"it-IT"},{"@type":"Organization","@id":"https:\/\/www.rassegnastampa-totustuus.it\/cattolica\/#organization","name":"Rassegna Stampa Cattolica","url":"https:\/\/www.rassegnastampa-totustuus.it\/cattolica\/","logo":{"@type":"ImageObject","inLanguage":"it-IT","@id":"https:\/\/www.rassegnastampa-totustuus.it\/cattolica\/#\/schema\/logo\/image\/","url":"https:\/\/www.rassegnastampa-totustuus.it\/cattolica\/wp-content\/uploads\/2014\/04\/logo-rassegna1.gif","contentUrl":"https:\/\/www.rassegnastampa-totustuus.it\/cattolica\/wp-content\/uploads\/2014\/04\/logo-rassegna1.gif","width":600,"height":163,"caption":"Rassegna Stampa Cattolica"},"image":{"@id":"https:\/\/www.rassegnastampa-totustuus.it\/cattolica\/#\/schema\/logo\/image\/"},"sameAs":["https:\/\/www.facebook.com\/rassegnastampacattolica","https:\/\/x.com\/rassegnastampa9"]},{"@type":"Person","@id":"https:\/\/www.rassegnastampa-totustuus.it\/cattolica\/#\/schema\/person\/08f319d2bd1a0904ad9e2bfb7b15e5c3","name":"Redazione","image":{"@type":"ImageObject","inLanguage":"it-IT","@id":"https:\/\/secure.gravatar.com\/avatar\/2fcdf27c78ea025fbdb44e914cc63c72249ffec9dc8aafd5c82b26240ef3f346?s=96&d=mm&r=g","url":"https:\/\/secure.gravatar.com\/avatar\/2fcdf27c78ea025fbdb44e914cc63c72249ffec9dc8aafd5c82b26240ef3f346?s=96&d=mm&r=g","contentUrl":"https:\/\/secure.gravatar.com\/avatar\/2fcdf27c78ea025fbdb44e914cc63c72249ffec9dc8aafd5c82b26240ef3f346?s=96&d=mm&r=g","caption":"Redazione"},"url":"https:\/\/www.rassegnastampa-totustuus.it\/cattolica\/author\/pietroelle\/"}]}},"_links":{"self":[{"href":"https:\/\/www.rassegnastampa-totustuus.it\/cattolica\/wp-json\/wp\/v2\/posts\/264","targetHints":{"allow":["GET"]}}],"collection":[{"href":"https:\/\/www.rassegnastampa-totustuus.it\/cattolica\/wp-json\/wp\/v2\/posts"}],"about":[{"href":"https:\/\/www.rassegnastampa-totustuus.it\/cattolica\/wp-json\/wp\/v2\/types\/post"}],"author":[{"embeddable":true,"href":"https:\/\/www.rassegnastampa-totustuus.it\/cattolica\/wp-json\/wp\/v2\/users\/6"}],"replies":[{"embeddable":true,"href":"https:\/\/www.rassegnastampa-totustuus.it\/cattolica\/wp-json\/wp\/v2\/comments?post=264"}],"version-history":[{"count":5,"href":"https:\/\/www.rassegnastampa-totustuus.it\/cattolica\/wp-json\/wp\/v2\/posts\/264\/revisions"}],"predecessor-version":[{"id":62945,"href":"https:\/\/www.rassegnastampa-totustuus.it\/cattolica\/wp-json\/wp\/v2\/posts\/264\/revisions\/62945"}],"wp:featuredmedia":[{"embeddable":true,"href":"https:\/\/www.rassegnastampa-totustuus.it\/cattolica\/wp-json\/wp\/v2\/media\/30391"}],"wp:attachment":[{"href":"https:\/\/www.rassegnastampa-totustuus.it\/cattolica\/wp-json\/wp\/v2\/media?parent=264"}],"wp:term":[{"taxonomy":"category","embeddable":true,"href":"https:\/\/www.rassegnastampa-totustuus.it\/cattolica\/wp-json\/wp\/v2\/categories?post=264"},{"taxonomy":"post_tag","embeddable":true,"href":"https:\/\/www.rassegnastampa-totustuus.it\/cattolica\/wp-json\/wp\/v2\/tags?post=264"}],"curies":[{"name":"wp","href":"https:\/\/api.w.org\/{rel}","templated":true}]}}