{"id":2618,"date":"2009-02-24T12:45:46","date_gmt":"2009-02-24T11:45:46","guid":{"rendered":""},"modified":"2015-01-23T13:54:23","modified_gmt":"2015-01-23T12:54:23","slug":"sittina-maryam-la-madonna-dei-musulmani-note","status":"publish","type":"post","link":"https:\/\/www.rassegnastampa-totustuus.it\/cattolica\/sittina-maryam-la-madonna-dei-musulmani-note\/","title":{"rendered":"SITTINA MARYAM La Madonna dei musulmani (note)"},"content":{"rendered":"<div style=\"text-align: center;\">tratto da <strong>Immaculata Mediatrix <\/strong>rivista internazionale di teologia mariana n.2-2008<\/div>\n<p style=\"text-align: center;\">di <strong>Gino Ragazzina<\/strong><\/p>\n<p style=\"text-align: center;\"><strong>NOTE<\/strong><\/p>\n<p><!--more--><\/p>\n<div>\n<p style=\"text-align: justify;\"><strong>1<\/strong>) Adattiamo alle religioni il termine <em>paideuma<\/em>, proposto da Leo Frobenius per indicare il legame spirituale che tiene insieme gli elementi costitutivi di una data forma di civilt\u00e0 e ne fa un complesso organico dotato di una propria essenza e di una propria vita. L. FROBENIUS <em>Paideume. <\/em><em>Umrisse einer Kultur und Seelenlehre<\/em>, Munchen 1921.<\/p>\n<div align=\"justify\">\n<p style=\"text-align: justify;\"><strong>2)<\/strong> La <em>Sura<\/em> contiene una breve preghiera di lode e d&#8217;invocazione a Dio Clemente e Misericordioso.<\/p>\n<div style=\"text-align: justify;\"><strong>3)<\/strong> \u00c8 una brevissima formula di rifugio in Dio contro le insidie di Satana.<\/div>\n<div style=\"text-align: justify;\"><strong>4)<\/strong> II criterio era adottato dai filologi iracheni nelle loro raccolte di antica poesia araba.<\/div>\n<div style=\"text-align: justify;\"><strong>5)<\/strong> Le <em>Sure<\/em> si iniziano costantemente &#8220;Nel nome di Dio Clemente e Misericordioso&#8221;.<\/div>\n<div style=\"text-align: justify;\"><strong>6)<\/strong> Notiamo di sfuggita che tra i coranici nomi di Dio non v&#8217;\u00e8 quello di Padre.<\/div>\n<div style=\"text-align: justify;\"><strong>7)<\/strong> Cf. L. GARDET, <em>Dieu et la destin\u00e9e de l&#8217;homme<\/em>, Paris 1967, p. 153. L&#8217;impenetrabilit\u00e0 assoluta di Dio spiega l&#8217;assenza di una teologia nel pensiero religioso islamico.<\/div>\n<div><strong>8)<\/strong> L&#8217;<em>imam <\/em>non \u00e8 sacerdote, \u00e8 semplicemente una &#8220;guida&#8221;.<\/div>\n<div style=\"text-align: justify;\"><strong>9)<\/strong> L&#8217;antico sacrificio espiatorio pre-islamico sopravvive in qualche modo nel pellegrinaggio a La Mecca. In questa occasione il musulmano uccide un capro o altro animale. Ma il sacrificio non ha carattere obbligatorio per i pellegrini. Ciascuno dovrebbe eseguire l&#8217;operazione da se stesso, ma per motivi pratici ordinariamente si ricorre ad un professionista. Anche in questa occasione il musulmano \u00e8 solo, senza mediatori, di fronte alla maest\u00e0 di Dio.<\/div>\n<div><strong>10)<\/strong> Genii o folletti, i ginn sono esseri intermedi tra gli uomini e gli angeli. Ve ne sono di buoni e di cattivi.<\/div>\n<div><strong>11)<\/strong> Cf. <em>Corano<\/em> 3,191-192; G. RAGOZZINO, <em>Il giudizio dei morti. Dai papiri egizi al Corano<\/em>, ed oltre, Napoli 2003.<\/div>\n<div><strong>12)<\/strong> Cf. A. TH. KROURY (a cura di), <em>Dizionario delle religioni monoteistiche<\/em>, Casale Monferrato 1991, s.v. <em>Dio<\/em>, p. 151.<\/div>\n<div><strong>13)<\/strong> Come nella Bibbia cos\u00ec anche nel Corano la creazione degli angeli \u00e8 sottintesa. Il Libro non la descrive, n\u00e9 specifica in quale fase essa s&#8217;inserisca.<\/div>\n<div><strong>14)<\/strong> II Corano (38,27; 44,38-39) proclama che Dio cre\u00f2 il mondo per un motivo &#8220;serio&#8221;; ma qual sia questo motivo \u00e8 un mistero che rester\u00e0 chiuso in eterno alle creature.<\/div>\n<div><strong>15)<\/strong> L&#8217;espressione \u00e8 di AL-GH\u00c0ZAL\u00cc.<\/div>\n<div><strong>16)<\/strong> Se il monoteismo non fosse mai nato, il pensiero umano non sarebbe mai arrivato al concetto di persona umana e della dignit\u00e0 che a questa compete, nella sua interezza di anima e corpo. Cf. G. RAGOZZINO, <em>Apologia del monoteismo<\/em>, in <em>Asprenas<\/em>, 43 (1998), 391-398.<\/div>\n<div><strong>17)<\/strong> Cf. AL-GHAZALI, <em>Le perle del Corano<\/em>, <em>introduzione, traduzione e note<\/em> di M. Capanini, Milano 2000, p. 129<\/div>\n<div><strong>18)<\/strong> Secondo i dottori del <em>kal\u00e0m<\/em>, anche questa verit\u00e0, come tante altre, \u00e8 destinata a restare senza spiegazione (<em>bila kayf<\/em>).<\/div>\n<div><strong>19)<\/strong> Nella simbologia religiosa dell&#8217;Oriente antico la nudit\u00e0 \u00e8 segno precipuo di miseria inerme. Cf. <em>Discesa di Ishtar nel mondo infero<\/em>, in G. RINALDI, <em>Le letterature antiche del Vicino Oriente<\/em>, Firenze 1968, p. 57.<\/div>\n<div><strong>20)<\/strong> In una sorta di seconda creazione, Iddio trarr\u00e0 dalla terra gli uomini il Giorno del giudizio universale.<\/div>\n<div><strong>21)<\/strong> Cf. A. TH. KHOURY, <em>Dizionario comparato delle religioni monoteistiche<\/em>, o.e., voce <em>Peccato originale<\/em>, pp. 420-421.<\/div>\n<div><strong>22)<\/strong> Parole di preghiera? I comandamenti? Non si sa.<\/div>\n<div><strong>23)<\/strong> Recitando la <em>S\u00f9ra<\/em> I, la &#8220;Aprente il Libro&#8221;, pi\u00f9 volte al giorno il musulmano invoca la grazia d&#8217;essere guidato &#8220;al retto sentiero&#8221;, al sentiero di coloro che &#8220;non sono fuorviati&#8221;. Nel deserto la guida al retto sentiero \u00e8 indispensabile alla salvezza personale.<\/div>\n<div><strong>24)<\/strong> Cf. <em>Corano<\/em> 51,56: \u00abNon ho creato gli uomini [&#8230;] se non perch\u00e9 mi adorino\u00bb.<\/div>\n<div><strong>25)<\/strong> L&#8217;apostolo (<em>ras\u00f9l<\/em>) \u00e8 incaricato specificamente o preminentemente d&#8217;una missione; il profeta (<em>nab\u00ec<\/em>) \u00e8 trasmettitore d&#8217;una rivelazione. L&#8217;uno e l&#8217;altro non attingono direttamente da Dio, ma soltanto da un angelo, che funge da intermediario.<\/div>\n<div><strong>26)<\/strong> Cf. Corano 3,19 \u00abLa religione presso Dio \u00e8 l&#8217;Isl\u00e0m\u00bb.<\/div>\n<div><strong>27)<\/strong> Cf. L. GARDET, <em>Dieu et la destin\u00e9e de l&#8217;homme<\/em>, o.e., p. 148.<\/div>\n<div><strong>28)<\/strong> Cf. J. QUEMENEUR &#8211; G. LETELLIER, <em>Initiation a la pens\u00e9e religieuse musulmane, Cours d&#8217;Islamologie de<\/em> l&#8217;IBLA, 2 vol., La Manouba 1963, II, p. 31.<\/div>\n<div><strong>29)<\/strong> Cf. <em>Corano<\/em> 4,34: \u00abGli uomini hanno autorit\u00e0 sulle donne per la superiorit\u00e0 che Dio ha concesso agli uni sulle altre\u00bb.<\/div>\n<div><strong>30)<\/strong> Cf. L. GARDET, <em>Dieu et la destin\u00e9e de l&#8217;homme<\/em>, o.c., pp. 149, 167.<\/div>\n<div><strong>31<\/strong>) Eppure Al-Ghazali la comprende nel numero \u00abdei profeti e dei santi\u00bb. AL-GHAZALl, <em>Le perle del Corano<\/em>, o.e., p. 95.<\/div>\n<div><strong>32)<\/strong> <em>Il Corano<\/em>, a cura di M. M. Morene, Torino 1967<\/div>\n<div><strong>33)<\/strong> Nome attribuito dal Corano al padre di Maria.<\/div>\n<div><strong>34)<\/strong> La madre di Maria, Anna, secondo la tradizione cristiana<\/div>\n<div><strong>35)<\/strong> Satana, \u00e8 chiamato cos\u00ec perch\u00e9 fu cacciato a colpi di pietre dal cielo mentre spiava i colloqui di Dio con gli Angeli; secondo altri, fu preso a pietrate da Abramo, perch\u00e9 aveva cercato di dissuaderlo dal sacrificio di Ismaele (sostituito ad Isacco dalla tradizione musulmana). La &#8220;lapidazione del diavolo&#8221; fa parte oggi dei riti che i pellegrini compiono a La Mecca.<\/div>\n<div><strong>36)<\/strong> Coloro che s&#8217;inchinano sono, per definizione, i musulmani.<\/div>\n<div><strong>37)<\/strong> II mondo che verr\u00e0 dopo la risurrezione dei morti e il giudizio universale<\/div>\n<div><strong>38)<\/strong> Cio\u00e8 gli Esseri che Iddio si tiene pi\u00f9 vicini.<\/div>\n<div><strong>39)<\/strong> Questa ed altre <em>s\u00f9re <\/em>s&#8217;iniziano con lettere di cui n\u00e9 musulmani n\u00e9 orientalisti sono finora riusciti a spiegare con sicurezza il significato.<\/div>\n<div><strong>40)<\/strong> L&#8217;arcangelo Gabriele.<\/div>\n<div><strong>41)<\/strong> Precedentemente, dal versetto 74 al versetto 88, la s\u00f9ra ha &#8220;ricordato&#8221; i profeti Lot, No\u00e8, Davide, Salomone, Giobbe, Ismaele, Idris, Dh\u00f9 I-Kifl e Giona, concludendo: \u00abCos\u00ec Noi salviamo i credenti\u00bb.<\/div>\n<div><strong>42)<\/strong> La gi\u00e0 citata eccezione di Al-Ghaz\u00e0li (vedi sopra, p. 232 nota 31) non fa testo nel mondo islamico.<\/div>\n<div><strong>43)<\/strong> Qui e in seguito ci riportiamo ai Vangeli canonici, escludendo di proposito i Vangeli apocrifi.<\/div>\n<div><strong>44)<\/strong> L&#8217;<em>udire<\/em> di Dio nel Corano s&#8217;identifica con l&#8217;esaudire. Cf. G. CELENTANO, <em>L&#8217;idea di Dio nel Corano<\/em>, Pontificia Facultas Theologica S. Aloisii, Napoli 1967, p. 46.<\/div>\n<div><strong>45)<\/strong> Cf. M. HAYEK, <em>Le Christ de l&#8217;Isl\u00e0m<\/em>, Paris 1959, pp. 67-68.<\/div>\n<div><strong>46)<\/strong> Per l&#8217;appellativo &#8220;il Lapidato&#8221; (vedi sopra p. 233 n. 35). Bisogna aggiungere che, secondo la tradizione musulmana, tutti gli uomini sono soggetti agli attacchi di Satana. E appunto al suo tocco che i neonati emettono il primo vagito. Solo Maria e il suo figlio Ges\u00f9 furono, per grazia speciale di Dio, preservati dal tocco e dalle insidie del Maligno.<\/div>\n<div><strong>47)<\/strong> Cf. Ibn Ath\u00ecr, <em>K\u00e0mil<\/em> 1,212, in M. hayek, o.c., p. 68.<\/div>\n<div><strong>48)<\/strong> Pi\u00f9 efficacemente L. BONELLI (<em>Il Corano<\/em>, Milano 1960) traduce: \u00absenza alcuna misura\u00bb.<\/div>\n<div><strong>49)<\/strong> Shu&#8217;ayb \u00e8 il profeta mandato ai nomadi arabi della regione di Madyan con la missione, comune a tutti i profeti, di richiamarli all&#8217;adorazione dell&#8217;unico Dio. Cf. <em>Corano<\/em> 7,84-92; 11,83.<\/div>\n<div><strong>50)<\/strong> II Tempio di Gerusalemme viene equiparato alla Ka&#8217;ba, in quanto santuario dell&#8217;unico Dio.<\/div>\n<div><strong>51)<\/strong> Cosi l&#8217;Autore qualifica &#8216;Imr\u00e0n, del quale il Corano dice soltanto il nome.<\/div>\n<div><strong>52)<\/strong> Dunque, la moglie di &#8216;Imr\u00e0n, madre di Maria, e la moglie di Zaccaria sono sorelle.<\/div>\n<div><strong>53)<\/strong> IBN ATH\u00ccR, <em>Kdmil <\/em>212, in M. HAYEK, o.c., pp. 68-69.<\/div>\n<div><strong>54)<\/strong> IBN ATH\u00ccR, K\u00c0MIL 212, in M. IBN ATHIR, o.c., p. 69.<\/div>\n<div><strong>55)<\/strong> Anche questa preferenza di Dio resta insondabile.<\/div>\n<div><strong>56)<\/strong> Altrove il <em>Corano<\/em> specifica che Giovanni \u00e8 \u00abnome che non abbiamo mai fatto portare ad alcun altro\u00bb (19,7).<\/div>\n<div><strong>57)<\/strong> La storia coranica e la storia evangelica (Le 1,5-22) di Zaccaria. hanno in comune numerosi elementi formali; ma un confronto analitico dei due testi rileva agevolmente che lo spirito che anima i due racconti \u00e8 assai diverso. \u00c8 da notarsi poi che in Luca (1,59-79) il racconto ha un seguito che culmina nel sublime canto di lode al &#8220;Signore Dio d&#8217;Israele&#8221;.<\/div>\n<div><strong>58)<\/strong> Invece in Luca (1,20-22,63) il mutismo di Zaccaria dura a lungo, fino alla nascita di Giovanni.<\/div>\n<div><strong>59)<\/strong> \u00abIddio fa ci\u00f2 che vuole\u00bb (3,40).<\/div>\n<div><strong>60)<\/strong> \u00abRacconto della misericordia usata dal tuo Signore a Zaccaria\u00bb (19,2).<\/div>\n<div><strong>61)<\/strong> <em>Il Corano. Nuova versione letterale italiana<\/em>, di L. BONELLl, Milano 1929; 2 ed. 1937; varie ristampe successive. Nel versetto citato, con la traduzione del Bonelli concorda quella di Federico Peirone (<em>Il Corano. Introduzione, traduzione e commento<\/em>, 2 voli., Milano 1979) ma non quella di M. M. Moreno, che invece di &#8220;lembo del mantello&#8221; parla genericamente di &#8220;cortina&#8221;. L&#8217;uso di coprirsi il capo vale da epoca immemorabile per la donna d&#8217;una vasta area geografica che va dall&#8217;India al Mediterraneo. Nell&#8217;<em>Odissea<\/em> la stessa Penelope scende nel m\u00e8garon, occupato dai Proci, &#8220;chiusa nel morbido velo le gote&#8221; (XVIII, 208).<\/div>\n<div><strong>63)<\/strong> L&#8217;impurit\u00e0 della donna in mestruazione \u00e8 largamente e lungamente documentata dalla storia delle religioni.<\/div>\n<div><strong>64)<\/strong> II <em>Corano<\/em> non fa cenno di Giuseppe. Tuttavia i commentatori musulmani spiegano che Giuseppe era cugino di Maria, e si prese cura di fornirla di cibo e di acqua durante il suo ritiro nella &#8220;localit\u00e0 orientale&#8221;.<\/div>\n<div><strong>65)<\/strong> I filologi attribuiscono la S\u00f9ra III all&#8217;anno 6 dell&#8217;Egira e dunque al 628 dell&#8217;era cristiana, mentre fanno risalire la S\u00f9ra XIX al II periodo meccano (615-619 dell&#8217;era cristiana). Dunque la S\u00f9ra XIX sarebbe anteriore alla III di circa un decennio.<\/div>\n<div><strong>66)<\/strong> I dottori musulmani spiegano che le due espressioni, &#8220;Angeli&#8221; e &#8220;Spirito&#8221;, non discordano, anzi ribadiscono la natura angelica del messaggio.<\/div>\n<div><strong>67)<\/strong> Vedi sopra, p. 242 n. 64.<\/div>\n<div><strong>68) <\/strong>Cf. M. DUBOIS, <em>Le regard d&#8217;un Chr\u00e9tien qui vit en Israel sur la M\u00e8re de J\u00e9sus<\/em>, in E. PERETTO (a cura di), <em>Maria nell&#8217;Ebraismo e nell&#8217;Isl\u00e0m oggi<\/em>, Roma-Bologna 1987, pp. 52-54.<\/div>\n<div><strong>69)<\/strong> Cf. S. BALIO, voce Grazia, in A. th. KHOURY (a cura di), Dizionario delle religioni monoteistiche, o.e., pp. 268-269.<\/div>\n<div><strong>70)<\/strong> I mistici anacoreti musulmani. Cf. G. C. ANAWATI &#8211; L. GARDET, Mistica islamica, Torino 1960.<\/div>\n<div><strong>71)<\/strong> Sommissione che invece manca a Zaccaria, il quale ardisce chiedere un &#8220;segno&#8221; della veridicit\u00e0 dell&#8217;annunzio portato dall&#8217;angelo di Dio.<\/div>\n<div><strong>72)<\/strong> Cf. L. GARDET, <em>Dieu et la destin\u00e9e de l&#8217;homme<\/em>, o.c., pp. 354-356.<\/div>\n<div><strong>73)<\/strong> Secondo la dottrina islamica, gli angeli sono fatti di luce. Perci\u00f2, se Gabriele si fosse presentato a Maria con il suo aspetto naturale, la Vergine ne sarebbe stata abbagliata. THA&#8217;LAB\u00cc, Qisas, 381, in M. Hayek, o.c., pp. 72-73.<\/div>\n<div><strong>75)<\/strong> Si noti quanto ingannevole possa essere la lettura di testi isolati dal loro contesto religioso. Qui la mente ci potrebbe riportare a Rm 5,12 e a 1 Cor 15,22. Ma il &#8220;nuovo Adamo&#8221; dell&#8217;apostolo Paolo \u00e8 tutt&#8217;altra cosa.<\/div>\n<div><strong>76)<\/strong> Cf. M.HAYEK, o.c., p. 78.<\/div>\n<div><strong>77)<\/strong> La notizia che, quando Maria partor\u00ec Ges\u00f9, v&#8217;erano pastori che &#8220;vegliavano e facevano di notte la guardia attorno al gregge&#8221; (Le 2,8) non aiuta in questo senso, se pensiamo alla Palestina di duemila anni fa<\/div>\n<div><strong>78)<\/strong> Cf. A. ROSMINI-SERBATI, <em>Sul parto gaudioso di Maria Santissima<\/em> (1844), in <em>Alcuni Scritti sopra Maria Santissima<\/em>, o.c., pp. 99-108; G. RAGOZZINO, <em>Lettera di A. Rosmini sul parto gaudioso di Maria Santissima<\/em>, in ARCHIDIOCESI DI CAPUA, Atti del XVI Centenario del Concilio di Capua: 392-1992, pp. 447-458.<\/div>\n<div><strong>79)<\/strong> \u00c8 doveroso ricordare che per\u00f2 autori musulmani della corrente mistica e pertanto non riconosciuti dall&#8217;ortodossia, quali Ibn Atta, Kharraz, Ib Tahir, attribuiscono il lamento di Maria non ai dolori del parto ma a sofferenze interiori.<\/div>\n<div><strong>80)<\/strong> Tabari commenta: \u00abQuando Maria partor\u00ec il figlio, gli idoli, che venivano adorati su tutta la terra al di fuori di Dio, furono rovesciati, a testa in gi\u00f9. I demoni ebbero paura e furono presi dal terrore, senza saperne la ragione\u00bb, TABAR\u00cc, Annales I\/II, 727, in M. Hayek, o.c.,pp. 81-82.<\/div>\n<div><strong>81)<\/strong> F. PEIRONE segnala che fino a non molti anni fa le donne musulmane dell&#8217;Atlante marocchino, subito dopo il parto del primogenito, ricevevano in dono una ciotola d&#8217;acqua fresca e due datteri; in <em>Il Corano<\/em>, o.c., p. 438.<\/div>\n<div><strong>82)<\/strong> L&#8217;appellativo &#8220;sorella di Aronne&#8221; ha indotto studiosi non musulmani a sostenere che qui il Corano farebbe confusione tra Maria, la madre di Ges\u00f9, e Maria sorella di Mos\u00e8 e di Aronne; IBN ATHlR invece spiega: \u00abIn effetti, ella (i.e. la madre di Ges\u00f9) era dei figli di Aronne, fratello di Mos\u00e8. Ci\u00f2 significa che ella era solamente sua parente, come quando si dice a qualcuno: &#8220;O fratello del tale!&#8221;, per dire &#8220;suo parente&#8221;\u00bb, K\u00e0mil 1,220-22, in M. HAYEK, o.c., p. 83.<\/div>\n<div><strong>83)<\/strong> Cf. M. HAYEK, o.c., pp. 83-84.<\/div>\n<div><strong>84)<\/strong> F. PEIRONE nota: \u00abFin da questo momento, in linea con la sua antropologia, il Corano si mette in posizione di contrasto sulla divinit\u00e0 del Messia\u00bb, o.c., p. 439.<\/div>\n<div><strong>85)<\/strong> THIRMIDH\u00cc, <em>Naw\u00e0dir<\/em>, 357, in M. HAYEK, o.c., p. 74.<\/div>\n<div><strong>86)<\/strong> La datazione \u00e8 di LUIGI BONELLI, o.c., p. 68, n. 2.<\/div>\n<div><strong>87)<\/strong> Queste puntualizzazioni vogliono essere una risposta ad Avital Wohlmann, il quale sostiene: \u00abFaut-il comprendre la legende infamante sur la m\u00e8re de Jesus comme un des crit\u00e8res de l&#8217;attitude generale et de l&#8217;esprit de la communaut\u00e9 juive envers le christianisme, qui la pers\u00e9cutait\u00bb, A. WOHLMANN, <em>Pourquoi le silence de l&#8217;hebraisme<\/em>, in E. PERETTO (a cura di), <em>Maria nell&#8217;Ebraismo e nell&#8217;Isl\u00e0m oggi,<\/em> o.c., p. 13.<\/div>\n<div><strong>88)<\/strong> ORIGENE, <em>Contro Celso<\/em>, I, 32.<\/div>\n<div><strong>89)<\/strong> Cf. R. DI SEGNI, <em>Il Vangelo del Ghetto<\/em>, Roma 1985, <em>passim<\/em><em>.<\/em><\/div>\n<div><strong>90)<\/strong> Cf. M. M. MORENO, o.c., p. 31, n.26<\/div>\n<div><strong>91)<\/strong> Per l&#8217;assoluta novit\u00e0 dei titoli mariani, cf. G. RAGOZZINO, <em>Titoli mariani suggeriti da culti pre-cristiani?, <\/em>in Asprenas, XXVI, 3 (settembre 1979), pp. 275-295.<\/div>\n<div><strong>92)<\/strong> Cf. A. WOHLMAN, o.c., pp. 18-22.<\/div>\n<div><strong>93)<\/strong> II diritto canonico musulmano.<\/div>\n<div><strong>94)<\/strong> L&#8217;effettiva crocifissione di Ges\u00f9 viene negata e respinta dal Corano in un passo di difficile lettura, che dice: \u00ab(I Giudei) pretendono di aver ucciso il Messia, Ges\u00f9 figlio di Maria, mentre non l&#8217;hanno ucciso n\u00e9 crocifisso, ma ne hanno avuto soltanto l&#8217;illusione, e coloro che disputano intorno a lui dubitano in proposito, senza alcuna certezza e, solo andando dietro alle congetture, e la verit\u00e0 \u00e8 che non fu ucciso, ma Iddio, potente e sapiente lo elev\u00f2 a s\u00e9\u00bb (4,157-158). \u00c8 possibile che, come \u00e8 stato ipotizzato da filologi occidentali, qui vi sia una influenza docetista, avvertibile specialmente nella proposizione: \u00abne hanno avuto soltanto l&#8217;illusione\u00bb; ma nel suo complesso il rifiuto coranico della effettiva crocifissione di Ges\u00f9 si colloca nel rifiuto millenario della croce, &#8220;scandalo per i Giudei, stoltezza per i pagani&#8221; (I Cor 1,23).<\/div>\n<div><strong>95)<\/strong> Secondo l&#8217;esegesi musulmana, l&#8217;appellativo Messia, attribuito dal Corano a Ges\u00f9, \u00e8 titolo puramente onorifico.<\/div>\n<div><strong>96)<\/strong> Cf. M. M. MORENO, o.c.,p. 312, n. 9.<\/div>\n<div><strong>97)<\/strong> Fra tutti, emerge per autorevolezza il Rosmini, il quale argomenta: \u00abOra che \u00e8 questo luogo, dove Ges\u00f9 e Maria furono assunti? I commentatori musulmani dicono essere Gerusalemme, o il Tempio di questa citt\u00e0, o Damasco o la Palestina; e a qualche commentatore cristiano pare volersi alludere al paradiso terrestre. Ma pi\u00f9 assai verosimile egli \u00e8 che s&#8217;alluda qui all&#8217;assun\u00adzione di Maria Vergine al ciclo, quando si considera che l&#8217;autore del Corano descrive sempre il paradiso in forma di giardino ameno con acqua corrente\u00bb, A. ROSMINI-SERBATI, <em>Alcuni scritti sopra Maria Santissima<\/em>, o.c., pp. 51-52. Al dotto roveretano sfuggiva per\u00f2 che, secondo la dottrina islamica, il paradiso esiste fin d&#8217;ora cos\u00ec come fin d&#8217;ora esiste l&#8217;inferno, ma l&#8217;uno e l&#8217;altro saranno aperti all&#8217;uomo solo dopo la risurrezione dei morti e il giudizio universale. Cf. G. RAGOZZINO, <em>II giudizio dei morti. Dai papiri egizi al Corano ed oltre<\/em>, Napoli 2003, passim.<\/div>\n<div><strong>98)<\/strong> Nato a Bukh\u00e0ra (donde il nome) in Transilvania e morto nell&#8217;870 (256 dell&#8217;Egira), Bukh\u00e0ri \u00e8 il pi\u00f9 famoso e venerato compilatore di tradizioni islamiche.<\/div>\n<div><strong>99)<\/strong> BUKH\u00c0R\u00cc, <em>Il libro dei profeti<\/em>, in J. JOMIER, <em>Bible et Coran<\/em>, Paris 1959, pp. 105-106.<\/div>\n<div><strong>100)<\/strong> II concetto islamico d&#8217;impeccabilit\u00e0 non ha nulla a che vedere con quello cristiano di santit\u00e0. Cf. L. GARDET, <em>Dieu et la destin\u00e9ede l&#8217;homme<\/em>, o.c., p. 191.<\/div>\n<div><strong>101)<\/strong> II titolo di &#8220;Madre di Dio&#8221;, riconosciuto dalla Chiesa a Maria, \u00e8 percepito dai musulmani come una bestemmia (kufr).<\/div>\n<div><strong>102)<\/strong> Cf. A. MERAD, <em>Le Christ selon le Coran<\/em>, in <em>Revue de l&#8217;Occident Musulman et de la Mediterranee<\/em>, Universit\u00e9 d&#8217;Aix-en-Provence, 1969.<\/div>\n<div><strong>103)<\/strong> TIRMIDH\u00cc, <em>Naw\u00e0dir<\/em> 95, in M. HAYEK, o.c., p. 75.<\/div>\n<div><strong>104)<\/strong> <em>Naw\u00e0dir<\/em>-357, in M. HAYEK, o.c., p. 73.<\/div>\n<div><strong>105)<\/strong> Cf. L. GARDET, <em>Dieu et la destin\u00e9e de l&#8217;homme<\/em>, o.c., p. 378.<\/div>\n<div><strong>106)<\/strong> II nome, che non compare nel Corano, le \u00e8 attribuito dai commentatori. La moglie di Faraone eccelle per il merito d&#8217;essersi presa cura di Mos\u00e8, esposto bambino sulle acque del Nilo.<\/div>\n<div><strong>107)<\/strong> Di Khadija e di F\u00e0tima non si fa cenno nel Corano.<\/div>\n<div><strong>108)<\/strong> THA&#8217;LAB\u00cc, Qisas 372, in M. HAYEK, o.c., p. 77.<\/div>\n<div><strong>109)<\/strong> IBN HAZM, al Fasi-fi al Milal IV, 132, in M. HAYEK, o.c, p. 77. Effettivamente la moglie di Faraone e Maria si trovano affiancate in Corano 66,11-12. In che modo queste due donne, secondo Ibn Hazm, &#8220;hanno beneficiato del privilegio della profezia&#8221;? Forse perch\u00e9 l&#8217;una fu madre adottiva di Mos\u00e8 e l&#8217;altra fu madre-vergine del Verbo insufflato in lei dall&#8217;angelo? Non sappiamo.<\/div>\n<div><strong>110)<\/strong> Cf. <em>Corano<\/em> 2,31-32: \u00abEgli (i.e. Dio) insegn\u00f2 ad Adamo i nomi di tutti gli esseri; poi li fece sfilare davanti agli Angeli, dicendo: &#8220;Ditemi i loro nomi, se sapete dir la verit\u00e0&#8221;. Dissero: &#8220;Lode a Te. Noi non sappiamo altro che quello che ci hai insegnato tu, che sei l&#8217;Onnisciente e il Sapiente&#8221;\u00bb. Sul rapporto religioso tra nome ed essenza delle cose, cf. G. VAN DER LEEUW, <em>Fenomenologia della religione<\/em>, tr. it., Torino I960,passim.<\/div>\n<div><strong>111)<\/strong> DAM\u00ccR\u00cc, HAY\u00c0T II, 374, in M. hayek, o.c., p. 77.<\/div>\n<div><strong>112)<\/strong> TABAR\u00cc, ANNALES I\/Il, 798, in M. HAYEK, o.c., p. 77.<\/div>\n<div><strong>113) <\/strong>Qui e appresso attingiamo preminentemente da SAMIR KHALIL, <em>Queiques expressions de la piet\u00e9 manale contemporaine chez les musulmans d&#8217;Egypte et d&#8217;Irak<\/em>, in E. PERETTO (a cura di), <em>Maria nell&#8217;Ebraismo e nell&#8217;Isl\u00e0m oggi<\/em>, o.e., pp. 141ss<\/div>\n<div><strong>114) <\/strong>Purtroppo, come tanti altri uomini religiosi, anche i musulmani indulgono alla superstizione, portando addosso amuleti (<em>ham\u00e0 &#8216;il<\/em>), tra i quali predominano minuscoli libricini con formule o preghiere e la cos\u00ec detta &#8220;mano di F\u00e0tima&#8221;, intagliata in lamierina d&#8217;argento o di oro. Cf. F. M. PAREJA, <em>Islamologia<\/em>, Roma 1951, p. 530.<\/div>\n<div><strong>115)<\/strong> Ci riferiamo alla corona di 33 grani, che serve come sostegno all&#8217;invocazione dei 99 nomi santi di Dio. Cf. S. DI SANDOLI, <em>Il rosario dei musulmani<\/em>, Jerusalem 198 J.<\/div>\n<div><strong>116)<\/strong> Cf.F. M. PAREJA, o.c., pp. 30, 263,410-411,603.<\/div>\n<div><strong>117)<\/strong> Cf. &#8216;ABD AL WAHID PALLAVICINI, <em>Corrispondenze mariane nell&#8217;Isl\u00e0m<\/em>, in E. PERETTO (a cura di), o.c., p. 122.<\/div>\n<div><strong>118) <\/strong>Cf. S. KHALIL, o.c., p. 158.<\/div>\n<div><strong>119)<\/strong> <em>All\u00e0hu akbar<\/em> \u00e8 il grido tradizionale del <em>gih\u00e0d<\/em>, la cos\u00ec detta &#8220;guerra santa&#8221;.<\/div>\n<\/div>\n<p style=\"text-align: center;\"><strong><a href=\"https:\/\/www.rassegnastampa-totustuus.it\/cattolica\/?p=2616\">Torna all&#8217;indice<\/a><\/strong><\/p>\n<p style=\"text-align: center;\"><a href=\"https:\/\/www.rassegnastampa-totustuus.it\/cattolica\/?p=2617\">TORNA AL CAP I<\/a><\/p>\n<p style=\"text-align: center;\"><a href=\"https:\/\/www.rassegnastampa-totustuus.it\/cattolica\/?p=2619\">TORNA AL CAP II<\/a><\/p>\n<p style=\"text-align: center;\"><a href=\"https:\/\/www.rassegnastampa-totustuus.it\/cattolica\/?p=2620\">TORNA AL CAP III e IV<\/a><\/p>\n<\/div>\n","protected":false},"excerpt":{"rendered":"<p>tratto da Immaculata Mediatrix rivista internazionale di teologia mariana n.2-2008 di Gino Ragazzina NOTE<\/p><p><a class=\"more-link btn\" href=\"https:\/\/www.rassegnastampa-totustuus.it\/cattolica\/sittina-maryam-la-madonna-dei-musulmani-note\/\">Continua a leggere<\/a><\/p>\n","protected":false},"author":6,"featured_media":17605,"comment_status":"closed","ping_status":"open","sticky":false,"template":"","format":"standard","meta":{"footnotes":""},"categories":[16,34],"tags":[161,517],"class_list":["post-2618","post","type-post","status-publish","format-standard","has-post-thumbnail","hentry","category-islam","category-dialogo-con-l-islam","tag-islam-2","tag-islam-dialogo","item-wrap"],"yoast_head":"<!-- This site is optimized with the Yoast SEO plugin v27.5 - https:\/\/yoast.com\/product\/yoast-seo-wordpress\/ -->\n<title>SITTINA MARYAM La Madonna dei musulmani (note) - Rassegna Stampa Cattolica<\/title>\n<meta name=\"description\" content=\"Rassegna Stampa Cattolica - Per una cultura che nasce dalla Rivelazione cristiana in conformit\u00e0 alla tradizione e al Magistero della Chiesa in opposizione ad ogni relativismo e totalitarismo\" \/>\n<meta name=\"robots\" content=\"index, follow, max-snippet:-1, max-image-preview:large, max-video-preview:-1\" \/>\n<link rel=\"canonical\" href=\"https:\/\/www.rassegnastampa-totustuus.it\/cattolica\/sittina-maryam-la-madonna-dei-musulmani-note\/\" \/>\n<meta property=\"og:locale\" content=\"it_IT\" \/>\n<meta property=\"og:type\" content=\"article\" \/>\n<meta property=\"og:title\" content=\"SITTINA MARYAM La Madonna dei musulmani (note) - Rassegna Stampa Cattolica\" \/>\n<meta property=\"og:description\" content=\"Rassegna Stampa Cattolica - Per una cultura che nasce dalla Rivelazione cristiana in conformit\u00e0 alla tradizione e al Magistero della Chiesa in opposizione ad ogni relativismo e totalitarismo\" \/>\n<meta property=\"og:url\" content=\"https:\/\/www.rassegnastampa-totustuus.it\/cattolica\/sittina-maryam-la-madonna-dei-musulmani-note\/\" \/>\n<meta property=\"og:site_name\" content=\"Rassegna Stampa Cattolica\" \/>\n<meta property=\"article:publisher\" content=\"https:\/\/www.facebook.com\/rassegnastampacattolica\" \/>\n<meta property=\"article:published_time\" content=\"2009-02-24T11:45:46+00:00\" \/>\n<meta property=\"article:modified_time\" content=\"2015-01-23T12:54:23+00:00\" \/>\n<meta property=\"og:image\" content=\"https:\/\/www.rassegnastampa-totustuus.it\/cattolica\/wp-content\/uploads\/2009\/02\/Sittina-Maryam.jpg\" \/>\n\t<meta property=\"og:image:width\" content=\"264\" \/>\n\t<meta property=\"og:image:height\" content=\"191\" \/>\n\t<meta property=\"og:image:type\" content=\"image\/jpeg\" \/>\n<meta name=\"author\" content=\"Redazione\" \/>\n<meta name=\"twitter:card\" content=\"summary_large_image\" \/>\n<meta name=\"twitter:creator\" content=\"@rassegnastampa9\" \/>\n<meta name=\"twitter:site\" content=\"@rassegnastampa9\" \/>\n<meta name=\"twitter:label1\" content=\"Scritto da\" \/>\n\t<meta name=\"twitter:data1\" content=\"Redazione\" \/>\n\t<meta name=\"twitter:label2\" content=\"Tempo di lettura stimato\" \/>\n\t<meta name=\"twitter:data2\" content=\"14 minuti\" \/>\n<script type=\"application\/ld+json\" class=\"yoast-schema-graph\">{\"@context\":\"https:\\\/\\\/schema.org\",\"@graph\":[{\"@type\":\"Article\",\"@id\":\"https:\\\/\\\/www.rassegnastampa-totustuus.it\\\/cattolica\\\/sittina-maryam-la-madonna-dei-musulmani-note\\\/#article\",\"isPartOf\":{\"@id\":\"https:\\\/\\\/www.rassegnastampa-totustuus.it\\\/cattolica\\\/sittina-maryam-la-madonna-dei-musulmani-note\\\/\"},\"author\":{\"name\":\"Redazione\",\"@id\":\"https:\\\/\\\/www.rassegnastampa-totustuus.it\\\/cattolica\\\/#\\\/schema\\\/person\\\/08f319d2bd1a0904ad9e2bfb7b15e5c3\"},\"headline\":\"SITTINA MARYAM La Madonna dei musulmani (note)\",\"datePublished\":\"2009-02-24T11:45:46+00:00\",\"dateModified\":\"2015-01-23T12:54:23+00:00\",\"mainEntityOfPage\":{\"@id\":\"https:\\\/\\\/www.rassegnastampa-totustuus.it\\\/cattolica\\\/sittina-maryam-la-madonna-dei-musulmani-note\\\/\"},\"wordCount\":2954,\"publisher\":{\"@id\":\"https:\\\/\\\/www.rassegnastampa-totustuus.it\\\/cattolica\\\/#organization\"},\"image\":{\"@id\":\"https:\\\/\\\/www.rassegnastampa-totustuus.it\\\/cattolica\\\/sittina-maryam-la-madonna-dei-musulmani-note\\\/#primaryimage\"},\"thumbnailUrl\":\"https:\\\/\\\/www.rassegnastampa-totustuus.it\\\/cattolica\\\/wp-content\\\/uploads\\\/2009\\\/02\\\/Sittina-Maryam.jpg\",\"keywords\":[\"islam\",\"Islam dialogo\"],\"articleSection\":[\"Islam\",\"Islam dialogo\"],\"inLanguage\":\"it-IT\"},{\"@type\":\"WebPage\",\"@id\":\"https:\\\/\\\/www.rassegnastampa-totustuus.it\\\/cattolica\\\/sittina-maryam-la-madonna-dei-musulmani-note\\\/\",\"url\":\"https:\\\/\\\/www.rassegnastampa-totustuus.it\\\/cattolica\\\/sittina-maryam-la-madonna-dei-musulmani-note\\\/\",\"name\":\"SITTINA MARYAM La Madonna dei musulmani (note) - Rassegna Stampa Cattolica\",\"isPartOf\":{\"@id\":\"https:\\\/\\\/www.rassegnastampa-totustuus.it\\\/cattolica\\\/#website\"},\"primaryImageOfPage\":{\"@id\":\"https:\\\/\\\/www.rassegnastampa-totustuus.it\\\/cattolica\\\/sittina-maryam-la-madonna-dei-musulmani-note\\\/#primaryimage\"},\"image\":{\"@id\":\"https:\\\/\\\/www.rassegnastampa-totustuus.it\\\/cattolica\\\/sittina-maryam-la-madonna-dei-musulmani-note\\\/#primaryimage\"},\"thumbnailUrl\":\"https:\\\/\\\/www.rassegnastampa-totustuus.it\\\/cattolica\\\/wp-content\\\/uploads\\\/2009\\\/02\\\/Sittina-Maryam.jpg\",\"datePublished\":\"2009-02-24T11:45:46+00:00\",\"dateModified\":\"2015-01-23T12:54:23+00:00\",\"description\":\"Rassegna Stampa Cattolica - Per una cultura che nasce dalla Rivelazione cristiana in conformit\u00e0 alla tradizione e al Magistero della Chiesa in opposizione ad ogni relativismo e totalitarismo\",\"breadcrumb\":{\"@id\":\"https:\\\/\\\/www.rassegnastampa-totustuus.it\\\/cattolica\\\/sittina-maryam-la-madonna-dei-musulmani-note\\\/#breadcrumb\"},\"inLanguage\":\"it-IT\",\"potentialAction\":[{\"@type\":\"ReadAction\",\"target\":[\"https:\\\/\\\/www.rassegnastampa-totustuus.it\\\/cattolica\\\/sittina-maryam-la-madonna-dei-musulmani-note\\\/\"]}]},{\"@type\":\"ImageObject\",\"inLanguage\":\"it-IT\",\"@id\":\"https:\\\/\\\/www.rassegnastampa-totustuus.it\\\/cattolica\\\/sittina-maryam-la-madonna-dei-musulmani-note\\\/#primaryimage\",\"url\":\"https:\\\/\\\/www.rassegnastampa-totustuus.it\\\/cattolica\\\/wp-content\\\/uploads\\\/2009\\\/02\\\/Sittina-Maryam.jpg\",\"contentUrl\":\"https:\\\/\\\/www.rassegnastampa-totustuus.it\\\/cattolica\\\/wp-content\\\/uploads\\\/2009\\\/02\\\/Sittina-Maryam.jpg\",\"width\":264,\"height\":191},{\"@type\":\"BreadcrumbList\",\"@id\":\"https:\\\/\\\/www.rassegnastampa-totustuus.it\\\/cattolica\\\/sittina-maryam-la-madonna-dei-musulmani-note\\\/#breadcrumb\",\"itemListElement\":[{\"@type\":\"ListItem\",\"position\":1,\"name\":\"Home\",\"item\":\"https:\\\/\\\/www.rassegnastampa-totustuus.it\\\/cattolica\\\/\"},{\"@type\":\"ListItem\",\"position\":2,\"name\":\"SITTINA MARYAM La Madonna dei musulmani (note)\"}]},{\"@type\":\"WebSite\",\"@id\":\"https:\\\/\\\/www.rassegnastampa-totustuus.it\\\/cattolica\\\/#website\",\"url\":\"https:\\\/\\\/www.rassegnastampa-totustuus.it\\\/cattolica\\\/\",\"name\":\"Rassegna Stampa Cattolica\",\"description\":\"Per una cultura che nasce dalla Rivelazione cristiana in conformit\u00e0 alla tradizione e al Magistero della Chiesa in opposizione ad ogni relativismo e totalitarismo\",\"publisher\":{\"@id\":\"https:\\\/\\\/www.rassegnastampa-totustuus.it\\\/cattolica\\\/#organization\"},\"alternateName\":\"Rass. Cattolica\",\"potentialAction\":[{\"@type\":\"SearchAction\",\"target\":{\"@type\":\"EntryPoint\",\"urlTemplate\":\"https:\\\/\\\/www.rassegnastampa-totustuus.it\\\/cattolica\\\/?s={search_term_string}\"},\"query-input\":{\"@type\":\"PropertyValueSpecification\",\"valueRequired\":true,\"valueName\":\"search_term_string\"}}],\"inLanguage\":\"it-IT\"},{\"@type\":\"Organization\",\"@id\":\"https:\\\/\\\/www.rassegnastampa-totustuus.it\\\/cattolica\\\/#organization\",\"name\":\"Rassegna Stampa Cattolica\",\"url\":\"https:\\\/\\\/www.rassegnastampa-totustuus.it\\\/cattolica\\\/\",\"logo\":{\"@type\":\"ImageObject\",\"inLanguage\":\"it-IT\",\"@id\":\"https:\\\/\\\/www.rassegnastampa-totustuus.it\\\/cattolica\\\/#\\\/schema\\\/logo\\\/image\\\/\",\"url\":\"https:\\\/\\\/www.rassegnastampa-totustuus.it\\\/cattolica\\\/wp-content\\\/uploads\\\/2014\\\/04\\\/logo-rassegna1.gif\",\"contentUrl\":\"https:\\\/\\\/www.rassegnastampa-totustuus.it\\\/cattolica\\\/wp-content\\\/uploads\\\/2014\\\/04\\\/logo-rassegna1.gif\",\"width\":600,\"height\":163,\"caption\":\"Rassegna Stampa Cattolica\"},\"image\":{\"@id\":\"https:\\\/\\\/www.rassegnastampa-totustuus.it\\\/cattolica\\\/#\\\/schema\\\/logo\\\/image\\\/\"},\"sameAs\":[\"https:\\\/\\\/www.facebook.com\\\/rassegnastampacattolica\",\"https:\\\/\\\/x.com\\\/rassegnastampa9\"]},{\"@type\":\"Person\",\"@id\":\"https:\\\/\\\/www.rassegnastampa-totustuus.it\\\/cattolica\\\/#\\\/schema\\\/person\\\/08f319d2bd1a0904ad9e2bfb7b15e5c3\",\"name\":\"Redazione\",\"image\":{\"@type\":\"ImageObject\",\"inLanguage\":\"it-IT\",\"@id\":\"https:\\\/\\\/secure.gravatar.com\\\/avatar\\\/2fcdf27c78ea025fbdb44e914cc63c72249ffec9dc8aafd5c82b26240ef3f346?s=96&d=mm&r=g\",\"url\":\"https:\\\/\\\/secure.gravatar.com\\\/avatar\\\/2fcdf27c78ea025fbdb44e914cc63c72249ffec9dc8aafd5c82b26240ef3f346?s=96&d=mm&r=g\",\"contentUrl\":\"https:\\\/\\\/secure.gravatar.com\\\/avatar\\\/2fcdf27c78ea025fbdb44e914cc63c72249ffec9dc8aafd5c82b26240ef3f346?s=96&d=mm&r=g\",\"caption\":\"Redazione\"},\"url\":\"https:\\\/\\\/www.rassegnastampa-totustuus.it\\\/cattolica\\\/author\\\/pietroelle\\\/\"}]}<\/script>\n<!-- \/ Yoast SEO plugin. -->","yoast_head_json":{"title":"SITTINA MARYAM La Madonna dei musulmani (note) - Rassegna Stampa Cattolica","description":"Rassegna Stampa Cattolica - Per una cultura che nasce dalla Rivelazione cristiana in conformit\u00e0 alla tradizione e al Magistero della Chiesa in opposizione ad ogni relativismo e totalitarismo","robots":{"index":"index","follow":"follow","max-snippet":"max-snippet:-1","max-image-preview":"max-image-preview:large","max-video-preview":"max-video-preview:-1"},"canonical":"https:\/\/www.rassegnastampa-totustuus.it\/cattolica\/sittina-maryam-la-madonna-dei-musulmani-note\/","og_locale":"it_IT","og_type":"article","og_title":"SITTINA MARYAM La Madonna dei musulmani (note) - Rassegna Stampa Cattolica","og_description":"Rassegna Stampa Cattolica - Per una cultura che nasce dalla Rivelazione cristiana in conformit\u00e0 alla tradizione e al Magistero della Chiesa in opposizione ad ogni relativismo e totalitarismo","og_url":"https:\/\/www.rassegnastampa-totustuus.it\/cattolica\/sittina-maryam-la-madonna-dei-musulmani-note\/","og_site_name":"Rassegna Stampa Cattolica","article_publisher":"https:\/\/www.facebook.com\/rassegnastampacattolica","article_published_time":"2009-02-24T11:45:46+00:00","article_modified_time":"2015-01-23T12:54:23+00:00","og_image":[{"width":264,"height":191,"url":"https:\/\/www.rassegnastampa-totustuus.it\/cattolica\/wp-content\/uploads\/2009\/02\/Sittina-Maryam.jpg","type":"image\/jpeg"}],"author":"Redazione","twitter_card":"summary_large_image","twitter_creator":"@rassegnastampa9","twitter_site":"@rassegnastampa9","twitter_misc":{"Scritto da":"Redazione","Tempo di lettura stimato":"14 minuti"},"schema":{"@context":"https:\/\/schema.org","@graph":[{"@type":"Article","@id":"https:\/\/www.rassegnastampa-totustuus.it\/cattolica\/sittina-maryam-la-madonna-dei-musulmani-note\/#article","isPartOf":{"@id":"https:\/\/www.rassegnastampa-totustuus.it\/cattolica\/sittina-maryam-la-madonna-dei-musulmani-note\/"},"author":{"name":"Redazione","@id":"https:\/\/www.rassegnastampa-totustuus.it\/cattolica\/#\/schema\/person\/08f319d2bd1a0904ad9e2bfb7b15e5c3"},"headline":"SITTINA MARYAM La Madonna dei musulmani (note)","datePublished":"2009-02-24T11:45:46+00:00","dateModified":"2015-01-23T12:54:23+00:00","mainEntityOfPage":{"@id":"https:\/\/www.rassegnastampa-totustuus.it\/cattolica\/sittina-maryam-la-madonna-dei-musulmani-note\/"},"wordCount":2954,"publisher":{"@id":"https:\/\/www.rassegnastampa-totustuus.it\/cattolica\/#organization"},"image":{"@id":"https:\/\/www.rassegnastampa-totustuus.it\/cattolica\/sittina-maryam-la-madonna-dei-musulmani-note\/#primaryimage"},"thumbnailUrl":"https:\/\/www.rassegnastampa-totustuus.it\/cattolica\/wp-content\/uploads\/2009\/02\/Sittina-Maryam.jpg","keywords":["islam","Islam dialogo"],"articleSection":["Islam","Islam dialogo"],"inLanguage":"it-IT"},{"@type":"WebPage","@id":"https:\/\/www.rassegnastampa-totustuus.it\/cattolica\/sittina-maryam-la-madonna-dei-musulmani-note\/","url":"https:\/\/www.rassegnastampa-totustuus.it\/cattolica\/sittina-maryam-la-madonna-dei-musulmani-note\/","name":"SITTINA MARYAM La Madonna dei musulmani (note) - Rassegna Stampa Cattolica","isPartOf":{"@id":"https:\/\/www.rassegnastampa-totustuus.it\/cattolica\/#website"},"primaryImageOfPage":{"@id":"https:\/\/www.rassegnastampa-totustuus.it\/cattolica\/sittina-maryam-la-madonna-dei-musulmani-note\/#primaryimage"},"image":{"@id":"https:\/\/www.rassegnastampa-totustuus.it\/cattolica\/sittina-maryam-la-madonna-dei-musulmani-note\/#primaryimage"},"thumbnailUrl":"https:\/\/www.rassegnastampa-totustuus.it\/cattolica\/wp-content\/uploads\/2009\/02\/Sittina-Maryam.jpg","datePublished":"2009-02-24T11:45:46+00:00","dateModified":"2015-01-23T12:54:23+00:00","description":"Rassegna Stampa Cattolica - Per una cultura che nasce dalla Rivelazione cristiana in conformit\u00e0 alla tradizione e al Magistero della Chiesa in opposizione ad ogni relativismo e totalitarismo","breadcrumb":{"@id":"https:\/\/www.rassegnastampa-totustuus.it\/cattolica\/sittina-maryam-la-madonna-dei-musulmani-note\/#breadcrumb"},"inLanguage":"it-IT","potentialAction":[{"@type":"ReadAction","target":["https:\/\/www.rassegnastampa-totustuus.it\/cattolica\/sittina-maryam-la-madonna-dei-musulmani-note\/"]}]},{"@type":"ImageObject","inLanguage":"it-IT","@id":"https:\/\/www.rassegnastampa-totustuus.it\/cattolica\/sittina-maryam-la-madonna-dei-musulmani-note\/#primaryimage","url":"https:\/\/www.rassegnastampa-totustuus.it\/cattolica\/wp-content\/uploads\/2009\/02\/Sittina-Maryam.jpg","contentUrl":"https:\/\/www.rassegnastampa-totustuus.it\/cattolica\/wp-content\/uploads\/2009\/02\/Sittina-Maryam.jpg","width":264,"height":191},{"@type":"BreadcrumbList","@id":"https:\/\/www.rassegnastampa-totustuus.it\/cattolica\/sittina-maryam-la-madonna-dei-musulmani-note\/#breadcrumb","itemListElement":[{"@type":"ListItem","position":1,"name":"Home","item":"https:\/\/www.rassegnastampa-totustuus.it\/cattolica\/"},{"@type":"ListItem","position":2,"name":"SITTINA MARYAM La Madonna dei musulmani (note)"}]},{"@type":"WebSite","@id":"https:\/\/www.rassegnastampa-totustuus.it\/cattolica\/#website","url":"https:\/\/www.rassegnastampa-totustuus.it\/cattolica\/","name":"Rassegna Stampa Cattolica","description":"Per una cultura che nasce dalla Rivelazione cristiana in conformit\u00e0 alla tradizione e al Magistero della Chiesa in opposizione ad ogni relativismo e totalitarismo","publisher":{"@id":"https:\/\/www.rassegnastampa-totustuus.it\/cattolica\/#organization"},"alternateName":"Rass. Cattolica","potentialAction":[{"@type":"SearchAction","target":{"@type":"EntryPoint","urlTemplate":"https:\/\/www.rassegnastampa-totustuus.it\/cattolica\/?s={search_term_string}"},"query-input":{"@type":"PropertyValueSpecification","valueRequired":true,"valueName":"search_term_string"}}],"inLanguage":"it-IT"},{"@type":"Organization","@id":"https:\/\/www.rassegnastampa-totustuus.it\/cattolica\/#organization","name":"Rassegna Stampa Cattolica","url":"https:\/\/www.rassegnastampa-totustuus.it\/cattolica\/","logo":{"@type":"ImageObject","inLanguage":"it-IT","@id":"https:\/\/www.rassegnastampa-totustuus.it\/cattolica\/#\/schema\/logo\/image\/","url":"https:\/\/www.rassegnastampa-totustuus.it\/cattolica\/wp-content\/uploads\/2014\/04\/logo-rassegna1.gif","contentUrl":"https:\/\/www.rassegnastampa-totustuus.it\/cattolica\/wp-content\/uploads\/2014\/04\/logo-rassegna1.gif","width":600,"height":163,"caption":"Rassegna Stampa Cattolica"},"image":{"@id":"https:\/\/www.rassegnastampa-totustuus.it\/cattolica\/#\/schema\/logo\/image\/"},"sameAs":["https:\/\/www.facebook.com\/rassegnastampacattolica","https:\/\/x.com\/rassegnastampa9"]},{"@type":"Person","@id":"https:\/\/www.rassegnastampa-totustuus.it\/cattolica\/#\/schema\/person\/08f319d2bd1a0904ad9e2bfb7b15e5c3","name":"Redazione","image":{"@type":"ImageObject","inLanguage":"it-IT","@id":"https:\/\/secure.gravatar.com\/avatar\/2fcdf27c78ea025fbdb44e914cc63c72249ffec9dc8aafd5c82b26240ef3f346?s=96&d=mm&r=g","url":"https:\/\/secure.gravatar.com\/avatar\/2fcdf27c78ea025fbdb44e914cc63c72249ffec9dc8aafd5c82b26240ef3f346?s=96&d=mm&r=g","contentUrl":"https:\/\/secure.gravatar.com\/avatar\/2fcdf27c78ea025fbdb44e914cc63c72249ffec9dc8aafd5c82b26240ef3f346?s=96&d=mm&r=g","caption":"Redazione"},"url":"https:\/\/www.rassegnastampa-totustuus.it\/cattolica\/author\/pietroelle\/"}]}},"_links":{"self":[{"href":"https:\/\/www.rassegnastampa-totustuus.it\/cattolica\/wp-json\/wp\/v2\/posts\/2618","targetHints":{"allow":["GET"]}}],"collection":[{"href":"https:\/\/www.rassegnastampa-totustuus.it\/cattolica\/wp-json\/wp\/v2\/posts"}],"about":[{"href":"https:\/\/www.rassegnastampa-totustuus.it\/cattolica\/wp-json\/wp\/v2\/types\/post"}],"author":[{"embeddable":true,"href":"https:\/\/www.rassegnastampa-totustuus.it\/cattolica\/wp-json\/wp\/v2\/users\/6"}],"replies":[{"embeddable":true,"href":"https:\/\/www.rassegnastampa-totustuus.it\/cattolica\/wp-json\/wp\/v2\/comments?post=2618"}],"version-history":[{"count":3,"href":"https:\/\/www.rassegnastampa-totustuus.it\/cattolica\/wp-json\/wp\/v2\/posts\/2618\/revisions"}],"predecessor-version":[{"id":17615,"href":"https:\/\/www.rassegnastampa-totustuus.it\/cattolica\/wp-json\/wp\/v2\/posts\/2618\/revisions\/17615"}],"wp:featuredmedia":[{"embeddable":true,"href":"https:\/\/www.rassegnastampa-totustuus.it\/cattolica\/wp-json\/wp\/v2\/media\/17605"}],"wp:attachment":[{"href":"https:\/\/www.rassegnastampa-totustuus.it\/cattolica\/wp-json\/wp\/v2\/media?parent=2618"}],"wp:term":[{"taxonomy":"category","embeddable":true,"href":"https:\/\/www.rassegnastampa-totustuus.it\/cattolica\/wp-json\/wp\/v2\/categories?post=2618"},{"taxonomy":"post_tag","embeddable":true,"href":"https:\/\/www.rassegnastampa-totustuus.it\/cattolica\/wp-json\/wp\/v2\/tags?post=2618"}],"curies":[{"name":"wp","href":"https:\/\/api.w.org\/{rel}","templated":true}]}}