{"id":2584,"date":"2009-01-23T00:00:00","date_gmt":"2009-01-22T23:00:00","guid":{"rendered":""},"modified":"2016-04-27T17:35:01","modified_gmt":"2016-04-27T15:35:01","slug":"lanima-europea-londra","status":"publish","type":"post","link":"https:\/\/www.rassegnastampa-totustuus.it\/cattolica\/lanima-europea-londra\/","title":{"rendered":"L&#8217;anima europea? Londra"},"content":{"rendered":"<div style=\"text-align: center;\"><strong><img loading=\"lazy\" decoding=\"async\" class=\"alignleft wp-image-31889\" src=\"https:\/\/www.rassegnastampa-totustuus.it\/cattolica\/wp-content\/uploads\/2009\/01\/Londra.jpg\" alt=\"Londra\" width=\"250\" height=\"187\" \/>Corriere della Sera<\/strong> , 29 marzo, 2007<\/div>\n<p style=\"text-align: justify;\"><em>Una delle grandi ironie degli ultimi decenni \u00e8 vedere come Londra, la capitale della nazione che aveva respinto tanti sogni europei, si \u00e8 trasformata nella pi\u00f9 grande metropoli europea. La gente vi affluisce da tutta Europa proprio perch\u00e9 Londra offre la libert\u00e0 di inseguire i propri sogni. Questi sogni sono spesso di natura materialistica, e talvolta forse sordida, ma tutti insieme formano qualcosa che, in mancanza di un termine migliore, potrebbe essere definita l&#8217; anima europea. <\/em><\/p>\n<p style=\"text-align: center;\">di<strong> Ian Buruma<\/strong><\/p>\n<p style=\"text-align: center;\">Traduzione di Rita Baldassarre<\/p>\n<p><!--more--><\/p>\n<div style=\"text-align: justify;\">L&#8217; Unione europea fu concepita da molti padri, e tra questi l&#8217; americanissimo George Marshall, il cui celebre Piano abol\u00ec le barriere commerciali e favor\u00ec la cooperazione economica tra le nazioni europee. Un&#8217; unione europea di 27 nazioni non era nemmeno immaginabile cinquant&#8217; anni fa, quando sei Paesi fondarono il Mercato comune europeo. Oggi che abbiamo l&#8217; Unione, nessuno sembra apprezzarla in modo particolare. (&#8230;) \u00abDobbiamo dare un&#8217; anima all&#8217; Europa\u00bb, ha dichiarato Angela Merkel, il cancelliere tedesco, il cui Paese oggi detiene la presidenza dell&#8217; Ue.<\/div>\n<p style=\"text-align: justify;\">Prendendo la parola in una recente conferenza, intitolata \u00abUn&#8217; anima per l&#8217; Europa\u00bb, il regista tedesco Wim Wenders ha ribadito questo concetto, esprimendo i suoi timori sul vuoto spirituale che si percepisce proprio l\u00e0 dove dovrebbe battere il cuore dell&#8217; Europa. Per un cineasta come lui, ovviamente, lo spirito \u00e8 fatto di celluloide e l&#8217; anima europea palpita nei film di Pedro Almod\u00f3var, Federico Fellini e Andrej Wajda. Tuttavia, per citare una frase tratta da uno dei suoi film, \u00abl&#8217; America ha colonizzato la nostra anima\u00bb. Ahim\u00e8! Vale a dire, gli europei sono totalmente asserviti a Hollywood.<\/p>\n<p style=\"text-align: justify;\">Quest&#8217; idea di un&#8217; anima nazionale, o continentale, \u00e8 una nozione che risale al Romanticismo. Per i patrioti tedeschi del 1800 significava uno spirito nazionale, espresso in poesia e filosofia, che si ergeva a contrastare il razionalismo francese. Per i conservatori tra le due guerre mondiali, e per molti europei della generazione di Wim Wenders, significava la liberazione dal materialismo americano.<\/p>\n<p style=\"text-align: justify;\">Negli Usa si pensa solo ai soldi, mentre in Europa, secondo Wenders, \u00abnon si pensa solo ai mercati, ma anche ai valori e alla cultura\u00bb. Anzi, per Wenders l&#8217; Europa \u00e8 addirittura qualcosa di \u00absacro\u00bb. Nella sua opinione, per trovare un&#8217; alternativa al Sogno Americano, gli europei, specie il cinema europeo, dovrebbero creare un Sacro Sogno Europeo. (&#8230;) Il problema dell&#8217; anima \u00e8 che si tratta di un concetto troppo vago per essere utile. (&#8230;)<\/p>\n<p style=\"text-align: justify;\">Per i credenti, l&#8217; anima \u00e8 qualcosa di molto pi\u00f9 tangibile. Il defunto Papa Giovanni Paolo II desiderava che nella costituzione europea fossero menzionate le radici cristiane. Il retaggio giudeo-cristiano, come pure la cultura greco-romana, formano infatti parte di una comune storia europea. Ma oggi che la stragrande maggioranza degli europei vanta con orgoglio il laicismo dello Stato, e che i credenti europei sono spesso o musulmani, o immigrati dalle ex colonie europee, una definizione religiosa dell&#8217; anima europea sarebbe al contempo sbagliata e menzognera.<\/p>\n<p style=\"text-align: justify;\">Eppure persino gli europei pi\u00f9 laici, che non metterebbero mai piedi in una chiesa o in una sinagoga, spesso si oppongono all&#8217; ingresso della Turchia nell&#8217; Unione europea, non solo per i problemi riguardanti i diritti umani, ma proprio perch\u00e9 la Turchia non \u00e8 un Paese cristiano. Pochi sono disposti ad ammetterlo apertamente, per timore di sembrare prevenuti. Preferiscono allora parlare dell&#8217; Illuminismo come qualcosa che tiene insieme l&#8217; Europa. Ma la tesi che siano i \u00abvalori dell&#8217; Illuminismo\u00bb a definire l&#8217; anima dell&#8217; Europa appare piuttosto bizzarra, dato che i valori della libert\u00e0 d&#8217; espressione e della ricerca scientifica sono condivisi dai popoli di tutto il mondo.<\/p>\n<p style=\"text-align: justify;\">Noi non ammiriamo l&#8217; Illuminismo per motivi di spirito nazionale, ma al contrario, per la sua portata universale. Pertanto il cinquantesimo compleanno dell&#8217; Europa dovrebbe essere l&#8217; occasione per sgonfiare tutta questa retorica. La cooperazione europea inizi\u00f2 come un progetto economico pratico, non spirituale, e cos\u00ec dovrebbe restare. L&#8217; Illuminismo ci ha insegnato che il proprio tornaconto, se illuminato, spesso produce i migliori risultati. L&#8217; aspetto pi\u00f9 rilevante dell&#8217; Ue \u00e8 la mobilit\u00e0 dei suoi cittadini, il modo in cui gli europei possono vivere e lavorare ovunque in Europa.<\/p>\n<p style=\"text-align: justify;\">Non possiamo che augurarci che vi siano pi\u00f9 operai edili polacchi a Parigi, pi\u00f9 architetti inglesi a Berlino e imprenditori francesi a Londra. Una delle grandi ironie degli ultimi decenni \u00e8 vedere come Londra, la capitale della nazione che aveva respinto tanti sogni europei, si \u00e8 trasformata nella pi\u00f9 grande metropoli europea. La gente vi affluisce da tutta Europa proprio perch\u00e9 Londra offre la libert\u00e0 di inseguire i propri sogni. Questi sogni sono spesso di natura materialistica, e talvolta forse sordida, ma tutti insieme formano qualcosa che, in mancanza di un termine migliore, potrebbe essere definita l&#8217; anima europea.<\/p>\n","protected":false},"excerpt":{"rendered":"<p>Corriere della Sera , 29 marzo, 2007 Una delle grandi ironie degli ultimi decenni \u00e8 vedere come Londra, la capitale della nazione che aveva respinto tanti sogni europei, si \u00e8 trasformata nella pi\u00f9 grande metropoli europea. La gente vi affluisce da tutta Europa proprio perch\u00e9 Londra offre la libert\u00e0 di inseguire i propri sogni. Questi &hellip; <\/p>\n<p><a class=\"more-link btn\" href=\"https:\/\/www.rassegnastampa-totustuus.it\/cattolica\/lanima-europea-londra\/\">Continua a leggere<\/a><\/p>\n","protected":false},"author":6,"featured_media":31889,"comment_status":"closed","ping_status":"open","sticky":false,"template":"","format":"standard","meta":{"footnotes":""},"categories":[14],"tags":[166,2449],"class_list":["post-2584","post","type-post","status-publish","format-standard","has-post-thumbnail","hentry","category-europa-e-ue","tag-europa","tag-londra","item-wrap"],"yoast_head":"<!-- This site is optimized with the Yoast SEO plugin v27.4 - https:\/\/yoast.com\/product\/yoast-seo-wordpress\/ -->\n<title>L&#039;anima europea? Londra - Rassegna Stampa Cattolica<\/title>\n<meta name=\"description\" content=\"Rassegna Stampa Cattolica - Per una cultura che nasce dalla Rivelazione cristiana in conformit\u00e0 alla tradizione e al Magistero della Chiesa in opposizione ad ogni relativismo e totalitarismo\" \/>\n<meta name=\"robots\" content=\"index, follow, max-snippet:-1, max-image-preview:large, max-video-preview:-1\" \/>\n<link rel=\"canonical\" href=\"https:\/\/www.rassegnastampa-totustuus.it\/cattolica\/lanima-europea-londra\/\" \/>\n<meta property=\"og:locale\" content=\"it_IT\" \/>\n<meta property=\"og:type\" content=\"article\" \/>\n<meta property=\"og:title\" content=\"L&#039;anima europea? Londra - Rassegna Stampa Cattolica\" \/>\n<meta property=\"og:description\" content=\"Rassegna Stampa Cattolica - Per una cultura che nasce dalla Rivelazione cristiana in conformit\u00e0 alla tradizione e al Magistero della Chiesa in opposizione ad ogni relativismo e totalitarismo\" \/>\n<meta property=\"og:url\" content=\"https:\/\/www.rassegnastampa-totustuus.it\/cattolica\/lanima-europea-londra\/\" \/>\n<meta property=\"og:site_name\" content=\"Rassegna Stampa Cattolica\" \/>\n<meta property=\"article:publisher\" content=\"https:\/\/www.facebook.com\/rassegnastampacattolica\" \/>\n<meta property=\"article:published_time\" content=\"2009-01-22T23:00:00+00:00\" \/>\n<meta property=\"article:modified_time\" content=\"2016-04-27T15:35:01+00:00\" \/>\n<meta property=\"og:image\" content=\"https:\/\/www.rassegnastampa-totustuus.it\/cattolica\/wp-content\/uploads\/2009\/01\/Londra.jpg\" \/>\n\t<meta property=\"og:image:width\" content=\"259\" \/>\n\t<meta property=\"og:image:height\" content=\"194\" \/>\n\t<meta property=\"og:image:type\" content=\"image\/jpeg\" \/>\n<meta name=\"author\" content=\"Redazione\" \/>\n<meta name=\"twitter:card\" content=\"summary_large_image\" \/>\n<meta name=\"twitter:creator\" content=\"@rassegnastampa9\" \/>\n<meta name=\"twitter:site\" content=\"@rassegnastampa9\" \/>\n<meta name=\"twitter:label1\" content=\"Scritto da\" \/>\n\t<meta name=\"twitter:data1\" content=\"Redazione\" \/>\n\t<meta name=\"twitter:label2\" content=\"Tempo di lettura stimato\" \/>\n\t<meta name=\"twitter:data2\" content=\"4 minuti\" \/>\n<script type=\"application\/ld+json\" class=\"yoast-schema-graph\">{\"@context\":\"https:\\\/\\\/schema.org\",\"@graph\":[{\"@type\":\"Article\",\"@id\":\"https:\\\/\\\/www.rassegnastampa-totustuus.it\\\/cattolica\\\/lanima-europea-londra\\\/#article\",\"isPartOf\":{\"@id\":\"https:\\\/\\\/www.rassegnastampa-totustuus.it\\\/cattolica\\\/lanima-europea-londra\\\/\"},\"author\":{\"name\":\"Redazione\",\"@id\":\"https:\\\/\\\/www.rassegnastampa-totustuus.it\\\/cattolica\\\/#\\\/schema\\\/person\\\/08f319d2bd1a0904ad9e2bfb7b15e5c3\"},\"headline\":\"L&#8217;anima europea? Londra\",\"datePublished\":\"2009-01-22T23:00:00+00:00\",\"dateModified\":\"2016-04-27T15:35:01+00:00\",\"mainEntityOfPage\":{\"@id\":\"https:\\\/\\\/www.rassegnastampa-totustuus.it\\\/cattolica\\\/lanima-europea-londra\\\/\"},\"wordCount\":777,\"publisher\":{\"@id\":\"https:\\\/\\\/www.rassegnastampa-totustuus.it\\\/cattolica\\\/#organization\"},\"image\":{\"@id\":\"https:\\\/\\\/www.rassegnastampa-totustuus.it\\\/cattolica\\\/lanima-europea-londra\\\/#primaryimage\"},\"thumbnailUrl\":\"https:\\\/\\\/www.rassegnastampa-totustuus.it\\\/cattolica\\\/wp-content\\\/uploads\\\/2009\\\/01\\\/Londra.jpg\",\"keywords\":[\"Europa\",\"Londra\"],\"articleSection\":[\"Europa e UE\"],\"inLanguage\":\"it-IT\"},{\"@type\":\"WebPage\",\"@id\":\"https:\\\/\\\/www.rassegnastampa-totustuus.it\\\/cattolica\\\/lanima-europea-londra\\\/\",\"url\":\"https:\\\/\\\/www.rassegnastampa-totustuus.it\\\/cattolica\\\/lanima-europea-londra\\\/\",\"name\":\"L'anima europea? Londra - Rassegna Stampa Cattolica\",\"isPartOf\":{\"@id\":\"https:\\\/\\\/www.rassegnastampa-totustuus.it\\\/cattolica\\\/#website\"},\"primaryImageOfPage\":{\"@id\":\"https:\\\/\\\/www.rassegnastampa-totustuus.it\\\/cattolica\\\/lanima-europea-londra\\\/#primaryimage\"},\"image\":{\"@id\":\"https:\\\/\\\/www.rassegnastampa-totustuus.it\\\/cattolica\\\/lanima-europea-londra\\\/#primaryimage\"},\"thumbnailUrl\":\"https:\\\/\\\/www.rassegnastampa-totustuus.it\\\/cattolica\\\/wp-content\\\/uploads\\\/2009\\\/01\\\/Londra.jpg\",\"datePublished\":\"2009-01-22T23:00:00+00:00\",\"dateModified\":\"2016-04-27T15:35:01+00:00\",\"description\":\"Rassegna Stampa Cattolica - Per una cultura che nasce dalla Rivelazione cristiana in conformit\u00e0 alla tradizione e al Magistero della Chiesa in opposizione ad ogni relativismo e totalitarismo\",\"breadcrumb\":{\"@id\":\"https:\\\/\\\/www.rassegnastampa-totustuus.it\\\/cattolica\\\/lanima-europea-londra\\\/#breadcrumb\"},\"inLanguage\":\"it-IT\",\"potentialAction\":[{\"@type\":\"ReadAction\",\"target\":[\"https:\\\/\\\/www.rassegnastampa-totustuus.it\\\/cattolica\\\/lanima-europea-londra\\\/\"]}]},{\"@type\":\"ImageObject\",\"inLanguage\":\"it-IT\",\"@id\":\"https:\\\/\\\/www.rassegnastampa-totustuus.it\\\/cattolica\\\/lanima-europea-londra\\\/#primaryimage\",\"url\":\"https:\\\/\\\/www.rassegnastampa-totustuus.it\\\/cattolica\\\/wp-content\\\/uploads\\\/2009\\\/01\\\/Londra.jpg\",\"contentUrl\":\"https:\\\/\\\/www.rassegnastampa-totustuus.it\\\/cattolica\\\/wp-content\\\/uploads\\\/2009\\\/01\\\/Londra.jpg\",\"width\":259,\"height\":194},{\"@type\":\"BreadcrumbList\",\"@id\":\"https:\\\/\\\/www.rassegnastampa-totustuus.it\\\/cattolica\\\/lanima-europea-londra\\\/#breadcrumb\",\"itemListElement\":[{\"@type\":\"ListItem\",\"position\":1,\"name\":\"Home\",\"item\":\"https:\\\/\\\/www.rassegnastampa-totustuus.it\\\/cattolica\\\/\"},{\"@type\":\"ListItem\",\"position\":2,\"name\":\"L&#8217;anima europea? Londra\"}]},{\"@type\":\"WebSite\",\"@id\":\"https:\\\/\\\/www.rassegnastampa-totustuus.it\\\/cattolica\\\/#website\",\"url\":\"https:\\\/\\\/www.rassegnastampa-totustuus.it\\\/cattolica\\\/\",\"name\":\"Rassegna Stampa Cattolica\",\"description\":\"Per una cultura che nasce dalla Rivelazione cristiana in conformit\u00e0 alla tradizione e al Magistero della Chiesa in opposizione ad ogni relativismo e totalitarismo\",\"publisher\":{\"@id\":\"https:\\\/\\\/www.rassegnastampa-totustuus.it\\\/cattolica\\\/#organization\"},\"alternateName\":\"Rass. Cattolica\",\"potentialAction\":[{\"@type\":\"SearchAction\",\"target\":{\"@type\":\"EntryPoint\",\"urlTemplate\":\"https:\\\/\\\/www.rassegnastampa-totustuus.it\\\/cattolica\\\/?s={search_term_string}\"},\"query-input\":{\"@type\":\"PropertyValueSpecification\",\"valueRequired\":true,\"valueName\":\"search_term_string\"}}],\"inLanguage\":\"it-IT\"},{\"@type\":\"Organization\",\"@id\":\"https:\\\/\\\/www.rassegnastampa-totustuus.it\\\/cattolica\\\/#organization\",\"name\":\"Rassegna Stampa Cattolica\",\"url\":\"https:\\\/\\\/www.rassegnastampa-totustuus.it\\\/cattolica\\\/\",\"logo\":{\"@type\":\"ImageObject\",\"inLanguage\":\"it-IT\",\"@id\":\"https:\\\/\\\/www.rassegnastampa-totustuus.it\\\/cattolica\\\/#\\\/schema\\\/logo\\\/image\\\/\",\"url\":\"https:\\\/\\\/www.rassegnastampa-totustuus.it\\\/cattolica\\\/wp-content\\\/uploads\\\/2014\\\/04\\\/logo-rassegna1.gif\",\"contentUrl\":\"https:\\\/\\\/www.rassegnastampa-totustuus.it\\\/cattolica\\\/wp-content\\\/uploads\\\/2014\\\/04\\\/logo-rassegna1.gif\",\"width\":600,\"height\":163,\"caption\":\"Rassegna Stampa Cattolica\"},\"image\":{\"@id\":\"https:\\\/\\\/www.rassegnastampa-totustuus.it\\\/cattolica\\\/#\\\/schema\\\/logo\\\/image\\\/\"},\"sameAs\":[\"https:\\\/\\\/www.facebook.com\\\/rassegnastampacattolica\",\"https:\\\/\\\/x.com\\\/rassegnastampa9\"]},{\"@type\":\"Person\",\"@id\":\"https:\\\/\\\/www.rassegnastampa-totustuus.it\\\/cattolica\\\/#\\\/schema\\\/person\\\/08f319d2bd1a0904ad9e2bfb7b15e5c3\",\"name\":\"Redazione\",\"image\":{\"@type\":\"ImageObject\",\"inLanguage\":\"it-IT\",\"@id\":\"https:\\\/\\\/secure.gravatar.com\\\/avatar\\\/2fcdf27c78ea025fbdb44e914cc63c72249ffec9dc8aafd5c82b26240ef3f346?s=96&d=mm&r=g\",\"url\":\"https:\\\/\\\/secure.gravatar.com\\\/avatar\\\/2fcdf27c78ea025fbdb44e914cc63c72249ffec9dc8aafd5c82b26240ef3f346?s=96&d=mm&r=g\",\"contentUrl\":\"https:\\\/\\\/secure.gravatar.com\\\/avatar\\\/2fcdf27c78ea025fbdb44e914cc63c72249ffec9dc8aafd5c82b26240ef3f346?s=96&d=mm&r=g\",\"caption\":\"Redazione\"},\"url\":\"https:\\\/\\\/www.rassegnastampa-totustuus.it\\\/cattolica\\\/author\\\/pietroelle\\\/\"}]}<\/script>\n<!-- \/ Yoast SEO plugin. -->","yoast_head_json":{"title":"L'anima europea? Londra - Rassegna Stampa Cattolica","description":"Rassegna Stampa Cattolica - Per una cultura che nasce dalla Rivelazione cristiana in conformit\u00e0 alla tradizione e al Magistero della Chiesa in opposizione ad ogni relativismo e totalitarismo","robots":{"index":"index","follow":"follow","max-snippet":"max-snippet:-1","max-image-preview":"max-image-preview:large","max-video-preview":"max-video-preview:-1"},"canonical":"https:\/\/www.rassegnastampa-totustuus.it\/cattolica\/lanima-europea-londra\/","og_locale":"it_IT","og_type":"article","og_title":"L'anima europea? Londra - Rassegna Stampa Cattolica","og_description":"Rassegna Stampa Cattolica - Per una cultura che nasce dalla Rivelazione cristiana in conformit\u00e0 alla tradizione e al Magistero della Chiesa in opposizione ad ogni relativismo e totalitarismo","og_url":"https:\/\/www.rassegnastampa-totustuus.it\/cattolica\/lanima-europea-londra\/","og_site_name":"Rassegna Stampa Cattolica","article_publisher":"https:\/\/www.facebook.com\/rassegnastampacattolica","article_published_time":"2009-01-22T23:00:00+00:00","article_modified_time":"2016-04-27T15:35:01+00:00","og_image":[{"width":259,"height":194,"url":"https:\/\/www.rassegnastampa-totustuus.it\/cattolica\/wp-content\/uploads\/2009\/01\/Londra.jpg","type":"image\/jpeg"}],"author":"Redazione","twitter_card":"summary_large_image","twitter_creator":"@rassegnastampa9","twitter_site":"@rassegnastampa9","twitter_misc":{"Scritto da":"Redazione","Tempo di lettura stimato":"4 minuti"},"schema":{"@context":"https:\/\/schema.org","@graph":[{"@type":"Article","@id":"https:\/\/www.rassegnastampa-totustuus.it\/cattolica\/lanima-europea-londra\/#article","isPartOf":{"@id":"https:\/\/www.rassegnastampa-totustuus.it\/cattolica\/lanima-europea-londra\/"},"author":{"name":"Redazione","@id":"https:\/\/www.rassegnastampa-totustuus.it\/cattolica\/#\/schema\/person\/08f319d2bd1a0904ad9e2bfb7b15e5c3"},"headline":"L&#8217;anima europea? Londra","datePublished":"2009-01-22T23:00:00+00:00","dateModified":"2016-04-27T15:35:01+00:00","mainEntityOfPage":{"@id":"https:\/\/www.rassegnastampa-totustuus.it\/cattolica\/lanima-europea-londra\/"},"wordCount":777,"publisher":{"@id":"https:\/\/www.rassegnastampa-totustuus.it\/cattolica\/#organization"},"image":{"@id":"https:\/\/www.rassegnastampa-totustuus.it\/cattolica\/lanima-europea-londra\/#primaryimage"},"thumbnailUrl":"https:\/\/www.rassegnastampa-totustuus.it\/cattolica\/wp-content\/uploads\/2009\/01\/Londra.jpg","keywords":["Europa","Londra"],"articleSection":["Europa e UE"],"inLanguage":"it-IT"},{"@type":"WebPage","@id":"https:\/\/www.rassegnastampa-totustuus.it\/cattolica\/lanima-europea-londra\/","url":"https:\/\/www.rassegnastampa-totustuus.it\/cattolica\/lanima-europea-londra\/","name":"L'anima europea? Londra - Rassegna Stampa Cattolica","isPartOf":{"@id":"https:\/\/www.rassegnastampa-totustuus.it\/cattolica\/#website"},"primaryImageOfPage":{"@id":"https:\/\/www.rassegnastampa-totustuus.it\/cattolica\/lanima-europea-londra\/#primaryimage"},"image":{"@id":"https:\/\/www.rassegnastampa-totustuus.it\/cattolica\/lanima-europea-londra\/#primaryimage"},"thumbnailUrl":"https:\/\/www.rassegnastampa-totustuus.it\/cattolica\/wp-content\/uploads\/2009\/01\/Londra.jpg","datePublished":"2009-01-22T23:00:00+00:00","dateModified":"2016-04-27T15:35:01+00:00","description":"Rassegna Stampa Cattolica - Per una cultura che nasce dalla Rivelazione cristiana in conformit\u00e0 alla tradizione e al Magistero della Chiesa in opposizione ad ogni relativismo e totalitarismo","breadcrumb":{"@id":"https:\/\/www.rassegnastampa-totustuus.it\/cattolica\/lanima-europea-londra\/#breadcrumb"},"inLanguage":"it-IT","potentialAction":[{"@type":"ReadAction","target":["https:\/\/www.rassegnastampa-totustuus.it\/cattolica\/lanima-europea-londra\/"]}]},{"@type":"ImageObject","inLanguage":"it-IT","@id":"https:\/\/www.rassegnastampa-totustuus.it\/cattolica\/lanima-europea-londra\/#primaryimage","url":"https:\/\/www.rassegnastampa-totustuus.it\/cattolica\/wp-content\/uploads\/2009\/01\/Londra.jpg","contentUrl":"https:\/\/www.rassegnastampa-totustuus.it\/cattolica\/wp-content\/uploads\/2009\/01\/Londra.jpg","width":259,"height":194},{"@type":"BreadcrumbList","@id":"https:\/\/www.rassegnastampa-totustuus.it\/cattolica\/lanima-europea-londra\/#breadcrumb","itemListElement":[{"@type":"ListItem","position":1,"name":"Home","item":"https:\/\/www.rassegnastampa-totustuus.it\/cattolica\/"},{"@type":"ListItem","position":2,"name":"L&#8217;anima europea? Londra"}]},{"@type":"WebSite","@id":"https:\/\/www.rassegnastampa-totustuus.it\/cattolica\/#website","url":"https:\/\/www.rassegnastampa-totustuus.it\/cattolica\/","name":"Rassegna Stampa Cattolica","description":"Per una cultura che nasce dalla Rivelazione cristiana in conformit\u00e0 alla tradizione e al Magistero della Chiesa in opposizione ad ogni relativismo e totalitarismo","publisher":{"@id":"https:\/\/www.rassegnastampa-totustuus.it\/cattolica\/#organization"},"alternateName":"Rass. Cattolica","potentialAction":[{"@type":"SearchAction","target":{"@type":"EntryPoint","urlTemplate":"https:\/\/www.rassegnastampa-totustuus.it\/cattolica\/?s={search_term_string}"},"query-input":{"@type":"PropertyValueSpecification","valueRequired":true,"valueName":"search_term_string"}}],"inLanguage":"it-IT"},{"@type":"Organization","@id":"https:\/\/www.rassegnastampa-totustuus.it\/cattolica\/#organization","name":"Rassegna Stampa Cattolica","url":"https:\/\/www.rassegnastampa-totustuus.it\/cattolica\/","logo":{"@type":"ImageObject","inLanguage":"it-IT","@id":"https:\/\/www.rassegnastampa-totustuus.it\/cattolica\/#\/schema\/logo\/image\/","url":"https:\/\/www.rassegnastampa-totustuus.it\/cattolica\/wp-content\/uploads\/2014\/04\/logo-rassegna1.gif","contentUrl":"https:\/\/www.rassegnastampa-totustuus.it\/cattolica\/wp-content\/uploads\/2014\/04\/logo-rassegna1.gif","width":600,"height":163,"caption":"Rassegna Stampa Cattolica"},"image":{"@id":"https:\/\/www.rassegnastampa-totustuus.it\/cattolica\/#\/schema\/logo\/image\/"},"sameAs":["https:\/\/www.facebook.com\/rassegnastampacattolica","https:\/\/x.com\/rassegnastampa9"]},{"@type":"Person","@id":"https:\/\/www.rassegnastampa-totustuus.it\/cattolica\/#\/schema\/person\/08f319d2bd1a0904ad9e2bfb7b15e5c3","name":"Redazione","image":{"@type":"ImageObject","inLanguage":"it-IT","@id":"https:\/\/secure.gravatar.com\/avatar\/2fcdf27c78ea025fbdb44e914cc63c72249ffec9dc8aafd5c82b26240ef3f346?s=96&d=mm&r=g","url":"https:\/\/secure.gravatar.com\/avatar\/2fcdf27c78ea025fbdb44e914cc63c72249ffec9dc8aafd5c82b26240ef3f346?s=96&d=mm&r=g","contentUrl":"https:\/\/secure.gravatar.com\/avatar\/2fcdf27c78ea025fbdb44e914cc63c72249ffec9dc8aafd5c82b26240ef3f346?s=96&d=mm&r=g","caption":"Redazione"},"url":"https:\/\/www.rassegnastampa-totustuus.it\/cattolica\/author\/pietroelle\/"}]}},"_links":{"self":[{"href":"https:\/\/www.rassegnastampa-totustuus.it\/cattolica\/wp-json\/wp\/v2\/posts\/2584","targetHints":{"allow":["GET"]}}],"collection":[{"href":"https:\/\/www.rassegnastampa-totustuus.it\/cattolica\/wp-json\/wp\/v2\/posts"}],"about":[{"href":"https:\/\/www.rassegnastampa-totustuus.it\/cattolica\/wp-json\/wp\/v2\/types\/post"}],"author":[{"embeddable":true,"href":"https:\/\/www.rassegnastampa-totustuus.it\/cattolica\/wp-json\/wp\/v2\/users\/6"}],"replies":[{"embeddable":true,"href":"https:\/\/www.rassegnastampa-totustuus.it\/cattolica\/wp-json\/wp\/v2\/comments?post=2584"}],"version-history":[{"count":4,"href":"https:\/\/www.rassegnastampa-totustuus.it\/cattolica\/wp-json\/wp\/v2\/posts\/2584\/revisions"}],"predecessor-version":[{"id":31890,"href":"https:\/\/www.rassegnastampa-totustuus.it\/cattolica\/wp-json\/wp\/v2\/posts\/2584\/revisions\/31890"}],"wp:featuredmedia":[{"embeddable":true,"href":"https:\/\/www.rassegnastampa-totustuus.it\/cattolica\/wp-json\/wp\/v2\/media\/31889"}],"wp:attachment":[{"href":"https:\/\/www.rassegnastampa-totustuus.it\/cattolica\/wp-json\/wp\/v2\/media?parent=2584"}],"wp:term":[{"taxonomy":"category","embeddable":true,"href":"https:\/\/www.rassegnastampa-totustuus.it\/cattolica\/wp-json\/wp\/v2\/categories?post=2584"},{"taxonomy":"post_tag","embeddable":true,"href":"https:\/\/www.rassegnastampa-totustuus.it\/cattolica\/wp-json\/wp\/v2\/tags?post=2584"}],"curies":[{"name":"wp","href":"https:\/\/api.w.org\/{rel}","templated":true}]}}