{"id":2573,"date":"2007-04-05T00:00:00","date_gmt":"2007-04-04T22:00:00","guid":{"rendered":""},"modified":"2016-06-15T16:07:57","modified_gmt":"2016-06-15T14:07:57","slug":"un-errore-parlare-di-derby-con-benedetto","status":"publish","type":"post","link":"https:\/\/www.rassegnastampa-totustuus.it\/cattolica\/un-errore-parlare-di-derby-con-benedetto\/","title":{"rendered":"Un errore parlare di derby con Benedetto"},"content":{"rendered":"<div style=\"text-align: center;\">\n<div id=\"attachment_34916\" style=\"width: 240px\" class=\"wp-caption alignleft\"><img loading=\"lazy\" decoding=\"async\" aria-describedby=\"caption-attachment-34916\" class=\"wp-image-34916\" src=\"https:\/\/www.rassegnastampa-totustuus.it\/cattolica\/wp-content\/uploads\/2007\/04\/Martini.jpg\" alt=\"Martini\" width=\"240\" height=\"180\" \/><p id=\"caption-attachment-34916\" class=\"wp-caption-text\">card. Martini<\/p><\/div>\n<p><strong>Corriere della Sera<\/strong> 17 marzo 2007<\/div>\n<p style=\"text-align: center;\">di <strong>Vittorio Messori<\/strong><\/p>\n<p style=\"text-align: justify;\">\u00abIl cardinal Martini: strappo sui Dico\u00bb : cos\u00ec, ieri, i titoli di alcuni quotidiani. In realt\u00e0, leggendo gli articoli si constatava che dei <em>Pacs \u00e0 l\u2019italienne<\/em> l\u2019arcivescovo emerito di Milano non aveva parlato, almeno esplicitamente, e il suo discorso era partito dal commento a un brano biblico per le messa dei pellegrini ambrosiani a Gerusalemme.<\/p>\n<p><!--more--><\/p>\n<div style=\"text-align: justify;\">Se si fosse basato solo sulla titolazione, qualche lettore avrebbe potuto pensare al caso recentissimo delle \u00ableggi contro natura \u00bb (con le virgolette, come si addice alle citazioni testuali) che Benedetto XVI avrebbe diffidato dal votare nella sua esortazione post-sinodale sull\u2018eucaristia.<\/div>\n<p style=\"text-align: justify;\">Nei giorni scorsi, siamo stati assediati da editoriali pensosi e da sfoghi umorali a commento di quell\u2019uscita del papa. Reazione adeguata: ma solo per chi non avesse letto le 138 pagine di quella <em>Sacramentum caritatis<\/em>, dove l\u2019espressione \u00ableggi contro natura\u00bb non c\u2019\u00e8; non c\u2019\u00e8 proprio. E dove il riferimento ai soliti Dico esiste solo per chi possa pensare che il pontefice della Chiesa universale, sintetizzando i risultati di un sinodo mondiale di due anni fa sull\u2019eucaristia, volga il suo pensiero ad ammonimento per qualche politico nostrano.<\/p>\n<p style=\"text-align: justify;\">In realt\u00e0, per tornare ai titoli di ieri, si potrebbe osservare che, da molto tempo, l\u2019informazione rischia forse una sorta di dialettica \u201cda derby\u201d: come se l\u2019antagonismo tra Milan ed Inter, tra Roma e Lazio (o anche tra Prodi e Berlusconi), fosse trasposto nel duello Martini-Wojtyla e, ora, Martini- Ratzinger. Per pi\u00f9 di vent\u2019anni il bisogno, alla Carl Schmitt, di trovare ovunque lo schema \u201camico-nemico\u201c, ha portato certo sistema mediatico ad immaginare l\u2019arcivescovo di Milano come il bellicoso referente dei \u201cprogressisti\u201c, contro la falange dei dogmatici \u201cpapisti\u201c. Uno schema che trova spazio anche ora che Giovanni Paolo II \u00e8 passato a miglior vita e che l\u2019ottantenne presule emerito, gravato dal Parkinson, si \u00e8 ritirato a Gerusalemme in attesa \u2013lo ha detto egli stesso\u2013 dell\u2019 \u201cultima chiamata\u201c.<\/p>\n<p style=\"text-align: justify;\">C\u2019\u00e8 da restare perplessi leggendo di sfide martiniane al magistero papale, dopo quasi un quarto di secolo di parole che dimenticavano che fu proprio Giovanni Paolo II a snidare il professor Carlo Maria dagli studi biblici e a volerlo \u2013mantenendovelo sino al pensionamento- alla guida della pi\u00f9 importante diocesi europea.<\/p>\n<p style=\"text-align: justify;\">Mi disse una volta, sorridendo, il cardinale, pranzando nel palazzo di piazza Fontana: \u00abDa quando sono qui, decine di libri portano il mio nome ma io, in realt\u00e0, non ne ho scritto neanche uno. Sono tutte sbobinature di cose che ho detto nelle pi\u00f9 varie occasioni\u00bb. E poi, facendosi serio: \u00abSfido chi mi vuole in contrasto con papa Wojtyla a trovare in quelle pagine una frase che sia di discordia con il magistero pontificio\u00bb.<\/p>\n<p style=\"text-align: justify;\">Uno stile personale, certo, un temperamento diverso, ma nulla che abbia mai messo in discussione obbedienza e ortodossia. Quanto a Ratzinger: ci\u00f2 che \u00e8 filtrato sul Conclave parla di un Martini che, rifiutando i voti che inizialmente erano confluiti su di lui, invita i porporati a dirottarli proprio sul Prefetto dell\u2019ex-Sant\u2019Uffizio. Tra i due vecchi \u201coperai nella vigna del Signore\u201c, \u00e8 corsa sempre la stima che c\u2019\u00e8 tra confratelli e studiosi. Ciascuno, poi, ha accettato le naturali differenze caratteriali e ha compreso le esigenze del ruolo dell\u2019altro.<\/p>\n<p style=\"text-align: justify;\">Ratzinger, chiamato ad essere custode dell\u2019ortodossia \u2013prima alla Dottrina della Fede e poi sul seggio di Pietro- e, dunque, tenuto a ribadire con fermezza dogmi e principi etici. Martini, chiamato a pascere un gregge di cinque milioni di battezzati, preoccupato della pastorale, dell\u2019incontro, del dialogo, per far passare il Vangelo in una metropoli postmoderna.<\/p>\n<p style=\"text-align: justify;\">La chiarezza dei principi del Magistero, d\u2019accordo; ma anche la flessibilit\u00e0, il realismo, la pazienza del pastore avveduto. Questo il significato di parole che, pi\u00f9 che uno \u201cstrappo\u201c, volevano \u2013per come, almeno, le leggiamo\u2013 essere un richiamo alle strategie per un annuncio etico tanto esigente da sembrare duro se non incomprensibile a molti, oggi.<\/p>\n","protected":false},"excerpt":{"rendered":"<p>Corriere della Sera 17 marzo 2007 di Vittorio Messori \u00abIl cardinal Martini: strappo sui Dico\u00bb : cos\u00ec, ieri, i titoli di alcuni quotidiani. In realt\u00e0, leggendo gli articoli si constatava che dei Pacs \u00e0 l\u2019italienne l\u2019arcivescovo emerito di Milano non aveva parlato, almeno esplicitamente, e il suo discorso era partito dal commento a un brano &hellip; <\/p>\n<p><a class=\"more-link btn\" href=\"https:\/\/www.rassegnastampa-totustuus.it\/cattolica\/un-errore-parlare-di-derby-con-benedetto\/\">Continua a leggere<\/a><\/p>\n","protected":false},"author":6,"featured_media":34916,"comment_status":"closed","ping_status":"open","sticky":false,"template":"","format":"standard","meta":{"footnotes":""},"categories":[110,5],"tags":[1440],"class_list":["post-2573","post","type-post","status-publish","format-standard","has-post-thumbnail","hentry","category-benedetto-xvi","category-chiesa","tag-carlo-maria-martini","item-wrap"],"yoast_head":"<!-- This site is optimized with the Yoast SEO plugin v27.5 - https:\/\/yoast.com\/product\/yoast-seo-wordpress\/ -->\n<title>Un errore parlare di derby con Benedetto - Rassegna Stampa Cattolica<\/title>\n<meta name=\"description\" content=\"Rassegna Stampa Cattolica - Per una cultura che nasce dalla Rivelazione cristiana in conformit\u00e0 alla tradizione e al Magistero della Chiesa in opposizione ad ogni relativismo e totalitarismo\" \/>\n<meta name=\"robots\" content=\"index, follow, max-snippet:-1, max-image-preview:large, max-video-preview:-1\" \/>\n<link rel=\"canonical\" href=\"https:\/\/www.rassegnastampa-totustuus.it\/cattolica\/un-errore-parlare-di-derby-con-benedetto\/\" \/>\n<meta property=\"og:locale\" content=\"it_IT\" \/>\n<meta property=\"og:type\" content=\"article\" \/>\n<meta property=\"og:title\" content=\"Un errore parlare di derby con Benedetto - Rassegna Stampa Cattolica\" \/>\n<meta property=\"og:description\" content=\"Rassegna Stampa Cattolica - Per una cultura che nasce dalla Rivelazione cristiana in conformit\u00e0 alla tradizione e al Magistero della Chiesa in opposizione ad ogni relativismo e totalitarismo\" \/>\n<meta property=\"og:url\" content=\"https:\/\/www.rassegnastampa-totustuus.it\/cattolica\/un-errore-parlare-di-derby-con-benedetto\/\" \/>\n<meta property=\"og:site_name\" content=\"Rassegna Stampa Cattolica\" \/>\n<meta property=\"article:publisher\" content=\"https:\/\/www.facebook.com\/rassegnastampacattolica\" \/>\n<meta property=\"article:published_time\" content=\"2007-04-04T22:00:00+00:00\" \/>\n<meta property=\"article:modified_time\" content=\"2016-06-15T14:07:57+00:00\" \/>\n<meta property=\"og:image\" content=\"https:\/\/www.rassegnastampa-totustuus.it\/cattolica\/wp-content\/uploads\/2007\/04\/Martini.jpg\" \/>\n\t<meta property=\"og:image:width\" content=\"259\" \/>\n\t<meta property=\"og:image:height\" content=\"194\" \/>\n\t<meta property=\"og:image:type\" content=\"image\/jpeg\" \/>\n<meta name=\"author\" content=\"Redazione\" \/>\n<meta name=\"twitter:card\" content=\"summary_large_image\" \/>\n<meta name=\"twitter:creator\" content=\"@rassegnastampa9\" \/>\n<meta name=\"twitter:site\" content=\"@rassegnastampa9\" \/>\n<meta name=\"twitter:label1\" content=\"Scritto da\" \/>\n\t<meta name=\"twitter:data1\" content=\"Redazione\" \/>\n\t<meta name=\"twitter:label2\" content=\"Tempo di lettura stimato\" \/>\n\t<meta name=\"twitter:data2\" content=\"3 minuti\" \/>\n<script type=\"application\/ld+json\" class=\"yoast-schema-graph\">{\"@context\":\"https:\\\/\\\/schema.org\",\"@graph\":[{\"@type\":\"Article\",\"@id\":\"https:\\\/\\\/www.rassegnastampa-totustuus.it\\\/cattolica\\\/un-errore-parlare-di-derby-con-benedetto\\\/#article\",\"isPartOf\":{\"@id\":\"https:\\\/\\\/www.rassegnastampa-totustuus.it\\\/cattolica\\\/un-errore-parlare-di-derby-con-benedetto\\\/\"},\"author\":{\"name\":\"Redazione\",\"@id\":\"https:\\\/\\\/www.rassegnastampa-totustuus.it\\\/cattolica\\\/#\\\/schema\\\/person\\\/08f319d2bd1a0904ad9e2bfb7b15e5c3\"},\"headline\":\"Un errore parlare di derby con Benedetto\",\"datePublished\":\"2007-04-04T22:00:00+00:00\",\"dateModified\":\"2016-06-15T14:07:57+00:00\",\"mainEntityOfPage\":{\"@id\":\"https:\\\/\\\/www.rassegnastampa-totustuus.it\\\/cattolica\\\/un-errore-parlare-di-derby-con-benedetto\\\/\"},\"wordCount\":659,\"publisher\":{\"@id\":\"https:\\\/\\\/www.rassegnastampa-totustuus.it\\\/cattolica\\\/#organization\"},\"image\":{\"@id\":\"https:\\\/\\\/www.rassegnastampa-totustuus.it\\\/cattolica\\\/un-errore-parlare-di-derby-con-benedetto\\\/#primaryimage\"},\"thumbnailUrl\":\"https:\\\/\\\/www.rassegnastampa-totustuus.it\\\/cattolica\\\/wp-content\\\/uploads\\\/2007\\\/04\\\/Martini.jpg\",\"keywords\":[\"Carlo Maria Martini\"],\"articleSection\":[\"Benedetto XVI\",\"Chiesa\"],\"inLanguage\":\"it-IT\"},{\"@type\":\"WebPage\",\"@id\":\"https:\\\/\\\/www.rassegnastampa-totustuus.it\\\/cattolica\\\/un-errore-parlare-di-derby-con-benedetto\\\/\",\"url\":\"https:\\\/\\\/www.rassegnastampa-totustuus.it\\\/cattolica\\\/un-errore-parlare-di-derby-con-benedetto\\\/\",\"name\":\"Un errore parlare di derby con Benedetto - Rassegna Stampa Cattolica\",\"isPartOf\":{\"@id\":\"https:\\\/\\\/www.rassegnastampa-totustuus.it\\\/cattolica\\\/#website\"},\"primaryImageOfPage\":{\"@id\":\"https:\\\/\\\/www.rassegnastampa-totustuus.it\\\/cattolica\\\/un-errore-parlare-di-derby-con-benedetto\\\/#primaryimage\"},\"image\":{\"@id\":\"https:\\\/\\\/www.rassegnastampa-totustuus.it\\\/cattolica\\\/un-errore-parlare-di-derby-con-benedetto\\\/#primaryimage\"},\"thumbnailUrl\":\"https:\\\/\\\/www.rassegnastampa-totustuus.it\\\/cattolica\\\/wp-content\\\/uploads\\\/2007\\\/04\\\/Martini.jpg\",\"datePublished\":\"2007-04-04T22:00:00+00:00\",\"dateModified\":\"2016-06-15T14:07:57+00:00\",\"description\":\"Rassegna Stampa Cattolica - Per una cultura che nasce dalla Rivelazione cristiana in conformit\u00e0 alla tradizione e al Magistero della Chiesa in opposizione ad ogni relativismo e totalitarismo\",\"breadcrumb\":{\"@id\":\"https:\\\/\\\/www.rassegnastampa-totustuus.it\\\/cattolica\\\/un-errore-parlare-di-derby-con-benedetto\\\/#breadcrumb\"},\"inLanguage\":\"it-IT\",\"potentialAction\":[{\"@type\":\"ReadAction\",\"target\":[\"https:\\\/\\\/www.rassegnastampa-totustuus.it\\\/cattolica\\\/un-errore-parlare-di-derby-con-benedetto\\\/\"]}]},{\"@type\":\"ImageObject\",\"inLanguage\":\"it-IT\",\"@id\":\"https:\\\/\\\/www.rassegnastampa-totustuus.it\\\/cattolica\\\/un-errore-parlare-di-derby-con-benedetto\\\/#primaryimage\",\"url\":\"https:\\\/\\\/www.rassegnastampa-totustuus.it\\\/cattolica\\\/wp-content\\\/uploads\\\/2007\\\/04\\\/Martini.jpg\",\"contentUrl\":\"https:\\\/\\\/www.rassegnastampa-totustuus.it\\\/cattolica\\\/wp-content\\\/uploads\\\/2007\\\/04\\\/Martini.jpg\",\"width\":259,\"height\":194},{\"@type\":\"BreadcrumbList\",\"@id\":\"https:\\\/\\\/www.rassegnastampa-totustuus.it\\\/cattolica\\\/un-errore-parlare-di-derby-con-benedetto\\\/#breadcrumb\",\"itemListElement\":[{\"@type\":\"ListItem\",\"position\":1,\"name\":\"Home\",\"item\":\"https:\\\/\\\/www.rassegnastampa-totustuus.it\\\/cattolica\\\/\"},{\"@type\":\"ListItem\",\"position\":2,\"name\":\"Un errore parlare di derby con Benedetto\"}]},{\"@type\":\"WebSite\",\"@id\":\"https:\\\/\\\/www.rassegnastampa-totustuus.it\\\/cattolica\\\/#website\",\"url\":\"https:\\\/\\\/www.rassegnastampa-totustuus.it\\\/cattolica\\\/\",\"name\":\"Rassegna Stampa Cattolica\",\"description\":\"Per una cultura che nasce dalla Rivelazione cristiana in conformit\u00e0 alla tradizione e al Magistero della Chiesa in opposizione ad ogni relativismo e totalitarismo\",\"publisher\":{\"@id\":\"https:\\\/\\\/www.rassegnastampa-totustuus.it\\\/cattolica\\\/#organization\"},\"alternateName\":\"Rass. Cattolica\",\"potentialAction\":[{\"@type\":\"SearchAction\",\"target\":{\"@type\":\"EntryPoint\",\"urlTemplate\":\"https:\\\/\\\/www.rassegnastampa-totustuus.it\\\/cattolica\\\/?s={search_term_string}\"},\"query-input\":{\"@type\":\"PropertyValueSpecification\",\"valueRequired\":true,\"valueName\":\"search_term_string\"}}],\"inLanguage\":\"it-IT\"},{\"@type\":\"Organization\",\"@id\":\"https:\\\/\\\/www.rassegnastampa-totustuus.it\\\/cattolica\\\/#organization\",\"name\":\"Rassegna Stampa Cattolica\",\"url\":\"https:\\\/\\\/www.rassegnastampa-totustuus.it\\\/cattolica\\\/\",\"logo\":{\"@type\":\"ImageObject\",\"inLanguage\":\"it-IT\",\"@id\":\"https:\\\/\\\/www.rassegnastampa-totustuus.it\\\/cattolica\\\/#\\\/schema\\\/logo\\\/image\\\/\",\"url\":\"https:\\\/\\\/www.rassegnastampa-totustuus.it\\\/cattolica\\\/wp-content\\\/uploads\\\/2014\\\/04\\\/logo-rassegna1.gif\",\"contentUrl\":\"https:\\\/\\\/www.rassegnastampa-totustuus.it\\\/cattolica\\\/wp-content\\\/uploads\\\/2014\\\/04\\\/logo-rassegna1.gif\",\"width\":600,\"height\":163,\"caption\":\"Rassegna Stampa Cattolica\"},\"image\":{\"@id\":\"https:\\\/\\\/www.rassegnastampa-totustuus.it\\\/cattolica\\\/#\\\/schema\\\/logo\\\/image\\\/\"},\"sameAs\":[\"https:\\\/\\\/www.facebook.com\\\/rassegnastampacattolica\",\"https:\\\/\\\/x.com\\\/rassegnastampa9\"]},{\"@type\":\"Person\",\"@id\":\"https:\\\/\\\/www.rassegnastampa-totustuus.it\\\/cattolica\\\/#\\\/schema\\\/person\\\/08f319d2bd1a0904ad9e2bfb7b15e5c3\",\"name\":\"Redazione\",\"image\":{\"@type\":\"ImageObject\",\"inLanguage\":\"it-IT\",\"@id\":\"https:\\\/\\\/secure.gravatar.com\\\/avatar\\\/2fcdf27c78ea025fbdb44e914cc63c72249ffec9dc8aafd5c82b26240ef3f346?s=96&d=mm&r=g\",\"url\":\"https:\\\/\\\/secure.gravatar.com\\\/avatar\\\/2fcdf27c78ea025fbdb44e914cc63c72249ffec9dc8aafd5c82b26240ef3f346?s=96&d=mm&r=g\",\"contentUrl\":\"https:\\\/\\\/secure.gravatar.com\\\/avatar\\\/2fcdf27c78ea025fbdb44e914cc63c72249ffec9dc8aafd5c82b26240ef3f346?s=96&d=mm&r=g\",\"caption\":\"Redazione\"},\"url\":\"https:\\\/\\\/www.rassegnastampa-totustuus.it\\\/cattolica\\\/author\\\/pietroelle\\\/\"}]}<\/script>\n<!-- \/ Yoast SEO plugin. -->","yoast_head_json":{"title":"Un errore parlare di derby con Benedetto - Rassegna Stampa Cattolica","description":"Rassegna Stampa Cattolica - Per una cultura che nasce dalla Rivelazione cristiana in conformit\u00e0 alla tradizione e al Magistero della Chiesa in opposizione ad ogni relativismo e totalitarismo","robots":{"index":"index","follow":"follow","max-snippet":"max-snippet:-1","max-image-preview":"max-image-preview:large","max-video-preview":"max-video-preview:-1"},"canonical":"https:\/\/www.rassegnastampa-totustuus.it\/cattolica\/un-errore-parlare-di-derby-con-benedetto\/","og_locale":"it_IT","og_type":"article","og_title":"Un errore parlare di derby con Benedetto - Rassegna Stampa Cattolica","og_description":"Rassegna Stampa Cattolica - Per una cultura che nasce dalla Rivelazione cristiana in conformit\u00e0 alla tradizione e al Magistero della Chiesa in opposizione ad ogni relativismo e totalitarismo","og_url":"https:\/\/www.rassegnastampa-totustuus.it\/cattolica\/un-errore-parlare-di-derby-con-benedetto\/","og_site_name":"Rassegna Stampa Cattolica","article_publisher":"https:\/\/www.facebook.com\/rassegnastampacattolica","article_published_time":"2007-04-04T22:00:00+00:00","article_modified_time":"2016-06-15T14:07:57+00:00","og_image":[{"width":259,"height":194,"url":"https:\/\/www.rassegnastampa-totustuus.it\/cattolica\/wp-content\/uploads\/2007\/04\/Martini.jpg","type":"image\/jpeg"}],"author":"Redazione","twitter_card":"summary_large_image","twitter_creator":"@rassegnastampa9","twitter_site":"@rassegnastampa9","twitter_misc":{"Scritto da":"Redazione","Tempo di lettura stimato":"3 minuti"},"schema":{"@context":"https:\/\/schema.org","@graph":[{"@type":"Article","@id":"https:\/\/www.rassegnastampa-totustuus.it\/cattolica\/un-errore-parlare-di-derby-con-benedetto\/#article","isPartOf":{"@id":"https:\/\/www.rassegnastampa-totustuus.it\/cattolica\/un-errore-parlare-di-derby-con-benedetto\/"},"author":{"name":"Redazione","@id":"https:\/\/www.rassegnastampa-totustuus.it\/cattolica\/#\/schema\/person\/08f319d2bd1a0904ad9e2bfb7b15e5c3"},"headline":"Un errore parlare di derby con Benedetto","datePublished":"2007-04-04T22:00:00+00:00","dateModified":"2016-06-15T14:07:57+00:00","mainEntityOfPage":{"@id":"https:\/\/www.rassegnastampa-totustuus.it\/cattolica\/un-errore-parlare-di-derby-con-benedetto\/"},"wordCount":659,"publisher":{"@id":"https:\/\/www.rassegnastampa-totustuus.it\/cattolica\/#organization"},"image":{"@id":"https:\/\/www.rassegnastampa-totustuus.it\/cattolica\/un-errore-parlare-di-derby-con-benedetto\/#primaryimage"},"thumbnailUrl":"https:\/\/www.rassegnastampa-totustuus.it\/cattolica\/wp-content\/uploads\/2007\/04\/Martini.jpg","keywords":["Carlo Maria Martini"],"articleSection":["Benedetto XVI","Chiesa"],"inLanguage":"it-IT"},{"@type":"WebPage","@id":"https:\/\/www.rassegnastampa-totustuus.it\/cattolica\/un-errore-parlare-di-derby-con-benedetto\/","url":"https:\/\/www.rassegnastampa-totustuus.it\/cattolica\/un-errore-parlare-di-derby-con-benedetto\/","name":"Un errore parlare di derby con Benedetto - Rassegna Stampa Cattolica","isPartOf":{"@id":"https:\/\/www.rassegnastampa-totustuus.it\/cattolica\/#website"},"primaryImageOfPage":{"@id":"https:\/\/www.rassegnastampa-totustuus.it\/cattolica\/un-errore-parlare-di-derby-con-benedetto\/#primaryimage"},"image":{"@id":"https:\/\/www.rassegnastampa-totustuus.it\/cattolica\/un-errore-parlare-di-derby-con-benedetto\/#primaryimage"},"thumbnailUrl":"https:\/\/www.rassegnastampa-totustuus.it\/cattolica\/wp-content\/uploads\/2007\/04\/Martini.jpg","datePublished":"2007-04-04T22:00:00+00:00","dateModified":"2016-06-15T14:07:57+00:00","description":"Rassegna Stampa Cattolica - Per una cultura che nasce dalla Rivelazione cristiana in conformit\u00e0 alla tradizione e al Magistero della Chiesa in opposizione ad ogni relativismo e totalitarismo","breadcrumb":{"@id":"https:\/\/www.rassegnastampa-totustuus.it\/cattolica\/un-errore-parlare-di-derby-con-benedetto\/#breadcrumb"},"inLanguage":"it-IT","potentialAction":[{"@type":"ReadAction","target":["https:\/\/www.rassegnastampa-totustuus.it\/cattolica\/un-errore-parlare-di-derby-con-benedetto\/"]}]},{"@type":"ImageObject","inLanguage":"it-IT","@id":"https:\/\/www.rassegnastampa-totustuus.it\/cattolica\/un-errore-parlare-di-derby-con-benedetto\/#primaryimage","url":"https:\/\/www.rassegnastampa-totustuus.it\/cattolica\/wp-content\/uploads\/2007\/04\/Martini.jpg","contentUrl":"https:\/\/www.rassegnastampa-totustuus.it\/cattolica\/wp-content\/uploads\/2007\/04\/Martini.jpg","width":259,"height":194},{"@type":"BreadcrumbList","@id":"https:\/\/www.rassegnastampa-totustuus.it\/cattolica\/un-errore-parlare-di-derby-con-benedetto\/#breadcrumb","itemListElement":[{"@type":"ListItem","position":1,"name":"Home","item":"https:\/\/www.rassegnastampa-totustuus.it\/cattolica\/"},{"@type":"ListItem","position":2,"name":"Un errore parlare di derby con Benedetto"}]},{"@type":"WebSite","@id":"https:\/\/www.rassegnastampa-totustuus.it\/cattolica\/#website","url":"https:\/\/www.rassegnastampa-totustuus.it\/cattolica\/","name":"Rassegna Stampa Cattolica","description":"Per una cultura che nasce dalla Rivelazione cristiana in conformit\u00e0 alla tradizione e al Magistero della Chiesa in opposizione ad ogni relativismo e totalitarismo","publisher":{"@id":"https:\/\/www.rassegnastampa-totustuus.it\/cattolica\/#organization"},"alternateName":"Rass. Cattolica","potentialAction":[{"@type":"SearchAction","target":{"@type":"EntryPoint","urlTemplate":"https:\/\/www.rassegnastampa-totustuus.it\/cattolica\/?s={search_term_string}"},"query-input":{"@type":"PropertyValueSpecification","valueRequired":true,"valueName":"search_term_string"}}],"inLanguage":"it-IT"},{"@type":"Organization","@id":"https:\/\/www.rassegnastampa-totustuus.it\/cattolica\/#organization","name":"Rassegna Stampa Cattolica","url":"https:\/\/www.rassegnastampa-totustuus.it\/cattolica\/","logo":{"@type":"ImageObject","inLanguage":"it-IT","@id":"https:\/\/www.rassegnastampa-totustuus.it\/cattolica\/#\/schema\/logo\/image\/","url":"https:\/\/www.rassegnastampa-totustuus.it\/cattolica\/wp-content\/uploads\/2014\/04\/logo-rassegna1.gif","contentUrl":"https:\/\/www.rassegnastampa-totustuus.it\/cattolica\/wp-content\/uploads\/2014\/04\/logo-rassegna1.gif","width":600,"height":163,"caption":"Rassegna Stampa Cattolica"},"image":{"@id":"https:\/\/www.rassegnastampa-totustuus.it\/cattolica\/#\/schema\/logo\/image\/"},"sameAs":["https:\/\/www.facebook.com\/rassegnastampacattolica","https:\/\/x.com\/rassegnastampa9"]},{"@type":"Person","@id":"https:\/\/www.rassegnastampa-totustuus.it\/cattolica\/#\/schema\/person\/08f319d2bd1a0904ad9e2bfb7b15e5c3","name":"Redazione","image":{"@type":"ImageObject","inLanguage":"it-IT","@id":"https:\/\/secure.gravatar.com\/avatar\/2fcdf27c78ea025fbdb44e914cc63c72249ffec9dc8aafd5c82b26240ef3f346?s=96&d=mm&r=g","url":"https:\/\/secure.gravatar.com\/avatar\/2fcdf27c78ea025fbdb44e914cc63c72249ffec9dc8aafd5c82b26240ef3f346?s=96&d=mm&r=g","contentUrl":"https:\/\/secure.gravatar.com\/avatar\/2fcdf27c78ea025fbdb44e914cc63c72249ffec9dc8aafd5c82b26240ef3f346?s=96&d=mm&r=g","caption":"Redazione"},"url":"https:\/\/www.rassegnastampa-totustuus.it\/cattolica\/author\/pietroelle\/"}]}},"_links":{"self":[{"href":"https:\/\/www.rassegnastampa-totustuus.it\/cattolica\/wp-json\/wp\/v2\/posts\/2573","targetHints":{"allow":["GET"]}}],"collection":[{"href":"https:\/\/www.rassegnastampa-totustuus.it\/cattolica\/wp-json\/wp\/v2\/posts"}],"about":[{"href":"https:\/\/www.rassegnastampa-totustuus.it\/cattolica\/wp-json\/wp\/v2\/types\/post"}],"author":[{"embeddable":true,"href":"https:\/\/www.rassegnastampa-totustuus.it\/cattolica\/wp-json\/wp\/v2\/users\/6"}],"replies":[{"embeddable":true,"href":"https:\/\/www.rassegnastampa-totustuus.it\/cattolica\/wp-json\/wp\/v2\/comments?post=2573"}],"version-history":[{"count":4,"href":"https:\/\/www.rassegnastampa-totustuus.it\/cattolica\/wp-json\/wp\/v2\/posts\/2573\/revisions"}],"predecessor-version":[{"id":34917,"href":"https:\/\/www.rassegnastampa-totustuus.it\/cattolica\/wp-json\/wp\/v2\/posts\/2573\/revisions\/34917"}],"wp:featuredmedia":[{"embeddable":true,"href":"https:\/\/www.rassegnastampa-totustuus.it\/cattolica\/wp-json\/wp\/v2\/media\/34916"}],"wp:attachment":[{"href":"https:\/\/www.rassegnastampa-totustuus.it\/cattolica\/wp-json\/wp\/v2\/media?parent=2573"}],"wp:term":[{"taxonomy":"category","embeddable":true,"href":"https:\/\/www.rassegnastampa-totustuus.it\/cattolica\/wp-json\/wp\/v2\/categories?post=2573"},{"taxonomy":"post_tag","embeddable":true,"href":"https:\/\/www.rassegnastampa-totustuus.it\/cattolica\/wp-json\/wp\/v2\/tags?post=2573"}],"curies":[{"name":"wp","href":"https:\/\/api.w.org\/{rel}","templated":true}]}}