{"id":25661,"date":"2015-06-11T00:00:45","date_gmt":"2015-06-10T22:00:45","guid":{"rendered":"http:\/\/www.rassegnastampa-totustuus.it\/cattolica\/?p=25661"},"modified":"2015-06-09T08:22:24","modified_gmt":"2015-06-09T06:22:24","slug":"adozioni-per-i-gay-tutte-le-trappole-della-cirinna","status":"publish","type":"post","link":"https:\/\/www.rassegnastampa-totustuus.it\/cattolica\/adozioni-per-i-gay-tutte-le-trappole-della-cirinna\/","title":{"rendered":"Adozioni per i gay: tutte le trappole della Cirinn\u00e0"},"content":{"rendered":"<p style=\"text-align: center;\"><strong><a href=\"https:\/\/www.rassegnastampa-totustuus.it\/cattolica\/wp-content\/uploads\/2015\/06\/adozioni-gay.jpg\"><img loading=\"lazy\" decoding=\"async\" class=\"alignleft wp-image-25662\" src=\"https:\/\/www.rassegnastampa-totustuus.it\/cattolica\/wp-content\/uploads\/2015\/06\/adozioni-gay.jpg\" alt=\"adozioni gay\" width=\"250\" height=\"156\" \/><\/a>La nuova Bussola Quotidiana<\/strong> 8 giugno 2015<\/p>\n<p style=\"text-align: center;\">di <strong>Massimo Introvigne<\/strong><\/p>\n<p style=\"text-align: justify;\">I sondaggi dimostrano che la grande maggioranza degli italiani \u2013 tra il settanta e l\u2019ottanta per cento, a seconda di chi \u00e8 il sondaggista e come si pone la domanda \u2013 \u00e8 contraria alle adozioni da parte di coppie omosessuali. Il presidente Renzi e la senatrice Cirinn\u00e0 \u2013 cui qualche volta fanno eco esponenti, evidentemente male informati, dell\u2019opposizione politica e dello stesso clero cattolico \u2013 affermano di avere ben presente questa opposizione degli italiani alle adozioni omosessuali.<\/p>\n<p style=\"text-align: justify;\"><!--more--><\/p>\n<p style=\"text-align: justify;\">\u00abInfatti\u00bb, assicurano, \u00abnoi in Italia faremo qualche cosa di diverso: unioni civili, ma senza adozioni\u00bb. Questa affermazione, molto semplicemente, \u00e8 falsa. Lo \u00e8 per due ragioni. La prima \u00e8 che nel disegno di legge Cirinn\u00e0 le adozioni ci sono. Il disegno di legge \u00e8 passato attraverso successive redazioni. L\u2019ultima recita all\u2019articolo 5: \u00abAll&#8217;articolo 44 lettera b) della legge 4 maggio 1983, n. 184 dopo la parola \u201cconiuge\u201d sono inserite le parole \u201cdalla parte dell&#8217;unione civile tra persone dello stesso sesso\u201d\u00bb.<\/p>\n<p style=\"text-align: justify;\">Si tratta della tipica norma che molti tendono a non leggere con attenzione, perch\u00e9 per intenderne il senso occorre appunto risalire alla legge 4 maggio 1983 n. 184. Questa legge, all\u2019articolo 44 lettera b), recita che un minore in Italia pu\u00f2 essere adottato \u00abdal coniuge nel caso in cui il minore sia figlio anche adottivo dell&#8217;altro coniuge\u00bb. Come modificata dal ddl Cirinn\u00e0, la norma dunque prevedrebbe che un bambino pu\u00f2 essere adottato \u00abdal coniuge o dalla parte dell&#8217;unione civile tra persone dello stesso sesso nel caso in cui il minore sia figlio anche adottivo dell&#8217;altro coniuge o della parte dell&#8217;unione civile tra persone dello stesso sesso\u00bb.<\/p>\n<p style=\"text-align: justify;\">Si tratta della cosiddetta <em>stepchild adoption<\/em>. Cio\u00e8 il \u201ccivilunito\u201d omosessuale pu\u00f2 adottare il figlio, biologico e adottivo, della persona omosessuale \u201ccivilunita\u201d con lui. Esempio pratico: il signor Rossi e il signor Bianchi, omosessuali, stipulano un\u2019unione civile ai sensi della legge Cirinn\u00e0. Il signor Rossi si reca in India, dove acquista un bambino attraverso la nota pratica dell\u2019utero in affitto: cio\u00e8 con l\u2019inseminazione artificiale utilizza il suo seme per fecondare l\u2019ovulo di una donna indiana che poi viene impiantato nella stessa povera donna \u2013 o in un\u2019altra \u2013 la quale porta a termine, per quattro soldi, la gravidanza.<\/p>\n<p style=\"text-align: justify;\">Rossi torna in Italia con un bambino: che \u00e8 biologicamente suo figlio, perch\u00e9 il seme era il suo. A questo punto Bianchi potr\u00e0 adottare il bambino, che avr\u00e0 dunque legalmente due pap\u00e0 e nessuna mamma. Se poi Rossi non riuscisse per un qualunque motivo a procurarsi un figlio biologico, dovrebbe seguire una strada pi\u00f9 complicata: ma anche qui l\u2019adozione omosessuale sarebbe assicurata. Infatti, una nota sentenza del Tribunale dei Minori di Bologna del 21 marzo 2013 ha stabilito che un single \u2013 non una coppia \u2013 che ha validamente adottato un bambino all\u2019estero ha diritto a vedersi riconosciuta l\u2019adozione anche in Italia.<\/p>\n<p style=\"text-align: justify;\">Dunque Rossi potrebbe recarsi in un Paese con la legge pi\u00f9 permissiva della nostra e adottare un bambino. La sua adozione estera sarebbe riconosciuta in Italia. A questo punto anche Bianchi potrebbe adottare il \u00abfiglio adottivo dell\u2019(altra) parte dell\u2019unione civile tra persone dello stesso sesso\u00bb. Il risultato non cambia: due pap\u00e0 e nessuna mamma.<\/p>\n<p style=\"text-align: justify;\">Immaginiamo per\u00f2 che \u2013 magari dopo l\u2019auspicato successo della manifestazione del 20 giugno \u2013 il presidente Renzi dichiari di non essere sordo al grido di dolore che sale dalle piazze italiane, e imponga alla senatrice Cirinn\u00e0 di eliminare dal suo disegno di legge l\u2019articolo 5. Ci sarebbero pianto e stridore di denti da parte delle organizzazioni Lgbt, e i giornali scriverebbero che \u00ab\u00e8 stata eliminata l\u2019adozione dalla legge sulle unioni civili\u00bb.<\/p>\n<p style=\"text-align: justify;\">Si pu\u00f2 facilmente prevedere, senza sfera di cristallo, che anche qualche esponente del centro-destra e qualche ecclesiastico canterebbero vittoria e sosterrebbero gioiosamente la Cirinn\u00e0 riveduta e corretta \u00absenza adozioni\u00bb. E cadrebbero \u2013 alcuni in buona fede, altri meno \u2013 in un secondo trappolone peggiore del primo. Infatti, si devono fare i conti non solo con i testi di legge ma anche con i giudici. Italiani ed europei.<\/p>\n<p style=\"text-align: justify;\">L\u2019Italia ha ratificato la Convenzione Europea dei Diritti dell\u2019Uomo, che \u00e8 interpretata dalla Corte Europea dei Diritti Umani (Cedu) di Strasburgo. Orbene, la Cedu ha chiaramente stabilito che nessun Paese che ha ratificato la Convenzione \u00e8 obbligato a introdurre nel proprio ordinamento il \u00abmatrimonio\u00bb omosessuale o forme di unione civile sostanzialmente uguali al matrimonio. Se per\u00f2 le introduce, non pu\u00f2 poi discriminare i \u201cciviluniti\u201d omosessuali rispetto alle coppie formate da un uomo e da una donna escludendo i primi dalle adozioni.<\/p>\n<p style=\"text-align: justify;\">C\u2019\u00e8 una sequenza coerente di decisioni europee, ma quella decisiva \u00e8 \u00abX e altri contro Austria\u00bb del 19 febbraio 2013. \u00c8 decisiva perch\u00e9 in Austria non c\u2019\u00e8 il \u00abmatrimonio\u00bb omosessuale. Ci sono le unioni civili, come ci sarebbero con la Cirinn\u00e0. Bene (o male): la Cedu ha stabilito che, una volta introdotte le unioni civili, il diritto di un Paese che ha ratificato la Convenzione Europea sui Diritti dell\u2019Uomo non pu\u00f2 \u00abmancare di coerenza\u00bb e introdurre una \u00abdisparit\u00e0 di trattamento\u00bb quanto alle adozioni fra coppie omosessuali \u201ccivilunite\u201d e coppie formate da un uomo e da una donna.<\/p>\n<p style=\"text-align: justify;\">Vale la pena di leggere come la Cedu ha ricostruito la vicenda austriaca, perch\u00e9 il passaggio \u00e8 decisivo per l\u2019Italia: \u00abEntrata in vigore il 10 gennaio 2010, la legge [austriaca] sulle unioni registrate offre alle coppie omosessuali la possibilit\u00e0 di contrarre un\u2019unione registrata [\u2026]. Le norme che disciplinano l\u2019unione registrata, i suoi effetti e il suo scioglimento sono simili a quelle che disciplinano il matrimonio\u00bb.<\/p>\n<p style=\"text-align: justify;\">Nonostante questo, le coppie omosessuali \u00abcivilunite\u00bb sono escluse dall\u2019adozione, che \u00e8 invece permessa alle coppie costituite da un uomo e da una donna. Questa differenza costituisce una violazione del principio di non discriminazione, vietata dalla Convenzione europea. Dopo la sentenza di Strasburgo, l\u2019Austria ha dovuto adeguarsi, nonostante le resistenze dell\u2019opinione pubblica, introducendo prima la stepchild adoption e poi l\u2019adozione senza limite alcuno.<\/p>\n<p style=\"text-align: justify;\">Questo perch\u00e9, se le norme sull\u2019unione civile sono \u00absimili a quelle che disciplinano il matrimonio\u00bb, escludere l\u2019adozione \u00e8 considerata dalla Cedu una \u00abmancanza di coerenza\u00bb di natura discriminatoria. In Italia con la Cirinn\u00e0 non si adotterebbero solo norme \u00absimili a quelle che disciplinano il matrimonio\u00bb. Si adotterebbero norme identiche. Non lo dicono oppositori \u201comofobi\u201d della Cirinn\u00e0, ma il suo principale ispiratore, il sottosegretario Scalfarotto, che in una intervista a Repubblica del 16 ottobre 2014 ha affermato: \u00abL\u2019unione civile non \u00e8 un matrimonio pi\u00f9 basso, ma la stessa cosa. Con un altro nome per una questione di realpolitik\u00bb.<\/p>\n<p style=\"text-align: justify;\">Se dunque l\u2019unione civile all\u2019italiana \u00e8 la \u201cstessa cosa\u201d del matrimonio non pu\u00f2 escludere le adozioni. Non si tratta di opinioni. Nell\u2019attuale testo della Cirinn\u00e0 le adozioni ci sono. Se anche qualcuno le togliesse, le reintrodurrebbero i giudici sulla base della giurisprudenza europea, non dopo anni o mesi ma dopo settimane.<\/p>\n<p style=\"text-align: justify;\">Chi promette \u00able unioni civili senza adozioni\u00bb promette una cosa giuridicamente impossibile. Le unioni civili senza adozioni sono un circolo quadrato. Non volete le adozioni? Votate contro le unioni civili. Il resto \u00e8 soltanto chiacchiera.<\/p>\n","protected":false},"excerpt":{"rendered":"<p>La nuova Bussola Quotidiana 8 giugno 2015 di Massimo Introvigne I sondaggi dimostrano che la grande maggioranza degli italiani \u2013 tra il settanta e l\u2019ottanta per cento, a seconda di chi \u00e8 il sondaggista e come si pone la domanda \u2013 \u00e8 contraria alle adozioni da parte di coppie omosessuali. Il presidente Renzi e la &hellip; <\/p>\n<p><a class=\"more-link btn\" href=\"https:\/\/www.rassegnastampa-totustuus.it\/cattolica\/adozioni-per-i-gay-tutte-le-trappole-della-cirinna\/\">Continua a leggere<\/a><\/p>\n","protected":false},"author":6,"featured_media":25662,"comment_status":"closed","ping_status":"closed","sticky":false,"template":"","format":"standard","meta":{"footnotes":""},"categories":[48],"tags":[602,2208,197],"class_list":["post-25661","post","type-post","status-publish","format-standard","has-post-thumbnail","hentry","category-omosessualit","tag-adozioni-gay","tag-legge-cirinna","tag-matrimoni-gay","item-wrap"],"yoast_head":"<!-- This site is optimized with the Yoast SEO plugin v27.5 - https:\/\/yoast.com\/product\/yoast-seo-wordpress\/ -->\n<title>Adozioni per i gay: tutte le trappole della Cirinn\u00e0 - Rassegna Stampa Cattolica<\/title>\n<meta name=\"description\" content=\"Rassegna Stampa Cattolica - Per una cultura che nasce dalla Rivelazione cristiana in conformit\u00e0 alla tradizione e al Magistero della Chiesa in opposizione ad ogni relativismo e totalitarismo\" \/>\n<meta name=\"robots\" content=\"index, follow, max-snippet:-1, max-image-preview:large, max-video-preview:-1\" \/>\n<link rel=\"canonical\" href=\"https:\/\/www.rassegnastampa-totustuus.it\/cattolica\/adozioni-per-i-gay-tutte-le-trappole-della-cirinna\/\" \/>\n<meta property=\"og:locale\" content=\"it_IT\" \/>\n<meta property=\"og:type\" content=\"article\" \/>\n<meta property=\"og:title\" content=\"Adozioni per i gay: tutte le trappole della Cirinn\u00e0 - Rassegna Stampa Cattolica\" \/>\n<meta property=\"og:description\" content=\"Rassegna Stampa Cattolica - Per una cultura che nasce dalla Rivelazione cristiana in conformit\u00e0 alla tradizione e al Magistero della Chiesa in opposizione ad ogni relativismo e totalitarismo\" \/>\n<meta property=\"og:url\" content=\"https:\/\/www.rassegnastampa-totustuus.it\/cattolica\/adozioni-per-i-gay-tutte-le-trappole-della-cirinna\/\" \/>\n<meta property=\"og:site_name\" content=\"Rassegna Stampa Cattolica\" \/>\n<meta property=\"article:publisher\" content=\"https:\/\/www.facebook.com\/rassegnastampacattolica\" \/>\n<meta property=\"article:published_time\" content=\"2015-06-10T22:00:45+00:00\" \/>\n<meta property=\"og:image\" content=\"https:\/\/www.rassegnastampa-totustuus.it\/cattolica\/wp-content\/uploads\/2015\/06\/adozioni-gay.jpg\" \/>\n\t<meta property=\"og:image:width\" content=\"284\" \/>\n\t<meta property=\"og:image:height\" content=\"177\" \/>\n\t<meta property=\"og:image:type\" content=\"image\/jpeg\" \/>\n<meta name=\"author\" content=\"Redazione\" \/>\n<meta name=\"twitter:card\" content=\"summary_large_image\" \/>\n<meta name=\"twitter:creator\" content=\"@rassegnastampa9\" \/>\n<meta name=\"twitter:site\" content=\"@rassegnastampa9\" \/>\n<meta name=\"twitter:label1\" content=\"Scritto da\" \/>\n\t<meta name=\"twitter:data1\" content=\"Redazione\" \/>\n\t<meta name=\"twitter:label2\" content=\"Tempo di lettura stimato\" \/>\n\t<meta name=\"twitter:data2\" content=\"6 minuti\" \/>\n<script type=\"application\/ld+json\" class=\"yoast-schema-graph\">{\"@context\":\"https:\\\/\\\/schema.org\",\"@graph\":[{\"@type\":\"Article\",\"@id\":\"https:\\\/\\\/www.rassegnastampa-totustuus.it\\\/cattolica\\\/adozioni-per-i-gay-tutte-le-trappole-della-cirinna\\\/#article\",\"isPartOf\":{\"@id\":\"https:\\\/\\\/www.rassegnastampa-totustuus.it\\\/cattolica\\\/adozioni-per-i-gay-tutte-le-trappole-della-cirinna\\\/\"},\"author\":{\"name\":\"Redazione\",\"@id\":\"https:\\\/\\\/www.rassegnastampa-totustuus.it\\\/cattolica\\\/#\\\/schema\\\/person\\\/08f319d2bd1a0904ad9e2bfb7b15e5c3\"},\"headline\":\"Adozioni per i gay: tutte le trappole della Cirinn\u00e0\",\"datePublished\":\"2015-06-10T22:00:45+00:00\",\"mainEntityOfPage\":{\"@id\":\"https:\\\/\\\/www.rassegnastampa-totustuus.it\\\/cattolica\\\/adozioni-per-i-gay-tutte-le-trappole-della-cirinna\\\/\"},\"wordCount\":1149,\"publisher\":{\"@id\":\"https:\\\/\\\/www.rassegnastampa-totustuus.it\\\/cattolica\\\/#organization\"},\"image\":{\"@id\":\"https:\\\/\\\/www.rassegnastampa-totustuus.it\\\/cattolica\\\/adozioni-per-i-gay-tutte-le-trappole-della-cirinna\\\/#primaryimage\"},\"thumbnailUrl\":\"https:\\\/\\\/www.rassegnastampa-totustuus.it\\\/cattolica\\\/wp-content\\\/uploads\\\/2015\\\/06\\\/adozioni-gay.jpg\",\"keywords\":[\"adozioni gay\",\"legge Cirinn\u00e0\",\"matrimoni gay\"],\"articleSection\":[\"Omosessualit&agrave;\"],\"inLanguage\":\"it-IT\"},{\"@type\":\"WebPage\",\"@id\":\"https:\\\/\\\/www.rassegnastampa-totustuus.it\\\/cattolica\\\/adozioni-per-i-gay-tutte-le-trappole-della-cirinna\\\/\",\"url\":\"https:\\\/\\\/www.rassegnastampa-totustuus.it\\\/cattolica\\\/adozioni-per-i-gay-tutte-le-trappole-della-cirinna\\\/\",\"name\":\"Adozioni per i gay: tutte le trappole della Cirinn\u00e0 - Rassegna Stampa Cattolica\",\"isPartOf\":{\"@id\":\"https:\\\/\\\/www.rassegnastampa-totustuus.it\\\/cattolica\\\/#website\"},\"primaryImageOfPage\":{\"@id\":\"https:\\\/\\\/www.rassegnastampa-totustuus.it\\\/cattolica\\\/adozioni-per-i-gay-tutte-le-trappole-della-cirinna\\\/#primaryimage\"},\"image\":{\"@id\":\"https:\\\/\\\/www.rassegnastampa-totustuus.it\\\/cattolica\\\/adozioni-per-i-gay-tutte-le-trappole-della-cirinna\\\/#primaryimage\"},\"thumbnailUrl\":\"https:\\\/\\\/www.rassegnastampa-totustuus.it\\\/cattolica\\\/wp-content\\\/uploads\\\/2015\\\/06\\\/adozioni-gay.jpg\",\"datePublished\":\"2015-06-10T22:00:45+00:00\",\"description\":\"Rassegna Stampa Cattolica - Per una cultura che nasce dalla Rivelazione cristiana in conformit\u00e0 alla tradizione e al Magistero della Chiesa in opposizione ad ogni relativismo e totalitarismo\",\"breadcrumb\":{\"@id\":\"https:\\\/\\\/www.rassegnastampa-totustuus.it\\\/cattolica\\\/adozioni-per-i-gay-tutte-le-trappole-della-cirinna\\\/#breadcrumb\"},\"inLanguage\":\"it-IT\",\"potentialAction\":[{\"@type\":\"ReadAction\",\"target\":[\"https:\\\/\\\/www.rassegnastampa-totustuus.it\\\/cattolica\\\/adozioni-per-i-gay-tutte-le-trappole-della-cirinna\\\/\"]}]},{\"@type\":\"ImageObject\",\"inLanguage\":\"it-IT\",\"@id\":\"https:\\\/\\\/www.rassegnastampa-totustuus.it\\\/cattolica\\\/adozioni-per-i-gay-tutte-le-trappole-della-cirinna\\\/#primaryimage\",\"url\":\"https:\\\/\\\/www.rassegnastampa-totustuus.it\\\/cattolica\\\/wp-content\\\/uploads\\\/2015\\\/06\\\/adozioni-gay.jpg\",\"contentUrl\":\"https:\\\/\\\/www.rassegnastampa-totustuus.it\\\/cattolica\\\/wp-content\\\/uploads\\\/2015\\\/06\\\/adozioni-gay.jpg\",\"width\":284,\"height\":177},{\"@type\":\"BreadcrumbList\",\"@id\":\"https:\\\/\\\/www.rassegnastampa-totustuus.it\\\/cattolica\\\/adozioni-per-i-gay-tutte-le-trappole-della-cirinna\\\/#breadcrumb\",\"itemListElement\":[{\"@type\":\"ListItem\",\"position\":1,\"name\":\"Home\",\"item\":\"https:\\\/\\\/www.rassegnastampa-totustuus.it\\\/cattolica\\\/\"},{\"@type\":\"ListItem\",\"position\":2,\"name\":\"Adozioni per i gay: tutte le trappole della Cirinn\u00e0\"}]},{\"@type\":\"WebSite\",\"@id\":\"https:\\\/\\\/www.rassegnastampa-totustuus.it\\\/cattolica\\\/#website\",\"url\":\"https:\\\/\\\/www.rassegnastampa-totustuus.it\\\/cattolica\\\/\",\"name\":\"Rassegna Stampa Cattolica\",\"description\":\"Per una cultura che nasce dalla Rivelazione cristiana in conformit\u00e0 alla tradizione e al Magistero della Chiesa in opposizione ad ogni relativismo e totalitarismo\",\"publisher\":{\"@id\":\"https:\\\/\\\/www.rassegnastampa-totustuus.it\\\/cattolica\\\/#organization\"},\"alternateName\":\"Rass. Cattolica\",\"potentialAction\":[{\"@type\":\"SearchAction\",\"target\":{\"@type\":\"EntryPoint\",\"urlTemplate\":\"https:\\\/\\\/www.rassegnastampa-totustuus.it\\\/cattolica\\\/?s={search_term_string}\"},\"query-input\":{\"@type\":\"PropertyValueSpecification\",\"valueRequired\":true,\"valueName\":\"search_term_string\"}}],\"inLanguage\":\"it-IT\"},{\"@type\":\"Organization\",\"@id\":\"https:\\\/\\\/www.rassegnastampa-totustuus.it\\\/cattolica\\\/#organization\",\"name\":\"Rassegna Stampa Cattolica\",\"url\":\"https:\\\/\\\/www.rassegnastampa-totustuus.it\\\/cattolica\\\/\",\"logo\":{\"@type\":\"ImageObject\",\"inLanguage\":\"it-IT\",\"@id\":\"https:\\\/\\\/www.rassegnastampa-totustuus.it\\\/cattolica\\\/#\\\/schema\\\/logo\\\/image\\\/\",\"url\":\"https:\\\/\\\/www.rassegnastampa-totustuus.it\\\/cattolica\\\/wp-content\\\/uploads\\\/2014\\\/04\\\/logo-rassegna1.gif\",\"contentUrl\":\"https:\\\/\\\/www.rassegnastampa-totustuus.it\\\/cattolica\\\/wp-content\\\/uploads\\\/2014\\\/04\\\/logo-rassegna1.gif\",\"width\":600,\"height\":163,\"caption\":\"Rassegna Stampa Cattolica\"},\"image\":{\"@id\":\"https:\\\/\\\/www.rassegnastampa-totustuus.it\\\/cattolica\\\/#\\\/schema\\\/logo\\\/image\\\/\"},\"sameAs\":[\"https:\\\/\\\/www.facebook.com\\\/rassegnastampacattolica\",\"https:\\\/\\\/x.com\\\/rassegnastampa9\"]},{\"@type\":\"Person\",\"@id\":\"https:\\\/\\\/www.rassegnastampa-totustuus.it\\\/cattolica\\\/#\\\/schema\\\/person\\\/08f319d2bd1a0904ad9e2bfb7b15e5c3\",\"name\":\"Redazione\",\"image\":{\"@type\":\"ImageObject\",\"inLanguage\":\"it-IT\",\"@id\":\"https:\\\/\\\/secure.gravatar.com\\\/avatar\\\/2fcdf27c78ea025fbdb44e914cc63c72249ffec9dc8aafd5c82b26240ef3f346?s=96&d=mm&r=g\",\"url\":\"https:\\\/\\\/secure.gravatar.com\\\/avatar\\\/2fcdf27c78ea025fbdb44e914cc63c72249ffec9dc8aafd5c82b26240ef3f346?s=96&d=mm&r=g\",\"contentUrl\":\"https:\\\/\\\/secure.gravatar.com\\\/avatar\\\/2fcdf27c78ea025fbdb44e914cc63c72249ffec9dc8aafd5c82b26240ef3f346?s=96&d=mm&r=g\",\"caption\":\"Redazione\"},\"url\":\"https:\\\/\\\/www.rassegnastampa-totustuus.it\\\/cattolica\\\/author\\\/pietroelle\\\/\"}]}<\/script>\n<!-- \/ Yoast SEO plugin. -->","yoast_head_json":{"title":"Adozioni per i gay: tutte le trappole della Cirinn\u00e0 - Rassegna Stampa Cattolica","description":"Rassegna Stampa Cattolica - Per una cultura che nasce dalla Rivelazione cristiana in conformit\u00e0 alla tradizione e al Magistero della Chiesa in opposizione ad ogni relativismo e totalitarismo","robots":{"index":"index","follow":"follow","max-snippet":"max-snippet:-1","max-image-preview":"max-image-preview:large","max-video-preview":"max-video-preview:-1"},"canonical":"https:\/\/www.rassegnastampa-totustuus.it\/cattolica\/adozioni-per-i-gay-tutte-le-trappole-della-cirinna\/","og_locale":"it_IT","og_type":"article","og_title":"Adozioni per i gay: tutte le trappole della Cirinn\u00e0 - Rassegna Stampa Cattolica","og_description":"Rassegna Stampa Cattolica - Per una cultura che nasce dalla Rivelazione cristiana in conformit\u00e0 alla tradizione e al Magistero della Chiesa in opposizione ad ogni relativismo e totalitarismo","og_url":"https:\/\/www.rassegnastampa-totustuus.it\/cattolica\/adozioni-per-i-gay-tutte-le-trappole-della-cirinna\/","og_site_name":"Rassegna Stampa Cattolica","article_publisher":"https:\/\/www.facebook.com\/rassegnastampacattolica","article_published_time":"2015-06-10T22:00:45+00:00","og_image":[{"width":284,"height":177,"url":"https:\/\/www.rassegnastampa-totustuus.it\/cattolica\/wp-content\/uploads\/2015\/06\/adozioni-gay.jpg","type":"image\/jpeg"}],"author":"Redazione","twitter_card":"summary_large_image","twitter_creator":"@rassegnastampa9","twitter_site":"@rassegnastampa9","twitter_misc":{"Scritto da":"Redazione","Tempo di lettura stimato":"6 minuti"},"schema":{"@context":"https:\/\/schema.org","@graph":[{"@type":"Article","@id":"https:\/\/www.rassegnastampa-totustuus.it\/cattolica\/adozioni-per-i-gay-tutte-le-trappole-della-cirinna\/#article","isPartOf":{"@id":"https:\/\/www.rassegnastampa-totustuus.it\/cattolica\/adozioni-per-i-gay-tutte-le-trappole-della-cirinna\/"},"author":{"name":"Redazione","@id":"https:\/\/www.rassegnastampa-totustuus.it\/cattolica\/#\/schema\/person\/08f319d2bd1a0904ad9e2bfb7b15e5c3"},"headline":"Adozioni per i gay: tutte le trappole della Cirinn\u00e0","datePublished":"2015-06-10T22:00:45+00:00","mainEntityOfPage":{"@id":"https:\/\/www.rassegnastampa-totustuus.it\/cattolica\/adozioni-per-i-gay-tutte-le-trappole-della-cirinna\/"},"wordCount":1149,"publisher":{"@id":"https:\/\/www.rassegnastampa-totustuus.it\/cattolica\/#organization"},"image":{"@id":"https:\/\/www.rassegnastampa-totustuus.it\/cattolica\/adozioni-per-i-gay-tutte-le-trappole-della-cirinna\/#primaryimage"},"thumbnailUrl":"https:\/\/www.rassegnastampa-totustuus.it\/cattolica\/wp-content\/uploads\/2015\/06\/adozioni-gay.jpg","keywords":["adozioni gay","legge Cirinn\u00e0","matrimoni gay"],"articleSection":["Omosessualit&agrave;"],"inLanguage":"it-IT"},{"@type":"WebPage","@id":"https:\/\/www.rassegnastampa-totustuus.it\/cattolica\/adozioni-per-i-gay-tutte-le-trappole-della-cirinna\/","url":"https:\/\/www.rassegnastampa-totustuus.it\/cattolica\/adozioni-per-i-gay-tutte-le-trappole-della-cirinna\/","name":"Adozioni per i gay: tutte le trappole della Cirinn\u00e0 - Rassegna Stampa Cattolica","isPartOf":{"@id":"https:\/\/www.rassegnastampa-totustuus.it\/cattolica\/#website"},"primaryImageOfPage":{"@id":"https:\/\/www.rassegnastampa-totustuus.it\/cattolica\/adozioni-per-i-gay-tutte-le-trappole-della-cirinna\/#primaryimage"},"image":{"@id":"https:\/\/www.rassegnastampa-totustuus.it\/cattolica\/adozioni-per-i-gay-tutte-le-trappole-della-cirinna\/#primaryimage"},"thumbnailUrl":"https:\/\/www.rassegnastampa-totustuus.it\/cattolica\/wp-content\/uploads\/2015\/06\/adozioni-gay.jpg","datePublished":"2015-06-10T22:00:45+00:00","description":"Rassegna Stampa Cattolica - Per una cultura che nasce dalla Rivelazione cristiana in conformit\u00e0 alla tradizione e al Magistero della Chiesa in opposizione ad ogni relativismo e totalitarismo","breadcrumb":{"@id":"https:\/\/www.rassegnastampa-totustuus.it\/cattolica\/adozioni-per-i-gay-tutte-le-trappole-della-cirinna\/#breadcrumb"},"inLanguage":"it-IT","potentialAction":[{"@type":"ReadAction","target":["https:\/\/www.rassegnastampa-totustuus.it\/cattolica\/adozioni-per-i-gay-tutte-le-trappole-della-cirinna\/"]}]},{"@type":"ImageObject","inLanguage":"it-IT","@id":"https:\/\/www.rassegnastampa-totustuus.it\/cattolica\/adozioni-per-i-gay-tutte-le-trappole-della-cirinna\/#primaryimage","url":"https:\/\/www.rassegnastampa-totustuus.it\/cattolica\/wp-content\/uploads\/2015\/06\/adozioni-gay.jpg","contentUrl":"https:\/\/www.rassegnastampa-totustuus.it\/cattolica\/wp-content\/uploads\/2015\/06\/adozioni-gay.jpg","width":284,"height":177},{"@type":"BreadcrumbList","@id":"https:\/\/www.rassegnastampa-totustuus.it\/cattolica\/adozioni-per-i-gay-tutte-le-trappole-della-cirinna\/#breadcrumb","itemListElement":[{"@type":"ListItem","position":1,"name":"Home","item":"https:\/\/www.rassegnastampa-totustuus.it\/cattolica\/"},{"@type":"ListItem","position":2,"name":"Adozioni per i gay: tutte le trappole della Cirinn\u00e0"}]},{"@type":"WebSite","@id":"https:\/\/www.rassegnastampa-totustuus.it\/cattolica\/#website","url":"https:\/\/www.rassegnastampa-totustuus.it\/cattolica\/","name":"Rassegna Stampa Cattolica","description":"Per una cultura che nasce dalla Rivelazione cristiana in conformit\u00e0 alla tradizione e al Magistero della Chiesa in opposizione ad ogni relativismo e totalitarismo","publisher":{"@id":"https:\/\/www.rassegnastampa-totustuus.it\/cattolica\/#organization"},"alternateName":"Rass. Cattolica","potentialAction":[{"@type":"SearchAction","target":{"@type":"EntryPoint","urlTemplate":"https:\/\/www.rassegnastampa-totustuus.it\/cattolica\/?s={search_term_string}"},"query-input":{"@type":"PropertyValueSpecification","valueRequired":true,"valueName":"search_term_string"}}],"inLanguage":"it-IT"},{"@type":"Organization","@id":"https:\/\/www.rassegnastampa-totustuus.it\/cattolica\/#organization","name":"Rassegna Stampa Cattolica","url":"https:\/\/www.rassegnastampa-totustuus.it\/cattolica\/","logo":{"@type":"ImageObject","inLanguage":"it-IT","@id":"https:\/\/www.rassegnastampa-totustuus.it\/cattolica\/#\/schema\/logo\/image\/","url":"https:\/\/www.rassegnastampa-totustuus.it\/cattolica\/wp-content\/uploads\/2014\/04\/logo-rassegna1.gif","contentUrl":"https:\/\/www.rassegnastampa-totustuus.it\/cattolica\/wp-content\/uploads\/2014\/04\/logo-rassegna1.gif","width":600,"height":163,"caption":"Rassegna Stampa Cattolica"},"image":{"@id":"https:\/\/www.rassegnastampa-totustuus.it\/cattolica\/#\/schema\/logo\/image\/"},"sameAs":["https:\/\/www.facebook.com\/rassegnastampacattolica","https:\/\/x.com\/rassegnastampa9"]},{"@type":"Person","@id":"https:\/\/www.rassegnastampa-totustuus.it\/cattolica\/#\/schema\/person\/08f319d2bd1a0904ad9e2bfb7b15e5c3","name":"Redazione","image":{"@type":"ImageObject","inLanguage":"it-IT","@id":"https:\/\/secure.gravatar.com\/avatar\/2fcdf27c78ea025fbdb44e914cc63c72249ffec9dc8aafd5c82b26240ef3f346?s=96&d=mm&r=g","url":"https:\/\/secure.gravatar.com\/avatar\/2fcdf27c78ea025fbdb44e914cc63c72249ffec9dc8aafd5c82b26240ef3f346?s=96&d=mm&r=g","contentUrl":"https:\/\/secure.gravatar.com\/avatar\/2fcdf27c78ea025fbdb44e914cc63c72249ffec9dc8aafd5c82b26240ef3f346?s=96&d=mm&r=g","caption":"Redazione"},"url":"https:\/\/www.rassegnastampa-totustuus.it\/cattolica\/author\/pietroelle\/"}]}},"_links":{"self":[{"href":"https:\/\/www.rassegnastampa-totustuus.it\/cattolica\/wp-json\/wp\/v2\/posts\/25661","targetHints":{"allow":["GET"]}}],"collection":[{"href":"https:\/\/www.rassegnastampa-totustuus.it\/cattolica\/wp-json\/wp\/v2\/posts"}],"about":[{"href":"https:\/\/www.rassegnastampa-totustuus.it\/cattolica\/wp-json\/wp\/v2\/types\/post"}],"author":[{"embeddable":true,"href":"https:\/\/www.rassegnastampa-totustuus.it\/cattolica\/wp-json\/wp\/v2\/users\/6"}],"replies":[{"embeddable":true,"href":"https:\/\/www.rassegnastampa-totustuus.it\/cattolica\/wp-json\/wp\/v2\/comments?post=25661"}],"version-history":[{"count":1,"href":"https:\/\/www.rassegnastampa-totustuus.it\/cattolica\/wp-json\/wp\/v2\/posts\/25661\/revisions"}],"predecessor-version":[{"id":25663,"href":"https:\/\/www.rassegnastampa-totustuus.it\/cattolica\/wp-json\/wp\/v2\/posts\/25661\/revisions\/25663"}],"wp:featuredmedia":[{"embeddable":true,"href":"https:\/\/www.rassegnastampa-totustuus.it\/cattolica\/wp-json\/wp\/v2\/media\/25662"}],"wp:attachment":[{"href":"https:\/\/www.rassegnastampa-totustuus.it\/cattolica\/wp-json\/wp\/v2\/media?parent=25661"}],"wp:term":[{"taxonomy":"category","embeddable":true,"href":"https:\/\/www.rassegnastampa-totustuus.it\/cattolica\/wp-json\/wp\/v2\/categories?post=25661"},{"taxonomy":"post_tag","embeddable":true,"href":"https:\/\/www.rassegnastampa-totustuus.it\/cattolica\/wp-json\/wp\/v2\/tags?post=25661"}],"curies":[{"name":"wp","href":"https:\/\/api.w.org\/{rel}","templated":true}]}}