{"id":2555,"date":"2007-03-29T11:20:47","date_gmt":"2007-03-29T09:20:47","guid":{"rendered":""},"modified":"2016-07-04T12:27:11","modified_gmt":"2016-07-04T10:27:11","slug":"i-vescovi-italiani-si-schierano-per-la-famiglia","status":"publish","type":"post","link":"https:\/\/www.rassegnastampa-totustuus.it\/cattolica\/i-vescovi-italiani-si-schierano-per-la-famiglia\/","title":{"rendered":"I vescovi italiani si schierano per la famiglia"},"content":{"rendered":"<div style=\"text-align: center;\"><em><strong><img loading=\"lazy\" decoding=\"async\" class=\"alignright wp-image-35625\" src=\"https:\/\/www.rassegnastampa-totustuus.it\/cattolica\/wp-content\/uploads\/2007\/03\/vescovi_famiglia.jpg\" alt=\"vescovi_famiglia\" width=\"250\" height=\"177\" \/>Conferenza Episcopale Italiana<\/strong>, <\/em><\/div>\n<div style=\"text-align: center;\">28 marzo 2007<\/div>\n<p style=\"text-align: justify;\"><strong>Nota del Consiglio Episcopale Permanente a riguardo della famiglia fondata sul matrimonio e di iniziative legislative in materia di unioni di fatto<\/strong><\/p>\n<p><!--more--><\/p>\n<div style=\"text-align: justify;\">L\u2019ampio dibattito che si \u00e8 aperto intorno ai temi fondamentali della vita e della famiglia ci chiama in causa come custodi di una verit\u00e0 e di una sapienza che traggono la loro origine dal Vangelo e che continuano a produrre frutti preziosi di amore, di fedelt\u00e0 e di servizio agli altri, come testimoniano ogni giorno tante famiglie. Ci sentiamo responsabili di illuminare la coscienza dei credenti, perch\u00e9 trovino il modo migliore di incarnare la visione cristiana dell\u2019uomo e della societ\u00e0 nell\u2019impegno quotidiano, personale e sociale, e di offrire ragioni valide e condivisibili da tutti a vantaggio del bene comune.<\/div>\n<p style=\"text-align: justify;\">La Chiesa da sempre ha a cuore la famiglia e la sostiene con le sue cure e da sempre chiede che il legislatore la promuova e la difenda. Per questo, la presentazione di alcuni disegni di legge che intendono legalizzare le unioni di fatto ancora una volta \u00e8 stata oggetto di riflessione nel corso dei nostri lavori, raccogliendo la voce di numerosi Vescovi che si sono gi\u00e0 pubblicamente espressi in proposito. \u00c8 compito infatti del Consiglio Episcopale Permanente \u00abapprovare dichiarazioni o documenti concernenti problemi di speciale rilievo per la Chiesa o per la societ\u00e0 in Italia, che meritano un\u2019autorevole considerazione e valutazione anche per favorire l\u2019azione convergente dei Vescovi\u00bb (<em>Statuto C.E.I., <\/em>art. 23, b).<\/p>\n<p style=\"text-align: justify;\">Non abbiamo interessi politici da affermare; solo sentiamo il dovere di dare il nostro contributo al bene comune, sollecitati oltretutto dalle richieste di tanti cittadini che si rivolgono a noi. Siamo convinti, insieme con moltissimi altri, anche non credenti, del valore rappresentato dalla famiglia per la crescita delle persone e della societ\u00e0 intera. Ogni persona, prima di altre esperienze, \u00e8 figlio, e ogni figlio proviene da una coppia formata da un uomo e una donna. Poter avere la sicurezza dell\u2019affetto dei genitori, essere introdotti da loro nel mondo complesso della societ\u00e0, \u00e8 un patrimonio incalcolabile di sicurezza e di fiducia nella vita. E questo patrimonio \u00e8 garantito dalla famiglia fondata sul matrimonio, proprio per l\u2019impegno che essa porta con s\u00e9: impegno di fedelt\u00e0 stabile tra i coniugi e impegno di amore ed educazione dei figli.<\/p>\n<p style=\"text-align: justify;\">Anche per la societ\u00e0 l\u2019esistenza della famiglia \u00e8 una risorsa insostituibile, tutelata dalla stessa Costituzione italiana (cfr artt. 29 e 31). Anzitutto per il bene della procreazione dei figli: solo la famiglia aperta alla vita pu\u00f2 essere considerata vera cellula della societ\u00e0 perch\u00e9 garantisce la continuit\u00e0 e la cura delle generazioni. \u00c8 quindi interesse della societ\u00e0 e dello Stato che la famiglia sia solida e cresca nel modo pi\u00f9 equilibrato possibile.<\/p>\n<p style=\"text-align: justify;\">A partire da queste considerazioni, riteniamo la legalizzazione delle unioni di fatto inaccettabile sul piano di principio, pericolosa sul piano sociale ed educativo. Quale che sia l\u2019intenzione di chi propone questa scelta, l\u2019effetto sarebbe inevitabilmente deleterio per la famiglia. Si toglierebbe, infatti, al patto matrimoniale la sua unicit\u00e0, che sola giustifica i diritti che sono propri dei coniugi e che appartengono soltanto a loro. Del resto, la storia insegna che ogni legge crea mentalit\u00e0 e costume.<\/p>\n<p style=\"text-align: justify;\">Un problema ancor pi\u00f9 grave sarebbe rappresentato dalla legalizzazione delle unioni di persone dello stesso sesso, perch\u00e9, in questo caso, si negherebbe la differenza sessuale, che \u00e8 insuperabile.<\/p>\n<p style=\"text-align: justify;\">Queste riflessioni non pregiudicano il riconoscimento della dignit\u00e0 di ogni persona; a tutti confermiamo il nostro rispetto e la nostra sollecitudine pastorale. Vogliamo per\u00f2 ricordare che il diritto non esiste allo scopo di dare forma giuridica a qualsiasi tipo di convivenza o di fornire riconoscimenti ideologici: ha invece il fine di garantire risposte pubbliche a esigenze sociali che vanno al di l\u00e0 della dimensione privata dell\u2019esistenza.<\/p>\n<p style=\"text-align: justify;\">Siamo consapevoli che ci sono situazioni concrete nelle quali possono essere utili garanzie e tutele giuridiche per la persona che convive. A questa attenzione non siamo per principio contrari. Siamo per\u00f2 convinti che questo obiettivo sia perseguibile nell\u2019ambito dei diritti individuali, senza ipotizzare una nuova figura giuridica che sarebbe alternativa al matrimonio e alla famiglia e produrrebbe pi\u00f9 guasti di quelli che vorrebbe sanare.<\/p>\n<p style=\"text-align: justify;\">Una parola impegnativa ci sentiamo di rivolgere specialmente ai cattolici che operano in ambito politico. Lo facciamo con l\u2019insegnamento del Papa nella sua recente Esortazione apostolica post-sinodale <em>Sacramentum Caritatis<\/em>: \u00abi politici e i legislatori cattolici, consapevoli della loro grave responsabilit\u00e0 sociale, devono sentirsi particolarmente interpellati dalla loro coscienza, rettamente formata, a presentare e sostenere leggi ispirate ai valori fondati nella natura umana\u00bb, tra i quali rientra \u00abla famiglia fondata sul matrimonio tra uomo e donna\u00bb (n. 83). \u00abI Vescovi \u2013 continua il Santo Padre \u2013 sono tenuti a richiamare costantemente tali valori; ci\u00f2 fa parte della loro responsabilit\u00e0 nei confronti del gregge loro affidato\u00bb (<em>ivi<\/em>). Sarebbe quindi incoerente quel cristiano che sostenesse la legalizzazione delle unioni di fatto.<\/p>\n<p style=\"text-align: justify;\">In particolare ricordiamo l\u2019affermazione precisa della Congregazione per la Dottrina della Fede, secondo cui, nel caso di \u00abun progetto di legge favorevole al riconoscimento legale delle unioni omosessuali, il parlamentare cattolico ha il dovere morale di esprimere chiaramente e pubblicamente il suo disaccordo e votare contro il progetto di legge\u00bb (<em>Considerazioni della Congregazione per la Dottrina della Fede circa i progetti di riconoscimento legale delle unioni tra persone omosessuali<\/em>, 3 giugno 2003, n. 10).<\/p>\n<p style=\"text-align: justify;\">Il fedele cristiano \u00e8 tenuto a formare la propria coscienza confrontandosi seriamente con l\u2019insegnamento del Magistero e pertanto non \u00abpu\u00f2 appellarsi al principio del pluralismo e dell\u2019autonomia dei laici in politica, favorendo soluzioni che compromettano o che attenuino la salvaguardia delle esigenze etiche fondamentali per il bene comune della societ\u00e0\u00bb (<em>Nota<\/em> <em>dottrinale della Congregazione per la Dottrina della Fede<\/em> <em>circa<\/em> <em>alcune<\/em> <em>questioni<\/em> <em>riguardanti<\/em> <em>l\u2019impegno<\/em> <em>e<\/em> <em>il<\/em> <em>comportamento<\/em> <em>dei<\/em> <em>cattolici<\/em> <em>nella<\/em> <em>vita<\/em> <em>politica,<\/em> 24 novembre 2002, n. 5).<\/p>\n<p style=\"text-align: justify;\">Comprendiamo la fatica e le tensioni sperimentate dai cattolici impegnati in politica in un contesto culturale come quello attuale, nel quale la visione autenticamente umana della persona \u00e8 contestata in modo radicale. Ma \u00e8 anche per questo che i cristiani sono chiamati a impegnarsi in politica.<\/p>\n<p style=\"text-align: justify;\">Affidiamo queste riflessioni alla coscienza di tutti e in particolare a quanti hanno la responsabilit\u00e0 di fare le leggi, affinch\u00e9 si interroghino sulle scelte coerenti da compiere e sulle conseguenze future delle loro decisioni. Questa Nota rientra nella sollecitudine pastorale che l\u2019intera comunit\u00e0 cristiana \u00e8 chiamata quotidianamente ad esprimere verso le persone e le famiglie e che nasce dall\u2019amore di Cristo per tutti i nostri fratelli in umanit\u00e0.<\/p>\n<p style=\"text-align: justify;\">Roma, 28 marzo 2007<\/p>\n<div align=\"justify\"><em>I Vescovi del Consiglio Permanente della C.E.I.<\/em><\/div>\n","protected":false},"excerpt":{"rendered":"<p>Conferenza Episcopale Italiana, 28 marzo 2007 Nota del Consiglio Episcopale Permanente a riguardo della famiglia fondata sul matrimonio e di iniziative legislative in materia di unioni di fatto<\/p><p><a class=\"more-link btn\" href=\"https:\/\/www.rassegnastampa-totustuus.it\/cattolica\/i-vescovi-italiani-si-schierano-per-la-famiglia\/\">Continua a leggere<\/a><\/p>\n","protected":false},"author":6,"featured_media":35625,"comment_status":"closed","ping_status":"open","sticky":false,"template":"","format":"standard","meta":{"footnotes":""},"categories":[5,15],"tags":[156,377],"class_list":["post-2555","post","type-post","status-publish","format-standard","has-post-thumbnail","hentry","category-chiesa","category-famiglia","tag-famiglia-2","tag-unioni-di-fatto","item-wrap"],"yoast_head":"<!-- This site is optimized with the Yoast SEO plugin v27.5 - https:\/\/yoast.com\/product\/yoast-seo-wordpress\/ -->\n<title>I vescovi italiani si schierano per la famiglia - Rassegna Stampa Cattolica<\/title>\n<meta name=\"description\" content=\"Rassegna Stampa Cattolica - Per una cultura che nasce dalla Rivelazione cristiana in conformit\u00e0 alla tradizione e al Magistero della Chiesa in opposizione ad ogni relativismo e totalitarismo\" \/>\n<meta name=\"robots\" content=\"index, follow, max-snippet:-1, max-image-preview:large, max-video-preview:-1\" \/>\n<link rel=\"canonical\" href=\"https:\/\/www.rassegnastampa-totustuus.it\/cattolica\/i-vescovi-italiani-si-schierano-per-la-famiglia\/\" \/>\n<meta property=\"og:locale\" content=\"it_IT\" \/>\n<meta property=\"og:type\" content=\"article\" \/>\n<meta property=\"og:title\" content=\"I vescovi italiani si schierano per la famiglia - Rassegna Stampa Cattolica\" \/>\n<meta property=\"og:description\" content=\"Rassegna Stampa Cattolica - Per una cultura che nasce dalla Rivelazione cristiana in conformit\u00e0 alla tradizione e al Magistero della Chiesa in opposizione ad ogni relativismo e totalitarismo\" \/>\n<meta property=\"og:url\" content=\"https:\/\/www.rassegnastampa-totustuus.it\/cattolica\/i-vescovi-italiani-si-schierano-per-la-famiglia\/\" \/>\n<meta property=\"og:site_name\" content=\"Rassegna Stampa Cattolica\" \/>\n<meta property=\"article:publisher\" content=\"https:\/\/www.facebook.com\/rassegnastampacattolica\" \/>\n<meta property=\"article:published_time\" content=\"2007-03-29T09:20:47+00:00\" \/>\n<meta property=\"article:modified_time\" content=\"2016-07-04T10:27:11+00:00\" \/>\n<meta property=\"og:image\" content=\"https:\/\/www.rassegnastampa-totustuus.it\/cattolica\/wp-content\/uploads\/2007\/03\/vescovi_famiglia.jpg\" \/>\n\t<meta property=\"og:image:width\" content=\"267\" \/>\n\t<meta property=\"og:image:height\" content=\"189\" \/>\n\t<meta property=\"og:image:type\" content=\"image\/jpeg\" \/>\n<meta name=\"author\" content=\"Redazione\" \/>\n<meta name=\"twitter:card\" content=\"summary_large_image\" \/>\n<meta name=\"twitter:creator\" content=\"@rassegnastampa9\" \/>\n<meta name=\"twitter:site\" content=\"@rassegnastampa9\" \/>\n<meta name=\"twitter:label1\" content=\"Scritto da\" \/>\n\t<meta name=\"twitter:data1\" content=\"Redazione\" \/>\n\t<meta name=\"twitter:label2\" content=\"Tempo di lettura stimato\" \/>\n\t<meta name=\"twitter:data2\" content=\"5 minuti\" \/>\n<script type=\"application\/ld+json\" class=\"yoast-schema-graph\">{\"@context\":\"https:\\\/\\\/schema.org\",\"@graph\":[{\"@type\":\"Article\",\"@id\":\"https:\\\/\\\/www.rassegnastampa-totustuus.it\\\/cattolica\\\/i-vescovi-italiani-si-schierano-per-la-famiglia\\\/#article\",\"isPartOf\":{\"@id\":\"https:\\\/\\\/www.rassegnastampa-totustuus.it\\\/cattolica\\\/i-vescovi-italiani-si-schierano-per-la-famiglia\\\/\"},\"author\":{\"name\":\"Redazione\",\"@id\":\"https:\\\/\\\/www.rassegnastampa-totustuus.it\\\/cattolica\\\/#\\\/schema\\\/person\\\/08f319d2bd1a0904ad9e2bfb7b15e5c3\"},\"headline\":\"I vescovi italiani si schierano per la famiglia\",\"datePublished\":\"2007-03-29T09:20:47+00:00\",\"dateModified\":\"2016-07-04T10:27:11+00:00\",\"mainEntityOfPage\":{\"@id\":\"https:\\\/\\\/www.rassegnastampa-totustuus.it\\\/cattolica\\\/i-vescovi-italiani-si-schierano-per-la-famiglia\\\/\"},\"wordCount\":1077,\"publisher\":{\"@id\":\"https:\\\/\\\/www.rassegnastampa-totustuus.it\\\/cattolica\\\/#organization\"},\"image\":{\"@id\":\"https:\\\/\\\/www.rassegnastampa-totustuus.it\\\/cattolica\\\/i-vescovi-italiani-si-schierano-per-la-famiglia\\\/#primaryimage\"},\"thumbnailUrl\":\"https:\\\/\\\/www.rassegnastampa-totustuus.it\\\/cattolica\\\/wp-content\\\/uploads\\\/2007\\\/03\\\/vescovi_famiglia.jpg\",\"keywords\":[\"famiglia\",\"unioni di fatto\"],\"articleSection\":[\"Chiesa\",\"Famiglia\"],\"inLanguage\":\"it-IT\"},{\"@type\":\"WebPage\",\"@id\":\"https:\\\/\\\/www.rassegnastampa-totustuus.it\\\/cattolica\\\/i-vescovi-italiani-si-schierano-per-la-famiglia\\\/\",\"url\":\"https:\\\/\\\/www.rassegnastampa-totustuus.it\\\/cattolica\\\/i-vescovi-italiani-si-schierano-per-la-famiglia\\\/\",\"name\":\"I vescovi italiani si schierano per la famiglia - Rassegna Stampa Cattolica\",\"isPartOf\":{\"@id\":\"https:\\\/\\\/www.rassegnastampa-totustuus.it\\\/cattolica\\\/#website\"},\"primaryImageOfPage\":{\"@id\":\"https:\\\/\\\/www.rassegnastampa-totustuus.it\\\/cattolica\\\/i-vescovi-italiani-si-schierano-per-la-famiglia\\\/#primaryimage\"},\"image\":{\"@id\":\"https:\\\/\\\/www.rassegnastampa-totustuus.it\\\/cattolica\\\/i-vescovi-italiani-si-schierano-per-la-famiglia\\\/#primaryimage\"},\"thumbnailUrl\":\"https:\\\/\\\/www.rassegnastampa-totustuus.it\\\/cattolica\\\/wp-content\\\/uploads\\\/2007\\\/03\\\/vescovi_famiglia.jpg\",\"datePublished\":\"2007-03-29T09:20:47+00:00\",\"dateModified\":\"2016-07-04T10:27:11+00:00\",\"description\":\"Rassegna Stampa Cattolica - Per una cultura che nasce dalla Rivelazione cristiana in conformit\u00e0 alla tradizione e al Magistero della Chiesa in opposizione ad ogni relativismo e totalitarismo\",\"breadcrumb\":{\"@id\":\"https:\\\/\\\/www.rassegnastampa-totustuus.it\\\/cattolica\\\/i-vescovi-italiani-si-schierano-per-la-famiglia\\\/#breadcrumb\"},\"inLanguage\":\"it-IT\",\"potentialAction\":[{\"@type\":\"ReadAction\",\"target\":[\"https:\\\/\\\/www.rassegnastampa-totustuus.it\\\/cattolica\\\/i-vescovi-italiani-si-schierano-per-la-famiglia\\\/\"]}]},{\"@type\":\"ImageObject\",\"inLanguage\":\"it-IT\",\"@id\":\"https:\\\/\\\/www.rassegnastampa-totustuus.it\\\/cattolica\\\/i-vescovi-italiani-si-schierano-per-la-famiglia\\\/#primaryimage\",\"url\":\"https:\\\/\\\/www.rassegnastampa-totustuus.it\\\/cattolica\\\/wp-content\\\/uploads\\\/2007\\\/03\\\/vescovi_famiglia.jpg\",\"contentUrl\":\"https:\\\/\\\/www.rassegnastampa-totustuus.it\\\/cattolica\\\/wp-content\\\/uploads\\\/2007\\\/03\\\/vescovi_famiglia.jpg\",\"width\":267,\"height\":189},{\"@type\":\"BreadcrumbList\",\"@id\":\"https:\\\/\\\/www.rassegnastampa-totustuus.it\\\/cattolica\\\/i-vescovi-italiani-si-schierano-per-la-famiglia\\\/#breadcrumb\",\"itemListElement\":[{\"@type\":\"ListItem\",\"position\":1,\"name\":\"Home\",\"item\":\"https:\\\/\\\/www.rassegnastampa-totustuus.it\\\/cattolica\\\/\"},{\"@type\":\"ListItem\",\"position\":2,\"name\":\"I vescovi italiani si schierano per la famiglia\"}]},{\"@type\":\"WebSite\",\"@id\":\"https:\\\/\\\/www.rassegnastampa-totustuus.it\\\/cattolica\\\/#website\",\"url\":\"https:\\\/\\\/www.rassegnastampa-totustuus.it\\\/cattolica\\\/\",\"name\":\"Rassegna Stampa Cattolica\",\"description\":\"Per una cultura che nasce dalla Rivelazione cristiana in conformit\u00e0 alla tradizione e al Magistero della Chiesa in opposizione ad ogni relativismo e totalitarismo\",\"publisher\":{\"@id\":\"https:\\\/\\\/www.rassegnastampa-totustuus.it\\\/cattolica\\\/#organization\"},\"alternateName\":\"Rass. Cattolica\",\"potentialAction\":[{\"@type\":\"SearchAction\",\"target\":{\"@type\":\"EntryPoint\",\"urlTemplate\":\"https:\\\/\\\/www.rassegnastampa-totustuus.it\\\/cattolica\\\/?s={search_term_string}\"},\"query-input\":{\"@type\":\"PropertyValueSpecification\",\"valueRequired\":true,\"valueName\":\"search_term_string\"}}],\"inLanguage\":\"it-IT\"},{\"@type\":\"Organization\",\"@id\":\"https:\\\/\\\/www.rassegnastampa-totustuus.it\\\/cattolica\\\/#organization\",\"name\":\"Rassegna Stampa Cattolica\",\"url\":\"https:\\\/\\\/www.rassegnastampa-totustuus.it\\\/cattolica\\\/\",\"logo\":{\"@type\":\"ImageObject\",\"inLanguage\":\"it-IT\",\"@id\":\"https:\\\/\\\/www.rassegnastampa-totustuus.it\\\/cattolica\\\/#\\\/schema\\\/logo\\\/image\\\/\",\"url\":\"https:\\\/\\\/www.rassegnastampa-totustuus.it\\\/cattolica\\\/wp-content\\\/uploads\\\/2014\\\/04\\\/logo-rassegna1.gif\",\"contentUrl\":\"https:\\\/\\\/www.rassegnastampa-totustuus.it\\\/cattolica\\\/wp-content\\\/uploads\\\/2014\\\/04\\\/logo-rassegna1.gif\",\"width\":600,\"height\":163,\"caption\":\"Rassegna Stampa Cattolica\"},\"image\":{\"@id\":\"https:\\\/\\\/www.rassegnastampa-totustuus.it\\\/cattolica\\\/#\\\/schema\\\/logo\\\/image\\\/\"},\"sameAs\":[\"https:\\\/\\\/www.facebook.com\\\/rassegnastampacattolica\",\"https:\\\/\\\/x.com\\\/rassegnastampa9\"]},{\"@type\":\"Person\",\"@id\":\"https:\\\/\\\/www.rassegnastampa-totustuus.it\\\/cattolica\\\/#\\\/schema\\\/person\\\/08f319d2bd1a0904ad9e2bfb7b15e5c3\",\"name\":\"Redazione\",\"image\":{\"@type\":\"ImageObject\",\"inLanguage\":\"it-IT\",\"@id\":\"https:\\\/\\\/secure.gravatar.com\\\/avatar\\\/2fcdf27c78ea025fbdb44e914cc63c72249ffec9dc8aafd5c82b26240ef3f346?s=96&d=mm&r=g\",\"url\":\"https:\\\/\\\/secure.gravatar.com\\\/avatar\\\/2fcdf27c78ea025fbdb44e914cc63c72249ffec9dc8aafd5c82b26240ef3f346?s=96&d=mm&r=g\",\"contentUrl\":\"https:\\\/\\\/secure.gravatar.com\\\/avatar\\\/2fcdf27c78ea025fbdb44e914cc63c72249ffec9dc8aafd5c82b26240ef3f346?s=96&d=mm&r=g\",\"caption\":\"Redazione\"},\"url\":\"https:\\\/\\\/www.rassegnastampa-totustuus.it\\\/cattolica\\\/author\\\/pietroelle\\\/\"}]}<\/script>\n<!-- \/ Yoast SEO plugin. -->","yoast_head_json":{"title":"I vescovi italiani si schierano per la famiglia - Rassegna Stampa Cattolica","description":"Rassegna Stampa Cattolica - Per una cultura che nasce dalla Rivelazione cristiana in conformit\u00e0 alla tradizione e al Magistero della Chiesa in opposizione ad ogni relativismo e totalitarismo","robots":{"index":"index","follow":"follow","max-snippet":"max-snippet:-1","max-image-preview":"max-image-preview:large","max-video-preview":"max-video-preview:-1"},"canonical":"https:\/\/www.rassegnastampa-totustuus.it\/cattolica\/i-vescovi-italiani-si-schierano-per-la-famiglia\/","og_locale":"it_IT","og_type":"article","og_title":"I vescovi italiani si schierano per la famiglia - Rassegna Stampa Cattolica","og_description":"Rassegna Stampa Cattolica - Per una cultura che nasce dalla Rivelazione cristiana in conformit\u00e0 alla tradizione e al Magistero della Chiesa in opposizione ad ogni relativismo e totalitarismo","og_url":"https:\/\/www.rassegnastampa-totustuus.it\/cattolica\/i-vescovi-italiani-si-schierano-per-la-famiglia\/","og_site_name":"Rassegna Stampa Cattolica","article_publisher":"https:\/\/www.facebook.com\/rassegnastampacattolica","article_published_time":"2007-03-29T09:20:47+00:00","article_modified_time":"2016-07-04T10:27:11+00:00","og_image":[{"width":267,"height":189,"url":"https:\/\/www.rassegnastampa-totustuus.it\/cattolica\/wp-content\/uploads\/2007\/03\/vescovi_famiglia.jpg","type":"image\/jpeg"}],"author":"Redazione","twitter_card":"summary_large_image","twitter_creator":"@rassegnastampa9","twitter_site":"@rassegnastampa9","twitter_misc":{"Scritto da":"Redazione","Tempo di lettura stimato":"5 minuti"},"schema":{"@context":"https:\/\/schema.org","@graph":[{"@type":"Article","@id":"https:\/\/www.rassegnastampa-totustuus.it\/cattolica\/i-vescovi-italiani-si-schierano-per-la-famiglia\/#article","isPartOf":{"@id":"https:\/\/www.rassegnastampa-totustuus.it\/cattolica\/i-vescovi-italiani-si-schierano-per-la-famiglia\/"},"author":{"name":"Redazione","@id":"https:\/\/www.rassegnastampa-totustuus.it\/cattolica\/#\/schema\/person\/08f319d2bd1a0904ad9e2bfb7b15e5c3"},"headline":"I vescovi italiani si schierano per la famiglia","datePublished":"2007-03-29T09:20:47+00:00","dateModified":"2016-07-04T10:27:11+00:00","mainEntityOfPage":{"@id":"https:\/\/www.rassegnastampa-totustuus.it\/cattolica\/i-vescovi-italiani-si-schierano-per-la-famiglia\/"},"wordCount":1077,"publisher":{"@id":"https:\/\/www.rassegnastampa-totustuus.it\/cattolica\/#organization"},"image":{"@id":"https:\/\/www.rassegnastampa-totustuus.it\/cattolica\/i-vescovi-italiani-si-schierano-per-la-famiglia\/#primaryimage"},"thumbnailUrl":"https:\/\/www.rassegnastampa-totustuus.it\/cattolica\/wp-content\/uploads\/2007\/03\/vescovi_famiglia.jpg","keywords":["famiglia","unioni di fatto"],"articleSection":["Chiesa","Famiglia"],"inLanguage":"it-IT"},{"@type":"WebPage","@id":"https:\/\/www.rassegnastampa-totustuus.it\/cattolica\/i-vescovi-italiani-si-schierano-per-la-famiglia\/","url":"https:\/\/www.rassegnastampa-totustuus.it\/cattolica\/i-vescovi-italiani-si-schierano-per-la-famiglia\/","name":"I vescovi italiani si schierano per la famiglia - Rassegna Stampa Cattolica","isPartOf":{"@id":"https:\/\/www.rassegnastampa-totustuus.it\/cattolica\/#website"},"primaryImageOfPage":{"@id":"https:\/\/www.rassegnastampa-totustuus.it\/cattolica\/i-vescovi-italiani-si-schierano-per-la-famiglia\/#primaryimage"},"image":{"@id":"https:\/\/www.rassegnastampa-totustuus.it\/cattolica\/i-vescovi-italiani-si-schierano-per-la-famiglia\/#primaryimage"},"thumbnailUrl":"https:\/\/www.rassegnastampa-totustuus.it\/cattolica\/wp-content\/uploads\/2007\/03\/vescovi_famiglia.jpg","datePublished":"2007-03-29T09:20:47+00:00","dateModified":"2016-07-04T10:27:11+00:00","description":"Rassegna Stampa Cattolica - Per una cultura che nasce dalla Rivelazione cristiana in conformit\u00e0 alla tradizione e al Magistero della Chiesa in opposizione ad ogni relativismo e totalitarismo","breadcrumb":{"@id":"https:\/\/www.rassegnastampa-totustuus.it\/cattolica\/i-vescovi-italiani-si-schierano-per-la-famiglia\/#breadcrumb"},"inLanguage":"it-IT","potentialAction":[{"@type":"ReadAction","target":["https:\/\/www.rassegnastampa-totustuus.it\/cattolica\/i-vescovi-italiani-si-schierano-per-la-famiglia\/"]}]},{"@type":"ImageObject","inLanguage":"it-IT","@id":"https:\/\/www.rassegnastampa-totustuus.it\/cattolica\/i-vescovi-italiani-si-schierano-per-la-famiglia\/#primaryimage","url":"https:\/\/www.rassegnastampa-totustuus.it\/cattolica\/wp-content\/uploads\/2007\/03\/vescovi_famiglia.jpg","contentUrl":"https:\/\/www.rassegnastampa-totustuus.it\/cattolica\/wp-content\/uploads\/2007\/03\/vescovi_famiglia.jpg","width":267,"height":189},{"@type":"BreadcrumbList","@id":"https:\/\/www.rassegnastampa-totustuus.it\/cattolica\/i-vescovi-italiani-si-schierano-per-la-famiglia\/#breadcrumb","itemListElement":[{"@type":"ListItem","position":1,"name":"Home","item":"https:\/\/www.rassegnastampa-totustuus.it\/cattolica\/"},{"@type":"ListItem","position":2,"name":"I vescovi italiani si schierano per la famiglia"}]},{"@type":"WebSite","@id":"https:\/\/www.rassegnastampa-totustuus.it\/cattolica\/#website","url":"https:\/\/www.rassegnastampa-totustuus.it\/cattolica\/","name":"Rassegna Stampa Cattolica","description":"Per una cultura che nasce dalla Rivelazione cristiana in conformit\u00e0 alla tradizione e al Magistero della Chiesa in opposizione ad ogni relativismo e totalitarismo","publisher":{"@id":"https:\/\/www.rassegnastampa-totustuus.it\/cattolica\/#organization"},"alternateName":"Rass. Cattolica","potentialAction":[{"@type":"SearchAction","target":{"@type":"EntryPoint","urlTemplate":"https:\/\/www.rassegnastampa-totustuus.it\/cattolica\/?s={search_term_string}"},"query-input":{"@type":"PropertyValueSpecification","valueRequired":true,"valueName":"search_term_string"}}],"inLanguage":"it-IT"},{"@type":"Organization","@id":"https:\/\/www.rassegnastampa-totustuus.it\/cattolica\/#organization","name":"Rassegna Stampa Cattolica","url":"https:\/\/www.rassegnastampa-totustuus.it\/cattolica\/","logo":{"@type":"ImageObject","inLanguage":"it-IT","@id":"https:\/\/www.rassegnastampa-totustuus.it\/cattolica\/#\/schema\/logo\/image\/","url":"https:\/\/www.rassegnastampa-totustuus.it\/cattolica\/wp-content\/uploads\/2014\/04\/logo-rassegna1.gif","contentUrl":"https:\/\/www.rassegnastampa-totustuus.it\/cattolica\/wp-content\/uploads\/2014\/04\/logo-rassegna1.gif","width":600,"height":163,"caption":"Rassegna Stampa Cattolica"},"image":{"@id":"https:\/\/www.rassegnastampa-totustuus.it\/cattolica\/#\/schema\/logo\/image\/"},"sameAs":["https:\/\/www.facebook.com\/rassegnastampacattolica","https:\/\/x.com\/rassegnastampa9"]},{"@type":"Person","@id":"https:\/\/www.rassegnastampa-totustuus.it\/cattolica\/#\/schema\/person\/08f319d2bd1a0904ad9e2bfb7b15e5c3","name":"Redazione","image":{"@type":"ImageObject","inLanguage":"it-IT","@id":"https:\/\/secure.gravatar.com\/avatar\/2fcdf27c78ea025fbdb44e914cc63c72249ffec9dc8aafd5c82b26240ef3f346?s=96&d=mm&r=g","url":"https:\/\/secure.gravatar.com\/avatar\/2fcdf27c78ea025fbdb44e914cc63c72249ffec9dc8aafd5c82b26240ef3f346?s=96&d=mm&r=g","contentUrl":"https:\/\/secure.gravatar.com\/avatar\/2fcdf27c78ea025fbdb44e914cc63c72249ffec9dc8aafd5c82b26240ef3f346?s=96&d=mm&r=g","caption":"Redazione"},"url":"https:\/\/www.rassegnastampa-totustuus.it\/cattolica\/author\/pietroelle\/"}]}},"_links":{"self":[{"href":"https:\/\/www.rassegnastampa-totustuus.it\/cattolica\/wp-json\/wp\/v2\/posts\/2555","targetHints":{"allow":["GET"]}}],"collection":[{"href":"https:\/\/www.rassegnastampa-totustuus.it\/cattolica\/wp-json\/wp\/v2\/posts"}],"about":[{"href":"https:\/\/www.rassegnastampa-totustuus.it\/cattolica\/wp-json\/wp\/v2\/types\/post"}],"author":[{"embeddable":true,"href":"https:\/\/www.rassegnastampa-totustuus.it\/cattolica\/wp-json\/wp\/v2\/users\/6"}],"replies":[{"embeddable":true,"href":"https:\/\/www.rassegnastampa-totustuus.it\/cattolica\/wp-json\/wp\/v2\/comments?post=2555"}],"version-history":[{"count":4,"href":"https:\/\/www.rassegnastampa-totustuus.it\/cattolica\/wp-json\/wp\/v2\/posts\/2555\/revisions"}],"predecessor-version":[{"id":35626,"href":"https:\/\/www.rassegnastampa-totustuus.it\/cattolica\/wp-json\/wp\/v2\/posts\/2555\/revisions\/35626"}],"wp:featuredmedia":[{"embeddable":true,"href":"https:\/\/www.rassegnastampa-totustuus.it\/cattolica\/wp-json\/wp\/v2\/media\/35625"}],"wp:attachment":[{"href":"https:\/\/www.rassegnastampa-totustuus.it\/cattolica\/wp-json\/wp\/v2\/media?parent=2555"}],"wp:term":[{"taxonomy":"category","embeddable":true,"href":"https:\/\/www.rassegnastampa-totustuus.it\/cattolica\/wp-json\/wp\/v2\/categories?post=2555"},{"taxonomy":"post_tag","embeddable":true,"href":"https:\/\/www.rassegnastampa-totustuus.it\/cattolica\/wp-json\/wp\/v2\/tags?post=2555"}],"curies":[{"name":"wp","href":"https:\/\/api.w.org\/{rel}","templated":true}]}}