{"id":2553,"date":"2007-03-29T00:00:00","date_gmt":"2007-03-28T22:00:00","guid":{"rendered":""},"modified":"2015-01-22T11:39:57","modified_gmt":"2015-01-22T10:39:57","slug":"avete-voluto-lo-spinello-facile-allora-tenetevi-anche-la-giovent-p","status":"publish","type":"post","link":"https:\/\/www.rassegnastampa-totustuus.it\/cattolica\/avete-voluto-lo-spinello-facile-allora-tenetevi-anche-la-giovent-p\/","title":{"rendered":"Avete voluto lo spinello facile? Allora tenetevi anche la &#8220;giovent&ugrave; perduta&#8221;"},"content":{"rendered":"<div style=\"text-align: center;\"><strong><a href=\"https:\/\/www.rassegnastampa-totustuus.it\/cattolica\/wp-content\/uploads\/2007\/03\/spinello.jpg\"><img loading=\"lazy\" decoding=\"async\" class=\"alignleft wp-image-17411\" src=\"https:\/\/www.rassegnastampa-totustuus.it\/cattolica\/wp-content\/uploads\/2007\/03\/spinello.jpg\" alt=\"spinello\" width=\"250\" height=\"140\" \/><\/a>Tempi <\/strong>num.7 del 15 febbraio 2007<\/div>\n<p style=\"text-align: justify;\"><em>Giovani sempre pi\u00f9 violenti e senza pudore. Cosa dunque viene taciuto, nell&#8217;esposizione di questi fatti? Che questi adolescenti agiscono in uno stato di coscienza alterata. Da cosa? Da droghe, la cannabis e i suoi derivati innanzitutto<\/em><\/p>\n<p style=\"text-align: center;\">di <strong>Ris\u00e8 Claudio<\/strong><\/p>\n<p><!--more--><\/p>\n<div style=\"text-align: justify;\">I ragazzi bruciano gli stadi, devastano, uccidono; le ragazze si esibiscono sdraiate sulla cattedra, per essere fotografate e mandate in video, o aggrediscono le amiche pi\u00f9 sexy di loro. Tutti si chiedono: come mai? Tutti tacciono, per\u00f2, che questi comportamenti non sono affatto naturali, nascono da un&#8217;alterazione psichica profonda.<\/div>\n<p style=\"text-align: justify;\">Il pudore, ad esempio, non \u00e8 una &#8220;costruzione culturale&#8221;, come vorrebbero le teorie relativiste, \u00e8 una pulsione umana istintiva. Anni fa ci fu una famosa disputa su questo, che mise a rumore il mondo universitario internazionale. Da una parte c&#8217;era il famoso sociologo Norbert Elias, teorico del &#8220;processo di civilizzazione&#8221; che sosteneva appunto l&#8217;origine culturale del pudore, confermata da un disegno di altra epoca dove uomini e donne facevano il bagno, nudi.<\/p>\n<p style=\"text-align: justify;\">Dall&#8217;altra, l&#8217;antropologo Hans Peter D\u00fcrr, che aveva ben visto tra i &#8220;primitivi&#8221; la spinta primordiale al pudore, dimostr\u00f2 che quel disegno non rappresentava una piscina pubblica, ma una casa di piacere, dove prostitute e clienti facevano il bagno. Il prendere in castagna uno dei vati sulla cui opera \u00e8 costruita la visione relativista cost\u00f2 la carriera a D\u00fcrr, i cui testi fondamentali non furono pi\u00f9 tradotti fuori dalla Germania, se non da editori minori.<\/p>\n<p style=\"text-align: justify;\">Tuttavia la verit\u00e0 \u00e8 questa: il pudore \u00e8 impulso naturale, cui si rinuncia solo dietro denaro, o per alterazione della coscienza per fatti esterni. Cosa dunque viene taciuto, nell&#8217;esposizione di questi fatti? Che questi adolescenti agiscono in uno stato di coscienza alterata. Da cosa? Da droghe, la cannabis e i suoi derivati innanzitutto, che viene usata dal 30 per cento della popolazione scolastica, e che si vende tranquillamente davanti, o dietro, gli istituti.<\/p>\n<p style=\"text-align: justify;\">La droga di cui il ministro della Sanit\u00e0, Livia Turco, ha appena raddoppiato la dose minima consentita, permettendo cos\u00ec al venditore prudente di avere sempre in tasca una &#8220;dose consentita&#8221;, lasciando al bar dietro l&#8217;angolo, o nelle vicinanze, il resto, che andr\u00e0 a prendere appena smerciata la prima, sufficiente comunque a un&#8217;intera classe.<\/p>\n<p style=\"text-align: justify;\">Non si dice che negli stadi lo smercio \u00e8 aperto, e che i lavandini vengono divelti dopo essersi &#8220;fatti&#8221;. Raramente si fa un&#8217;analisi del capello, dopo una rissa, o un incidente, anche con effusione di sangue. Infatti, in Italia, i dati scarseggiano. Sappiamo per\u00f2 che nel mondo la maggior parte degli atti di violenza vengono commessi sotto l&#8217;effetto di cannabis. Sappiamo anche che prenderla sotto ai 15 anni induce psicosi, spesso non reversibili. Sappiamo che agisce sui centri cerebrali che presiedono alle funzioni inibitorie, che \u00e8 il modo medico per parlare degli istinti protettivi, come appunto quello del pudore, o del risparmiare l&#8217;altro che non ti minaccia.<\/p>\n<p style=\"text-align: justify;\">Sappiamo tutte le cose che hanno spinto gli altri grandi Stati a massicce campagne anticannabis. Noi, per\u00f2, tacciamo. Allora ci si risparmino anche le interpretazioni sulla &#8220;giovent\u00f9 perduta&#8221;, in realt\u00e0 gettata da Stato e informazione muta in braccio alla droga.<\/p>\n","protected":false},"excerpt":{"rendered":"<p>Tempi num.7 del 15 febbraio 2007 Giovani sempre pi\u00f9 violenti e senza pudore. Cosa dunque viene taciuto, nell&#8217;esposizione di questi fatti? Che questi adolescenti agiscono in uno stato di coscienza alterata. Da cosa? Da droghe, la cannabis e i suoi derivati innanzitutto di Ris\u00e8 Claudio<\/p><p><a class=\"more-link btn\" href=\"https:\/\/www.rassegnastampa-totustuus.it\/cattolica\/avete-voluto-lo-spinello-facile-allora-tenetevi-anche-la-giovent-p\/\">Continua a leggere<\/a><\/p>\n","protected":false},"author":6,"featured_media":17411,"comment_status":"closed","ping_status":"open","sticky":false,"template":"","format":"standard","meta":{"footnotes":""},"categories":[12],"tags":[278],"class_list":["post-2553","post","type-post","status-publish","format-standard","has-post-thumbnail","hentry","category-droga","tag-droga-2","item-wrap"],"yoast_head":"<!-- This site is optimized with the Yoast SEO plugin v27.4 - https:\/\/yoast.com\/product\/yoast-seo-wordpress\/ -->\n<title>Avete voluto lo spinello facile? Allora tenetevi anche la &quot;giovent&ugrave; perduta&quot; - Rassegna Stampa Cattolica<\/title>\n<meta name=\"description\" content=\"Rassegna Stampa Cattolica - Per una cultura che nasce dalla Rivelazione cristiana in conformit\u00e0 alla tradizione e al Magistero della Chiesa in opposizione ad ogni relativismo e totalitarismo\" \/>\n<meta name=\"robots\" content=\"index, follow, max-snippet:-1, max-image-preview:large, max-video-preview:-1\" \/>\n<link rel=\"canonical\" href=\"https:\/\/www.rassegnastampa-totustuus.it\/cattolica\/avete-voluto-lo-spinello-facile-allora-tenetevi-anche-la-giovent-p\/\" \/>\n<meta property=\"og:locale\" content=\"it_IT\" \/>\n<meta property=\"og:type\" content=\"article\" \/>\n<meta property=\"og:title\" content=\"Avete voluto lo spinello facile? Allora tenetevi anche la &quot;giovent&ugrave; perduta&quot; - Rassegna Stampa Cattolica\" \/>\n<meta property=\"og:description\" content=\"Rassegna Stampa Cattolica - Per una cultura che nasce dalla Rivelazione cristiana in conformit\u00e0 alla tradizione e al Magistero della Chiesa in opposizione ad ogni relativismo e totalitarismo\" \/>\n<meta property=\"og:url\" content=\"https:\/\/www.rassegnastampa-totustuus.it\/cattolica\/avete-voluto-lo-spinello-facile-allora-tenetevi-anche-la-giovent-p\/\" \/>\n<meta property=\"og:site_name\" content=\"Rassegna Stampa Cattolica\" \/>\n<meta property=\"article:publisher\" content=\"https:\/\/www.facebook.com\/rassegnastampacattolica\" \/>\n<meta property=\"article:published_time\" content=\"2007-03-28T22:00:00+00:00\" \/>\n<meta property=\"article:modified_time\" content=\"2015-01-22T10:39:57+00:00\" \/>\n<meta property=\"og:image\" content=\"https:\/\/www.rassegnastampa-totustuus.it\/cattolica\/wp-content\/uploads\/2007\/03\/spinello.jpg\" \/>\n\t<meta property=\"og:image:width\" content=\"300\" \/>\n\t<meta property=\"og:image:height\" content=\"168\" \/>\n\t<meta property=\"og:image:type\" content=\"image\/jpeg\" \/>\n<meta name=\"author\" content=\"Redazione\" \/>\n<meta name=\"twitter:card\" content=\"summary_large_image\" \/>\n<meta name=\"twitter:creator\" content=\"@rassegnastampa9\" \/>\n<meta name=\"twitter:site\" content=\"@rassegnastampa9\" \/>\n<meta name=\"twitter:label1\" content=\"Scritto da\" \/>\n\t<meta name=\"twitter:data1\" content=\"Redazione\" \/>\n\t<meta name=\"twitter:label2\" content=\"Tempo di lettura stimato\" \/>\n\t<meta name=\"twitter:data2\" content=\"3 minuti\" \/>\n<script type=\"application\/ld+json\" class=\"yoast-schema-graph\">{\"@context\":\"https:\\\/\\\/schema.org\",\"@graph\":[{\"@type\":\"Article\",\"@id\":\"https:\\\/\\\/www.rassegnastampa-totustuus.it\\\/cattolica\\\/avete-voluto-lo-spinello-facile-allora-tenetevi-anche-la-giovent-p\\\/#article\",\"isPartOf\":{\"@id\":\"https:\\\/\\\/www.rassegnastampa-totustuus.it\\\/cattolica\\\/avete-voluto-lo-spinello-facile-allora-tenetevi-anche-la-giovent-p\\\/\"},\"author\":{\"name\":\"Redazione\",\"@id\":\"https:\\\/\\\/www.rassegnastampa-totustuus.it\\\/cattolica\\\/#\\\/schema\\\/person\\\/08f319d2bd1a0904ad9e2bfb7b15e5c3\"},\"headline\":\"Avete voluto lo spinello facile? Allora tenetevi anche la &#8220;giovent&ugrave; perduta&#8221;\",\"datePublished\":\"2007-03-28T22:00:00+00:00\",\"dateModified\":\"2015-01-22T10:39:57+00:00\",\"mainEntityOfPage\":{\"@id\":\"https:\\\/\\\/www.rassegnastampa-totustuus.it\\\/cattolica\\\/avete-voluto-lo-spinello-facile-allora-tenetevi-anche-la-giovent-p\\\/\"},\"wordCount\":528,\"publisher\":{\"@id\":\"https:\\\/\\\/www.rassegnastampa-totustuus.it\\\/cattolica\\\/#organization\"},\"image\":{\"@id\":\"https:\\\/\\\/www.rassegnastampa-totustuus.it\\\/cattolica\\\/avete-voluto-lo-spinello-facile-allora-tenetevi-anche-la-giovent-p\\\/#primaryimage\"},\"thumbnailUrl\":\"https:\\\/\\\/www.rassegnastampa-totustuus.it\\\/cattolica\\\/wp-content\\\/uploads\\\/2007\\\/03\\\/spinello.jpg\",\"keywords\":[\"droga\"],\"articleSection\":[\"Droga\"],\"inLanguage\":\"it-IT\"},{\"@type\":\"WebPage\",\"@id\":\"https:\\\/\\\/www.rassegnastampa-totustuus.it\\\/cattolica\\\/avete-voluto-lo-spinello-facile-allora-tenetevi-anche-la-giovent-p\\\/\",\"url\":\"https:\\\/\\\/www.rassegnastampa-totustuus.it\\\/cattolica\\\/avete-voluto-lo-spinello-facile-allora-tenetevi-anche-la-giovent-p\\\/\",\"name\":\"Avete voluto lo spinello facile? Allora tenetevi anche la \\\"giovent&ugrave; perduta\\\" - Rassegna Stampa Cattolica\",\"isPartOf\":{\"@id\":\"https:\\\/\\\/www.rassegnastampa-totustuus.it\\\/cattolica\\\/#website\"},\"primaryImageOfPage\":{\"@id\":\"https:\\\/\\\/www.rassegnastampa-totustuus.it\\\/cattolica\\\/avete-voluto-lo-spinello-facile-allora-tenetevi-anche-la-giovent-p\\\/#primaryimage\"},\"image\":{\"@id\":\"https:\\\/\\\/www.rassegnastampa-totustuus.it\\\/cattolica\\\/avete-voluto-lo-spinello-facile-allora-tenetevi-anche-la-giovent-p\\\/#primaryimage\"},\"thumbnailUrl\":\"https:\\\/\\\/www.rassegnastampa-totustuus.it\\\/cattolica\\\/wp-content\\\/uploads\\\/2007\\\/03\\\/spinello.jpg\",\"datePublished\":\"2007-03-28T22:00:00+00:00\",\"dateModified\":\"2015-01-22T10:39:57+00:00\",\"description\":\"Rassegna Stampa Cattolica - Per una cultura che nasce dalla Rivelazione cristiana in conformit\u00e0 alla tradizione e al Magistero della Chiesa in opposizione ad ogni relativismo e totalitarismo\",\"breadcrumb\":{\"@id\":\"https:\\\/\\\/www.rassegnastampa-totustuus.it\\\/cattolica\\\/avete-voluto-lo-spinello-facile-allora-tenetevi-anche-la-giovent-p\\\/#breadcrumb\"},\"inLanguage\":\"it-IT\",\"potentialAction\":[{\"@type\":\"ReadAction\",\"target\":[\"https:\\\/\\\/www.rassegnastampa-totustuus.it\\\/cattolica\\\/avete-voluto-lo-spinello-facile-allora-tenetevi-anche-la-giovent-p\\\/\"]}]},{\"@type\":\"ImageObject\",\"inLanguage\":\"it-IT\",\"@id\":\"https:\\\/\\\/www.rassegnastampa-totustuus.it\\\/cattolica\\\/avete-voluto-lo-spinello-facile-allora-tenetevi-anche-la-giovent-p\\\/#primaryimage\",\"url\":\"https:\\\/\\\/www.rassegnastampa-totustuus.it\\\/cattolica\\\/wp-content\\\/uploads\\\/2007\\\/03\\\/spinello.jpg\",\"contentUrl\":\"https:\\\/\\\/www.rassegnastampa-totustuus.it\\\/cattolica\\\/wp-content\\\/uploads\\\/2007\\\/03\\\/spinello.jpg\",\"width\":300,\"height\":168},{\"@type\":\"BreadcrumbList\",\"@id\":\"https:\\\/\\\/www.rassegnastampa-totustuus.it\\\/cattolica\\\/avete-voluto-lo-spinello-facile-allora-tenetevi-anche-la-giovent-p\\\/#breadcrumb\",\"itemListElement\":[{\"@type\":\"ListItem\",\"position\":1,\"name\":\"Home\",\"item\":\"https:\\\/\\\/www.rassegnastampa-totustuus.it\\\/cattolica\\\/\"},{\"@type\":\"ListItem\",\"position\":2,\"name\":\"Avete voluto lo spinello facile? Allora tenetevi anche la &#8220;giovent&ugrave; perduta&#8221;\"}]},{\"@type\":\"WebSite\",\"@id\":\"https:\\\/\\\/www.rassegnastampa-totustuus.it\\\/cattolica\\\/#website\",\"url\":\"https:\\\/\\\/www.rassegnastampa-totustuus.it\\\/cattolica\\\/\",\"name\":\"Rassegna Stampa Cattolica\",\"description\":\"Per una cultura che nasce dalla Rivelazione cristiana in conformit\u00e0 alla tradizione e al Magistero della Chiesa in opposizione ad ogni relativismo e totalitarismo\",\"publisher\":{\"@id\":\"https:\\\/\\\/www.rassegnastampa-totustuus.it\\\/cattolica\\\/#organization\"},\"alternateName\":\"Rass. Cattolica\",\"potentialAction\":[{\"@type\":\"SearchAction\",\"target\":{\"@type\":\"EntryPoint\",\"urlTemplate\":\"https:\\\/\\\/www.rassegnastampa-totustuus.it\\\/cattolica\\\/?s={search_term_string}\"},\"query-input\":{\"@type\":\"PropertyValueSpecification\",\"valueRequired\":true,\"valueName\":\"search_term_string\"}}],\"inLanguage\":\"it-IT\"},{\"@type\":\"Organization\",\"@id\":\"https:\\\/\\\/www.rassegnastampa-totustuus.it\\\/cattolica\\\/#organization\",\"name\":\"Rassegna Stampa Cattolica\",\"url\":\"https:\\\/\\\/www.rassegnastampa-totustuus.it\\\/cattolica\\\/\",\"logo\":{\"@type\":\"ImageObject\",\"inLanguage\":\"it-IT\",\"@id\":\"https:\\\/\\\/www.rassegnastampa-totustuus.it\\\/cattolica\\\/#\\\/schema\\\/logo\\\/image\\\/\",\"url\":\"https:\\\/\\\/www.rassegnastampa-totustuus.it\\\/cattolica\\\/wp-content\\\/uploads\\\/2014\\\/04\\\/logo-rassegna1.gif\",\"contentUrl\":\"https:\\\/\\\/www.rassegnastampa-totustuus.it\\\/cattolica\\\/wp-content\\\/uploads\\\/2014\\\/04\\\/logo-rassegna1.gif\",\"width\":600,\"height\":163,\"caption\":\"Rassegna Stampa Cattolica\"},\"image\":{\"@id\":\"https:\\\/\\\/www.rassegnastampa-totustuus.it\\\/cattolica\\\/#\\\/schema\\\/logo\\\/image\\\/\"},\"sameAs\":[\"https:\\\/\\\/www.facebook.com\\\/rassegnastampacattolica\",\"https:\\\/\\\/x.com\\\/rassegnastampa9\"]},{\"@type\":\"Person\",\"@id\":\"https:\\\/\\\/www.rassegnastampa-totustuus.it\\\/cattolica\\\/#\\\/schema\\\/person\\\/08f319d2bd1a0904ad9e2bfb7b15e5c3\",\"name\":\"Redazione\",\"image\":{\"@type\":\"ImageObject\",\"inLanguage\":\"it-IT\",\"@id\":\"https:\\\/\\\/secure.gravatar.com\\\/avatar\\\/2fcdf27c78ea025fbdb44e914cc63c72249ffec9dc8aafd5c82b26240ef3f346?s=96&d=mm&r=g\",\"url\":\"https:\\\/\\\/secure.gravatar.com\\\/avatar\\\/2fcdf27c78ea025fbdb44e914cc63c72249ffec9dc8aafd5c82b26240ef3f346?s=96&d=mm&r=g\",\"contentUrl\":\"https:\\\/\\\/secure.gravatar.com\\\/avatar\\\/2fcdf27c78ea025fbdb44e914cc63c72249ffec9dc8aafd5c82b26240ef3f346?s=96&d=mm&r=g\",\"caption\":\"Redazione\"},\"url\":\"https:\\\/\\\/www.rassegnastampa-totustuus.it\\\/cattolica\\\/author\\\/pietroelle\\\/\"}]}<\/script>\n<!-- \/ Yoast SEO plugin. -->","yoast_head_json":{"title":"Avete voluto lo spinello facile? Allora tenetevi anche la \"giovent&ugrave; perduta\" - Rassegna Stampa Cattolica","description":"Rassegna Stampa Cattolica - Per una cultura che nasce dalla Rivelazione cristiana in conformit\u00e0 alla tradizione e al Magistero della Chiesa in opposizione ad ogni relativismo e totalitarismo","robots":{"index":"index","follow":"follow","max-snippet":"max-snippet:-1","max-image-preview":"max-image-preview:large","max-video-preview":"max-video-preview:-1"},"canonical":"https:\/\/www.rassegnastampa-totustuus.it\/cattolica\/avete-voluto-lo-spinello-facile-allora-tenetevi-anche-la-giovent-p\/","og_locale":"it_IT","og_type":"article","og_title":"Avete voluto lo spinello facile? Allora tenetevi anche la \"giovent&ugrave; perduta\" - Rassegna Stampa Cattolica","og_description":"Rassegna Stampa Cattolica - Per una cultura che nasce dalla Rivelazione cristiana in conformit\u00e0 alla tradizione e al Magistero della Chiesa in opposizione ad ogni relativismo e totalitarismo","og_url":"https:\/\/www.rassegnastampa-totustuus.it\/cattolica\/avete-voluto-lo-spinello-facile-allora-tenetevi-anche-la-giovent-p\/","og_site_name":"Rassegna Stampa Cattolica","article_publisher":"https:\/\/www.facebook.com\/rassegnastampacattolica","article_published_time":"2007-03-28T22:00:00+00:00","article_modified_time":"2015-01-22T10:39:57+00:00","og_image":[{"width":300,"height":168,"url":"https:\/\/www.rassegnastampa-totustuus.it\/cattolica\/wp-content\/uploads\/2007\/03\/spinello.jpg","type":"image\/jpeg"}],"author":"Redazione","twitter_card":"summary_large_image","twitter_creator":"@rassegnastampa9","twitter_site":"@rassegnastampa9","twitter_misc":{"Scritto da":"Redazione","Tempo di lettura stimato":"3 minuti"},"schema":{"@context":"https:\/\/schema.org","@graph":[{"@type":"Article","@id":"https:\/\/www.rassegnastampa-totustuus.it\/cattolica\/avete-voluto-lo-spinello-facile-allora-tenetevi-anche-la-giovent-p\/#article","isPartOf":{"@id":"https:\/\/www.rassegnastampa-totustuus.it\/cattolica\/avete-voluto-lo-spinello-facile-allora-tenetevi-anche-la-giovent-p\/"},"author":{"name":"Redazione","@id":"https:\/\/www.rassegnastampa-totustuus.it\/cattolica\/#\/schema\/person\/08f319d2bd1a0904ad9e2bfb7b15e5c3"},"headline":"Avete voluto lo spinello facile? Allora tenetevi anche la &#8220;giovent&ugrave; perduta&#8221;","datePublished":"2007-03-28T22:00:00+00:00","dateModified":"2015-01-22T10:39:57+00:00","mainEntityOfPage":{"@id":"https:\/\/www.rassegnastampa-totustuus.it\/cattolica\/avete-voluto-lo-spinello-facile-allora-tenetevi-anche-la-giovent-p\/"},"wordCount":528,"publisher":{"@id":"https:\/\/www.rassegnastampa-totustuus.it\/cattolica\/#organization"},"image":{"@id":"https:\/\/www.rassegnastampa-totustuus.it\/cattolica\/avete-voluto-lo-spinello-facile-allora-tenetevi-anche-la-giovent-p\/#primaryimage"},"thumbnailUrl":"https:\/\/www.rassegnastampa-totustuus.it\/cattolica\/wp-content\/uploads\/2007\/03\/spinello.jpg","keywords":["droga"],"articleSection":["Droga"],"inLanguage":"it-IT"},{"@type":"WebPage","@id":"https:\/\/www.rassegnastampa-totustuus.it\/cattolica\/avete-voluto-lo-spinello-facile-allora-tenetevi-anche-la-giovent-p\/","url":"https:\/\/www.rassegnastampa-totustuus.it\/cattolica\/avete-voluto-lo-spinello-facile-allora-tenetevi-anche-la-giovent-p\/","name":"Avete voluto lo spinello facile? Allora tenetevi anche la \"giovent&ugrave; perduta\" - Rassegna Stampa Cattolica","isPartOf":{"@id":"https:\/\/www.rassegnastampa-totustuus.it\/cattolica\/#website"},"primaryImageOfPage":{"@id":"https:\/\/www.rassegnastampa-totustuus.it\/cattolica\/avete-voluto-lo-spinello-facile-allora-tenetevi-anche-la-giovent-p\/#primaryimage"},"image":{"@id":"https:\/\/www.rassegnastampa-totustuus.it\/cattolica\/avete-voluto-lo-spinello-facile-allora-tenetevi-anche-la-giovent-p\/#primaryimage"},"thumbnailUrl":"https:\/\/www.rassegnastampa-totustuus.it\/cattolica\/wp-content\/uploads\/2007\/03\/spinello.jpg","datePublished":"2007-03-28T22:00:00+00:00","dateModified":"2015-01-22T10:39:57+00:00","description":"Rassegna Stampa Cattolica - Per una cultura che nasce dalla Rivelazione cristiana in conformit\u00e0 alla tradizione e al Magistero della Chiesa in opposizione ad ogni relativismo e totalitarismo","breadcrumb":{"@id":"https:\/\/www.rassegnastampa-totustuus.it\/cattolica\/avete-voluto-lo-spinello-facile-allora-tenetevi-anche-la-giovent-p\/#breadcrumb"},"inLanguage":"it-IT","potentialAction":[{"@type":"ReadAction","target":["https:\/\/www.rassegnastampa-totustuus.it\/cattolica\/avete-voluto-lo-spinello-facile-allora-tenetevi-anche-la-giovent-p\/"]}]},{"@type":"ImageObject","inLanguage":"it-IT","@id":"https:\/\/www.rassegnastampa-totustuus.it\/cattolica\/avete-voluto-lo-spinello-facile-allora-tenetevi-anche-la-giovent-p\/#primaryimage","url":"https:\/\/www.rassegnastampa-totustuus.it\/cattolica\/wp-content\/uploads\/2007\/03\/spinello.jpg","contentUrl":"https:\/\/www.rassegnastampa-totustuus.it\/cattolica\/wp-content\/uploads\/2007\/03\/spinello.jpg","width":300,"height":168},{"@type":"BreadcrumbList","@id":"https:\/\/www.rassegnastampa-totustuus.it\/cattolica\/avete-voluto-lo-spinello-facile-allora-tenetevi-anche-la-giovent-p\/#breadcrumb","itemListElement":[{"@type":"ListItem","position":1,"name":"Home","item":"https:\/\/www.rassegnastampa-totustuus.it\/cattolica\/"},{"@type":"ListItem","position":2,"name":"Avete voluto lo spinello facile? Allora tenetevi anche la &#8220;giovent&ugrave; perduta&#8221;"}]},{"@type":"WebSite","@id":"https:\/\/www.rassegnastampa-totustuus.it\/cattolica\/#website","url":"https:\/\/www.rassegnastampa-totustuus.it\/cattolica\/","name":"Rassegna Stampa Cattolica","description":"Per una cultura che nasce dalla Rivelazione cristiana in conformit\u00e0 alla tradizione e al Magistero della Chiesa in opposizione ad ogni relativismo e totalitarismo","publisher":{"@id":"https:\/\/www.rassegnastampa-totustuus.it\/cattolica\/#organization"},"alternateName":"Rass. Cattolica","potentialAction":[{"@type":"SearchAction","target":{"@type":"EntryPoint","urlTemplate":"https:\/\/www.rassegnastampa-totustuus.it\/cattolica\/?s={search_term_string}"},"query-input":{"@type":"PropertyValueSpecification","valueRequired":true,"valueName":"search_term_string"}}],"inLanguage":"it-IT"},{"@type":"Organization","@id":"https:\/\/www.rassegnastampa-totustuus.it\/cattolica\/#organization","name":"Rassegna Stampa Cattolica","url":"https:\/\/www.rassegnastampa-totustuus.it\/cattolica\/","logo":{"@type":"ImageObject","inLanguage":"it-IT","@id":"https:\/\/www.rassegnastampa-totustuus.it\/cattolica\/#\/schema\/logo\/image\/","url":"https:\/\/www.rassegnastampa-totustuus.it\/cattolica\/wp-content\/uploads\/2014\/04\/logo-rassegna1.gif","contentUrl":"https:\/\/www.rassegnastampa-totustuus.it\/cattolica\/wp-content\/uploads\/2014\/04\/logo-rassegna1.gif","width":600,"height":163,"caption":"Rassegna Stampa Cattolica"},"image":{"@id":"https:\/\/www.rassegnastampa-totustuus.it\/cattolica\/#\/schema\/logo\/image\/"},"sameAs":["https:\/\/www.facebook.com\/rassegnastampacattolica","https:\/\/x.com\/rassegnastampa9"]},{"@type":"Person","@id":"https:\/\/www.rassegnastampa-totustuus.it\/cattolica\/#\/schema\/person\/08f319d2bd1a0904ad9e2bfb7b15e5c3","name":"Redazione","image":{"@type":"ImageObject","inLanguage":"it-IT","@id":"https:\/\/secure.gravatar.com\/avatar\/2fcdf27c78ea025fbdb44e914cc63c72249ffec9dc8aafd5c82b26240ef3f346?s=96&d=mm&r=g","url":"https:\/\/secure.gravatar.com\/avatar\/2fcdf27c78ea025fbdb44e914cc63c72249ffec9dc8aafd5c82b26240ef3f346?s=96&d=mm&r=g","contentUrl":"https:\/\/secure.gravatar.com\/avatar\/2fcdf27c78ea025fbdb44e914cc63c72249ffec9dc8aafd5c82b26240ef3f346?s=96&d=mm&r=g","caption":"Redazione"},"url":"https:\/\/www.rassegnastampa-totustuus.it\/cattolica\/author\/pietroelle\/"}]}},"_links":{"self":[{"href":"https:\/\/www.rassegnastampa-totustuus.it\/cattolica\/wp-json\/wp\/v2\/posts\/2553","targetHints":{"allow":["GET"]}}],"collection":[{"href":"https:\/\/www.rassegnastampa-totustuus.it\/cattolica\/wp-json\/wp\/v2\/posts"}],"about":[{"href":"https:\/\/www.rassegnastampa-totustuus.it\/cattolica\/wp-json\/wp\/v2\/types\/post"}],"author":[{"embeddable":true,"href":"https:\/\/www.rassegnastampa-totustuus.it\/cattolica\/wp-json\/wp\/v2\/users\/6"}],"replies":[{"embeddable":true,"href":"https:\/\/www.rassegnastampa-totustuus.it\/cattolica\/wp-json\/wp\/v2\/comments?post=2553"}],"version-history":[{"count":3,"href":"https:\/\/www.rassegnastampa-totustuus.it\/cattolica\/wp-json\/wp\/v2\/posts\/2553\/revisions"}],"predecessor-version":[{"id":17412,"href":"https:\/\/www.rassegnastampa-totustuus.it\/cattolica\/wp-json\/wp\/v2\/posts\/2553\/revisions\/17412"}],"wp:featuredmedia":[{"embeddable":true,"href":"https:\/\/www.rassegnastampa-totustuus.it\/cattolica\/wp-json\/wp\/v2\/media\/17411"}],"wp:attachment":[{"href":"https:\/\/www.rassegnastampa-totustuus.it\/cattolica\/wp-json\/wp\/v2\/media?parent=2553"}],"wp:term":[{"taxonomy":"category","embeddable":true,"href":"https:\/\/www.rassegnastampa-totustuus.it\/cattolica\/wp-json\/wp\/v2\/categories?post=2553"},{"taxonomy":"post_tag","embeddable":true,"href":"https:\/\/www.rassegnastampa-totustuus.it\/cattolica\/wp-json\/wp\/v2\/tags?post=2553"}],"curies":[{"name":"wp","href":"https:\/\/api.w.org\/{rel}","templated":true}]}}