{"id":255,"date":"2004-12-21T12:05:06","date_gmt":"2004-12-21T11:05:06","guid":{"rendered":""},"modified":"2025-07-06T15:57:49","modified_gmt":"2025-07-06T13:57:49","slug":"turchia-ue-raggiunto-accordo-tra-le-ambiguit","status":"publish","type":"post","link":"https:\/\/www.rassegnastampa-totustuus.it\/cattolica\/turchia-ue-raggiunto-accordo-tra-le-ambiguit\/","title":{"rendered":"Turchia-UE, raggiunto accordo tra le ambiguit&agrave;"},"content":{"rendered":"\n<p class=\"has-text-align-center\"><strong><a href=\"https:\/\/www.asianews.it\/\" target=\"_blank\" rel=\"noreferrer noopener\">AsiaNews<\/a> <\/strong>18 Dicembre 2004<\/p>\n\n\n\n<p><em>Accolto come un passo storico, l\u2019accordo siglato tra Unione Europea e Turchia lascia ancora dubbi sulla soluzione della questione cipriota. <\/em><\/p>\n\n\n<div class=\"wp-block-image\">\n<figure class=\"aligncenter size-full is-resized\"><a href=\"https:\/\/www.rassegnastampa-totustuus.it\/cattolica\/wp-content\/uploads\/2004\/12\/Cipro_Turchia.jpg\"><img loading=\"lazy\" decoding=\"async\" width=\"318\" height=\"158\" src=\"https:\/\/www.rassegnastampa-totustuus.it\/cattolica\/wp-content\/uploads\/2004\/12\/Cipro_Turchia.jpg\" alt=\"\" class=\"wp-image-32110\" style=\"width:374px;height:auto\" srcset=\"https:\/\/www.rassegnastampa-totustuus.it\/cattolica\/wp-content\/uploads\/2004\/12\/Cipro_Turchia.jpg 318w, https:\/\/www.rassegnastampa-totustuus.it\/cattolica\/wp-content\/uploads\/2004\/12\/Cipro_Turchia-300x149.jpg 300w\" sizes=\"auto, (max-width: 318px) 100vw, 318px\" \/><\/a><\/figure><\/div>\n\n\n<!--more-->\n\n\n\n<p>Brussels (AsiaNews\/Agenzie) \u2013 Accolto come un passo storico, l\u2019accordo siglato tra Unione Europea e Turchia lascia ancora dubbi sulla soluzione della questione cipriota. Ieri, le due parti hanno fissato al 3 ottobre 2005 l\u2019apertura dei negoziati sull\u2019eventuale entrata del paese musulmano nei Venticinque, dopo aver superato la crisi aperta dalla richiesta dell\u2019UE del riconoscimento della Cipro greca da parte di Ankara.<\/p>\n\n\n\n<p>Secondo gli accordi, la Turchia doveva stilare una dichiarazione scritta con la quale si impegnava a firmare un documento, che estende il Protocollo dell&#8217;accordo doganale e commerciale ai 10 nuovi membri Ue, riconoscendo cos\u00ec implicitamente la Repubblica di Cipro; il tutto entro l\u2019inizio dei negoziati.<\/p>\n\n\n\n<p>Il primo ministro turco Recep Tayyip Erdogan \u00e8 riuscito ad uscire dall\u2019empasse ottenendo un testo di compromesso, nel quale Ankara si impegna, con una dichiarazione verbale, a estendere anche&nbsp; a Cipro il protocollo. Erdogan ha specificato che il testo non \u00e8 un riconoscimento ufficiale di Cipro. \u201cNon abbiamo ottenuto il 100% di quello che avremmo voluto &#8211; ha detto il premier turco \u2013 ma possiamo dire che l\u2019incontro \u00e8 stato un successo\u201d. L\u2019accordo, infatti, rappresenta comunque una vittoria per la Turchia, che da anni si batte per confermare i requisiti richiesti dall\u2019Unione.<\/p>\n\n\n\n<p>La questione del riconoscimento di Cipro non era mai stata una condizione per l\u2019avvio dei negoziati; l\u2019isola, unitasi all\u2019UE lo scorso maggio, ha per\u00f2 pi\u00f9 volte obiettato al fatto che la Turchia rifiutasse di riconoscerla a livello diplomatico. Cipro \u00e8 divisa fra la comunit\u00e0 greca e quella turca. A livello internazionale, solo la Turchia riconosce lo stato cipriota del nord, ma non quello del sud.<\/p>\n\n\n\n<p>La due giorni dell\u2019incontro UE \u2013 Turchia&nbsp; ha stabilito per Ankara nuove condizioni da raggiungere prima di potersi dire membro dell\u2019Unione Europea. In agenda: sviluppo delle strutture politiche e economiche, miglioramenti nel campo di diritti umani, rispetto delle minoranze e legislazione. Diritti della dona e libert\u00e0 religiosa rappresentano le sfide pi\u00f9 grandi per il paese; per molti turchi si tratta di una rivoluzione sociale e storica.<\/p>\n\n\n\n<p>Si ritiene che la Turchia non raggiunger\u00e0 gli standard richiesti prima di 15 anni; per quel tempo il Paese rappresenter\u00e0 il blocco pi\u00f9 popoloso dell\u2019Unione (pi\u00f9 di 80 milioni di abitanti), dato che gli assicurer\u00e0 un forte potere decisionale e la maggioranza dei seggi nel parlamento europeo.<\/p>\n","protected":false},"excerpt":{"rendered":"<p>AsiaNews 18 Dicembre 2004 Accolto come un passo storico, l\u2019accordo siglato tra Unione Europea e Turchia lascia ancora dubbi sulla soluzione della questione cipriota.<\/p><p><a class=\"more-link btn\" href=\"https:\/\/www.rassegnastampa-totustuus.it\/cattolica\/turchia-ue-raggiunto-accordo-tra-le-ambiguit\/\">Continua a leggere<\/a><\/p>\n","protected":false},"author":6,"featured_media":32110,"comment_status":"closed","ping_status":"open","sticky":false,"template":"","format":"standard","meta":{"footnotes":""},"categories":[14],"tags":[535],"class_list":["post-255","post","type-post","status-publish","format-standard","has-post-thumbnail","hentry","category-europa-e-ue","tag-turchia","item-wrap"],"yoast_head":"<!-- This site is optimized with the Yoast SEO plugin v27.5 - https:\/\/yoast.com\/product\/yoast-seo-wordpress\/ -->\n<title>Turchia-UE, raggiunto accordo tra le ambiguit&agrave; - Rassegna Stampa Cattolica<\/title>\n<meta name=\"description\" content=\"Turchia-UE, raggiunto accordo tra le ambiguit\u00e0 i sono infatti ancora dubbi sulla soluzione della questione cipriota.\" \/>\n<meta name=\"robots\" content=\"index, follow, max-snippet:-1, max-image-preview:large, max-video-preview:-1\" \/>\n<link rel=\"canonical\" href=\"https:\/\/www.rassegnastampa-totustuus.it\/cattolica\/turchia-ue-raggiunto-accordo-tra-le-ambiguit\/\" \/>\n<meta property=\"og:locale\" content=\"it_IT\" \/>\n<meta property=\"og:type\" content=\"article\" \/>\n<meta property=\"og:title\" content=\"Turchia-UE, raggiunto accordo tra le ambiguit&agrave; - Rassegna Stampa Cattolica\" \/>\n<meta property=\"og:description\" content=\"Turchia-UE, raggiunto accordo tra le ambiguit\u00e0 i sono infatti ancora dubbi sulla soluzione della questione cipriota.\" \/>\n<meta property=\"og:url\" content=\"https:\/\/www.rassegnastampa-totustuus.it\/cattolica\/turchia-ue-raggiunto-accordo-tra-le-ambiguit\/\" \/>\n<meta property=\"og:site_name\" content=\"Rassegna Stampa Cattolica\" \/>\n<meta property=\"article:publisher\" content=\"https:\/\/www.facebook.com\/rassegnastampacattolica\" \/>\n<meta property=\"article:published_time\" content=\"2004-12-21T11:05:06+00:00\" \/>\n<meta property=\"article:modified_time\" content=\"2025-07-06T13:57:49+00:00\" \/>\n<meta property=\"og:image\" content=\"https:\/\/www.rassegnastampa-totustuus.it\/cattolica\/wp-content\/uploads\/2004\/12\/Cipro_Turchia.jpg\" \/>\n\t<meta property=\"og:image:width\" content=\"318\" \/>\n\t<meta property=\"og:image:height\" content=\"158\" \/>\n\t<meta property=\"og:image:type\" content=\"image\/jpeg\" \/>\n<meta name=\"author\" content=\"Redazione\" \/>\n<meta name=\"twitter:card\" content=\"summary_large_image\" \/>\n<meta name=\"twitter:creator\" content=\"@rassegnastampa9\" \/>\n<meta name=\"twitter:site\" content=\"@rassegnastampa9\" \/>\n<meta name=\"twitter:label1\" content=\"Scritto da\" \/>\n\t<meta name=\"twitter:data1\" content=\"Redazione\" \/>\n\t<meta name=\"twitter:label2\" content=\"Tempo di lettura stimato\" \/>\n\t<meta name=\"twitter:data2\" content=\"3 minuti\" \/>\n<script type=\"application\/ld+json\" class=\"yoast-schema-graph\">{\"@context\":\"https:\\\/\\\/schema.org\",\"@graph\":[{\"@type\":\"Article\",\"@id\":\"https:\\\/\\\/www.rassegnastampa-totustuus.it\\\/cattolica\\\/turchia-ue-raggiunto-accordo-tra-le-ambiguit\\\/#article\",\"isPartOf\":{\"@id\":\"https:\\\/\\\/www.rassegnastampa-totustuus.it\\\/cattolica\\\/turchia-ue-raggiunto-accordo-tra-le-ambiguit\\\/\"},\"author\":{\"name\":\"Redazione\",\"@id\":\"https:\\\/\\\/www.rassegnastampa-totustuus.it\\\/cattolica\\\/#\\\/schema\\\/person\\\/08f319d2bd1a0904ad9e2bfb7b15e5c3\"},\"headline\":\"Turchia-UE, raggiunto accordo tra le ambiguit&agrave;\",\"datePublished\":\"2004-12-21T11:05:06+00:00\",\"dateModified\":\"2025-07-06T13:57:49+00:00\",\"mainEntityOfPage\":{\"@id\":\"https:\\\/\\\/www.rassegnastampa-totustuus.it\\\/cattolica\\\/turchia-ue-raggiunto-accordo-tra-le-ambiguit\\\/\"},\"wordCount\":412,\"publisher\":{\"@id\":\"https:\\\/\\\/www.rassegnastampa-totustuus.it\\\/cattolica\\\/#organization\"},\"image\":{\"@id\":\"https:\\\/\\\/www.rassegnastampa-totustuus.it\\\/cattolica\\\/turchia-ue-raggiunto-accordo-tra-le-ambiguit\\\/#primaryimage\"},\"thumbnailUrl\":\"https:\\\/\\\/www.rassegnastampa-totustuus.it\\\/cattolica\\\/wp-content\\\/uploads\\\/2004\\\/12\\\/Cipro_Turchia.jpg\",\"keywords\":[\"Turchia\"],\"articleSection\":[\"Europa e UE\"],\"inLanguage\":\"it-IT\"},{\"@type\":\"WebPage\",\"@id\":\"https:\\\/\\\/www.rassegnastampa-totustuus.it\\\/cattolica\\\/turchia-ue-raggiunto-accordo-tra-le-ambiguit\\\/\",\"url\":\"https:\\\/\\\/www.rassegnastampa-totustuus.it\\\/cattolica\\\/turchia-ue-raggiunto-accordo-tra-le-ambiguit\\\/\",\"name\":\"Turchia-UE, raggiunto accordo tra le ambiguit&agrave; - Rassegna Stampa Cattolica\",\"isPartOf\":{\"@id\":\"https:\\\/\\\/www.rassegnastampa-totustuus.it\\\/cattolica\\\/#website\"},\"primaryImageOfPage\":{\"@id\":\"https:\\\/\\\/www.rassegnastampa-totustuus.it\\\/cattolica\\\/turchia-ue-raggiunto-accordo-tra-le-ambiguit\\\/#primaryimage\"},\"image\":{\"@id\":\"https:\\\/\\\/www.rassegnastampa-totustuus.it\\\/cattolica\\\/turchia-ue-raggiunto-accordo-tra-le-ambiguit\\\/#primaryimage\"},\"thumbnailUrl\":\"https:\\\/\\\/www.rassegnastampa-totustuus.it\\\/cattolica\\\/wp-content\\\/uploads\\\/2004\\\/12\\\/Cipro_Turchia.jpg\",\"datePublished\":\"2004-12-21T11:05:06+00:00\",\"dateModified\":\"2025-07-06T13:57:49+00:00\",\"description\":\"Turchia-UE, raggiunto accordo tra le ambiguit\u00e0 i sono infatti ancora dubbi sulla soluzione della questione cipriota.\",\"breadcrumb\":{\"@id\":\"https:\\\/\\\/www.rassegnastampa-totustuus.it\\\/cattolica\\\/turchia-ue-raggiunto-accordo-tra-le-ambiguit\\\/#breadcrumb\"},\"inLanguage\":\"it-IT\",\"potentialAction\":[{\"@type\":\"ReadAction\",\"target\":[\"https:\\\/\\\/www.rassegnastampa-totustuus.it\\\/cattolica\\\/turchia-ue-raggiunto-accordo-tra-le-ambiguit\\\/\"]}]},{\"@type\":\"ImageObject\",\"inLanguage\":\"it-IT\",\"@id\":\"https:\\\/\\\/www.rassegnastampa-totustuus.it\\\/cattolica\\\/turchia-ue-raggiunto-accordo-tra-le-ambiguit\\\/#primaryimage\",\"url\":\"https:\\\/\\\/www.rassegnastampa-totustuus.it\\\/cattolica\\\/wp-content\\\/uploads\\\/2004\\\/12\\\/Cipro_Turchia.jpg\",\"contentUrl\":\"https:\\\/\\\/www.rassegnastampa-totustuus.it\\\/cattolica\\\/wp-content\\\/uploads\\\/2004\\\/12\\\/Cipro_Turchia.jpg\",\"width\":318,\"height\":158},{\"@type\":\"BreadcrumbList\",\"@id\":\"https:\\\/\\\/www.rassegnastampa-totustuus.it\\\/cattolica\\\/turchia-ue-raggiunto-accordo-tra-le-ambiguit\\\/#breadcrumb\",\"itemListElement\":[{\"@type\":\"ListItem\",\"position\":1,\"name\":\"Home\",\"item\":\"https:\\\/\\\/www.rassegnastampa-totustuus.it\\\/cattolica\\\/\"},{\"@type\":\"ListItem\",\"position\":2,\"name\":\"Turchia-UE, raggiunto accordo tra le ambiguit&agrave;\"}]},{\"@type\":\"WebSite\",\"@id\":\"https:\\\/\\\/www.rassegnastampa-totustuus.it\\\/cattolica\\\/#website\",\"url\":\"https:\\\/\\\/www.rassegnastampa-totustuus.it\\\/cattolica\\\/\",\"name\":\"Rassegna Stampa Cattolica\",\"description\":\"Per una cultura che nasce dalla Rivelazione cristiana in conformit\u00e0 alla tradizione e al Magistero della Chiesa in opposizione ad ogni relativismo e totalitarismo\",\"publisher\":{\"@id\":\"https:\\\/\\\/www.rassegnastampa-totustuus.it\\\/cattolica\\\/#organization\"},\"alternateName\":\"Rass. Cattolica\",\"potentialAction\":[{\"@type\":\"SearchAction\",\"target\":{\"@type\":\"EntryPoint\",\"urlTemplate\":\"https:\\\/\\\/www.rassegnastampa-totustuus.it\\\/cattolica\\\/?s={search_term_string}\"},\"query-input\":{\"@type\":\"PropertyValueSpecification\",\"valueRequired\":true,\"valueName\":\"search_term_string\"}}],\"inLanguage\":\"it-IT\"},{\"@type\":\"Organization\",\"@id\":\"https:\\\/\\\/www.rassegnastampa-totustuus.it\\\/cattolica\\\/#organization\",\"name\":\"Rassegna Stampa Cattolica\",\"url\":\"https:\\\/\\\/www.rassegnastampa-totustuus.it\\\/cattolica\\\/\",\"logo\":{\"@type\":\"ImageObject\",\"inLanguage\":\"it-IT\",\"@id\":\"https:\\\/\\\/www.rassegnastampa-totustuus.it\\\/cattolica\\\/#\\\/schema\\\/logo\\\/image\\\/\",\"url\":\"https:\\\/\\\/www.rassegnastampa-totustuus.it\\\/cattolica\\\/wp-content\\\/uploads\\\/2014\\\/04\\\/logo-rassegna1.gif\",\"contentUrl\":\"https:\\\/\\\/www.rassegnastampa-totustuus.it\\\/cattolica\\\/wp-content\\\/uploads\\\/2014\\\/04\\\/logo-rassegna1.gif\",\"width\":600,\"height\":163,\"caption\":\"Rassegna Stampa Cattolica\"},\"image\":{\"@id\":\"https:\\\/\\\/www.rassegnastampa-totustuus.it\\\/cattolica\\\/#\\\/schema\\\/logo\\\/image\\\/\"},\"sameAs\":[\"https:\\\/\\\/www.facebook.com\\\/rassegnastampacattolica\",\"https:\\\/\\\/x.com\\\/rassegnastampa9\"]},{\"@type\":\"Person\",\"@id\":\"https:\\\/\\\/www.rassegnastampa-totustuus.it\\\/cattolica\\\/#\\\/schema\\\/person\\\/08f319d2bd1a0904ad9e2bfb7b15e5c3\",\"name\":\"Redazione\",\"image\":{\"@type\":\"ImageObject\",\"inLanguage\":\"it-IT\",\"@id\":\"https:\\\/\\\/secure.gravatar.com\\\/avatar\\\/2fcdf27c78ea025fbdb44e914cc63c72249ffec9dc8aafd5c82b26240ef3f346?s=96&d=mm&r=g\",\"url\":\"https:\\\/\\\/secure.gravatar.com\\\/avatar\\\/2fcdf27c78ea025fbdb44e914cc63c72249ffec9dc8aafd5c82b26240ef3f346?s=96&d=mm&r=g\",\"contentUrl\":\"https:\\\/\\\/secure.gravatar.com\\\/avatar\\\/2fcdf27c78ea025fbdb44e914cc63c72249ffec9dc8aafd5c82b26240ef3f346?s=96&d=mm&r=g\",\"caption\":\"Redazione\"},\"url\":\"https:\\\/\\\/www.rassegnastampa-totustuus.it\\\/cattolica\\\/author\\\/pietroelle\\\/\"}]}<\/script>\n<!-- \/ Yoast SEO plugin. -->","yoast_head_json":{"title":"Turchia-UE, raggiunto accordo tra le ambiguit&agrave; - Rassegna Stampa Cattolica","description":"Turchia-UE, raggiunto accordo tra le ambiguit\u00e0 i sono infatti ancora dubbi sulla soluzione della questione cipriota.","robots":{"index":"index","follow":"follow","max-snippet":"max-snippet:-1","max-image-preview":"max-image-preview:large","max-video-preview":"max-video-preview:-1"},"canonical":"https:\/\/www.rassegnastampa-totustuus.it\/cattolica\/turchia-ue-raggiunto-accordo-tra-le-ambiguit\/","og_locale":"it_IT","og_type":"article","og_title":"Turchia-UE, raggiunto accordo tra le ambiguit&agrave; - Rassegna Stampa Cattolica","og_description":"Turchia-UE, raggiunto accordo tra le ambiguit\u00e0 i sono infatti ancora dubbi sulla soluzione della questione cipriota.","og_url":"https:\/\/www.rassegnastampa-totustuus.it\/cattolica\/turchia-ue-raggiunto-accordo-tra-le-ambiguit\/","og_site_name":"Rassegna Stampa Cattolica","article_publisher":"https:\/\/www.facebook.com\/rassegnastampacattolica","article_published_time":"2004-12-21T11:05:06+00:00","article_modified_time":"2025-07-06T13:57:49+00:00","og_image":[{"width":318,"height":158,"url":"https:\/\/www.rassegnastampa-totustuus.it\/cattolica\/wp-content\/uploads\/2004\/12\/Cipro_Turchia.jpg","type":"image\/jpeg"}],"author":"Redazione","twitter_card":"summary_large_image","twitter_creator":"@rassegnastampa9","twitter_site":"@rassegnastampa9","twitter_misc":{"Scritto da":"Redazione","Tempo di lettura stimato":"3 minuti"},"schema":{"@context":"https:\/\/schema.org","@graph":[{"@type":"Article","@id":"https:\/\/www.rassegnastampa-totustuus.it\/cattolica\/turchia-ue-raggiunto-accordo-tra-le-ambiguit\/#article","isPartOf":{"@id":"https:\/\/www.rassegnastampa-totustuus.it\/cattolica\/turchia-ue-raggiunto-accordo-tra-le-ambiguit\/"},"author":{"name":"Redazione","@id":"https:\/\/www.rassegnastampa-totustuus.it\/cattolica\/#\/schema\/person\/08f319d2bd1a0904ad9e2bfb7b15e5c3"},"headline":"Turchia-UE, raggiunto accordo tra le ambiguit&agrave;","datePublished":"2004-12-21T11:05:06+00:00","dateModified":"2025-07-06T13:57:49+00:00","mainEntityOfPage":{"@id":"https:\/\/www.rassegnastampa-totustuus.it\/cattolica\/turchia-ue-raggiunto-accordo-tra-le-ambiguit\/"},"wordCount":412,"publisher":{"@id":"https:\/\/www.rassegnastampa-totustuus.it\/cattolica\/#organization"},"image":{"@id":"https:\/\/www.rassegnastampa-totustuus.it\/cattolica\/turchia-ue-raggiunto-accordo-tra-le-ambiguit\/#primaryimage"},"thumbnailUrl":"https:\/\/www.rassegnastampa-totustuus.it\/cattolica\/wp-content\/uploads\/2004\/12\/Cipro_Turchia.jpg","keywords":["Turchia"],"articleSection":["Europa e UE"],"inLanguage":"it-IT"},{"@type":"WebPage","@id":"https:\/\/www.rassegnastampa-totustuus.it\/cattolica\/turchia-ue-raggiunto-accordo-tra-le-ambiguit\/","url":"https:\/\/www.rassegnastampa-totustuus.it\/cattolica\/turchia-ue-raggiunto-accordo-tra-le-ambiguit\/","name":"Turchia-UE, raggiunto accordo tra le ambiguit&agrave; - Rassegna Stampa Cattolica","isPartOf":{"@id":"https:\/\/www.rassegnastampa-totustuus.it\/cattolica\/#website"},"primaryImageOfPage":{"@id":"https:\/\/www.rassegnastampa-totustuus.it\/cattolica\/turchia-ue-raggiunto-accordo-tra-le-ambiguit\/#primaryimage"},"image":{"@id":"https:\/\/www.rassegnastampa-totustuus.it\/cattolica\/turchia-ue-raggiunto-accordo-tra-le-ambiguit\/#primaryimage"},"thumbnailUrl":"https:\/\/www.rassegnastampa-totustuus.it\/cattolica\/wp-content\/uploads\/2004\/12\/Cipro_Turchia.jpg","datePublished":"2004-12-21T11:05:06+00:00","dateModified":"2025-07-06T13:57:49+00:00","description":"Turchia-UE, raggiunto accordo tra le ambiguit\u00e0 i sono infatti ancora dubbi sulla soluzione della questione cipriota.","breadcrumb":{"@id":"https:\/\/www.rassegnastampa-totustuus.it\/cattolica\/turchia-ue-raggiunto-accordo-tra-le-ambiguit\/#breadcrumb"},"inLanguage":"it-IT","potentialAction":[{"@type":"ReadAction","target":["https:\/\/www.rassegnastampa-totustuus.it\/cattolica\/turchia-ue-raggiunto-accordo-tra-le-ambiguit\/"]}]},{"@type":"ImageObject","inLanguage":"it-IT","@id":"https:\/\/www.rassegnastampa-totustuus.it\/cattolica\/turchia-ue-raggiunto-accordo-tra-le-ambiguit\/#primaryimage","url":"https:\/\/www.rassegnastampa-totustuus.it\/cattolica\/wp-content\/uploads\/2004\/12\/Cipro_Turchia.jpg","contentUrl":"https:\/\/www.rassegnastampa-totustuus.it\/cattolica\/wp-content\/uploads\/2004\/12\/Cipro_Turchia.jpg","width":318,"height":158},{"@type":"BreadcrumbList","@id":"https:\/\/www.rassegnastampa-totustuus.it\/cattolica\/turchia-ue-raggiunto-accordo-tra-le-ambiguit\/#breadcrumb","itemListElement":[{"@type":"ListItem","position":1,"name":"Home","item":"https:\/\/www.rassegnastampa-totustuus.it\/cattolica\/"},{"@type":"ListItem","position":2,"name":"Turchia-UE, raggiunto accordo tra le ambiguit&agrave;"}]},{"@type":"WebSite","@id":"https:\/\/www.rassegnastampa-totustuus.it\/cattolica\/#website","url":"https:\/\/www.rassegnastampa-totustuus.it\/cattolica\/","name":"Rassegna Stampa Cattolica","description":"Per una cultura che nasce dalla Rivelazione cristiana in conformit\u00e0 alla tradizione e al Magistero della Chiesa in opposizione ad ogni relativismo e totalitarismo","publisher":{"@id":"https:\/\/www.rassegnastampa-totustuus.it\/cattolica\/#organization"},"alternateName":"Rass. Cattolica","potentialAction":[{"@type":"SearchAction","target":{"@type":"EntryPoint","urlTemplate":"https:\/\/www.rassegnastampa-totustuus.it\/cattolica\/?s={search_term_string}"},"query-input":{"@type":"PropertyValueSpecification","valueRequired":true,"valueName":"search_term_string"}}],"inLanguage":"it-IT"},{"@type":"Organization","@id":"https:\/\/www.rassegnastampa-totustuus.it\/cattolica\/#organization","name":"Rassegna Stampa Cattolica","url":"https:\/\/www.rassegnastampa-totustuus.it\/cattolica\/","logo":{"@type":"ImageObject","inLanguage":"it-IT","@id":"https:\/\/www.rassegnastampa-totustuus.it\/cattolica\/#\/schema\/logo\/image\/","url":"https:\/\/www.rassegnastampa-totustuus.it\/cattolica\/wp-content\/uploads\/2014\/04\/logo-rassegna1.gif","contentUrl":"https:\/\/www.rassegnastampa-totustuus.it\/cattolica\/wp-content\/uploads\/2014\/04\/logo-rassegna1.gif","width":600,"height":163,"caption":"Rassegna Stampa Cattolica"},"image":{"@id":"https:\/\/www.rassegnastampa-totustuus.it\/cattolica\/#\/schema\/logo\/image\/"},"sameAs":["https:\/\/www.facebook.com\/rassegnastampacattolica","https:\/\/x.com\/rassegnastampa9"]},{"@type":"Person","@id":"https:\/\/www.rassegnastampa-totustuus.it\/cattolica\/#\/schema\/person\/08f319d2bd1a0904ad9e2bfb7b15e5c3","name":"Redazione","image":{"@type":"ImageObject","inLanguage":"it-IT","@id":"https:\/\/secure.gravatar.com\/avatar\/2fcdf27c78ea025fbdb44e914cc63c72249ffec9dc8aafd5c82b26240ef3f346?s=96&d=mm&r=g","url":"https:\/\/secure.gravatar.com\/avatar\/2fcdf27c78ea025fbdb44e914cc63c72249ffec9dc8aafd5c82b26240ef3f346?s=96&d=mm&r=g","contentUrl":"https:\/\/secure.gravatar.com\/avatar\/2fcdf27c78ea025fbdb44e914cc63c72249ffec9dc8aafd5c82b26240ef3f346?s=96&d=mm&r=g","caption":"Redazione"},"url":"https:\/\/www.rassegnastampa-totustuus.it\/cattolica\/author\/pietroelle\/"}]}},"_links":{"self":[{"href":"https:\/\/www.rassegnastampa-totustuus.it\/cattolica\/wp-json\/wp\/v2\/posts\/255","targetHints":{"allow":["GET"]}}],"collection":[{"href":"https:\/\/www.rassegnastampa-totustuus.it\/cattolica\/wp-json\/wp\/v2\/posts"}],"about":[{"href":"https:\/\/www.rassegnastampa-totustuus.it\/cattolica\/wp-json\/wp\/v2\/types\/post"}],"author":[{"embeddable":true,"href":"https:\/\/www.rassegnastampa-totustuus.it\/cattolica\/wp-json\/wp\/v2\/users\/6"}],"replies":[{"embeddable":true,"href":"https:\/\/www.rassegnastampa-totustuus.it\/cattolica\/wp-json\/wp\/v2\/comments?post=255"}],"version-history":[{"count":3,"href":"https:\/\/www.rassegnastampa-totustuus.it\/cattolica\/wp-json\/wp\/v2\/posts\/255\/revisions"}],"predecessor-version":[{"id":62954,"href":"https:\/\/www.rassegnastampa-totustuus.it\/cattolica\/wp-json\/wp\/v2\/posts\/255\/revisions\/62954"}],"wp:featuredmedia":[{"embeddable":true,"href":"https:\/\/www.rassegnastampa-totustuus.it\/cattolica\/wp-json\/wp\/v2\/media\/32110"}],"wp:attachment":[{"href":"https:\/\/www.rassegnastampa-totustuus.it\/cattolica\/wp-json\/wp\/v2\/media?parent=255"}],"wp:term":[{"taxonomy":"category","embeddable":true,"href":"https:\/\/www.rassegnastampa-totustuus.it\/cattolica\/wp-json\/wp\/v2\/categories?post=255"},{"taxonomy":"post_tag","embeddable":true,"href":"https:\/\/www.rassegnastampa-totustuus.it\/cattolica\/wp-json\/wp\/v2\/tags?post=255"}],"curies":[{"name":"wp","href":"https:\/\/api.w.org\/{rel}","templated":true}]}}