{"id":2548,"date":"2007-03-29T00:00:00","date_gmt":"2007-03-28T22:00:00","guid":{"rendered":""},"modified":"2019-07-19T10:17:42","modified_gmt":"2019-07-19T08:17:42","slug":"quando-lurss-volle-sradicare-la-famiglia","status":"publish","type":"post","link":"https:\/\/www.rassegnastampa-totustuus.it\/cattolica\/quando-lurss-volle-sradicare-la-famiglia\/","title":{"rendered":"Quando l&#8217;Urss volle sradicare la famiglia"},"content":{"rendered":"<div style=\"text-align: center;\"><strong><img loading=\"lazy\" decoding=\"async\" class=\"alignright wp-image-33649\" src=\"https:\/\/www.rassegnastampa-totustuus.it\/cattolica\/wp-content\/uploads\/2007\/03\/Urss_8marzo.jpg\" alt=\"Urss_8marzo\" width=\"137\" height=\"200\" \/>Avvenire,<\/strong> 13 marzo 2007<\/div>\n<p style=\"text-align: justify;\"><em>Divorzi facili e rapidissimi, unioni di fatto al posto dei\u00a0 matrimoni: cos\u00ec la rivoluzione russa combatt\u00e9 il nucleo primario della societ\u00e0. Con risultati disastrosi, tanto da dover ricorrere ai ripari <\/em><\/p>\n<p style=\"text-align: center;\">di<strong> Leonardo Servadio<\/strong><\/p>\n<p><!--more--><\/p>\n<p style=\"text-align: justify;\">Negli anni Venti, in Unione Sovietica si dovette verificare un&#8217;ondata impressionante di violenza minorile: lo testimonia il fatto che i legislatori decisero di ridurre da 16 a 14 anni l&#8217;et\u00e0 per l&#8217;impunibilit\u00e0. Ma il problema non si risolse, e nell&#8217;aprile del 1935 una nuova legge stabil\u00ec che gi\u00e0 a 12 anni di et\u00e0 un ragazzo (poco pi\u00f9 che un bambino!), potesse subire la pena di morte mediante fucilazione.Dovevano essere tempi ben duri per i minori: qualcosa doveva spingerli per le strade, sbandati, privi di guida, preda degli istinti e dell&#8217;arbitrio.Che cosa?<\/p>\n<p style=\"text-align: justify;\"><a href=\"https:\/\/www.rassegnastampa-totustuus.it\/cattolica\/wp-content\/uploads\/2009\/02\/famiglia_Urss.jpg\"><img loading=\"lazy\" decoding=\"async\" class=\"size-full wp-image-30210 alignleft\" src=\"https:\/\/www.rassegnastampa-totustuus.it\/cattolica\/wp-content\/uploads\/2009\/02\/famiglia_Urss.jpg\" alt=\"\" width=\"192\" height=\"240\" \/><\/a>Oltre al precedente ordinamento monarchico, tra le vittime della rivoluzione del &#8217;17 era caduto anche qualcosa che sta al di l\u00e0 e al di sopra dei sistemi politici e degli stati: la famiglia.Il nucleo basilare della societ\u00e0, il suo fondamento primo, era stato tolto di mezzo, come a voler trascinare nel fuoco turbinoso della nuova era ogni aspetto della vita civile esistente. Il 19 dicembre 1917 fu emanata la prima disposizione sul divorzio, sanciva che bastasse la richiesta di uno solo dei coniugi per ottenerlo: un&#8217;espressione di liberalismo estremo. Il divorzio esisteva gi\u00e0 da decenni in Russia &#8211; il governo rivoluzionario le rese soltanto estremamente semplice.<\/p>\n<p style=\"text-align: justify;\">Il giorno seguente fu emanato un decreto riguardo alla sostituzione del matrimonio religioso con quello civile. In breve tempo furono emanate altre disposizioni che ridussero il matrimonio a semplice atto burocratico: \u00abCon queste norme che tolgono valore al matrimonio religioso e prevedono una procedura assai semplice per contrarre quello civile &#8211; spiega l&#8217;avvocato Goffredo Grassani, presidente della Confederazione Italiana Consultori Familiari &#8211; il legislatore sovietico ottenne lo scopo di laicizzare questo istituto e di sostituire al matrimonio sacramento un semplice contratto pubblicamente registrato\u00bb.<\/p>\n<p style=\"text-align: justify;\"><a href=\"https:\/\/www.rassegnastampa-totustuus.it\/cattolica\/wp-content\/uploads\/2017\/03\/8_marzo_Urss-2.jpg\"><img loading=\"lazy\" decoding=\"async\" class=\"size-full wp-image-37330 alignright\" src=\"https:\/\/www.rassegnastampa-totustuus.it\/cattolica\/wp-content\/uploads\/2017\/03\/8_marzo_Urss-2.jpg\" alt=\"\" width=\"187\" height=\"269\" \/><\/a>Successive norme del &#8217;27 \u00abequipararono il matrimonio di diritto a quello di fatto\u00bb. Cos\u00ec che l&#8217;unione tra due persone fu considerata valida anche indipendentemente dalla sua registrazione presso l&#8217;ufficio di stato civile. Per provare l&#8217;esistenza del matrimonio bastava affermare l&#8217;esistenza di condizioni come \u00abcoabitazione coniugale\u00bb, \u00abeconomia in comune\u00bb, \u00abrapporti coniugali\u00bb, \u00abmutuo sostegno materiale\u00bb.<\/p>\n<p style=\"text-align: justify;\">Non ricorda nulla tutto ci\u00f2 al giorno d&#8217;oggi, mentre ferve il dibattito su &#8220;pacs&#8221; e &#8220;dico&#8221;? In pratica, nella giovane Urss al matrimonio fu sostituito proprio quel genere di unione. E il risultato fu devastante.<\/p>\n<p style=\"text-align: justify;\">Il tasso di natalit\u00e0 dal 1929 al 1936 scese drasticamente. Si impenn\u00f2 il numero degli aborti; nel periodo &#8217;34-&#8217;35 nei villaggi si registrarono circa 243 mila nascite e circa 324 mila aborti, mentre nelle citt\u00e0 queste cifre furono rispettivamente 574 mila e 375 mila circa. A Mosca, epicentro del regime, le cifre nel &#8217;35 furono impressionanti: 70 mila nascite, 155 mila aborti. E, fatto ancor pi\u00f9 drammaticamente significativo, la paternit\u00e0 a Mosca quell&#8217;anno fu dichiarata solo dal 7,4 per cento dei genitori, mentre obiett\u00f2 la paternit\u00e0 il 25,4 per cento e non rispose il 62,2 per cento. Quell&#8217;anno a Mosca i divorzi furono oltre 2 mila, pari a circa la met\u00e0 dei matrimoni (i dati sono sempre riferiti da Grassani, da fonti sovietiche come le <em>Izvestia<\/em> e la <em>Pravda<\/em>).<\/p>\n<p style=\"text-align: justify;\">In pratica, le leggi anti-famiglia avevano fatto il loro corso e imposto una cultura nuova: l&#8217;arbitrio si sostituiva al senso di responsabilit\u00e0. \u00c8 su questo humus sociale che prese vigore la piaga della delinquenza minorile diffusa. Tale fu l&#8217;entit\u00e0 del disastro sociale che il legislatore, diciotto anni dopo aver cominciato ad agire in senso avverso alla famiglia, corse ai ripari, fece retromarcia e cominci\u00f2 a istituire leggi per recuperarne il valore e la funzione.<\/p>\n<p style=\"text-align: justify;\">Nel settembre &#8217;35 abol\u00ec il matrimonio di fatto e rese pi\u00f9 difficoltoso il divorzio, con provvedimenti significativi: oltre a imporre la richiesta mutua dei coniugi, si stabiliva che dell&#8217;avvenuto divorzio si facesse menzione sul passaporto, come un marchio permanente; furono introdotte alte tasse: 300 rubli (il salario medio era 2500 rubli l&#8217;anno).L&#8217;apparato propagandistico ufficiale si mise in moto per promuovere la famiglia.<\/p>\n<p style=\"text-align: justify;\">Possiamo trarne qualche indicazione per l&#8217;oggi?\u00abQuando si fanno ricerche sociologiche si esaminano campioni di qualche centinaio o migliaio di persone e i risultati si estrapolano sull&#8217;intera societ\u00e0 &#8211; argomenta ancora Grassani &#8211; In Urss abbiamo invece un caso provato nel corso degli anni sulla totalit\u00e0 della popolazione\u00bb. Quindi sorge la certezza: questo \u00e8 un esempio ben pi\u00f9 significativo di quello degli altri paesi europei che in questi ultimi anni hanno approvato regolamenti a favore della &#8220;coppie di fatto&#8221;, ma che ancora non hanno assaggiato fino in fondo le conseguenze di questa loro scelta.<\/p>\n","protected":false},"excerpt":{"rendered":"<p>Avvenire, 13 marzo 2007 Divorzi facili e rapidissimi, unioni di fatto al posto dei\u00a0 matrimoni: cos\u00ec la rivoluzione russa combatt\u00e9 il nucleo primario della societ\u00e0. Con risultati disastrosi, tanto da dover ricorrere ai ripari di Leonardo Servadio<\/p><p><a class=\"more-link btn\" href=\"https:\/\/www.rassegnastampa-totustuus.it\/cattolica\/quando-lurss-volle-sradicare-la-famiglia\/\">Continua a leggere<\/a><\/p>\n","protected":false},"author":6,"featured_media":33649,"comment_status":"closed","ping_status":"open","sticky":false,"template":"","format":"standard","meta":{"footnotes":""},"categories":[15,84],"tags":[156,175],"class_list":["post-2548","post","type-post","status-publish","format-standard","has-post-thumbnail","hentry","category-famiglia","category-urss","tag-famiglia-2","tag-urss-2","item-wrap"],"yoast_head":"<!-- This site is optimized with the Yoast SEO plugin v27.5 - https:\/\/yoast.com\/product\/yoast-seo-wordpress\/ -->\n<title>Quando l&#039;Urss volle sradicare la famiglia - Rassegna Stampa Cattolica<\/title>\n<meta name=\"description\" content=\"Rassegna Stampa Cattolica - Per una cultura che nasce dalla Rivelazione cristiana in conformit\u00e0 alla tradizione e al Magistero della Chiesa in opposizione ad ogni relativismo e totalitarismo\" \/>\n<meta name=\"robots\" content=\"index, follow, max-snippet:-1, max-image-preview:large, max-video-preview:-1\" \/>\n<link rel=\"canonical\" href=\"https:\/\/www.rassegnastampa-totustuus.it\/cattolica\/quando-lurss-volle-sradicare-la-famiglia\/\" \/>\n<meta property=\"og:locale\" content=\"it_IT\" \/>\n<meta property=\"og:type\" content=\"article\" \/>\n<meta property=\"og:title\" content=\"Quando l&#039;Urss volle sradicare la famiglia - Rassegna Stampa Cattolica\" \/>\n<meta property=\"og:description\" content=\"Rassegna Stampa Cattolica - Per una cultura che nasce dalla Rivelazione cristiana in conformit\u00e0 alla tradizione e al Magistero della Chiesa in opposizione ad ogni relativismo e totalitarismo\" \/>\n<meta property=\"og:url\" content=\"https:\/\/www.rassegnastampa-totustuus.it\/cattolica\/quando-lurss-volle-sradicare-la-famiglia\/\" \/>\n<meta property=\"og:site_name\" content=\"Rassegna Stampa Cattolica\" \/>\n<meta property=\"article:publisher\" content=\"https:\/\/www.facebook.com\/rassegnastampacattolica\" \/>\n<meta property=\"article:published_time\" content=\"2007-03-28T22:00:00+00:00\" \/>\n<meta property=\"article:modified_time\" content=\"2019-07-19T08:17:42+00:00\" \/>\n<meta property=\"og:image\" content=\"https:\/\/www.rassegnastampa-totustuus.it\/cattolica\/wp-content\/uploads\/2007\/03\/Urss_8marzo.jpg\" \/>\n\t<meta property=\"og:image:width\" content=\"186\" \/>\n\t<meta property=\"og:image:height\" content=\"271\" \/>\n\t<meta property=\"og:image:type\" content=\"image\/jpeg\" \/>\n<meta name=\"author\" content=\"Redazione\" \/>\n<meta name=\"twitter:card\" content=\"summary_large_image\" \/>\n<meta name=\"twitter:creator\" content=\"@rassegnastampa9\" \/>\n<meta name=\"twitter:site\" content=\"@rassegnastampa9\" \/>\n<meta name=\"twitter:label1\" content=\"Scritto da\" \/>\n\t<meta name=\"twitter:data1\" content=\"Redazione\" \/>\n\t<meta name=\"twitter:label2\" content=\"Tempo di lettura stimato\" \/>\n\t<meta name=\"twitter:data2\" content=\"4 minuti\" \/>\n<script type=\"application\/ld+json\" class=\"yoast-schema-graph\">{\"@context\":\"https:\\\/\\\/schema.org\",\"@graph\":[{\"@type\":\"Article\",\"@id\":\"https:\\\/\\\/www.rassegnastampa-totustuus.it\\\/cattolica\\\/quando-lurss-volle-sradicare-la-famiglia\\\/#article\",\"isPartOf\":{\"@id\":\"https:\\\/\\\/www.rassegnastampa-totustuus.it\\\/cattolica\\\/quando-lurss-volle-sradicare-la-famiglia\\\/\"},\"author\":{\"name\":\"Redazione\",\"@id\":\"https:\\\/\\\/www.rassegnastampa-totustuus.it\\\/cattolica\\\/#\\\/schema\\\/person\\\/08f319d2bd1a0904ad9e2bfb7b15e5c3\"},\"headline\":\"Quando l&#8217;Urss volle sradicare la famiglia\",\"datePublished\":\"2007-03-28T22:00:00+00:00\",\"dateModified\":\"2019-07-19T08:17:42+00:00\",\"mainEntityOfPage\":{\"@id\":\"https:\\\/\\\/www.rassegnastampa-totustuus.it\\\/cattolica\\\/quando-lurss-volle-sradicare-la-famiglia\\\/\"},\"wordCount\":768,\"publisher\":{\"@id\":\"https:\\\/\\\/www.rassegnastampa-totustuus.it\\\/cattolica\\\/#organization\"},\"image\":{\"@id\":\"https:\\\/\\\/www.rassegnastampa-totustuus.it\\\/cattolica\\\/quando-lurss-volle-sradicare-la-famiglia\\\/#primaryimage\"},\"thumbnailUrl\":\"https:\\\/\\\/www.rassegnastampa-totustuus.it\\\/cattolica\\\/wp-content\\\/uploads\\\/2007\\\/03\\\/Urss_8marzo.jpg\",\"keywords\":[\"famiglia\",\"Urss\"],\"articleSection\":[\"Famiglia\",\"URSS\"],\"inLanguage\":\"it-IT\"},{\"@type\":\"WebPage\",\"@id\":\"https:\\\/\\\/www.rassegnastampa-totustuus.it\\\/cattolica\\\/quando-lurss-volle-sradicare-la-famiglia\\\/\",\"url\":\"https:\\\/\\\/www.rassegnastampa-totustuus.it\\\/cattolica\\\/quando-lurss-volle-sradicare-la-famiglia\\\/\",\"name\":\"Quando l'Urss volle sradicare la famiglia - Rassegna Stampa Cattolica\",\"isPartOf\":{\"@id\":\"https:\\\/\\\/www.rassegnastampa-totustuus.it\\\/cattolica\\\/#website\"},\"primaryImageOfPage\":{\"@id\":\"https:\\\/\\\/www.rassegnastampa-totustuus.it\\\/cattolica\\\/quando-lurss-volle-sradicare-la-famiglia\\\/#primaryimage\"},\"image\":{\"@id\":\"https:\\\/\\\/www.rassegnastampa-totustuus.it\\\/cattolica\\\/quando-lurss-volle-sradicare-la-famiglia\\\/#primaryimage\"},\"thumbnailUrl\":\"https:\\\/\\\/www.rassegnastampa-totustuus.it\\\/cattolica\\\/wp-content\\\/uploads\\\/2007\\\/03\\\/Urss_8marzo.jpg\",\"datePublished\":\"2007-03-28T22:00:00+00:00\",\"dateModified\":\"2019-07-19T08:17:42+00:00\",\"description\":\"Rassegna Stampa Cattolica - Per una cultura che nasce dalla Rivelazione cristiana in conformit\u00e0 alla tradizione e al Magistero della Chiesa in opposizione ad ogni relativismo e totalitarismo\",\"breadcrumb\":{\"@id\":\"https:\\\/\\\/www.rassegnastampa-totustuus.it\\\/cattolica\\\/quando-lurss-volle-sradicare-la-famiglia\\\/#breadcrumb\"},\"inLanguage\":\"it-IT\",\"potentialAction\":[{\"@type\":\"ReadAction\",\"target\":[\"https:\\\/\\\/www.rassegnastampa-totustuus.it\\\/cattolica\\\/quando-lurss-volle-sradicare-la-famiglia\\\/\"]}]},{\"@type\":\"ImageObject\",\"inLanguage\":\"it-IT\",\"@id\":\"https:\\\/\\\/www.rassegnastampa-totustuus.it\\\/cattolica\\\/quando-lurss-volle-sradicare-la-famiglia\\\/#primaryimage\",\"url\":\"https:\\\/\\\/www.rassegnastampa-totustuus.it\\\/cattolica\\\/wp-content\\\/uploads\\\/2007\\\/03\\\/Urss_8marzo.jpg\",\"contentUrl\":\"https:\\\/\\\/www.rassegnastampa-totustuus.it\\\/cattolica\\\/wp-content\\\/uploads\\\/2007\\\/03\\\/Urss_8marzo.jpg\",\"width\":186,\"height\":271},{\"@type\":\"BreadcrumbList\",\"@id\":\"https:\\\/\\\/www.rassegnastampa-totustuus.it\\\/cattolica\\\/quando-lurss-volle-sradicare-la-famiglia\\\/#breadcrumb\",\"itemListElement\":[{\"@type\":\"ListItem\",\"position\":1,\"name\":\"Home\",\"item\":\"https:\\\/\\\/www.rassegnastampa-totustuus.it\\\/cattolica\\\/\"},{\"@type\":\"ListItem\",\"position\":2,\"name\":\"Quando l&#8217;Urss volle sradicare la famiglia\"}]},{\"@type\":\"WebSite\",\"@id\":\"https:\\\/\\\/www.rassegnastampa-totustuus.it\\\/cattolica\\\/#website\",\"url\":\"https:\\\/\\\/www.rassegnastampa-totustuus.it\\\/cattolica\\\/\",\"name\":\"Rassegna Stampa Cattolica\",\"description\":\"Per una cultura che nasce dalla Rivelazione cristiana in conformit\u00e0 alla tradizione e al Magistero della Chiesa in opposizione ad ogni relativismo e totalitarismo\",\"publisher\":{\"@id\":\"https:\\\/\\\/www.rassegnastampa-totustuus.it\\\/cattolica\\\/#organization\"},\"alternateName\":\"Rass. Cattolica\",\"potentialAction\":[{\"@type\":\"SearchAction\",\"target\":{\"@type\":\"EntryPoint\",\"urlTemplate\":\"https:\\\/\\\/www.rassegnastampa-totustuus.it\\\/cattolica\\\/?s={search_term_string}\"},\"query-input\":{\"@type\":\"PropertyValueSpecification\",\"valueRequired\":true,\"valueName\":\"search_term_string\"}}],\"inLanguage\":\"it-IT\"},{\"@type\":\"Organization\",\"@id\":\"https:\\\/\\\/www.rassegnastampa-totustuus.it\\\/cattolica\\\/#organization\",\"name\":\"Rassegna Stampa Cattolica\",\"url\":\"https:\\\/\\\/www.rassegnastampa-totustuus.it\\\/cattolica\\\/\",\"logo\":{\"@type\":\"ImageObject\",\"inLanguage\":\"it-IT\",\"@id\":\"https:\\\/\\\/www.rassegnastampa-totustuus.it\\\/cattolica\\\/#\\\/schema\\\/logo\\\/image\\\/\",\"url\":\"https:\\\/\\\/www.rassegnastampa-totustuus.it\\\/cattolica\\\/wp-content\\\/uploads\\\/2014\\\/04\\\/logo-rassegna1.gif\",\"contentUrl\":\"https:\\\/\\\/www.rassegnastampa-totustuus.it\\\/cattolica\\\/wp-content\\\/uploads\\\/2014\\\/04\\\/logo-rassegna1.gif\",\"width\":600,\"height\":163,\"caption\":\"Rassegna Stampa Cattolica\"},\"image\":{\"@id\":\"https:\\\/\\\/www.rassegnastampa-totustuus.it\\\/cattolica\\\/#\\\/schema\\\/logo\\\/image\\\/\"},\"sameAs\":[\"https:\\\/\\\/www.facebook.com\\\/rassegnastampacattolica\",\"https:\\\/\\\/x.com\\\/rassegnastampa9\"]},{\"@type\":\"Person\",\"@id\":\"https:\\\/\\\/www.rassegnastampa-totustuus.it\\\/cattolica\\\/#\\\/schema\\\/person\\\/08f319d2bd1a0904ad9e2bfb7b15e5c3\",\"name\":\"Redazione\",\"image\":{\"@type\":\"ImageObject\",\"inLanguage\":\"it-IT\",\"@id\":\"https:\\\/\\\/secure.gravatar.com\\\/avatar\\\/2fcdf27c78ea025fbdb44e914cc63c72249ffec9dc8aafd5c82b26240ef3f346?s=96&d=mm&r=g\",\"url\":\"https:\\\/\\\/secure.gravatar.com\\\/avatar\\\/2fcdf27c78ea025fbdb44e914cc63c72249ffec9dc8aafd5c82b26240ef3f346?s=96&d=mm&r=g\",\"contentUrl\":\"https:\\\/\\\/secure.gravatar.com\\\/avatar\\\/2fcdf27c78ea025fbdb44e914cc63c72249ffec9dc8aafd5c82b26240ef3f346?s=96&d=mm&r=g\",\"caption\":\"Redazione\"},\"url\":\"https:\\\/\\\/www.rassegnastampa-totustuus.it\\\/cattolica\\\/author\\\/pietroelle\\\/\"}]}<\/script>\n<!-- \/ Yoast SEO plugin. -->","yoast_head_json":{"title":"Quando l'Urss volle sradicare la famiglia - Rassegna Stampa Cattolica","description":"Rassegna Stampa Cattolica - Per una cultura che nasce dalla Rivelazione cristiana in conformit\u00e0 alla tradizione e al Magistero della Chiesa in opposizione ad ogni relativismo e totalitarismo","robots":{"index":"index","follow":"follow","max-snippet":"max-snippet:-1","max-image-preview":"max-image-preview:large","max-video-preview":"max-video-preview:-1"},"canonical":"https:\/\/www.rassegnastampa-totustuus.it\/cattolica\/quando-lurss-volle-sradicare-la-famiglia\/","og_locale":"it_IT","og_type":"article","og_title":"Quando l'Urss volle sradicare la famiglia - Rassegna Stampa Cattolica","og_description":"Rassegna Stampa Cattolica - Per una cultura che nasce dalla Rivelazione cristiana in conformit\u00e0 alla tradizione e al Magistero della Chiesa in opposizione ad ogni relativismo e totalitarismo","og_url":"https:\/\/www.rassegnastampa-totustuus.it\/cattolica\/quando-lurss-volle-sradicare-la-famiglia\/","og_site_name":"Rassegna Stampa Cattolica","article_publisher":"https:\/\/www.facebook.com\/rassegnastampacattolica","article_published_time":"2007-03-28T22:00:00+00:00","article_modified_time":"2019-07-19T08:17:42+00:00","og_image":[{"width":186,"height":271,"url":"https:\/\/www.rassegnastampa-totustuus.it\/cattolica\/wp-content\/uploads\/2007\/03\/Urss_8marzo.jpg","type":"image\/jpeg"}],"author":"Redazione","twitter_card":"summary_large_image","twitter_creator":"@rassegnastampa9","twitter_site":"@rassegnastampa9","twitter_misc":{"Scritto da":"Redazione","Tempo di lettura stimato":"4 minuti"},"schema":{"@context":"https:\/\/schema.org","@graph":[{"@type":"Article","@id":"https:\/\/www.rassegnastampa-totustuus.it\/cattolica\/quando-lurss-volle-sradicare-la-famiglia\/#article","isPartOf":{"@id":"https:\/\/www.rassegnastampa-totustuus.it\/cattolica\/quando-lurss-volle-sradicare-la-famiglia\/"},"author":{"name":"Redazione","@id":"https:\/\/www.rassegnastampa-totustuus.it\/cattolica\/#\/schema\/person\/08f319d2bd1a0904ad9e2bfb7b15e5c3"},"headline":"Quando l&#8217;Urss volle sradicare la famiglia","datePublished":"2007-03-28T22:00:00+00:00","dateModified":"2019-07-19T08:17:42+00:00","mainEntityOfPage":{"@id":"https:\/\/www.rassegnastampa-totustuus.it\/cattolica\/quando-lurss-volle-sradicare-la-famiglia\/"},"wordCount":768,"publisher":{"@id":"https:\/\/www.rassegnastampa-totustuus.it\/cattolica\/#organization"},"image":{"@id":"https:\/\/www.rassegnastampa-totustuus.it\/cattolica\/quando-lurss-volle-sradicare-la-famiglia\/#primaryimage"},"thumbnailUrl":"https:\/\/www.rassegnastampa-totustuus.it\/cattolica\/wp-content\/uploads\/2007\/03\/Urss_8marzo.jpg","keywords":["famiglia","Urss"],"articleSection":["Famiglia","URSS"],"inLanguage":"it-IT"},{"@type":"WebPage","@id":"https:\/\/www.rassegnastampa-totustuus.it\/cattolica\/quando-lurss-volle-sradicare-la-famiglia\/","url":"https:\/\/www.rassegnastampa-totustuus.it\/cattolica\/quando-lurss-volle-sradicare-la-famiglia\/","name":"Quando l'Urss volle sradicare la famiglia - Rassegna Stampa Cattolica","isPartOf":{"@id":"https:\/\/www.rassegnastampa-totustuus.it\/cattolica\/#website"},"primaryImageOfPage":{"@id":"https:\/\/www.rassegnastampa-totustuus.it\/cattolica\/quando-lurss-volle-sradicare-la-famiglia\/#primaryimage"},"image":{"@id":"https:\/\/www.rassegnastampa-totustuus.it\/cattolica\/quando-lurss-volle-sradicare-la-famiglia\/#primaryimage"},"thumbnailUrl":"https:\/\/www.rassegnastampa-totustuus.it\/cattolica\/wp-content\/uploads\/2007\/03\/Urss_8marzo.jpg","datePublished":"2007-03-28T22:00:00+00:00","dateModified":"2019-07-19T08:17:42+00:00","description":"Rassegna Stampa Cattolica - Per una cultura che nasce dalla Rivelazione cristiana in conformit\u00e0 alla tradizione e al Magistero della Chiesa in opposizione ad ogni relativismo e totalitarismo","breadcrumb":{"@id":"https:\/\/www.rassegnastampa-totustuus.it\/cattolica\/quando-lurss-volle-sradicare-la-famiglia\/#breadcrumb"},"inLanguage":"it-IT","potentialAction":[{"@type":"ReadAction","target":["https:\/\/www.rassegnastampa-totustuus.it\/cattolica\/quando-lurss-volle-sradicare-la-famiglia\/"]}]},{"@type":"ImageObject","inLanguage":"it-IT","@id":"https:\/\/www.rassegnastampa-totustuus.it\/cattolica\/quando-lurss-volle-sradicare-la-famiglia\/#primaryimage","url":"https:\/\/www.rassegnastampa-totustuus.it\/cattolica\/wp-content\/uploads\/2007\/03\/Urss_8marzo.jpg","contentUrl":"https:\/\/www.rassegnastampa-totustuus.it\/cattolica\/wp-content\/uploads\/2007\/03\/Urss_8marzo.jpg","width":186,"height":271},{"@type":"BreadcrumbList","@id":"https:\/\/www.rassegnastampa-totustuus.it\/cattolica\/quando-lurss-volle-sradicare-la-famiglia\/#breadcrumb","itemListElement":[{"@type":"ListItem","position":1,"name":"Home","item":"https:\/\/www.rassegnastampa-totustuus.it\/cattolica\/"},{"@type":"ListItem","position":2,"name":"Quando l&#8217;Urss volle sradicare la famiglia"}]},{"@type":"WebSite","@id":"https:\/\/www.rassegnastampa-totustuus.it\/cattolica\/#website","url":"https:\/\/www.rassegnastampa-totustuus.it\/cattolica\/","name":"Rassegna Stampa Cattolica","description":"Per una cultura che nasce dalla Rivelazione cristiana in conformit\u00e0 alla tradizione e al Magistero della Chiesa in opposizione ad ogni relativismo e totalitarismo","publisher":{"@id":"https:\/\/www.rassegnastampa-totustuus.it\/cattolica\/#organization"},"alternateName":"Rass. Cattolica","potentialAction":[{"@type":"SearchAction","target":{"@type":"EntryPoint","urlTemplate":"https:\/\/www.rassegnastampa-totustuus.it\/cattolica\/?s={search_term_string}"},"query-input":{"@type":"PropertyValueSpecification","valueRequired":true,"valueName":"search_term_string"}}],"inLanguage":"it-IT"},{"@type":"Organization","@id":"https:\/\/www.rassegnastampa-totustuus.it\/cattolica\/#organization","name":"Rassegna Stampa Cattolica","url":"https:\/\/www.rassegnastampa-totustuus.it\/cattolica\/","logo":{"@type":"ImageObject","inLanguage":"it-IT","@id":"https:\/\/www.rassegnastampa-totustuus.it\/cattolica\/#\/schema\/logo\/image\/","url":"https:\/\/www.rassegnastampa-totustuus.it\/cattolica\/wp-content\/uploads\/2014\/04\/logo-rassegna1.gif","contentUrl":"https:\/\/www.rassegnastampa-totustuus.it\/cattolica\/wp-content\/uploads\/2014\/04\/logo-rassegna1.gif","width":600,"height":163,"caption":"Rassegna Stampa Cattolica"},"image":{"@id":"https:\/\/www.rassegnastampa-totustuus.it\/cattolica\/#\/schema\/logo\/image\/"},"sameAs":["https:\/\/www.facebook.com\/rassegnastampacattolica","https:\/\/x.com\/rassegnastampa9"]},{"@type":"Person","@id":"https:\/\/www.rassegnastampa-totustuus.it\/cattolica\/#\/schema\/person\/08f319d2bd1a0904ad9e2bfb7b15e5c3","name":"Redazione","image":{"@type":"ImageObject","inLanguage":"it-IT","@id":"https:\/\/secure.gravatar.com\/avatar\/2fcdf27c78ea025fbdb44e914cc63c72249ffec9dc8aafd5c82b26240ef3f346?s=96&d=mm&r=g","url":"https:\/\/secure.gravatar.com\/avatar\/2fcdf27c78ea025fbdb44e914cc63c72249ffec9dc8aafd5c82b26240ef3f346?s=96&d=mm&r=g","contentUrl":"https:\/\/secure.gravatar.com\/avatar\/2fcdf27c78ea025fbdb44e914cc63c72249ffec9dc8aafd5c82b26240ef3f346?s=96&d=mm&r=g","caption":"Redazione"},"url":"https:\/\/www.rassegnastampa-totustuus.it\/cattolica\/author\/pietroelle\/"}]}},"_links":{"self":[{"href":"https:\/\/www.rassegnastampa-totustuus.it\/cattolica\/wp-json\/wp\/v2\/posts\/2548","targetHints":{"allow":["GET"]}}],"collection":[{"href":"https:\/\/www.rassegnastampa-totustuus.it\/cattolica\/wp-json\/wp\/v2\/posts"}],"about":[{"href":"https:\/\/www.rassegnastampa-totustuus.it\/cattolica\/wp-json\/wp\/v2\/types\/post"}],"author":[{"embeddable":true,"href":"https:\/\/www.rassegnastampa-totustuus.it\/cattolica\/wp-json\/wp\/v2\/users\/6"}],"replies":[{"embeddable":true,"href":"https:\/\/www.rassegnastampa-totustuus.it\/cattolica\/wp-json\/wp\/v2\/comments?post=2548"}],"version-history":[{"count":4,"href":"https:\/\/www.rassegnastampa-totustuus.it\/cattolica\/wp-json\/wp\/v2\/posts\/2548\/revisions"}],"predecessor-version":[{"id":43709,"href":"https:\/\/www.rassegnastampa-totustuus.it\/cattolica\/wp-json\/wp\/v2\/posts\/2548\/revisions\/43709"}],"wp:featuredmedia":[{"embeddable":true,"href":"https:\/\/www.rassegnastampa-totustuus.it\/cattolica\/wp-json\/wp\/v2\/media\/33649"}],"wp:attachment":[{"href":"https:\/\/www.rassegnastampa-totustuus.it\/cattolica\/wp-json\/wp\/v2\/media?parent=2548"}],"wp:term":[{"taxonomy":"category","embeddable":true,"href":"https:\/\/www.rassegnastampa-totustuus.it\/cattolica\/wp-json\/wp\/v2\/categories?post=2548"},{"taxonomy":"post_tag","embeddable":true,"href":"https:\/\/www.rassegnastampa-totustuus.it\/cattolica\/wp-json\/wp\/v2\/tags?post=2548"}],"curies":[{"name":"wp","href":"https:\/\/api.w.org\/{rel}","templated":true}]}}