{"id":2542,"date":"2007-03-22T00:00:00","date_gmt":"2007-03-21T23:00:00","guid":{"rendered":""},"modified":"2016-07-07T12:50:56","modified_gmt":"2016-07-07T10:50:56","slug":"i-dico-primo-passo-verso-la-poligamia","status":"publish","type":"post","link":"https:\/\/www.rassegnastampa-totustuus.it\/cattolica\/i-dico-primo-passo-verso-la-poligamia\/","title":{"rendered":"I Dico, primo passo verso la poligamia?"},"content":{"rendered":"<div style=\"text-align: center;\"><strong><img loading=\"lazy\" decoding=\"async\" class=\"alignright wp-image-35816\" src=\"https:\/\/www.rassegnastampa-totustuus.it\/cattolica\/wp-content\/uploads\/2007\/03\/poligamia.jpg\" alt=\"poligamia\" width=\"240\" height=\"180\" \/>il Giornale<\/strong>, 17 febbraio 2007<\/div>\n<p style=\"text-align: center;\">di <strong>Massimo Introvigne<\/strong><\/p>\n<p style=\"text-align: justify;\">Il forte richiamo di Benedetto XVI al diritto naturale, senza il quale la societ\u00e0 muore, e alla sua previsione di un unico modello di matrimonio &#8211; eterosessuale, ma anche monogamico &#8211; nasce dalla sua preoccupazione per i Pacs e i Dico di Prodi, ma \u00e8 stato probabilmente inasprito dalle preoccupazioni di molti vescovi italiani secondo cui la prossima fermata del trenino delle unioni civili potrebbe essere il riconoscimento della poligamia.<\/p>\n<p><!--more--><\/p>\n<div style=\"text-align: justify;\">Non importa che al rilievo di Tremonti, secondo cui nella bozza iniziale del governo la poligamia c&#8217;era gi\u00e0, l&#8217;Unione abbia risposto facendo sparire dal sito Internet del governo il disegno di legge, e spiegando che ricomparir\u00e0 con modifiche \u00abtecniche\u00bb, che dovrebbero prevenire anche la poligamia. Sono i principi che contano.<\/div>\n<p style=\"text-align: justify;\">Paradossalmente ai musulmani italiani che praticano la poligamia (ci sono, e non sono pochi) vanno meglio i Dico di Prodi che un&#8217;estensione della definizione di matrimonio. Questa richiederebbe in effetti una modifica della Costituzione. Mentre la poligamia potrebbe ottenere un qualche riconoscimento sotto forma di registro civile o di presa d&#8217;atto da parte dello Stato che la convivenza poligamica \u00e8 gi\u00e0 in essere.<\/p>\n<p style=\"text-align: justify;\">Due sono infatti gli argomenti principali avanzati dai sostenitori dei Pacs o dei Dico, e contestati nel discorso di luned\u00ec del Papa. Il primo \u00e8 quello relativista, secondo cui non esistono n\u00e9 un diritto naturale n\u00e9 una forma \u00abnaturale\u00bb di matrimonio e lo Stato, buon notaio, deve prendere atto di quanto gi\u00e0 esiste nel Paese.<\/p>\n<p style=\"text-align: justify;\">Alla sociologa Chiara Saraceno \u00e8 sfuggita in un articolo su <em>La Stampa<\/em> contro le posizioni di Benedetto XVI la frase secondo cui \u00abil matrimonio monogamico ed eterosessuale\u00bb non \u00e8 pi\u00f9 l&#8217;unico modello presente in Italia. \u00c8 del tutto pacifico che ci siano in Europa pi\u00f9 matrimoni poligami clandestini di quanti siano i matrimoni omosessuali celebrati nei Paesi che li hanno legalizzati.<\/p>\n<p style=\"text-align: justify;\">Se dunque si trattasse solo di una presa d&#8217;atto di quanto nella societ\u00e0 esiste gi\u00e0, la poligamia potrebbe avanzare pretese non meno forti di quelle delle unione omosessuali. Il secondo argomento avanzato in favore dei Dico \u00e8 che il riconoscimento civile protegge i soggetti pi\u00f9 deboli nella convivenza.<\/p>\n<p style=\"text-align: justify;\">Dibattendo a un convegno alla London School of Economics con esponenti musulmani fondamentalisti ho usato l&#8217;obiezione secondo cui il riconoscimento della poligamia favorirebbe la prevaricazione dei mariti. Mi \u00e8 stato risposto, esempi alla mano, che \u00e8 tutto il contrario. In assenza di riconoscimento giuridico, la seconda moglie (e le altre) sono nelle mani del marito, che pu\u00f2 ripudiarle senza dovere pagare loro un centesimo.<\/p>\n<p style=\"text-align: justify;\">Se il marito muore, non ereditano, perch\u00e9 lo Stato non le riconosce come mogli. In sintesi, secondo questi musulmani, il riconoscimento giuridico del matrimonio poligamico in realt\u00e0 proteggerebbe proprio le donne. Un&#8217;inchiesta di questo giornale nel Nord-Est dimostra che la poligamia clandestina c&#8217;\u00e8 anche in Italia.<\/p>\n<p style=\"text-align: justify;\">Argomenti simili a quelli che l&#8217;Unione avanza a favore dei Dico potrebbero essere usati per chiedere un qualche riconoscimento anagrafico di convivenze poligamiche, che nelle stradine dei nostri centri storici gi\u00e0 esistono. Non c&#8217;\u00e8 scampo: o ha ragione Benedetto XVI, e l&#8217;unica forma di unione che ha titolo a essere riconosciuta non solo dalla fede dei cattolici ma anche dalla retta ragione dei laici \u00e8 quella monogamica ed eterosessuale, o la bomba a orologeria delle richieste di riconoscimento della poligamia comincia a ticchettare.<\/p>\n","protected":false},"excerpt":{"rendered":"<p>il Giornale, 17 febbraio 2007 di Massimo Introvigne Il forte richiamo di Benedetto XVI al diritto naturale, senza il quale la societ\u00e0 muore, e alla sua previsione di un unico modello di matrimonio &#8211; eterosessuale, ma anche monogamico &#8211; nasce dalla sua preoccupazione per i Pacs e i Dico di Prodi, ma \u00e8 stato probabilmente &hellip; <\/p>\n<p><a class=\"more-link btn\" href=\"https:\/\/www.rassegnastampa-totustuus.it\/cattolica\/i-dico-primo-passo-verso-la-poligamia\/\">Continua a leggere<\/a><\/p>\n","protected":false},"author":6,"featured_media":35816,"comment_status":"closed","ping_status":"open","sticky":false,"template":"","format":"standard","meta":{"footnotes":""},"categories":[15,20],"tags":[1434,451,1222],"class_list":["post-2542","post","type-post","status-publish","format-standard","has-post-thumbnail","hentry","category-famiglia","category-politica-nazionale","tag-dico","tag-poligamia","tag-unione","item-wrap"],"yoast_head":"<!-- This site is optimized with the Yoast SEO plugin v27.5 - https:\/\/yoast.com\/product\/yoast-seo-wordpress\/ -->\n<title>I Dico, primo passo verso la poligamia? - Rassegna Stampa Cattolica<\/title>\n<meta name=\"description\" content=\"Rassegna Stampa Cattolica - Per una cultura che nasce dalla Rivelazione cristiana in conformit\u00e0 alla tradizione e al Magistero della Chiesa in opposizione ad ogni relativismo e totalitarismo\" \/>\n<meta name=\"robots\" content=\"index, follow, max-snippet:-1, max-image-preview:large, max-video-preview:-1\" \/>\n<link rel=\"canonical\" href=\"https:\/\/www.rassegnastampa-totustuus.it\/cattolica\/i-dico-primo-passo-verso-la-poligamia\/\" \/>\n<meta property=\"og:locale\" content=\"it_IT\" \/>\n<meta property=\"og:type\" content=\"article\" \/>\n<meta property=\"og:title\" content=\"I Dico, primo passo verso la poligamia? - Rassegna Stampa Cattolica\" \/>\n<meta property=\"og:description\" content=\"Rassegna Stampa Cattolica - Per una cultura che nasce dalla Rivelazione cristiana in conformit\u00e0 alla tradizione e al Magistero della Chiesa in opposizione ad ogni relativismo e totalitarismo\" \/>\n<meta property=\"og:url\" content=\"https:\/\/www.rassegnastampa-totustuus.it\/cattolica\/i-dico-primo-passo-verso-la-poligamia\/\" \/>\n<meta property=\"og:site_name\" content=\"Rassegna Stampa Cattolica\" \/>\n<meta property=\"article:publisher\" content=\"https:\/\/www.facebook.com\/rassegnastampacattolica\" \/>\n<meta property=\"article:published_time\" content=\"2007-03-21T23:00:00+00:00\" \/>\n<meta property=\"article:modified_time\" content=\"2016-07-07T10:50:56+00:00\" \/>\n<meta property=\"og:image\" content=\"https:\/\/www.rassegnastampa-totustuus.it\/cattolica\/wp-content\/uploads\/2007\/03\/poligamia.jpg\" \/>\n\t<meta property=\"og:image:width\" content=\"259\" \/>\n\t<meta property=\"og:image:height\" content=\"194\" \/>\n\t<meta property=\"og:image:type\" content=\"image\/jpeg\" \/>\n<meta name=\"author\" content=\"Redazione\" \/>\n<meta name=\"twitter:card\" content=\"summary_large_image\" \/>\n<meta name=\"twitter:creator\" content=\"@rassegnastampa9\" \/>\n<meta name=\"twitter:site\" content=\"@rassegnastampa9\" \/>\n<meta name=\"twitter:label1\" content=\"Scritto da\" \/>\n\t<meta name=\"twitter:data1\" content=\"Redazione\" \/>\n\t<meta name=\"twitter:label2\" content=\"Tempo di lettura stimato\" \/>\n\t<meta name=\"twitter:data2\" content=\"3 minuti\" \/>\n<script type=\"application\/ld+json\" class=\"yoast-schema-graph\">{\"@context\":\"https:\\\/\\\/schema.org\",\"@graph\":[{\"@type\":\"Article\",\"@id\":\"https:\\\/\\\/www.rassegnastampa-totustuus.it\\\/cattolica\\\/i-dico-primo-passo-verso-la-poligamia\\\/#article\",\"isPartOf\":{\"@id\":\"https:\\\/\\\/www.rassegnastampa-totustuus.it\\\/cattolica\\\/i-dico-primo-passo-verso-la-poligamia\\\/\"},\"author\":{\"name\":\"Redazione\",\"@id\":\"https:\\\/\\\/www.rassegnastampa-totustuus.it\\\/cattolica\\\/#\\\/schema\\\/person\\\/08f319d2bd1a0904ad9e2bfb7b15e5c3\"},\"headline\":\"I Dico, primo passo verso la poligamia?\",\"datePublished\":\"2007-03-21T23:00:00+00:00\",\"dateModified\":\"2016-07-07T10:50:56+00:00\",\"mainEntityOfPage\":{\"@id\":\"https:\\\/\\\/www.rassegnastampa-totustuus.it\\\/cattolica\\\/i-dico-primo-passo-verso-la-poligamia\\\/\"},\"wordCount\":553,\"publisher\":{\"@id\":\"https:\\\/\\\/www.rassegnastampa-totustuus.it\\\/cattolica\\\/#organization\"},\"image\":{\"@id\":\"https:\\\/\\\/www.rassegnastampa-totustuus.it\\\/cattolica\\\/i-dico-primo-passo-verso-la-poligamia\\\/#primaryimage\"},\"thumbnailUrl\":\"https:\\\/\\\/www.rassegnastampa-totustuus.it\\\/cattolica\\\/wp-content\\\/uploads\\\/2007\\\/03\\\/poligamia.jpg\",\"keywords\":[\"dico\",\"poligamia\",\"Unione\"],\"articleSection\":[\"Famiglia\",\"Politica nazionale\"],\"inLanguage\":\"it-IT\"},{\"@type\":\"WebPage\",\"@id\":\"https:\\\/\\\/www.rassegnastampa-totustuus.it\\\/cattolica\\\/i-dico-primo-passo-verso-la-poligamia\\\/\",\"url\":\"https:\\\/\\\/www.rassegnastampa-totustuus.it\\\/cattolica\\\/i-dico-primo-passo-verso-la-poligamia\\\/\",\"name\":\"I Dico, primo passo verso la poligamia? - Rassegna Stampa Cattolica\",\"isPartOf\":{\"@id\":\"https:\\\/\\\/www.rassegnastampa-totustuus.it\\\/cattolica\\\/#website\"},\"primaryImageOfPage\":{\"@id\":\"https:\\\/\\\/www.rassegnastampa-totustuus.it\\\/cattolica\\\/i-dico-primo-passo-verso-la-poligamia\\\/#primaryimage\"},\"image\":{\"@id\":\"https:\\\/\\\/www.rassegnastampa-totustuus.it\\\/cattolica\\\/i-dico-primo-passo-verso-la-poligamia\\\/#primaryimage\"},\"thumbnailUrl\":\"https:\\\/\\\/www.rassegnastampa-totustuus.it\\\/cattolica\\\/wp-content\\\/uploads\\\/2007\\\/03\\\/poligamia.jpg\",\"datePublished\":\"2007-03-21T23:00:00+00:00\",\"dateModified\":\"2016-07-07T10:50:56+00:00\",\"description\":\"Rassegna Stampa Cattolica - Per una cultura che nasce dalla Rivelazione cristiana in conformit\u00e0 alla tradizione e al Magistero della Chiesa in opposizione ad ogni relativismo e totalitarismo\",\"breadcrumb\":{\"@id\":\"https:\\\/\\\/www.rassegnastampa-totustuus.it\\\/cattolica\\\/i-dico-primo-passo-verso-la-poligamia\\\/#breadcrumb\"},\"inLanguage\":\"it-IT\",\"potentialAction\":[{\"@type\":\"ReadAction\",\"target\":[\"https:\\\/\\\/www.rassegnastampa-totustuus.it\\\/cattolica\\\/i-dico-primo-passo-verso-la-poligamia\\\/\"]}]},{\"@type\":\"ImageObject\",\"inLanguage\":\"it-IT\",\"@id\":\"https:\\\/\\\/www.rassegnastampa-totustuus.it\\\/cattolica\\\/i-dico-primo-passo-verso-la-poligamia\\\/#primaryimage\",\"url\":\"https:\\\/\\\/www.rassegnastampa-totustuus.it\\\/cattolica\\\/wp-content\\\/uploads\\\/2007\\\/03\\\/poligamia.jpg\",\"contentUrl\":\"https:\\\/\\\/www.rassegnastampa-totustuus.it\\\/cattolica\\\/wp-content\\\/uploads\\\/2007\\\/03\\\/poligamia.jpg\",\"width\":259,\"height\":194},{\"@type\":\"BreadcrumbList\",\"@id\":\"https:\\\/\\\/www.rassegnastampa-totustuus.it\\\/cattolica\\\/i-dico-primo-passo-verso-la-poligamia\\\/#breadcrumb\",\"itemListElement\":[{\"@type\":\"ListItem\",\"position\":1,\"name\":\"Home\",\"item\":\"https:\\\/\\\/www.rassegnastampa-totustuus.it\\\/cattolica\\\/\"},{\"@type\":\"ListItem\",\"position\":2,\"name\":\"I Dico, primo passo verso la poligamia?\"}]},{\"@type\":\"WebSite\",\"@id\":\"https:\\\/\\\/www.rassegnastampa-totustuus.it\\\/cattolica\\\/#website\",\"url\":\"https:\\\/\\\/www.rassegnastampa-totustuus.it\\\/cattolica\\\/\",\"name\":\"Rassegna Stampa Cattolica\",\"description\":\"Per una cultura che nasce dalla Rivelazione cristiana in conformit\u00e0 alla tradizione e al Magistero della Chiesa in opposizione ad ogni relativismo e totalitarismo\",\"publisher\":{\"@id\":\"https:\\\/\\\/www.rassegnastampa-totustuus.it\\\/cattolica\\\/#organization\"},\"alternateName\":\"Rass. Cattolica\",\"potentialAction\":[{\"@type\":\"SearchAction\",\"target\":{\"@type\":\"EntryPoint\",\"urlTemplate\":\"https:\\\/\\\/www.rassegnastampa-totustuus.it\\\/cattolica\\\/?s={search_term_string}\"},\"query-input\":{\"@type\":\"PropertyValueSpecification\",\"valueRequired\":true,\"valueName\":\"search_term_string\"}}],\"inLanguage\":\"it-IT\"},{\"@type\":\"Organization\",\"@id\":\"https:\\\/\\\/www.rassegnastampa-totustuus.it\\\/cattolica\\\/#organization\",\"name\":\"Rassegna Stampa Cattolica\",\"url\":\"https:\\\/\\\/www.rassegnastampa-totustuus.it\\\/cattolica\\\/\",\"logo\":{\"@type\":\"ImageObject\",\"inLanguage\":\"it-IT\",\"@id\":\"https:\\\/\\\/www.rassegnastampa-totustuus.it\\\/cattolica\\\/#\\\/schema\\\/logo\\\/image\\\/\",\"url\":\"https:\\\/\\\/www.rassegnastampa-totustuus.it\\\/cattolica\\\/wp-content\\\/uploads\\\/2014\\\/04\\\/logo-rassegna1.gif\",\"contentUrl\":\"https:\\\/\\\/www.rassegnastampa-totustuus.it\\\/cattolica\\\/wp-content\\\/uploads\\\/2014\\\/04\\\/logo-rassegna1.gif\",\"width\":600,\"height\":163,\"caption\":\"Rassegna Stampa Cattolica\"},\"image\":{\"@id\":\"https:\\\/\\\/www.rassegnastampa-totustuus.it\\\/cattolica\\\/#\\\/schema\\\/logo\\\/image\\\/\"},\"sameAs\":[\"https:\\\/\\\/www.facebook.com\\\/rassegnastampacattolica\",\"https:\\\/\\\/x.com\\\/rassegnastampa9\"]},{\"@type\":\"Person\",\"@id\":\"https:\\\/\\\/www.rassegnastampa-totustuus.it\\\/cattolica\\\/#\\\/schema\\\/person\\\/08f319d2bd1a0904ad9e2bfb7b15e5c3\",\"name\":\"Redazione\",\"image\":{\"@type\":\"ImageObject\",\"inLanguage\":\"it-IT\",\"@id\":\"https:\\\/\\\/secure.gravatar.com\\\/avatar\\\/2fcdf27c78ea025fbdb44e914cc63c72249ffec9dc8aafd5c82b26240ef3f346?s=96&d=mm&r=g\",\"url\":\"https:\\\/\\\/secure.gravatar.com\\\/avatar\\\/2fcdf27c78ea025fbdb44e914cc63c72249ffec9dc8aafd5c82b26240ef3f346?s=96&d=mm&r=g\",\"contentUrl\":\"https:\\\/\\\/secure.gravatar.com\\\/avatar\\\/2fcdf27c78ea025fbdb44e914cc63c72249ffec9dc8aafd5c82b26240ef3f346?s=96&d=mm&r=g\",\"caption\":\"Redazione\"},\"url\":\"https:\\\/\\\/www.rassegnastampa-totustuus.it\\\/cattolica\\\/author\\\/pietroelle\\\/\"}]}<\/script>\n<!-- \/ Yoast SEO plugin. -->","yoast_head_json":{"title":"I Dico, primo passo verso la poligamia? - Rassegna Stampa Cattolica","description":"Rassegna Stampa Cattolica - Per una cultura che nasce dalla Rivelazione cristiana in conformit\u00e0 alla tradizione e al Magistero della Chiesa in opposizione ad ogni relativismo e totalitarismo","robots":{"index":"index","follow":"follow","max-snippet":"max-snippet:-1","max-image-preview":"max-image-preview:large","max-video-preview":"max-video-preview:-1"},"canonical":"https:\/\/www.rassegnastampa-totustuus.it\/cattolica\/i-dico-primo-passo-verso-la-poligamia\/","og_locale":"it_IT","og_type":"article","og_title":"I Dico, primo passo verso la poligamia? - Rassegna Stampa Cattolica","og_description":"Rassegna Stampa Cattolica - Per una cultura che nasce dalla Rivelazione cristiana in conformit\u00e0 alla tradizione e al Magistero della Chiesa in opposizione ad ogni relativismo e totalitarismo","og_url":"https:\/\/www.rassegnastampa-totustuus.it\/cattolica\/i-dico-primo-passo-verso-la-poligamia\/","og_site_name":"Rassegna Stampa Cattolica","article_publisher":"https:\/\/www.facebook.com\/rassegnastampacattolica","article_published_time":"2007-03-21T23:00:00+00:00","article_modified_time":"2016-07-07T10:50:56+00:00","og_image":[{"width":259,"height":194,"url":"https:\/\/www.rassegnastampa-totustuus.it\/cattolica\/wp-content\/uploads\/2007\/03\/poligamia.jpg","type":"image\/jpeg"}],"author":"Redazione","twitter_card":"summary_large_image","twitter_creator":"@rassegnastampa9","twitter_site":"@rassegnastampa9","twitter_misc":{"Scritto da":"Redazione","Tempo di lettura stimato":"3 minuti"},"schema":{"@context":"https:\/\/schema.org","@graph":[{"@type":"Article","@id":"https:\/\/www.rassegnastampa-totustuus.it\/cattolica\/i-dico-primo-passo-verso-la-poligamia\/#article","isPartOf":{"@id":"https:\/\/www.rassegnastampa-totustuus.it\/cattolica\/i-dico-primo-passo-verso-la-poligamia\/"},"author":{"name":"Redazione","@id":"https:\/\/www.rassegnastampa-totustuus.it\/cattolica\/#\/schema\/person\/08f319d2bd1a0904ad9e2bfb7b15e5c3"},"headline":"I Dico, primo passo verso la poligamia?","datePublished":"2007-03-21T23:00:00+00:00","dateModified":"2016-07-07T10:50:56+00:00","mainEntityOfPage":{"@id":"https:\/\/www.rassegnastampa-totustuus.it\/cattolica\/i-dico-primo-passo-verso-la-poligamia\/"},"wordCount":553,"publisher":{"@id":"https:\/\/www.rassegnastampa-totustuus.it\/cattolica\/#organization"},"image":{"@id":"https:\/\/www.rassegnastampa-totustuus.it\/cattolica\/i-dico-primo-passo-verso-la-poligamia\/#primaryimage"},"thumbnailUrl":"https:\/\/www.rassegnastampa-totustuus.it\/cattolica\/wp-content\/uploads\/2007\/03\/poligamia.jpg","keywords":["dico","poligamia","Unione"],"articleSection":["Famiglia","Politica nazionale"],"inLanguage":"it-IT"},{"@type":"WebPage","@id":"https:\/\/www.rassegnastampa-totustuus.it\/cattolica\/i-dico-primo-passo-verso-la-poligamia\/","url":"https:\/\/www.rassegnastampa-totustuus.it\/cattolica\/i-dico-primo-passo-verso-la-poligamia\/","name":"I Dico, primo passo verso la poligamia? - Rassegna Stampa Cattolica","isPartOf":{"@id":"https:\/\/www.rassegnastampa-totustuus.it\/cattolica\/#website"},"primaryImageOfPage":{"@id":"https:\/\/www.rassegnastampa-totustuus.it\/cattolica\/i-dico-primo-passo-verso-la-poligamia\/#primaryimage"},"image":{"@id":"https:\/\/www.rassegnastampa-totustuus.it\/cattolica\/i-dico-primo-passo-verso-la-poligamia\/#primaryimage"},"thumbnailUrl":"https:\/\/www.rassegnastampa-totustuus.it\/cattolica\/wp-content\/uploads\/2007\/03\/poligamia.jpg","datePublished":"2007-03-21T23:00:00+00:00","dateModified":"2016-07-07T10:50:56+00:00","description":"Rassegna Stampa Cattolica - Per una cultura che nasce dalla Rivelazione cristiana in conformit\u00e0 alla tradizione e al Magistero della Chiesa in opposizione ad ogni relativismo e totalitarismo","breadcrumb":{"@id":"https:\/\/www.rassegnastampa-totustuus.it\/cattolica\/i-dico-primo-passo-verso-la-poligamia\/#breadcrumb"},"inLanguage":"it-IT","potentialAction":[{"@type":"ReadAction","target":["https:\/\/www.rassegnastampa-totustuus.it\/cattolica\/i-dico-primo-passo-verso-la-poligamia\/"]}]},{"@type":"ImageObject","inLanguage":"it-IT","@id":"https:\/\/www.rassegnastampa-totustuus.it\/cattolica\/i-dico-primo-passo-verso-la-poligamia\/#primaryimage","url":"https:\/\/www.rassegnastampa-totustuus.it\/cattolica\/wp-content\/uploads\/2007\/03\/poligamia.jpg","contentUrl":"https:\/\/www.rassegnastampa-totustuus.it\/cattolica\/wp-content\/uploads\/2007\/03\/poligamia.jpg","width":259,"height":194},{"@type":"BreadcrumbList","@id":"https:\/\/www.rassegnastampa-totustuus.it\/cattolica\/i-dico-primo-passo-verso-la-poligamia\/#breadcrumb","itemListElement":[{"@type":"ListItem","position":1,"name":"Home","item":"https:\/\/www.rassegnastampa-totustuus.it\/cattolica\/"},{"@type":"ListItem","position":2,"name":"I Dico, primo passo verso la poligamia?"}]},{"@type":"WebSite","@id":"https:\/\/www.rassegnastampa-totustuus.it\/cattolica\/#website","url":"https:\/\/www.rassegnastampa-totustuus.it\/cattolica\/","name":"Rassegna Stampa Cattolica","description":"Per una cultura che nasce dalla Rivelazione cristiana in conformit\u00e0 alla tradizione e al Magistero della Chiesa in opposizione ad ogni relativismo e totalitarismo","publisher":{"@id":"https:\/\/www.rassegnastampa-totustuus.it\/cattolica\/#organization"},"alternateName":"Rass. Cattolica","potentialAction":[{"@type":"SearchAction","target":{"@type":"EntryPoint","urlTemplate":"https:\/\/www.rassegnastampa-totustuus.it\/cattolica\/?s={search_term_string}"},"query-input":{"@type":"PropertyValueSpecification","valueRequired":true,"valueName":"search_term_string"}}],"inLanguage":"it-IT"},{"@type":"Organization","@id":"https:\/\/www.rassegnastampa-totustuus.it\/cattolica\/#organization","name":"Rassegna Stampa Cattolica","url":"https:\/\/www.rassegnastampa-totustuus.it\/cattolica\/","logo":{"@type":"ImageObject","inLanguage":"it-IT","@id":"https:\/\/www.rassegnastampa-totustuus.it\/cattolica\/#\/schema\/logo\/image\/","url":"https:\/\/www.rassegnastampa-totustuus.it\/cattolica\/wp-content\/uploads\/2014\/04\/logo-rassegna1.gif","contentUrl":"https:\/\/www.rassegnastampa-totustuus.it\/cattolica\/wp-content\/uploads\/2014\/04\/logo-rassegna1.gif","width":600,"height":163,"caption":"Rassegna Stampa Cattolica"},"image":{"@id":"https:\/\/www.rassegnastampa-totustuus.it\/cattolica\/#\/schema\/logo\/image\/"},"sameAs":["https:\/\/www.facebook.com\/rassegnastampacattolica","https:\/\/x.com\/rassegnastampa9"]},{"@type":"Person","@id":"https:\/\/www.rassegnastampa-totustuus.it\/cattolica\/#\/schema\/person\/08f319d2bd1a0904ad9e2bfb7b15e5c3","name":"Redazione","image":{"@type":"ImageObject","inLanguage":"it-IT","@id":"https:\/\/secure.gravatar.com\/avatar\/2fcdf27c78ea025fbdb44e914cc63c72249ffec9dc8aafd5c82b26240ef3f346?s=96&d=mm&r=g","url":"https:\/\/secure.gravatar.com\/avatar\/2fcdf27c78ea025fbdb44e914cc63c72249ffec9dc8aafd5c82b26240ef3f346?s=96&d=mm&r=g","contentUrl":"https:\/\/secure.gravatar.com\/avatar\/2fcdf27c78ea025fbdb44e914cc63c72249ffec9dc8aafd5c82b26240ef3f346?s=96&d=mm&r=g","caption":"Redazione"},"url":"https:\/\/www.rassegnastampa-totustuus.it\/cattolica\/author\/pietroelle\/"}]}},"_links":{"self":[{"href":"https:\/\/www.rassegnastampa-totustuus.it\/cattolica\/wp-json\/wp\/v2\/posts\/2542","targetHints":{"allow":["GET"]}}],"collection":[{"href":"https:\/\/www.rassegnastampa-totustuus.it\/cattolica\/wp-json\/wp\/v2\/posts"}],"about":[{"href":"https:\/\/www.rassegnastampa-totustuus.it\/cattolica\/wp-json\/wp\/v2\/types\/post"}],"author":[{"embeddable":true,"href":"https:\/\/www.rassegnastampa-totustuus.it\/cattolica\/wp-json\/wp\/v2\/users\/6"}],"replies":[{"embeddable":true,"href":"https:\/\/www.rassegnastampa-totustuus.it\/cattolica\/wp-json\/wp\/v2\/comments?post=2542"}],"version-history":[{"count":4,"href":"https:\/\/www.rassegnastampa-totustuus.it\/cattolica\/wp-json\/wp\/v2\/posts\/2542\/revisions"}],"predecessor-version":[{"id":35817,"href":"https:\/\/www.rassegnastampa-totustuus.it\/cattolica\/wp-json\/wp\/v2\/posts\/2542\/revisions\/35817"}],"wp:featuredmedia":[{"embeddable":true,"href":"https:\/\/www.rassegnastampa-totustuus.it\/cattolica\/wp-json\/wp\/v2\/media\/35816"}],"wp:attachment":[{"href":"https:\/\/www.rassegnastampa-totustuus.it\/cattolica\/wp-json\/wp\/v2\/media?parent=2542"}],"wp:term":[{"taxonomy":"category","embeddable":true,"href":"https:\/\/www.rassegnastampa-totustuus.it\/cattolica\/wp-json\/wp\/v2\/categories?post=2542"},{"taxonomy":"post_tag","embeddable":true,"href":"https:\/\/www.rassegnastampa-totustuus.it\/cattolica\/wp-json\/wp\/v2\/tags?post=2542"}],"curies":[{"name":"wp","href":"https:\/\/api.w.org\/{rel}","templated":true}]}}