{"id":25417,"date":"2015-06-04T20:14:50","date_gmt":"2015-06-04T18:14:50","guid":{"rendered":"http:\/\/www.rassegnastampa-totustuus.it\/cattolica\/?p=25417"},"modified":"2015-06-05T11:15:09","modified_gmt":"2015-06-05T09:15:09","slug":"chi-non-ce-al-nuovo-family-day-contro-gender-e-nozze-gay","status":"publish","type":"post","link":"https:\/\/www.rassegnastampa-totustuus.it\/cattolica\/chi-non-ce-al-nuovo-family-day-contro-gender-e-nozze-gay\/","title":{"rendered":"Chi non c&#8217;\u00e8 al nuovo Family day contro gender e nozze gay"},"content":{"rendered":"<p style=\"text-align: center;\"><strong><a href=\"https:\/\/www.rassegnastampa-totustuus.it\/cattolica\/wp-content\/uploads\/2015\/06\/family-day.png\"><img loading=\"lazy\" decoding=\"async\" class=\"alignleft wp-image-25418\" src=\"https:\/\/www.rassegnastampa-totustuus.it\/cattolica\/wp-content\/uploads\/2015\/06\/family-day.png\" alt=\"family day\" width=\"250\" height=\"166\" \/><\/a>Il Foglio<\/strong> gioved\u00ec 4 giugno 2015<\/p>\n<p style=\"text-align: center;\"><em>Manifestazione a Roma il 20 giugno, nonostante Galatino<\/em><\/p>\n<p style=\"text-align: center;\"><strong>Nicoletta Tiliacos<\/strong><\/p>\n<p style=\"text-align: justify;\">Roma. Otto anni dopo il &#8220;Family day&#8221; che seppell\u00ec i Di.co., la legge sui diritti dei conviventi proposta dal governo Prodi, il 20 giugno prossimo \u00e8 stata indetta a Roma una manifestazione &#8220;per promuovere il diritto del bambino a crescere con mamma e papa&#8221;, per &#8220;difendere la famiglia naturale dall&#8217;assalto a cui \u00e8 costantemente sottoposta da questo Parlamento&#8221; e per contrastare la teoria del gender &#8220;che sta avanzando e in maniera sempre pi\u00f9 preoccupante nelle scuole&#8221;.<\/p>\n<p style=\"text-align: justify;\"><!--more--><\/p>\n<p style=\"text-align: justify;\">L&#8217;iniziativa nasce dal comitato &#8220;Da mamma e papa&#8221;, di cui \u00e8 portavoce il neurochirurgo Massimo Gandolfini, che raccoglie aderenti a diverse associazioni del mondo cattolico e pro famiglia (Manif pour tous italia, Comitati S\u00ec alla famiglia, Alleanza cattolica e altre ancora).<\/p>\n<p style=\"text-align: justify;\">Sono chiamate a manifestare &#8220;tutte le persone di buona volont\u00e0, cattolici e laici,n credenti e non credenti, per dire no all&#8217;avanzata di progetti di legge come il ddl Cirinn\u00e0 (sulle unioni civili, nar) che dell&#8217;ideologia gender sono il coronamento e arrivano fino alla legittimazione della pratica dell&#8217;utero in affitto&#8221;.<\/p>\n<p style=\"text-align: justify;\">L&#8217;altro obiettivo \u00e8 fermare &#8220;il tentativo gi\u00e0 in atto di colonizzare le coscienze fin dall&#8217;infanzia&#8221; con l&#8217;introduzione della teoria del gender a scuola, spiega Filippo Savarese, portavoce della Manif pour tous Italia e tra i promotori della manifestazione.<\/p>\n<p style=\"text-align: justify;\">A quella colonizzazione, aggiunge, &#8220;puntano anche il decreto Scalfarotto contro l&#8217;omofobia (gi\u00e0 approvato alla Camera e in procinto di arrivare al Senato) e quello a firma della senatrice Valeria Fedeli, dedicato all&#8221;Introduzione dell&#8217;educazione di genere e della prospettiva di genere nelle attivit\u00e0 e nei materiali didattici delle scuole del sistema nazionale di istruzione e nelle universita&#8217;&#8221;.<\/p>\n<p style=\"text-align: justify;\">Rispetto al 2007, la scadenza del 20 giugno fa i conti con un paesaggio molto mutato. Otto anni fa, il Family day vide la partecipazione compatta dell&#8217;intero mondo dell&#8217;associazionismo cattolico, dal Forum delle famiglie a Cl, da Rinnovamento nello spirito santo alle Acli, dal Cammino neocatecumenale fino all&#8217;Agesci.<\/p>\n<p style=\"text-align: justify;\">C&#8217;era, allora, l&#8217;esplicita benedizione della Conferenza episcopale italiana. Oggi, al contrario, dietro le quinte si registra la veemente opposizione all&#8217;iniziativa da parte del segretario generale della Cei, monsignor Nunzio Galantino.<\/p>\n<p style=\"text-align: justify;\">Del presidente della Cei, cardinale Angelo Bagnasco, sono note le posizioni in difesa della famiglia, espresse da sempre, anche pochi giorni fa, con coraggio e chiarezza. Ma non basta a compensare l&#8217;ostilit\u00e0 di Galantino, cos\u00ec come non bastano le rassicurazioni e il sostegno ufficioso di alcuni vescovi alle tante iniziative pro famiglia che sono cresciute in questi mesi in tutta Italia, e che sono la vera base della scommessa del 20 giugno.<\/p>\n<p style=\"text-align: justify;\">Il parere negativo di Galantino sulla mobilitazione ha indotto alla decisione di non aderire il Forum delle associazioni famigliari e due delle tre grandi associazioni (Cl e Rinnovamento). La terza, il Cammino neocatecumenale di Kiko Arguello, anche stavolta ci sar\u00e0, molto convintamente.<\/p>\n<p style=\"text-align: justify;\">Anche per i motivi appena descritti, la piazza del 20 giugno sar\u00e0 un banco di prova per un movimento che nasce in ambito cattolico ma si propone di riallacciarsi al modello aperto della Manif pour tous francese. Ne \u00e8 convinto il sociologo Massimo Introvigne, presidente dei Comitati S\u00ec alla famiglia, che si dice &#8220;ottimista sulla riuscita della manifestazione&#8221;. Con Alfredo Mantovano, Introvigne ha inoltre scritto una lettera ai parlamentari (gi\u00e0 sottoscritta da una sessantina di docenti, giornalisti, giuristi) contro la legge Cirinn\u00e0 sulle unioni civili.<\/p>\n<p style=\"text-align: justify;\">Nella lettera, presentata ieri, si sottolinea che &#8220;per raggiungere l&#8217;obiettivo condiviso di una societ\u00e0 rispettosa e aperta nei confronti delle persone omosessuali lo strumento pi\u00f9 adeguato \u00e8 un testo unico &#8211; sul modello di quello presentato in Parlamento da Sacconi e Pagano &#8211; che elenchi i diritti e doveri che derivano dalle convivenze in materia di visite in ospedale, in carcere, locazioni e cos\u00ec via.<\/p>\n<p style=\"text-align: justify;\">La proposta Cirinn\u00e0 sulle unioni civili propone invece un istituto sostanzialmente uguale al matrimonio, gi\u00e0 aperto alle adozioni&#8221;. E come insegna l&#8217;esperienza di altri paesi, se venisse accolta la legge Cirinn\u00e0 sarebbero poi i giudici &#8220;a introdurre le adozioni senza limiti, e chiamare &#8216;matrimonio&#8217; qualcosa che nella sostanza lo \u00e8 gi\u00e0&#8221;.<\/p>\n<p>&nbsp;<\/p>\n","protected":false},"excerpt":{"rendered":"<p>Il Foglio gioved\u00ec 4 giugno 2015 Manifestazione a Roma il 20 giugno, nonostante Galatino Nicoletta Tiliacos Roma. Otto anni dopo il &#8220;Family day&#8221; che seppell\u00ec i Di.co., la legge sui diritti dei conviventi proposta dal governo Prodi, il 20 giugno prossimo \u00e8 stata indetta a Roma una manifestazione &#8220;per promuovere il diritto del bambino a &hellip; <\/p>\n<p><a class=\"more-link btn\" href=\"https:\/\/www.rassegnastampa-totustuus.it\/cattolica\/chi-non-ce-al-nuovo-family-day-contro-gender-e-nozze-gay\/\">Continua a leggere<\/a><\/p>\n","protected":false},"author":6,"featured_media":25418,"comment_status":"closed","ping_status":"closed","sticky":false,"template":"","format":"standard","meta":{"footnotes":""},"categories":[5,15],"tags":[2192],"class_list":["post-25417","post","type-post","status-publish","format-standard","has-post-thumbnail","hentry","category-chiesa","category-famiglia","tag-family-day","item-wrap"],"yoast_head":"<!-- This site is optimized with the Yoast SEO plugin v27.4 - https:\/\/yoast.com\/product\/yoast-seo-wordpress\/ -->\n<title>Chi non c&#039;\u00e8 al nuovo Family day contro gender e nozze gay - Rassegna Stampa Cattolica<\/title>\n<meta name=\"description\" content=\"Rassegna Stampa Cattolica - Per una cultura che nasce dalla Rivelazione cristiana in conformit\u00e0 alla tradizione e al Magistero della Chiesa in opposizione ad ogni relativismo e totalitarismo\" \/>\n<meta name=\"robots\" content=\"index, follow, max-snippet:-1, max-image-preview:large, max-video-preview:-1\" \/>\n<link rel=\"canonical\" href=\"https:\/\/www.rassegnastampa-totustuus.it\/cattolica\/chi-non-ce-al-nuovo-family-day-contro-gender-e-nozze-gay\/\" \/>\n<meta property=\"og:locale\" content=\"it_IT\" \/>\n<meta property=\"og:type\" content=\"article\" \/>\n<meta property=\"og:title\" content=\"Chi non c&#039;\u00e8 al nuovo Family day contro gender e nozze gay - Rassegna Stampa Cattolica\" \/>\n<meta property=\"og:description\" content=\"Rassegna Stampa Cattolica - Per una cultura che nasce dalla Rivelazione cristiana in conformit\u00e0 alla tradizione e al Magistero della Chiesa in opposizione ad ogni relativismo e totalitarismo\" \/>\n<meta property=\"og:url\" content=\"https:\/\/www.rassegnastampa-totustuus.it\/cattolica\/chi-non-ce-al-nuovo-family-day-contro-gender-e-nozze-gay\/\" \/>\n<meta property=\"og:site_name\" content=\"Rassegna Stampa Cattolica\" \/>\n<meta property=\"article:publisher\" content=\"https:\/\/www.facebook.com\/rassegnastampacattolica\" \/>\n<meta property=\"article:published_time\" content=\"2015-06-04T18:14:50+00:00\" \/>\n<meta property=\"article:modified_time\" content=\"2015-06-05T09:15:09+00:00\" \/>\n<meta property=\"og:image\" content=\"https:\/\/www.rassegnastampa-totustuus.it\/cattolica\/wp-content\/uploads\/2015\/06\/family-day.png\" \/>\n\t<meta property=\"og:image:width\" content=\"275\" \/>\n\t<meta property=\"og:image:height\" content=\"183\" \/>\n\t<meta property=\"og:image:type\" content=\"image\/png\" \/>\n<meta name=\"author\" content=\"Redazione\" \/>\n<meta name=\"twitter:card\" content=\"summary_large_image\" \/>\n<meta name=\"twitter:creator\" content=\"@rassegnastampa9\" \/>\n<meta name=\"twitter:site\" content=\"@rassegnastampa9\" \/>\n<meta name=\"twitter:label1\" content=\"Scritto da\" \/>\n\t<meta name=\"twitter:data1\" content=\"Redazione\" \/>\n\t<meta name=\"twitter:label2\" content=\"Tempo di lettura stimato\" \/>\n\t<meta name=\"twitter:data2\" content=\"3 minuti\" \/>\n<script type=\"application\/ld+json\" class=\"yoast-schema-graph\">{\"@context\":\"https:\\\/\\\/schema.org\",\"@graph\":[{\"@type\":\"Article\",\"@id\":\"https:\\\/\\\/www.rassegnastampa-totustuus.it\\\/cattolica\\\/chi-non-ce-al-nuovo-family-day-contro-gender-e-nozze-gay\\\/#article\",\"isPartOf\":{\"@id\":\"https:\\\/\\\/www.rassegnastampa-totustuus.it\\\/cattolica\\\/chi-non-ce-al-nuovo-family-day-contro-gender-e-nozze-gay\\\/\"},\"author\":{\"name\":\"Redazione\",\"@id\":\"https:\\\/\\\/www.rassegnastampa-totustuus.it\\\/cattolica\\\/#\\\/schema\\\/person\\\/08f319d2bd1a0904ad9e2bfb7b15e5c3\"},\"headline\":\"Chi non c&#8217;\u00e8 al nuovo Family day contro gender e nozze gay\",\"datePublished\":\"2015-06-04T18:14:50+00:00\",\"dateModified\":\"2015-06-05T09:15:09+00:00\",\"mainEntityOfPage\":{\"@id\":\"https:\\\/\\\/www.rassegnastampa-totustuus.it\\\/cattolica\\\/chi-non-ce-al-nuovo-family-day-contro-gender-e-nozze-gay\\\/\"},\"wordCount\":689,\"publisher\":{\"@id\":\"https:\\\/\\\/www.rassegnastampa-totustuus.it\\\/cattolica\\\/#organization\"},\"image\":{\"@id\":\"https:\\\/\\\/www.rassegnastampa-totustuus.it\\\/cattolica\\\/chi-non-ce-al-nuovo-family-day-contro-gender-e-nozze-gay\\\/#primaryimage\"},\"thumbnailUrl\":\"https:\\\/\\\/www.rassegnastampa-totustuus.it\\\/cattolica\\\/wp-content\\\/uploads\\\/2015\\\/06\\\/family-day.png\",\"keywords\":[\"family day\"],\"articleSection\":[\"Chiesa\",\"Famiglia\"],\"inLanguage\":\"it-IT\"},{\"@type\":\"WebPage\",\"@id\":\"https:\\\/\\\/www.rassegnastampa-totustuus.it\\\/cattolica\\\/chi-non-ce-al-nuovo-family-day-contro-gender-e-nozze-gay\\\/\",\"url\":\"https:\\\/\\\/www.rassegnastampa-totustuus.it\\\/cattolica\\\/chi-non-ce-al-nuovo-family-day-contro-gender-e-nozze-gay\\\/\",\"name\":\"Chi non c'\u00e8 al nuovo Family day contro gender e nozze gay - Rassegna Stampa Cattolica\",\"isPartOf\":{\"@id\":\"https:\\\/\\\/www.rassegnastampa-totustuus.it\\\/cattolica\\\/#website\"},\"primaryImageOfPage\":{\"@id\":\"https:\\\/\\\/www.rassegnastampa-totustuus.it\\\/cattolica\\\/chi-non-ce-al-nuovo-family-day-contro-gender-e-nozze-gay\\\/#primaryimage\"},\"image\":{\"@id\":\"https:\\\/\\\/www.rassegnastampa-totustuus.it\\\/cattolica\\\/chi-non-ce-al-nuovo-family-day-contro-gender-e-nozze-gay\\\/#primaryimage\"},\"thumbnailUrl\":\"https:\\\/\\\/www.rassegnastampa-totustuus.it\\\/cattolica\\\/wp-content\\\/uploads\\\/2015\\\/06\\\/family-day.png\",\"datePublished\":\"2015-06-04T18:14:50+00:00\",\"dateModified\":\"2015-06-05T09:15:09+00:00\",\"description\":\"Rassegna Stampa Cattolica - Per una cultura che nasce dalla Rivelazione cristiana in conformit\u00e0 alla tradizione e al Magistero della Chiesa in opposizione ad ogni relativismo e totalitarismo\",\"breadcrumb\":{\"@id\":\"https:\\\/\\\/www.rassegnastampa-totustuus.it\\\/cattolica\\\/chi-non-ce-al-nuovo-family-day-contro-gender-e-nozze-gay\\\/#breadcrumb\"},\"inLanguage\":\"it-IT\",\"potentialAction\":[{\"@type\":\"ReadAction\",\"target\":[\"https:\\\/\\\/www.rassegnastampa-totustuus.it\\\/cattolica\\\/chi-non-ce-al-nuovo-family-day-contro-gender-e-nozze-gay\\\/\"]}]},{\"@type\":\"ImageObject\",\"inLanguage\":\"it-IT\",\"@id\":\"https:\\\/\\\/www.rassegnastampa-totustuus.it\\\/cattolica\\\/chi-non-ce-al-nuovo-family-day-contro-gender-e-nozze-gay\\\/#primaryimage\",\"url\":\"https:\\\/\\\/www.rassegnastampa-totustuus.it\\\/cattolica\\\/wp-content\\\/uploads\\\/2015\\\/06\\\/family-day.png\",\"contentUrl\":\"https:\\\/\\\/www.rassegnastampa-totustuus.it\\\/cattolica\\\/wp-content\\\/uploads\\\/2015\\\/06\\\/family-day.png\",\"width\":275,\"height\":183},{\"@type\":\"BreadcrumbList\",\"@id\":\"https:\\\/\\\/www.rassegnastampa-totustuus.it\\\/cattolica\\\/chi-non-ce-al-nuovo-family-day-contro-gender-e-nozze-gay\\\/#breadcrumb\",\"itemListElement\":[{\"@type\":\"ListItem\",\"position\":1,\"name\":\"Home\",\"item\":\"https:\\\/\\\/www.rassegnastampa-totustuus.it\\\/cattolica\\\/\"},{\"@type\":\"ListItem\",\"position\":2,\"name\":\"Chi non c&#8217;\u00e8 al nuovo Family day contro gender e nozze gay\"}]},{\"@type\":\"WebSite\",\"@id\":\"https:\\\/\\\/www.rassegnastampa-totustuus.it\\\/cattolica\\\/#website\",\"url\":\"https:\\\/\\\/www.rassegnastampa-totustuus.it\\\/cattolica\\\/\",\"name\":\"Rassegna Stampa Cattolica\",\"description\":\"Per una cultura che nasce dalla Rivelazione cristiana in conformit\u00e0 alla tradizione e al Magistero della Chiesa in opposizione ad ogni relativismo e totalitarismo\",\"publisher\":{\"@id\":\"https:\\\/\\\/www.rassegnastampa-totustuus.it\\\/cattolica\\\/#organization\"},\"alternateName\":\"Rass. Cattolica\",\"potentialAction\":[{\"@type\":\"SearchAction\",\"target\":{\"@type\":\"EntryPoint\",\"urlTemplate\":\"https:\\\/\\\/www.rassegnastampa-totustuus.it\\\/cattolica\\\/?s={search_term_string}\"},\"query-input\":{\"@type\":\"PropertyValueSpecification\",\"valueRequired\":true,\"valueName\":\"search_term_string\"}}],\"inLanguage\":\"it-IT\"},{\"@type\":\"Organization\",\"@id\":\"https:\\\/\\\/www.rassegnastampa-totustuus.it\\\/cattolica\\\/#organization\",\"name\":\"Rassegna Stampa Cattolica\",\"url\":\"https:\\\/\\\/www.rassegnastampa-totustuus.it\\\/cattolica\\\/\",\"logo\":{\"@type\":\"ImageObject\",\"inLanguage\":\"it-IT\",\"@id\":\"https:\\\/\\\/www.rassegnastampa-totustuus.it\\\/cattolica\\\/#\\\/schema\\\/logo\\\/image\\\/\",\"url\":\"https:\\\/\\\/www.rassegnastampa-totustuus.it\\\/cattolica\\\/wp-content\\\/uploads\\\/2014\\\/04\\\/logo-rassegna1.gif\",\"contentUrl\":\"https:\\\/\\\/www.rassegnastampa-totustuus.it\\\/cattolica\\\/wp-content\\\/uploads\\\/2014\\\/04\\\/logo-rassegna1.gif\",\"width\":600,\"height\":163,\"caption\":\"Rassegna Stampa Cattolica\"},\"image\":{\"@id\":\"https:\\\/\\\/www.rassegnastampa-totustuus.it\\\/cattolica\\\/#\\\/schema\\\/logo\\\/image\\\/\"},\"sameAs\":[\"https:\\\/\\\/www.facebook.com\\\/rassegnastampacattolica\",\"https:\\\/\\\/x.com\\\/rassegnastampa9\"]},{\"@type\":\"Person\",\"@id\":\"https:\\\/\\\/www.rassegnastampa-totustuus.it\\\/cattolica\\\/#\\\/schema\\\/person\\\/08f319d2bd1a0904ad9e2bfb7b15e5c3\",\"name\":\"Redazione\",\"image\":{\"@type\":\"ImageObject\",\"inLanguage\":\"it-IT\",\"@id\":\"https:\\\/\\\/secure.gravatar.com\\\/avatar\\\/2fcdf27c78ea025fbdb44e914cc63c72249ffec9dc8aafd5c82b26240ef3f346?s=96&d=mm&r=g\",\"url\":\"https:\\\/\\\/secure.gravatar.com\\\/avatar\\\/2fcdf27c78ea025fbdb44e914cc63c72249ffec9dc8aafd5c82b26240ef3f346?s=96&d=mm&r=g\",\"contentUrl\":\"https:\\\/\\\/secure.gravatar.com\\\/avatar\\\/2fcdf27c78ea025fbdb44e914cc63c72249ffec9dc8aafd5c82b26240ef3f346?s=96&d=mm&r=g\",\"caption\":\"Redazione\"},\"url\":\"https:\\\/\\\/www.rassegnastampa-totustuus.it\\\/cattolica\\\/author\\\/pietroelle\\\/\"}]}<\/script>\n<!-- \/ Yoast SEO plugin. -->","yoast_head_json":{"title":"Chi non c'\u00e8 al nuovo Family day contro gender e nozze gay - Rassegna Stampa Cattolica","description":"Rassegna Stampa Cattolica - Per una cultura che nasce dalla Rivelazione cristiana in conformit\u00e0 alla tradizione e al Magistero della Chiesa in opposizione ad ogni relativismo e totalitarismo","robots":{"index":"index","follow":"follow","max-snippet":"max-snippet:-1","max-image-preview":"max-image-preview:large","max-video-preview":"max-video-preview:-1"},"canonical":"https:\/\/www.rassegnastampa-totustuus.it\/cattolica\/chi-non-ce-al-nuovo-family-day-contro-gender-e-nozze-gay\/","og_locale":"it_IT","og_type":"article","og_title":"Chi non c'\u00e8 al nuovo Family day contro gender e nozze gay - Rassegna Stampa Cattolica","og_description":"Rassegna Stampa Cattolica - Per una cultura che nasce dalla Rivelazione cristiana in conformit\u00e0 alla tradizione e al Magistero della Chiesa in opposizione ad ogni relativismo e totalitarismo","og_url":"https:\/\/www.rassegnastampa-totustuus.it\/cattolica\/chi-non-ce-al-nuovo-family-day-contro-gender-e-nozze-gay\/","og_site_name":"Rassegna Stampa Cattolica","article_publisher":"https:\/\/www.facebook.com\/rassegnastampacattolica","article_published_time":"2015-06-04T18:14:50+00:00","article_modified_time":"2015-06-05T09:15:09+00:00","og_image":[{"width":275,"height":183,"url":"https:\/\/www.rassegnastampa-totustuus.it\/cattolica\/wp-content\/uploads\/2015\/06\/family-day.png","type":"image\/png"}],"author":"Redazione","twitter_card":"summary_large_image","twitter_creator":"@rassegnastampa9","twitter_site":"@rassegnastampa9","twitter_misc":{"Scritto da":"Redazione","Tempo di lettura stimato":"3 minuti"},"schema":{"@context":"https:\/\/schema.org","@graph":[{"@type":"Article","@id":"https:\/\/www.rassegnastampa-totustuus.it\/cattolica\/chi-non-ce-al-nuovo-family-day-contro-gender-e-nozze-gay\/#article","isPartOf":{"@id":"https:\/\/www.rassegnastampa-totustuus.it\/cattolica\/chi-non-ce-al-nuovo-family-day-contro-gender-e-nozze-gay\/"},"author":{"name":"Redazione","@id":"https:\/\/www.rassegnastampa-totustuus.it\/cattolica\/#\/schema\/person\/08f319d2bd1a0904ad9e2bfb7b15e5c3"},"headline":"Chi non c&#8217;\u00e8 al nuovo Family day contro gender e nozze gay","datePublished":"2015-06-04T18:14:50+00:00","dateModified":"2015-06-05T09:15:09+00:00","mainEntityOfPage":{"@id":"https:\/\/www.rassegnastampa-totustuus.it\/cattolica\/chi-non-ce-al-nuovo-family-day-contro-gender-e-nozze-gay\/"},"wordCount":689,"publisher":{"@id":"https:\/\/www.rassegnastampa-totustuus.it\/cattolica\/#organization"},"image":{"@id":"https:\/\/www.rassegnastampa-totustuus.it\/cattolica\/chi-non-ce-al-nuovo-family-day-contro-gender-e-nozze-gay\/#primaryimage"},"thumbnailUrl":"https:\/\/www.rassegnastampa-totustuus.it\/cattolica\/wp-content\/uploads\/2015\/06\/family-day.png","keywords":["family day"],"articleSection":["Chiesa","Famiglia"],"inLanguage":"it-IT"},{"@type":"WebPage","@id":"https:\/\/www.rassegnastampa-totustuus.it\/cattolica\/chi-non-ce-al-nuovo-family-day-contro-gender-e-nozze-gay\/","url":"https:\/\/www.rassegnastampa-totustuus.it\/cattolica\/chi-non-ce-al-nuovo-family-day-contro-gender-e-nozze-gay\/","name":"Chi non c'\u00e8 al nuovo Family day contro gender e nozze gay - Rassegna Stampa Cattolica","isPartOf":{"@id":"https:\/\/www.rassegnastampa-totustuus.it\/cattolica\/#website"},"primaryImageOfPage":{"@id":"https:\/\/www.rassegnastampa-totustuus.it\/cattolica\/chi-non-ce-al-nuovo-family-day-contro-gender-e-nozze-gay\/#primaryimage"},"image":{"@id":"https:\/\/www.rassegnastampa-totustuus.it\/cattolica\/chi-non-ce-al-nuovo-family-day-contro-gender-e-nozze-gay\/#primaryimage"},"thumbnailUrl":"https:\/\/www.rassegnastampa-totustuus.it\/cattolica\/wp-content\/uploads\/2015\/06\/family-day.png","datePublished":"2015-06-04T18:14:50+00:00","dateModified":"2015-06-05T09:15:09+00:00","description":"Rassegna Stampa Cattolica - Per una cultura che nasce dalla Rivelazione cristiana in conformit\u00e0 alla tradizione e al Magistero della Chiesa in opposizione ad ogni relativismo e totalitarismo","breadcrumb":{"@id":"https:\/\/www.rassegnastampa-totustuus.it\/cattolica\/chi-non-ce-al-nuovo-family-day-contro-gender-e-nozze-gay\/#breadcrumb"},"inLanguage":"it-IT","potentialAction":[{"@type":"ReadAction","target":["https:\/\/www.rassegnastampa-totustuus.it\/cattolica\/chi-non-ce-al-nuovo-family-day-contro-gender-e-nozze-gay\/"]}]},{"@type":"ImageObject","inLanguage":"it-IT","@id":"https:\/\/www.rassegnastampa-totustuus.it\/cattolica\/chi-non-ce-al-nuovo-family-day-contro-gender-e-nozze-gay\/#primaryimage","url":"https:\/\/www.rassegnastampa-totustuus.it\/cattolica\/wp-content\/uploads\/2015\/06\/family-day.png","contentUrl":"https:\/\/www.rassegnastampa-totustuus.it\/cattolica\/wp-content\/uploads\/2015\/06\/family-day.png","width":275,"height":183},{"@type":"BreadcrumbList","@id":"https:\/\/www.rassegnastampa-totustuus.it\/cattolica\/chi-non-ce-al-nuovo-family-day-contro-gender-e-nozze-gay\/#breadcrumb","itemListElement":[{"@type":"ListItem","position":1,"name":"Home","item":"https:\/\/www.rassegnastampa-totustuus.it\/cattolica\/"},{"@type":"ListItem","position":2,"name":"Chi non c&#8217;\u00e8 al nuovo Family day contro gender e nozze gay"}]},{"@type":"WebSite","@id":"https:\/\/www.rassegnastampa-totustuus.it\/cattolica\/#website","url":"https:\/\/www.rassegnastampa-totustuus.it\/cattolica\/","name":"Rassegna Stampa Cattolica","description":"Per una cultura che nasce dalla Rivelazione cristiana in conformit\u00e0 alla tradizione e al Magistero della Chiesa in opposizione ad ogni relativismo e totalitarismo","publisher":{"@id":"https:\/\/www.rassegnastampa-totustuus.it\/cattolica\/#organization"},"alternateName":"Rass. Cattolica","potentialAction":[{"@type":"SearchAction","target":{"@type":"EntryPoint","urlTemplate":"https:\/\/www.rassegnastampa-totustuus.it\/cattolica\/?s={search_term_string}"},"query-input":{"@type":"PropertyValueSpecification","valueRequired":true,"valueName":"search_term_string"}}],"inLanguage":"it-IT"},{"@type":"Organization","@id":"https:\/\/www.rassegnastampa-totustuus.it\/cattolica\/#organization","name":"Rassegna Stampa Cattolica","url":"https:\/\/www.rassegnastampa-totustuus.it\/cattolica\/","logo":{"@type":"ImageObject","inLanguage":"it-IT","@id":"https:\/\/www.rassegnastampa-totustuus.it\/cattolica\/#\/schema\/logo\/image\/","url":"https:\/\/www.rassegnastampa-totustuus.it\/cattolica\/wp-content\/uploads\/2014\/04\/logo-rassegna1.gif","contentUrl":"https:\/\/www.rassegnastampa-totustuus.it\/cattolica\/wp-content\/uploads\/2014\/04\/logo-rassegna1.gif","width":600,"height":163,"caption":"Rassegna Stampa Cattolica"},"image":{"@id":"https:\/\/www.rassegnastampa-totustuus.it\/cattolica\/#\/schema\/logo\/image\/"},"sameAs":["https:\/\/www.facebook.com\/rassegnastampacattolica","https:\/\/x.com\/rassegnastampa9"]},{"@type":"Person","@id":"https:\/\/www.rassegnastampa-totustuus.it\/cattolica\/#\/schema\/person\/08f319d2bd1a0904ad9e2bfb7b15e5c3","name":"Redazione","image":{"@type":"ImageObject","inLanguage":"it-IT","@id":"https:\/\/secure.gravatar.com\/avatar\/2fcdf27c78ea025fbdb44e914cc63c72249ffec9dc8aafd5c82b26240ef3f346?s=96&d=mm&r=g","url":"https:\/\/secure.gravatar.com\/avatar\/2fcdf27c78ea025fbdb44e914cc63c72249ffec9dc8aafd5c82b26240ef3f346?s=96&d=mm&r=g","contentUrl":"https:\/\/secure.gravatar.com\/avatar\/2fcdf27c78ea025fbdb44e914cc63c72249ffec9dc8aafd5c82b26240ef3f346?s=96&d=mm&r=g","caption":"Redazione"},"url":"https:\/\/www.rassegnastampa-totustuus.it\/cattolica\/author\/pietroelle\/"}]}},"_links":{"self":[{"href":"https:\/\/www.rassegnastampa-totustuus.it\/cattolica\/wp-json\/wp\/v2\/posts\/25417","targetHints":{"allow":["GET"]}}],"collection":[{"href":"https:\/\/www.rassegnastampa-totustuus.it\/cattolica\/wp-json\/wp\/v2\/posts"}],"about":[{"href":"https:\/\/www.rassegnastampa-totustuus.it\/cattolica\/wp-json\/wp\/v2\/types\/post"}],"author":[{"embeddable":true,"href":"https:\/\/www.rassegnastampa-totustuus.it\/cattolica\/wp-json\/wp\/v2\/users\/6"}],"replies":[{"embeddable":true,"href":"https:\/\/www.rassegnastampa-totustuus.it\/cattolica\/wp-json\/wp\/v2\/comments?post=25417"}],"version-history":[{"count":4,"href":"https:\/\/www.rassegnastampa-totustuus.it\/cattolica\/wp-json\/wp\/v2\/posts\/25417\/revisions"}],"predecessor-version":[{"id":25486,"href":"https:\/\/www.rassegnastampa-totustuus.it\/cattolica\/wp-json\/wp\/v2\/posts\/25417\/revisions\/25486"}],"wp:featuredmedia":[{"embeddable":true,"href":"https:\/\/www.rassegnastampa-totustuus.it\/cattolica\/wp-json\/wp\/v2\/media\/25418"}],"wp:attachment":[{"href":"https:\/\/www.rassegnastampa-totustuus.it\/cattolica\/wp-json\/wp\/v2\/media?parent=25417"}],"wp:term":[{"taxonomy":"category","embeddable":true,"href":"https:\/\/www.rassegnastampa-totustuus.it\/cattolica\/wp-json\/wp\/v2\/categories?post=25417"},{"taxonomy":"post_tag","embeddable":true,"href":"https:\/\/www.rassegnastampa-totustuus.it\/cattolica\/wp-json\/wp\/v2\/tags?post=25417"}],"curies":[{"name":"wp","href":"https:\/\/api.w.org\/{rel}","templated":true}]}}