{"id":2535,"date":"2007-03-15T00:00:00","date_gmt":"2007-03-14T23:00:00","guid":{"rendered":""},"modified":"2016-04-26T11:51:16","modified_gmt":"2016-04-26T09:51:16","slug":"elezioni-locali-in-russia-prove-generali-per-le-presidenziali","status":"publish","type":"post","link":"https:\/\/www.rassegnastampa-totustuus.it\/cattolica\/elezioni-locali-in-russia-prove-generali-per-le-presidenziali\/","title":{"rendered":"Elezioni locali in Russia. Prove generali per le presidenziali"},"content":{"rendered":"<div style=\"text-align: center;\"><strong><img loading=\"lazy\" decoding=\"async\" class=\"alignright wp-image-33445\" src=\"https:\/\/www.rassegnastampa-totustuus.it\/cattolica\/wp-content\/uploads\/2007\/03\/elesioni_russe.jpg\" alt=\"elesioni_russe\" width=\"250\" height=\"154\" \/>Il Sole 24 Ore<\/strong>, 10 marzo 2007<\/div>\n<p style=\"text-align: center;\">di <strong>Piero Sinatti<\/strong><\/p>\n<p style=\"text-align: justify;\">Domenica 11 marzo si vota in 14 \u201csoggetti\u201d della Federazione Russa (sono in tutto 87) per il rinnovo delle rispettive assemblee legislative, che legiferano in materia di infrastrutture, casa, sanit\u00e0, istruzione, cultura, traffico, turismo. E che scelgono tra le tre personalit\u00e0 che il capo dello stato propone loro come governatore.<\/p>\n<p><!--more--><\/p>\n<div style=\"text-align: justify;\">Sono interessati al voto 31 milioni di russi. Nella precedente tornata elettorale regionale, della primavera-autunno del 2006, i votanti furono solo il 36,6 per cento. Si tratta di una \u201cprova generale\u201d delle elezioni politiche di dicembre, che precedono le presidenziali del marzo 2008, quelle della successione a Vladimir Putin.<\/div>\n<p style=\"text-align: justify;\"><strong>Quattro partiti onnipresenti<\/strong><\/p>\n<p style=\"text-align: justify;\">Partecipano alla competizione 15 partiti. Ma solo quattro di essi saranno presenti in tutte le 14 regioni. Si tratta di Russia Unita (RU), che raccolse nel voto del 2006 il 46% dei voti. Partito che si autodefinisce \u201ccentrista\u201d e \u201cconservatore\u201d, \u00e8 stato finora il braccio legislativo di Putin. Rappresenta soprattutto i chinovniki (il funzionariato di tutti i livelli), i tecnocrati, gli apparati di forza e il mondo oligarchico-imprenditoriale. Controlla la Duma, la Camera Alta, il maggior numero delle regioni e dei governatori. E\u2019 il \u201cpartito del Presidente\u201d o \u201cdel Potere\u201d, presieduto dallo speaker della Duma Boris Gryzlov.<\/p>\n<p style=\"text-align: justify;\">Poi vengono il maggior partito d\u2019opposizione, il Partito comunista della FR dell\u2019inossidabile Gennadij Zjuganov, e il cosiddetto Partito liberal-democratico del demagogo nazionalista per tutte le stagioni Vladimir Zhirinovskij.<\/p>\n<p style=\"text-align: justify;\">Infine, la sorpresa: il partito Russia Giusta (RG), nato lo scorso autunno dalla fusione di tre formazioni minori. E\u2019 stato capace di darsi in soli tre-quattro mesi un\u2019ampia struttura organizzativa su scala federale. Non sarebbe stato possibile senza l\u2019appoggio del Kremlino e di potenti forze economiche (come il maggior gruppo di edilizia e costruzioni di San Pietroburgo).<\/p>\n<p style=\"text-align: justify;\">Il fondatore e leader \u00e8 un pietroburghese, coetaneo e sodale di Putin: il presidente del Consiglio della Federazione (Camera alta dell\u2019Assemblea federale) Sergej Mironov, pervenuto negli ultimi mesi a grande visibilit\u00e0 mediatica. Per questo RG \u00e8 chiamata anche il \u201cPartito del Potere n. 2\u201d. E\u2019 l\u2019outsider e l\u2019incognita di queste elezioni, il cui successo, o meno, influenzer\u00e0 il voto di dicembre per il rinnovo della Duma. RG si autopropone come partito innovatore e di sinistra e, singolarmente, d\u2019opposizione a RU, anche se mai Mironov ha negato il sostegno alla sua politica (sicuramente non socialista) dettata dal Presidente.<\/p>\n<p style=\"text-align: justify;\">RU e RG, ormai, si fronteggiano nella campagna elettorale, scambiandosi accuse e denigrazioni. Molte autorit\u00e0 locali hanno abbandonato la prima per passare armi e bagagli alla seconda. Mironov si \u00e8 professato \u201csocialista\u201d. Ha dichiarato pochi giorni fa: \u201cMai costruir\u00f2 il capitalismo in Russia\u201d. Stupefacente. Nel suo programma RG chiede politiche sociali pi\u00f9 incisive di spesa, sussidi pubblici per lo sviluppo industriale, aumenti considerevoli di salari e pensioni (ma lo fanno tutti), l\u2019imposta progressiva sui redditi al posto della flat tax putiniana del 13%, pi\u00f9 una tassa speciale sul lusso.<\/p>\n<p style=\"text-align: justify;\">Il compito del nuovo partito \u00e8 quello di raccogliere i voti dei partiti di sinistra e dello scontento sociale. Sottraendoli ai comunisti e al partito (autenticamente) liberal-democratico Jabloko diretto dall\u2019economista Grigorij Javlinskij, un protagonista della vita politica degli anni Novanta, uomo di grande onest\u00e0 e cultura, alieno da populismi e demagogia, espressione della ultraminoritaria intelligentsija del Paese.<\/p>\n<p style=\"text-align: justify;\"><strong>I due nuovi tavoli di Putin<\/strong><\/p>\n<p style=\"text-align: justify;\">Gli osservatori russi parlano di un\u2019operazione di ingegneria politico-istituzionale condotta dall\u2019amministrazione del Kremlino, al fine di formare, controllandolo, un sistema bipartitico, equilibrato sul centro destra (RU) e sul centro-sinistra (RG). Dovrebbero essere marginalizzati e destinati a scomparire gli altri partiti, a cominciare dai comunisti.<\/p>\n<p style=\"text-align: justify;\"><strong>Altri partiti alla \u201cprova generale<\/strong><\/p>\n<p style=\"text-align: justify;\">In 10 regioni su 14 si presenter\u00e0 un partito nato da una recente scissione del PC, Patrioti di Russia, social-nazionalista e guidato da un miliardario ex-PC: Gennadij Semigin. In 9 regioni troveremo un partito di orientamento liberal-liberista: l\u2019Unione delle forze di destra (SPS), anti-dirigista e anticentralista. Diretto ora dal giovane Nikita Belykh, \u00e8 il partito dei protagonisti delle \u201criforme\u201d degli anni Novanta, stimati e ascoltati in Occidente, ma impopolarissimi in Russia (Chubais, Gajdar, Nemtsov, Hakamada). Nelle politiche del 2003 l\u2019SPS non super\u00f2 lo sbarramento del 5%, perdendo, al pari di Jabloko, la rappresentanza alla Duma.<\/p>\n<p style=\"text-align: justify;\">Jabloko \u00e8 presente solo in 4 regioni. Per vizi formali, \u00e8 stato escluso dal voto di San Pietroburgo, citt\u00e0 in cui riceveva il 9% dei suffragi. Jabloko ha pagato l\u2019opposizione al mega-progetto urbanistico di Gazprom-city, un compound del monopolio gasiero sormontato da un \u2018 altissima torre di vetro, che alterer\u00e0 la classica fisionomia della Citt\u00e0 di Pietro. Il progetto \u00e8 sostenuto da Putin e dalla putiniana, vistosa governatrice Matveenko, detta \u201cValentina la Grande\u201d.<\/p>\n<p style=\"text-align: justify;\">Partiti minori \u2013 di orientamenti socialista, comunista operaista, nazional-populista ed ecologista sono presenti, ciascuno, in una o due regioni.<\/p>\n<p style=\"text-align: justify;\">Regolamenti elettorali durissimi (decine di migliaia di firme per la presentazione delle liste, forti cauzioni) hanno filtrato al massimo i possibili concorrenti. In particolare a San Pietroburgo, dove, lo scorso 3 marzo, \u00e8 stata brutalmente repressa dai corpi antisommossa (OMON) una manifestazione di strada di circa cinque-sette mila persone (un record) indetta da partiti e movimenti di opposizione extraparlamentare, uniti nella coalizione \u201cL\u2019Altra Russia\u201d, guidata da personalit\u00e0 diversissime tra loro come l\u2019ex campione del mondo di scacchi Kasparov (liberale), il leader nazional-bolscevico, scrittore e poeta Limonov nonch\u00e9 (sorprendetemente) l\u2019ex-premier di Putin Kasjanov.<\/p>\n<p style=\"text-align: justify;\"><strong>Il bottino dei partiti<\/strong><\/p>\n<p style=\"text-align: justify;\">Nel voto regionale hanno un ruolo specifico gruppi imprenditoriali e affaristici. Nelle regioni come Tjumen\u2019 (gas e petrolio), Samara e Tomsk (petrolio), per esempio, \u00e8 determinante l\u2019appoggio delle grandi compagnie di gas e petrolio. In quella di Vologda, l\u2019appoggio delle acciaierie Severstal\u2019. A San Pietroburgo, quello delle grandi imprese industriali, commerciali e di costruzioni. In Dagestan (la cui vigilia elettorale \u00e8 stata segnata da attentati e rapimenti a danno di candidati) conta l\u2019appoggio dei gruppi etnici e clanici.<\/p>\n<p style=\"text-align: justify;\">Sono rivelatrici le cifre, comunicate dalla Commissione elettorale centrale, circa i fondi raccolti dai diversi partiti per la campagna elettorale. La loro denuncia \u00e8 obbligatoria.<\/p>\n<p style=\"text-align: justify;\">Russia Unita 21 milioni<\/p>\n<div align=\"justify\">Russia Giusta 15,2 milioni<\/div>\n<div align=\"justify\">Unione delle forze di destra 7,6 milioni<\/div>\n<div align=\"justify\">Patrioti di Russia 3,4 milioni<\/div>\n<div align=\"justify\">Zhirinovskij 2,7 milioni<\/div>\n<div align=\"justify\">Jabloko 1,3 milioni<\/div>\n<div align=\"justify\">PCFR 0,877 milioni<\/div>\n<div align=\"justify\">(calcolate in dollari)<\/div>\n<p style=\"text-align: justify;\">In alcune regioni si vota con lo stesso sistema proporzionale con sbarramento elevato al 7%, adottato per le future politiche. In molte circoscrizioni sar\u00e0 sperimentato per la prima volta il voto elettronico.<\/p>\n<p style=\"text-align: justify;\">Si prevede un\u2019affluenza non superiore a quella delle regionali di un anno fa, il 36%. Il che la dice lunga sull\u2019interesse che i russi dimostrano per questa prova, dominata dalle \u00e9lite centrali e locali di potere, economico e politico-amministrativo. Sono loro che controllano i media e sovvenzionano la propaganda elettorale.<\/p>\n<p style=\"text-align: justify;\">Javlinskij, sconsolato, ha parlato di \u201cpseudo elezioni\u201d, in \u201cstile sovietico\u201d. I target di Russia Unita, non a caso, \u00e8 del 44%. Resta l\u2019incognita del \u201cPartito del Potere n. 2\u201d, Russia Giusta, che tanti vedono volare di colpo al 20-25%. Un miracolo russo o un gioco delle parti ?<\/p>\n<p style=\"text-align: justify;\"><strong>APPENDICE<\/strong> \u00a0Soggetti federali dove si vota: San Pietroburgo (citt\u00e0), Repubbliche di Komi e Dagestan, regioni di Leningrado, Mosca, Murmansk, Omsk, Orjol, Samara, Pskov, Stavropol, Tomsk, Tjumen\u2019 e Vologda.<\/p>\n","protected":false},"excerpt":{"rendered":"<p>Il Sole 24 Ore, 10 marzo 2007 di Piero Sinatti Domenica 11 marzo si vota in 14 \u201csoggetti\u201d della Federazione Russa (sono in tutto 87) per il rinnovo delle rispettive assemblee legislative, che legiferano in materia di infrastrutture, casa, sanit\u00e0, istruzione, cultura, traffico, turismo. E che scelgono tra le tre personalit\u00e0 che il capo dello &hellip; <\/p>\n<p><a class=\"more-link btn\" href=\"https:\/\/www.rassegnastampa-totustuus.it\/cattolica\/elezioni-locali-in-russia-prove-generali-per-le-presidenziali\/\">Continua a leggere<\/a><\/p>\n","protected":false},"author":6,"featured_media":33445,"comment_status":"closed","ping_status":"open","sticky":false,"template":"","format":"standard","meta":{"footnotes":""},"categories":[108,116],"tags":[1298],"class_list":["post-2535","post","type-post","status-publish","format-standard","has-post-thumbnail","hentry","category-paesi-e-continenti","category-russia","tag-elezioni-presidenziali","item-wrap"],"yoast_head":"<!-- This site is optimized with the Yoast SEO plugin v27.5 - https:\/\/yoast.com\/product\/yoast-seo-wordpress\/ -->\n<title>Elezioni locali in Russia. Prove generali per le presidenziali - Rassegna Stampa Cattolica<\/title>\n<meta name=\"description\" content=\"Rassegna Stampa Cattolica - Per una cultura che nasce dalla Rivelazione cristiana in conformit\u00e0 alla tradizione e al Magistero della Chiesa in opposizione ad ogni relativismo e totalitarismo\" \/>\n<meta name=\"robots\" content=\"index, follow, max-snippet:-1, max-image-preview:large, max-video-preview:-1\" \/>\n<link rel=\"canonical\" href=\"https:\/\/www.rassegnastampa-totustuus.it\/cattolica\/elezioni-locali-in-russia-prove-generali-per-le-presidenziali\/\" \/>\n<meta property=\"og:locale\" content=\"it_IT\" \/>\n<meta property=\"og:type\" content=\"article\" \/>\n<meta property=\"og:title\" content=\"Elezioni locali in Russia. Prove generali per le presidenziali - Rassegna Stampa Cattolica\" \/>\n<meta property=\"og:description\" content=\"Rassegna Stampa Cattolica - Per una cultura che nasce dalla Rivelazione cristiana in conformit\u00e0 alla tradizione e al Magistero della Chiesa in opposizione ad ogni relativismo e totalitarismo\" \/>\n<meta property=\"og:url\" content=\"https:\/\/www.rassegnastampa-totustuus.it\/cattolica\/elezioni-locali-in-russia-prove-generali-per-le-presidenziali\/\" \/>\n<meta property=\"og:site_name\" content=\"Rassegna Stampa Cattolica\" \/>\n<meta property=\"article:publisher\" content=\"https:\/\/www.facebook.com\/rassegnastampacattolica\" \/>\n<meta property=\"article:published_time\" content=\"2007-03-14T23:00:00+00:00\" \/>\n<meta property=\"article:modified_time\" content=\"2016-04-26T09:51:16+00:00\" \/>\n<meta property=\"og:image\" content=\"https:\/\/www.rassegnastampa-totustuus.it\/cattolica\/wp-content\/uploads\/2007\/03\/elesioni_russe.jpg\" \/>\n\t<meta property=\"og:image:width\" content=\"286\" \/>\n\t<meta property=\"og:image:height\" content=\"176\" \/>\n\t<meta property=\"og:image:type\" content=\"image\/jpeg\" \/>\n<meta name=\"author\" content=\"Redazione\" \/>\n<meta name=\"twitter:card\" content=\"summary_large_image\" \/>\n<meta name=\"twitter:creator\" content=\"@rassegnastampa9\" \/>\n<meta name=\"twitter:site\" content=\"@rassegnastampa9\" \/>\n<meta name=\"twitter:label1\" content=\"Scritto da\" \/>\n\t<meta name=\"twitter:data1\" content=\"Redazione\" \/>\n\t<meta name=\"twitter:label2\" content=\"Tempo di lettura stimato\" \/>\n\t<meta name=\"twitter:data2\" content=\"6 minuti\" \/>\n<script type=\"application\/ld+json\" class=\"yoast-schema-graph\">{\"@context\":\"https:\\\/\\\/schema.org\",\"@graph\":[{\"@type\":\"Article\",\"@id\":\"https:\\\/\\\/www.rassegnastampa-totustuus.it\\\/cattolica\\\/elezioni-locali-in-russia-prove-generali-per-le-presidenziali\\\/#article\",\"isPartOf\":{\"@id\":\"https:\\\/\\\/www.rassegnastampa-totustuus.it\\\/cattolica\\\/elezioni-locali-in-russia-prove-generali-per-le-presidenziali\\\/\"},\"author\":{\"name\":\"Redazione\",\"@id\":\"https:\\\/\\\/www.rassegnastampa-totustuus.it\\\/cattolica\\\/#\\\/schema\\\/person\\\/08f319d2bd1a0904ad9e2bfb7b15e5c3\"},\"headline\":\"Elezioni locali in Russia. Prove generali per le presidenziali\",\"datePublished\":\"2007-03-14T23:00:00+00:00\",\"dateModified\":\"2016-04-26T09:51:16+00:00\",\"mainEntityOfPage\":{\"@id\":\"https:\\\/\\\/www.rassegnastampa-totustuus.it\\\/cattolica\\\/elezioni-locali-in-russia-prove-generali-per-le-presidenziali\\\/\"},\"wordCount\":1149,\"publisher\":{\"@id\":\"https:\\\/\\\/www.rassegnastampa-totustuus.it\\\/cattolica\\\/#organization\"},\"image\":{\"@id\":\"https:\\\/\\\/www.rassegnastampa-totustuus.it\\\/cattolica\\\/elezioni-locali-in-russia-prove-generali-per-le-presidenziali\\\/#primaryimage\"},\"thumbnailUrl\":\"https:\\\/\\\/www.rassegnastampa-totustuus.it\\\/cattolica\\\/wp-content\\\/uploads\\\/2007\\\/03\\\/elesioni_russe.jpg\",\"keywords\":[\"elezioni presidenziali\"],\"articleSection\":[\"Paesi e continenti\",\"Russia\"],\"inLanguage\":\"it-IT\"},{\"@type\":\"WebPage\",\"@id\":\"https:\\\/\\\/www.rassegnastampa-totustuus.it\\\/cattolica\\\/elezioni-locali-in-russia-prove-generali-per-le-presidenziali\\\/\",\"url\":\"https:\\\/\\\/www.rassegnastampa-totustuus.it\\\/cattolica\\\/elezioni-locali-in-russia-prove-generali-per-le-presidenziali\\\/\",\"name\":\"Elezioni locali in Russia. Prove generali per le presidenziali - Rassegna Stampa Cattolica\",\"isPartOf\":{\"@id\":\"https:\\\/\\\/www.rassegnastampa-totustuus.it\\\/cattolica\\\/#website\"},\"primaryImageOfPage\":{\"@id\":\"https:\\\/\\\/www.rassegnastampa-totustuus.it\\\/cattolica\\\/elezioni-locali-in-russia-prove-generali-per-le-presidenziali\\\/#primaryimage\"},\"image\":{\"@id\":\"https:\\\/\\\/www.rassegnastampa-totustuus.it\\\/cattolica\\\/elezioni-locali-in-russia-prove-generali-per-le-presidenziali\\\/#primaryimage\"},\"thumbnailUrl\":\"https:\\\/\\\/www.rassegnastampa-totustuus.it\\\/cattolica\\\/wp-content\\\/uploads\\\/2007\\\/03\\\/elesioni_russe.jpg\",\"datePublished\":\"2007-03-14T23:00:00+00:00\",\"dateModified\":\"2016-04-26T09:51:16+00:00\",\"description\":\"Rassegna Stampa Cattolica - Per una cultura che nasce dalla Rivelazione cristiana in conformit\u00e0 alla tradizione e al Magistero della Chiesa in opposizione ad ogni relativismo e totalitarismo\",\"breadcrumb\":{\"@id\":\"https:\\\/\\\/www.rassegnastampa-totustuus.it\\\/cattolica\\\/elezioni-locali-in-russia-prove-generali-per-le-presidenziali\\\/#breadcrumb\"},\"inLanguage\":\"it-IT\",\"potentialAction\":[{\"@type\":\"ReadAction\",\"target\":[\"https:\\\/\\\/www.rassegnastampa-totustuus.it\\\/cattolica\\\/elezioni-locali-in-russia-prove-generali-per-le-presidenziali\\\/\"]}]},{\"@type\":\"ImageObject\",\"inLanguage\":\"it-IT\",\"@id\":\"https:\\\/\\\/www.rassegnastampa-totustuus.it\\\/cattolica\\\/elezioni-locali-in-russia-prove-generali-per-le-presidenziali\\\/#primaryimage\",\"url\":\"https:\\\/\\\/www.rassegnastampa-totustuus.it\\\/cattolica\\\/wp-content\\\/uploads\\\/2007\\\/03\\\/elesioni_russe.jpg\",\"contentUrl\":\"https:\\\/\\\/www.rassegnastampa-totustuus.it\\\/cattolica\\\/wp-content\\\/uploads\\\/2007\\\/03\\\/elesioni_russe.jpg\",\"width\":286,\"height\":176},{\"@type\":\"BreadcrumbList\",\"@id\":\"https:\\\/\\\/www.rassegnastampa-totustuus.it\\\/cattolica\\\/elezioni-locali-in-russia-prove-generali-per-le-presidenziali\\\/#breadcrumb\",\"itemListElement\":[{\"@type\":\"ListItem\",\"position\":1,\"name\":\"Home\",\"item\":\"https:\\\/\\\/www.rassegnastampa-totustuus.it\\\/cattolica\\\/\"},{\"@type\":\"ListItem\",\"position\":2,\"name\":\"Elezioni locali in Russia. Prove generali per le presidenziali\"}]},{\"@type\":\"WebSite\",\"@id\":\"https:\\\/\\\/www.rassegnastampa-totustuus.it\\\/cattolica\\\/#website\",\"url\":\"https:\\\/\\\/www.rassegnastampa-totustuus.it\\\/cattolica\\\/\",\"name\":\"Rassegna Stampa Cattolica\",\"description\":\"Per una cultura che nasce dalla Rivelazione cristiana in conformit\u00e0 alla tradizione e al Magistero della Chiesa in opposizione ad ogni relativismo e totalitarismo\",\"publisher\":{\"@id\":\"https:\\\/\\\/www.rassegnastampa-totustuus.it\\\/cattolica\\\/#organization\"},\"alternateName\":\"Rass. Cattolica\",\"potentialAction\":[{\"@type\":\"SearchAction\",\"target\":{\"@type\":\"EntryPoint\",\"urlTemplate\":\"https:\\\/\\\/www.rassegnastampa-totustuus.it\\\/cattolica\\\/?s={search_term_string}\"},\"query-input\":{\"@type\":\"PropertyValueSpecification\",\"valueRequired\":true,\"valueName\":\"search_term_string\"}}],\"inLanguage\":\"it-IT\"},{\"@type\":\"Organization\",\"@id\":\"https:\\\/\\\/www.rassegnastampa-totustuus.it\\\/cattolica\\\/#organization\",\"name\":\"Rassegna Stampa Cattolica\",\"url\":\"https:\\\/\\\/www.rassegnastampa-totustuus.it\\\/cattolica\\\/\",\"logo\":{\"@type\":\"ImageObject\",\"inLanguage\":\"it-IT\",\"@id\":\"https:\\\/\\\/www.rassegnastampa-totustuus.it\\\/cattolica\\\/#\\\/schema\\\/logo\\\/image\\\/\",\"url\":\"https:\\\/\\\/www.rassegnastampa-totustuus.it\\\/cattolica\\\/wp-content\\\/uploads\\\/2014\\\/04\\\/logo-rassegna1.gif\",\"contentUrl\":\"https:\\\/\\\/www.rassegnastampa-totustuus.it\\\/cattolica\\\/wp-content\\\/uploads\\\/2014\\\/04\\\/logo-rassegna1.gif\",\"width\":600,\"height\":163,\"caption\":\"Rassegna Stampa Cattolica\"},\"image\":{\"@id\":\"https:\\\/\\\/www.rassegnastampa-totustuus.it\\\/cattolica\\\/#\\\/schema\\\/logo\\\/image\\\/\"},\"sameAs\":[\"https:\\\/\\\/www.facebook.com\\\/rassegnastampacattolica\",\"https:\\\/\\\/x.com\\\/rassegnastampa9\"]},{\"@type\":\"Person\",\"@id\":\"https:\\\/\\\/www.rassegnastampa-totustuus.it\\\/cattolica\\\/#\\\/schema\\\/person\\\/08f319d2bd1a0904ad9e2bfb7b15e5c3\",\"name\":\"Redazione\",\"image\":{\"@type\":\"ImageObject\",\"inLanguage\":\"it-IT\",\"@id\":\"https:\\\/\\\/secure.gravatar.com\\\/avatar\\\/2fcdf27c78ea025fbdb44e914cc63c72249ffec9dc8aafd5c82b26240ef3f346?s=96&d=mm&r=g\",\"url\":\"https:\\\/\\\/secure.gravatar.com\\\/avatar\\\/2fcdf27c78ea025fbdb44e914cc63c72249ffec9dc8aafd5c82b26240ef3f346?s=96&d=mm&r=g\",\"contentUrl\":\"https:\\\/\\\/secure.gravatar.com\\\/avatar\\\/2fcdf27c78ea025fbdb44e914cc63c72249ffec9dc8aafd5c82b26240ef3f346?s=96&d=mm&r=g\",\"caption\":\"Redazione\"},\"url\":\"https:\\\/\\\/www.rassegnastampa-totustuus.it\\\/cattolica\\\/author\\\/pietroelle\\\/\"}]}<\/script>\n<!-- \/ Yoast SEO plugin. -->","yoast_head_json":{"title":"Elezioni locali in Russia. Prove generali per le presidenziali - Rassegna Stampa Cattolica","description":"Rassegna Stampa Cattolica - Per una cultura che nasce dalla Rivelazione cristiana in conformit\u00e0 alla tradizione e al Magistero della Chiesa in opposizione ad ogni relativismo e totalitarismo","robots":{"index":"index","follow":"follow","max-snippet":"max-snippet:-1","max-image-preview":"max-image-preview:large","max-video-preview":"max-video-preview:-1"},"canonical":"https:\/\/www.rassegnastampa-totustuus.it\/cattolica\/elezioni-locali-in-russia-prove-generali-per-le-presidenziali\/","og_locale":"it_IT","og_type":"article","og_title":"Elezioni locali in Russia. Prove generali per le presidenziali - Rassegna Stampa Cattolica","og_description":"Rassegna Stampa Cattolica - Per una cultura che nasce dalla Rivelazione cristiana in conformit\u00e0 alla tradizione e al Magistero della Chiesa in opposizione ad ogni relativismo e totalitarismo","og_url":"https:\/\/www.rassegnastampa-totustuus.it\/cattolica\/elezioni-locali-in-russia-prove-generali-per-le-presidenziali\/","og_site_name":"Rassegna Stampa Cattolica","article_publisher":"https:\/\/www.facebook.com\/rassegnastampacattolica","article_published_time":"2007-03-14T23:00:00+00:00","article_modified_time":"2016-04-26T09:51:16+00:00","og_image":[{"width":286,"height":176,"url":"https:\/\/www.rassegnastampa-totustuus.it\/cattolica\/wp-content\/uploads\/2007\/03\/elesioni_russe.jpg","type":"image\/jpeg"}],"author":"Redazione","twitter_card":"summary_large_image","twitter_creator":"@rassegnastampa9","twitter_site":"@rassegnastampa9","twitter_misc":{"Scritto da":"Redazione","Tempo di lettura stimato":"6 minuti"},"schema":{"@context":"https:\/\/schema.org","@graph":[{"@type":"Article","@id":"https:\/\/www.rassegnastampa-totustuus.it\/cattolica\/elezioni-locali-in-russia-prove-generali-per-le-presidenziali\/#article","isPartOf":{"@id":"https:\/\/www.rassegnastampa-totustuus.it\/cattolica\/elezioni-locali-in-russia-prove-generali-per-le-presidenziali\/"},"author":{"name":"Redazione","@id":"https:\/\/www.rassegnastampa-totustuus.it\/cattolica\/#\/schema\/person\/08f319d2bd1a0904ad9e2bfb7b15e5c3"},"headline":"Elezioni locali in Russia. Prove generali per le presidenziali","datePublished":"2007-03-14T23:00:00+00:00","dateModified":"2016-04-26T09:51:16+00:00","mainEntityOfPage":{"@id":"https:\/\/www.rassegnastampa-totustuus.it\/cattolica\/elezioni-locali-in-russia-prove-generali-per-le-presidenziali\/"},"wordCount":1149,"publisher":{"@id":"https:\/\/www.rassegnastampa-totustuus.it\/cattolica\/#organization"},"image":{"@id":"https:\/\/www.rassegnastampa-totustuus.it\/cattolica\/elezioni-locali-in-russia-prove-generali-per-le-presidenziali\/#primaryimage"},"thumbnailUrl":"https:\/\/www.rassegnastampa-totustuus.it\/cattolica\/wp-content\/uploads\/2007\/03\/elesioni_russe.jpg","keywords":["elezioni presidenziali"],"articleSection":["Paesi e continenti","Russia"],"inLanguage":"it-IT"},{"@type":"WebPage","@id":"https:\/\/www.rassegnastampa-totustuus.it\/cattolica\/elezioni-locali-in-russia-prove-generali-per-le-presidenziali\/","url":"https:\/\/www.rassegnastampa-totustuus.it\/cattolica\/elezioni-locali-in-russia-prove-generali-per-le-presidenziali\/","name":"Elezioni locali in Russia. Prove generali per le presidenziali - Rassegna Stampa Cattolica","isPartOf":{"@id":"https:\/\/www.rassegnastampa-totustuus.it\/cattolica\/#website"},"primaryImageOfPage":{"@id":"https:\/\/www.rassegnastampa-totustuus.it\/cattolica\/elezioni-locali-in-russia-prove-generali-per-le-presidenziali\/#primaryimage"},"image":{"@id":"https:\/\/www.rassegnastampa-totustuus.it\/cattolica\/elezioni-locali-in-russia-prove-generali-per-le-presidenziali\/#primaryimage"},"thumbnailUrl":"https:\/\/www.rassegnastampa-totustuus.it\/cattolica\/wp-content\/uploads\/2007\/03\/elesioni_russe.jpg","datePublished":"2007-03-14T23:00:00+00:00","dateModified":"2016-04-26T09:51:16+00:00","description":"Rassegna Stampa Cattolica - Per una cultura che nasce dalla Rivelazione cristiana in conformit\u00e0 alla tradizione e al Magistero della Chiesa in opposizione ad ogni relativismo e totalitarismo","breadcrumb":{"@id":"https:\/\/www.rassegnastampa-totustuus.it\/cattolica\/elezioni-locali-in-russia-prove-generali-per-le-presidenziali\/#breadcrumb"},"inLanguage":"it-IT","potentialAction":[{"@type":"ReadAction","target":["https:\/\/www.rassegnastampa-totustuus.it\/cattolica\/elezioni-locali-in-russia-prove-generali-per-le-presidenziali\/"]}]},{"@type":"ImageObject","inLanguage":"it-IT","@id":"https:\/\/www.rassegnastampa-totustuus.it\/cattolica\/elezioni-locali-in-russia-prove-generali-per-le-presidenziali\/#primaryimage","url":"https:\/\/www.rassegnastampa-totustuus.it\/cattolica\/wp-content\/uploads\/2007\/03\/elesioni_russe.jpg","contentUrl":"https:\/\/www.rassegnastampa-totustuus.it\/cattolica\/wp-content\/uploads\/2007\/03\/elesioni_russe.jpg","width":286,"height":176},{"@type":"BreadcrumbList","@id":"https:\/\/www.rassegnastampa-totustuus.it\/cattolica\/elezioni-locali-in-russia-prove-generali-per-le-presidenziali\/#breadcrumb","itemListElement":[{"@type":"ListItem","position":1,"name":"Home","item":"https:\/\/www.rassegnastampa-totustuus.it\/cattolica\/"},{"@type":"ListItem","position":2,"name":"Elezioni locali in Russia. Prove generali per le presidenziali"}]},{"@type":"WebSite","@id":"https:\/\/www.rassegnastampa-totustuus.it\/cattolica\/#website","url":"https:\/\/www.rassegnastampa-totustuus.it\/cattolica\/","name":"Rassegna Stampa Cattolica","description":"Per una cultura che nasce dalla Rivelazione cristiana in conformit\u00e0 alla tradizione e al Magistero della Chiesa in opposizione ad ogni relativismo e totalitarismo","publisher":{"@id":"https:\/\/www.rassegnastampa-totustuus.it\/cattolica\/#organization"},"alternateName":"Rass. Cattolica","potentialAction":[{"@type":"SearchAction","target":{"@type":"EntryPoint","urlTemplate":"https:\/\/www.rassegnastampa-totustuus.it\/cattolica\/?s={search_term_string}"},"query-input":{"@type":"PropertyValueSpecification","valueRequired":true,"valueName":"search_term_string"}}],"inLanguage":"it-IT"},{"@type":"Organization","@id":"https:\/\/www.rassegnastampa-totustuus.it\/cattolica\/#organization","name":"Rassegna Stampa Cattolica","url":"https:\/\/www.rassegnastampa-totustuus.it\/cattolica\/","logo":{"@type":"ImageObject","inLanguage":"it-IT","@id":"https:\/\/www.rassegnastampa-totustuus.it\/cattolica\/#\/schema\/logo\/image\/","url":"https:\/\/www.rassegnastampa-totustuus.it\/cattolica\/wp-content\/uploads\/2014\/04\/logo-rassegna1.gif","contentUrl":"https:\/\/www.rassegnastampa-totustuus.it\/cattolica\/wp-content\/uploads\/2014\/04\/logo-rassegna1.gif","width":600,"height":163,"caption":"Rassegna Stampa Cattolica"},"image":{"@id":"https:\/\/www.rassegnastampa-totustuus.it\/cattolica\/#\/schema\/logo\/image\/"},"sameAs":["https:\/\/www.facebook.com\/rassegnastampacattolica","https:\/\/x.com\/rassegnastampa9"]},{"@type":"Person","@id":"https:\/\/www.rassegnastampa-totustuus.it\/cattolica\/#\/schema\/person\/08f319d2bd1a0904ad9e2bfb7b15e5c3","name":"Redazione","image":{"@type":"ImageObject","inLanguage":"it-IT","@id":"https:\/\/secure.gravatar.com\/avatar\/2fcdf27c78ea025fbdb44e914cc63c72249ffec9dc8aafd5c82b26240ef3f346?s=96&d=mm&r=g","url":"https:\/\/secure.gravatar.com\/avatar\/2fcdf27c78ea025fbdb44e914cc63c72249ffec9dc8aafd5c82b26240ef3f346?s=96&d=mm&r=g","contentUrl":"https:\/\/secure.gravatar.com\/avatar\/2fcdf27c78ea025fbdb44e914cc63c72249ffec9dc8aafd5c82b26240ef3f346?s=96&d=mm&r=g","caption":"Redazione"},"url":"https:\/\/www.rassegnastampa-totustuus.it\/cattolica\/author\/pietroelle\/"}]}},"_links":{"self":[{"href":"https:\/\/www.rassegnastampa-totustuus.it\/cattolica\/wp-json\/wp\/v2\/posts\/2535","targetHints":{"allow":["GET"]}}],"collection":[{"href":"https:\/\/www.rassegnastampa-totustuus.it\/cattolica\/wp-json\/wp\/v2\/posts"}],"about":[{"href":"https:\/\/www.rassegnastampa-totustuus.it\/cattolica\/wp-json\/wp\/v2\/types\/post"}],"author":[{"embeddable":true,"href":"https:\/\/www.rassegnastampa-totustuus.it\/cattolica\/wp-json\/wp\/v2\/users\/6"}],"replies":[{"embeddable":true,"href":"https:\/\/www.rassegnastampa-totustuus.it\/cattolica\/wp-json\/wp\/v2\/comments?post=2535"}],"version-history":[{"count":4,"href":"https:\/\/www.rassegnastampa-totustuus.it\/cattolica\/wp-json\/wp\/v2\/posts\/2535\/revisions"}],"predecessor-version":[{"id":33446,"href":"https:\/\/www.rassegnastampa-totustuus.it\/cattolica\/wp-json\/wp\/v2\/posts\/2535\/revisions\/33446"}],"wp:featuredmedia":[{"embeddable":true,"href":"https:\/\/www.rassegnastampa-totustuus.it\/cattolica\/wp-json\/wp\/v2\/media\/33445"}],"wp:attachment":[{"href":"https:\/\/www.rassegnastampa-totustuus.it\/cattolica\/wp-json\/wp\/v2\/media?parent=2535"}],"wp:term":[{"taxonomy":"category","embeddable":true,"href":"https:\/\/www.rassegnastampa-totustuus.it\/cattolica\/wp-json\/wp\/v2\/categories?post=2535"},{"taxonomy":"post_tag","embeddable":true,"href":"https:\/\/www.rassegnastampa-totustuus.it\/cattolica\/wp-json\/wp\/v2\/tags?post=2535"}],"curies":[{"name":"wp","href":"https:\/\/api.w.org\/{rel}","templated":true}]}}