{"id":25273,"date":"2015-06-04T00:00:38","date_gmt":"2015-06-03T22:00:38","guid":{"rendered":"http:\/\/www.rassegnastampa-totustuus.it\/cattolica\/?p=25273"},"modified":"2015-06-04T20:26:41","modified_gmt":"2015-06-04T18:26:41","slug":"il-referendum-che-scuote-la-vigna","status":"publish","type":"post","link":"https:\/\/www.rassegnastampa-totustuus.it\/cattolica\/il-referendum-che-scuote-la-vigna\/","title":{"rendered":"Il referendum che scuote la vigna"},"content":{"rendered":"<p style=\"text-align: center;\"><strong><a href=\"https:\/\/www.rassegnastampa-totustuus.it\/cattolica\/wp-content\/uploads\/2015\/06\/Referendum-Irlanda.png\"><img loading=\"lazy\" decoding=\"async\" class=\"alignright wp-image-25424 size-full\" src=\"https:\/\/www.rassegnastampa-totustuus.it\/cattolica\/wp-content\/uploads\/2015\/06\/Referendum-Irlanda.png\" alt=\"Referendum Irlanda\" width=\"300\" height=\"168\" \/><\/a>Il Foglio quotidiano<\/strong> gioved\u00ec 28 maggio 2015<\/p>\n<p style=\"text-align: center;\"><em>Kasper vuole le unioni civili al Sinodo, il Papa esalta il matrimonio<\/em><\/p>\n<p style=\"text-align: center;\"><strong>Matteo Matzuzzi<\/strong><\/p>\n<p style=\"text-align: justify;\">Roma &#8211; Il cardinale Walter Kasper, latore concistoriale della proposta per adeguare la pastorale cattolica in fatto di morale sessuale ai tempi d\u2019oggi, garantisce al <em>Corriere della Sera<\/em> che al Sinodo dell\u2019autunno venturo si parler\u00e0 di unioni civili. Tema su cui fino a oggi \u201csi \u00e8 taciuto troppo\u201d, per cui \u00e8 giunta l\u2019ora di discuterne come si deve. D\u2019altra parte, aggiunge, \u201cl\u2019ultima volta la questione \u00e8 rimasta marginale ma ora diventa centrale\u201d. E pazienza se, a poche ore di distanza, il cardinale brasiliano Odilo Pedro Scherer, membro della Segreteria del Sinodo, dichiarava alla <em>Radio Vaticana<\/em> che nell\u2019Instrumentum laboris \u201cnon ci saranno novit\u00e0\u201d, visto che \u201cle tematiche sono quelle che sono state gi\u00e0 trattate nell\u2019Assemblea straordinaria dell\u2019anno scorso\u201d.<\/p>\n<p style=\"text-align: justify;\"><!--more--><\/p>\n<p style=\"text-align: justify;\">\u00a0A riportare la barra al centro ci pensava il Papa, che dedicando l\u2019ennesima catechesi del mercoled\u00ec alla famiglia, faceva sapere che \u201cla chiesa, nella sua saggezza, custodisce la distinzione tra l\u2019essere fidanzati e l\u2019essere sposi\u201d e che questa distinzione \u00e8 stata preservata \u201cper proteggere la profondit\u00e0 del sacramento\u201d.<\/p>\n<p style=\"text-align: justify;\">Significativamente, Francesco ieri ha parlato del fidanzamento come \u201ccammino di preparazione al matrimonio che va impostato puntando sull\u2019essenziale: Bibbia, preghiera, sacramenti\u201d. L\u2019obiettivo finale, ha chiarito il Pontefice, \u00e8 quello di riscoprire il valore del matrimonio cristiano, \u201cche \u00e8 alleanza d\u2019amore tra uomo e donna\u201d. Ma intanto il dibattito ferve, dentro e fuori le mura dei sacri palazzi.<\/p>\n<p style=\"text-align: justify;\">Il cardinale Pietro Parolin, segretario di stato, mette tutti in riga definendo una \u201csconfitta dell\u2019umanit\u00e0\u201d l\u2019esito del referendum irlandese, mentre qualche presule \u2013 come il vescovo di Mazara del Vallo, Domenico Mogavero, alla <em>Stampa<\/em> \u2013 gi\u00e0 avvertiva che \u201cla chiesa non pu\u00f2 interferire\u201d in faccende quali le unioni civili tra persone dello stesso sesso. \u201cCon tutto il rispetto, non darei troppa importanza alle dichiarazioni di monsignor Mogavero\u201d, dice al <em>Foglio<\/em> il sociologo Massimo Introvigne: \u201cAbbiamo letto le parole di Bagnasco e Parolin, mi pare che la maggioranza dei vescovi italiani si riconosca in queste posizioni, visto anche come sono andate le votazioni per le commissioni episcopali e per i quattro delegati al Sinodo (gli eletti sono Bagnasco, Scola, Brambilla e Solmi).<\/p>\n<p style=\"text-align: justify;\">\u201cQuel che \u00e8 importante capire \u2013 dice Massimo Introvigne \u2013 \u00e8 che una volta introdotte le unioni civili, si passer\u00e0 poi inevitabilmente alle adozioni. Non lo dico io, ma la Corte europea dei diritti dell\u2019uomo\u201d, spiega. Il precedente c\u2019\u00e8 gi\u00e0, \u00e8 la sentenza \u201cX contro Austria\u201d del 2013. In sostanza, si afferma s\u00ec che nessun paese \u00e8 obbligato a introdurre nel proprio ordinamento il matrimonio o le unioni civili, ma che se lo fa poi non pu\u00f2 pi\u00f9 vietare l\u2019adozione alle coppie omosessuali. \u201cSarebbe infatti una discriminazione rispetto alle coppie eterosessuali, e quindi sarebbe necessario adeguarsi\u201d.<\/p>\n<p style=\"text-align: justify;\">Insomma, osserva il nostro interlocutore, \u201cdire che si \u00e8 favorevoli alle unioni civili ma non al matrimonio tra persone dello stesso sesso non ha alcuno spazio nella giurisprudenza comunitaria, e temo neanche in quella italiana\u201d.<\/p>\n<p style=\"text-align: justify;\">Dalla lezione irlandese, insomma, si deve imparare che \u201cla battaglia si fa ora. A Dublino la chiesa ha perso la sfida cinque anni fa, nel 2010, quando furono approvate le unioni civili. Se si vuole evitare che anche qui arrivino le adozioni e l\u2019utero in affitto, bisogna fare in modo che non passi quel tipo di unione. Non si tratta di negare il riconoscimento di diritti a queste persone, peraltro gi\u00e0 presenti nella nostra giurisprudenza. L\u2019importante \u00e8 non creare un nuovo istituto giuridico, perch\u00e9 a quel punto l\u2019onda non si potr\u00e0 pi\u00f9 fermare\u201d.<\/p>\n<p style=\"text-align: justify;\">D\u2019altronde, il caso irlandese fa da musa ispiratrice: \u201cQuando si cominci\u00f2 a discutere di matrimonio, le perplessit\u00e0 della maggioranza della popolazione si concentravano proprio sul capitolo relativo alle adozioni, perch\u00e9 l\u00ec \u2013 come in Italia \u2013 sono pi\u00f9 i contrari che i favorevoli su questo aspetto specifico\u201d, sottolinea Introvigne. \u201cPer aggirare il problema, prima del referendum (il 6 aprile scorso) maggioranza e minoranza hanno approvato in Parlamento la legge sull\u2019adozione omosessuale. A quel punto l\u2019opposizione alle nozze gay era svuotata di significato: se il principale punto di dissidio erano le adozioni, e queste erano gi\u00e0 legge, per quale motivo ci si doveva opporre ai matrimoni?\u201d. Ecco perch\u00e9 \u201cdico che la chiesa aveva gi\u00e0 perso la battaglia\u201d.<\/p>\n<p style=\"text-align: justify;\">Il pericolo, insomma, \u00e8 che in Italia si segua la stessa strada: unioni civili e poi, a cascata, tutto il resto. Maquillage lessicale, come aveva dopotutto gi\u00e0 fatto sapere il sottosegretario Scalfarotto quando disse che \u201cle unioni civili non sono un matrimonio pi\u00f9 basso, ma la stessa cosa con un altro nome. Per questioni di realpolitik\u201d.<\/p>\n<p style=\"text-align: justify;\">Nessuno, chiosa il direttore del Centro studi sulle nuove religioni (Cesnur) al <em>Foglio<\/em>, vuole negare diritti garantiti sui quali gli italiani sono, in gran parte, favorevoli. Altra cosa, per\u00f2, \u00e8 passare alle nozze e di conseguenza alle adozioni. Per evitare tutto questo \u00e8 indispensabile, dice, \u201cfare il possibile per bloccare le unioni civili, che altro non sono che un matrimonio sotto altro nome\u201d.<\/p>\n","protected":false},"excerpt":{"rendered":"<p>Il Foglio quotidiano gioved\u00ec 28 maggio 2015 Kasper vuole le unioni civili al Sinodo, il Papa esalta il matrimonio Matteo Matzuzzi Roma &#8211; Il cardinale Walter Kasper, latore concistoriale della proposta per adeguare la pastorale cattolica in fatto di morale sessuale ai tempi d\u2019oggi, garantisce al Corriere della Sera che al Sinodo dell\u2019autunno venturo si &hellip; <\/p>\n<p><a class=\"more-link btn\" href=\"https:\/\/www.rassegnastampa-totustuus.it\/cattolica\/il-referendum-che-scuote-la-vigna\/\">Continua a leggere<\/a><\/p>\n","protected":false},"author":6,"featured_media":25424,"comment_status":"closed","ping_status":"closed","sticky":false,"template":"","format":"standard","meta":{"footnotes":""},"categories":[5,48],"tags":[1794,415],"class_list":["post-25273","post","type-post","status-publish","format-standard","has-post-thumbnail","hentry","category-chiesa","category-omosessualit","tag-irlanda","tag-matrimonio-gay","item-wrap"],"yoast_head":"<!-- This site is optimized with the Yoast SEO plugin v27.4 - https:\/\/yoast.com\/product\/yoast-seo-wordpress\/ -->\n<title>Il referendum che scuote la vigna - Rassegna Stampa Cattolica<\/title>\n<meta name=\"description\" content=\"Rassegna Stampa Cattolica - Per una cultura che nasce dalla Rivelazione cristiana in conformit\u00e0 alla tradizione e al Magistero della Chiesa in opposizione ad ogni relativismo e totalitarismo\" \/>\n<meta name=\"robots\" content=\"index, follow, max-snippet:-1, max-image-preview:large, max-video-preview:-1\" \/>\n<link rel=\"canonical\" href=\"https:\/\/www.rassegnastampa-totustuus.it\/cattolica\/il-referendum-che-scuote-la-vigna\/\" \/>\n<meta property=\"og:locale\" content=\"it_IT\" \/>\n<meta property=\"og:type\" content=\"article\" \/>\n<meta property=\"og:title\" content=\"Il referendum che scuote la vigna - Rassegna Stampa Cattolica\" \/>\n<meta property=\"og:description\" content=\"Rassegna Stampa Cattolica - Per una cultura che nasce dalla Rivelazione cristiana in conformit\u00e0 alla tradizione e al Magistero della Chiesa in opposizione ad ogni relativismo e totalitarismo\" \/>\n<meta property=\"og:url\" content=\"https:\/\/www.rassegnastampa-totustuus.it\/cattolica\/il-referendum-che-scuote-la-vigna\/\" \/>\n<meta property=\"og:site_name\" content=\"Rassegna Stampa Cattolica\" \/>\n<meta property=\"article:publisher\" content=\"https:\/\/www.facebook.com\/rassegnastampacattolica\" \/>\n<meta property=\"article:published_time\" content=\"2015-06-03T22:00:38+00:00\" \/>\n<meta property=\"article:modified_time\" content=\"2015-06-04T18:26:41+00:00\" \/>\n<meta property=\"og:image\" content=\"https:\/\/www.rassegnastampa-totustuus.it\/cattolica\/wp-content\/uploads\/2015\/06\/Referendum-Irlanda.png\" \/>\n\t<meta property=\"og:image:width\" content=\"300\" \/>\n\t<meta property=\"og:image:height\" content=\"168\" \/>\n\t<meta property=\"og:image:type\" content=\"image\/png\" \/>\n<meta name=\"author\" content=\"Redazione\" \/>\n<meta name=\"twitter:card\" content=\"summary_large_image\" \/>\n<meta name=\"twitter:creator\" content=\"@rassegnastampa9\" \/>\n<meta name=\"twitter:site\" content=\"@rassegnastampa9\" \/>\n<meta name=\"twitter:label1\" content=\"Scritto da\" \/>\n\t<meta name=\"twitter:data1\" content=\"Redazione\" \/>\n\t<meta name=\"twitter:label2\" content=\"Tempo di lettura stimato\" \/>\n\t<meta name=\"twitter:data2\" content=\"4 minuti\" \/>\n<script type=\"application\/ld+json\" class=\"yoast-schema-graph\">{\"@context\":\"https:\\\/\\\/schema.org\",\"@graph\":[{\"@type\":\"Article\",\"@id\":\"https:\\\/\\\/www.rassegnastampa-totustuus.it\\\/cattolica\\\/il-referendum-che-scuote-la-vigna\\\/#article\",\"isPartOf\":{\"@id\":\"https:\\\/\\\/www.rassegnastampa-totustuus.it\\\/cattolica\\\/il-referendum-che-scuote-la-vigna\\\/\"},\"author\":{\"name\":\"Redazione\",\"@id\":\"https:\\\/\\\/www.rassegnastampa-totustuus.it\\\/cattolica\\\/#\\\/schema\\\/person\\\/08f319d2bd1a0904ad9e2bfb7b15e5c3\"},\"headline\":\"Il referendum che scuote la vigna\",\"datePublished\":\"2015-06-03T22:00:38+00:00\",\"dateModified\":\"2015-06-04T18:26:41+00:00\",\"mainEntityOfPage\":{\"@id\":\"https:\\\/\\\/www.rassegnastampa-totustuus.it\\\/cattolica\\\/il-referendum-che-scuote-la-vigna\\\/\"},\"wordCount\":827,\"publisher\":{\"@id\":\"https:\\\/\\\/www.rassegnastampa-totustuus.it\\\/cattolica\\\/#organization\"},\"image\":{\"@id\":\"https:\\\/\\\/www.rassegnastampa-totustuus.it\\\/cattolica\\\/il-referendum-che-scuote-la-vigna\\\/#primaryimage\"},\"thumbnailUrl\":\"https:\\\/\\\/www.rassegnastampa-totustuus.it\\\/cattolica\\\/wp-content\\\/uploads\\\/2015\\\/06\\\/Referendum-Irlanda.png\",\"keywords\":[\"Irlanda\",\"matrimonio gay\"],\"articleSection\":[\"Chiesa\",\"Omosessualit&agrave;\"],\"inLanguage\":\"it-IT\"},{\"@type\":\"WebPage\",\"@id\":\"https:\\\/\\\/www.rassegnastampa-totustuus.it\\\/cattolica\\\/il-referendum-che-scuote-la-vigna\\\/\",\"url\":\"https:\\\/\\\/www.rassegnastampa-totustuus.it\\\/cattolica\\\/il-referendum-che-scuote-la-vigna\\\/\",\"name\":\"Il referendum che scuote la vigna - Rassegna Stampa Cattolica\",\"isPartOf\":{\"@id\":\"https:\\\/\\\/www.rassegnastampa-totustuus.it\\\/cattolica\\\/#website\"},\"primaryImageOfPage\":{\"@id\":\"https:\\\/\\\/www.rassegnastampa-totustuus.it\\\/cattolica\\\/il-referendum-che-scuote-la-vigna\\\/#primaryimage\"},\"image\":{\"@id\":\"https:\\\/\\\/www.rassegnastampa-totustuus.it\\\/cattolica\\\/il-referendum-che-scuote-la-vigna\\\/#primaryimage\"},\"thumbnailUrl\":\"https:\\\/\\\/www.rassegnastampa-totustuus.it\\\/cattolica\\\/wp-content\\\/uploads\\\/2015\\\/06\\\/Referendum-Irlanda.png\",\"datePublished\":\"2015-06-03T22:00:38+00:00\",\"dateModified\":\"2015-06-04T18:26:41+00:00\",\"description\":\"Rassegna Stampa Cattolica - Per una cultura che nasce dalla Rivelazione cristiana in conformit\u00e0 alla tradizione e al Magistero della Chiesa in opposizione ad ogni relativismo e totalitarismo\",\"breadcrumb\":{\"@id\":\"https:\\\/\\\/www.rassegnastampa-totustuus.it\\\/cattolica\\\/il-referendum-che-scuote-la-vigna\\\/#breadcrumb\"},\"inLanguage\":\"it-IT\",\"potentialAction\":[{\"@type\":\"ReadAction\",\"target\":[\"https:\\\/\\\/www.rassegnastampa-totustuus.it\\\/cattolica\\\/il-referendum-che-scuote-la-vigna\\\/\"]}]},{\"@type\":\"ImageObject\",\"inLanguage\":\"it-IT\",\"@id\":\"https:\\\/\\\/www.rassegnastampa-totustuus.it\\\/cattolica\\\/il-referendum-che-scuote-la-vigna\\\/#primaryimage\",\"url\":\"https:\\\/\\\/www.rassegnastampa-totustuus.it\\\/cattolica\\\/wp-content\\\/uploads\\\/2015\\\/06\\\/Referendum-Irlanda.png\",\"contentUrl\":\"https:\\\/\\\/www.rassegnastampa-totustuus.it\\\/cattolica\\\/wp-content\\\/uploads\\\/2015\\\/06\\\/Referendum-Irlanda.png\",\"width\":300,\"height\":168},{\"@type\":\"BreadcrumbList\",\"@id\":\"https:\\\/\\\/www.rassegnastampa-totustuus.it\\\/cattolica\\\/il-referendum-che-scuote-la-vigna\\\/#breadcrumb\",\"itemListElement\":[{\"@type\":\"ListItem\",\"position\":1,\"name\":\"Home\",\"item\":\"https:\\\/\\\/www.rassegnastampa-totustuus.it\\\/cattolica\\\/\"},{\"@type\":\"ListItem\",\"position\":2,\"name\":\"Il referendum che scuote la vigna\"}]},{\"@type\":\"WebSite\",\"@id\":\"https:\\\/\\\/www.rassegnastampa-totustuus.it\\\/cattolica\\\/#website\",\"url\":\"https:\\\/\\\/www.rassegnastampa-totustuus.it\\\/cattolica\\\/\",\"name\":\"Rassegna Stampa Cattolica\",\"description\":\"Per una cultura che nasce dalla Rivelazione cristiana in conformit\u00e0 alla tradizione e al Magistero della Chiesa in opposizione ad ogni relativismo e totalitarismo\",\"publisher\":{\"@id\":\"https:\\\/\\\/www.rassegnastampa-totustuus.it\\\/cattolica\\\/#organization\"},\"alternateName\":\"Rass. Cattolica\",\"potentialAction\":[{\"@type\":\"SearchAction\",\"target\":{\"@type\":\"EntryPoint\",\"urlTemplate\":\"https:\\\/\\\/www.rassegnastampa-totustuus.it\\\/cattolica\\\/?s={search_term_string}\"},\"query-input\":{\"@type\":\"PropertyValueSpecification\",\"valueRequired\":true,\"valueName\":\"search_term_string\"}}],\"inLanguage\":\"it-IT\"},{\"@type\":\"Organization\",\"@id\":\"https:\\\/\\\/www.rassegnastampa-totustuus.it\\\/cattolica\\\/#organization\",\"name\":\"Rassegna Stampa Cattolica\",\"url\":\"https:\\\/\\\/www.rassegnastampa-totustuus.it\\\/cattolica\\\/\",\"logo\":{\"@type\":\"ImageObject\",\"inLanguage\":\"it-IT\",\"@id\":\"https:\\\/\\\/www.rassegnastampa-totustuus.it\\\/cattolica\\\/#\\\/schema\\\/logo\\\/image\\\/\",\"url\":\"https:\\\/\\\/www.rassegnastampa-totustuus.it\\\/cattolica\\\/wp-content\\\/uploads\\\/2014\\\/04\\\/logo-rassegna1.gif\",\"contentUrl\":\"https:\\\/\\\/www.rassegnastampa-totustuus.it\\\/cattolica\\\/wp-content\\\/uploads\\\/2014\\\/04\\\/logo-rassegna1.gif\",\"width\":600,\"height\":163,\"caption\":\"Rassegna Stampa Cattolica\"},\"image\":{\"@id\":\"https:\\\/\\\/www.rassegnastampa-totustuus.it\\\/cattolica\\\/#\\\/schema\\\/logo\\\/image\\\/\"},\"sameAs\":[\"https:\\\/\\\/www.facebook.com\\\/rassegnastampacattolica\",\"https:\\\/\\\/x.com\\\/rassegnastampa9\"]},{\"@type\":\"Person\",\"@id\":\"https:\\\/\\\/www.rassegnastampa-totustuus.it\\\/cattolica\\\/#\\\/schema\\\/person\\\/08f319d2bd1a0904ad9e2bfb7b15e5c3\",\"name\":\"Redazione\",\"image\":{\"@type\":\"ImageObject\",\"inLanguage\":\"it-IT\",\"@id\":\"https:\\\/\\\/secure.gravatar.com\\\/avatar\\\/2fcdf27c78ea025fbdb44e914cc63c72249ffec9dc8aafd5c82b26240ef3f346?s=96&d=mm&r=g\",\"url\":\"https:\\\/\\\/secure.gravatar.com\\\/avatar\\\/2fcdf27c78ea025fbdb44e914cc63c72249ffec9dc8aafd5c82b26240ef3f346?s=96&d=mm&r=g\",\"contentUrl\":\"https:\\\/\\\/secure.gravatar.com\\\/avatar\\\/2fcdf27c78ea025fbdb44e914cc63c72249ffec9dc8aafd5c82b26240ef3f346?s=96&d=mm&r=g\",\"caption\":\"Redazione\"},\"url\":\"https:\\\/\\\/www.rassegnastampa-totustuus.it\\\/cattolica\\\/author\\\/pietroelle\\\/\"}]}<\/script>\n<!-- \/ Yoast SEO plugin. -->","yoast_head_json":{"title":"Il referendum che scuote la vigna - Rassegna Stampa Cattolica","description":"Rassegna Stampa Cattolica - Per una cultura che nasce dalla Rivelazione cristiana in conformit\u00e0 alla tradizione e al Magistero della Chiesa in opposizione ad ogni relativismo e totalitarismo","robots":{"index":"index","follow":"follow","max-snippet":"max-snippet:-1","max-image-preview":"max-image-preview:large","max-video-preview":"max-video-preview:-1"},"canonical":"https:\/\/www.rassegnastampa-totustuus.it\/cattolica\/il-referendum-che-scuote-la-vigna\/","og_locale":"it_IT","og_type":"article","og_title":"Il referendum che scuote la vigna - Rassegna Stampa Cattolica","og_description":"Rassegna Stampa Cattolica - Per una cultura che nasce dalla Rivelazione cristiana in conformit\u00e0 alla tradizione e al Magistero della Chiesa in opposizione ad ogni relativismo e totalitarismo","og_url":"https:\/\/www.rassegnastampa-totustuus.it\/cattolica\/il-referendum-che-scuote-la-vigna\/","og_site_name":"Rassegna Stampa Cattolica","article_publisher":"https:\/\/www.facebook.com\/rassegnastampacattolica","article_published_time":"2015-06-03T22:00:38+00:00","article_modified_time":"2015-06-04T18:26:41+00:00","og_image":[{"width":300,"height":168,"url":"https:\/\/www.rassegnastampa-totustuus.it\/cattolica\/wp-content\/uploads\/2015\/06\/Referendum-Irlanda.png","type":"image\/png"}],"author":"Redazione","twitter_card":"summary_large_image","twitter_creator":"@rassegnastampa9","twitter_site":"@rassegnastampa9","twitter_misc":{"Scritto da":"Redazione","Tempo di lettura stimato":"4 minuti"},"schema":{"@context":"https:\/\/schema.org","@graph":[{"@type":"Article","@id":"https:\/\/www.rassegnastampa-totustuus.it\/cattolica\/il-referendum-che-scuote-la-vigna\/#article","isPartOf":{"@id":"https:\/\/www.rassegnastampa-totustuus.it\/cattolica\/il-referendum-che-scuote-la-vigna\/"},"author":{"name":"Redazione","@id":"https:\/\/www.rassegnastampa-totustuus.it\/cattolica\/#\/schema\/person\/08f319d2bd1a0904ad9e2bfb7b15e5c3"},"headline":"Il referendum che scuote la vigna","datePublished":"2015-06-03T22:00:38+00:00","dateModified":"2015-06-04T18:26:41+00:00","mainEntityOfPage":{"@id":"https:\/\/www.rassegnastampa-totustuus.it\/cattolica\/il-referendum-che-scuote-la-vigna\/"},"wordCount":827,"publisher":{"@id":"https:\/\/www.rassegnastampa-totustuus.it\/cattolica\/#organization"},"image":{"@id":"https:\/\/www.rassegnastampa-totustuus.it\/cattolica\/il-referendum-che-scuote-la-vigna\/#primaryimage"},"thumbnailUrl":"https:\/\/www.rassegnastampa-totustuus.it\/cattolica\/wp-content\/uploads\/2015\/06\/Referendum-Irlanda.png","keywords":["Irlanda","matrimonio gay"],"articleSection":["Chiesa","Omosessualit&agrave;"],"inLanguage":"it-IT"},{"@type":"WebPage","@id":"https:\/\/www.rassegnastampa-totustuus.it\/cattolica\/il-referendum-che-scuote-la-vigna\/","url":"https:\/\/www.rassegnastampa-totustuus.it\/cattolica\/il-referendum-che-scuote-la-vigna\/","name":"Il referendum che scuote la vigna - Rassegna Stampa Cattolica","isPartOf":{"@id":"https:\/\/www.rassegnastampa-totustuus.it\/cattolica\/#website"},"primaryImageOfPage":{"@id":"https:\/\/www.rassegnastampa-totustuus.it\/cattolica\/il-referendum-che-scuote-la-vigna\/#primaryimage"},"image":{"@id":"https:\/\/www.rassegnastampa-totustuus.it\/cattolica\/il-referendum-che-scuote-la-vigna\/#primaryimage"},"thumbnailUrl":"https:\/\/www.rassegnastampa-totustuus.it\/cattolica\/wp-content\/uploads\/2015\/06\/Referendum-Irlanda.png","datePublished":"2015-06-03T22:00:38+00:00","dateModified":"2015-06-04T18:26:41+00:00","description":"Rassegna Stampa Cattolica - Per una cultura che nasce dalla Rivelazione cristiana in conformit\u00e0 alla tradizione e al Magistero della Chiesa in opposizione ad ogni relativismo e totalitarismo","breadcrumb":{"@id":"https:\/\/www.rassegnastampa-totustuus.it\/cattolica\/il-referendum-che-scuote-la-vigna\/#breadcrumb"},"inLanguage":"it-IT","potentialAction":[{"@type":"ReadAction","target":["https:\/\/www.rassegnastampa-totustuus.it\/cattolica\/il-referendum-che-scuote-la-vigna\/"]}]},{"@type":"ImageObject","inLanguage":"it-IT","@id":"https:\/\/www.rassegnastampa-totustuus.it\/cattolica\/il-referendum-che-scuote-la-vigna\/#primaryimage","url":"https:\/\/www.rassegnastampa-totustuus.it\/cattolica\/wp-content\/uploads\/2015\/06\/Referendum-Irlanda.png","contentUrl":"https:\/\/www.rassegnastampa-totustuus.it\/cattolica\/wp-content\/uploads\/2015\/06\/Referendum-Irlanda.png","width":300,"height":168},{"@type":"BreadcrumbList","@id":"https:\/\/www.rassegnastampa-totustuus.it\/cattolica\/il-referendum-che-scuote-la-vigna\/#breadcrumb","itemListElement":[{"@type":"ListItem","position":1,"name":"Home","item":"https:\/\/www.rassegnastampa-totustuus.it\/cattolica\/"},{"@type":"ListItem","position":2,"name":"Il referendum che scuote la vigna"}]},{"@type":"WebSite","@id":"https:\/\/www.rassegnastampa-totustuus.it\/cattolica\/#website","url":"https:\/\/www.rassegnastampa-totustuus.it\/cattolica\/","name":"Rassegna Stampa Cattolica","description":"Per una cultura che nasce dalla Rivelazione cristiana in conformit\u00e0 alla tradizione e al Magistero della Chiesa in opposizione ad ogni relativismo e totalitarismo","publisher":{"@id":"https:\/\/www.rassegnastampa-totustuus.it\/cattolica\/#organization"},"alternateName":"Rass. Cattolica","potentialAction":[{"@type":"SearchAction","target":{"@type":"EntryPoint","urlTemplate":"https:\/\/www.rassegnastampa-totustuus.it\/cattolica\/?s={search_term_string}"},"query-input":{"@type":"PropertyValueSpecification","valueRequired":true,"valueName":"search_term_string"}}],"inLanguage":"it-IT"},{"@type":"Organization","@id":"https:\/\/www.rassegnastampa-totustuus.it\/cattolica\/#organization","name":"Rassegna Stampa Cattolica","url":"https:\/\/www.rassegnastampa-totustuus.it\/cattolica\/","logo":{"@type":"ImageObject","inLanguage":"it-IT","@id":"https:\/\/www.rassegnastampa-totustuus.it\/cattolica\/#\/schema\/logo\/image\/","url":"https:\/\/www.rassegnastampa-totustuus.it\/cattolica\/wp-content\/uploads\/2014\/04\/logo-rassegna1.gif","contentUrl":"https:\/\/www.rassegnastampa-totustuus.it\/cattolica\/wp-content\/uploads\/2014\/04\/logo-rassegna1.gif","width":600,"height":163,"caption":"Rassegna Stampa Cattolica"},"image":{"@id":"https:\/\/www.rassegnastampa-totustuus.it\/cattolica\/#\/schema\/logo\/image\/"},"sameAs":["https:\/\/www.facebook.com\/rassegnastampacattolica","https:\/\/x.com\/rassegnastampa9"]},{"@type":"Person","@id":"https:\/\/www.rassegnastampa-totustuus.it\/cattolica\/#\/schema\/person\/08f319d2bd1a0904ad9e2bfb7b15e5c3","name":"Redazione","image":{"@type":"ImageObject","inLanguage":"it-IT","@id":"https:\/\/secure.gravatar.com\/avatar\/2fcdf27c78ea025fbdb44e914cc63c72249ffec9dc8aafd5c82b26240ef3f346?s=96&d=mm&r=g","url":"https:\/\/secure.gravatar.com\/avatar\/2fcdf27c78ea025fbdb44e914cc63c72249ffec9dc8aafd5c82b26240ef3f346?s=96&d=mm&r=g","contentUrl":"https:\/\/secure.gravatar.com\/avatar\/2fcdf27c78ea025fbdb44e914cc63c72249ffec9dc8aafd5c82b26240ef3f346?s=96&d=mm&r=g","caption":"Redazione"},"url":"https:\/\/www.rassegnastampa-totustuus.it\/cattolica\/author\/pietroelle\/"}]}},"_links":{"self":[{"href":"https:\/\/www.rassegnastampa-totustuus.it\/cattolica\/wp-json\/wp\/v2\/posts\/25273","targetHints":{"allow":["GET"]}}],"collection":[{"href":"https:\/\/www.rassegnastampa-totustuus.it\/cattolica\/wp-json\/wp\/v2\/posts"}],"about":[{"href":"https:\/\/www.rassegnastampa-totustuus.it\/cattolica\/wp-json\/wp\/v2\/types\/post"}],"author":[{"embeddable":true,"href":"https:\/\/www.rassegnastampa-totustuus.it\/cattolica\/wp-json\/wp\/v2\/users\/6"}],"replies":[{"embeddable":true,"href":"https:\/\/www.rassegnastampa-totustuus.it\/cattolica\/wp-json\/wp\/v2\/comments?post=25273"}],"version-history":[{"count":3,"href":"https:\/\/www.rassegnastampa-totustuus.it\/cattolica\/wp-json\/wp\/v2\/posts\/25273\/revisions"}],"predecessor-version":[{"id":25426,"href":"https:\/\/www.rassegnastampa-totustuus.it\/cattolica\/wp-json\/wp\/v2\/posts\/25273\/revisions\/25426"}],"wp:featuredmedia":[{"embeddable":true,"href":"https:\/\/www.rassegnastampa-totustuus.it\/cattolica\/wp-json\/wp\/v2\/media\/25424"}],"wp:attachment":[{"href":"https:\/\/www.rassegnastampa-totustuus.it\/cattolica\/wp-json\/wp\/v2\/media?parent=25273"}],"wp:term":[{"taxonomy":"category","embeddable":true,"href":"https:\/\/www.rassegnastampa-totustuus.it\/cattolica\/wp-json\/wp\/v2\/categories?post=25273"},{"taxonomy":"post_tag","embeddable":true,"href":"https:\/\/www.rassegnastampa-totustuus.it\/cattolica\/wp-json\/wp\/v2\/tags?post=25273"}],"curies":[{"name":"wp","href":"https:\/\/api.w.org\/{rel}","templated":true}]}}