{"id":2526,"date":"2007-03-08T00:00:00","date_gmt":"2007-03-07T23:00:00","guid":{"rendered":""},"modified":"2016-03-01T11:59:44","modified_gmt":"2016-03-01T10:59:44","slug":"intervista-a-un-missionario-sullislam-in-bangladesh","status":"publish","type":"post","link":"https:\/\/www.rassegnastampa-totustuus.it\/cattolica\/intervista-a-un-missionario-sullislam-in-bangladesh\/","title":{"rendered":"Intervista a un missionario sull&#8217;islam in Bangladesh"},"content":{"rendered":"<div style=\"text-align: center;\"><img loading=\"lazy\" decoding=\"async\" class=\"alignright wp-image-31193\" src=\"https:\/\/www.rassegnastampa-totustuus.it\/cattolica\/wp-content\/uploads\/2007\/03\/missioni.jpg\" alt=\"missioni\" width=\"250\" height=\"189\" \/>da<strong> Mondo e Missione <\/strong>&#8211; rivista del PIME gennaio 2007<\/div>\n<p style=\"text-align: justify;\"><em>Il missionario italiano intervistato (pi\u00f9 sicuro per lui non rivelarne il nome) \u00e8 in Bangladesh da 25 anni, \u00e8 stato superiore di un istituto missionario in quel paese a grande maggioranza islamico, ha una grande e profonda esperienza di come il popolo dell\u2019islam vive la sua religione. Gli chiedo di parlarmi dell\u2019islam bengalese, che \u00e8 sempre stato tollerante: adesso com\u2019\u00e8?<\/em><\/p>\n<p style=\"text-align: center;\">di <strong>P.Piero Gheddo<\/strong><strong><br \/>\n<\/strong><\/p>\n<p><!--more--><\/p>\n<div style=\"text-align: justify;\">Missionario \u2013 La rinascita e l\u2019aggressivit\u00e0 dell\u2019islam sono incominciate nel 1978-1979 con la conquista sovietica dell\u2019Afghanistan e la vittoria di Khomeini in Iran. I russi hanno conquistato un paese dell\u2019islam e Khomeini ha lanciato la \u201c<em>jihad<\/em>\u201d e il \u201cmartirio per l\u2019islam\u201d (terrorismo) contro gli occidentali, non importa se sovietici o filo-americani: sono cristiani che vogliono dominare l\u2019islam, come i Crociati.<\/div>\n<p style=\"text-align: justify;\">Prima di allora, in Bangladesh, non c\u2019era anti-occidentalismo, mentre all\u2019inizio degli anni ottanta, con il sostegno economico dei paesi del petrolio (Arabia saudita, Kuwait, Iran, Libia e Iraq), sono nate le \u201cmadrasse\u201d, scuole coraniche estremiste che hanno suscitato il nazionalismo islamico nel popolo. E qualche anno dopo, il Bangladesh ha incominciato a mandare i suoi\u00a0 giorvani a combattere nella resistenza anti-sovietica in Afghanistan e poi dal 1987 nella prima \u201cIntifada\u201d del popolo palestinese contro Israele (la guerra delle pietre).<\/p>\n<p style=\"text-align: justify;\"><strong>Gheddo \u2013 Ma come hanno fatte queste madrasse a nascere gi\u00e0 con una caratteristica anti-occidentale ed a mandare guerriglieri a difendere l\u2019islam?<\/strong><\/p>\n<p style=\"text-align: justify;\">Missionario \u2013 C\u2019era gi\u00e0 un certo nazionalismo islamico ma ancora tollerante poich\u00e9 i bengalesi sono tolleranti di natura, di carattere. Per\u00f2 le madrasse sono state costruite con i soldi del petrolio e hanno creato lavoro per molti giovani disoccupati; i primi predicatori che venivano da fuori educavano all\u2019odio anti-occidentale e poi i locali sono andati avanti su quella linea, sempre finanziati dall\u2019estero. Vent\u2019anni fa, nel 1986, le madrasse in Bangladesh erano circa 6.000, oggi sono circa 80.000. Nascono e crescono come funghi, non solo, ma anche le moschee si sono moltiplicate e mentre prima erano di lamiera o materiale povero, oggi sono in muratura. Noi le abbiamo viste crescere di anno in anno in un modo abnorme, anche nei paesini pi\u00f9 piccoli: insomma i paesi del petrolio hanno investito molto nell\u2019educazione dei giovani e nel creare una reazione anti-occidentale, ottenendo grandi risultati anche nei mass media popolari, nella cultura generale del paese e infine nella politica.<\/p>\n<p style=\"text-align: justify;\"><strong>Gheddo \u2013 Com\u2019\u00e8 possibile che un popolo tollerante e pacifico in pochi anni si trasformi come mentalit\u00e0?<\/strong><\/p>\n<p style=\"text-align: justify;\">Missionario \u2013 La potenza del denaro e il nazionalismo religioso possono fare questo. L\u2019islam estremista oggi ha molti soldi. Una volta se dovevano costruire una moschea o una scuola coranica, passavano degli anni e fuori delle moschee esistenti chiedevano un contributo per queste nuove costruzioni. Oggi non chiedono pi\u00f9 niente, oggi arrivano comperano il terreno, costruiscono la moschea e attorno nascono le madrasse con insegnanti stipendiati dall\u2019estero e via dicendo. Il buon popolo musulmano ha incominciato a pensare: siamo ricchi anche noi, siamo forti anche, per noi questa \u00e8 la via per umiliare l\u2019Occidente.<\/p>\n<p style=\"text-align: justify;\">I musulmani vedono che la guerra santa e il terrorismo ottengono successi e questo li riempie di orgoglio, perch\u00e9 finalmente hanno trovato il modo di prevalere sugli occidentali, gli americani. Questo \u00e8 quasi incredibile in un paese come il Bangladesh popolatissimo ma molto povero, senza terra e senza risorse naturali, che vive sugli aiuti dai paesi occidentali e sulle rimesse in denaro di milioni di bengalesi che lavorano in Occidente e in America. Circa il 50% del bilancio statale del Bangla \u00e8 finanziato da organismi dell\u2019Onu, in gran parte sostenuti dall\u2019Occidente, o da paesi occidentali come l\u2019Inghilterra e gli Stati Uniti.<\/p>\n<p style=\"text-align: justify;\">Da questo fanatismo sono nati i campi di formazione dei \u201cguerrieri dell\u2019islam\u201d, che prendono i giovani pi\u00f9 promettenti, li formano in modo militare e li mandano a combattere in Afghanistan, in Iraq, in Palestina. Le famiglie ricevono un compenso certamente non dal governo bengalese.<\/p>\n<p style=\"text-align: justify;\"><strong>Gheddo \u2013 Queste madrasse sono come le scuole statali o molto diverse?<\/strong><\/p>\n<p style=\"text-align: justify;\">Missionario \u2013 Sono scuole parificate a quelle statali in cui lo stato non entra. Certo insegnano anche a leggere ed a scrivere, la matematica, la storia o altro, ma sempre in funzione anti-occidentale e danno importanza all\u2019islam e alla guerra contro l\u2019Occidente, che viene demonizzato, per cui qualunque cosa succeda nel mondo \u00e8 colpa dell\u2019America, \u00e8 colpa dei popoli cristiani e occidentali.<\/p>\n<p style=\"text-align: justify;\">Nelle moschee e madrasse si educa a questo: dobbiamo difenderci dall\u2019Occidente ritornando al nostro Corano; quindi le famiglie sono stimolate a mandare i loro figli alle scuole coraniche, le donne a portare il \u201cburqa\u201d. Si \u00e8 visto anche in questo il cambiamento della societ\u00e0. Le bambine, da dopo le elementari cio\u00e8 verso i 12 anni, vanno in giro coperte fino agli occhi, obbligate dalla famiglia: prima erano pochissime, adesso moltissime, perch\u00e9 quello \u00e8 un segno di appartenenza all\u2019islam puro e duro. La forza economica di queste madrasse e moschee \u00e8 notevole.<\/p>\n<p style=\"text-align: justify;\">Ad esempio, la lotta contro le Ong occidentali, che erano molte in Bangladesh: sono viste come espressione della cultura occidentale che rovina l\u2019islam: vengono per aiutare i poveri ma in pratica ci insegnano il rifiuto di Dio e della nostra morale, insegnano i costumi dell\u2019Occidente: le Ong con i soldi ci rovinano, negli spettacoli, nella vita quotidiana.<\/p>\n<p style=\"text-align: justify;\"><strong>Gheddo \u2013 Anche i missionari sono demonizzati?<\/strong><\/p>\n<p style=\"text-align: justify;\">Missionario \u2013 I missionari no, sanno che siamo uomini e donne consacrati a Dio, siamo qui da molto tempo e sanno che facciamo del bene: noi siamo pi\u00f9 sul religioso, le Ong sono pi\u00f9 sul sociale e questo d\u00e0 fastidio perch\u00e9 cambia la spocet\u00e0 e la cultura islamica. Per cui oggi, sull\u2019esempio delle Ong che son stimate dal popolo per gli aiuti che danno, anche loro fanno le loro Ong e i loro programmi sociali, assistenziali. Sono venute tante Ong dal Kuwait e da altri paesi dell\u2019islam, che diffondono l\u2019islam ma fanno anche programmi sociali. Ad esempio stanno venendo le banche islamiche, aumentano i prestiti agevolati per i poveri, i dispensari e ospedaletti islamici per il popolo e naturamente loro entrano in politica, mente noi stranieri ne rimaniamo fuori; e favoriscono i partiti islamici.<\/p>\n<p style=\"text-align: justify;\"><strong>Gheddo \u2013 Spiegami come sono i partiti politici in Bangladesh.<\/strong><\/p>\n<p style=\"text-align: justify;\">Missionario \u2013 La Jamat Islam \u00e8 il partito islamico, nel cui seno ci sono i gruppi estremisti; mentre la Awami League \u00e8 pi\u00f9 laico, \u00e8 il partito dell\u2019indipendenza fatto da musulmani, ma di tendenze laiche, favorevole all\u2019India. Poi c\u2019\u00e8 il BNP (Bangladesh National Party), che \u00e8 pi\u00f9 islamico, fondato dal generale Zia che aveva preso il potere ed \u00e8 stato ucciso. Adesso sua moglie, Khaleda Zia, \u00e8 a capo del Bnp che \u00e8 al potere, ma con l\u2019appoggio della Jamat Islam, che non ha ancora la preso il potere, ma si sta creando la sua rete politica e prima o poi arriva a questo. La Jamat Islam fa manifestazioni grandiose: basta che fischi e riempie le piazze, le strade, le moschee. Ha un impatto sulla popolazione molto forte, sia con i soldi che con le minacce e le costrizioni.<\/p>\n<p style=\"text-align: justify;\">Nel novembre prossimo ci sono le elezioni e il Bnp tende ad essere rieletto e dietro di lui la Jamat Islam, che guida molti voti e non vuole andare al potere perch\u00e9 non ha una struttura politica di alto livello, ma sta facendosela, anche se i gruppi estremisti spaventano la gente semplice. Ad esempio, sono nati gruppi che sono una specie di polizia parallela i quali, nel nome dell\u2019islam, fanno fuori i ladri, i criminali, gli oppositori. Cio\u00e8 dimostrano la loro forza e presenza sul territorio con la violenza. L\u2019anno scorso per\u00f2 hanno esagerato. Nell\u2019agosto 2005, in un giorno preciso, dalle 11 alle 12 sono scoppiate in tutto il Bangladesh centinaia di bombe che hanno fatto pochi morti perch\u00e9 erano bombe artigianali.<\/p>\n<p style=\"text-align: justify;\">Ma la cosa ha spaventato tutti, anche l\u2019America, poich\u00e9 questi gruppi sono venuti fuori con dei bollettini, dei comunicati in cui dicevano: quando noi vogliamo, siamo organizzati per fare un massacro in tutto il paese. Gli Stati Uniti hanno fatto pressioni sul governo, che ha reagito arrestando alcuni di questi. Ma alcuni mesi dopo sono scoppiate altre bombe, questa volta pi\u00f9 efficaci e mirate, uccidendo ad esempio alcuni giudici che avevano processato i primi bombaroli. I giudici hanno fatto sciopero per protestare, comunque il governo si \u00e9 organizzato e nel giro di un anno ha preso i pi\u00f9 sfegatati e pericolosi.<\/p>\n<p style=\"text-align: justify;\"><strong>Gheddo \u2013 Nelle madrasse estremiste islamiche vengono anche insegnanti dall\u2019estero?<\/strong><\/p>\n<p style=\"text-align: justify;\">Missionario \u2013 In alcune s\u00ec. Ad esempio nella universit\u00e0 di Raishahi e in altre. Ma in\u00a0 genere sono bengalesi, anche fra quelli che sono stati mandati all\u2019estero ed educati fra i guerriglieri dell\u2019islam. Ma ormai\u00a0 questa educazione nelle nuove madrasse ha creato una mentalit\u00e0 profonda tra il popolo: noi siamo vittime dell\u2019Occidente, noi musulmani siamo perseguitati, in Palestina, Afghanistan, Iraq, Cecenia\u2026 L\u2019islam e la cultura islamica sono in pericolo, dobbiamo difenderci. La stampa diffonde questa mentalit\u00e0. Ad esempio, ho notizie dal Bangladesh che la stampa continua a dare risalto al discorso del Papa a Ratisbona: ha offeso l\u2019islam, deve chiedere scusa, ecc.<\/p>\n<p style=\"text-align: justify;\">Quel che ha detto il Papa non interessa, non ha mai interessato, conta solo l\u2019idea di fondo che il Papa, che come capo dei cristiani stimano, ha offeso l\u2019islam. Come nel caso delle vignette contro danesi. C\u2019\u00e8 stata una campagna interminabile contro l\u2019Occidente e quando questa campagna stava gi\u00e0 un po\u2019 spegnendosi, ecco viene fuori il ministro italiano con una maglietta anti-islamica: allora \u00e8 iniziata un\u2019altra campagna di stampa e di manifestazioni.<\/p>\n<p style=\"text-align: justify;\">Noi italiani siamo andati in crisi perch\u00e8 anche gl amici ci dicevano: voi italiani siete come gli americani e via dicendo. Adesso hanno preso il discorso del Papa come pretesto e comincia un\u2019altra campagna che durer\u00e0 a lungo, sempre per dimostrare che l\u2019Occidente \u00e8 nemico dell\u2019islam, offende l\u2019islam. Mi spiace che il Papa, stimato come capo religioso e uomo sopra le parti che poteva creare un ponte fra le culture e le religioni, finisce anche lui fra i nemici dell\u2019islam.<\/p>\n<p style=\"text-align: justify;\"><strong>Gheddo \u2013 Ho letto bene la conferenza del Papa e mi \u00e8 piaciuta molto. Ma l\u2019esempio dell\u2019imperatore bizantino sta nella prima pagina e sono poche righe, poi tutto il discorso parla d\u2019altro. Il Papa vuol dimostrare che fede e ragione vanno d\u2019accordo, che la fede non \u00e8 contro la ragione e viceversa. E porta questo esempio negativo per dimostrare che i fedeli non possono usare la violenza o la guerra per imporre la fede e quindi che la guerra per Dio \u00e8 contro Dio e contro la ragione.<\/strong><\/p>\n<p style=\"text-align: justify;\">Missionario \u2013 Ma ai musulmani che hanno scatenato la campagna non interessa nulla di quanto diceva il Papa, vogliono solo poter gridare che il Papa \u00e8 contro l\u2019islam. Se avesse chiesto a me se doveva citare quell\u2019esempio, gli avrei detto: per carit\u00e0 lo tolga, perch\u00e8 a centinaia di milioni di islamici verr\u00e0 citato solo questo esempio. Un po\u2019 come il ministro con la maglietta anti-islamica: non interessava chi era e di che partito era, interessava per dimostrare che l\u2019Italia e gli italiani sono contro l\u2019islam, sono crociati al servizio di Bush. La campagna \u00e8 andata avanti per mesi e mesi, per una bravata stupida che tutti condannavano. Ma bisogna rendersi conto che chi dirige queste campagne anti-occidentali cerca solo il pretesto per infiammare il mondo islamico.<\/p>\n<p style=\"text-align: justify;\"><strong>Gheddo \u2013 Quindi tu dici che c\u2019\u00e8 proprio una regia generale contro l\u2019Occidente?<\/strong><\/p>\n<p style=\"text-align: justify;\">Missionario \u2013 Non lo so, parlo solo del Bangladesh che conosco, ma vedo che sono riusciti a creare nel popolo un tale odio verso l\u2019Occidente che a volte mi fa paura. Dove vivo io, a volte passo in villaggi dove non mi conoscono e mi gridano dietro: Bush! Bush! Io mi fermo, mi giro dico in bengalese: Cosa volete da me? Allora si spaventano e dicono: No, no, niente!\u00a0 Quando Rushdie ha scritto quel libro contro l\u2019islam ed \u00e8 stato condannato da tutti i musulmani, a me dicevano che era un cristiano. Io rispondevo che era un musulmano indiano, non un cristiano. Ma per loro, se parlava male dell\u2019islam era un cristiano.<\/p>\n<p style=\"text-align: justify;\">C\u2019\u00e8 un vittimismo contro i cristiani e gli occidentali, che diventa ogni giorno pi\u00f9 pesante. E\u2019 li la nostra debolezza ma anche la nostra forza nello stare sul posto. Perch\u00e8 tutti vedono che andiamo avanti ad aiutare, che continuiamo ad essere gentili con tutti, ad essere caritatevoli ecc. C\u2019\u00e8 tutta una incongruenza che dimostra la loro debolezza estrema. Sono tutti antiamericani, tutti partecipano a manifestazioni e bruciano il burattino con la bandiera americana. Ma se domani l\u2019ambasciata americana dice che manda in America chiedono cento lavoratori bengalesi, ci sarebbero migliaia e migliaia di domande!<\/p>\n<p style=\"text-align: justify;\"><strong>Gheddo \u2013 Molti begalesi sono in giro per il mondo e in Occidente. Cosa ne pensano di questa crisi del\u2019islam?<\/strong><\/p>\n<p style=\"text-align: justify;\">Missionario \u2013 Molti sono i bengalesi in Inghilterra, come molti pakistani: \u00e8 una forza interna al paese che parteggia, in genere, per l\u2019islam: di l\u00ec vengono i terroristi nati in Inghilterra. E\u2019 difficle dire se sono convinti o se non possono fare altrimenti perch\u00e8 non hanno libert\u00e0 di scelta e devono stare con la comunit\u00e0 religiosa e nazionale.<\/p>\n<p style=\"text-align: justify;\"><strong>Gheddo \u2013 Quali altri motivi ci sono per dire che l\u2019islam del Bangladesh, che era moderato, \u00e8 diventato estremista?<\/strong><\/p>\n<p style=\"text-align: justify;\">Missionario \u2013 Il bengalese non \u00e8 mai stato estremista, i nostri missionari pi\u00f9 anziani ricordano che quando sono venuti qui negli anni cinquanta erano benvoluti e benedetti, ammirati e ringraziati. Qui in Bangladesh l\u2019\u00ecslam estremista \u00e8 venuto dall\u2019esterno, non \u00e8 un prodotto locale. Anche in Indonesia e in Malesia \u00e8 successa la stessa cosa, sono paesi moderati che diventano estremisti.<\/p>\n<p style=\"text-align: justify;\"><strong>Gheddo \u2013 Dimmi tu che vivi in un paese islamico: cosa pu\u00f2 fare l\u2019Occidente per rispondere a questa sfida dell\u2019islam?<\/strong><\/p>\n<p style=\"text-align: justify;\">Missionario \u2013 L\u2019Occidente deve capire che la sfida non \u00e8 politica o militare o economica, ma spirituale, religiosa. Dobbiamo soprattutto ritornare ad essere cristiani purificare la nostra cultura, la nostra vita, presentare un cristianesimo quale loro lo vogliono vedere. Anche le persone pi\u00f9 aperte e colte ci accusano di rovinare la loro vita religiosa con l\u2019esempio di popoli cristiani che non pregano pi\u00f9, che esportano il malcostume anche attraverso la televisione, il cinema, i cattivi esempi delle nostre societ\u00e0. Molti chiedono al governo di oscurare i canali televisivi occidentali. In Bangladesh c\u2019\u00e8 un solo canale televisivo statale: non ho mai visto nulla di immorale, nemmeno un bacio fra uomo e donna, nessuna nudit\u00e0 o esaltazione dei crimini o racconti diseducativi per i giovani.<\/p>\n<p style=\"text-align: justify;\">Anche in Bangladesh girano video-cassette pornografiche, che in quell\u2019ambiente sono spaventosamente immorali, sconvolgenti per tutti, rovinose per le famiglie. Poi anche loro non sono dei santi, ma anche le loro esagerazioni di puritanesimo sono come una reazione al lassismo occidentale. Sono due civilt\u00e0 radicalmente opposte, che non possono convivere. Loro tollerano tante cose che per noi sono il massimo dell\u2019immoralit\u00e0. Ad esempio, se prendono uno scippatore, un ladro, lo fanno fuori l\u00ec sul posto e nessuno dice niente, anzi dicono: se lo meritava; ci sono questi gruppi paramilitari che fanno pulizia di briganti, di ladri e anche di oppositori politici. La violenza \u00e8 legge comune. Ma poi gli imam continuano a tempestare di condanne l\u2019Occidente, per la sua immoralit\u00e0, il suo lassismo e il suo ateismo e la mentalit\u00e0 comune \u00e8 questa.<\/p>\n<p style=\"text-align: justify;\"><strong>Gheddo \u2013 Le madrasse sono riconosciute come scuole normali?<\/strong><\/p>\n<p style=\"text-align: justify;\">Missionario \u2013 S\u00ec, riconosciute, parificate a quelle statali che non sono sufficienti perch\u00e9 oggi in Bangladesh credo che il 50% dei bambini vanno a scuola. I bambini, invece di andare nella scuola statale, vanno a quelle coraniche, che per\u00f2 imbottiscono di Corano e di islam estremista. Tempo fa un gruppo di deputati ha proposto una legge che aboliva le madrasse. C\u2019\u00e8 stata una reazione furiosa che ha spaventato tutti. In pochi giorni non se ne \u00e8 parlato pi\u00f9. Il governo per\u00f2 si \u00e8 accorto che le madrasse sono scuole di propaganda, ma non possono abolirle altrimenti non avrebbero scuole per tutti e poi temono le reazioni dei gruppi estremisti che sono tanti e forti. Ogni giorno si vede aumentare nella societ\u00e0 la loro presenza e il loro influsso.<\/p>\n<p style=\"text-align: justify;\"><strong>Gheddo \u2013 Nelle moschee e madrasse si parla ad esempio di pace, di dialogo con i cristiani? Ci sono discorsi religiosi o solo estremisti?<\/strong><\/p>\n<p style=\"text-align: justify;\">Missionario \u2013 In genere il discorso \u00e8 sempre contro l\u2019Occidente ed a favore dell\u2019islam puro e duro degli inizi, perch\u00e9 la salvezza dell\u2019umanit\u00e0 sta in quello. Io sono invitato alla festa del \u201cmilat\u201d una festa religiosa durante l\u2019anno, in cui ci sono riflessioni su Dio e la vita dell\u2019uomo. Mi invitano perch\u00e9 mi conoscono, sono del posto, e parlo sempre di Dio che \u00e8 l\u2019unico per tutti, lo adoriamo tutti, e dico che Dio \u00e8 Amore e vuole che andiamo d\u2019accordo, che ci vogliamo bene e cose di questo genere. Loro ascoltano, ma poi i loro discorsi sono o moralistici o aggressivi contro l\u2019Occidente che \u00e8 una civilt\u00e0 atea e contro Dio. Non parlano mai di Dio che Amore, che dobbiamo amarlo e amarci fra di noi. Per loro Dio \u00e8 il Creatore e il Giudice: ci ha dato una Legge e quella dobbiamo osservare e farla osservare.<\/p>\n<p style=\"text-align: justify;\">I discorsi morali sono sempre su casi della vita: in quel caso bisogna comportarsi cos\u00ec, in quell\u2019altro cos\u00e0, ecc. Poi pregano, ma la preghiera \u00e8 un rito, un formalismo. Non dico che non ci sono i musulmani autentici che amano Dio, ma che la preghiera \u00e8 un rito da compiere, non trasforma la vita. Anche il Ramadan \u00e8 osservato e fatto osservare. Una volta, ad esempio, c\u2019era anche chi fumava; adesso se sentono l\u2019odore del fumo indagano e ti fermano: durante il Ramadan \u00e8 proibito. E\u2019 il classico fariseismo dei tempi di Ges\u00f9: l\u2019importante \u00e8 che all\u2019esterno tutto sia a posto e nessuno vada fuori strada.<\/p>\n<p style=\"text-align: justify;\"><strong>Gheddo \u2013 Qual\u2019\u00e8 secondo te la radice psicologica di questo integralismo di massa?<\/strong><\/p>\n<p style=\"text-align: justify;\">Missionario \u2013 C\u2019\u00e8 molta invidia, gelosia dei cristiani. Vedono che la nostra Chiesa \u00e8 troppo diversa da loro, vedono che noi cristiani sappiamo perdonare, sappiamo aiutare gli altri gratuitamente, ci ammirano e ci invidiano, ma per reazione sono guidati verso l\u2019integralismo islamico, che per\u00f2 ormai imita la missione cristiana: ad esempio, prima nessuno curava gli handicappati, adesso fanno istituti per aiutarli.<\/p>\n<p style=\"text-align: justify;\"><strong>Gheddo &#8211; Loro attaccano il Papa perch\u00e9 ha citato un esempio che condannava Maometto, per\u00f2 ogni giorno loro insultano il Papa, il cristianesimo, i cristiani.<\/strong><\/p>\n<p style=\"text-align: justify;\">Missionario \u2013 E\u2019 questa la debolezza che loro ci rimproverano. Ma come, dicono, voi amate Cristo e poi quanto lo insultano non reagite? Perch\u00e9 non fate come noi? Quando parlano male di Maometto gli tagliamo la testa!<\/p>\n<p style=\"text-align: justify;\"><strong>Gheddo \u2013 Per\u00f2 la suor Lionella uccisa in Somalia pochi giorni fa, morendo ha ripetuto: \u201cPerdono, perdono, perdono\u2026\u201d.<\/strong><\/p>\n<p style=\"text-align: justify;\">Missionario \u2013 S\u00ec, rimangono impressionati da questo, ma non lo capiscono. Loro ti stimano quando parli di pace, di giustizia, di amore, ti ammirano, ti ascoltano volentieri, ma poi la loro mentalit\u00e0 \u00e8 profondamente diversa dalla nostra. Per questo dobbiamo purificare la nostra societ\u00e0 e ritornare a Ges\u00f9 Cristo, alla vita e all\u2019identit\u00e0 cristiana. E ricuperare la nostra prospettiva cristiana che \u00e8 di annunziare e testimoniare Cristo. Noi diamo testimonianza di amore e di aiuto ai poveri, ma non parliamo pi\u00f9 di Cristo, ci riduciamo all\u2019azione sociale e caritativa.<\/p>\n","protected":false},"excerpt":{"rendered":"<p>da Mondo e Missione &#8211; rivista del PIME gennaio 2007 Il missionario italiano intervistato (pi\u00f9 sicuro per lui non rivelarne il nome) \u00e8 in Bangladesh da 25 anni, \u00e8 stato superiore di un istituto missionario in quel paese a grande maggioranza islamico, ha una grande e profonda esperienza di come il popolo dell\u2019islam vive la &hellip; <\/p>\n<p><a class=\"more-link btn\" href=\"https:\/\/www.rassegnastampa-totustuus.it\/cattolica\/intervista-a-un-missionario-sullislam-in-bangladesh\/\">Continua a leggere<\/a><\/p>\n","protected":false},"author":6,"featured_media":31193,"comment_status":"closed","ping_status":"open","sticky":false,"template":"","format":"standard","meta":{"footnotes":""},"categories":[33,36],"tags":[1451,380],"class_list":["post-2526","post","type-post","status-publish","format-standard","has-post-thumbnail","hentry","category-cristiani-nell-islam","category-fondamentalismo-islamico","tag-bangladesh","tag-cristiani-nellislam","item-wrap"],"yoast_head":"<!-- This site is optimized with the Yoast SEO plugin v27.5 - https:\/\/yoast.com\/product\/yoast-seo-wordpress\/ -->\n<title>Intervista a un missionario sull&#039;islam in Bangladesh - Rassegna Stampa Cattolica<\/title>\n<meta name=\"description\" content=\"Rassegna Stampa Cattolica - Per una cultura che nasce dalla Rivelazione cristiana in conformit\u00e0 alla tradizione e al Magistero della Chiesa in opposizione ad ogni relativismo e totalitarismo\" \/>\n<meta name=\"robots\" content=\"index, follow, max-snippet:-1, max-image-preview:large, max-video-preview:-1\" \/>\n<link rel=\"canonical\" href=\"https:\/\/www.rassegnastampa-totustuus.it\/cattolica\/intervista-a-un-missionario-sullislam-in-bangladesh\/\" \/>\n<meta property=\"og:locale\" content=\"it_IT\" \/>\n<meta property=\"og:type\" content=\"article\" \/>\n<meta property=\"og:title\" content=\"Intervista a un missionario sull&#039;islam in Bangladesh - Rassegna Stampa Cattolica\" \/>\n<meta property=\"og:description\" content=\"Rassegna Stampa Cattolica - Per una cultura che nasce dalla Rivelazione cristiana in conformit\u00e0 alla tradizione e al Magistero della Chiesa in opposizione ad ogni relativismo e totalitarismo\" \/>\n<meta property=\"og:url\" content=\"https:\/\/www.rassegnastampa-totustuus.it\/cattolica\/intervista-a-un-missionario-sullislam-in-bangladesh\/\" \/>\n<meta property=\"og:site_name\" content=\"Rassegna Stampa Cattolica\" \/>\n<meta property=\"article:publisher\" content=\"https:\/\/www.facebook.com\/rassegnastampacattolica\" \/>\n<meta property=\"article:published_time\" content=\"2007-03-07T23:00:00+00:00\" \/>\n<meta property=\"article:modified_time\" content=\"2016-03-01T10:59:44+00:00\" \/>\n<meta property=\"og:image\" content=\"https:\/\/www.rassegnastampa-totustuus.it\/cattolica\/wp-content\/uploads\/2007\/03\/missioni.jpg\" \/>\n\t<meta property=\"og:image:width\" content=\"258\" \/>\n\t<meta property=\"og:image:height\" content=\"195\" \/>\n\t<meta property=\"og:image:type\" content=\"image\/jpeg\" \/>\n<meta name=\"author\" content=\"Redazione\" \/>\n<meta name=\"twitter:card\" content=\"summary_large_image\" \/>\n<meta name=\"twitter:creator\" content=\"@rassegnastampa9\" \/>\n<meta name=\"twitter:site\" content=\"@rassegnastampa9\" \/>\n<meta name=\"twitter:label1\" content=\"Scritto da\" \/>\n\t<meta name=\"twitter:data1\" content=\"Redazione\" \/>\n\t<meta name=\"twitter:label2\" content=\"Tempo di lettura stimato\" \/>\n\t<meta name=\"twitter:data2\" content=\"16 minuti\" \/>\n<script type=\"application\/ld+json\" class=\"yoast-schema-graph\">{\"@context\":\"https:\\\/\\\/schema.org\",\"@graph\":[{\"@type\":\"Article\",\"@id\":\"https:\\\/\\\/www.rassegnastampa-totustuus.it\\\/cattolica\\\/intervista-a-un-missionario-sullislam-in-bangladesh\\\/#article\",\"isPartOf\":{\"@id\":\"https:\\\/\\\/www.rassegnastampa-totustuus.it\\\/cattolica\\\/intervista-a-un-missionario-sullislam-in-bangladesh\\\/\"},\"author\":{\"name\":\"Redazione\",\"@id\":\"https:\\\/\\\/www.rassegnastampa-totustuus.it\\\/cattolica\\\/#\\\/schema\\\/person\\\/08f319d2bd1a0904ad9e2bfb7b15e5c3\"},\"headline\":\"Intervista a un missionario sull&#8217;islam in Bangladesh\",\"datePublished\":\"2007-03-07T23:00:00+00:00\",\"dateModified\":\"2016-03-01T10:59:44+00:00\",\"mainEntityOfPage\":{\"@id\":\"https:\\\/\\\/www.rassegnastampa-totustuus.it\\\/cattolica\\\/intervista-a-un-missionario-sullislam-in-bangladesh\\\/\"},\"wordCount\":3178,\"publisher\":{\"@id\":\"https:\\\/\\\/www.rassegnastampa-totustuus.it\\\/cattolica\\\/#organization\"},\"image\":{\"@id\":\"https:\\\/\\\/www.rassegnastampa-totustuus.it\\\/cattolica\\\/intervista-a-un-missionario-sullislam-in-bangladesh\\\/#primaryimage\"},\"thumbnailUrl\":\"https:\\\/\\\/www.rassegnastampa-totustuus.it\\\/cattolica\\\/wp-content\\\/uploads\\\/2007\\\/03\\\/missioni.jpg\",\"keywords\":[\"Bangladesh\",\"cristiani nell'Islam\"],\"articleSection\":[\"Cristiani nell'islam\",\"Islam fondamentalismo\"],\"inLanguage\":\"it-IT\"},{\"@type\":\"WebPage\",\"@id\":\"https:\\\/\\\/www.rassegnastampa-totustuus.it\\\/cattolica\\\/intervista-a-un-missionario-sullislam-in-bangladesh\\\/\",\"url\":\"https:\\\/\\\/www.rassegnastampa-totustuus.it\\\/cattolica\\\/intervista-a-un-missionario-sullislam-in-bangladesh\\\/\",\"name\":\"Intervista a un missionario sull'islam in Bangladesh - Rassegna Stampa Cattolica\",\"isPartOf\":{\"@id\":\"https:\\\/\\\/www.rassegnastampa-totustuus.it\\\/cattolica\\\/#website\"},\"primaryImageOfPage\":{\"@id\":\"https:\\\/\\\/www.rassegnastampa-totustuus.it\\\/cattolica\\\/intervista-a-un-missionario-sullislam-in-bangladesh\\\/#primaryimage\"},\"image\":{\"@id\":\"https:\\\/\\\/www.rassegnastampa-totustuus.it\\\/cattolica\\\/intervista-a-un-missionario-sullislam-in-bangladesh\\\/#primaryimage\"},\"thumbnailUrl\":\"https:\\\/\\\/www.rassegnastampa-totustuus.it\\\/cattolica\\\/wp-content\\\/uploads\\\/2007\\\/03\\\/missioni.jpg\",\"datePublished\":\"2007-03-07T23:00:00+00:00\",\"dateModified\":\"2016-03-01T10:59:44+00:00\",\"description\":\"Rassegna Stampa Cattolica - Per una cultura che nasce dalla Rivelazione cristiana in conformit\u00e0 alla tradizione e al Magistero della Chiesa in opposizione ad ogni relativismo e totalitarismo\",\"breadcrumb\":{\"@id\":\"https:\\\/\\\/www.rassegnastampa-totustuus.it\\\/cattolica\\\/intervista-a-un-missionario-sullislam-in-bangladesh\\\/#breadcrumb\"},\"inLanguage\":\"it-IT\",\"potentialAction\":[{\"@type\":\"ReadAction\",\"target\":[\"https:\\\/\\\/www.rassegnastampa-totustuus.it\\\/cattolica\\\/intervista-a-un-missionario-sullislam-in-bangladesh\\\/\"]}]},{\"@type\":\"ImageObject\",\"inLanguage\":\"it-IT\",\"@id\":\"https:\\\/\\\/www.rassegnastampa-totustuus.it\\\/cattolica\\\/intervista-a-un-missionario-sullislam-in-bangladesh\\\/#primaryimage\",\"url\":\"https:\\\/\\\/www.rassegnastampa-totustuus.it\\\/cattolica\\\/wp-content\\\/uploads\\\/2007\\\/03\\\/missioni.jpg\",\"contentUrl\":\"https:\\\/\\\/www.rassegnastampa-totustuus.it\\\/cattolica\\\/wp-content\\\/uploads\\\/2007\\\/03\\\/missioni.jpg\",\"width\":258,\"height\":195},{\"@type\":\"BreadcrumbList\",\"@id\":\"https:\\\/\\\/www.rassegnastampa-totustuus.it\\\/cattolica\\\/intervista-a-un-missionario-sullislam-in-bangladesh\\\/#breadcrumb\",\"itemListElement\":[{\"@type\":\"ListItem\",\"position\":1,\"name\":\"Home\",\"item\":\"https:\\\/\\\/www.rassegnastampa-totustuus.it\\\/cattolica\\\/\"},{\"@type\":\"ListItem\",\"position\":2,\"name\":\"Intervista a un missionario sull&#8217;islam in Bangladesh\"}]},{\"@type\":\"WebSite\",\"@id\":\"https:\\\/\\\/www.rassegnastampa-totustuus.it\\\/cattolica\\\/#website\",\"url\":\"https:\\\/\\\/www.rassegnastampa-totustuus.it\\\/cattolica\\\/\",\"name\":\"Rassegna Stampa Cattolica\",\"description\":\"Per una cultura che nasce dalla Rivelazione cristiana in conformit\u00e0 alla tradizione e al Magistero della Chiesa in opposizione ad ogni relativismo e totalitarismo\",\"publisher\":{\"@id\":\"https:\\\/\\\/www.rassegnastampa-totustuus.it\\\/cattolica\\\/#organization\"},\"alternateName\":\"Rass. Cattolica\",\"potentialAction\":[{\"@type\":\"SearchAction\",\"target\":{\"@type\":\"EntryPoint\",\"urlTemplate\":\"https:\\\/\\\/www.rassegnastampa-totustuus.it\\\/cattolica\\\/?s={search_term_string}\"},\"query-input\":{\"@type\":\"PropertyValueSpecification\",\"valueRequired\":true,\"valueName\":\"search_term_string\"}}],\"inLanguage\":\"it-IT\"},{\"@type\":\"Organization\",\"@id\":\"https:\\\/\\\/www.rassegnastampa-totustuus.it\\\/cattolica\\\/#organization\",\"name\":\"Rassegna Stampa Cattolica\",\"url\":\"https:\\\/\\\/www.rassegnastampa-totustuus.it\\\/cattolica\\\/\",\"logo\":{\"@type\":\"ImageObject\",\"inLanguage\":\"it-IT\",\"@id\":\"https:\\\/\\\/www.rassegnastampa-totustuus.it\\\/cattolica\\\/#\\\/schema\\\/logo\\\/image\\\/\",\"url\":\"https:\\\/\\\/www.rassegnastampa-totustuus.it\\\/cattolica\\\/wp-content\\\/uploads\\\/2014\\\/04\\\/logo-rassegna1.gif\",\"contentUrl\":\"https:\\\/\\\/www.rassegnastampa-totustuus.it\\\/cattolica\\\/wp-content\\\/uploads\\\/2014\\\/04\\\/logo-rassegna1.gif\",\"width\":600,\"height\":163,\"caption\":\"Rassegna Stampa Cattolica\"},\"image\":{\"@id\":\"https:\\\/\\\/www.rassegnastampa-totustuus.it\\\/cattolica\\\/#\\\/schema\\\/logo\\\/image\\\/\"},\"sameAs\":[\"https:\\\/\\\/www.facebook.com\\\/rassegnastampacattolica\",\"https:\\\/\\\/x.com\\\/rassegnastampa9\"]},{\"@type\":\"Person\",\"@id\":\"https:\\\/\\\/www.rassegnastampa-totustuus.it\\\/cattolica\\\/#\\\/schema\\\/person\\\/08f319d2bd1a0904ad9e2bfb7b15e5c3\",\"name\":\"Redazione\",\"image\":{\"@type\":\"ImageObject\",\"inLanguage\":\"it-IT\",\"@id\":\"https:\\\/\\\/secure.gravatar.com\\\/avatar\\\/2fcdf27c78ea025fbdb44e914cc63c72249ffec9dc8aafd5c82b26240ef3f346?s=96&d=mm&r=g\",\"url\":\"https:\\\/\\\/secure.gravatar.com\\\/avatar\\\/2fcdf27c78ea025fbdb44e914cc63c72249ffec9dc8aafd5c82b26240ef3f346?s=96&d=mm&r=g\",\"contentUrl\":\"https:\\\/\\\/secure.gravatar.com\\\/avatar\\\/2fcdf27c78ea025fbdb44e914cc63c72249ffec9dc8aafd5c82b26240ef3f346?s=96&d=mm&r=g\",\"caption\":\"Redazione\"},\"url\":\"https:\\\/\\\/www.rassegnastampa-totustuus.it\\\/cattolica\\\/author\\\/pietroelle\\\/\"}]}<\/script>\n<!-- \/ Yoast SEO plugin. -->","yoast_head_json":{"title":"Intervista a un missionario sull'islam in Bangladesh - Rassegna Stampa Cattolica","description":"Rassegna Stampa Cattolica - Per una cultura che nasce dalla Rivelazione cristiana in conformit\u00e0 alla tradizione e al Magistero della Chiesa in opposizione ad ogni relativismo e totalitarismo","robots":{"index":"index","follow":"follow","max-snippet":"max-snippet:-1","max-image-preview":"max-image-preview:large","max-video-preview":"max-video-preview:-1"},"canonical":"https:\/\/www.rassegnastampa-totustuus.it\/cattolica\/intervista-a-un-missionario-sullislam-in-bangladesh\/","og_locale":"it_IT","og_type":"article","og_title":"Intervista a un missionario sull'islam in Bangladesh - Rassegna Stampa Cattolica","og_description":"Rassegna Stampa Cattolica - Per una cultura che nasce dalla Rivelazione cristiana in conformit\u00e0 alla tradizione e al Magistero della Chiesa in opposizione ad ogni relativismo e totalitarismo","og_url":"https:\/\/www.rassegnastampa-totustuus.it\/cattolica\/intervista-a-un-missionario-sullislam-in-bangladesh\/","og_site_name":"Rassegna Stampa Cattolica","article_publisher":"https:\/\/www.facebook.com\/rassegnastampacattolica","article_published_time":"2007-03-07T23:00:00+00:00","article_modified_time":"2016-03-01T10:59:44+00:00","og_image":[{"width":258,"height":195,"url":"https:\/\/www.rassegnastampa-totustuus.it\/cattolica\/wp-content\/uploads\/2007\/03\/missioni.jpg","type":"image\/jpeg"}],"author":"Redazione","twitter_card":"summary_large_image","twitter_creator":"@rassegnastampa9","twitter_site":"@rassegnastampa9","twitter_misc":{"Scritto da":"Redazione","Tempo di lettura stimato":"16 minuti"},"schema":{"@context":"https:\/\/schema.org","@graph":[{"@type":"Article","@id":"https:\/\/www.rassegnastampa-totustuus.it\/cattolica\/intervista-a-un-missionario-sullislam-in-bangladesh\/#article","isPartOf":{"@id":"https:\/\/www.rassegnastampa-totustuus.it\/cattolica\/intervista-a-un-missionario-sullislam-in-bangladesh\/"},"author":{"name":"Redazione","@id":"https:\/\/www.rassegnastampa-totustuus.it\/cattolica\/#\/schema\/person\/08f319d2bd1a0904ad9e2bfb7b15e5c3"},"headline":"Intervista a un missionario sull&#8217;islam in Bangladesh","datePublished":"2007-03-07T23:00:00+00:00","dateModified":"2016-03-01T10:59:44+00:00","mainEntityOfPage":{"@id":"https:\/\/www.rassegnastampa-totustuus.it\/cattolica\/intervista-a-un-missionario-sullislam-in-bangladesh\/"},"wordCount":3178,"publisher":{"@id":"https:\/\/www.rassegnastampa-totustuus.it\/cattolica\/#organization"},"image":{"@id":"https:\/\/www.rassegnastampa-totustuus.it\/cattolica\/intervista-a-un-missionario-sullislam-in-bangladesh\/#primaryimage"},"thumbnailUrl":"https:\/\/www.rassegnastampa-totustuus.it\/cattolica\/wp-content\/uploads\/2007\/03\/missioni.jpg","keywords":["Bangladesh","cristiani nell'Islam"],"articleSection":["Cristiani nell'islam","Islam fondamentalismo"],"inLanguage":"it-IT"},{"@type":"WebPage","@id":"https:\/\/www.rassegnastampa-totustuus.it\/cattolica\/intervista-a-un-missionario-sullislam-in-bangladesh\/","url":"https:\/\/www.rassegnastampa-totustuus.it\/cattolica\/intervista-a-un-missionario-sullislam-in-bangladesh\/","name":"Intervista a un missionario sull'islam in Bangladesh - Rassegna Stampa Cattolica","isPartOf":{"@id":"https:\/\/www.rassegnastampa-totustuus.it\/cattolica\/#website"},"primaryImageOfPage":{"@id":"https:\/\/www.rassegnastampa-totustuus.it\/cattolica\/intervista-a-un-missionario-sullislam-in-bangladesh\/#primaryimage"},"image":{"@id":"https:\/\/www.rassegnastampa-totustuus.it\/cattolica\/intervista-a-un-missionario-sullislam-in-bangladesh\/#primaryimage"},"thumbnailUrl":"https:\/\/www.rassegnastampa-totustuus.it\/cattolica\/wp-content\/uploads\/2007\/03\/missioni.jpg","datePublished":"2007-03-07T23:00:00+00:00","dateModified":"2016-03-01T10:59:44+00:00","description":"Rassegna Stampa Cattolica - Per una cultura che nasce dalla Rivelazione cristiana in conformit\u00e0 alla tradizione e al Magistero della Chiesa in opposizione ad ogni relativismo e totalitarismo","breadcrumb":{"@id":"https:\/\/www.rassegnastampa-totustuus.it\/cattolica\/intervista-a-un-missionario-sullislam-in-bangladesh\/#breadcrumb"},"inLanguage":"it-IT","potentialAction":[{"@type":"ReadAction","target":["https:\/\/www.rassegnastampa-totustuus.it\/cattolica\/intervista-a-un-missionario-sullislam-in-bangladesh\/"]}]},{"@type":"ImageObject","inLanguage":"it-IT","@id":"https:\/\/www.rassegnastampa-totustuus.it\/cattolica\/intervista-a-un-missionario-sullislam-in-bangladesh\/#primaryimage","url":"https:\/\/www.rassegnastampa-totustuus.it\/cattolica\/wp-content\/uploads\/2007\/03\/missioni.jpg","contentUrl":"https:\/\/www.rassegnastampa-totustuus.it\/cattolica\/wp-content\/uploads\/2007\/03\/missioni.jpg","width":258,"height":195},{"@type":"BreadcrumbList","@id":"https:\/\/www.rassegnastampa-totustuus.it\/cattolica\/intervista-a-un-missionario-sullislam-in-bangladesh\/#breadcrumb","itemListElement":[{"@type":"ListItem","position":1,"name":"Home","item":"https:\/\/www.rassegnastampa-totustuus.it\/cattolica\/"},{"@type":"ListItem","position":2,"name":"Intervista a un missionario sull&#8217;islam in Bangladesh"}]},{"@type":"WebSite","@id":"https:\/\/www.rassegnastampa-totustuus.it\/cattolica\/#website","url":"https:\/\/www.rassegnastampa-totustuus.it\/cattolica\/","name":"Rassegna Stampa Cattolica","description":"Per una cultura che nasce dalla Rivelazione cristiana in conformit\u00e0 alla tradizione e al Magistero della Chiesa in opposizione ad ogni relativismo e totalitarismo","publisher":{"@id":"https:\/\/www.rassegnastampa-totustuus.it\/cattolica\/#organization"},"alternateName":"Rass. Cattolica","potentialAction":[{"@type":"SearchAction","target":{"@type":"EntryPoint","urlTemplate":"https:\/\/www.rassegnastampa-totustuus.it\/cattolica\/?s={search_term_string}"},"query-input":{"@type":"PropertyValueSpecification","valueRequired":true,"valueName":"search_term_string"}}],"inLanguage":"it-IT"},{"@type":"Organization","@id":"https:\/\/www.rassegnastampa-totustuus.it\/cattolica\/#organization","name":"Rassegna Stampa Cattolica","url":"https:\/\/www.rassegnastampa-totustuus.it\/cattolica\/","logo":{"@type":"ImageObject","inLanguage":"it-IT","@id":"https:\/\/www.rassegnastampa-totustuus.it\/cattolica\/#\/schema\/logo\/image\/","url":"https:\/\/www.rassegnastampa-totustuus.it\/cattolica\/wp-content\/uploads\/2014\/04\/logo-rassegna1.gif","contentUrl":"https:\/\/www.rassegnastampa-totustuus.it\/cattolica\/wp-content\/uploads\/2014\/04\/logo-rassegna1.gif","width":600,"height":163,"caption":"Rassegna Stampa Cattolica"},"image":{"@id":"https:\/\/www.rassegnastampa-totustuus.it\/cattolica\/#\/schema\/logo\/image\/"},"sameAs":["https:\/\/www.facebook.com\/rassegnastampacattolica","https:\/\/x.com\/rassegnastampa9"]},{"@type":"Person","@id":"https:\/\/www.rassegnastampa-totustuus.it\/cattolica\/#\/schema\/person\/08f319d2bd1a0904ad9e2bfb7b15e5c3","name":"Redazione","image":{"@type":"ImageObject","inLanguage":"it-IT","@id":"https:\/\/secure.gravatar.com\/avatar\/2fcdf27c78ea025fbdb44e914cc63c72249ffec9dc8aafd5c82b26240ef3f346?s=96&d=mm&r=g","url":"https:\/\/secure.gravatar.com\/avatar\/2fcdf27c78ea025fbdb44e914cc63c72249ffec9dc8aafd5c82b26240ef3f346?s=96&d=mm&r=g","contentUrl":"https:\/\/secure.gravatar.com\/avatar\/2fcdf27c78ea025fbdb44e914cc63c72249ffec9dc8aafd5c82b26240ef3f346?s=96&d=mm&r=g","caption":"Redazione"},"url":"https:\/\/www.rassegnastampa-totustuus.it\/cattolica\/author\/pietroelle\/"}]}},"_links":{"self":[{"href":"https:\/\/www.rassegnastampa-totustuus.it\/cattolica\/wp-json\/wp\/v2\/posts\/2526","targetHints":{"allow":["GET"]}}],"collection":[{"href":"https:\/\/www.rassegnastampa-totustuus.it\/cattolica\/wp-json\/wp\/v2\/posts"}],"about":[{"href":"https:\/\/www.rassegnastampa-totustuus.it\/cattolica\/wp-json\/wp\/v2\/types\/post"}],"author":[{"embeddable":true,"href":"https:\/\/www.rassegnastampa-totustuus.it\/cattolica\/wp-json\/wp\/v2\/users\/6"}],"replies":[{"embeddable":true,"href":"https:\/\/www.rassegnastampa-totustuus.it\/cattolica\/wp-json\/wp\/v2\/comments?post=2526"}],"version-history":[{"count":4,"href":"https:\/\/www.rassegnastampa-totustuus.it\/cattolica\/wp-json\/wp\/v2\/posts\/2526\/revisions"}],"predecessor-version":[{"id":31194,"href":"https:\/\/www.rassegnastampa-totustuus.it\/cattolica\/wp-json\/wp\/v2\/posts\/2526\/revisions\/31194"}],"wp:featuredmedia":[{"embeddable":true,"href":"https:\/\/www.rassegnastampa-totustuus.it\/cattolica\/wp-json\/wp\/v2\/media\/31193"}],"wp:attachment":[{"href":"https:\/\/www.rassegnastampa-totustuus.it\/cattolica\/wp-json\/wp\/v2\/media?parent=2526"}],"wp:term":[{"taxonomy":"category","embeddable":true,"href":"https:\/\/www.rassegnastampa-totustuus.it\/cattolica\/wp-json\/wp\/v2\/categories?post=2526"},{"taxonomy":"post_tag","embeddable":true,"href":"https:\/\/www.rassegnastampa-totustuus.it\/cattolica\/wp-json\/wp\/v2\/tags?post=2526"}],"curies":[{"name":"wp","href":"https:\/\/api.w.org\/{rel}","templated":true}]}}