{"id":252,"date":"2004-12-21T11:36:30","date_gmt":"2004-12-21T10:36:30","guid":{"rendered":""},"modified":"2025-07-03T19:59:08","modified_gmt":"2025-07-03T17:59:08","slug":"turcherie-e-fumisterie","status":"publish","type":"post","link":"https:\/\/www.rassegnastampa-totustuus.it\/cattolica\/turcherie-e-fumisterie\/","title":{"rendered":"Turcherie e fumisterie"},"content":{"rendered":"\n<p class=\"has-text-align-center\"><strong><a href=\"https:\/\/www.ilfoglio.it\/\" target=\"_blank\" rel=\"noreferrer noopener\">Il Foglio <\/a><\/strong>16 dicembre 2004<\/p>\n\n\n\n<p class=\"has-text-align-center\"><em>Il problema non \u00e8 se la Turchia sia degna dell\u2019Europa, ma il rovescio<\/em><\/p>\n\n\n<div class=\"wp-block-image\">\n<figure class=\"aligncenter size-full is-resized\"><a href=\"https:\/\/www.rassegnastampa-totustuus.it\/cattolica\/wp-content\/uploads\/2004\/12\/Turchia_Ue-1.jpg\"><img loading=\"lazy\" decoding=\"async\" width=\"281\" height=\"180\" src=\"https:\/\/www.rassegnastampa-totustuus.it\/cattolica\/wp-content\/uploads\/2004\/12\/Turchia_Ue-1.jpg\" alt=\"\" class=\"wp-image-32113\" style=\"width:369px;height:auto\"\/><\/a><\/figure><\/div>\n\n\n<!--more-->\n\n\n\n<p class=\"has-text-align-left\">Forse che s\u00ec, forse che no. Sulla Turchia nella Unione europea si finisce facilmente in confusione. Per esempio, Bush e il suo team, e magari anche Blair e Berlusconi, insomma gente che una mano a reagire alla minaccia islamista radicale l\u2019ha data senza troppo risparmiarsi, sono favorevoli all\u2019accoglienza dopo serio negoziato.<\/p>\n\n\n\n<p>La classe dirigente francese, che quella mano deve ancora darla, se ce l\u2019ha ancora, \u00e8 invece assai pi\u00f9 timida, come peraltro il Vaticano, che politicamente \u00e8 quietista ma ha dato segno di stare sul negativo in questa delicata occasione. E sul senso di questa candidatura, compresa la efficace granata tirata dalla Fallaci, c\u2019\u00e8 dissenso trasversale nell\u2019opinione pubblica.<\/p>\n\n\n\n<p>La nostra idea \u00e8 come al solito abbastanza semplice, dunque la pi\u00f9 difficile a realizzare. Per la Turchia e per la grande comunit\u00e0 islamica europea la questione non \u00e8 di stabilire se sono degni, per cultura e civilizzazione e religione professata, di convivere con noi, ma il rovescio. Siamo noi degni abbastanza, abbastanza forti e strategicamente determinati a vincere la battaglia contro l\u2019islamismo radicale, al punto da poterci permettere una politica di accoglienza?<\/p>\n\n\n\n<p>Tutta la partita della \u201cpaura\u201d verso la minaccia del multiculturalismo andrebbe giocata invertendo i ruoli in campo. Siamo noi che dovremmo allontanare le fobie da noi stessi, ma per farlo occorre che il nostro multiculturalismo sia armato di \u201ccoraggio\u201d.<\/p>\n\n\n\n<p>A un\u2019Europa che non coltivi ghiribizzi multipolari e riconosca la sua storia e le sue radici, che non lavori per la corrosione dell\u2019alleanza atlantica e la gratificazione di patetici nazionalismi senza denti, l\u2019ingresso della Turchia forse farebbe perfino bene: diventerebbe quella zona di libero scambio che \u00e8, senza consegnare a un superstato che nessuno vuole, tranne la cospicua burocrazia che se ne alimenta, la propria complicata e differenziata identit\u00e0.<\/p>\n\n\n\n<p>Se fossimo pi\u00f9 pronti a capire la strage di Atocha e l\u2019omicidio di Theo Van Gogh, e meno proni a subirli, saremmo noi a mettere un piede in terra islamica, in uno dei pochi territori in cui siano state sperimentate con alterno successo e molta ambiguit\u00e0 la modernizzazione e secolarizzazione.<\/p>\n\n\n\n<p>Se non ci vergognassimo del piccolo presepe e delle nostre leggi, come non se ne vergognano gli americani che integrano da due secoli tutto l\u2019integrabile, non dovremmo poi ricorrere alla proscrizione di un piccolo velo a scuola o a un comunitarismo che, come in Canada, sfiora talvolta l\u2019idea di introdurre da noi la sharia. Insomma: la questione non \u00e8 di rilanciare la paura, ma di farsi animo e di sapere chi si \u00e8 con un sufficiente grado di saggezza. E di orgoglio.<\/p>\n","protected":false},"excerpt":{"rendered":"<p>Il Foglio 16 dicembre 2004 Il problema non \u00e8 se la Turchia sia degna dell\u2019Europa, ma il rovescio<\/p><p><a class=\"more-link btn\" href=\"https:\/\/www.rassegnastampa-totustuus.it\/cattolica\/turcherie-e-fumisterie\/\">Continua a leggere<\/a><\/p>\n","protected":false},"author":6,"featured_media":32113,"comment_status":"closed","ping_status":"open","sticky":false,"template":"","format":"standard","meta":{"footnotes":""},"categories":[14],"tags":[535],"class_list":["post-252","post","type-post","status-publish","format-standard","has-post-thumbnail","hentry","category-europa-e-ue","tag-turchia","item-wrap"],"yoast_head":"<!-- This site is optimized with the Yoast SEO plugin v27.5 - https:\/\/yoast.com\/product\/yoast-seo-wordpress\/ -->\n<title>Turcherie e fumisterie - Rassegna Stampa Cattolica<\/title>\n<meta name=\"description\" content=\"Turcherie e fumisterie. Il problema non \u00e8 se la Turchia sia degna dell\u2019Europa, ma il rovescio. Le criticit\u00e0 dell&#039;ingresso nella UE\" \/>\n<meta name=\"robots\" content=\"index, follow, max-snippet:-1, max-image-preview:large, max-video-preview:-1\" \/>\n<link rel=\"canonical\" href=\"https:\/\/www.rassegnastampa-totustuus.it\/cattolica\/turcherie-e-fumisterie\/\" \/>\n<meta property=\"og:locale\" content=\"it_IT\" \/>\n<meta property=\"og:type\" content=\"article\" \/>\n<meta property=\"og:title\" content=\"Turcherie e fumisterie - Rassegna Stampa Cattolica\" \/>\n<meta property=\"og:description\" content=\"Turcherie e fumisterie. Il problema non \u00e8 se la Turchia sia degna dell\u2019Europa, ma il rovescio. Le criticit\u00e0 dell&#039;ingresso nella UE\" \/>\n<meta property=\"og:url\" content=\"https:\/\/www.rassegnastampa-totustuus.it\/cattolica\/turcherie-e-fumisterie\/\" \/>\n<meta property=\"og:site_name\" content=\"Rassegna Stampa Cattolica\" \/>\n<meta property=\"article:publisher\" content=\"https:\/\/www.facebook.com\/rassegnastampacattolica\" \/>\n<meta property=\"article:published_time\" content=\"2004-12-21T10:36:30+00:00\" \/>\n<meta property=\"article:modified_time\" content=\"2025-07-03T17:59:08+00:00\" \/>\n<meta property=\"og:image\" content=\"https:\/\/www.rassegnastampa-totustuus.it\/cattolica\/wp-content\/uploads\/2004\/12\/Turchia_Ue-1.jpg\" \/>\n\t<meta property=\"og:image:width\" content=\"281\" \/>\n\t<meta property=\"og:image:height\" content=\"180\" \/>\n\t<meta property=\"og:image:type\" content=\"image\/jpeg\" \/>\n<meta name=\"author\" content=\"Redazione\" \/>\n<meta name=\"twitter:card\" content=\"summary_large_image\" \/>\n<meta name=\"twitter:creator\" content=\"@rassegnastampa9\" \/>\n<meta name=\"twitter:site\" content=\"@rassegnastampa9\" \/>\n<meta name=\"twitter:label1\" content=\"Scritto da\" \/>\n\t<meta name=\"twitter:data1\" content=\"Redazione\" \/>\n\t<meta name=\"twitter:label2\" content=\"Tempo di lettura stimato\" \/>\n\t<meta name=\"twitter:data2\" content=\"3 minuti\" \/>\n<script type=\"application\/ld+json\" class=\"yoast-schema-graph\">{\"@context\":\"https:\\\/\\\/schema.org\",\"@graph\":[{\"@type\":\"Article\",\"@id\":\"https:\\\/\\\/www.rassegnastampa-totustuus.it\\\/cattolica\\\/turcherie-e-fumisterie\\\/#article\",\"isPartOf\":{\"@id\":\"https:\\\/\\\/www.rassegnastampa-totustuus.it\\\/cattolica\\\/turcherie-e-fumisterie\\\/\"},\"author\":{\"name\":\"Redazione\",\"@id\":\"https:\\\/\\\/www.rassegnastampa-totustuus.it\\\/cattolica\\\/#\\\/schema\\\/person\\\/08f319d2bd1a0904ad9e2bfb7b15e5c3\"},\"headline\":\"Turcherie e fumisterie\",\"datePublished\":\"2004-12-21T10:36:30+00:00\",\"dateModified\":\"2025-07-03T17:59:08+00:00\",\"mainEntityOfPage\":{\"@id\":\"https:\\\/\\\/www.rassegnastampa-totustuus.it\\\/cattolica\\\/turcherie-e-fumisterie\\\/\"},\"wordCount\":444,\"publisher\":{\"@id\":\"https:\\\/\\\/www.rassegnastampa-totustuus.it\\\/cattolica\\\/#organization\"},\"image\":{\"@id\":\"https:\\\/\\\/www.rassegnastampa-totustuus.it\\\/cattolica\\\/turcherie-e-fumisterie\\\/#primaryimage\"},\"thumbnailUrl\":\"https:\\\/\\\/www.rassegnastampa-totustuus.it\\\/cattolica\\\/wp-content\\\/uploads\\\/2004\\\/12\\\/Turchia_Ue-1.jpg\",\"keywords\":[\"Turchia\"],\"articleSection\":[\"Europa e UE\"],\"inLanguage\":\"it-IT\"},{\"@type\":\"WebPage\",\"@id\":\"https:\\\/\\\/www.rassegnastampa-totustuus.it\\\/cattolica\\\/turcherie-e-fumisterie\\\/\",\"url\":\"https:\\\/\\\/www.rassegnastampa-totustuus.it\\\/cattolica\\\/turcherie-e-fumisterie\\\/\",\"name\":\"Turcherie e fumisterie - Rassegna Stampa Cattolica\",\"isPartOf\":{\"@id\":\"https:\\\/\\\/www.rassegnastampa-totustuus.it\\\/cattolica\\\/#website\"},\"primaryImageOfPage\":{\"@id\":\"https:\\\/\\\/www.rassegnastampa-totustuus.it\\\/cattolica\\\/turcherie-e-fumisterie\\\/#primaryimage\"},\"image\":{\"@id\":\"https:\\\/\\\/www.rassegnastampa-totustuus.it\\\/cattolica\\\/turcherie-e-fumisterie\\\/#primaryimage\"},\"thumbnailUrl\":\"https:\\\/\\\/www.rassegnastampa-totustuus.it\\\/cattolica\\\/wp-content\\\/uploads\\\/2004\\\/12\\\/Turchia_Ue-1.jpg\",\"datePublished\":\"2004-12-21T10:36:30+00:00\",\"dateModified\":\"2025-07-03T17:59:08+00:00\",\"description\":\"Turcherie e fumisterie. Il problema non \u00e8 se la Turchia sia degna dell\u2019Europa, ma il rovescio. Le criticit\u00e0 dell'ingresso nella UE\",\"breadcrumb\":{\"@id\":\"https:\\\/\\\/www.rassegnastampa-totustuus.it\\\/cattolica\\\/turcherie-e-fumisterie\\\/#breadcrumb\"},\"inLanguage\":\"it-IT\",\"potentialAction\":[{\"@type\":\"ReadAction\",\"target\":[\"https:\\\/\\\/www.rassegnastampa-totustuus.it\\\/cattolica\\\/turcherie-e-fumisterie\\\/\"]}]},{\"@type\":\"ImageObject\",\"inLanguage\":\"it-IT\",\"@id\":\"https:\\\/\\\/www.rassegnastampa-totustuus.it\\\/cattolica\\\/turcherie-e-fumisterie\\\/#primaryimage\",\"url\":\"https:\\\/\\\/www.rassegnastampa-totustuus.it\\\/cattolica\\\/wp-content\\\/uploads\\\/2004\\\/12\\\/Turchia_Ue-1.jpg\",\"contentUrl\":\"https:\\\/\\\/www.rassegnastampa-totustuus.it\\\/cattolica\\\/wp-content\\\/uploads\\\/2004\\\/12\\\/Turchia_Ue-1.jpg\",\"width\":281,\"height\":180},{\"@type\":\"BreadcrumbList\",\"@id\":\"https:\\\/\\\/www.rassegnastampa-totustuus.it\\\/cattolica\\\/turcherie-e-fumisterie\\\/#breadcrumb\",\"itemListElement\":[{\"@type\":\"ListItem\",\"position\":1,\"name\":\"Home\",\"item\":\"https:\\\/\\\/www.rassegnastampa-totustuus.it\\\/cattolica\\\/\"},{\"@type\":\"ListItem\",\"position\":2,\"name\":\"Turcherie e fumisterie\"}]},{\"@type\":\"WebSite\",\"@id\":\"https:\\\/\\\/www.rassegnastampa-totustuus.it\\\/cattolica\\\/#website\",\"url\":\"https:\\\/\\\/www.rassegnastampa-totustuus.it\\\/cattolica\\\/\",\"name\":\"Rassegna Stampa Cattolica\",\"description\":\"Per una cultura che nasce dalla Rivelazione cristiana in conformit\u00e0 alla tradizione e al Magistero della Chiesa in opposizione ad ogni relativismo e totalitarismo\",\"publisher\":{\"@id\":\"https:\\\/\\\/www.rassegnastampa-totustuus.it\\\/cattolica\\\/#organization\"},\"alternateName\":\"Rass. Cattolica\",\"potentialAction\":[{\"@type\":\"SearchAction\",\"target\":{\"@type\":\"EntryPoint\",\"urlTemplate\":\"https:\\\/\\\/www.rassegnastampa-totustuus.it\\\/cattolica\\\/?s={search_term_string}\"},\"query-input\":{\"@type\":\"PropertyValueSpecification\",\"valueRequired\":true,\"valueName\":\"search_term_string\"}}],\"inLanguage\":\"it-IT\"},{\"@type\":\"Organization\",\"@id\":\"https:\\\/\\\/www.rassegnastampa-totustuus.it\\\/cattolica\\\/#organization\",\"name\":\"Rassegna Stampa Cattolica\",\"url\":\"https:\\\/\\\/www.rassegnastampa-totustuus.it\\\/cattolica\\\/\",\"logo\":{\"@type\":\"ImageObject\",\"inLanguage\":\"it-IT\",\"@id\":\"https:\\\/\\\/www.rassegnastampa-totustuus.it\\\/cattolica\\\/#\\\/schema\\\/logo\\\/image\\\/\",\"url\":\"https:\\\/\\\/www.rassegnastampa-totustuus.it\\\/cattolica\\\/wp-content\\\/uploads\\\/2014\\\/04\\\/logo-rassegna1.gif\",\"contentUrl\":\"https:\\\/\\\/www.rassegnastampa-totustuus.it\\\/cattolica\\\/wp-content\\\/uploads\\\/2014\\\/04\\\/logo-rassegna1.gif\",\"width\":600,\"height\":163,\"caption\":\"Rassegna Stampa Cattolica\"},\"image\":{\"@id\":\"https:\\\/\\\/www.rassegnastampa-totustuus.it\\\/cattolica\\\/#\\\/schema\\\/logo\\\/image\\\/\"},\"sameAs\":[\"https:\\\/\\\/www.facebook.com\\\/rassegnastampacattolica\",\"https:\\\/\\\/x.com\\\/rassegnastampa9\"]},{\"@type\":\"Person\",\"@id\":\"https:\\\/\\\/www.rassegnastampa-totustuus.it\\\/cattolica\\\/#\\\/schema\\\/person\\\/08f319d2bd1a0904ad9e2bfb7b15e5c3\",\"name\":\"Redazione\",\"image\":{\"@type\":\"ImageObject\",\"inLanguage\":\"it-IT\",\"@id\":\"https:\\\/\\\/secure.gravatar.com\\\/avatar\\\/2fcdf27c78ea025fbdb44e914cc63c72249ffec9dc8aafd5c82b26240ef3f346?s=96&d=mm&r=g\",\"url\":\"https:\\\/\\\/secure.gravatar.com\\\/avatar\\\/2fcdf27c78ea025fbdb44e914cc63c72249ffec9dc8aafd5c82b26240ef3f346?s=96&d=mm&r=g\",\"contentUrl\":\"https:\\\/\\\/secure.gravatar.com\\\/avatar\\\/2fcdf27c78ea025fbdb44e914cc63c72249ffec9dc8aafd5c82b26240ef3f346?s=96&d=mm&r=g\",\"caption\":\"Redazione\"},\"url\":\"https:\\\/\\\/www.rassegnastampa-totustuus.it\\\/cattolica\\\/author\\\/pietroelle\\\/\"}]}<\/script>\n<!-- \/ Yoast SEO plugin. -->","yoast_head_json":{"title":"Turcherie e fumisterie - Rassegna Stampa Cattolica","description":"Turcherie e fumisterie. Il problema non \u00e8 se la Turchia sia degna dell\u2019Europa, ma il rovescio. Le criticit\u00e0 dell'ingresso nella UE","robots":{"index":"index","follow":"follow","max-snippet":"max-snippet:-1","max-image-preview":"max-image-preview:large","max-video-preview":"max-video-preview:-1"},"canonical":"https:\/\/www.rassegnastampa-totustuus.it\/cattolica\/turcherie-e-fumisterie\/","og_locale":"it_IT","og_type":"article","og_title":"Turcherie e fumisterie - Rassegna Stampa Cattolica","og_description":"Turcherie e fumisterie. Il problema non \u00e8 se la Turchia sia degna dell\u2019Europa, ma il rovescio. Le criticit\u00e0 dell'ingresso nella UE","og_url":"https:\/\/www.rassegnastampa-totustuus.it\/cattolica\/turcherie-e-fumisterie\/","og_site_name":"Rassegna Stampa Cattolica","article_publisher":"https:\/\/www.facebook.com\/rassegnastampacattolica","article_published_time":"2004-12-21T10:36:30+00:00","article_modified_time":"2025-07-03T17:59:08+00:00","og_image":[{"width":281,"height":180,"url":"https:\/\/www.rassegnastampa-totustuus.it\/cattolica\/wp-content\/uploads\/2004\/12\/Turchia_Ue-1.jpg","type":"image\/jpeg"}],"author":"Redazione","twitter_card":"summary_large_image","twitter_creator":"@rassegnastampa9","twitter_site":"@rassegnastampa9","twitter_misc":{"Scritto da":"Redazione","Tempo di lettura stimato":"3 minuti"},"schema":{"@context":"https:\/\/schema.org","@graph":[{"@type":"Article","@id":"https:\/\/www.rassegnastampa-totustuus.it\/cattolica\/turcherie-e-fumisterie\/#article","isPartOf":{"@id":"https:\/\/www.rassegnastampa-totustuus.it\/cattolica\/turcherie-e-fumisterie\/"},"author":{"name":"Redazione","@id":"https:\/\/www.rassegnastampa-totustuus.it\/cattolica\/#\/schema\/person\/08f319d2bd1a0904ad9e2bfb7b15e5c3"},"headline":"Turcherie e fumisterie","datePublished":"2004-12-21T10:36:30+00:00","dateModified":"2025-07-03T17:59:08+00:00","mainEntityOfPage":{"@id":"https:\/\/www.rassegnastampa-totustuus.it\/cattolica\/turcherie-e-fumisterie\/"},"wordCount":444,"publisher":{"@id":"https:\/\/www.rassegnastampa-totustuus.it\/cattolica\/#organization"},"image":{"@id":"https:\/\/www.rassegnastampa-totustuus.it\/cattolica\/turcherie-e-fumisterie\/#primaryimage"},"thumbnailUrl":"https:\/\/www.rassegnastampa-totustuus.it\/cattolica\/wp-content\/uploads\/2004\/12\/Turchia_Ue-1.jpg","keywords":["Turchia"],"articleSection":["Europa e UE"],"inLanguage":"it-IT"},{"@type":"WebPage","@id":"https:\/\/www.rassegnastampa-totustuus.it\/cattolica\/turcherie-e-fumisterie\/","url":"https:\/\/www.rassegnastampa-totustuus.it\/cattolica\/turcherie-e-fumisterie\/","name":"Turcherie e fumisterie - Rassegna Stampa Cattolica","isPartOf":{"@id":"https:\/\/www.rassegnastampa-totustuus.it\/cattolica\/#website"},"primaryImageOfPage":{"@id":"https:\/\/www.rassegnastampa-totustuus.it\/cattolica\/turcherie-e-fumisterie\/#primaryimage"},"image":{"@id":"https:\/\/www.rassegnastampa-totustuus.it\/cattolica\/turcherie-e-fumisterie\/#primaryimage"},"thumbnailUrl":"https:\/\/www.rassegnastampa-totustuus.it\/cattolica\/wp-content\/uploads\/2004\/12\/Turchia_Ue-1.jpg","datePublished":"2004-12-21T10:36:30+00:00","dateModified":"2025-07-03T17:59:08+00:00","description":"Turcherie e fumisterie. Il problema non \u00e8 se la Turchia sia degna dell\u2019Europa, ma il rovescio. Le criticit\u00e0 dell'ingresso nella UE","breadcrumb":{"@id":"https:\/\/www.rassegnastampa-totustuus.it\/cattolica\/turcherie-e-fumisterie\/#breadcrumb"},"inLanguage":"it-IT","potentialAction":[{"@type":"ReadAction","target":["https:\/\/www.rassegnastampa-totustuus.it\/cattolica\/turcherie-e-fumisterie\/"]}]},{"@type":"ImageObject","inLanguage":"it-IT","@id":"https:\/\/www.rassegnastampa-totustuus.it\/cattolica\/turcherie-e-fumisterie\/#primaryimage","url":"https:\/\/www.rassegnastampa-totustuus.it\/cattolica\/wp-content\/uploads\/2004\/12\/Turchia_Ue-1.jpg","contentUrl":"https:\/\/www.rassegnastampa-totustuus.it\/cattolica\/wp-content\/uploads\/2004\/12\/Turchia_Ue-1.jpg","width":281,"height":180},{"@type":"BreadcrumbList","@id":"https:\/\/www.rassegnastampa-totustuus.it\/cattolica\/turcherie-e-fumisterie\/#breadcrumb","itemListElement":[{"@type":"ListItem","position":1,"name":"Home","item":"https:\/\/www.rassegnastampa-totustuus.it\/cattolica\/"},{"@type":"ListItem","position":2,"name":"Turcherie e fumisterie"}]},{"@type":"WebSite","@id":"https:\/\/www.rassegnastampa-totustuus.it\/cattolica\/#website","url":"https:\/\/www.rassegnastampa-totustuus.it\/cattolica\/","name":"Rassegna Stampa Cattolica","description":"Per una cultura che nasce dalla Rivelazione cristiana in conformit\u00e0 alla tradizione e al Magistero della Chiesa in opposizione ad ogni relativismo e totalitarismo","publisher":{"@id":"https:\/\/www.rassegnastampa-totustuus.it\/cattolica\/#organization"},"alternateName":"Rass. Cattolica","potentialAction":[{"@type":"SearchAction","target":{"@type":"EntryPoint","urlTemplate":"https:\/\/www.rassegnastampa-totustuus.it\/cattolica\/?s={search_term_string}"},"query-input":{"@type":"PropertyValueSpecification","valueRequired":true,"valueName":"search_term_string"}}],"inLanguage":"it-IT"},{"@type":"Organization","@id":"https:\/\/www.rassegnastampa-totustuus.it\/cattolica\/#organization","name":"Rassegna Stampa Cattolica","url":"https:\/\/www.rassegnastampa-totustuus.it\/cattolica\/","logo":{"@type":"ImageObject","inLanguage":"it-IT","@id":"https:\/\/www.rassegnastampa-totustuus.it\/cattolica\/#\/schema\/logo\/image\/","url":"https:\/\/www.rassegnastampa-totustuus.it\/cattolica\/wp-content\/uploads\/2014\/04\/logo-rassegna1.gif","contentUrl":"https:\/\/www.rassegnastampa-totustuus.it\/cattolica\/wp-content\/uploads\/2014\/04\/logo-rassegna1.gif","width":600,"height":163,"caption":"Rassegna Stampa Cattolica"},"image":{"@id":"https:\/\/www.rassegnastampa-totustuus.it\/cattolica\/#\/schema\/logo\/image\/"},"sameAs":["https:\/\/www.facebook.com\/rassegnastampacattolica","https:\/\/x.com\/rassegnastampa9"]},{"@type":"Person","@id":"https:\/\/www.rassegnastampa-totustuus.it\/cattolica\/#\/schema\/person\/08f319d2bd1a0904ad9e2bfb7b15e5c3","name":"Redazione","image":{"@type":"ImageObject","inLanguage":"it-IT","@id":"https:\/\/secure.gravatar.com\/avatar\/2fcdf27c78ea025fbdb44e914cc63c72249ffec9dc8aafd5c82b26240ef3f346?s=96&d=mm&r=g","url":"https:\/\/secure.gravatar.com\/avatar\/2fcdf27c78ea025fbdb44e914cc63c72249ffec9dc8aafd5c82b26240ef3f346?s=96&d=mm&r=g","contentUrl":"https:\/\/secure.gravatar.com\/avatar\/2fcdf27c78ea025fbdb44e914cc63c72249ffec9dc8aafd5c82b26240ef3f346?s=96&d=mm&r=g","caption":"Redazione"},"url":"https:\/\/www.rassegnastampa-totustuus.it\/cattolica\/author\/pietroelle\/"}]}},"_links":{"self":[{"href":"https:\/\/www.rassegnastampa-totustuus.it\/cattolica\/wp-json\/wp\/v2\/posts\/252","targetHints":{"allow":["GET"]}}],"collection":[{"href":"https:\/\/www.rassegnastampa-totustuus.it\/cattolica\/wp-json\/wp\/v2\/posts"}],"about":[{"href":"https:\/\/www.rassegnastampa-totustuus.it\/cattolica\/wp-json\/wp\/v2\/types\/post"}],"author":[{"embeddable":true,"href":"https:\/\/www.rassegnastampa-totustuus.it\/cattolica\/wp-json\/wp\/v2\/users\/6"}],"replies":[{"embeddable":true,"href":"https:\/\/www.rassegnastampa-totustuus.it\/cattolica\/wp-json\/wp\/v2\/comments?post=252"}],"version-history":[{"count":4,"href":"https:\/\/www.rassegnastampa-totustuus.it\/cattolica\/wp-json\/wp\/v2\/posts\/252\/revisions"}],"predecessor-version":[{"id":62871,"href":"https:\/\/www.rassegnastampa-totustuus.it\/cattolica\/wp-json\/wp\/v2\/posts\/252\/revisions\/62871"}],"wp:featuredmedia":[{"embeddable":true,"href":"https:\/\/www.rassegnastampa-totustuus.it\/cattolica\/wp-json\/wp\/v2\/media\/32113"}],"wp:attachment":[{"href":"https:\/\/www.rassegnastampa-totustuus.it\/cattolica\/wp-json\/wp\/v2\/media?parent=252"}],"wp:term":[{"taxonomy":"category","embeddable":true,"href":"https:\/\/www.rassegnastampa-totustuus.it\/cattolica\/wp-json\/wp\/v2\/categories?post=252"},{"taxonomy":"post_tag","embeddable":true,"href":"https:\/\/www.rassegnastampa-totustuus.it\/cattolica\/wp-json\/wp\/v2\/tags?post=252"}],"curies":[{"name":"wp","href":"https:\/\/api.w.org\/{rel}","templated":true}]}}