{"id":2508,"date":"2007-02-26T13:31:18","date_gmt":"2007-02-26T12:31:18","guid":{"rendered":""},"modified":"2015-12-17T12:30:17","modified_gmt":"2015-12-17T11:30:17","slug":"lazionismo-cattolico-dossetti-e-cattolicesimo-democratico","status":"publish","type":"post","link":"https:\/\/www.rassegnastampa-totustuus.it\/cattolica\/lazionismo-cattolico-dossetti-e-cattolicesimo-democratico\/","title":{"rendered":"L&#8217;azionismo cattolico (Dossetti e cattolicesimo democratico)"},"content":{"rendered":"<div style=\"text-align: center;\">\n<div id=\"attachment_28884\" style=\"width: 250px\" class=\"wp-caption alignleft\"><a href=\"https:\/\/www.rassegnastampa-totustuus.it\/cattolica\/wp-content\/uploads\/2007\/02\/Dossetti_Prodi.jpg\"><img loading=\"lazy\" decoding=\"async\" aria-describedby=\"caption-attachment-28884\" class=\"wp-image-28884\" src=\"https:\/\/www.rassegnastampa-totustuus.it\/cattolica\/wp-content\/uploads\/2007\/02\/Dossetti_Prodi.jpg\" alt=\"Dossetti_Prodi\" width=\"250\" height=\"191\" \/><\/a><p id=\"caption-attachment-28884\" class=\"wp-caption-text\">Giuseppe Dossetti con Romano Prodi<\/p><\/div>\n<p>tratto da <strong>Tempi,<\/strong> 27 ottobre 1999<\/div>\n<p style=\"text-align: center;\"><strong>Paolo Gulisano<\/strong><\/p>\n<p style=\"text-align: justify;\">Loro hanno sempre prediletto per se stessi la definizione di cattolici democratici (sottointendendo implicitamente che il resto della cristianit\u00e0 italiana fosse autoritaria, regressista e parafascista), ma l&#8217;opinione pubblica li conosce meglio come &#8220;cattocomunisti&#8221;, anche se forse sarebbe pi\u00f9 opportuna la definizione di &#8220;clerico-comunisti&#8221; o &#8220;clerico-progressisti&#8221;.<\/p>\n<p><!--more--><\/p>\n<div style=\"text-align: justify;\">Il clericale non pensa che l&#8217;istituzione sia necessaria. Il clericale pensa che l&#8217;istituzione sia sufficiente. Ci\u00f2 non tanto perch\u00e9 \u00e8 comunque sgradevole vedere accostato il termine &#8220;cattolico&#8221; a quello di &#8220;comunista&#8221;, ma soprattutto perch\u00e9 la storia di questa influente corrente di pensiero &#8211; mai radicatasi a livello popolare &#8211; \u00e8 la storia di come nella seconda met\u00e0 del nostro secolo determinate forme di clericalismo si siano coniugate con le ideologie marxiste e progressiste. Il clericalismo \u00e8 una sorta di vizio che pu\u00f2 prendere i cristiani, sia preti che laici, per cui alla sostanza della fede, cio\u00e8 l&#8217;adesione a Cristo, viene sostituita la forma, e lo stesso cristianesimo non diventa che un mezzo per raggiungere fini differenti da quelli indicati dal Vangelo.<\/div>\n<p style=\"text-align: justify;\">Il clericale non si avvale dell&#8217;autorevolezza della Fede, ma dell&#8217;autoritarismo derivante dalla propria posizione e dal proprio ruolo nella societ\u00e0 ecclesiale. Il clericale non \u00e8 colui che pensa che l&#8217;istituzione \u00e8 necessaria, ha osservato Giacomo Noventa, ma colui che pensa che \u00e8 sufficiente. Inoltre il clericalismo avverte come insufficiente il solo cristianesimo per i propri progetti e finisce per coniugarsi con le ideologie in auge, motivando questa scelta con una machiavellica giustificazione dei propri fini. Naturalmente queste scelte devono apparire al mondo &#8220;costose&#8221;; cos\u00ec il clericale \u00e8 sempre un cattolico &#8220;tormentato&#8221; che pur essendo un cristiano assolutamente mondano, deve prediligere una &#8220;spiritualit\u00e0 tutta interiore&#8221;.<\/p>\n<p style=\"text-align: justify;\"><strong>I &#8220;professorini cattolici&#8221; a braccetto con i togliattiani in nome dei &#8220;valori comuni&#8221;.<\/strong><\/p>\n<p style=\"text-align: justify;\">Tali caratteristiche descrivono non solo il pensiero dei clerico-comunisti, ma anche il tipo umano che essi hanno rappresentato, e l&#8217;ambiente dove da sempre si sono formati, che \u00e8 quello ovattato dei corridoi delle curie e dei chiostri dell&#8217;Universit\u00e0 Cattolica. L&#8217;Ateneo fondato da Padre Gemelli (anch&#8217;egli d&#8217;altronde sempre incline a coniugare il proprio cristianesimo con le ideologie in voga, il nazionalismo prima e il fascismo poi) fu la prima fucina dove queste idee vennero elaborate. Vediamo quali furono i protagonisti di questa prima fase ideologica (che peraltro riprendeva vecchie suggestioni del Modernismo che era andato &#8220;in sonno&#8221; durante il pontificato di Pio XI): sono i cosiddetti &#8220;professorini&#8221;, il cui leader riconosciuto fu Giuseppe Dossetti.<\/p>\n<p style=\"text-align: justify;\">Fin dal 1946 questo giovane docente della Cattolica aveva richiesto alla direzione Dc una pi\u00f9 stretta collaborazione con i comunisti, in nome dei &#8220;comuni valori&#8221;. Il partito cerc\u00f2 di metabolizzare le istanze innovatrici del trentenne <em>enfant prodige<\/em> della politica associandolo alla gestione del potere. Venne cos\u00ec nominato vice-segretario nazionale. Intorno a lui si coagul\u00f2 immediatamente un gruppo di intellettuali la cui caratteristica principale apparve essere l&#8217;utopismo: &#8220;anime belle&#8221;, devote al limite del misticismo, che inseguivano il sogno della realizzazione, qui e subito, del migliore dei mondi possibile.<\/p>\n<p style=\"text-align: justify;\">Oltre a Dossetti le figure di spicco erano quelle di Giuseppe Lazzati, ex-internato in Germania, che avrebbe percorso in seguito una brillante carriera all&#8217;interno dell&#8217;Universit\u00e0 Cattolica fino a diventarne Rettore durante i difficili anni &#8217;70, nei quali Lazzati si distinse per l&#8217;apertura a Sinistra e l&#8217;ostilit\u00e0 ai cattolici &#8220;integralisti&#8221;, e altri studiosi quali Ardig\u00f2 e Galloni. Anche Amintore Fanfani visse da protagonista la stagione dei professorini, per distaccarsene ben presto. Una citazione a parte la merita invece Giuseppe La Pira: anch&#8217;egli docente universitario, siciliano trapiantato a Firenze, condivideva altre caratteristiche comuni del gruppo come la intensa spiritualit\u00e0 e lo stato di celibato.<\/p>\n<p style=\"text-align: justify;\"><strong>Azionismo in chiave democristiana.<\/strong><\/p>\n<p style=\"text-align: justify;\">Da Gemelli a Lazzati, da Dossetti a Scoppola. Un&#8217;astiosa rivendicazione di purezza morale. Il dossettismo era una sorta di &#8220;azionismo&#8221; in versione cattolica: una pretesa di assoluta dirittura morale dei suoi componenti, una febbrile propensione all&#8217;impegno umanitario per salvare il mondo, un radicale antifascismo che si traduce in una ostilit\u00e0 astiosa verso tutto ci\u00f2 che appare anche solo come non-progressista. La Pira venne eletto sindaco di Firenze nel 1951 e rimase alla guida della citt\u00e0 fino al 1957, e in seguito dal 1961 al &#8217;66. La sua attenzione e il suo impegno furono rivolti, pi\u00f9 che ai problemi amministrativi del capoluogo toscano, ai grandi temi del pacifismo, del disarmo, della distensione. Interpret\u00f2 il ruolo del profeta che dialogava coi potenti, Kennedy e Kruscev, per trasformare le spade in aratri.<\/p>\n<p style=\"text-align: justify;\">La sua ingenua buona fede lo rese completamente sordo alle grida disperate che venivano dalla Russia del dissenso che moriva nei Gulag. Il dossettismo and\u00f2 in crisi proprio nel 1951, l&#8217;anno dell&#8217;elezione a sindaco di La Pira: Dossetti si ritir\u00f2 dalla vita politica, imitato in breve tempo da Lazzati, per scegliere in seguito la vita monastica. La Dc di De Gasperi e Scelba assorb\u00ec quel che restava dei giovani rampanti: in un grande partito di governo c&#8217;era posto per tutti. I clerico-progressisti si insediarono stabilmente nelle strutture chiave di partito come i mezzi di comunicazione e le scuole-quadri, intellettuali vezzeggiati e privilegiati.<\/p>\n<p style=\"text-align: justify;\"><strong>Gli estensori dei catechismi e dei giornali episcopali eletti nelle file del Pci.<\/strong><\/p>\n<p style=\"text-align: justify;\">Omaggiati nonostante avessero confuso il &#8220;Che fare&#8221; di Lenin con il Concilio Vaticano II. Nel frattempo per\u00f2 il luogo privilegiato attraverso il quale diffondere le loro idee divenne l&#8217;istituzione ecclesiastica: ritiratasi dalla prima linea della politica si attestarono nelle strutture ecclesiali ed episcopali, per uscirne poi fuori a sorpresa. Fu il caso del professor Gozzini, estensore dei Catechismi della Cei negli anni del Post-Concilio, di Pratesi e di Raniero La Valle, per anni direttore del quotidiano dei vescovi Avvenire, che negli anni &#8217;70 vennero eletti al Parlamento come &#8220;indipendenti&#8221; nelle fila del Partito Comunista. Gli anni che seguirono il Concilio Vaticano II avevano visto la scena culturale del cattolicesimo italiano dominata dai maritainiani. Tra questi, oltre ai sopracitati intellettuali prestati al Pci, spicc\u00f2 Pietro Scoppola.<\/p>\n<p style=\"text-align: justify;\">Per anni lo storico e il gruppo di intellettuali (Gaiotti, Pedrazzi, Ardig\u00f2) che con lui avrebbe costituito la Lega Democratica influenz\u00f2 pesantemente le scelte pastorali e culturali della Conferenza Episcopale Italiana, omaggiati e privilegiati nonostante l&#8217;evidente &#8220;tradimento&#8221; perpetrato in occasione del Referendum sul divorzio. Dopo il dossettismo e il maritainismo, intrisi di idealismo elevato e utopismo messianico, il clerico-progressista \u00e8 divenuto ora un seguace del giacobinismo: \u00e8 il caso emblematico di Rosy Bindi, allevata negli ambienti della Fuci e del Meic di Scoppola e soci. Il suo Ppi supera definitivamente il levantino pragmatismo della vecchia Sinistra Dc, quello che permise a Moro e De Mita di cavalcare per anni la tigre, e sceglie di appiattirsi sulla nuova sinistra: senza pi\u00f9 la retorica sui valori comuni e gli abbracci ecumenici e pacifisti, in nome dell&#8217;odio per il nemico (il non-progressista) e per l&#8217;attaccamento inveterato al potere.<\/p>\n<p style=\"text-align: justify;\">Non suonano dunque strani i recenti pesanti giudizi dell&#8217;<em>Osservatore<\/em> <em>Romano,<\/em> ai quali si sono aggiunti questa settimana quelli dei gesuiti, che vergando una sorta di <em>de prufundis<\/em> per il partito di Bindi e Scalfaro, dalle colonne di Civilt\u00e0 Cattolica si sono chiesti con ironia &#8220;perch\u00e9 un cattolico dovrebbe votare Ppi?&#8221; e rimproverato agli ultimi epigoni della sinistra Dc l&#8217;assenza di iniziativa politica, l&#8217;appiattimento su posizioni altrui e di aver concentrato la propria attenzione all&#8217;occupazione di spazi istituzionali e di sottogoverno.<\/p>\n","protected":false},"excerpt":{"rendered":"<p>tratto da Tempi, 27 ottobre 1999 Paolo Gulisano Loro hanno sempre prediletto per se stessi la definizione di cattolici democratici (sottointendendo implicitamente che il resto della cristianit\u00e0 italiana fosse autoritaria, regressista e parafascista), ma l&#8217;opinione pubblica li conosce meglio come &#8220;cattocomunisti&#8221;, anche se forse sarebbe pi\u00f9 opportuna la definizione di &#8220;clerico-comunisti&#8221; o &#8220;clerico-progressisti&#8221;.<\/p><p><a class=\"more-link btn\" href=\"https:\/\/www.rassegnastampa-totustuus.it\/cattolica\/lazionismo-cattolico-dossetti-e-cattolicesimo-democratico\/\">Continua a leggere<\/a><\/p>\n","protected":false},"author":6,"featured_media":28884,"comment_status":"closed","ping_status":"open","sticky":false,"template":"","format":"standard","meta":{"footnotes":""},"categories":[106],"tags":[1443,788],"class_list":["post-2508","post","type-post","status-publish","format-standard","has-post-thumbnail","hentry","category-cattolicesimo-democratico","tag-azionismo-cattolico","tag-giuseppe-dossetti","item-wrap"],"yoast_head":"<!-- This site is optimized with the Yoast SEO plugin v27.5 - https:\/\/yoast.com\/product\/yoast-seo-wordpress\/ -->\n<title>L&#039;azionismo cattolico (Dossetti e cattolicesimo democratico) - Rassegna Stampa Cattolica<\/title>\n<meta name=\"description\" content=\"Rassegna Stampa Cattolica - Per una cultura che nasce dalla Rivelazione cristiana in conformit\u00e0 alla tradizione e al Magistero della Chiesa in opposizione ad ogni relativismo e totalitarismo\" \/>\n<meta name=\"robots\" content=\"index, follow, max-snippet:-1, max-image-preview:large, max-video-preview:-1\" \/>\n<link rel=\"canonical\" href=\"https:\/\/www.rassegnastampa-totustuus.it\/cattolica\/lazionismo-cattolico-dossetti-e-cattolicesimo-democratico\/\" \/>\n<meta property=\"og:locale\" content=\"it_IT\" \/>\n<meta property=\"og:type\" content=\"article\" \/>\n<meta property=\"og:title\" content=\"L&#039;azionismo cattolico (Dossetti e cattolicesimo democratico) - Rassegna Stampa Cattolica\" \/>\n<meta property=\"og:description\" content=\"Rassegna Stampa Cattolica - Per una cultura che nasce dalla Rivelazione cristiana in conformit\u00e0 alla tradizione e al Magistero della Chiesa in opposizione ad ogni relativismo e totalitarismo\" \/>\n<meta property=\"og:url\" content=\"https:\/\/www.rassegnastampa-totustuus.it\/cattolica\/lazionismo-cattolico-dossetti-e-cattolicesimo-democratico\/\" \/>\n<meta property=\"og:site_name\" content=\"Rassegna Stampa Cattolica\" \/>\n<meta property=\"article:publisher\" content=\"https:\/\/www.facebook.com\/rassegnastampacattolica\" \/>\n<meta property=\"article:published_time\" content=\"2007-02-26T12:31:18+00:00\" \/>\n<meta property=\"article:modified_time\" content=\"2015-12-17T11:30:17+00:00\" \/>\n<meta property=\"og:image\" content=\"https:\/\/www.rassegnastampa-totustuus.it\/cattolica\/wp-content\/uploads\/2007\/02\/Dossetti_Prodi.jpg\" \/>\n\t<meta property=\"og:image:width\" content=\"257\" \/>\n\t<meta property=\"og:image:height\" content=\"196\" \/>\n\t<meta property=\"og:image:type\" content=\"image\/jpeg\" \/>\n<meta name=\"author\" content=\"Redazione\" \/>\n<meta name=\"twitter:card\" content=\"summary_large_image\" \/>\n<meta name=\"twitter:creator\" content=\"@rassegnastampa9\" \/>\n<meta name=\"twitter:site\" content=\"@rassegnastampa9\" \/>\n<meta name=\"twitter:label1\" content=\"Scritto da\" \/>\n\t<meta name=\"twitter:data1\" content=\"Redazione\" \/>\n\t<meta name=\"twitter:label2\" content=\"Tempo di lettura stimato\" \/>\n\t<meta name=\"twitter:data2\" content=\"6 minuti\" \/>\n<script type=\"application\/ld+json\" class=\"yoast-schema-graph\">{\"@context\":\"https:\\\/\\\/schema.org\",\"@graph\":[{\"@type\":\"Article\",\"@id\":\"https:\\\/\\\/www.rassegnastampa-totustuus.it\\\/cattolica\\\/lazionismo-cattolico-dossetti-e-cattolicesimo-democratico\\\/#article\",\"isPartOf\":{\"@id\":\"https:\\\/\\\/www.rassegnastampa-totustuus.it\\\/cattolica\\\/lazionismo-cattolico-dossetti-e-cattolicesimo-democratico\\\/\"},\"author\":{\"name\":\"Redazione\",\"@id\":\"https:\\\/\\\/www.rassegnastampa-totustuus.it\\\/cattolica\\\/#\\\/schema\\\/person\\\/08f319d2bd1a0904ad9e2bfb7b15e5c3\"},\"headline\":\"L&#8217;azionismo cattolico (Dossetti e cattolicesimo democratico)\",\"datePublished\":\"2007-02-26T12:31:18+00:00\",\"dateModified\":\"2015-12-17T11:30:17+00:00\",\"mainEntityOfPage\":{\"@id\":\"https:\\\/\\\/www.rassegnastampa-totustuus.it\\\/cattolica\\\/lazionismo-cattolico-dossetti-e-cattolicesimo-democratico\\\/\"},\"wordCount\":1221,\"publisher\":{\"@id\":\"https:\\\/\\\/www.rassegnastampa-totustuus.it\\\/cattolica\\\/#organization\"},\"image\":{\"@id\":\"https:\\\/\\\/www.rassegnastampa-totustuus.it\\\/cattolica\\\/lazionismo-cattolico-dossetti-e-cattolicesimo-democratico\\\/#primaryimage\"},\"thumbnailUrl\":\"https:\\\/\\\/www.rassegnastampa-totustuus.it\\\/cattolica\\\/wp-content\\\/uploads\\\/2007\\\/02\\\/Dossetti_Prodi.jpg\",\"keywords\":[\"azionismo cattolico\",\"Giuseppe Dossetti\"],\"articleSection\":[\"Cattolicesimo dem.\"],\"inLanguage\":\"it-IT\"},{\"@type\":\"WebPage\",\"@id\":\"https:\\\/\\\/www.rassegnastampa-totustuus.it\\\/cattolica\\\/lazionismo-cattolico-dossetti-e-cattolicesimo-democratico\\\/\",\"url\":\"https:\\\/\\\/www.rassegnastampa-totustuus.it\\\/cattolica\\\/lazionismo-cattolico-dossetti-e-cattolicesimo-democratico\\\/\",\"name\":\"L'azionismo cattolico (Dossetti e cattolicesimo democratico) - Rassegna Stampa Cattolica\",\"isPartOf\":{\"@id\":\"https:\\\/\\\/www.rassegnastampa-totustuus.it\\\/cattolica\\\/#website\"},\"primaryImageOfPage\":{\"@id\":\"https:\\\/\\\/www.rassegnastampa-totustuus.it\\\/cattolica\\\/lazionismo-cattolico-dossetti-e-cattolicesimo-democratico\\\/#primaryimage\"},\"image\":{\"@id\":\"https:\\\/\\\/www.rassegnastampa-totustuus.it\\\/cattolica\\\/lazionismo-cattolico-dossetti-e-cattolicesimo-democratico\\\/#primaryimage\"},\"thumbnailUrl\":\"https:\\\/\\\/www.rassegnastampa-totustuus.it\\\/cattolica\\\/wp-content\\\/uploads\\\/2007\\\/02\\\/Dossetti_Prodi.jpg\",\"datePublished\":\"2007-02-26T12:31:18+00:00\",\"dateModified\":\"2015-12-17T11:30:17+00:00\",\"description\":\"Rassegna Stampa Cattolica - Per una cultura che nasce dalla Rivelazione cristiana in conformit\u00e0 alla tradizione e al Magistero della Chiesa in opposizione ad ogni relativismo e totalitarismo\",\"breadcrumb\":{\"@id\":\"https:\\\/\\\/www.rassegnastampa-totustuus.it\\\/cattolica\\\/lazionismo-cattolico-dossetti-e-cattolicesimo-democratico\\\/#breadcrumb\"},\"inLanguage\":\"it-IT\",\"potentialAction\":[{\"@type\":\"ReadAction\",\"target\":[\"https:\\\/\\\/www.rassegnastampa-totustuus.it\\\/cattolica\\\/lazionismo-cattolico-dossetti-e-cattolicesimo-democratico\\\/\"]}]},{\"@type\":\"ImageObject\",\"inLanguage\":\"it-IT\",\"@id\":\"https:\\\/\\\/www.rassegnastampa-totustuus.it\\\/cattolica\\\/lazionismo-cattolico-dossetti-e-cattolicesimo-democratico\\\/#primaryimage\",\"url\":\"https:\\\/\\\/www.rassegnastampa-totustuus.it\\\/cattolica\\\/wp-content\\\/uploads\\\/2007\\\/02\\\/Dossetti_Prodi.jpg\",\"contentUrl\":\"https:\\\/\\\/www.rassegnastampa-totustuus.it\\\/cattolica\\\/wp-content\\\/uploads\\\/2007\\\/02\\\/Dossetti_Prodi.jpg\",\"width\":257,\"height\":196},{\"@type\":\"BreadcrumbList\",\"@id\":\"https:\\\/\\\/www.rassegnastampa-totustuus.it\\\/cattolica\\\/lazionismo-cattolico-dossetti-e-cattolicesimo-democratico\\\/#breadcrumb\",\"itemListElement\":[{\"@type\":\"ListItem\",\"position\":1,\"name\":\"Home\",\"item\":\"https:\\\/\\\/www.rassegnastampa-totustuus.it\\\/cattolica\\\/\"},{\"@type\":\"ListItem\",\"position\":2,\"name\":\"L&#8217;azionismo cattolico (Dossetti e cattolicesimo democratico)\"}]},{\"@type\":\"WebSite\",\"@id\":\"https:\\\/\\\/www.rassegnastampa-totustuus.it\\\/cattolica\\\/#website\",\"url\":\"https:\\\/\\\/www.rassegnastampa-totustuus.it\\\/cattolica\\\/\",\"name\":\"Rassegna Stampa Cattolica\",\"description\":\"Per una cultura che nasce dalla Rivelazione cristiana in conformit\u00e0 alla tradizione e al Magistero della Chiesa in opposizione ad ogni relativismo e totalitarismo\",\"publisher\":{\"@id\":\"https:\\\/\\\/www.rassegnastampa-totustuus.it\\\/cattolica\\\/#organization\"},\"alternateName\":\"Rass. Cattolica\",\"potentialAction\":[{\"@type\":\"SearchAction\",\"target\":{\"@type\":\"EntryPoint\",\"urlTemplate\":\"https:\\\/\\\/www.rassegnastampa-totustuus.it\\\/cattolica\\\/?s={search_term_string}\"},\"query-input\":{\"@type\":\"PropertyValueSpecification\",\"valueRequired\":true,\"valueName\":\"search_term_string\"}}],\"inLanguage\":\"it-IT\"},{\"@type\":\"Organization\",\"@id\":\"https:\\\/\\\/www.rassegnastampa-totustuus.it\\\/cattolica\\\/#organization\",\"name\":\"Rassegna Stampa Cattolica\",\"url\":\"https:\\\/\\\/www.rassegnastampa-totustuus.it\\\/cattolica\\\/\",\"logo\":{\"@type\":\"ImageObject\",\"inLanguage\":\"it-IT\",\"@id\":\"https:\\\/\\\/www.rassegnastampa-totustuus.it\\\/cattolica\\\/#\\\/schema\\\/logo\\\/image\\\/\",\"url\":\"https:\\\/\\\/www.rassegnastampa-totustuus.it\\\/cattolica\\\/wp-content\\\/uploads\\\/2014\\\/04\\\/logo-rassegna1.gif\",\"contentUrl\":\"https:\\\/\\\/www.rassegnastampa-totustuus.it\\\/cattolica\\\/wp-content\\\/uploads\\\/2014\\\/04\\\/logo-rassegna1.gif\",\"width\":600,\"height\":163,\"caption\":\"Rassegna Stampa Cattolica\"},\"image\":{\"@id\":\"https:\\\/\\\/www.rassegnastampa-totustuus.it\\\/cattolica\\\/#\\\/schema\\\/logo\\\/image\\\/\"},\"sameAs\":[\"https:\\\/\\\/www.facebook.com\\\/rassegnastampacattolica\",\"https:\\\/\\\/x.com\\\/rassegnastampa9\"]},{\"@type\":\"Person\",\"@id\":\"https:\\\/\\\/www.rassegnastampa-totustuus.it\\\/cattolica\\\/#\\\/schema\\\/person\\\/08f319d2bd1a0904ad9e2bfb7b15e5c3\",\"name\":\"Redazione\",\"image\":{\"@type\":\"ImageObject\",\"inLanguage\":\"it-IT\",\"@id\":\"https:\\\/\\\/secure.gravatar.com\\\/avatar\\\/2fcdf27c78ea025fbdb44e914cc63c72249ffec9dc8aafd5c82b26240ef3f346?s=96&d=mm&r=g\",\"url\":\"https:\\\/\\\/secure.gravatar.com\\\/avatar\\\/2fcdf27c78ea025fbdb44e914cc63c72249ffec9dc8aafd5c82b26240ef3f346?s=96&d=mm&r=g\",\"contentUrl\":\"https:\\\/\\\/secure.gravatar.com\\\/avatar\\\/2fcdf27c78ea025fbdb44e914cc63c72249ffec9dc8aafd5c82b26240ef3f346?s=96&d=mm&r=g\",\"caption\":\"Redazione\"},\"url\":\"https:\\\/\\\/www.rassegnastampa-totustuus.it\\\/cattolica\\\/author\\\/pietroelle\\\/\"}]}<\/script>\n<!-- \/ Yoast SEO plugin. -->","yoast_head_json":{"title":"L'azionismo cattolico (Dossetti e cattolicesimo democratico) - Rassegna Stampa Cattolica","description":"Rassegna Stampa Cattolica - Per una cultura che nasce dalla Rivelazione cristiana in conformit\u00e0 alla tradizione e al Magistero della Chiesa in opposizione ad ogni relativismo e totalitarismo","robots":{"index":"index","follow":"follow","max-snippet":"max-snippet:-1","max-image-preview":"max-image-preview:large","max-video-preview":"max-video-preview:-1"},"canonical":"https:\/\/www.rassegnastampa-totustuus.it\/cattolica\/lazionismo-cattolico-dossetti-e-cattolicesimo-democratico\/","og_locale":"it_IT","og_type":"article","og_title":"L'azionismo cattolico (Dossetti e cattolicesimo democratico) - Rassegna Stampa Cattolica","og_description":"Rassegna Stampa Cattolica - Per una cultura che nasce dalla Rivelazione cristiana in conformit\u00e0 alla tradizione e al Magistero della Chiesa in opposizione ad ogni relativismo e totalitarismo","og_url":"https:\/\/www.rassegnastampa-totustuus.it\/cattolica\/lazionismo-cattolico-dossetti-e-cattolicesimo-democratico\/","og_site_name":"Rassegna Stampa Cattolica","article_publisher":"https:\/\/www.facebook.com\/rassegnastampacattolica","article_published_time":"2007-02-26T12:31:18+00:00","article_modified_time":"2015-12-17T11:30:17+00:00","og_image":[{"width":257,"height":196,"url":"https:\/\/www.rassegnastampa-totustuus.it\/cattolica\/wp-content\/uploads\/2007\/02\/Dossetti_Prodi.jpg","type":"image\/jpeg"}],"author":"Redazione","twitter_card":"summary_large_image","twitter_creator":"@rassegnastampa9","twitter_site":"@rassegnastampa9","twitter_misc":{"Scritto da":"Redazione","Tempo di lettura stimato":"6 minuti"},"schema":{"@context":"https:\/\/schema.org","@graph":[{"@type":"Article","@id":"https:\/\/www.rassegnastampa-totustuus.it\/cattolica\/lazionismo-cattolico-dossetti-e-cattolicesimo-democratico\/#article","isPartOf":{"@id":"https:\/\/www.rassegnastampa-totustuus.it\/cattolica\/lazionismo-cattolico-dossetti-e-cattolicesimo-democratico\/"},"author":{"name":"Redazione","@id":"https:\/\/www.rassegnastampa-totustuus.it\/cattolica\/#\/schema\/person\/08f319d2bd1a0904ad9e2bfb7b15e5c3"},"headline":"L&#8217;azionismo cattolico (Dossetti e cattolicesimo democratico)","datePublished":"2007-02-26T12:31:18+00:00","dateModified":"2015-12-17T11:30:17+00:00","mainEntityOfPage":{"@id":"https:\/\/www.rassegnastampa-totustuus.it\/cattolica\/lazionismo-cattolico-dossetti-e-cattolicesimo-democratico\/"},"wordCount":1221,"publisher":{"@id":"https:\/\/www.rassegnastampa-totustuus.it\/cattolica\/#organization"},"image":{"@id":"https:\/\/www.rassegnastampa-totustuus.it\/cattolica\/lazionismo-cattolico-dossetti-e-cattolicesimo-democratico\/#primaryimage"},"thumbnailUrl":"https:\/\/www.rassegnastampa-totustuus.it\/cattolica\/wp-content\/uploads\/2007\/02\/Dossetti_Prodi.jpg","keywords":["azionismo cattolico","Giuseppe Dossetti"],"articleSection":["Cattolicesimo dem."],"inLanguage":"it-IT"},{"@type":"WebPage","@id":"https:\/\/www.rassegnastampa-totustuus.it\/cattolica\/lazionismo-cattolico-dossetti-e-cattolicesimo-democratico\/","url":"https:\/\/www.rassegnastampa-totustuus.it\/cattolica\/lazionismo-cattolico-dossetti-e-cattolicesimo-democratico\/","name":"L'azionismo cattolico (Dossetti e cattolicesimo democratico) - Rassegna Stampa Cattolica","isPartOf":{"@id":"https:\/\/www.rassegnastampa-totustuus.it\/cattolica\/#website"},"primaryImageOfPage":{"@id":"https:\/\/www.rassegnastampa-totustuus.it\/cattolica\/lazionismo-cattolico-dossetti-e-cattolicesimo-democratico\/#primaryimage"},"image":{"@id":"https:\/\/www.rassegnastampa-totustuus.it\/cattolica\/lazionismo-cattolico-dossetti-e-cattolicesimo-democratico\/#primaryimage"},"thumbnailUrl":"https:\/\/www.rassegnastampa-totustuus.it\/cattolica\/wp-content\/uploads\/2007\/02\/Dossetti_Prodi.jpg","datePublished":"2007-02-26T12:31:18+00:00","dateModified":"2015-12-17T11:30:17+00:00","description":"Rassegna Stampa Cattolica - Per una cultura che nasce dalla Rivelazione cristiana in conformit\u00e0 alla tradizione e al Magistero della Chiesa in opposizione ad ogni relativismo e totalitarismo","breadcrumb":{"@id":"https:\/\/www.rassegnastampa-totustuus.it\/cattolica\/lazionismo-cattolico-dossetti-e-cattolicesimo-democratico\/#breadcrumb"},"inLanguage":"it-IT","potentialAction":[{"@type":"ReadAction","target":["https:\/\/www.rassegnastampa-totustuus.it\/cattolica\/lazionismo-cattolico-dossetti-e-cattolicesimo-democratico\/"]}]},{"@type":"ImageObject","inLanguage":"it-IT","@id":"https:\/\/www.rassegnastampa-totustuus.it\/cattolica\/lazionismo-cattolico-dossetti-e-cattolicesimo-democratico\/#primaryimage","url":"https:\/\/www.rassegnastampa-totustuus.it\/cattolica\/wp-content\/uploads\/2007\/02\/Dossetti_Prodi.jpg","contentUrl":"https:\/\/www.rassegnastampa-totustuus.it\/cattolica\/wp-content\/uploads\/2007\/02\/Dossetti_Prodi.jpg","width":257,"height":196},{"@type":"BreadcrumbList","@id":"https:\/\/www.rassegnastampa-totustuus.it\/cattolica\/lazionismo-cattolico-dossetti-e-cattolicesimo-democratico\/#breadcrumb","itemListElement":[{"@type":"ListItem","position":1,"name":"Home","item":"https:\/\/www.rassegnastampa-totustuus.it\/cattolica\/"},{"@type":"ListItem","position":2,"name":"L&#8217;azionismo cattolico (Dossetti e cattolicesimo democratico)"}]},{"@type":"WebSite","@id":"https:\/\/www.rassegnastampa-totustuus.it\/cattolica\/#website","url":"https:\/\/www.rassegnastampa-totustuus.it\/cattolica\/","name":"Rassegna Stampa Cattolica","description":"Per una cultura che nasce dalla Rivelazione cristiana in conformit\u00e0 alla tradizione e al Magistero della Chiesa in opposizione ad ogni relativismo e totalitarismo","publisher":{"@id":"https:\/\/www.rassegnastampa-totustuus.it\/cattolica\/#organization"},"alternateName":"Rass. Cattolica","potentialAction":[{"@type":"SearchAction","target":{"@type":"EntryPoint","urlTemplate":"https:\/\/www.rassegnastampa-totustuus.it\/cattolica\/?s={search_term_string}"},"query-input":{"@type":"PropertyValueSpecification","valueRequired":true,"valueName":"search_term_string"}}],"inLanguage":"it-IT"},{"@type":"Organization","@id":"https:\/\/www.rassegnastampa-totustuus.it\/cattolica\/#organization","name":"Rassegna Stampa Cattolica","url":"https:\/\/www.rassegnastampa-totustuus.it\/cattolica\/","logo":{"@type":"ImageObject","inLanguage":"it-IT","@id":"https:\/\/www.rassegnastampa-totustuus.it\/cattolica\/#\/schema\/logo\/image\/","url":"https:\/\/www.rassegnastampa-totustuus.it\/cattolica\/wp-content\/uploads\/2014\/04\/logo-rassegna1.gif","contentUrl":"https:\/\/www.rassegnastampa-totustuus.it\/cattolica\/wp-content\/uploads\/2014\/04\/logo-rassegna1.gif","width":600,"height":163,"caption":"Rassegna Stampa Cattolica"},"image":{"@id":"https:\/\/www.rassegnastampa-totustuus.it\/cattolica\/#\/schema\/logo\/image\/"},"sameAs":["https:\/\/www.facebook.com\/rassegnastampacattolica","https:\/\/x.com\/rassegnastampa9"]},{"@type":"Person","@id":"https:\/\/www.rassegnastampa-totustuus.it\/cattolica\/#\/schema\/person\/08f319d2bd1a0904ad9e2bfb7b15e5c3","name":"Redazione","image":{"@type":"ImageObject","inLanguage":"it-IT","@id":"https:\/\/secure.gravatar.com\/avatar\/2fcdf27c78ea025fbdb44e914cc63c72249ffec9dc8aafd5c82b26240ef3f346?s=96&d=mm&r=g","url":"https:\/\/secure.gravatar.com\/avatar\/2fcdf27c78ea025fbdb44e914cc63c72249ffec9dc8aafd5c82b26240ef3f346?s=96&d=mm&r=g","contentUrl":"https:\/\/secure.gravatar.com\/avatar\/2fcdf27c78ea025fbdb44e914cc63c72249ffec9dc8aafd5c82b26240ef3f346?s=96&d=mm&r=g","caption":"Redazione"},"url":"https:\/\/www.rassegnastampa-totustuus.it\/cattolica\/author\/pietroelle\/"}]}},"_links":{"self":[{"href":"https:\/\/www.rassegnastampa-totustuus.it\/cattolica\/wp-json\/wp\/v2\/posts\/2508","targetHints":{"allow":["GET"]}}],"collection":[{"href":"https:\/\/www.rassegnastampa-totustuus.it\/cattolica\/wp-json\/wp\/v2\/posts"}],"about":[{"href":"https:\/\/www.rassegnastampa-totustuus.it\/cattolica\/wp-json\/wp\/v2\/types\/post"}],"author":[{"embeddable":true,"href":"https:\/\/www.rassegnastampa-totustuus.it\/cattolica\/wp-json\/wp\/v2\/users\/6"}],"replies":[{"embeddable":true,"href":"https:\/\/www.rassegnastampa-totustuus.it\/cattolica\/wp-json\/wp\/v2\/comments?post=2508"}],"version-history":[{"count":4,"href":"https:\/\/www.rassegnastampa-totustuus.it\/cattolica\/wp-json\/wp\/v2\/posts\/2508\/revisions"}],"predecessor-version":[{"id":28885,"href":"https:\/\/www.rassegnastampa-totustuus.it\/cattolica\/wp-json\/wp\/v2\/posts\/2508\/revisions\/28885"}],"wp:featuredmedia":[{"embeddable":true,"href":"https:\/\/www.rassegnastampa-totustuus.it\/cattolica\/wp-json\/wp\/v2\/media\/28884"}],"wp:attachment":[{"href":"https:\/\/www.rassegnastampa-totustuus.it\/cattolica\/wp-json\/wp\/v2\/media?parent=2508"}],"wp:term":[{"taxonomy":"category","embeddable":true,"href":"https:\/\/www.rassegnastampa-totustuus.it\/cattolica\/wp-json\/wp\/v2\/categories?post=2508"},{"taxonomy":"post_tag","embeddable":true,"href":"https:\/\/www.rassegnastampa-totustuus.it\/cattolica\/wp-json\/wp\/v2\/tags?post=2508"}],"curies":[{"name":"wp","href":"https:\/\/api.w.org\/{rel}","templated":true}]}}